{"id":14880,"date":"2025-03-15T15:30:41","date_gmt":"2025-03-15T14:30:41","guid":{"rendered":"https:\/\/voyage-aventure.com\/blog\/?p=14880"},"modified":"2025-03-15T15:30:41","modified_gmt":"2025-03-15T14:30:41","slug":"retard-de-letias-quand-et-comment-les-voyageurs-devront-se-preparer-dici-2027","status":"publish","type":"post","link":"https:\/\/voyage-aventure.com\/blog\/a-la-une\/retard-de-letias-quand-et-comment-les-voyageurs-devront-se-preparer-dici-2027\/","title":{"rendered":"Retard de l&rsquo;ETIAS : quand et comment les voyageurs devront se pr\u00e9parer d&rsquo;ici 2027"},"content":{"rendered":"<p>La mise en \u0153uvre de l&rsquo;ETIAS (Syst\u00e8me europ\u00e9en d&rsquo;information et d&rsquo;autorisation de voyage) est un sujet br\u00fblant pour les voyageurs non europ\u00e9ens, y compris ceux du Royaume-Uni. Pr\u00e9vu pour entrer en vigueur en 2026, son lancement a \u00e9t\u00e9 retard\u00e9, laissant de nombreux voyageurs perplexes quant aux nouvelles exigences. Cet article se penche sur ce que signifie r\u00e9ellement cette autorisation de voyage, quand les voyageurs devront s&rsquo;y conformer, et les implications de ce retard.<\/p>\n<h2>Qu&rsquo;est-ce que l&rsquo;ETIAS ?<\/h2>\n<p>Le syst\u00e8me ETIAS vise \u00e0 renforcer la s\u00e9curit\u00e9 des fronti\u00e8res europ\u00e9ennes en exigeant que les voyageurs en provenance de pays non membres de l&rsquo;UE obtiennent une autorisation avant leur s\u00e9jour dans l&rsquo;espace Schengen. Ce processus inclut la soumission d&rsquo;une demande en ligne, la fourniture de d\u00e9tails personnels, des r\u00e9ponses \u00e0 des questions de s\u00e9curit\u00e9, ainsi qu&rsquo;un paiement de 7 \u20ac. Cette autorisation, valide pour trois ans, sera directement li\u00e9e au passeport du voyageur.<\/p>\n<p>Il est important de noter que l&rsquo;ETIAS s&rsquo;appliquera \u00e0 environ 60 pays non membres de l&rsquo;UE, avec quelques exceptions. Les enfants de moins de 18 ans et les adultes de plus de 70 ans seront exempt\u00e9s de frais, mais devront tout de m\u00eame soumettre une demande d&rsquo;autorisation. Cela repr\u00e9sente une nouvelle obligation pour les voyageurs, qui devront s&rsquo;organiser \u00e0 l&rsquo;avance pour \u00e9viter les d\u00e9sagr\u00e9ments.<\/p>\n<h2>Quand les voyageurs devront-ils demander l&rsquo;ETIAS ?<\/h2>\n<p>Le lancement de l&rsquo;ETIAS est intimement li\u00e9 \u00e0 la mise en \u0153uvre du nouveau Syst\u00e8me d&rsquo;entr\u00e9e\/sortie (EES) dans l&rsquo;espace Schengen. Ce dernier ne sera op\u00e9rationnel qu&rsquo;apr\u00e8s que toutes les fronti\u00e8res, qu&rsquo;il s&rsquo;agisse d&rsquo;a\u00e9roports, de ports ou de passages terrestres, soient pr\u00eates et \u00e9quip\u00e9es de la technologie n\u00e9cessaire. Ce processus a rencontr\u00e9 plusieurs retards, ce qui a retard\u00e9 l&rsquo;introduction de l&rsquo;ETIAS.<\/p>\n<p>Selon les derni\u00e8res informations, l&rsquo;ETIAS sera op\u00e9rationnel d&rsquo;ici le dernier trimestre de 2026, avec une p\u00e9riode de gr\u00e2ce de six mois durant laquelle il ne sera pas obligatoire. Cela signifie que les voyageurs pourraient ne pas avoir \u00e0 payer la taxe d&rsquo;autorisation avant 2027, leur offrant un peu de r\u00e9pit pour se pr\u00e9parer \u00e0 ces nouvelles exigences.<\/p>\n<h2>Les implications du retard de l&rsquo;ETIAS<\/h2>\n<p>Ce retard soul\u00e8ve des questions sur la pr\u00e9paration des pays et des voyageurs. La phase de mise en \u0153uvre progressive du syst\u00e8me EES, pr\u00e9vue pour d\u00e9buter en octobre 2025, soul\u00e8ve des pr\u00e9occupations quant \u00e0 l&rsquo;efficacit\u00e9 de ces nouvelles mesures de s\u00e9curit\u00e9. Les retards peuvent \u00e9galement cr\u00e9er de l&rsquo;incertitude parmi les voyageurs qui planifient leurs voyages en Europe.<\/p>\n<blockquote><p>\n\u00ab Ce retard offre une opportunit\u00e9 aux voyageurs de se familiariser avec le syst\u00e8me ETIAS, leur permettant de s&rsquo;assurer qu&rsquo;ils sont bien pr\u00e9par\u00e9s avant leur d\u00e9part. \u00bb\n<\/p><\/blockquote>\n<p>Pour aider les voyageurs \u00e0 naviguer dans ce nouvel environnement, voici quelques conseils pratiques :<\/p>\n<ul>\n<li>V\u00e9rifiez r\u00e9guli\u00e8rement les mises \u00e0 jour officielles concernant l&rsquo;ETIAS.<\/li>\n<li>Pr\u00e9parez tous les documents n\u00e9cessaires \u00e0 l&rsquo;avance pour faciliter le processus de demande.<\/li>\n<li>Consid\u00e9rez la possibilit\u00e9 de planifier vos voyages apr\u00e8s le lancement officiel de l&rsquo;ETIAS.<\/li>\n<li>Restez inform\u00e9 sur les exceptions et les exemptions qui pourraient s&rsquo;appliquer \u00e0 votre situation.<\/li>\n<li>Anticipez d&rsquo;\u00e9ventuels frais suppl\u00e9mentaires lors de la demande.<\/li>\n<\/ul>\n<p>Avec ces nouvelles exigences en cours d&rsquo;impl\u00e9mentation dans les ann\u00e9es \u00e0 venir, il est essentiel que les voyageurs restent vigilants et bien inform\u00e9s afin de s&rsquo;assurer que leurs voyages se d\u00e9roulent sans accroc. La s\u00e9curit\u00e9 des fronti\u00e8res est primordiale, mais cela ne doit pas se faire au d\u00e9triment de la fluidit\u00e9 des voyages. Les prochaines \u00e9tapes pour le syst\u00e8me ETIAS seront cruciales pour l&rsquo;avenir des voyages en Europe.<\/p>\n","protected":false},"excerpt":{"rendered":"","protected":false},"author":34,"featured_media":20620,"comment_status":"open","ping_status":"open","sticky":false,"template":"","format":"standard","meta":{"_acf_changed":false,"manual_indexmenow":false,"indexmenow_id_project":0,"footnotes":""},"categories":[1],"tags":[4680,4636,4713,3170,4635],"class_list":["post-14880","post","type-post","status-publish","format-standard","has-post-thumbnail","hentry","category-a-la-une","tag-conseils","tag-destinations","tag-preparation","tag-securite","tag-voyage","generate-columns","tablet-grid-50","mobile-grid-100","grid-parent","grid-25"],"acf":[],"yoast_head":"<!-- This site is optimized with the Yoast SEO Premium plugin v21.3 (Yoast SEO v25.1) - https:\/\/yoast.com\/wordpress\/plugins\/seo\/ -->\n<title>Retard de l&#039;ETIAS : quand et comment les voyageurs devront<\/title>\n<meta name=\"description\" content=\"La mise en \u0153uvre de l&#039;ETIAS (Syst\u00e8me europ\u00e9en d&#039;information et d&#039;autorisation de voyage) est un sujet br\u00fblant pour les voyageurs non europ\u00e9ens, y compris\" \/>\n<meta name=\"robots\" content=\"index, follow, max-snippet:-1, max-image-preview:large, max-video-preview:-1\" \/>\n<link rel=\"canonical\" href=\"https:\/\/voyage-aventure.com\/blog\/a-la-une\/retard-de-letias-quand-et-comment-les-voyageurs-devront-se-preparer-dici-2027\/\" \/>\n<meta property=\"og:locale\" content=\"fr_FR\" \/>\n<meta property=\"og:type\" content=\"article\" \/>\n<meta property=\"og:title\" content=\"Retard de l&#039;ETIAS : quand et comment les voyageurs devront\" \/>\n<meta property=\"og:description\" content=\"La mise en \u0153uvre de l&#039;ETIAS (Syst\u00e8me europ\u00e9en d&#039;information et d&#039;autorisation de voyage) est un sujet br\u00fblant pour les voyageurs non europ\u00e9ens, y compris\" \/>\n<meta property=\"og:url\" content=\"https:\/\/voyage-aventure.com\/blog\/a-la-une\/retard-de-letias-quand-et-comment-les-voyageurs-devront-se-preparer-dici-2027\/\" \/>\n<meta property=\"og:site_name\" content=\"voyage-aventure\" \/>\n<meta property=\"og:image\" content=\"https:\/\/voyage-aventure.com\/blog\/wp-content\/uploads\/2025\/05\/sdxl-643c92be52e9446e999354383399aa60-scaled.png\" \/>\n\t<meta property=\"og:image:width\" content=\"1200\" \/>\n\t<meta property=\"og:image:height\" content=\"500\" \/>\n\t<meta property=\"og:image:type\" content=\"image\/png\" \/>\n<meta name=\"author\" content=\"Camille Rouvray\" \/>\n<meta name=\"twitter:card\" content=\"summary_large_image\" \/>\n<script type=\"application\/ld+json\" class=\"yoast-schema-graph\">{\"@context\":\"https:\/\/schema.org\",\"@graph\":[{\"@type\":\"NewsArticle\",\"@id\":\"https:\/\/voyage-aventure.com\/blog\/a-la-une\/retard-de-letias-quand-et-comment-les-voyageurs-devront-se-preparer-dici-2027\/#article\",\"isPartOf\":{\"@id\":\"https:\/\/voyage-aventure.com\/blog\/a-la-une\/retard-de-letias-quand-et-comment-les-voyageurs-devront-se-preparer-dici-2027\/\"},\"author\":{\"name\":\"Camille Rouvray\",\"@id\":\"https:\/\/voyage-aventure.com\/blog\/#\/schema\/person\/3c864cdc320801e3db34b663e7e3f816\"},\"headline\":\"Retard de l&rsquo;ETIAS : quand et comment les voyageurs devront se pr\u00e9parer d&rsquo;ici 2027\",\"datePublished\":\"2025-03-15T14:30:41+00:00\",\"mainEntityOfPage\":{\"@id\":\"https:\/\/voyage-aventure.com\/blog\/a-la-une\/retard-de-letias-quand-et-comment-les-voyageurs-devront-se-preparer-dici-2027\/\"},\"wordCount\":663,\"commentCount\":17,\"publisher\":{\"@id\":\"https:\/\/voyage-aventure.com\/blog\/#organization\"},\"image\":{\"@id\":\"https:\/\/voyage-aventure.com\/blog\/a-la-une\/retard-de-letias-quand-et-comment-les-voyageurs-devront-se-preparer-dici-2027\/#primaryimage\"},\"thumbnailUrl\":\"https:\/\/voyage-aventure.com\/blog\/wp-content\/uploads\/2025\/05\/sdxl-643c92be52e9446e999354383399aa60-scaled.png\",\"keywords\":[\"Conseils\",\"Destinations\",\"Pr\u00e9paration\",\"S\u00e9curit\u00e9\",\"Voyage\"],\"articleSection\":[\"\u00c0 la une\"],\"inLanguage\":\"fr-FR\",\"potentialAction\":[{\"@type\":\"CommentAction\",\"name\":\"Comment\",\"target\":[\"https:\/\/voyage-aventure.com\/blog\/a-la-une\/retard-de-letias-quand-et-comment-les-voyageurs-devront-se-preparer-dici-2027\/#respond\"]}]},{\"@type\":\"WebPage\",\"@id\":\"https:\/\/voyage-aventure.com\/blog\/a-la-une\/retard-de-letias-quand-et-comment-les-voyageurs-devront-se-preparer-dici-2027\/\",\"url\":\"https:\/\/voyage-aventure.com\/blog\/a-la-une\/retard-de-letias-quand-et-comment-les-voyageurs-devront-se-preparer-dici-2027\/\",\"name\":\"Retard de l'ETIAS : quand et comment les voyageurs devront\",\"isPartOf\":{\"@id\":\"https:\/\/voyage-aventure.com\/blog\/#website\"},\"primaryImageOfPage\":{\"@id\":\"https:\/\/voyage-aventure.com\/blog\/a-la-une\/retard-de-letias-quand-et-comment-les-voyageurs-devront-se-preparer-dici-2027\/#primaryimage\"},\"image\":{\"@id\":\"https:\/\/voyage-aventure.com\/blog\/a-la-une\/retard-de-letias-quand-et-comment-les-voyageurs-devront-se-preparer-dici-2027\/#primaryimage\"},\"thumbnailUrl\":\"https:\/\/voyage-aventure.com\/blog\/wp-content\/uploads\/2025\/05\/sdxl-643c92be52e9446e999354383399aa60-scaled.png\",\"datePublished\":\"2025-03-15T14:30:41+00:00\",\"description\":\"La mise en \u0153uvre de l'ETIAS (Syst\u00e8me europ\u00e9en d'information et d'autorisation de voyage) est un sujet br\u00fblant pour les voyageurs non europ\u00e9ens, y compris\",\"inLanguage\":\"fr-FR\",\"potentialAction\":[{\"@type\":\"ReadAction\",\"target\":[\"https:\/\/voyage-aventure.com\/blog\/a-la-une\/retard-de-letias-quand-et-comment-les-voyageurs-devront-se-preparer-dici-2027\/\"]}]},{\"@type\":\"ImageObject\",\"inLanguage\":\"fr-FR\",\"@id\":\"https:\/\/voyage-aventure.com\/blog\/a-la-une\/retard-de-letias-quand-et-comment-les-voyageurs-devront-se-preparer-dici-2027\/#primaryimage\",\"url\":\"https:\/\/voyage-aventure.com\/blog\/wp-content\/uploads\/2025\/05\/sdxl-643c92be52e9446e999354383399aa60-scaled.png\",\"contentUrl\":\"https:\/\/voyage-aventure.com\/blog\/wp-content\/uploads\/2025\/05\/sdxl-643c92be52e9446e999354383399aa60-scaled.png\",\"width\":1200,\"height\":500},{\"@type\":\"WebSite\",\"@id\":\"https:\/\/voyage-aventure.com\/blog\/#website\",\"url\":\"https:\/\/voyage-aventure.com\/blog\/\",\"name\":\"voyage-aventure.com\",\"description\":\"Votre passeport pour l\u2019inattendu.\",\"publisher\":{\"@id\":\"https:\/\/voyage-aventure.com\/blog\/#organization\"},\"alternateName\":\"Votre passeport pour l\u2019inattendu.\",\"potentialAction\":[{\"@type\":\"SearchAction\",\"target\":{\"@type\":\"EntryPoint\",\"urlTemplate\":\"https:\/\/voyage-aventure.com\/blog\/?s={search_term_string}\"},\"query-input\":{\"@type\":\"PropertyValueSpecification\",\"valueRequired\":true,\"valueName\":\"search_term_string\"}}],\"inLanguage\":\"fr-FR\"},{\"@type\":\"Organization\",\"@id\":\"https:\/\/voyage-aventure.com\/blog\/#organization\",\"name\":\"Foretsensations.fr\",\"url\":\"https:\/\/voyage-aventure.com\/blog\/\",\"logo\":{\"@type\":\"ImageObject\",\"inLanguage\":\"fr-FR\",\"@id\":\"https:\/\/voyage-aventure.com\/blog\/#\/schema\/logo\/image\/\",\"url\":\"https:\/\/voyage-aventure.com\/blog\/wp-content\/uploads\/2024\/12\/19.png\",\"contentUrl\":\"https:\/\/voyage-aventure.com\/blog\/wp-content\/uploads\/2024\/12\/19.png\",\"width\":512,\"height\":512,\"caption\":\"Foretsensations.fr\"},\"image\":{\"@id\":\"https:\/\/voyage-aventure.com\/blog\/#\/schema\/logo\/image\/\"}},{\"@type\":\"Person\",\"@id\":\"https:\/\/voyage-aventure.com\/blog\/#\/schema\/person\/3c864cdc320801e3db34b663e7e3f816\",\"name\":\"Camille Rouvray\",\"image\":{\"@type\":\"ImageObject\",\"inLanguage\":\"fr-FR\",\"@id\":\"https:\/\/voyage-aventure.com\/blog\/#\/schema\/person\/image\/\",\"url\":\"https:\/\/voyage-aventure.com\/blog\/wp-content\/uploads\/2026\/06\/persona_camille-r-96x96.jpg\",\"contentUrl\":\"https:\/\/voyage-aventure.com\/blog\/wp-content\/uploads\/2026\/06\/persona_camille-r-96x96.jpg\",\"caption\":\"Camille Rouvray\"},\"description\":\"Je voyage et j'\u00e9cris sur le voyage depuis une douzaine d'ann\u00e9es, d'abord en tant que routarde au long cours, puis comme r\u00e9dactrice sp\u00e9cialis\u00e9e. Mon terrain de pr\u00e9dilection, ce sont les circuits organis\u00e9s et l'art de bien pr\u00e9parer un itin\u00e9raire : choix de la saison, dur\u00e9e r\u00e9aliste des \u00e9tapes, budget jour par jour, logement et transport sur place. J'aime aussi raconter les p\u00e9pites urbaines, ces adresses qu'on ne trouve pas dans les guides classiques. Avant de publier un dossier destination, je croise toujours plusieurs sources, je v\u00e9rifie les tarifs et les formalit\u00e9s d'entr\u00e9e \u00e0 jour, et je teste moi-m\u00eame quand je le peux. Mon angle reste pratique avant tout : aider le lecteur \u00e0 partir l'esprit tranquille, sans mauvaise surprise une fois sur place. Je m'attache \u00e0 distinguer le coup de c\u0153ur sinc\u00e8re du simple argument marketing.\",\"sameAs\":[\"https:\/\/camillerouvray.fr\/\"],\"url\":\"https:\/\/voyage-aventure.com\/blog\/auteur\/noname\/\"}]}<\/script>\n<!-- \/ Yoast SEO Premium plugin. -->","yoast_head_json":{"title":"Retard de l'ETIAS : quand et comment les voyageurs devront","description":"La mise en \u0153uvre de l'ETIAS (Syst\u00e8me europ\u00e9en d'information et d'autorisation de voyage) est un sujet br\u00fblant pour les voyageurs non europ\u00e9ens, y compris","robots":{"index":"index","follow":"follow","max-snippet":"max-snippet:-1","max-image-preview":"max-image-preview:large","max-video-preview":"max-video-preview:-1"},"canonical":"https:\/\/voyage-aventure.com\/blog\/a-la-une\/retard-de-letias-quand-et-comment-les-voyageurs-devront-se-preparer-dici-2027\/","og_locale":"fr_FR","og_type":"article","og_title":"Retard de l'ETIAS : quand et comment les voyageurs devront","og_description":"La mise en \u0153uvre de l'ETIAS (Syst\u00e8me europ\u00e9en d'information et d'autorisation de voyage) est un sujet br\u00fblant pour les voyageurs non europ\u00e9ens, y compris","og_url":"https:\/\/voyage-aventure.com\/blog\/a-la-une\/retard-de-letias-quand-et-comment-les-voyageurs-devront-se-preparer-dici-2027\/","og_site_name":"voyage-aventure","og_image":[{"width":1200,"height":500,"url":"https:\/\/voyage-aventure.com\/blog\/wp-content\/uploads\/2025\/05\/sdxl-643c92be52e9446e999354383399aa60-scaled.png","type":"image\/png"}],"author":"Camille Rouvray","twitter_card":"summary_large_image","schema":{"@context":"https:\/\/schema.org","@graph":[{"@type":"NewsArticle","@id":"https:\/\/voyage-aventure.com\/blog\/a-la-une\/retard-de-letias-quand-et-comment-les-voyageurs-devront-se-preparer-dici-2027\/#article","isPartOf":{"@id":"https:\/\/voyage-aventure.com\/blog\/a-la-une\/retard-de-letias-quand-et-comment-les-voyageurs-devront-se-preparer-dici-2027\/"},"author":{"name":"Camille Rouvray","@id":"https:\/\/voyage-aventure.com\/blog\/#\/schema\/person\/3c864cdc320801e3db34b663e7e3f816"},"headline":"Retard de l&rsquo;ETIAS : quand et comment les voyageurs devront se pr\u00e9parer d&rsquo;ici 2027","datePublished":"2025-03-15T14:30:41+00:00","mainEntityOfPage":{"@id":"https:\/\/voyage-aventure.com\/blog\/a-la-une\/retard-de-letias-quand-et-comment-les-voyageurs-devront-se-preparer-dici-2027\/"},"wordCount":663,"commentCount":17,"publisher":{"@id":"https:\/\/voyage-aventure.com\/blog\/#organization"},"image":{"@id":"https:\/\/voyage-aventure.com\/blog\/a-la-une\/retard-de-letias-quand-et-comment-les-voyageurs-devront-se-preparer-dici-2027\/#primaryimage"},"thumbnailUrl":"https:\/\/voyage-aventure.com\/blog\/wp-content\/uploads\/2025\/05\/sdxl-643c92be52e9446e999354383399aa60-scaled.png","keywords":["Conseils","Destinations","Pr\u00e9paration","S\u00e9curit\u00e9","Voyage"],"articleSection":["\u00c0 la une"],"inLanguage":"fr-FR","potentialAction":[{"@type":"CommentAction","name":"Comment","target":["https:\/\/voyage-aventure.com\/blog\/a-la-une\/retard-de-letias-quand-et-comment-les-voyageurs-devront-se-preparer-dici-2027\/#respond"]}]},{"@type":"WebPage","@id":"https:\/\/voyage-aventure.com\/blog\/a-la-une\/retard-de-letias-quand-et-comment-les-voyageurs-devront-se-preparer-dici-2027\/","url":"https:\/\/voyage-aventure.com\/blog\/a-la-une\/retard-de-letias-quand-et-comment-les-voyageurs-devront-se-preparer-dici-2027\/","name":"Retard de l'ETIAS : quand et comment les voyageurs devront","isPartOf":{"@id":"https:\/\/voyage-aventure.com\/blog\/#website"},"primaryImageOfPage":{"@id":"https:\/\/voyage-aventure.com\/blog\/a-la-une\/retard-de-letias-quand-et-comment-les-voyageurs-devront-se-preparer-dici-2027\/#primaryimage"},"image":{"@id":"https:\/\/voyage-aventure.com\/blog\/a-la-une\/retard-de-letias-quand-et-comment-les-voyageurs-devront-se-preparer-dici-2027\/#primaryimage"},"thumbnailUrl":"https:\/\/voyage-aventure.com\/blog\/wp-content\/uploads\/2025\/05\/sdxl-643c92be52e9446e999354383399aa60-scaled.png","datePublished":"2025-03-15T14:30:41+00:00","description":"La mise en \u0153uvre de l'ETIAS (Syst\u00e8me europ\u00e9en d'information et d'autorisation de voyage) est un sujet br\u00fblant pour les voyageurs non europ\u00e9ens, y compris","inLanguage":"fr-FR","potentialAction":[{"@type":"ReadAction","target":["https:\/\/voyage-aventure.com\/blog\/a-la-une\/retard-de-letias-quand-et-comment-les-voyageurs-devront-se-preparer-dici-2027\/"]}]},{"@type":"ImageObject","inLanguage":"fr-FR","@id":"https:\/\/voyage-aventure.com\/blog\/a-la-une\/retard-de-letias-quand-et-comment-les-voyageurs-devront-se-preparer-dici-2027\/#primaryimage","url":"https:\/\/voyage-aventure.com\/blog\/wp-content\/uploads\/2025\/05\/sdxl-643c92be52e9446e999354383399aa60-scaled.png","contentUrl":"https:\/\/voyage-aventure.com\/blog\/wp-content\/uploads\/2025\/05\/sdxl-643c92be52e9446e999354383399aa60-scaled.png","width":1200,"height":500},{"@type":"WebSite","@id":"https:\/\/voyage-aventure.com\/blog\/#website","url":"https:\/\/voyage-aventure.com\/blog\/","name":"voyage-aventure.com","description":"Votre passeport pour l\u2019inattendu.","publisher":{"@id":"https:\/\/voyage-aventure.com\/blog\/#organization"},"alternateName":"Votre passeport pour l\u2019inattendu.","potentialAction":[{"@type":"SearchAction","target":{"@type":"EntryPoint","urlTemplate":"https:\/\/voyage-aventure.com\/blog\/?s={search_term_string}"},"query-input":{"@type":"PropertyValueSpecification","valueRequired":true,"valueName":"search_term_string"}}],"inLanguage":"fr-FR"},{"@type":"Organization","@id":"https:\/\/voyage-aventure.com\/blog\/#organization","name":"Foretsensations.fr","url":"https:\/\/voyage-aventure.com\/blog\/","logo":{"@type":"ImageObject","inLanguage":"fr-FR","@id":"https:\/\/voyage-aventure.com\/blog\/#\/schema\/logo\/image\/","url":"https:\/\/voyage-aventure.com\/blog\/wp-content\/uploads\/2024\/12\/19.png","contentUrl":"https:\/\/voyage-aventure.com\/blog\/wp-content\/uploads\/2024\/12\/19.png","width":512,"height":512,"caption":"Foretsensations.fr"},"image":{"@id":"https:\/\/voyage-aventure.com\/blog\/#\/schema\/logo\/image\/"}},{"@type":"Person","@id":"https:\/\/voyage-aventure.com\/blog\/#\/schema\/person\/3c864cdc320801e3db34b663e7e3f816","name":"Camille Rouvray","image":{"@type":"ImageObject","inLanguage":"fr-FR","@id":"https:\/\/voyage-aventure.com\/blog\/#\/schema\/person\/image\/","url":"https:\/\/voyage-aventure.com\/blog\/wp-content\/uploads\/2026\/06\/persona_camille-r-96x96.jpg","contentUrl":"https:\/\/voyage-aventure.com\/blog\/wp-content\/uploads\/2026\/06\/persona_camille-r-96x96.jpg","caption":"Camille Rouvray"},"description":"Je voyage et j'\u00e9cris sur le voyage depuis une douzaine d'ann\u00e9es, d'abord en tant que routarde au long cours, puis comme r\u00e9dactrice sp\u00e9cialis\u00e9e. Mon terrain de pr\u00e9dilection, ce sont les circuits organis\u00e9s et l'art de bien pr\u00e9parer un itin\u00e9raire : choix de la saison, dur\u00e9e r\u00e9aliste des \u00e9tapes, budget jour par jour, logement et transport sur place. J'aime aussi raconter les p\u00e9pites urbaines, ces adresses qu'on ne trouve pas dans les guides classiques. Avant de publier un dossier destination, je croise toujours plusieurs sources, je v\u00e9rifie les tarifs et les formalit\u00e9s d'entr\u00e9e \u00e0 jour, et je teste moi-m\u00eame quand je le peux. Mon angle reste pratique avant tout : aider le lecteur \u00e0 partir l'esprit tranquille, sans mauvaise surprise une fois sur place. Je m'attache \u00e0 distinguer le coup de c\u0153ur sinc\u00e8re du simple argument marketing.","sameAs":["https:\/\/camillerouvray.fr\/"],"url":"https:\/\/voyage-aventure.com\/blog\/auteur\/noname\/"}]}},"_links":{"self":[{"href":"https:\/\/voyage-aventure.com\/blog\/wp-json\/wp\/v2\/posts\/14880","targetHints":{"allow":["GET"]}}],"collection":[{"href":"https:\/\/voyage-aventure.com\/blog\/wp-json\/wp\/v2\/posts"}],"about":[{"href":"https:\/\/voyage-aventure.com\/blog\/wp-json\/wp\/v2\/types\/post"}],"author":[{"embeddable":true,"href":"https:\/\/voyage-aventure.com\/blog\/wp-json\/wp\/v2\/users\/34"}],"replies":[{"embeddable":true,"href":"https:\/\/voyage-aventure.com\/blog\/wp-json\/wp\/v2\/comments?post=14880"}],"version-history":[{"count":1,"href":"https:\/\/voyage-aventure.com\/blog\/wp-json\/wp\/v2\/posts\/14880\/revisions"}],"predecessor-version":[{"id":14941,"href":"https:\/\/voyage-aventure.com\/blog\/wp-json\/wp\/v2\/posts\/14880\/revisions\/14941"}],"wp:featuredmedia":[{"embeddable":true,"href":"https:\/\/voyage-aventure.com\/blog\/wp-json\/wp\/v2\/media\/20620"}],"wp:attachment":[{"href":"https:\/\/voyage-aventure.com\/blog\/wp-json\/wp\/v2\/media?parent=14880"}],"wp:term":[{"taxonomy":"category","embeddable":true,"href":"https:\/\/voyage-aventure.com\/blog\/wp-json\/wp\/v2\/categories?post=14880"},{"taxonomy":"post_tag","embeddable":true,"href":"https:\/\/voyage-aventure.com\/blog\/wp-json\/wp\/v2\/tags?post=14880"}],"curies":[{"name":"wp","href":"https:\/\/api.w.org\/{rel}","templated":true}]}}