{"id":14854,"date":"2025-03-14T23:08:09","date_gmt":"2025-03-14T22:08:09","guid":{"rendered":"https:\/\/voyage-aventure.com\/blog\/?p=14854"},"modified":"2025-03-14T23:08:09","modified_gmt":"2025-03-14T22:08:09","slug":"la-peur-de-lavion-monte-chez-les-voyageurs-mais-la-securite-reste-intacte","status":"publish","type":"post","link":"https:\/\/voyage-aventure.com\/blog\/a-la-une\/la-peur-de-lavion-monte-chez-les-voyageurs-mais-la-securite-reste-intacte\/","title":{"rendered":"La peur de l&rsquo;avion monte chez les voyageurs, mais la s\u00e9curit\u00e9 reste intacte"},"content":{"rendered":"<h2>Une inqui\u00e9tude croissante parmi les passagers<\/h2>\n<p>La peur de prendre l&rsquo;avion est un ph\u00e9nom\u00e8ne qui touche de plus en plus de voyageurs am\u00e9ricains. Selon un sondage r\u00e9cent, 36 % des personnes interrog\u00e9es ont d\u00e9clar\u00e9 que leur anxi\u00e9t\u00e9 concernant les vols les avait pouss\u00e9es \u00e0 modifier leurs projets de voyage. La r\u00e9currence d&rsquo;incidents a\u00e9riens a contribu\u00e9 \u00e0 cette inqui\u00e9tude croissante.<\/p>\n<p>Les r\u00e9sultats d&rsquo;une enqu\u00eate men\u00e9e par The Points Guy et Harris Poll r\u00e9v\u00e8lent que 65 % des Am\u00e9ricains se sentent plus nerveux \u00e0 l\u2019id\u00e9e de voler depuis plusieurs incidents notables. Parmi eux, un quart affirme \u00eatre beaucoup plus anxieux qu\u2019auparavant. Cette situation a pouss\u00e9 de nombreux passagers \u00e0 envisager d&rsquo;autres modes de transport.<\/p>\n<p><iframe loading=\"lazy\" title=\"Alerte s\u00e9curit\u00e9 : dans les coulisses des plus grands a\u00e9roports de France\" width=\"1200\" height=\"675\" src=\"https:\/\/www.youtube.com\/embed\/Z5MCoyUaSU0?feature=oembed\" frameborder=\"0\" allow=\"accelerometer; autoplay; clipboard-write; encrypted-media; gyroscope; picture-in-picture; web-share\" referrerpolicy=\"strict-origin-when-cross-origin\" allowfullscreen><\/iframe><\/p>\n<h2>Des incidents marquants ayant un impact sur la confiance<\/h2>\n<p>Le sondage a \u00e9t\u00e9 r\u00e9alis\u00e9 \u00e0 la suite de plusieurs incidents graves, comme la collision tragique entre un avion American Airlines et un h\u00e9licopt\u00e8re militaire. D&rsquo;autres \u00e9v\u00e9nements, tels qu&rsquo;un atterrissage d&rsquo;urgence d&rsquo;un vol Delta \u00e0 Toronto, ont \u00e9galement renforc\u00e9 cette inqui\u00e9tude. Ces \u00e9v\u00e9nements ont incit\u00e9 certains \u00e0 reconsid\u00e9rer leurs projets de voyage.<\/p>\n<p>Ellie Finley, une voyageuse, a partag\u00e9 son exp\u00e9rience, affirmant qu&rsquo;elle avait d\u00e9cid\u00e9 de reporter un voyage \u00e0 cause de la situation incertaine. Delta Air Lines a \u00e9galement not\u00e9 une baisse des ventes de billets, ce qui t\u00e9moigne de l&rsquo;impact de ces incidents sur le comportement des consommateurs.<\/p>\n<h2>Une s\u00e9curit\u00e9 a\u00e9rienne toujours au rendez-vous<\/h2>\n<p>Malgr\u00e9 ces inqui\u00e9tudes, les chiffres de la Transportation Security Administration montrent que le nombre de passagers contr\u00f4l\u00e9s reste stable par rapport \u00e0 l&rsquo;ann\u00e9e pr\u00e9c\u00e9dente. L&rsquo;agence pr\u00e9voit m\u00eame d&rsquo;accueillir plus de 50 millions de voyageurs durant la p\u00e9riode des vacances de printemps, soit une augmentation de plus de 5 %. Cela prouve que de nombreux passagers continuent de faire confiance \u00e0 l&rsquo;aviation.<\/p>\n<p>Randy Babbitt, ancien administrateur de la FAA, affirme que l&rsquo;aviation reste l\u2019un des moyens les plus s\u00fbrs de transporter des personnes. Il souligne que le syst\u00e8me actuel, malgr\u00e9 les r\u00e9cents incidents, est toujours tr\u00e8s fiable et que les enqu\u00eates en cours ne feront qu&rsquo;am\u00e9liorer la s\u00e9curit\u00e9 des vols.<\/p>\n<ul>\n<li>36 % des Am\u00e9ricains ont chang\u00e9 leurs projets de voyage \u00e0 cause de la peur de voler.<\/li>\n<li>65 % des personnes interrog\u00e9es se sentent plus nerveuses \u00e0 l\u2019id\u00e9e de prendre l\u2019avion.<\/li>\n<li>72 % croient que voyager en avion est s\u00fbr.<\/li>\n<li>Les incidents r\u00e9cents ont entra\u00een\u00e9 une baisse temporaire de la confiance des consommateurs.<\/li>\n<li>Les chiffres de s\u00e9curit\u00e9 montrent une stabilit\u00e9 dans le nombre de passagers contr\u00f4l\u00e9s.<\/li>\n<\/ul>\n<blockquote><p>\n\u00ab\u00a0Je ne pense pas que le syst\u00e8me soit dangereux du tout,\u00a0\u00bb a d\u00e9clar\u00e9 Randy Babbitt. \u00ab\u00a0Je pense que c&rsquo;est de loin le syst\u00e8me le plus s\u00fbr pour transporter des personnes.\u00a0\u00bb\n<\/p><\/blockquote>\n<p>Les experts en aviation affirment que la s\u00e9curit\u00e9 des vols ne doit pas \u00eatre remise en question. En fait, il y a eu moins d&rsquo;accidents a\u00e9riens cette ann\u00e9e par rapport \u00e0 l&rsquo;ann\u00e9e pr\u00e9c\u00e9dente. Les r\u00e9cents incidents pourraient inciter les autorit\u00e9s \u00e0 renforcer les mesures de s\u00e9curit\u00e9, contribuant ainsi \u00e0 une aviation encore plus s\u00fbre pour tous les passagers.<\/p>\n<p>En somme, bien que l&rsquo;anxi\u00e9t\u00e9 li\u00e9e aux voyages a\u00e9riens augmente chez certains, les faits montrent que voler reste un moyen de transport tr\u00e8s s\u00e9curis\u00e9. Les passagers doivent se rappeler que l&rsquo;aviation b\u00e9n\u00e9ficie de normes de s\u00e9curit\u00e9 rigoureuses et que les autorit\u00e9s travaillent constamment \u00e0 l&rsquo;am\u00e9lioration de la s\u00e9curit\u00e9 a\u00e9rienne. La peur est naturelle, mais il est essentiel de se fier aux donn\u00e9es et aux experts pour aborder le vol avec confiance.<\/p>\n","protected":false},"excerpt":{"rendered":"","protected":false},"author":34,"featured_media":20460,"comment_status":"open","ping_status":"open","sticky":false,"template":"","format":"standard","meta":{"_acf_changed":false,"manual_indexmenow":false,"indexmenow_id_project":0,"footnotes":""},"categories":[1],"tags":[4646,4636,4713,3170,4635],"class_list":["post-14854","post","type-post","status-publish","format-standard","has-post-thumbnail","hentry","category-a-la-une","tag-assistance","tag-destinations","tag-preparation","tag-securite","tag-voyage","generate-columns","tablet-grid-50","mobile-grid-100","grid-parent","grid-25"],"acf":[],"yoast_head":"<!-- This site is optimized with the Yoast SEO Premium plugin v21.3 (Yoast SEO v25.1) - https:\/\/yoast.com\/wordpress\/plugins\/seo\/ -->\n<title>La peur de l&#039;avion monte chez les voyageurs, mais la<\/title>\n<meta name=\"description\" content=\"La peur de prendre l&#039;avion est un ph\u00e9nom\u00e8ne qui touche de plus en plus de voyageurs am\u00e9ricains. Selon un sondage r\u00e9cent, 36 % des personnes interrog\u00e9es\" \/>\n<meta name=\"robots\" content=\"index, follow, max-snippet:-1, max-image-preview:large, max-video-preview:-1\" \/>\n<link rel=\"canonical\" href=\"https:\/\/voyage-aventure.com\/blog\/a-la-une\/la-peur-de-lavion-monte-chez-les-voyageurs-mais-la-securite-reste-intacte\/\" \/>\n<meta property=\"og:locale\" content=\"fr_FR\" \/>\n<meta property=\"og:type\" content=\"article\" \/>\n<meta property=\"og:title\" content=\"La peur de l&#039;avion monte chez les voyageurs, mais la\" \/>\n<meta property=\"og:description\" content=\"La peur de prendre l&#039;avion est un ph\u00e9nom\u00e8ne qui touche de plus en plus de voyageurs am\u00e9ricains. Selon un sondage r\u00e9cent, 36 % des personnes interrog\u00e9es\" \/>\n<meta property=\"og:url\" content=\"https:\/\/voyage-aventure.com\/blog\/a-la-une\/la-peur-de-lavion-monte-chez-les-voyageurs-mais-la-securite-reste-intacte\/\" \/>\n<meta property=\"og:site_name\" content=\"voyage-aventure\" \/>\n<meta property=\"og:image\" content=\"https:\/\/voyage-aventure.com\/blog\/wp-content\/uploads\/2025\/05\/sdxl-eec33b30cadac4ee219c4137e96fad85-scaled.png\" \/>\n\t<meta property=\"og:image:width\" content=\"1200\" \/>\n\t<meta property=\"og:image:height\" content=\"500\" \/>\n\t<meta property=\"og:image:type\" content=\"image\/png\" \/>\n<meta name=\"author\" content=\"Camille Rouvray\" \/>\n<meta name=\"twitter:card\" content=\"summary_large_image\" \/>\n<script type=\"application\/ld+json\" class=\"yoast-schema-graph\">{\"@context\":\"https:\/\/schema.org\",\"@graph\":[{\"@type\":\"NewsArticle\",\"@id\":\"https:\/\/voyage-aventure.com\/blog\/a-la-une\/la-peur-de-lavion-monte-chez-les-voyageurs-mais-la-securite-reste-intacte\/#article\",\"isPartOf\":{\"@id\":\"https:\/\/voyage-aventure.com\/blog\/a-la-une\/la-peur-de-lavion-monte-chez-les-voyageurs-mais-la-securite-reste-intacte\/\"},\"author\":{\"name\":\"Camille Rouvray\",\"@id\":\"https:\/\/voyage-aventure.com\/blog\/#\/schema\/person\/3c864cdc320801e3db34b663e7e3f816\"},\"headline\":\"La peur de l&rsquo;avion monte chez les voyageurs, mais la s\u00e9curit\u00e9 reste intacte\",\"datePublished\":\"2025-03-14T22:08:09+00:00\",\"mainEntityOfPage\":{\"@id\":\"https:\/\/voyage-aventure.com\/blog\/a-la-une\/la-peur-de-lavion-monte-chez-les-voyageurs-mais-la-securite-reste-intacte\/\"},\"wordCount\":661,\"commentCount\":21,\"publisher\":{\"@id\":\"https:\/\/voyage-aventure.com\/blog\/#organization\"},\"image\":{\"@id\":\"https:\/\/voyage-aventure.com\/blog\/a-la-une\/la-peur-de-lavion-monte-chez-les-voyageurs-mais-la-securite-reste-intacte\/#primaryimage\"},\"thumbnailUrl\":\"https:\/\/voyage-aventure.com\/blog\/wp-content\/uploads\/2025\/05\/sdxl-eec33b30cadac4ee219c4137e96fad85-scaled.png\",\"keywords\":[\"Assistance\",\"Destinations\",\"Pr\u00e9paration\",\"S\u00e9curit\u00e9\",\"Voyage\"],\"articleSection\":[\"\u00c0 la une\"],\"inLanguage\":\"fr-FR\",\"potentialAction\":[{\"@type\":\"CommentAction\",\"name\":\"Comment\",\"target\":[\"https:\/\/voyage-aventure.com\/blog\/a-la-une\/la-peur-de-lavion-monte-chez-les-voyageurs-mais-la-securite-reste-intacte\/#respond\"]}]},{\"@type\":\"WebPage\",\"@id\":\"https:\/\/voyage-aventure.com\/blog\/a-la-une\/la-peur-de-lavion-monte-chez-les-voyageurs-mais-la-securite-reste-intacte\/\",\"url\":\"https:\/\/voyage-aventure.com\/blog\/a-la-une\/la-peur-de-lavion-monte-chez-les-voyageurs-mais-la-securite-reste-intacte\/\",\"name\":\"La peur de l'avion monte chez les voyageurs, mais la\",\"isPartOf\":{\"@id\":\"https:\/\/voyage-aventure.com\/blog\/#website\"},\"primaryImageOfPage\":{\"@id\":\"https:\/\/voyage-aventure.com\/blog\/a-la-une\/la-peur-de-lavion-monte-chez-les-voyageurs-mais-la-securite-reste-intacte\/#primaryimage\"},\"image\":{\"@id\":\"https:\/\/voyage-aventure.com\/blog\/a-la-une\/la-peur-de-lavion-monte-chez-les-voyageurs-mais-la-securite-reste-intacte\/#primaryimage\"},\"thumbnailUrl\":\"https:\/\/voyage-aventure.com\/blog\/wp-content\/uploads\/2025\/05\/sdxl-eec33b30cadac4ee219c4137e96fad85-scaled.png\",\"datePublished\":\"2025-03-14T22:08:09+00:00\",\"description\":\"La peur de prendre l'avion est un ph\u00e9nom\u00e8ne qui touche de plus en plus de voyageurs am\u00e9ricains. Selon un sondage r\u00e9cent, 36 % des personnes interrog\u00e9es\",\"inLanguage\":\"fr-FR\",\"potentialAction\":[{\"@type\":\"ReadAction\",\"target\":[\"https:\/\/voyage-aventure.com\/blog\/a-la-une\/la-peur-de-lavion-monte-chez-les-voyageurs-mais-la-securite-reste-intacte\/\"]}]},{\"@type\":\"ImageObject\",\"inLanguage\":\"fr-FR\",\"@id\":\"https:\/\/voyage-aventure.com\/blog\/a-la-une\/la-peur-de-lavion-monte-chez-les-voyageurs-mais-la-securite-reste-intacte\/#primaryimage\",\"url\":\"https:\/\/voyage-aventure.com\/blog\/wp-content\/uploads\/2025\/05\/sdxl-eec33b30cadac4ee219c4137e96fad85-scaled.png\",\"contentUrl\":\"https:\/\/voyage-aventure.com\/blog\/wp-content\/uploads\/2025\/05\/sdxl-eec33b30cadac4ee219c4137e96fad85-scaled.png\",\"width\":1200,\"height\":500},{\"@type\":\"WebSite\",\"@id\":\"https:\/\/voyage-aventure.com\/blog\/#website\",\"url\":\"https:\/\/voyage-aventure.com\/blog\/\",\"name\":\"voyage-aventure.com\",\"description\":\"Votre passeport pour l\u2019inattendu.\",\"publisher\":{\"@id\":\"https:\/\/voyage-aventure.com\/blog\/#organization\"},\"alternateName\":\"Votre passeport pour l\u2019inattendu.\",\"potentialAction\":[{\"@type\":\"SearchAction\",\"target\":{\"@type\":\"EntryPoint\",\"urlTemplate\":\"https:\/\/voyage-aventure.com\/blog\/?s={search_term_string}\"},\"query-input\":{\"@type\":\"PropertyValueSpecification\",\"valueRequired\":true,\"valueName\":\"search_term_string\"}}],\"inLanguage\":\"fr-FR\"},{\"@type\":\"Organization\",\"@id\":\"https:\/\/voyage-aventure.com\/blog\/#organization\",\"name\":\"Foretsensations.fr\",\"url\":\"https:\/\/voyage-aventure.com\/blog\/\",\"logo\":{\"@type\":\"ImageObject\",\"inLanguage\":\"fr-FR\",\"@id\":\"https:\/\/voyage-aventure.com\/blog\/#\/schema\/logo\/image\/\",\"url\":\"https:\/\/voyage-aventure.com\/blog\/wp-content\/uploads\/2024\/12\/19.png\",\"contentUrl\":\"https:\/\/voyage-aventure.com\/blog\/wp-content\/uploads\/2024\/12\/19.png\",\"width\":512,\"height\":512,\"caption\":\"Foretsensations.fr\"},\"image\":{\"@id\":\"https:\/\/voyage-aventure.com\/blog\/#\/schema\/logo\/image\/\"}},{\"@type\":\"Person\",\"@id\":\"https:\/\/voyage-aventure.com\/blog\/#\/schema\/person\/3c864cdc320801e3db34b663e7e3f816\",\"name\":\"Camille Rouvray\",\"image\":{\"@type\":\"ImageObject\",\"inLanguage\":\"fr-FR\",\"@id\":\"https:\/\/voyage-aventure.com\/blog\/#\/schema\/person\/image\/\",\"url\":\"https:\/\/voyage-aventure.com\/blog\/wp-content\/uploads\/2026\/06\/persona_camille-r-96x96.jpg\",\"contentUrl\":\"https:\/\/voyage-aventure.com\/blog\/wp-content\/uploads\/2026\/06\/persona_camille-r-96x96.jpg\",\"caption\":\"Camille Rouvray\"},\"description\":\"Je voyage et j'\u00e9cris sur le voyage depuis une douzaine d'ann\u00e9es, d'abord en tant que routarde au long cours, puis comme r\u00e9dactrice sp\u00e9cialis\u00e9e. Mon terrain de pr\u00e9dilection, ce sont les circuits organis\u00e9s et l'art de bien pr\u00e9parer un itin\u00e9raire : choix de la saison, dur\u00e9e r\u00e9aliste des \u00e9tapes, budget jour par jour, logement et transport sur place. J'aime aussi raconter les p\u00e9pites urbaines, ces adresses qu'on ne trouve pas dans les guides classiques. Avant de publier un dossier destination, je croise toujours plusieurs sources, je v\u00e9rifie les tarifs et les formalit\u00e9s d'entr\u00e9e \u00e0 jour, et je teste moi-m\u00eame quand je le peux. Mon angle reste pratique avant tout : aider le lecteur \u00e0 partir l'esprit tranquille, sans mauvaise surprise une fois sur place. Je m'attache \u00e0 distinguer le coup de c\u0153ur sinc\u00e8re du simple argument marketing.\",\"sameAs\":[\"https:\/\/camillerouvray.fr\/\"],\"url\":\"https:\/\/voyage-aventure.com\/blog\/auteur\/noname\/\"}]}<\/script>\n<!-- \/ Yoast SEO Premium plugin. -->","yoast_head_json":{"title":"La peur de l'avion monte chez les voyageurs, mais la","description":"La peur de prendre l'avion est un ph\u00e9nom\u00e8ne qui touche de plus en plus de voyageurs am\u00e9ricains. Selon un sondage r\u00e9cent, 36 % des personnes interrog\u00e9es","robots":{"index":"index","follow":"follow","max-snippet":"max-snippet:-1","max-image-preview":"max-image-preview:large","max-video-preview":"max-video-preview:-1"},"canonical":"https:\/\/voyage-aventure.com\/blog\/a-la-une\/la-peur-de-lavion-monte-chez-les-voyageurs-mais-la-securite-reste-intacte\/","og_locale":"fr_FR","og_type":"article","og_title":"La peur de l'avion monte chez les voyageurs, mais la","og_description":"La peur de prendre l'avion est un ph\u00e9nom\u00e8ne qui touche de plus en plus de voyageurs am\u00e9ricains. Selon un sondage r\u00e9cent, 36 % des personnes interrog\u00e9es","og_url":"https:\/\/voyage-aventure.com\/blog\/a-la-une\/la-peur-de-lavion-monte-chez-les-voyageurs-mais-la-securite-reste-intacte\/","og_site_name":"voyage-aventure","og_image":[{"width":1200,"height":500,"url":"https:\/\/voyage-aventure.com\/blog\/wp-content\/uploads\/2025\/05\/sdxl-eec33b30cadac4ee219c4137e96fad85-scaled.png","type":"image\/png"}],"author":"Camille Rouvray","twitter_card":"summary_large_image","schema":{"@context":"https:\/\/schema.org","@graph":[{"@type":"NewsArticle","@id":"https:\/\/voyage-aventure.com\/blog\/a-la-une\/la-peur-de-lavion-monte-chez-les-voyageurs-mais-la-securite-reste-intacte\/#article","isPartOf":{"@id":"https:\/\/voyage-aventure.com\/blog\/a-la-une\/la-peur-de-lavion-monte-chez-les-voyageurs-mais-la-securite-reste-intacte\/"},"author":{"name":"Camille Rouvray","@id":"https:\/\/voyage-aventure.com\/blog\/#\/schema\/person\/3c864cdc320801e3db34b663e7e3f816"},"headline":"La peur de l&rsquo;avion monte chez les voyageurs, mais la s\u00e9curit\u00e9 reste intacte","datePublished":"2025-03-14T22:08:09+00:00","mainEntityOfPage":{"@id":"https:\/\/voyage-aventure.com\/blog\/a-la-une\/la-peur-de-lavion-monte-chez-les-voyageurs-mais-la-securite-reste-intacte\/"},"wordCount":661,"commentCount":21,"publisher":{"@id":"https:\/\/voyage-aventure.com\/blog\/#organization"},"image":{"@id":"https:\/\/voyage-aventure.com\/blog\/a-la-une\/la-peur-de-lavion-monte-chez-les-voyageurs-mais-la-securite-reste-intacte\/#primaryimage"},"thumbnailUrl":"https:\/\/voyage-aventure.com\/blog\/wp-content\/uploads\/2025\/05\/sdxl-eec33b30cadac4ee219c4137e96fad85-scaled.png","keywords":["Assistance","Destinations","Pr\u00e9paration","S\u00e9curit\u00e9","Voyage"],"articleSection":["\u00c0 la une"],"inLanguage":"fr-FR","potentialAction":[{"@type":"CommentAction","name":"Comment","target":["https:\/\/voyage-aventure.com\/blog\/a-la-une\/la-peur-de-lavion-monte-chez-les-voyageurs-mais-la-securite-reste-intacte\/#respond"]}]},{"@type":"WebPage","@id":"https:\/\/voyage-aventure.com\/blog\/a-la-une\/la-peur-de-lavion-monte-chez-les-voyageurs-mais-la-securite-reste-intacte\/","url":"https:\/\/voyage-aventure.com\/blog\/a-la-une\/la-peur-de-lavion-monte-chez-les-voyageurs-mais-la-securite-reste-intacte\/","name":"La peur de l'avion monte chez les voyageurs, mais la","isPartOf":{"@id":"https:\/\/voyage-aventure.com\/blog\/#website"},"primaryImageOfPage":{"@id":"https:\/\/voyage-aventure.com\/blog\/a-la-une\/la-peur-de-lavion-monte-chez-les-voyageurs-mais-la-securite-reste-intacte\/#primaryimage"},"image":{"@id":"https:\/\/voyage-aventure.com\/blog\/a-la-une\/la-peur-de-lavion-monte-chez-les-voyageurs-mais-la-securite-reste-intacte\/#primaryimage"},"thumbnailUrl":"https:\/\/voyage-aventure.com\/blog\/wp-content\/uploads\/2025\/05\/sdxl-eec33b30cadac4ee219c4137e96fad85-scaled.png","datePublished":"2025-03-14T22:08:09+00:00","description":"La peur de prendre l'avion est un ph\u00e9nom\u00e8ne qui touche de plus en plus de voyageurs am\u00e9ricains. Selon un sondage r\u00e9cent, 36 % des personnes interrog\u00e9es","inLanguage":"fr-FR","potentialAction":[{"@type":"ReadAction","target":["https:\/\/voyage-aventure.com\/blog\/a-la-une\/la-peur-de-lavion-monte-chez-les-voyageurs-mais-la-securite-reste-intacte\/"]}]},{"@type":"ImageObject","inLanguage":"fr-FR","@id":"https:\/\/voyage-aventure.com\/blog\/a-la-une\/la-peur-de-lavion-monte-chez-les-voyageurs-mais-la-securite-reste-intacte\/#primaryimage","url":"https:\/\/voyage-aventure.com\/blog\/wp-content\/uploads\/2025\/05\/sdxl-eec33b30cadac4ee219c4137e96fad85-scaled.png","contentUrl":"https:\/\/voyage-aventure.com\/blog\/wp-content\/uploads\/2025\/05\/sdxl-eec33b30cadac4ee219c4137e96fad85-scaled.png","width":1200,"height":500},{"@type":"WebSite","@id":"https:\/\/voyage-aventure.com\/blog\/#website","url":"https:\/\/voyage-aventure.com\/blog\/","name":"voyage-aventure.com","description":"Votre passeport pour l\u2019inattendu.","publisher":{"@id":"https:\/\/voyage-aventure.com\/blog\/#organization"},"alternateName":"Votre passeport pour l\u2019inattendu.","potentialAction":[{"@type":"SearchAction","target":{"@type":"EntryPoint","urlTemplate":"https:\/\/voyage-aventure.com\/blog\/?s={search_term_string}"},"query-input":{"@type":"PropertyValueSpecification","valueRequired":true,"valueName":"search_term_string"}}],"inLanguage":"fr-FR"},{"@type":"Organization","@id":"https:\/\/voyage-aventure.com\/blog\/#organization","name":"Foretsensations.fr","url":"https:\/\/voyage-aventure.com\/blog\/","logo":{"@type":"ImageObject","inLanguage":"fr-FR","@id":"https:\/\/voyage-aventure.com\/blog\/#\/schema\/logo\/image\/","url":"https:\/\/voyage-aventure.com\/blog\/wp-content\/uploads\/2024\/12\/19.png","contentUrl":"https:\/\/voyage-aventure.com\/blog\/wp-content\/uploads\/2024\/12\/19.png","width":512,"height":512,"caption":"Foretsensations.fr"},"image":{"@id":"https:\/\/voyage-aventure.com\/blog\/#\/schema\/logo\/image\/"}},{"@type":"Person","@id":"https:\/\/voyage-aventure.com\/blog\/#\/schema\/person\/3c864cdc320801e3db34b663e7e3f816","name":"Camille Rouvray","image":{"@type":"ImageObject","inLanguage":"fr-FR","@id":"https:\/\/voyage-aventure.com\/blog\/#\/schema\/person\/image\/","url":"https:\/\/voyage-aventure.com\/blog\/wp-content\/uploads\/2026\/06\/persona_camille-r-96x96.jpg","contentUrl":"https:\/\/voyage-aventure.com\/blog\/wp-content\/uploads\/2026\/06\/persona_camille-r-96x96.jpg","caption":"Camille Rouvray"},"description":"Je voyage et j'\u00e9cris sur le voyage depuis une douzaine d'ann\u00e9es, d'abord en tant que routarde au long cours, puis comme r\u00e9dactrice sp\u00e9cialis\u00e9e. Mon terrain de pr\u00e9dilection, ce sont les circuits organis\u00e9s et l'art de bien pr\u00e9parer un itin\u00e9raire : choix de la saison, dur\u00e9e r\u00e9aliste des \u00e9tapes, budget jour par jour, logement et transport sur place. J'aime aussi raconter les p\u00e9pites urbaines, ces adresses qu'on ne trouve pas dans les guides classiques. Avant de publier un dossier destination, je croise toujours plusieurs sources, je v\u00e9rifie les tarifs et les formalit\u00e9s d'entr\u00e9e \u00e0 jour, et je teste moi-m\u00eame quand je le peux. Mon angle reste pratique avant tout : aider le lecteur \u00e0 partir l'esprit tranquille, sans mauvaise surprise une fois sur place. Je m'attache \u00e0 distinguer le coup de c\u0153ur sinc\u00e8re du simple argument marketing.","sameAs":["https:\/\/camillerouvray.fr\/"],"url":"https:\/\/voyage-aventure.com\/blog\/auteur\/noname\/"}]}},"_links":{"self":[{"href":"https:\/\/voyage-aventure.com\/blog\/wp-json\/wp\/v2\/posts\/14854","targetHints":{"allow":["GET"]}}],"collection":[{"href":"https:\/\/voyage-aventure.com\/blog\/wp-json\/wp\/v2\/posts"}],"about":[{"href":"https:\/\/voyage-aventure.com\/blog\/wp-json\/wp\/v2\/types\/post"}],"author":[{"embeddable":true,"href":"https:\/\/voyage-aventure.com\/blog\/wp-json\/wp\/v2\/users\/34"}],"replies":[{"embeddable":true,"href":"https:\/\/voyage-aventure.com\/blog\/wp-json\/wp\/v2\/comments?post=14854"}],"version-history":[{"count":1,"href":"https:\/\/voyage-aventure.com\/blog\/wp-json\/wp\/v2\/posts\/14854\/revisions"}],"predecessor-version":[{"id":14863,"href":"https:\/\/voyage-aventure.com\/blog\/wp-json\/wp\/v2\/posts\/14854\/revisions\/14863"}],"wp:featuredmedia":[{"embeddable":true,"href":"https:\/\/voyage-aventure.com\/blog\/wp-json\/wp\/v2\/media\/20460"}],"wp:attachment":[{"href":"https:\/\/voyage-aventure.com\/blog\/wp-json\/wp\/v2\/media?parent=14854"}],"wp:term":[{"taxonomy":"category","embeddable":true,"href":"https:\/\/voyage-aventure.com\/blog\/wp-json\/wp\/v2\/categories?post=14854"},{"taxonomy":"post_tag","embeddable":true,"href":"https:\/\/voyage-aventure.com\/blog\/wp-json\/wp\/v2\/tags?post=14854"}],"curies":[{"name":"wp","href":"https:\/\/api.w.org\/{rel}","templated":true}]}}