{"id":14853,"date":"2026-06-16T17:07:31","date_gmt":"2026-06-16T15:07:31","guid":{"rendered":"https:\/\/voyage-aventure.com\/blog\/?p=14853"},"modified":"2026-06-16T17:07:31","modified_gmt":"2026-06-16T15:07:31","slug":"planifiez-vos-vacances-dete-le-salon-du-voyage-et-de-laventure-revient-a-santa-clara","status":"publish","type":"post","link":"https:\/\/voyage-aventure.com\/blog\/a-la-une\/planifiez-vos-vacances-dete-le-salon-du-voyage-et-de-laventure-revient-a-santa-clara\/","title":{"rendered":"planifiez vos vacances d&rsquo;\u00e9t\u00e9 : le salon du voyage et de l&rsquo;aventure revient \u00e0 Santa Clara"},"content":{"rendered":"<link rel=\"preconnect\" href=\"https:\/\/fonts.googleapis.com\"><link rel=\"preconnect\" href=\"https:\/\/fonts.gstatic.com\" crossorigin><link href=\"https:\/\/fonts.googleapis.com\/css2?family=Newsreader:ital,opsz,wght@0,6..72,500..700;1,6..72,500..600&#038;family=Inter:wght@400;500;600&#038;family=JetBrains+Mono:wght@500&#038;display=swap\" rel=\"stylesheet\">\n<style>\n.va-news{font-family:'Inter',system-ui,-apple-system,sans-serif;color:#23282d;line-height:1.65;font-size:17px}\n.va-news h2{font-family:'Newsreader',Georgia,serif;font-weight:700;letter-spacing:-.01em;font-size:clamp(24px,3.2vw,33px);line-height:1.2;color:#1a2433;margin:48px 0 18px}\n.va-news p{margin:0 0 18px}\n.va-news blockquote{margin:0}\n.va-dateline{font-family:'JetBrains Mono',ui-monospace,monospace;font-size:12.5px;letter-spacing:.06em;text-transform:uppercase;color:#0c6b58;font-weight:500;margin:0 0 14px}\n.va-lead{font-family:'Newsreader',Georgia,serif;font-size:clamp(19px,2.4vw,23px);font-weight:500;line-height:1.5;color:#2b3340;margin:0 0 30px}\n.va-essential{background:#f1f8f5;border-left:5px solid #0c6b58;border-radius:0 12px 12px 0;padding:22px 26px;margin:0 0 38px}\n.va-essential .va-eyebrow{font-family:'JetBrains Mono',ui-monospace,monospace;font-size:11.5px;letter-spacing:.12em;text-transform:uppercase;color:#0c6b58;font-weight:500;display:block;margin-bottom:14px}\n.va-essential ul{list-style:none;margin:0;padding:0;display:grid;gap:12px}\n.va-essential li{padding-left:26px;position:relative;line-height:1.5}\n.va-essential li::before{content:\"\u2192\";position:absolute;left:0;top:0;color:#0c6b58;font-weight:700}\n.va-essential li b{color:#1a2433}\n.va-grid{display:grid;grid-template-columns:repeat(auto-fit,minmax(220px,1fr));gap:20px;margin:8px 0 30px}\n.va-card{border:1px solid #e4e8ec;border-top:3px solid #0c6b58;border-radius:12px;padding:22px 24px;background:#fff;transition:.25s ease;box-shadow:0 1px 2px rgba(16,24,40,.04)}\n.va-card:hover{transform:translateY(-3px);box-shadow:0 12px 28px -16px rgba(16,24,40,.22)}\n.va-card .va-k{font-family:'JetBrains Mono',ui-monospace,monospace;font-size:11px;letter-spacing:.1em;text-transform:uppercase;color:#0c6b58;display:block;margin-bottom:10px}\n.va-card .va-t{font-family:'Newsreader',Georgia,serif;font-weight:600;font-size:19px;color:#1a2433;display:block;margin-bottom:8px}\n.va-card .va-d{font-size:14.5px;color:#4a5460;line-height:1.55;display:block}\n.va-pull{font-family:'Newsreader',Georgia,serif;font-style:italic;font-weight:500;font-size:clamp(22px,3vw,28px);line-height:1.4;color:#1a2433;border-left:5px solid #0c6b58;padding:6px 0 6px 26px;margin:40px 0}\n.va-pull cite{display:block;font-style:normal;font-family:'JetBrains Mono',ui-monospace,monospace;font-size:12px;letter-spacing:.05em;text-transform:uppercase;color:#0c6b58;margin-top:14px}\n.va-news ul.va-list{margin:0 0 24px;padding-left:0;list-style:none;display:grid;gap:10px}\n.va-news ul.va-list li{padding-left:28px;position:relative}\n.va-news ul.va-list li::before{content:\"\u2713\";position:absolute;left:0;color:#0c6b58;font-weight:700}\n.va-faq{margin:38px 0 0}\n.va-faq details{border:1px solid #e4e8ec;border-radius:10px;padding:0;margin-bottom:12px;background:#fff;transition:.25s ease}\n.va-faq details[open]{border-color:#0c6b58;box-shadow:0 8px 22px -16px rgba(12,107,88,.4)}\n.va-faq summary{cursor:pointer;padding:16px 20px;font-family:'Newsreader',Georgia,serif;font-weight:600;font-size:18px;color:#1a2433;list-style:none}\n.va-faq summary::-webkit-details-marker{display:none}\n.va-faq summary::after{content:\"+\";float:right;color:#0c6b58;font-weight:700;font-size:22px;line-height:1}\n.va-faq details[open] summary::after{content:\"\u2212\"}\n.va-faq .va-a{padding:0 20px 18px;color:#4a5460;line-height:1.6}\n<\/style>\n<div class=\"va-news\">\n<p class=\"va-dateline\">Santa Clara \u00b7 Salon du voyage et de l&rsquo;aventure \u00b7 14 mars 2025<\/p>\n<p class=\"va-lead\">Le salon du voyage et de l&rsquo;aventure fait son retour \u00e0 Santa Clara le temps d&rsquo;un week-end, avec un programme d\u00e9di\u00e9 \u00e0 la pr\u00e9paration des vacances d&rsquo;\u00e9t\u00e9 : destinations \u00e0 explorer, conf\u00e9rences d&rsquo;experts et offres exclusives au menu.<\/p>\n<div class=\"va-essential\">\n<span class=\"va-eyebrow\">L&rsquo;essentiel<\/span><\/p>\n<ul>\n<li><b>Quoi \u2014<\/b> le salon du voyage et de l&rsquo;aventure, un rendez-vous annuel pour les passionn\u00e9s de d\u00e9couvertes et de planification de vacances.<\/li>\n<li><b>O\u00f9 &#038; quand \u2014<\/b> \u00e0 Santa Clara, ce week-end, avec conf\u00e9rences, pr\u00e9sentations de tendances et espaces d\u00e9di\u00e9s aux destinations.<\/li>\n<li><b>Pourquoi \u00e7a compte \u2014<\/b> une mine de conseils pratiques, d&rsquo;offres exclusives et de contacts directs avec agences et organisations touristiques avant l&rsquo;\u00e9t\u00e9.<\/li>\n<\/ul>\n<\/div>\n<h2>Un \u00e9v\u00e9nement incontournable pour les amateurs de voyages<\/h2>\n<p>Le salon du voyage et de l&rsquo;aventure \u00e0 Santa Clara est un \u00e9v\u00e9nement qui attire chaque ann\u00e9e des passionn\u00e9s de d\u00e9couvertes. Ce week-end, les visiteurs auront l&rsquo;opportunit\u00e9 d&rsquo;explorer des destinations de r\u00eave et de rencontrer des experts du secteur. Des conseils pratiques aux offres exclusives, cet \u00e9v\u00e9nement est une v\u00e9ritable mine d&rsquo;informations pour ceux qui souhaitent planifier leurs vacances.<\/p>\n<p>Avec un programme riche en activit\u00e9s, le salon promet de ravir les voyageurs de tous horizons. Des conf\u00e9rences anim\u00e9es par des professionnels du tourisme, des pr\u00e9sentations sur les tendances actuelles et des espaces d\u00e9di\u00e9s \u00e0 chaque destination sont au rendez-vous. Les participants pourront \u00e9galement \u00e9changer avec des repr\u00e9sentants de diverses agences de voyage et d&rsquo;organisations touristiques.<\/p>\n<h2>Des destinations \u00e0 d\u00e9couvrir absolument<\/h2>\n<p>Lors de cet \u00e9v\u00e9nement, des destinations vari\u00e9es seront mises en avant, allant des plages ensoleill\u00e9es aux villes historiques. Parmi les lieux phares, les Florida Keys et Key West seront pr\u00e9sent\u00e9s par Liana Pyne, la directrice des ventes domestiques. Elle partage sa passion pour ces destinations embl\u00e9matiques, qui offrent des paysages \u00e0 couper le souffle et des activit\u00e9s pour tous les go\u00fbts.<\/p>\n<div class=\"va-grid\">\n<div class=\"va-card\">\n<span class=\"va-k\">Destination phare<\/span><br \/>\n<span class=\"va-t\">Florida Keys &#038; Key West<\/span><br \/>\n<span class=\"va-d\">Pr\u00e9sent\u00e9es par Liana Pyne, directrice des ventes domestiques \u2014 des paysages \u00e0 couper le souffle et des activit\u00e9s pour tous les go\u00fbts.<\/span>\n<\/div>\n<div class=\"va-card\">\n<span class=\"va-k\">Au programme<\/span><br \/>\n<span class=\"va-t\">Offres &#038; forfaits<\/span><br \/>\n<span class=\"va-d\">Offres sp\u00e9ciales et forfaits de voyage \u00e0 d\u00e9couvrir au fil des sessions, avec conseils personnalis\u00e9s \u00e0 la cl\u00e9.<\/span>\n<\/div>\n<div class=\"va-card\">\n<span class=\"va-k\">Sur place<\/span><br \/>\n<span class=\"va-t\">Experts \u00e0 votre \u00e9coute<\/span><br \/>\n<span class=\"va-d\">Les professionnels pr\u00e9sents aident chaque visiteur \u00e0 construire l&rsquo;itin\u00e9raire de ses r\u00eaves, question apr\u00e8s question.<\/span>\n<\/div>\n<\/div>\n<p>Les visiteurs auront l&rsquo;occasion de d\u00e9couvrir des offres sp\u00e9ciales et des forfaits de voyage int\u00e9ressants. En assistant aux diff\u00e9rentes sessions, ils pourront \u00e9galement poser des questions et obtenir des conseils personnalis\u00e9s pour leurs prochaines aventures. Les experts pr\u00e9sents sur place se feront un plaisir de les aider \u00e0 construire l&rsquo;itin\u00e9raire de leurs r\u00eaves.<\/p>\n<h2>Pourquoi participer au salon du voyage et de l&rsquo;aventure ?<\/h2>\n<p>Participer \u00e0 cet \u00e9v\u00e9nement est une excellente mani\u00e8re de s&rsquo;inspirer pour ses futures escapades. Non seulement les visiteurs d\u00e9couvriront des destinations in\u00e9dites, mais ils b\u00e9n\u00e9ficieront \u00e9galement de conseils pratiques pour voyager efficacement. Ce salon est l&rsquo;endroit id\u00e9al pour rencontrer des personnes partageant la m\u00eame passion pour les voyages.<\/p>\n<blockquote class=\"va-pull\"><p>\u00ab Le monde est un livre et ceux qui ne voyagent pas n&rsquo;en lisent qu&rsquo;une page. \u00bb<cite>\u2014 Cit\u00e9 par un expert du voyage pr\u00e9sent au salon<\/cite><\/p><\/blockquote>\n<p>Ce salon est une invitation \u00e0 tourner les pages de ce livre et \u00e0 d\u00e9couvrir tout ce que le monde a \u00e0 offrir. Les visiteurs pourront s&rsquo;immerger dans des cultures vari\u00e9es et \u00e9largir leurs horizons.<\/p>\n<ul class=\"va-list\">\n<li>D\u00e9couvrez des destinations de r\u00eave<\/li>\n<li>Rencontrez des experts du voyage<\/li>\n<li>Assistez \u00e0 des conf\u00e9rences inspirantes<\/li>\n<li>B\u00e9n\u00e9ficiez d&rsquo;offres exclusives<\/li>\n<li>\u00c9changez avec d&rsquo;autres passionn\u00e9s de voyages<\/li>\n<\/ul>\n<p>Le salon du voyage et de l&rsquo;aventure \u00e0 Santa Clara est donc un \u00e9v\u00e9nement \u00e0 ne pas manquer pour tous ceux qui envisagent de voyager cet \u00e9t\u00e9. Que vous soyez un voyageur chevronn\u00e9 ou un novice, cet \u00e9v\u00e9nement vous fournira toutes les cl\u00e9s pour planifier des vacances inoubliables. Alors, pr\u00e9parez-vous \u00e0 explorer de nouveaux horizons et \u00e0 vivre des exp\u00e9riences m\u00e9morables.<\/p>\n<div class=\"va-faq\">\n<details>\n<summary>Quand a lieu le salon du voyage et de l&rsquo;aventure \u00e0 Santa Clara ?<\/summary>\n<div class=\"va-a\">Le salon se tient ce week-end \u00e0 Santa Clara, avec un programme de conf\u00e9rences, de pr\u00e9sentations de tendances et d&rsquo;espaces d\u00e9di\u00e9s aux destinations.<\/div>\n<\/details>\n<details>\n<summary>Quelles destinations sont mises en avant cette ann\u00e9e ?<\/summary>\n<div class=\"va-a\">Des destinations vari\u00e9es, des plages ensoleill\u00e9es aux villes historiques. Parmi les lieux phares, les Florida Keys et Key West, pr\u00e9sent\u00e9s par Liana Pyne, directrice des ventes domestiques.<\/div>\n<\/details>\n<details>\n<summary>Pourquoi assister \u00e0 ce salon avant l&rsquo;\u00e9t\u00e9 ?<\/summary>\n<div class=\"va-a\">C&rsquo;est l&rsquo;occasion de d\u00e9couvrir des destinations in\u00e9dites, de b\u00e9n\u00e9ficier de conseils pratiques pour voyager efficacement, d&rsquo;acc\u00e9der \u00e0 des offres exclusives et d&rsquo;\u00e9changer avec agences, experts et autres passionn\u00e9s de voyages.<\/div>\n<\/details>\n<\/div>\n<\/div>\n","protected":false},"excerpt":{"rendered":"","protected":false},"author":34,"featured_media":19915,"comment_status":"open","ping_status":"open","sticky":false,"template":"","format":"standard","meta":{"_acf_changed":false,"manual_indexmenow":false,"indexmenow_id_project":0,"footnotes":""},"categories":[1],"tags":[4538,4680,4527,4636,4635],"class_list":["post-14853","post","type-post","status-publish","format-standard","has-post-thumbnail","hentry","category-a-la-une","tag-activites-variees","tag-conseils","tag-decouverte-culturelle","tag-destinations","tag-voyage","generate-columns","tablet-grid-50","mobile-grid-100","grid-parent","grid-25"],"acf":[],"yoast_head":"<!-- This site is optimized with the Yoast SEO Premium plugin v21.3 (Yoast SEO v25.1) - https:\/\/yoast.com\/wordpress\/plugins\/seo\/ -->\n<title>planifiez vos vacances d&#039;\u00e9t\u00e9 : le salon du voyage et de<\/title>\n<meta name=\"description\" content=\"Santa Clara \u00b7 Salon du voyage et de l&#039;aventure \u00b7 14 mars 2025 Le salon du voyage et de l&#039;aventure fait son retour \u00e0 Santa Clara le temps d&#039;un week-end\" \/>\n<meta name=\"robots\" content=\"index, follow, max-snippet:-1, max-image-preview:large, max-video-preview:-1\" \/>\n<link rel=\"canonical\" href=\"https:\/\/voyage-aventure.com\/blog\/a-la-une\/planifiez-vos-vacances-dete-le-salon-du-voyage-et-de-laventure-revient-a-santa-clara\/\" \/>\n<meta property=\"og:locale\" content=\"fr_FR\" \/>\n<meta property=\"og:type\" content=\"article\" \/>\n<meta property=\"og:title\" content=\"planifiez vos vacances d&#039;\u00e9t\u00e9 : le salon du voyage et de\" \/>\n<meta property=\"og:description\" content=\"Santa Clara \u00b7 Salon du voyage et de l&#039;aventure \u00b7 14 mars 2025 Le salon du voyage et de l&#039;aventure fait son retour \u00e0 Santa Clara le temps d&#039;un week-end\" \/>\n<meta property=\"og:url\" content=\"https:\/\/voyage-aventure.com\/blog\/a-la-une\/planifiez-vos-vacances-dete-le-salon-du-voyage-et-de-laventure-revient-a-santa-clara\/\" \/>\n<meta property=\"og:site_name\" content=\"voyage-aventure\" \/>\n<meta property=\"og:image\" content=\"https:\/\/voyage-aventure.com\/blog\/wp-content\/uploads\/2025\/05\/sdxl-a7f5e6413e8ddac6eee74e5b623bb08e-scaled.png\" \/>\n\t<meta property=\"og:image:width\" content=\"1200\" \/>\n\t<meta property=\"og:image:height\" content=\"500\" \/>\n\t<meta property=\"og:image:type\" content=\"image\/png\" \/>\n<meta name=\"author\" content=\"Camille Rouvray\" \/>\n<meta name=\"twitter:card\" content=\"summary_large_image\" \/>\n<script type=\"application\/ld+json\" class=\"yoast-schema-graph\">{\"@context\":\"https:\/\/schema.org\",\"@graph\":[{\"@type\":\"NewsArticle\",\"@id\":\"https:\/\/voyage-aventure.com\/blog\/a-la-une\/planifiez-vos-vacances-dete-le-salon-du-voyage-et-de-laventure-revient-a-santa-clara\/#article\",\"isPartOf\":{\"@id\":\"https:\/\/voyage-aventure.com\/blog\/a-la-une\/planifiez-vos-vacances-dete-le-salon-du-voyage-et-de-laventure-revient-a-santa-clara\/\"},\"author\":{\"name\":\"Camille Rouvray\",\"@id\":\"https:\/\/voyage-aventure.com\/blog\/#\/schema\/person\/3c864cdc320801e3db34b663e7e3f816\"},\"headline\":\"planifiez vos vacances d&rsquo;\u00e9t\u00e9 : le salon du voyage et de l&rsquo;aventure revient \u00e0 Santa Clara\",\"datePublished\":\"2026-06-16T15:07:31+00:00\",\"mainEntityOfPage\":{\"@id\":\"https:\/\/voyage-aventure.com\/blog\/a-la-une\/planifiez-vos-vacances-dete-le-salon-du-voyage-et-de-laventure-revient-a-santa-clara\/\"},\"wordCount\":839,\"commentCount\":25,\"publisher\":{\"@id\":\"https:\/\/voyage-aventure.com\/blog\/#organization\"},\"image\":{\"@id\":\"https:\/\/voyage-aventure.com\/blog\/a-la-une\/planifiez-vos-vacances-dete-le-salon-du-voyage-et-de-laventure-revient-a-santa-clara\/#primaryimage\"},\"thumbnailUrl\":\"https:\/\/voyage-aventure.com\/blog\/wp-content\/uploads\/2025\/05\/sdxl-a7f5e6413e8ddac6eee74e5b623bb08e-scaled.png\",\"keywords\":[\"Activit\u00e9s Vari\u00e9es\",\"Conseils\",\"D\u00e9couverte Culturelle\",\"Destinations\",\"Voyage\"],\"articleSection\":[\"\u00c0 la une\"],\"inLanguage\":\"fr-FR\",\"potentialAction\":[{\"@type\":\"CommentAction\",\"name\":\"Comment\",\"target\":[\"https:\/\/voyage-aventure.com\/blog\/a-la-une\/planifiez-vos-vacances-dete-le-salon-du-voyage-et-de-laventure-revient-a-santa-clara\/#respond\"]}]},{\"@type\":\"WebPage\",\"@id\":\"https:\/\/voyage-aventure.com\/blog\/a-la-une\/planifiez-vos-vacances-dete-le-salon-du-voyage-et-de-laventure-revient-a-santa-clara\/\",\"url\":\"https:\/\/voyage-aventure.com\/blog\/a-la-une\/planifiez-vos-vacances-dete-le-salon-du-voyage-et-de-laventure-revient-a-santa-clara\/\",\"name\":\"planifiez vos vacances d'\u00e9t\u00e9 : le salon du voyage et de\",\"isPartOf\":{\"@id\":\"https:\/\/voyage-aventure.com\/blog\/#website\"},\"primaryImageOfPage\":{\"@id\":\"https:\/\/voyage-aventure.com\/blog\/a-la-une\/planifiez-vos-vacances-dete-le-salon-du-voyage-et-de-laventure-revient-a-santa-clara\/#primaryimage\"},\"image\":{\"@id\":\"https:\/\/voyage-aventure.com\/blog\/a-la-une\/planifiez-vos-vacances-dete-le-salon-du-voyage-et-de-laventure-revient-a-santa-clara\/#primaryimage\"},\"thumbnailUrl\":\"https:\/\/voyage-aventure.com\/blog\/wp-content\/uploads\/2025\/05\/sdxl-a7f5e6413e8ddac6eee74e5b623bb08e-scaled.png\",\"datePublished\":\"2026-06-16T15:07:31+00:00\",\"description\":\"Santa Clara \u00b7 Salon du voyage et de l'aventure \u00b7 14 mars 2025 Le salon du voyage et de l'aventure fait son retour \u00e0 Santa Clara le temps d'un week-end\",\"inLanguage\":\"fr-FR\",\"potentialAction\":[{\"@type\":\"ReadAction\",\"target\":[\"https:\/\/voyage-aventure.com\/blog\/a-la-une\/planifiez-vos-vacances-dete-le-salon-du-voyage-et-de-laventure-revient-a-santa-clara\/\"]}]},{\"@type\":\"ImageObject\",\"inLanguage\":\"fr-FR\",\"@id\":\"https:\/\/voyage-aventure.com\/blog\/a-la-une\/planifiez-vos-vacances-dete-le-salon-du-voyage-et-de-laventure-revient-a-santa-clara\/#primaryimage\",\"url\":\"https:\/\/voyage-aventure.com\/blog\/wp-content\/uploads\/2025\/05\/sdxl-a7f5e6413e8ddac6eee74e5b623bb08e-scaled.png\",\"contentUrl\":\"https:\/\/voyage-aventure.com\/blog\/wp-content\/uploads\/2025\/05\/sdxl-a7f5e6413e8ddac6eee74e5b623bb08e-scaled.png\",\"width\":1200,\"height\":500},{\"@type\":\"WebSite\",\"@id\":\"https:\/\/voyage-aventure.com\/blog\/#website\",\"url\":\"https:\/\/voyage-aventure.com\/blog\/\",\"name\":\"voyage-aventure.com\",\"description\":\"Votre passeport pour l\u2019inattendu.\",\"publisher\":{\"@id\":\"https:\/\/voyage-aventure.com\/blog\/#organization\"},\"alternateName\":\"Votre passeport pour l\u2019inattendu.\",\"potentialAction\":[{\"@type\":\"SearchAction\",\"target\":{\"@type\":\"EntryPoint\",\"urlTemplate\":\"https:\/\/voyage-aventure.com\/blog\/?s={search_term_string}\"},\"query-input\":{\"@type\":\"PropertyValueSpecification\",\"valueRequired\":true,\"valueName\":\"search_term_string\"}}],\"inLanguage\":\"fr-FR\"},{\"@type\":\"Organization\",\"@id\":\"https:\/\/voyage-aventure.com\/blog\/#organization\",\"name\":\"Foretsensations.fr\",\"url\":\"https:\/\/voyage-aventure.com\/blog\/\",\"logo\":{\"@type\":\"ImageObject\",\"inLanguage\":\"fr-FR\",\"@id\":\"https:\/\/voyage-aventure.com\/blog\/#\/schema\/logo\/image\/\",\"url\":\"https:\/\/voyage-aventure.com\/blog\/wp-content\/uploads\/2024\/12\/19.png\",\"contentUrl\":\"https:\/\/voyage-aventure.com\/blog\/wp-content\/uploads\/2024\/12\/19.png\",\"width\":512,\"height\":512,\"caption\":\"Foretsensations.fr\"},\"image\":{\"@id\":\"https:\/\/voyage-aventure.com\/blog\/#\/schema\/logo\/image\/\"}},{\"@type\":\"Person\",\"@id\":\"https:\/\/voyage-aventure.com\/blog\/#\/schema\/person\/3c864cdc320801e3db34b663e7e3f816\",\"name\":\"Camille Rouvray\",\"image\":{\"@type\":\"ImageObject\",\"inLanguage\":\"fr-FR\",\"@id\":\"https:\/\/voyage-aventure.com\/blog\/#\/schema\/person\/image\/\",\"url\":\"https:\/\/voyage-aventure.com\/blog\/wp-content\/uploads\/2026\/06\/persona_camille-r-96x96.jpg\",\"contentUrl\":\"https:\/\/voyage-aventure.com\/blog\/wp-content\/uploads\/2026\/06\/persona_camille-r-96x96.jpg\",\"caption\":\"Camille Rouvray\"},\"description\":\"Je voyage et j'\u00e9cris sur le voyage depuis une douzaine d'ann\u00e9es, d'abord en tant que routarde au long cours, puis comme r\u00e9dactrice sp\u00e9cialis\u00e9e. Mon terrain de pr\u00e9dilection, ce sont les circuits organis\u00e9s et l'art de bien pr\u00e9parer un itin\u00e9raire : choix de la saison, dur\u00e9e r\u00e9aliste des \u00e9tapes, budget jour par jour, logement et transport sur place. J'aime aussi raconter les p\u00e9pites urbaines, ces adresses qu'on ne trouve pas dans les guides classiques. Avant de publier un dossier destination, je croise toujours plusieurs sources, je v\u00e9rifie les tarifs et les formalit\u00e9s d'entr\u00e9e \u00e0 jour, et je teste moi-m\u00eame quand je le peux. Mon angle reste pratique avant tout : aider le lecteur \u00e0 partir l'esprit tranquille, sans mauvaise surprise une fois sur place. Je m'attache \u00e0 distinguer le coup de c\u0153ur sinc\u00e8re du simple argument marketing.\",\"sameAs\":[\"https:\/\/camillerouvray.fr\/\"],\"url\":\"https:\/\/voyage-aventure.com\/blog\/auteur\/noname\/\"}]}<\/script>\n<!-- \/ Yoast SEO Premium plugin. -->","yoast_head_json":{"title":"planifiez vos vacances d'\u00e9t\u00e9 : le salon du voyage et de","description":"Santa Clara \u00b7 Salon du voyage et de l'aventure \u00b7 14 mars 2025 Le salon du voyage et de l'aventure fait son retour \u00e0 Santa Clara le temps d'un week-end","robots":{"index":"index","follow":"follow","max-snippet":"max-snippet:-1","max-image-preview":"max-image-preview:large","max-video-preview":"max-video-preview:-1"},"canonical":"https:\/\/voyage-aventure.com\/blog\/a-la-une\/planifiez-vos-vacances-dete-le-salon-du-voyage-et-de-laventure-revient-a-santa-clara\/","og_locale":"fr_FR","og_type":"article","og_title":"planifiez vos vacances d'\u00e9t\u00e9 : le salon du voyage et de","og_description":"Santa Clara \u00b7 Salon du voyage et de l'aventure \u00b7 14 mars 2025 Le salon du voyage et de l'aventure fait son retour \u00e0 Santa Clara le temps d'un week-end","og_url":"https:\/\/voyage-aventure.com\/blog\/a-la-une\/planifiez-vos-vacances-dete-le-salon-du-voyage-et-de-laventure-revient-a-santa-clara\/","og_site_name":"voyage-aventure","og_image":[{"width":1200,"height":500,"url":"https:\/\/voyage-aventure.com\/blog\/wp-content\/uploads\/2025\/05\/sdxl-a7f5e6413e8ddac6eee74e5b623bb08e-scaled.png","type":"image\/png"}],"author":"Camille Rouvray","twitter_card":"summary_large_image","schema":{"@context":"https:\/\/schema.org","@graph":[{"@type":"NewsArticle","@id":"https:\/\/voyage-aventure.com\/blog\/a-la-une\/planifiez-vos-vacances-dete-le-salon-du-voyage-et-de-laventure-revient-a-santa-clara\/#article","isPartOf":{"@id":"https:\/\/voyage-aventure.com\/blog\/a-la-une\/planifiez-vos-vacances-dete-le-salon-du-voyage-et-de-laventure-revient-a-santa-clara\/"},"author":{"name":"Camille Rouvray","@id":"https:\/\/voyage-aventure.com\/blog\/#\/schema\/person\/3c864cdc320801e3db34b663e7e3f816"},"headline":"planifiez vos vacances d&rsquo;\u00e9t\u00e9 : le salon du voyage et de l&rsquo;aventure revient \u00e0 Santa Clara","datePublished":"2026-06-16T15:07:31+00:00","mainEntityOfPage":{"@id":"https:\/\/voyage-aventure.com\/blog\/a-la-une\/planifiez-vos-vacances-dete-le-salon-du-voyage-et-de-laventure-revient-a-santa-clara\/"},"wordCount":839,"commentCount":25,"publisher":{"@id":"https:\/\/voyage-aventure.com\/blog\/#organization"},"image":{"@id":"https:\/\/voyage-aventure.com\/blog\/a-la-une\/planifiez-vos-vacances-dete-le-salon-du-voyage-et-de-laventure-revient-a-santa-clara\/#primaryimage"},"thumbnailUrl":"https:\/\/voyage-aventure.com\/blog\/wp-content\/uploads\/2025\/05\/sdxl-a7f5e6413e8ddac6eee74e5b623bb08e-scaled.png","keywords":["Activit\u00e9s Vari\u00e9es","Conseils","D\u00e9couverte Culturelle","Destinations","Voyage"],"articleSection":["\u00c0 la une"],"inLanguage":"fr-FR","potentialAction":[{"@type":"CommentAction","name":"Comment","target":["https:\/\/voyage-aventure.com\/blog\/a-la-une\/planifiez-vos-vacances-dete-le-salon-du-voyage-et-de-laventure-revient-a-santa-clara\/#respond"]}]},{"@type":"WebPage","@id":"https:\/\/voyage-aventure.com\/blog\/a-la-une\/planifiez-vos-vacances-dete-le-salon-du-voyage-et-de-laventure-revient-a-santa-clara\/","url":"https:\/\/voyage-aventure.com\/blog\/a-la-une\/planifiez-vos-vacances-dete-le-salon-du-voyage-et-de-laventure-revient-a-santa-clara\/","name":"planifiez vos vacances d'\u00e9t\u00e9 : le salon du voyage et de","isPartOf":{"@id":"https:\/\/voyage-aventure.com\/blog\/#website"},"primaryImageOfPage":{"@id":"https:\/\/voyage-aventure.com\/blog\/a-la-une\/planifiez-vos-vacances-dete-le-salon-du-voyage-et-de-laventure-revient-a-santa-clara\/#primaryimage"},"image":{"@id":"https:\/\/voyage-aventure.com\/blog\/a-la-une\/planifiez-vos-vacances-dete-le-salon-du-voyage-et-de-laventure-revient-a-santa-clara\/#primaryimage"},"thumbnailUrl":"https:\/\/voyage-aventure.com\/blog\/wp-content\/uploads\/2025\/05\/sdxl-a7f5e6413e8ddac6eee74e5b623bb08e-scaled.png","datePublished":"2026-06-16T15:07:31+00:00","description":"Santa Clara \u00b7 Salon du voyage et de l'aventure \u00b7 14 mars 2025 Le salon du voyage et de l'aventure fait son retour \u00e0 Santa Clara le temps d'un week-end","inLanguage":"fr-FR","potentialAction":[{"@type":"ReadAction","target":["https:\/\/voyage-aventure.com\/blog\/a-la-une\/planifiez-vos-vacances-dete-le-salon-du-voyage-et-de-laventure-revient-a-santa-clara\/"]}]},{"@type":"ImageObject","inLanguage":"fr-FR","@id":"https:\/\/voyage-aventure.com\/blog\/a-la-une\/planifiez-vos-vacances-dete-le-salon-du-voyage-et-de-laventure-revient-a-santa-clara\/#primaryimage","url":"https:\/\/voyage-aventure.com\/blog\/wp-content\/uploads\/2025\/05\/sdxl-a7f5e6413e8ddac6eee74e5b623bb08e-scaled.png","contentUrl":"https:\/\/voyage-aventure.com\/blog\/wp-content\/uploads\/2025\/05\/sdxl-a7f5e6413e8ddac6eee74e5b623bb08e-scaled.png","width":1200,"height":500},{"@type":"WebSite","@id":"https:\/\/voyage-aventure.com\/blog\/#website","url":"https:\/\/voyage-aventure.com\/blog\/","name":"voyage-aventure.com","description":"Votre passeport pour l\u2019inattendu.","publisher":{"@id":"https:\/\/voyage-aventure.com\/blog\/#organization"},"alternateName":"Votre passeport pour l\u2019inattendu.","potentialAction":[{"@type":"SearchAction","target":{"@type":"EntryPoint","urlTemplate":"https:\/\/voyage-aventure.com\/blog\/?s={search_term_string}"},"query-input":{"@type":"PropertyValueSpecification","valueRequired":true,"valueName":"search_term_string"}}],"inLanguage":"fr-FR"},{"@type":"Organization","@id":"https:\/\/voyage-aventure.com\/blog\/#organization","name":"Foretsensations.fr","url":"https:\/\/voyage-aventure.com\/blog\/","logo":{"@type":"ImageObject","inLanguage":"fr-FR","@id":"https:\/\/voyage-aventure.com\/blog\/#\/schema\/logo\/image\/","url":"https:\/\/voyage-aventure.com\/blog\/wp-content\/uploads\/2024\/12\/19.png","contentUrl":"https:\/\/voyage-aventure.com\/blog\/wp-content\/uploads\/2024\/12\/19.png","width":512,"height":512,"caption":"Foretsensations.fr"},"image":{"@id":"https:\/\/voyage-aventure.com\/blog\/#\/schema\/logo\/image\/"}},{"@type":"Person","@id":"https:\/\/voyage-aventure.com\/blog\/#\/schema\/person\/3c864cdc320801e3db34b663e7e3f816","name":"Camille Rouvray","image":{"@type":"ImageObject","inLanguage":"fr-FR","@id":"https:\/\/voyage-aventure.com\/blog\/#\/schema\/person\/image\/","url":"https:\/\/voyage-aventure.com\/blog\/wp-content\/uploads\/2026\/06\/persona_camille-r-96x96.jpg","contentUrl":"https:\/\/voyage-aventure.com\/blog\/wp-content\/uploads\/2026\/06\/persona_camille-r-96x96.jpg","caption":"Camille Rouvray"},"description":"Je voyage et j'\u00e9cris sur le voyage depuis une douzaine d'ann\u00e9es, d'abord en tant que routarde au long cours, puis comme r\u00e9dactrice sp\u00e9cialis\u00e9e. Mon terrain de pr\u00e9dilection, ce sont les circuits organis\u00e9s et l'art de bien pr\u00e9parer un itin\u00e9raire : choix de la saison, dur\u00e9e r\u00e9aliste des \u00e9tapes, budget jour par jour, logement et transport sur place. J'aime aussi raconter les p\u00e9pites urbaines, ces adresses qu'on ne trouve pas dans les guides classiques. Avant de publier un dossier destination, je croise toujours plusieurs sources, je v\u00e9rifie les tarifs et les formalit\u00e9s d'entr\u00e9e \u00e0 jour, et je teste moi-m\u00eame quand je le peux. Mon angle reste pratique avant tout : aider le lecteur \u00e0 partir l'esprit tranquille, sans mauvaise surprise une fois sur place. Je m'attache \u00e0 distinguer le coup de c\u0153ur sinc\u00e8re du simple argument marketing.","sameAs":["https:\/\/camillerouvray.fr\/"],"url":"https:\/\/voyage-aventure.com\/blog\/auteur\/noname\/"}]}},"_links":{"self":[{"href":"https:\/\/voyage-aventure.com\/blog\/wp-json\/wp\/v2\/posts\/14853","targetHints":{"allow":["GET"]}}],"collection":[{"href":"https:\/\/voyage-aventure.com\/blog\/wp-json\/wp\/v2\/posts"}],"about":[{"href":"https:\/\/voyage-aventure.com\/blog\/wp-json\/wp\/v2\/types\/post"}],"author":[{"embeddable":true,"href":"https:\/\/voyage-aventure.com\/blog\/wp-json\/wp\/v2\/users\/34"}],"replies":[{"embeddable":true,"href":"https:\/\/voyage-aventure.com\/blog\/wp-json\/wp\/v2\/comments?post=14853"}],"version-history":[{"count":3,"href":"https:\/\/voyage-aventure.com\/blog\/wp-json\/wp\/v2\/posts\/14853\/revisions"}],"predecessor-version":[{"id":22767,"href":"https:\/\/voyage-aventure.com\/blog\/wp-json\/wp\/v2\/posts\/14853\/revisions\/22767"}],"wp:featuredmedia":[{"embeddable":true,"href":"https:\/\/voyage-aventure.com\/blog\/wp-json\/wp\/v2\/media\/19915"}],"wp:attachment":[{"href":"https:\/\/voyage-aventure.com\/blog\/wp-json\/wp\/v2\/media?parent=14853"}],"wp:term":[{"taxonomy":"category","embeddable":true,"href":"https:\/\/voyage-aventure.com\/blog\/wp-json\/wp\/v2\/categories?post=14853"},{"taxonomy":"post_tag","embeddable":true,"href":"https:\/\/voyage-aventure.com\/blog\/wp-json\/wp\/v2\/tags?post=14853"}],"curies":[{"name":"wp","href":"https:\/\/api.w.org\/{rel}","templated":true}]}}