{"id":14849,"date":"2026-06-16T17:07:22","date_gmt":"2026-06-16T15:07:22","guid":{"rendered":"https:\/\/voyage-aventure.com\/blog\/?p=14849"},"modified":"2026-06-16T17:07:22","modified_gmt":"2026-06-16T15:07:22","slug":"voyage-perturbe-et-coupures-de-courant-les-vents-violents-du-texas-frappent-fort","status":"publish","type":"post","link":"https:\/\/voyage-aventure.com\/blog\/a-la-une\/voyage-perturbe-et-coupures-de-courant-les-vents-violents-du-texas-frappent-fort\/","title":{"rendered":"Voyage perturb\u00e9 et coupures de courant : les vents violents du Texas frappent fort"},"content":{"rendered":"<link rel=\"stylesheet\" href=\"https:\/\/fonts.googleapis.com\/css2?family=Newsreader:ital,opsz,wght@0,6..72,500..700;1,6..72,500..600&#038;family=Inter:wght@400;500;600&#038;family=JetBrains+Mono:wght@500&#038;display=swap\">\n<style>\n.va-texas-wrap{font-family:'Inter',-apple-system,BlinkMacSystemFont,'Segoe UI',sans-serif;color:#1c1917;line-height:1.65;font-size:17px;}\n.va-texas-wrap h2{font-family:'Newsreader',Georgia,serif;font-weight:700;font-size:clamp(24px,3.2vw,33px);letter-spacing:-0.01em;color:#1c1917;margin:48px 0 14px;line-height:1.18;}\n.va-texas-wrap p{margin:0 0 18px;}\n.va-texas-dateline{font-family:'JetBrains Mono',monospace;font-weight:500;font-size:12px;letter-spacing:1.5px;text-transform:uppercase;color:#EA580C;margin:0 0 14px;display:flex;align-items:center;gap:10px;}\n.va-texas-dateline span{display:inline-block;width:34px;height:2px;background:#EA580C;}\n.va-texas-lead{font-family:'Newsreader',Georgia,serif;font-size:21px;line-height:1.5;color:#292524;font-weight:500;margin:0 0 30px;}\n.va-texas-essentiel{background:#fff7ed;border:1px solid #fed7aa;border-left:5px solid #EA580C;border-radius:0 8px 8px 0;padding:24px 26px;margin:0 0 36px;box-shadow:0 1px 2px rgba(124,45,18,.05),0 12px 28px -18px rgba(234,88,12,.28);}\n.va-texas-essentiel .va-texas-k{font-family:'JetBrains Mono',monospace;font-weight:500;font-size:11px;letter-spacing:2.2px;text-transform:uppercase;color:#c2410c;margin:0 0 16px;}\n.va-texas-essentiel ul{margin:0;padding:0;list-style:none;display:grid;gap:11px;}\n.va-texas-essentiel li{display:flex;gap:13px;align-items:flex-start;font-size:15.5px;line-height:1.5;color:#292524;}\n.va-texas-essentiel li b{font-family:'JetBrains Mono',monospace;font-weight:500;font-size:11px;letter-spacing:1px;text-transform:uppercase;color:#EA580C;flex:0 0 78px;padding-top:2px;}\n.va-texas-grid{display:grid;grid-template-columns:repeat(auto-fit,minmax(240px,1fr));gap:14px;margin:30px 0;}\n.va-texas-card{background:#fff;border:1px solid #e7e5e4;border-top:3px solid #EA580C;border-radius:8px;padding:20px 22px;transition:.25s ease;box-shadow:0 1px 2px rgba(16,24,40,.05),0 12px 28px -18px rgba(16,24,40,.16);}\n.va-texas-card:hover{transform:translateY(-3px);box-shadow:0 1px 2px rgba(16,24,40,.06),0 18px 34px -16px rgba(234,88,12,.26);border-top-color:#c2410c;}\n.va-texas-card h3{font-family:'Newsreader',Georgia,serif;font-weight:700;font-size:18px;margin:0 0 8px;color:#1c1917;letter-spacing:-0.01em;}\n.va-texas-card .va-texas-txt{font-size:14px;line-height:1.6;color:#57534e;}\n.va-texas-quote{margin:38px auto;padding:26px 28px;max-width:660px;position:relative;border-top:1px solid #1c1917;border-bottom:1px solid #1c1917;text-align:center;}\n.va-texas-quote .va-texas-mark{position:absolute;top:-22px;left:50%;transform:translateX(-50%);background:#fff;padding:0 14px;font-family:'Newsreader',Georgia,serif;font-size:52px;line-height:1;color:#EA580C;}\n.va-texas-quote blockquote{margin:0;padding:0;font-family:'Newsreader',Georgia,serif;font-style:italic;font-weight:500;font-size:24px;line-height:1.45;color:#1c1917;letter-spacing:-0.005em;}\n.va-texas-quote .va-texas-cite{margin-top:14px;font-family:'JetBrains Mono',monospace;font-size:11px;letter-spacing:1.8px;text-transform:uppercase;color:#78716c;}\n.va-texas-retenir{background:#fafaf9;border:1px solid #e7e5e4;border-radius:10px;padding:24px 26px;margin:38px 0;}\n.va-texas-retenir .va-texas-k{font-family:'JetBrains Mono',monospace;font-weight:500;font-size:11px;letter-spacing:2.2px;text-transform:uppercase;color:#EA580C;margin:0 0 16px;}\n.va-texas-retenir ul{margin:0;padding:0;list-style:none;display:grid;gap:10px;}\n.va-texas-retenir li{display:flex;gap:12px;align-items:flex-start;font-size:15px;line-height:1.5;color:#292524;}\n.va-texas-retenir li span:first-child{flex:0 0 22px;width:22px;height:22px;background:#EA580C;color:#fff;border-radius:50%;display:inline-flex;align-items:center;justify-content:center;font-family:'JetBrains Mono',monospace;font-size:11px;font-weight:500;margin-top:1px;}\n.va-texas-faq{margin:38px 0;}\n.va-texas-faq h2{margin-bottom:8px;}\n.va-texas-faq .va-texas-acc{border-top:1px solid #e7e5e4;}\n.va-texas-faq details{border-bottom:1px solid #e7e5e4;}\n.va-texas-faq summary{cursor:pointer;padding:16px 0;font-family:'Newsreader',Georgia,serif;font-weight:600;font-size:18px;color:#1c1917;list-style:none;display:flex;justify-content:space-between;align-items:center;gap:14px;}\n.va-texas-faq summary::-webkit-details-marker{display:none;}\n.va-texas-faq summary .va-texas-plus{font-size:22px;font-weight:400;color:#EA580C;line-height:1;font-family:'Inter',sans-serif;}\n.va-texas-faq .va-texas-ans{padding:0 0 16px;font-size:15.5px;line-height:1.7;color:#57534e;}\n\/*RENDERFIX2*\/.va-texas-dateline span{color:#eef3f9!important}.va-texas-dateline span p,.va-texas-dateline span li,.va-texas-dateline span strong,.va-texas-dateline span em,.va-texas-dateline span a,.va-texas-dateline span span,.va-texas-dateline span b,.va-texas-dateline span td,.va-texas-dateline span th,.va-texas-dateline span h2,.va-texas-dateline span h3,.va-texas-dateline span h4{color:#eef3f9!important}.va-texas-dateline span strong,.va-texas-dateline span b{color:#ffffff!important}.va-texas-retenir li span:first-child{color:#eef3f9!important}.va-texas-retenir li span:first-child p,.va-texas-retenir li span:first-child li,.va-texas-retenir li span:first-child strong,.va-texas-retenir li span:first-child em,.va-texas-retenir li span:first-child a,.va-texas-retenir li span:first-child span,.va-texas-retenir li span:first-child b,.va-texas-retenir li span:first-child td,.va-texas-retenir li span:first-child th,.va-texas-retenir li span:first-child h2,.va-texas-retenir li span:first-child h3,.va-texas-retenir li span:first-child h4{color:#eef3f9!important}.va-texas-retenir li span:first-child strong,.va-texas-retenir li span:first-child b{color:#ffffff!important}<\/style>\n<div class=\"va-texas-wrap\">\n<div class=\"va-texas-dateline\"><span><\/span> Texas \u00b7 South Plains \u00b7 Alerte m\u00e9t\u00e9o<\/div>\n<div class=\"va-texas-lead\">Des vents violents balaient l&rsquo;ouest du Texas, paralysant la circulation et privant d&rsquo;\u00e9lectricit\u00e9 une partie de la r\u00e9gion de Lubbock. Pour qui voyage ou r\u00e9side sur les South Plains, l&rsquo;impact est imm\u00e9diat : routes coup\u00e9es, \u00e9coles ferm\u00e9es plus t\u00f4t, services d&rsquo;urgence sous tension.<\/div>\n<div class=\"va-texas-essentiel\">\n<div class=\"va-texas-k\">L&rsquo;essentiel<\/div>\n<ul>\n<li><b>Quoi<\/b><span>Des rafales violentes provoquent accidents, coupures de courant et d\u00e9g\u00e2ts mat\u00e9riels dans l&rsquo;ouest du Texas.<\/span><\/li>\n<li><b>O\u00f9 \/ qui<\/b><span>La r\u00e9gion des South Plains, autour de Lubbock et de l&rsquo;axe I-27 reliant Lubbock \u00e0 Amarillo.<\/span><\/li>\n<li><b>Impact<\/b><span>Visibilit\u00e9 quasi nulle sur les routes, coupures d&rsquo;\u00e9lectricit\u00e9 pr\u00e9ventives par Xcel Energy, \u00e9tablissements scolaires lib\u00e9r\u00e9s en avance.<\/span><\/li>\n<\/ul>\n<\/div>\n<h2>Des conditions de voyage difficiles<\/h2>\n<p>Les r\u00e9cents vents violents qui soufflent sur l&rsquo;ouest du Texas ont engendr\u00e9 des conditions de circulation catastrophiques. Plusieurs accidents, notamment sur l&rsquo;I-27 reliant Lubbock \u00e0 Amarillo, ont entra\u00een\u00e9 d&rsquo;importants retards. Les automobilistes sont confront\u00e9s \u00e0 des conditions de visibilit\u00e9 presque nulles, rendant les d\u00e9placements risqu\u00e9s.<\/p>\n<p>Les autorit\u00e9s locales recommandent fortement aux conducteurs d&rsquo;\u00e9viter les routes, sauf en cas de n\u00e9cessit\u00e9 absolue. Les routes sont parsem\u00e9es d&rsquo;obstacles, et les accidents se multiplient, ce qui complique l&rsquo;intervention des services d&rsquo;urgence. Il est conseill\u00e9 de consulter des cartes d\u00e9taill\u00e9es des accidents et des fermetures de routes pour \u00e9viter les zones probl\u00e9matiques.<\/p>\n<h2>Les coupures de courant s&rsquo;intensifient<\/h2>\n<p>Les vents forts ont \u00e9galement provoqu\u00e9 de nombreuses coupures de courant dans la r\u00e9gion de Lubbock. Des \u00e9coles, telles que la Coronado High School et la McCool Academy, ont \u00e9t\u00e9 contraintes de lib\u00e9rer leurs \u00e9l\u00e8ves plus t\u00f4t en raison de ces coupures. Les r\u00e9sidents sont de plus en plus inquiets face \u00e0 l&rsquo;impact des intemp\u00e9ries sur leur quotidien.<\/p>\n<p>Xcel Energy a annonc\u00e9 des mesures pr\u00e9ventives, notamment des coupures d&rsquo;\u00e9lectricit\u00e9 temporaires pour \u00e9viter les risques d&rsquo;incendies de for\u00eat. Ce type d&rsquo;interruption de service, connu sous le nom de Public Safety Power Shutoff, est mis en place pour prot\u00e9ger la s\u00e9curit\u00e9 des habitants. Les utilisateurs doivent se pr\u00e9parer \u00e0 des interruptions potentielles et suivre les mises \u00e0 jour des services publics.<\/p>\n<h2>Dommages mat\u00e9riels et s\u00e9curit\u00e9 publique<\/h2>\n<p>Les vents violents ont caus\u00e9 des dommages mat\u00e9riels consid\u00e9rables dans toute la r\u00e9gion des South Plains. Des arbres et des lignes \u00e9lectriques sont tomb\u00e9s, perturbant le paysage et mettant en p\u00e9ril la s\u00e9curit\u00e9 des habitants. Un incident marquant a \u00e9t\u00e9 la destruction du toit du Kress Volunteer Fire Department, d\u00e9montrant la force d\u00e9vastatrice du vent.<\/p>\n<div class=\"va-texas-quote\">\n<div class=\"va-texas-mark\" aria-hidden=\"true\">\u00ab<\/div>\n<blockquote><p>Veuillez faire preuve de prudence dans la r\u00e9gion et utiliser une route alternative&#8230;<\/p><\/blockquote>\n<div class=\"va-texas-cite\">\u2014 Autorit\u00e9s locales, South Plains<\/div>\n<\/div>\n<p>Les citoyens sont appel\u00e9s \u00e0 signaler tout dommage et \u00e0 rester vigilants face aux conditions m\u00e9t\u00e9orologiques changeantes. Il est crucial de suivre les alertes m\u00e9t\u00e9o et de rester inform\u00e9 des \u00e9volutions de la situation.<\/p>\n<div class=\"va-texas-grid\">\n<div class=\"va-texas-card\">\n<h3>Circulation<\/h3>\n<div class=\"va-texas-txt\">Accidents sur l&rsquo;I-27 causant des retards importants et une visibilit\u00e9 presque nulle entre Lubbock et Amarillo.<\/div>\n<\/p><\/div>\n<div class=\"va-texas-card\">\n<h3>\u00c9lectricit\u00e9<\/h3>\n<div class=\"va-texas-txt\">Coupures touchant plusieurs \u00e9tablissements scolaires, dont la Coronado High School et la McCool Academy.<\/div>\n<\/p><\/div>\n<div class=\"va-texas-card\">\n<h3>Dommages<\/h3>\n<div class=\"va-texas-txt\">D\u00e9g\u00e2ts mat\u00e9riels importants, notamment la destruction du toit de la Kress Volunteer Fire Department.<\/div>\n<\/p><\/div>\n<div class=\"va-texas-card\">\n<h3>Pr\u00e9vention<\/h3>\n<div class=\"va-texas-txt\">Mesures de s\u00e9curit\u00e9 mises en place par Xcel Energy via des coupures pr\u00e9ventives (Public Safety Power Shutoff).<\/div>\n<\/p><\/div>\n<\/div>\n<div class=\"va-texas-retenir\">\n<div class=\"va-texas-k\">\u00c0 retenir<\/div>\n<ul>\n<li><span>1<\/span><span>\u00c9vitez les routes des South Plains sauf n\u00e9cessit\u00e9 absolue : visibilit\u00e9 quasi nulle et obstacles sur l&rsquo;I-27.<\/span><\/li>\n<li><span>2<\/span><span>Attendez-vous \u00e0 des coupures de courant, certaines volontaires (Xcel Energy) pour limiter les risques d&rsquo;incendie.<\/span><\/li>\n<li><span>3<\/span><span>V\u00e9rifiez les fermetures d&rsquo;\u00e9coles et les cartes de fermetures de routes avant tout d\u00e9placement.<\/span><\/li>\n<li><span>4<\/span><span>Suivez les alertes m\u00e9t\u00e9o officielles et signalez tout dommage aux services comp\u00e9tents.<\/span><\/li>\n<\/ul>\n<\/div>\n<p>La situation reste \u00e9volutive et les autorit\u00e9s encouragent les habitants \u00e0 rester prudents et inform\u00e9s. Les mises \u00e0 jour continueront d&rsquo;\u00eatre fournies pour tenir le public au courant des d\u00e9veloppements. La s\u00e9curit\u00e9 de chacun d\u00e9pend de la vigilance collective et de la prudence dans ces moments difficiles.<\/p>\n<div class=\"va-texas-faq\">\n<h2>Questions fr\u00e9quentes<\/h2>\n<div class=\"va-texas-acc\">\n<details>\n<summary><span>Quelles routes sont touch\u00e9es dans l&rsquo;ouest du Texas ?<\/span><span class=\"va-texas-plus\">+<\/span><\/summary>\n<div class=\"va-texas-ans\">L&rsquo;axe le plus expos\u00e9 est l&rsquo;I-27, qui relie Lubbock \u00e0 Amarillo : plusieurs accidents y ont entra\u00een\u00e9 d&rsquo;importants retards. Les autorit\u00e9s recommandent de consulter les cartes des accidents et des fermetures de routes avant de partir.<\/div>\n<\/details>\n<details>\n<summary><span>Pourquoi y a-t-il des coupures de courant volontaires ?<\/span><span class=\"va-texas-plus\">+<\/span><\/summary>\n<div class=\"va-texas-ans\">Xcel Energy met en place des coupures pr\u00e9ventives, connues sous le nom de Public Safety Power Shutoff, afin de r\u00e9duire le risque d&rsquo;incendies de for\u00eat li\u00e9 aux vents forts sur les lignes \u00e9lectriques.<\/div>\n<\/details>\n<details>\n<summary><span>Que faire si je dois me d\u00e9placer dans la r\u00e9gion ?<\/span><span class=\"va-texas-plus\">+<\/span><\/summary>\n<div class=\"va-texas-ans\">Les autorit\u00e9s locales recommandent d&rsquo;\u00e9viter les routes sauf en cas de n\u00e9cessit\u00e9 absolue. Si le d\u00e9placement est indispensable, privil\u00e9giez une route alternative, suivez les alertes m\u00e9t\u00e9o et restez inform\u00e9 de l&rsquo;\u00e9volution de la situation.<\/div>\n<\/details><\/div>\n<\/div>\n<\/div>\n","protected":false},"excerpt":{"rendered":"","protected":false},"author":34,"featured_media":19912,"comment_status":"open","ping_status":"open","sticky":false,"template":"","format":"standard","meta":{"_acf_changed":false,"manual_indexmenow":false,"indexmenow_id_project":0,"footnotes":""},"categories":[1],"tags":[4646,3726,3878,3170,4635],"class_list":["post-14849","post","type-post","status-publish","format-standard","has-post-thumbnail","hentry","category-a-la-une","tag-assistance","tag-conditions-meteorologiques","tag-protection","tag-securite","tag-voyage","generate-columns","tablet-grid-50","mobile-grid-100","grid-parent","grid-25"],"acf":[],"yoast_head":"<!-- This site is optimized with the Yoast SEO Premium plugin v21.3 (Yoast SEO v25.1) - https:\/\/yoast.com\/wordpress\/plugins\/seo\/ -->\n<title>Voyage perturb\u00e9 et coupures de courant : les vents violents<\/title>\n<meta name=\"description\" content=\"Des vents violents balaient l&#039;ouest du Texas, paralysant la circulation et privant d&#039;\u00e9lectricit\u00e9 une partie de la r\u00e9gion de Lubbock. Pour qui voyage ou\" \/>\n<meta name=\"robots\" content=\"index, follow, max-snippet:-1, max-image-preview:large, max-video-preview:-1\" \/>\n<link rel=\"canonical\" href=\"https:\/\/voyage-aventure.com\/blog\/a-la-une\/voyage-perturbe-et-coupures-de-courant-les-vents-violents-du-texas-frappent-fort\/\" \/>\n<meta property=\"og:locale\" content=\"fr_FR\" \/>\n<meta property=\"og:type\" content=\"article\" \/>\n<meta property=\"og:title\" content=\"Voyage perturb\u00e9 et coupures de courant : les vents violents\" \/>\n<meta property=\"og:description\" content=\"Des vents violents balaient l&#039;ouest du Texas, paralysant la circulation et privant d&#039;\u00e9lectricit\u00e9 une partie de la r\u00e9gion de Lubbock. Pour qui voyage ou\" \/>\n<meta property=\"og:url\" content=\"https:\/\/voyage-aventure.com\/blog\/a-la-une\/voyage-perturbe-et-coupures-de-courant-les-vents-violents-du-texas-frappent-fort\/\" \/>\n<meta property=\"og:site_name\" content=\"voyage-aventure\" \/>\n<meta property=\"og:image\" content=\"https:\/\/voyage-aventure.com\/blog\/wp-content\/uploads\/2025\/05\/sdxl-c1d5d0df7406f21e7b78d462a9073797-scaled.png\" \/>\n\t<meta property=\"og:image:width\" content=\"1200\" \/>\n\t<meta property=\"og:image:height\" content=\"500\" \/>\n\t<meta property=\"og:image:type\" content=\"image\/png\" \/>\n<meta name=\"author\" content=\"Camille Rouvray\" \/>\n<meta name=\"twitter:card\" content=\"summary_large_image\" \/>\n<script type=\"application\/ld+json\" class=\"yoast-schema-graph\">{\"@context\":\"https:\/\/schema.org\",\"@graph\":[{\"@type\":\"NewsArticle\",\"@id\":\"https:\/\/voyage-aventure.com\/blog\/a-la-une\/voyage-perturbe-et-coupures-de-courant-les-vents-violents-du-texas-frappent-fort\/#article\",\"isPartOf\":{\"@id\":\"https:\/\/voyage-aventure.com\/blog\/a-la-une\/voyage-perturbe-et-coupures-de-courant-les-vents-violents-du-texas-frappent-fort\/\"},\"author\":{\"name\":\"Camille Rouvray\",\"@id\":\"https:\/\/voyage-aventure.com\/blog\/#\/schema\/person\/3c864cdc320801e3db34b663e7e3f816\"},\"headline\":\"Voyage perturb\u00e9 et coupures de courant : les vents violents du Texas frappent fort\",\"datePublished\":\"2026-06-16T15:07:22+00:00\",\"mainEntityOfPage\":{\"@id\":\"https:\/\/voyage-aventure.com\/blog\/a-la-une\/voyage-perturbe-et-coupures-de-courant-les-vents-violents-du-texas-frappent-fort\/\"},\"wordCount\":857,\"commentCount\":19,\"publisher\":{\"@id\":\"https:\/\/voyage-aventure.com\/blog\/#organization\"},\"image\":{\"@id\":\"https:\/\/voyage-aventure.com\/blog\/a-la-une\/voyage-perturbe-et-coupures-de-courant-les-vents-violents-du-texas-frappent-fort\/#primaryimage\"},\"thumbnailUrl\":\"https:\/\/voyage-aventure.com\/blog\/wp-content\/uploads\/2025\/05\/sdxl-c1d5d0df7406f21e7b78d462a9073797-scaled.png\",\"keywords\":[\"Assistance\",\"Conditions M\u00e9t\u00e9orologiques\",\"Protection\",\"S\u00e9curit\u00e9\",\"Voyage\"],\"articleSection\":[\"\u00c0 la une\"],\"inLanguage\":\"fr-FR\",\"potentialAction\":[{\"@type\":\"CommentAction\",\"name\":\"Comment\",\"target\":[\"https:\/\/voyage-aventure.com\/blog\/a-la-une\/voyage-perturbe-et-coupures-de-courant-les-vents-violents-du-texas-frappent-fort\/#respond\"]}]},{\"@type\":\"WebPage\",\"@id\":\"https:\/\/voyage-aventure.com\/blog\/a-la-une\/voyage-perturbe-et-coupures-de-courant-les-vents-violents-du-texas-frappent-fort\/\",\"url\":\"https:\/\/voyage-aventure.com\/blog\/a-la-une\/voyage-perturbe-et-coupures-de-courant-les-vents-violents-du-texas-frappent-fort\/\",\"name\":\"Voyage perturb\u00e9 et coupures de courant : les vents violents\",\"isPartOf\":{\"@id\":\"https:\/\/voyage-aventure.com\/blog\/#website\"},\"primaryImageOfPage\":{\"@id\":\"https:\/\/voyage-aventure.com\/blog\/a-la-une\/voyage-perturbe-et-coupures-de-courant-les-vents-violents-du-texas-frappent-fort\/#primaryimage\"},\"image\":{\"@id\":\"https:\/\/voyage-aventure.com\/blog\/a-la-une\/voyage-perturbe-et-coupures-de-courant-les-vents-violents-du-texas-frappent-fort\/#primaryimage\"},\"thumbnailUrl\":\"https:\/\/voyage-aventure.com\/blog\/wp-content\/uploads\/2025\/05\/sdxl-c1d5d0df7406f21e7b78d462a9073797-scaled.png\",\"datePublished\":\"2026-06-16T15:07:22+00:00\",\"description\":\"Des vents violents balaient l'ouest du Texas, paralysant la circulation et privant d'\u00e9lectricit\u00e9 une partie de la r\u00e9gion de Lubbock. Pour qui voyage ou\",\"inLanguage\":\"fr-FR\",\"potentialAction\":[{\"@type\":\"ReadAction\",\"target\":[\"https:\/\/voyage-aventure.com\/blog\/a-la-une\/voyage-perturbe-et-coupures-de-courant-les-vents-violents-du-texas-frappent-fort\/\"]}]},{\"@type\":\"ImageObject\",\"inLanguage\":\"fr-FR\",\"@id\":\"https:\/\/voyage-aventure.com\/blog\/a-la-une\/voyage-perturbe-et-coupures-de-courant-les-vents-violents-du-texas-frappent-fort\/#primaryimage\",\"url\":\"https:\/\/voyage-aventure.com\/blog\/wp-content\/uploads\/2025\/05\/sdxl-c1d5d0df7406f21e7b78d462a9073797-scaled.png\",\"contentUrl\":\"https:\/\/voyage-aventure.com\/blog\/wp-content\/uploads\/2025\/05\/sdxl-c1d5d0df7406f21e7b78d462a9073797-scaled.png\",\"width\":1200,\"height\":500},{\"@type\":\"WebSite\",\"@id\":\"https:\/\/voyage-aventure.com\/blog\/#website\",\"url\":\"https:\/\/voyage-aventure.com\/blog\/\",\"name\":\"voyage-aventure.com\",\"description\":\"Votre passeport pour l\u2019inattendu.\",\"publisher\":{\"@id\":\"https:\/\/voyage-aventure.com\/blog\/#organization\"},\"alternateName\":\"Votre passeport pour l\u2019inattendu.\",\"potentialAction\":[{\"@type\":\"SearchAction\",\"target\":{\"@type\":\"EntryPoint\",\"urlTemplate\":\"https:\/\/voyage-aventure.com\/blog\/?s={search_term_string}\"},\"query-input\":{\"@type\":\"PropertyValueSpecification\",\"valueRequired\":true,\"valueName\":\"search_term_string\"}}],\"inLanguage\":\"fr-FR\"},{\"@type\":\"Organization\",\"@id\":\"https:\/\/voyage-aventure.com\/blog\/#organization\",\"name\":\"Foretsensations.fr\",\"url\":\"https:\/\/voyage-aventure.com\/blog\/\",\"logo\":{\"@type\":\"ImageObject\",\"inLanguage\":\"fr-FR\",\"@id\":\"https:\/\/voyage-aventure.com\/blog\/#\/schema\/logo\/image\/\",\"url\":\"https:\/\/voyage-aventure.com\/blog\/wp-content\/uploads\/2024\/12\/19.png\",\"contentUrl\":\"https:\/\/voyage-aventure.com\/blog\/wp-content\/uploads\/2024\/12\/19.png\",\"width\":512,\"height\":512,\"caption\":\"Foretsensations.fr\"},\"image\":{\"@id\":\"https:\/\/voyage-aventure.com\/blog\/#\/schema\/logo\/image\/\"}},{\"@type\":\"Person\",\"@id\":\"https:\/\/voyage-aventure.com\/blog\/#\/schema\/person\/3c864cdc320801e3db34b663e7e3f816\",\"name\":\"Camille Rouvray\",\"image\":{\"@type\":\"ImageObject\",\"inLanguage\":\"fr-FR\",\"@id\":\"https:\/\/voyage-aventure.com\/blog\/#\/schema\/person\/image\/\",\"url\":\"https:\/\/voyage-aventure.com\/blog\/wp-content\/uploads\/2026\/06\/persona_camille-r-96x96.jpg\",\"contentUrl\":\"https:\/\/voyage-aventure.com\/blog\/wp-content\/uploads\/2026\/06\/persona_camille-r-96x96.jpg\",\"caption\":\"Camille Rouvray\"},\"description\":\"Je voyage et j'\u00e9cris sur le voyage depuis une douzaine d'ann\u00e9es, d'abord en tant que routarde au long cours, puis comme r\u00e9dactrice sp\u00e9cialis\u00e9e. Mon terrain de pr\u00e9dilection, ce sont les circuits organis\u00e9s et l'art de bien pr\u00e9parer un itin\u00e9raire : choix de la saison, dur\u00e9e r\u00e9aliste des \u00e9tapes, budget jour par jour, logement et transport sur place. J'aime aussi raconter les p\u00e9pites urbaines, ces adresses qu'on ne trouve pas dans les guides classiques. Avant de publier un dossier destination, je croise toujours plusieurs sources, je v\u00e9rifie les tarifs et les formalit\u00e9s d'entr\u00e9e \u00e0 jour, et je teste moi-m\u00eame quand je le peux. Mon angle reste pratique avant tout : aider le lecteur \u00e0 partir l'esprit tranquille, sans mauvaise surprise une fois sur place. Je m'attache \u00e0 distinguer le coup de c\u0153ur sinc\u00e8re du simple argument marketing.\",\"sameAs\":[\"https:\/\/camillerouvray.fr\/\"],\"url\":\"https:\/\/voyage-aventure.com\/blog\/auteur\/noname\/\"}]}<\/script>\n<!-- \/ Yoast SEO Premium plugin. -->","yoast_head_json":{"title":"Voyage perturb\u00e9 et coupures de courant : les vents violents","description":"Des vents violents balaient l'ouest du Texas, paralysant la circulation et privant d'\u00e9lectricit\u00e9 une partie de la r\u00e9gion de Lubbock. Pour qui voyage ou","robots":{"index":"index","follow":"follow","max-snippet":"max-snippet:-1","max-image-preview":"max-image-preview:large","max-video-preview":"max-video-preview:-1"},"canonical":"https:\/\/voyage-aventure.com\/blog\/a-la-une\/voyage-perturbe-et-coupures-de-courant-les-vents-violents-du-texas-frappent-fort\/","og_locale":"fr_FR","og_type":"article","og_title":"Voyage perturb\u00e9 et coupures de courant : les vents violents","og_description":"Des vents violents balaient l'ouest du Texas, paralysant la circulation et privant d'\u00e9lectricit\u00e9 une partie de la r\u00e9gion de Lubbock. Pour qui voyage ou","og_url":"https:\/\/voyage-aventure.com\/blog\/a-la-une\/voyage-perturbe-et-coupures-de-courant-les-vents-violents-du-texas-frappent-fort\/","og_site_name":"voyage-aventure","og_image":[{"width":1200,"height":500,"url":"https:\/\/voyage-aventure.com\/blog\/wp-content\/uploads\/2025\/05\/sdxl-c1d5d0df7406f21e7b78d462a9073797-scaled.png","type":"image\/png"}],"author":"Camille Rouvray","twitter_card":"summary_large_image","schema":{"@context":"https:\/\/schema.org","@graph":[{"@type":"NewsArticle","@id":"https:\/\/voyage-aventure.com\/blog\/a-la-une\/voyage-perturbe-et-coupures-de-courant-les-vents-violents-du-texas-frappent-fort\/#article","isPartOf":{"@id":"https:\/\/voyage-aventure.com\/blog\/a-la-une\/voyage-perturbe-et-coupures-de-courant-les-vents-violents-du-texas-frappent-fort\/"},"author":{"name":"Camille Rouvray","@id":"https:\/\/voyage-aventure.com\/blog\/#\/schema\/person\/3c864cdc320801e3db34b663e7e3f816"},"headline":"Voyage perturb\u00e9 et coupures de courant : les vents violents du Texas frappent fort","datePublished":"2026-06-16T15:07:22+00:00","mainEntityOfPage":{"@id":"https:\/\/voyage-aventure.com\/blog\/a-la-une\/voyage-perturbe-et-coupures-de-courant-les-vents-violents-du-texas-frappent-fort\/"},"wordCount":857,"commentCount":19,"publisher":{"@id":"https:\/\/voyage-aventure.com\/blog\/#organization"},"image":{"@id":"https:\/\/voyage-aventure.com\/blog\/a-la-une\/voyage-perturbe-et-coupures-de-courant-les-vents-violents-du-texas-frappent-fort\/#primaryimage"},"thumbnailUrl":"https:\/\/voyage-aventure.com\/blog\/wp-content\/uploads\/2025\/05\/sdxl-c1d5d0df7406f21e7b78d462a9073797-scaled.png","keywords":["Assistance","Conditions M\u00e9t\u00e9orologiques","Protection","S\u00e9curit\u00e9","Voyage"],"articleSection":["\u00c0 la une"],"inLanguage":"fr-FR","potentialAction":[{"@type":"CommentAction","name":"Comment","target":["https:\/\/voyage-aventure.com\/blog\/a-la-une\/voyage-perturbe-et-coupures-de-courant-les-vents-violents-du-texas-frappent-fort\/#respond"]}]},{"@type":"WebPage","@id":"https:\/\/voyage-aventure.com\/blog\/a-la-une\/voyage-perturbe-et-coupures-de-courant-les-vents-violents-du-texas-frappent-fort\/","url":"https:\/\/voyage-aventure.com\/blog\/a-la-une\/voyage-perturbe-et-coupures-de-courant-les-vents-violents-du-texas-frappent-fort\/","name":"Voyage perturb\u00e9 et coupures de courant : les vents violents","isPartOf":{"@id":"https:\/\/voyage-aventure.com\/blog\/#website"},"primaryImageOfPage":{"@id":"https:\/\/voyage-aventure.com\/blog\/a-la-une\/voyage-perturbe-et-coupures-de-courant-les-vents-violents-du-texas-frappent-fort\/#primaryimage"},"image":{"@id":"https:\/\/voyage-aventure.com\/blog\/a-la-une\/voyage-perturbe-et-coupures-de-courant-les-vents-violents-du-texas-frappent-fort\/#primaryimage"},"thumbnailUrl":"https:\/\/voyage-aventure.com\/blog\/wp-content\/uploads\/2025\/05\/sdxl-c1d5d0df7406f21e7b78d462a9073797-scaled.png","datePublished":"2026-06-16T15:07:22+00:00","description":"Des vents violents balaient l'ouest du Texas, paralysant la circulation et privant d'\u00e9lectricit\u00e9 une partie de la r\u00e9gion de Lubbock. Pour qui voyage ou","inLanguage":"fr-FR","potentialAction":[{"@type":"ReadAction","target":["https:\/\/voyage-aventure.com\/blog\/a-la-une\/voyage-perturbe-et-coupures-de-courant-les-vents-violents-du-texas-frappent-fort\/"]}]},{"@type":"ImageObject","inLanguage":"fr-FR","@id":"https:\/\/voyage-aventure.com\/blog\/a-la-une\/voyage-perturbe-et-coupures-de-courant-les-vents-violents-du-texas-frappent-fort\/#primaryimage","url":"https:\/\/voyage-aventure.com\/blog\/wp-content\/uploads\/2025\/05\/sdxl-c1d5d0df7406f21e7b78d462a9073797-scaled.png","contentUrl":"https:\/\/voyage-aventure.com\/blog\/wp-content\/uploads\/2025\/05\/sdxl-c1d5d0df7406f21e7b78d462a9073797-scaled.png","width":1200,"height":500},{"@type":"WebSite","@id":"https:\/\/voyage-aventure.com\/blog\/#website","url":"https:\/\/voyage-aventure.com\/blog\/","name":"voyage-aventure.com","description":"Votre passeport pour l\u2019inattendu.","publisher":{"@id":"https:\/\/voyage-aventure.com\/blog\/#organization"},"alternateName":"Votre passeport pour l\u2019inattendu.","potentialAction":[{"@type":"SearchAction","target":{"@type":"EntryPoint","urlTemplate":"https:\/\/voyage-aventure.com\/blog\/?s={search_term_string}"},"query-input":{"@type":"PropertyValueSpecification","valueRequired":true,"valueName":"search_term_string"}}],"inLanguage":"fr-FR"},{"@type":"Organization","@id":"https:\/\/voyage-aventure.com\/blog\/#organization","name":"Foretsensations.fr","url":"https:\/\/voyage-aventure.com\/blog\/","logo":{"@type":"ImageObject","inLanguage":"fr-FR","@id":"https:\/\/voyage-aventure.com\/blog\/#\/schema\/logo\/image\/","url":"https:\/\/voyage-aventure.com\/blog\/wp-content\/uploads\/2024\/12\/19.png","contentUrl":"https:\/\/voyage-aventure.com\/blog\/wp-content\/uploads\/2024\/12\/19.png","width":512,"height":512,"caption":"Foretsensations.fr"},"image":{"@id":"https:\/\/voyage-aventure.com\/blog\/#\/schema\/logo\/image\/"}},{"@type":"Person","@id":"https:\/\/voyage-aventure.com\/blog\/#\/schema\/person\/3c864cdc320801e3db34b663e7e3f816","name":"Camille Rouvray","image":{"@type":"ImageObject","inLanguage":"fr-FR","@id":"https:\/\/voyage-aventure.com\/blog\/#\/schema\/person\/image\/","url":"https:\/\/voyage-aventure.com\/blog\/wp-content\/uploads\/2026\/06\/persona_camille-r-96x96.jpg","contentUrl":"https:\/\/voyage-aventure.com\/blog\/wp-content\/uploads\/2026\/06\/persona_camille-r-96x96.jpg","caption":"Camille Rouvray"},"description":"Je voyage et j'\u00e9cris sur le voyage depuis une douzaine d'ann\u00e9es, d'abord en tant que routarde au long cours, puis comme r\u00e9dactrice sp\u00e9cialis\u00e9e. Mon terrain de pr\u00e9dilection, ce sont les circuits organis\u00e9s et l'art de bien pr\u00e9parer un itin\u00e9raire : choix de la saison, dur\u00e9e r\u00e9aliste des \u00e9tapes, budget jour par jour, logement et transport sur place. J'aime aussi raconter les p\u00e9pites urbaines, ces adresses qu'on ne trouve pas dans les guides classiques. Avant de publier un dossier destination, je croise toujours plusieurs sources, je v\u00e9rifie les tarifs et les formalit\u00e9s d'entr\u00e9e \u00e0 jour, et je teste moi-m\u00eame quand je le peux. Mon angle reste pratique avant tout : aider le lecteur \u00e0 partir l'esprit tranquille, sans mauvaise surprise une fois sur place. Je m'attache \u00e0 distinguer le coup de c\u0153ur sinc\u00e8re du simple argument marketing.","sameAs":["https:\/\/camillerouvray.fr\/"],"url":"https:\/\/voyage-aventure.com\/blog\/auteur\/noname\/"}]}},"_links":{"self":[{"href":"https:\/\/voyage-aventure.com\/blog\/wp-json\/wp\/v2\/posts\/14849","targetHints":{"allow":["GET"]}}],"collection":[{"href":"https:\/\/voyage-aventure.com\/blog\/wp-json\/wp\/v2\/posts"}],"about":[{"href":"https:\/\/voyage-aventure.com\/blog\/wp-json\/wp\/v2\/types\/post"}],"author":[{"embeddable":true,"href":"https:\/\/voyage-aventure.com\/blog\/wp-json\/wp\/v2\/users\/34"}],"replies":[{"embeddable":true,"href":"https:\/\/voyage-aventure.com\/blog\/wp-json\/wp\/v2\/comments?post=14849"}],"version-history":[{"count":3,"href":"https:\/\/voyage-aventure.com\/blog\/wp-json\/wp\/v2\/posts\/14849\/revisions"}],"predecessor-version":[{"id":22766,"href":"https:\/\/voyage-aventure.com\/blog\/wp-json\/wp\/v2\/posts\/14849\/revisions\/22766"}],"wp:featuredmedia":[{"embeddable":true,"href":"https:\/\/voyage-aventure.com\/blog\/wp-json\/wp\/v2\/media\/19912"}],"wp:attachment":[{"href":"https:\/\/voyage-aventure.com\/blog\/wp-json\/wp\/v2\/media?parent=14849"}],"wp:term":[{"taxonomy":"category","embeddable":true,"href":"https:\/\/voyage-aventure.com\/blog\/wp-json\/wp\/v2\/categories?post=14849"},{"taxonomy":"post_tag","embeddable":true,"href":"https:\/\/voyage-aventure.com\/blog\/wp-json\/wp\/v2\/tags?post=14849"}],"curies":[{"name":"wp","href":"https:\/\/api.w.org\/{rel}","templated":true}]}}