{"id":14827,"date":"2025-03-17T08:34:19","date_gmt":"2025-03-17T07:34:19","guid":{"rendered":"https:\/\/voyage-aventure.com\/blog\/?p=14827"},"modified":"2025-03-17T08:34:19","modified_gmt":"2025-03-17T07:34:19","slug":"un-voyage-despoir-des-jeunes-naviguent-pour-la-paix-en-mediterranee","status":"publish","type":"post","link":"https:\/\/voyage-aventure.com\/blog\/destinations-aventure\/un-voyage-despoir-des-jeunes-naviguent-pour-la-paix-en-mediterranee\/","title":{"rendered":"Un voyage d&rsquo;espoir : des jeunes naviguent pour la paix en M\u00e9diterran\u00e9e"},"content":{"rendered":"<h2>Un projet ambitieux pour la paix<\/h2>\n<p>Le 1er mars 2025, la ville embl\u00e9matique de Barcelone a donn\u00e9 le coup d&rsquo;envoi \u00e0 une aventure extraordinaire. Le navire-\u00e9cole Bel Espoir, charg\u00e9 de 200 jeunes issus de diff\u00e9rentes cultures et religions, partira pour un voyage de huit mois \u00e0 travers la M\u00e9diterran\u00e9e. Ce projet, d\u00e9nomm\u00e9 MED25, a \u00e9t\u00e9 initi\u00e9 par les archev\u00each\u00e9s de Barcelone et de Marseille dans le but de favoriser le dialogue et l&rsquo;unit\u00e9.<\/p>\n<p>Avec des racines remontant au Moyen \u00c2ge, Barcelone a toujours \u00e9t\u00e9 un port cl\u00e9 pour ceux qui aspirent \u00e0 la paix. L&rsquo;h\u00e9ritage de Saint Ignace de Loyola, qui a quitt\u00e9 cette ville pour une qu\u00eate spirituelle, reste vivant. Aujourd&rsquo;hui, c&rsquo;est une nouvelle g\u00e9n\u00e9ration qui prend le relais, se d\u00e9vouant \u00e0 la diffusion de l&rsquo;espoir dans un monde souvent divis\u00e9.<\/p>\n<p><iframe loading=\"lazy\" title=\"\ud83d\udd0d The Perfume of the Lady in Black \ud83d\udd75\ufe0f\u200d\u2642\ufe0f | A Riveting Sequel to The Mystery of the Yellow Room!\" width=\"1200\" height=\"675\" src=\"https:\/\/www.youtube.com\/embed\/08cNAEC_Zl8?feature=oembed\" frameborder=\"0\" allow=\"accelerometer; autoplay; clipboard-write; encrypted-media; gyroscope; picture-in-picture; web-share\" referrerpolicy=\"strict-origin-when-cross-origin\" allowfullscreen><\/iframe><\/p>\n<h2>Naviguer pour la compr\u00e9hension interculturelle<\/h2>\n<p>Les participants au voyage seront r\u00e9partis en huit \u00e9quipes de 25 personnes, chacune passant deux semaines \u00e0 bord du Bel Espoir. Ils seront encadr\u00e9s par l&rsquo;association fran\u00e7aise Amis du Jeudi-Dimanche (AJD) et participeront \u00e0 des s\u00e9minaires sur des probl\u00e9matiques cruciales telles que le dialogue interculturel, l&rsquo;environnement et les d\u00e9fis \u00e9conomiques. <\/p>\n<p>Le parcours d\u00e9butera \u00e0 Barcelone, puis se dirigera vers des ports tels que Tetouan au Maroc, en passant par des villes embl\u00e9matiques comme Naples et Istanbul. Chaque escale offre une occasion d&rsquo;\u00e9change et de fraternit\u00e9, renfor\u00e7ant les liens entre les cultures.<\/p>\n<h2>Un symbole d&rsquo;espoir pour le Jubil\u00e9 2025<\/h2>\n<p>Ce voyage d\u00e9passe le simple cadre d&rsquo;une aventure maritime; il incarne un symbole d&rsquo;espoir dans le contexte du Jubil\u00e9 2025, dont le th\u00e8me est \u00ab P\u00e8lerins de l&rsquo;espoir \u00bb. Ce moment de renouveau spirituel invite \u00e0 la r\u00e9conciliation et \u00e0 la cr\u00e9ation de ponts entre les communaut\u00e9s. <\/p>\n<p>Comme l&rsquo;a soulign\u00e9 le Pape Fran\u00e7ois, cette p\u00e9riode doit servir \u00e0 raviver l&rsquo;espoir dans un monde fractur\u00e9. Les jeunes \u00e0 bord du Bel Espoir deviendront des ambassadeurs de la paix, naviguant sur des eaux qui ont depuis des si\u00e8cles reli\u00e9 des peuples et des traditions.<\/p>\n<blockquote><p>\n\u00ab Cette mer ne nous s\u00e9pare pas, elle nous unit. \u00bb &#8211; Pape Fran\u00e7ois\n<\/p><\/blockquote>\n<ul>\n<li>Voyage de 8 mois \u00e0 travers la M\u00e9diterran\u00e9e<\/li>\n<li>200 jeunes de diff\u00e9rentes cultures et religions<\/li>\n<li>Partenariat avec les archev\u00each\u00e9s de Barcelone et Marseille<\/li>\n<li>Enseignement sur des sujets comme le dialogue interculturel<\/li>\n<li>Port\u00e9e symbolique pour le Jubil\u00e9 2025<\/li>\n<\/ul>\n<p>En somme, le Bel Espoir est bien plus qu&rsquo;un simple navire; il repr\u00e9sente une lueur d&rsquo;espoir et une promesse de dialogue dans un monde o\u00f9 les divisions sont trop souvent mises en avant. Barcelone, en tant que point de d\u00e9part, incarne cette philosophie d&rsquo;ouverture. Ce projet rappelle \u00e0 chacun que, malgr\u00e9 les diff\u00e9rences, il est possible de naviguer ensemble vers un avenir meilleur.<\/p>\n","protected":false},"excerpt":{"rendered":"","protected":false},"author":34,"featured_media":19821,"comment_status":"open","ping_status":"open","sticky":false,"template":"","format":"standard","meta":{"_acf_changed":false,"manual_indexmenow":false,"indexmenow_id_project":0,"footnotes":""},"categories":[4520],"tags":[4639,4636,6132,4526,4551],"class_list":["post-14827","post","type-post","status-publish","format-standard","has-post-thumbnail","hentry","category-destinations-aventure","tag-aventure","tag-destinations","tag-dialogue-interculturel","tag-voyage-economique","tag-voyage-solidaire","generate-columns","tablet-grid-50","mobile-grid-100","grid-parent","grid-25"],"acf":[],"yoast_head":"<!-- This site is optimized with the Yoast SEO Premium plugin v21.3 (Yoast SEO v25.1) - https:\/\/yoast.com\/wordpress\/plugins\/seo\/ -->\n<title>Un voyage d&#039;espoir : des jeunes naviguent pour la paix en<\/title>\n<meta name=\"description\" content=\"Le 1er mars 2025, la ville embl\u00e9matique de Barcelone a donn\u00e9 le coup d&#039;envoi \u00e0 une aventure extraordinaire. Le navire-\u00e9cole Bel Espoir, charg\u00e9 de 200\" \/>\n<meta name=\"robots\" content=\"index, follow, max-snippet:-1, max-image-preview:large, max-video-preview:-1\" \/>\n<link rel=\"canonical\" href=\"https:\/\/voyage-aventure.com\/blog\/destinations-aventure\/un-voyage-despoir-des-jeunes-naviguent-pour-la-paix-en-mediterranee\/\" \/>\n<meta property=\"og:locale\" content=\"fr_FR\" \/>\n<meta property=\"og:type\" content=\"article\" \/>\n<meta property=\"og:title\" content=\"Un voyage d&#039;espoir : des jeunes naviguent pour la paix en\" \/>\n<meta property=\"og:description\" content=\"Le 1er mars 2025, la ville embl\u00e9matique de Barcelone a donn\u00e9 le coup d&#039;envoi \u00e0 une aventure extraordinaire. Le navire-\u00e9cole Bel Espoir, charg\u00e9 de 200\" \/>\n<meta property=\"og:url\" content=\"https:\/\/voyage-aventure.com\/blog\/destinations-aventure\/un-voyage-despoir-des-jeunes-naviguent-pour-la-paix-en-mediterranee\/\" \/>\n<meta property=\"og:site_name\" content=\"voyage-aventure\" \/>\n<meta property=\"og:image\" content=\"https:\/\/voyage-aventure.com\/blog\/wp-content\/uploads\/2025\/05\/sdxl-c99b2750f5ad1f11171d8cd044d821fb-scaled.png\" \/>\n\t<meta property=\"og:image:width\" content=\"1200\" \/>\n\t<meta property=\"og:image:height\" content=\"500\" \/>\n\t<meta property=\"og:image:type\" content=\"image\/png\" \/>\n<meta name=\"author\" content=\"Camille Rouvray\" \/>\n<meta name=\"twitter:card\" content=\"summary_large_image\" \/>\n<script type=\"application\/ld+json\" class=\"yoast-schema-graph\">{\"@context\":\"https:\/\/schema.org\",\"@graph\":[{\"@type\":\"NewsArticle\",\"@id\":\"https:\/\/voyage-aventure.com\/blog\/destinations-aventure\/un-voyage-despoir-des-jeunes-naviguent-pour-la-paix-en-mediterranee\/#article\",\"isPartOf\":{\"@id\":\"https:\/\/voyage-aventure.com\/blog\/destinations-aventure\/un-voyage-despoir-des-jeunes-naviguent-pour-la-paix-en-mediterranee\/\"},\"author\":{\"name\":\"Camille Rouvray\",\"@id\":\"https:\/\/voyage-aventure.com\/blog\/#\/schema\/person\/3c864cdc320801e3db34b663e7e3f816\"},\"headline\":\"Un voyage d&rsquo;espoir : des jeunes naviguent pour la paix en M\u00e9diterran\u00e9e\",\"datePublished\":\"2025-03-17T07:34:19+00:00\",\"mainEntityOfPage\":{\"@id\":\"https:\/\/voyage-aventure.com\/blog\/destinations-aventure\/un-voyage-despoir-des-jeunes-naviguent-pour-la-paix-en-mediterranee\/\"},\"wordCount\":496,\"commentCount\":26,\"publisher\":{\"@id\":\"https:\/\/voyage-aventure.com\/blog\/#organization\"},\"image\":{\"@id\":\"https:\/\/voyage-aventure.com\/blog\/destinations-aventure\/un-voyage-despoir-des-jeunes-naviguent-pour-la-paix-en-mediterranee\/#primaryimage\"},\"thumbnailUrl\":\"https:\/\/voyage-aventure.com\/blog\/wp-content\/uploads\/2025\/05\/sdxl-c99b2750f5ad1f11171d8cd044d821fb-scaled.png\",\"keywords\":[\"Aventure\",\"Destinations\",\"Dialogue Interculturel\",\"Voyage \u00c9conomique\",\"Voyage solidaire\"],\"articleSection\":[\"Destinations Aventure\"],\"inLanguage\":\"fr-FR\",\"potentialAction\":[{\"@type\":\"CommentAction\",\"name\":\"Comment\",\"target\":[\"https:\/\/voyage-aventure.com\/blog\/destinations-aventure\/un-voyage-despoir-des-jeunes-naviguent-pour-la-paix-en-mediterranee\/#respond\"]}]},{\"@type\":\"WebPage\",\"@id\":\"https:\/\/voyage-aventure.com\/blog\/destinations-aventure\/un-voyage-despoir-des-jeunes-naviguent-pour-la-paix-en-mediterranee\/\",\"url\":\"https:\/\/voyage-aventure.com\/blog\/destinations-aventure\/un-voyage-despoir-des-jeunes-naviguent-pour-la-paix-en-mediterranee\/\",\"name\":\"Un voyage d'espoir : des jeunes naviguent pour la paix en\",\"isPartOf\":{\"@id\":\"https:\/\/voyage-aventure.com\/blog\/#website\"},\"primaryImageOfPage\":{\"@id\":\"https:\/\/voyage-aventure.com\/blog\/destinations-aventure\/un-voyage-despoir-des-jeunes-naviguent-pour-la-paix-en-mediterranee\/#primaryimage\"},\"image\":{\"@id\":\"https:\/\/voyage-aventure.com\/blog\/destinations-aventure\/un-voyage-despoir-des-jeunes-naviguent-pour-la-paix-en-mediterranee\/#primaryimage\"},\"thumbnailUrl\":\"https:\/\/voyage-aventure.com\/blog\/wp-content\/uploads\/2025\/05\/sdxl-c99b2750f5ad1f11171d8cd044d821fb-scaled.png\",\"datePublished\":\"2025-03-17T07:34:19+00:00\",\"description\":\"Le 1er mars 2025, la ville embl\u00e9matique de Barcelone a donn\u00e9 le coup d'envoi \u00e0 une aventure extraordinaire. Le navire-\u00e9cole Bel Espoir, charg\u00e9 de 200\",\"inLanguage\":\"fr-FR\",\"potentialAction\":[{\"@type\":\"ReadAction\",\"target\":[\"https:\/\/voyage-aventure.com\/blog\/destinations-aventure\/un-voyage-despoir-des-jeunes-naviguent-pour-la-paix-en-mediterranee\/\"]}]},{\"@type\":\"ImageObject\",\"inLanguage\":\"fr-FR\",\"@id\":\"https:\/\/voyage-aventure.com\/blog\/destinations-aventure\/un-voyage-despoir-des-jeunes-naviguent-pour-la-paix-en-mediterranee\/#primaryimage\",\"url\":\"https:\/\/voyage-aventure.com\/blog\/wp-content\/uploads\/2025\/05\/sdxl-c99b2750f5ad1f11171d8cd044d821fb-scaled.png\",\"contentUrl\":\"https:\/\/voyage-aventure.com\/blog\/wp-content\/uploads\/2025\/05\/sdxl-c99b2750f5ad1f11171d8cd044d821fb-scaled.png\",\"width\":1200,\"height\":500},{\"@type\":\"WebSite\",\"@id\":\"https:\/\/voyage-aventure.com\/blog\/#website\",\"url\":\"https:\/\/voyage-aventure.com\/blog\/\",\"name\":\"voyage-aventure.com\",\"description\":\"Votre passeport pour l\u2019inattendu.\",\"publisher\":{\"@id\":\"https:\/\/voyage-aventure.com\/blog\/#organization\"},\"alternateName\":\"Votre passeport pour l\u2019inattendu.\",\"potentialAction\":[{\"@type\":\"SearchAction\",\"target\":{\"@type\":\"EntryPoint\",\"urlTemplate\":\"https:\/\/voyage-aventure.com\/blog\/?s={search_term_string}\"},\"query-input\":{\"@type\":\"PropertyValueSpecification\",\"valueRequired\":true,\"valueName\":\"search_term_string\"}}],\"inLanguage\":\"fr-FR\"},{\"@type\":\"Organization\",\"@id\":\"https:\/\/voyage-aventure.com\/blog\/#organization\",\"name\":\"Foretsensations.fr\",\"url\":\"https:\/\/voyage-aventure.com\/blog\/\",\"logo\":{\"@type\":\"ImageObject\",\"inLanguage\":\"fr-FR\",\"@id\":\"https:\/\/voyage-aventure.com\/blog\/#\/schema\/logo\/image\/\",\"url\":\"https:\/\/voyage-aventure.com\/blog\/wp-content\/uploads\/2024\/12\/19.png\",\"contentUrl\":\"https:\/\/voyage-aventure.com\/blog\/wp-content\/uploads\/2024\/12\/19.png\",\"width\":512,\"height\":512,\"caption\":\"Foretsensations.fr\"},\"image\":{\"@id\":\"https:\/\/voyage-aventure.com\/blog\/#\/schema\/logo\/image\/\"}},{\"@type\":\"Person\",\"@id\":\"https:\/\/voyage-aventure.com\/blog\/#\/schema\/person\/3c864cdc320801e3db34b663e7e3f816\",\"name\":\"Camille Rouvray\",\"image\":{\"@type\":\"ImageObject\",\"inLanguage\":\"fr-FR\",\"@id\":\"https:\/\/voyage-aventure.com\/blog\/#\/schema\/person\/image\/\",\"url\":\"https:\/\/voyage-aventure.com\/blog\/wp-content\/uploads\/2026\/06\/persona_camille-r-96x96.jpg\",\"contentUrl\":\"https:\/\/voyage-aventure.com\/blog\/wp-content\/uploads\/2026\/06\/persona_camille-r-96x96.jpg\",\"caption\":\"Camille Rouvray\"},\"description\":\"Je voyage et j'\u00e9cris sur le voyage depuis une douzaine d'ann\u00e9es, d'abord en tant que routarde au long cours, puis comme r\u00e9dactrice sp\u00e9cialis\u00e9e. Mon terrain de pr\u00e9dilection, ce sont les circuits organis\u00e9s et l'art de bien pr\u00e9parer un itin\u00e9raire : choix de la saison, dur\u00e9e r\u00e9aliste des \u00e9tapes, budget jour par jour, logement et transport sur place. J'aime aussi raconter les p\u00e9pites urbaines, ces adresses qu'on ne trouve pas dans les guides classiques. Avant de publier un dossier destination, je croise toujours plusieurs sources, je v\u00e9rifie les tarifs et les formalit\u00e9s d'entr\u00e9e \u00e0 jour, et je teste moi-m\u00eame quand je le peux. Mon angle reste pratique avant tout : aider le lecteur \u00e0 partir l'esprit tranquille, sans mauvaise surprise une fois sur place. Je m'attache \u00e0 distinguer le coup de c\u0153ur sinc\u00e8re du simple argument marketing.\",\"sameAs\":[\"https:\/\/camillerouvray.fr\/\"],\"url\":\"https:\/\/voyage-aventure.com\/blog\/auteur\/noname\/\"}]}<\/script>\n<!-- \/ Yoast SEO Premium plugin. -->","yoast_head_json":{"title":"Un voyage d'espoir : des jeunes naviguent pour la paix en","description":"Le 1er mars 2025, la ville embl\u00e9matique de Barcelone a donn\u00e9 le coup d'envoi \u00e0 une aventure extraordinaire. Le navire-\u00e9cole Bel Espoir, charg\u00e9 de 200","robots":{"index":"index","follow":"follow","max-snippet":"max-snippet:-1","max-image-preview":"max-image-preview:large","max-video-preview":"max-video-preview:-1"},"canonical":"https:\/\/voyage-aventure.com\/blog\/destinations-aventure\/un-voyage-despoir-des-jeunes-naviguent-pour-la-paix-en-mediterranee\/","og_locale":"fr_FR","og_type":"article","og_title":"Un voyage d'espoir : des jeunes naviguent pour la paix en","og_description":"Le 1er mars 2025, la ville embl\u00e9matique de Barcelone a donn\u00e9 le coup d'envoi \u00e0 une aventure extraordinaire. Le navire-\u00e9cole Bel Espoir, charg\u00e9 de 200","og_url":"https:\/\/voyage-aventure.com\/blog\/destinations-aventure\/un-voyage-despoir-des-jeunes-naviguent-pour-la-paix-en-mediterranee\/","og_site_name":"voyage-aventure","og_image":[{"width":1200,"height":500,"url":"https:\/\/voyage-aventure.com\/blog\/wp-content\/uploads\/2025\/05\/sdxl-c99b2750f5ad1f11171d8cd044d821fb-scaled.png","type":"image\/png"}],"author":"Camille Rouvray","twitter_card":"summary_large_image","schema":{"@context":"https:\/\/schema.org","@graph":[{"@type":"NewsArticle","@id":"https:\/\/voyage-aventure.com\/blog\/destinations-aventure\/un-voyage-despoir-des-jeunes-naviguent-pour-la-paix-en-mediterranee\/#article","isPartOf":{"@id":"https:\/\/voyage-aventure.com\/blog\/destinations-aventure\/un-voyage-despoir-des-jeunes-naviguent-pour-la-paix-en-mediterranee\/"},"author":{"name":"Camille Rouvray","@id":"https:\/\/voyage-aventure.com\/blog\/#\/schema\/person\/3c864cdc320801e3db34b663e7e3f816"},"headline":"Un voyage d&rsquo;espoir : des jeunes naviguent pour la paix en M\u00e9diterran\u00e9e","datePublished":"2025-03-17T07:34:19+00:00","mainEntityOfPage":{"@id":"https:\/\/voyage-aventure.com\/blog\/destinations-aventure\/un-voyage-despoir-des-jeunes-naviguent-pour-la-paix-en-mediterranee\/"},"wordCount":496,"commentCount":26,"publisher":{"@id":"https:\/\/voyage-aventure.com\/blog\/#organization"},"image":{"@id":"https:\/\/voyage-aventure.com\/blog\/destinations-aventure\/un-voyage-despoir-des-jeunes-naviguent-pour-la-paix-en-mediterranee\/#primaryimage"},"thumbnailUrl":"https:\/\/voyage-aventure.com\/blog\/wp-content\/uploads\/2025\/05\/sdxl-c99b2750f5ad1f11171d8cd044d821fb-scaled.png","keywords":["Aventure","Destinations","Dialogue Interculturel","Voyage \u00c9conomique","Voyage solidaire"],"articleSection":["Destinations Aventure"],"inLanguage":"fr-FR","potentialAction":[{"@type":"CommentAction","name":"Comment","target":["https:\/\/voyage-aventure.com\/blog\/destinations-aventure\/un-voyage-despoir-des-jeunes-naviguent-pour-la-paix-en-mediterranee\/#respond"]}]},{"@type":"WebPage","@id":"https:\/\/voyage-aventure.com\/blog\/destinations-aventure\/un-voyage-despoir-des-jeunes-naviguent-pour-la-paix-en-mediterranee\/","url":"https:\/\/voyage-aventure.com\/blog\/destinations-aventure\/un-voyage-despoir-des-jeunes-naviguent-pour-la-paix-en-mediterranee\/","name":"Un voyage d'espoir : des jeunes naviguent pour la paix en","isPartOf":{"@id":"https:\/\/voyage-aventure.com\/blog\/#website"},"primaryImageOfPage":{"@id":"https:\/\/voyage-aventure.com\/blog\/destinations-aventure\/un-voyage-despoir-des-jeunes-naviguent-pour-la-paix-en-mediterranee\/#primaryimage"},"image":{"@id":"https:\/\/voyage-aventure.com\/blog\/destinations-aventure\/un-voyage-despoir-des-jeunes-naviguent-pour-la-paix-en-mediterranee\/#primaryimage"},"thumbnailUrl":"https:\/\/voyage-aventure.com\/blog\/wp-content\/uploads\/2025\/05\/sdxl-c99b2750f5ad1f11171d8cd044d821fb-scaled.png","datePublished":"2025-03-17T07:34:19+00:00","description":"Le 1er mars 2025, la ville embl\u00e9matique de Barcelone a donn\u00e9 le coup d'envoi \u00e0 une aventure extraordinaire. Le navire-\u00e9cole Bel Espoir, charg\u00e9 de 200","inLanguage":"fr-FR","potentialAction":[{"@type":"ReadAction","target":["https:\/\/voyage-aventure.com\/blog\/destinations-aventure\/un-voyage-despoir-des-jeunes-naviguent-pour-la-paix-en-mediterranee\/"]}]},{"@type":"ImageObject","inLanguage":"fr-FR","@id":"https:\/\/voyage-aventure.com\/blog\/destinations-aventure\/un-voyage-despoir-des-jeunes-naviguent-pour-la-paix-en-mediterranee\/#primaryimage","url":"https:\/\/voyage-aventure.com\/blog\/wp-content\/uploads\/2025\/05\/sdxl-c99b2750f5ad1f11171d8cd044d821fb-scaled.png","contentUrl":"https:\/\/voyage-aventure.com\/blog\/wp-content\/uploads\/2025\/05\/sdxl-c99b2750f5ad1f11171d8cd044d821fb-scaled.png","width":1200,"height":500},{"@type":"WebSite","@id":"https:\/\/voyage-aventure.com\/blog\/#website","url":"https:\/\/voyage-aventure.com\/blog\/","name":"voyage-aventure.com","description":"Votre passeport pour l\u2019inattendu.","publisher":{"@id":"https:\/\/voyage-aventure.com\/blog\/#organization"},"alternateName":"Votre passeport pour l\u2019inattendu.","potentialAction":[{"@type":"SearchAction","target":{"@type":"EntryPoint","urlTemplate":"https:\/\/voyage-aventure.com\/blog\/?s={search_term_string}"},"query-input":{"@type":"PropertyValueSpecification","valueRequired":true,"valueName":"search_term_string"}}],"inLanguage":"fr-FR"},{"@type":"Organization","@id":"https:\/\/voyage-aventure.com\/blog\/#organization","name":"Foretsensations.fr","url":"https:\/\/voyage-aventure.com\/blog\/","logo":{"@type":"ImageObject","inLanguage":"fr-FR","@id":"https:\/\/voyage-aventure.com\/blog\/#\/schema\/logo\/image\/","url":"https:\/\/voyage-aventure.com\/blog\/wp-content\/uploads\/2024\/12\/19.png","contentUrl":"https:\/\/voyage-aventure.com\/blog\/wp-content\/uploads\/2024\/12\/19.png","width":512,"height":512,"caption":"Foretsensations.fr"},"image":{"@id":"https:\/\/voyage-aventure.com\/blog\/#\/schema\/logo\/image\/"}},{"@type":"Person","@id":"https:\/\/voyage-aventure.com\/blog\/#\/schema\/person\/3c864cdc320801e3db34b663e7e3f816","name":"Camille Rouvray","image":{"@type":"ImageObject","inLanguage":"fr-FR","@id":"https:\/\/voyage-aventure.com\/blog\/#\/schema\/person\/image\/","url":"https:\/\/voyage-aventure.com\/blog\/wp-content\/uploads\/2026\/06\/persona_camille-r-96x96.jpg","contentUrl":"https:\/\/voyage-aventure.com\/blog\/wp-content\/uploads\/2026\/06\/persona_camille-r-96x96.jpg","caption":"Camille Rouvray"},"description":"Je voyage et j'\u00e9cris sur le voyage depuis une douzaine d'ann\u00e9es, d'abord en tant que routarde au long cours, puis comme r\u00e9dactrice sp\u00e9cialis\u00e9e. Mon terrain de pr\u00e9dilection, ce sont les circuits organis\u00e9s et l'art de bien pr\u00e9parer un itin\u00e9raire : choix de la saison, dur\u00e9e r\u00e9aliste des \u00e9tapes, budget jour par jour, logement et transport sur place. J'aime aussi raconter les p\u00e9pites urbaines, ces adresses qu'on ne trouve pas dans les guides classiques. Avant de publier un dossier destination, je croise toujours plusieurs sources, je v\u00e9rifie les tarifs et les formalit\u00e9s d'entr\u00e9e \u00e0 jour, et je teste moi-m\u00eame quand je le peux. Mon angle reste pratique avant tout : aider le lecteur \u00e0 partir l'esprit tranquille, sans mauvaise surprise une fois sur place. Je m'attache \u00e0 distinguer le coup de c\u0153ur sinc\u00e8re du simple argument marketing.","sameAs":["https:\/\/camillerouvray.fr\/"],"url":"https:\/\/voyage-aventure.com\/blog\/auteur\/noname\/"}]}},"_links":{"self":[{"href":"https:\/\/voyage-aventure.com\/blog\/wp-json\/wp\/v2\/posts\/14827","targetHints":{"allow":["GET"]}}],"collection":[{"href":"https:\/\/voyage-aventure.com\/blog\/wp-json\/wp\/v2\/posts"}],"about":[{"href":"https:\/\/voyage-aventure.com\/blog\/wp-json\/wp\/v2\/types\/post"}],"author":[{"embeddable":true,"href":"https:\/\/voyage-aventure.com\/blog\/wp-json\/wp\/v2\/users\/34"}],"replies":[{"embeddable":true,"href":"https:\/\/voyage-aventure.com\/blog\/wp-json\/wp\/v2\/comments?post=14827"}],"version-history":[{"count":1,"href":"https:\/\/voyage-aventure.com\/blog\/wp-json\/wp\/v2\/posts\/14827\/revisions"}],"predecessor-version":[{"id":15247,"href":"https:\/\/voyage-aventure.com\/blog\/wp-json\/wp\/v2\/posts\/14827\/revisions\/15247"}],"wp:featuredmedia":[{"embeddable":true,"href":"https:\/\/voyage-aventure.com\/blog\/wp-json\/wp\/v2\/media\/19821"}],"wp:attachment":[{"href":"https:\/\/voyage-aventure.com\/blog\/wp-json\/wp\/v2\/media?parent=14827"}],"wp:term":[{"taxonomy":"category","embeddable":true,"href":"https:\/\/voyage-aventure.com\/blog\/wp-json\/wp\/v2\/categories?post=14827"},{"taxonomy":"post_tag","embeddable":true,"href":"https:\/\/voyage-aventure.com\/blog\/wp-json\/wp\/v2\/tags?post=14827"}],"curies":[{"name":"wp","href":"https:\/\/api.w.org\/{rel}","templated":true}]}}