{"id":14708,"date":"2025-03-14T07:44:02","date_gmt":"2025-03-14T06:44:02","guid":{"rendered":"https:\/\/voyage-aventure.com\/blog\/?p=14708"},"modified":"2025-03-14T03:42:11","modified_gmt":"2025-03-14T02:42:11","slug":"les-tempetes-pourraient-perturber-vos-vacances-de-printemps-preparez-vous-des-maintenant","status":"publish","type":"post","link":"https:\/\/voyage-aventure.com\/blog\/a-la-une\/les-tempetes-pourraient-perturber-vos-vacances-de-printemps-preparez-vous-des-maintenant\/","title":{"rendered":"Les temp\u00eates pourraient perturber vos vacances de printemps : pr\u00e9parez-vous d\u00e8s maintenant"},"content":{"rendered":"<h2>Des temp\u00eates impr\u00e9vues sur le chemin des vacances de printemps<\/h2>\n<p>Cependant, des alertes de mauvais temps pourraient bien perturber ces projets. Des vents violents et m\u00eame des tornades sont attendus dans certaines r\u00e9gions, transformant l&rsquo;excitation en inqui\u00e9tude.<\/p>\n<p>Les pr\u00e9visions m\u00e9t\u00e9orologiques indiquent que ces conditions extr\u00eames pourraient survenir pendant la nuit de samedi \u00e0 dimanche. Les vacanciers doivent donc rester vigilants et surveiller les mises \u00e0 jour. En effet, un simple retard ou une annulation de vol peut s\u00e9rieusement affecter vos plans de voyage.<\/p>\n<h2>Pr\u00e9parez-vous \u00e0 l&rsquo;impr\u00e9vu pour vos vacances<\/h2>\n<p>Face \u00e0 cette menace de mauvais temps, il est essentiel de prendre des mesures pr\u00e9ventives. V\u00e9rifiez r\u00e9guli\u00e8rement les pr\u00e9visions m\u00e9t\u00e9orologiques pour votre destination et pour les lieux de transit. S&rsquo;informer vous permettra d&rsquo;anticiper les \u00e9ventuels d\u00e9sagr\u00e9ments et de trouver des solutions alternatives.<\/p>\n<p>De plus, contactez votre compagnie a\u00e9rienne pour conna\u00eetre la politique d&rsquo;annulation et de modification de votre billet. Cela vous permettra de r\u00e9agir rapidement en cas de changement de programme. Pr\u00e9parez un plan B pour votre h\u00e9bergement ou vos activit\u00e9s, au cas o\u00f9 la m\u00e9t\u00e9o viendrait troubler vos vacances.<\/p>\n<h2>Rester en s\u00e9curit\u00e9 durant les temp\u00eates<\/h2>\n<p>Durant une alerte de temp\u00eate, la s\u00e9curit\u00e9 doit \u00eatre la priorit\u00e9 absolue. Si vous \u00eates d\u00e9j\u00e0 sur place, suivez les directives des autorit\u00e9s locales et restez \u00e0 l&rsquo;int\u00e9rieur pendant les heures de temp\u00eate. \u00c9vitez les fen\u00eatres et pr\u00e9parez un kit d&rsquo;urgence avec des provisions et des lampes de poche.<\/p>\n<p>Il est aussi prudent de garder votre t\u00e9l\u00e9phone charg\u00e9 et d&rsquo;avoir acc\u00e8s \u00e0 des informations fiables sur la m\u00e9t\u00e9o. <\/p>\n<blockquote><p>\u00ab Une bonne pr\u00e9paration peut faire toute la diff\u00e9rence entre des vacances m\u00e9morables et une exp\u00e9rience stressante \u00bb, souligne un expert en m\u00e9t\u00e9orologie.<\/p><\/blockquote>\n<p> Soyez proactif et restez inform\u00e9 pour garantir la s\u00e9curit\u00e9 de votre groupe.<\/p>\n<ul>\n<li>V\u00e9rifiez r\u00e9guli\u00e8rement les pr\u00e9visions m\u00e9t\u00e9orologiques.<\/li>\n<li>Contactez votre compagnie a\u00e9rienne pour des mises \u00e0 jour.<\/li>\n<li>Pr\u00e9parez un plan alternatif pour votre h\u00e9bergement.<\/li>\n<li>Gardez un kit d&rsquo;urgence \u00e0 port\u00e9e de main.<\/li>\n<li>Suivez les directives des autorit\u00e9s locales en cas de temp\u00eate.<\/li>\n<\/ul>\n<p>La saison des vacances de printemps est souvent synonyme de soleil et de d\u00e9tente, mais cette ann\u00e9e, elle pourrait \u00eatre marqu\u00e9e par des conditions m\u00e9t\u00e9orologiques impr\u00e9vues. En restant vigilant et en prenant des mesures pr\u00e9ventives, vous pouvez minimiser l&rsquo;impact des temp\u00eates sur votre voyage. N&rsquo;oubliez pas que la s\u00e9curit\u00e9 est primordiale, et qu&rsquo;une bonne pr\u00e9paration peut transformer une potentielle catastrophe en une simple anecdote de voyage. Bonnes vacances, et restez en s\u00e9curit\u00e9 !<\/p>\n","protected":false},"excerpt":{"rendered":"","protected":false},"author":34,"featured_media":19943,"comment_status":"open","ping_status":"open","sticky":false,"template":"","format":"standard","meta":{"_acf_changed":false,"manual_indexmenow":false,"indexmenow_id_project":0,"footnotes":""},"categories":[1],"tags":[4620,3726,4713,3170,4526],"class_list":["post-14708","post","type-post","status-publish","format-standard","has-post-thumbnail","hentry","category-a-la-une","tag-annulation-de-voyage","tag-conditions-meteorologiques","tag-preparation","tag-securite","tag-voyage-economique","generate-columns","tablet-grid-50","mobile-grid-100","grid-parent","grid-25"],"acf":[],"yoast_head":"<!-- This site is optimized with the Yoast SEO Premium plugin v21.3 (Yoast SEO v25.1) - https:\/\/yoast.com\/wordpress\/plugins\/seo\/ -->\n<title>Les temp\u00eates pourraient perturber vos vacances de printemps<\/title>\n<meta name=\"description\" content=\"Des temp\u00eates impr\u00e9vues sur le chemin des vacances de printemps Cependant, des alertes de mauvais temps pourraient bien perturber ces projets. Des vents\" \/>\n<meta name=\"robots\" content=\"index, follow, max-snippet:-1, max-image-preview:large, max-video-preview:-1\" \/>\n<link rel=\"canonical\" href=\"https:\/\/voyage-aventure.com\/blog\/a-la-une\/les-tempetes-pourraient-perturber-vos-vacances-de-printemps-preparez-vous-des-maintenant\/\" \/>\n<meta property=\"og:locale\" content=\"fr_FR\" \/>\n<meta property=\"og:type\" content=\"article\" \/>\n<meta property=\"og:title\" content=\"Les temp\u00eates pourraient perturber vos vacances de printemps\" \/>\n<meta property=\"og:description\" content=\"Des temp\u00eates impr\u00e9vues sur le chemin des vacances de printemps Cependant, des alertes de mauvais temps pourraient bien perturber ces projets. Des vents\" \/>\n<meta property=\"og:url\" content=\"https:\/\/voyage-aventure.com\/blog\/a-la-une\/les-tempetes-pourraient-perturber-vos-vacances-de-printemps-preparez-vous-des-maintenant\/\" \/>\n<meta property=\"og:site_name\" content=\"voyage-aventure\" \/>\n<meta property=\"og:image\" content=\"https:\/\/voyage-aventure.com\/blog\/wp-content\/uploads\/2025\/05\/sdxl-caf73675422fcf662a58880aee464990-scaled.png\" \/>\n\t<meta property=\"og:image:width\" content=\"1200\" \/>\n\t<meta property=\"og:image:height\" content=\"500\" \/>\n\t<meta property=\"og:image:type\" content=\"image\/png\" \/>\n<meta name=\"author\" content=\"Camille Rouvray\" \/>\n<meta name=\"twitter:card\" content=\"summary_large_image\" \/>\n<script type=\"application\/ld+json\" class=\"yoast-schema-graph\">{\"@context\":\"https:\/\/schema.org\",\"@graph\":[{\"@type\":\"NewsArticle\",\"@id\":\"https:\/\/voyage-aventure.com\/blog\/a-la-une\/les-tempetes-pourraient-perturber-vos-vacances-de-printemps-preparez-vous-des-maintenant\/#article\",\"isPartOf\":{\"@id\":\"https:\/\/voyage-aventure.com\/blog\/a-la-une\/les-tempetes-pourraient-perturber-vos-vacances-de-printemps-preparez-vous-des-maintenant\/\"},\"author\":{\"name\":\"Camille Rouvray\",\"@id\":\"https:\/\/voyage-aventure.com\/blog\/#\/schema\/person\/3c864cdc320801e3db34b663e7e3f816\"},\"headline\":\"Les temp\u00eates pourraient perturber vos vacances de printemps : pr\u00e9parez-vous d\u00e8s maintenant\",\"datePublished\":\"2025-03-14T06:44:02+00:00\",\"mainEntityOfPage\":{\"@id\":\"https:\/\/voyage-aventure.com\/blog\/a-la-une\/les-tempetes-pourraient-perturber-vos-vacances-de-printemps-preparez-vous-des-maintenant\/\"},\"wordCount\":489,\"commentCount\":20,\"publisher\":{\"@id\":\"https:\/\/voyage-aventure.com\/blog\/#organization\"},\"image\":{\"@id\":\"https:\/\/voyage-aventure.com\/blog\/a-la-une\/les-tempetes-pourraient-perturber-vos-vacances-de-printemps-preparez-vous-des-maintenant\/#primaryimage\"},\"thumbnailUrl\":\"https:\/\/voyage-aventure.com\/blog\/wp-content\/uploads\/2025\/05\/sdxl-caf73675422fcf662a58880aee464990-scaled.png\",\"keywords\":[\"Annulation de Voyage\",\"Conditions M\u00e9t\u00e9orologiques\",\"Pr\u00e9paration\",\"S\u00e9curit\u00e9\",\"Voyage \u00c9conomique\"],\"articleSection\":[\"\u00c0 la une\"],\"inLanguage\":\"fr-FR\",\"potentialAction\":[{\"@type\":\"CommentAction\",\"name\":\"Comment\",\"target\":[\"https:\/\/voyage-aventure.com\/blog\/a-la-une\/les-tempetes-pourraient-perturber-vos-vacances-de-printemps-preparez-vous-des-maintenant\/#respond\"]}]},{\"@type\":\"WebPage\",\"@id\":\"https:\/\/voyage-aventure.com\/blog\/a-la-une\/les-tempetes-pourraient-perturber-vos-vacances-de-printemps-preparez-vous-des-maintenant\/\",\"url\":\"https:\/\/voyage-aventure.com\/blog\/a-la-une\/les-tempetes-pourraient-perturber-vos-vacances-de-printemps-preparez-vous-des-maintenant\/\",\"name\":\"Les temp\u00eates pourraient perturber vos vacances de printemps\",\"isPartOf\":{\"@id\":\"https:\/\/voyage-aventure.com\/blog\/#website\"},\"primaryImageOfPage\":{\"@id\":\"https:\/\/voyage-aventure.com\/blog\/a-la-une\/les-tempetes-pourraient-perturber-vos-vacances-de-printemps-preparez-vous-des-maintenant\/#primaryimage\"},\"image\":{\"@id\":\"https:\/\/voyage-aventure.com\/blog\/a-la-une\/les-tempetes-pourraient-perturber-vos-vacances-de-printemps-preparez-vous-des-maintenant\/#primaryimage\"},\"thumbnailUrl\":\"https:\/\/voyage-aventure.com\/blog\/wp-content\/uploads\/2025\/05\/sdxl-caf73675422fcf662a58880aee464990-scaled.png\",\"datePublished\":\"2025-03-14T06:44:02+00:00\",\"description\":\"Des temp\u00eates impr\u00e9vues sur le chemin des vacances de printemps Cependant, des alertes de mauvais temps pourraient bien perturber ces projets. Des vents\",\"inLanguage\":\"fr-FR\",\"potentialAction\":[{\"@type\":\"ReadAction\",\"target\":[\"https:\/\/voyage-aventure.com\/blog\/a-la-une\/les-tempetes-pourraient-perturber-vos-vacances-de-printemps-preparez-vous-des-maintenant\/\"]}]},{\"@type\":\"ImageObject\",\"inLanguage\":\"fr-FR\",\"@id\":\"https:\/\/voyage-aventure.com\/blog\/a-la-une\/les-tempetes-pourraient-perturber-vos-vacances-de-printemps-preparez-vous-des-maintenant\/#primaryimage\",\"url\":\"https:\/\/voyage-aventure.com\/blog\/wp-content\/uploads\/2025\/05\/sdxl-caf73675422fcf662a58880aee464990-scaled.png\",\"contentUrl\":\"https:\/\/voyage-aventure.com\/blog\/wp-content\/uploads\/2025\/05\/sdxl-caf73675422fcf662a58880aee464990-scaled.png\",\"width\":1200,\"height\":500},{\"@type\":\"WebSite\",\"@id\":\"https:\/\/voyage-aventure.com\/blog\/#website\",\"url\":\"https:\/\/voyage-aventure.com\/blog\/\",\"name\":\"voyage-aventure.com\",\"description\":\"Votre passeport pour l\u2019inattendu.\",\"publisher\":{\"@id\":\"https:\/\/voyage-aventure.com\/blog\/#organization\"},\"alternateName\":\"Votre passeport pour l\u2019inattendu.\",\"potentialAction\":[{\"@type\":\"SearchAction\",\"target\":{\"@type\":\"EntryPoint\",\"urlTemplate\":\"https:\/\/voyage-aventure.com\/blog\/?s={search_term_string}\"},\"query-input\":{\"@type\":\"PropertyValueSpecification\",\"valueRequired\":true,\"valueName\":\"search_term_string\"}}],\"inLanguage\":\"fr-FR\"},{\"@type\":\"Organization\",\"@id\":\"https:\/\/voyage-aventure.com\/blog\/#organization\",\"name\":\"Foretsensations.fr\",\"url\":\"https:\/\/voyage-aventure.com\/blog\/\",\"logo\":{\"@type\":\"ImageObject\",\"inLanguage\":\"fr-FR\",\"@id\":\"https:\/\/voyage-aventure.com\/blog\/#\/schema\/logo\/image\/\",\"url\":\"https:\/\/voyage-aventure.com\/blog\/wp-content\/uploads\/2024\/12\/19.png\",\"contentUrl\":\"https:\/\/voyage-aventure.com\/blog\/wp-content\/uploads\/2024\/12\/19.png\",\"width\":512,\"height\":512,\"caption\":\"Foretsensations.fr\"},\"image\":{\"@id\":\"https:\/\/voyage-aventure.com\/blog\/#\/schema\/logo\/image\/\"}},{\"@type\":\"Person\",\"@id\":\"https:\/\/voyage-aventure.com\/blog\/#\/schema\/person\/3c864cdc320801e3db34b663e7e3f816\",\"name\":\"Camille Rouvray\",\"image\":{\"@type\":\"ImageObject\",\"inLanguage\":\"fr-FR\",\"@id\":\"https:\/\/voyage-aventure.com\/blog\/#\/schema\/person\/image\/\",\"url\":\"https:\/\/voyage-aventure.com\/blog\/wp-content\/uploads\/2026\/06\/persona_camille-r-96x96.jpg\",\"contentUrl\":\"https:\/\/voyage-aventure.com\/blog\/wp-content\/uploads\/2026\/06\/persona_camille-r-96x96.jpg\",\"caption\":\"Camille Rouvray\"},\"description\":\"Je voyage et j'\u00e9cris sur le voyage depuis une douzaine d'ann\u00e9es, d'abord en tant que routarde au long cours, puis comme r\u00e9dactrice sp\u00e9cialis\u00e9e. Mon terrain de pr\u00e9dilection, ce sont les circuits organis\u00e9s et l'art de bien pr\u00e9parer un itin\u00e9raire : choix de la saison, dur\u00e9e r\u00e9aliste des \u00e9tapes, budget jour par jour, logement et transport sur place. J'aime aussi raconter les p\u00e9pites urbaines, ces adresses qu'on ne trouve pas dans les guides classiques. Avant de publier un dossier destination, je croise toujours plusieurs sources, je v\u00e9rifie les tarifs et les formalit\u00e9s d'entr\u00e9e \u00e0 jour, et je teste moi-m\u00eame quand je le peux. Mon angle reste pratique avant tout : aider le lecteur \u00e0 partir l'esprit tranquille, sans mauvaise surprise une fois sur place. Je m'attache \u00e0 distinguer le coup de c\u0153ur sinc\u00e8re du simple argument marketing.\",\"sameAs\":[\"https:\/\/camillerouvray.fr\/\"],\"url\":\"https:\/\/voyage-aventure.com\/blog\/auteur\/noname\/\"}]}<\/script>\n<!-- \/ Yoast SEO Premium plugin. -->","yoast_head_json":{"title":"Les temp\u00eates pourraient perturber vos vacances de printemps","description":"Des temp\u00eates impr\u00e9vues sur le chemin des vacances de printemps Cependant, des alertes de mauvais temps pourraient bien perturber ces projets. Des vents","robots":{"index":"index","follow":"follow","max-snippet":"max-snippet:-1","max-image-preview":"max-image-preview:large","max-video-preview":"max-video-preview:-1"},"canonical":"https:\/\/voyage-aventure.com\/blog\/a-la-une\/les-tempetes-pourraient-perturber-vos-vacances-de-printemps-preparez-vous-des-maintenant\/","og_locale":"fr_FR","og_type":"article","og_title":"Les temp\u00eates pourraient perturber vos vacances de printemps","og_description":"Des temp\u00eates impr\u00e9vues sur le chemin des vacances de printemps Cependant, des alertes de mauvais temps pourraient bien perturber ces projets. Des vents","og_url":"https:\/\/voyage-aventure.com\/blog\/a-la-une\/les-tempetes-pourraient-perturber-vos-vacances-de-printemps-preparez-vous-des-maintenant\/","og_site_name":"voyage-aventure","og_image":[{"width":1200,"height":500,"url":"https:\/\/voyage-aventure.com\/blog\/wp-content\/uploads\/2025\/05\/sdxl-caf73675422fcf662a58880aee464990-scaled.png","type":"image\/png"}],"author":"Camille Rouvray","twitter_card":"summary_large_image","schema":{"@context":"https:\/\/schema.org","@graph":[{"@type":"NewsArticle","@id":"https:\/\/voyage-aventure.com\/blog\/a-la-une\/les-tempetes-pourraient-perturber-vos-vacances-de-printemps-preparez-vous-des-maintenant\/#article","isPartOf":{"@id":"https:\/\/voyage-aventure.com\/blog\/a-la-une\/les-tempetes-pourraient-perturber-vos-vacances-de-printemps-preparez-vous-des-maintenant\/"},"author":{"name":"Camille Rouvray","@id":"https:\/\/voyage-aventure.com\/blog\/#\/schema\/person\/3c864cdc320801e3db34b663e7e3f816"},"headline":"Les temp\u00eates pourraient perturber vos vacances de printemps : pr\u00e9parez-vous d\u00e8s maintenant","datePublished":"2025-03-14T06:44:02+00:00","mainEntityOfPage":{"@id":"https:\/\/voyage-aventure.com\/blog\/a-la-une\/les-tempetes-pourraient-perturber-vos-vacances-de-printemps-preparez-vous-des-maintenant\/"},"wordCount":489,"commentCount":20,"publisher":{"@id":"https:\/\/voyage-aventure.com\/blog\/#organization"},"image":{"@id":"https:\/\/voyage-aventure.com\/blog\/a-la-une\/les-tempetes-pourraient-perturber-vos-vacances-de-printemps-preparez-vous-des-maintenant\/#primaryimage"},"thumbnailUrl":"https:\/\/voyage-aventure.com\/blog\/wp-content\/uploads\/2025\/05\/sdxl-caf73675422fcf662a58880aee464990-scaled.png","keywords":["Annulation de Voyage","Conditions M\u00e9t\u00e9orologiques","Pr\u00e9paration","S\u00e9curit\u00e9","Voyage \u00c9conomique"],"articleSection":["\u00c0 la une"],"inLanguage":"fr-FR","potentialAction":[{"@type":"CommentAction","name":"Comment","target":["https:\/\/voyage-aventure.com\/blog\/a-la-une\/les-tempetes-pourraient-perturber-vos-vacances-de-printemps-preparez-vous-des-maintenant\/#respond"]}]},{"@type":"WebPage","@id":"https:\/\/voyage-aventure.com\/blog\/a-la-une\/les-tempetes-pourraient-perturber-vos-vacances-de-printemps-preparez-vous-des-maintenant\/","url":"https:\/\/voyage-aventure.com\/blog\/a-la-une\/les-tempetes-pourraient-perturber-vos-vacances-de-printemps-preparez-vous-des-maintenant\/","name":"Les temp\u00eates pourraient perturber vos vacances de printemps","isPartOf":{"@id":"https:\/\/voyage-aventure.com\/blog\/#website"},"primaryImageOfPage":{"@id":"https:\/\/voyage-aventure.com\/blog\/a-la-une\/les-tempetes-pourraient-perturber-vos-vacances-de-printemps-preparez-vous-des-maintenant\/#primaryimage"},"image":{"@id":"https:\/\/voyage-aventure.com\/blog\/a-la-une\/les-tempetes-pourraient-perturber-vos-vacances-de-printemps-preparez-vous-des-maintenant\/#primaryimage"},"thumbnailUrl":"https:\/\/voyage-aventure.com\/blog\/wp-content\/uploads\/2025\/05\/sdxl-caf73675422fcf662a58880aee464990-scaled.png","datePublished":"2025-03-14T06:44:02+00:00","description":"Des temp\u00eates impr\u00e9vues sur le chemin des vacances de printemps Cependant, des alertes de mauvais temps pourraient bien perturber ces projets. Des vents","inLanguage":"fr-FR","potentialAction":[{"@type":"ReadAction","target":["https:\/\/voyage-aventure.com\/blog\/a-la-une\/les-tempetes-pourraient-perturber-vos-vacances-de-printemps-preparez-vous-des-maintenant\/"]}]},{"@type":"ImageObject","inLanguage":"fr-FR","@id":"https:\/\/voyage-aventure.com\/blog\/a-la-une\/les-tempetes-pourraient-perturber-vos-vacances-de-printemps-preparez-vous-des-maintenant\/#primaryimage","url":"https:\/\/voyage-aventure.com\/blog\/wp-content\/uploads\/2025\/05\/sdxl-caf73675422fcf662a58880aee464990-scaled.png","contentUrl":"https:\/\/voyage-aventure.com\/blog\/wp-content\/uploads\/2025\/05\/sdxl-caf73675422fcf662a58880aee464990-scaled.png","width":1200,"height":500},{"@type":"WebSite","@id":"https:\/\/voyage-aventure.com\/blog\/#website","url":"https:\/\/voyage-aventure.com\/blog\/","name":"voyage-aventure.com","description":"Votre passeport pour l\u2019inattendu.","publisher":{"@id":"https:\/\/voyage-aventure.com\/blog\/#organization"},"alternateName":"Votre passeport pour l\u2019inattendu.","potentialAction":[{"@type":"SearchAction","target":{"@type":"EntryPoint","urlTemplate":"https:\/\/voyage-aventure.com\/blog\/?s={search_term_string}"},"query-input":{"@type":"PropertyValueSpecification","valueRequired":true,"valueName":"search_term_string"}}],"inLanguage":"fr-FR"},{"@type":"Organization","@id":"https:\/\/voyage-aventure.com\/blog\/#organization","name":"Foretsensations.fr","url":"https:\/\/voyage-aventure.com\/blog\/","logo":{"@type":"ImageObject","inLanguage":"fr-FR","@id":"https:\/\/voyage-aventure.com\/blog\/#\/schema\/logo\/image\/","url":"https:\/\/voyage-aventure.com\/blog\/wp-content\/uploads\/2024\/12\/19.png","contentUrl":"https:\/\/voyage-aventure.com\/blog\/wp-content\/uploads\/2024\/12\/19.png","width":512,"height":512,"caption":"Foretsensations.fr"},"image":{"@id":"https:\/\/voyage-aventure.com\/blog\/#\/schema\/logo\/image\/"}},{"@type":"Person","@id":"https:\/\/voyage-aventure.com\/blog\/#\/schema\/person\/3c864cdc320801e3db34b663e7e3f816","name":"Camille Rouvray","image":{"@type":"ImageObject","inLanguage":"fr-FR","@id":"https:\/\/voyage-aventure.com\/blog\/#\/schema\/person\/image\/","url":"https:\/\/voyage-aventure.com\/blog\/wp-content\/uploads\/2026\/06\/persona_camille-r-96x96.jpg","contentUrl":"https:\/\/voyage-aventure.com\/blog\/wp-content\/uploads\/2026\/06\/persona_camille-r-96x96.jpg","caption":"Camille Rouvray"},"description":"Je voyage et j'\u00e9cris sur le voyage depuis une douzaine d'ann\u00e9es, d'abord en tant que routarde au long cours, puis comme r\u00e9dactrice sp\u00e9cialis\u00e9e. Mon terrain de pr\u00e9dilection, ce sont les circuits organis\u00e9s et l'art de bien pr\u00e9parer un itin\u00e9raire : choix de la saison, dur\u00e9e r\u00e9aliste des \u00e9tapes, budget jour par jour, logement et transport sur place. J'aime aussi raconter les p\u00e9pites urbaines, ces adresses qu'on ne trouve pas dans les guides classiques. Avant de publier un dossier destination, je croise toujours plusieurs sources, je v\u00e9rifie les tarifs et les formalit\u00e9s d'entr\u00e9e \u00e0 jour, et je teste moi-m\u00eame quand je le peux. Mon angle reste pratique avant tout : aider le lecteur \u00e0 partir l'esprit tranquille, sans mauvaise surprise une fois sur place. Je m'attache \u00e0 distinguer le coup de c\u0153ur sinc\u00e8re du simple argument marketing.","sameAs":["https:\/\/camillerouvray.fr\/"],"url":"https:\/\/voyage-aventure.com\/blog\/auteur\/noname\/"}]}},"_links":{"self":[{"href":"https:\/\/voyage-aventure.com\/blog\/wp-json\/wp\/v2\/posts\/14708","targetHints":{"allow":["GET"]}}],"collection":[{"href":"https:\/\/voyage-aventure.com\/blog\/wp-json\/wp\/v2\/posts"}],"about":[{"href":"https:\/\/voyage-aventure.com\/blog\/wp-json\/wp\/v2\/types\/post"}],"author":[{"embeddable":true,"href":"https:\/\/voyage-aventure.com\/blog\/wp-json\/wp\/v2\/users\/34"}],"replies":[{"embeddable":true,"href":"https:\/\/voyage-aventure.com\/blog\/wp-json\/wp\/v2\/comments?post=14708"}],"version-history":[{"count":1,"href":"https:\/\/voyage-aventure.com\/blog\/wp-json\/wp\/v2\/posts\/14708\/revisions"}],"predecessor-version":[{"id":14727,"href":"https:\/\/voyage-aventure.com\/blog\/wp-json\/wp\/v2\/posts\/14708\/revisions\/14727"}],"wp:featuredmedia":[{"embeddable":true,"href":"https:\/\/voyage-aventure.com\/blog\/wp-json\/wp\/v2\/media\/19943"}],"wp:attachment":[{"href":"https:\/\/voyage-aventure.com\/blog\/wp-json\/wp\/v2\/media?parent=14708"}],"wp:term":[{"taxonomy":"category","embeddable":true,"href":"https:\/\/voyage-aventure.com\/blog\/wp-json\/wp\/v2\/categories?post=14708"},{"taxonomy":"post_tag","embeddable":true,"href":"https:\/\/voyage-aventure.com\/blog\/wp-json\/wp\/v2\/tags?post=14708"}],"curies":[{"name":"wp","href":"https:\/\/api.w.org\/{rel}","templated":true}]}}