{"id":14693,"date":"2025-03-14T11:37:28","date_gmt":"2025-03-14T10:37:28","guid":{"rendered":"https:\/\/voyage-aventure.com\/blog\/?p=14693"},"modified":"2025-03-14T11:37:28","modified_gmt":"2025-03-14T10:37:28","slug":"les-montagnes-du-colorado-se-preparent-a-une-tempete-de-neige-ce-week-end-avec-des-conditions-difficiles","status":"publish","type":"post","link":"https:\/\/voyage-aventure.com\/blog\/a-la-une\/les-montagnes-du-colorado-se-preparent-a-une-tempete-de-neige-ce-week-end-avec-des-conditions-difficiles\/","title":{"rendered":"les montagnes du colorado se pr\u00e9parent \u00e0 une temp\u00eate de neige ce week-end avec des conditions difficiles"},"content":{"rendered":"<h2>Des pr\u00e9visions de neige significatives dans les montagnes<\/h2>\n<p>Les montagnes du Colorado s&rsquo;appr\u00eatent \u00e0 accueillir une temp\u00eate de neige notable \u00e0 partir de ce vendredi. Selon les pr\u00e9visions, les r\u00e9gions montagneuses du sud devraient recevoir la plus grande quantit\u00e9 de neige, avec des accumulations variant de 6 \u00e0 12 pouces dans les zones \u00e9lev\u00e9es. Les vall\u00e9es, quant \u00e0 elles, s&rsquo;attendent \u00e0 quelques centim\u00e8tres seulement, cr\u00e9ant un contraste saisissant dans les conditions de voyage.<\/p>\n<p>Le service m\u00e9t\u00e9orologique national a \u00e9mis un avis de temps hivernal pour plusieurs comt\u00e9s, notamment Eagle et Pitkin. Les pr\u00e9visions indiquent que les routes de montagne et les voies secondaires pourraient conna\u00eetre des conditions de circulation difficiles, notamment \u00e0 cause des vents forts attendus, atteignant jusqu&rsquo;\u00e0 55 mph dans certaines zones.<\/p>\n<h2>Conditions de voyage difficiles \u00e0 pr\u00e9voir<\/h2>\n<p>Les m\u00e9t\u00e9orologistes avertissent que cette temp\u00eate rapide pourrait engendrer des conditions de voyage p\u00e9rilleuses. Les vents violents, associ\u00e9s \u00e0 des chutes de neige, risquent d&rsquo;affecter la visibilit\u00e9 et de rendre les routes glissantes. Les conducteurs doivent donc faire preuve de prudence et s&rsquo;assurer d&rsquo;\u00eatre bien pr\u00e9par\u00e9s avant de prendre la route.<\/p>\n<p>Austyn Dineen, gestionnaire des communications du d\u00e9partement des transports du Colorado, souligne que les impacts sur l&rsquo;autoroute I-70 pourraient \u00eatre mineurs, mais que les conditions d\u00e9pendront des conducteurs pr\u00e9sents sur la route. Elle d\u00e9crit cette temp\u00eate comme un \u00e9v\u00e9nement hivernal typique, mais n&rsquo;exclut pas la possibilit\u00e9 de retards dus \u00e0 un trafic accru, en particulier le week-end.<\/p>\n<h2>Un week-end de poudre pour les amateurs de ski<\/h2>\n<p>Malgr\u00e9 les conditions difficiles pr\u00e9vues sur les routes, les amateurs de ski pourraient b\u00e9n\u00e9ficier de ce week-end neigeux. Avec une accumulation totale de neige atteignant potentiellement 15 pouces dans certaines stations, les skieurs devraient trouver des pistes bien garnies. Joel Gratz, m\u00e9t\u00e9orologue chez Colorado Open Snow, indique que les premi\u00e8res descentes de dimanche matin pourraient \u00eatre particuli\u00e8rement agr\u00e9ables.<\/p>\n<p>Les conditions de neige fra\u00eeche, combin\u00e9es \u00e0 un ciel d\u00e9gag\u00e9, promettent une exp\u00e9rience de ski m\u00e9morable. Gratz ajoute que les skieurs auront la chance de profiter d&rsquo;une base douce avec de la neige fra\u00eeche sur le dessus. Les passionn\u00e9s de sports d&rsquo;hiver peuvent donc se r\u00e9jouir de cette temp\u00eate, m\u00eame si elle complique les d\u00e9placements.<\/p>\n<blockquote><p>\n\u00ab\u00a0Je pense que le premier t\u00e9l\u00e9si\u00e8ge de dimanche matin sera tr\u00e8s agr\u00e9able avec une base douce et de la neige intacte sur le dessus.\u00a0\u00bb &#8211; Joel Gratz\n<\/p><\/blockquote>\n<ul>\n<li>Pr\u00e9visions de 6 \u00e0 12 pouces de neige dans les montagnes<\/li>\n<li>Avis de temps hivernal pour plusieurs comt\u00e9s<\/li>\n<li>Vents pouvant atteindre 55 mph dans certaines zones<\/li>\n<li>Conditions de voyage difficiles \u00e0 pr\u00e9voir<\/li>\n<li>Un week-end de ski avec de la neige fra\u00eeche<\/li>\n<\/ul>\n<p>Les pr\u00e9visions m\u00e9t\u00e9orologiques pour le Colorado ce week-end soulignent l&rsquo;importance de la pr\u00e9paration pour les conducteurs. Bien que la neige puisse rendre les conditions de voyage difficiles, elle offre \u00e9galement une occasion rare pour les amateurs de ski de profiter de la poudreuse sur les pistes. Alors que les routes peuvent \u00eatre glissantes, les montagnes du Colorado se pr\u00e9parent \u00e0 accueillir les passionn\u00e9s de sports d&rsquo;hiver avec des conditions de neige id\u00e9ales. Les skieurs doivent rester attentifs aux conditions de circulation, mais peuvent se r\u00e9jouir \u00e0 l&rsquo;id\u00e9e de glisser sur une neige fra\u00eeche et poudreuse.<\/p>\n","protected":false},"excerpt":{"rendered":"","protected":false},"author":34,"featured_media":15133,"comment_status":"open","ping_status":"open","sticky":false,"template":"","format":"standard","meta":{"_acf_changed":false,"manual_indexmenow":false,"indexmenow_id_project":0,"footnotes":""},"categories":[1],"tags":[4542,4639,3726,4530,4635],"class_list":["post-14693","post","type-post","status-publish","format-standard","has-post-thumbnail","hentry","category-a-la-une","tag-activites-de-plein-air","tag-aventure","tag-conditions-meteorologiques","tag-escapade-en-europe","tag-voyage","generate-columns","tablet-grid-50","mobile-grid-100","grid-parent","grid-25"],"acf":[],"yoast_head":"<!-- This site is optimized with the Yoast SEO Premium plugin v21.3 (Yoast SEO v25.1) - https:\/\/yoast.com\/wordpress\/plugins\/seo\/ -->\n<title>les montagnes du colorado se pr\u00e9parent \u00e0 une temp\u00eate de<\/title>\n<meta name=\"description\" content=\"Des pr\u00e9visions de neige significatives dans les montagnes Les montagnes du Colorado s&#039;appr\u00eatent \u00e0 accueillir une temp\u00eate de neige notable \u00e0 partir de ce\" \/>\n<meta name=\"robots\" content=\"index, follow, max-snippet:-1, max-image-preview:large, max-video-preview:-1\" \/>\n<link rel=\"canonical\" href=\"https:\/\/voyage-aventure.com\/blog\/a-la-une\/les-montagnes-du-colorado-se-preparent-a-une-tempete-de-neige-ce-week-end-avec-des-conditions-difficiles\/\" \/>\n<meta property=\"og:locale\" content=\"fr_FR\" \/>\n<meta property=\"og:type\" content=\"article\" \/>\n<meta property=\"og:title\" content=\"les montagnes du colorado se pr\u00e9parent \u00e0 une temp\u00eate de\" \/>\n<meta property=\"og:description\" content=\"Des pr\u00e9visions de neige significatives dans les montagnes Les montagnes du Colorado s&#039;appr\u00eatent \u00e0 accueillir une temp\u00eate de neige notable \u00e0 partir de ce\" \/>\n<meta property=\"og:url\" content=\"https:\/\/voyage-aventure.com\/blog\/a-la-une\/les-montagnes-du-colorado-se-preparent-a-une-tempete-de-neige-ce-week-end-avec-des-conditions-difficiles\/\" \/>\n<meta property=\"og:site_name\" content=\"voyage-aventure\" \/>\n<meta property=\"og:image\" content=\"https:\/\/voyage-aventure.com\/blog\/wp-content\/uploads\/2025\/03\/sdxl-5c91e6e9aacbe9e1799fe4cb8ecaa0d2.png\" \/>\n\t<meta property=\"og:image:width\" content=\"1536\" \/>\n\t<meta property=\"og:image:height\" content=\"640\" \/>\n\t<meta property=\"og:image:type\" content=\"image\/png\" \/>\n<meta name=\"author\" content=\"Camille Rouvray\" \/>\n<meta name=\"twitter:card\" content=\"summary_large_image\" \/>\n<script type=\"application\/ld+json\" class=\"yoast-schema-graph\">{\"@context\":\"https:\/\/schema.org\",\"@graph\":[{\"@type\":\"NewsArticle\",\"@id\":\"https:\/\/voyage-aventure.com\/blog\/a-la-une\/les-montagnes-du-colorado-se-preparent-a-une-tempete-de-neige-ce-week-end-avec-des-conditions-difficiles\/#article\",\"isPartOf\":{\"@id\":\"https:\/\/voyage-aventure.com\/blog\/a-la-une\/les-montagnes-du-colorado-se-preparent-a-une-tempete-de-neige-ce-week-end-avec-des-conditions-difficiles\/\"},\"author\":{\"name\":\"Camille Rouvray\",\"@id\":\"https:\/\/voyage-aventure.com\/blog\/#\/schema\/person\/3c864cdc320801e3db34b663e7e3f816\"},\"headline\":\"les montagnes du colorado se pr\u00e9parent \u00e0 une temp\u00eate de neige ce week-end avec des conditions difficiles\",\"datePublished\":\"2025-03-14T10:37:28+00:00\",\"mainEntityOfPage\":{\"@id\":\"https:\/\/voyage-aventure.com\/blog\/a-la-une\/les-montagnes-du-colorado-se-preparent-a-une-tempete-de-neige-ce-week-end-avec-des-conditions-difficiles\/\"},\"wordCount\":598,\"commentCount\":20,\"publisher\":{\"@id\":\"https:\/\/voyage-aventure.com\/blog\/#organization\"},\"image\":{\"@id\":\"https:\/\/voyage-aventure.com\/blog\/a-la-une\/les-montagnes-du-colorado-se-preparent-a-une-tempete-de-neige-ce-week-end-avec-des-conditions-difficiles\/#primaryimage\"},\"thumbnailUrl\":\"https:\/\/voyage-aventure.com\/blog\/wp-content\/uploads\/2025\/03\/sdxl-5c91e6e9aacbe9e1799fe4cb8ecaa0d2.png\",\"keywords\":[\"Activit\u00e9s de Plein Air\",\"Aventure\",\"Conditions M\u00e9t\u00e9orologiques\",\"Escapade en Europe\",\"Voyage\"],\"articleSection\":[\"\u00c0 la une\"],\"inLanguage\":\"fr-FR\",\"potentialAction\":[{\"@type\":\"CommentAction\",\"name\":\"Comment\",\"target\":[\"https:\/\/voyage-aventure.com\/blog\/a-la-une\/les-montagnes-du-colorado-se-preparent-a-une-tempete-de-neige-ce-week-end-avec-des-conditions-difficiles\/#respond\"]}]},{\"@type\":\"WebPage\",\"@id\":\"https:\/\/voyage-aventure.com\/blog\/a-la-une\/les-montagnes-du-colorado-se-preparent-a-une-tempete-de-neige-ce-week-end-avec-des-conditions-difficiles\/\",\"url\":\"https:\/\/voyage-aventure.com\/blog\/a-la-une\/les-montagnes-du-colorado-se-preparent-a-une-tempete-de-neige-ce-week-end-avec-des-conditions-difficiles\/\",\"name\":\"les montagnes du colorado se pr\u00e9parent \u00e0 une temp\u00eate de\",\"isPartOf\":{\"@id\":\"https:\/\/voyage-aventure.com\/blog\/#website\"},\"primaryImageOfPage\":{\"@id\":\"https:\/\/voyage-aventure.com\/blog\/a-la-une\/les-montagnes-du-colorado-se-preparent-a-une-tempete-de-neige-ce-week-end-avec-des-conditions-difficiles\/#primaryimage\"},\"image\":{\"@id\":\"https:\/\/voyage-aventure.com\/blog\/a-la-une\/les-montagnes-du-colorado-se-preparent-a-une-tempete-de-neige-ce-week-end-avec-des-conditions-difficiles\/#primaryimage\"},\"thumbnailUrl\":\"https:\/\/voyage-aventure.com\/blog\/wp-content\/uploads\/2025\/03\/sdxl-5c91e6e9aacbe9e1799fe4cb8ecaa0d2.png\",\"datePublished\":\"2025-03-14T10:37:28+00:00\",\"description\":\"Des pr\u00e9visions de neige significatives dans les montagnes Les montagnes du Colorado s'appr\u00eatent \u00e0 accueillir une temp\u00eate de neige notable \u00e0 partir de ce\",\"inLanguage\":\"fr-FR\",\"potentialAction\":[{\"@type\":\"ReadAction\",\"target\":[\"https:\/\/voyage-aventure.com\/blog\/a-la-une\/les-montagnes-du-colorado-se-preparent-a-une-tempete-de-neige-ce-week-end-avec-des-conditions-difficiles\/\"]}]},{\"@type\":\"ImageObject\",\"inLanguage\":\"fr-FR\",\"@id\":\"https:\/\/voyage-aventure.com\/blog\/a-la-une\/les-montagnes-du-colorado-se-preparent-a-une-tempete-de-neige-ce-week-end-avec-des-conditions-difficiles\/#primaryimage\",\"url\":\"https:\/\/voyage-aventure.com\/blog\/wp-content\/uploads\/2025\/03\/sdxl-5c91e6e9aacbe9e1799fe4cb8ecaa0d2.png\",\"contentUrl\":\"https:\/\/voyage-aventure.com\/blog\/wp-content\/uploads\/2025\/03\/sdxl-5c91e6e9aacbe9e1799fe4cb8ecaa0d2.png\",\"width\":1536,\"height\":640},{\"@type\":\"WebSite\",\"@id\":\"https:\/\/voyage-aventure.com\/blog\/#website\",\"url\":\"https:\/\/voyage-aventure.com\/blog\/\",\"name\":\"voyage-aventure.com\",\"description\":\"Votre passeport pour l\u2019inattendu.\",\"publisher\":{\"@id\":\"https:\/\/voyage-aventure.com\/blog\/#organization\"},\"alternateName\":\"Votre passeport pour l\u2019inattendu.\",\"potentialAction\":[{\"@type\":\"SearchAction\",\"target\":{\"@type\":\"EntryPoint\",\"urlTemplate\":\"https:\/\/voyage-aventure.com\/blog\/?s={search_term_string}\"},\"query-input\":{\"@type\":\"PropertyValueSpecification\",\"valueRequired\":true,\"valueName\":\"search_term_string\"}}],\"inLanguage\":\"fr-FR\"},{\"@type\":\"Organization\",\"@id\":\"https:\/\/voyage-aventure.com\/blog\/#organization\",\"name\":\"Foretsensations.fr\",\"url\":\"https:\/\/voyage-aventure.com\/blog\/\",\"logo\":{\"@type\":\"ImageObject\",\"inLanguage\":\"fr-FR\",\"@id\":\"https:\/\/voyage-aventure.com\/blog\/#\/schema\/logo\/image\/\",\"url\":\"https:\/\/voyage-aventure.com\/blog\/wp-content\/uploads\/2024\/12\/19.png\",\"contentUrl\":\"https:\/\/voyage-aventure.com\/blog\/wp-content\/uploads\/2024\/12\/19.png\",\"width\":512,\"height\":512,\"caption\":\"Foretsensations.fr\"},\"image\":{\"@id\":\"https:\/\/voyage-aventure.com\/blog\/#\/schema\/logo\/image\/\"}},{\"@type\":\"Person\",\"@id\":\"https:\/\/voyage-aventure.com\/blog\/#\/schema\/person\/3c864cdc320801e3db34b663e7e3f816\",\"name\":\"Camille Rouvray\",\"image\":{\"@type\":\"ImageObject\",\"inLanguage\":\"fr-FR\",\"@id\":\"https:\/\/voyage-aventure.com\/blog\/#\/schema\/person\/image\/\",\"url\":\"https:\/\/voyage-aventure.com\/blog\/wp-content\/uploads\/2026\/06\/persona_camille-r-96x96.jpg\",\"contentUrl\":\"https:\/\/voyage-aventure.com\/blog\/wp-content\/uploads\/2026\/06\/persona_camille-r-96x96.jpg\",\"caption\":\"Camille Rouvray\"},\"description\":\"Je voyage et j'\u00e9cris sur le voyage depuis une douzaine d'ann\u00e9es, d'abord en tant que routarde au long cours, puis comme r\u00e9dactrice sp\u00e9cialis\u00e9e. Mon terrain de pr\u00e9dilection, ce sont les circuits organis\u00e9s et l'art de bien pr\u00e9parer un itin\u00e9raire : choix de la saison, dur\u00e9e r\u00e9aliste des \u00e9tapes, budget jour par jour, logement et transport sur place. J'aime aussi raconter les p\u00e9pites urbaines, ces adresses qu'on ne trouve pas dans les guides classiques. Avant de publier un dossier destination, je croise toujours plusieurs sources, je v\u00e9rifie les tarifs et les formalit\u00e9s d'entr\u00e9e \u00e0 jour, et je teste moi-m\u00eame quand je le peux. Mon angle reste pratique avant tout : aider le lecteur \u00e0 partir l'esprit tranquille, sans mauvaise surprise une fois sur place. Je m'attache \u00e0 distinguer le coup de c\u0153ur sinc\u00e8re du simple argument marketing.\",\"sameAs\":[\"https:\/\/camillerouvray.fr\/\"],\"url\":\"https:\/\/voyage-aventure.com\/blog\/auteur\/noname\/\"}]}<\/script>\n<!-- \/ Yoast SEO Premium plugin. -->","yoast_head_json":{"title":"les montagnes du colorado se pr\u00e9parent \u00e0 une temp\u00eate de","description":"Des pr\u00e9visions de neige significatives dans les montagnes Les montagnes du Colorado s'appr\u00eatent \u00e0 accueillir une temp\u00eate de neige notable \u00e0 partir de ce","robots":{"index":"index","follow":"follow","max-snippet":"max-snippet:-1","max-image-preview":"max-image-preview:large","max-video-preview":"max-video-preview:-1"},"canonical":"https:\/\/voyage-aventure.com\/blog\/a-la-une\/les-montagnes-du-colorado-se-preparent-a-une-tempete-de-neige-ce-week-end-avec-des-conditions-difficiles\/","og_locale":"fr_FR","og_type":"article","og_title":"les montagnes du colorado se pr\u00e9parent \u00e0 une temp\u00eate de","og_description":"Des pr\u00e9visions de neige significatives dans les montagnes Les montagnes du Colorado s'appr\u00eatent \u00e0 accueillir une temp\u00eate de neige notable \u00e0 partir de ce","og_url":"https:\/\/voyage-aventure.com\/blog\/a-la-une\/les-montagnes-du-colorado-se-preparent-a-une-tempete-de-neige-ce-week-end-avec-des-conditions-difficiles\/","og_site_name":"voyage-aventure","og_image":[{"width":1536,"height":640,"url":"https:\/\/voyage-aventure.com\/blog\/wp-content\/uploads\/2025\/03\/sdxl-5c91e6e9aacbe9e1799fe4cb8ecaa0d2.png","type":"image\/png"}],"author":"Camille Rouvray","twitter_card":"summary_large_image","schema":{"@context":"https:\/\/schema.org","@graph":[{"@type":"NewsArticle","@id":"https:\/\/voyage-aventure.com\/blog\/a-la-une\/les-montagnes-du-colorado-se-preparent-a-une-tempete-de-neige-ce-week-end-avec-des-conditions-difficiles\/#article","isPartOf":{"@id":"https:\/\/voyage-aventure.com\/blog\/a-la-une\/les-montagnes-du-colorado-se-preparent-a-une-tempete-de-neige-ce-week-end-avec-des-conditions-difficiles\/"},"author":{"name":"Camille Rouvray","@id":"https:\/\/voyage-aventure.com\/blog\/#\/schema\/person\/3c864cdc320801e3db34b663e7e3f816"},"headline":"les montagnes du colorado se pr\u00e9parent \u00e0 une temp\u00eate de neige ce week-end avec des conditions difficiles","datePublished":"2025-03-14T10:37:28+00:00","mainEntityOfPage":{"@id":"https:\/\/voyage-aventure.com\/blog\/a-la-une\/les-montagnes-du-colorado-se-preparent-a-une-tempete-de-neige-ce-week-end-avec-des-conditions-difficiles\/"},"wordCount":598,"commentCount":20,"publisher":{"@id":"https:\/\/voyage-aventure.com\/blog\/#organization"},"image":{"@id":"https:\/\/voyage-aventure.com\/blog\/a-la-une\/les-montagnes-du-colorado-se-preparent-a-une-tempete-de-neige-ce-week-end-avec-des-conditions-difficiles\/#primaryimage"},"thumbnailUrl":"https:\/\/voyage-aventure.com\/blog\/wp-content\/uploads\/2025\/03\/sdxl-5c91e6e9aacbe9e1799fe4cb8ecaa0d2.png","keywords":["Activit\u00e9s de Plein Air","Aventure","Conditions M\u00e9t\u00e9orologiques","Escapade en Europe","Voyage"],"articleSection":["\u00c0 la une"],"inLanguage":"fr-FR","potentialAction":[{"@type":"CommentAction","name":"Comment","target":["https:\/\/voyage-aventure.com\/blog\/a-la-une\/les-montagnes-du-colorado-se-preparent-a-une-tempete-de-neige-ce-week-end-avec-des-conditions-difficiles\/#respond"]}]},{"@type":"WebPage","@id":"https:\/\/voyage-aventure.com\/blog\/a-la-une\/les-montagnes-du-colorado-se-preparent-a-une-tempete-de-neige-ce-week-end-avec-des-conditions-difficiles\/","url":"https:\/\/voyage-aventure.com\/blog\/a-la-une\/les-montagnes-du-colorado-se-preparent-a-une-tempete-de-neige-ce-week-end-avec-des-conditions-difficiles\/","name":"les montagnes du colorado se pr\u00e9parent \u00e0 une temp\u00eate de","isPartOf":{"@id":"https:\/\/voyage-aventure.com\/blog\/#website"},"primaryImageOfPage":{"@id":"https:\/\/voyage-aventure.com\/blog\/a-la-une\/les-montagnes-du-colorado-se-preparent-a-une-tempete-de-neige-ce-week-end-avec-des-conditions-difficiles\/#primaryimage"},"image":{"@id":"https:\/\/voyage-aventure.com\/blog\/a-la-une\/les-montagnes-du-colorado-se-preparent-a-une-tempete-de-neige-ce-week-end-avec-des-conditions-difficiles\/#primaryimage"},"thumbnailUrl":"https:\/\/voyage-aventure.com\/blog\/wp-content\/uploads\/2025\/03\/sdxl-5c91e6e9aacbe9e1799fe4cb8ecaa0d2.png","datePublished":"2025-03-14T10:37:28+00:00","description":"Des pr\u00e9visions de neige significatives dans les montagnes Les montagnes du Colorado s'appr\u00eatent \u00e0 accueillir une temp\u00eate de neige notable \u00e0 partir de ce","inLanguage":"fr-FR","potentialAction":[{"@type":"ReadAction","target":["https:\/\/voyage-aventure.com\/blog\/a-la-une\/les-montagnes-du-colorado-se-preparent-a-une-tempete-de-neige-ce-week-end-avec-des-conditions-difficiles\/"]}]},{"@type":"ImageObject","inLanguage":"fr-FR","@id":"https:\/\/voyage-aventure.com\/blog\/a-la-une\/les-montagnes-du-colorado-se-preparent-a-une-tempete-de-neige-ce-week-end-avec-des-conditions-difficiles\/#primaryimage","url":"https:\/\/voyage-aventure.com\/blog\/wp-content\/uploads\/2025\/03\/sdxl-5c91e6e9aacbe9e1799fe4cb8ecaa0d2.png","contentUrl":"https:\/\/voyage-aventure.com\/blog\/wp-content\/uploads\/2025\/03\/sdxl-5c91e6e9aacbe9e1799fe4cb8ecaa0d2.png","width":1536,"height":640},{"@type":"WebSite","@id":"https:\/\/voyage-aventure.com\/blog\/#website","url":"https:\/\/voyage-aventure.com\/blog\/","name":"voyage-aventure.com","description":"Votre passeport pour l\u2019inattendu.","publisher":{"@id":"https:\/\/voyage-aventure.com\/blog\/#organization"},"alternateName":"Votre passeport pour l\u2019inattendu.","potentialAction":[{"@type":"SearchAction","target":{"@type":"EntryPoint","urlTemplate":"https:\/\/voyage-aventure.com\/blog\/?s={search_term_string}"},"query-input":{"@type":"PropertyValueSpecification","valueRequired":true,"valueName":"search_term_string"}}],"inLanguage":"fr-FR"},{"@type":"Organization","@id":"https:\/\/voyage-aventure.com\/blog\/#organization","name":"Foretsensations.fr","url":"https:\/\/voyage-aventure.com\/blog\/","logo":{"@type":"ImageObject","inLanguage":"fr-FR","@id":"https:\/\/voyage-aventure.com\/blog\/#\/schema\/logo\/image\/","url":"https:\/\/voyage-aventure.com\/blog\/wp-content\/uploads\/2024\/12\/19.png","contentUrl":"https:\/\/voyage-aventure.com\/blog\/wp-content\/uploads\/2024\/12\/19.png","width":512,"height":512,"caption":"Foretsensations.fr"},"image":{"@id":"https:\/\/voyage-aventure.com\/blog\/#\/schema\/logo\/image\/"}},{"@type":"Person","@id":"https:\/\/voyage-aventure.com\/blog\/#\/schema\/person\/3c864cdc320801e3db34b663e7e3f816","name":"Camille Rouvray","image":{"@type":"ImageObject","inLanguage":"fr-FR","@id":"https:\/\/voyage-aventure.com\/blog\/#\/schema\/person\/image\/","url":"https:\/\/voyage-aventure.com\/blog\/wp-content\/uploads\/2026\/06\/persona_camille-r-96x96.jpg","contentUrl":"https:\/\/voyage-aventure.com\/blog\/wp-content\/uploads\/2026\/06\/persona_camille-r-96x96.jpg","caption":"Camille Rouvray"},"description":"Je voyage et j'\u00e9cris sur le voyage depuis une douzaine d'ann\u00e9es, d'abord en tant que routarde au long cours, puis comme r\u00e9dactrice sp\u00e9cialis\u00e9e. Mon terrain de pr\u00e9dilection, ce sont les circuits organis\u00e9s et l'art de bien pr\u00e9parer un itin\u00e9raire : choix de la saison, dur\u00e9e r\u00e9aliste des \u00e9tapes, budget jour par jour, logement et transport sur place. J'aime aussi raconter les p\u00e9pites urbaines, ces adresses qu'on ne trouve pas dans les guides classiques. Avant de publier un dossier destination, je croise toujours plusieurs sources, je v\u00e9rifie les tarifs et les formalit\u00e9s d'entr\u00e9e \u00e0 jour, et je teste moi-m\u00eame quand je le peux. Mon angle reste pratique avant tout : aider le lecteur \u00e0 partir l'esprit tranquille, sans mauvaise surprise une fois sur place. Je m'attache \u00e0 distinguer le coup de c\u0153ur sinc\u00e8re du simple argument marketing.","sameAs":["https:\/\/camillerouvray.fr\/"],"url":"https:\/\/voyage-aventure.com\/blog\/auteur\/noname\/"}]}},"_links":{"self":[{"href":"https:\/\/voyage-aventure.com\/blog\/wp-json\/wp\/v2\/posts\/14693","targetHints":{"allow":["GET"]}}],"collection":[{"href":"https:\/\/voyage-aventure.com\/blog\/wp-json\/wp\/v2\/posts"}],"about":[{"href":"https:\/\/voyage-aventure.com\/blog\/wp-json\/wp\/v2\/types\/post"}],"author":[{"embeddable":true,"href":"https:\/\/voyage-aventure.com\/blog\/wp-json\/wp\/v2\/users\/34"}],"replies":[{"embeddable":true,"href":"https:\/\/voyage-aventure.com\/blog\/wp-json\/wp\/v2\/comments?post=14693"}],"version-history":[{"count":1,"href":"https:\/\/voyage-aventure.com\/blog\/wp-json\/wp\/v2\/posts\/14693\/revisions"}],"predecessor-version":[{"id":14751,"href":"https:\/\/voyage-aventure.com\/blog\/wp-json\/wp\/v2\/posts\/14693\/revisions\/14751"}],"wp:featuredmedia":[{"embeddable":true,"href":"https:\/\/voyage-aventure.com\/blog\/wp-json\/wp\/v2\/media\/15133"}],"wp:attachment":[{"href":"https:\/\/voyage-aventure.com\/blog\/wp-json\/wp\/v2\/media?parent=14693"}],"wp:term":[{"taxonomy":"category","embeddable":true,"href":"https:\/\/voyage-aventure.com\/blog\/wp-json\/wp\/v2\/categories?post=14693"},{"taxonomy":"post_tag","embeddable":true,"href":"https:\/\/voyage-aventure.com\/blog\/wp-json\/wp\/v2\/tags?post=14693"}],"curies":[{"name":"wp","href":"https:\/\/api.w.org\/{rel}","templated":true}]}}