{"id":14686,"date":"2026-06-16T17:05:16","date_gmt":"2026-06-16T15:05:16","guid":{"rendered":"https:\/\/voyage-aventure.com\/blog\/?p=14686"},"modified":"2026-06-16T17:05:16","modified_gmt":"2026-06-16T15:05:16","slug":"un-accord-entre-le-canada-et-la-grece-pour-dynamiser-le-tourisme-et-leconomie","status":"publish","type":"post","link":"https:\/\/voyage-aventure.com\/blog\/a-la-une\/un-accord-entre-le-canada-et-la-grece-pour-dynamiser-le-tourisme-et-leconomie\/","title":{"rendered":"un accord entre le Canada et la Gr\u00e8ce pour dynamiser le tourisme et l&rsquo;\u00e9conomie"},"content":{"rendered":"<link rel=\"stylesheet\" href=\"https:\/\/fonts.googleapis.com\/css2?family=Newsreader:ital,opsz,wght@0,6..72,500..700;1,6..72,500..600&#038;family=Inter:wght@400;500;600&#038;family=JetBrains+Mono:wght@500&#038;display=swap\">\n<style>\n.va-actu-news-wrap{font-family:'Inter',-apple-system,BlinkMacSystemFont,sans-serif;color:#1c2230;line-height:1.65;font-size:17px;max-width:760px;margin:0 auto}\n.va-actu-news-wrap h2{font-family:'Newsreader',Georgia,serif;font-weight:700;font-size:clamp(24px,3.2vw,33px);line-height:1.2;letter-spacing:-.01em;color:#0f1726;margin:48px 0 16px}\n.va-actu-news-wrap h3{font-family:'Newsreader',Georgia,serif;font-weight:600;font-size:21px;color:#0f1726;margin:26px 0 10px}\n.va-actu-news-wrap p{margin:0 0 18px}\n.va-actu-news-dateline{font-family:'JetBrains Mono',monospace;font-size:12.5px;letter-spacing:.04em;text-transform:uppercase;color:#9a2d1f;font-weight:500;margin:0 0 14px}\n.va-actu-news-lead{font-family:'Newsreader',Georgia,serif;font-size:21px;line-height:1.5;color:#33414f;font-weight:500;margin:0 0 30px}\n.va-actu-news-essentiel{background:#fbf3ef;border-left:5px solid #c0392b;border-radius:0 12px 12px 0;padding:22px 26px;margin:0 0 40px;box-shadow:0 1px 2px rgba(16,24,40,.05),0 12px 28px -18px rgba(16,24,40,.22)}\n.va-actu-news-essentiel .va-actu-news-kicker{font-family:'JetBrains Mono',monospace;font-size:12px;letter-spacing:.08em;text-transform:uppercase;color:#9a2d1f;font-weight:500;margin-bottom:14px}\n.va-actu-news-essentiel ul{list-style:none;margin:0;padding:0}\n.va-actu-news-essentiel li{position:relative;padding:0 0 12px 30px;font-size:16.5px}\n.va-actu-news-essentiel li:last-child{padding-bottom:0}\n.va-actu-news-essentiel li .va-actu-news-lab{font-family:'JetBrains Mono',monospace;font-size:11px;letter-spacing:.05em;text-transform:uppercase;color:#c0392b;display:block;margin-bottom:2px}\n.va-actu-news-essentiel li::before{content:\"\";position:absolute;left:6px;top:7px;width:8px;height:8px;border-radius:50%;background:#c0392b}\n.va-actu-news-stats{display:grid;grid-template-columns:repeat(auto-fit,minmax(180px,1fr));gap:20px;margin:34px 0}\n.va-actu-news-stat{background:#fff;border:1px solid #e6e9ee;border-top:3px solid #c0392b;border-radius:12px;padding:22px 24px;transition:.25s ease;box-shadow:0 1px 2px rgba(16,24,40,.05)}\n.va-actu-news-stat:hover{transform:translateY(-3px);box-shadow:0 1px 2px rgba(16,24,40,.06),0 16px 30px -18px rgba(16,24,40,.3)}\n.va-actu-news-stat .va-actu-news-num{font-family:'Newsreader',Georgia,serif;font-weight:700;font-size:30px;color:#0f1726;line-height:1.1}\n.va-actu-news-stat .va-actu-news-cap{font-size:14px;color:#5a6573;margin-top:8px}\n.va-actu-news-quote{font-family:'Newsreader',Georgia,serif;font-style:italic;font-size:23px;line-height:1.45;color:#0f1726;border-left:5px solid #c0392b;padding:6px 0 6px 26px;margin:36px 0}\n.va-actu-news-quote .va-actu-news-by{display:block;font-style:normal;font-family:'JetBrains Mono',monospace;font-size:12.5px;letter-spacing:.03em;color:#5a6573;margin-top:14px;text-transform:uppercase}\n.va-actu-news-retenir{background:#0f1726;color:#e8ebf0;border-radius:14px;padding:26px 30px;margin:44px 0}\n.va-actu-news-retenir .va-actu-news-kicker{font-family:'JetBrains Mono',monospace;font-size:12px;letter-spacing:.08em;text-transform:uppercase;color:#f0a08e;font-weight:500;margin-bottom:14px}\n.va-actu-news-retenir ul{list-style:none;margin:0;padding:0}\n.va-actu-news-retenir li{position:relative;padding:0 0 12px 26px;font-size:16px}\n.va-actu-news-retenir li:last-child{padding-bottom:0}\n.va-actu-news-retenir li::before{content:\"\u2192\";position:absolute;left:0;top:0;color:#f0a08e;font-weight:700}\n.va-actu-news-faq{margin:40px 0 0}\n.va-actu-news-faq details{border:1px solid #e6e9ee;border-radius:10px;padding:0;margin:0 0 12px;transition:.25s ease;overflow:hidden}\n.va-actu-news-faq details:hover{border-color:#c0392b;box-shadow:0 10px 24px -18px rgba(16,24,40,.3)}\n.va-actu-news-faq summary{cursor:pointer;font-family:'Newsreader',Georgia,serif;font-weight:600;font-size:18px;color:#0f1726;padding:16px 20px;list-style:none}\n.va-actu-news-faq summary::-webkit-details-marker{display:none}\n.va-actu-news-faq summary::before{content:\"+\";color:#c0392b;font-weight:700;margin-right:10px}\n.va-actu-news-faq details[open] summary::before{content:\"\u2212\"}\n.va-actu-news-faq .va-actu-news-ans{padding:0 20px 18px;font-size:16px;color:#33414f}\n.va-actu-news-wrap a{color:#9a2d1f;text-decoration:underline;text-underline-offset:2px}\n\/*RENDERFIX2*\/.va-actu-news-essentiel li::before{color:#eef3f9!important}.va-actu-news-essentiel li::before p,.va-actu-news-essentiel li::before li,.va-actu-news-essentiel li::before strong,.va-actu-news-essentiel li::before em,.va-actu-news-essentiel li::before a,.va-actu-news-essentiel li::before span,.va-actu-news-essentiel li::before b,.va-actu-news-essentiel li::before td,.va-actu-news-essentiel li::before th,.va-actu-news-essentiel li::before h2,.va-actu-news-essentiel li::before h3,.va-actu-news-essentiel li::before h4{color:#eef3f9!important}.va-actu-news-essentiel li::before strong,.va-actu-news-essentiel li::before b{color:#ffffff!important}.va-actu-news-retenir{color:#eef3f9!important}.va-actu-news-retenir p,.va-actu-news-retenir li,.va-actu-news-retenir strong,.va-actu-news-retenir em,.va-actu-news-retenir a,.va-actu-news-retenir span,.va-actu-news-retenir b,.va-actu-news-retenir td,.va-actu-news-retenir th,.va-actu-news-retenir h2,.va-actu-news-retenir h3,.va-actu-news-retenir h4{color:#eef3f9!important}.va-actu-news-retenir strong,.va-actu-news-retenir b{color:#ffffff!important}<\/style>\n<div class=\"va-actu-news-wrap\">\n<div class=\"va-actu-news-dateline\">Ath\u00e8nes \u00b7 14 mars 2025 \u00b7 Diplomatie &#038; tourisme<\/div>\n<p class=\"va-actu-news-lead\">Le Canada et la Gr\u00e8ce ont sign\u00e9 un m\u00e9morandum d&rsquo;accord pour resserrer leur coop\u00e9ration touristique. Au-del\u00e0 des seuls flux de voyageurs, le texte engage les deux pays sur le partage de donn\u00e9es, l&rsquo;action climatique dans le tourisme et le renforcement de liens diplomatiques d\u00e9j\u00e0 solides.<\/p>\n<div class=\"va-actu-news-essentiel\">\n<div class=\"va-actu-news-kicker\">L&rsquo;essentiel<\/div>\n<ul>\n<li><span class=\"va-actu-news-lab\">Quoi<\/span>Signature d&rsquo;un m\u00e9morandum d&rsquo;accord visant \u00e0 renforcer la coop\u00e9ration dans le secteur du tourisme entre le Canada et la Gr\u00e8ce.<\/li>\n<li><span class=\"va-actu-news-lab\">Qui &amp; quand<\/span>Le 14 mars 2025 \u00e0 Ath\u00e8nes, par Olga Kefalogianni, ministre du Tourisme grec, et Karine Asselin, ambassadrice du Canada en Gr\u00e8ce.<\/li>\n<li><span class=\"va-actu-news-lab\">Enjeu<\/span>Attirer davantage de voyageurs dans les deux sens, mutualiser les bonnes pratiques de tourisme durable et soutenir les \u00e9conomies locales.<\/li>\n<\/ul>\n<\/div>\n<h2>Un partenariat strat\u00e9gique pour le tourisme<\/h2>\n<p>Le 14 mars 2025, \u00e0 Ath\u00e8nes, un \u00e9v\u00e9nement marquant a eu lieu lorsqu&rsquo;Olga Kefalogianni, la ministre du Tourisme grec, et Karine Asselin, l&rsquo;ambassadrice du Canada en Gr\u00e8ce, ont sign\u00e9 un m\u00e9morandum d&rsquo;accord. Cet accord vise \u00e0 renforcer la coop\u00e9ration dans le secteur du tourisme entre les deux pays. Cette initiative est le fruit d&rsquo;une volont\u00e9 commune de d\u00e9velopper des strat\u00e9gies pour attirer davantage de voyageurs canadiens en Gr\u00e8ce et vice versa.<\/p>\n<p>Ce partenariat va bien au-del\u00e0 de simples \u00e9changes touristiques. Il inclut la coop\u00e9ration institutionnelle, l&rsquo;\u00e9change de donn\u00e9es relatives aux voyages et le partage des meilleures pratiques en mati\u00e8re d&rsquo;action climatique dans le secteur du tourisme. Les deux nations s&rsquo;engagent \u00e0 cr\u00e9er un environnement propice \u00e0 l&rsquo;\u00e9panouissement des activit\u00e9s touristiques, tout en respectant les enjeux environnementaux actuels.<\/p>\n<h2>Des liens culturels et \u00e9conomiques solides entre les deux pays<\/h2>\n<p>Le Canada et la Gr\u00e8ce poss\u00e8dent une relation commerciale et d&rsquo;investissement en pleine expansion, soutenue par l&rsquo;Accord \u00e9conomique et commercial global entre le Canada et l&rsquo;Union europ\u00e9enne (AECG). En 2024, le commerce bilat\u00e9ral de marchandises entre les deux pays a atteint 645,8 millions de dollars, un chiffre qui t\u00e9moigne de l&rsquo;importance croissante des \u00e9changes \u00e9conomiques entre les deux nations.<\/p>\n<div class=\"va-actu-news-stats\">\n<div class=\"va-actu-news-stat\">\n<div class=\"va-actu-news-num\">645,8 M$<\/div>\n<div class=\"va-actu-news-cap\">Commerce bilat\u00e9ral de marchandises en 2024<\/div>\n<\/div>\n<div class=\"va-actu-news-stat\">\n<div class=\"va-actu-news-num\">~300 000<\/div>\n<div class=\"va-actu-news-cap\">Personnes dans la diaspora grecque au Canada<\/div>\n<\/div>\n<div class=\"va-actu-news-stat\">\n<div class=\"va-actu-news-num\">AECG<\/div>\n<div class=\"va-actu-news-cap\">Accord Canada\u2013UE qui soutient les \u00e9changes<\/div>\n<\/div>\n<\/div>\n<p>Les liens culturels sont \u00e9galement tr\u00e8s forts, en grande partie gr\u00e2ce \u00e0 la diaspora grecque au Canada, qui compte pr\u00e8s de 300 000 personnes. De nombreux Canadiens vivent, travaillent ou \u00e9tudient en Gr\u00e8ce, ce qui renforce encore plus les relations entre les deux pays. Cette base culturelle solide ouvre la voie \u00e0 une coop\u00e9ration plus \u00e9troite dans divers domaines, y compris le tourisme.<\/p>\n<h2>Les b\u00e9n\u00e9fices de l&rsquo;accord pour les communaut\u00e9s locales<\/h2>\n<p>Le gouvernement canadien est enthousiaste \u00e0 l&rsquo;id\u00e9e de renforcer ses relations bilat\u00e9rales avec la Gr\u00e8ce et d&rsquo;\u00e9largir son secteur touristique. L&rsquo;accord sign\u00e9 est un pas important vers l&rsquo;invitation d&rsquo;un plus grand nombre de visiteurs internationaux, qui b\u00e9n\u00e9ficieront non seulement aux \u00e9conomies locales mais aussi aux communaut\u00e9s \u00e0 travers le pays. L&rsquo;impact de ce partenariat pourrait se faire sentir dans divers secteurs, des restaurants aux transports, en passant par l&rsquo;h\u00f4tellerie.<\/p>\n<div class=\"va-actu-news-quote\">\u00ab L&rsquo;augmentation du tourisme entre le Canada et la Gr\u00e8ce repr\u00e9sente une opportunit\u00e9 unique pour les deux pays de partager leurs richesses culturelles et de cr\u00e9er des emplois locaux \u00bb<br \/>\n<span class=\"va-actu-news-by\">Karine Asselin, ambassadrice du Canada en Gr\u00e8ce<\/span>\n<\/div>\n<p>Cette d\u00e9claration souligne l&rsquo;importance de l&rsquo;accord pour l&rsquo;avenir des deux nations. Les retomb\u00e9es \u00e9conomiques potentielles de cette coop\u00e9ration sont jug\u00e9es significatives par les deux gouvernements.<\/p>\n<div class=\"va-actu-news-retenir\">\n<div class=\"va-actu-news-kicker\">\u00c0 retenir<\/div>\n<ul>\n<li>Un m\u00e9morandum d&rsquo;accord touristique a \u00e9t\u00e9 sign\u00e9 entre le Canada et la Gr\u00e8ce le 14 mars 2025, \u00e0 Ath\u00e8nes.<\/li>\n<li>Le texte couvre la coop\u00e9ration institutionnelle, l&rsquo;\u00e9change de donn\u00e9es de voyage et l&rsquo;action climatique dans le tourisme.<\/li>\n<li>Le commerce bilat\u00e9ral de marchandises a atteint 645,8 millions de dollars en 2024, soutenu par l&rsquo;AECG.<\/li>\n<li>La diaspora grecque au Canada, forte de pr\u00e8s de 300 000 personnes, ancre une relation culturelle d\u00e9j\u00e0 \u00e9troite.<\/li>\n<li>Objectif affich\u00e9 : plus de visiteurs dans les deux sens et des retomb\u00e9es pour les \u00e9conomies et l&#8217;emploi locaux.<\/li>\n<\/ul>\n<\/div>\n<div class=\"va-actu-news-faq\">\n<details>\n<summary>Qui a sign\u00e9 l&rsquo;accord touristique entre le Canada et la Gr\u00e8ce ?<\/summary>\n<div class=\"va-actu-news-ans\">Le m\u00e9morandum a \u00e9t\u00e9 sign\u00e9 \u00e0 Ath\u00e8nes par Olga Kefalogianni, ministre du Tourisme grec, et Karine Asselin, ambassadrice du Canada en Gr\u00e8ce.<\/div>\n<\/details>\n<details>\n<summary>Quand le m\u00e9morandum d&rsquo;accord a-t-il \u00e9t\u00e9 sign\u00e9 ?<\/summary>\n<div class=\"va-actu-news-ans\">Il a \u00e9t\u00e9 sign\u00e9 le 14 mars 2025, lors d&rsquo;un \u00e9v\u00e9nement organis\u00e9 \u00e0 Ath\u00e8nes.<\/div>\n<\/details>\n<details>\n<summary>Que pr\u00e9voit concr\u00e8tement cet accord ?<\/summary>\n<div class=\"va-actu-news-ans\">Il pr\u00e9voit le renforcement de la coop\u00e9ration touristique : coop\u00e9ration institutionnelle, \u00e9change de donn\u00e9es relatives aux voyages et partage des meilleures pratiques en mati\u00e8re d&rsquo;action climatique dans le secteur du tourisme.<\/div>\n<\/details>\n<details>\n<summary>Quel \u00e9tait le niveau des \u00e9changes commerciaux entre les deux pays ?<\/summary>\n<div class=\"va-actu-news-ans\">En 2024, le commerce bilat\u00e9ral de marchandises entre le Canada et la Gr\u00e8ce a atteint 645,8 millions de dollars, dans le cadre soutenu par l&rsquo;Accord \u00e9conomique et commercial global Canada\u2013UE (AECG).<\/div>\n<\/details>\n<\/div>\n<\/div>\n","protected":false},"excerpt":{"rendered":"","protected":false},"author":34,"featured_media":19948,"comment_status":"open","ping_status":"open","sticky":false,"template":"","format":"standard","meta":{"_acf_changed":false,"manual_indexmenow":false,"indexmenow_id_project":0,"footnotes":""},"categories":[1],"tags":[4527,4593,4385,5688,5008],"class_list":["post-14686","post","type-post","status-publish","format-standard","has-post-thumbnail","hentry","category-a-la-une","tag-decouverte-culturelle","tag-economie","tag-pratiques-durables","tag-relations-internationales","tag-tourisme","generate-columns","tablet-grid-50","mobile-grid-100","grid-parent","grid-25"],"acf":[],"yoast_head":"<!-- This site is optimized with the Yoast SEO Premium plugin v21.3 (Yoast SEO v25.1) - https:\/\/yoast.com\/wordpress\/plugins\/seo\/ -->\n<title>un accord entre le Canada et la Gr\u00e8ce pour dynamiser le<\/title>\n<meta name=\"description\" content=\"Le Canada et la Gr\u00e8ce ont sign\u00e9 un m\u00e9morandum d&#039;accord pour resserrer leur coop\u00e9ration touristique. Au-del\u00e0 des seuls flux de voyageurs, le texte engage\" \/>\n<meta name=\"robots\" content=\"index, follow, max-snippet:-1, max-image-preview:large, max-video-preview:-1\" \/>\n<link rel=\"canonical\" href=\"https:\/\/voyage-aventure.com\/blog\/a-la-une\/un-accord-entre-le-canada-et-la-grece-pour-dynamiser-le-tourisme-et-leconomie\/\" \/>\n<meta property=\"og:locale\" content=\"fr_FR\" \/>\n<meta property=\"og:type\" content=\"article\" \/>\n<meta property=\"og:title\" content=\"un accord entre le Canada et la Gr\u00e8ce pour dynamiser le\" \/>\n<meta property=\"og:description\" content=\"Le Canada et la Gr\u00e8ce ont sign\u00e9 un m\u00e9morandum d&#039;accord pour resserrer leur coop\u00e9ration touristique. Au-del\u00e0 des seuls flux de voyageurs, le texte engage\" \/>\n<meta property=\"og:url\" content=\"https:\/\/voyage-aventure.com\/blog\/a-la-une\/un-accord-entre-le-canada-et-la-grece-pour-dynamiser-le-tourisme-et-leconomie\/\" \/>\n<meta property=\"og:site_name\" content=\"voyage-aventure\" \/>\n<meta property=\"og:image\" content=\"https:\/\/voyage-aventure.com\/blog\/wp-content\/uploads\/2025\/05\/sdxl-5094863d5a0dd473e47f8c30c31c9cf0-scaled.png\" \/>\n\t<meta property=\"og:image:width\" content=\"1200\" \/>\n\t<meta property=\"og:image:height\" content=\"500\" \/>\n\t<meta property=\"og:image:type\" content=\"image\/png\" \/>\n<meta name=\"author\" content=\"Camille Rouvray\" \/>\n<meta name=\"twitter:card\" content=\"summary_large_image\" \/>\n<script type=\"application\/ld+json\" class=\"yoast-schema-graph\">{\"@context\":\"https:\/\/schema.org\",\"@graph\":[{\"@type\":\"NewsArticle\",\"@id\":\"https:\/\/voyage-aventure.com\/blog\/a-la-une\/un-accord-entre-le-canada-et-la-grece-pour-dynamiser-le-tourisme-et-leconomie\/#article\",\"isPartOf\":{\"@id\":\"https:\/\/voyage-aventure.com\/blog\/a-la-une\/un-accord-entre-le-canada-et-la-grece-pour-dynamiser-le-tourisme-et-leconomie\/\"},\"author\":{\"name\":\"Camille Rouvray\",\"@id\":\"https:\/\/voyage-aventure.com\/blog\/#\/schema\/person\/3c864cdc320801e3db34b663e7e3f816\"},\"headline\":\"un accord entre le Canada et la Gr\u00e8ce pour dynamiser le tourisme et l&rsquo;\u00e9conomie\",\"datePublished\":\"2026-06-16T15:05:16+00:00\",\"mainEntityOfPage\":{\"@id\":\"https:\/\/voyage-aventure.com\/blog\/a-la-une\/un-accord-entre-le-canada-et-la-grece-pour-dynamiser-le-tourisme-et-leconomie\/\"},\"wordCount\":860,\"commentCount\":26,\"publisher\":{\"@id\":\"https:\/\/voyage-aventure.com\/blog\/#organization\"},\"image\":{\"@id\":\"https:\/\/voyage-aventure.com\/blog\/a-la-une\/un-accord-entre-le-canada-et-la-grece-pour-dynamiser-le-tourisme-et-leconomie\/#primaryimage\"},\"thumbnailUrl\":\"https:\/\/voyage-aventure.com\/blog\/wp-content\/uploads\/2025\/05\/sdxl-5094863d5a0dd473e47f8c30c31c9cf0-scaled.png\",\"keywords\":[\"D\u00e9couverte Culturelle\",\"\u00c9conomie\",\"Pratiques Durables\",\"Relations Internationales\",\"Tourisme\"],\"articleSection\":[\"\u00c0 la une\"],\"inLanguage\":\"fr-FR\",\"potentialAction\":[{\"@type\":\"CommentAction\",\"name\":\"Comment\",\"target\":[\"https:\/\/voyage-aventure.com\/blog\/a-la-une\/un-accord-entre-le-canada-et-la-grece-pour-dynamiser-le-tourisme-et-leconomie\/#respond\"]}]},{\"@type\":\"WebPage\",\"@id\":\"https:\/\/voyage-aventure.com\/blog\/a-la-une\/un-accord-entre-le-canada-et-la-grece-pour-dynamiser-le-tourisme-et-leconomie\/\",\"url\":\"https:\/\/voyage-aventure.com\/blog\/a-la-une\/un-accord-entre-le-canada-et-la-grece-pour-dynamiser-le-tourisme-et-leconomie\/\",\"name\":\"un accord entre le Canada et la Gr\u00e8ce pour dynamiser le\",\"isPartOf\":{\"@id\":\"https:\/\/voyage-aventure.com\/blog\/#website\"},\"primaryImageOfPage\":{\"@id\":\"https:\/\/voyage-aventure.com\/blog\/a-la-une\/un-accord-entre-le-canada-et-la-grece-pour-dynamiser-le-tourisme-et-leconomie\/#primaryimage\"},\"image\":{\"@id\":\"https:\/\/voyage-aventure.com\/blog\/a-la-une\/un-accord-entre-le-canada-et-la-grece-pour-dynamiser-le-tourisme-et-leconomie\/#primaryimage\"},\"thumbnailUrl\":\"https:\/\/voyage-aventure.com\/blog\/wp-content\/uploads\/2025\/05\/sdxl-5094863d5a0dd473e47f8c30c31c9cf0-scaled.png\",\"datePublished\":\"2026-06-16T15:05:16+00:00\",\"description\":\"Le Canada et la Gr\u00e8ce ont sign\u00e9 un m\u00e9morandum d'accord pour resserrer leur coop\u00e9ration touristique. Au-del\u00e0 des seuls flux de voyageurs, le texte engage\",\"inLanguage\":\"fr-FR\",\"potentialAction\":[{\"@type\":\"ReadAction\",\"target\":[\"https:\/\/voyage-aventure.com\/blog\/a-la-une\/un-accord-entre-le-canada-et-la-grece-pour-dynamiser-le-tourisme-et-leconomie\/\"]}]},{\"@type\":\"ImageObject\",\"inLanguage\":\"fr-FR\",\"@id\":\"https:\/\/voyage-aventure.com\/blog\/a-la-une\/un-accord-entre-le-canada-et-la-grece-pour-dynamiser-le-tourisme-et-leconomie\/#primaryimage\",\"url\":\"https:\/\/voyage-aventure.com\/blog\/wp-content\/uploads\/2025\/05\/sdxl-5094863d5a0dd473e47f8c30c31c9cf0-scaled.png\",\"contentUrl\":\"https:\/\/voyage-aventure.com\/blog\/wp-content\/uploads\/2025\/05\/sdxl-5094863d5a0dd473e47f8c30c31c9cf0-scaled.png\",\"width\":1200,\"height\":500},{\"@type\":\"WebSite\",\"@id\":\"https:\/\/voyage-aventure.com\/blog\/#website\",\"url\":\"https:\/\/voyage-aventure.com\/blog\/\",\"name\":\"voyage-aventure.com\",\"description\":\"Votre passeport pour l\u2019inattendu.\",\"publisher\":{\"@id\":\"https:\/\/voyage-aventure.com\/blog\/#organization\"},\"alternateName\":\"Votre passeport pour l\u2019inattendu.\",\"potentialAction\":[{\"@type\":\"SearchAction\",\"target\":{\"@type\":\"EntryPoint\",\"urlTemplate\":\"https:\/\/voyage-aventure.com\/blog\/?s={search_term_string}\"},\"query-input\":{\"@type\":\"PropertyValueSpecification\",\"valueRequired\":true,\"valueName\":\"search_term_string\"}}],\"inLanguage\":\"fr-FR\"},{\"@type\":\"Organization\",\"@id\":\"https:\/\/voyage-aventure.com\/blog\/#organization\",\"name\":\"Foretsensations.fr\",\"url\":\"https:\/\/voyage-aventure.com\/blog\/\",\"logo\":{\"@type\":\"ImageObject\",\"inLanguage\":\"fr-FR\",\"@id\":\"https:\/\/voyage-aventure.com\/blog\/#\/schema\/logo\/image\/\",\"url\":\"https:\/\/voyage-aventure.com\/blog\/wp-content\/uploads\/2024\/12\/19.png\",\"contentUrl\":\"https:\/\/voyage-aventure.com\/blog\/wp-content\/uploads\/2024\/12\/19.png\",\"width\":512,\"height\":512,\"caption\":\"Foretsensations.fr\"},\"image\":{\"@id\":\"https:\/\/voyage-aventure.com\/blog\/#\/schema\/logo\/image\/\"}},{\"@type\":\"Person\",\"@id\":\"https:\/\/voyage-aventure.com\/blog\/#\/schema\/person\/3c864cdc320801e3db34b663e7e3f816\",\"name\":\"Camille Rouvray\",\"image\":{\"@type\":\"ImageObject\",\"inLanguage\":\"fr-FR\",\"@id\":\"https:\/\/voyage-aventure.com\/blog\/#\/schema\/person\/image\/\",\"url\":\"https:\/\/voyage-aventure.com\/blog\/wp-content\/uploads\/2026\/06\/persona_camille-r-96x96.jpg\",\"contentUrl\":\"https:\/\/voyage-aventure.com\/blog\/wp-content\/uploads\/2026\/06\/persona_camille-r-96x96.jpg\",\"caption\":\"Camille Rouvray\"},\"description\":\"Je voyage et j'\u00e9cris sur le voyage depuis une douzaine d'ann\u00e9es, d'abord en tant que routarde au long cours, puis comme r\u00e9dactrice sp\u00e9cialis\u00e9e. Mon terrain de pr\u00e9dilection, ce sont les circuits organis\u00e9s et l'art de bien pr\u00e9parer un itin\u00e9raire : choix de la saison, dur\u00e9e r\u00e9aliste des \u00e9tapes, budget jour par jour, logement et transport sur place. J'aime aussi raconter les p\u00e9pites urbaines, ces adresses qu'on ne trouve pas dans les guides classiques. Avant de publier un dossier destination, je croise toujours plusieurs sources, je v\u00e9rifie les tarifs et les formalit\u00e9s d'entr\u00e9e \u00e0 jour, et je teste moi-m\u00eame quand je le peux. Mon angle reste pratique avant tout : aider le lecteur \u00e0 partir l'esprit tranquille, sans mauvaise surprise une fois sur place. Je m'attache \u00e0 distinguer le coup de c\u0153ur sinc\u00e8re du simple argument marketing.\",\"sameAs\":[\"https:\/\/camillerouvray.fr\/\"],\"url\":\"https:\/\/voyage-aventure.com\/blog\/auteur\/noname\/\"}]}<\/script>\n<!-- \/ Yoast SEO Premium plugin. -->","yoast_head_json":{"title":"un accord entre le Canada et la Gr\u00e8ce pour dynamiser le","description":"Le Canada et la Gr\u00e8ce ont sign\u00e9 un m\u00e9morandum d'accord pour resserrer leur coop\u00e9ration touristique. Au-del\u00e0 des seuls flux de voyageurs, le texte engage","robots":{"index":"index","follow":"follow","max-snippet":"max-snippet:-1","max-image-preview":"max-image-preview:large","max-video-preview":"max-video-preview:-1"},"canonical":"https:\/\/voyage-aventure.com\/blog\/a-la-une\/un-accord-entre-le-canada-et-la-grece-pour-dynamiser-le-tourisme-et-leconomie\/","og_locale":"fr_FR","og_type":"article","og_title":"un accord entre le Canada et la Gr\u00e8ce pour dynamiser le","og_description":"Le Canada et la Gr\u00e8ce ont sign\u00e9 un m\u00e9morandum d'accord pour resserrer leur coop\u00e9ration touristique. Au-del\u00e0 des seuls flux de voyageurs, le texte engage","og_url":"https:\/\/voyage-aventure.com\/blog\/a-la-une\/un-accord-entre-le-canada-et-la-grece-pour-dynamiser-le-tourisme-et-leconomie\/","og_site_name":"voyage-aventure","og_image":[{"width":1200,"height":500,"url":"https:\/\/voyage-aventure.com\/blog\/wp-content\/uploads\/2025\/05\/sdxl-5094863d5a0dd473e47f8c30c31c9cf0-scaled.png","type":"image\/png"}],"author":"Camille Rouvray","twitter_card":"summary_large_image","schema":{"@context":"https:\/\/schema.org","@graph":[{"@type":"NewsArticle","@id":"https:\/\/voyage-aventure.com\/blog\/a-la-une\/un-accord-entre-le-canada-et-la-grece-pour-dynamiser-le-tourisme-et-leconomie\/#article","isPartOf":{"@id":"https:\/\/voyage-aventure.com\/blog\/a-la-une\/un-accord-entre-le-canada-et-la-grece-pour-dynamiser-le-tourisme-et-leconomie\/"},"author":{"name":"Camille Rouvray","@id":"https:\/\/voyage-aventure.com\/blog\/#\/schema\/person\/3c864cdc320801e3db34b663e7e3f816"},"headline":"un accord entre le Canada et la Gr\u00e8ce pour dynamiser le tourisme et l&rsquo;\u00e9conomie","datePublished":"2026-06-16T15:05:16+00:00","mainEntityOfPage":{"@id":"https:\/\/voyage-aventure.com\/blog\/a-la-une\/un-accord-entre-le-canada-et-la-grece-pour-dynamiser-le-tourisme-et-leconomie\/"},"wordCount":860,"commentCount":26,"publisher":{"@id":"https:\/\/voyage-aventure.com\/blog\/#organization"},"image":{"@id":"https:\/\/voyage-aventure.com\/blog\/a-la-une\/un-accord-entre-le-canada-et-la-grece-pour-dynamiser-le-tourisme-et-leconomie\/#primaryimage"},"thumbnailUrl":"https:\/\/voyage-aventure.com\/blog\/wp-content\/uploads\/2025\/05\/sdxl-5094863d5a0dd473e47f8c30c31c9cf0-scaled.png","keywords":["D\u00e9couverte Culturelle","\u00c9conomie","Pratiques Durables","Relations Internationales","Tourisme"],"articleSection":["\u00c0 la une"],"inLanguage":"fr-FR","potentialAction":[{"@type":"CommentAction","name":"Comment","target":["https:\/\/voyage-aventure.com\/blog\/a-la-une\/un-accord-entre-le-canada-et-la-grece-pour-dynamiser-le-tourisme-et-leconomie\/#respond"]}]},{"@type":"WebPage","@id":"https:\/\/voyage-aventure.com\/blog\/a-la-une\/un-accord-entre-le-canada-et-la-grece-pour-dynamiser-le-tourisme-et-leconomie\/","url":"https:\/\/voyage-aventure.com\/blog\/a-la-une\/un-accord-entre-le-canada-et-la-grece-pour-dynamiser-le-tourisme-et-leconomie\/","name":"un accord entre le Canada et la Gr\u00e8ce pour dynamiser le","isPartOf":{"@id":"https:\/\/voyage-aventure.com\/blog\/#website"},"primaryImageOfPage":{"@id":"https:\/\/voyage-aventure.com\/blog\/a-la-une\/un-accord-entre-le-canada-et-la-grece-pour-dynamiser-le-tourisme-et-leconomie\/#primaryimage"},"image":{"@id":"https:\/\/voyage-aventure.com\/blog\/a-la-une\/un-accord-entre-le-canada-et-la-grece-pour-dynamiser-le-tourisme-et-leconomie\/#primaryimage"},"thumbnailUrl":"https:\/\/voyage-aventure.com\/blog\/wp-content\/uploads\/2025\/05\/sdxl-5094863d5a0dd473e47f8c30c31c9cf0-scaled.png","datePublished":"2026-06-16T15:05:16+00:00","description":"Le Canada et la Gr\u00e8ce ont sign\u00e9 un m\u00e9morandum d'accord pour resserrer leur coop\u00e9ration touristique. Au-del\u00e0 des seuls flux de voyageurs, le texte engage","inLanguage":"fr-FR","potentialAction":[{"@type":"ReadAction","target":["https:\/\/voyage-aventure.com\/blog\/a-la-une\/un-accord-entre-le-canada-et-la-grece-pour-dynamiser-le-tourisme-et-leconomie\/"]}]},{"@type":"ImageObject","inLanguage":"fr-FR","@id":"https:\/\/voyage-aventure.com\/blog\/a-la-une\/un-accord-entre-le-canada-et-la-grece-pour-dynamiser-le-tourisme-et-leconomie\/#primaryimage","url":"https:\/\/voyage-aventure.com\/blog\/wp-content\/uploads\/2025\/05\/sdxl-5094863d5a0dd473e47f8c30c31c9cf0-scaled.png","contentUrl":"https:\/\/voyage-aventure.com\/blog\/wp-content\/uploads\/2025\/05\/sdxl-5094863d5a0dd473e47f8c30c31c9cf0-scaled.png","width":1200,"height":500},{"@type":"WebSite","@id":"https:\/\/voyage-aventure.com\/blog\/#website","url":"https:\/\/voyage-aventure.com\/blog\/","name":"voyage-aventure.com","description":"Votre passeport pour l\u2019inattendu.","publisher":{"@id":"https:\/\/voyage-aventure.com\/blog\/#organization"},"alternateName":"Votre passeport pour l\u2019inattendu.","potentialAction":[{"@type":"SearchAction","target":{"@type":"EntryPoint","urlTemplate":"https:\/\/voyage-aventure.com\/blog\/?s={search_term_string}"},"query-input":{"@type":"PropertyValueSpecification","valueRequired":true,"valueName":"search_term_string"}}],"inLanguage":"fr-FR"},{"@type":"Organization","@id":"https:\/\/voyage-aventure.com\/blog\/#organization","name":"Foretsensations.fr","url":"https:\/\/voyage-aventure.com\/blog\/","logo":{"@type":"ImageObject","inLanguage":"fr-FR","@id":"https:\/\/voyage-aventure.com\/blog\/#\/schema\/logo\/image\/","url":"https:\/\/voyage-aventure.com\/blog\/wp-content\/uploads\/2024\/12\/19.png","contentUrl":"https:\/\/voyage-aventure.com\/blog\/wp-content\/uploads\/2024\/12\/19.png","width":512,"height":512,"caption":"Foretsensations.fr"},"image":{"@id":"https:\/\/voyage-aventure.com\/blog\/#\/schema\/logo\/image\/"}},{"@type":"Person","@id":"https:\/\/voyage-aventure.com\/blog\/#\/schema\/person\/3c864cdc320801e3db34b663e7e3f816","name":"Camille Rouvray","image":{"@type":"ImageObject","inLanguage":"fr-FR","@id":"https:\/\/voyage-aventure.com\/blog\/#\/schema\/person\/image\/","url":"https:\/\/voyage-aventure.com\/blog\/wp-content\/uploads\/2026\/06\/persona_camille-r-96x96.jpg","contentUrl":"https:\/\/voyage-aventure.com\/blog\/wp-content\/uploads\/2026\/06\/persona_camille-r-96x96.jpg","caption":"Camille Rouvray"},"description":"Je voyage et j'\u00e9cris sur le voyage depuis une douzaine d'ann\u00e9es, d'abord en tant que routarde au long cours, puis comme r\u00e9dactrice sp\u00e9cialis\u00e9e. Mon terrain de pr\u00e9dilection, ce sont les circuits organis\u00e9s et l'art de bien pr\u00e9parer un itin\u00e9raire : choix de la saison, dur\u00e9e r\u00e9aliste des \u00e9tapes, budget jour par jour, logement et transport sur place. J'aime aussi raconter les p\u00e9pites urbaines, ces adresses qu'on ne trouve pas dans les guides classiques. Avant de publier un dossier destination, je croise toujours plusieurs sources, je v\u00e9rifie les tarifs et les formalit\u00e9s d'entr\u00e9e \u00e0 jour, et je teste moi-m\u00eame quand je le peux. Mon angle reste pratique avant tout : aider le lecteur \u00e0 partir l'esprit tranquille, sans mauvaise surprise une fois sur place. Je m'attache \u00e0 distinguer le coup de c\u0153ur sinc\u00e8re du simple argument marketing.","sameAs":["https:\/\/camillerouvray.fr\/"],"url":"https:\/\/voyage-aventure.com\/blog\/auteur\/noname\/"}]}},"_links":{"self":[{"href":"https:\/\/voyage-aventure.com\/blog\/wp-json\/wp\/v2\/posts\/14686","targetHints":{"allow":["GET"]}}],"collection":[{"href":"https:\/\/voyage-aventure.com\/blog\/wp-json\/wp\/v2\/posts"}],"about":[{"href":"https:\/\/voyage-aventure.com\/blog\/wp-json\/wp\/v2\/types\/post"}],"author":[{"embeddable":true,"href":"https:\/\/voyage-aventure.com\/blog\/wp-json\/wp\/v2\/users\/34"}],"replies":[{"embeddable":true,"href":"https:\/\/voyage-aventure.com\/blog\/wp-json\/wp\/v2\/comments?post=14686"}],"version-history":[{"count":3,"href":"https:\/\/voyage-aventure.com\/blog\/wp-json\/wp\/v2\/posts\/14686\/revisions"}],"predecessor-version":[{"id":22753,"href":"https:\/\/voyage-aventure.com\/blog\/wp-json\/wp\/v2\/posts\/14686\/revisions\/22753"}],"wp:featuredmedia":[{"embeddable":true,"href":"https:\/\/voyage-aventure.com\/blog\/wp-json\/wp\/v2\/media\/19948"}],"wp:attachment":[{"href":"https:\/\/voyage-aventure.com\/blog\/wp-json\/wp\/v2\/media?parent=14686"}],"wp:term":[{"taxonomy":"category","embeddable":true,"href":"https:\/\/voyage-aventure.com\/blog\/wp-json\/wp\/v2\/categories?post=14686"},{"taxonomy":"post_tag","embeddable":true,"href":"https:\/\/voyage-aventure.com\/blog\/wp-json\/wp\/v2\/tags?post=14686"}],"curies":[{"name":"wp","href":"https:\/\/api.w.org\/{rel}","templated":true}]}}