{"id":14666,"date":"2026-06-16T17:05:07","date_gmt":"2026-06-16T15:05:07","guid":{"rendered":"https:\/\/voyage-aventure.com\/blog\/a-la-une\/decouvrez-le-lieu-dexception-pour-la-ceremonie-2025-des-prix-de-lhospitalite-durable\/"},"modified":"2026-06-16T17:05:07","modified_gmt":"2026-06-16T15:05:07","slug":"decouvrez-le-lieu-dexception-pour-la-ceremonie-2025-des-prix-de-lhospitalite-durable","status":"publish","type":"post","link":"https:\/\/voyage-aventure.com\/blog\/a-la-une\/decouvrez-le-lieu-dexception-pour-la-ceremonie-2025-des-prix-de-lhospitalite-durable\/","title":{"rendered":"D\u00e9couvrez le lieu d&rsquo;exception pour la c\u00e9r\u00e9monie 2025 des prix de l&rsquo;hospitalit\u00e9 durable"},"content":{"rendered":"<link rel=\"stylesheet\" href=\"https:\/\/fonts.googleapis.com\/css2?family=Newsreader:ital,opsz,wght@0,6..72,500..700;1,6..72,500..600&#038;family=Inter:wght@400;500;600&#038;family=JetBrains+Mono:wght@500&#038;display=swap\">\n<style>\n.va-hospdurable-wrap{font-family:'Inter',-apple-system,BlinkMacSystemFont,sans-serif;color:#1c241f;line-height:1.65;font-size:17px;}\n.va-hospdurable-wrap h2{font-family:'Newsreader',Georgia,serif;font-weight:700;font-size:clamp(24px,3.2vw,33px);letter-spacing:-0.01em;color:#13241b;line-height:1.2;margin:48px 0 16px;}\n.va-hospdurable-wrap h3{font-family:'Newsreader',Georgia,serif;font-weight:600;font-size:20px;color:#13241b;margin:24px 0 8px;}\n.va-hospdurable-wrap p{margin:0 0 18px;}\n.va-hospdurable-kicker{font-family:'JetBrains Mono',monospace;font-size:12px;font-weight:500;text-transform:uppercase;letter-spacing:2.4px;color:#15803D;margin:0 0 10px;}\n.va-hospdurable-lead{font-family:'Newsreader',Georgia,serif;font-size:21px;line-height:1.5;font-weight:500;color:#2a352e;margin:0 0 26px;}\n.va-hospdurable-essentiel{background:#f0f7f1;border-left:5px solid #15803D;border-radius:0 8px 8px 0;padding:22px 26px;margin:26px 0 32px;box-shadow:0 1px 2px rgba(16,24,40,.05),0 12px 28px -18px rgba(16,24,40,.16);}\n.va-hospdurable-essentiel .va-hospdurable-etitle{font-family:'JetBrains Mono',monospace;font-size:11px;font-weight:500;text-transform:uppercase;letter-spacing:2.4px;color:#15803D;margin-bottom:14px;}\n.va-hospdurable-erow{display:flex;gap:12px;align-items:flex-start;padding:8px 0;border-bottom:1px solid #d9e8db;font-size:15.5px;line-height:1.5;color:#22302a;}\n.va-hospdurable-erow:last-child{border-bottom:none;}\n.va-hospdurable-erow .va-hospdurable-elabel{font-family:'JetBrains Mono',monospace;font-size:11px;font-weight:500;text-transform:uppercase;letter-spacing:1.4px;color:#15803D;flex:0 0 96px;padding-top:2px;}\n.va-hospdurable-grid{display:grid;grid-template-columns:repeat(auto-fit,minmax(220px,1fr));gap:16px;margin:28px 0;}\n.va-hospdurable-card{background:#fff;border:1px solid #e3e8e4;border-top:3px solid #15803D;border-radius:8px;padding:20px 20px 18px;transition:.25s ease;box-shadow:0 1px 2px rgba(16,24,40,.04);}\n.va-hospdurable-card:hover{transform:translateY(-3px);box-shadow:0 1px 2px rgba(16,24,40,.06),0 16px 30px -18px rgba(16,24,40,.22);border-top-color:#0f6b32;}\n.va-hospdurable-cnum{font-family:'JetBrains Mono',monospace;font-size:12px;font-weight:500;color:#15803D;letter-spacing:1px;}\n.va-hospdurable-ctitle{font-family:'Newsreader',Georgia,serif;font-size:18px;font-weight:600;color:#13241b;margin:6px 0 6px;}\n.va-hospdurable-ctxt{font-size:14px;line-height:1.55;color:#48544d;}\n.va-hospdurable-quote{margin:38px auto;padding:26px 24px;text-align:center;border-top:1px solid #15803D;border-bottom:1px solid #15803D;max-width:660px;position:relative;}\n.va-hospdurable-quote .va-hospdurable-qmark{position:absolute;top:-20px;left:50%;transform:translateX(-50%);background:#fff;padding:0 14px;font-family:'Newsreader',serif;font-size:46px;line-height:1;color:#15803D;}\n.va-hospdurable-quote blockquote{margin:0;padding:0;font-family:'Newsreader',Georgia,serif;font-size:23px;line-height:1.45;font-style:italic;color:#16261d;}\n.va-hospdurable-bullets{list-style:none;margin:18px 0 26px;padding:0;}\n.va-hospdurable-bullets li{display:flex;gap:12px;align-items:flex-start;padding:9px 0;border-bottom:1px solid #e8ece9;font-size:16px;line-height:1.5;color:#27332d;}\n.va-hospdurable-bullets li:last-child{border-bottom:none;}\n.va-hospdurable-bullets li span.va-hospdurable-chk{color:#15803D;font-weight:700;flex:0 0 16px;}\n.va-hospdurable-retenir{background:#13241b;border-radius:10px;padding:24px 26px 26px;margin:34px 0;}\n.va-hospdurable-retenir .va-hospdurable-rtitle{font-family:'JetBrains Mono',monospace;font-size:11px;font-weight:500;text-transform:uppercase;letter-spacing:2.4px;color:#6fcf8a;margin-bottom:16px;}\n.va-hospdurable-rlist{display:grid;grid-template-columns:repeat(auto-fit,minmax(240px,1fr));gap:10px;}\n.va-hospdurable-ritem{display:flex;gap:12px;background:#1b3026;border:1px solid #2a4636;border-radius:7px;padding:13px 15px;align-items:flex-start;}\n.va-hospdurable-ritem .va-hospdurable-rn{flex:0 0 24px;width:24px;height:24px;background:#15803D;color:#fff;border-radius:50%;display:inline-flex;align-items:center;justify-content:center;font-family:'JetBrains Mono',monospace;font-size:12px;font-weight:500;}\n.va-hospdurable-ritem .va-hospdurable-rt{font-size:14px;line-height:1.5;color:#e4efe7;}\n.va-hospdurable-faq{margin:34px 0;}\n.va-hospdurable-faq h2{margin-bottom:6px;}\n.va-hospdurable-fwrap{border-top:1px solid #d9e2dc;}\n.va-hospdurable-faq details{border-bottom:1px solid #d9e2dc;}\n.va-hospdurable-faq summary{cursor:pointer;padding:16px 0;font-family:'Newsreader',Georgia,serif;font-size:18px;font-weight:600;color:#13241b;list-style:none;display:flex;justify-content:space-between;align-items:center;gap:14px;}\n.va-hospdurable-faq summary::-webkit-details-marker{display:none;}\n.va-hospdurable-faq summary .va-hospdurable-plus{font-size:22px;font-weight:300;color:#15803D;line-height:1;}\n.va-hospdurable-faq .va-hospdurable-ans{padding:0 0 16px;font-size:15.5px;line-height:1.7;color:#46524b;}\n.va-hospdurable-src{font-family:'JetBrains Mono',monospace;font-size:13px;color:#15803D;margin:30px 0 0;letter-spacing:.3px;}\n\/*RENDERFIX2*\/.va-hospdurable-retenir{color:#eef3f9!important}.va-hospdurable-retenir p,.va-hospdurable-retenir li,.va-hospdurable-retenir strong,.va-hospdurable-retenir em,.va-hospdurable-retenir a,.va-hospdurable-retenir span,.va-hospdurable-retenir b,.va-hospdurable-retenir td,.va-hospdurable-retenir th,.va-hospdurable-retenir h2,.va-hospdurable-retenir h3,.va-hospdurable-retenir h4{color:#eef3f9!important}.va-hospdurable-retenir strong,.va-hospdurable-retenir b{color:#ffffff!important}.va-hospdurable-ritem{color:#eef3f9!important}.va-hospdurable-ritem p,.va-hospdurable-ritem li,.va-hospdurable-ritem strong,.va-hospdurable-ritem em,.va-hospdurable-ritem a,.va-hospdurable-ritem span,.va-hospdurable-ritem b,.va-hospdurable-ritem td,.va-hospdurable-ritem th,.va-hospdurable-ritem h2,.va-hospdurable-ritem h3,.va-hospdurable-ritem h4{color:#eef3f9!important}.va-hospdurable-ritem strong,.va-hospdurable-ritem b{color:#ffffff!important}.va-hospdurable-ritem .va-hospdurable-rn{color:#eef3f9!important}.va-hospdurable-ritem .va-hospdurable-rn p,.va-hospdurable-ritem .va-hospdurable-rn li,.va-hospdurable-ritem .va-hospdurable-rn strong,.va-hospdurable-ritem .va-hospdurable-rn em,.va-hospdurable-ritem .va-hospdurable-rn a,.va-hospdurable-ritem .va-hospdurable-rn span,.va-hospdurable-ritem .va-hospdurable-rn b,.va-hospdurable-ritem .va-hospdurable-rn td,.va-hospdurable-ritem .va-hospdurable-rn th,.va-hospdurable-ritem .va-hospdurable-rn h2,.va-hospdurable-ritem .va-hospdurable-rn h3,.va-hospdurable-ritem .va-hospdurable-rn h4{color:#eef3f9!important}.va-hospdurable-ritem .va-hospdurable-rn strong,.va-hospdurable-ritem .va-hospdurable-rn b{color:#ffffff!important}<\/style>\n<div class=\"va-hospdurable-wrap\">\n<div class=\"va-hospdurable-kicker\">Tourisme durable \u00b7 Duba\u00ef<\/div>\n<div class=\"va-hospdurable-lead\">Le 29 octobre 2025, la c\u00e9r\u00e9monie 2025 des World Sustainable Travel &amp; Hospitality Awards se tiendra \u00e0 Terra, b\u00e2timent embl\u00e9matique d&rsquo;Expo City Dubai. Un rendez-vous pour c\u00e9l\u00e9brer les acteurs qui font avancer l&rsquo;hospitalit\u00e9 durable \u2014 dans un lieu certifi\u00e9 LEED Platinum.<\/div>\n<div class=\"va-hospdurable-essentiel\">\n<div class=\"va-hospdurable-etitle\">L&rsquo;essentiel<\/div>\n<div class=\"va-hospdurable-erow\"><span class=\"va-hospdurable-elabel\">Quoi<\/span><span>La c\u00e9r\u00e9monie 2025 des World Sustainable Travel &amp; Hospitality Awards, qui d\u00e9voile les laur\u00e9ats de l&rsquo;hospitalit\u00e9 durable.<\/span><\/div>\n<div class=\"va-hospdurable-erow\"><span class=\"va-hospdurable-elabel\">O\u00f9 \/ Quand<\/span><span>Le 29 octobre 2025, \u00e0 Terra, Expo City Dubai, entre Duba\u00ef et Abou Dabi.<\/span><\/div>\n<div class=\"va-hospdurable-erow\"><span class=\"va-hospdurable-elabel\">Pourquoi<\/span><span>Mettre en avant les initiatives \u2014 de l&rsquo;h\u00f4tellerie \u00e9coresponsable \u00e0 l&rsquo;approvisionnement \u00e9thique \u2014 qui fa\u00e7onnent un tourisme plus durable.<\/span><\/div>\n<\/div>\n<h2>Un \u00e9v\u00e9nement marquant \u00e0 Expo City Dubai<\/h2>\n<p>Le 29 octobre 2025, la c\u00e9r\u00e9monie des World Sustainable Travel &amp; Hospitality Awards se d\u00e9roulera \u00e0 Terra, un b\u00e2timent embl\u00e9matique d&rsquo;Expo City Dubai. Cet \u00e9v\u00e9nement promet d&rsquo;\u00eatre un moment fort pour le secteur du tourisme durable, r\u00e9unissant des leaders d&rsquo;opinion et des acteurs cl\u00e9s du domaine. La c\u00e9r\u00e9monie d\u00e9voilera les laur\u00e9ats de 2025, c\u00e9l\u00e9brant ainsi les initiatives qui fa\u00e7onnent un avenir plus durable.<\/p>\n<p>Situ\u00e9e strat\u00e9giquement entre Duba\u00ef et Abou Dabi, Expo City Dubai est facilement accessible gr\u00e2ce \u00e0 sa station de m\u00e9tro d\u00e9di\u00e9e et ses deux h\u00f4tels sur place. Ce lieu innovant met un accent particulier sur les options de transport \u00e9cologiques, facilitant l&rsquo;acc\u00e8s pour les visiteurs internationaux. Terra, connue pour son design durable, a d\u00e9j\u00e0 accueilli des \u00e9v\u00e9nements prestigieux comme la COP 28, ce qui en fait le cadre id\u00e9al pour cette c\u00e9r\u00e9monie.<\/p>\n<p><iframe loading=\"lazy\" title=\"A List of the Best 10 Countries to Live in  for 2025 |\ud83d\ude0d\u2708\ufe0f Full Guide {Discoveries}\" width=\"1200\" height=\"675\" src=\"https:\/\/www.youtube.com\/embed\/-wQFiv8cGrQ?feature=oembed\" frameborder=\"0\" allow=\"accelerometer; autoplay; clipboard-write; encrypted-media; gyroscope; picture-in-picture; web-share\" referrerpolicy=\"strict-origin-when-cross-origin\" allowfullscreen><\/iframe><\/p>\n<h2>Terra : un mod\u00e8le de durabilit\u00e9 architecturale<\/h2>\n<p>Le b\u00e2timent Terra est un exemple exemplaire de conception durable, ayant obtenu la certification LEED Platinum pour son architecture respectueuse de l&rsquo;environnement. Con\u00e7u par Grimshaw Architects, Terra incarne l&rsquo;engagement des \u00c9mirats Arabes Unis envers des objectifs de z\u00e9ro \u00e9mission nette. Son architecture avant-gardiste et ses solutions environnementales de pointe en font une r\u00e9f\u00e9rence mondiale en mati\u00e8re de d\u00e9veloppement urbain durable.<\/p>\n<p>Ce b\u00e2timent ne se limite pas \u00e0 une simple structure ; il offre des exp\u00e9riences immersives aux visiteurs. Avec des expositions captivantes comme \u00ab Sous l&rsquo;Oc\u00e9an \u00bb et \u00ab Sous la For\u00eat \u00bb, Terra invite chacun \u00e0 r\u00e9fl\u00e9chir sur la n\u00e9cessit\u00e9 de prot\u00e9ger notre plan\u00e8te. Ces exp\u00e9riences transforment la perception des visiteurs et les incitent \u00e0 adopter un comportement plus responsable envers l&rsquo;environnement.<\/p>\n<div class=\"va-hospdurable-grid\">\n<div class=\"va-hospdurable-card\">\n<div class=\"va-hospdurable-cnum\">01<\/div>\n<div class=\"va-hospdurable-ctitle\">Certifi\u00e9 LEED Platinum<\/div>\n<div class=\"va-hospdurable-ctxt\">Le plus haut niveau de certification environnementale pour le b\u00e2timent, sign\u00e9 Grimshaw Architects.<\/div>\n<\/p><\/div>\n<div class=\"va-hospdurable-card\">\n<div class=\"va-hospdurable-cnum\">02<\/div>\n<div class=\"va-hospdurable-ctitle\">Cap z\u00e9ro \u00e9mission nette<\/div>\n<div class=\"va-hospdurable-ctxt\">Terra incarne l&rsquo;engagement des \u00c9mirats Arabes Unis vers des objectifs de neutralit\u00e9 carbone.<\/div>\n<\/p><\/div>\n<div class=\"va-hospdurable-card\">\n<div class=\"va-hospdurable-cnum\">03<\/div>\n<div class=\"va-hospdurable-ctitle\">D\u00e9j\u00e0 h\u00f4te de la COP 28<\/div>\n<div class=\"va-hospdurable-ctxt\">Un lieu rod\u00e9 aux grands rendez-vous internationaux du climat et de la durabilit\u00e9.<\/div>\n<\/p><\/div>\n<div class=\"va-hospdurable-card\">\n<div class=\"va-hospdurable-cnum\">04<\/div>\n<div class=\"va-hospdurable-ctitle\">Exp\u00e9riences immersives<\/div>\n<div class=\"va-hospdurable-ctxt\">Les expositions \u00ab Sous l&rsquo;Oc\u00e9an \u00bb et \u00ab Sous la For\u00eat \u00bb sensibilisent \u00e0 la protection du vivant.<\/div>\n<\/p><\/div>\n<\/div>\n<h2>Les prix : un tremplin pour le changement durable<\/h2>\n<p>Les World Sustainable Travel &amp; Hospitality Awards, en collaboration avec la World Sustainable Hospitality Alliance, visent \u00e0 mettre en avant les actions significatives entreprises dans le domaine du tourisme durable. Ce programme embrasse une vari\u00e9t\u00e9 de projets, allant des h\u00f4tels \u00e9coresponsables aux initiatives d&rsquo;approvisionnement alimentaire \u00e9thique. Les laur\u00e9ats de cette ann\u00e9e seront annonc\u00e9s lors de la c\u00e9r\u00e9monie de gala, un moment de c\u00e9l\u00e9bration pour ceux qui font la diff\u00e9rence.<\/p>\n<p>Les dates cl\u00e9s de cet \u00e9v\u00e9nement sont essentielles pour les participants. La p\u00e9riode d&rsquo;inscription s&rsquo;\u00e9tend du 28 avril au 30 juin, suivie d&rsquo;une p\u00e9riode de vote du 14 juillet au 30 ao\u00fbt. Cette approche engage les acteurs du secteur, leur permettant de contribuer activement \u00e0 la reconnaissance des meilleures pratiques en mati\u00e8re de durabilit\u00e9.<\/p>\n<div class=\"va-hospdurable-essentiel\">\n<div class=\"va-hospdurable-etitle\">Calendrier 2025<\/div>\n<div class=\"va-hospdurable-erow\"><span class=\"va-hospdurable-elabel\">Inscription<\/span><span>Du 28 avril au 30 juin.<\/span><\/div>\n<div class=\"va-hospdurable-erow\"><span class=\"va-hospdurable-elabel\">Vote<\/span><span>Du 14 juillet au 30 ao\u00fbt.<\/span><\/div>\n<div class=\"va-hospdurable-erow\"><span class=\"va-hospdurable-elabel\">Gala<\/span><span>Le 29 octobre 2025, \u00e0 Terra, Expo City Dubai.<\/span><\/div>\n<\/div>\n<div class=\"va-hospdurable-quote\">\n<div class=\"va-hospdurable-qmark\" aria-hidden=\"true\">\u00ab<\/div>\n<blockquote><p>Les prix sont une occasion unique de c\u00e9l\u00e9brer ceux qui conduisent un changement positif dans le secteur du tourisme durable.<\/p><\/blockquote>\n<\/div>\n<h2>Pourquoi participer aux Awards ?<\/h2>\n<p>Participer aux World Sustainable Travel &amp; Hospitality Awards n&rsquo;est pas seulement une question de reconnaissance. C&rsquo;est une plateforme pour partager des id\u00e9es et des innovations qui peuvent inspirer d&rsquo;autres \u00e0 agir. Les laur\u00e9ats repr\u00e9sentent le meilleur du secteur, illustrant comment le tourisme peut \u00eatre \u00e0 la fois rentable et respectueux de l&rsquo;environnement.<\/p>\n<p>Les b\u00e9n\u00e9fices d&rsquo;une telle participation sont multiples. Voici quelques raisons de s&rsquo;engager :<\/p>\n<ul class=\"va-hospdurable-bullets\">\n<li><span class=\"va-hospdurable-chk\">\u2713<\/span><span>Renforcer la visibilit\u00e9 des initiatives durables.<\/span><\/li>\n<li><span class=\"va-hospdurable-chk\">\u2713<\/span><span>\u00c9tablir des connexions avec d&rsquo;autres leaders du secteur.<\/span><\/li>\n<li><span class=\"va-hospdurable-chk\">\u2713<\/span><span>Inspirer des pratiques durables au sein de l&rsquo;industrie.<\/span><\/li>\n<li><span class=\"va-hospdurable-chk\">\u2713<\/span><span>Acc\u00e9der \u00e0 un r\u00e9seau international d&rsquo;experts en durabilit\u00e9.<\/span><\/li>\n<li><span class=\"va-hospdurable-chk\">\u2713<\/span><span>Contribuer \u00e0 un impact positif sur la plan\u00e8te.<\/span><\/li>\n<\/ul>\n<p>En r\u00e9sum\u00e9, la c\u00e9r\u00e9monie de 2025 des World Sustainable Travel &amp; Hospitality Awards \u00e0 Terra, Expo City Dubai, ne sera pas seulement un \u00e9v\u00e9nement, mais un catalyseur pour un changement significatif dans le secteur du tourisme. Les acteurs de l&rsquo;industrie y trouveront une occasion de se rassembler, d&rsquo;apprendre et d&rsquo;innover pour un avenir durable.<\/p>\n<div class=\"va-hospdurable-retenir\">\n<div class=\"va-hospdurable-rtitle\">\u00c0 retenir<\/div>\n<div class=\"va-hospdurable-rlist\">\n<div class=\"va-hospdurable-ritem\"><span class=\"va-hospdurable-rn\">1<\/span><span class=\"va-hospdurable-rt\">C\u00e9r\u00e9monie 2025 le 29 octobre 2025 \u00e0 Terra, Expo City Dubai.<\/span><\/div>\n<div class=\"va-hospdurable-ritem\"><span class=\"va-hospdurable-rn\">2<\/span><span class=\"va-hospdurable-rt\">Terra est certifi\u00e9 LEED Platinum et a d\u00e9j\u00e0 accueilli la COP 28.<\/span><\/div>\n<div class=\"va-hospdurable-ritem\"><span class=\"va-hospdurable-rn\">3<\/span><span class=\"va-hospdurable-rt\">Awards port\u00e9s avec la World Sustainable Hospitality Alliance.<\/span><\/div>\n<div class=\"va-hospdurable-ritem\"><span class=\"va-hospdurable-rn\">4<\/span><span class=\"va-hospdurable-rt\">Inscription du 28 avril au 30 juin, vote du 14 juillet au 30 ao\u00fbt.<\/span><\/div>\n<\/p><\/div>\n<\/div>\n<div class=\"va-hospdurable-faq\">\n<h2>Questions fr\u00e9quentes<\/h2>\n<div class=\"va-hospdurable-fwrap\">\n<details>\n<summary><span>Quand et o\u00f9 se tient la c\u00e9r\u00e9monie 2025 ?<\/span><span class=\"va-hospdurable-plus\">+<\/span><\/summary>\n<div class=\"va-hospdurable-ans\">La c\u00e9r\u00e9monie des World Sustainable Travel &amp; Hospitality Awards se d\u00e9roule le 29 octobre 2025 \u00e0 Terra, un b\u00e2timent embl\u00e9matique d&rsquo;Expo City Dubai, situ\u00e9 entre Duba\u00ef et Abou Dabi.<\/div>\n<\/details>\n<details>\n<summary><span>Pourquoi Terra a-t-il \u00e9t\u00e9 choisi comme lieu ?<\/span><span class=\"va-hospdurable-plus\">+<\/span><\/summary>\n<div class=\"va-hospdurable-ans\">Terra est certifi\u00e9 LEED Platinum, con\u00e7u par Grimshaw Architects, et incarne l&rsquo;objectif de z\u00e9ro \u00e9mission nette des \u00c9mirats Arabes Unis. Le b\u00e2timent a d\u00e9j\u00e0 accueilli la COP 28, ce qui en fait un cadre coh\u00e9rent pour une c\u00e9r\u00e9monie d\u00e9di\u00e9e au tourisme durable.<\/div>\n<\/details>\n<details>\n<summary><span>Quelles sont les dates d&rsquo;inscription et de vote ?<\/span><span class=\"va-hospdurable-plus\">+<\/span><\/summary>\n<div class=\"va-hospdurable-ans\">La p\u00e9riode d&rsquo;inscription s&rsquo;\u00e9tend du 28 avril au 30 juin, suivie d&rsquo;une p\u00e9riode de vote du 14 juillet au 30 ao\u00fbt.<\/div>\n<\/details>\n<details>\n<summary><span>Quels types de projets sont r\u00e9compens\u00e9s ?<\/span><span class=\"va-hospdurable-plus\">+<\/span><\/summary>\n<div class=\"va-hospdurable-ans\">Le programme, men\u00e9 avec la World Sustainable Hospitality Alliance, distingue une vari\u00e9t\u00e9 d&rsquo;initiatives durables, des h\u00f4tels \u00e9coresponsables aux d\u00e9marches d&rsquo;approvisionnement alimentaire \u00e9thique.<\/div>\n<\/details>\n<\/div>\n<\/div>\n<div class=\"va-hospdurable-src\">Pour plus d&rsquo;informations, n&rsquo;h\u00e9sitez pas \u00e0 consulter le site wstha.com.<\/div>\n<\/div>\n","protected":false},"excerpt":{"rendered":"","protected":false},"author":34,"featured_media":15157,"comment_status":"open","ping_status":"open","sticky":false,"template":"","format":"standard","meta":{"_acf_changed":false,"manual_indexmenow":false,"indexmenow_id_project":0,"footnotes":""},"categories":[1],"tags":[4593,4769,4385,5008,4526],"class_list":["post-14666","post","type-post","status-publish","format-standard","has-post-thumbnail","hentry","category-a-la-une","tag-economie","tag-immersion-culturelle","tag-pratiques-durables","tag-tourisme","tag-voyage-economique","generate-columns","tablet-grid-50","mobile-grid-100","grid-parent","grid-25"],"acf":[],"yoast_head":"<!-- This site is optimized with the Yoast SEO Premium plugin v21.3 (Yoast SEO v25.1) - https:\/\/yoast.com\/wordpress\/plugins\/seo\/ -->\n<title>D\u00e9couvrez le lieu d&#039;exception pour la c\u00e9r\u00e9monie 2025 des<\/title>\n<meta name=\"description\" content=\"Le 29 octobre 2025, la c\u00e9r\u00e9monie 2025 des World Sustainable Travel &amp; Hospitality Awards se tiendra \u00e0 Terra, b\u00e2timent embl\u00e9matique d&#039;Expo City Dubai. Un\" \/>\n<meta name=\"robots\" content=\"index, follow, max-snippet:-1, max-image-preview:large, max-video-preview:-1\" \/>\n<link rel=\"canonical\" href=\"https:\/\/voyage-aventure.com\/blog\/a-la-une\/decouvrez-le-lieu-dexception-pour-la-ceremonie-2025-des-prix-de-lhospitalite-durable\/\" \/>\n<meta property=\"og:locale\" content=\"fr_FR\" \/>\n<meta property=\"og:type\" content=\"article\" \/>\n<meta property=\"og:title\" content=\"D\u00e9couvrez le lieu d&#039;exception pour la c\u00e9r\u00e9monie 2025 des\" \/>\n<meta property=\"og:description\" content=\"Le 29 octobre 2025, la c\u00e9r\u00e9monie 2025 des World Sustainable Travel &amp; Hospitality Awards se tiendra \u00e0 Terra, b\u00e2timent embl\u00e9matique d&#039;Expo City Dubai. Un\" \/>\n<meta property=\"og:url\" content=\"https:\/\/voyage-aventure.com\/blog\/a-la-une\/decouvrez-le-lieu-dexception-pour-la-ceremonie-2025-des-prix-de-lhospitalite-durable\/\" \/>\n<meta property=\"og:site_name\" content=\"voyage-aventure\" \/>\n<meta property=\"og:image\" content=\"https:\/\/voyage-aventure.com\/blog\/wp-content\/uploads\/2025\/03\/sdxl-a2927820cd6a71f00826fafb0c43dc18.png\" \/>\n\t<meta property=\"og:image:width\" content=\"1536\" \/>\n\t<meta property=\"og:image:height\" content=\"640\" \/>\n\t<meta property=\"og:image:type\" content=\"image\/png\" \/>\n<meta name=\"author\" content=\"Camille Rouvray\" \/>\n<meta name=\"twitter:card\" content=\"summary_large_image\" \/>\n<script type=\"application\/ld+json\" class=\"yoast-schema-graph\">{\"@context\":\"https:\/\/schema.org\",\"@graph\":[{\"@type\":\"NewsArticle\",\"@id\":\"https:\/\/voyage-aventure.com\/blog\/a-la-une\/decouvrez-le-lieu-dexception-pour-la-ceremonie-2025-des-prix-de-lhospitalite-durable\/#article\",\"isPartOf\":{\"@id\":\"https:\/\/voyage-aventure.com\/blog\/a-la-une\/decouvrez-le-lieu-dexception-pour-la-ceremonie-2025-des-prix-de-lhospitalite-durable\/\"},\"author\":{\"name\":\"Camille Rouvray\",\"@id\":\"https:\/\/voyage-aventure.com\/blog\/#\/schema\/person\/3c864cdc320801e3db34b663e7e3f816\"},\"headline\":\"D\u00e9couvrez le lieu d&rsquo;exception pour la c\u00e9r\u00e9monie 2025 des prix de l&rsquo;hospitalit\u00e9 durable\",\"datePublished\":\"2026-06-16T15:05:07+00:00\",\"mainEntityOfPage\":{\"@id\":\"https:\/\/voyage-aventure.com\/blog\/a-la-une\/decouvrez-le-lieu-dexception-pour-la-ceremonie-2025-des-prix-de-lhospitalite-durable\/\"},\"wordCount\":1100,\"commentCount\":18,\"publisher\":{\"@id\":\"https:\/\/voyage-aventure.com\/blog\/#organization\"},\"image\":{\"@id\":\"https:\/\/voyage-aventure.com\/blog\/a-la-une\/decouvrez-le-lieu-dexception-pour-la-ceremonie-2025-des-prix-de-lhospitalite-durable\/#primaryimage\"},\"thumbnailUrl\":\"https:\/\/voyage-aventure.com\/blog\/wp-content\/uploads\/2025\/03\/sdxl-a2927820cd6a71f00826fafb0c43dc18.png\",\"keywords\":[\"\u00c9conomie\",\"Immersion Culturelle\",\"Pratiques Durables\",\"Tourisme\",\"Voyage \u00c9conomique\"],\"articleSection\":[\"\u00c0 la une\"],\"inLanguage\":\"fr-FR\",\"potentialAction\":[{\"@type\":\"CommentAction\",\"name\":\"Comment\",\"target\":[\"https:\/\/voyage-aventure.com\/blog\/a-la-une\/decouvrez-le-lieu-dexception-pour-la-ceremonie-2025-des-prix-de-lhospitalite-durable\/#respond\"]}]},{\"@type\":\"WebPage\",\"@id\":\"https:\/\/voyage-aventure.com\/blog\/a-la-une\/decouvrez-le-lieu-dexception-pour-la-ceremonie-2025-des-prix-de-lhospitalite-durable\/\",\"url\":\"https:\/\/voyage-aventure.com\/blog\/a-la-une\/decouvrez-le-lieu-dexception-pour-la-ceremonie-2025-des-prix-de-lhospitalite-durable\/\",\"name\":\"D\u00e9couvrez le lieu d'exception pour la c\u00e9r\u00e9monie 2025 des\",\"isPartOf\":{\"@id\":\"https:\/\/voyage-aventure.com\/blog\/#website\"},\"primaryImageOfPage\":{\"@id\":\"https:\/\/voyage-aventure.com\/blog\/a-la-une\/decouvrez-le-lieu-dexception-pour-la-ceremonie-2025-des-prix-de-lhospitalite-durable\/#primaryimage\"},\"image\":{\"@id\":\"https:\/\/voyage-aventure.com\/blog\/a-la-une\/decouvrez-le-lieu-dexception-pour-la-ceremonie-2025-des-prix-de-lhospitalite-durable\/#primaryimage\"},\"thumbnailUrl\":\"https:\/\/voyage-aventure.com\/blog\/wp-content\/uploads\/2025\/03\/sdxl-a2927820cd6a71f00826fafb0c43dc18.png\",\"datePublished\":\"2026-06-16T15:05:07+00:00\",\"description\":\"Le 29 octobre 2025, la c\u00e9r\u00e9monie 2025 des World Sustainable Travel & Hospitality Awards se tiendra \u00e0 Terra, b\u00e2timent embl\u00e9matique d'Expo City Dubai. Un\",\"inLanguage\":\"fr-FR\",\"potentialAction\":[{\"@type\":\"ReadAction\",\"target\":[\"https:\/\/voyage-aventure.com\/blog\/a-la-une\/decouvrez-le-lieu-dexception-pour-la-ceremonie-2025-des-prix-de-lhospitalite-durable\/\"]}]},{\"@type\":\"ImageObject\",\"inLanguage\":\"fr-FR\",\"@id\":\"https:\/\/voyage-aventure.com\/blog\/a-la-une\/decouvrez-le-lieu-dexception-pour-la-ceremonie-2025-des-prix-de-lhospitalite-durable\/#primaryimage\",\"url\":\"https:\/\/voyage-aventure.com\/blog\/wp-content\/uploads\/2025\/03\/sdxl-a2927820cd6a71f00826fafb0c43dc18.png\",\"contentUrl\":\"https:\/\/voyage-aventure.com\/blog\/wp-content\/uploads\/2025\/03\/sdxl-a2927820cd6a71f00826fafb0c43dc18.png\",\"width\":1536,\"height\":640},{\"@type\":\"WebSite\",\"@id\":\"https:\/\/voyage-aventure.com\/blog\/#website\",\"url\":\"https:\/\/voyage-aventure.com\/blog\/\",\"name\":\"voyage-aventure.com\",\"description\":\"Votre passeport pour l\u2019inattendu.\",\"publisher\":{\"@id\":\"https:\/\/voyage-aventure.com\/blog\/#organization\"},\"alternateName\":\"Votre passeport pour l\u2019inattendu.\",\"potentialAction\":[{\"@type\":\"SearchAction\",\"target\":{\"@type\":\"EntryPoint\",\"urlTemplate\":\"https:\/\/voyage-aventure.com\/blog\/?s={search_term_string}\"},\"query-input\":{\"@type\":\"PropertyValueSpecification\",\"valueRequired\":true,\"valueName\":\"search_term_string\"}}],\"inLanguage\":\"fr-FR\"},{\"@type\":\"Organization\",\"@id\":\"https:\/\/voyage-aventure.com\/blog\/#organization\",\"name\":\"Foretsensations.fr\",\"url\":\"https:\/\/voyage-aventure.com\/blog\/\",\"logo\":{\"@type\":\"ImageObject\",\"inLanguage\":\"fr-FR\",\"@id\":\"https:\/\/voyage-aventure.com\/blog\/#\/schema\/logo\/image\/\",\"url\":\"https:\/\/voyage-aventure.com\/blog\/wp-content\/uploads\/2024\/12\/19.png\",\"contentUrl\":\"https:\/\/voyage-aventure.com\/blog\/wp-content\/uploads\/2024\/12\/19.png\",\"width\":512,\"height\":512,\"caption\":\"Foretsensations.fr\"},\"image\":{\"@id\":\"https:\/\/voyage-aventure.com\/blog\/#\/schema\/logo\/image\/\"}},{\"@type\":\"Person\",\"@id\":\"https:\/\/voyage-aventure.com\/blog\/#\/schema\/person\/3c864cdc320801e3db34b663e7e3f816\",\"name\":\"Camille Rouvray\",\"image\":{\"@type\":\"ImageObject\",\"inLanguage\":\"fr-FR\",\"@id\":\"https:\/\/voyage-aventure.com\/blog\/#\/schema\/person\/image\/\",\"url\":\"https:\/\/voyage-aventure.com\/blog\/wp-content\/uploads\/2026\/06\/persona_camille-r-96x96.jpg\",\"contentUrl\":\"https:\/\/voyage-aventure.com\/blog\/wp-content\/uploads\/2026\/06\/persona_camille-r-96x96.jpg\",\"caption\":\"Camille Rouvray\"},\"description\":\"Je voyage et j'\u00e9cris sur le voyage depuis une douzaine d'ann\u00e9es, d'abord en tant que routarde au long cours, puis comme r\u00e9dactrice sp\u00e9cialis\u00e9e. Mon terrain de pr\u00e9dilection, ce sont les circuits organis\u00e9s et l'art de bien pr\u00e9parer un itin\u00e9raire : choix de la saison, dur\u00e9e r\u00e9aliste des \u00e9tapes, budget jour par jour, logement et transport sur place. J'aime aussi raconter les p\u00e9pites urbaines, ces adresses qu'on ne trouve pas dans les guides classiques. Avant de publier un dossier destination, je croise toujours plusieurs sources, je v\u00e9rifie les tarifs et les formalit\u00e9s d'entr\u00e9e \u00e0 jour, et je teste moi-m\u00eame quand je le peux. Mon angle reste pratique avant tout : aider le lecteur \u00e0 partir l'esprit tranquille, sans mauvaise surprise une fois sur place. Je m'attache \u00e0 distinguer le coup de c\u0153ur sinc\u00e8re du simple argument marketing.\",\"sameAs\":[\"https:\/\/camillerouvray.fr\/\"],\"url\":\"https:\/\/voyage-aventure.com\/blog\/auteur\/noname\/\"}]}<\/script>\n<!-- \/ Yoast SEO Premium plugin. -->","yoast_head_json":{"title":"D\u00e9couvrez le lieu d'exception pour la c\u00e9r\u00e9monie 2025 des","description":"Le 29 octobre 2025, la c\u00e9r\u00e9monie 2025 des World Sustainable Travel & Hospitality Awards se tiendra \u00e0 Terra, b\u00e2timent embl\u00e9matique d'Expo City Dubai. Un","robots":{"index":"index","follow":"follow","max-snippet":"max-snippet:-1","max-image-preview":"max-image-preview:large","max-video-preview":"max-video-preview:-1"},"canonical":"https:\/\/voyage-aventure.com\/blog\/a-la-une\/decouvrez-le-lieu-dexception-pour-la-ceremonie-2025-des-prix-de-lhospitalite-durable\/","og_locale":"fr_FR","og_type":"article","og_title":"D\u00e9couvrez le lieu d'exception pour la c\u00e9r\u00e9monie 2025 des","og_description":"Le 29 octobre 2025, la c\u00e9r\u00e9monie 2025 des World Sustainable Travel & Hospitality Awards se tiendra \u00e0 Terra, b\u00e2timent embl\u00e9matique d'Expo City Dubai. Un","og_url":"https:\/\/voyage-aventure.com\/blog\/a-la-une\/decouvrez-le-lieu-dexception-pour-la-ceremonie-2025-des-prix-de-lhospitalite-durable\/","og_site_name":"voyage-aventure","og_image":[{"width":1536,"height":640,"url":"https:\/\/voyage-aventure.com\/blog\/wp-content\/uploads\/2025\/03\/sdxl-a2927820cd6a71f00826fafb0c43dc18.png","type":"image\/png"}],"author":"Camille Rouvray","twitter_card":"summary_large_image","schema":{"@context":"https:\/\/schema.org","@graph":[{"@type":"NewsArticle","@id":"https:\/\/voyage-aventure.com\/blog\/a-la-une\/decouvrez-le-lieu-dexception-pour-la-ceremonie-2025-des-prix-de-lhospitalite-durable\/#article","isPartOf":{"@id":"https:\/\/voyage-aventure.com\/blog\/a-la-une\/decouvrez-le-lieu-dexception-pour-la-ceremonie-2025-des-prix-de-lhospitalite-durable\/"},"author":{"name":"Camille Rouvray","@id":"https:\/\/voyage-aventure.com\/blog\/#\/schema\/person\/3c864cdc320801e3db34b663e7e3f816"},"headline":"D\u00e9couvrez le lieu d&rsquo;exception pour la c\u00e9r\u00e9monie 2025 des prix de l&rsquo;hospitalit\u00e9 durable","datePublished":"2026-06-16T15:05:07+00:00","mainEntityOfPage":{"@id":"https:\/\/voyage-aventure.com\/blog\/a-la-une\/decouvrez-le-lieu-dexception-pour-la-ceremonie-2025-des-prix-de-lhospitalite-durable\/"},"wordCount":1100,"commentCount":18,"publisher":{"@id":"https:\/\/voyage-aventure.com\/blog\/#organization"},"image":{"@id":"https:\/\/voyage-aventure.com\/blog\/a-la-une\/decouvrez-le-lieu-dexception-pour-la-ceremonie-2025-des-prix-de-lhospitalite-durable\/#primaryimage"},"thumbnailUrl":"https:\/\/voyage-aventure.com\/blog\/wp-content\/uploads\/2025\/03\/sdxl-a2927820cd6a71f00826fafb0c43dc18.png","keywords":["\u00c9conomie","Immersion Culturelle","Pratiques Durables","Tourisme","Voyage \u00c9conomique"],"articleSection":["\u00c0 la une"],"inLanguage":"fr-FR","potentialAction":[{"@type":"CommentAction","name":"Comment","target":["https:\/\/voyage-aventure.com\/blog\/a-la-une\/decouvrez-le-lieu-dexception-pour-la-ceremonie-2025-des-prix-de-lhospitalite-durable\/#respond"]}]},{"@type":"WebPage","@id":"https:\/\/voyage-aventure.com\/blog\/a-la-une\/decouvrez-le-lieu-dexception-pour-la-ceremonie-2025-des-prix-de-lhospitalite-durable\/","url":"https:\/\/voyage-aventure.com\/blog\/a-la-une\/decouvrez-le-lieu-dexception-pour-la-ceremonie-2025-des-prix-de-lhospitalite-durable\/","name":"D\u00e9couvrez le lieu d'exception pour la c\u00e9r\u00e9monie 2025 des","isPartOf":{"@id":"https:\/\/voyage-aventure.com\/blog\/#website"},"primaryImageOfPage":{"@id":"https:\/\/voyage-aventure.com\/blog\/a-la-une\/decouvrez-le-lieu-dexception-pour-la-ceremonie-2025-des-prix-de-lhospitalite-durable\/#primaryimage"},"image":{"@id":"https:\/\/voyage-aventure.com\/blog\/a-la-une\/decouvrez-le-lieu-dexception-pour-la-ceremonie-2025-des-prix-de-lhospitalite-durable\/#primaryimage"},"thumbnailUrl":"https:\/\/voyage-aventure.com\/blog\/wp-content\/uploads\/2025\/03\/sdxl-a2927820cd6a71f00826fafb0c43dc18.png","datePublished":"2026-06-16T15:05:07+00:00","description":"Le 29 octobre 2025, la c\u00e9r\u00e9monie 2025 des World Sustainable Travel & Hospitality Awards se tiendra \u00e0 Terra, b\u00e2timent embl\u00e9matique d'Expo City Dubai. Un","inLanguage":"fr-FR","potentialAction":[{"@type":"ReadAction","target":["https:\/\/voyage-aventure.com\/blog\/a-la-une\/decouvrez-le-lieu-dexception-pour-la-ceremonie-2025-des-prix-de-lhospitalite-durable\/"]}]},{"@type":"ImageObject","inLanguage":"fr-FR","@id":"https:\/\/voyage-aventure.com\/blog\/a-la-une\/decouvrez-le-lieu-dexception-pour-la-ceremonie-2025-des-prix-de-lhospitalite-durable\/#primaryimage","url":"https:\/\/voyage-aventure.com\/blog\/wp-content\/uploads\/2025\/03\/sdxl-a2927820cd6a71f00826fafb0c43dc18.png","contentUrl":"https:\/\/voyage-aventure.com\/blog\/wp-content\/uploads\/2025\/03\/sdxl-a2927820cd6a71f00826fafb0c43dc18.png","width":1536,"height":640},{"@type":"WebSite","@id":"https:\/\/voyage-aventure.com\/blog\/#website","url":"https:\/\/voyage-aventure.com\/blog\/","name":"voyage-aventure.com","description":"Votre passeport pour l\u2019inattendu.","publisher":{"@id":"https:\/\/voyage-aventure.com\/blog\/#organization"},"alternateName":"Votre passeport pour l\u2019inattendu.","potentialAction":[{"@type":"SearchAction","target":{"@type":"EntryPoint","urlTemplate":"https:\/\/voyage-aventure.com\/blog\/?s={search_term_string}"},"query-input":{"@type":"PropertyValueSpecification","valueRequired":true,"valueName":"search_term_string"}}],"inLanguage":"fr-FR"},{"@type":"Organization","@id":"https:\/\/voyage-aventure.com\/blog\/#organization","name":"Foretsensations.fr","url":"https:\/\/voyage-aventure.com\/blog\/","logo":{"@type":"ImageObject","inLanguage":"fr-FR","@id":"https:\/\/voyage-aventure.com\/blog\/#\/schema\/logo\/image\/","url":"https:\/\/voyage-aventure.com\/blog\/wp-content\/uploads\/2024\/12\/19.png","contentUrl":"https:\/\/voyage-aventure.com\/blog\/wp-content\/uploads\/2024\/12\/19.png","width":512,"height":512,"caption":"Foretsensations.fr"},"image":{"@id":"https:\/\/voyage-aventure.com\/blog\/#\/schema\/logo\/image\/"}},{"@type":"Person","@id":"https:\/\/voyage-aventure.com\/blog\/#\/schema\/person\/3c864cdc320801e3db34b663e7e3f816","name":"Camille Rouvray","image":{"@type":"ImageObject","inLanguage":"fr-FR","@id":"https:\/\/voyage-aventure.com\/blog\/#\/schema\/person\/image\/","url":"https:\/\/voyage-aventure.com\/blog\/wp-content\/uploads\/2026\/06\/persona_camille-r-96x96.jpg","contentUrl":"https:\/\/voyage-aventure.com\/blog\/wp-content\/uploads\/2026\/06\/persona_camille-r-96x96.jpg","caption":"Camille Rouvray"},"description":"Je voyage et j'\u00e9cris sur le voyage depuis une douzaine d'ann\u00e9es, d'abord en tant que routarde au long cours, puis comme r\u00e9dactrice sp\u00e9cialis\u00e9e. Mon terrain de pr\u00e9dilection, ce sont les circuits organis\u00e9s et l'art de bien pr\u00e9parer un itin\u00e9raire : choix de la saison, dur\u00e9e r\u00e9aliste des \u00e9tapes, budget jour par jour, logement et transport sur place. J'aime aussi raconter les p\u00e9pites urbaines, ces adresses qu'on ne trouve pas dans les guides classiques. Avant de publier un dossier destination, je croise toujours plusieurs sources, je v\u00e9rifie les tarifs et les formalit\u00e9s d'entr\u00e9e \u00e0 jour, et je teste moi-m\u00eame quand je le peux. Mon angle reste pratique avant tout : aider le lecteur \u00e0 partir l'esprit tranquille, sans mauvaise surprise une fois sur place. Je m'attache \u00e0 distinguer le coup de c\u0153ur sinc\u00e8re du simple argument marketing.","sameAs":["https:\/\/camillerouvray.fr\/"],"url":"https:\/\/voyage-aventure.com\/blog\/auteur\/noname\/"}]}},"_links":{"self":[{"href":"https:\/\/voyage-aventure.com\/blog\/wp-json\/wp\/v2\/posts\/14666","targetHints":{"allow":["GET"]}}],"collection":[{"href":"https:\/\/voyage-aventure.com\/blog\/wp-json\/wp\/v2\/posts"}],"about":[{"href":"https:\/\/voyage-aventure.com\/blog\/wp-json\/wp\/v2\/types\/post"}],"author":[{"embeddable":true,"href":"https:\/\/voyage-aventure.com\/blog\/wp-json\/wp\/v2\/users\/34"}],"replies":[{"embeddable":true,"href":"https:\/\/voyage-aventure.com\/blog\/wp-json\/wp\/v2\/comments?post=14666"}],"version-history":[{"count":2,"href":"https:\/\/voyage-aventure.com\/blog\/wp-json\/wp\/v2\/posts\/14666\/revisions"}],"predecessor-version":[{"id":22752,"href":"https:\/\/voyage-aventure.com\/blog\/wp-json\/wp\/v2\/posts\/14666\/revisions\/22752"}],"wp:featuredmedia":[{"embeddable":true,"href":"https:\/\/voyage-aventure.com\/blog\/wp-json\/wp\/v2\/media\/15157"}],"wp:attachment":[{"href":"https:\/\/voyage-aventure.com\/blog\/wp-json\/wp\/v2\/media?parent=14666"}],"wp:term":[{"taxonomy":"category","embeddable":true,"href":"https:\/\/voyage-aventure.com\/blog\/wp-json\/wp\/v2\/categories?post=14666"},{"taxonomy":"post_tag","embeddable":true,"href":"https:\/\/voyage-aventure.com\/blog\/wp-json\/wp\/v2\/tags?post=14666"}],"curies":[{"name":"wp","href":"https:\/\/api.w.org\/{rel}","templated":true}]}}