{"id":14655,"date":"2026-05-17T14:16:07","date_gmt":"2026-05-17T12:16:07","guid":{"rendered":"https:\/\/voyage-aventure.com\/blog\/?p=14655"},"modified":"2026-05-17T14:16:07","modified_gmt":"2026-05-17T12:16:07","slug":"les-voyageurs-noirs-americains-depensent-145-milliards-de-dollars-en-voyages","status":"publish","type":"post","link":"https:\/\/voyage-aventure.com\/blog\/a-la-une\/les-voyageurs-noirs-americains-depensent-145-milliards-de-dollars-en-voyages\/","title":{"rendered":"Les voyageurs noirs am\u00e9ricains d\u00e9pensent 145 milliards de dollars en voyages"},"content":{"rendered":"<aside style=\"background:#f5efe7;border-left:5px solid #6a4a2a;padding:22px 28px;margin:24px 0;font-family:-apple-system,BlinkMacSystemFont,'Segoe UI',Roboto,sans-serif;\">\n<div style=\"margin:0;font-size:19px;line-height:1.55;color:#2a2a2a;font-weight:500;letter-spacing:-0.005em;\">\n    Longtemps invisibles dans les brochures des grandes agences, les voyageurs noirs am\u00e9ricains p\u00e8sent d\u00e9sormais 145 milliards de dollars dans l&rsquo;\u00e9conomie du tourisme. Une communaut\u00e9 qui voyage plus, plus loin, et qui change les codes d&rsquo;un secteur encore lent \u00e0 se diversifier.\n  <\/div>\n<\/aside>\n<h2>Une croissance impressionnante des d\u00e9penses de voyage<\/h2>\n<p>En 2023, ces voyageurs ont effectu\u00e9 plus de 184 millions de trajets, g\u00e9n\u00e9rant des d\u00e9penses totalisant 145 milliards de dollars. Cette somme repr\u00e9sente une augmentation de 33 % par rapport \u00e0 2019, o\u00f9 les d\u00e9penses s&rsquo;\u00e9levaient \u00e0 109,4 milliards de dollars. Au-del\u00e0 de la simple performance \u00e9conomique, ces chiffres racontent une transformation profonde des pratiques de loisir au sein d&rsquo;une communaut\u00e9 longtemps marginalis\u00e9e par l&rsquo;industrie touristique.<\/p>\n<p>Ce rapport, intitul\u00e9 \u00ab\u00a0Portrait des voyageurs noirs en Am\u00e9rique\u00a0\u00bb, a \u00e9t\u00e9 r\u00e9alis\u00e9 en collaboration avec la Black Travel Alliance et la National Coalition of Black Meeting Professionals. MMGY a conduit une enqu\u00eate nationale aupr\u00e8s de 2 000 voyageurs noirs, mettant en lumi\u00e8re les motivations, les comportements de planification et les habitudes de d\u00e9penses de ce groupe croissant.<\/p>\n<aside style=\"background:#fafaf7;border:1px solid #e5e5e0;border-radius:8px;padding:24px 26px 26px;margin:28px 0;font-family:-apple-system,BlinkMacSystemFont,'Segoe UI',Roboto,sans-serif;\">\n<div style=\"margin:0 0 18px 0;font-size:11px;font-weight:700;text-transform:uppercase;letter-spacing:2.2px;color:#6a4a2a;\">\u00c0 retenir<\/div>\n<div style=\"display:grid;grid-template-columns:repeat(auto-fit,minmax(240px,1fr));gap:10px;\">\n<div style=\"display:flex;gap:12px;background:#fff;border:1px solid #ebebe5;padding:12px 14px;border-radius:6px;align-items:flex-start;\">\n      <span style=\"flex:0 0 26px;width:26px;height:26px;background:#6a4a2a;color:#fff;border-radius:50%;display:inline-flex;align-items:center;justify-content:center;font-size:12px;font-weight:700;font-family:-apple-system,sans-serif;\">1<\/span><br \/>\n      <span style=\"font-size:14px;line-height:1.5;color:#2a2a2a;\">Un march\u00e9 \u00e0 145 milliards de dollars, en hausse de 33 % depuis 2019.<\/span>\n    <\/div>\n<div style=\"display:flex;gap:12px;background:#fff;border:1px solid #ebebe5;padding:12px 14px;border-radius:6px;align-items:flex-start;\">\n      <span style=\"flex:0 0 26px;width:26px;height:26px;background:#6a4a2a;color:#fff;border-radius:50%;display:inline-flex;align-items:center;justify-content:center;font-size:12px;font-weight:700;font-family:-apple-system,sans-serif;\">2<\/span><br \/>\n      <span style=\"font-size:14px;line-height:1.5;color:#2a2a2a;\">184 millions de trajets effectu\u00e9s en 2023 par cette communaut\u00e9.<\/span>\n    <\/div>\n<div style=\"display:flex;gap:12px;background:#fff;border:1px solid #ebebe5;padding:12px 14px;border-radius:6px;align-items:flex-start;\">\n      <span style=\"flex:0 0 26px;width:26px;height:26px;background:#6a4a2a;color:#fff;border-radius:50%;display:inline-flex;align-items:center;justify-content:center;font-size:12px;font-weight:700;font-family:-apple-system,sans-serif;\">3<\/span><br \/>\n      <span style=\"font-size:14px;line-height:1.5;color:#2a2a2a;\">79 % des voyageurs int\u00e8grent la s\u00e9curit\u00e9 dans leur d\u00e9cision de destination.<\/span>\n    <\/div>\n<div style=\"display:flex;gap:12px;background:#fff;border:1px solid #ebebe5;padding:12px 14px;border-radius:6px;align-items:flex-start;\">\n      <span style=\"flex:0 0 26px;width:26px;height:26px;background:#6a4a2a;color:#fff;border-radius:50%;display:inline-flex;align-items:center;justify-content:center;font-size:12px;font-weight:700;font-family:-apple-system,sans-serif;\">4<\/span><br \/>\n      <span style=\"font-size:14px;line-height:1.5;color:#2a2a2a;\">87 % pr\u00eats \u00e0 payer un suppl\u00e9ment pour des services adapt\u00e9s.<\/span>\n    <\/div>\n<div style=\"display:flex;gap:12px;background:#fff;border:1px solid #ebebe5;padding:12px 14px;border-radius:6px;align-items:flex-start;\">\n      <span style=\"flex:0 0 26px;width:26px;height:26px;background:#6a4a2a;color:#fff;border-radius:50%;display:inline-flex;align-items:center;justify-content:center;font-size:12px;font-weight:700;font-family:-apple-system,sans-serif;\">5<\/span><br \/>\n      <span style=\"font-size:14px;line-height:1.5;color:#2a2a2a;\">11 % du tourisme de loisirs aux \u00c9tats-Unis, soit un consommateur structurant.<\/span>\n    <\/div>\n<\/p><\/div>\n<\/aside>\n<h2>Motivations et pr\u00e9occupations des voyageurs noirs<\/h2>\n<p>Les r\u00e9sultats montrent que la s\u00e9curit\u00e9 et l&rsquo;accueil sont des priorit\u00e9s majeures pour les voyageurs noirs. En effet, 79 % d&rsquo;entre eux prennent en compte des facteurs tels que la s\u00e9curit\u00e9 lors de la planification de leurs voyages. Les recommandations de la famille et des amis jouent \u00e9galement un r\u00f4le essentiel dans la d\u00e9cision de partir en voyage, davantage que les avis anonymes en ligne ou les campagnes publicitaires classiques.<\/p>\n<p>Ce segment de march\u00e9, repr\u00e9sentant 11 % du tourisme de loisirs aux \u00c9tats-Unis, est pr\u00eat \u00e0 investir davantage pour vivre des exp\u00e9riences authentiques. Par exemple, 87 % des voyageurs noirs sont dispos\u00e9s \u00e0 payer un suppl\u00e9ment pour des logements et des choix de si\u00e8ges dans les avions qui r\u00e9pondent \u00e0 leurs besoins sp\u00e9cifiques.<\/p>\n<aside style=\"background:#fff7e0;border-left:4px solid #d4a017;padding:14px 18px;margin:18px 0;border-radius:0 4px 4px 0;font-family:-apple-system,BlinkMacSystemFont,'Segoe UI',Roboto,sans-serif;\">\n  <strong style=\"display:inline-block;color:#7a5e00;font-size:12px;text-transform:uppercase;letter-spacing:1.5px;margin-right:8px;\">Bon \u00e0 savoir<\/strong><br \/>\n  <span style=\"font-size:14.5px;line-height:1.55;color:#3a3a3a;\">Le \u00ab\u00a0n\u00e9gritourisme\u00a0\u00bb \u2014 voyage pens\u00e9 pour et par les communaut\u00e9s afro-descendantes \u2014 s&rsquo;inscrit dans la lign\u00e9e du Green Book des ann\u00e9es 1930-60, ce guide qui recensait les h\u00f4tels et restaurants accueillant les voyageurs noirs durant la s\u00e9gr\u00e9gation. Le r\u00e9flexe d&rsquo;aller chercher de l&rsquo;information communautaire avant de partir n&rsquo;est pas anecdotique : il s&rsquo;est construit en r\u00e9action \u00e0 une histoire concr\u00e8te.<\/span><br \/>\n<\/aside>\n<h2>Un impact significatif sur l&rsquo;industrie du voyage<\/h2>\n<p>La Vice-Pr\u00e9sidente de la recherche chez MMGY, Simon Moriarty, souligne l&rsquo;importance de ces \u00e9tudes pour les entreprises de voyage. \u00ab\u00a0Cr\u00e9er des souvenirs tout en se sentant en s\u00e9curit\u00e9 est essentiel pour les voyageurs noirs d&rsquo;aujourd&rsquo;hui\u00a0\u00bb, d\u00e9clare-t-il. Ces donn\u00e9es aident les entreprises \u00e0 adapter leurs strat\u00e9gies pour mieux r\u00e9pondre aux attentes de ce public.<\/p>\n<p>Les leaders de la Black Travel Alliance, comme Martinique Lewis, insistent sur la n\u00e9cessit\u00e9 pour les destinations de revoir leurs strat\u00e9gies d&rsquo;engagement. \u00ab\u00a0Les donn\u00e9es montrent clairement l&rsquo;importance des voyageurs noirs et leur pouvoir d&rsquo;achat\u00a0\u00bb, affirme Jason Dunn, directeur ex\u00e9cutif de la NCBMP. Cette prise de conscience doit devenir une r\u00e9alit\u00e9 dans toutes les salles de r\u00e9union des entreprises touristiques.<\/p>\n<figure style=\"margin:32px 0;padding:0;font-family:-apple-system,BlinkMacSystemFont,'Segoe UI',Roboto,sans-serif;\">\n<div style=\"display:grid;grid-template-columns:repeat(auto-fit,minmax(140px,1fr));background:#1a1a1a;border-radius:6px;overflow:hidden;\">\n<div style=\"padding:22px 16px;text-align:center;border-right:1px solid #2f2f2f;\">\n<div style=\"font-size:36px;font-weight:900;color:#fff;letter-spacing:-0.04em;font-feature-settings:'tnum';line-height:1;\">145 Md$<\/div>\n<div style=\"font-size:11px;text-transform:uppercase;letter-spacing:1.5px;color:#9a9a9a;margin-top:8px;\">d\u00e9pens\u00e9s en 2023<\/div>\n<\/p><\/div>\n<div style=\"padding:22px 16px;text-align:center;border-right:1px solid #2f2f2f;\">\n<div style=\"font-size:36px;font-weight:900;color:#fff;letter-spacing:-0.04em;font-feature-settings:'tnum';line-height:1;\">+33 %<\/div>\n<div style=\"font-size:11px;text-transform:uppercase;letter-spacing:1.5px;color:#9a9a9a;margin-top:8px;\">vs 2019<\/div>\n<\/p><\/div>\n<div style=\"padding:22px 16px;text-align:center;\">\n<div style=\"font-size:36px;font-weight:900;color:#d4a017;letter-spacing:-0.04em;font-feature-settings:'tnum';line-height:1;\">11 %<\/div>\n<div style=\"font-size:11px;text-transform:uppercase;letter-spacing:1.5px;color:#9a9a9a;margin-top:8px;\">du tourisme US loisirs<\/div>\n<\/p><\/div>\n<\/p><\/div><figcaption style=\"font-size:11px;color:#7a7a7a;margin-top:8px;text-align:right;letter-spacing:0.3px;\">Source : rapport MMGY \u00d7 Black Travel Alliance \u00d7 NCBMP.<\/figcaption><\/figure>\n<h2>Cinq destinations qui tirent ce march\u00e9 vers le haut<\/h2>\n<p>Le rapport et les observations sectorielles convergent vers un constat clair : les voyageurs noirs am\u00e9ricains explorent autant l&rsquo;int\u00e9rieur du pays que l&rsquo;international, avec une attention particuli\u00e8re port\u00e9e \u00e0 l&rsquo;h\u00e9ritage culturel et \u00e0 l&rsquo;accueil ressenti sur place. Les segments les plus dynamiques m\u00ealent destinations urbaines, plages carib\u00e9ennes et tourisme m\u00e9moriel.<\/p>\n<div style=\"display:grid;grid-template-columns:repeat(auto-fit,minmax(220px,1fr));gap:14px;margin:28px 0;font-family:-apple-system,BlinkMacSystemFont,'Segoe UI',Roboto,sans-serif;\">\n<article style=\"background:#fff;border:1px solid #e5e5e0;border-top:3px solid #6a4a2a;border-radius:6px;padding:18px 18px 16px;\">\n<div style=\"width:36px;height:36px;background:#f5efe7;border-radius:50%;display:inline-flex;align-items:center;justify-content:center;margin-bottom:12px;\">\n      <span style=\"font-size:18px;color:#6a4a2a;font-weight:900;font-family:Georgia,serif;\">01<\/span>\n    <\/div>\n<h3 style=\"margin:0 0 6px 0;font-size:16px;font-weight:700;color:#1a1a1a;letter-spacing:-0.01em;\">Atlanta et le Sud historique<\/h3>\n<div style=\"margin:0;font-size:13.5px;line-height:1.55;color:#4a4a4a;\">Capitale culturelle, sc\u00e8ne musicale et lieux m\u00e9moriels (Montgomery, Birmingham, Selma) drainent un tourisme \u00e0 forte charge symbolique.<\/div>\n<\/article>\n<article style=\"background:#fff;border:1px solid #e5e5e0;border-top:3px solid #6a4a2a;border-radius:6px;padding:18px 18px 16px;\">\n<div style=\"width:36px;height:36px;background:#f5efe7;border-radius:50%;display:inline-flex;align-items:center;justify-content:center;margin-bottom:12px;\">\n      <span style=\"font-size:18px;color:#6a4a2a;font-weight:900;font-family:Georgia,serif;\">02<\/span>\n    <\/div>\n<h3 style=\"margin:0 0 6px 0;font-size:16px;font-weight:700;color:#1a1a1a;letter-spacing:-0.01em;\">Cara\u00efbes &#038; Bahamas<\/h3>\n<div style=\"margin:0;font-size:13.5px;line-height:1.55;color:#4a4a4a;\">Jama\u00efque, R\u00e9publique dominicaine, Bahamas : proximit\u00e9, sentiment d&rsquo;appartenance, cr\u00e9olit\u00e9 partag\u00e9e et accueil ressenti.<\/div>\n<\/article>\n<article style=\"background:#fff;border:1px solid #e5e5e0;border-top:3px solid #6a4a2a;border-radius:6px;padding:18px 18px 16px;\">\n<div style=\"width:36px;height:36px;background:#f5efe7;border-radius:50%;display:inline-flex;align-items:center;justify-content:center;margin-bottom:12px;\">\n      <span style=\"font-size:18px;color:#6a4a2a;font-weight:900;font-family:Georgia,serif;\">03<\/span>\n    <\/div>\n<h3 style=\"margin:0 0 6px 0;font-size:16px;font-weight:700;color:#1a1a1a;letter-spacing:-0.01em;\">Afrique du voyage retour<\/h3>\n<div style=\"margin:0;font-size:13.5px;line-height:1.55;color:#4a4a4a;\">Ghana (Year of Return), S\u00e9n\u00e9gal, Afrique du Sud : p\u00e8lerinages identitaires en hausse depuis la fin des ann\u00e9es 2010.<\/div>\n<\/article>\n<article style=\"background:#fff;border:1px solid #e5e5e0;border-top:3px solid #6a4a2a;border-radius:6px;padding:18px 18px 16px;\">\n<div style=\"width:36px;height:36px;background:#f5efe7;border-radius:50%;display:inline-flex;align-items:center;justify-content:center;margin-bottom:12px;\">\n      <span style=\"font-size:18px;color:#6a4a2a;font-weight:900;font-family:Georgia,serif;\">04<\/span>\n    <\/div>\n<h3 style=\"margin:0 0 6px 0;font-size:16px;font-weight:700;color:#1a1a1a;letter-spacing:-0.01em;\">Mexique &#038; Am\u00e9rique latine<\/h3>\n<div style=\"margin:0;font-size:13.5px;line-height:1.55;color:#4a4a4a;\">Tulum, Cartagena, Costa Rica : mont\u00e9e des short breaks orient\u00e9s plage, gastronomie et exp\u00e9riences locales authentiques.<\/div>\n<\/article>\n<article style=\"background:#fff;border:1px solid #e5e5e0;border-top:3px solid #6a4a2a;border-radius:6px;padding:18px 18px 16px;\">\n<div style=\"width:36px;height:36px;background:#f5efe7;border-radius:50%;display:inline-flex;align-items:center;justify-content:center;margin-bottom:12px;\">\n      <span style=\"font-size:18px;color:#6a4a2a;font-weight:900;font-family:Georgia,serif;\">05<\/span>\n    <\/div>\n<h3 style=\"margin:0 0 6px 0;font-size:16px;font-weight:700;color:#1a1a1a;letter-spacing:-0.01em;\">Europe culturelle<\/h3>\n<div style=\"margin:0;font-size:13.5px;line-height:1.55;color:#4a4a4a;\">Paris, Lisbonne, Londres, Amsterdam : citytrips longue dur\u00e9e, festivals, sc\u00e8ne artistique afro-europ\u00e9enne en plein essor.<\/div>\n<\/article>\n<article style=\"background:#fff;border:1px solid #e5e5e0;border-top:3px solid #6a4a2a;border-radius:6px;padding:18px 18px 16px;\">\n<div style=\"width:36px;height:36px;background:#f5efe7;border-radius:50%;display:inline-flex;align-items:center;justify-content:center;margin-bottom:12px;\">\n      <span style=\"font-size:18px;color:#6a4a2a;font-weight:900;font-family:Georgia,serif;\">06<\/span>\n    <\/div>\n<h3 style=\"margin:0 0 6px 0;font-size:16px;font-weight:700;color:#1a1a1a;letter-spacing:-0.01em;\">Tourisme domestique premium<\/h3>\n<div style=\"margin:0;font-size:13.5px;line-height:1.55;color:#4a4a4a;\">Martha&rsquo;s Vineyard, Sag Harbor, Hilton Head : enclaves historiquement accueillantes, mont\u00e9e des s\u00e9jours haut de gamme.<\/div>\n<\/article>\n<\/div>\n<h2>Profils et budgets : qui d\u00e9pense quoi ?<\/h2>\n<p>Tous les voyageurs noirs ne forment pas un bloc homog\u00e8ne. Le rapport et les observations du secteur distinguent quatre grands profils de s\u00e9jour, avec des d\u00e9penses moyennes et des attentes tr\u00e8s diff\u00e9rentes. \u00c0 titre indicatif, voici comment se structure le march\u00e9 selon les estimations sectorielles.<\/p>\n<figure style=\"margin:32px 0;font-family:-apple-system,BlinkMacSystemFont,'Segoe UI',Roboto,sans-serif;\">\n<div style=\"overflow-x:auto;border:1px solid #e5e5e0;border-radius:8px;\">\n<table style=\"width:100%;border-collapse:collapse;font-size:14px;color:#2a2a2a;min-width:560px;\">\n<thead>\n<tr style=\"background:#1a1a1a;color:#fff;\">\n<th style=\"text-align:left;padding:14px 18px;font-weight:700;font-size:12px;text-transform:uppercase;letter-spacing:1.5px;\">Segment<\/th>\n<th style=\"text-align:left;padding:14px 18px;font-weight:700;font-size:12px;text-transform:uppercase;letter-spacing:1.5px;\">Type de s\u00e9jour<\/th>\n<th style=\"text-align:center;padding:14px 18px;font-weight:700;font-size:12px;text-transform:uppercase;letter-spacing:1.5px;\">Budget indicatif<\/th>\n<\/tr>\n<\/thead>\n<tbody>\n<tr style=\"background:#fff;border-bottom:1px solid #f0ede5;\">\n<td style=\"padding:14px 18px;font-weight:600;\">Couple sans enfant<\/td>\n<td style=\"padding:14px 18px;color:#4a4a4a;\">City-trip premium, plage longue dur\u00e9e, exp\u00e9riences gastronomiques<\/td>\n<td style=\"padding:14px 18px;text-align:center;color:#6a6a6a;\">\u00c9lev\u00e9<\/td>\n<\/tr>\n<tr style=\"background:#fafaf7;border-bottom:1px solid #f0ede5;\">\n<td style=\"padding:14px 18px;font-weight:600;\">Solo traveler<\/td>\n<td style=\"padding:14px 18px;color:#4a4a4a;\">Voyage identitaire, hostel premium, retraites bien-\u00eatre<\/td>\n<td style=\"padding:14px 18px;text-align:center;color:#6a6a6a;\">Moyen<\/td>\n<\/tr>\n<tr style=\"background:#fff;border-bottom:1px solid #f0ede5;\">\n<td style=\"padding:14px 18px;font-weight:600;\">Famille avec enfants<\/td>\n<td style=\"padding:14px 18px;color:#4a4a4a;\">All-inclusive Cara\u00efbes, parcs nationaux, road-trip historique<\/td>\n<td style=\"padding:14px 18px;text-align:center;color:#6a6a6a;\">Tr\u00e8s \u00e9lev\u00e9<\/td>\n<\/tr>\n<tr style=\"background:#fafaf7;border-bottom:1px solid #f0ede5;\">\n<td style=\"padding:14px 18px;font-weight:600;\">Groupe (girls trip, fraternit\u00e9)<\/td>\n<td style=\"padding:14px 18px;color:#4a4a4a;\">Villas lou\u00e9es, croisi\u00e8res th\u00e9matiques, festivals (Essence, Afrochella)<\/td>\n<td style=\"padding:14px 18px;text-align:center;color:#6a6a6a;\">\u00c9lev\u00e9<\/td>\n<\/tr>\n<tr style=\"background:#fff;\">\n<td style=\"padding:14px 18px;font-weight:600;\">Senior \/ h\u00e9ritage<\/td>\n<td style=\"padding:14px 18px;color:#4a4a4a;\">Tourisme m\u00e9moriel, croisi\u00e8res, voyages ancestraux Afrique de l&rsquo;Ouest<\/td>\n<td style=\"padding:14px 18px;text-align:center;color:#6a6a6a;\">\u00c9lev\u00e9<\/td>\n<\/tr>\n<\/tbody>\n<\/table><\/div><figcaption style=\"font-size:11px;color:#7a7a7a;margin-top:8px;text-align:right;letter-spacing:0.3px;\">Budgets \u00e0 titre indicatif selon les estimations du march\u00e9.<\/figcaption><\/figure>\n<aside style=\"background:#fdecec;border-left:4px solid #c54848;padding:14px 18px;margin:18px 0;border-radius:0 4px 4px 0;font-family:-apple-system,BlinkMacSystemFont,'Segoe UI',Roboto,sans-serif;\">\n  <strong style=\"display:inline-block;color:#8a2020;font-size:12px;text-transform:uppercase;letter-spacing:1.5px;margin-right:8px;\">Attention<\/strong><br \/>\n  <span style=\"font-size:14.5px;line-height:1.55;color:#3a3a3a;\">Les micro-agressions en destination (regards, contr\u00f4les r\u00e9p\u00e9t\u00e9s, refus de service d\u00e9guis\u00e9s en \u00ab\u00a0complet\u00a0\u00bb) restent une raison fr\u00e9quente de r\u00e9orientation des s\u00e9jours. Les acteurs du tourisme qui ignorent ce point perdent durablement la confiance d&rsquo;un segment qui partage massivement ses retours sur les r\u00e9seaux et dans les groupes communautaires.<\/span><br \/>\n<\/aside>\n<h2>Travel as freedom : un h\u00e9ritage qui structure les choix<\/h2>\n<p>Voyager n&rsquo;est jamais neutre dans l&rsquo;histoire afro-am\u00e9ricaine. De la Grande Migration aux road trips familiaux du Green Book, en passant par le mouvement Black Travel Movement initi\u00e9 dans les ann\u00e9es 2010 (Travel Noire, Nomadness Travel Tribe, Black Girls Travel Too), l&rsquo;acte de partir charrie une dimension d&rsquo;\u00e9mancipation que les marques de voyage commencent tout juste \u00e0 int\u00e9grer.<\/p>\n<figure style=\"margin:38px auto;padding:28px 24px;text-align:center;border-top:1px solid #2a2a2a;border-bottom:1px solid #2a2a2a;max-width:640px;position:relative;font-family:Georgia,'Hoefler Text',serif;\">\n<div style=\"position:absolute;top:-20px;left:50%;transform:translateX(-50%);background:#ffffff;padding:0 14px;font-size:48px;line-height:1;color:#6a4a2a;font-family:Georgia,serif;\">&laquo;<\/div>\n<blockquote style=\"margin:0;padding:0;font-size:24px;line-height:1.45;font-style:italic;color:#1a1a1a;letter-spacing:-0.005em;\"><p>\n    Les voyageurs noirs font une diff\u00e9rence dans l&rsquo;industrie du tourisme et leur voix doit \u00eatre entendue.<br \/>\n  <\/blockquote><figcaption style=\"margin-top:14px;font-size:12px;text-transform:uppercase;letter-spacing:2px;color:#6a6a6a;font-family:-apple-system,sans-serif;font-style:normal;\">\u2014 Martinique Lewis, Black Travel Alliance<\/figcaption><\/figure>\n<p>Ce qui frappe dans les comportements de planification, c&rsquo;est l&rsquo;importance du bouche-\u00e0-oreille communautaire. Avant de booker, on demande \u00e0 ses amis, \u00e0 sa famille \u00e9largie, aux groupes Facebook d\u00e9di\u00e9s, aux cr\u00e9atrices Instagram. Les avis Tripadvisor classiques p\u00e8sent moins que la recommandation d&rsquo;une voyageuse partageant le m\u00eame bagage culturel.<\/p>\n<h2>Black travel movements : les acteurs qui ont chang\u00e9 la donne<\/h2>\n<p>Plusieurs collectifs et entrepreneuses ont structur\u00e9 ce march\u00e9 depuis quinze ans, en pointant ce que les grandes agences refusaient longtemps de voir : un pouvoir d&rsquo;achat sous-exploit\u00e9 et une demande forte d&rsquo;exp\u00e9riences s\u00e9curisantes. Sans eux, l&rsquo;industrie n&rsquo;aurait pas boug\u00e9.<\/p>\n<div style=\"display:grid;grid-template-columns:repeat(auto-fit,minmax(220px,1fr));gap:14px;margin:28px 0;font-family:-apple-system,BlinkMacSystemFont,'Segoe UI',Roboto,sans-serif;\">\n<article style=\"background:#fff;border:1px solid #e5e5e0;border-top:3px solid #6a4a2a;border-radius:6px;padding:18px 18px 16px;\">\n<div style=\"width:36px;height:36px;background:#f5efe7;border-radius:50%;display:inline-flex;align-items:center;justify-content:center;margin-bottom:12px;\">\n      <span style=\"font-size:18px;color:#6a4a2a;font-weight:900;font-family:Georgia,serif;\">A<\/span>\n    <\/div>\n<h3 style=\"margin:0 0 6px 0;font-size:16px;font-weight:700;color:#1a1a1a;letter-spacing:-0.01em;\">Black Travel Alliance<\/h3>\n<div style=\"margin:0;font-size:13.5px;line-height:1.55;color:#4a4a4a;\">Coalition de cr\u00e9ateurs et journalistes voyage. Plaide pour la responsabilit\u00e9 \u00e9ditoriale et les partenariats \u00e9quitables avec les offices de tourisme.<\/div>\n<\/article>\n<article style=\"background:#fff;border:1px solid #e5e5e0;border-top:3px solid #6a4a2a;border-radius:6px;padding:18px 18px 16px;\">\n<div style=\"width:36px;height:36px;background:#f5efe7;border-radius:50%;display:inline-flex;align-items:center;justify-content:center;margin-bottom:12px;\">\n      <span style=\"font-size:18px;color:#6a4a2a;font-weight:900;font-family:Georgia,serif;\">B<\/span>\n    <\/div>\n<h3 style=\"margin:0 0 6px 0;font-size:16px;font-weight:700;color:#1a1a1a;letter-spacing:-0.01em;\">Travel Noire<\/h3>\n<div style=\"margin:0;font-size:13.5px;line-height:1.55;color:#4a4a4a;\">M\u00e9dia et plateforme de s\u00e9jours group\u00e9s fond\u00e9e en 2014. Vitrine d&rsquo;inspiration et d&rsquo;agr\u00e9gation de r\u00e9cits voyage afro-descendants \u00e0 l&rsquo;international.<\/div>\n<\/article>\n<article style=\"background:#fff;border:1px solid #e5e5e0;border-top:3px solid #6a4a2a;border-radius:6px;padding:18px 18px 16px;\">\n<div style=\"width:36px;height:36px;background:#f5efe7;border-radius:50%;display:inline-flex;align-items:center;justify-content:center;margin-bottom:12px;\">\n      <span style=\"font-size:18px;color:#6a4a2a;font-weight:900;font-family:Georgia,serif;\">C<\/span>\n    <\/div>\n<h3 style=\"margin:0 0 6px 0;font-size:16px;font-weight:700;color:#1a1a1a;letter-spacing:-0.01em;\">Nomadness Travel Tribe<\/h3>\n<div style=\"margin:0;font-size:13.5px;line-height:1.55;color:#4a4a4a;\">Communaut\u00e9 pionni\u00e8re fond\u00e9e par Evita Robinson. Mod\u00e8le qui a d\u00e9montr\u00e9 la viabilit\u00e9 \u00e9conomique d&rsquo;une offre travel pens\u00e9e pour les Noirs voyageant \u00e0 l&rsquo;\u00e9tranger.<\/div>\n<\/article>\n<article style=\"background:#fff;border:1px solid #e5e5e0;border-top:3px solid #6a4a2a;border-radius:6px;padding:18px 18px 16px;\">\n<div style=\"width:36px;height:36px;background:#f5efe7;border-radius:50%;display:inline-flex;align-items:center;justify-content:center;margin-bottom:12px;\">\n      <span style=\"font-size:18px;color:#6a4a2a;font-weight:900;font-family:Georgia,serif;\">D<\/span>\n    <\/div>\n<h3 style=\"margin:0 0 6px 0;font-size:16px;font-weight:700;color:#1a1a1a;letter-spacing:-0.01em;\">NCBMP<\/h3>\n<div style=\"margin:0;font-size:13.5px;line-height:1.55;color:#4a4a4a;\">National Coalition of Black Meeting Professionals. Connecte le tourisme d&rsquo;affaires et l&rsquo;\u00e9v\u00e8nementiel \u00e0 la communaut\u00e9 professionnelle noire am\u00e9ricaine.<\/div>\n<\/article>\n<\/div>\n<aside style=\"background:#e7f5ec;border-left:4px solid #6a4a2a;padding:14px 18px;margin:18px 0;border-radius:0 4px 4px 0;font-family:-apple-system,BlinkMacSystemFont,'Segoe UI',Roboto,sans-serif;\">\n  <strong style=\"display:inline-block;color:#6a4a2a;font-size:12px;text-transform:uppercase;letter-spacing:1.5px;margin-right:8px;\">Astuce<\/strong><br \/>\n  <span style=\"font-size:14.5px;line-height:1.55;color:#3a3a3a;\">Avant d&rsquo;acheter un billet pour une destination encore peu document\u00e9e, beaucoup de voyageuses passent par les podcasts d\u00e9di\u00e9s (Black Travel Podcast, Vacationer Magazine) ou par les recherches tagu\u00e9es sur Instagram et TikTok. Cinq minutes de scroll suffisent souvent \u00e0 confirmer ou \u00e0 \u00e9carter une adresse.<\/span><br \/>\n<\/aside>\n<h2>Ce que les acteurs du tourisme doivent retenir<\/h2>\n<p>Pour les destinations, les compagnies a\u00e9riennes, les h\u00f4tels et les plateformes, le message est d\u00e9sormais clair : ce march\u00e9 ne se contente plus d&rsquo;attendre poliment d&rsquo;\u00eatre vis\u00e9 par une campagne ponctuelle pendant le mois de l&rsquo;histoire afro-am\u00e9ricaine. Il attend des actes durables, une repr\u00e9sentation cr\u00e9dible et des produits r\u00e9ellement adapt\u00e9s.<\/p>\n<div style=\"display:grid;grid-template-columns:repeat(auto-fit,minmax(260px,1fr));gap:14px;margin:28px 0;font-family:-apple-system,BlinkMacSystemFont,'Segoe UI',Roboto,sans-serif;\">\n<div style=\"background:#fafaf7;border:1px solid #c4dfcd;border-top:4px solid #6a4a2a;border-radius:4px;padding:20px 22px;\">\n<h3 style=\"margin:0 0 14px 0;font-size:13px;font-weight:700;text-transform:uppercase;letter-spacing:1.8px;color:#6a4a2a;\">\u00c0 faire<\/h3>\n<ul style=\"margin:0;padding:0;list-style:none;\">\n<li style=\"display:flex;gap:10px;align-items:flex-start;padding:6px 0;font-size:14px;line-height:1.5;color:#2a2a2a;border-bottom:1px solid #ebebe5;\"><span style=\"color:#6a4a2a;font-weight:700;flex:0 0 14px;\">&#10003;<\/span><span>Travailler avec des cr\u00e9ateurs et journalistes issus de la communaut\u00e9, en amont du brief<\/span><\/li>\n<li style=\"display:flex;gap:10px;align-items:flex-start;padding:6px 0;font-size:14px;line-height:1.5;color:#2a2a2a;border-bottom:1px solid #ebebe5;\"><span style=\"color:#6a4a2a;font-weight:700;flex:0 0 14px;\">&#10003;<\/span><span>Former le personnel d&rsquo;accueil \u00e0 la diversit\u00e9 r\u00e9elle des voyageurs<\/span><\/li>\n<li style=\"display:flex;gap:10px;align-items:flex-start;padding:6px 0;font-size:14px;line-height:1.5;color:#2a2a2a;border-bottom:1px solid #ebebe5;\"><span style=\"color:#6a4a2a;font-weight:700;flex:0 0 14px;\">&#10003;<\/span><span>Mettre en avant les sites de m\u00e9moire et l&rsquo;h\u00e9ritage culturel local<\/span><\/li>\n<li style=\"display:flex;gap:10px;align-items:flex-start;padding:6px 0;font-size:14px;line-height:1.5;color:#2a2a2a;\"><span style=\"color:#6a4a2a;font-weight:700;flex:0 0 14px;\">&#10003;<\/span><span>Investir dans la repr\u00e9sentation visuelle (photos, vid\u00e9os, brochures)<\/span><\/li>\n<\/ul><\/div>\n<div style=\"background:#fafaf7;border:1px solid #f3cccc;border-top:4px solid #c54848;border-radius:4px;padding:20px 22px;\">\n<h3 style=\"margin:0 0 14px 0;font-size:13px;font-weight:700;text-transform:uppercase;letter-spacing:1.8px;color:#8a2020;\">\u00c0 \u00e9viter<\/h3>\n<ul style=\"margin:0;padding:0;list-style:none;\">\n<li style=\"display:flex;gap:10px;align-items:flex-start;padding:6px 0;font-size:14px;line-height:1.5;color:#2a2a2a;border-bottom:1px solid #ebebe5;\"><span style=\"color:#c54848;font-weight:700;flex:0 0 14px;\">&#10005;<\/span><span>Limiter la communication cibl\u00e9e \u00e0 f\u00e9vrier (mois de l&rsquo;histoire afro-am\u00e9ricaine)<\/span><\/li>\n<li style=\"display:flex;gap:10px;align-items:flex-start;padding:6px 0;font-size:14px;line-height:1.5;color:#2a2a2a;border-bottom:1px solid #ebebe5;\"><span style=\"color:#c54848;font-weight:700;flex:0 0 14px;\">&#10005;<\/span><span>Recycler les m\u00eames visuels st\u00e9r\u00e9otyp\u00e9s sans consultation communautaire<\/span><\/li>\n<li style=\"display:flex;gap:10px;align-items:flex-start;padding:6px 0;font-size:14px;line-height:1.5;color:#2a2a2a;border-bottom:1px solid #ebebe5;\"><span style=\"color:#c54848;font-weight:700;flex:0 0 14px;\">&#10005;<\/span><span>Ignorer les signalements de micro-agressions remont\u00e9s sur les r\u00e9seaux<\/span><\/li>\n<li style=\"display:flex;gap:10px;align-items:flex-start;padding:6px 0;font-size:14px;line-height:1.5;color:#2a2a2a;\"><span style=\"color:#c54848;font-weight:700;flex:0 0 14px;\">&#10005;<\/span><span>Confondre tourisme inclusif et placement publicitaire ponctuel<\/span><\/li>\n<\/ul><\/div>\n<\/div>\n<h2>Une dynamique qui transforme l&rsquo;industrie<\/h2>\n<p>La dynamique de voyage des Am\u00e9ricains noirs s&rsquo;affirme ainsi comme un vecteur de changement dans le secteur touristique. L&rsquo;\u00e9tude de MMGY met en avant des tendances qui ne doivent pas \u00eatre ignor\u00e9es par les entreprises. La diversit\u00e9 et l&rsquo;inclusivit\u00e9 doivent d\u00e9sormais faire partie int\u00e9grante des strat\u00e9gies de marketing et des offres de services des acteurs du tourisme.<\/p>\n<p>Au-del\u00e0 des chiffres, ce mouvement de fond rappelle une chose simple : un march\u00e9 \u00e0 145 milliards de dollars ne se gagne pas avec une campagne de communication isol\u00e9e. Il se construit dans la dur\u00e9e, par l&rsquo;\u00e9coute, la repr\u00e9sentation, le recrutement diversifi\u00e9 et l&rsquo;audit honn\u00eate des points de friction en destination. Les marques qui s&rsquo;y mettent maintenant prendront une longueur d&rsquo;avance durable.<\/p>\n<section style=\"margin:32px 0;font-family:-apple-system,BlinkMacSystemFont,'Segoe UI',Roboto,sans-serif;\">\n<h2 style=\"margin:0 0 18px 0;font-size:22px;font-weight:800;color:#1a1a1a;letter-spacing:-0.01em;\">Questions fr\u00e9quentes<\/h2>\n<div style=\"border-top:1px solid #d4cfc4;\">\n<details style=\"border-bottom:1px solid #d4cfc4;padding:0;\">\n<summary style=\"cursor:pointer;padding:16px 0;font-size:17px;font-weight:700;color:#1a1a1a;list-style:none;display:flex;justify-content:space-between;align-items:center;gap:14px;\">\n        <span>Pourquoi parle-t-on pr\u00e9cis\u00e9ment de 145 milliards de dollars ?<\/span><br \/>\n        <span style=\"font-size:22px;font-weight:300;color:#6a4a2a;line-height:1;\">+<\/span><br \/>\n      <\/summary>\n<div style=\"padding:0 0 16px 0;font-size:15px;line-height:1.7;color:#4a4a4a;\">C&rsquo;est le total des d\u00e9penses de voyage des voyageurs noirs am\u00e9ricains en 2023, mesur\u00e9 par le rapport MMGY conduit en partenariat avec la Black Travel Alliance et la NCBMP, sur la base d&rsquo;une enqu\u00eate nationale aupr\u00e8s de 2 000 r\u00e9pondants.<\/div>\n<\/details>\n<details style=\"border-bottom:1px solid #d4cfc4;padding:0;\">\n<summary style=\"cursor:pointer;padding:16px 0;font-size:17px;font-weight:700;color:#1a1a1a;list-style:none;display:flex;justify-content:space-between;align-items:center;gap:14px;\">\n        <span>Quelles destinations sont les plus pris\u00e9es ?<\/span><br \/>\n        <span style=\"font-size:22px;font-weight:300;color:#6a4a2a;line-height:1;\">+<\/span><br \/>\n      <\/summary>\n<div style=\"padding:0 0 16px 0;font-size:15px;line-height:1.7;color:#4a4a4a;\">Le sud des \u00c9tats-Unis (Atlanta, Nouvelle-Orl\u00e9ans, sites m\u00e9moriels de l&rsquo;Alabama), les Cara\u00efbes, l&rsquo;Afrique de l&rsquo;Ouest (Ghana, S\u00e9n\u00e9gal) et les grandes villes europ\u00e9ennes (Paris, Londres, Lisbonne) figurent parmi les destinations qui montent.<\/div>\n<\/details>\n<details style=\"border-bottom:1px solid #d4cfc4;padding:0;\">\n<summary style=\"cursor:pointer;padding:16px 0;font-size:17px;font-weight:700;color:#1a1a1a;list-style:none;display:flex;justify-content:space-between;align-items:center;gap:14px;\">\n        <span>Qu&rsquo;est-ce que le Black Travel Movement ?<\/span><br \/>\n        <span style=\"font-size:22px;font-weight:300;color:#6a4a2a;line-height:1;\">+<\/span><br \/>\n      <\/summary>\n<div style=\"padding:0 0 16px 0;font-size:15px;line-height:1.7;color:#4a4a4a;\">Un ensemble de collectifs, m\u00e9dias et entrepreneuses (Travel Noire, Nomadness Travel Tribe, Black Travel Alliance, Black Girl Travel) qui ont structur\u00e9 depuis les ann\u00e9es 2010 une offre et un r\u00e9cit voyage propres \u00e0 la communaut\u00e9 afro-descendante.<\/div>\n<\/details>\n<details style=\"border-bottom:1px solid #d4cfc4;padding:0;\">\n<summary style=\"cursor:pointer;padding:16px 0;font-size:17px;font-weight:700;color:#1a1a1a;list-style:none;display:flex;justify-content:space-between;align-items:center;gap:14px;\">\n        <span>Pourquoi la s\u00e9curit\u00e9 ressort-elle aussi fortement ?<\/span><br \/>\n        <span style=\"font-size:22px;font-weight:300;color:#6a4a2a;line-height:1;\">+<\/span><br \/>\n      <\/summary>\n<div style=\"padding:0 0 16px 0;font-size:15px;line-height:1.7;color:#4a4a4a;\">79 % des r\u00e9pondants int\u00e8grent la s\u00e9curit\u00e9 au crit\u00e8re de choix de destination. Cela s&rsquo;explique par l&rsquo;histoire des voyages sous s\u00e9gr\u00e9gation et par des exp\u00e9riences contemporaines de discrimination encore document\u00e9es sur certaines destinations.<\/div>\n<\/details>\n<details style=\"border-bottom:1px solid #d4cfc4;padding:0;\">\n<summary style=\"cursor:pointer;padding:16px 0;font-size:17px;font-weight:700;color:#1a1a1a;list-style:none;display:flex;justify-content:space-between;align-items:center;gap:14px;\">\n        <span>Le segment est-il sensible aux services premium ?<\/span><br \/>\n        <span style=\"font-size:22px;font-weight:300;color:#6a4a2a;line-height:1;\">+<\/span><br \/>\n      <\/summary>\n<div style=\"padding:0 0 16px 0;font-size:15px;line-height:1.7;color:#4a4a4a;\">Oui \u2014 87 % se d\u00e9clarent pr\u00eats \u00e0 payer plus pour un h\u00e9bergement ou un service adapt\u00e9 \u00e0 leurs besoins. Confort, choix de si\u00e8ge, h\u00f4tels bien situ\u00e9s et exp\u00e9riences locales authentiques sont des leviers de panier moyen significatifs.<\/div>\n<\/details>\n<details style=\"padding:0;\">\n<summary style=\"cursor:pointer;padding:16px 0;font-size:17px;font-weight:700;color:#1a1a1a;list-style:none;display:flex;justify-content:space-between;align-items:center;gap:14px;\">\n        <span>Comment les marques europ\u00e9ennes peuvent-elles capter ce flux ?<\/span><br \/>\n        <span style=\"font-size:22px;font-weight:300;color:#6a4a2a;line-height:1;\">+<\/span><br \/>\n      <\/summary>\n<div style=\"padding:0 0 16px 0;font-size:15px;line-height:1.7;color:#4a4a4a;\">En collaborant avec les cr\u00e9ateurs et journalistes sp\u00e9cialis\u00e9s, en formant leurs \u00e9quipes terrain \u00e0 l&rsquo;accueil, en valorisant les h\u00e9ritages culturels locaux (musiques, gastronomies, figures historiques) et en investissant dans une repr\u00e9sentation visuelle cr\u00e9dible et continue, pas saisonni\u00e8re.<\/div>\n<\/details><\/div>\n<\/section>\n","protected":false},"excerpt":{"rendered":"","protected":false},"author":34,"featured_media":19936,"comment_status":"open","ping_status":"open","sticky":false,"template":"","format":"standard","meta":{"_acf_changed":false,"manual_indexmenow":false,"indexmenow_id_project":0,"footnotes":""},"categories":[1],"tags":[4672,5688,3170,5008,4635],"class_list":["post-14655","post","type-post","status-publish","format-standard","has-post-thumbnail","hentry","category-a-la-une","tag-experiences","tag-relations-internationales","tag-securite","tag-tourisme","tag-voyage","generate-columns","tablet-grid-50","mobile-grid-100","grid-parent","grid-25"],"acf":[],"yoast_head":"<!-- This site is optimized with the Yoast SEO Premium plugin v21.3 (Yoast SEO v25.1) - https:\/\/yoast.com\/wordpress\/plugins\/seo\/ -->\n<title>Les voyageurs noirs am\u00e9ricains d\u00e9pensent 145 milliards de<\/title>\n<meta name=\"description\" content=\"Longtemps invisibles dans les brochures des grandes agences, les voyageurs noirs am\u00e9ricains p\u00e8sent d\u00e9sormais 145 milliards de dollars dans l&#039;\u00e9conomie du\" \/>\n<meta name=\"robots\" content=\"index, follow, max-snippet:-1, max-image-preview:large, max-video-preview:-1\" \/>\n<link rel=\"canonical\" href=\"https:\/\/voyage-aventure.com\/blog\/a-la-une\/les-voyageurs-noirs-americains-depensent-145-milliards-de-dollars-en-voyages\/\" \/>\n<meta property=\"og:locale\" content=\"fr_FR\" \/>\n<meta property=\"og:type\" content=\"article\" \/>\n<meta property=\"og:title\" content=\"Les voyageurs noirs am\u00e9ricains d\u00e9pensent 145 milliards de\" \/>\n<meta property=\"og:description\" content=\"Longtemps invisibles dans les brochures des grandes agences, les voyageurs noirs am\u00e9ricains p\u00e8sent d\u00e9sormais 145 milliards de dollars dans l&#039;\u00e9conomie du\" \/>\n<meta property=\"og:url\" content=\"https:\/\/voyage-aventure.com\/blog\/a-la-une\/les-voyageurs-noirs-americains-depensent-145-milliards-de-dollars-en-voyages\/\" \/>\n<meta property=\"og:site_name\" content=\"voyage-aventure\" \/>\n<meta property=\"og:image\" content=\"https:\/\/voyage-aventure.com\/blog\/wp-content\/uploads\/2025\/05\/sdxl-d31a73a33875f77aae22c517ef64d1b1-scaled.png\" \/>\n\t<meta property=\"og:image:width\" content=\"1200\" \/>\n\t<meta property=\"og:image:height\" content=\"500\" \/>\n\t<meta property=\"og:image:type\" content=\"image\/png\" \/>\n<meta name=\"author\" content=\"Camille Rouvray\" \/>\n<meta name=\"twitter:card\" content=\"summary_large_image\" \/>\n<script type=\"application\/ld+json\" class=\"yoast-schema-graph\">{\"@context\":\"https:\/\/schema.org\",\"@graph\":[{\"@type\":\"NewsArticle\",\"@id\":\"https:\/\/voyage-aventure.com\/blog\/a-la-une\/les-voyageurs-noirs-americains-depensent-145-milliards-de-dollars-en-voyages\/#article\",\"isPartOf\":{\"@id\":\"https:\/\/voyage-aventure.com\/blog\/a-la-une\/les-voyageurs-noirs-americains-depensent-145-milliards-de-dollars-en-voyages\/\"},\"author\":{\"name\":\"Camille Rouvray\",\"@id\":\"https:\/\/voyage-aventure.com\/blog\/#\/schema\/person\/3c864cdc320801e3db34b663e7e3f816\"},\"headline\":\"Les voyageurs noirs am\u00e9ricains d\u00e9pensent 145 milliards de dollars en voyages\",\"datePublished\":\"2026-05-17T12:16:07+00:00\",\"mainEntityOfPage\":{\"@id\":\"https:\/\/voyage-aventure.com\/blog\/a-la-une\/les-voyageurs-noirs-americains-depensent-145-milliards-de-dollars-en-voyages\/\"},\"wordCount\":1964,\"commentCount\":22,\"publisher\":{\"@id\":\"https:\/\/voyage-aventure.com\/blog\/#organization\"},\"image\":{\"@id\":\"https:\/\/voyage-aventure.com\/blog\/a-la-une\/les-voyageurs-noirs-americains-depensent-145-milliards-de-dollars-en-voyages\/#primaryimage\"},\"thumbnailUrl\":\"https:\/\/voyage-aventure.com\/blog\/wp-content\/uploads\/2025\/05\/sdxl-d31a73a33875f77aae22c517ef64d1b1-scaled.png\",\"keywords\":[\"Exp\u00e9riences\",\"Relations Internationales\",\"S\u00e9curit\u00e9\",\"Tourisme\",\"Voyage\"],\"articleSection\":[\"\u00c0 la une\"],\"inLanguage\":\"fr-FR\",\"potentialAction\":[{\"@type\":\"CommentAction\",\"name\":\"Comment\",\"target\":[\"https:\/\/voyage-aventure.com\/blog\/a-la-une\/les-voyageurs-noirs-americains-depensent-145-milliards-de-dollars-en-voyages\/#respond\"]}]},{\"@type\":\"WebPage\",\"@id\":\"https:\/\/voyage-aventure.com\/blog\/a-la-une\/les-voyageurs-noirs-americains-depensent-145-milliards-de-dollars-en-voyages\/\",\"url\":\"https:\/\/voyage-aventure.com\/blog\/a-la-une\/les-voyageurs-noirs-americains-depensent-145-milliards-de-dollars-en-voyages\/\",\"name\":\"Les voyageurs noirs am\u00e9ricains d\u00e9pensent 145 milliards de\",\"isPartOf\":{\"@id\":\"https:\/\/voyage-aventure.com\/blog\/#website\"},\"primaryImageOfPage\":{\"@id\":\"https:\/\/voyage-aventure.com\/blog\/a-la-une\/les-voyageurs-noirs-americains-depensent-145-milliards-de-dollars-en-voyages\/#primaryimage\"},\"image\":{\"@id\":\"https:\/\/voyage-aventure.com\/blog\/a-la-une\/les-voyageurs-noirs-americains-depensent-145-milliards-de-dollars-en-voyages\/#primaryimage\"},\"thumbnailUrl\":\"https:\/\/voyage-aventure.com\/blog\/wp-content\/uploads\/2025\/05\/sdxl-d31a73a33875f77aae22c517ef64d1b1-scaled.png\",\"datePublished\":\"2026-05-17T12:16:07+00:00\",\"description\":\"Longtemps invisibles dans les brochures des grandes agences, les voyageurs noirs am\u00e9ricains p\u00e8sent d\u00e9sormais 145 milliards de dollars dans l'\u00e9conomie du\",\"inLanguage\":\"fr-FR\",\"potentialAction\":[{\"@type\":\"ReadAction\",\"target\":[\"https:\/\/voyage-aventure.com\/blog\/a-la-une\/les-voyageurs-noirs-americains-depensent-145-milliards-de-dollars-en-voyages\/\"]}]},{\"@type\":\"ImageObject\",\"inLanguage\":\"fr-FR\",\"@id\":\"https:\/\/voyage-aventure.com\/blog\/a-la-une\/les-voyageurs-noirs-americains-depensent-145-milliards-de-dollars-en-voyages\/#primaryimage\",\"url\":\"https:\/\/voyage-aventure.com\/blog\/wp-content\/uploads\/2025\/05\/sdxl-d31a73a33875f77aae22c517ef64d1b1-scaled.png\",\"contentUrl\":\"https:\/\/voyage-aventure.com\/blog\/wp-content\/uploads\/2025\/05\/sdxl-d31a73a33875f77aae22c517ef64d1b1-scaled.png\",\"width\":1200,\"height\":500},{\"@type\":\"WebSite\",\"@id\":\"https:\/\/voyage-aventure.com\/blog\/#website\",\"url\":\"https:\/\/voyage-aventure.com\/blog\/\",\"name\":\"voyage-aventure.com\",\"description\":\"Votre passeport pour l\u2019inattendu.\",\"publisher\":{\"@id\":\"https:\/\/voyage-aventure.com\/blog\/#organization\"},\"alternateName\":\"Votre passeport pour l\u2019inattendu.\",\"potentialAction\":[{\"@type\":\"SearchAction\",\"target\":{\"@type\":\"EntryPoint\",\"urlTemplate\":\"https:\/\/voyage-aventure.com\/blog\/?s={search_term_string}\"},\"query-input\":{\"@type\":\"PropertyValueSpecification\",\"valueRequired\":true,\"valueName\":\"search_term_string\"}}],\"inLanguage\":\"fr-FR\"},{\"@type\":\"Organization\",\"@id\":\"https:\/\/voyage-aventure.com\/blog\/#organization\",\"name\":\"Foretsensations.fr\",\"url\":\"https:\/\/voyage-aventure.com\/blog\/\",\"logo\":{\"@type\":\"ImageObject\",\"inLanguage\":\"fr-FR\",\"@id\":\"https:\/\/voyage-aventure.com\/blog\/#\/schema\/logo\/image\/\",\"url\":\"https:\/\/voyage-aventure.com\/blog\/wp-content\/uploads\/2024\/12\/19.png\",\"contentUrl\":\"https:\/\/voyage-aventure.com\/blog\/wp-content\/uploads\/2024\/12\/19.png\",\"width\":512,\"height\":512,\"caption\":\"Foretsensations.fr\"},\"image\":{\"@id\":\"https:\/\/voyage-aventure.com\/blog\/#\/schema\/logo\/image\/\"}},{\"@type\":\"Person\",\"@id\":\"https:\/\/voyage-aventure.com\/blog\/#\/schema\/person\/3c864cdc320801e3db34b663e7e3f816\",\"name\":\"Camille Rouvray\",\"image\":{\"@type\":\"ImageObject\",\"inLanguage\":\"fr-FR\",\"@id\":\"https:\/\/voyage-aventure.com\/blog\/#\/schema\/person\/image\/\",\"url\":\"https:\/\/voyage-aventure.com\/blog\/wp-content\/uploads\/2026\/06\/persona_camille-r-96x96.jpg\",\"contentUrl\":\"https:\/\/voyage-aventure.com\/blog\/wp-content\/uploads\/2026\/06\/persona_camille-r-96x96.jpg\",\"caption\":\"Camille Rouvray\"},\"description\":\"Je voyage et j'\u00e9cris sur le voyage depuis une douzaine d'ann\u00e9es, d'abord en tant que routarde au long cours, puis comme r\u00e9dactrice sp\u00e9cialis\u00e9e. Mon terrain de pr\u00e9dilection, ce sont les circuits organis\u00e9s et l'art de bien pr\u00e9parer un itin\u00e9raire : choix de la saison, dur\u00e9e r\u00e9aliste des \u00e9tapes, budget jour par jour, logement et transport sur place. J'aime aussi raconter les p\u00e9pites urbaines, ces adresses qu'on ne trouve pas dans les guides classiques. Avant de publier un dossier destination, je croise toujours plusieurs sources, je v\u00e9rifie les tarifs et les formalit\u00e9s d'entr\u00e9e \u00e0 jour, et je teste moi-m\u00eame quand je le peux. Mon angle reste pratique avant tout : aider le lecteur \u00e0 partir l'esprit tranquille, sans mauvaise surprise une fois sur place. Je m'attache \u00e0 distinguer le coup de c\u0153ur sinc\u00e8re du simple argument marketing.\",\"sameAs\":[\"https:\/\/camillerouvray.fr\/\"],\"url\":\"https:\/\/voyage-aventure.com\/blog\/auteur\/noname\/\"}]}<\/script>\n<!-- \/ Yoast SEO Premium plugin. -->","yoast_head_json":{"title":"Les voyageurs noirs am\u00e9ricains d\u00e9pensent 145 milliards de","description":"Longtemps invisibles dans les brochures des grandes agences, les voyageurs noirs am\u00e9ricains p\u00e8sent d\u00e9sormais 145 milliards de dollars dans l'\u00e9conomie du","robots":{"index":"index","follow":"follow","max-snippet":"max-snippet:-1","max-image-preview":"max-image-preview:large","max-video-preview":"max-video-preview:-1"},"canonical":"https:\/\/voyage-aventure.com\/blog\/a-la-une\/les-voyageurs-noirs-americains-depensent-145-milliards-de-dollars-en-voyages\/","og_locale":"fr_FR","og_type":"article","og_title":"Les voyageurs noirs am\u00e9ricains d\u00e9pensent 145 milliards de","og_description":"Longtemps invisibles dans les brochures des grandes agences, les voyageurs noirs am\u00e9ricains p\u00e8sent d\u00e9sormais 145 milliards de dollars dans l'\u00e9conomie du","og_url":"https:\/\/voyage-aventure.com\/blog\/a-la-une\/les-voyageurs-noirs-americains-depensent-145-milliards-de-dollars-en-voyages\/","og_site_name":"voyage-aventure","og_image":[{"width":1200,"height":500,"url":"https:\/\/voyage-aventure.com\/blog\/wp-content\/uploads\/2025\/05\/sdxl-d31a73a33875f77aae22c517ef64d1b1-scaled.png","type":"image\/png"}],"author":"Camille Rouvray","twitter_card":"summary_large_image","schema":{"@context":"https:\/\/schema.org","@graph":[{"@type":"NewsArticle","@id":"https:\/\/voyage-aventure.com\/blog\/a-la-une\/les-voyageurs-noirs-americains-depensent-145-milliards-de-dollars-en-voyages\/#article","isPartOf":{"@id":"https:\/\/voyage-aventure.com\/blog\/a-la-une\/les-voyageurs-noirs-americains-depensent-145-milliards-de-dollars-en-voyages\/"},"author":{"name":"Camille Rouvray","@id":"https:\/\/voyage-aventure.com\/blog\/#\/schema\/person\/3c864cdc320801e3db34b663e7e3f816"},"headline":"Les voyageurs noirs am\u00e9ricains d\u00e9pensent 145 milliards de dollars en voyages","datePublished":"2026-05-17T12:16:07+00:00","mainEntityOfPage":{"@id":"https:\/\/voyage-aventure.com\/blog\/a-la-une\/les-voyageurs-noirs-americains-depensent-145-milliards-de-dollars-en-voyages\/"},"wordCount":1964,"commentCount":22,"publisher":{"@id":"https:\/\/voyage-aventure.com\/blog\/#organization"},"image":{"@id":"https:\/\/voyage-aventure.com\/blog\/a-la-une\/les-voyageurs-noirs-americains-depensent-145-milliards-de-dollars-en-voyages\/#primaryimage"},"thumbnailUrl":"https:\/\/voyage-aventure.com\/blog\/wp-content\/uploads\/2025\/05\/sdxl-d31a73a33875f77aae22c517ef64d1b1-scaled.png","keywords":["Exp\u00e9riences","Relations Internationales","S\u00e9curit\u00e9","Tourisme","Voyage"],"articleSection":["\u00c0 la une"],"inLanguage":"fr-FR","potentialAction":[{"@type":"CommentAction","name":"Comment","target":["https:\/\/voyage-aventure.com\/blog\/a-la-une\/les-voyageurs-noirs-americains-depensent-145-milliards-de-dollars-en-voyages\/#respond"]}]},{"@type":"WebPage","@id":"https:\/\/voyage-aventure.com\/blog\/a-la-une\/les-voyageurs-noirs-americains-depensent-145-milliards-de-dollars-en-voyages\/","url":"https:\/\/voyage-aventure.com\/blog\/a-la-une\/les-voyageurs-noirs-americains-depensent-145-milliards-de-dollars-en-voyages\/","name":"Les voyageurs noirs am\u00e9ricains d\u00e9pensent 145 milliards de","isPartOf":{"@id":"https:\/\/voyage-aventure.com\/blog\/#website"},"primaryImageOfPage":{"@id":"https:\/\/voyage-aventure.com\/blog\/a-la-une\/les-voyageurs-noirs-americains-depensent-145-milliards-de-dollars-en-voyages\/#primaryimage"},"image":{"@id":"https:\/\/voyage-aventure.com\/blog\/a-la-une\/les-voyageurs-noirs-americains-depensent-145-milliards-de-dollars-en-voyages\/#primaryimage"},"thumbnailUrl":"https:\/\/voyage-aventure.com\/blog\/wp-content\/uploads\/2025\/05\/sdxl-d31a73a33875f77aae22c517ef64d1b1-scaled.png","datePublished":"2026-05-17T12:16:07+00:00","description":"Longtemps invisibles dans les brochures des grandes agences, les voyageurs noirs am\u00e9ricains p\u00e8sent d\u00e9sormais 145 milliards de dollars dans l'\u00e9conomie du","inLanguage":"fr-FR","potentialAction":[{"@type":"ReadAction","target":["https:\/\/voyage-aventure.com\/blog\/a-la-une\/les-voyageurs-noirs-americains-depensent-145-milliards-de-dollars-en-voyages\/"]}]},{"@type":"ImageObject","inLanguage":"fr-FR","@id":"https:\/\/voyage-aventure.com\/blog\/a-la-une\/les-voyageurs-noirs-americains-depensent-145-milliards-de-dollars-en-voyages\/#primaryimage","url":"https:\/\/voyage-aventure.com\/blog\/wp-content\/uploads\/2025\/05\/sdxl-d31a73a33875f77aae22c517ef64d1b1-scaled.png","contentUrl":"https:\/\/voyage-aventure.com\/blog\/wp-content\/uploads\/2025\/05\/sdxl-d31a73a33875f77aae22c517ef64d1b1-scaled.png","width":1200,"height":500},{"@type":"WebSite","@id":"https:\/\/voyage-aventure.com\/blog\/#website","url":"https:\/\/voyage-aventure.com\/blog\/","name":"voyage-aventure.com","description":"Votre passeport pour l\u2019inattendu.","publisher":{"@id":"https:\/\/voyage-aventure.com\/blog\/#organization"},"alternateName":"Votre passeport pour l\u2019inattendu.","potentialAction":[{"@type":"SearchAction","target":{"@type":"EntryPoint","urlTemplate":"https:\/\/voyage-aventure.com\/blog\/?s={search_term_string}"},"query-input":{"@type":"PropertyValueSpecification","valueRequired":true,"valueName":"search_term_string"}}],"inLanguage":"fr-FR"},{"@type":"Organization","@id":"https:\/\/voyage-aventure.com\/blog\/#organization","name":"Foretsensations.fr","url":"https:\/\/voyage-aventure.com\/blog\/","logo":{"@type":"ImageObject","inLanguage":"fr-FR","@id":"https:\/\/voyage-aventure.com\/blog\/#\/schema\/logo\/image\/","url":"https:\/\/voyage-aventure.com\/blog\/wp-content\/uploads\/2024\/12\/19.png","contentUrl":"https:\/\/voyage-aventure.com\/blog\/wp-content\/uploads\/2024\/12\/19.png","width":512,"height":512,"caption":"Foretsensations.fr"},"image":{"@id":"https:\/\/voyage-aventure.com\/blog\/#\/schema\/logo\/image\/"}},{"@type":"Person","@id":"https:\/\/voyage-aventure.com\/blog\/#\/schema\/person\/3c864cdc320801e3db34b663e7e3f816","name":"Camille Rouvray","image":{"@type":"ImageObject","inLanguage":"fr-FR","@id":"https:\/\/voyage-aventure.com\/blog\/#\/schema\/person\/image\/","url":"https:\/\/voyage-aventure.com\/blog\/wp-content\/uploads\/2026\/06\/persona_camille-r-96x96.jpg","contentUrl":"https:\/\/voyage-aventure.com\/blog\/wp-content\/uploads\/2026\/06\/persona_camille-r-96x96.jpg","caption":"Camille Rouvray"},"description":"Je voyage et j'\u00e9cris sur le voyage depuis une douzaine d'ann\u00e9es, d'abord en tant que routarde au long cours, puis comme r\u00e9dactrice sp\u00e9cialis\u00e9e. Mon terrain de pr\u00e9dilection, ce sont les circuits organis\u00e9s et l'art de bien pr\u00e9parer un itin\u00e9raire : choix de la saison, dur\u00e9e r\u00e9aliste des \u00e9tapes, budget jour par jour, logement et transport sur place. J'aime aussi raconter les p\u00e9pites urbaines, ces adresses qu'on ne trouve pas dans les guides classiques. Avant de publier un dossier destination, je croise toujours plusieurs sources, je v\u00e9rifie les tarifs et les formalit\u00e9s d'entr\u00e9e \u00e0 jour, et je teste moi-m\u00eame quand je le peux. Mon angle reste pratique avant tout : aider le lecteur \u00e0 partir l'esprit tranquille, sans mauvaise surprise une fois sur place. Je m'attache \u00e0 distinguer le coup de c\u0153ur sinc\u00e8re du simple argument marketing.","sameAs":["https:\/\/camillerouvray.fr\/"],"url":"https:\/\/voyage-aventure.com\/blog\/auteur\/noname\/"}]}},"_links":{"self":[{"href":"https:\/\/voyage-aventure.com\/blog\/wp-json\/wp\/v2\/posts\/14655","targetHints":{"allow":["GET"]}}],"collection":[{"href":"https:\/\/voyage-aventure.com\/blog\/wp-json\/wp\/v2\/posts"}],"about":[{"href":"https:\/\/voyage-aventure.com\/blog\/wp-json\/wp\/v2\/types\/post"}],"author":[{"embeddable":true,"href":"https:\/\/voyage-aventure.com\/blog\/wp-json\/wp\/v2\/users\/34"}],"replies":[{"embeddable":true,"href":"https:\/\/voyage-aventure.com\/blog\/wp-json\/wp\/v2\/comments?post=14655"}],"version-history":[{"count":2,"href":"https:\/\/voyage-aventure.com\/blog\/wp-json\/wp\/v2\/posts\/14655\/revisions"}],"predecessor-version":[{"id":21153,"href":"https:\/\/voyage-aventure.com\/blog\/wp-json\/wp\/v2\/posts\/14655\/revisions\/21153"}],"wp:featuredmedia":[{"embeddable":true,"href":"https:\/\/voyage-aventure.com\/blog\/wp-json\/wp\/v2\/media\/19936"}],"wp:attachment":[{"href":"https:\/\/voyage-aventure.com\/blog\/wp-json\/wp\/v2\/media?parent=14655"}],"wp:term":[{"taxonomy":"category","embeddable":true,"href":"https:\/\/voyage-aventure.com\/blog\/wp-json\/wp\/v2\/categories?post=14655"},{"taxonomy":"post_tag","embeddable":true,"href":"https:\/\/voyage-aventure.com\/blog\/wp-json\/wp\/v2\/tags?post=14655"}],"curies":[{"name":"wp","href":"https:\/\/api.w.org\/{rel}","templated":true}]}}