{"id":14633,"date":"2025-03-15T02:43:58","date_gmt":"2025-03-15T01:43:58","guid":{"rendered":"https:\/\/voyage-aventure.com\/blog\/?p=14633"},"modified":"2025-03-15T02:43:58","modified_gmt":"2025-03-15T01:43:58","slug":"tenerife-sejour-demi-pension-pour-des-vacances-de-reve-au-soleil","status":"publish","type":"post","link":"https:\/\/voyage-aventure.com\/blog\/a-la-une\/tenerife-sejour-demi-pension-pour-des-vacances-de-reve-au-soleil\/","title":{"rendered":"Tenerife : s\u00e9jour demi-pension pour des vacances de r\u00eave au soleil"},"content":{"rendered":"<h2>D\u00e9couvrez l&rsquo;attrait de Tenerife<\/h2>\n<p>Tenerife, la plus grande des \u00eeles Canaries, est une destination pris\u00e9e pour ses paysages \u00e0 couper le souffle et son climat agr\u00e9able tout au long de l&rsquo;ann\u00e9e. Que vous soyez amateur de plages de sable volcanique ou de montagnes majestueuses, Tenerife a quelque chose \u00e0 offrir \u00e0 chaque visiteur. L&rsquo;\u00eele est \u00e9galement r\u00e9put\u00e9e pour sa culture riche et sa gastronomie vari\u00e9e, ce qui en fait un lieu id\u00e9al pour des vacances m\u00e9morables.<\/p>\n<p>Pour ceux qui cherchent \u00e0 se d\u00e9tendre sans tracas, opter pour un s\u00e9jour en demi-pension est une excellente id\u00e9e. Cela vous permet de savourer des repas d\u00e9licieux sans vous soucier de l&rsquo;organisation. Vous pourrez ainsi profiter pleinement de votre temps sur l&rsquo;\u00eele, que vous passiez vos journ\u00e9es \u00e0 explorer des sites naturels ou \u00e0 vous pr\u00e9lasser au bord de la piscine.<\/p>\n<h2>Les avantages de la demi-pension<\/h2>\n<p>La formule demi-pension inclut g\u00e9n\u00e9ralement le petit-d\u00e9jeuner et le d\u00eener, ce qui vous laisse toute la journ\u00e9e pour d\u00e9couvrir l&rsquo;\u00eele. Vous pouvez choisir de go\u00fbter \u00e0 la cuisine locale dans des restaurants de l&rsquo;h\u00f4tel ou vous aventurer \u00e0 l&rsquo;ext\u00e9rieur pour explorer des \u00e9tablissements authentiques. Cette flexibilit\u00e9 vous permet de profiter d&rsquo;une vari\u00e9t\u00e9 culinaire sans aucune contrainte.<\/p>\n<p>De plus, en choisissant un h\u00f4tel de qualit\u00e9, vous aurez acc\u00e8s \u00e0 des installations modernes et confortables. La plupart des \u00e9tablissements offrent des piscines, des spas et des activit\u00e9s pour toute la famille. Avec un bon rapport qualit\u00e9-prix, la demi-pension devient rapidement une option tr\u00e8s attrayante pour les vacanciers soucieux de leur budget.<\/p>\n<p><iframe loading=\"lazy\" title=\"LA SUPER COPINE DE VOYAGE \u00c0 MAJORQUE : UN S\u00c9JOUR INOUBLIABLE !\" width=\"1200\" height=\"675\" src=\"https:\/\/www.youtube.com\/embed\/ctHtb1YeL7s?feature=oembed\" frameborder=\"0\" allow=\"accelerometer; autoplay; clipboard-write; encrypted-media; gyroscope; picture-in-picture; web-share\" referrerpolicy=\"strict-origin-when-cross-origin\" allowfullscreen><\/iframe><\/p>\n<h2>Activit\u00e9s incontournables sur l&rsquo;\u00eele<\/h2>\n<p>Tenerife regorge d&rsquo;activit\u00e9s pour tous les go\u00fbts. Les amateurs de nature peuvent gravir le c\u00e9l\u00e8bre Mont Teide, le sommet le plus \u00e9lev\u00e9 d&rsquo;Espagne, ou profiter des magnifiques parcs nationaux. Si vous pr\u00e9f\u00e9rez les activit\u00e9s aquatiques, les plages de l&rsquo;\u00eele vous attendent pour des moments de baignade et de d\u00e9tente.<\/p>\n<p>Pour les familles, le parc d&rsquo;attractions Siam Park est un incontournable. Consid\u00e9r\u00e9 comme l&rsquo;un des meilleurs parcs aquatiques au monde, il offre des attractions adapt\u00e9es \u00e0 tous les \u00e2ges. De plus, des excursions en bateau pour observer les baleines et les dauphins sont \u00e9galement tr\u00e8s populaires, vous permettant de vivre des moments inoubliables au c\u0153ur de l&rsquo;oc\u00e9an Atlantique.<\/p>\n<blockquote><p>\n\u00ab\u00a0Les souvenirs de vacances sont les plus pr\u00e9cieux, et Tenerife en offre d&rsquo;innombrables.\u00a0\u00bb \u2013 Un voyageur ravi\n<\/p><\/blockquote>\n<ul>\n<li>Visite du Mont Teide et de son parc national<\/li>\n<li>Exploration des plages de sable noir<\/li>\n<li>D\u00e9gustation de la cuisine canarienne dans des restaurants locaux<\/li>\n<li>Excursions en bateau pour observer la faune marine<\/li>\n<li>Promenades dans les charmantes villes c\u00f4ti\u00e8res<\/li>\n<\/ul>\n<p>Tenerife est une destination qui promet une exp\u00e9rience riche en \u00e9motions et en d\u00e9couvertes. Que vous soyez en couple, en famille ou entre amis, la combinaison de paysages magnifiques, d&rsquo;activit\u00e9s vari\u00e9es et de d\u00e9licieuses options de restauration fait de cette \u00eele un lieu de vacances id\u00e9al. <\/p>\n<p>R\u00e9servez d\u00e8s maintenant votre s\u00e9jour demi-pension et pr\u00e9parez-vous \u00e0 vivre des moments inoubliables au soleil. Ne laissez pas passer cette chance de d\u00e9couvrir cette magnifique \u00eele des Canaries, o\u00f9 chaque journ\u00e9e est une nouvelle aventure.<\/p>\n","protected":false},"excerpt":{"rendered":"","protected":false},"author":34,"featured_media":20622,"comment_status":"open","ping_status":"open","sticky":false,"template":"","format":"standard","meta":{"_acf_changed":false,"manual_indexmenow":false,"indexmenow_id_project":0,"footnotes":""},"categories":[1],"tags":[4538,4639,4530,4535,4528],"class_list":["post-14633","post","type-post","status-publish","format-standard","has-post-thumbnail","hentry","category-a-la-une","tag-activites-variees","tag-aventure","tag-escapade-en-europe","tag-gastronomie-locale","tag-hebergement-abordable","generate-columns","tablet-grid-50","mobile-grid-100","grid-parent","grid-25"],"acf":[],"yoast_head":"<!-- This site is optimized with the Yoast SEO Premium plugin v21.3 (Yoast SEO v25.1) - https:\/\/yoast.com\/wordpress\/plugins\/seo\/ -->\n<title>Tenerife : s\u00e9jour demi-pension pour des vacances de r\u00eave au<\/title>\n<meta name=\"description\" content=\"Tenerife, la plus grande des \u00eeles Canaries, est une destination pris\u00e9e pour ses paysages \u00e0 couper le souffle et son climat agr\u00e9able tout au long de\" \/>\n<meta name=\"robots\" content=\"index, follow, max-snippet:-1, max-image-preview:large, max-video-preview:-1\" \/>\n<link rel=\"canonical\" href=\"https:\/\/voyage-aventure.com\/blog\/a-la-une\/tenerife-sejour-demi-pension-pour-des-vacances-de-reve-au-soleil\/\" \/>\n<meta property=\"og:locale\" content=\"fr_FR\" \/>\n<meta property=\"og:type\" content=\"article\" \/>\n<meta property=\"og:title\" content=\"Tenerife : s\u00e9jour demi-pension pour des vacances de r\u00eave au\" \/>\n<meta property=\"og:description\" content=\"Tenerife, la plus grande des \u00eeles Canaries, est une destination pris\u00e9e pour ses paysages \u00e0 couper le souffle et son climat agr\u00e9able tout au long de\" \/>\n<meta property=\"og:url\" content=\"https:\/\/voyage-aventure.com\/blog\/a-la-une\/tenerife-sejour-demi-pension-pour-des-vacances-de-reve-au-soleil\/\" \/>\n<meta property=\"og:site_name\" content=\"voyage-aventure\" \/>\n<meta property=\"og:image\" content=\"https:\/\/voyage-aventure.com\/blog\/wp-content\/uploads\/2025\/05\/sdxl-b9dce55fb38e50c4687eddfa387ac30f-scaled.png\" \/>\n\t<meta property=\"og:image:width\" content=\"1200\" \/>\n\t<meta property=\"og:image:height\" content=\"500\" \/>\n\t<meta property=\"og:image:type\" content=\"image\/png\" \/>\n<meta name=\"author\" content=\"Camille Rouvray\" \/>\n<meta name=\"twitter:card\" content=\"summary_large_image\" \/>\n<script type=\"application\/ld+json\" class=\"yoast-schema-graph\">{\"@context\":\"https:\/\/schema.org\",\"@graph\":[{\"@type\":\"NewsArticle\",\"@id\":\"https:\/\/voyage-aventure.com\/blog\/a-la-une\/tenerife-sejour-demi-pension-pour-des-vacances-de-reve-au-soleil\/#article\",\"isPartOf\":{\"@id\":\"https:\/\/voyage-aventure.com\/blog\/a-la-une\/tenerife-sejour-demi-pension-pour-des-vacances-de-reve-au-soleil\/\"},\"author\":{\"name\":\"Camille Rouvray\",\"@id\":\"https:\/\/voyage-aventure.com\/blog\/#\/schema\/person\/3c864cdc320801e3db34b663e7e3f816\"},\"headline\":\"Tenerife : s\u00e9jour demi-pension pour des vacances de r\u00eave au soleil\",\"datePublished\":\"2025-03-15T01:43:58+00:00\",\"mainEntityOfPage\":{\"@id\":\"https:\/\/voyage-aventure.com\/blog\/a-la-une\/tenerife-sejour-demi-pension-pour-des-vacances-de-reve-au-soleil\/\"},\"wordCount\":582,\"commentCount\":22,\"publisher\":{\"@id\":\"https:\/\/voyage-aventure.com\/blog\/#organization\"},\"image\":{\"@id\":\"https:\/\/voyage-aventure.com\/blog\/a-la-une\/tenerife-sejour-demi-pension-pour-des-vacances-de-reve-au-soleil\/#primaryimage\"},\"thumbnailUrl\":\"https:\/\/voyage-aventure.com\/blog\/wp-content\/uploads\/2025\/05\/sdxl-b9dce55fb38e50c4687eddfa387ac30f-scaled.png\",\"keywords\":[\"Activit\u00e9s Vari\u00e9es\",\"Aventure\",\"Escapade en Europe\",\"Gastronomie Locale\",\"H\u00e9bergement Abordable\"],\"articleSection\":[\"\u00c0 la une\"],\"inLanguage\":\"fr-FR\",\"potentialAction\":[{\"@type\":\"CommentAction\",\"name\":\"Comment\",\"target\":[\"https:\/\/voyage-aventure.com\/blog\/a-la-une\/tenerife-sejour-demi-pension-pour-des-vacances-de-reve-au-soleil\/#respond\"]}]},{\"@type\":\"WebPage\",\"@id\":\"https:\/\/voyage-aventure.com\/blog\/a-la-une\/tenerife-sejour-demi-pension-pour-des-vacances-de-reve-au-soleil\/\",\"url\":\"https:\/\/voyage-aventure.com\/blog\/a-la-une\/tenerife-sejour-demi-pension-pour-des-vacances-de-reve-au-soleil\/\",\"name\":\"Tenerife : s\u00e9jour demi-pension pour des vacances de r\u00eave au\",\"isPartOf\":{\"@id\":\"https:\/\/voyage-aventure.com\/blog\/#website\"},\"primaryImageOfPage\":{\"@id\":\"https:\/\/voyage-aventure.com\/blog\/a-la-une\/tenerife-sejour-demi-pension-pour-des-vacances-de-reve-au-soleil\/#primaryimage\"},\"image\":{\"@id\":\"https:\/\/voyage-aventure.com\/blog\/a-la-une\/tenerife-sejour-demi-pension-pour-des-vacances-de-reve-au-soleil\/#primaryimage\"},\"thumbnailUrl\":\"https:\/\/voyage-aventure.com\/blog\/wp-content\/uploads\/2025\/05\/sdxl-b9dce55fb38e50c4687eddfa387ac30f-scaled.png\",\"datePublished\":\"2025-03-15T01:43:58+00:00\",\"description\":\"Tenerife, la plus grande des \u00eeles Canaries, est une destination pris\u00e9e pour ses paysages \u00e0 couper le souffle et son climat agr\u00e9able tout au long de\",\"inLanguage\":\"fr-FR\",\"potentialAction\":[{\"@type\":\"ReadAction\",\"target\":[\"https:\/\/voyage-aventure.com\/blog\/a-la-une\/tenerife-sejour-demi-pension-pour-des-vacances-de-reve-au-soleil\/\"]}]},{\"@type\":\"ImageObject\",\"inLanguage\":\"fr-FR\",\"@id\":\"https:\/\/voyage-aventure.com\/blog\/a-la-une\/tenerife-sejour-demi-pension-pour-des-vacances-de-reve-au-soleil\/#primaryimage\",\"url\":\"https:\/\/voyage-aventure.com\/blog\/wp-content\/uploads\/2025\/05\/sdxl-b9dce55fb38e50c4687eddfa387ac30f-scaled.png\",\"contentUrl\":\"https:\/\/voyage-aventure.com\/blog\/wp-content\/uploads\/2025\/05\/sdxl-b9dce55fb38e50c4687eddfa387ac30f-scaled.png\",\"width\":1200,\"height\":500},{\"@type\":\"WebSite\",\"@id\":\"https:\/\/voyage-aventure.com\/blog\/#website\",\"url\":\"https:\/\/voyage-aventure.com\/blog\/\",\"name\":\"voyage-aventure.com\",\"description\":\"Votre passeport pour l\u2019inattendu.\",\"publisher\":{\"@id\":\"https:\/\/voyage-aventure.com\/blog\/#organization\"},\"alternateName\":\"Votre passeport pour l\u2019inattendu.\",\"potentialAction\":[{\"@type\":\"SearchAction\",\"target\":{\"@type\":\"EntryPoint\",\"urlTemplate\":\"https:\/\/voyage-aventure.com\/blog\/?s={search_term_string}\"},\"query-input\":{\"@type\":\"PropertyValueSpecification\",\"valueRequired\":true,\"valueName\":\"search_term_string\"}}],\"inLanguage\":\"fr-FR\"},{\"@type\":\"Organization\",\"@id\":\"https:\/\/voyage-aventure.com\/blog\/#organization\",\"name\":\"Foretsensations.fr\",\"url\":\"https:\/\/voyage-aventure.com\/blog\/\",\"logo\":{\"@type\":\"ImageObject\",\"inLanguage\":\"fr-FR\",\"@id\":\"https:\/\/voyage-aventure.com\/blog\/#\/schema\/logo\/image\/\",\"url\":\"https:\/\/voyage-aventure.com\/blog\/wp-content\/uploads\/2024\/12\/19.png\",\"contentUrl\":\"https:\/\/voyage-aventure.com\/blog\/wp-content\/uploads\/2024\/12\/19.png\",\"width\":512,\"height\":512,\"caption\":\"Foretsensations.fr\"},\"image\":{\"@id\":\"https:\/\/voyage-aventure.com\/blog\/#\/schema\/logo\/image\/\"}},{\"@type\":\"Person\",\"@id\":\"https:\/\/voyage-aventure.com\/blog\/#\/schema\/person\/3c864cdc320801e3db34b663e7e3f816\",\"name\":\"Camille Rouvray\",\"image\":{\"@type\":\"ImageObject\",\"inLanguage\":\"fr-FR\",\"@id\":\"https:\/\/voyage-aventure.com\/blog\/#\/schema\/person\/image\/\",\"url\":\"https:\/\/voyage-aventure.com\/blog\/wp-content\/uploads\/2026\/06\/persona_camille-r-96x96.jpg\",\"contentUrl\":\"https:\/\/voyage-aventure.com\/blog\/wp-content\/uploads\/2026\/06\/persona_camille-r-96x96.jpg\",\"caption\":\"Camille Rouvray\"},\"description\":\"Je voyage et j'\u00e9cris sur le voyage depuis une douzaine d'ann\u00e9es, d'abord en tant que routarde au long cours, puis comme r\u00e9dactrice sp\u00e9cialis\u00e9e. Mon terrain de pr\u00e9dilection, ce sont les circuits organis\u00e9s et l'art de bien pr\u00e9parer un itin\u00e9raire : choix de la saison, dur\u00e9e r\u00e9aliste des \u00e9tapes, budget jour par jour, logement et transport sur place. J'aime aussi raconter les p\u00e9pites urbaines, ces adresses qu'on ne trouve pas dans les guides classiques. Avant de publier un dossier destination, je croise toujours plusieurs sources, je v\u00e9rifie les tarifs et les formalit\u00e9s d'entr\u00e9e \u00e0 jour, et je teste moi-m\u00eame quand je le peux. Mon angle reste pratique avant tout : aider le lecteur \u00e0 partir l'esprit tranquille, sans mauvaise surprise une fois sur place. Je m'attache \u00e0 distinguer le coup de c\u0153ur sinc\u00e8re du simple argument marketing.\",\"sameAs\":[\"https:\/\/camillerouvray.fr\/\"],\"url\":\"https:\/\/voyage-aventure.com\/blog\/auteur\/noname\/\"}]}<\/script>\n<!-- \/ Yoast SEO Premium plugin. -->","yoast_head_json":{"title":"Tenerife : s\u00e9jour demi-pension pour des vacances de r\u00eave au","description":"Tenerife, la plus grande des \u00eeles Canaries, est une destination pris\u00e9e pour ses paysages \u00e0 couper le souffle et son climat agr\u00e9able tout au long de","robots":{"index":"index","follow":"follow","max-snippet":"max-snippet:-1","max-image-preview":"max-image-preview:large","max-video-preview":"max-video-preview:-1"},"canonical":"https:\/\/voyage-aventure.com\/blog\/a-la-une\/tenerife-sejour-demi-pension-pour-des-vacances-de-reve-au-soleil\/","og_locale":"fr_FR","og_type":"article","og_title":"Tenerife : s\u00e9jour demi-pension pour des vacances de r\u00eave au","og_description":"Tenerife, la plus grande des \u00eeles Canaries, est une destination pris\u00e9e pour ses paysages \u00e0 couper le souffle et son climat agr\u00e9able tout au long de","og_url":"https:\/\/voyage-aventure.com\/blog\/a-la-une\/tenerife-sejour-demi-pension-pour-des-vacances-de-reve-au-soleil\/","og_site_name":"voyage-aventure","og_image":[{"width":1200,"height":500,"url":"https:\/\/voyage-aventure.com\/blog\/wp-content\/uploads\/2025\/05\/sdxl-b9dce55fb38e50c4687eddfa387ac30f-scaled.png","type":"image\/png"}],"author":"Camille Rouvray","twitter_card":"summary_large_image","schema":{"@context":"https:\/\/schema.org","@graph":[{"@type":"NewsArticle","@id":"https:\/\/voyage-aventure.com\/blog\/a-la-une\/tenerife-sejour-demi-pension-pour-des-vacances-de-reve-au-soleil\/#article","isPartOf":{"@id":"https:\/\/voyage-aventure.com\/blog\/a-la-une\/tenerife-sejour-demi-pension-pour-des-vacances-de-reve-au-soleil\/"},"author":{"name":"Camille Rouvray","@id":"https:\/\/voyage-aventure.com\/blog\/#\/schema\/person\/3c864cdc320801e3db34b663e7e3f816"},"headline":"Tenerife : s\u00e9jour demi-pension pour des vacances de r\u00eave au soleil","datePublished":"2025-03-15T01:43:58+00:00","mainEntityOfPage":{"@id":"https:\/\/voyage-aventure.com\/blog\/a-la-une\/tenerife-sejour-demi-pension-pour-des-vacances-de-reve-au-soleil\/"},"wordCount":582,"commentCount":22,"publisher":{"@id":"https:\/\/voyage-aventure.com\/blog\/#organization"},"image":{"@id":"https:\/\/voyage-aventure.com\/blog\/a-la-une\/tenerife-sejour-demi-pension-pour-des-vacances-de-reve-au-soleil\/#primaryimage"},"thumbnailUrl":"https:\/\/voyage-aventure.com\/blog\/wp-content\/uploads\/2025\/05\/sdxl-b9dce55fb38e50c4687eddfa387ac30f-scaled.png","keywords":["Activit\u00e9s Vari\u00e9es","Aventure","Escapade en Europe","Gastronomie Locale","H\u00e9bergement Abordable"],"articleSection":["\u00c0 la une"],"inLanguage":"fr-FR","potentialAction":[{"@type":"CommentAction","name":"Comment","target":["https:\/\/voyage-aventure.com\/blog\/a-la-une\/tenerife-sejour-demi-pension-pour-des-vacances-de-reve-au-soleil\/#respond"]}]},{"@type":"WebPage","@id":"https:\/\/voyage-aventure.com\/blog\/a-la-une\/tenerife-sejour-demi-pension-pour-des-vacances-de-reve-au-soleil\/","url":"https:\/\/voyage-aventure.com\/blog\/a-la-une\/tenerife-sejour-demi-pension-pour-des-vacances-de-reve-au-soleil\/","name":"Tenerife : s\u00e9jour demi-pension pour des vacances de r\u00eave au","isPartOf":{"@id":"https:\/\/voyage-aventure.com\/blog\/#website"},"primaryImageOfPage":{"@id":"https:\/\/voyage-aventure.com\/blog\/a-la-une\/tenerife-sejour-demi-pension-pour-des-vacances-de-reve-au-soleil\/#primaryimage"},"image":{"@id":"https:\/\/voyage-aventure.com\/blog\/a-la-une\/tenerife-sejour-demi-pension-pour-des-vacances-de-reve-au-soleil\/#primaryimage"},"thumbnailUrl":"https:\/\/voyage-aventure.com\/blog\/wp-content\/uploads\/2025\/05\/sdxl-b9dce55fb38e50c4687eddfa387ac30f-scaled.png","datePublished":"2025-03-15T01:43:58+00:00","description":"Tenerife, la plus grande des \u00eeles Canaries, est une destination pris\u00e9e pour ses paysages \u00e0 couper le souffle et son climat agr\u00e9able tout au long de","inLanguage":"fr-FR","potentialAction":[{"@type":"ReadAction","target":["https:\/\/voyage-aventure.com\/blog\/a-la-une\/tenerife-sejour-demi-pension-pour-des-vacances-de-reve-au-soleil\/"]}]},{"@type":"ImageObject","inLanguage":"fr-FR","@id":"https:\/\/voyage-aventure.com\/blog\/a-la-une\/tenerife-sejour-demi-pension-pour-des-vacances-de-reve-au-soleil\/#primaryimage","url":"https:\/\/voyage-aventure.com\/blog\/wp-content\/uploads\/2025\/05\/sdxl-b9dce55fb38e50c4687eddfa387ac30f-scaled.png","contentUrl":"https:\/\/voyage-aventure.com\/blog\/wp-content\/uploads\/2025\/05\/sdxl-b9dce55fb38e50c4687eddfa387ac30f-scaled.png","width":1200,"height":500},{"@type":"WebSite","@id":"https:\/\/voyage-aventure.com\/blog\/#website","url":"https:\/\/voyage-aventure.com\/blog\/","name":"voyage-aventure.com","description":"Votre passeport pour l\u2019inattendu.","publisher":{"@id":"https:\/\/voyage-aventure.com\/blog\/#organization"},"alternateName":"Votre passeport pour l\u2019inattendu.","potentialAction":[{"@type":"SearchAction","target":{"@type":"EntryPoint","urlTemplate":"https:\/\/voyage-aventure.com\/blog\/?s={search_term_string}"},"query-input":{"@type":"PropertyValueSpecification","valueRequired":true,"valueName":"search_term_string"}}],"inLanguage":"fr-FR"},{"@type":"Organization","@id":"https:\/\/voyage-aventure.com\/blog\/#organization","name":"Foretsensations.fr","url":"https:\/\/voyage-aventure.com\/blog\/","logo":{"@type":"ImageObject","inLanguage":"fr-FR","@id":"https:\/\/voyage-aventure.com\/blog\/#\/schema\/logo\/image\/","url":"https:\/\/voyage-aventure.com\/blog\/wp-content\/uploads\/2024\/12\/19.png","contentUrl":"https:\/\/voyage-aventure.com\/blog\/wp-content\/uploads\/2024\/12\/19.png","width":512,"height":512,"caption":"Foretsensations.fr"},"image":{"@id":"https:\/\/voyage-aventure.com\/blog\/#\/schema\/logo\/image\/"}},{"@type":"Person","@id":"https:\/\/voyage-aventure.com\/blog\/#\/schema\/person\/3c864cdc320801e3db34b663e7e3f816","name":"Camille Rouvray","image":{"@type":"ImageObject","inLanguage":"fr-FR","@id":"https:\/\/voyage-aventure.com\/blog\/#\/schema\/person\/image\/","url":"https:\/\/voyage-aventure.com\/blog\/wp-content\/uploads\/2026\/06\/persona_camille-r-96x96.jpg","contentUrl":"https:\/\/voyage-aventure.com\/blog\/wp-content\/uploads\/2026\/06\/persona_camille-r-96x96.jpg","caption":"Camille Rouvray"},"description":"Je voyage et j'\u00e9cris sur le voyage depuis une douzaine d'ann\u00e9es, d'abord en tant que routarde au long cours, puis comme r\u00e9dactrice sp\u00e9cialis\u00e9e. Mon terrain de pr\u00e9dilection, ce sont les circuits organis\u00e9s et l'art de bien pr\u00e9parer un itin\u00e9raire : choix de la saison, dur\u00e9e r\u00e9aliste des \u00e9tapes, budget jour par jour, logement et transport sur place. J'aime aussi raconter les p\u00e9pites urbaines, ces adresses qu'on ne trouve pas dans les guides classiques. Avant de publier un dossier destination, je croise toujours plusieurs sources, je v\u00e9rifie les tarifs et les formalit\u00e9s d'entr\u00e9e \u00e0 jour, et je teste moi-m\u00eame quand je le peux. Mon angle reste pratique avant tout : aider le lecteur \u00e0 partir l'esprit tranquille, sans mauvaise surprise une fois sur place. Je m'attache \u00e0 distinguer le coup de c\u0153ur sinc\u00e8re du simple argument marketing.","sameAs":["https:\/\/camillerouvray.fr\/"],"url":"https:\/\/voyage-aventure.com\/blog\/auteur\/noname\/"}]}},"_links":{"self":[{"href":"https:\/\/voyage-aventure.com\/blog\/wp-json\/wp\/v2\/posts\/14633","targetHints":{"allow":["GET"]}}],"collection":[{"href":"https:\/\/voyage-aventure.com\/blog\/wp-json\/wp\/v2\/posts"}],"about":[{"href":"https:\/\/voyage-aventure.com\/blog\/wp-json\/wp\/v2\/types\/post"}],"author":[{"embeddable":true,"href":"https:\/\/voyage-aventure.com\/blog\/wp-json\/wp\/v2\/users\/34"}],"replies":[{"embeddable":true,"href":"https:\/\/voyage-aventure.com\/blog\/wp-json\/wp\/v2\/comments?post=14633"}],"version-history":[{"count":1,"href":"https:\/\/voyage-aventure.com\/blog\/wp-json\/wp\/v2\/posts\/14633\/revisions"}],"predecessor-version":[{"id":14883,"href":"https:\/\/voyage-aventure.com\/blog\/wp-json\/wp\/v2\/posts\/14633\/revisions\/14883"}],"wp:featuredmedia":[{"embeddable":true,"href":"https:\/\/voyage-aventure.com\/blog\/wp-json\/wp\/v2\/media\/20622"}],"wp:attachment":[{"href":"https:\/\/voyage-aventure.com\/blog\/wp-json\/wp\/v2\/media?parent=14633"}],"wp:term":[{"taxonomy":"category","embeddable":true,"href":"https:\/\/voyage-aventure.com\/blog\/wp-json\/wp\/v2\/categories?post=14633"},{"taxonomy":"post_tag","embeddable":true,"href":"https:\/\/voyage-aventure.com\/blog\/wp-json\/wp\/v2\/tags?post=14633"}],"curies":[{"name":"wp","href":"https:\/\/api.w.org\/{rel}","templated":true}]}}