{"id":14632,"date":"2026-06-12T19:59:57","date_gmt":"2026-06-12T17:59:57","guid":{"rendered":"https:\/\/voyage-aventure.com\/blog\/?p=14632"},"modified":"2026-06-12T19:59:57","modified_gmt":"2026-06-12T17:59:57","slug":"le-mecontentement-des-canadiens-face-aux-voyages-aux-etats-unis-sous-trump","status":"publish","type":"post","link":"https:\/\/voyage-aventure.com\/blog\/a-la-une\/le-mecontentement-des-canadiens-face-aux-voyages-aux-etats-unis-sous-trump\/","title":{"rendered":"Le m\u00e9contentement des Canadiens face aux voyages aux \u00c9tats-Unis sous Trump"},"content":{"rendered":"<style>\n.va-actu-wrap{--ink:#16202b;--accent:#1d4e89;--accent-soft:#eaf1f8;--line:#dde4ec;--mut:#5a6878;font-family:\"Inter\",-apple-system,BlinkMacSystemFont,sans-serif;color:var(--ink);line-height:1.65;font-size:17px;max-width:760px;margin:0 auto;}\n.va-actu-wrap h2{font-family:\"Newsreader\",Georgia,serif;font-weight:700;font-size:clamp(24px,3.2vw,33px);letter-spacing:-.01em;line-height:1.2;margin:48px 0 16px;}\n.va-actu-wrap p{margin:0 0 18px;}\n.va-actu-dateline{font-family:\"JetBrains Mono\",monospace;font-size:12.5px;letter-spacing:.06em;text-transform:uppercase;color:var(--accent);font-weight:500;margin:0 0 14px;}\n.va-actu-lead{font-family:\"Newsreader\",Georgia,serif;font-size:21px;line-height:1.5;font-weight:500;color:#27343f;margin:0 0 28px;}\n.va-actu-essentiel{background:var(--accent-soft);border-left:5px solid var(--accent);border-radius:0 10px 10px 0;padding:22px 26px;margin:0 0 40px;box-shadow:0 12px 28px -18px rgba(16,24,40,.25);}\n.va-actu-essentiel .va-actu-kicker{font-family:\"JetBrains Mono\",monospace;font-size:12px;letter-spacing:.08em;text-transform:uppercase;color:var(--accent);font-weight:600;display:block;margin-bottom:12px;}\n.va-actu-essentiel ul{margin:0;padding:0;list-style:none;}\n.va-actu-essentiel li{position:relative;padding-left:22px;margin-bottom:10px;line-height:1.5;}\n.va-actu-essentiel li:last-child{margin-bottom:0;}\n.va-actu-essentiel li::before{content:\"\u203a\";position:absolute;left:0;top:-1px;color:var(--accent);font-weight:700;font-size:18px;}\n.va-actu-essentiel li b{color:var(--ink);}\n.va-actu-quote{font-family:\"Newsreader\",Georgia,serif;font-size:22px;font-style:italic;line-height:1.45;color:#27343f;border-left:4px solid var(--accent);padding:6px 0 6px 26px;margin:34px 0;position:relative;}\n.va-actu-quote .va-actu-cite{display:block;font-family:\"Inter\",sans-serif;font-style:normal;font-size:14px;color:var(--mut);margin-top:12px;font-weight:500;}\n.va-actu-list{list-style:none;padding:0;margin:0 0 8px;}\n.va-actu-list li{position:relative;padding-left:26px;margin-bottom:12px;line-height:1.55;}\n.va-actu-list li::before{content:\"\u2014\";position:absolute;left:0;color:var(--accent);font-weight:700;}\n.va-actu-retenir{border:1px solid var(--line);border-top:3px solid var(--accent);border-radius:10px;padding:24px 26px;margin:44px 0;background:#fcfdfe;box-shadow:0 1px 2px rgba(16,24,40,.05),0 12px 28px -18px rgba(16,24,40,.16);}\n.va-actu-retenir .va-actu-kicker{font-family:\"JetBrains Mono\",monospace;font-size:12px;letter-spacing:.08em;text-transform:uppercase;color:var(--accent);font-weight:600;display:block;margin-bottom:14px;}\n.va-actu-retenir ul{list-style:none;padding:0;margin:0;}\n.va-actu-retenir li{position:relative;padding-left:24px;margin-bottom:11px;line-height:1.5;}\n.va-actu-retenir li:last-child{margin-bottom:0;}\n.va-actu-retenir li::before{content:\"\u2713\";position:absolute;left:0;color:var(--accent);font-weight:700;}\n.va-actu-faq{margin:40px 0 28px;}\n.va-actu-faq details{border:1px solid var(--line);border-radius:10px;padding:0;margin-bottom:12px;overflow:hidden;transition:.25s ease;background:#fff;}\n.va-actu-faq details:hover{border-color:var(--accent);transform:translateY(-2px);box-shadow:0 10px 24px -16px rgba(16,24,40,.22);}\n.va-actu-faq summary{cursor:pointer;padding:18px 22px;font-family:\"Newsreader\",Georgia,serif;font-weight:600;font-size:18px;list-style:none;position:relative;padding-right:44px;}\n.va-actu-faq summary::-webkit-details-marker{display:none;}\n.va-actu-faq summary::after{content:\"+\";position:absolute;right:20px;top:50%;transform:translateY(-50%);color:var(--accent);font-size:24px;font-weight:600;line-height:1;}\n.va-actu-faq details[open] summary::after{content:\"\u2013\";}\n.va-actu-faq .va-actu-ans{padding:0 22px 20px;color:#3a4754;line-height:1.6;}\n.va-actu-note{font-size:14px;color:var(--mut);background:#f6f8fa;border-radius:8px;padding:14px 18px;margin:36px 0 8px;line-height:1.55;border:1px solid var(--line);}\n@media(max-width:640px){.va-actu-wrap{font-size:16.5px;}}\n<\/style>\n<link rel=\"stylesheet\" href=\"https:\/\/fonts.googleapis.com\/css2?family=Newsreader:ital,opsz,wght@0,6..72,500;0,6..72,600;0,6..72,700;1,6..72,500&#038;family=Inter:wght@400;500;600&#038;family=JetBrains+Mono:wght@500;600&#038;display=swap\">\n<div class=\"va-actu-wrap\">\n<div class=\"va-actu-dateline\">Tourisme \u00b7 Relations Canada\u2013\u00c9tats-Unis \u00b7 Mars 2025<\/div>\n<p class=\"va-actu-lead\">Sous la pression des tensions politiques avec l&rsquo;administration Trump, de nombreux Canadiens renoncent \u00e0 voyager aux \u00c9tats-Unis. R\u00e9servations en baisse, annulations, boycott de produits : le tourisme transfrontalier accuse le coup.<\/p>\n<div class=\"va-actu-essentiel\">\n<span class=\"va-actu-kicker\">L&rsquo;essentiel<\/span><\/p>\n<ul>\n<li><b>Quoi :<\/b> les r\u00e9servations canadiennes vers les \u00c9tats-Unis ont chut\u00e9 de <b>20 %<\/b> depuis le d\u00e9but de l&rsquo;ann\u00e9e.<\/li>\n<li><b>Qui \/ quand :<\/b> les voyageurs canadiens, en r\u00e9action au discours de Donald Trump (tarifs douaniers, propos sur une annexion) depuis son \u00e9lection.<\/li>\n<li><b>Pourquoi \u00e7a compte :<\/b> une baisse de 10 % des visiteurs canadiens repr\u00e9senterait jusqu&rsquo;\u00e0 <b>2,1 milliards de dollars<\/b> de d\u00e9penses perdues pour l&rsquo;\u00e9conomie am\u00e9ricaine.<\/li>\n<\/ul>\n<\/div>\n<h2>Une tension croissante aux fronti\u00e8res<\/h2>\n<p>Les relations entre le Canada et les \u00c9tats-Unis connaissent une tension accrue, particuli\u00e8rement depuis l&rsquo;\u00e9lection de Donald Trump. Le discours souvent critique du pr\u00e9sident \u00e0 l&rsquo;\u00e9gard du Canada, notamment \u00e0 travers des commentaires sur les tarifs douaniers et des suggestions d&rsquo;annexion, aggrave la situation. Corey Fram, directeur du 1000 Islands International Tourism Council, souligne que les entreprises touristiques ressentent directement ces effets sur leur activit\u00e9.<\/p>\n<p>Les Canadiens, traditionnellement friands de voyages aux \u00c9tats-Unis, expriment d\u00e9sormais leur m\u00e9contentement par des choix de consommation. Les r\u00e9servations pour des voyages vers les \u00c9tats-Unis ont chut\u00e9 de 20 % depuis le d\u00e9but de l&rsquo;ann\u00e9e, un signal clair de la d\u00e9saffection croissante des Canadiens envers leur voisin du sud. Les changements dans les comportements d&rsquo;achat se manifestent m\u00eame dans les magasins, o\u00f9 certains retirent les produits am\u00e9ricains de leurs rayons.<\/p>\n<h2>Une r\u00e9action imm\u00e9diate des voyageurs canadiens<\/h2>\n<p>Les Canadiens ne se contentent pas de critiquer, ils agissent. Allyson, une m\u00e8re de famille de Vancouver, a r\u00e9cemment annul\u00e9 ses vacances \u00e0 Washington, D.C., en raison des incertitudes li\u00e9es aux tarifs et \u00e0 la fluctuante valeur du dollar am\u00e9ricain. \u00ab\u00a0Nous avons perdu tout int\u00e9r\u00eat \u00e0 aller aux \u00c9tats-Unis\u00a0\u00bb, d\u00e9clare-t-elle, illustrant ainsi une tendance partag\u00e9e par de nombreux Canadiens.<\/p>\n<p>Cette r\u00e9action des voyageurs inqui\u00e8te l&rsquo;industrie du tourisme am\u00e9ricain, qui peine encore \u00e0 se remettre des effets de la pand\u00e9mie. Geoff Freeman, PDG de l&rsquo;U.S. Travel Association, indique que le voyage entrant vers les \u00c9tats-Unis ne repr\u00e9sente encore que 90 % des niveaux d&rsquo;avant la pand\u00e9mie. Les Canadiens, qui repr\u00e9sentent le plus grand contingent de visiteurs \u00e9trangers, d\u00e9pensent \u00e9galement trois fois plus en vacances que les Am\u00e9ricains.<\/p>\n<p><iframe loading=\"lazy\" title=\"Fran\u00e7ois Legault a-t-il eu raison d&#039;\u00eatre prudent par rapport aux menaces de tarifs de Trump?\" width=\"1200\" height=\"675\" src=\"https:\/\/www.youtube.com\/embed\/p5mEcKTFpfg?feature=oembed\" frameborder=\"0\" allow=\"accelerometer; autoplay; clipboard-write; encrypted-media; gyroscope; picture-in-picture; web-share\" referrerpolicy=\"strict-origin-when-cross-origin\" allowfullscreen><\/iframe><\/p>\n<h2>Un impact \u00e9conomique significatif<\/h2>\n<p>L&rsquo;impact \u00e9conomique de ce d\u00e9sengagement canadien pourrait \u00eatre colossal. Selon les estimations, une baisse de 10 % des voyageurs canadiens pourrait co\u00fbter aux \u00c9tats-Unis environ 2,1 milliards de dollars en d\u00e9penses perdues. Les villes frontali\u00e8res comme Bellingham, Washington, et Niagara Falls, New York, constatent d\u00e9j\u00e0 une baisse significative des r\u00e9servations d&rsquo;h\u00f4tels, ce qui renforce ce constat alarmant.<\/p>\n<p>Les tensions ne se limitent pas qu&rsquo;aux Canadiens. Des pays comme le Danemark et l&rsquo;Allemagne montrent \u00e9galement un recul dans leurs r\u00e9servations vers les \u00c9tats-Unis, mais la proximit\u00e9 g\u00e9ographique du Canada rend cette situation particuli\u00e8rement pr\u00e9occupante. Les entreprises am\u00e9ricaines doivent s&rsquo;adapter rapidement pour reconqu\u00e9rir ces voyageurs, dont la fid\u00e9lit\u00e9 semble s&rsquo;\u00e9roder rapidement.<\/p>\n<ul class=\"va-actu-list\">\n<li>Les Canadiens r\u00e9agissent \u00e0 la rh\u00e9torique anti-canadienne de Trump.<\/li>\n<li>Une baisse de 20 % des r\u00e9servations canadiennes vers les \u00c9tats-Unis depuis f\u00e9vrier.<\/li>\n<li>Les entreprises touristiques am\u00e9ricaines ressentent le choc financier.<\/li>\n<li>Le retrait de certains produits am\u00e9ricains des magasins canadiens.<\/li>\n<li>Des cons\u00e9quences \u00e9conomiques \u00e9valu\u00e9es \u00e0 2,1 milliards de dollars pour les \u00c9tats-Unis.<\/li>\n<\/ul>\n<div class=\"va-actu-quote\">\n\u00ab\u00a0I would love to go back to the U.S., but right now, as things are, I as a Canadian don&rsquo;t really feel safe or welcomed.\u00a0\u00bb<br \/>\n<span class=\"va-actu-cite\">\u2014 Zina Oukil, artiste de Calgary<\/span>\n<\/div>\n<p>Cette situation met en lumi\u00e8re une dynamique complexe entre diplomatie et tourisme. Les Canadiens, qui ont longtemps travers\u00e9 la fronti\u00e8re pour leurs vacances, doivent d\u00e9sormais peser le pour et le contre de leurs choix. Les actions du gouvernement am\u00e9ricain, que ce soit en mati\u00e8re de tarifs ou de discours, influencent directement les d\u00e9cisions des voyageurs canadiens. L&rsquo;avenir des relations touristiques entre les deux pays d\u00e9pendra en grande partie de l&rsquo;\u00e9volution du climat politique et des efforts d\u00e9ploy\u00e9s par l&rsquo;industrie du tourisme pour restaurer la confiance.<\/p>\n<div class=\"va-actu-retenir\">\n<span class=\"va-actu-kicker\">\u00c0 retenir<\/span><\/p>\n<ul>\n<li>Les r\u00e9servations canadiennes vers les \u00c9tats-Unis ont recul\u00e9 de 20 % depuis le d\u00e9but de l&rsquo;ann\u00e9e.<\/li>\n<li>Le contexte : tensions politiques avec l&rsquo;administration Trump (tarifs douaniers, propos sur une annexion).<\/li>\n<li>Les voyageurs passent \u00e0 l&rsquo;acte : annulations de s\u00e9jours et boycott de produits am\u00e9ricains.<\/li>\n<li>Une baisse de 10 % des visiteurs canadiens pourrait co\u00fbter jusqu&rsquo;\u00e0 2,1 milliards de dollars aux \u00c9tats-Unis.<\/li>\n<li>D&rsquo;autres march\u00e9s (Danemark, Allemagne) montrent aussi un recul, mais la proximit\u00e9 du Canada p\u00e8se davantage.<\/li>\n<\/ul>\n<\/div>\n<div class=\"va-actu-faq\">\n<details>\n<summary>Pourquoi les Canadiens annulent-ils leurs voyages aux \u00c9tats-Unis ?<\/summary>\n<div class=\"va-actu-ans\">En r\u00e9action aux tensions politiques avec l&rsquo;administration Trump \u2014 notamment les commentaires sur les tarifs douaniers et les suggestions d&rsquo;annexion \u2014 auxquelles s&rsquo;ajoutent les incertitudes li\u00e9es \u00e0 la valeur fluctuante du dollar am\u00e9ricain. Plusieurs voyageurs disent ne plus se sentir les bienvenus.<\/div>\n<\/details>\n<details>\n<summary>De combien ont baiss\u00e9 les r\u00e9servations canadiennes ?<\/summary>\n<div class=\"va-actu-ans\">Les r\u00e9servations pour des voyages vers les \u00c9tats-Unis ont chut\u00e9 de 20 % depuis le d\u00e9but de l&rsquo;ann\u00e9e, selon les \u00e9l\u00e9ments rapport\u00e9s dans l&rsquo;article.<\/div>\n<\/details>\n<details>\n<summary>Quel est l&rsquo;impact \u00e9conomique pour les \u00c9tats-Unis ?<\/summary>\n<div class=\"va-actu-ans\">Selon les estimations cit\u00e9es, une baisse de 10 % des voyageurs canadiens pourrait co\u00fbter environ 2,1 milliards de dollars en d\u00e9penses perdues. Des villes frontali\u00e8res comme Bellingham (Washington) et Niagara Falls (New York) constatent d\u00e9j\u00e0 une baisse des r\u00e9servations d&rsquo;h\u00f4tels.<\/div>\n<\/details>\n<details>\n<summary>Le Canada est-il le seul pays concern\u00e9 ?<\/summary>\n<div class=\"va-actu-ans\">Non. Le Danemark et l&rsquo;Allemagne montrent \u00e9galement un recul de leurs r\u00e9servations vers les \u00c9tats-Unis. La proximit\u00e9 g\u00e9ographique du Canada rend toutefois la situation particuli\u00e8rement pr\u00e9occupante, car les Canadiens forment le plus grand contingent de visiteurs \u00e9trangers.<\/div>\n<\/details>\n<\/div>\n<div class=\"va-actu-note\">Cet article est informatif et refl\u00e8te une situation dat\u00e9e (mars 2025) ; il rend compte de tendances et d&rsquo;estimations rapport\u00e9es \u00e0 ce moment, susceptibles d&rsquo;\u00e9voluer avec le climat politique.<\/div>\n<\/div>\n","protected":false},"excerpt":{"rendered":"","protected":false},"author":34,"featured_media":20476,"comment_status":"open","ping_status":"open","sticky":false,"template":"","format":"standard","meta":{"_acf_changed":false,"manual_indexmenow":false,"indexmenow_id_project":0,"footnotes":""},"categories":[1],"tags":[4636,4452,5688,5008,4526],"class_list":["post-14632","post","type-post","status-publish","format-standard","has-post-thumbnail","hentry","category-a-la-une","tag-destinations","tag-economies","tag-relations-internationales","tag-tourisme","tag-voyage-economique","generate-columns","tablet-grid-50","mobile-grid-100","grid-parent","grid-25"],"acf":[],"yoast_head":"<!-- This site is optimized with the Yoast SEO Premium plugin v21.3 (Yoast SEO v25.1) - https:\/\/yoast.com\/wordpress\/plugins\/seo\/ -->\n<title>Le m\u00e9contentement des Canadiens face aux voyages aux<\/title>\n<meta name=\"description\" content=\"Tourisme \u00b7 Relations Canada\u2013\u00c9tats-Unis \u00b7 Mars 2025 Sous la pression des tensions politiques avec l&#039;administration Trump, de nombreux Canadiens renoncent \u00e0\" \/>\n<meta name=\"robots\" content=\"index, follow, max-snippet:-1, max-image-preview:large, max-video-preview:-1\" \/>\n<link rel=\"canonical\" href=\"https:\/\/voyage-aventure.com\/blog\/a-la-une\/le-mecontentement-des-canadiens-face-aux-voyages-aux-etats-unis-sous-trump\/\" \/>\n<meta property=\"og:locale\" content=\"fr_FR\" \/>\n<meta property=\"og:type\" content=\"article\" \/>\n<meta property=\"og:title\" content=\"Le m\u00e9contentement des Canadiens face aux voyages aux\" \/>\n<meta property=\"og:description\" content=\"Tourisme \u00b7 Relations Canada\u2013\u00c9tats-Unis \u00b7 Mars 2025 Sous la pression des tensions politiques avec l&#039;administration Trump, de nombreux Canadiens renoncent \u00e0\" \/>\n<meta property=\"og:url\" content=\"https:\/\/voyage-aventure.com\/blog\/a-la-une\/le-mecontentement-des-canadiens-face-aux-voyages-aux-etats-unis-sous-trump\/\" \/>\n<meta property=\"og:site_name\" content=\"voyage-aventure\" \/>\n<meta property=\"og:image\" content=\"https:\/\/voyage-aventure.com\/blog\/wp-content\/uploads\/2025\/05\/sdxl-a482a8625a0e3543092ede41fd34f3a4-scaled.png\" \/>\n\t<meta property=\"og:image:width\" content=\"1200\" \/>\n\t<meta property=\"og:image:height\" content=\"500\" \/>\n\t<meta property=\"og:image:type\" content=\"image\/png\" \/>\n<meta name=\"author\" content=\"Camille Rouvray\" \/>\n<meta name=\"twitter:card\" content=\"summary_large_image\" \/>\n<script type=\"application\/ld+json\" class=\"yoast-schema-graph\">{\"@context\":\"https:\/\/schema.org\",\"@graph\":[{\"@type\":\"NewsArticle\",\"@id\":\"https:\/\/voyage-aventure.com\/blog\/a-la-une\/le-mecontentement-des-canadiens-face-aux-voyages-aux-etats-unis-sous-trump\/#article\",\"isPartOf\":{\"@id\":\"https:\/\/voyage-aventure.com\/blog\/a-la-une\/le-mecontentement-des-canadiens-face-aux-voyages-aux-etats-unis-sous-trump\/\"},\"author\":{\"name\":\"Camille Rouvray\",\"@id\":\"https:\/\/voyage-aventure.com\/blog\/#\/schema\/person\/3c864cdc320801e3db34b663e7e3f816\"},\"headline\":\"Le m\u00e9contentement des Canadiens face aux voyages aux \u00c9tats-Unis sous Trump\",\"datePublished\":\"2026-06-12T17:59:57+00:00\",\"mainEntityOfPage\":{\"@id\":\"https:\/\/voyage-aventure.com\/blog\/a-la-une\/le-mecontentement-des-canadiens-face-aux-voyages-aux-etats-unis-sous-trump\/\"},\"wordCount\":1038,\"commentCount\":27,\"publisher\":{\"@id\":\"https:\/\/voyage-aventure.com\/blog\/#organization\"},\"image\":{\"@id\":\"https:\/\/voyage-aventure.com\/blog\/a-la-une\/le-mecontentement-des-canadiens-face-aux-voyages-aux-etats-unis-sous-trump\/#primaryimage\"},\"thumbnailUrl\":\"https:\/\/voyage-aventure.com\/blog\/wp-content\/uploads\/2025\/05\/sdxl-a482a8625a0e3543092ede41fd34f3a4-scaled.png\",\"keywords\":[\"Destinations\",\"\u00c9conomies\",\"Relations Internationales\",\"Tourisme\",\"Voyage \u00c9conomique\"],\"articleSection\":[\"\u00c0 la une\"],\"inLanguage\":\"fr-FR\",\"potentialAction\":[{\"@type\":\"CommentAction\",\"name\":\"Comment\",\"target\":[\"https:\/\/voyage-aventure.com\/blog\/a-la-une\/le-mecontentement-des-canadiens-face-aux-voyages-aux-etats-unis-sous-trump\/#respond\"]}]},{\"@type\":\"WebPage\",\"@id\":\"https:\/\/voyage-aventure.com\/blog\/a-la-une\/le-mecontentement-des-canadiens-face-aux-voyages-aux-etats-unis-sous-trump\/\",\"url\":\"https:\/\/voyage-aventure.com\/blog\/a-la-une\/le-mecontentement-des-canadiens-face-aux-voyages-aux-etats-unis-sous-trump\/\",\"name\":\"Le m\u00e9contentement des Canadiens face aux voyages aux\",\"isPartOf\":{\"@id\":\"https:\/\/voyage-aventure.com\/blog\/#website\"},\"primaryImageOfPage\":{\"@id\":\"https:\/\/voyage-aventure.com\/blog\/a-la-une\/le-mecontentement-des-canadiens-face-aux-voyages-aux-etats-unis-sous-trump\/#primaryimage\"},\"image\":{\"@id\":\"https:\/\/voyage-aventure.com\/blog\/a-la-une\/le-mecontentement-des-canadiens-face-aux-voyages-aux-etats-unis-sous-trump\/#primaryimage\"},\"thumbnailUrl\":\"https:\/\/voyage-aventure.com\/blog\/wp-content\/uploads\/2025\/05\/sdxl-a482a8625a0e3543092ede41fd34f3a4-scaled.png\",\"datePublished\":\"2026-06-12T17:59:57+00:00\",\"description\":\"Tourisme \u00b7 Relations Canada\u2013\u00c9tats-Unis \u00b7 Mars 2025 Sous la pression des tensions politiques avec l'administration Trump, de nombreux Canadiens renoncent \u00e0\",\"inLanguage\":\"fr-FR\",\"potentialAction\":[{\"@type\":\"ReadAction\",\"target\":[\"https:\/\/voyage-aventure.com\/blog\/a-la-une\/le-mecontentement-des-canadiens-face-aux-voyages-aux-etats-unis-sous-trump\/\"]}]},{\"@type\":\"ImageObject\",\"inLanguage\":\"fr-FR\",\"@id\":\"https:\/\/voyage-aventure.com\/blog\/a-la-une\/le-mecontentement-des-canadiens-face-aux-voyages-aux-etats-unis-sous-trump\/#primaryimage\",\"url\":\"https:\/\/voyage-aventure.com\/blog\/wp-content\/uploads\/2025\/05\/sdxl-a482a8625a0e3543092ede41fd34f3a4-scaled.png\",\"contentUrl\":\"https:\/\/voyage-aventure.com\/blog\/wp-content\/uploads\/2025\/05\/sdxl-a482a8625a0e3543092ede41fd34f3a4-scaled.png\",\"width\":1200,\"height\":500},{\"@type\":\"WebSite\",\"@id\":\"https:\/\/voyage-aventure.com\/blog\/#website\",\"url\":\"https:\/\/voyage-aventure.com\/blog\/\",\"name\":\"voyage-aventure.com\",\"description\":\"Votre passeport pour l\u2019inattendu.\",\"publisher\":{\"@id\":\"https:\/\/voyage-aventure.com\/blog\/#organization\"},\"alternateName\":\"Votre passeport pour l\u2019inattendu.\",\"potentialAction\":[{\"@type\":\"SearchAction\",\"target\":{\"@type\":\"EntryPoint\",\"urlTemplate\":\"https:\/\/voyage-aventure.com\/blog\/?s={search_term_string}\"},\"query-input\":{\"@type\":\"PropertyValueSpecification\",\"valueRequired\":true,\"valueName\":\"search_term_string\"}}],\"inLanguage\":\"fr-FR\"},{\"@type\":\"Organization\",\"@id\":\"https:\/\/voyage-aventure.com\/blog\/#organization\",\"name\":\"Foretsensations.fr\",\"url\":\"https:\/\/voyage-aventure.com\/blog\/\",\"logo\":{\"@type\":\"ImageObject\",\"inLanguage\":\"fr-FR\",\"@id\":\"https:\/\/voyage-aventure.com\/blog\/#\/schema\/logo\/image\/\",\"url\":\"https:\/\/voyage-aventure.com\/blog\/wp-content\/uploads\/2024\/12\/19.png\",\"contentUrl\":\"https:\/\/voyage-aventure.com\/blog\/wp-content\/uploads\/2024\/12\/19.png\",\"width\":512,\"height\":512,\"caption\":\"Foretsensations.fr\"},\"image\":{\"@id\":\"https:\/\/voyage-aventure.com\/blog\/#\/schema\/logo\/image\/\"}},{\"@type\":\"Person\",\"@id\":\"https:\/\/voyage-aventure.com\/blog\/#\/schema\/person\/3c864cdc320801e3db34b663e7e3f816\",\"name\":\"Camille Rouvray\",\"image\":{\"@type\":\"ImageObject\",\"inLanguage\":\"fr-FR\",\"@id\":\"https:\/\/voyage-aventure.com\/blog\/#\/schema\/person\/image\/\",\"url\":\"https:\/\/voyage-aventure.com\/blog\/wp-content\/uploads\/2026\/06\/persona_camille-r-96x96.jpg\",\"contentUrl\":\"https:\/\/voyage-aventure.com\/blog\/wp-content\/uploads\/2026\/06\/persona_camille-r-96x96.jpg\",\"caption\":\"Camille Rouvray\"},\"description\":\"Je voyage et j'\u00e9cris sur le voyage depuis une douzaine d'ann\u00e9es, d'abord en tant que routarde au long cours, puis comme r\u00e9dactrice sp\u00e9cialis\u00e9e. Mon terrain de pr\u00e9dilection, ce sont les circuits organis\u00e9s et l'art de bien pr\u00e9parer un itin\u00e9raire : choix de la saison, dur\u00e9e r\u00e9aliste des \u00e9tapes, budget jour par jour, logement et transport sur place. J'aime aussi raconter les p\u00e9pites urbaines, ces adresses qu'on ne trouve pas dans les guides classiques. Avant de publier un dossier destination, je croise toujours plusieurs sources, je v\u00e9rifie les tarifs et les formalit\u00e9s d'entr\u00e9e \u00e0 jour, et je teste moi-m\u00eame quand je le peux. Mon angle reste pratique avant tout : aider le lecteur \u00e0 partir l'esprit tranquille, sans mauvaise surprise une fois sur place. Je m'attache \u00e0 distinguer le coup de c\u0153ur sinc\u00e8re du simple argument marketing.\",\"sameAs\":[\"https:\/\/camillerouvray.fr\/\"],\"url\":\"https:\/\/voyage-aventure.com\/blog\/auteur\/noname\/\"}]}<\/script>\n<!-- \/ Yoast SEO Premium plugin. -->","yoast_head_json":{"title":"Le m\u00e9contentement des Canadiens face aux voyages aux","description":"Tourisme \u00b7 Relations Canada\u2013\u00c9tats-Unis \u00b7 Mars 2025 Sous la pression des tensions politiques avec l'administration Trump, de nombreux Canadiens renoncent \u00e0","robots":{"index":"index","follow":"follow","max-snippet":"max-snippet:-1","max-image-preview":"max-image-preview:large","max-video-preview":"max-video-preview:-1"},"canonical":"https:\/\/voyage-aventure.com\/blog\/a-la-une\/le-mecontentement-des-canadiens-face-aux-voyages-aux-etats-unis-sous-trump\/","og_locale":"fr_FR","og_type":"article","og_title":"Le m\u00e9contentement des Canadiens face aux voyages aux","og_description":"Tourisme \u00b7 Relations Canada\u2013\u00c9tats-Unis \u00b7 Mars 2025 Sous la pression des tensions politiques avec l'administration Trump, de nombreux Canadiens renoncent \u00e0","og_url":"https:\/\/voyage-aventure.com\/blog\/a-la-une\/le-mecontentement-des-canadiens-face-aux-voyages-aux-etats-unis-sous-trump\/","og_site_name":"voyage-aventure","og_image":[{"width":1200,"height":500,"url":"https:\/\/voyage-aventure.com\/blog\/wp-content\/uploads\/2025\/05\/sdxl-a482a8625a0e3543092ede41fd34f3a4-scaled.png","type":"image\/png"}],"author":"Camille Rouvray","twitter_card":"summary_large_image","schema":{"@context":"https:\/\/schema.org","@graph":[{"@type":"NewsArticle","@id":"https:\/\/voyage-aventure.com\/blog\/a-la-une\/le-mecontentement-des-canadiens-face-aux-voyages-aux-etats-unis-sous-trump\/#article","isPartOf":{"@id":"https:\/\/voyage-aventure.com\/blog\/a-la-une\/le-mecontentement-des-canadiens-face-aux-voyages-aux-etats-unis-sous-trump\/"},"author":{"name":"Camille Rouvray","@id":"https:\/\/voyage-aventure.com\/blog\/#\/schema\/person\/3c864cdc320801e3db34b663e7e3f816"},"headline":"Le m\u00e9contentement des Canadiens face aux voyages aux \u00c9tats-Unis sous Trump","datePublished":"2026-06-12T17:59:57+00:00","mainEntityOfPage":{"@id":"https:\/\/voyage-aventure.com\/blog\/a-la-une\/le-mecontentement-des-canadiens-face-aux-voyages-aux-etats-unis-sous-trump\/"},"wordCount":1038,"commentCount":27,"publisher":{"@id":"https:\/\/voyage-aventure.com\/blog\/#organization"},"image":{"@id":"https:\/\/voyage-aventure.com\/blog\/a-la-une\/le-mecontentement-des-canadiens-face-aux-voyages-aux-etats-unis-sous-trump\/#primaryimage"},"thumbnailUrl":"https:\/\/voyage-aventure.com\/blog\/wp-content\/uploads\/2025\/05\/sdxl-a482a8625a0e3543092ede41fd34f3a4-scaled.png","keywords":["Destinations","\u00c9conomies","Relations Internationales","Tourisme","Voyage \u00c9conomique"],"articleSection":["\u00c0 la une"],"inLanguage":"fr-FR","potentialAction":[{"@type":"CommentAction","name":"Comment","target":["https:\/\/voyage-aventure.com\/blog\/a-la-une\/le-mecontentement-des-canadiens-face-aux-voyages-aux-etats-unis-sous-trump\/#respond"]}]},{"@type":"WebPage","@id":"https:\/\/voyage-aventure.com\/blog\/a-la-une\/le-mecontentement-des-canadiens-face-aux-voyages-aux-etats-unis-sous-trump\/","url":"https:\/\/voyage-aventure.com\/blog\/a-la-une\/le-mecontentement-des-canadiens-face-aux-voyages-aux-etats-unis-sous-trump\/","name":"Le m\u00e9contentement des Canadiens face aux voyages aux","isPartOf":{"@id":"https:\/\/voyage-aventure.com\/blog\/#website"},"primaryImageOfPage":{"@id":"https:\/\/voyage-aventure.com\/blog\/a-la-une\/le-mecontentement-des-canadiens-face-aux-voyages-aux-etats-unis-sous-trump\/#primaryimage"},"image":{"@id":"https:\/\/voyage-aventure.com\/blog\/a-la-une\/le-mecontentement-des-canadiens-face-aux-voyages-aux-etats-unis-sous-trump\/#primaryimage"},"thumbnailUrl":"https:\/\/voyage-aventure.com\/blog\/wp-content\/uploads\/2025\/05\/sdxl-a482a8625a0e3543092ede41fd34f3a4-scaled.png","datePublished":"2026-06-12T17:59:57+00:00","description":"Tourisme \u00b7 Relations Canada\u2013\u00c9tats-Unis \u00b7 Mars 2025 Sous la pression des tensions politiques avec l'administration Trump, de nombreux Canadiens renoncent \u00e0","inLanguage":"fr-FR","potentialAction":[{"@type":"ReadAction","target":["https:\/\/voyage-aventure.com\/blog\/a-la-une\/le-mecontentement-des-canadiens-face-aux-voyages-aux-etats-unis-sous-trump\/"]}]},{"@type":"ImageObject","inLanguage":"fr-FR","@id":"https:\/\/voyage-aventure.com\/blog\/a-la-une\/le-mecontentement-des-canadiens-face-aux-voyages-aux-etats-unis-sous-trump\/#primaryimage","url":"https:\/\/voyage-aventure.com\/blog\/wp-content\/uploads\/2025\/05\/sdxl-a482a8625a0e3543092ede41fd34f3a4-scaled.png","contentUrl":"https:\/\/voyage-aventure.com\/blog\/wp-content\/uploads\/2025\/05\/sdxl-a482a8625a0e3543092ede41fd34f3a4-scaled.png","width":1200,"height":500},{"@type":"WebSite","@id":"https:\/\/voyage-aventure.com\/blog\/#website","url":"https:\/\/voyage-aventure.com\/blog\/","name":"voyage-aventure.com","description":"Votre passeport pour l\u2019inattendu.","publisher":{"@id":"https:\/\/voyage-aventure.com\/blog\/#organization"},"alternateName":"Votre passeport pour l\u2019inattendu.","potentialAction":[{"@type":"SearchAction","target":{"@type":"EntryPoint","urlTemplate":"https:\/\/voyage-aventure.com\/blog\/?s={search_term_string}"},"query-input":{"@type":"PropertyValueSpecification","valueRequired":true,"valueName":"search_term_string"}}],"inLanguage":"fr-FR"},{"@type":"Organization","@id":"https:\/\/voyage-aventure.com\/blog\/#organization","name":"Foretsensations.fr","url":"https:\/\/voyage-aventure.com\/blog\/","logo":{"@type":"ImageObject","inLanguage":"fr-FR","@id":"https:\/\/voyage-aventure.com\/blog\/#\/schema\/logo\/image\/","url":"https:\/\/voyage-aventure.com\/blog\/wp-content\/uploads\/2024\/12\/19.png","contentUrl":"https:\/\/voyage-aventure.com\/blog\/wp-content\/uploads\/2024\/12\/19.png","width":512,"height":512,"caption":"Foretsensations.fr"},"image":{"@id":"https:\/\/voyage-aventure.com\/blog\/#\/schema\/logo\/image\/"}},{"@type":"Person","@id":"https:\/\/voyage-aventure.com\/blog\/#\/schema\/person\/3c864cdc320801e3db34b663e7e3f816","name":"Camille Rouvray","image":{"@type":"ImageObject","inLanguage":"fr-FR","@id":"https:\/\/voyage-aventure.com\/blog\/#\/schema\/person\/image\/","url":"https:\/\/voyage-aventure.com\/blog\/wp-content\/uploads\/2026\/06\/persona_camille-r-96x96.jpg","contentUrl":"https:\/\/voyage-aventure.com\/blog\/wp-content\/uploads\/2026\/06\/persona_camille-r-96x96.jpg","caption":"Camille Rouvray"},"description":"Je voyage et j'\u00e9cris sur le voyage depuis une douzaine d'ann\u00e9es, d'abord en tant que routarde au long cours, puis comme r\u00e9dactrice sp\u00e9cialis\u00e9e. Mon terrain de pr\u00e9dilection, ce sont les circuits organis\u00e9s et l'art de bien pr\u00e9parer un itin\u00e9raire : choix de la saison, dur\u00e9e r\u00e9aliste des \u00e9tapes, budget jour par jour, logement et transport sur place. J'aime aussi raconter les p\u00e9pites urbaines, ces adresses qu'on ne trouve pas dans les guides classiques. Avant de publier un dossier destination, je croise toujours plusieurs sources, je v\u00e9rifie les tarifs et les formalit\u00e9s d'entr\u00e9e \u00e0 jour, et je teste moi-m\u00eame quand je le peux. Mon angle reste pratique avant tout : aider le lecteur \u00e0 partir l'esprit tranquille, sans mauvaise surprise une fois sur place. Je m'attache \u00e0 distinguer le coup de c\u0153ur sinc\u00e8re du simple argument marketing.","sameAs":["https:\/\/camillerouvray.fr\/"],"url":"https:\/\/voyage-aventure.com\/blog\/auteur\/noname\/"}]}},"_links":{"self":[{"href":"https:\/\/voyage-aventure.com\/blog\/wp-json\/wp\/v2\/posts\/14632","targetHints":{"allow":["GET"]}}],"collection":[{"href":"https:\/\/voyage-aventure.com\/blog\/wp-json\/wp\/v2\/posts"}],"about":[{"href":"https:\/\/voyage-aventure.com\/blog\/wp-json\/wp\/v2\/types\/post"}],"author":[{"embeddable":true,"href":"https:\/\/voyage-aventure.com\/blog\/wp-json\/wp\/v2\/users\/34"}],"replies":[{"embeddable":true,"href":"https:\/\/voyage-aventure.com\/blog\/wp-json\/wp\/v2\/comments?post=14632"}],"version-history":[{"count":2,"href":"https:\/\/voyage-aventure.com\/blog\/wp-json\/wp\/v2\/posts\/14632\/revisions"}],"predecessor-version":[{"id":22201,"href":"https:\/\/voyage-aventure.com\/blog\/wp-json\/wp\/v2\/posts\/14632\/revisions\/22201"}],"wp:featuredmedia":[{"embeddable":true,"href":"https:\/\/voyage-aventure.com\/blog\/wp-json\/wp\/v2\/media\/20476"}],"wp:attachment":[{"href":"https:\/\/voyage-aventure.com\/blog\/wp-json\/wp\/v2\/media?parent=14632"}],"wp:term":[{"taxonomy":"category","embeddable":true,"href":"https:\/\/voyage-aventure.com\/blog\/wp-json\/wp\/v2\/categories?post=14632"},{"taxonomy":"post_tag","embeddable":true,"href":"https:\/\/voyage-aventure.com\/blog\/wp-json\/wp\/v2\/tags?post=14632"}],"curies":[{"name":"wp","href":"https:\/\/api.w.org\/{rel}","templated":true}]}}