{"id":14615,"date":"2025-03-15T00:50:45","date_gmt":"2025-03-14T23:50:45","guid":{"rendered":"https:\/\/voyage-aventure.com\/blog\/?p=14615"},"modified":"2025-03-15T00:50:45","modified_gmt":"2025-03-14T23:50:45","slug":"depart-imminent-pour-la-crete-des-prix-incroyables-pour-vos-vacances-dete","status":"publish","type":"post","link":"https:\/\/voyage-aventure.com\/blog\/a-la-une\/depart-imminent-pour-la-crete-des-prix-incroyables-pour-vos-vacances-dete\/","title":{"rendered":"D\u00e9part imminent pour la Cr\u00e8te : des prix incroyables pour vos vacances d&rsquo;\u00e9t\u00e9"},"content":{"rendered":"<h2>Des offres exceptionnelles pour des vacances inoubliables<\/h2>\n<p>La Cr\u00e8te se pr\u00e9sente comme une destination de choix pour vos prochaines vacances. Avec des prix aussi bas que 242 euros pour une semaine dans un h\u00f4tel de qualit\u00e9, il est difficile de r\u00e9sister \u00e0 la tentation. Imaginez-vous profiter d\u2019un s\u00e9jour dans un bel h\u00f4tel, \u00e0 quelques pas de la plage, tout en ayant acc\u00e8s \u00e0 une piscine et \u00e0 de nombreuses autres installations.<\/p>\n<p>Le Villa Mare Monte, situ\u00e9 \u00e0 Malia, est un exemple parfait d\u2019endroit o\u00f9 s\u00e9journer. Cet h\u00f4tel bien not\u00e9 propose des chambres confortables \u00e9quip\u00e9es d&rsquo;une kitchenette, ce qui vous permet de pr\u00e9parer vos propres repas si vous le souhaitez. Avec des vols A\/R inclus, vous n&rsquo;avez plus qu&rsquo;\u00e0 faire vos valises et \u00e0 vous laisser porter par l\u2019aventure.<\/p>\n<p><iframe loading=\"lazy\" title=\"NOTRE GPS QUI PARLE CH\u2019TIS ! - VLOG\" width=\"1200\" height=\"675\" src=\"https:\/\/www.youtube.com\/embed\/V2cEMNC1-hc?feature=oembed\" frameborder=\"0\" allow=\"accelerometer; autoplay; clipboard-write; encrypted-media; gyroscope; picture-in-picture; web-share\" referrerpolicy=\"strict-origin-when-cross-origin\" allowfullscreen><\/iframe><\/p>\n<h2>Une exp\u00e9rience compl\u00e8te \u00e0 port\u00e9e de main<\/h2>\n<p>Choisir la Cr\u00e8te, c&rsquo;est opter pour une exp\u00e9rience compl\u00e8te riche en d\u00e9couvertes. La beaut\u00e9 naturelle de l&rsquo;\u00eele, ses plages dor\u00e9es et ses sites historiques ne manqueront pas de vous \u00e9merveiller. De plus, la proximit\u00e9 de l&rsquo;h\u00f4tel avec la plage vous permettra de profiter des plaisirs de la mer en toute simplicit\u00e9.<\/p>\n<p>Les activit\u00e9s ne manquent pas dans cette r\u00e9gion de la M\u00e9diterran\u00e9e. Que vous soyez amateur de randonn\u00e9e, de baignade ou encore de gastronomie locale, la Cr\u00e8te saura r\u00e9pondre \u00e0 toutes vos attentes. Vous pourrez d\u00e9couvrir des sp\u00e9cialit\u00e9s cr\u00e9toises dans les tavernes locales et go\u00fbter \u00e0 l\u2019authentique cuisine m\u00e9diterran\u00e9enne.<\/p>\n<h2>Des informations utiles pour planifier votre s\u00e9jour<\/h2>\n<p>Avant de r\u00e9server, il est essentiel de consid\u00e9rer certains d\u00e9tails pratiques. Les d\u00e9parts se font principalement de Paris, Lyon et Marseille, offrant ainsi plusieurs options selon votre localisation. Voici quelques informations \u00e0 garder en t\u00eate :<\/p>\n<ul>\n<li>Les d\u00e9parts incluent des dates vari\u00e9es, comme celles de mars et mai.<\/li>\n<li>Le Villa Mare Monte obtient des notes \u00e9lev\u00e9es sur les plateformes de voyage, garantissant un s\u00e9jour de qualit\u00e9.<\/li>\n<li>La location de voiture est recommand\u00e9e pour explorer l&rsquo;\u00eele \u00e0 votre rythme.<\/li>\n<\/ul>\n<blockquote><p>\n\u00ab\u00a0La Cr\u00e8te a rarement \u00e9t\u00e9 aussi accessible, alors \u00e0 vous de jouer les pirates !\u00a0\u00bb\n<\/p><\/blockquote>\n<p>En conclusion, la Cr\u00e8te offre une combinaison parfaite de d\u00e9tente, d&rsquo;aventure et de culture. Il est grand temps de faire un choix et de s&rsquo;accorder ces vacances tant m\u00e9rit\u00e9es. Avec des prix aussi attractifs, pourquoi ne pas faire de la Cr\u00e8te votre prochaine destination de vacances ? Laissez-vous s\u00e9duire par cette \u00eele ensoleill\u00e9e et pr\u00e9parez-vous \u00e0 vivre des moments inoubliables.<\/p>\n","protected":false},"excerpt":{"rendered":"","protected":false},"author":34,"featured_media":19908,"comment_status":"open","ping_status":"open","sticky":false,"template":"","format":"standard","meta":{"_acf_changed":false,"manual_indexmenow":false,"indexmenow_id_project":0,"footnotes":""},"categories":[1],"tags":[4538,4639,4530,4535,4528],"class_list":["post-14615","post","type-post","status-publish","format-standard","has-post-thumbnail","hentry","category-a-la-une","tag-activites-variees","tag-aventure","tag-escapade-en-europe","tag-gastronomie-locale","tag-hebergement-abordable","generate-columns","tablet-grid-50","mobile-grid-100","grid-parent","grid-25"],"acf":[],"yoast_head":"<!-- This site is optimized with the Yoast SEO Premium plugin v21.3 (Yoast SEO v25.1) - https:\/\/yoast.com\/wordpress\/plugins\/seo\/ -->\n<title>D\u00e9part imminent pour la Cr\u00e8te : des prix incroyables pour<\/title>\n<meta name=\"description\" content=\"Des offres exceptionnelles pour des vacances inoubliables La Cr\u00e8te se pr\u00e9sente comme une destination de choix pour vos prochaines vacances. Avec des prix\" \/>\n<meta name=\"robots\" content=\"index, follow, max-snippet:-1, max-image-preview:large, max-video-preview:-1\" \/>\n<link rel=\"canonical\" href=\"https:\/\/voyage-aventure.com\/blog\/a-la-une\/depart-imminent-pour-la-crete-des-prix-incroyables-pour-vos-vacances-dete\/\" \/>\n<meta property=\"og:locale\" content=\"fr_FR\" \/>\n<meta property=\"og:type\" content=\"article\" \/>\n<meta property=\"og:title\" content=\"D\u00e9part imminent pour la Cr\u00e8te : des prix incroyables pour\" \/>\n<meta property=\"og:description\" content=\"Des offres exceptionnelles pour des vacances inoubliables La Cr\u00e8te se pr\u00e9sente comme une destination de choix pour vos prochaines vacances. Avec des prix\" \/>\n<meta property=\"og:url\" content=\"https:\/\/voyage-aventure.com\/blog\/a-la-une\/depart-imminent-pour-la-crete-des-prix-incroyables-pour-vos-vacances-dete\/\" \/>\n<meta property=\"og:site_name\" content=\"voyage-aventure\" \/>\n<meta property=\"og:image\" content=\"https:\/\/voyage-aventure.com\/blog\/wp-content\/uploads\/2025\/05\/sdxl-ec36914c6b3ea872e3c684c6bfab2f8f-scaled.png\" \/>\n\t<meta property=\"og:image:width\" content=\"1200\" \/>\n\t<meta property=\"og:image:height\" content=\"500\" \/>\n\t<meta property=\"og:image:type\" content=\"image\/png\" \/>\n<meta name=\"author\" content=\"Camille Rouvray\" \/>\n<meta name=\"twitter:card\" content=\"summary_large_image\" \/>\n<script type=\"application\/ld+json\" class=\"yoast-schema-graph\">{\"@context\":\"https:\/\/schema.org\",\"@graph\":[{\"@type\":\"NewsArticle\",\"@id\":\"https:\/\/voyage-aventure.com\/blog\/a-la-une\/depart-imminent-pour-la-crete-des-prix-incroyables-pour-vos-vacances-dete\/#article\",\"isPartOf\":{\"@id\":\"https:\/\/voyage-aventure.com\/blog\/a-la-une\/depart-imminent-pour-la-crete-des-prix-incroyables-pour-vos-vacances-dete\/\"},\"author\":{\"name\":\"Camille Rouvray\",\"@id\":\"https:\/\/voyage-aventure.com\/blog\/#\/schema\/person\/3c864cdc320801e3db34b663e7e3f816\"},\"headline\":\"D\u00e9part imminent pour la Cr\u00e8te : des prix incroyables pour vos vacances d&rsquo;\u00e9t\u00e9\",\"datePublished\":\"2025-03-14T23:50:45+00:00\",\"mainEntityOfPage\":{\"@id\":\"https:\/\/voyage-aventure.com\/blog\/a-la-une\/depart-imminent-pour-la-crete-des-prix-incroyables-pour-vos-vacances-dete\/\"},\"wordCount\":465,\"commentCount\":25,\"publisher\":{\"@id\":\"https:\/\/voyage-aventure.com\/blog\/#organization\"},\"image\":{\"@id\":\"https:\/\/voyage-aventure.com\/blog\/a-la-une\/depart-imminent-pour-la-crete-des-prix-incroyables-pour-vos-vacances-dete\/#primaryimage\"},\"thumbnailUrl\":\"https:\/\/voyage-aventure.com\/blog\/wp-content\/uploads\/2025\/05\/sdxl-ec36914c6b3ea872e3c684c6bfab2f8f-scaled.png\",\"keywords\":[\"Activit\u00e9s Vari\u00e9es\",\"Aventure\",\"Escapade en Europe\",\"Gastronomie Locale\",\"H\u00e9bergement Abordable\"],\"articleSection\":[\"\u00c0 la une\"],\"inLanguage\":\"fr-FR\",\"potentialAction\":[{\"@type\":\"CommentAction\",\"name\":\"Comment\",\"target\":[\"https:\/\/voyage-aventure.com\/blog\/a-la-une\/depart-imminent-pour-la-crete-des-prix-incroyables-pour-vos-vacances-dete\/#respond\"]}]},{\"@type\":\"WebPage\",\"@id\":\"https:\/\/voyage-aventure.com\/blog\/a-la-une\/depart-imminent-pour-la-crete-des-prix-incroyables-pour-vos-vacances-dete\/\",\"url\":\"https:\/\/voyage-aventure.com\/blog\/a-la-une\/depart-imminent-pour-la-crete-des-prix-incroyables-pour-vos-vacances-dete\/\",\"name\":\"D\u00e9part imminent pour la Cr\u00e8te : des prix incroyables pour\",\"isPartOf\":{\"@id\":\"https:\/\/voyage-aventure.com\/blog\/#website\"},\"primaryImageOfPage\":{\"@id\":\"https:\/\/voyage-aventure.com\/blog\/a-la-une\/depart-imminent-pour-la-crete-des-prix-incroyables-pour-vos-vacances-dete\/#primaryimage\"},\"image\":{\"@id\":\"https:\/\/voyage-aventure.com\/blog\/a-la-une\/depart-imminent-pour-la-crete-des-prix-incroyables-pour-vos-vacances-dete\/#primaryimage\"},\"thumbnailUrl\":\"https:\/\/voyage-aventure.com\/blog\/wp-content\/uploads\/2025\/05\/sdxl-ec36914c6b3ea872e3c684c6bfab2f8f-scaled.png\",\"datePublished\":\"2025-03-14T23:50:45+00:00\",\"description\":\"Des offres exceptionnelles pour des vacances inoubliables La Cr\u00e8te se pr\u00e9sente comme une destination de choix pour vos prochaines vacances. Avec des prix\",\"inLanguage\":\"fr-FR\",\"potentialAction\":[{\"@type\":\"ReadAction\",\"target\":[\"https:\/\/voyage-aventure.com\/blog\/a-la-une\/depart-imminent-pour-la-crete-des-prix-incroyables-pour-vos-vacances-dete\/\"]}]},{\"@type\":\"ImageObject\",\"inLanguage\":\"fr-FR\",\"@id\":\"https:\/\/voyage-aventure.com\/blog\/a-la-une\/depart-imminent-pour-la-crete-des-prix-incroyables-pour-vos-vacances-dete\/#primaryimage\",\"url\":\"https:\/\/voyage-aventure.com\/blog\/wp-content\/uploads\/2025\/05\/sdxl-ec36914c6b3ea872e3c684c6bfab2f8f-scaled.png\",\"contentUrl\":\"https:\/\/voyage-aventure.com\/blog\/wp-content\/uploads\/2025\/05\/sdxl-ec36914c6b3ea872e3c684c6bfab2f8f-scaled.png\",\"width\":1200,\"height\":500},{\"@type\":\"WebSite\",\"@id\":\"https:\/\/voyage-aventure.com\/blog\/#website\",\"url\":\"https:\/\/voyage-aventure.com\/blog\/\",\"name\":\"voyage-aventure.com\",\"description\":\"Votre passeport pour l\u2019inattendu.\",\"publisher\":{\"@id\":\"https:\/\/voyage-aventure.com\/blog\/#organization\"},\"alternateName\":\"Votre passeport pour l\u2019inattendu.\",\"potentialAction\":[{\"@type\":\"SearchAction\",\"target\":{\"@type\":\"EntryPoint\",\"urlTemplate\":\"https:\/\/voyage-aventure.com\/blog\/?s={search_term_string}\"},\"query-input\":{\"@type\":\"PropertyValueSpecification\",\"valueRequired\":true,\"valueName\":\"search_term_string\"}}],\"inLanguage\":\"fr-FR\"},{\"@type\":\"Organization\",\"@id\":\"https:\/\/voyage-aventure.com\/blog\/#organization\",\"name\":\"Foretsensations.fr\",\"url\":\"https:\/\/voyage-aventure.com\/blog\/\",\"logo\":{\"@type\":\"ImageObject\",\"inLanguage\":\"fr-FR\",\"@id\":\"https:\/\/voyage-aventure.com\/blog\/#\/schema\/logo\/image\/\",\"url\":\"https:\/\/voyage-aventure.com\/blog\/wp-content\/uploads\/2024\/12\/19.png\",\"contentUrl\":\"https:\/\/voyage-aventure.com\/blog\/wp-content\/uploads\/2024\/12\/19.png\",\"width\":512,\"height\":512,\"caption\":\"Foretsensations.fr\"},\"image\":{\"@id\":\"https:\/\/voyage-aventure.com\/blog\/#\/schema\/logo\/image\/\"}},{\"@type\":\"Person\",\"@id\":\"https:\/\/voyage-aventure.com\/blog\/#\/schema\/person\/3c864cdc320801e3db34b663e7e3f816\",\"name\":\"Camille Rouvray\",\"image\":{\"@type\":\"ImageObject\",\"inLanguage\":\"fr-FR\",\"@id\":\"https:\/\/voyage-aventure.com\/blog\/#\/schema\/person\/image\/\",\"url\":\"https:\/\/voyage-aventure.com\/blog\/wp-content\/uploads\/2026\/06\/persona_camille-r-96x96.jpg\",\"contentUrl\":\"https:\/\/voyage-aventure.com\/blog\/wp-content\/uploads\/2026\/06\/persona_camille-r-96x96.jpg\",\"caption\":\"Camille Rouvray\"},\"description\":\"Je voyage et j'\u00e9cris sur le voyage depuis une douzaine d'ann\u00e9es, d'abord en tant que routarde au long cours, puis comme r\u00e9dactrice sp\u00e9cialis\u00e9e. Mon terrain de pr\u00e9dilection, ce sont les circuits organis\u00e9s et l'art de bien pr\u00e9parer un itin\u00e9raire : choix de la saison, dur\u00e9e r\u00e9aliste des \u00e9tapes, budget jour par jour, logement et transport sur place. J'aime aussi raconter les p\u00e9pites urbaines, ces adresses qu'on ne trouve pas dans les guides classiques. Avant de publier un dossier destination, je croise toujours plusieurs sources, je v\u00e9rifie les tarifs et les formalit\u00e9s d'entr\u00e9e \u00e0 jour, et je teste moi-m\u00eame quand je le peux. Mon angle reste pratique avant tout : aider le lecteur \u00e0 partir l'esprit tranquille, sans mauvaise surprise une fois sur place. Je m'attache \u00e0 distinguer le coup de c\u0153ur sinc\u00e8re du simple argument marketing.\",\"sameAs\":[\"https:\/\/camillerouvray.fr\/\"],\"url\":\"https:\/\/voyage-aventure.com\/blog\/auteur\/noname\/\"}]}<\/script>\n<!-- \/ Yoast SEO Premium plugin. -->","yoast_head_json":{"title":"D\u00e9part imminent pour la Cr\u00e8te : des prix incroyables pour","description":"Des offres exceptionnelles pour des vacances inoubliables La Cr\u00e8te se pr\u00e9sente comme une destination de choix pour vos prochaines vacances. Avec des prix","robots":{"index":"index","follow":"follow","max-snippet":"max-snippet:-1","max-image-preview":"max-image-preview:large","max-video-preview":"max-video-preview:-1"},"canonical":"https:\/\/voyage-aventure.com\/blog\/a-la-une\/depart-imminent-pour-la-crete-des-prix-incroyables-pour-vos-vacances-dete\/","og_locale":"fr_FR","og_type":"article","og_title":"D\u00e9part imminent pour la Cr\u00e8te : des prix incroyables pour","og_description":"Des offres exceptionnelles pour des vacances inoubliables La Cr\u00e8te se pr\u00e9sente comme une destination de choix pour vos prochaines vacances. Avec des prix","og_url":"https:\/\/voyage-aventure.com\/blog\/a-la-une\/depart-imminent-pour-la-crete-des-prix-incroyables-pour-vos-vacances-dete\/","og_site_name":"voyage-aventure","og_image":[{"width":1200,"height":500,"url":"https:\/\/voyage-aventure.com\/blog\/wp-content\/uploads\/2025\/05\/sdxl-ec36914c6b3ea872e3c684c6bfab2f8f-scaled.png","type":"image\/png"}],"author":"Camille Rouvray","twitter_card":"summary_large_image","schema":{"@context":"https:\/\/schema.org","@graph":[{"@type":"NewsArticle","@id":"https:\/\/voyage-aventure.com\/blog\/a-la-une\/depart-imminent-pour-la-crete-des-prix-incroyables-pour-vos-vacances-dete\/#article","isPartOf":{"@id":"https:\/\/voyage-aventure.com\/blog\/a-la-une\/depart-imminent-pour-la-crete-des-prix-incroyables-pour-vos-vacances-dete\/"},"author":{"name":"Camille Rouvray","@id":"https:\/\/voyage-aventure.com\/blog\/#\/schema\/person\/3c864cdc320801e3db34b663e7e3f816"},"headline":"D\u00e9part imminent pour la Cr\u00e8te : des prix incroyables pour vos vacances d&rsquo;\u00e9t\u00e9","datePublished":"2025-03-14T23:50:45+00:00","mainEntityOfPage":{"@id":"https:\/\/voyage-aventure.com\/blog\/a-la-une\/depart-imminent-pour-la-crete-des-prix-incroyables-pour-vos-vacances-dete\/"},"wordCount":465,"commentCount":25,"publisher":{"@id":"https:\/\/voyage-aventure.com\/blog\/#organization"},"image":{"@id":"https:\/\/voyage-aventure.com\/blog\/a-la-une\/depart-imminent-pour-la-crete-des-prix-incroyables-pour-vos-vacances-dete\/#primaryimage"},"thumbnailUrl":"https:\/\/voyage-aventure.com\/blog\/wp-content\/uploads\/2025\/05\/sdxl-ec36914c6b3ea872e3c684c6bfab2f8f-scaled.png","keywords":["Activit\u00e9s Vari\u00e9es","Aventure","Escapade en Europe","Gastronomie Locale","H\u00e9bergement Abordable"],"articleSection":["\u00c0 la une"],"inLanguage":"fr-FR","potentialAction":[{"@type":"CommentAction","name":"Comment","target":["https:\/\/voyage-aventure.com\/blog\/a-la-une\/depart-imminent-pour-la-crete-des-prix-incroyables-pour-vos-vacances-dete\/#respond"]}]},{"@type":"WebPage","@id":"https:\/\/voyage-aventure.com\/blog\/a-la-une\/depart-imminent-pour-la-crete-des-prix-incroyables-pour-vos-vacances-dete\/","url":"https:\/\/voyage-aventure.com\/blog\/a-la-une\/depart-imminent-pour-la-crete-des-prix-incroyables-pour-vos-vacances-dete\/","name":"D\u00e9part imminent pour la Cr\u00e8te : des prix incroyables pour","isPartOf":{"@id":"https:\/\/voyage-aventure.com\/blog\/#website"},"primaryImageOfPage":{"@id":"https:\/\/voyage-aventure.com\/blog\/a-la-une\/depart-imminent-pour-la-crete-des-prix-incroyables-pour-vos-vacances-dete\/#primaryimage"},"image":{"@id":"https:\/\/voyage-aventure.com\/blog\/a-la-une\/depart-imminent-pour-la-crete-des-prix-incroyables-pour-vos-vacances-dete\/#primaryimage"},"thumbnailUrl":"https:\/\/voyage-aventure.com\/blog\/wp-content\/uploads\/2025\/05\/sdxl-ec36914c6b3ea872e3c684c6bfab2f8f-scaled.png","datePublished":"2025-03-14T23:50:45+00:00","description":"Des offres exceptionnelles pour des vacances inoubliables La Cr\u00e8te se pr\u00e9sente comme une destination de choix pour vos prochaines vacances. Avec des prix","inLanguage":"fr-FR","potentialAction":[{"@type":"ReadAction","target":["https:\/\/voyage-aventure.com\/blog\/a-la-une\/depart-imminent-pour-la-crete-des-prix-incroyables-pour-vos-vacances-dete\/"]}]},{"@type":"ImageObject","inLanguage":"fr-FR","@id":"https:\/\/voyage-aventure.com\/blog\/a-la-une\/depart-imminent-pour-la-crete-des-prix-incroyables-pour-vos-vacances-dete\/#primaryimage","url":"https:\/\/voyage-aventure.com\/blog\/wp-content\/uploads\/2025\/05\/sdxl-ec36914c6b3ea872e3c684c6bfab2f8f-scaled.png","contentUrl":"https:\/\/voyage-aventure.com\/blog\/wp-content\/uploads\/2025\/05\/sdxl-ec36914c6b3ea872e3c684c6bfab2f8f-scaled.png","width":1200,"height":500},{"@type":"WebSite","@id":"https:\/\/voyage-aventure.com\/blog\/#website","url":"https:\/\/voyage-aventure.com\/blog\/","name":"voyage-aventure.com","description":"Votre passeport pour l\u2019inattendu.","publisher":{"@id":"https:\/\/voyage-aventure.com\/blog\/#organization"},"alternateName":"Votre passeport pour l\u2019inattendu.","potentialAction":[{"@type":"SearchAction","target":{"@type":"EntryPoint","urlTemplate":"https:\/\/voyage-aventure.com\/blog\/?s={search_term_string}"},"query-input":{"@type":"PropertyValueSpecification","valueRequired":true,"valueName":"search_term_string"}}],"inLanguage":"fr-FR"},{"@type":"Organization","@id":"https:\/\/voyage-aventure.com\/blog\/#organization","name":"Foretsensations.fr","url":"https:\/\/voyage-aventure.com\/blog\/","logo":{"@type":"ImageObject","inLanguage":"fr-FR","@id":"https:\/\/voyage-aventure.com\/blog\/#\/schema\/logo\/image\/","url":"https:\/\/voyage-aventure.com\/blog\/wp-content\/uploads\/2024\/12\/19.png","contentUrl":"https:\/\/voyage-aventure.com\/blog\/wp-content\/uploads\/2024\/12\/19.png","width":512,"height":512,"caption":"Foretsensations.fr"},"image":{"@id":"https:\/\/voyage-aventure.com\/blog\/#\/schema\/logo\/image\/"}},{"@type":"Person","@id":"https:\/\/voyage-aventure.com\/blog\/#\/schema\/person\/3c864cdc320801e3db34b663e7e3f816","name":"Camille Rouvray","image":{"@type":"ImageObject","inLanguage":"fr-FR","@id":"https:\/\/voyage-aventure.com\/blog\/#\/schema\/person\/image\/","url":"https:\/\/voyage-aventure.com\/blog\/wp-content\/uploads\/2026\/06\/persona_camille-r-96x96.jpg","contentUrl":"https:\/\/voyage-aventure.com\/blog\/wp-content\/uploads\/2026\/06\/persona_camille-r-96x96.jpg","caption":"Camille Rouvray"},"description":"Je voyage et j'\u00e9cris sur le voyage depuis une douzaine d'ann\u00e9es, d'abord en tant que routarde au long cours, puis comme r\u00e9dactrice sp\u00e9cialis\u00e9e. Mon terrain de pr\u00e9dilection, ce sont les circuits organis\u00e9s et l'art de bien pr\u00e9parer un itin\u00e9raire : choix de la saison, dur\u00e9e r\u00e9aliste des \u00e9tapes, budget jour par jour, logement et transport sur place. J'aime aussi raconter les p\u00e9pites urbaines, ces adresses qu'on ne trouve pas dans les guides classiques. Avant de publier un dossier destination, je croise toujours plusieurs sources, je v\u00e9rifie les tarifs et les formalit\u00e9s d'entr\u00e9e \u00e0 jour, et je teste moi-m\u00eame quand je le peux. Mon angle reste pratique avant tout : aider le lecteur \u00e0 partir l'esprit tranquille, sans mauvaise surprise une fois sur place. Je m'attache \u00e0 distinguer le coup de c\u0153ur sinc\u00e8re du simple argument marketing.","sameAs":["https:\/\/camillerouvray.fr\/"],"url":"https:\/\/voyage-aventure.com\/blog\/auteur\/noname\/"}]}},"_links":{"self":[{"href":"https:\/\/voyage-aventure.com\/blog\/wp-json\/wp\/v2\/posts\/14615","targetHints":{"allow":["GET"]}}],"collection":[{"href":"https:\/\/voyage-aventure.com\/blog\/wp-json\/wp\/v2\/posts"}],"about":[{"href":"https:\/\/voyage-aventure.com\/blog\/wp-json\/wp\/v2\/types\/post"}],"author":[{"embeddable":true,"href":"https:\/\/voyage-aventure.com\/blog\/wp-json\/wp\/v2\/users\/34"}],"replies":[{"embeddable":true,"href":"https:\/\/voyage-aventure.com\/blog\/wp-json\/wp\/v2\/comments?post=14615"}],"version-history":[{"count":1,"href":"https:\/\/voyage-aventure.com\/blog\/wp-json\/wp\/v2\/posts\/14615\/revisions"}],"predecessor-version":[{"id":14876,"href":"https:\/\/voyage-aventure.com\/blog\/wp-json\/wp\/v2\/posts\/14615\/revisions\/14876"}],"wp:featuredmedia":[{"embeddable":true,"href":"https:\/\/voyage-aventure.com\/blog\/wp-json\/wp\/v2\/media\/19908"}],"wp:attachment":[{"href":"https:\/\/voyage-aventure.com\/blog\/wp-json\/wp\/v2\/media?parent=14615"}],"wp:term":[{"taxonomy":"category","embeddable":true,"href":"https:\/\/voyage-aventure.com\/blog\/wp-json\/wp\/v2\/categories?post=14615"},{"taxonomy":"post_tag","embeddable":true,"href":"https:\/\/voyage-aventure.com\/blog\/wp-json\/wp\/v2\/tags?post=14615"}],"curies":[{"name":"wp","href":"https:\/\/api.w.org\/{rel}","templated":true}]}}