{"id":14608,"date":"2026-05-18T21:01:13","date_gmt":"2026-05-18T19:01:13","guid":{"rendered":"https:\/\/voyage-aventure.com\/blog\/?p=14608"},"modified":"2026-05-18T21:01:13","modified_gmt":"2026-05-18T19:01:13","slug":"decouvrez-le-nouveau-titre-voyage-de-zoe-me-pour-leurovision-2025-en-suisse","status":"publish","type":"post","link":"https:\/\/voyage-aventure.com\/blog\/destinations-aventure\/decouvrez-le-nouveau-titre-voyage-de-zoe-me-pour-leurovision-2025-en-suisse\/","title":{"rendered":"D\u00e9couvrez le nouveau titre \u00ab\u00a0Voyage\u00a0\u00bb de Zo\u00eb M\u00eb pour l&rsquo;Eurovision 2025 en Suisse"},"content":{"rendered":"<aside style=\"margin:32px 0;padding:28px 32px;background:linear-gradient(135deg,#faf7fc 0%,#f3edf7 100%);border-left:4px solid #3a2a4d;border-radius:6px;box-shadow:0 2px 8px rgba(58,42,77,0.06);\">\n<div style=\"margin:0 0 10px;font-size:11px;letter-spacing:2px;text-transform:uppercase;color:#3a2a4d;font-weight:700;\">En quelques mots<\/div>\n<div style=\"margin:0;font-size:18px;line-height:1.55;color:#2a1f3a;font-weight:500;\">Une ballade en fran\u00e7ais sign\u00e9e Zo\u00eb M\u00eb portera les couleurs helv\u00e9tiques sur la sc\u00e8ne de l&rsquo;Eurovision 2025. Originaire de B\u00e2le, la jeune interpr\u00e8te bilingue allie pop po\u00e9tique et chanson fran\u00e7aise pour livrer un titre intime baptis\u00e9 \u00ab Voyage \u00bb, pens\u00e9 comme une qu\u00eate d&rsquo;identit\u00e9 et de connexion.<\/div>\n<\/aside>\n<h2>Une artiste prometteuse et un \u00e9v\u00e9nement marquant<\/h2>\n<p>Cette jeune artiste, originaire de B\u00e2le, apporte une touche d\u00e9licate avec une ballade en fran\u00e7ais, captivant ainsi le c\u0153ur du public. Son interpr\u00e9tation promet de faire vibrer les \u00e9motions et d&rsquo;attirer l&rsquo;attention des m\u00e9lomanes \u00e0 travers l&rsquo;Europe, dans un concours o\u00f9 la chanson francophone retrouve r\u00e9guli\u00e8rement ses lettres de noblesse.<\/p>\n<p>Zo\u00eb M\u00eb, qui mesure 1,80 m\u00e8tre, se d\u00e9crit comme une \u00ab\u00a0petite f\u00e9e\u00a0\u00bb, incarnant une beaut\u00e9 et une authenticit\u00e9 dans son art. Le fait de repr\u00e9senter son pays natal lors d&rsquo;un \u00e9v\u00e9nement aussi prestigieux que l&rsquo;Eurovision est pour elle un honneur inestimable. Comme elle le d\u00e9clare, \u00ab\u00a0C&rsquo;est un moment magique, presque sorti d&rsquo;un conte de f\u00e9es\u00a0\u00bb.<\/p>\n<aside style=\"margin:36px 0;padding:32px;background:#ffffff;border:1px solid #e7dfee;border-radius:10px;box-shadow:0 4px 16px rgba(58,42,77,0.05);\">\n<div style=\"margin:0 0 18px;font-size:13px;letter-spacing:1.5px;text-transform:uppercase;color:#3a2a4d;font-weight:700;\">\u00c0 retenir<\/div>\n<div style=\"display:grid;grid-template-columns:repeat(auto-fit,minmax(220px,1fr));gap:18px;\">\n<div style=\"padding:16px;background:#f7f3fa;border-radius:8px;\">\n<div style=\"font-size:22px;margin-bottom:6px;\">\ud83c\udfa4<\/div>\n<div style=\"font-weight:700;color:#3a2a4d;margin-bottom:4px;font-size:14px;\">Une ballade fran\u00e7aise<\/div>\n<div style=\"font-size:14px;line-height:1.5;color:#4a3a5a;\">Un titre intime, \u00e0 rebours des productions purement format\u00e9es eurovision.<\/div>\n<\/div>\n<div style=\"padding:16px;background:#f7f3fa;border-radius:8px;\">\n<div style=\"font-size:22px;margin-bottom:6px;\">\ud83c\udde8\ud83c\udded<\/div>\n<div style=\"font-weight:700;color:#3a2a4d;margin-bottom:4px;font-size:14px;\">Couleurs helv\u00e9tiques<\/div>\n<div style=\"font-size:14px;line-height:1.5;color:#4a3a5a;\">Une artiste b\u00e2loise bilingue, ancr\u00e9e dans la culture germanique et francophone.<\/div>\n<\/div>\n<div style=\"padding:16px;background:#f7f3fa;border-radius:8px;\">\n<div style=\"font-size:22px;margin-bottom:6px;\">\ud83c\udfc6<\/div>\n<div style=\"font-weight:700;color:#3a2a4d;margin-bottom:4px;font-size:14px;\">Profil distingu\u00e9<\/div>\n<div style=\"font-size:14px;line-height:1.5;color:#4a3a5a;\">Laur\u00e9ate SRF 3 Best Talent 2024, pass\u00e9e par Montreux Jazz Festival.<\/div>\n<\/div>\n<div style=\"padding:16px;background:#f7f3fa;border-radius:8px;\">\n<div style=\"font-size:22px;margin-bottom:6px;\">\u2728<\/div>\n<div style=\"font-weight:700;color:#3a2a4d;margin-bottom:4px;font-size:14px;\">Une pop po\u00e9tique<\/div>\n<div style=\"font-size:14px;line-height:1.5;color:#4a3a5a;\">Fusion d&rsquo;influences culturelles, m\u00e9lodies a\u00e9riennes et \u00e9criture sensorielle.<\/div>\n<\/div>\n<div style=\"padding:16px;background:#f7f3fa;border-radius:8px;\">\n<div style=\"font-size:22px;margin-bottom:6px;\">\ud83d\udcab<\/div>\n<div style=\"font-weight:700;color:#3a2a4d;margin-bottom:4px;font-size:14px;\">Un titre int\u00e9rieur<\/div>\n<div style=\"font-size:14px;line-height:1.5;color:#4a3a5a;\">\u00ab Voyage \u00bb se d\u00e9ploie comme une qu\u00eate d&rsquo;identit\u00e9 et de connexion \u00e0 soi.<\/div>\n<\/div>\n<\/div>\n<\/aside>\n<h2>Un parcours musical inspirant<\/h2>\n<p>N\u00e9e \u00e0 B\u00e2le, Zo\u00eb a grandi dans un environnement bilingue, s&rsquo;immergeant dans la culture allemande et fran\u00e7aise. Sa passion pour la musique a commenc\u00e9 d\u00e8s l&rsquo;\u00e2ge de 10 ans, lorsqu&rsquo;elle a commenc\u00e9 \u00e0 \u00e9crire ses propres chansons. Son EP bilingue, \u00ab\u00a0Dorienne Gris\u00a0\u00bb, a marqu\u00e9 un tournant dans sa carri\u00e8re, lui permettant d&rsquo;\u00eatre reconnue sur des sc\u00e8nes prestigieuses comme le Montreux Jazz Festival.<\/p>\n<p>La carri\u00e8re de Zo\u00eb M\u00eb a pris un nouvel envol apr\u00e8s avoir remport\u00e9 des prix comme le &lsquo;SRF 3 Best Talent&rsquo; en 2024. Son m\u00e9lange de pop po\u00e9tique et de chanson fran\u00e7aise a su s\u00e9duire un large public, consolidant son statut d&rsquo;artiste incontournable. Sa capacit\u00e9 \u00e0 fusionner diff\u00e9rentes influences culturelles enrichit son univers musical et la rend unique sur la sc\u00e8ne internationale.<\/p>\n<aside style=\"margin:32px 0;padding:24px 28px;background:#f7f3fa;border-left:4px solid #3a2a4d;border-radius:6px;\">\n<div style=\"margin:0 0 8px;font-size:12px;letter-spacing:1.5px;text-transform:uppercase;color:#3a2a4d;font-weight:700;\">\ud83d\udca1 Bon \u00e0 savoir<\/div>\n<div style=\"margin:0;font-size:15.5px;line-height:1.6;color:#2a1f3a;\">Le bilinguisme fran\u00e7ais-allemand est un atout pr\u00e9cieux \u00e0 l&rsquo;Eurovision : il permet d&rsquo;exporter une \u00e9motion qui parle \u00e0 plusieurs march\u00e9s europ\u00e9ens \u00e0 la fois, tout en gardant une signature culturelle forte. Ce n&rsquo;est pas un d\u00e9tail biographique, c&rsquo;est une strat\u00e9gie d&rsquo;\u00e9criture.<\/div>\n<\/aside>\n<h3>Une trajectoire b\u00e2loise, des sc\u00e8nes internationales<\/h3>\n<p>Au-del\u00e0 du parcours scolaire en musique, Zo\u00eb M\u00eb a forg\u00e9 son style en multipliant les premi\u00e8res parties, les festivals r\u00e9gionaux et les sessions de composition. Cette discipline d&rsquo;artisan, plut\u00f4t que le coup d&rsquo;\u00e9clat unique, explique la solidit\u00e9 de son univers aujourd&rsquo;hui : on n&rsquo;invente pas une \u00e9motion d&rsquo;Eurovision en quelques semaines, on la d\u00e9cante pendant des ann\u00e9es.<\/p>\n<div style=\"margin:32px 0;display:grid;grid-template-columns:repeat(auto-fit,minmax(220px,1fr));gap:20px;\">\n<article style=\"padding:24px;background:#ffffff;border:1px solid #e7dfee;border-radius:10px;box-shadow:0 2px 8px rgba(58,42,77,0.04);transition:transform .2s;\">\n<div style=\"font-size:11px;letter-spacing:1.5px;text-transform:uppercase;color:#3a2a4d;font-weight:700;margin-bottom:8px;\">Premiers pas<\/div>\n<div style=\"font-size:18px;font-weight:700;color:#2a1f3a;margin-bottom:8px;line-height:1.3;\">L&rsquo;\u00e9criture d\u00e8s 10 ans<\/div>\n<div style=\"font-size:14.5px;line-height:1.55;color:#4a3a5a;\">Premiers textes, premiers accords, premiers carnets \u2014 la trajectoire commence avant la majorit\u00e9 musicale.<\/div>\n<\/article>\n<article style=\"padding:24px;background:#ffffff;border:1px solid #e7dfee;border-radius:10px;box-shadow:0 2px 8px rgba(58,42,77,0.04);\">\n<div style=\"font-size:11px;letter-spacing:1.5px;text-transform:uppercase;color:#3a2a4d;font-weight:700;margin-bottom:8px;\">Tournant<\/div>\n<div style=\"font-size:18px;font-weight:700;color:#2a1f3a;margin-bottom:8px;line-height:1.3;\">L&rsquo;EP \u00ab Dorienne Gris \u00bb<\/div>\n<div style=\"font-size:14.5px;line-height:1.55;color:#4a3a5a;\">Un format bilingue qui pose une identit\u00e9 claire et ouvre la porte des sc\u00e8nes professionnelles.<\/div>\n<\/article>\n<article style=\"padding:24px;background:#ffffff;border:1px solid #e7dfee;border-radius:10px;box-shadow:0 2px 8px rgba(58,42,77,0.04);\">\n<div style=\"font-size:11px;letter-spacing:1.5px;text-transform:uppercase;color:#3a2a4d;font-weight:700;margin-bottom:8px;\">Reconnaissance<\/div>\n<div style=\"font-size:18px;font-weight:700;color:#2a1f3a;margin-bottom:8px;line-height:1.3;\">SRF 3 Best Talent 2024<\/div>\n<div style=\"font-size:14.5px;line-height:1.55;color:#4a3a5a;\">Un prix qui agit comme une rampe de lancement vers une audience nationale puis europ\u00e9enne.<\/div>\n<\/article>\n<article style=\"padding:24px;background:#ffffff;border:1px solid #e7dfee;border-radius:10px;box-shadow:0 2px 8px rgba(58,42,77,0.04);\">\n<div style=\"font-size:11px;letter-spacing:1.5px;text-transform:uppercase;color:#3a2a4d;font-weight:700;margin-bottom:8px;\">Cons\u00e9cration<\/div>\n<div style=\"font-size:18px;font-weight:700;color:#2a1f3a;margin-bottom:8px;line-height:1.3;\">Montreux Jazz Festival<\/div>\n<div style=\"font-size:14.5px;line-height:1.55;color:#4a3a5a;\">Une sc\u00e8ne mythique qui valide une trajectoire et pose les bases d&rsquo;un public fid\u00e8le.<\/div>\n<\/article>\n<\/div>\n<p><iframe loading=\"lazy\" title=\"Zo\u00eb M\u00eb - Voyage | Switzerland \ud83c\udde8\ud83c\udded | Official Music Video | #Eurovision2025\" width=\"1200\" height=\"675\" src=\"https:\/\/www.youtube.com\/embed\/dGX54zRExR8?feature=oembed\" frameborder=\"0\" allow=\"accelerometer; autoplay; clipboard-write; encrypted-media; gyroscope; picture-in-picture; web-share\" referrerpolicy=\"strict-origin-when-cross-origin\" allowfullscreen><\/iframe><\/p>\n<h2>La magie de \u00ab\u00a0Voyage\u00a0\u00bb<\/h2>\n<p>La chanson \u00ab\u00a0Voyage\u00a0\u00bb s&rsquo;annonce comme un hymne \u00e0 l&rsquo;amour et \u00e0 l&rsquo;espoir, se distinguant par ses paroles touchantes et sa m\u00e9lodie envo\u00fbtante. Cette ballade fran\u00e7aise est une v\u00e9ritable ode \u00e0 l&rsquo;\u00e9motion, promettant de marquer les esprits lors de sa performance sur la sc\u00e8ne de l&rsquo;Eurovision. Zo\u00eb M\u00eb a su insuffler une \u00e2me \u00e0 cette composition, faisant appel \u00e0 des sonorit\u00e9s qui r\u00e9sonnent profond\u00e9ment avec le public.<\/p>\n<figure style=\"margin:36px 0;padding:0;text-align:center;\">\n<div style=\"font-size:48px;line-height:1;color:#3a2a4d;font-family:Georgia,serif;margin-bottom:8px;\">\u00ab\u00a0<\/div>\n<blockquote style=\"margin:0;padding:0 24px;font-size:22px;line-height:1.45;color:#2a1f3a;font-style:italic;font-weight:500;letter-spacing:-0.01em;border:0;\"><p>Chaque note de cette chanson \u00e9voque un voyage int\u00e9rieur, une qu\u00eate d&rsquo;identit\u00e9 et de connexion.<\/blockquote><figcaption style=\"margin-top:14px;font-size:12px;letter-spacing:2px;text-transform:uppercase;color:#3a2a4d;font-weight:600;\">\u2014 L&rsquo;artiste, \u00e0 propos de \u00ab Voyage \u00bb<\/figcaption><\/figure>\n<p>Sa vision artistique et son engagement \u00e0 partager des histoires personnelles \u00e0 travers sa musique sont ce qui fait d&rsquo;elle une artiste \u00e0 suivre de pr\u00e8s. Les fans attendent avec impatience sa prestation lors de la comp\u00e9tition, esp\u00e9rant un nouveau triomphe pour la Suisse, dans une \u00e9dition particuli\u00e8rement scrut\u00e9e par les amateurs de chanson francophone.<\/p>\n<h3>Anatomie d&rsquo;une ballade Eurovision<\/h3>\n<p>Sur le papier, les ballades remportent moins souvent que les morceaux up-tempo dans le concours. Dans les faits, lorsqu&rsquo;une ballade est port\u00e9e par une voix singuli\u00e8re et une sc\u00e9nographie \u00e9pur\u00e9e, elle peut renverser une finale. C&rsquo;est pr\u00e9cis\u00e9ment le pari ici : miser sur la sobri\u00e9t\u00e9 et la justesse plut\u00f4t que sur l&rsquo;effet pyrotechnique.<\/p>\n<aside style=\"margin:32px 0;padding:24px 28px;background:#fdf5f7;border-left:4px solid #8a3a55;border-radius:6px;\">\n<div style=\"margin:0 0 8px;font-size:12px;letter-spacing:1.5px;text-transform:uppercase;color:#8a3a55;font-weight:700;\">\u26a0\ufe0f \u00c0 garder en t\u00eate<\/div>\n<div style=\"margin:0;font-size:15.5px;line-height:1.6;color:#2a1f3a;\">Le r\u00e9sultat final d\u00e9pend autant du t\u00e9l\u00e9vote europ\u00e9en que du jury professionnel. Les ballades minimalistes captent souvent le jury, tandis que le public r\u00e9compense davantage l&rsquo;intensit\u00e9 sc\u00e9nique. L&rsquo;\u00e9quilibre se joue lors de la performance live, pas en studio.<\/div>\n<\/aside>\n<h3>Eurovision 2025 vs Songs Switzerland Index \u2014 rep\u00e8res chiffr\u00e9s<\/h3>\n<div style=\"margin:24px 0;overflow-x:auto;\">\n<table style=\"width:100%;border-collapse:collapse;background:#ffffff;border:1px solid #e7dfee;border-radius:8px;overflow:hidden;font-size:14.5px;\">\n<thead>\n<tr style=\"background:#3a2a4d;color:#ffffff;\">\n<th style=\"padding:14px 16px;text-align:left;font-weight:700;letter-spacing:0.5px;\">Rep\u00e8re<\/th>\n<th style=\"padding:14px 16px;text-align:left;font-weight:700;letter-spacing:0.5px;\">Eurovision 2025 (Suisse)<\/th>\n<th style=\"padding:14px 16px;text-align:left;font-weight:700;letter-spacing:0.5px;\">Tendance suisse r\u00e9cente<\/th>\n<\/tr>\n<\/thead>\n<tbody>\n<tr style=\"border-bottom:1px solid #e7dfee;\">\n<td style=\"padding:13px 16px;font-weight:600;color:#3a2a4d;\">Langue dominante<\/td>\n<td style=\"padding:13px 16px;color:#2a1f3a;\">Fran\u00e7ais (ballade intime)<\/td>\n<td style=\"padding:13px 16px;color:#4a3a5a;\">Alternance allemand \/ anglais \/ italien<\/td>\n<\/tr>\n<tr style=\"background:#faf7fc;border-bottom:1px solid #e7dfee;\">\n<td style=\"padding:13px 16px;font-weight:600;color:#3a2a4d;\">Format musical<\/td>\n<td style=\"padding:13px 16px;color:#2a1f3a;\">Pop po\u00e9tique, ballade<\/td>\n<td style=\"padding:13px 16px;color:#4a3a5a;\">Pop, \u00e9lectro, chanson \u2014 large palette<\/td>\n<\/tr>\n<tr style=\"border-bottom:1px solid #e7dfee;\">\n<td style=\"padding:13px 16px;font-weight:600;color:#3a2a4d;\">Profil artiste<\/td>\n<td style=\"padding:13px 16px;color:#2a1f3a;\">Auteure-compositrice bilingue<\/td>\n<td style=\"padding:13px 16px;color:#4a3a5a;\">Vivier \u00e9mergent valoris\u00e9 par SRF 3<\/td>\n<\/tr>\n<tr style=\"background:#faf7fc;border-bottom:1px solid #e7dfee;\">\n<td style=\"padding:13px 16px;font-weight:600;color:#3a2a4d;\">Sc\u00e8ne-\u00e9cole<\/td>\n<td style=\"padding:13px 16px;color:#2a1f3a;\">Montreux Jazz Festival<\/td>\n<td style=\"padding:13px 16px;color:#4a3a5a;\">Festivals indoor + tourn\u00e9es clubs<\/td>\n<\/tr>\n<tr>\n<td style=\"padding:13px 16px;font-weight:600;color:#3a2a4d;\">Angle narratif<\/td>\n<td style=\"padding:13px 16px;color:#2a1f3a;\">Voyage int\u00e9rieur, identit\u00e9<\/td>\n<td style=\"padding:13px 16px;color:#4a3a5a;\">R\u00e9cits personnels et introspection<\/td>\n<\/tr>\n<\/tbody>\n<\/table>\n<\/div>\n<h2>Pourquoi cette candidature peut r\u00e9sonner<\/h2>\n<p>La force d&rsquo;une participation Eurovision ne se mesure pas qu&rsquo;au compteur final. Elle se lit dans la trajectoire que la chanson ouvre \u00e0 l&rsquo;artiste : tourn\u00e9es europ\u00e9ennes, playlists radio, plateformes streaming, partenariats. C&rsquo;est un tremplin discret mais durable, \u00e0 condition d&rsquo;arriver avec un univers d\u00e9j\u00e0 charpent\u00e9.<\/p>\n<aside style=\"margin:36px 0;padding:32px;background:linear-gradient(135deg,#3a2a4d 0%,#241a35 100%);border-radius:10px;color:#ffffff;\">\n<div style=\"margin:0 0 12px;font-size:11px;letter-spacing:2px;text-transform:uppercase;color:#c4adde;font-weight:700;\">Check-list de la semaine Eurovision<\/div>\n<div style=\"display:grid;grid-template-columns:1fr;gap:10px;\">\n<div style=\"display:flex;align-items:flex-start;gap:12px;font-size:15px;line-height:1.5;\"><span style=\"color:#c4adde;font-size:18px;line-height:1;margin-top:2px;\">\u2713<\/span><span>\u00c9couter le titre int\u00e9gral avant la diffusion t\u00e9l\u00e9 pour s&rsquo;impr\u00e9gner de la m\u00e9lodie et de la prosodie.<\/span><\/div>\n<div style=\"display:flex;align-items:flex-start;gap:12px;font-size:15px;line-height:1.5;\"><span style=\"color:#c4adde;font-size:18px;line-height:1;margin-top:2px;\">\u2713<\/span><span>Rep\u00e9rer la couleur sc\u00e9nographique : \u00e9clairage, gestuelle, choix vestimentaires \u2014 l&rsquo;\u00e9crin compte autant que la voix.<\/span><\/div>\n<div style=\"display:flex;align-items:flex-start;gap:12px;font-size:15px;line-height:1.5;\"><span style=\"color:#c4adde;font-size:18px;line-height:1;margin-top:2px;\">\u2713<\/span><span>Suivre les r\u00e9p\u00e9titions g\u00e9n\u00e9rales relay\u00e9es par les m\u00e9dias sp\u00e9cialis\u00e9s pour anticiper la performance finale.<\/span><\/div>\n<div style=\"display:flex;align-items:flex-start;gap:12px;font-size:15px;line-height:1.5;\"><span style=\"color:#c4adde;font-size:18px;line-height:1;margin-top:2px;\">\u2713<\/span><span>Comparer la version studio et la version live : c&rsquo;est souvent l\u00e0 que se joue le basculement \u00e9motionnel.<\/span><\/div>\n<div style=\"display:flex;align-items:flex-start;gap:12px;font-size:15px;line-height:1.5;\"><span style=\"color:#c4adde;font-size:18px;line-height:1;margin-top:2px;\">\u2713<\/span><span>Pr\u00e9parer son rituel de visionnage en famille ou entre amis pour vibrer en temps r\u00e9el avec le reste de l&rsquo;Europe.<\/span><\/div>\n<\/div>\n<\/aside>\n<h3>Un atout langue, un atout r\u00e9cit<\/h3>\n<p>La chanson en fran\u00e7ais reste un parti pris fort dans une comp\u00e9tition largement domin\u00e9e par l&rsquo;anglais. Cette singularit\u00e9 cr\u00e9e un rep\u00e8re pour le t\u00e9l\u00e9spectateur, surtout lorsqu&rsquo;elle s&rsquo;accompagne d&rsquo;une voix qui n&rsquo;imite personne. On retiendra une m\u00e9lodie autant qu&rsquo;une pr\u00e9sence \u2014 c&rsquo;est l\u00e0 que se jouent les meilleures soir\u00e9es Eurovision.<\/p>\n<h2>Synth\u00e8se \u2014 un voyage \u00e0 suivre<\/h2>\n<p>Entre une trajectoire patiemment construite, un titre \u00e0 fleur de peau et une repr\u00e9sentation nationale honor\u00e9e, cette candidature coche les cases d&rsquo;une participation qui peut surprendre. Reste d\u00e9sormais \u00e0 voir comment la performance sc\u00e9nique habillera la chanson, et comment le public europ\u00e9en l&rsquo;accueillera. Et vous, qu&rsquo;attendez-vous d&rsquo;une ballade Eurovision id\u00e9ale ? Partagez vos pens\u00e9es dans les commentaires ci-dessous.<\/p>\n<section style=\"margin:40px 0;padding:32px;background:#faf7fc;border-radius:10px;border:1px solid #e7dfee;\">\n<div style=\"margin:0 0 18px;font-size:12px;letter-spacing:2px;text-transform:uppercase;color:#3a2a4d;font-weight:700;\">Questions fr\u00e9quentes<\/div>\n<details style=\"margin-bottom:10px;padding:16px 18px;background:#ffffff;border:1px solid #e7dfee;border-radius:6px;\" open>\n<summary style=\"cursor:pointer;font-weight:700;color:#2a1f3a;font-size:15.5px;list-style:none;\">Pourquoi avoir choisi une ballade en fran\u00e7ais pour l&rsquo;Eurovision ?<\/summary>\n<div style=\"margin-top:12px;font-size:14.5px;line-height:1.6;color:#4a3a5a;\">Parce que c&rsquo;est la langue dans laquelle Zo\u00eb M\u00eb \u00e9crit avec le plus de pr\u00e9cision \u00e9motionnelle. Le fran\u00e7ais lui permet de jouer sur des nuances de prosodie et d&rsquo;imaginaire sp\u00e9cifiques, qu&rsquo;un titre uniquement anglophone ne porterait pas de la m\u00eame mani\u00e8re.<\/div>\n<\/details>\n<details style=\"margin-bottom:10px;padding:16px 18px;background:#ffffff;border:1px solid #e7dfee;border-radius:6px;\">\n<summary style=\"cursor:pointer;font-weight:700;color:#2a1f3a;font-size:15.5px;list-style:none;\">Comment la Suisse a-t-elle s\u00e9lectionn\u00e9 sa repr\u00e9sentante ?<\/summary>\n<div style=\"margin-top:12px;font-size:14.5px;line-height:1.6;color:#4a3a5a;\">Le radiodiffuseur suisse proc\u00e8de chaque ann\u00e9e \u00e0 une s\u00e9lection interne, en s&rsquo;appuyant notamment sur les artistes \u00e9mergents rep\u00e9r\u00e9s par ses dispositifs musicaux (dont SRF 3 Best Talent). L&rsquo;objectif : trouver une voix capable de d\u00e9fendre une chanson originale sur la sc\u00e8ne internationale.<\/div>\n<\/details>\n<details style=\"margin-bottom:10px;padding:16px 18px;background:#ffffff;border:1px solid #e7dfee;border-radius:6px;\">\n<summary style=\"cursor:pointer;font-weight:700;color:#2a1f3a;font-size:15.5px;list-style:none;\">Que raconte pr\u00e9cis\u00e9ment la chanson \u00ab Voyage \u00bb ?<\/summary>\n<div style=\"margin-top:12px;font-size:14.5px;line-height:1.6;color:#4a3a5a;\">Elle \u00e9voque un cheminement int\u00e9rieur : la recherche d&rsquo;identit\u00e9, le besoin de connexion \u00e0 soi et aux autres, et l&rsquo;id\u00e9e que chaque \u00e9motion travers\u00e9e constitue une \u00e9tape du voyage. La m\u00e9lodie traduit cette progression, avec un crescendo discret plut\u00f4t qu&rsquo;un climax frontal.<\/div>\n<\/details>\n<details style=\"margin-bottom:10px;padding:16px 18px;background:#ffffff;border:1px solid #e7dfee;border-radius:6px;\">\n<summary style=\"cursor:pointer;font-weight:700;color:#2a1f3a;font-size:15.5px;list-style:none;\">Quelles sc\u00e8nes ont pr\u00e9par\u00e9 Zo\u00eb M\u00eb \u00e0 un \u00e9v\u00e9nement de cette ampleur ?<\/summary>\n<div style=\"margin-top:12px;font-size:14.5px;line-height:1.6;color:#4a3a5a;\">Outre les premi\u00e8res parties locales, elle est pass\u00e9e par le Montreux Jazz Festival, l&rsquo;une des r\u00e9f\u00e9rences suisses pour les artistes en \u00e9mergence. Ces \u00e9tapes lui ont permis d&rsquo;\u00e9prouver son set face \u00e0 des publics exigeants, ce qui se ressent dans son aisance sc\u00e9nique.<\/div>\n<\/details>\n<details style=\"margin-bottom:0;padding:16px 18px;background:#ffffff;border:1px solid #e7dfee;border-radius:6px;\">\n<summary style=\"cursor:pointer;font-weight:700;color:#2a1f3a;font-size:15.5px;list-style:none;\">\u00c0 quoi peut-on s&rsquo;attendre c\u00f4t\u00e9 mise en sc\u00e8ne ?<\/summary>\n<div style=\"margin-top:12px;font-size:14.5px;line-height:1.6;color:#4a3a5a;\">Tout indique une sc\u00e9nographie \u00e9pur\u00e9e, centr\u00e9e sur la voix et l&rsquo;\u00e9motion plut\u00f4t que sur les effets spectaculaires. C&rsquo;est g\u00e9n\u00e9ralement le format qui sert le mieux une ballade po\u00e9tique : on laisse la m\u00e9lodie occuper l&rsquo;espace, et l&rsquo;image suit la chanson plut\u00f4t que l&rsquo;inverse.<\/div>\n<\/details>\n<\/section>\n","protected":false},"excerpt":{"rendered":"","protected":false},"author":34,"featured_media":19846,"comment_status":"open","ping_status":"open","sticky":false,"template":"","format":"standard","meta":{"_acf_changed":false,"manual_indexmenow":false,"indexmenow_id_project":0,"footnotes":""},"categories":[4520],"tags":[4221,4527,4636,3800,4625],"class_list":["post-14608","post","type-post","status-publish","format-standard","has-post-thumbnail","hentry","category-destinations-aventure","tag-culture","tag-decouverte-culturelle","tag-destinations","tag-emotions","tag-passion-du-voyage","generate-columns","tablet-grid-50","mobile-grid-100","grid-parent","grid-25"],"acf":[],"yoast_head":"<!-- This site is optimized with the Yoast SEO Premium plugin v21.3 (Yoast SEO v25.1) - https:\/\/yoast.com\/wordpress\/plugins\/seo\/ -->\n<title>D\u00e9couvrez le nouveau titre &quot;Voyage&quot; de Zo\u00eb M\u00eb pour<\/title>\n<meta name=\"description\" content=\"Une ballade en fran\u00e7ais sign\u00e9e Zo\u00eb M\u00eb portera les couleurs helv\u00e9tiques sur la sc\u00e8ne de l&#039;Eurovision 2025. Originaire de B\u00e2le, la jeune interpr\u00e8te bilingue\" \/>\n<meta name=\"robots\" content=\"index, follow, max-snippet:-1, max-image-preview:large, max-video-preview:-1\" \/>\n<link rel=\"canonical\" href=\"https:\/\/voyage-aventure.com\/blog\/destinations-aventure\/decouvrez-le-nouveau-titre-voyage-de-zoe-me-pour-leurovision-2025-en-suisse\/\" \/>\n<meta property=\"og:locale\" content=\"fr_FR\" \/>\n<meta property=\"og:type\" content=\"article\" \/>\n<meta property=\"og:title\" content=\"D\u00e9couvrez le nouveau titre &quot;Voyage&quot; de Zo\u00eb M\u00eb pour\" \/>\n<meta property=\"og:description\" content=\"Une ballade en fran\u00e7ais sign\u00e9e Zo\u00eb M\u00eb portera les couleurs helv\u00e9tiques sur la sc\u00e8ne de l&#039;Eurovision 2025. Originaire de B\u00e2le, la jeune interpr\u00e8te bilingue\" \/>\n<meta property=\"og:url\" content=\"https:\/\/voyage-aventure.com\/blog\/destinations-aventure\/decouvrez-le-nouveau-titre-voyage-de-zoe-me-pour-leurovision-2025-en-suisse\/\" \/>\n<meta property=\"og:site_name\" content=\"voyage-aventure\" \/>\n<meta property=\"og:image\" content=\"https:\/\/voyage-aventure.com\/blog\/wp-content\/uploads\/2025\/05\/sdxl-e70b5616ae6799aaaaaeb19213d3f82b-scaled.png\" \/>\n\t<meta property=\"og:image:width\" content=\"1200\" \/>\n\t<meta property=\"og:image:height\" content=\"500\" \/>\n\t<meta property=\"og:image:type\" content=\"image\/png\" \/>\n<meta name=\"author\" content=\"Camille Rouvray\" \/>\n<meta name=\"twitter:card\" content=\"summary_large_image\" \/>\n<script type=\"application\/ld+json\" class=\"yoast-schema-graph\">{\"@context\":\"https:\/\/schema.org\",\"@graph\":[{\"@type\":\"NewsArticle\",\"@id\":\"https:\/\/voyage-aventure.com\/blog\/destinations-aventure\/decouvrez-le-nouveau-titre-voyage-de-zoe-me-pour-leurovision-2025-en-suisse\/#article\",\"isPartOf\":{\"@id\":\"https:\/\/voyage-aventure.com\/blog\/destinations-aventure\/decouvrez-le-nouveau-titre-voyage-de-zoe-me-pour-leurovision-2025-en-suisse\/\"},\"author\":{\"name\":\"Camille Rouvray\",\"@id\":\"https:\/\/voyage-aventure.com\/blog\/#\/schema\/person\/3c864cdc320801e3db34b663e7e3f816\"},\"headline\":\"D\u00e9couvrez le nouveau titre \u00ab\u00a0Voyage\u00a0\u00bb de Zo\u00eb M\u00eb pour l&rsquo;Eurovision 2025 en Suisse\",\"datePublished\":\"2026-05-18T19:01:13+00:00\",\"mainEntityOfPage\":{\"@id\":\"https:\/\/voyage-aventure.com\/blog\/destinations-aventure\/decouvrez-le-nouveau-titre-voyage-de-zoe-me-pour-leurovision-2025-en-suisse\/\"},\"wordCount\":1594,\"commentCount\":19,\"publisher\":{\"@id\":\"https:\/\/voyage-aventure.com\/blog\/#organization\"},\"image\":{\"@id\":\"https:\/\/voyage-aventure.com\/blog\/destinations-aventure\/decouvrez-le-nouveau-titre-voyage-de-zoe-me-pour-leurovision-2025-en-suisse\/#primaryimage\"},\"thumbnailUrl\":\"https:\/\/voyage-aventure.com\/blog\/wp-content\/uploads\/2025\/05\/sdxl-e70b5616ae6799aaaaaeb19213d3f82b-scaled.png\",\"keywords\":[\"Culture\",\"D\u00e9couverte Culturelle\",\"Destinations\",\"\u00c9motions\",\"Passion Du Voyage\"],\"articleSection\":[\"Destinations Aventure\"],\"inLanguage\":\"fr-FR\",\"potentialAction\":[{\"@type\":\"CommentAction\",\"name\":\"Comment\",\"target\":[\"https:\/\/voyage-aventure.com\/blog\/destinations-aventure\/decouvrez-le-nouveau-titre-voyage-de-zoe-me-pour-leurovision-2025-en-suisse\/#respond\"]}]},{\"@type\":\"WebPage\",\"@id\":\"https:\/\/voyage-aventure.com\/blog\/destinations-aventure\/decouvrez-le-nouveau-titre-voyage-de-zoe-me-pour-leurovision-2025-en-suisse\/\",\"url\":\"https:\/\/voyage-aventure.com\/blog\/destinations-aventure\/decouvrez-le-nouveau-titre-voyage-de-zoe-me-pour-leurovision-2025-en-suisse\/\",\"name\":\"D\u00e9couvrez le nouveau titre \\\"Voyage\\\" de Zo\u00eb M\u00eb pour\",\"isPartOf\":{\"@id\":\"https:\/\/voyage-aventure.com\/blog\/#website\"},\"primaryImageOfPage\":{\"@id\":\"https:\/\/voyage-aventure.com\/blog\/destinations-aventure\/decouvrez-le-nouveau-titre-voyage-de-zoe-me-pour-leurovision-2025-en-suisse\/#primaryimage\"},\"image\":{\"@id\":\"https:\/\/voyage-aventure.com\/blog\/destinations-aventure\/decouvrez-le-nouveau-titre-voyage-de-zoe-me-pour-leurovision-2025-en-suisse\/#primaryimage\"},\"thumbnailUrl\":\"https:\/\/voyage-aventure.com\/blog\/wp-content\/uploads\/2025\/05\/sdxl-e70b5616ae6799aaaaaeb19213d3f82b-scaled.png\",\"datePublished\":\"2026-05-18T19:01:13+00:00\",\"description\":\"Une ballade en fran\u00e7ais sign\u00e9e Zo\u00eb M\u00eb portera les couleurs helv\u00e9tiques sur la sc\u00e8ne de l'Eurovision 2025. Originaire de B\u00e2le, la jeune interpr\u00e8te bilingue\",\"inLanguage\":\"fr-FR\",\"potentialAction\":[{\"@type\":\"ReadAction\",\"target\":[\"https:\/\/voyage-aventure.com\/blog\/destinations-aventure\/decouvrez-le-nouveau-titre-voyage-de-zoe-me-pour-leurovision-2025-en-suisse\/\"]}]},{\"@type\":\"ImageObject\",\"inLanguage\":\"fr-FR\",\"@id\":\"https:\/\/voyage-aventure.com\/blog\/destinations-aventure\/decouvrez-le-nouveau-titre-voyage-de-zoe-me-pour-leurovision-2025-en-suisse\/#primaryimage\",\"url\":\"https:\/\/voyage-aventure.com\/blog\/wp-content\/uploads\/2025\/05\/sdxl-e70b5616ae6799aaaaaeb19213d3f82b-scaled.png\",\"contentUrl\":\"https:\/\/voyage-aventure.com\/blog\/wp-content\/uploads\/2025\/05\/sdxl-e70b5616ae6799aaaaaeb19213d3f82b-scaled.png\",\"width\":1200,\"height\":500},{\"@type\":\"WebSite\",\"@id\":\"https:\/\/voyage-aventure.com\/blog\/#website\",\"url\":\"https:\/\/voyage-aventure.com\/blog\/\",\"name\":\"voyage-aventure.com\",\"description\":\"Votre passeport pour l\u2019inattendu.\",\"publisher\":{\"@id\":\"https:\/\/voyage-aventure.com\/blog\/#organization\"},\"alternateName\":\"Votre passeport pour l\u2019inattendu.\",\"potentialAction\":[{\"@type\":\"SearchAction\",\"target\":{\"@type\":\"EntryPoint\",\"urlTemplate\":\"https:\/\/voyage-aventure.com\/blog\/?s={search_term_string}\"},\"query-input\":{\"@type\":\"PropertyValueSpecification\",\"valueRequired\":true,\"valueName\":\"search_term_string\"}}],\"inLanguage\":\"fr-FR\"},{\"@type\":\"Organization\",\"@id\":\"https:\/\/voyage-aventure.com\/blog\/#organization\",\"name\":\"Foretsensations.fr\",\"url\":\"https:\/\/voyage-aventure.com\/blog\/\",\"logo\":{\"@type\":\"ImageObject\",\"inLanguage\":\"fr-FR\",\"@id\":\"https:\/\/voyage-aventure.com\/blog\/#\/schema\/logo\/image\/\",\"url\":\"https:\/\/voyage-aventure.com\/blog\/wp-content\/uploads\/2024\/12\/19.png\",\"contentUrl\":\"https:\/\/voyage-aventure.com\/blog\/wp-content\/uploads\/2024\/12\/19.png\",\"width\":512,\"height\":512,\"caption\":\"Foretsensations.fr\"},\"image\":{\"@id\":\"https:\/\/voyage-aventure.com\/blog\/#\/schema\/logo\/image\/\"}},{\"@type\":\"Person\",\"@id\":\"https:\/\/voyage-aventure.com\/blog\/#\/schema\/person\/3c864cdc320801e3db34b663e7e3f816\",\"name\":\"Camille Rouvray\",\"image\":{\"@type\":\"ImageObject\",\"inLanguage\":\"fr-FR\",\"@id\":\"https:\/\/voyage-aventure.com\/blog\/#\/schema\/person\/image\/\",\"url\":\"https:\/\/voyage-aventure.com\/blog\/wp-content\/uploads\/2026\/06\/persona_camille-r-96x96.jpg\",\"contentUrl\":\"https:\/\/voyage-aventure.com\/blog\/wp-content\/uploads\/2026\/06\/persona_camille-r-96x96.jpg\",\"caption\":\"Camille Rouvray\"},\"description\":\"Je voyage et j'\u00e9cris sur le voyage depuis une douzaine d'ann\u00e9es, d'abord en tant que routarde au long cours, puis comme r\u00e9dactrice sp\u00e9cialis\u00e9e. Mon terrain de pr\u00e9dilection, ce sont les circuits organis\u00e9s et l'art de bien pr\u00e9parer un itin\u00e9raire : choix de la saison, dur\u00e9e r\u00e9aliste des \u00e9tapes, budget jour par jour, logement et transport sur place. J'aime aussi raconter les p\u00e9pites urbaines, ces adresses qu'on ne trouve pas dans les guides classiques. Avant de publier un dossier destination, je croise toujours plusieurs sources, je v\u00e9rifie les tarifs et les formalit\u00e9s d'entr\u00e9e \u00e0 jour, et je teste moi-m\u00eame quand je le peux. Mon angle reste pratique avant tout : aider le lecteur \u00e0 partir l'esprit tranquille, sans mauvaise surprise une fois sur place. Je m'attache \u00e0 distinguer le coup de c\u0153ur sinc\u00e8re du simple argument marketing.\",\"sameAs\":[\"https:\/\/camillerouvray.fr\/\"],\"url\":\"https:\/\/voyage-aventure.com\/blog\/auteur\/noname\/\"}]}<\/script>\n<!-- \/ Yoast SEO Premium plugin. -->","yoast_head_json":{"title":"D\u00e9couvrez le nouveau titre \"Voyage\" de Zo\u00eb M\u00eb pour","description":"Une ballade en fran\u00e7ais sign\u00e9e Zo\u00eb M\u00eb portera les couleurs helv\u00e9tiques sur la sc\u00e8ne de l'Eurovision 2025. Originaire de B\u00e2le, la jeune interpr\u00e8te bilingue","robots":{"index":"index","follow":"follow","max-snippet":"max-snippet:-1","max-image-preview":"max-image-preview:large","max-video-preview":"max-video-preview:-1"},"canonical":"https:\/\/voyage-aventure.com\/blog\/destinations-aventure\/decouvrez-le-nouveau-titre-voyage-de-zoe-me-pour-leurovision-2025-en-suisse\/","og_locale":"fr_FR","og_type":"article","og_title":"D\u00e9couvrez le nouveau titre \"Voyage\" de Zo\u00eb M\u00eb pour","og_description":"Une ballade en fran\u00e7ais sign\u00e9e Zo\u00eb M\u00eb portera les couleurs helv\u00e9tiques sur la sc\u00e8ne de l'Eurovision 2025. Originaire de B\u00e2le, la jeune interpr\u00e8te bilingue","og_url":"https:\/\/voyage-aventure.com\/blog\/destinations-aventure\/decouvrez-le-nouveau-titre-voyage-de-zoe-me-pour-leurovision-2025-en-suisse\/","og_site_name":"voyage-aventure","og_image":[{"width":1200,"height":500,"url":"https:\/\/voyage-aventure.com\/blog\/wp-content\/uploads\/2025\/05\/sdxl-e70b5616ae6799aaaaaeb19213d3f82b-scaled.png","type":"image\/png"}],"author":"Camille Rouvray","twitter_card":"summary_large_image","schema":{"@context":"https:\/\/schema.org","@graph":[{"@type":"NewsArticle","@id":"https:\/\/voyage-aventure.com\/blog\/destinations-aventure\/decouvrez-le-nouveau-titre-voyage-de-zoe-me-pour-leurovision-2025-en-suisse\/#article","isPartOf":{"@id":"https:\/\/voyage-aventure.com\/blog\/destinations-aventure\/decouvrez-le-nouveau-titre-voyage-de-zoe-me-pour-leurovision-2025-en-suisse\/"},"author":{"name":"Camille Rouvray","@id":"https:\/\/voyage-aventure.com\/blog\/#\/schema\/person\/3c864cdc320801e3db34b663e7e3f816"},"headline":"D\u00e9couvrez le nouveau titre \u00ab\u00a0Voyage\u00a0\u00bb de Zo\u00eb M\u00eb pour l&rsquo;Eurovision 2025 en Suisse","datePublished":"2026-05-18T19:01:13+00:00","mainEntityOfPage":{"@id":"https:\/\/voyage-aventure.com\/blog\/destinations-aventure\/decouvrez-le-nouveau-titre-voyage-de-zoe-me-pour-leurovision-2025-en-suisse\/"},"wordCount":1594,"commentCount":19,"publisher":{"@id":"https:\/\/voyage-aventure.com\/blog\/#organization"},"image":{"@id":"https:\/\/voyage-aventure.com\/blog\/destinations-aventure\/decouvrez-le-nouveau-titre-voyage-de-zoe-me-pour-leurovision-2025-en-suisse\/#primaryimage"},"thumbnailUrl":"https:\/\/voyage-aventure.com\/blog\/wp-content\/uploads\/2025\/05\/sdxl-e70b5616ae6799aaaaaeb19213d3f82b-scaled.png","keywords":["Culture","D\u00e9couverte Culturelle","Destinations","\u00c9motions","Passion Du Voyage"],"articleSection":["Destinations Aventure"],"inLanguage":"fr-FR","potentialAction":[{"@type":"CommentAction","name":"Comment","target":["https:\/\/voyage-aventure.com\/blog\/destinations-aventure\/decouvrez-le-nouveau-titre-voyage-de-zoe-me-pour-leurovision-2025-en-suisse\/#respond"]}]},{"@type":"WebPage","@id":"https:\/\/voyage-aventure.com\/blog\/destinations-aventure\/decouvrez-le-nouveau-titre-voyage-de-zoe-me-pour-leurovision-2025-en-suisse\/","url":"https:\/\/voyage-aventure.com\/blog\/destinations-aventure\/decouvrez-le-nouveau-titre-voyage-de-zoe-me-pour-leurovision-2025-en-suisse\/","name":"D\u00e9couvrez le nouveau titre \"Voyage\" de Zo\u00eb M\u00eb pour","isPartOf":{"@id":"https:\/\/voyage-aventure.com\/blog\/#website"},"primaryImageOfPage":{"@id":"https:\/\/voyage-aventure.com\/blog\/destinations-aventure\/decouvrez-le-nouveau-titre-voyage-de-zoe-me-pour-leurovision-2025-en-suisse\/#primaryimage"},"image":{"@id":"https:\/\/voyage-aventure.com\/blog\/destinations-aventure\/decouvrez-le-nouveau-titre-voyage-de-zoe-me-pour-leurovision-2025-en-suisse\/#primaryimage"},"thumbnailUrl":"https:\/\/voyage-aventure.com\/blog\/wp-content\/uploads\/2025\/05\/sdxl-e70b5616ae6799aaaaaeb19213d3f82b-scaled.png","datePublished":"2026-05-18T19:01:13+00:00","description":"Une ballade en fran\u00e7ais sign\u00e9e Zo\u00eb M\u00eb portera les couleurs helv\u00e9tiques sur la sc\u00e8ne de l'Eurovision 2025. Originaire de B\u00e2le, la jeune interpr\u00e8te bilingue","inLanguage":"fr-FR","potentialAction":[{"@type":"ReadAction","target":["https:\/\/voyage-aventure.com\/blog\/destinations-aventure\/decouvrez-le-nouveau-titre-voyage-de-zoe-me-pour-leurovision-2025-en-suisse\/"]}]},{"@type":"ImageObject","inLanguage":"fr-FR","@id":"https:\/\/voyage-aventure.com\/blog\/destinations-aventure\/decouvrez-le-nouveau-titre-voyage-de-zoe-me-pour-leurovision-2025-en-suisse\/#primaryimage","url":"https:\/\/voyage-aventure.com\/blog\/wp-content\/uploads\/2025\/05\/sdxl-e70b5616ae6799aaaaaeb19213d3f82b-scaled.png","contentUrl":"https:\/\/voyage-aventure.com\/blog\/wp-content\/uploads\/2025\/05\/sdxl-e70b5616ae6799aaaaaeb19213d3f82b-scaled.png","width":1200,"height":500},{"@type":"WebSite","@id":"https:\/\/voyage-aventure.com\/blog\/#website","url":"https:\/\/voyage-aventure.com\/blog\/","name":"voyage-aventure.com","description":"Votre passeport pour l\u2019inattendu.","publisher":{"@id":"https:\/\/voyage-aventure.com\/blog\/#organization"},"alternateName":"Votre passeport pour l\u2019inattendu.","potentialAction":[{"@type":"SearchAction","target":{"@type":"EntryPoint","urlTemplate":"https:\/\/voyage-aventure.com\/blog\/?s={search_term_string}"},"query-input":{"@type":"PropertyValueSpecification","valueRequired":true,"valueName":"search_term_string"}}],"inLanguage":"fr-FR"},{"@type":"Organization","@id":"https:\/\/voyage-aventure.com\/blog\/#organization","name":"Foretsensations.fr","url":"https:\/\/voyage-aventure.com\/blog\/","logo":{"@type":"ImageObject","inLanguage":"fr-FR","@id":"https:\/\/voyage-aventure.com\/blog\/#\/schema\/logo\/image\/","url":"https:\/\/voyage-aventure.com\/blog\/wp-content\/uploads\/2024\/12\/19.png","contentUrl":"https:\/\/voyage-aventure.com\/blog\/wp-content\/uploads\/2024\/12\/19.png","width":512,"height":512,"caption":"Foretsensations.fr"},"image":{"@id":"https:\/\/voyage-aventure.com\/blog\/#\/schema\/logo\/image\/"}},{"@type":"Person","@id":"https:\/\/voyage-aventure.com\/blog\/#\/schema\/person\/3c864cdc320801e3db34b663e7e3f816","name":"Camille Rouvray","image":{"@type":"ImageObject","inLanguage":"fr-FR","@id":"https:\/\/voyage-aventure.com\/blog\/#\/schema\/person\/image\/","url":"https:\/\/voyage-aventure.com\/blog\/wp-content\/uploads\/2026\/06\/persona_camille-r-96x96.jpg","contentUrl":"https:\/\/voyage-aventure.com\/blog\/wp-content\/uploads\/2026\/06\/persona_camille-r-96x96.jpg","caption":"Camille Rouvray"},"description":"Je voyage et j'\u00e9cris sur le voyage depuis une douzaine d'ann\u00e9es, d'abord en tant que routarde au long cours, puis comme r\u00e9dactrice sp\u00e9cialis\u00e9e. Mon terrain de pr\u00e9dilection, ce sont les circuits organis\u00e9s et l'art de bien pr\u00e9parer un itin\u00e9raire : choix de la saison, dur\u00e9e r\u00e9aliste des \u00e9tapes, budget jour par jour, logement et transport sur place. J'aime aussi raconter les p\u00e9pites urbaines, ces adresses qu'on ne trouve pas dans les guides classiques. Avant de publier un dossier destination, je croise toujours plusieurs sources, je v\u00e9rifie les tarifs et les formalit\u00e9s d'entr\u00e9e \u00e0 jour, et je teste moi-m\u00eame quand je le peux. Mon angle reste pratique avant tout : aider le lecteur \u00e0 partir l'esprit tranquille, sans mauvaise surprise une fois sur place. Je m'attache \u00e0 distinguer le coup de c\u0153ur sinc\u00e8re du simple argument marketing.","sameAs":["https:\/\/camillerouvray.fr\/"],"url":"https:\/\/voyage-aventure.com\/blog\/auteur\/noname\/"}]}},"_links":{"self":[{"href":"https:\/\/voyage-aventure.com\/blog\/wp-json\/wp\/v2\/posts\/14608","targetHints":{"allow":["GET"]}}],"collection":[{"href":"https:\/\/voyage-aventure.com\/blog\/wp-json\/wp\/v2\/posts"}],"about":[{"href":"https:\/\/voyage-aventure.com\/blog\/wp-json\/wp\/v2\/types\/post"}],"author":[{"embeddable":true,"href":"https:\/\/voyage-aventure.com\/blog\/wp-json\/wp\/v2\/users\/34"}],"replies":[{"embeddable":true,"href":"https:\/\/voyage-aventure.com\/blog\/wp-json\/wp\/v2\/comments?post=14608"}],"version-history":[{"count":2,"href":"https:\/\/voyage-aventure.com\/blog\/wp-json\/wp\/v2\/posts\/14608\/revisions"}],"predecessor-version":[{"id":21179,"href":"https:\/\/voyage-aventure.com\/blog\/wp-json\/wp\/v2\/posts\/14608\/revisions\/21179"}],"wp:featuredmedia":[{"embeddable":true,"href":"https:\/\/voyage-aventure.com\/blog\/wp-json\/wp\/v2\/media\/19846"}],"wp:attachment":[{"href":"https:\/\/voyage-aventure.com\/blog\/wp-json\/wp\/v2\/media?parent=14608"}],"wp:term":[{"taxonomy":"category","embeddable":true,"href":"https:\/\/voyage-aventure.com\/blog\/wp-json\/wp\/v2\/categories?post=14608"},{"taxonomy":"post_tag","embeddable":true,"href":"https:\/\/voyage-aventure.com\/blog\/wp-json\/wp\/v2\/tags?post=14608"}],"curies":[{"name":"wp","href":"https:\/\/api.w.org\/{rel}","templated":true}]}}