{"id":14602,"date":"2026-06-16T17:04:07","date_gmt":"2026-06-16T15:04:07","guid":{"rendered":"https:\/\/voyage-aventure.com\/blog\/?p=14602"},"modified":"2026-06-16T17:04:07","modified_gmt":"2026-06-16T15:04:07","slug":"decouvrez-le-plus-grand-yacht-a-voile-du-monde-le-voyage-inaugural-en-2026","status":"publish","type":"post","link":"https:\/\/voyage-aventure.com\/blog\/destinations-aventure\/decouvrez-le-plus-grand-yacht-a-voile-du-monde-le-voyage-inaugural-en-2026\/","title":{"rendered":"D\u00e9couvrez le plus grand yacht \u00e0 voile du monde : le voyage inaugural en 2026"},"content":{"rendered":"<link rel=\"stylesheet\" href=\"https:\/\/fonts.googleapis.com\/css2?family=Fraunces:opsz,wght@9..144,500;9..144,600;9..144,700;9..144,900&#038;family=Inter:wght@400;500;600;700&#038;family=JetBrains+Mono:wght@500&#038;display=swap\">\n<style>\n.va-yacht-wrap{font-family:'Inter',-apple-system,BlinkMacSystemFont,'Segoe UI',sans-serif;color:#1A2233;line-height:1.65;font-size:17px;}\n.va-yacht-wrap h2{font-family:'Fraunces',Georgia,serif;font-weight:700;font-size:clamp(24px,3.2vw,33px);letter-spacing:-0.015em;color:#0F1A30;margin:52px 0 16px;line-height:1.2;}\n.va-yacht-wrap h3{font-family:'Fraunces',Georgia,serif;font-weight:600;font-size:18px;color:#0F1A30;margin:0 0 6px;letter-spacing:-0.01em;}\n.va-yacht-wrap p{font-size:17px;line-height:1.65;margin:0 0 18px;}\n.va-yacht-kick{font-family:'JetBrains Mono',monospace;font-size:11px;font-weight:500;text-transform:uppercase;letter-spacing:2.4px;color:#1E3A8A;display:block;margin-bottom:10px;}\n.va-yacht-lead{font-size:19px;line-height:1.55;color:#2A3349;font-weight:500;border-left:4px solid #1E3A8A;padding:4px 0 4px 20px;margin:22px 0 28px;}\n.va-yacht-brief{background:#EEF2FB;border:1px solid #D5DEF4;border-left:5px solid #1E3A8A;border-radius:0 8px 8px 0;padding:24px 26px;margin:28px 0;}\n.va-yacht-brief .va-yacht-kick{margin-bottom:12px;}\n.va-yacht-brief .va-yacht-answer{font-size:17px;line-height:1.6;color:#1A2233;margin-bottom:16px;}\n.va-yacht-brief ul{margin:0;padding-left:0;list-style:none;}\n.va-yacht-brief li{display:flex;gap:10px;align-items:flex-start;font-size:15px;line-height:1.55;color:#22304B;padding:6px 0;}\n.va-yacht-brief li span.va-yacht-dot{flex:0 0 7px;width:7px;height:7px;border-radius:50%;background:#1E3A8A;margin-top:8px;}\n.va-yacht-grid{display:grid;grid-template-columns:repeat(auto-fit,minmax(220px,1fr));gap:16px;margin:28px 0;}\n.va-yacht-card{background:#fff;border:1px solid #DDE3EE;border-top:3px solid #1E3A8A;border-radius:8px;padding:20px 20px 18px;box-shadow:0 1px 2px rgba(16,24,40,.05),0 14px 30px -20px rgba(30,58,138,.35);transition:.25s ease;}\n.va-yacht-card:hover{transform:translateY(-3px);box-shadow:0 1px 2px rgba(16,24,40,.06),0 20px 34px -18px rgba(30,58,138,.45);border-top-color:#16306E;}\n.va-yacht-num{font-family:'JetBrains Mono',monospace;font-size:13px;font-weight:500;color:#1E3A8A;display:inline-block;background:#EEF2FB;border-radius:6px;padding:3px 9px;margin-bottom:12px;}\n.va-yacht-card .va-yacht-txt{font-size:14px;line-height:1.55;color:#46506A;}\n.va-yacht-stats{display:grid;grid-template-columns:repeat(auto-fit,minmax(150px,1fr));background:#0F1A30;border-radius:10px;overflow:hidden;margin:32px 0;}\n.va-yacht-stat{padding:24px 16px;text-align:center;border-right:1px solid #1F2C49;}\n.va-yacht-stat:last-child{border-right:none;}\n.va-yacht-stat .va-yacht-fig{font-family:'Fraunces',Georgia,serif;font-size:34px;font-weight:900;color:#fff;letter-spacing:-0.03em;line-height:1;}\n.va-yacht-stat .va-yacht-fig.acc{color:#8AA6F0;}\n.va-yacht-stat .va-yacht-lbl{font-family:'JetBrains Mono',monospace;font-size:10px;text-transform:uppercase;letter-spacing:1.5px;color:#9AA6C2;margin-top:9px;}\n.va-yacht-quote{margin:40px auto;padding:30px 24px;text-align:center;border-top:1px solid #1E3A8A;border-bottom:1px solid #1E3A8A;max-width:660px;position:relative;}\n.va-yacht-quote .va-yacht-mark{position:absolute;top:-22px;left:50%;transform:translateX(-50%);background:#fff;padding:0 14px;font-family:'Fraunces',Georgia,serif;font-size:50px;line-height:1;color:#1E3A8A;}\n.va-yacht-quote blockquote{margin:0;padding:0;font-family:'Fraunces',Georgia,serif;font-size:24px;line-height:1.42;font-style:italic;font-weight:500;color:#0F1A30;}\n.va-yacht-quote .va-yacht-cite{margin-top:14px;font-family:'JetBrains Mono',monospace;font-size:11px;text-transform:uppercase;letter-spacing:2px;color:#5A6480;}\n.va-yacht-retain{background:#F6F8FD;border:1px solid #DDE3EE;border-radius:10px;padding:24px 26px;margin:34px 0;}\n.va-yacht-retain ul{margin:0;padding:0;list-style:none;display:grid;grid-template-columns:repeat(auto-fit,minmax(240px,1fr));gap:10px;}\n.va-yacht-retain li{display:flex;gap:11px;align-items:flex-start;background:#fff;border:1px solid #E2E7F1;border-radius:7px;padding:12px 14px;font-size:14.5px;line-height:1.5;color:#22304B;}\n.va-yacht-retain li span.va-yacht-chk{flex:0 0 20px;width:20px;height:20px;border-radius:50%;background:#1E3A8A;color:#fff;display:inline-flex;align-items:center;justify-content:center;font-size:12px;}\n.va-yacht-faq{margin:36px 0;}\n.va-yacht-faq h2{margin-bottom:14px;}\n.va-yacht-faq details{border-bottom:1px solid #DDE3EE;}\n.va-yacht-faq summary{cursor:pointer;padding:16px 0;font-family:'Fraunces',Georgia,serif;font-size:18px;font-weight:600;color:#0F1A30;list-style:none;display:flex;justify-content:space-between;gap:14px;align-items:center;}\n.va-yacht-faq summary::-webkit-details-marker{display:none;}\n.va-yacht-faq summary .va-yacht-plus{font-size:24px;font-weight:400;color:#1E3A8A;line-height:1;}\n.va-yacht-faq .va-yacht-ans{padding:0 0 16px;font-size:15.5px;line-height:1.7;color:#46506A;}\n.va-yacht-wrap a{color:#1E3A8A;text-decoration:underline;text-underline-offset:2px;}\n@media(max-width:640px){.va-yacht-stat{border-right:none;border-bottom:1px solid #1F2C49;}}\n\/*RENDERFIX2*\/.va-yacht-brief li span.va-yacht-dot{color:#eef3f9!important}.va-yacht-brief li span.va-yacht-dot p,.va-yacht-brief li span.va-yacht-dot li,.va-yacht-brief li span.va-yacht-dot strong,.va-yacht-brief li span.va-yacht-dot em,.va-yacht-brief li span.va-yacht-dot a,.va-yacht-brief li span.va-yacht-dot span,.va-yacht-brief li span.va-yacht-dot b,.va-yacht-brief li span.va-yacht-dot td,.va-yacht-brief li span.va-yacht-dot th,.va-yacht-brief li span.va-yacht-dot h2,.va-yacht-brief li span.va-yacht-dot h3,.va-yacht-brief li span.va-yacht-dot h4{color:#eef3f9!important}.va-yacht-brief li span.va-yacht-dot strong,.va-yacht-brief li span.va-yacht-dot b{color:#ffffff!important}.va-yacht-stats{color:#eef3f9!important}.va-yacht-stats p,.va-yacht-stats li,.va-yacht-stats strong,.va-yacht-stats em,.va-yacht-stats a,.va-yacht-stats span,.va-yacht-stats b,.va-yacht-stats td,.va-yacht-stats th,.va-yacht-stats h2,.va-yacht-stats h3,.va-yacht-stats h4{color:#eef3f9!important}.va-yacht-stats strong,.va-yacht-stats b{color:#ffffff!important}.va-yacht-retain li span.va-yacht-chk{color:#eef3f9!important}.va-yacht-retain li span.va-yacht-chk p,.va-yacht-retain li span.va-yacht-chk li,.va-yacht-retain li span.va-yacht-chk strong,.va-yacht-retain li span.va-yacht-chk em,.va-yacht-retain li span.va-yacht-chk a,.va-yacht-retain li span.va-yacht-chk span,.va-yacht-retain li span.va-yacht-chk b,.va-yacht-retain li span.va-yacht-chk td,.va-yacht-retain li span.va-yacht-chk th,.va-yacht-retain li span.va-yacht-chk h2,.va-yacht-retain li span.va-yacht-chk h3,.va-yacht-retain li span.va-yacht-chk h4{color:#eef3f9!important}.va-yacht-retain li span.va-yacht-chk strong,.va-yacht-retain li span.va-yacht-chk b{color:#ffffff!important}<\/style>\n<div class=\"va-yacht-wrap\">\n<div class=\"va-yacht-lead\">L&rsquo;Orient Express Corinthian s&rsquo;annonce comme le plus grand yacht \u00e0 voile du monde. Trois m\u00e2ts, des int\u00e9rieurs inspir\u00e9s de la M\u00e9diterran\u00e9e et une promesse claire : conjuguer luxe d&rsquo;exception et navigation responsable, \u00e0 partir de son voyage inaugural en 2026.<\/div>\n<div class=\"va-yacht-brief\">\n<span class=\"va-yacht-kick\">En bref<\/span><\/p>\n<div class=\"va-yacht-answer\">L&rsquo;<strong>Orient Express Corinthian<\/strong> est un yacht \u00e0 voile de plus de <strong>700 pieds<\/strong>, pr\u00e9sent\u00e9 comme le plus grand au monde de sa cat\u00e9gorie. Con\u00e7u par les <strong>Chantiers de l&rsquo;Atlantique<\/strong> avec le groupe <strong>Accor<\/strong>, il embarque <strong>54 cabines<\/strong> (dont 6 suites de luxe) et effectuera son <strong>voyage inaugural en 2026<\/strong>, avec des croisi\u00e8res en M\u00e9diterran\u00e9e, dans l&rsquo;Adriatique et aux Cara\u00efbes.<\/div>\n<ul>\n<li><span class=\"va-yacht-dot\"><\/span><span>Plus de <strong>700 pieds<\/strong> de long, propuls\u00e9 par 3 m\u00e2ts et plus de 48 000 pieds de voiles.<\/span><\/li>\n<li><span class=\"va-yacht-dot\"><\/span><span>Hospitalit\u00e9 sign\u00e9e Accor, gastronomie de niveau Michelin \u00e0 bord.<\/span><\/li>\n<li><span class=\"va-yacht-dot\"><\/span><span>R\u00e9servations ouvertes \u00e0 partir du 25 mars.<\/span><\/li>\n<li><span class=\"va-yacht-dot\"><\/span><span>Voile comme mode de propulsion principal, pour limiter l&#8217;empreinte environnementale.<\/span><\/li>\n<\/ul>\n<\/div>\n<h2>Un chef-d&rsquo;\u0153uvre de luxe sur l&rsquo;eau<\/h2>\n<p>Le nouveau yacht \u00e0 voile, l&rsquo;Orient Express Corinthian, mesure plus de 700 pieds, un exploit qui le place au sommet des yachts de luxe. Pr\u00e9vu pour un voyage inaugural en 2026, ce navire va red\u00e9finir les standards du voyage maritime. Avec ses 54 cabines, dont six suites de luxe, il promet une exp\u00e9rience in\u00e9gal\u00e9e sur les mers.<\/p>\n<p>La fusion entre design exquis et confort moderne est au c\u0153ur de ce projet ambitieux. Les int\u00e9rieurs raffin\u00e9s, inspir\u00e9s par le style fran\u00e7ais et la c\u00f4te m\u00e9diterran\u00e9enne, offriront aux passagers un environnement propice \u00e0 la d\u00e9tente. Les r\u00e9servations pour cette exp\u00e9rience unique commenceront le 25 mars, suscitant d\u00e9j\u00e0 un fort engouement.<\/p>\n<div class=\"va-yacht-stats\">\n<div class=\"va-yacht-stat\">\n<div class=\"va-yacht-fig\">700<span style=\"font-size:18px;\"> pieds<\/span><\/div>\n<div class=\"va-yacht-lbl\">Longueur<\/div>\n<\/div>\n<div class=\"va-yacht-stat\">\n<div class=\"va-yacht-fig\">54<\/div>\n<div class=\"va-yacht-lbl\">Cabines (dont 6 suites)<\/div>\n<\/div>\n<div class=\"va-yacht-stat\">\n<div class=\"va-yacht-fig acc\">2026<\/div>\n<div class=\"va-yacht-lbl\">Voyage inaugural<\/div>\n<\/div>\n<\/div>\n<h2>Un engagement pour la durabilit\u00e9<\/h2>\n<p>L&rsquo;Orient Express Corinthian ne se contente pas d&rsquo;\u00eatre un symbole de luxe ; il s&rsquo;engage \u00e9galement \u00e0 minimiser son impact environnemental. Avec plus de 48 000 pieds de voiles et trois m\u00e2ts qui s&rsquo;adaptent \u00e0 la direction du vent, ce yacht naviguera en toute efficacit\u00e9. Cette approche innovante illustre une volont\u00e9 de concilier luxe et responsabilit\u00e9 \u00e9cologique.<\/p>\n<p>Le constructeur naval Chantiers de l&rsquo;Atlantique a \u00e9t\u00e9 choisi pour r\u00e9aliser ce projet ambitieux. Les concepteurs ont collabor\u00e9 avec le groupe h\u00f4telier de luxe Accor pour garantir un confort optimal aux passagers. Chaque aspect de ce yacht est pens\u00e9 pour offrir une navigation sereine et respectueuse de l&rsquo;environnement.<\/p>\n<div class=\"va-yacht-grid\">\n<div class=\"va-yacht-card\"><span class=\"va-yacht-num\">01<\/span><\/p>\n<h3>Voile avant tout<\/h3>\n<div class=\"va-yacht-txt\">Trois m\u00e2ts et plus de 48 000 pieds de voiles s&rsquo;orientent selon le vent pour faire de la propulsion v\u00e9lique le moteur principal du navire.<\/div>\n<\/div>\n<div class=\"va-yacht-card\"><span class=\"va-yacht-num\">02<\/span><\/p>\n<h3>Savoir-faire fran\u00e7ais<\/h3>\n<div class=\"va-yacht-txt\">Construit par les Chantiers de l&rsquo;Atlantique, le yacht r\u00e9unit ing\u00e9nierie navale et tradition maritime hexagonale.<\/div>\n<\/div>\n<div class=\"va-yacht-card\"><span class=\"va-yacht-num\">03<\/span><\/p>\n<h3>Hospitalit\u00e9 Accor<\/h3>\n<div class=\"va-yacht-txt\">Le groupe h\u00f4telier de luxe Accor pilote l&rsquo;exp\u00e9rience \u00e0 bord, du service en cabine \u00e0 l&rsquo;art de recevoir.<\/div>\n<\/div>\n<\/div>\n<h2>Des exp\u00e9riences inoubliables \u00e0 bord<\/h2>\n<p>\u00c0 bord de l&rsquo;Orient Express Corinthian, les passagers pourront savourer une gastronomie de niveau Michelin. Le yacht inclura \u00e9galement un speakeasy inspir\u00e9 des ann\u00e9es 1930, o\u00f9 des cocktails raffin\u00e9s seront propos\u00e9s. Les options de divertissement comprendront des spectacles de cabaret et des concerts en direct, cr\u00e9ant une atmosph\u00e8re vibrante.<\/p>\n<p><iframe loading=\"lazy\" title=\"Emerald Sakara Initial Launching | Luxury Yachts | Emerald Cruises\" width=\"1200\" height=\"675\" src=\"https:\/\/www.youtube.com\/embed\/gl5SKM_FAlw?feature=oembed\" frameborder=\"0\" allow=\"accelerometer; autoplay; clipboard-write; encrypted-media; gyroscope; picture-in-picture; web-share\" referrerpolicy=\"strict-origin-when-cross-origin\" allowfullscreen><\/iframe><\/p>\n<div class=\"va-yacht-quote\">\n<span class=\"va-yacht-mark\" aria-hidden=\"true\">\u00ab<\/span><\/p>\n<blockquote><p>Nous sommes pr\u00eats \u00e0 red\u00e9finir l&rsquo;art de l&rsquo;exploration, loin des rivages.<\/p><\/blockquote>\n<div class=\"va-yacht-cite\">\u2014 Orient Express<\/div>\n<\/div>\n<p>Les itin\u00e9raires pr\u00e9vus incluront des croisi\u00e8res \u00e0 travers la M\u00e9diterran\u00e9e, l&rsquo;Adriatique et les Cara\u00efbes. Ces voyages promettent d&rsquo;\u00eatre guid\u00e9s par les vents tranquilles de la nature, offrant une exp\u00e9rience de navigation unique en son genre. Le m\u00e9lange d&rsquo;\u00e9l\u00e9gance et d&rsquo;aventure fait de ce yacht une v\u00e9ritable \u0153uvre d&rsquo;art maritime.<\/p>\n<div class=\"va-yacht-retain\">\n<span class=\"va-yacht-kick\">\u00c0 retenir<\/span><\/p>\n<ul>\n<li><span class=\"va-yacht-chk\">&#10003;<\/span><span>54 cabines, dont 6 suites de luxe<\/span><\/li>\n<li><span class=\"va-yacht-chk\">&#10003;<\/span><span>Plus de 48 000 pieds de voiles<\/span><\/li>\n<li><span class=\"va-yacht-chk\">&#10003;<\/span><span>Partenariat avec Accor pour l&rsquo;hospitalit\u00e9<\/span><\/li>\n<li><span class=\"va-yacht-chk\">&#10003;<\/span><span>Gastronomie de niveau Michelin \u00e0 bord<\/span><\/li>\n<li><span class=\"va-yacht-chk\">&#10003;<\/span><span>Itin\u00e9raires en M\u00e9diterran\u00e9e, Adriatique et Cara\u00efbes<\/span><\/li>\n<\/ul>\n<\/div>\n<p>Avec l&rsquo;Orient Express Corinthian, un nouveau chapitre s&rsquo;ouvre dans le monde du voyage de luxe. Ce yacht \u00e0 voile allie sophistication et technologie de pointe, promettant une aventure in\u00e9dite en mer. La mont\u00e9e en puissance de ce projet incarne l&rsquo;avenir du tourisme maritime, o\u00f9 le luxe va de pair avec la durabilit\u00e9.<\/p>\n<div class=\"va-yacht-faq\">\n<h2>Questions fr\u00e9quentes<\/h2>\n<details>\n<summary><span>Qu&rsquo;est-ce que l&rsquo;Orient Express Corinthian ?<\/span><span class=\"va-yacht-plus\">+<\/span><\/summary>\n<div class=\"va-yacht-ans\">C&rsquo;est un yacht \u00e0 voile de plus de 700 pieds pr\u00e9sent\u00e9 comme le plus grand du monde de sa cat\u00e9gorie. Con\u00e7u par les Chantiers de l&rsquo;Atlantique avec le groupe Accor, il propose 54 cabines, dont 6 suites de luxe.<\/div>\n<\/details>\n<details>\n<summary><span>Quand a lieu le voyage inaugural ?<\/span><span class=\"va-yacht-plus\">+<\/span><\/summary>\n<div class=\"va-yacht-ans\">Le voyage inaugural est pr\u00e9vu en 2026. Les r\u00e9servations, elles, commencent d\u00e8s le 25 mars.<\/div>\n<\/details>\n<details>\n<summary><span>En quoi ce yacht est-il plus durable ?<\/span><span class=\"va-yacht-plus\">+<\/span><\/summary>\n<div class=\"va-yacht-ans\">Sa propulsion repose principalement sur la voile : trois m\u00e2ts et plus de 48 000 pieds de voiles qui s&rsquo;adaptent \u00e0 la direction du vent, ce qui vise \u00e0 r\u00e9duire l&rsquo;impact environnemental de la navigation.<\/div>\n<\/details>\n<details>\n<summary><span>Quels itin\u00e9raires sont pr\u00e9vus ?<\/span><span class=\"va-yacht-plus\">+<\/span><\/summary>\n<div class=\"va-yacht-ans\">Le navire est annonc\u00e9 pour des croisi\u00e8res \u00e0 travers la M\u00e9diterran\u00e9e, l&rsquo;Adriatique et les Cara\u00efbes, guid\u00e9es par les vents.<\/div>\n<\/details>\n<\/div>\n<\/div>\n","protected":false},"excerpt":{"rendered":"","protected":false},"author":34,"featured_media":20430,"comment_status":"open","ping_status":"open","sticky":false,"template":"","format":"standard","meta":{"_acf_changed":false,"manual_indexmenow":false,"indexmenow_id_project":0,"footnotes":""},"categories":[4520],"tags":[4639,4535,4528,4385,4526],"class_list":["post-14602","post","type-post","status-publish","format-standard","has-post-thumbnail","hentry","category-destinations-aventure","tag-aventure","tag-gastronomie-locale","tag-hebergement-abordable","tag-pratiques-durables","tag-voyage-economique","generate-columns","tablet-grid-50","mobile-grid-100","grid-parent","grid-25"],"acf":[],"yoast_head":"<!-- This site is optimized with the Yoast SEO Premium plugin v21.3 (Yoast SEO v25.1) - https:\/\/yoast.com\/wordpress\/plugins\/seo\/ -->\n<title>D\u00e9couvrez le plus grand yacht \u00e0 voile du monde : le voyage<\/title>\n<meta name=\"description\" content=\"L&#039;Orient Express Corinthian s&#039;annonce comme le plus grand yacht \u00e0 voile du monde. Trois m\u00e2ts, des int\u00e9rieurs inspir\u00e9s de la M\u00e9diterran\u00e9e et une promesse\" \/>\n<meta name=\"robots\" content=\"index, follow, max-snippet:-1, max-image-preview:large, max-video-preview:-1\" \/>\n<link rel=\"canonical\" href=\"https:\/\/voyage-aventure.com\/blog\/destinations-aventure\/decouvrez-le-plus-grand-yacht-a-voile-du-monde-le-voyage-inaugural-en-2026\/\" \/>\n<meta property=\"og:locale\" content=\"fr_FR\" \/>\n<meta property=\"og:type\" content=\"article\" \/>\n<meta property=\"og:title\" content=\"D\u00e9couvrez le plus grand yacht \u00e0 voile du monde : le voyage\" \/>\n<meta property=\"og:description\" content=\"L&#039;Orient Express Corinthian s&#039;annonce comme le plus grand yacht \u00e0 voile du monde. Trois m\u00e2ts, des int\u00e9rieurs inspir\u00e9s de la M\u00e9diterran\u00e9e et une promesse\" \/>\n<meta property=\"og:url\" content=\"https:\/\/voyage-aventure.com\/blog\/destinations-aventure\/decouvrez-le-plus-grand-yacht-a-voile-du-monde-le-voyage-inaugural-en-2026\/\" \/>\n<meta property=\"og:site_name\" content=\"voyage-aventure\" \/>\n<meta property=\"og:image\" content=\"https:\/\/voyage-aventure.com\/blog\/wp-content\/uploads\/2025\/05\/sdxl-9f815092fe7033475130e638dc10cd5b-scaled.png\" \/>\n\t<meta property=\"og:image:width\" content=\"1200\" \/>\n\t<meta property=\"og:image:height\" content=\"500\" \/>\n\t<meta property=\"og:image:type\" content=\"image\/png\" \/>\n<meta name=\"author\" content=\"Camille Rouvray\" \/>\n<meta name=\"twitter:card\" content=\"summary_large_image\" \/>\n<script type=\"application\/ld+json\" class=\"yoast-schema-graph\">{\"@context\":\"https:\/\/schema.org\",\"@graph\":[{\"@type\":\"NewsArticle\",\"@id\":\"https:\/\/voyage-aventure.com\/blog\/destinations-aventure\/decouvrez-le-plus-grand-yacht-a-voile-du-monde-le-voyage-inaugural-en-2026\/#article\",\"isPartOf\":{\"@id\":\"https:\/\/voyage-aventure.com\/blog\/destinations-aventure\/decouvrez-le-plus-grand-yacht-a-voile-du-monde-le-voyage-inaugural-en-2026\/\"},\"author\":{\"name\":\"Camille Rouvray\",\"@id\":\"https:\/\/voyage-aventure.com\/blog\/#\/schema\/person\/3c864cdc320801e3db34b663e7e3f816\"},\"headline\":\"D\u00e9couvrez le plus grand yacht \u00e0 voile du monde : le voyage inaugural en 2026\",\"datePublished\":\"2026-06-16T15:04:07+00:00\",\"mainEntityOfPage\":{\"@id\":\"https:\/\/voyage-aventure.com\/blog\/destinations-aventure\/decouvrez-le-plus-grand-yacht-a-voile-du-monde-le-voyage-inaugural-en-2026\/\"},\"wordCount\":860,\"commentCount\":30,\"publisher\":{\"@id\":\"https:\/\/voyage-aventure.com\/blog\/#organization\"},\"image\":{\"@id\":\"https:\/\/voyage-aventure.com\/blog\/destinations-aventure\/decouvrez-le-plus-grand-yacht-a-voile-du-monde-le-voyage-inaugural-en-2026\/#primaryimage\"},\"thumbnailUrl\":\"https:\/\/voyage-aventure.com\/blog\/wp-content\/uploads\/2025\/05\/sdxl-9f815092fe7033475130e638dc10cd5b-scaled.png\",\"keywords\":[\"Aventure\",\"Gastronomie Locale\",\"H\u00e9bergement Abordable\",\"Pratiques Durables\",\"Voyage \u00c9conomique\"],\"articleSection\":[\"Destinations Aventure\"],\"inLanguage\":\"fr-FR\",\"potentialAction\":[{\"@type\":\"CommentAction\",\"name\":\"Comment\",\"target\":[\"https:\/\/voyage-aventure.com\/blog\/destinations-aventure\/decouvrez-le-plus-grand-yacht-a-voile-du-monde-le-voyage-inaugural-en-2026\/#respond\"]}]},{\"@type\":\"WebPage\",\"@id\":\"https:\/\/voyage-aventure.com\/blog\/destinations-aventure\/decouvrez-le-plus-grand-yacht-a-voile-du-monde-le-voyage-inaugural-en-2026\/\",\"url\":\"https:\/\/voyage-aventure.com\/blog\/destinations-aventure\/decouvrez-le-plus-grand-yacht-a-voile-du-monde-le-voyage-inaugural-en-2026\/\",\"name\":\"D\u00e9couvrez le plus grand yacht \u00e0 voile du monde : le voyage\",\"isPartOf\":{\"@id\":\"https:\/\/voyage-aventure.com\/blog\/#website\"},\"primaryImageOfPage\":{\"@id\":\"https:\/\/voyage-aventure.com\/blog\/destinations-aventure\/decouvrez-le-plus-grand-yacht-a-voile-du-monde-le-voyage-inaugural-en-2026\/#primaryimage\"},\"image\":{\"@id\":\"https:\/\/voyage-aventure.com\/blog\/destinations-aventure\/decouvrez-le-plus-grand-yacht-a-voile-du-monde-le-voyage-inaugural-en-2026\/#primaryimage\"},\"thumbnailUrl\":\"https:\/\/voyage-aventure.com\/blog\/wp-content\/uploads\/2025\/05\/sdxl-9f815092fe7033475130e638dc10cd5b-scaled.png\",\"datePublished\":\"2026-06-16T15:04:07+00:00\",\"description\":\"L'Orient Express Corinthian s'annonce comme le plus grand yacht \u00e0 voile du monde. Trois m\u00e2ts, des int\u00e9rieurs inspir\u00e9s de la M\u00e9diterran\u00e9e et une promesse\",\"inLanguage\":\"fr-FR\",\"potentialAction\":[{\"@type\":\"ReadAction\",\"target\":[\"https:\/\/voyage-aventure.com\/blog\/destinations-aventure\/decouvrez-le-plus-grand-yacht-a-voile-du-monde-le-voyage-inaugural-en-2026\/\"]}]},{\"@type\":\"ImageObject\",\"inLanguage\":\"fr-FR\",\"@id\":\"https:\/\/voyage-aventure.com\/blog\/destinations-aventure\/decouvrez-le-plus-grand-yacht-a-voile-du-monde-le-voyage-inaugural-en-2026\/#primaryimage\",\"url\":\"https:\/\/voyage-aventure.com\/blog\/wp-content\/uploads\/2025\/05\/sdxl-9f815092fe7033475130e638dc10cd5b-scaled.png\",\"contentUrl\":\"https:\/\/voyage-aventure.com\/blog\/wp-content\/uploads\/2025\/05\/sdxl-9f815092fe7033475130e638dc10cd5b-scaled.png\",\"width\":1200,\"height\":500},{\"@type\":\"WebSite\",\"@id\":\"https:\/\/voyage-aventure.com\/blog\/#website\",\"url\":\"https:\/\/voyage-aventure.com\/blog\/\",\"name\":\"voyage-aventure.com\",\"description\":\"Votre passeport pour l\u2019inattendu.\",\"publisher\":{\"@id\":\"https:\/\/voyage-aventure.com\/blog\/#organization\"},\"alternateName\":\"Votre passeport pour l\u2019inattendu.\",\"potentialAction\":[{\"@type\":\"SearchAction\",\"target\":{\"@type\":\"EntryPoint\",\"urlTemplate\":\"https:\/\/voyage-aventure.com\/blog\/?s={search_term_string}\"},\"query-input\":{\"@type\":\"PropertyValueSpecification\",\"valueRequired\":true,\"valueName\":\"search_term_string\"}}],\"inLanguage\":\"fr-FR\"},{\"@type\":\"Organization\",\"@id\":\"https:\/\/voyage-aventure.com\/blog\/#organization\",\"name\":\"Foretsensations.fr\",\"url\":\"https:\/\/voyage-aventure.com\/blog\/\",\"logo\":{\"@type\":\"ImageObject\",\"inLanguage\":\"fr-FR\",\"@id\":\"https:\/\/voyage-aventure.com\/blog\/#\/schema\/logo\/image\/\",\"url\":\"https:\/\/voyage-aventure.com\/blog\/wp-content\/uploads\/2024\/12\/19.png\",\"contentUrl\":\"https:\/\/voyage-aventure.com\/blog\/wp-content\/uploads\/2024\/12\/19.png\",\"width\":512,\"height\":512,\"caption\":\"Foretsensations.fr\"},\"image\":{\"@id\":\"https:\/\/voyage-aventure.com\/blog\/#\/schema\/logo\/image\/\"}},{\"@type\":\"Person\",\"@id\":\"https:\/\/voyage-aventure.com\/blog\/#\/schema\/person\/3c864cdc320801e3db34b663e7e3f816\",\"name\":\"Camille Rouvray\",\"image\":{\"@type\":\"ImageObject\",\"inLanguage\":\"fr-FR\",\"@id\":\"https:\/\/voyage-aventure.com\/blog\/#\/schema\/person\/image\/\",\"url\":\"https:\/\/voyage-aventure.com\/blog\/wp-content\/uploads\/2026\/06\/persona_camille-r-96x96.jpg\",\"contentUrl\":\"https:\/\/voyage-aventure.com\/blog\/wp-content\/uploads\/2026\/06\/persona_camille-r-96x96.jpg\",\"caption\":\"Camille Rouvray\"},\"description\":\"Je voyage et j'\u00e9cris sur le voyage depuis une douzaine d'ann\u00e9es, d'abord en tant que routarde au long cours, puis comme r\u00e9dactrice sp\u00e9cialis\u00e9e. Mon terrain de pr\u00e9dilection, ce sont les circuits organis\u00e9s et l'art de bien pr\u00e9parer un itin\u00e9raire : choix de la saison, dur\u00e9e r\u00e9aliste des \u00e9tapes, budget jour par jour, logement et transport sur place. J'aime aussi raconter les p\u00e9pites urbaines, ces adresses qu'on ne trouve pas dans les guides classiques. Avant de publier un dossier destination, je croise toujours plusieurs sources, je v\u00e9rifie les tarifs et les formalit\u00e9s d'entr\u00e9e \u00e0 jour, et je teste moi-m\u00eame quand je le peux. Mon angle reste pratique avant tout : aider le lecteur \u00e0 partir l'esprit tranquille, sans mauvaise surprise une fois sur place. Je m'attache \u00e0 distinguer le coup de c\u0153ur sinc\u00e8re du simple argument marketing.\",\"sameAs\":[\"https:\/\/camillerouvray.fr\/\"],\"url\":\"https:\/\/voyage-aventure.com\/blog\/auteur\/noname\/\"}]}<\/script>\n<!-- \/ Yoast SEO Premium plugin. -->","yoast_head_json":{"title":"D\u00e9couvrez le plus grand yacht \u00e0 voile du monde : le voyage","description":"L'Orient Express Corinthian s'annonce comme le plus grand yacht \u00e0 voile du monde. Trois m\u00e2ts, des int\u00e9rieurs inspir\u00e9s de la M\u00e9diterran\u00e9e et une promesse","robots":{"index":"index","follow":"follow","max-snippet":"max-snippet:-1","max-image-preview":"max-image-preview:large","max-video-preview":"max-video-preview:-1"},"canonical":"https:\/\/voyage-aventure.com\/blog\/destinations-aventure\/decouvrez-le-plus-grand-yacht-a-voile-du-monde-le-voyage-inaugural-en-2026\/","og_locale":"fr_FR","og_type":"article","og_title":"D\u00e9couvrez le plus grand yacht \u00e0 voile du monde : le voyage","og_description":"L'Orient Express Corinthian s'annonce comme le plus grand yacht \u00e0 voile du monde. Trois m\u00e2ts, des int\u00e9rieurs inspir\u00e9s de la M\u00e9diterran\u00e9e et une promesse","og_url":"https:\/\/voyage-aventure.com\/blog\/destinations-aventure\/decouvrez-le-plus-grand-yacht-a-voile-du-monde-le-voyage-inaugural-en-2026\/","og_site_name":"voyage-aventure","og_image":[{"width":1200,"height":500,"url":"https:\/\/voyage-aventure.com\/blog\/wp-content\/uploads\/2025\/05\/sdxl-9f815092fe7033475130e638dc10cd5b-scaled.png","type":"image\/png"}],"author":"Camille Rouvray","twitter_card":"summary_large_image","schema":{"@context":"https:\/\/schema.org","@graph":[{"@type":"NewsArticle","@id":"https:\/\/voyage-aventure.com\/blog\/destinations-aventure\/decouvrez-le-plus-grand-yacht-a-voile-du-monde-le-voyage-inaugural-en-2026\/#article","isPartOf":{"@id":"https:\/\/voyage-aventure.com\/blog\/destinations-aventure\/decouvrez-le-plus-grand-yacht-a-voile-du-monde-le-voyage-inaugural-en-2026\/"},"author":{"name":"Camille Rouvray","@id":"https:\/\/voyage-aventure.com\/blog\/#\/schema\/person\/3c864cdc320801e3db34b663e7e3f816"},"headline":"D\u00e9couvrez le plus grand yacht \u00e0 voile du monde : le voyage inaugural en 2026","datePublished":"2026-06-16T15:04:07+00:00","mainEntityOfPage":{"@id":"https:\/\/voyage-aventure.com\/blog\/destinations-aventure\/decouvrez-le-plus-grand-yacht-a-voile-du-monde-le-voyage-inaugural-en-2026\/"},"wordCount":860,"commentCount":30,"publisher":{"@id":"https:\/\/voyage-aventure.com\/blog\/#organization"},"image":{"@id":"https:\/\/voyage-aventure.com\/blog\/destinations-aventure\/decouvrez-le-plus-grand-yacht-a-voile-du-monde-le-voyage-inaugural-en-2026\/#primaryimage"},"thumbnailUrl":"https:\/\/voyage-aventure.com\/blog\/wp-content\/uploads\/2025\/05\/sdxl-9f815092fe7033475130e638dc10cd5b-scaled.png","keywords":["Aventure","Gastronomie Locale","H\u00e9bergement Abordable","Pratiques Durables","Voyage \u00c9conomique"],"articleSection":["Destinations Aventure"],"inLanguage":"fr-FR","potentialAction":[{"@type":"CommentAction","name":"Comment","target":["https:\/\/voyage-aventure.com\/blog\/destinations-aventure\/decouvrez-le-plus-grand-yacht-a-voile-du-monde-le-voyage-inaugural-en-2026\/#respond"]}]},{"@type":"WebPage","@id":"https:\/\/voyage-aventure.com\/blog\/destinations-aventure\/decouvrez-le-plus-grand-yacht-a-voile-du-monde-le-voyage-inaugural-en-2026\/","url":"https:\/\/voyage-aventure.com\/blog\/destinations-aventure\/decouvrez-le-plus-grand-yacht-a-voile-du-monde-le-voyage-inaugural-en-2026\/","name":"D\u00e9couvrez le plus grand yacht \u00e0 voile du monde : le voyage","isPartOf":{"@id":"https:\/\/voyage-aventure.com\/blog\/#website"},"primaryImageOfPage":{"@id":"https:\/\/voyage-aventure.com\/blog\/destinations-aventure\/decouvrez-le-plus-grand-yacht-a-voile-du-monde-le-voyage-inaugural-en-2026\/#primaryimage"},"image":{"@id":"https:\/\/voyage-aventure.com\/blog\/destinations-aventure\/decouvrez-le-plus-grand-yacht-a-voile-du-monde-le-voyage-inaugural-en-2026\/#primaryimage"},"thumbnailUrl":"https:\/\/voyage-aventure.com\/blog\/wp-content\/uploads\/2025\/05\/sdxl-9f815092fe7033475130e638dc10cd5b-scaled.png","datePublished":"2026-06-16T15:04:07+00:00","description":"L'Orient Express Corinthian s'annonce comme le plus grand yacht \u00e0 voile du monde. Trois m\u00e2ts, des int\u00e9rieurs inspir\u00e9s de la M\u00e9diterran\u00e9e et une promesse","inLanguage":"fr-FR","potentialAction":[{"@type":"ReadAction","target":["https:\/\/voyage-aventure.com\/blog\/destinations-aventure\/decouvrez-le-plus-grand-yacht-a-voile-du-monde-le-voyage-inaugural-en-2026\/"]}]},{"@type":"ImageObject","inLanguage":"fr-FR","@id":"https:\/\/voyage-aventure.com\/blog\/destinations-aventure\/decouvrez-le-plus-grand-yacht-a-voile-du-monde-le-voyage-inaugural-en-2026\/#primaryimage","url":"https:\/\/voyage-aventure.com\/blog\/wp-content\/uploads\/2025\/05\/sdxl-9f815092fe7033475130e638dc10cd5b-scaled.png","contentUrl":"https:\/\/voyage-aventure.com\/blog\/wp-content\/uploads\/2025\/05\/sdxl-9f815092fe7033475130e638dc10cd5b-scaled.png","width":1200,"height":500},{"@type":"WebSite","@id":"https:\/\/voyage-aventure.com\/blog\/#website","url":"https:\/\/voyage-aventure.com\/blog\/","name":"voyage-aventure.com","description":"Votre passeport pour l\u2019inattendu.","publisher":{"@id":"https:\/\/voyage-aventure.com\/blog\/#organization"},"alternateName":"Votre passeport pour l\u2019inattendu.","potentialAction":[{"@type":"SearchAction","target":{"@type":"EntryPoint","urlTemplate":"https:\/\/voyage-aventure.com\/blog\/?s={search_term_string}"},"query-input":{"@type":"PropertyValueSpecification","valueRequired":true,"valueName":"search_term_string"}}],"inLanguage":"fr-FR"},{"@type":"Organization","@id":"https:\/\/voyage-aventure.com\/blog\/#organization","name":"Foretsensations.fr","url":"https:\/\/voyage-aventure.com\/blog\/","logo":{"@type":"ImageObject","inLanguage":"fr-FR","@id":"https:\/\/voyage-aventure.com\/blog\/#\/schema\/logo\/image\/","url":"https:\/\/voyage-aventure.com\/blog\/wp-content\/uploads\/2024\/12\/19.png","contentUrl":"https:\/\/voyage-aventure.com\/blog\/wp-content\/uploads\/2024\/12\/19.png","width":512,"height":512,"caption":"Foretsensations.fr"},"image":{"@id":"https:\/\/voyage-aventure.com\/blog\/#\/schema\/logo\/image\/"}},{"@type":"Person","@id":"https:\/\/voyage-aventure.com\/blog\/#\/schema\/person\/3c864cdc320801e3db34b663e7e3f816","name":"Camille Rouvray","image":{"@type":"ImageObject","inLanguage":"fr-FR","@id":"https:\/\/voyage-aventure.com\/blog\/#\/schema\/person\/image\/","url":"https:\/\/voyage-aventure.com\/blog\/wp-content\/uploads\/2026\/06\/persona_camille-r-96x96.jpg","contentUrl":"https:\/\/voyage-aventure.com\/blog\/wp-content\/uploads\/2026\/06\/persona_camille-r-96x96.jpg","caption":"Camille Rouvray"},"description":"Je voyage et j'\u00e9cris sur le voyage depuis une douzaine d'ann\u00e9es, d'abord en tant que routarde au long cours, puis comme r\u00e9dactrice sp\u00e9cialis\u00e9e. Mon terrain de pr\u00e9dilection, ce sont les circuits organis\u00e9s et l'art de bien pr\u00e9parer un itin\u00e9raire : choix de la saison, dur\u00e9e r\u00e9aliste des \u00e9tapes, budget jour par jour, logement et transport sur place. J'aime aussi raconter les p\u00e9pites urbaines, ces adresses qu'on ne trouve pas dans les guides classiques. Avant de publier un dossier destination, je croise toujours plusieurs sources, je v\u00e9rifie les tarifs et les formalit\u00e9s d'entr\u00e9e \u00e0 jour, et je teste moi-m\u00eame quand je le peux. Mon angle reste pratique avant tout : aider le lecteur \u00e0 partir l'esprit tranquille, sans mauvaise surprise une fois sur place. Je m'attache \u00e0 distinguer le coup de c\u0153ur sinc\u00e8re du simple argument marketing.","sameAs":["https:\/\/camillerouvray.fr\/"],"url":"https:\/\/voyage-aventure.com\/blog\/auteur\/noname\/"}]}},"_links":{"self":[{"href":"https:\/\/voyage-aventure.com\/blog\/wp-json\/wp\/v2\/posts\/14602","targetHints":{"allow":["GET"]}}],"collection":[{"href":"https:\/\/voyage-aventure.com\/blog\/wp-json\/wp\/v2\/posts"}],"about":[{"href":"https:\/\/voyage-aventure.com\/blog\/wp-json\/wp\/v2\/types\/post"}],"author":[{"embeddable":true,"href":"https:\/\/voyage-aventure.com\/blog\/wp-json\/wp\/v2\/users\/34"}],"replies":[{"embeddable":true,"href":"https:\/\/voyage-aventure.com\/blog\/wp-json\/wp\/v2\/comments?post=14602"}],"version-history":[{"count":3,"href":"https:\/\/voyage-aventure.com\/blog\/wp-json\/wp\/v2\/posts\/14602\/revisions"}],"predecessor-version":[{"id":22747,"href":"https:\/\/voyage-aventure.com\/blog\/wp-json\/wp\/v2\/posts\/14602\/revisions\/22747"}],"wp:featuredmedia":[{"embeddable":true,"href":"https:\/\/voyage-aventure.com\/blog\/wp-json\/wp\/v2\/media\/20430"}],"wp:attachment":[{"href":"https:\/\/voyage-aventure.com\/blog\/wp-json\/wp\/v2\/media?parent=14602"}],"wp:term":[{"taxonomy":"category","embeddable":true,"href":"https:\/\/voyage-aventure.com\/blog\/wp-json\/wp\/v2\/categories?post=14602"},{"taxonomy":"post_tag","embeddable":true,"href":"https:\/\/voyage-aventure.com\/blog\/wp-json\/wp\/v2\/tags?post=14602"}],"curies":[{"name":"wp","href":"https:\/\/api.w.org\/{rel}","templated":true}]}}