{"id":14576,"date":"2026-06-16T17:03:25","date_gmt":"2026-06-16T15:03:25","guid":{"rendered":"https:\/\/voyage-aventure.com\/blog\/?p=14576"},"modified":"2026-06-16T17:03:25","modified_gmt":"2026-06-16T15:03:25","slug":"une-mere-canadienne-refuse-dacheter-americain-et-voyage-aux-etats-unis-a-cause-de-trump","status":"publish","type":"post","link":"https:\/\/voyage-aventure.com\/blog\/a-la-une\/une-mere-canadienne-refuse-dacheter-americain-et-voyage-aux-etats-unis-a-cause-de-trump\/","title":{"rendered":"Une m\u00e8re canadienne refuse d&rsquo;acheter am\u00e9ricain et voyage aux \u00c9tats-Unis \u00e0 cause de Trump"},"content":{"rendered":"<link rel=\"preconnect\" href=\"https:\/\/fonts.googleapis.com\">\n<link rel=\"preconnect\" href=\"https:\/\/fonts.gstatic.com\" crossorigin>\n<link href=\"https:\/\/fonts.googleapis.com\/css2?family=Newsreader:ital,opsz,wght@0,6..72,400;0,6..72,500;0,6..72,600;0,6..72,700;1,6..72,400;1,6..72,500&#038;family=Inter:wght@400;500;600&#038;family=JetBrains+Mono:wght@500;600&#038;display=swap\" rel=\"stylesheet\">\n<style>\n.va-boycott-wrap{font-family:'Inter',system-ui,sans-serif;color:#1A202C;line-height:1.72;font-size:1.04rem}\n.va-boycott-wrap h2{font-family:'Newsreader',Georgia,serif;font-weight:600;font-size:1.62rem;line-height:1.25;color:#1A202C;margin:2.4rem 0 1rem;letter-spacing:-0.01em}\n.va-boycott-wrap p{margin:0 0 1.1rem}\n.va-boycott-dateline{font-family:'JetBrains Mono',monospace;font-weight:600;font-size:.74rem;letter-spacing:.13em;text-transform:uppercase;color:#4A5568;margin:0 0 1.2rem;display:flex;align-items:center;gap:.6rem;flex-wrap:wrap}\n.va-boycott-dateline span{display:inline-block;border:1px solid #CBD5E0;border-radius:3px;padding:.18rem .55rem;color:#4A5568;background:#F7FAFC}\n.va-boycott-essential{background:#F7FAFC;border:1px solid #E2E8F0;border-left:4px solid #4A5568;border-radius:6px;padding:1.4rem 1.6rem;margin:0 0 2rem;box-shadow:0 1px 3px rgba(45,55,72,.06)}\n.va-boycott-essential-title{font-family:'JetBrains Mono',monospace;font-weight:600;font-size:.72rem;letter-spacing:.16em;text-transform:uppercase;color:#4A5568;margin-bottom:1rem}\n.va-boycott-essential-grid{display:grid;gap:.85rem}\n.va-boycott-essential-item{display:grid;grid-template-columns:auto 1fr;gap:.85rem;align-items:start}\n.va-boycott-essential-label{font-family:'JetBrains Mono',monospace;font-weight:600;font-size:.68rem;letter-spacing:.1em;text-transform:uppercase;color:#fff;background:#4A5568;border-radius:3px;padding:.22rem .5rem;white-space:nowrap;min-width:78px;text-align:center}\n.va-boycott-essential-text{font-family:'Newsreader',Georgia,serif;font-size:1.06rem;line-height:1.5;color:#2D3748}\n.va-boycott-pull{font-family:'Newsreader',Georgia,serif;font-style:italic;font-weight:500;font-size:1.42rem;line-height:1.4;color:#2D3748;border-left:4px solid #4A5568;padding:.4rem 0 .4rem 1.4rem;margin:2.2rem 0}\n.va-boycott-wrap blockquote{font-family:'Newsreader',Georgia,serif;font-style:italic;font-weight:500;font-size:1.32rem;line-height:1.42;color:#2D3748;border:0;border-left:4px solid #4A5568;background:#F7FAFC;border-radius:0 6px 6px 0;padding:1.3rem 1.6rem;margin:2.2rem 0}\n.va-boycott-wrap ul{margin:1.2rem 0;padding:0;list-style:none;display:grid;gap:.6rem}\n.va-boycott-wrap ul li{position:relative;padding-left:1.5rem;color:#2D3748}\n.va-boycott-wrap ul li::before{content:\"\u2014\";position:absolute;left:0;color:#4A5568;font-weight:700}\n.va-boycott-retenir{border:1px solid #E2E8F0;border-top:3px solid #4A5568;border-radius:6px;padding:1.4rem 1.6rem;margin:2.4rem 0 1rem;background:#fff;box-shadow:0 1px 3px rgba(45,55,72,.06);transition:transform .2s ease,box-shadow .2s ease}\n.va-boycott-retenir:hover{transform:translateY(-3px);box-shadow:0 6px 18px rgba(45,55,72,.1)}\n.va-boycott-retenir-title{font-family:'JetBrains Mono',monospace;font-weight:600;font-size:.72rem;letter-spacing:.16em;text-transform:uppercase;color:#4A5568;margin-bottom:1rem}\n.va-boycott-retenir-list{display:grid;gap:.7rem}\n.va-boycott-retenir-row{display:grid;grid-template-columns:auto 1fr;gap:.8rem;align-items:start}\n.va-boycott-retenir-mark{font-family:'JetBrains Mono',monospace;font-weight:600;color:#4A5568;font-size:.9rem}\n.va-boycott-retenir-txt{font-size:.98rem;color:#2D3748;line-height:1.5}\n\/*RENDERFIX2*\/.va-boycott-essential-label{color:#eef3f9!important}.va-boycott-essential-label p,.va-boycott-essential-label li,.va-boycott-essential-label strong,.va-boycott-essential-label em,.va-boycott-essential-label a,.va-boycott-essential-label span,.va-boycott-essential-label b,.va-boycott-essential-label td,.va-boycott-essential-label th,.va-boycott-essential-label h2,.va-boycott-essential-label h3,.va-boycott-essential-label h4{color:#eef3f9!important}.va-boycott-essential-label strong,.va-boycott-essential-label b{color:#ffffff!important}<\/style>\n<div class=\"va-boycott-wrap\">\n<div class=\"va-boycott-dateline\"><span>T\u00e9moignage<\/span><span>Mars 2025<\/span><span>Canada<\/span><\/div>\n<p>En mars 2025, une consommatrice canadienne pr\u00e9nomm\u00e9e Pearl explique avoir cess\u00e9 d&rsquo;acheter des produits am\u00e9ricains et renonc\u00e9 \u00e0 ses d\u00e9placements aux \u00c9tats-Unis. Selon ce t\u00e9moignage individuel, ce choix s&rsquo;inscrit dans un contexte de tensions politiques entre les deux pays et de d\u00e9bats sur les droits de douane et l&rsquo;annexion. Son r\u00e9cit illustre une attitude, sans valoir g\u00e9n\u00e9ralit\u00e9.<\/p>\n<div class=\"va-boycott-essential\">\n<div class=\"va-boycott-essential-title\">L&rsquo;essentiel<\/div>\n<div class=\"va-boycott-essential-grid\">\n<div class=\"va-boycott-essential-item\">\n<div class=\"va-boycott-essential-label\">Quoi<\/div>\n<div class=\"va-boycott-essential-text\">Une consommatrice dit \u00e9viter les produits am\u00e9ricains et ne plus voyager aux \u00c9tats-Unis.<\/div>\n<\/div>\n<div class=\"va-boycott-essential-item\">\n<div class=\"va-boycott-essential-label\">Qui<\/div>\n<div class=\"va-boycott-essential-text\">Pearl, m\u00e8re de famille canadienne, selon son propre t\u00e9moignage.<\/div>\n<\/div>\n<div class=\"va-boycott-essential-item\">\n<div class=\"va-boycott-essential-label\">Contexte<\/div>\n<div class=\"va-boycott-essential-text\">Mars 2025, sur fond de tensions politiques \u00e9voqu\u00e9es autour des droits de douane et de l&rsquo;annexion.<\/div>\n<\/div>\n<\/div>\n<\/div>\n<h2>Une question de fiert\u00e9 nationale<\/h2>\n<p>Ses opinions sur les droits de douane et l&rsquo;annexion ont raviv\u00e9 un fort sentiment de fiert\u00e9 canadienne, surtout au Qu\u00e9bec. Elle a d\u00e9clar\u00e9 : \u00ab Je ne vais plus de l&rsquo;autre c\u00f4t\u00e9 de la fronti\u00e8re de nos jours. \u00bb<\/p>\n<p>Avant, Pearl se rendait fr\u00e9quemment aux \u00c9tats-Unis pour faire du shopping ou passer des week-ends. Elle se souvient des temps o\u00f9 elle se sentait proche des Am\u00e9ricains, mais elle ressent maintenant une distance, presque une animosit\u00e9. \u00ab Je ne ressens plus cette connexion. Cela me fait mal \u00bb, avoue-t-elle.<\/p>\n<h2>La peur de voyager<\/h2>\n<p>Pearl \u00e9voque une pr\u00e9occupation croissante \u00e0 propos de la s\u00e9curit\u00e9 lors de ses voyages aux \u00c9tats-Unis. En tant que m\u00e8re d&rsquo;enfants d&rsquo;origines diverses, elle a des craintes l\u00e9gitimes concernant les politiques d&rsquo;immigration et les pratiques d&rsquo;ICE. \u00ab Je ne sais pas si mon mari, qui est r\u00e9sident permanent, pourrait se d\u00e9fendre s&rsquo;il se retrouvait dans une situation difficile \u00bb, dit-elle.<\/p>\n<p>En raison de ces inqui\u00e9tudes, elle a choisi de ne plus voyager aux \u00c9tats-Unis, m\u00eame pour des visites amicales. \u00ab Nous vivons \u00e0 seulement une heure et demie de la fronti\u00e8re, mais je pr\u00e9f\u00e8re rester ici \u00bb, affirme-t-elle. La distance qui la s\u00e9pare de ses amis aux \u00c9tats-Unis est devenue un rappel constant des tensions actuelles.<\/p>\n<h2>Un boycott organis\u00e9<\/h2>\n<p>La tendance au boycott des marques am\u00e9ricaines prend de l&rsquo;ampleur au Canada. Des groupes en ligne encouragent les consommateurs \u00e0 privil\u00e9gier les produits locaux et \u00e0 se passer des marques am\u00e9ricaines. Pearl, qui \u00e9tait autrefois une fid\u00e8le cliente d&rsquo;Amazon, a annul\u00e9 son abonnement Prime et \u00e9vite d&rsquo;acheter chez Walmart ou McDonald&rsquo;s.<\/p>\n<p>Elle observe que m\u00eame les jeunes s&rsquo;impliquent dans ce mouvement. \u00ab Ma fille de 15 ans et ses amis boycottent \u00e9galement les produits am\u00e9ricains \u00bb, dit-elle. Selon elle, cette d\u00e9marche d\u00e9passe les g\u00e9n\u00e9rations et touche de nombreux Canadiens attach\u00e9s \u00e0 leurs valeurs.<\/p>\n<ul>\n<li>\u00c9viter les produits am\u00e9ricains<\/li>\n<li>Privil\u00e9gier les produits canadiens<\/li>\n<li>\u00c9largir la fiert\u00e9 nationale<\/li>\n<li>Renforcer les relations communautaires locales<\/li>\n<\/ul>\n<p class=\"va-boycott-pull\">\u00ab Je ne vais plus de l&rsquo;autre c\u00f4t\u00e9 de la fronti\u00e8re de nos jours. \u00bb<\/p>\n<p><iframe loading=\"lazy\" title=\"Prendre le m\u00e9tro \u00e0 Paris en 1900, \u00e7a ressemblait... \u00e0 \u00e7a :\" width=\"1200\" height=\"675\" src=\"https:\/\/www.youtube.com\/embed\/BjlKZrtPOiA?feature=oembed\" frameborder=\"0\" allow=\"accelerometer; autoplay; clipboard-write; encrypted-media; gyroscope; picture-in-picture; web-share\" referrerpolicy=\"strict-origin-when-cross-origin\" allowfullscreen><\/iframe><\/p>\n<h2>Pr\u00e9server les relations canado-am\u00e9ricaines<\/h2>\n<p>Malgr\u00e9 les tensions, Pearl souligne l&rsquo;importance des relations entre les deux pays. \u00ab Nous respectons les Am\u00e9ricains et nous avons toujours \u00e9t\u00e9 de grands alli\u00e9s \u00bb, affirme-t-elle. Elle esp\u00e8re que cette p\u00e9riode difficile ne d\u00e9truira pas le lien qui unit les Canadiens et les Am\u00e9ricains.<\/p>\n<p>Elle note que m\u00eame si des changements politiques peuvent se produire, la m\u00e9fiance persiste. \u00ab Une fois mordu, deux fois timide, dit un vieux proverbe. Nous avons trop souvent fait face \u00e0 des menaces pour nous sentir en s\u00e9curit\u00e9 \u00bb, conclut-elle.<\/p>\n<blockquote><p>\n  \u00ab Nous aimons votre pays comme nous l&rsquo;avons toujours fait. Nous voulons juste que notre amiti\u00e9 soit respect\u00e9e. \u00bb\n<\/p><\/blockquote>\n<p>Le sentiment exprim\u00e9 par Pearl rejoint, dit-elle, celui d&rsquo;autres Canadiens qui \u00e9voquent une perte d&rsquo;identit\u00e9 et de s\u00e9curit\u00e9. Ce t\u00e9moignage pr\u00e9sente son boycott comme une d\u00e9marche personnelle, en r\u00e9ponse \u00e0 des d\u00e9cisions politiques, autant qu&rsquo;une affirmation de fiert\u00e9 canadienne. Elle dit esp\u00e9rer qu&rsquo;un dialogue constructif pourra r\u00e9tablir la relation entre les deux pays.<\/p>\n<div class=\"va-boycott-retenir\">\n<div class=\"va-boycott-retenir-title\">Ce qu&rsquo;il faut retenir<\/div>\n<div class=\"va-boycott-retenir-list\">\n<div class=\"va-boycott-retenir-row\">\n<div class=\"va-boycott-retenir-mark\">01<\/div>\n<div class=\"va-boycott-retenir-txt\">Un t\u00e9moignage individuel, recueilli en mars 2025, et non une tendance mesur\u00e9e.<\/div>\n<\/div>\n<div class=\"va-boycott-retenir-row\">\n<div class=\"va-boycott-retenir-mark\">02<\/div>\n<div class=\"va-boycott-retenir-txt\">Cette consommatrice dit \u00e9viter les produits am\u00e9ricains et renoncer \u00e0 ses d\u00e9placements aux \u00c9tats-Unis.<\/div>\n<\/div>\n<div class=\"va-boycott-retenir-row\">\n<div class=\"va-boycott-retenir-mark\">03<\/div>\n<div class=\"va-boycott-retenir-txt\">Elle invoque un contexte de tensions politiques et des craintes li\u00e9es \u00e0 la s\u00e9curit\u00e9 de sa famille.<\/div>\n<\/div>\n<div class=\"va-boycott-retenir-row\">\n<div class=\"va-boycott-retenir-mark\">04<\/div>\n<div class=\"va-boycott-retenir-txt\">Elle dit n\u00e9anmoins rester attach\u00e9e \u00e0 la relation entre les deux pays.<\/div>\n<\/div>\n<\/div>\n<\/div>\n<\/div>\n","protected":false},"excerpt":{"rendered":"","protected":false},"author":34,"featured_media":15142,"comment_status":"open","ping_status":"open","sticky":false,"template":"","format":"standard","meta":{"_acf_changed":false,"manual_indexmenow":false,"indexmenow_id_project":0,"footnotes":""},"categories":[1],"tags":[6099,3557,5688,3170,5755],"class_list":["post-14576","post","type-post","status-publish","format-standard","has-post-thumbnail","hentry","category-a-la-une","tag-fierte-nationale","tag-produits-locaux","tag-relations-internationales","tag-securite","tag-voyage-en-solo","generate-columns","tablet-grid-50","mobile-grid-100","grid-parent","grid-25"],"acf":[],"yoast_head":"<!-- This site is optimized with the Yoast SEO Premium plugin v21.3 (Yoast SEO v25.1) - https:\/\/yoast.com\/wordpress\/plugins\/seo\/ -->\n<title>Une m\u00e8re canadienne refuse d&#039;acheter am\u00e9ricain et voyage<\/title>\n<meta name=\"description\" content=\"En mars 2025, une consommatrice canadienne pr\u00e9nomm\u00e9e Pearl explique avoir cess\u00e9 d&#039;acheter des produits am\u00e9ricains et renonc\u00e9 \u00e0 ses d\u00e9placements aux\" \/>\n<meta name=\"robots\" content=\"index, follow, max-snippet:-1, max-image-preview:large, max-video-preview:-1\" \/>\n<link rel=\"canonical\" href=\"https:\/\/voyage-aventure.com\/blog\/a-la-une\/une-mere-canadienne-refuse-dacheter-americain-et-voyage-aux-etats-unis-a-cause-de-trump\/\" \/>\n<meta property=\"og:locale\" content=\"fr_FR\" \/>\n<meta property=\"og:type\" content=\"article\" \/>\n<meta property=\"og:title\" content=\"Une m\u00e8re canadienne refuse d&#039;acheter am\u00e9ricain et voyage\" \/>\n<meta property=\"og:description\" content=\"En mars 2025, une consommatrice canadienne pr\u00e9nomm\u00e9e Pearl explique avoir cess\u00e9 d&#039;acheter des produits am\u00e9ricains et renonc\u00e9 \u00e0 ses d\u00e9placements aux\" \/>\n<meta property=\"og:url\" content=\"https:\/\/voyage-aventure.com\/blog\/a-la-une\/une-mere-canadienne-refuse-dacheter-americain-et-voyage-aux-etats-unis-a-cause-de-trump\/\" \/>\n<meta property=\"og:site_name\" content=\"voyage-aventure\" \/>\n<meta property=\"og:image\" content=\"https:\/\/voyage-aventure.com\/blog\/wp-content\/uploads\/2025\/03\/sdxl-704fe460356fbf76b5e237da327fe59b.png\" \/>\n\t<meta property=\"og:image:width\" content=\"1536\" \/>\n\t<meta property=\"og:image:height\" content=\"640\" \/>\n\t<meta property=\"og:image:type\" content=\"image\/png\" \/>\n<meta name=\"author\" content=\"Camille Rouvray\" \/>\n<meta name=\"twitter:card\" content=\"summary_large_image\" \/>\n<script type=\"application\/ld+json\" class=\"yoast-schema-graph\">{\"@context\":\"https:\/\/schema.org\",\"@graph\":[{\"@type\":\"NewsArticle\",\"@id\":\"https:\/\/voyage-aventure.com\/blog\/a-la-une\/une-mere-canadienne-refuse-dacheter-americain-et-voyage-aux-etats-unis-a-cause-de-trump\/#article\",\"isPartOf\":{\"@id\":\"https:\/\/voyage-aventure.com\/blog\/a-la-une\/une-mere-canadienne-refuse-dacheter-americain-et-voyage-aux-etats-unis-a-cause-de-trump\/\"},\"author\":{\"name\":\"Camille Rouvray\",\"@id\":\"https:\/\/voyage-aventure.com\/blog\/#\/schema\/person\/3c864cdc320801e3db34b663e7e3f816\"},\"headline\":\"Une m\u00e8re canadienne refuse d&rsquo;acheter am\u00e9ricain et voyage aux \u00c9tats-Unis \u00e0 cause de Trump\",\"datePublished\":\"2026-06-16T15:03:25+00:00\",\"mainEntityOfPage\":{\"@id\":\"https:\/\/voyage-aventure.com\/blog\/a-la-une\/une-mere-canadienne-refuse-dacheter-americain-et-voyage-aux-etats-unis-a-cause-de-trump\/\"},\"wordCount\":750,\"commentCount\":27,\"publisher\":{\"@id\":\"https:\/\/voyage-aventure.com\/blog\/#organization\"},\"image\":{\"@id\":\"https:\/\/voyage-aventure.com\/blog\/a-la-une\/une-mere-canadienne-refuse-dacheter-americain-et-voyage-aux-etats-unis-a-cause-de-trump\/#primaryimage\"},\"thumbnailUrl\":\"https:\/\/voyage-aventure.com\/blog\/wp-content\/uploads\/2025\/03\/sdxl-704fe460356fbf76b5e237da327fe59b.png\",\"keywords\":[\"Fiert\u00e9 Nationale\",\"Produits Locaux\",\"Relations Internationales\",\"S\u00e9curit\u00e9\",\"Voyage en solo\"],\"articleSection\":[\"\u00c0 la une\"],\"inLanguage\":\"fr-FR\",\"potentialAction\":[{\"@type\":\"CommentAction\",\"name\":\"Comment\",\"target\":[\"https:\/\/voyage-aventure.com\/blog\/a-la-une\/une-mere-canadienne-refuse-dacheter-americain-et-voyage-aux-etats-unis-a-cause-de-trump\/#respond\"]}]},{\"@type\":\"WebPage\",\"@id\":\"https:\/\/voyage-aventure.com\/blog\/a-la-une\/une-mere-canadienne-refuse-dacheter-americain-et-voyage-aux-etats-unis-a-cause-de-trump\/\",\"url\":\"https:\/\/voyage-aventure.com\/blog\/a-la-une\/une-mere-canadienne-refuse-dacheter-americain-et-voyage-aux-etats-unis-a-cause-de-trump\/\",\"name\":\"Une m\u00e8re canadienne refuse d'acheter am\u00e9ricain et voyage\",\"isPartOf\":{\"@id\":\"https:\/\/voyage-aventure.com\/blog\/#website\"},\"primaryImageOfPage\":{\"@id\":\"https:\/\/voyage-aventure.com\/blog\/a-la-une\/une-mere-canadienne-refuse-dacheter-americain-et-voyage-aux-etats-unis-a-cause-de-trump\/#primaryimage\"},\"image\":{\"@id\":\"https:\/\/voyage-aventure.com\/blog\/a-la-une\/une-mere-canadienne-refuse-dacheter-americain-et-voyage-aux-etats-unis-a-cause-de-trump\/#primaryimage\"},\"thumbnailUrl\":\"https:\/\/voyage-aventure.com\/blog\/wp-content\/uploads\/2025\/03\/sdxl-704fe460356fbf76b5e237da327fe59b.png\",\"datePublished\":\"2026-06-16T15:03:25+00:00\",\"description\":\"En mars 2025, une consommatrice canadienne pr\u00e9nomm\u00e9e Pearl explique avoir cess\u00e9 d'acheter des produits am\u00e9ricains et renonc\u00e9 \u00e0 ses d\u00e9placements aux\",\"inLanguage\":\"fr-FR\",\"potentialAction\":[{\"@type\":\"ReadAction\",\"target\":[\"https:\/\/voyage-aventure.com\/blog\/a-la-une\/une-mere-canadienne-refuse-dacheter-americain-et-voyage-aux-etats-unis-a-cause-de-trump\/\"]}]},{\"@type\":\"ImageObject\",\"inLanguage\":\"fr-FR\",\"@id\":\"https:\/\/voyage-aventure.com\/blog\/a-la-une\/une-mere-canadienne-refuse-dacheter-americain-et-voyage-aux-etats-unis-a-cause-de-trump\/#primaryimage\",\"url\":\"https:\/\/voyage-aventure.com\/blog\/wp-content\/uploads\/2025\/03\/sdxl-704fe460356fbf76b5e237da327fe59b.png\",\"contentUrl\":\"https:\/\/voyage-aventure.com\/blog\/wp-content\/uploads\/2025\/03\/sdxl-704fe460356fbf76b5e237da327fe59b.png\",\"width\":1536,\"height\":640},{\"@type\":\"WebSite\",\"@id\":\"https:\/\/voyage-aventure.com\/blog\/#website\",\"url\":\"https:\/\/voyage-aventure.com\/blog\/\",\"name\":\"voyage-aventure.com\",\"description\":\"Votre passeport pour l\u2019inattendu.\",\"publisher\":{\"@id\":\"https:\/\/voyage-aventure.com\/blog\/#organization\"},\"alternateName\":\"Votre passeport pour l\u2019inattendu.\",\"potentialAction\":[{\"@type\":\"SearchAction\",\"target\":{\"@type\":\"EntryPoint\",\"urlTemplate\":\"https:\/\/voyage-aventure.com\/blog\/?s={search_term_string}\"},\"query-input\":{\"@type\":\"PropertyValueSpecification\",\"valueRequired\":true,\"valueName\":\"search_term_string\"}}],\"inLanguage\":\"fr-FR\"},{\"@type\":\"Organization\",\"@id\":\"https:\/\/voyage-aventure.com\/blog\/#organization\",\"name\":\"Foretsensations.fr\",\"url\":\"https:\/\/voyage-aventure.com\/blog\/\",\"logo\":{\"@type\":\"ImageObject\",\"inLanguage\":\"fr-FR\",\"@id\":\"https:\/\/voyage-aventure.com\/blog\/#\/schema\/logo\/image\/\",\"url\":\"https:\/\/voyage-aventure.com\/blog\/wp-content\/uploads\/2024\/12\/19.png\",\"contentUrl\":\"https:\/\/voyage-aventure.com\/blog\/wp-content\/uploads\/2024\/12\/19.png\",\"width\":512,\"height\":512,\"caption\":\"Foretsensations.fr\"},\"image\":{\"@id\":\"https:\/\/voyage-aventure.com\/blog\/#\/schema\/logo\/image\/\"}},{\"@type\":\"Person\",\"@id\":\"https:\/\/voyage-aventure.com\/blog\/#\/schema\/person\/3c864cdc320801e3db34b663e7e3f816\",\"name\":\"Camille Rouvray\",\"image\":{\"@type\":\"ImageObject\",\"inLanguage\":\"fr-FR\",\"@id\":\"https:\/\/voyage-aventure.com\/blog\/#\/schema\/person\/image\/\",\"url\":\"https:\/\/voyage-aventure.com\/blog\/wp-content\/uploads\/2026\/06\/persona_camille-r-96x96.jpg\",\"contentUrl\":\"https:\/\/voyage-aventure.com\/blog\/wp-content\/uploads\/2026\/06\/persona_camille-r-96x96.jpg\",\"caption\":\"Camille Rouvray\"},\"description\":\"Je voyage et j'\u00e9cris sur le voyage depuis une douzaine d'ann\u00e9es, d'abord en tant que routarde au long cours, puis comme r\u00e9dactrice sp\u00e9cialis\u00e9e. Mon terrain de pr\u00e9dilection, ce sont les circuits organis\u00e9s et l'art de bien pr\u00e9parer un itin\u00e9raire : choix de la saison, dur\u00e9e r\u00e9aliste des \u00e9tapes, budget jour par jour, logement et transport sur place. J'aime aussi raconter les p\u00e9pites urbaines, ces adresses qu'on ne trouve pas dans les guides classiques. Avant de publier un dossier destination, je croise toujours plusieurs sources, je v\u00e9rifie les tarifs et les formalit\u00e9s d'entr\u00e9e \u00e0 jour, et je teste moi-m\u00eame quand je le peux. Mon angle reste pratique avant tout : aider le lecteur \u00e0 partir l'esprit tranquille, sans mauvaise surprise une fois sur place. Je m'attache \u00e0 distinguer le coup de c\u0153ur sinc\u00e8re du simple argument marketing.\",\"sameAs\":[\"https:\/\/camillerouvray.fr\/\"],\"url\":\"https:\/\/voyage-aventure.com\/blog\/auteur\/noname\/\"}]}<\/script>\n<!-- \/ Yoast SEO Premium plugin. -->","yoast_head_json":{"title":"Une m\u00e8re canadienne refuse d'acheter am\u00e9ricain et voyage","description":"En mars 2025, une consommatrice canadienne pr\u00e9nomm\u00e9e Pearl explique avoir cess\u00e9 d'acheter des produits am\u00e9ricains et renonc\u00e9 \u00e0 ses d\u00e9placements aux","robots":{"index":"index","follow":"follow","max-snippet":"max-snippet:-1","max-image-preview":"max-image-preview:large","max-video-preview":"max-video-preview:-1"},"canonical":"https:\/\/voyage-aventure.com\/blog\/a-la-une\/une-mere-canadienne-refuse-dacheter-americain-et-voyage-aux-etats-unis-a-cause-de-trump\/","og_locale":"fr_FR","og_type":"article","og_title":"Une m\u00e8re canadienne refuse d'acheter am\u00e9ricain et voyage","og_description":"En mars 2025, une consommatrice canadienne pr\u00e9nomm\u00e9e Pearl explique avoir cess\u00e9 d'acheter des produits am\u00e9ricains et renonc\u00e9 \u00e0 ses d\u00e9placements aux","og_url":"https:\/\/voyage-aventure.com\/blog\/a-la-une\/une-mere-canadienne-refuse-dacheter-americain-et-voyage-aux-etats-unis-a-cause-de-trump\/","og_site_name":"voyage-aventure","og_image":[{"width":1536,"height":640,"url":"https:\/\/voyage-aventure.com\/blog\/wp-content\/uploads\/2025\/03\/sdxl-704fe460356fbf76b5e237da327fe59b.png","type":"image\/png"}],"author":"Camille Rouvray","twitter_card":"summary_large_image","schema":{"@context":"https:\/\/schema.org","@graph":[{"@type":"NewsArticle","@id":"https:\/\/voyage-aventure.com\/blog\/a-la-une\/une-mere-canadienne-refuse-dacheter-americain-et-voyage-aux-etats-unis-a-cause-de-trump\/#article","isPartOf":{"@id":"https:\/\/voyage-aventure.com\/blog\/a-la-une\/une-mere-canadienne-refuse-dacheter-americain-et-voyage-aux-etats-unis-a-cause-de-trump\/"},"author":{"name":"Camille Rouvray","@id":"https:\/\/voyage-aventure.com\/blog\/#\/schema\/person\/3c864cdc320801e3db34b663e7e3f816"},"headline":"Une m\u00e8re canadienne refuse d&rsquo;acheter am\u00e9ricain et voyage aux \u00c9tats-Unis \u00e0 cause de Trump","datePublished":"2026-06-16T15:03:25+00:00","mainEntityOfPage":{"@id":"https:\/\/voyage-aventure.com\/blog\/a-la-une\/une-mere-canadienne-refuse-dacheter-americain-et-voyage-aux-etats-unis-a-cause-de-trump\/"},"wordCount":750,"commentCount":27,"publisher":{"@id":"https:\/\/voyage-aventure.com\/blog\/#organization"},"image":{"@id":"https:\/\/voyage-aventure.com\/blog\/a-la-une\/une-mere-canadienne-refuse-dacheter-americain-et-voyage-aux-etats-unis-a-cause-de-trump\/#primaryimage"},"thumbnailUrl":"https:\/\/voyage-aventure.com\/blog\/wp-content\/uploads\/2025\/03\/sdxl-704fe460356fbf76b5e237da327fe59b.png","keywords":["Fiert\u00e9 Nationale","Produits Locaux","Relations Internationales","S\u00e9curit\u00e9","Voyage en solo"],"articleSection":["\u00c0 la une"],"inLanguage":"fr-FR","potentialAction":[{"@type":"CommentAction","name":"Comment","target":["https:\/\/voyage-aventure.com\/blog\/a-la-une\/une-mere-canadienne-refuse-dacheter-americain-et-voyage-aux-etats-unis-a-cause-de-trump\/#respond"]}]},{"@type":"WebPage","@id":"https:\/\/voyage-aventure.com\/blog\/a-la-une\/une-mere-canadienne-refuse-dacheter-americain-et-voyage-aux-etats-unis-a-cause-de-trump\/","url":"https:\/\/voyage-aventure.com\/blog\/a-la-une\/une-mere-canadienne-refuse-dacheter-americain-et-voyage-aux-etats-unis-a-cause-de-trump\/","name":"Une m\u00e8re canadienne refuse d'acheter am\u00e9ricain et voyage","isPartOf":{"@id":"https:\/\/voyage-aventure.com\/blog\/#website"},"primaryImageOfPage":{"@id":"https:\/\/voyage-aventure.com\/blog\/a-la-une\/une-mere-canadienne-refuse-dacheter-americain-et-voyage-aux-etats-unis-a-cause-de-trump\/#primaryimage"},"image":{"@id":"https:\/\/voyage-aventure.com\/blog\/a-la-une\/une-mere-canadienne-refuse-dacheter-americain-et-voyage-aux-etats-unis-a-cause-de-trump\/#primaryimage"},"thumbnailUrl":"https:\/\/voyage-aventure.com\/blog\/wp-content\/uploads\/2025\/03\/sdxl-704fe460356fbf76b5e237da327fe59b.png","datePublished":"2026-06-16T15:03:25+00:00","description":"En mars 2025, une consommatrice canadienne pr\u00e9nomm\u00e9e Pearl explique avoir cess\u00e9 d'acheter des produits am\u00e9ricains et renonc\u00e9 \u00e0 ses d\u00e9placements aux","inLanguage":"fr-FR","potentialAction":[{"@type":"ReadAction","target":["https:\/\/voyage-aventure.com\/blog\/a-la-une\/une-mere-canadienne-refuse-dacheter-americain-et-voyage-aux-etats-unis-a-cause-de-trump\/"]}]},{"@type":"ImageObject","inLanguage":"fr-FR","@id":"https:\/\/voyage-aventure.com\/blog\/a-la-une\/une-mere-canadienne-refuse-dacheter-americain-et-voyage-aux-etats-unis-a-cause-de-trump\/#primaryimage","url":"https:\/\/voyage-aventure.com\/blog\/wp-content\/uploads\/2025\/03\/sdxl-704fe460356fbf76b5e237da327fe59b.png","contentUrl":"https:\/\/voyage-aventure.com\/blog\/wp-content\/uploads\/2025\/03\/sdxl-704fe460356fbf76b5e237da327fe59b.png","width":1536,"height":640},{"@type":"WebSite","@id":"https:\/\/voyage-aventure.com\/blog\/#website","url":"https:\/\/voyage-aventure.com\/blog\/","name":"voyage-aventure.com","description":"Votre passeport pour l\u2019inattendu.","publisher":{"@id":"https:\/\/voyage-aventure.com\/blog\/#organization"},"alternateName":"Votre passeport pour l\u2019inattendu.","potentialAction":[{"@type":"SearchAction","target":{"@type":"EntryPoint","urlTemplate":"https:\/\/voyage-aventure.com\/blog\/?s={search_term_string}"},"query-input":{"@type":"PropertyValueSpecification","valueRequired":true,"valueName":"search_term_string"}}],"inLanguage":"fr-FR"},{"@type":"Organization","@id":"https:\/\/voyage-aventure.com\/blog\/#organization","name":"Foretsensations.fr","url":"https:\/\/voyage-aventure.com\/blog\/","logo":{"@type":"ImageObject","inLanguage":"fr-FR","@id":"https:\/\/voyage-aventure.com\/blog\/#\/schema\/logo\/image\/","url":"https:\/\/voyage-aventure.com\/blog\/wp-content\/uploads\/2024\/12\/19.png","contentUrl":"https:\/\/voyage-aventure.com\/blog\/wp-content\/uploads\/2024\/12\/19.png","width":512,"height":512,"caption":"Foretsensations.fr"},"image":{"@id":"https:\/\/voyage-aventure.com\/blog\/#\/schema\/logo\/image\/"}},{"@type":"Person","@id":"https:\/\/voyage-aventure.com\/blog\/#\/schema\/person\/3c864cdc320801e3db34b663e7e3f816","name":"Camille Rouvray","image":{"@type":"ImageObject","inLanguage":"fr-FR","@id":"https:\/\/voyage-aventure.com\/blog\/#\/schema\/person\/image\/","url":"https:\/\/voyage-aventure.com\/blog\/wp-content\/uploads\/2026\/06\/persona_camille-r-96x96.jpg","contentUrl":"https:\/\/voyage-aventure.com\/blog\/wp-content\/uploads\/2026\/06\/persona_camille-r-96x96.jpg","caption":"Camille Rouvray"},"description":"Je voyage et j'\u00e9cris sur le voyage depuis une douzaine d'ann\u00e9es, d'abord en tant que routarde au long cours, puis comme r\u00e9dactrice sp\u00e9cialis\u00e9e. Mon terrain de pr\u00e9dilection, ce sont les circuits organis\u00e9s et l'art de bien pr\u00e9parer un itin\u00e9raire : choix de la saison, dur\u00e9e r\u00e9aliste des \u00e9tapes, budget jour par jour, logement et transport sur place. J'aime aussi raconter les p\u00e9pites urbaines, ces adresses qu'on ne trouve pas dans les guides classiques. Avant de publier un dossier destination, je croise toujours plusieurs sources, je v\u00e9rifie les tarifs et les formalit\u00e9s d'entr\u00e9e \u00e0 jour, et je teste moi-m\u00eame quand je le peux. Mon angle reste pratique avant tout : aider le lecteur \u00e0 partir l'esprit tranquille, sans mauvaise surprise une fois sur place. Je m'attache \u00e0 distinguer le coup de c\u0153ur sinc\u00e8re du simple argument marketing.","sameAs":["https:\/\/camillerouvray.fr\/"],"url":"https:\/\/voyage-aventure.com\/blog\/auteur\/noname\/"}]}},"_links":{"self":[{"href":"https:\/\/voyage-aventure.com\/blog\/wp-json\/wp\/v2\/posts\/14576","targetHints":{"allow":["GET"]}}],"collection":[{"href":"https:\/\/voyage-aventure.com\/blog\/wp-json\/wp\/v2\/posts"}],"about":[{"href":"https:\/\/voyage-aventure.com\/blog\/wp-json\/wp\/v2\/types\/post"}],"author":[{"embeddable":true,"href":"https:\/\/voyage-aventure.com\/blog\/wp-json\/wp\/v2\/users\/34"}],"replies":[{"embeddable":true,"href":"https:\/\/voyage-aventure.com\/blog\/wp-json\/wp\/v2\/comments?post=14576"}],"version-history":[{"count":3,"href":"https:\/\/voyage-aventure.com\/blog\/wp-json\/wp\/v2\/posts\/14576\/revisions"}],"predecessor-version":[{"id":22743,"href":"https:\/\/voyage-aventure.com\/blog\/wp-json\/wp\/v2\/posts\/14576\/revisions\/22743"}],"wp:featuredmedia":[{"embeddable":true,"href":"https:\/\/voyage-aventure.com\/blog\/wp-json\/wp\/v2\/media\/15142"}],"wp:attachment":[{"href":"https:\/\/voyage-aventure.com\/blog\/wp-json\/wp\/v2\/media?parent=14576"}],"wp:term":[{"taxonomy":"category","embeddable":true,"href":"https:\/\/voyage-aventure.com\/blog\/wp-json\/wp\/v2\/categories?post=14576"},{"taxonomy":"post_tag","embeddable":true,"href":"https:\/\/voyage-aventure.com\/blog\/wp-json\/wp\/v2\/tags?post=14576"}],"curies":[{"name":"wp","href":"https:\/\/api.w.org\/{rel}","templated":true}]}}