{"id":14569,"date":"2025-03-14T12:38:05","date_gmt":"2025-03-14T11:38:05","guid":{"rendered":"https:\/\/voyage-aventure.com\/blog\/?p=14569"},"modified":"2025-03-13T15:52:22","modified_gmt":"2025-03-13T14:52:22","slug":"la-reprise-des-voyages-pour-les-athletes-etudiants-de-dodea-dans-le-pacifique-suscite-lenthousiasme","status":"publish","type":"post","link":"https:\/\/voyage-aventure.com\/blog\/a-la-une\/la-reprise-des-voyages-pour-les-athletes-etudiants-de-dodea-dans-le-pacifique-suscite-lenthousiasme\/","title":{"rendered":"la reprise des voyages pour les athl\u00e8tes \u00e9tudiants de DODEA dans le Pacifique suscite l&rsquo;enthousiasme"},"content":{"rendered":"<h2>Un retour tant attendu pour les athl\u00e8tes \u00e9tudiants<\/h2>\n<p>Apr\u00e8s une br\u00e8ve suspension due \u00e0 un gel de financement, la nouvelle a \u00e9t\u00e9 accueillie avec soulagement. Ce retour en force est crucial pour les comp\u00e9titions sportives qui battent leur plein.<\/p>\n<p>Le chef de cabinet de DODEA-Pacific, Todd Schlitz, a annonc\u00e9 par email que les voyages pour les \u00e9v\u00e9nements sportifs \u00e9taient de nouveau autoris\u00e9s. Cette d\u00e9cision est particuli\u00e8rement r\u00e9jouissante pour les jeunes sportifs qui s&rsquo;\u00e9taient pr\u00e9par\u00e9s avec enthousiasme pour leurs comp\u00e9titions. Les nombreux matchs de soccer, de softball, d&rsquo;athl\u00e9tisme et de baseball reprennent ainsi leur cours.<\/p>\n<h2>Les d\u00e9fis de la planification des comp\u00e9titions<\/h2>\n<p>Malgr\u00e9 cette bonne nouvelle, des incertitudes demeurent concernant les \u00e9v\u00e9nements d\u00e9j\u00e0 programm\u00e9s, notamment ceux de DODEA-Europe. Alors que des comp\u00e9titions avaient \u00e9t\u00e9 annul\u00e9es, il a \u00e9t\u00e9 r\u00e9v\u00e9l\u00e9 que les responsables reconsid\u00e9raient la situation. Les implications de ces changements sont vastes et touchent des centaines d&rsquo;\u00e9l\u00e8ves-athl\u00e8tes.<\/p>\n<p>Les saisons sportives de printemps, qui viennent \u00e0 peine de commencer, se termineront par des championnats pr\u00e9vus entre le 19 et le 23 mai. Les athl\u00e8tes esp\u00e8rent que toutes les rencontres se d\u00e9rouleront comme pr\u00e9vu, malgr\u00e9 les incertitudes administratives. Chaque match est une opportunit\u00e9 pour briller et d\u00e9montrer le talent de ces jeunes sportifs.<\/p>\n<h2>Une d\u00e9cision influenc\u00e9e par des enjeux politiques<\/h2>\n<p>Le retour \u00e0 la normale a \u00e9t\u00e9 rendu possible par un changement de politique suite \u00e0 un ordre ex\u00e9cutif du pr\u00e9sident Donald Trump. Cet ordre limitait les voyages gouvernementaux \u00e0 des op\u00e9rations militaires essentielles, engendrant des perturbations dans le calendrier sportif. Toutefois, un revirement a permis \u00e0 la DODEA de reprendre les voyages, bien que les raisons de cette d\u00e9cision n&rsquo;aient pas \u00e9t\u00e9 clairement expliqu\u00e9es.<\/p>\n<p>Il reste des questions en suspens, notamment la n\u00e9cessit\u00e9 d&rsquo;un financement continu. Le Congr\u00e8s am\u00e9ricain envisage actuellement une r\u00e9solution pour prolonger le financement gouvernemental. Sans cela, tous les voyages non essentiels, y compris les activit\u00e9s sportives apr\u00e8s l&rsquo;\u00e9cole, pourraient \u00eatre suspendus.<\/p>\n<ul>\n<li>Reprise des voyages pour les athl\u00e8tes \u00e9tudiants de DODEA dans le Pacifique<\/li>\n<li>Des incertitudes subsistent concernant les comp\u00e9titions de DODEA-Europe<\/li>\n<li>Les enjeux politiques influencent la continuit\u00e9 des activit\u00e9s sportives<\/li>\n<li>Les championnats de printemps approchent avec une date pr\u00e9vue entre le 19 et le 23 mai<\/li>\n<li>Un appel \u00e0 la continuit\u00e9 du financement pour \u00e9viter des interruptions<\/li>\n<\/ul>\n<blockquote><p>\u201cNous avons re\u00e7u des instructions mises \u00e0 jour de la direction de DODEA qui nous permettent maintenant de proc\u00e9der avec les voyages d\u2019\u00e9tudiants et de personnel pour les activit\u00e9s sportives,\u201d a d\u00e9clar\u00e9 Todd Schlitz.<\/p><\/blockquote>\n<p>Cet article pr\u00e9sente les r\u00e9cents d\u00e9veloppements concernant la reprise des voyages pour les athl\u00e8tes \u00e9tudiants dans le Pacifique, tout en d\u00e9taillant les d\u00e9fis politiques et organisationnels qui persistent. Il est con\u00e7u pour \u00eatre engageant et informatif, tout en respectant les directives fournies.<\/p>\n","protected":false},"excerpt":{"rendered":"","protected":false},"author":34,"featured_media":20770,"comment_status":"open","ping_status":"open","sticky":false,"template":"","format":"standard","meta":{"_acf_changed":false,"manual_indexmenow":false,"indexmenow_id_project":0,"footnotes":""},"categories":[1],"tags":[4538,4636,4713,4635,5755],"class_list":["post-14569","post","type-post","status-publish","format-standard","has-post-thumbnail","hentry","category-a-la-une","tag-activites-variees","tag-destinations","tag-preparation","tag-voyage","tag-voyage-en-solo","generate-columns","tablet-grid-50","mobile-grid-100","grid-parent","grid-25"],"acf":[],"yoast_head":"<!-- This site is optimized with the Yoast SEO Premium plugin v21.3 (Yoast SEO v25.1) - https:\/\/yoast.com\/wordpress\/plugins\/seo\/ -->\n<title>la reprise des voyages pour les athl\u00e8tes \u00e9tudiants de DODEA<\/title>\n<meta name=\"description\" content=\"Un retour tant attendu pour les athl\u00e8tes \u00e9tudiants Apr\u00e8s une br\u00e8ve suspension due \u00e0 un gel de financement, la nouvelle a \u00e9t\u00e9 accueillie avec soulagement\" \/>\n<meta name=\"robots\" content=\"index, follow, max-snippet:-1, max-image-preview:large, max-video-preview:-1\" \/>\n<link rel=\"canonical\" href=\"https:\/\/voyage-aventure.com\/blog\/a-la-une\/la-reprise-des-voyages-pour-les-athletes-etudiants-de-dodea-dans-le-pacifique-suscite-lenthousiasme\/\" \/>\n<meta property=\"og:locale\" content=\"fr_FR\" \/>\n<meta property=\"og:type\" content=\"article\" \/>\n<meta property=\"og:title\" content=\"la reprise des voyages pour les athl\u00e8tes \u00e9tudiants de DODEA\" \/>\n<meta property=\"og:description\" content=\"Un retour tant attendu pour les athl\u00e8tes \u00e9tudiants Apr\u00e8s une br\u00e8ve suspension due \u00e0 un gel de financement, la nouvelle a \u00e9t\u00e9 accueillie avec soulagement\" \/>\n<meta property=\"og:url\" content=\"https:\/\/voyage-aventure.com\/blog\/a-la-une\/la-reprise-des-voyages-pour-les-athletes-etudiants-de-dodea-dans-le-pacifique-suscite-lenthousiasme\/\" \/>\n<meta property=\"og:site_name\" content=\"voyage-aventure\" \/>\n<meta property=\"og:image\" content=\"https:\/\/voyage-aventure.com\/blog\/wp-content\/uploads\/2025\/05\/sdxl-55bd07893a1ee6737ad6105319c47cb9-scaled.png\" \/>\n\t<meta property=\"og:image:width\" content=\"1200\" \/>\n\t<meta property=\"og:image:height\" content=\"500\" \/>\n\t<meta property=\"og:image:type\" content=\"image\/png\" \/>\n<meta name=\"author\" content=\"Camille Rouvray\" \/>\n<meta name=\"twitter:card\" content=\"summary_large_image\" \/>\n<script type=\"application\/ld+json\" class=\"yoast-schema-graph\">{\"@context\":\"https:\/\/schema.org\",\"@graph\":[{\"@type\":\"NewsArticle\",\"@id\":\"https:\/\/voyage-aventure.com\/blog\/a-la-une\/la-reprise-des-voyages-pour-les-athletes-etudiants-de-dodea-dans-le-pacifique-suscite-lenthousiasme\/#article\",\"isPartOf\":{\"@id\":\"https:\/\/voyage-aventure.com\/blog\/a-la-une\/la-reprise-des-voyages-pour-les-athletes-etudiants-de-dodea-dans-le-pacifique-suscite-lenthousiasme\/\"},\"author\":{\"name\":\"Camille Rouvray\",\"@id\":\"https:\/\/voyage-aventure.com\/blog\/#\/schema\/person\/3c864cdc320801e3db34b663e7e3f816\"},\"headline\":\"la reprise des voyages pour les athl\u00e8tes \u00e9tudiants de DODEA dans le Pacifique suscite l&rsquo;enthousiasme\",\"datePublished\":\"2025-03-14T11:38:05+00:00\",\"mainEntityOfPage\":{\"@id\":\"https:\/\/voyage-aventure.com\/blog\/a-la-une\/la-reprise-des-voyages-pour-les-athletes-etudiants-de-dodea-dans-le-pacifique-suscite-lenthousiasme\/\"},\"wordCount\":516,\"commentCount\":28,\"publisher\":{\"@id\":\"https:\/\/voyage-aventure.com\/blog\/#organization\"},\"image\":{\"@id\":\"https:\/\/voyage-aventure.com\/blog\/a-la-une\/la-reprise-des-voyages-pour-les-athletes-etudiants-de-dodea-dans-le-pacifique-suscite-lenthousiasme\/#primaryimage\"},\"thumbnailUrl\":\"https:\/\/voyage-aventure.com\/blog\/wp-content\/uploads\/2025\/05\/sdxl-55bd07893a1ee6737ad6105319c47cb9-scaled.png\",\"keywords\":[\"Activit\u00e9s Vari\u00e9es\",\"Destinations\",\"Pr\u00e9paration\",\"Voyage\",\"Voyage en solo\"],\"articleSection\":[\"\u00c0 la une\"],\"inLanguage\":\"fr-FR\",\"potentialAction\":[{\"@type\":\"CommentAction\",\"name\":\"Comment\",\"target\":[\"https:\/\/voyage-aventure.com\/blog\/a-la-une\/la-reprise-des-voyages-pour-les-athletes-etudiants-de-dodea-dans-le-pacifique-suscite-lenthousiasme\/#respond\"]}]},{\"@type\":\"WebPage\",\"@id\":\"https:\/\/voyage-aventure.com\/blog\/a-la-une\/la-reprise-des-voyages-pour-les-athletes-etudiants-de-dodea-dans-le-pacifique-suscite-lenthousiasme\/\",\"url\":\"https:\/\/voyage-aventure.com\/blog\/a-la-une\/la-reprise-des-voyages-pour-les-athletes-etudiants-de-dodea-dans-le-pacifique-suscite-lenthousiasme\/\",\"name\":\"la reprise des voyages pour les athl\u00e8tes \u00e9tudiants de DODEA\",\"isPartOf\":{\"@id\":\"https:\/\/voyage-aventure.com\/blog\/#website\"},\"primaryImageOfPage\":{\"@id\":\"https:\/\/voyage-aventure.com\/blog\/a-la-une\/la-reprise-des-voyages-pour-les-athletes-etudiants-de-dodea-dans-le-pacifique-suscite-lenthousiasme\/#primaryimage\"},\"image\":{\"@id\":\"https:\/\/voyage-aventure.com\/blog\/a-la-une\/la-reprise-des-voyages-pour-les-athletes-etudiants-de-dodea-dans-le-pacifique-suscite-lenthousiasme\/#primaryimage\"},\"thumbnailUrl\":\"https:\/\/voyage-aventure.com\/blog\/wp-content\/uploads\/2025\/05\/sdxl-55bd07893a1ee6737ad6105319c47cb9-scaled.png\",\"datePublished\":\"2025-03-14T11:38:05+00:00\",\"description\":\"Un retour tant attendu pour les athl\u00e8tes \u00e9tudiants Apr\u00e8s une br\u00e8ve suspension due \u00e0 un gel de financement, la nouvelle a \u00e9t\u00e9 accueillie avec soulagement\",\"inLanguage\":\"fr-FR\",\"potentialAction\":[{\"@type\":\"ReadAction\",\"target\":[\"https:\/\/voyage-aventure.com\/blog\/a-la-une\/la-reprise-des-voyages-pour-les-athletes-etudiants-de-dodea-dans-le-pacifique-suscite-lenthousiasme\/\"]}]},{\"@type\":\"ImageObject\",\"inLanguage\":\"fr-FR\",\"@id\":\"https:\/\/voyage-aventure.com\/blog\/a-la-une\/la-reprise-des-voyages-pour-les-athletes-etudiants-de-dodea-dans-le-pacifique-suscite-lenthousiasme\/#primaryimage\",\"url\":\"https:\/\/voyage-aventure.com\/blog\/wp-content\/uploads\/2025\/05\/sdxl-55bd07893a1ee6737ad6105319c47cb9-scaled.png\",\"contentUrl\":\"https:\/\/voyage-aventure.com\/blog\/wp-content\/uploads\/2025\/05\/sdxl-55bd07893a1ee6737ad6105319c47cb9-scaled.png\",\"width\":1200,\"height\":500},{\"@type\":\"WebSite\",\"@id\":\"https:\/\/voyage-aventure.com\/blog\/#website\",\"url\":\"https:\/\/voyage-aventure.com\/blog\/\",\"name\":\"voyage-aventure.com\",\"description\":\"Votre passeport pour l\u2019inattendu.\",\"publisher\":{\"@id\":\"https:\/\/voyage-aventure.com\/blog\/#organization\"},\"alternateName\":\"Votre passeport pour l\u2019inattendu.\",\"potentialAction\":[{\"@type\":\"SearchAction\",\"target\":{\"@type\":\"EntryPoint\",\"urlTemplate\":\"https:\/\/voyage-aventure.com\/blog\/?s={search_term_string}\"},\"query-input\":{\"@type\":\"PropertyValueSpecification\",\"valueRequired\":true,\"valueName\":\"search_term_string\"}}],\"inLanguage\":\"fr-FR\"},{\"@type\":\"Organization\",\"@id\":\"https:\/\/voyage-aventure.com\/blog\/#organization\",\"name\":\"Foretsensations.fr\",\"url\":\"https:\/\/voyage-aventure.com\/blog\/\",\"logo\":{\"@type\":\"ImageObject\",\"inLanguage\":\"fr-FR\",\"@id\":\"https:\/\/voyage-aventure.com\/blog\/#\/schema\/logo\/image\/\",\"url\":\"https:\/\/voyage-aventure.com\/blog\/wp-content\/uploads\/2024\/12\/19.png\",\"contentUrl\":\"https:\/\/voyage-aventure.com\/blog\/wp-content\/uploads\/2024\/12\/19.png\",\"width\":512,\"height\":512,\"caption\":\"Foretsensations.fr\"},\"image\":{\"@id\":\"https:\/\/voyage-aventure.com\/blog\/#\/schema\/logo\/image\/\"}},{\"@type\":\"Person\",\"@id\":\"https:\/\/voyage-aventure.com\/blog\/#\/schema\/person\/3c864cdc320801e3db34b663e7e3f816\",\"name\":\"Camille Rouvray\",\"image\":{\"@type\":\"ImageObject\",\"inLanguage\":\"fr-FR\",\"@id\":\"https:\/\/voyage-aventure.com\/blog\/#\/schema\/person\/image\/\",\"url\":\"https:\/\/voyage-aventure.com\/blog\/wp-content\/uploads\/2026\/06\/persona_camille-r-96x96.jpg\",\"contentUrl\":\"https:\/\/voyage-aventure.com\/blog\/wp-content\/uploads\/2026\/06\/persona_camille-r-96x96.jpg\",\"caption\":\"Camille Rouvray\"},\"description\":\"Je voyage et j'\u00e9cris sur le voyage depuis une douzaine d'ann\u00e9es, d'abord en tant que routarde au long cours, puis comme r\u00e9dactrice sp\u00e9cialis\u00e9e. Mon terrain de pr\u00e9dilection, ce sont les circuits organis\u00e9s et l'art de bien pr\u00e9parer un itin\u00e9raire : choix de la saison, dur\u00e9e r\u00e9aliste des \u00e9tapes, budget jour par jour, logement et transport sur place. J'aime aussi raconter les p\u00e9pites urbaines, ces adresses qu'on ne trouve pas dans les guides classiques. Avant de publier un dossier destination, je croise toujours plusieurs sources, je v\u00e9rifie les tarifs et les formalit\u00e9s d'entr\u00e9e \u00e0 jour, et je teste moi-m\u00eame quand je le peux. Mon angle reste pratique avant tout : aider le lecteur \u00e0 partir l'esprit tranquille, sans mauvaise surprise une fois sur place. Je m'attache \u00e0 distinguer le coup de c\u0153ur sinc\u00e8re du simple argument marketing.\",\"sameAs\":[\"https:\/\/camillerouvray.fr\/\"],\"url\":\"https:\/\/voyage-aventure.com\/blog\/auteur\/noname\/\"}]}<\/script>\n<!-- \/ Yoast SEO Premium plugin. -->","yoast_head_json":{"title":"la reprise des voyages pour les athl\u00e8tes \u00e9tudiants de DODEA","description":"Un retour tant attendu pour les athl\u00e8tes \u00e9tudiants Apr\u00e8s une br\u00e8ve suspension due \u00e0 un gel de financement, la nouvelle a \u00e9t\u00e9 accueillie avec soulagement","robots":{"index":"index","follow":"follow","max-snippet":"max-snippet:-1","max-image-preview":"max-image-preview:large","max-video-preview":"max-video-preview:-1"},"canonical":"https:\/\/voyage-aventure.com\/blog\/a-la-une\/la-reprise-des-voyages-pour-les-athletes-etudiants-de-dodea-dans-le-pacifique-suscite-lenthousiasme\/","og_locale":"fr_FR","og_type":"article","og_title":"la reprise des voyages pour les athl\u00e8tes \u00e9tudiants de DODEA","og_description":"Un retour tant attendu pour les athl\u00e8tes \u00e9tudiants Apr\u00e8s une br\u00e8ve suspension due \u00e0 un gel de financement, la nouvelle a \u00e9t\u00e9 accueillie avec soulagement","og_url":"https:\/\/voyage-aventure.com\/blog\/a-la-une\/la-reprise-des-voyages-pour-les-athletes-etudiants-de-dodea-dans-le-pacifique-suscite-lenthousiasme\/","og_site_name":"voyage-aventure","og_image":[{"width":1200,"height":500,"url":"https:\/\/voyage-aventure.com\/blog\/wp-content\/uploads\/2025\/05\/sdxl-55bd07893a1ee6737ad6105319c47cb9-scaled.png","type":"image\/png"}],"author":"Camille Rouvray","twitter_card":"summary_large_image","schema":{"@context":"https:\/\/schema.org","@graph":[{"@type":"NewsArticle","@id":"https:\/\/voyage-aventure.com\/blog\/a-la-une\/la-reprise-des-voyages-pour-les-athletes-etudiants-de-dodea-dans-le-pacifique-suscite-lenthousiasme\/#article","isPartOf":{"@id":"https:\/\/voyage-aventure.com\/blog\/a-la-une\/la-reprise-des-voyages-pour-les-athletes-etudiants-de-dodea-dans-le-pacifique-suscite-lenthousiasme\/"},"author":{"name":"Camille Rouvray","@id":"https:\/\/voyage-aventure.com\/blog\/#\/schema\/person\/3c864cdc320801e3db34b663e7e3f816"},"headline":"la reprise des voyages pour les athl\u00e8tes \u00e9tudiants de DODEA dans le Pacifique suscite l&rsquo;enthousiasme","datePublished":"2025-03-14T11:38:05+00:00","mainEntityOfPage":{"@id":"https:\/\/voyage-aventure.com\/blog\/a-la-une\/la-reprise-des-voyages-pour-les-athletes-etudiants-de-dodea-dans-le-pacifique-suscite-lenthousiasme\/"},"wordCount":516,"commentCount":28,"publisher":{"@id":"https:\/\/voyage-aventure.com\/blog\/#organization"},"image":{"@id":"https:\/\/voyage-aventure.com\/blog\/a-la-une\/la-reprise-des-voyages-pour-les-athletes-etudiants-de-dodea-dans-le-pacifique-suscite-lenthousiasme\/#primaryimage"},"thumbnailUrl":"https:\/\/voyage-aventure.com\/blog\/wp-content\/uploads\/2025\/05\/sdxl-55bd07893a1ee6737ad6105319c47cb9-scaled.png","keywords":["Activit\u00e9s Vari\u00e9es","Destinations","Pr\u00e9paration","Voyage","Voyage en solo"],"articleSection":["\u00c0 la une"],"inLanguage":"fr-FR","potentialAction":[{"@type":"CommentAction","name":"Comment","target":["https:\/\/voyage-aventure.com\/blog\/a-la-une\/la-reprise-des-voyages-pour-les-athletes-etudiants-de-dodea-dans-le-pacifique-suscite-lenthousiasme\/#respond"]}]},{"@type":"WebPage","@id":"https:\/\/voyage-aventure.com\/blog\/a-la-une\/la-reprise-des-voyages-pour-les-athletes-etudiants-de-dodea-dans-le-pacifique-suscite-lenthousiasme\/","url":"https:\/\/voyage-aventure.com\/blog\/a-la-une\/la-reprise-des-voyages-pour-les-athletes-etudiants-de-dodea-dans-le-pacifique-suscite-lenthousiasme\/","name":"la reprise des voyages pour les athl\u00e8tes \u00e9tudiants de DODEA","isPartOf":{"@id":"https:\/\/voyage-aventure.com\/blog\/#website"},"primaryImageOfPage":{"@id":"https:\/\/voyage-aventure.com\/blog\/a-la-une\/la-reprise-des-voyages-pour-les-athletes-etudiants-de-dodea-dans-le-pacifique-suscite-lenthousiasme\/#primaryimage"},"image":{"@id":"https:\/\/voyage-aventure.com\/blog\/a-la-une\/la-reprise-des-voyages-pour-les-athletes-etudiants-de-dodea-dans-le-pacifique-suscite-lenthousiasme\/#primaryimage"},"thumbnailUrl":"https:\/\/voyage-aventure.com\/blog\/wp-content\/uploads\/2025\/05\/sdxl-55bd07893a1ee6737ad6105319c47cb9-scaled.png","datePublished":"2025-03-14T11:38:05+00:00","description":"Un retour tant attendu pour les athl\u00e8tes \u00e9tudiants Apr\u00e8s une br\u00e8ve suspension due \u00e0 un gel de financement, la nouvelle a \u00e9t\u00e9 accueillie avec soulagement","inLanguage":"fr-FR","potentialAction":[{"@type":"ReadAction","target":["https:\/\/voyage-aventure.com\/blog\/a-la-une\/la-reprise-des-voyages-pour-les-athletes-etudiants-de-dodea-dans-le-pacifique-suscite-lenthousiasme\/"]}]},{"@type":"ImageObject","inLanguage":"fr-FR","@id":"https:\/\/voyage-aventure.com\/blog\/a-la-une\/la-reprise-des-voyages-pour-les-athletes-etudiants-de-dodea-dans-le-pacifique-suscite-lenthousiasme\/#primaryimage","url":"https:\/\/voyage-aventure.com\/blog\/wp-content\/uploads\/2025\/05\/sdxl-55bd07893a1ee6737ad6105319c47cb9-scaled.png","contentUrl":"https:\/\/voyage-aventure.com\/blog\/wp-content\/uploads\/2025\/05\/sdxl-55bd07893a1ee6737ad6105319c47cb9-scaled.png","width":1200,"height":500},{"@type":"WebSite","@id":"https:\/\/voyage-aventure.com\/blog\/#website","url":"https:\/\/voyage-aventure.com\/blog\/","name":"voyage-aventure.com","description":"Votre passeport pour l\u2019inattendu.","publisher":{"@id":"https:\/\/voyage-aventure.com\/blog\/#organization"},"alternateName":"Votre passeport pour l\u2019inattendu.","potentialAction":[{"@type":"SearchAction","target":{"@type":"EntryPoint","urlTemplate":"https:\/\/voyage-aventure.com\/blog\/?s={search_term_string}"},"query-input":{"@type":"PropertyValueSpecification","valueRequired":true,"valueName":"search_term_string"}}],"inLanguage":"fr-FR"},{"@type":"Organization","@id":"https:\/\/voyage-aventure.com\/blog\/#organization","name":"Foretsensations.fr","url":"https:\/\/voyage-aventure.com\/blog\/","logo":{"@type":"ImageObject","inLanguage":"fr-FR","@id":"https:\/\/voyage-aventure.com\/blog\/#\/schema\/logo\/image\/","url":"https:\/\/voyage-aventure.com\/blog\/wp-content\/uploads\/2024\/12\/19.png","contentUrl":"https:\/\/voyage-aventure.com\/blog\/wp-content\/uploads\/2024\/12\/19.png","width":512,"height":512,"caption":"Foretsensations.fr"},"image":{"@id":"https:\/\/voyage-aventure.com\/blog\/#\/schema\/logo\/image\/"}},{"@type":"Person","@id":"https:\/\/voyage-aventure.com\/blog\/#\/schema\/person\/3c864cdc320801e3db34b663e7e3f816","name":"Camille Rouvray","image":{"@type":"ImageObject","inLanguage":"fr-FR","@id":"https:\/\/voyage-aventure.com\/blog\/#\/schema\/person\/image\/","url":"https:\/\/voyage-aventure.com\/blog\/wp-content\/uploads\/2026\/06\/persona_camille-r-96x96.jpg","contentUrl":"https:\/\/voyage-aventure.com\/blog\/wp-content\/uploads\/2026\/06\/persona_camille-r-96x96.jpg","caption":"Camille Rouvray"},"description":"Je voyage et j'\u00e9cris sur le voyage depuis une douzaine d'ann\u00e9es, d'abord en tant que routarde au long cours, puis comme r\u00e9dactrice sp\u00e9cialis\u00e9e. Mon terrain de pr\u00e9dilection, ce sont les circuits organis\u00e9s et l'art de bien pr\u00e9parer un itin\u00e9raire : choix de la saison, dur\u00e9e r\u00e9aliste des \u00e9tapes, budget jour par jour, logement et transport sur place. J'aime aussi raconter les p\u00e9pites urbaines, ces adresses qu'on ne trouve pas dans les guides classiques. Avant de publier un dossier destination, je croise toujours plusieurs sources, je v\u00e9rifie les tarifs et les formalit\u00e9s d'entr\u00e9e \u00e0 jour, et je teste moi-m\u00eame quand je le peux. Mon angle reste pratique avant tout : aider le lecteur \u00e0 partir l'esprit tranquille, sans mauvaise surprise une fois sur place. Je m'attache \u00e0 distinguer le coup de c\u0153ur sinc\u00e8re du simple argument marketing.","sameAs":["https:\/\/camillerouvray.fr\/"],"url":"https:\/\/voyage-aventure.com\/blog\/auteur\/noname\/"}]}},"_links":{"self":[{"href":"https:\/\/voyage-aventure.com\/blog\/wp-json\/wp\/v2\/posts\/14569","targetHints":{"allow":["GET"]}}],"collection":[{"href":"https:\/\/voyage-aventure.com\/blog\/wp-json\/wp\/v2\/posts"}],"about":[{"href":"https:\/\/voyage-aventure.com\/blog\/wp-json\/wp\/v2\/types\/post"}],"author":[{"embeddable":true,"href":"https:\/\/voyage-aventure.com\/blog\/wp-json\/wp\/v2\/users\/34"}],"replies":[{"embeddable":true,"href":"https:\/\/voyage-aventure.com\/blog\/wp-json\/wp\/v2\/comments?post=14569"}],"version-history":[{"count":1,"href":"https:\/\/voyage-aventure.com\/blog\/wp-json\/wp\/v2\/posts\/14569\/revisions"}],"predecessor-version":[{"id":14762,"href":"https:\/\/voyage-aventure.com\/blog\/wp-json\/wp\/v2\/posts\/14569\/revisions\/14762"}],"wp:featuredmedia":[{"embeddable":true,"href":"https:\/\/voyage-aventure.com\/blog\/wp-json\/wp\/v2\/media\/20770"}],"wp:attachment":[{"href":"https:\/\/voyage-aventure.com\/blog\/wp-json\/wp\/v2\/media?parent=14569"}],"wp:term":[{"taxonomy":"category","embeddable":true,"href":"https:\/\/voyage-aventure.com\/blog\/wp-json\/wp\/v2\/categories?post=14569"},{"taxonomy":"post_tag","embeddable":true,"href":"https:\/\/voyage-aventure.com\/blog\/wp-json\/wp\/v2\/tags?post=14569"}],"curies":[{"name":"wp","href":"https:\/\/api.w.org\/{rel}","templated":true}]}}