{"id":14563,"date":"2025-03-14T11:50:03","date_gmt":"2025-03-14T10:50:03","guid":{"rendered":"https:\/\/voyage-aventure.com\/blog\/?p=14563"},"modified":"2025-03-14T11:50:03","modified_gmt":"2025-03-14T10:50:03","slug":"le-gouverneur-walz-se-rend-a-iowa-pour-une-rencontre-politique-captivante","status":"publish","type":"post","link":"https:\/\/voyage-aventure.com\/blog\/a-la-une\/le-gouverneur-walz-se-rend-a-iowa-pour-une-rencontre-politique-captivante\/","title":{"rendered":"le gouverneur walz se rend \u00e0 iowa pour une rencontre politique captivante"},"content":{"rendered":"<h2>Une visite attendue \u00e0 iowa<\/h2>\n<p>Le gouverneur du Minnesota, Tim Walz, pr\u00e9voit de se rendre en Iowa ce vendredi dans le cadre d&rsquo;une tourn\u00e9e nationale. Ce voyage s&rsquo;inscrit dans une s\u00e9rie de r\u00e9unions publiques organis\u00e9es dans des districts r\u00e9publicains de la Chambre des repr\u00e9sentants. L&rsquo;objectif principal de cette tourn\u00e9e est de renforcer les liens avec les \u00e9lecteurs et de discuter des enjeux locaux.<\/p>\n<p>Cette visite \u00e0 Des Moines d\u00e9butera \u00e0 15 heures et sera l&rsquo;occasion pour Walz de rencontrer des d\u00e9mocrates iowans. Les town halls, ou s\u00e9ances publiques, sont essentielles pour permettre aux citoyens d&rsquo;exprimer leurs pr\u00e9occupations et d&rsquo;obtenir des r\u00e9ponses sur des questions cruciales. Le gouverneur s&rsquo;engage \u00e0 \u00e9couter les habitants et \u00e0 aborder les enjeux qui les touchent directement.<\/p>\n<h2>Un engagement avec les \u00e9lecteurs<\/h2>\n<p>La rencontre de vendredi repr\u00e9sente une opportunit\u00e9 pour Walz de renforcer sa pr\u00e9sence dans un \u00c9tat voisin. En se rendant dans des districts r\u00e9publicains, il cherche \u00e0 engager un dialogue ouvert et \u00e0 promouvoir des id\u00e9es d\u00e9mocrates. Ce type d&rsquo;\u00e9v\u00e9nement permet de cr\u00e9er un climat de confiance et d&rsquo;encourager les discussions sur des politiques publiques.<\/p>\n<p>Les town halls sont souvent des plateformes o\u00f9 les citoyens peuvent poser des questions directement aux \u00e9lus. Ce format permet une interaction authentique, loin des discours formels. Comme l&rsquo;a d\u00e9clar\u00e9 Walz dans une r\u00e9cente interview : <\/p>\n<blockquote><p>\u00ab\u00a0Il est essentiel d&rsquo;\u00eatre pr\u00e9sent et d&rsquo;\u00e9couter v\u00e9ritablement ce que les gens ont \u00e0 dire.\u00a0\u00bb <\/p><\/blockquote>\n<h2>Les enjeux au c\u0153ur des discussions<\/h2>\n<p>Lors de cette rencontre, plusieurs sujets pourraient \u00eatre abord\u00e9s, notamment l&rsquo;\u00e9conomie, la sant\u00e9 et l&rsquo;\u00e9ducation. Ces th\u00e8mes sont cruciaux pour les \u00e9lecteurs d&rsquo;Iowa et refl\u00e8tent les pr\u00e9occupations des citoyens. Walz a l&rsquo;intention de discuter des solutions envisageables pour am\u00e9liorer la vie quotidienne des habitants.<\/p>\n<p>Il est important de noter que la participation \u00e0 ces \u00e9v\u00e9nements est souvent tr\u00e8s active. Les discussions peuvent s&rsquo;\u00e9tendre \u00e0 divers probl\u00e8mes locaux et nationaux, allant de l&rsquo;agriculture aux infrastructures. Voici quelques-uns des th\u00e8mes qui pourraient \u00eatre abord\u00e9s lors de la s\u00e9ance :<\/p>\n<ul>\n<li>Les d\u00e9fis \u00e9conomiques locaux<\/li>\n<li>Les initiatives en mati\u00e8re de sant\u00e9 publique<\/li>\n<li>Les r\u00e9formes \u00e9ducatives n\u00e9cessaires<\/li>\n<li>Les questions environnementales<\/li>\n<\/ul>\n<p>En participant \u00e0 ces discussions, Walz esp\u00e8re \u00e9tablir un dialogue constructif avec les \u00e9lecteurs. Sa pr\u00e9sence t\u00e9moigne de son engagement \u00e0 travailler en \u00e9troite collaboration avec les citoyens pour b\u00e2tir un avenir meilleur.<\/p>\n<p>La tourn\u00e9e de Walz \u00e0 travers les \u00c9tats-Unis t\u00e9moigne de son d\u00e9sir d&rsquo;interagir avec les \u00e9lecteurs au-del\u00e0 des fronti\u00e8res de son \u00c9tat. En se rendant en Iowa, il montre qu&rsquo;il est pr\u00eat \u00e0 faire face \u00e0 des d\u00e9fis \u00e0 l&rsquo;\u00e9chelle nationale tout en restant attentif aux pr\u00e9occupations locales. Cette approche participative pourrait bien influencer le paysage politique \u00e0 venir.<\/p>\n","protected":false},"excerpt":{"rendered":"","protected":false},"author":34,"featured_media":15132,"comment_status":"open","ping_status":"open","sticky":false,"template":"","format":"standard","meta":{"_acf_changed":false,"manual_indexmenow":false,"indexmenow_id_project":0,"footnotes":""},"categories":[1],"tags":[4593,3664,4630,5688,2872],"class_list":["post-14563","post","type-post","status-publish","format-standard","has-post-thumbnail","hentry","category-a-la-une","tag-economie","tag-education","tag-engagement","tag-relations-internationales","tag-sante","generate-columns","tablet-grid-50","mobile-grid-100","grid-parent","grid-25"],"acf":[],"yoast_head":"<!-- This site is optimized with the Yoast SEO Premium plugin v21.3 (Yoast SEO v25.1) - https:\/\/yoast.com\/wordpress\/plugins\/seo\/ -->\n<title>le gouverneur walz se rend \u00e0 iowa pour une rencontre<\/title>\n<meta name=\"description\" content=\"Le gouverneur du Minnesota, Tim Walz, pr\u00e9voit de se rendre en Iowa ce vendredi dans le cadre d&#039;une tourn\u00e9e nationale. Ce voyage s&#039;inscrit dans une s\u00e9rie\" \/>\n<meta name=\"robots\" content=\"index, follow, max-snippet:-1, max-image-preview:large, max-video-preview:-1\" \/>\n<link rel=\"canonical\" href=\"https:\/\/voyage-aventure.com\/blog\/a-la-une\/le-gouverneur-walz-se-rend-a-iowa-pour-une-rencontre-politique-captivante\/\" \/>\n<meta property=\"og:locale\" content=\"fr_FR\" \/>\n<meta property=\"og:type\" content=\"article\" \/>\n<meta property=\"og:title\" content=\"le gouverneur walz se rend \u00e0 iowa pour une rencontre\" \/>\n<meta property=\"og:description\" content=\"Le gouverneur du Minnesota, Tim Walz, pr\u00e9voit de se rendre en Iowa ce vendredi dans le cadre d&#039;une tourn\u00e9e nationale. Ce voyage s&#039;inscrit dans une s\u00e9rie\" \/>\n<meta property=\"og:url\" content=\"https:\/\/voyage-aventure.com\/blog\/a-la-une\/le-gouverneur-walz-se-rend-a-iowa-pour-une-rencontre-politique-captivante\/\" \/>\n<meta property=\"og:site_name\" content=\"voyage-aventure\" \/>\n<meta property=\"og:image\" content=\"https:\/\/voyage-aventure.com\/blog\/wp-content\/uploads\/2025\/03\/sdxl-62a39867e7888b1cbff945d290ccd3b1.png\" \/>\n\t<meta property=\"og:image:width\" content=\"1536\" \/>\n\t<meta property=\"og:image:height\" content=\"640\" \/>\n\t<meta property=\"og:image:type\" content=\"image\/png\" \/>\n<meta name=\"author\" content=\"Camille Rouvray\" \/>\n<meta name=\"twitter:card\" content=\"summary_large_image\" \/>\n<script type=\"application\/ld+json\" class=\"yoast-schema-graph\">{\"@context\":\"https:\/\/schema.org\",\"@graph\":[{\"@type\":\"NewsArticle\",\"@id\":\"https:\/\/voyage-aventure.com\/blog\/a-la-une\/le-gouverneur-walz-se-rend-a-iowa-pour-une-rencontre-politique-captivante\/#article\",\"isPartOf\":{\"@id\":\"https:\/\/voyage-aventure.com\/blog\/a-la-une\/le-gouverneur-walz-se-rend-a-iowa-pour-une-rencontre-politique-captivante\/\"},\"author\":{\"name\":\"Camille Rouvray\",\"@id\":\"https:\/\/voyage-aventure.com\/blog\/#\/schema\/person\/3c864cdc320801e3db34b663e7e3f816\"},\"headline\":\"le gouverneur walz se rend \u00e0 iowa pour une rencontre politique captivante\",\"datePublished\":\"2025-03-14T10:50:03+00:00\",\"mainEntityOfPage\":{\"@id\":\"https:\/\/voyage-aventure.com\/blog\/a-la-une\/le-gouverneur-walz-se-rend-a-iowa-pour-une-rencontre-politique-captivante\/\"},\"wordCount\":498,\"commentCount\":20,\"publisher\":{\"@id\":\"https:\/\/voyage-aventure.com\/blog\/#organization\"},\"image\":{\"@id\":\"https:\/\/voyage-aventure.com\/blog\/a-la-une\/le-gouverneur-walz-se-rend-a-iowa-pour-une-rencontre-politique-captivante\/#primaryimage\"},\"thumbnailUrl\":\"https:\/\/voyage-aventure.com\/blog\/wp-content\/uploads\/2025\/03\/sdxl-62a39867e7888b1cbff945d290ccd3b1.png\",\"keywords\":[\"\u00c9conomie\",\"\u00c9ducation\",\"Engagement\",\"Relations Internationales\",\"Sant\u00e9\"],\"articleSection\":[\"\u00c0 la une\"],\"inLanguage\":\"fr-FR\",\"potentialAction\":[{\"@type\":\"CommentAction\",\"name\":\"Comment\",\"target\":[\"https:\/\/voyage-aventure.com\/blog\/a-la-une\/le-gouverneur-walz-se-rend-a-iowa-pour-une-rencontre-politique-captivante\/#respond\"]}]},{\"@type\":\"WebPage\",\"@id\":\"https:\/\/voyage-aventure.com\/blog\/a-la-une\/le-gouverneur-walz-se-rend-a-iowa-pour-une-rencontre-politique-captivante\/\",\"url\":\"https:\/\/voyage-aventure.com\/blog\/a-la-une\/le-gouverneur-walz-se-rend-a-iowa-pour-une-rencontre-politique-captivante\/\",\"name\":\"le gouverneur walz se rend \u00e0 iowa pour une rencontre\",\"isPartOf\":{\"@id\":\"https:\/\/voyage-aventure.com\/blog\/#website\"},\"primaryImageOfPage\":{\"@id\":\"https:\/\/voyage-aventure.com\/blog\/a-la-une\/le-gouverneur-walz-se-rend-a-iowa-pour-une-rencontre-politique-captivante\/#primaryimage\"},\"image\":{\"@id\":\"https:\/\/voyage-aventure.com\/blog\/a-la-une\/le-gouverneur-walz-se-rend-a-iowa-pour-une-rencontre-politique-captivante\/#primaryimage\"},\"thumbnailUrl\":\"https:\/\/voyage-aventure.com\/blog\/wp-content\/uploads\/2025\/03\/sdxl-62a39867e7888b1cbff945d290ccd3b1.png\",\"datePublished\":\"2025-03-14T10:50:03+00:00\",\"description\":\"Le gouverneur du Minnesota, Tim Walz, pr\u00e9voit de se rendre en Iowa ce vendredi dans le cadre d'une tourn\u00e9e nationale. Ce voyage s'inscrit dans une s\u00e9rie\",\"inLanguage\":\"fr-FR\",\"potentialAction\":[{\"@type\":\"ReadAction\",\"target\":[\"https:\/\/voyage-aventure.com\/blog\/a-la-une\/le-gouverneur-walz-se-rend-a-iowa-pour-une-rencontre-politique-captivante\/\"]}]},{\"@type\":\"ImageObject\",\"inLanguage\":\"fr-FR\",\"@id\":\"https:\/\/voyage-aventure.com\/blog\/a-la-une\/le-gouverneur-walz-se-rend-a-iowa-pour-une-rencontre-politique-captivante\/#primaryimage\",\"url\":\"https:\/\/voyage-aventure.com\/blog\/wp-content\/uploads\/2025\/03\/sdxl-62a39867e7888b1cbff945d290ccd3b1.png\",\"contentUrl\":\"https:\/\/voyage-aventure.com\/blog\/wp-content\/uploads\/2025\/03\/sdxl-62a39867e7888b1cbff945d290ccd3b1.png\",\"width\":1536,\"height\":640},{\"@type\":\"WebSite\",\"@id\":\"https:\/\/voyage-aventure.com\/blog\/#website\",\"url\":\"https:\/\/voyage-aventure.com\/blog\/\",\"name\":\"voyage-aventure.com\",\"description\":\"Votre passeport pour l\u2019inattendu.\",\"publisher\":{\"@id\":\"https:\/\/voyage-aventure.com\/blog\/#organization\"},\"alternateName\":\"Votre passeport pour l\u2019inattendu.\",\"potentialAction\":[{\"@type\":\"SearchAction\",\"target\":{\"@type\":\"EntryPoint\",\"urlTemplate\":\"https:\/\/voyage-aventure.com\/blog\/?s={search_term_string}\"},\"query-input\":{\"@type\":\"PropertyValueSpecification\",\"valueRequired\":true,\"valueName\":\"search_term_string\"}}],\"inLanguage\":\"fr-FR\"},{\"@type\":\"Organization\",\"@id\":\"https:\/\/voyage-aventure.com\/blog\/#organization\",\"name\":\"Foretsensations.fr\",\"url\":\"https:\/\/voyage-aventure.com\/blog\/\",\"logo\":{\"@type\":\"ImageObject\",\"inLanguage\":\"fr-FR\",\"@id\":\"https:\/\/voyage-aventure.com\/blog\/#\/schema\/logo\/image\/\",\"url\":\"https:\/\/voyage-aventure.com\/blog\/wp-content\/uploads\/2024\/12\/19.png\",\"contentUrl\":\"https:\/\/voyage-aventure.com\/blog\/wp-content\/uploads\/2024\/12\/19.png\",\"width\":512,\"height\":512,\"caption\":\"Foretsensations.fr\"},\"image\":{\"@id\":\"https:\/\/voyage-aventure.com\/blog\/#\/schema\/logo\/image\/\"}},{\"@type\":\"Person\",\"@id\":\"https:\/\/voyage-aventure.com\/blog\/#\/schema\/person\/3c864cdc320801e3db34b663e7e3f816\",\"name\":\"Camille Rouvray\",\"image\":{\"@type\":\"ImageObject\",\"inLanguage\":\"fr-FR\",\"@id\":\"https:\/\/voyage-aventure.com\/blog\/#\/schema\/person\/image\/\",\"url\":\"https:\/\/voyage-aventure.com\/blog\/wp-content\/uploads\/2026\/06\/persona_camille-r-96x96.jpg\",\"contentUrl\":\"https:\/\/voyage-aventure.com\/blog\/wp-content\/uploads\/2026\/06\/persona_camille-r-96x96.jpg\",\"caption\":\"Camille Rouvray\"},\"description\":\"Je voyage et j'\u00e9cris sur le voyage depuis une douzaine d'ann\u00e9es, d'abord en tant que routarde au long cours, puis comme r\u00e9dactrice sp\u00e9cialis\u00e9e. Mon terrain de pr\u00e9dilection, ce sont les circuits organis\u00e9s et l'art de bien pr\u00e9parer un itin\u00e9raire : choix de la saison, dur\u00e9e r\u00e9aliste des \u00e9tapes, budget jour par jour, logement et transport sur place. J'aime aussi raconter les p\u00e9pites urbaines, ces adresses qu'on ne trouve pas dans les guides classiques. Avant de publier un dossier destination, je croise toujours plusieurs sources, je v\u00e9rifie les tarifs et les formalit\u00e9s d'entr\u00e9e \u00e0 jour, et je teste moi-m\u00eame quand je le peux. Mon angle reste pratique avant tout : aider le lecteur \u00e0 partir l'esprit tranquille, sans mauvaise surprise une fois sur place. Je m'attache \u00e0 distinguer le coup de c\u0153ur sinc\u00e8re du simple argument marketing.\",\"sameAs\":[\"https:\/\/camillerouvray.fr\/\"],\"url\":\"https:\/\/voyage-aventure.com\/blog\/auteur\/noname\/\"}]}<\/script>\n<!-- \/ Yoast SEO Premium plugin. -->","yoast_head_json":{"title":"le gouverneur walz se rend \u00e0 iowa pour une rencontre","description":"Le gouverneur du Minnesota, Tim Walz, pr\u00e9voit de se rendre en Iowa ce vendredi dans le cadre d'une tourn\u00e9e nationale. Ce voyage s'inscrit dans une s\u00e9rie","robots":{"index":"index","follow":"follow","max-snippet":"max-snippet:-1","max-image-preview":"max-image-preview:large","max-video-preview":"max-video-preview:-1"},"canonical":"https:\/\/voyage-aventure.com\/blog\/a-la-une\/le-gouverneur-walz-se-rend-a-iowa-pour-une-rencontre-politique-captivante\/","og_locale":"fr_FR","og_type":"article","og_title":"le gouverneur walz se rend \u00e0 iowa pour une rencontre","og_description":"Le gouverneur du Minnesota, Tim Walz, pr\u00e9voit de se rendre en Iowa ce vendredi dans le cadre d'une tourn\u00e9e nationale. Ce voyage s'inscrit dans une s\u00e9rie","og_url":"https:\/\/voyage-aventure.com\/blog\/a-la-une\/le-gouverneur-walz-se-rend-a-iowa-pour-une-rencontre-politique-captivante\/","og_site_name":"voyage-aventure","og_image":[{"width":1536,"height":640,"url":"https:\/\/voyage-aventure.com\/blog\/wp-content\/uploads\/2025\/03\/sdxl-62a39867e7888b1cbff945d290ccd3b1.png","type":"image\/png"}],"author":"Camille Rouvray","twitter_card":"summary_large_image","schema":{"@context":"https:\/\/schema.org","@graph":[{"@type":"NewsArticle","@id":"https:\/\/voyage-aventure.com\/blog\/a-la-une\/le-gouverneur-walz-se-rend-a-iowa-pour-une-rencontre-politique-captivante\/#article","isPartOf":{"@id":"https:\/\/voyage-aventure.com\/blog\/a-la-une\/le-gouverneur-walz-se-rend-a-iowa-pour-une-rencontre-politique-captivante\/"},"author":{"name":"Camille Rouvray","@id":"https:\/\/voyage-aventure.com\/blog\/#\/schema\/person\/3c864cdc320801e3db34b663e7e3f816"},"headline":"le gouverneur walz se rend \u00e0 iowa pour une rencontre politique captivante","datePublished":"2025-03-14T10:50:03+00:00","mainEntityOfPage":{"@id":"https:\/\/voyage-aventure.com\/blog\/a-la-une\/le-gouverneur-walz-se-rend-a-iowa-pour-une-rencontre-politique-captivante\/"},"wordCount":498,"commentCount":20,"publisher":{"@id":"https:\/\/voyage-aventure.com\/blog\/#organization"},"image":{"@id":"https:\/\/voyage-aventure.com\/blog\/a-la-une\/le-gouverneur-walz-se-rend-a-iowa-pour-une-rencontre-politique-captivante\/#primaryimage"},"thumbnailUrl":"https:\/\/voyage-aventure.com\/blog\/wp-content\/uploads\/2025\/03\/sdxl-62a39867e7888b1cbff945d290ccd3b1.png","keywords":["\u00c9conomie","\u00c9ducation","Engagement","Relations Internationales","Sant\u00e9"],"articleSection":["\u00c0 la une"],"inLanguage":"fr-FR","potentialAction":[{"@type":"CommentAction","name":"Comment","target":["https:\/\/voyage-aventure.com\/blog\/a-la-une\/le-gouverneur-walz-se-rend-a-iowa-pour-une-rencontre-politique-captivante\/#respond"]}]},{"@type":"WebPage","@id":"https:\/\/voyage-aventure.com\/blog\/a-la-une\/le-gouverneur-walz-se-rend-a-iowa-pour-une-rencontre-politique-captivante\/","url":"https:\/\/voyage-aventure.com\/blog\/a-la-une\/le-gouverneur-walz-se-rend-a-iowa-pour-une-rencontre-politique-captivante\/","name":"le gouverneur walz se rend \u00e0 iowa pour une rencontre","isPartOf":{"@id":"https:\/\/voyage-aventure.com\/blog\/#website"},"primaryImageOfPage":{"@id":"https:\/\/voyage-aventure.com\/blog\/a-la-une\/le-gouverneur-walz-se-rend-a-iowa-pour-une-rencontre-politique-captivante\/#primaryimage"},"image":{"@id":"https:\/\/voyage-aventure.com\/blog\/a-la-une\/le-gouverneur-walz-se-rend-a-iowa-pour-une-rencontre-politique-captivante\/#primaryimage"},"thumbnailUrl":"https:\/\/voyage-aventure.com\/blog\/wp-content\/uploads\/2025\/03\/sdxl-62a39867e7888b1cbff945d290ccd3b1.png","datePublished":"2025-03-14T10:50:03+00:00","description":"Le gouverneur du Minnesota, Tim Walz, pr\u00e9voit de se rendre en Iowa ce vendredi dans le cadre d'une tourn\u00e9e nationale. Ce voyage s'inscrit dans une s\u00e9rie","inLanguage":"fr-FR","potentialAction":[{"@type":"ReadAction","target":["https:\/\/voyage-aventure.com\/blog\/a-la-une\/le-gouverneur-walz-se-rend-a-iowa-pour-une-rencontre-politique-captivante\/"]}]},{"@type":"ImageObject","inLanguage":"fr-FR","@id":"https:\/\/voyage-aventure.com\/blog\/a-la-une\/le-gouverneur-walz-se-rend-a-iowa-pour-une-rencontre-politique-captivante\/#primaryimage","url":"https:\/\/voyage-aventure.com\/blog\/wp-content\/uploads\/2025\/03\/sdxl-62a39867e7888b1cbff945d290ccd3b1.png","contentUrl":"https:\/\/voyage-aventure.com\/blog\/wp-content\/uploads\/2025\/03\/sdxl-62a39867e7888b1cbff945d290ccd3b1.png","width":1536,"height":640},{"@type":"WebSite","@id":"https:\/\/voyage-aventure.com\/blog\/#website","url":"https:\/\/voyage-aventure.com\/blog\/","name":"voyage-aventure.com","description":"Votre passeport pour l\u2019inattendu.","publisher":{"@id":"https:\/\/voyage-aventure.com\/blog\/#organization"},"alternateName":"Votre passeport pour l\u2019inattendu.","potentialAction":[{"@type":"SearchAction","target":{"@type":"EntryPoint","urlTemplate":"https:\/\/voyage-aventure.com\/blog\/?s={search_term_string}"},"query-input":{"@type":"PropertyValueSpecification","valueRequired":true,"valueName":"search_term_string"}}],"inLanguage":"fr-FR"},{"@type":"Organization","@id":"https:\/\/voyage-aventure.com\/blog\/#organization","name":"Foretsensations.fr","url":"https:\/\/voyage-aventure.com\/blog\/","logo":{"@type":"ImageObject","inLanguage":"fr-FR","@id":"https:\/\/voyage-aventure.com\/blog\/#\/schema\/logo\/image\/","url":"https:\/\/voyage-aventure.com\/blog\/wp-content\/uploads\/2024\/12\/19.png","contentUrl":"https:\/\/voyage-aventure.com\/blog\/wp-content\/uploads\/2024\/12\/19.png","width":512,"height":512,"caption":"Foretsensations.fr"},"image":{"@id":"https:\/\/voyage-aventure.com\/blog\/#\/schema\/logo\/image\/"}},{"@type":"Person","@id":"https:\/\/voyage-aventure.com\/blog\/#\/schema\/person\/3c864cdc320801e3db34b663e7e3f816","name":"Camille Rouvray","image":{"@type":"ImageObject","inLanguage":"fr-FR","@id":"https:\/\/voyage-aventure.com\/blog\/#\/schema\/person\/image\/","url":"https:\/\/voyage-aventure.com\/blog\/wp-content\/uploads\/2026\/06\/persona_camille-r-96x96.jpg","contentUrl":"https:\/\/voyage-aventure.com\/blog\/wp-content\/uploads\/2026\/06\/persona_camille-r-96x96.jpg","caption":"Camille Rouvray"},"description":"Je voyage et j'\u00e9cris sur le voyage depuis une douzaine d'ann\u00e9es, d'abord en tant que routarde au long cours, puis comme r\u00e9dactrice sp\u00e9cialis\u00e9e. Mon terrain de pr\u00e9dilection, ce sont les circuits organis\u00e9s et l'art de bien pr\u00e9parer un itin\u00e9raire : choix de la saison, dur\u00e9e r\u00e9aliste des \u00e9tapes, budget jour par jour, logement et transport sur place. J'aime aussi raconter les p\u00e9pites urbaines, ces adresses qu'on ne trouve pas dans les guides classiques. Avant de publier un dossier destination, je croise toujours plusieurs sources, je v\u00e9rifie les tarifs et les formalit\u00e9s d'entr\u00e9e \u00e0 jour, et je teste moi-m\u00eame quand je le peux. Mon angle reste pratique avant tout : aider le lecteur \u00e0 partir l'esprit tranquille, sans mauvaise surprise une fois sur place. Je m'attache \u00e0 distinguer le coup de c\u0153ur sinc\u00e8re du simple argument marketing.","sameAs":["https:\/\/camillerouvray.fr\/"],"url":"https:\/\/voyage-aventure.com\/blog\/auteur\/noname\/"}]}},"_links":{"self":[{"href":"https:\/\/voyage-aventure.com\/blog\/wp-json\/wp\/v2\/posts\/14563","targetHints":{"allow":["GET"]}}],"collection":[{"href":"https:\/\/voyage-aventure.com\/blog\/wp-json\/wp\/v2\/posts"}],"about":[{"href":"https:\/\/voyage-aventure.com\/blog\/wp-json\/wp\/v2\/types\/post"}],"author":[{"embeddable":true,"href":"https:\/\/voyage-aventure.com\/blog\/wp-json\/wp\/v2\/users\/34"}],"replies":[{"embeddable":true,"href":"https:\/\/voyage-aventure.com\/blog\/wp-json\/wp\/v2\/comments?post=14563"}],"version-history":[{"count":1,"href":"https:\/\/voyage-aventure.com\/blog\/wp-json\/wp\/v2\/posts\/14563\/revisions"}],"predecessor-version":[{"id":14757,"href":"https:\/\/voyage-aventure.com\/blog\/wp-json\/wp\/v2\/posts\/14563\/revisions\/14757"}],"wp:featuredmedia":[{"embeddable":true,"href":"https:\/\/voyage-aventure.com\/blog\/wp-json\/wp\/v2\/media\/15132"}],"wp:attachment":[{"href":"https:\/\/voyage-aventure.com\/blog\/wp-json\/wp\/v2\/media?parent=14563"}],"wp:term":[{"taxonomy":"category","embeddable":true,"href":"https:\/\/voyage-aventure.com\/blog\/wp-json\/wp\/v2\/categories?post=14563"},{"taxonomy":"post_tag","embeddable":true,"href":"https:\/\/voyage-aventure.com\/blog\/wp-json\/wp\/v2\/tags?post=14563"}],"curies":[{"name":"wp","href":"https:\/\/api.w.org\/{rel}","templated":true}]}}