{"id":14561,"date":"2026-06-16T17:03:06","date_gmt":"2026-06-16T15:03:06","guid":{"rendered":"https:\/\/voyage-aventure.com\/blog\/?p=14561"},"modified":"2026-06-16T17:03:06","modified_gmt":"2026-06-16T15:03:06","slug":"voyager-avec-style-poorna-jagannathan-celebre-son-50e-anniversaire-au-bresil","status":"publish","type":"post","link":"https:\/\/voyage-aventure.com\/blog\/a-la-une\/voyager-avec-style-poorna-jagannathan-celebre-son-50e-anniversaire-au-bresil\/","title":{"rendered":"voyager avec style : poorna jagannathan c\u00e9l\u00e8bre son 50e anniversaire au br\u00e9sil"},"content":{"rendered":"<link rel=\"stylesheet\" href=\"https:\/\/fonts.googleapis.com\/css2?family=Fraunces:opsz,wght@9..144,500;9..144,600;9..144,700;9..144,900&#038;family=Inter:wght@400;500;600&#038;family=JetBrains+Mono:wght@500&#038;display=swap\">\n<style>\n.va-poorna-wrap{font-family:'Inter',system-ui,sans-serif;color:#23231f;line-height:1.65;font-size:17px;--va-accent:#2E9E6E;--va-ink:#23231f;--va-cream:#f6f4ee;--va-cream2:#eef2ec}\n.va-poorna-wrap h2{font-family:'Fraunces',Georgia,serif;font-weight:700;font-size:clamp(24px,3.2vw,34px);line-height:1.18;letter-spacing:-.01em;color:#1c1c19;margin:52px 0 18px}\n.va-poorna-wrap h3{font-family:'Fraunces',Georgia,serif;font-weight:600;font-size:clamp(19px,2.2vw,23px);color:#1c1c19;margin:30px 0 12px}\n.va-poorna-wrap p{margin:0 0 18px}\n.va-poorna-kicker{font-family:'JetBrains Mono',monospace;font-weight:500;font-size:12px;letter-spacing:.16em;text-transform:uppercase;color:var(--va-accent);margin:0 0 14px}\n.va-poorna-lead{font-size:19px;line-height:1.6;color:#39392f;margin:0 0 28px}\n.va-poorna-fiche{background:var(--va-cream);border:1px solid #e3e0d6;border-left:5px solid var(--va-accent);border-radius:14px;padding:24px 26px;margin:0 0 36px;box-shadow:0 1px 2px rgba(16,24,40,.05),0 12px 28px -16px rgba(16,24,40,.18)}\n.va-poorna-fiche .va-poorna-ft{font-family:'JetBrains Mono',monospace;font-size:11px;letter-spacing:.16em;text-transform:uppercase;color:var(--va-accent);margin-bottom:14px}\n.va-poorna-frow{display:grid;grid-template-columns:auto 1fr;gap:6px 18px}\n.va-poorna-fk{font-family:'JetBrains Mono',monospace;font-size:12.5px;letter-spacing:.04em;text-transform:uppercase;color:#7c7a6e;align-self:start;padding-top:2px}\n.va-poorna-fv{font-weight:500;color:#23231f}\n.va-poorna-grid{display:grid;grid-template-columns:repeat(auto-fit,minmax(240px,1fr));gap:22px;margin:26px 0 8px}\n.va-poorna-card{background:#fff;border:1px solid #e6e3da;border-top:3px solid var(--va-accent);border-radius:14px;padding:24px 24px 22px;transition:.25s ease;box-shadow:0 1px 2px rgba(16,24,40,.04)}\n.va-poorna-card:hover{transform:translateY(-3px);box-shadow:0 1px 2px rgba(16,24,40,.05),0 16px 34px -18px rgba(16,24,40,.28);border-color:#d4cfc1}\n.va-poorna-ct{font-family:'Fraunces',Georgia,serif;font-weight:600;font-size:19px;color:#1c1c19;margin-bottom:8px}\n.va-poorna-cn{font-family:'JetBrains Mono',monospace;font-size:12px;color:var(--va-accent);margin-bottom:10px;letter-spacing:.06em}\n.va-poorna-cd{font-size:15.5px;line-height:1.6;color:#46463c}\n.va-poorna-quote{font-family:'Fraunces',Georgia,serif;font-style:italic;font-weight:500;font-size:clamp(21px,3vw,28px);line-height:1.4;color:#1c1c19;border-left:5px solid var(--va-accent);padding:6px 0 6px 26px;margin:34px 0}\n.va-poorna-quote .va-poorna-qa{display:block;font-family:'JetBrains Mono',monospace;font-style:normal;font-weight:500;font-size:13px;letter-spacing:.06em;color:#7c7a6e;margin-top:14px}\n.va-poorna-tips{background:var(--va-cream2);border:1px solid #dde6da;border-radius:14px;padding:24px 28px;margin:26px 0;box-shadow:0 1px 2px rgba(16,24,40,.04)}\n.va-poorna-tips .va-poorna-ft{font-family:'JetBrains Mono',monospace;font-size:11px;letter-spacing:.16em;text-transform:uppercase;color:var(--va-accent);margin-bottom:14px}\n.va-poorna-tips ul{margin:0;padding-left:0;list-style:none}\n.va-poorna-tips li{position:relative;padding:8px 0 8px 30px;border-bottom:1px solid #d9e2d6;font-size:16px;color:#3a3a30}\n.va-poorna-tips li:last-child{border-bottom:none}\n.va-poorna-tips li::before{content:\"\u2192\";position:absolute;left:4px;top:8px;color:var(--va-accent);font-weight:700}\n.va-poorna-retenir{background:var(--va-cream);border:1px solid #e3e0d6;border-radius:14px;padding:24px 28px;margin:40px 0 30px;box-shadow:0 1px 2px rgba(16,24,40,.05),0 12px 28px -16px rgba(16,24,40,.18)}\n.va-poorna-retenir .va-poorna-ft{font-family:'Fraunces',Georgia,serif;font-weight:700;font-size:21px;color:#1c1c19;margin-bottom:14px}\n.va-poorna-retenir ul{margin:0;padding-left:0;list-style:none}\n.va-poorna-retenir li{position:relative;padding:7px 0 7px 28px;font-size:16px;color:#3a3a30}\n.va-poorna-retenir li::before{content:\"\u2713\";position:absolute;left:2px;top:7px;color:var(--va-accent);font-weight:700}\n.va-poorna-faq{margin:32px 0 10px}\n.va-poorna-faq details{background:#fff;border:1px solid #e6e3da;border-left:3px solid var(--va-accent);border-radius:12px;padding:0;margin:0 0 14px;transition:.25s ease}\n.va-poorna-faq details:hover{box-shadow:0 12px 28px -18px rgba(16,24,40,.3)}\n.va-poorna-faq summary{cursor:pointer;list-style:none;padding:18px 22px;font-family:'Fraunces',Georgia,serif;font-weight:600;font-size:18px;color:#1c1c19}\n.va-poorna-faq summary::-webkit-details-marker{display:none}\n.va-poorna-faq summary::before{content:\"+ \";color:var(--va-accent);font-weight:700}\n.va-poorna-faq details[open] summary::before{content:\"\u2212\"}\n.va-poorna-faq .va-poorna-fa{padding:0 22px 20px;font-size:16px;line-height:1.6;color:#46463c}\n@media(max-width:640px){.va-poorna-wrap h2{margin-top:40px}.va-poorna-frow{grid-template-columns:1fr;gap:2px 0}.va-poorna-fk{padding-top:10px}}\n<\/style>\n<div class=\"va-poorna-wrap\">\n<div class=\"va-poorna-kicker\">Voyager avec style \u00b7 Portrait<\/div>\n<p class=\"va-poorna-lead\">Pour ses 50 ans, l&rsquo;actrice Poorna Jagannathan a choisi le Br\u00e9sil. Une escapade qui en dit long sur sa fa\u00e7on de voyager : un m\u00e9lange de mode assum\u00e9e, d&rsquo;attachement \u00e0 un pays cher \u00e0 son c\u0153ur et de petites manies de baroudeuse h\u00e9rit\u00e9es d&rsquo;une enfance nomade.<\/p>\n<div class=\"va-poorna-fiche\">\n<div class=\"va-poorna-ft\">La fiche<\/div>\n<div class=\"va-poorna-frow\">\n<div class=\"va-poorna-fk\">Qui<\/div>\n<div class=\"va-poorna-fv\">Poorna Jagannathan, actrice<\/div>\n<div class=\"va-poorna-fk\">Vue dans<\/div>\n<div class=\"va-poorna-fv\">la s\u00e9rie Deli Boys<\/div>\n<div class=\"va-poorna-fk\">L&rsquo;occasion<\/div>\n<div class=\"va-poorna-fv\">son 50e anniversaire<\/div>\n<div class=\"va-poorna-fk\">Destination<\/div>\n<div class=\"va-poorna-fv\">le Br\u00e9sil, et notamment Trancoso<\/div>\n<div class=\"va-poorna-fk\">Sa signature<\/div>\n<div class=\"va-poorna-fv\">allier la mode au plaisir d&rsquo;explorer<\/div>\n<\/div>\n<\/div>\n<h2>Une passion pour le voyage et la mode<\/h2>\n<p>Poorna Jagannathan, actrice de renom, partage une vision singuli\u00e8re du voyage. Avec son r\u00f4le dans la s\u00e9rie Deli Boys, elle \u00e9voque son amour pour des destinations vibrantes comme le Br\u00e9sil, o\u00f9 elle a c\u00e9l\u00e9br\u00e9 son 50e anniversaire. Sa passion pour la mode d\u00e9passe largement les tapis rouges : elle influence aussi ses choix vestimentaires lorsqu&rsquo;elle part \u00e0 l&rsquo;aventure.<\/p>\n<p>Pour elle, le style fait partie int\u00e9grante de l&rsquo;exp\u00e9rience du lieu. Une tenue n&rsquo;est pas un d\u00e9tail, mais une mani\u00e8re d&rsquo;habiter l&rsquo;instant et la destination.<\/p>\n<div class=\"va-poorna-quote\">\n&ldquo;Quand je porte une robe d&rsquo;\u00e9t\u00e9 \u00e0 New York, c&rsquo;est pour un temps limit\u00e9. C&rsquo;est une des plus belles sensations de la ville.&rdquo;<br \/>\n<span class=\"va-poorna-qa\">\u2014 Poorna Jagannathan<\/span>\n<\/div>\n<p>Cette connexion entre style et exploration est au c\u0153ur de ses voyages, o\u00f9 chaque destination devient une toile pour sa cr\u00e9ativit\u00e9.<\/p>\n<h2>Des souvenirs imp\u00e9rissables du Br\u00e9sil<\/h2>\n<p>Pour Poorna, le Br\u00e9sil repr\u00e9sente bien plus qu&rsquo;une simple destination. C&rsquo;est un lieu charg\u00e9 de souvenirs d&rsquo;enfance et port\u00e9 par une culture qui c\u00e9l\u00e8bre la vie. Elle ressent une connexion profonde avec ce pays \u2014 \u00e0 travers ses voyages, mais aussi gr\u00e2ce \u00e0 l&rsquo;accueil chaleureux des Br\u00e9siliens, qui comptent parmi ses plus fervents admirateurs.<\/p>\n<p>Lors de son dernier s\u00e9jour, elle a choisi de d\u00e9couvrir Trancoso, un endroit qu&rsquo;elle n&rsquo;avait jamais visit\u00e9 auparavant. L\u00e0-bas, elle a savour\u00e9 des paysages \u00e0 couper le souffle, une cuisine d\u00e9licieuse et une ambiance festive qui l&rsquo;ont profond\u00e9ment touch\u00e9e.<\/p>\n<div class=\"va-poorna-grid\">\n<div class=\"va-poorna-card\">\n<div class=\"va-poorna-cn\">01<\/div>\n<div class=\"va-poorna-ct\">Un pays d&rsquo;enfance<\/div>\n<div class=\"va-poorna-cd\">Le Br\u00e9sil est li\u00e9 \u00e0 ses souvenirs d&rsquo;enfance et \u00e0 une culture qui c\u00e9l\u00e8bre la vie, ce qui en fait une destination intime autant que festive.<\/div>\n<\/div>\n<div class=\"va-poorna-card\">\n<div class=\"va-poorna-cn\">02<\/div>\n<div class=\"va-poorna-ct\">Trancoso, la d\u00e9couverte<\/div>\n<div class=\"va-poorna-cd\">Pour ce voyage, elle a pouss\u00e9 jusqu&rsquo;\u00e0 Trancoso, un lieu in\u00e9dit pour elle : paysages spectaculaires, bonne cuisine et atmosph\u00e8re de f\u00eate.<\/div>\n<\/div>\n<div class=\"va-poorna-card\">\n<div class=\"va-poorna-cn\">03<\/div>\n<div class=\"va-poorna-ct\">L&rsquo;accueil br\u00e9silien<\/div>\n<div class=\"va-poorna-cd\">Sa connexion au pays passe aussi par la chaleur de ses habitants, qu&rsquo;elle compte parmi ses admirateurs les plus fid\u00e8les.<\/div>\n<\/div>\n<\/div>\n<h2>Ses astuces de voyage pr\u00e9f\u00e9r\u00e9es<\/h2>\n<p>Poorna a une approche bien \u00e0 elle pour faire ses valises, h\u00e9rit\u00e9e de son enfance de fille de diplomate. Elle commence \u00e0 pr\u00e9parer ses bagages des semaines \u00e0 l&rsquo;avance, ajoutant et retirant des v\u00eatements jusqu&rsquo;\u00e0 ce que sa valise soit parfaitement optimis\u00e9e. Pour elle, voyager, c&rsquo;est se connecter au lieu visit\u00e9 \u2014 quitte, parfois, \u00e0 faire du shopping sur place.<\/p>\n<p>C\u00f4t\u00e9 activit\u00e9s en vol, elle adore regarder des \u00ab films de vol \u00bb : des films qu&rsquo;elle ne choisirait jamais \u00e0 la maison, mais qui deviennent une part enti\u00e8re de l&rsquo;exp\u00e9rience du voyage. Pour Poorna, le trajet compte autant que la destination.<\/p>\n<div class=\"va-poorna-tips\">\n<div class=\"va-poorna-ft\">Ses r\u00e9flexes de voyageuse<\/div>\n<ul>\n<li>Pr\u00e9parez vos bagages plusieurs semaines \u00e0 l&rsquo;avance.<\/li>\n<li>\u00c9vitez de surcharger vos valises en faisant des choix judicieux.<\/li>\n<li>Explorez la culture locale \u00e0 travers la nourriture et la musique.<\/li>\n<li>Profitez des trajets en avion pour d\u00e9couvrir des films que vous n&rsquo;auriez pas regard\u00e9s autrement.<\/li>\n<li>Connectez-vous avec les habitants pour enrichir votre exp\u00e9rience.<\/li>\n<\/ul>\n<\/div>\n<p>Poorna Jagannathan incarne l&rsquo;esprit d&rsquo;une voyageuse moderne, qui allie la mode \u00e0 la passion de l&rsquo;exploration. Son parcours est une source d&rsquo;inspiration pour celles et ceux qui r\u00eavent de d\u00e9couvrir le monde tout en restant fid\u00e8les \u00e0 leur style personnel.<\/p>\n<div class=\"va-poorna-retenir\">\n<div class=\"va-poorna-ft\">\u00c0 retenir<\/div>\n<ul>\n<li>Poorna Jagannathan a f\u00eat\u00e9 ses 50 ans au Br\u00e9sil, un pays li\u00e9 \u00e0 son enfance.<\/li>\n<li>Elle a d\u00e9couvert Trancoso pour la premi\u00e8re fois : paysages, cuisine et ambiance festive.<\/li>\n<li>Sa philosophie : voyager en restant fid\u00e8le \u00e0 son style, et se connecter au lieu et aux habitants.<\/li>\n<li>Ses r\u00e9flexes : pr\u00e9parer ses valises \u00e0 l&rsquo;avance, voyager l\u00e9ger et profiter m\u00eame du trajet.<\/li>\n<\/ul>\n<\/div>\n<div class=\"va-poorna-faq\">\n<details>\n<summary>O\u00f9 Poorna Jagannathan a-t-elle c\u00e9l\u00e9br\u00e9 ses 50 ans ?<\/summary>\n<div class=\"va-poorna-fa\">Elle a c\u00e9l\u00e9br\u00e9 son 50e anniversaire au Br\u00e9sil, un pays auquel elle est profond\u00e9ment attach\u00e9e depuis l&rsquo;enfance, en y d\u00e9couvrant notamment la destination de Trancoso.<\/div>\n<\/details>\n<details>\n<summary>Pourquoi le Br\u00e9sil compte-t-il autant pour elle ?<\/summary>\n<div class=\"va-poorna-fa\">Le Br\u00e9sil est li\u00e9 \u00e0 ses souvenirs d&rsquo;enfance et \u00e0 une culture qui c\u00e9l\u00e8bre la vie. Elle \u00e9voque aussi l&rsquo;accueil chaleureux des Br\u00e9siliens, qui comptent parmi ses plus fervents admirateurs.<\/div>\n<\/details>\n<details>\n<summary>Quelles sont ses habitudes de voyage ?<\/summary>\n<div class=\"va-poorna-fa\">Fille de diplomate, elle pr\u00e9pare ses valises des semaines \u00e0 l&rsquo;avance pour les optimiser, privil\u00e9gie de voyager l\u00e9ger, aime se connecter \u00e0 la culture locale et profite m\u00eame du temps de vol pour regarder des films qu&rsquo;elle ne verrait pas chez elle.<\/div>\n<\/details>\n<\/div>\n<\/div>\n","protected":false},"excerpt":{"rendered":"","protected":false},"author":34,"featured_media":20636,"comment_status":"open","ping_status":"open","sticky":false,"template":"","format":"standard","meta":{"_acf_changed":false,"manual_indexmenow":false,"indexmenow_id_project":0,"footnotes":""},"categories":[1],"tags":[4538,4530,4535,4769,4625],"class_list":["post-14561","post","type-post","status-publish","format-standard","has-post-thumbnail","hentry","category-a-la-une","tag-activites-variees","tag-escapade-en-europe","tag-gastronomie-locale","tag-immersion-culturelle","tag-passion-du-voyage","generate-columns","tablet-grid-50","mobile-grid-100","grid-parent","grid-25"],"acf":[],"yoast_head":"<!-- This site is optimized with the Yoast SEO Premium plugin v21.3 (Yoast SEO v25.1) - https:\/\/yoast.com\/wordpress\/plugins\/seo\/ -->\n<title>voyager avec style : poorna jagannathan c\u00e9l\u00e8bre son 50e<\/title>\n<meta name=\"description\" content=\"Pour ses 50 ans, l&#039;actrice Poorna Jagannathan a choisi le Br\u00e9sil. Une escapade qui en dit long sur sa fa\u00e7on de voyager : un m\u00e9lange de mode assum\u00e9e\" \/>\n<meta name=\"robots\" content=\"index, follow, max-snippet:-1, max-image-preview:large, max-video-preview:-1\" \/>\n<link rel=\"canonical\" href=\"https:\/\/voyage-aventure.com\/blog\/a-la-une\/voyager-avec-style-poorna-jagannathan-celebre-son-50e-anniversaire-au-bresil\/\" \/>\n<meta property=\"og:locale\" content=\"fr_FR\" \/>\n<meta property=\"og:type\" content=\"article\" \/>\n<meta property=\"og:title\" content=\"voyager avec style : poorna jagannathan c\u00e9l\u00e8bre son 50e\" \/>\n<meta property=\"og:description\" content=\"Pour ses 50 ans, l&#039;actrice Poorna Jagannathan a choisi le Br\u00e9sil. Une escapade qui en dit long sur sa fa\u00e7on de voyager : un m\u00e9lange de mode assum\u00e9e\" \/>\n<meta property=\"og:url\" content=\"https:\/\/voyage-aventure.com\/blog\/a-la-une\/voyager-avec-style-poorna-jagannathan-celebre-son-50e-anniversaire-au-bresil\/\" \/>\n<meta property=\"og:site_name\" content=\"voyage-aventure\" \/>\n<meta property=\"og:image\" content=\"https:\/\/voyage-aventure.com\/blog\/wp-content\/uploads\/2025\/05\/sdxl-d7311fc21448d81df2bb992ac5d7be8f-scaled.png\" \/>\n\t<meta property=\"og:image:width\" content=\"1200\" \/>\n\t<meta property=\"og:image:height\" content=\"500\" \/>\n\t<meta property=\"og:image:type\" content=\"image\/png\" \/>\n<meta name=\"author\" content=\"Camille Rouvray\" \/>\n<meta name=\"twitter:card\" content=\"summary_large_image\" \/>\n<script type=\"application\/ld+json\" class=\"yoast-schema-graph\">{\"@context\":\"https:\/\/schema.org\",\"@graph\":[{\"@type\":\"NewsArticle\",\"@id\":\"https:\/\/voyage-aventure.com\/blog\/a-la-une\/voyager-avec-style-poorna-jagannathan-celebre-son-50e-anniversaire-au-bresil\/#article\",\"isPartOf\":{\"@id\":\"https:\/\/voyage-aventure.com\/blog\/a-la-une\/voyager-avec-style-poorna-jagannathan-celebre-son-50e-anniversaire-au-bresil\/\"},\"author\":{\"name\":\"Camille Rouvray\",\"@id\":\"https:\/\/voyage-aventure.com\/blog\/#\/schema\/person\/3c864cdc320801e3db34b663e7e3f816\"},\"headline\":\"voyager avec style : poorna jagannathan c\u00e9l\u00e8bre son 50e anniversaire au br\u00e9sil\",\"datePublished\":\"2026-06-16T15:03:06+00:00\",\"mainEntityOfPage\":{\"@id\":\"https:\/\/voyage-aventure.com\/blog\/a-la-une\/voyager-avec-style-poorna-jagannathan-celebre-son-50e-anniversaire-au-bresil\/\"},\"wordCount\":883,\"commentCount\":21,\"publisher\":{\"@id\":\"https:\/\/voyage-aventure.com\/blog\/#organization\"},\"image\":{\"@id\":\"https:\/\/voyage-aventure.com\/blog\/a-la-une\/voyager-avec-style-poorna-jagannathan-celebre-son-50e-anniversaire-au-bresil\/#primaryimage\"},\"thumbnailUrl\":\"https:\/\/voyage-aventure.com\/blog\/wp-content\/uploads\/2025\/05\/sdxl-d7311fc21448d81df2bb992ac5d7be8f-scaled.png\",\"keywords\":[\"Activit\u00e9s Vari\u00e9es\",\"Escapade en Europe\",\"Gastronomie Locale\",\"Immersion Culturelle\",\"Passion Du Voyage\"],\"articleSection\":[\"\u00c0 la une\"],\"inLanguage\":\"fr-FR\",\"potentialAction\":[{\"@type\":\"CommentAction\",\"name\":\"Comment\",\"target\":[\"https:\/\/voyage-aventure.com\/blog\/a-la-une\/voyager-avec-style-poorna-jagannathan-celebre-son-50e-anniversaire-au-bresil\/#respond\"]}]},{\"@type\":\"WebPage\",\"@id\":\"https:\/\/voyage-aventure.com\/blog\/a-la-une\/voyager-avec-style-poorna-jagannathan-celebre-son-50e-anniversaire-au-bresil\/\",\"url\":\"https:\/\/voyage-aventure.com\/blog\/a-la-une\/voyager-avec-style-poorna-jagannathan-celebre-son-50e-anniversaire-au-bresil\/\",\"name\":\"voyager avec style : poorna jagannathan c\u00e9l\u00e8bre son 50e\",\"isPartOf\":{\"@id\":\"https:\/\/voyage-aventure.com\/blog\/#website\"},\"primaryImageOfPage\":{\"@id\":\"https:\/\/voyage-aventure.com\/blog\/a-la-une\/voyager-avec-style-poorna-jagannathan-celebre-son-50e-anniversaire-au-bresil\/#primaryimage\"},\"image\":{\"@id\":\"https:\/\/voyage-aventure.com\/blog\/a-la-une\/voyager-avec-style-poorna-jagannathan-celebre-son-50e-anniversaire-au-bresil\/#primaryimage\"},\"thumbnailUrl\":\"https:\/\/voyage-aventure.com\/blog\/wp-content\/uploads\/2025\/05\/sdxl-d7311fc21448d81df2bb992ac5d7be8f-scaled.png\",\"datePublished\":\"2026-06-16T15:03:06+00:00\",\"description\":\"Pour ses 50 ans, l'actrice Poorna Jagannathan a choisi le Br\u00e9sil. Une escapade qui en dit long sur sa fa\u00e7on de voyager : un m\u00e9lange de mode assum\u00e9e\",\"inLanguage\":\"fr-FR\",\"potentialAction\":[{\"@type\":\"ReadAction\",\"target\":[\"https:\/\/voyage-aventure.com\/blog\/a-la-une\/voyager-avec-style-poorna-jagannathan-celebre-son-50e-anniversaire-au-bresil\/\"]}]},{\"@type\":\"ImageObject\",\"inLanguage\":\"fr-FR\",\"@id\":\"https:\/\/voyage-aventure.com\/blog\/a-la-une\/voyager-avec-style-poorna-jagannathan-celebre-son-50e-anniversaire-au-bresil\/#primaryimage\",\"url\":\"https:\/\/voyage-aventure.com\/blog\/wp-content\/uploads\/2025\/05\/sdxl-d7311fc21448d81df2bb992ac5d7be8f-scaled.png\",\"contentUrl\":\"https:\/\/voyage-aventure.com\/blog\/wp-content\/uploads\/2025\/05\/sdxl-d7311fc21448d81df2bb992ac5d7be8f-scaled.png\",\"width\":1200,\"height\":500},{\"@type\":\"WebSite\",\"@id\":\"https:\/\/voyage-aventure.com\/blog\/#website\",\"url\":\"https:\/\/voyage-aventure.com\/blog\/\",\"name\":\"voyage-aventure.com\",\"description\":\"Votre passeport pour l\u2019inattendu.\",\"publisher\":{\"@id\":\"https:\/\/voyage-aventure.com\/blog\/#organization\"},\"alternateName\":\"Votre passeport pour l\u2019inattendu.\",\"potentialAction\":[{\"@type\":\"SearchAction\",\"target\":{\"@type\":\"EntryPoint\",\"urlTemplate\":\"https:\/\/voyage-aventure.com\/blog\/?s={search_term_string}\"},\"query-input\":{\"@type\":\"PropertyValueSpecification\",\"valueRequired\":true,\"valueName\":\"search_term_string\"}}],\"inLanguage\":\"fr-FR\"},{\"@type\":\"Organization\",\"@id\":\"https:\/\/voyage-aventure.com\/blog\/#organization\",\"name\":\"Foretsensations.fr\",\"url\":\"https:\/\/voyage-aventure.com\/blog\/\",\"logo\":{\"@type\":\"ImageObject\",\"inLanguage\":\"fr-FR\",\"@id\":\"https:\/\/voyage-aventure.com\/blog\/#\/schema\/logo\/image\/\",\"url\":\"https:\/\/voyage-aventure.com\/blog\/wp-content\/uploads\/2024\/12\/19.png\",\"contentUrl\":\"https:\/\/voyage-aventure.com\/blog\/wp-content\/uploads\/2024\/12\/19.png\",\"width\":512,\"height\":512,\"caption\":\"Foretsensations.fr\"},\"image\":{\"@id\":\"https:\/\/voyage-aventure.com\/blog\/#\/schema\/logo\/image\/\"}},{\"@type\":\"Person\",\"@id\":\"https:\/\/voyage-aventure.com\/blog\/#\/schema\/person\/3c864cdc320801e3db34b663e7e3f816\",\"name\":\"Camille Rouvray\",\"image\":{\"@type\":\"ImageObject\",\"inLanguage\":\"fr-FR\",\"@id\":\"https:\/\/voyage-aventure.com\/blog\/#\/schema\/person\/image\/\",\"url\":\"https:\/\/voyage-aventure.com\/blog\/wp-content\/uploads\/2026\/06\/persona_camille-r-96x96.jpg\",\"contentUrl\":\"https:\/\/voyage-aventure.com\/blog\/wp-content\/uploads\/2026\/06\/persona_camille-r-96x96.jpg\",\"caption\":\"Camille Rouvray\"},\"description\":\"Je voyage et j'\u00e9cris sur le voyage depuis une douzaine d'ann\u00e9es, d'abord en tant que routarde au long cours, puis comme r\u00e9dactrice sp\u00e9cialis\u00e9e. Mon terrain de pr\u00e9dilection, ce sont les circuits organis\u00e9s et l'art de bien pr\u00e9parer un itin\u00e9raire : choix de la saison, dur\u00e9e r\u00e9aliste des \u00e9tapes, budget jour par jour, logement et transport sur place. J'aime aussi raconter les p\u00e9pites urbaines, ces adresses qu'on ne trouve pas dans les guides classiques. Avant de publier un dossier destination, je croise toujours plusieurs sources, je v\u00e9rifie les tarifs et les formalit\u00e9s d'entr\u00e9e \u00e0 jour, et je teste moi-m\u00eame quand je le peux. Mon angle reste pratique avant tout : aider le lecteur \u00e0 partir l'esprit tranquille, sans mauvaise surprise une fois sur place. Je m'attache \u00e0 distinguer le coup de c\u0153ur sinc\u00e8re du simple argument marketing.\",\"sameAs\":[\"https:\/\/camillerouvray.fr\/\"],\"url\":\"https:\/\/voyage-aventure.com\/blog\/auteur\/noname\/\"}]}<\/script>\n<!-- \/ Yoast SEO Premium plugin. -->","yoast_head_json":{"title":"voyager avec style : poorna jagannathan c\u00e9l\u00e8bre son 50e","description":"Pour ses 50 ans, l'actrice Poorna Jagannathan a choisi le Br\u00e9sil. Une escapade qui en dit long sur sa fa\u00e7on de voyager : un m\u00e9lange de mode assum\u00e9e","robots":{"index":"index","follow":"follow","max-snippet":"max-snippet:-1","max-image-preview":"max-image-preview:large","max-video-preview":"max-video-preview:-1"},"canonical":"https:\/\/voyage-aventure.com\/blog\/a-la-une\/voyager-avec-style-poorna-jagannathan-celebre-son-50e-anniversaire-au-bresil\/","og_locale":"fr_FR","og_type":"article","og_title":"voyager avec style : poorna jagannathan c\u00e9l\u00e8bre son 50e","og_description":"Pour ses 50 ans, l'actrice Poorna Jagannathan a choisi le Br\u00e9sil. Une escapade qui en dit long sur sa fa\u00e7on de voyager : un m\u00e9lange de mode assum\u00e9e","og_url":"https:\/\/voyage-aventure.com\/blog\/a-la-une\/voyager-avec-style-poorna-jagannathan-celebre-son-50e-anniversaire-au-bresil\/","og_site_name":"voyage-aventure","og_image":[{"width":1200,"height":500,"url":"https:\/\/voyage-aventure.com\/blog\/wp-content\/uploads\/2025\/05\/sdxl-d7311fc21448d81df2bb992ac5d7be8f-scaled.png","type":"image\/png"}],"author":"Camille Rouvray","twitter_card":"summary_large_image","schema":{"@context":"https:\/\/schema.org","@graph":[{"@type":"NewsArticle","@id":"https:\/\/voyage-aventure.com\/blog\/a-la-une\/voyager-avec-style-poorna-jagannathan-celebre-son-50e-anniversaire-au-bresil\/#article","isPartOf":{"@id":"https:\/\/voyage-aventure.com\/blog\/a-la-une\/voyager-avec-style-poorna-jagannathan-celebre-son-50e-anniversaire-au-bresil\/"},"author":{"name":"Camille Rouvray","@id":"https:\/\/voyage-aventure.com\/blog\/#\/schema\/person\/3c864cdc320801e3db34b663e7e3f816"},"headline":"voyager avec style : poorna jagannathan c\u00e9l\u00e8bre son 50e anniversaire au br\u00e9sil","datePublished":"2026-06-16T15:03:06+00:00","mainEntityOfPage":{"@id":"https:\/\/voyage-aventure.com\/blog\/a-la-une\/voyager-avec-style-poorna-jagannathan-celebre-son-50e-anniversaire-au-bresil\/"},"wordCount":883,"commentCount":21,"publisher":{"@id":"https:\/\/voyage-aventure.com\/blog\/#organization"},"image":{"@id":"https:\/\/voyage-aventure.com\/blog\/a-la-une\/voyager-avec-style-poorna-jagannathan-celebre-son-50e-anniversaire-au-bresil\/#primaryimage"},"thumbnailUrl":"https:\/\/voyage-aventure.com\/blog\/wp-content\/uploads\/2025\/05\/sdxl-d7311fc21448d81df2bb992ac5d7be8f-scaled.png","keywords":["Activit\u00e9s Vari\u00e9es","Escapade en Europe","Gastronomie Locale","Immersion Culturelle","Passion Du Voyage"],"articleSection":["\u00c0 la une"],"inLanguage":"fr-FR","potentialAction":[{"@type":"CommentAction","name":"Comment","target":["https:\/\/voyage-aventure.com\/blog\/a-la-une\/voyager-avec-style-poorna-jagannathan-celebre-son-50e-anniversaire-au-bresil\/#respond"]}]},{"@type":"WebPage","@id":"https:\/\/voyage-aventure.com\/blog\/a-la-une\/voyager-avec-style-poorna-jagannathan-celebre-son-50e-anniversaire-au-bresil\/","url":"https:\/\/voyage-aventure.com\/blog\/a-la-une\/voyager-avec-style-poorna-jagannathan-celebre-son-50e-anniversaire-au-bresil\/","name":"voyager avec style : poorna jagannathan c\u00e9l\u00e8bre son 50e","isPartOf":{"@id":"https:\/\/voyage-aventure.com\/blog\/#website"},"primaryImageOfPage":{"@id":"https:\/\/voyage-aventure.com\/blog\/a-la-une\/voyager-avec-style-poorna-jagannathan-celebre-son-50e-anniversaire-au-bresil\/#primaryimage"},"image":{"@id":"https:\/\/voyage-aventure.com\/blog\/a-la-une\/voyager-avec-style-poorna-jagannathan-celebre-son-50e-anniversaire-au-bresil\/#primaryimage"},"thumbnailUrl":"https:\/\/voyage-aventure.com\/blog\/wp-content\/uploads\/2025\/05\/sdxl-d7311fc21448d81df2bb992ac5d7be8f-scaled.png","datePublished":"2026-06-16T15:03:06+00:00","description":"Pour ses 50 ans, l'actrice Poorna Jagannathan a choisi le Br\u00e9sil. Une escapade qui en dit long sur sa fa\u00e7on de voyager : un m\u00e9lange de mode assum\u00e9e","inLanguage":"fr-FR","potentialAction":[{"@type":"ReadAction","target":["https:\/\/voyage-aventure.com\/blog\/a-la-une\/voyager-avec-style-poorna-jagannathan-celebre-son-50e-anniversaire-au-bresil\/"]}]},{"@type":"ImageObject","inLanguage":"fr-FR","@id":"https:\/\/voyage-aventure.com\/blog\/a-la-une\/voyager-avec-style-poorna-jagannathan-celebre-son-50e-anniversaire-au-bresil\/#primaryimage","url":"https:\/\/voyage-aventure.com\/blog\/wp-content\/uploads\/2025\/05\/sdxl-d7311fc21448d81df2bb992ac5d7be8f-scaled.png","contentUrl":"https:\/\/voyage-aventure.com\/blog\/wp-content\/uploads\/2025\/05\/sdxl-d7311fc21448d81df2bb992ac5d7be8f-scaled.png","width":1200,"height":500},{"@type":"WebSite","@id":"https:\/\/voyage-aventure.com\/blog\/#website","url":"https:\/\/voyage-aventure.com\/blog\/","name":"voyage-aventure.com","description":"Votre passeport pour l\u2019inattendu.","publisher":{"@id":"https:\/\/voyage-aventure.com\/blog\/#organization"},"alternateName":"Votre passeport pour l\u2019inattendu.","potentialAction":[{"@type":"SearchAction","target":{"@type":"EntryPoint","urlTemplate":"https:\/\/voyage-aventure.com\/blog\/?s={search_term_string}"},"query-input":{"@type":"PropertyValueSpecification","valueRequired":true,"valueName":"search_term_string"}}],"inLanguage":"fr-FR"},{"@type":"Organization","@id":"https:\/\/voyage-aventure.com\/blog\/#organization","name":"Foretsensations.fr","url":"https:\/\/voyage-aventure.com\/blog\/","logo":{"@type":"ImageObject","inLanguage":"fr-FR","@id":"https:\/\/voyage-aventure.com\/blog\/#\/schema\/logo\/image\/","url":"https:\/\/voyage-aventure.com\/blog\/wp-content\/uploads\/2024\/12\/19.png","contentUrl":"https:\/\/voyage-aventure.com\/blog\/wp-content\/uploads\/2024\/12\/19.png","width":512,"height":512,"caption":"Foretsensations.fr"},"image":{"@id":"https:\/\/voyage-aventure.com\/blog\/#\/schema\/logo\/image\/"}},{"@type":"Person","@id":"https:\/\/voyage-aventure.com\/blog\/#\/schema\/person\/3c864cdc320801e3db34b663e7e3f816","name":"Camille Rouvray","image":{"@type":"ImageObject","inLanguage":"fr-FR","@id":"https:\/\/voyage-aventure.com\/blog\/#\/schema\/person\/image\/","url":"https:\/\/voyage-aventure.com\/blog\/wp-content\/uploads\/2026\/06\/persona_camille-r-96x96.jpg","contentUrl":"https:\/\/voyage-aventure.com\/blog\/wp-content\/uploads\/2026\/06\/persona_camille-r-96x96.jpg","caption":"Camille Rouvray"},"description":"Je voyage et j'\u00e9cris sur le voyage depuis une douzaine d'ann\u00e9es, d'abord en tant que routarde au long cours, puis comme r\u00e9dactrice sp\u00e9cialis\u00e9e. Mon terrain de pr\u00e9dilection, ce sont les circuits organis\u00e9s et l'art de bien pr\u00e9parer un itin\u00e9raire : choix de la saison, dur\u00e9e r\u00e9aliste des \u00e9tapes, budget jour par jour, logement et transport sur place. J'aime aussi raconter les p\u00e9pites urbaines, ces adresses qu'on ne trouve pas dans les guides classiques. Avant de publier un dossier destination, je croise toujours plusieurs sources, je v\u00e9rifie les tarifs et les formalit\u00e9s d'entr\u00e9e \u00e0 jour, et je teste moi-m\u00eame quand je le peux. Mon angle reste pratique avant tout : aider le lecteur \u00e0 partir l'esprit tranquille, sans mauvaise surprise une fois sur place. Je m'attache \u00e0 distinguer le coup de c\u0153ur sinc\u00e8re du simple argument marketing.","sameAs":["https:\/\/camillerouvray.fr\/"],"url":"https:\/\/voyage-aventure.com\/blog\/auteur\/noname\/"}]}},"_links":{"self":[{"href":"https:\/\/voyage-aventure.com\/blog\/wp-json\/wp\/v2\/posts\/14561","targetHints":{"allow":["GET"]}}],"collection":[{"href":"https:\/\/voyage-aventure.com\/blog\/wp-json\/wp\/v2\/posts"}],"about":[{"href":"https:\/\/voyage-aventure.com\/blog\/wp-json\/wp\/v2\/types\/post"}],"author":[{"embeddable":true,"href":"https:\/\/voyage-aventure.com\/blog\/wp-json\/wp\/v2\/users\/34"}],"replies":[{"embeddable":true,"href":"https:\/\/voyage-aventure.com\/blog\/wp-json\/wp\/v2\/comments?post=14561"}],"version-history":[{"count":3,"href":"https:\/\/voyage-aventure.com\/blog\/wp-json\/wp\/v2\/posts\/14561\/revisions"}],"predecessor-version":[{"id":22741,"href":"https:\/\/voyage-aventure.com\/blog\/wp-json\/wp\/v2\/posts\/14561\/revisions\/22741"}],"wp:featuredmedia":[{"embeddable":true,"href":"https:\/\/voyage-aventure.com\/blog\/wp-json\/wp\/v2\/media\/20636"}],"wp:attachment":[{"href":"https:\/\/voyage-aventure.com\/blog\/wp-json\/wp\/v2\/media?parent=14561"}],"wp:term":[{"taxonomy":"category","embeddable":true,"href":"https:\/\/voyage-aventure.com\/blog\/wp-json\/wp\/v2\/categories?post=14561"},{"taxonomy":"post_tag","embeddable":true,"href":"https:\/\/voyage-aventure.com\/blog\/wp-json\/wp\/v2\/tags?post=14561"}],"curies":[{"name":"wp","href":"https:\/\/api.w.org\/{rel}","templated":true}]}}