{"id":14444,"date":"2025-03-07T12:56:24","date_gmt":"2025-03-07T11:56:24","guid":{"rendered":"https:\/\/voyage-aventure.com\/blog\/?p=14444"},"modified":"2025-03-07T11:19:41","modified_gmt":"2025-03-07T10:19:41","slug":"decouverte-dune-bombe-de-la-seconde-guerre-mondiale-perturbe-les-voyages-en-eurostar","status":"publish","type":"post","link":"https:\/\/voyage-aventure.com\/blog\/a-la-une\/decouverte-dune-bombe-de-la-seconde-guerre-mondiale-perturbe-les-voyages-en-eurostar\/","title":{"rendered":"D\u00e9couverte d&rsquo;une bombe de la Seconde Guerre mondiale perturbe les voyages en Eurostar"},"content":{"rendered":"<h2>Une d\u00e9couverte alarmante \u00e0 la Gare du Nord<\/h2>\n<p>Une bombe non explos\u00e9e datant de la Seconde Guerre mondiale a \u00e9t\u00e9 trouv\u00e9e sur les voies, entra\u00eenant un arr\u00eat complet des trains Eurostar \u00e0 destination de Londres et des trains r\u00e9gionaux vers le nord de la France. Cette situation a plong\u00e9 des centaines de passagers dans l&rsquo;incertitude alors qu&rsquo;ils attendaient des informations sur leurs trajets.<\/p>\n<p>Les autorit\u00e9s parisiennes ont rapidement r\u00e9agi en \u00e9tablissant un p\u00e9rim\u00e8tre de s\u00e9curit\u00e9 autour du site de la d\u00e9couverte, situ\u00e9 \u00e0 Saint-Denis, juste \u00e0 l&rsquo;ext\u00e9rieur de la gare. Les \u00e9quipes de d\u00e9minage se sont imm\u00e9diatement mises au travail pour \u00e9valuer et neutraliser la menace, avec un porte-parole de la SNCF qualifiant la bombe de \u00ab vraiment \u00e9norme \u00bb.<\/p>\n<h2>Impact sur les transports et la s\u00e9curit\u00e9 publique<\/h2>\n<p>\u00c0 partir de 9 heures du matin, le trafic ferroviaire a \u00e9t\u00e9 compl\u00e8tement bloqu\u00e9, perturbant non seulement les trajets interurbains, mais aussi les lignes r\u00e9gionales et internationales. Philippe Tabarot, ministre fran\u00e7ais des Transports, a averti que les services seraient \u00ab fortement perturb\u00e9s \u00bb tout au long de la journ\u00e9e, laissant de nombreux voyageurs dans l&#8217;embarras.<img decoding=\"async\" width=\"1024\" height=\"576\" src=\"https:\/\/voyage-aventure.com\/blog\/wp-content\/uploads\/2025\/03\/stability-decouverte-dune-bombe-de-la-seconde-guerre-mondiale-perturbe-les-voyages-en-eurostar-1.png\" class=\"aligncenter\" alt=\"Illustration d\u00e9taill\u00e9e sur D\u00e9couverte d&#039;une bombe de la Seconde Guerre mondiale perturbe les voyages en Eurostar\" title=\"D\u00e9couverte d&#039;une bombe de la Seconde Guerre mondiale perturbe les voyages en Eurostar\" loading=\"lazy\" \/><\/p>\n<p>Les images de la gare montraient des passagers cherchant d\u00e9sesp\u00e9r\u00e9ment des informations, mais l&rsquo;atmosph\u00e8re restait calme gr\u00e2ce \u00e0 la pr\u00e9sence de nombreux agents de s\u00e9curit\u00e9 et du personnel ferroviaire. Bien que la situation ait suscit\u00e9 des inqui\u00e9tudes, le ministre a tent\u00e9 de rassurer le public en d\u00e9clarant qu&rsquo;il n&rsquo;y avait pas de raison de craindre pour sa s\u00e9curit\u00e9.<\/p>\n<p><iframe loading=\"lazy\" title=\"Gare du Nord : trafic perturb\u00e9 apr\u00e8s la d\u00e9couverte d\u2019une bombe de la Seconde Guerre mondiale\" width=\"1200\" height=\"675\" src=\"https:\/\/www.youtube.com\/embed\/hamGe9bE1hM?feature=oembed\" frameborder=\"0\" allow=\"accelerometer; autoplay; clipboard-write; encrypted-media; gyroscope; picture-in-picture; web-share\" referrerpolicy=\"strict-origin-when-cross-origin\" allowfullscreen><\/iframe><\/p>\n<h2>Les efforts de d\u00e9minage et la reprise du trafic<\/h2>\n<p>Les \u00e9quipes de d\u00e9minage travaillent d&rsquo;arrache-pied pour r\u00e9soudre cette situation complexe et potentiellement dangereuse. La SNCF a annonc\u00e9 que le trafic resterait interrompu jusqu&rsquo;\u00e0 la mi-journ\u00e9e, conform\u00e9ment aux instructions des forces de l&rsquo;ordre. Le ministre Tabarot a exprim\u00e9 son espoir qu&rsquo;un service r\u00e9duit pourrait \u00eatre r\u00e9tabli dans l&rsquo;apr\u00e8s-midi, permettant ainsi aux passagers de reprendre leurs voyages.<\/p>\n<p>La gare du Nord n&rsquo;est pas seulement un point de transit majeur en France, elle joue \u00e9galement un r\u00f4le crucial dans le r\u00e9seau ferroviaire europ\u00e9en. Sa fermeture temporaire a des r\u00e9percussions sur de nombreux voyageurs, notamment ceux se rendant vers des destinations internationales ou vers les a\u00e9roports parisiens.<\/p>\n<ul>\n<li>Bombe non explos\u00e9e d\u00e9couverte \u00e0 Saint-Denis, pr\u00e8s de la gare du Nord<\/li>\n<li>Trafic ferroviaire compl\u00e8tement bloqu\u00e9 depuis 9 heures du matin<\/li>\n<li>Les \u00e9quipes de d\u00e9minage sont sur le site pour \u00e9valuer la situation<\/li>\n<li>Des centaines de passagers en attente d&rsquo;informations sur leurs voyages<\/li>\n<li>Le ministre des Transports assure qu&rsquo;il n&rsquo;y a pas de raison de s&rsquo;inqui\u00e9ter<\/li>\n<\/ul>\n<blockquote><p>\n\u00ab La bombe pourrait repr\u00e9senter une menace s\u00e9rieuse pour la vie des personnes \u00bb, a d\u00e9clar\u00e9 un porte-parole de la SNCF.\n<\/p><\/blockquote>\n<p>La d\u00e9couverte d&rsquo;une bombe de la Seconde Guerre mondiale souligne la n\u00e9cessit\u00e9 de vigilance en mati\u00e8re de s\u00e9curit\u00e9 dans les grandes villes. Les autorit\u00e9s continuent de surveiller la situation de pr\u00e8s, avec l&rsquo;espoir que le service ferroviaire puisse reprendre rapidement et en toute s\u00e9curit\u00e9. Les passagers sont encourag\u00e9s \u00e0 rester inform\u00e9s et \u00e0 suivre les directives des autorit\u00e9s locales pendant cette p\u00e9riode difficile.<\/p>\n","protected":false},"excerpt":{"rendered":"","protected":false},"author":34,"featured_media":14445,"comment_status":"open","ping_status":"open","sticky":false,"template":"","format":"standard","meta":{"_acf_changed":false,"manual_indexmenow":false,"indexmenow_id_project":0,"footnotes":""},"categories":[1],"tags":[4646,3726,4636,3170,4635],"class_list":["post-14444","post","type-post","status-publish","format-standard","has-post-thumbnail","hentry","category-a-la-une","tag-assistance","tag-conditions-meteorologiques","tag-destinations","tag-securite","tag-voyage","generate-columns","tablet-grid-50","mobile-grid-100","grid-parent","grid-25"],"acf":[],"yoast_head":"<!-- This site is optimized with the Yoast SEO Premium plugin v21.3 (Yoast SEO v25.1) - https:\/\/yoast.com\/wordpress\/plugins\/seo\/ -->\n<title>D\u00e9couverte d&#039;une bombe de la Seconde Guerre mondiale<\/title>\n<meta name=\"description\" content=\"Une bombe non explos\u00e9e datant de la Seconde Guerre mondiale a \u00e9t\u00e9 trouv\u00e9e sur les voies, entra\u00eenant un arr\u00eat complet des trains Eurostar \u00e0 destination de\" \/>\n<meta name=\"robots\" content=\"index, follow, max-snippet:-1, max-image-preview:large, max-video-preview:-1\" \/>\n<link rel=\"canonical\" href=\"https:\/\/voyage-aventure.com\/blog\/a-la-une\/decouverte-dune-bombe-de-la-seconde-guerre-mondiale-perturbe-les-voyages-en-eurostar\/\" \/>\n<meta property=\"og:locale\" content=\"fr_FR\" \/>\n<meta property=\"og:type\" content=\"article\" \/>\n<meta property=\"og:title\" content=\"D\u00e9couverte d&#039;une bombe de la Seconde Guerre mondiale\" \/>\n<meta property=\"og:description\" content=\"Une bombe non explos\u00e9e datant de la Seconde Guerre mondiale a \u00e9t\u00e9 trouv\u00e9e sur les voies, entra\u00eenant un arr\u00eat complet des trains Eurostar \u00e0 destination de\" \/>\n<meta property=\"og:url\" content=\"https:\/\/voyage-aventure.com\/blog\/a-la-une\/decouverte-dune-bombe-de-la-seconde-guerre-mondiale-perturbe-les-voyages-en-eurostar\/\" \/>\n<meta property=\"og:site_name\" content=\"voyage-aventure\" \/>\n<meta property=\"og:image\" content=\"https:\/\/voyage-aventure.com\/blog\/wp-content\/uploads\/2025\/03\/stability-decouverte-dune-bombe-de-la-seconde-guerre-mondiale-perturbe-les-voyages-en-eurostar.png\" \/>\n\t<meta property=\"og:image:width\" content=\"1024\" \/>\n\t<meta property=\"og:image:height\" content=\"576\" \/>\n\t<meta property=\"og:image:type\" content=\"image\/png\" \/>\n<meta name=\"author\" content=\"Camille Rouvray\" \/>\n<meta name=\"twitter:card\" content=\"summary_large_image\" \/>\n<script type=\"application\/ld+json\" class=\"yoast-schema-graph\">{\"@context\":\"https:\/\/schema.org\",\"@graph\":[{\"@type\":\"NewsArticle\",\"@id\":\"https:\/\/voyage-aventure.com\/blog\/a-la-une\/decouverte-dune-bombe-de-la-seconde-guerre-mondiale-perturbe-les-voyages-en-eurostar\/#article\",\"isPartOf\":{\"@id\":\"https:\/\/voyage-aventure.com\/blog\/a-la-une\/decouverte-dune-bombe-de-la-seconde-guerre-mondiale-perturbe-les-voyages-en-eurostar\/\"},\"author\":{\"name\":\"Camille Rouvray\",\"@id\":\"https:\/\/voyage-aventure.com\/blog\/#\/schema\/person\/3c864cdc320801e3db34b663e7e3f816\"},\"headline\":\"D\u00e9couverte d&rsquo;une bombe de la Seconde Guerre mondiale perturbe les voyages en Eurostar\",\"datePublished\":\"2025-03-07T11:56:24+00:00\",\"mainEntityOfPage\":{\"@id\":\"https:\/\/voyage-aventure.com\/blog\/a-la-une\/decouverte-dune-bombe-de-la-seconde-guerre-mondiale-perturbe-les-voyages-en-eurostar\/\"},\"wordCount\":580,\"commentCount\":19,\"publisher\":{\"@id\":\"https:\/\/voyage-aventure.com\/blog\/#organization\"},\"image\":{\"@id\":\"https:\/\/voyage-aventure.com\/blog\/a-la-une\/decouverte-dune-bombe-de-la-seconde-guerre-mondiale-perturbe-les-voyages-en-eurostar\/#primaryimage\"},\"thumbnailUrl\":\"https:\/\/voyage-aventure.com\/blog\/wp-content\/uploads\/2025\/03\/stability-decouverte-dune-bombe-de-la-seconde-guerre-mondiale-perturbe-les-voyages-en-eurostar.png\",\"keywords\":[\"Assistance\",\"Conditions M\u00e9t\u00e9orologiques\",\"Destinations\",\"S\u00e9curit\u00e9\",\"Voyage\"],\"articleSection\":[\"\u00c0 la une\"],\"inLanguage\":\"fr-FR\",\"potentialAction\":[{\"@type\":\"CommentAction\",\"name\":\"Comment\",\"target\":[\"https:\/\/voyage-aventure.com\/blog\/a-la-une\/decouverte-dune-bombe-de-la-seconde-guerre-mondiale-perturbe-les-voyages-en-eurostar\/#respond\"]}]},{\"@type\":\"WebPage\",\"@id\":\"https:\/\/voyage-aventure.com\/blog\/a-la-une\/decouverte-dune-bombe-de-la-seconde-guerre-mondiale-perturbe-les-voyages-en-eurostar\/\",\"url\":\"https:\/\/voyage-aventure.com\/blog\/a-la-une\/decouverte-dune-bombe-de-la-seconde-guerre-mondiale-perturbe-les-voyages-en-eurostar\/\",\"name\":\"D\u00e9couverte d'une bombe de la Seconde Guerre mondiale\",\"isPartOf\":{\"@id\":\"https:\/\/voyage-aventure.com\/blog\/#website\"},\"primaryImageOfPage\":{\"@id\":\"https:\/\/voyage-aventure.com\/blog\/a-la-une\/decouverte-dune-bombe-de-la-seconde-guerre-mondiale-perturbe-les-voyages-en-eurostar\/#primaryimage\"},\"image\":{\"@id\":\"https:\/\/voyage-aventure.com\/blog\/a-la-une\/decouverte-dune-bombe-de-la-seconde-guerre-mondiale-perturbe-les-voyages-en-eurostar\/#primaryimage\"},\"thumbnailUrl\":\"https:\/\/voyage-aventure.com\/blog\/wp-content\/uploads\/2025\/03\/stability-decouverte-dune-bombe-de-la-seconde-guerre-mondiale-perturbe-les-voyages-en-eurostar.png\",\"datePublished\":\"2025-03-07T11:56:24+00:00\",\"description\":\"Une bombe non explos\u00e9e datant de la Seconde Guerre mondiale a \u00e9t\u00e9 trouv\u00e9e sur les voies, entra\u00eenant un arr\u00eat complet des trains Eurostar \u00e0 destination de\",\"inLanguage\":\"fr-FR\",\"potentialAction\":[{\"@type\":\"ReadAction\",\"target\":[\"https:\/\/voyage-aventure.com\/blog\/a-la-une\/decouverte-dune-bombe-de-la-seconde-guerre-mondiale-perturbe-les-voyages-en-eurostar\/\"]}]},{\"@type\":\"ImageObject\",\"inLanguage\":\"fr-FR\",\"@id\":\"https:\/\/voyage-aventure.com\/blog\/a-la-une\/decouverte-dune-bombe-de-la-seconde-guerre-mondiale-perturbe-les-voyages-en-eurostar\/#primaryimage\",\"url\":\"https:\/\/voyage-aventure.com\/blog\/wp-content\/uploads\/2025\/03\/stability-decouverte-dune-bombe-de-la-seconde-guerre-mondiale-perturbe-les-voyages-en-eurostar.png\",\"contentUrl\":\"https:\/\/voyage-aventure.com\/blog\/wp-content\/uploads\/2025\/03\/stability-decouverte-dune-bombe-de-la-seconde-guerre-mondiale-perturbe-les-voyages-en-eurostar.png\",\"width\":1024,\"height\":576},{\"@type\":\"WebSite\",\"@id\":\"https:\/\/voyage-aventure.com\/blog\/#website\",\"url\":\"https:\/\/voyage-aventure.com\/blog\/\",\"name\":\"voyage-aventure.com\",\"description\":\"Votre passeport pour l\u2019inattendu.\",\"publisher\":{\"@id\":\"https:\/\/voyage-aventure.com\/blog\/#organization\"},\"alternateName\":\"Votre passeport pour l\u2019inattendu.\",\"potentialAction\":[{\"@type\":\"SearchAction\",\"target\":{\"@type\":\"EntryPoint\",\"urlTemplate\":\"https:\/\/voyage-aventure.com\/blog\/?s={search_term_string}\"},\"query-input\":{\"@type\":\"PropertyValueSpecification\",\"valueRequired\":true,\"valueName\":\"search_term_string\"}}],\"inLanguage\":\"fr-FR\"},{\"@type\":\"Organization\",\"@id\":\"https:\/\/voyage-aventure.com\/blog\/#organization\",\"name\":\"Foretsensations.fr\",\"url\":\"https:\/\/voyage-aventure.com\/blog\/\",\"logo\":{\"@type\":\"ImageObject\",\"inLanguage\":\"fr-FR\",\"@id\":\"https:\/\/voyage-aventure.com\/blog\/#\/schema\/logo\/image\/\",\"url\":\"https:\/\/voyage-aventure.com\/blog\/wp-content\/uploads\/2024\/12\/19.png\",\"contentUrl\":\"https:\/\/voyage-aventure.com\/blog\/wp-content\/uploads\/2024\/12\/19.png\",\"width\":512,\"height\":512,\"caption\":\"Foretsensations.fr\"},\"image\":{\"@id\":\"https:\/\/voyage-aventure.com\/blog\/#\/schema\/logo\/image\/\"}},{\"@type\":\"Person\",\"@id\":\"https:\/\/voyage-aventure.com\/blog\/#\/schema\/person\/3c864cdc320801e3db34b663e7e3f816\",\"name\":\"Camille Rouvray\",\"image\":{\"@type\":\"ImageObject\",\"inLanguage\":\"fr-FR\",\"@id\":\"https:\/\/voyage-aventure.com\/blog\/#\/schema\/person\/image\/\",\"url\":\"https:\/\/voyage-aventure.com\/blog\/wp-content\/uploads\/2026\/06\/persona_camille-r-96x96.jpg\",\"contentUrl\":\"https:\/\/voyage-aventure.com\/blog\/wp-content\/uploads\/2026\/06\/persona_camille-r-96x96.jpg\",\"caption\":\"Camille Rouvray\"},\"description\":\"Je voyage et j'\u00e9cris sur le voyage depuis une douzaine d'ann\u00e9es, d'abord en tant que routarde au long cours, puis comme r\u00e9dactrice sp\u00e9cialis\u00e9e. Mon terrain de pr\u00e9dilection, ce sont les circuits organis\u00e9s et l'art de bien pr\u00e9parer un itin\u00e9raire : choix de la saison, dur\u00e9e r\u00e9aliste des \u00e9tapes, budget jour par jour, logement et transport sur place. J'aime aussi raconter les p\u00e9pites urbaines, ces adresses qu'on ne trouve pas dans les guides classiques. Avant de publier un dossier destination, je croise toujours plusieurs sources, je v\u00e9rifie les tarifs et les formalit\u00e9s d'entr\u00e9e \u00e0 jour, et je teste moi-m\u00eame quand je le peux. Mon angle reste pratique avant tout : aider le lecteur \u00e0 partir l'esprit tranquille, sans mauvaise surprise une fois sur place. Je m'attache \u00e0 distinguer le coup de c\u0153ur sinc\u00e8re du simple argument marketing.\",\"sameAs\":[\"https:\/\/camillerouvray.fr\/\"],\"url\":\"https:\/\/voyage-aventure.com\/blog\/auteur\/noname\/\"}]}<\/script>\n<!-- \/ Yoast SEO Premium plugin. -->","yoast_head_json":{"title":"D\u00e9couverte d'une bombe de la Seconde Guerre mondiale","description":"Une bombe non explos\u00e9e datant de la Seconde Guerre mondiale a \u00e9t\u00e9 trouv\u00e9e sur les voies, entra\u00eenant un arr\u00eat complet des trains Eurostar \u00e0 destination de","robots":{"index":"index","follow":"follow","max-snippet":"max-snippet:-1","max-image-preview":"max-image-preview:large","max-video-preview":"max-video-preview:-1"},"canonical":"https:\/\/voyage-aventure.com\/blog\/a-la-une\/decouverte-dune-bombe-de-la-seconde-guerre-mondiale-perturbe-les-voyages-en-eurostar\/","og_locale":"fr_FR","og_type":"article","og_title":"D\u00e9couverte d'une bombe de la Seconde Guerre mondiale","og_description":"Une bombe non explos\u00e9e datant de la Seconde Guerre mondiale a \u00e9t\u00e9 trouv\u00e9e sur les voies, entra\u00eenant un arr\u00eat complet des trains Eurostar \u00e0 destination de","og_url":"https:\/\/voyage-aventure.com\/blog\/a-la-une\/decouverte-dune-bombe-de-la-seconde-guerre-mondiale-perturbe-les-voyages-en-eurostar\/","og_site_name":"voyage-aventure","og_image":[{"width":1024,"height":576,"url":"https:\/\/voyage-aventure.com\/blog\/wp-content\/uploads\/2025\/03\/stability-decouverte-dune-bombe-de-la-seconde-guerre-mondiale-perturbe-les-voyages-en-eurostar.png","type":"image\/png"}],"author":"Camille Rouvray","twitter_card":"summary_large_image","schema":{"@context":"https:\/\/schema.org","@graph":[{"@type":"NewsArticle","@id":"https:\/\/voyage-aventure.com\/blog\/a-la-une\/decouverte-dune-bombe-de-la-seconde-guerre-mondiale-perturbe-les-voyages-en-eurostar\/#article","isPartOf":{"@id":"https:\/\/voyage-aventure.com\/blog\/a-la-une\/decouverte-dune-bombe-de-la-seconde-guerre-mondiale-perturbe-les-voyages-en-eurostar\/"},"author":{"name":"Camille Rouvray","@id":"https:\/\/voyage-aventure.com\/blog\/#\/schema\/person\/3c864cdc320801e3db34b663e7e3f816"},"headline":"D\u00e9couverte d&rsquo;une bombe de la Seconde Guerre mondiale perturbe les voyages en Eurostar","datePublished":"2025-03-07T11:56:24+00:00","mainEntityOfPage":{"@id":"https:\/\/voyage-aventure.com\/blog\/a-la-une\/decouverte-dune-bombe-de-la-seconde-guerre-mondiale-perturbe-les-voyages-en-eurostar\/"},"wordCount":580,"commentCount":19,"publisher":{"@id":"https:\/\/voyage-aventure.com\/blog\/#organization"},"image":{"@id":"https:\/\/voyage-aventure.com\/blog\/a-la-une\/decouverte-dune-bombe-de-la-seconde-guerre-mondiale-perturbe-les-voyages-en-eurostar\/#primaryimage"},"thumbnailUrl":"https:\/\/voyage-aventure.com\/blog\/wp-content\/uploads\/2025\/03\/stability-decouverte-dune-bombe-de-la-seconde-guerre-mondiale-perturbe-les-voyages-en-eurostar.png","keywords":["Assistance","Conditions M\u00e9t\u00e9orologiques","Destinations","S\u00e9curit\u00e9","Voyage"],"articleSection":["\u00c0 la une"],"inLanguage":"fr-FR","potentialAction":[{"@type":"CommentAction","name":"Comment","target":["https:\/\/voyage-aventure.com\/blog\/a-la-une\/decouverte-dune-bombe-de-la-seconde-guerre-mondiale-perturbe-les-voyages-en-eurostar\/#respond"]}]},{"@type":"WebPage","@id":"https:\/\/voyage-aventure.com\/blog\/a-la-une\/decouverte-dune-bombe-de-la-seconde-guerre-mondiale-perturbe-les-voyages-en-eurostar\/","url":"https:\/\/voyage-aventure.com\/blog\/a-la-une\/decouverte-dune-bombe-de-la-seconde-guerre-mondiale-perturbe-les-voyages-en-eurostar\/","name":"D\u00e9couverte d'une bombe de la Seconde Guerre mondiale","isPartOf":{"@id":"https:\/\/voyage-aventure.com\/blog\/#website"},"primaryImageOfPage":{"@id":"https:\/\/voyage-aventure.com\/blog\/a-la-une\/decouverte-dune-bombe-de-la-seconde-guerre-mondiale-perturbe-les-voyages-en-eurostar\/#primaryimage"},"image":{"@id":"https:\/\/voyage-aventure.com\/blog\/a-la-une\/decouverte-dune-bombe-de-la-seconde-guerre-mondiale-perturbe-les-voyages-en-eurostar\/#primaryimage"},"thumbnailUrl":"https:\/\/voyage-aventure.com\/blog\/wp-content\/uploads\/2025\/03\/stability-decouverte-dune-bombe-de-la-seconde-guerre-mondiale-perturbe-les-voyages-en-eurostar.png","datePublished":"2025-03-07T11:56:24+00:00","description":"Une bombe non explos\u00e9e datant de la Seconde Guerre mondiale a \u00e9t\u00e9 trouv\u00e9e sur les voies, entra\u00eenant un arr\u00eat complet des trains Eurostar \u00e0 destination de","inLanguage":"fr-FR","potentialAction":[{"@type":"ReadAction","target":["https:\/\/voyage-aventure.com\/blog\/a-la-une\/decouverte-dune-bombe-de-la-seconde-guerre-mondiale-perturbe-les-voyages-en-eurostar\/"]}]},{"@type":"ImageObject","inLanguage":"fr-FR","@id":"https:\/\/voyage-aventure.com\/blog\/a-la-une\/decouverte-dune-bombe-de-la-seconde-guerre-mondiale-perturbe-les-voyages-en-eurostar\/#primaryimage","url":"https:\/\/voyage-aventure.com\/blog\/wp-content\/uploads\/2025\/03\/stability-decouverte-dune-bombe-de-la-seconde-guerre-mondiale-perturbe-les-voyages-en-eurostar.png","contentUrl":"https:\/\/voyage-aventure.com\/blog\/wp-content\/uploads\/2025\/03\/stability-decouverte-dune-bombe-de-la-seconde-guerre-mondiale-perturbe-les-voyages-en-eurostar.png","width":1024,"height":576},{"@type":"WebSite","@id":"https:\/\/voyage-aventure.com\/blog\/#website","url":"https:\/\/voyage-aventure.com\/blog\/","name":"voyage-aventure.com","description":"Votre passeport pour l\u2019inattendu.","publisher":{"@id":"https:\/\/voyage-aventure.com\/blog\/#organization"},"alternateName":"Votre passeport pour l\u2019inattendu.","potentialAction":[{"@type":"SearchAction","target":{"@type":"EntryPoint","urlTemplate":"https:\/\/voyage-aventure.com\/blog\/?s={search_term_string}"},"query-input":{"@type":"PropertyValueSpecification","valueRequired":true,"valueName":"search_term_string"}}],"inLanguage":"fr-FR"},{"@type":"Organization","@id":"https:\/\/voyage-aventure.com\/blog\/#organization","name":"Foretsensations.fr","url":"https:\/\/voyage-aventure.com\/blog\/","logo":{"@type":"ImageObject","inLanguage":"fr-FR","@id":"https:\/\/voyage-aventure.com\/blog\/#\/schema\/logo\/image\/","url":"https:\/\/voyage-aventure.com\/blog\/wp-content\/uploads\/2024\/12\/19.png","contentUrl":"https:\/\/voyage-aventure.com\/blog\/wp-content\/uploads\/2024\/12\/19.png","width":512,"height":512,"caption":"Foretsensations.fr"},"image":{"@id":"https:\/\/voyage-aventure.com\/blog\/#\/schema\/logo\/image\/"}},{"@type":"Person","@id":"https:\/\/voyage-aventure.com\/blog\/#\/schema\/person\/3c864cdc320801e3db34b663e7e3f816","name":"Camille Rouvray","image":{"@type":"ImageObject","inLanguage":"fr-FR","@id":"https:\/\/voyage-aventure.com\/blog\/#\/schema\/person\/image\/","url":"https:\/\/voyage-aventure.com\/blog\/wp-content\/uploads\/2026\/06\/persona_camille-r-96x96.jpg","contentUrl":"https:\/\/voyage-aventure.com\/blog\/wp-content\/uploads\/2026\/06\/persona_camille-r-96x96.jpg","caption":"Camille Rouvray"},"description":"Je voyage et j'\u00e9cris sur le voyage depuis une douzaine d'ann\u00e9es, d'abord en tant que routarde au long cours, puis comme r\u00e9dactrice sp\u00e9cialis\u00e9e. Mon terrain de pr\u00e9dilection, ce sont les circuits organis\u00e9s et l'art de bien pr\u00e9parer un itin\u00e9raire : choix de la saison, dur\u00e9e r\u00e9aliste des \u00e9tapes, budget jour par jour, logement et transport sur place. J'aime aussi raconter les p\u00e9pites urbaines, ces adresses qu'on ne trouve pas dans les guides classiques. Avant de publier un dossier destination, je croise toujours plusieurs sources, je v\u00e9rifie les tarifs et les formalit\u00e9s d'entr\u00e9e \u00e0 jour, et je teste moi-m\u00eame quand je le peux. Mon angle reste pratique avant tout : aider le lecteur \u00e0 partir l'esprit tranquille, sans mauvaise surprise une fois sur place. Je m'attache \u00e0 distinguer le coup de c\u0153ur sinc\u00e8re du simple argument marketing.","sameAs":["https:\/\/camillerouvray.fr\/"],"url":"https:\/\/voyage-aventure.com\/blog\/auteur\/noname\/"}]}},"_links":{"self":[{"href":"https:\/\/voyage-aventure.com\/blog\/wp-json\/wp\/v2\/posts\/14444","targetHints":{"allow":["GET"]}}],"collection":[{"href":"https:\/\/voyage-aventure.com\/blog\/wp-json\/wp\/v2\/posts"}],"about":[{"href":"https:\/\/voyage-aventure.com\/blog\/wp-json\/wp\/v2\/types\/post"}],"author":[{"embeddable":true,"href":"https:\/\/voyage-aventure.com\/blog\/wp-json\/wp\/v2\/users\/34"}],"replies":[{"embeddable":true,"href":"https:\/\/voyage-aventure.com\/blog\/wp-json\/wp\/v2\/comments?post=14444"}],"version-history":[{"count":2,"href":"https:\/\/voyage-aventure.com\/blog\/wp-json\/wp\/v2\/posts\/14444\/revisions"}],"predecessor-version":[{"id":14460,"href":"https:\/\/voyage-aventure.com\/blog\/wp-json\/wp\/v2\/posts\/14444\/revisions\/14460"}],"wp:featuredmedia":[{"embeddable":true,"href":"https:\/\/voyage-aventure.com\/blog\/wp-json\/wp\/v2\/media\/14445"}],"wp:attachment":[{"href":"https:\/\/voyage-aventure.com\/blog\/wp-json\/wp\/v2\/media?parent=14444"}],"wp:term":[{"taxonomy":"category","embeddable":true,"href":"https:\/\/voyage-aventure.com\/blog\/wp-json\/wp\/v2\/categories?post=14444"},{"taxonomy":"post_tag","embeddable":true,"href":"https:\/\/voyage-aventure.com\/blog\/wp-json\/wp\/v2\/tags?post=14444"}],"curies":[{"name":"wp","href":"https:\/\/api.w.org\/{rel}","templated":true}]}}