{"id":14409,"date":"2026-06-16T17:02:27","date_gmt":"2026-06-16T15:02:27","guid":{"rendered":"https:\/\/voyage-aventure.com\/blog\/?p=14409"},"modified":"2026-06-16T17:02:27","modified_gmt":"2026-06-16T15:02:27","slug":"rocky-le-phoque-elephant-commence-un-voyage-emouvant-vers-cape-town","status":"publish","type":"post","link":"https:\/\/voyage-aventure.com\/blog\/destinations-aventure\/rocky-le-phoque-elephant-commence-un-voyage-emouvant-vers-cape-town\/","title":{"rendered":"Rocky, le phoque \u00e9l\u00e9phant, commence un voyage \u00e9mouvant vers Cape Town"},"content":{"rendered":"<link rel=\"stylesheet\" href=\"https:\/\/fonts.googleapis.com\/css2?family=Newsreader:ital,opsz,wght@0,6..72,500..700;1,6..72,500..600&#038;family=Inter:wght@400;500;600&#038;family=JetBrains+Mono:wght@500&#038;display=swap\">\n<style>\n.va-rocky-wrap{font-family:\"Inter\",system-ui,sans-serif;color:#1C2A33;line-height:1.65;font-size:17px;max-width:760px;margin:0 auto}\n.va-rocky-wrap h2{font-family:\"Newsreader\",\"Georgia\",serif;font-weight:700;color:#0E3A5C;font-size:clamp(24px,3.2vw,33px);letter-spacing:-.01em;line-height:1.2;margin:46px 0 16px}\n.va-rocky-wrap h3{font-family:\"Newsreader\",\"Georgia\",serif;font-weight:600;color:#0E3A5C;font-size:clamp(19px,2.4vw,22px);margin:26px 0 10px}\n.va-rocky-wrap p{margin:0 0 18px}\n.va-rocky-wrap img{max-width:100%;height:auto;border-radius:10px;display:block;margin:8px auto;box-shadow:0 1px 2px rgba(14,58,92,.06),0 14px 30px -18px rgba(14,58,92,.30)}\n.va-rocky-dateline{font-family:\"JetBrains Mono\",monospace;font-size:12.5px;letter-spacing:1.2px;text-transform:uppercase;color:#E8704A;font-weight:500;margin:0 0 14px}\n.va-rocky-lead{background:linear-gradient(180deg,#F3ECDD,#F7F1E5);border-left:5px solid #E8704A;border-radius:0 12px 12px 0;padding:22px 24px;margin:0 0 30px}\n.va-rocky-lead .va-rocky-lead-t{font-family:\"Newsreader\",serif;font-size:20px;font-weight:600;color:#0E3A5C;line-height:1.45}\n.va-rocky-ess{background:#0E3A5C;border-radius:14px;padding:26px 26px 22px;margin:30px 0;box-shadow:0 18px 38px -22px rgba(14,58,92,.55)}\n.va-rocky-ess .va-rocky-ess-k{font-family:\"JetBrains Mono\",monospace;font-size:11px;letter-spacing:2.4px;text-transform:uppercase;color:#F2B79E;margin:0 0 16px}\n.va-rocky-ess ul{list-style:none;margin:0;padding:0;display:grid;gap:14px}\n.va-rocky-ess li{display:grid;grid-template-columns:auto 1fr;gap:14px;align-items:start;color:#EAF1F6}\n.va-rocky-ess .va-rocky-tag{font-family:\"JetBrains Mono\",monospace;font-size:11px;font-weight:500;letter-spacing:1px;color:#0E3A5C;background:#F2B79E;border-radius:6px;padding:4px 9px;white-space:nowrap;height:fit-content}\n.va-rocky-ess .va-rocky-tag.b{background:#7FB2CF}\n.va-rocky-quote{border:1px solid #E3D8C0;border-top:4px solid #E8704A;border-radius:12px;background:#FBF7EE;padding:28px 30px;margin:34px 0;position:relative}\n.va-rocky-quote .va-rocky-q-mark{font-family:\"Newsreader\",serif;font-size:64px;line-height:.4;color:#E8704A;display:block;height:30px}\n.va-rocky-quote .va-rocky-q-txt{font-family:\"Newsreader\",serif;font-style:italic;font-size:clamp(20px,2.6vw,25px);color:#0E3A5C;line-height:1.4}\n.va-rocky-quote .va-rocky-q-by{font-family:\"JetBrains Mono\",monospace;font-size:12px;letter-spacing:.5px;color:#5C6B74;margin-top:14px}\n.va-rocky-keep{border:1px solid #D9E3EA;border-radius:14px;padding:24px 26px;margin:34px 0;background:#fff;box-shadow:0 1px 2px rgba(14,58,92,.05),0 12px 26px -18px rgba(14,58,92,.22)}\n.va-rocky-keep .va-rocky-keep-k{font-family:\"JetBrains Mono\",monospace;font-size:11px;letter-spacing:2.4px;text-transform:uppercase;color:#E8704A;margin:0 0 16px}\n.va-rocky-keep ul{list-style:none;margin:0;padding:0;display:grid;gap:12px}\n.va-rocky-keep li{display:grid;grid-template-columns:auto 1fr;gap:12px;align-items:start;color:#23323C}\n.va-rocky-keep li .va-rocky-dot{width:9px;height:9px;border-radius:50%;background:#E8704A;margin-top:8px}\n.va-rocky-faq{margin:34px 0}\n.va-rocky-faq details{border:1px solid #D9E3EA;border-radius:11px;background:#fff;margin:0 0 12px;transition:.25s ease;overflow:hidden}\n.va-rocky-faq details:hover{border-color:#7FB2CF;transform:translateY(-2px);box-shadow:0 12px 24px -18px rgba(14,58,92,.30)}\n.va-rocky-faq summary{cursor:pointer;list-style:none;padding:16px 20px;font-family:\"Newsreader\",serif;font-weight:600;font-size:18px;color:#0E3A5C;display:flex;justify-content:space-between;gap:14px;align-items:center}\n.va-rocky-faq summary::-webkit-details-marker{display:none}\n.va-rocky-faq summary::after{content:\"+\";color:#E8704A;font-family:\"JetBrains Mono\",monospace;font-size:22px;line-height:1}\n.va-rocky-faq details[open] summary::after{content:\"\u2212\"}\n.va-rocky-faq .va-rocky-ans{padding:0 20px 18px;color:#33424C}\n.va-rocky-wrap a{color:#0E3A5C;text-decoration:underline;text-decoration-color:#E8704A;text-underline-offset:3px}\n@media(max-width:640px){.va-rocky-ess li,.va-rocky-keep li{grid-template-columns:1fr}}\n\/*RENDERFIX2*\/.va-rocky-ess{color:#eef3f9!important}.va-rocky-ess p,.va-rocky-ess li,.va-rocky-ess strong,.va-rocky-ess em,.va-rocky-ess a,.va-rocky-ess span,.va-rocky-ess b,.va-rocky-ess td,.va-rocky-ess th,.va-rocky-ess h2,.va-rocky-ess h3,.va-rocky-ess h4{color:#eef3f9!important}.va-rocky-ess strong,.va-rocky-ess b{color:#ffffff!important}<\/style>\n<div class=\"va-rocky-wrap\">\n<div class=\"va-rocky-dateline\">Cape Town \u00b7 Conservation marine \u00b7 Phoque \u00e9l\u00e9phant<\/div>\n<div class=\"va-rocky-lead\">\n<div class=\"va-rocky-lead-t\">Soign\u00e9 par l&rsquo;Association sud-africaine pour la recherche marine biologique (SAAMBR) apr\u00e8s avoir \u00e9t\u00e9 secouru sur la plage de Rocky Bay, le jeune phoque \u00e9l\u00e9phant Rocky reprend le large en direction de Cape Town, \u00e9quip\u00e9 d&rsquo;une balise satellite.<\/div>\n<\/div>\n<div class=\"va-rocky-ess\">\n<div class=\"va-rocky-ess-k\">L&rsquo;essentiel<\/div>\n<ul>\n<li><span class=\"va-rocky-tag\">Quoi<\/span><span>Rocky, un phoque \u00e9l\u00e9phant remis sur pied au SAAMBR, repart vers Cape Town.<\/span><\/li>\n<li><span class=\"va-rocky-tag b\">Qui<\/span><span>L&rsquo;\u00e9quipe des soigneurs du SAAMBR, dont l&rsquo;assistant conservateur Bilal Limbada.<\/span><\/li>\n<li><span class=\"va-rocky-tag\">Enjeu<\/span><span>Un suivi satellite pour mieux comprendre et prot\u00e9ger la faune marine.<\/span><\/li>\n<\/ul>\n<\/div>\n<h2>Un petit phoque au grand c\u0153ur<\/h2>\n<p>Apr\u00e8s avoir \u00e9t\u00e9 secouru, il a re\u00e7u des soins attentifs au sein de l&rsquo;Association sud-africaine pour la recherche marine biologique (SAAMBR). Aujourd&rsquo;hui, il se lance dans une nouvelle aventure en direction de Cape Town.<\/p>\n<p>Ce petit mammif\u00e8re marin a d&rsquo;abord \u00e9t\u00e9 d\u00e9couvert sur la plage de Rocky Bay en octobre dernier. Apr\u00e8s avoir \u00e9t\u00e9 \u00e9valu\u00e9 par des experts marins, il a \u00e9t\u00e9 jug\u00e9 en bonne sant\u00e9 et rel\u00e2ch\u00e9 dans l&rsquo;oc\u00e9an. Cependant, son retour au SAAMBR a \u00e9t\u00e9 n\u00e9cessaire lorsqu&rsquo;il a \u00e9t\u00e9 retrouv\u00e9 sur une autre plage populaire, n\u00e9cessitant un suivi suppl\u00e9mentaire.<\/p>\n<h2>Le chemin vers la gu\u00e9rison<\/h2>\n<p>Lors de son admission, Rocky \u00e9tait l\u00e9g\u00e8rement en dessous de son poids id\u00e9al et avait besoin de gagner environ 35 kilogrammes. Gr\u00e2ce \u00e0 des soins attentifs et \u00e0 une alimentation riche en sardines, il a rapidement retrouv\u00e9 la forme. Les employ\u00e9s d\u00e9vou\u00e9s de l&rsquo;\u00e9tablissement ont veill\u00e9 \u00e0 son bien-\u00eatre durant cette p\u00e9riode de r\u00e9cup\u00e9ration.<\/p>\n<p><img decoding=\"async\" width=\"1024\" height=\"576\" src=\"https:\/\/voyage-aventure.com\/blog\/wp-content\/uploads\/2025\/03\/stability-rocky-le-phoque-elephant-commence-un-voyage-emouvant-vers-cape-town-1.png\" class=\"aligncenter\" alt=\"Illustration d\u00e9taill\u00e9e sur Rocky, le phoque \u00e9l\u00e9phant, commence un voyage \u00e9mouvant vers Cape Town\" title=\"Rocky, le phoque \u00e9l\u00e9phant, commence un voyage \u00e9mouvant vers Cape Town\" loading=\"lazy\" \/><\/p>\n<p>La d\u00e9cision de garder Rocky \u00e0 l&rsquo;installation de r\u00e9habilitation a \u00e9t\u00e9 cruciale pour son r\u00e9tablissement. Il a pu b\u00e9n\u00e9ficier d&rsquo;un environnement calme, propice \u00e0 sa mue annuelle. Aujourd&rsquo;hui, apr\u00e8s plusieurs mois de soins, il est pr\u00eat \u00e0 reprendre le large.<\/p>\n<h2>Des adieux \u00e9mouvants et un avenir prometteur<\/h2>\n<p>Le d\u00e9part de Rocky \u00e0 destination de Cape Town a \u00e9t\u00e9 un moment charg\u00e9 d&rsquo;\u00e9motion pour l&rsquo;\u00e9quipe qui l&rsquo;a soign\u00e9.<\/p>\n<div class=\"va-rocky-quote\">\n<span class=\"va-rocky-q-mark\" aria-hidden=\"true\">&#8220;<\/span><\/p>\n<div class=\"va-rocky-q-txt\">Rocky \u00e9tait l&rsquo;un des phoques les plus attachants que j&rsquo;ai eu le privil\u00e8ge de soigner. Ses grands yeux et sa nature douce ont conquis le c\u0153ur de tout le personnel.<\/div>\n<div class=\"va-rocky-q-by\">\u2014 Bilal Limbada, assistant conservateur des mammif\u00e8res et des oiseaux<\/div>\n<\/div>\n<p>\u00c9quip\u00e9 d&rsquo;une balise satellite, Rocky sera suivi dans ses aventures maritimes. L&rsquo;\u00e9quipe de SAAMBR est impatiente de partager avec nous ses trajets et ses d\u00e9couvertes. Ils esp\u00e8rent que Rocky vivra des exp\u00e9riences incroyables dans l&rsquo;oc\u00e9an.<\/p>\n<div class=\"va-rocky-keep\">\n<div class=\"va-rocky-keep-k\">\u00c0 retenir<\/div>\n<ul>\n<li><span class=\"va-rocky-dot\"><\/span><span>Rocky a \u00e9t\u00e9 secouru \u00e0 Rocky Bay Beach.<\/span><\/li>\n<li><span class=\"va-rocky-dot\"><\/span><span>Il a gagn\u00e9 35 kg pour \u00eatre rel\u00e2ch\u00e9.<\/span><\/li>\n<li><span class=\"va-rocky-dot\"><\/span><span>Il a \u00e9t\u00e9 nourri principalement de sardines.<\/span><\/li>\n<li><span class=\"va-rocky-dot\"><\/span><span>Une balise satellite a \u00e9t\u00e9 install\u00e9e pour suivre ses d\u00e9placements.<\/span><\/li>\n<li><span class=\"va-rocky-dot\"><\/span><span>Les employ\u00e9s de SAAMBR lui ont prodigu\u00e9 des soins attentifs.<\/span><\/li>\n<\/ul>\n<\/div>\n<p>Le voyage de Rocky n&rsquo;est pas seulement une aventure pour lui, mais aussi une source d&rsquo;inspiration pour tous ceux qui ont suivi son parcours. Son histoire rappelle l&rsquo;importance de la protection de nos mers et de la faune marine. Au fur et \u00e0 mesure que Rocky continue son p\u00e9riple, nous nous r\u00e9jouissons d&rsquo;entendre parler de ses nouvelles d\u00e9couvertes et des le\u00e7ons qu&rsquo;il apportera \u00e0 ceux qui suivent ses traces.<\/p>\n<div class=\"va-rocky-faq\">\n<details>\n<summary>Pourquoi Rocky a-t-il \u00e9t\u00e9 ramen\u00e9 au SAAMBR apr\u00e8s avoir \u00e9t\u00e9 rel\u00e2ch\u00e9 ?<\/summary>\n<div class=\"va-rocky-ans\">Jug\u00e9 en bonne sant\u00e9 apr\u00e8s une premi\u00e8re \u00e9valuation, il avait \u00e9t\u00e9 rel\u00e2ch\u00e9 dans l&rsquo;oc\u00e9an. Mais son retour au SAAMBR s&rsquo;est impos\u00e9 lorsqu&rsquo;il a \u00e9t\u00e9 retrouv\u00e9 sur une autre plage populaire, signe qu&rsquo;un suivi suppl\u00e9mentaire \u00e9tait n\u00e9cessaire.<\/div>\n<\/details>\n<details>\n<summary>Comment Rocky a-t-il retrouv\u00e9 la forme ?<\/summary>\n<div class=\"va-rocky-ans\">\u00c0 son admission, il \u00e9tait l\u00e9g\u00e8rement en dessous de son poids id\u00e9al et devait gagner environ 35 kilogrammes. Une alimentation riche en sardines et des soins attentifs lui ont permis de r\u00e9cup\u00e9rer, dans un environnement calme propice \u00e0 sa mue annuelle.<\/div>\n<\/details>\n<details>\n<summary>Comment suivra-t-on le p\u00e9riple de Rocky vers Cape Town ?<\/summary>\n<div class=\"va-rocky-ans\">Rocky a \u00e9t\u00e9 \u00e9quip\u00e9 d&rsquo;une balise satellite. L&rsquo;\u00e9quipe du SAAMBR pourra ainsi suivre ses trajets et ses d\u00e9couvertes en mer, et partager ses d\u00e9placements.<\/div>\n<\/details>\n<\/div>\n<\/div>\n","protected":false},"excerpt":{"rendered":"","protected":false},"author":34,"featured_media":14410,"comment_status":"open","ping_status":"open","sticky":false,"template":"","format":"standard","meta":{"_acf_changed":false,"manual_indexmenow":false,"indexmenow_id_project":0,"footnotes":""},"categories":[4520],"tags":[4639,4388,4672,4769,3878],"class_list":["post-14409","post","type-post","status-publish","format-standard","has-post-thumbnail","hentry","category-destinations-aventure","tag-aventure","tag-ecosysteme-sain","tag-experiences","tag-immersion-culturelle","tag-protection","generate-columns","tablet-grid-50","mobile-grid-100","grid-parent","grid-25"],"acf":[],"yoast_head":"<!-- This site is optimized with the Yoast SEO Premium plugin v21.3 (Yoast SEO v25.1) - https:\/\/yoast.com\/wordpress\/plugins\/seo\/ -->\n<title>Rocky, le phoque \u00e9l\u00e9phant, commence un voyage \u00e9mouvant vers<\/title>\n<meta name=\"description\" content=\"Soign\u00e9 par l&#039;Association sud-africaine pour la recherche marine biologique (SAAMBR) apr\u00e8s avoir \u00e9t\u00e9 secouru sur la plage de Rocky Bay, le jeune phoque\" \/>\n<meta name=\"robots\" content=\"index, follow, max-snippet:-1, max-image-preview:large, max-video-preview:-1\" \/>\n<link rel=\"canonical\" href=\"https:\/\/voyage-aventure.com\/blog\/destinations-aventure\/rocky-le-phoque-elephant-commence-un-voyage-emouvant-vers-cape-town\/\" \/>\n<meta property=\"og:locale\" content=\"fr_FR\" \/>\n<meta property=\"og:type\" content=\"article\" \/>\n<meta property=\"og:title\" content=\"Rocky, le phoque \u00e9l\u00e9phant, commence un voyage \u00e9mouvant vers\" \/>\n<meta property=\"og:description\" content=\"Soign\u00e9 par l&#039;Association sud-africaine pour la recherche marine biologique (SAAMBR) apr\u00e8s avoir \u00e9t\u00e9 secouru sur la plage de Rocky Bay, le jeune phoque\" \/>\n<meta property=\"og:url\" content=\"https:\/\/voyage-aventure.com\/blog\/destinations-aventure\/rocky-le-phoque-elephant-commence-un-voyage-emouvant-vers-cape-town\/\" \/>\n<meta property=\"og:site_name\" content=\"voyage-aventure\" \/>\n<meta property=\"og:image\" content=\"https:\/\/voyage-aventure.com\/blog\/wp-content\/uploads\/2025\/03\/stability-rocky-le-phoque-elephant-commence-un-voyage-emouvant-vers-cape-town.png\" \/>\n\t<meta property=\"og:image:width\" content=\"1024\" \/>\n\t<meta property=\"og:image:height\" content=\"576\" \/>\n\t<meta property=\"og:image:type\" content=\"image\/png\" \/>\n<meta name=\"author\" content=\"Camille Rouvray\" \/>\n<meta name=\"twitter:card\" content=\"summary_large_image\" \/>\n<script type=\"application\/ld+json\" class=\"yoast-schema-graph\">{\"@context\":\"https:\/\/schema.org\",\"@graph\":[{\"@type\":\"NewsArticle\",\"@id\":\"https:\/\/voyage-aventure.com\/blog\/destinations-aventure\/rocky-le-phoque-elephant-commence-un-voyage-emouvant-vers-cape-town\/#article\",\"isPartOf\":{\"@id\":\"https:\/\/voyage-aventure.com\/blog\/destinations-aventure\/rocky-le-phoque-elephant-commence-un-voyage-emouvant-vers-cape-town\/\"},\"author\":{\"name\":\"Camille Rouvray\",\"@id\":\"https:\/\/voyage-aventure.com\/blog\/#\/schema\/person\/3c864cdc320801e3db34b663e7e3f816\"},\"headline\":\"Rocky, le phoque \u00e9l\u00e9phant, commence un voyage \u00e9mouvant vers Cape Town\",\"datePublished\":\"2026-06-16T15:02:27+00:00\",\"mainEntityOfPage\":{\"@id\":\"https:\/\/voyage-aventure.com\/blog\/destinations-aventure\/rocky-le-phoque-elephant-commence-un-voyage-emouvant-vers-cape-town\/\"},\"wordCount\":715,\"commentCount\":18,\"publisher\":{\"@id\":\"https:\/\/voyage-aventure.com\/blog\/#organization\"},\"image\":{\"@id\":\"https:\/\/voyage-aventure.com\/blog\/destinations-aventure\/rocky-le-phoque-elephant-commence-un-voyage-emouvant-vers-cape-town\/#primaryimage\"},\"thumbnailUrl\":\"https:\/\/voyage-aventure.com\/blog\/wp-content\/uploads\/2025\/03\/stability-rocky-le-phoque-elephant-commence-un-voyage-emouvant-vers-cape-town.png\",\"keywords\":[\"Aventure\",\"\u00c9cosyst\u00e8me Sain\",\"Exp\u00e9riences\",\"Immersion Culturelle\",\"Protection\"],\"articleSection\":[\"Destinations Aventure\"],\"inLanguage\":\"fr-FR\",\"potentialAction\":[{\"@type\":\"CommentAction\",\"name\":\"Comment\",\"target\":[\"https:\/\/voyage-aventure.com\/blog\/destinations-aventure\/rocky-le-phoque-elephant-commence-un-voyage-emouvant-vers-cape-town\/#respond\"]}]},{\"@type\":\"WebPage\",\"@id\":\"https:\/\/voyage-aventure.com\/blog\/destinations-aventure\/rocky-le-phoque-elephant-commence-un-voyage-emouvant-vers-cape-town\/\",\"url\":\"https:\/\/voyage-aventure.com\/blog\/destinations-aventure\/rocky-le-phoque-elephant-commence-un-voyage-emouvant-vers-cape-town\/\",\"name\":\"Rocky, le phoque \u00e9l\u00e9phant, commence un voyage \u00e9mouvant vers\",\"isPartOf\":{\"@id\":\"https:\/\/voyage-aventure.com\/blog\/#website\"},\"primaryImageOfPage\":{\"@id\":\"https:\/\/voyage-aventure.com\/blog\/destinations-aventure\/rocky-le-phoque-elephant-commence-un-voyage-emouvant-vers-cape-town\/#primaryimage\"},\"image\":{\"@id\":\"https:\/\/voyage-aventure.com\/blog\/destinations-aventure\/rocky-le-phoque-elephant-commence-un-voyage-emouvant-vers-cape-town\/#primaryimage\"},\"thumbnailUrl\":\"https:\/\/voyage-aventure.com\/blog\/wp-content\/uploads\/2025\/03\/stability-rocky-le-phoque-elephant-commence-un-voyage-emouvant-vers-cape-town.png\",\"datePublished\":\"2026-06-16T15:02:27+00:00\",\"description\":\"Soign\u00e9 par l'Association sud-africaine pour la recherche marine biologique (SAAMBR) apr\u00e8s avoir \u00e9t\u00e9 secouru sur la plage de Rocky Bay, le jeune phoque\",\"inLanguage\":\"fr-FR\",\"potentialAction\":[{\"@type\":\"ReadAction\",\"target\":[\"https:\/\/voyage-aventure.com\/blog\/destinations-aventure\/rocky-le-phoque-elephant-commence-un-voyage-emouvant-vers-cape-town\/\"]}]},{\"@type\":\"ImageObject\",\"inLanguage\":\"fr-FR\",\"@id\":\"https:\/\/voyage-aventure.com\/blog\/destinations-aventure\/rocky-le-phoque-elephant-commence-un-voyage-emouvant-vers-cape-town\/#primaryimage\",\"url\":\"https:\/\/voyage-aventure.com\/blog\/wp-content\/uploads\/2025\/03\/stability-rocky-le-phoque-elephant-commence-un-voyage-emouvant-vers-cape-town.png\",\"contentUrl\":\"https:\/\/voyage-aventure.com\/blog\/wp-content\/uploads\/2025\/03\/stability-rocky-le-phoque-elephant-commence-un-voyage-emouvant-vers-cape-town.png\",\"width\":1024,\"height\":576},{\"@type\":\"WebSite\",\"@id\":\"https:\/\/voyage-aventure.com\/blog\/#website\",\"url\":\"https:\/\/voyage-aventure.com\/blog\/\",\"name\":\"voyage-aventure.com\",\"description\":\"Votre passeport pour l\u2019inattendu.\",\"publisher\":{\"@id\":\"https:\/\/voyage-aventure.com\/blog\/#organization\"},\"alternateName\":\"Votre passeport pour l\u2019inattendu.\",\"potentialAction\":[{\"@type\":\"SearchAction\",\"target\":{\"@type\":\"EntryPoint\",\"urlTemplate\":\"https:\/\/voyage-aventure.com\/blog\/?s={search_term_string}\"},\"query-input\":{\"@type\":\"PropertyValueSpecification\",\"valueRequired\":true,\"valueName\":\"search_term_string\"}}],\"inLanguage\":\"fr-FR\"},{\"@type\":\"Organization\",\"@id\":\"https:\/\/voyage-aventure.com\/blog\/#organization\",\"name\":\"Foretsensations.fr\",\"url\":\"https:\/\/voyage-aventure.com\/blog\/\",\"logo\":{\"@type\":\"ImageObject\",\"inLanguage\":\"fr-FR\",\"@id\":\"https:\/\/voyage-aventure.com\/blog\/#\/schema\/logo\/image\/\",\"url\":\"https:\/\/voyage-aventure.com\/blog\/wp-content\/uploads\/2024\/12\/19.png\",\"contentUrl\":\"https:\/\/voyage-aventure.com\/blog\/wp-content\/uploads\/2024\/12\/19.png\",\"width\":512,\"height\":512,\"caption\":\"Foretsensations.fr\"},\"image\":{\"@id\":\"https:\/\/voyage-aventure.com\/blog\/#\/schema\/logo\/image\/\"}},{\"@type\":\"Person\",\"@id\":\"https:\/\/voyage-aventure.com\/blog\/#\/schema\/person\/3c864cdc320801e3db34b663e7e3f816\",\"name\":\"Camille Rouvray\",\"image\":{\"@type\":\"ImageObject\",\"inLanguage\":\"fr-FR\",\"@id\":\"https:\/\/voyage-aventure.com\/blog\/#\/schema\/person\/image\/\",\"url\":\"https:\/\/voyage-aventure.com\/blog\/wp-content\/uploads\/2026\/06\/persona_camille-r-96x96.jpg\",\"contentUrl\":\"https:\/\/voyage-aventure.com\/blog\/wp-content\/uploads\/2026\/06\/persona_camille-r-96x96.jpg\",\"caption\":\"Camille Rouvray\"},\"description\":\"Je voyage et j'\u00e9cris sur le voyage depuis une douzaine d'ann\u00e9es, d'abord en tant que routarde au long cours, puis comme r\u00e9dactrice sp\u00e9cialis\u00e9e. Mon terrain de pr\u00e9dilection, ce sont les circuits organis\u00e9s et l'art de bien pr\u00e9parer un itin\u00e9raire : choix de la saison, dur\u00e9e r\u00e9aliste des \u00e9tapes, budget jour par jour, logement et transport sur place. J'aime aussi raconter les p\u00e9pites urbaines, ces adresses qu'on ne trouve pas dans les guides classiques. Avant de publier un dossier destination, je croise toujours plusieurs sources, je v\u00e9rifie les tarifs et les formalit\u00e9s d'entr\u00e9e \u00e0 jour, et je teste moi-m\u00eame quand je le peux. Mon angle reste pratique avant tout : aider le lecteur \u00e0 partir l'esprit tranquille, sans mauvaise surprise une fois sur place. Je m'attache \u00e0 distinguer le coup de c\u0153ur sinc\u00e8re du simple argument marketing.\",\"sameAs\":[\"https:\/\/camillerouvray.fr\/\"],\"url\":\"https:\/\/voyage-aventure.com\/blog\/auteur\/noname\/\"}]}<\/script>\n<!-- \/ Yoast SEO Premium plugin. -->","yoast_head_json":{"title":"Rocky, le phoque \u00e9l\u00e9phant, commence un voyage \u00e9mouvant vers","description":"Soign\u00e9 par l'Association sud-africaine pour la recherche marine biologique (SAAMBR) apr\u00e8s avoir \u00e9t\u00e9 secouru sur la plage de Rocky Bay, le jeune phoque","robots":{"index":"index","follow":"follow","max-snippet":"max-snippet:-1","max-image-preview":"max-image-preview:large","max-video-preview":"max-video-preview:-1"},"canonical":"https:\/\/voyage-aventure.com\/blog\/destinations-aventure\/rocky-le-phoque-elephant-commence-un-voyage-emouvant-vers-cape-town\/","og_locale":"fr_FR","og_type":"article","og_title":"Rocky, le phoque \u00e9l\u00e9phant, commence un voyage \u00e9mouvant vers","og_description":"Soign\u00e9 par l'Association sud-africaine pour la recherche marine biologique (SAAMBR) apr\u00e8s avoir \u00e9t\u00e9 secouru sur la plage de Rocky Bay, le jeune phoque","og_url":"https:\/\/voyage-aventure.com\/blog\/destinations-aventure\/rocky-le-phoque-elephant-commence-un-voyage-emouvant-vers-cape-town\/","og_site_name":"voyage-aventure","og_image":[{"width":1024,"height":576,"url":"https:\/\/voyage-aventure.com\/blog\/wp-content\/uploads\/2025\/03\/stability-rocky-le-phoque-elephant-commence-un-voyage-emouvant-vers-cape-town.png","type":"image\/png"}],"author":"Camille Rouvray","twitter_card":"summary_large_image","schema":{"@context":"https:\/\/schema.org","@graph":[{"@type":"NewsArticle","@id":"https:\/\/voyage-aventure.com\/blog\/destinations-aventure\/rocky-le-phoque-elephant-commence-un-voyage-emouvant-vers-cape-town\/#article","isPartOf":{"@id":"https:\/\/voyage-aventure.com\/blog\/destinations-aventure\/rocky-le-phoque-elephant-commence-un-voyage-emouvant-vers-cape-town\/"},"author":{"name":"Camille Rouvray","@id":"https:\/\/voyage-aventure.com\/blog\/#\/schema\/person\/3c864cdc320801e3db34b663e7e3f816"},"headline":"Rocky, le phoque \u00e9l\u00e9phant, commence un voyage \u00e9mouvant vers Cape Town","datePublished":"2026-06-16T15:02:27+00:00","mainEntityOfPage":{"@id":"https:\/\/voyage-aventure.com\/blog\/destinations-aventure\/rocky-le-phoque-elephant-commence-un-voyage-emouvant-vers-cape-town\/"},"wordCount":715,"commentCount":18,"publisher":{"@id":"https:\/\/voyage-aventure.com\/blog\/#organization"},"image":{"@id":"https:\/\/voyage-aventure.com\/blog\/destinations-aventure\/rocky-le-phoque-elephant-commence-un-voyage-emouvant-vers-cape-town\/#primaryimage"},"thumbnailUrl":"https:\/\/voyage-aventure.com\/blog\/wp-content\/uploads\/2025\/03\/stability-rocky-le-phoque-elephant-commence-un-voyage-emouvant-vers-cape-town.png","keywords":["Aventure","\u00c9cosyst\u00e8me Sain","Exp\u00e9riences","Immersion Culturelle","Protection"],"articleSection":["Destinations Aventure"],"inLanguage":"fr-FR","potentialAction":[{"@type":"CommentAction","name":"Comment","target":["https:\/\/voyage-aventure.com\/blog\/destinations-aventure\/rocky-le-phoque-elephant-commence-un-voyage-emouvant-vers-cape-town\/#respond"]}]},{"@type":"WebPage","@id":"https:\/\/voyage-aventure.com\/blog\/destinations-aventure\/rocky-le-phoque-elephant-commence-un-voyage-emouvant-vers-cape-town\/","url":"https:\/\/voyage-aventure.com\/blog\/destinations-aventure\/rocky-le-phoque-elephant-commence-un-voyage-emouvant-vers-cape-town\/","name":"Rocky, le phoque \u00e9l\u00e9phant, commence un voyage \u00e9mouvant vers","isPartOf":{"@id":"https:\/\/voyage-aventure.com\/blog\/#website"},"primaryImageOfPage":{"@id":"https:\/\/voyage-aventure.com\/blog\/destinations-aventure\/rocky-le-phoque-elephant-commence-un-voyage-emouvant-vers-cape-town\/#primaryimage"},"image":{"@id":"https:\/\/voyage-aventure.com\/blog\/destinations-aventure\/rocky-le-phoque-elephant-commence-un-voyage-emouvant-vers-cape-town\/#primaryimage"},"thumbnailUrl":"https:\/\/voyage-aventure.com\/blog\/wp-content\/uploads\/2025\/03\/stability-rocky-le-phoque-elephant-commence-un-voyage-emouvant-vers-cape-town.png","datePublished":"2026-06-16T15:02:27+00:00","description":"Soign\u00e9 par l'Association sud-africaine pour la recherche marine biologique (SAAMBR) apr\u00e8s avoir \u00e9t\u00e9 secouru sur la plage de Rocky Bay, le jeune phoque","inLanguage":"fr-FR","potentialAction":[{"@type":"ReadAction","target":["https:\/\/voyage-aventure.com\/blog\/destinations-aventure\/rocky-le-phoque-elephant-commence-un-voyage-emouvant-vers-cape-town\/"]}]},{"@type":"ImageObject","inLanguage":"fr-FR","@id":"https:\/\/voyage-aventure.com\/blog\/destinations-aventure\/rocky-le-phoque-elephant-commence-un-voyage-emouvant-vers-cape-town\/#primaryimage","url":"https:\/\/voyage-aventure.com\/blog\/wp-content\/uploads\/2025\/03\/stability-rocky-le-phoque-elephant-commence-un-voyage-emouvant-vers-cape-town.png","contentUrl":"https:\/\/voyage-aventure.com\/blog\/wp-content\/uploads\/2025\/03\/stability-rocky-le-phoque-elephant-commence-un-voyage-emouvant-vers-cape-town.png","width":1024,"height":576},{"@type":"WebSite","@id":"https:\/\/voyage-aventure.com\/blog\/#website","url":"https:\/\/voyage-aventure.com\/blog\/","name":"voyage-aventure.com","description":"Votre passeport pour l\u2019inattendu.","publisher":{"@id":"https:\/\/voyage-aventure.com\/blog\/#organization"},"alternateName":"Votre passeport pour l\u2019inattendu.","potentialAction":[{"@type":"SearchAction","target":{"@type":"EntryPoint","urlTemplate":"https:\/\/voyage-aventure.com\/blog\/?s={search_term_string}"},"query-input":{"@type":"PropertyValueSpecification","valueRequired":true,"valueName":"search_term_string"}}],"inLanguage":"fr-FR"},{"@type":"Organization","@id":"https:\/\/voyage-aventure.com\/blog\/#organization","name":"Foretsensations.fr","url":"https:\/\/voyage-aventure.com\/blog\/","logo":{"@type":"ImageObject","inLanguage":"fr-FR","@id":"https:\/\/voyage-aventure.com\/blog\/#\/schema\/logo\/image\/","url":"https:\/\/voyage-aventure.com\/blog\/wp-content\/uploads\/2024\/12\/19.png","contentUrl":"https:\/\/voyage-aventure.com\/blog\/wp-content\/uploads\/2024\/12\/19.png","width":512,"height":512,"caption":"Foretsensations.fr"},"image":{"@id":"https:\/\/voyage-aventure.com\/blog\/#\/schema\/logo\/image\/"}},{"@type":"Person","@id":"https:\/\/voyage-aventure.com\/blog\/#\/schema\/person\/3c864cdc320801e3db34b663e7e3f816","name":"Camille Rouvray","image":{"@type":"ImageObject","inLanguage":"fr-FR","@id":"https:\/\/voyage-aventure.com\/blog\/#\/schema\/person\/image\/","url":"https:\/\/voyage-aventure.com\/blog\/wp-content\/uploads\/2026\/06\/persona_camille-r-96x96.jpg","contentUrl":"https:\/\/voyage-aventure.com\/blog\/wp-content\/uploads\/2026\/06\/persona_camille-r-96x96.jpg","caption":"Camille Rouvray"},"description":"Je voyage et j'\u00e9cris sur le voyage depuis une douzaine d'ann\u00e9es, d'abord en tant que routarde au long cours, puis comme r\u00e9dactrice sp\u00e9cialis\u00e9e. Mon terrain de pr\u00e9dilection, ce sont les circuits organis\u00e9s et l'art de bien pr\u00e9parer un itin\u00e9raire : choix de la saison, dur\u00e9e r\u00e9aliste des \u00e9tapes, budget jour par jour, logement et transport sur place. J'aime aussi raconter les p\u00e9pites urbaines, ces adresses qu'on ne trouve pas dans les guides classiques. Avant de publier un dossier destination, je croise toujours plusieurs sources, je v\u00e9rifie les tarifs et les formalit\u00e9s d'entr\u00e9e \u00e0 jour, et je teste moi-m\u00eame quand je le peux. Mon angle reste pratique avant tout : aider le lecteur \u00e0 partir l'esprit tranquille, sans mauvaise surprise une fois sur place. Je m'attache \u00e0 distinguer le coup de c\u0153ur sinc\u00e8re du simple argument marketing.","sameAs":["https:\/\/camillerouvray.fr\/"],"url":"https:\/\/voyage-aventure.com\/blog\/auteur\/noname\/"}]}},"_links":{"self":[{"href":"https:\/\/voyage-aventure.com\/blog\/wp-json\/wp\/v2\/posts\/14409","targetHints":{"allow":["GET"]}}],"collection":[{"href":"https:\/\/voyage-aventure.com\/blog\/wp-json\/wp\/v2\/posts"}],"about":[{"href":"https:\/\/voyage-aventure.com\/blog\/wp-json\/wp\/v2\/types\/post"}],"author":[{"embeddable":true,"href":"https:\/\/voyage-aventure.com\/blog\/wp-json\/wp\/v2\/users\/34"}],"replies":[{"embeddable":true,"href":"https:\/\/voyage-aventure.com\/blog\/wp-json\/wp\/v2\/comments?post=14409"}],"version-history":[{"count":4,"href":"https:\/\/voyage-aventure.com\/blog\/wp-json\/wp\/v2\/posts\/14409\/revisions"}],"predecessor-version":[{"id":22737,"href":"https:\/\/voyage-aventure.com\/blog\/wp-json\/wp\/v2\/posts\/14409\/revisions\/22737"}],"wp:featuredmedia":[{"embeddable":true,"href":"https:\/\/voyage-aventure.com\/blog\/wp-json\/wp\/v2\/media\/14410"}],"wp:attachment":[{"href":"https:\/\/voyage-aventure.com\/blog\/wp-json\/wp\/v2\/media?parent=14409"}],"wp:term":[{"taxonomy":"category","embeddable":true,"href":"https:\/\/voyage-aventure.com\/blog\/wp-json\/wp\/v2\/categories?post=14409"},{"taxonomy":"post_tag","embeddable":true,"href":"https:\/\/voyage-aventure.com\/blog\/wp-json\/wp\/v2\/tags?post=14409"}],"curies":[{"name":"wp","href":"https:\/\/api.w.org\/{rel}","templated":true}]}}