{"id":14388,"date":"2026-09-02T05:08:21","date_gmt":"2026-09-02T03:08:21","guid":{"rendered":"https:\/\/voyage-aventure.com\/blog\/?p=14388"},"modified":"2026-09-02T05:09:11","modified_gmt":"2026-09-02T03:09:11","slug":"brisbane-laeroport-ferme-face-a-la-tempete-alfred-qui-paralyse-le-voyage-en-australie","status":"publish","type":"post","link":"https:\/\/voyage-aventure.com\/blog\/a-la-une\/brisbane-laeroport-ferme-face-a-la-tempete-alfred-qui-paralyse-le-voyage-en-australie\/","title":{"rendered":"Brisbane : l&rsquo;a\u00e9roport ferm\u00e9 face \u00e0 la temp\u00eate Alfred qui a paralys\u00e9 le voyage en Australie"},"content":{"rendered":"<link rel=\"stylesheet\" href=\"https:\/\/fonts.googleapis.com\/css2?family=Newsreader:ital,wght@0,500;0,600;0,700;1,500;1,600&#038;family=Inter:wght@400;500;600&#038;family=JetBrains+Mono:wght@500&#038;display=swap\">\n<style>\n.vya-actu-wrap{font-family:'Inter',-apple-system,BlinkMacSystemFont,sans-serif;font-size:17px;line-height:1.65;color:#1c2430;max-width:760px;margin:0 auto;}\n.vya-actu-wrap h2{font-family:'Newsreader',Georgia,serif;font-weight:700;font-size:clamp(24px,3.2vw,32px);letter-spacing:-0.01em;color:#1c2430;margin:48px 0 18px;}\n.vya-actu-dateline{display:flex;align-items:center;gap:10px;font-family:'JetBrains Mono',monospace;font-size:12px;font-weight:500;letter-spacing:.08em;text-transform:uppercase;color:#b3261e;margin:0 0 22px;}\n.vya-actu-dateline .bar{width:26px;height:2px;background:#b3261e;}\n.vya-actu-essentiel{background:#fbf3f0;border-left:5px solid #b3261e;border-radius:8px;padding:22px 26px 24px;margin:24px 0 32px;}\n.vya-actu-essentiel-title{font-family:'JetBrains Mono',monospace;font-size:11px;font-weight:700;text-transform:uppercase;letter-spacing:2px;color:#b3261e;margin-bottom:14px;}\n.vya-actu-essentiel ul{list-style:none;margin:0;padding:0;display:grid;gap:10px;}\n.vya-actu-essentiel li{display:flex;gap:12px;align-items:flex-start;font-size:15px;line-height:1.5;}\n.vya-actu-essentiel li span.k{flex:0 0 auto;font-family:'JetBrains Mono',monospace;font-weight:700;font-size:11px;letter-spacing:.04em;text-transform:uppercase;color:#b3261e;min-width:78px;}\n.vya-actu-retenir{background:#f7f5f2;border:1px solid #e8e3db;border-radius:10px;padding:24px 26px 26px;margin:34px 0;}\n.vya-actu-retenir-title{font-family:'JetBrains Mono',monospace;font-size:11px;font-weight:700;text-transform:uppercase;letter-spacing:2px;color:#8a6d3b;margin-bottom:16px;}\n.vya-actu-retenir .grid{display:grid;grid-template-columns:repeat(auto-fit,minmax(230px,1fr));gap:10px;}\n.vya-actu-retenir .card{display:flex;gap:12px;background:#fff;border:1px solid #eee7da;border-top:3px solid #b3261e;border-radius:8px;padding:14px 16px;align-items:flex-start;box-shadow:0 1px 2px rgba(16,24,40,.04);transition:.25s ease;}\n.vya-actu-retenir .card:hover{transform:translateY(-3px);box-shadow:0 12px 24px -14px rgba(16,24,40,.25);}\n.vya-actu-retenir .num{flex:0 0 24px;width:24px;height:24px;background:#1c2430;color:#fff;border-radius:50%;display:flex;align-items:center;justify-content:center;font-family:'JetBrains Mono',monospace;font-size:12px;font-weight:700;}\n.vya-actu-retenir .txt{font-size:14px;line-height:1.5;color:#2a2a2a;}\n.vya-actu-quote{margin:40px auto;padding:30px 26px;text-align:center;border-top:1px solid #1c2430;border-bottom:1px solid #1c2430;max-width:620px;position:relative;}\n.vya-actu-quote .mark{position:absolute;top:-22px;left:50%;transform:translateX(-50%);background:#fff;padding:0 14px;font-size:46px;line-height:1;color:#b3261e;font-family:'Newsreader',serif;}\n.vya-actu-quote blockquote{margin:0;padding:0;font-family:'Newsreader',serif;font-style:italic;font-size:22px;line-height:1.5;color:#1c2430;}\n.vya-actu-quote figcaption{margin-top:14px;font-family:'JetBrains Mono',monospace;font-size:11px;text-transform:uppercase;letter-spacing:1.5px;color:#6a6a6a;}\n.vya-actu-suite{background:#eef4f0;border-left:5px solid #2a5f4a;border-radius:8px;padding:24px 26px 26px;margin:34px 0;color:#1c2430;}\n.vya-actu-suite-title{font-family:'JetBrains Mono',monospace;font-size:11px;font-weight:700;text-transform:uppercase;letter-spacing:2px;color:#2a5f4a;margin-bottom:12px;}\n.vya-actu-suite .item{display:flex;gap:10px;margin-bottom:10px;font-size:15px;line-height:1.55;}\n.vya-actu-suite .item:last-child{margin-bottom:0;}\n.vya-actu-suite .item span.dot{flex:0 0 auto;color:#2a5f4a;font-weight:700;}\n.vya-actu-suite .item strong{color:#1c2430;}\n.vya-actu-aveu{font-family:'JetBrains Mono',monospace;font-size:12.5px;color:#8a6d3b;background:#fdf8ef;border:1px dashed #d8c48f;border-radius:6px;padding:10px 14px;margin:18px 0;}\n.vya-actu-faq{margin:36px 0;}\n.vya-actu-faq details{border:1px solid #e8e3db;border-radius:8px;padding:14px 18px;margin-bottom:10px;background:#fff;}\n.vya-actu-faq summary{font-family:'Newsreader',serif;font-weight:600;font-size:16px;color:#1c2430;cursor:pointer;}\n.vya-actu-faq .a{margin-top:10px;font-size:15px;line-height:1.55;color:#333;}\n.vya-actu-wrap img{border-radius:10px;margin:8px 0 30px;}\n<\/style>\n<div class=\"vya-actu-wrap\">\n<div class=\"vya-actu-dateline\"><span class=\"bar\"><\/span>Australie \u00b7 7 mars 2025 \u2014 mise \u00e0 jour de suivi<\/div>\n<aside class=\"vya-actu-essentiel\">\n<div class=\"vya-actu-essentiel-title\">L&rsquo;essentiel<\/div>\n<ul>\n<li><span class=\"k\">Quoi<\/span><span>Le cyclone tropical Alfred, alors class\u00e9 en cat\u00e9gorie 2, a provoqu\u00e9 la fermeture des a\u00e9roports de Brisbane, Gold Coast et Ballina et la suspension des transports publics dans le sud-est du Queensland.<\/span><\/li>\n<li><span class=\"k\">Quand<\/span><span>Perturbations \u00e0 partir du 5-6 mars 2025 ; Alfred a touch\u00e9 terre sur Moreton Island le 7 mars au soir (23h30 AEST) avant de se d\u00e9grader en d\u00e9pression tropicale le 8 mars.<\/span><\/li>\n<li><span class=\"k\">Pourquoi<\/span><span>Un ph\u00e9nom\u00e8ne jug\u00e9 \u00ab extr\u00eamement rare \u00bb pour la r\u00e9gion de Brisbane, avec des rafales annonc\u00e9es jusqu&rsquo;\u00e0 155 km\/h et un bilan humain et mat\u00e9riel qui n&rsquo;\u00e9tait pas encore connu au moment de la publication initiale.<\/span><\/li>\n<\/ul>\n<\/aside>\n<p>L&rsquo;Australie a \u00e9t\u00e9 confront\u00e9e, d\u00e9but mars 2025, \u00e0 des perturbations majeures dans le transport a\u00e9rien et terrestre : le cyclone tropical Alfred, alors class\u00e9 en cat\u00e9gorie 2 par le Bureau of Meteorology, se dirigeait vers la c\u00f4te sud-est du pays. Cet \u00e9pisode, qualifi\u00e9 d&rsquo;\u00ab extr\u00eamement rare \u00bb pour une r\u00e9gion habituellement \u00e9pargn\u00e9e, a entra\u00een\u00e9 la fermeture de plusieurs a\u00e9roports et l&rsquo;annulation de centaines de vols. La zone de vigilance s&rsquo;\u00e9tendait sur environ 450 \u00e0 500 km le long de la c\u00f4te est, de Double Island Point (Queensland) \u00e0 Ballina (Nouvelle-Galles du Sud).<\/p>\n<p>Selon les pr\u00e9visions disponibles au matin du 7 mars, Alfred devait toucher terre le soir m\u00eame entre Maroochydore et Coolangatta avec des vents jusqu&rsquo;\u00e0 155 km\/h. C&rsquo;est ce qui s&rsquo;est produit : landfall sur Moreton Island \u00e0 23h30 AEST le 7 mars 2025 (vents de 75 km\/h), avant r\u00e9trogradation en d\u00e9pression tropicale \u00e0 6h45 AEST le lendemain.<\/p>\n<h2>A\u00e9roports et transports mis \u00e0 l&rsquo;arr\u00eat les 6 et 7 mars<\/h2>\n<p>Brisbane Airport avait suspendu ses op\u00e9rations, ne laissant les terminaux ouverts que pour des vols de la d\u00e9fense ; Qantas avait annonc\u00e9 l&rsquo;arr\u00eat de ses vols depuis cette plateforme jusqu&rsquo;au samedi au moins, sans vol domestique avant le dimanche. Gold Coast Airport avait ferm\u00e9 son terminal le mercredi \u00e0 16h, et l&rsquo;a\u00e9roport de Ballina (Byron Bay) avait annul\u00e9 l&rsquo;ensemble de ses vols commerciaux jusqu&rsquo;au dimanche 9 mars inclus. La Brisbane City Council avait, de son c\u00f4t\u00e9, suspendu bus, trains et ferries par mesure de s\u00e9curit\u00e9.<\/p>\n<p><img decoding=\"async\" width=\"1024\" height=\"576\" src=\"https:\/\/voyage-aventure.com\/blog\/wp-content\/uploads\/2025\/03\/stability-brisbane-laeroport-ferme-face-a-la-tempete-alfred-qui-paralyse-le-voyage-en-australie-1.png\" class=\"aligncenter\" alt=\"Illustration d\u00e9taill\u00e9e sur Brisbane : l&#039;a\u00e9roport ferm\u00e9 face \u00e0 la temp\u00eate Alfred qui paralyse le voyage en Australie\" title=\"Brisbane : l&#039;a\u00e9roport ferm\u00e9 face \u00e0 la temp\u00eate Alfred qui paralyse le voyage en Australie\" loading=\"lazy\" \/><\/p>\n<h2>Les compagnies a\u00e9riennes avaient r\u00e9agi dans l&rsquo;urgence<\/h2>\n<p>Virgin Australia, Jetstar et Qantas avaient toutes suspendu leurs liaisons vers et depuis Ballina Byron Bay au moins jusqu&rsquo;au dimanche matin. Jetstar avait arr\u00eat\u00e9 ses vols au d\u00e9part de Gold Coast (Coolangatta) d\u00e8s 16h le mercredi. Les compagnies avaient mis en place des mesures pour les clients touch\u00e9s : changement de date sans frais, avoirs voyage, et information par SMS. Les passagers ayant r\u00e9serv\u00e9 entre le 4 et le 16 mars pouvaient revoir leurs options en ligne ; Jetstar proposait un changement de date gratuit jusqu&rsquo;\u00e0 7 jours avant et 14 jours apr\u00e8s la date initiale, ou un avoir.<\/p>\n<aside class=\"vya-actu-retenir\">\n<div class=\"vya-actu-retenir-title\">\u00c0 retenir<\/div>\n<div class=\"grid\">\n<div class=\"card\"><span class=\"num\">1<\/span><span class=\"txt\">Alfred a atteint la cat\u00e9gorie 4 fin f\u00e9vrier avant de faiblir : au moment de son atterrissage le 7 mars, il n&rsquo;\u00e9tait plus qu&rsquo;en cat\u00e9gorie 2, avec des vents de 75 km\/h.<\/span><\/div>\n<div class=\"card\"><span class=\"num\">2<\/span><span class=\"txt\">Brisbane, Gold Coast et Ballina ont ferm\u00e9 leurs a\u00e9roports entre le 5 et le 7 mars 2025 ; transports publics suspendus \u00e0 Brisbane.<\/span><\/div>\n<div class=\"card\"><span class=\"num\">3<\/span><span class=\"txt\">Le bilan humain d\u00e9finitif fait \u00e9tat d&rsquo;un d\u00e9c\u00e8s confirm\u00e9, de personnes port\u00e9es disparues et de dizaines de bless\u00e9s (voir plus bas).<\/span><\/div>\n<div class=\"card\"><span class=\"num\">4<\/span><span class=\"txt\">Plus de 300 000 foyers ont perdu l&rsquo;\u00e9lectricit\u00e9 au plus fort de l&rsquo;\u00e9pisode dans le sud-est du Queensland et le nord de la Nouvelle-Galles du Sud.<\/span><\/div>\n<div class=\"card\"><span class=\"num\">5<\/span><span class=\"txt\">Le trafic a\u00e9rien a repris progressivement \u00e0 partir du samedi 8 mars, pour un retour \u00e0 la normale autour du lundi 10 mars 2025.<\/span><\/div>\n<\/div>\n<\/aside>\n<figure class=\"vya-actu-quote\">\n<div class=\"mark\">&laquo;<\/div>\n<blockquote><p>La s\u00e9curit\u00e9 de notre \u00e9quipe, de nos clients et de l&rsquo;a\u00e9roport est notre priorit\u00e9 num\u00e9ro un.<\/blockquote><figcaption>\u2014 Un porte-parole d&rsquo;a\u00e9roport touch\u00e9 par les fermetures, d\u00e9but mars 2025<\/figcaption><\/figure>\n<h2>Ce qu&rsquo;il s&rsquo;est pass\u00e9 ensuite : le bilan d\u00e9finitif d&rsquo;Alfred<\/h2>\n<p>La version initiale de cet article s&rsquo;arr\u00eatait \u00e0 l&rsquo;approche du cyclone. Voici, dat\u00e9, ce que l&rsquo;on sait aujourd&rsquo;hui de l&rsquo;\u00e9pisode complet.<\/p>\n<aside class=\"vya-actu-suite\">\n<div class=\"vya-actu-suite-title\">Suivi (\u00e9tabli le 02\/09\/2026, sources : Bureau of Meteorology, Wikip\u00e9dia, presse australienne)<\/div>\n<div class=\"item\"><span class=\"dot\">\u2192<\/span><span>Alfred avait atteint la <strong>cat\u00e9gorie 4<\/strong> entre le 27 f\u00e9vrier et le 1\u1d49\u02b3 mars 2025, avant de faiblir en cat\u00e9gorie 1 puis de repasser en cat\u00e9gorie 2 juste avant son atterrissage sur <strong>Moreton Island le 7 mars \u00e0 23h30 AEST<\/strong> (vents de 75 km\/h), puis d&rsquo;\u00eatre r\u00e9trograd\u00e9 en d\u00e9pression tropicale le <strong>8 mars \u00e0 6h45 AEST<\/strong>.<\/span><\/div>\n<div class=\"item\"><span class=\"dot\">\u2192<\/span><span>Bilan humain d\u00e9finitif : <strong>1 d\u00e9c\u00e8s confirm\u00e9<\/strong> (un homme emport\u00e9 par les eaux \u00e0 Dorrigo, en Nouvelle-Galles du Sud), <strong>4 personnes port\u00e9es disparues<\/strong> et <strong>39 bless\u00e9s<\/strong>, dont 36 lors d&rsquo;une collision impliquant un v\u00e9hicule de l&rsquo;arm\u00e9e australienne \u00e0 Lismore.<\/span><\/div>\n<div class=\"item\"><span class=\"dot\">\u2192<\/span><span>Coupures d&rsquo;\u00e9lectricit\u00e9 : environ <strong>80 000 foyers<\/strong> priv\u00e9s d&rsquo;\u00e9lectricit\u00e9 d\u00e8s le 7 mars \u00e0 15h AEST, un bilan qui a grimp\u00e9 \u00e0 <strong>plus de 300 000 foyers et entreprises<\/strong> au total sur l&rsquo;ensemble de l&rsquo;\u00e9pisode.<\/span><\/div>\n<div class=\"item\"><span class=\"dot\">\u2192<\/span><span>R\u00e9ouverture des a\u00e9roports : la reprise a \u00e9t\u00e9 progressive \u00e0 partir du <strong>samedi 8 mars<\/strong> (encore une cinquantaine de vols annul\u00e9s ce jour-l\u00e0 dans le Queensland), pour un retour \u00e0 des op\u00e9rations normales autour du <strong>lundi 10 mars 2025<\/strong>, selon la presse a\u00e9ronautique australienne.<\/span><\/div>\n<\/aside>\n<div class=\"vya-actu-aveu\">\u26a0\ufe0f Aveu dat\u00e9 : le nombre exact de vols annul\u00e9s sur l&rsquo;ensemble de l&rsquo;\u00e9pisode (toutes compagnies et tous a\u00e9roports confondus) n&rsquo;a pas pu \u00eatre confirm\u00e9 aupr\u00e8s d&rsquo;une source unique et fiable au 02\/09\/2026 \u2014 il n&rsquo;est donc pas donn\u00e9 en chiffre pr\u00e9cis ici, faute de d\u00e9nominateur v\u00e9rifiable.<\/div>\n<div class=\"vya-actu-faq\">\n<details>\n<summary>Quand le cyclone Alfred a-t-il touch\u00e9 terre en Australie ?<\/summary>\n<div class=\"a\">Le 7 mars 2025 \u00e0 23h30 (heure locale AEST), sur Moreton Island, au large de Brisbane, avec des vents d&rsquo;environ 75 km\/h (cat\u00e9gorie 2). Il a \u00e9t\u00e9 r\u00e9trograd\u00e9 en d\u00e9pression tropicale le lendemain matin, 8 mars \u00e0 6h45 AEST.<\/div>\n<\/details>\n<details>\n<summary>Quand l&rsquo;a\u00e9roport de Brisbane a-t-il rouvert apr\u00e8s le cyclone Alfred ?<\/summary>\n<div class=\"a\">La reprise a \u00e9t\u00e9 progressive d\u00e8s le samedi 8 mars 2025, avec encore des dizaines de vols annul\u00e9s ce jour-l\u00e0, pour un retour \u00e0 une exploitation normale autour du lundi 10 mars 2025.<\/div>\n<\/details>\n<details>\n<summary>Combien de personnes sont mortes \u00e0 cause du cyclone Alfred ?<\/summary>\n<div class=\"a\">Le bilan d\u00e9finitif fait \u00e9tat d&rsquo;un d\u00e9c\u00e8s confirm\u00e9 (Dorrigo, Nouvelle-Galles du Sud) et de quatre personnes port\u00e9es disparues, ainsi que 39 bless\u00e9s au total.<\/div>\n<\/details>\n<\/div>\n<\/div>\n","protected":false},"excerpt":{"rendered":"","protected":false},"author":34,"featured_media":14389,"comment_status":"open","ping_status":"open","sticky":false,"template":"","format":"standard","meta":{"_acf_changed":false,"manual_indexmenow":false,"indexmenow_id_project":0,"footnotes":""},"categories":[1],"tags":[4620,4646,3726,3170,4526],"class_list":["post-14388","post","type-post","status-publish","format-standard","has-post-thumbnail","hentry","category-a-la-une","tag-annulation-de-voyage","tag-assistance","tag-conditions-meteorologiques","tag-securite","tag-voyage-economique","generate-columns","tablet-grid-50","mobile-grid-100","grid-parent","grid-25"],"acf":[],"yoast_head":"<!-- This site is optimized with the Yoast SEO Premium plugin v21.3 (Yoast SEO v25.1) - https:\/\/yoast.com\/wordpress\/plugins\/seo\/ -->\n<title>Brisbane : l&#039;a\u00e9roport ferm\u00e9 par le cyclone Alfred (mars 2025)<\/title>\n<meta name=\"description\" content=\"L&#039;Australie a \u00e9t\u00e9 confront\u00e9e, d\u00e9but mars 2025, \u00e0 des perturbations majeures dans le transport lors du passage du cyclone Alfred. Bilan et suites, mis \u00e0 jour.\" \/>\n<meta name=\"robots\" content=\"index, follow, max-snippet:-1, max-image-preview:large, max-video-preview:-1\" \/>\n<link rel=\"canonical\" href=\"https:\/\/voyage-aventure.com\/blog\/a-la-une\/brisbane-laeroport-ferme-face-a-la-tempete-alfred-qui-paralyse-le-voyage-en-australie\/\" \/>\n<meta property=\"og:locale\" content=\"fr_FR\" \/>\n<meta property=\"og:type\" content=\"article\" \/>\n<meta property=\"og:title\" content=\"Brisbane : l&#039;a\u00e9roport ferm\u00e9 par le cyclone Alfred (mars 2025)\" \/>\n<meta property=\"og:description\" content=\"L&#039;Australie a \u00e9t\u00e9 confront\u00e9e, d\u00e9but mars 2025, \u00e0 des perturbations majeures dans le transport lors du passage du cyclone Alfred. Bilan et suites, mis \u00e0 jour.\" \/>\n<meta property=\"og:url\" content=\"https:\/\/voyage-aventure.com\/blog\/a-la-une\/brisbane-laeroport-ferme-face-a-la-tempete-alfred-qui-paralyse-le-voyage-en-australie\/\" \/>\n<meta property=\"og:site_name\" content=\"voyage-aventure\" \/>\n<meta property=\"og:image\" content=\"https:\/\/voyage-aventure.com\/blog\/wp-content\/uploads\/2025\/03\/stability-brisbane-laeroport-ferme-face-a-la-tempete-alfred-qui-paralyse-le-voyage-en-australie.png\" \/>\n\t<meta property=\"og:image:width\" content=\"1024\" \/>\n\t<meta property=\"og:image:height\" content=\"576\" \/>\n\t<meta property=\"og:image:type\" content=\"image\/png\" \/>\n<meta name=\"author\" content=\"Camille Rouvray\" \/>\n<meta name=\"twitter:card\" content=\"summary_large_image\" \/>\n<script type=\"application\/ld+json\" class=\"yoast-schema-graph\">{\"@context\":\"https:\/\/schema.org\",\"@graph\":[{\"@type\":\"NewsArticle\",\"@id\":\"https:\/\/voyage-aventure.com\/blog\/a-la-une\/brisbane-laeroport-ferme-face-a-la-tempete-alfred-qui-paralyse-le-voyage-en-australie\/#article\",\"isPartOf\":{\"@id\":\"https:\/\/voyage-aventure.com\/blog\/a-la-une\/brisbane-laeroport-ferme-face-a-la-tempete-alfred-qui-paralyse-le-voyage-en-australie\/\"},\"author\":{\"name\":\"Camille Rouvray\",\"@id\":\"https:\/\/voyage-aventure.com\/blog\/#\/schema\/person\/3c864cdc320801e3db34b663e7e3f816\"},\"headline\":\"Brisbane : l&rsquo;a\u00e9roport ferm\u00e9 face \u00e0 la temp\u00eate Alfred qui a paralys\u00e9 le voyage en Australie\",\"datePublished\":\"2026-09-02T03:08:21+00:00\",\"dateModified\":\"2026-09-02T03:09:11+00:00\",\"mainEntityOfPage\":{\"@id\":\"https:\/\/voyage-aventure.com\/blog\/a-la-une\/brisbane-laeroport-ferme-face-a-la-tempete-alfred-qui-paralyse-le-voyage-en-australie\/\"},\"wordCount\":1059,\"commentCount\":30,\"publisher\":{\"@id\":\"https:\/\/voyage-aventure.com\/blog\/#organization\"},\"image\":{\"@id\":\"https:\/\/voyage-aventure.com\/blog\/a-la-une\/brisbane-laeroport-ferme-face-a-la-tempete-alfred-qui-paralyse-le-voyage-en-australie\/#primaryimage\"},\"thumbnailUrl\":\"https:\/\/voyage-aventure.com\/blog\/wp-content\/uploads\/2025\/03\/stability-brisbane-laeroport-ferme-face-a-la-tempete-alfred-qui-paralyse-le-voyage-en-australie.png\",\"keywords\":[\"Annulation de Voyage\",\"Assistance\",\"Conditions M\u00e9t\u00e9orologiques\",\"S\u00e9curit\u00e9\",\"Voyage \u00c9conomique\"],\"articleSection\":[\"\u00c0 la une\"],\"inLanguage\":\"fr-FR\",\"potentialAction\":[{\"@type\":\"CommentAction\",\"name\":\"Comment\",\"target\":[\"https:\/\/voyage-aventure.com\/blog\/a-la-une\/brisbane-laeroport-ferme-face-a-la-tempete-alfred-qui-paralyse-le-voyage-en-australie\/#respond\"]}]},{\"@type\":\"WebPage\",\"@id\":\"https:\/\/voyage-aventure.com\/blog\/a-la-une\/brisbane-laeroport-ferme-face-a-la-tempete-alfred-qui-paralyse-le-voyage-en-australie\/\",\"url\":\"https:\/\/voyage-aventure.com\/blog\/a-la-une\/brisbane-laeroport-ferme-face-a-la-tempete-alfred-qui-paralyse-le-voyage-en-australie\/\",\"name\":\"Brisbane : l'a\u00e9roport ferm\u00e9 par le cyclone Alfred (mars 2025)\",\"isPartOf\":{\"@id\":\"https:\/\/voyage-aventure.com\/blog\/#website\"},\"primaryImageOfPage\":{\"@id\":\"https:\/\/voyage-aventure.com\/blog\/a-la-une\/brisbane-laeroport-ferme-face-a-la-tempete-alfred-qui-paralyse-le-voyage-en-australie\/#primaryimage\"},\"image\":{\"@id\":\"https:\/\/voyage-aventure.com\/blog\/a-la-une\/brisbane-laeroport-ferme-face-a-la-tempete-alfred-qui-paralyse-le-voyage-en-australie\/#primaryimage\"},\"thumbnailUrl\":\"https:\/\/voyage-aventure.com\/blog\/wp-content\/uploads\/2025\/03\/stability-brisbane-laeroport-ferme-face-a-la-tempete-alfred-qui-paralyse-le-voyage-en-australie.png\",\"datePublished\":\"2026-09-02T03:08:21+00:00\",\"dateModified\":\"2026-09-02T03:09:11+00:00\",\"description\":\"L'Australie a \u00e9t\u00e9 confront\u00e9e, d\u00e9but mars 2025, \u00e0 des perturbations majeures dans le transport lors du passage du cyclone Alfred. Bilan et suites, mis \u00e0 jour.\",\"inLanguage\":\"fr-FR\",\"potentialAction\":[{\"@type\":\"ReadAction\",\"target\":[\"https:\/\/voyage-aventure.com\/blog\/a-la-une\/brisbane-laeroport-ferme-face-a-la-tempete-alfred-qui-paralyse-le-voyage-en-australie\/\"]}]},{\"@type\":\"ImageObject\",\"inLanguage\":\"fr-FR\",\"@id\":\"https:\/\/voyage-aventure.com\/blog\/a-la-une\/brisbane-laeroport-ferme-face-a-la-tempete-alfred-qui-paralyse-le-voyage-en-australie\/#primaryimage\",\"url\":\"https:\/\/voyage-aventure.com\/blog\/wp-content\/uploads\/2025\/03\/stability-brisbane-laeroport-ferme-face-a-la-tempete-alfred-qui-paralyse-le-voyage-en-australie.png\",\"contentUrl\":\"https:\/\/voyage-aventure.com\/blog\/wp-content\/uploads\/2025\/03\/stability-brisbane-laeroport-ferme-face-a-la-tempete-alfred-qui-paralyse-le-voyage-en-australie.png\",\"width\":1024,\"height\":576},{\"@type\":\"WebSite\",\"@id\":\"https:\/\/voyage-aventure.com\/blog\/#website\",\"url\":\"https:\/\/voyage-aventure.com\/blog\/\",\"name\":\"voyage-aventure.com\",\"description\":\"Votre passeport pour l\u2019inattendu.\",\"publisher\":{\"@id\":\"https:\/\/voyage-aventure.com\/blog\/#organization\"},\"alternateName\":\"Votre passeport pour l\u2019inattendu.\",\"potentialAction\":[{\"@type\":\"SearchAction\",\"target\":{\"@type\":\"EntryPoint\",\"urlTemplate\":\"https:\/\/voyage-aventure.com\/blog\/?s={search_term_string}\"},\"query-input\":{\"@type\":\"PropertyValueSpecification\",\"valueRequired\":true,\"valueName\":\"search_term_string\"}}],\"inLanguage\":\"fr-FR\"},{\"@type\":\"Organization\",\"@id\":\"https:\/\/voyage-aventure.com\/blog\/#organization\",\"name\":\"Foretsensations.fr\",\"url\":\"https:\/\/voyage-aventure.com\/blog\/\",\"logo\":{\"@type\":\"ImageObject\",\"inLanguage\":\"fr-FR\",\"@id\":\"https:\/\/voyage-aventure.com\/blog\/#\/schema\/logo\/image\/\",\"url\":\"https:\/\/voyage-aventure.com\/blog\/wp-content\/uploads\/2024\/12\/19.png\",\"contentUrl\":\"https:\/\/voyage-aventure.com\/blog\/wp-content\/uploads\/2024\/12\/19.png\",\"width\":512,\"height\":512,\"caption\":\"Foretsensations.fr\"},\"image\":{\"@id\":\"https:\/\/voyage-aventure.com\/blog\/#\/schema\/logo\/image\/\"}},{\"@type\":\"Person\",\"@id\":\"https:\/\/voyage-aventure.com\/blog\/#\/schema\/person\/3c864cdc320801e3db34b663e7e3f816\",\"name\":\"Camille Rouvray\",\"image\":{\"@type\":\"ImageObject\",\"inLanguage\":\"fr-FR\",\"@id\":\"https:\/\/voyage-aventure.com\/blog\/#\/schema\/person\/image\/\",\"url\":\"https:\/\/voyage-aventure.com\/blog\/wp-content\/uploads\/2026\/06\/persona_camille-r-96x96.jpg\",\"contentUrl\":\"https:\/\/voyage-aventure.com\/blog\/wp-content\/uploads\/2026\/06\/persona_camille-r-96x96.jpg\",\"caption\":\"Camille Rouvray\"},\"description\":\"Je voyage et j'\u00e9cris sur le voyage depuis une douzaine d'ann\u00e9es, d'abord en tant que routarde au long cours, puis comme r\u00e9dactrice sp\u00e9cialis\u00e9e. Mon terrain de pr\u00e9dilection, ce sont les circuits organis\u00e9s et l'art de bien pr\u00e9parer un itin\u00e9raire : choix de la saison, dur\u00e9e r\u00e9aliste des \u00e9tapes, budget jour par jour, logement et transport sur place. J'aime aussi raconter les p\u00e9pites urbaines, ces adresses qu'on ne trouve pas dans les guides classiques. Avant de publier un dossier destination, je croise toujours plusieurs sources, je v\u00e9rifie les tarifs et les formalit\u00e9s d'entr\u00e9e \u00e0 jour, et je teste moi-m\u00eame quand je le peux. Mon angle reste pratique avant tout : aider le lecteur \u00e0 partir l'esprit tranquille, sans mauvaise surprise une fois sur place. Je m'attache \u00e0 distinguer le coup de c\u0153ur sinc\u00e8re du simple argument marketing.\",\"sameAs\":[\"https:\/\/camillerouvray.fr\/\"],\"url\":\"https:\/\/voyage-aventure.com\/blog\/auteur\/noname\/\"}]}<\/script>\n<!-- \/ Yoast SEO Premium plugin. -->","yoast_head_json":{"title":"Brisbane : l'a\u00e9roport ferm\u00e9 par le cyclone Alfred (mars 2025)","description":"L'Australie a \u00e9t\u00e9 confront\u00e9e, d\u00e9but mars 2025, \u00e0 des perturbations majeures dans le transport lors du passage du cyclone Alfred. Bilan et suites, mis \u00e0 jour.","robots":{"index":"index","follow":"follow","max-snippet":"max-snippet:-1","max-image-preview":"max-image-preview:large","max-video-preview":"max-video-preview:-1"},"canonical":"https:\/\/voyage-aventure.com\/blog\/a-la-une\/brisbane-laeroport-ferme-face-a-la-tempete-alfred-qui-paralyse-le-voyage-en-australie\/","og_locale":"fr_FR","og_type":"article","og_title":"Brisbane : l'a\u00e9roport ferm\u00e9 par le cyclone Alfred (mars 2025)","og_description":"L'Australie a \u00e9t\u00e9 confront\u00e9e, d\u00e9but mars 2025, \u00e0 des perturbations majeures dans le transport lors du passage du cyclone Alfred. Bilan et suites, mis \u00e0 jour.","og_url":"https:\/\/voyage-aventure.com\/blog\/a-la-une\/brisbane-laeroport-ferme-face-a-la-tempete-alfred-qui-paralyse-le-voyage-en-australie\/","og_site_name":"voyage-aventure","og_image":[{"width":1024,"height":576,"url":"https:\/\/voyage-aventure.com\/blog\/wp-content\/uploads\/2025\/03\/stability-brisbane-laeroport-ferme-face-a-la-tempete-alfred-qui-paralyse-le-voyage-en-australie.png","type":"image\/png"}],"author":"Camille Rouvray","twitter_card":"summary_large_image","schema":{"@context":"https:\/\/schema.org","@graph":[{"@type":"NewsArticle","@id":"https:\/\/voyage-aventure.com\/blog\/a-la-une\/brisbane-laeroport-ferme-face-a-la-tempete-alfred-qui-paralyse-le-voyage-en-australie\/#article","isPartOf":{"@id":"https:\/\/voyage-aventure.com\/blog\/a-la-une\/brisbane-laeroport-ferme-face-a-la-tempete-alfred-qui-paralyse-le-voyage-en-australie\/"},"author":{"name":"Camille Rouvray","@id":"https:\/\/voyage-aventure.com\/blog\/#\/schema\/person\/3c864cdc320801e3db34b663e7e3f816"},"headline":"Brisbane : l&rsquo;a\u00e9roport ferm\u00e9 face \u00e0 la temp\u00eate Alfred qui a paralys\u00e9 le voyage en Australie","datePublished":"2026-09-02T03:08:21+00:00","dateModified":"2026-09-02T03:09:11+00:00","mainEntityOfPage":{"@id":"https:\/\/voyage-aventure.com\/blog\/a-la-une\/brisbane-laeroport-ferme-face-a-la-tempete-alfred-qui-paralyse-le-voyage-en-australie\/"},"wordCount":1059,"commentCount":30,"publisher":{"@id":"https:\/\/voyage-aventure.com\/blog\/#organization"},"image":{"@id":"https:\/\/voyage-aventure.com\/blog\/a-la-une\/brisbane-laeroport-ferme-face-a-la-tempete-alfred-qui-paralyse-le-voyage-en-australie\/#primaryimage"},"thumbnailUrl":"https:\/\/voyage-aventure.com\/blog\/wp-content\/uploads\/2025\/03\/stability-brisbane-laeroport-ferme-face-a-la-tempete-alfred-qui-paralyse-le-voyage-en-australie.png","keywords":["Annulation de Voyage","Assistance","Conditions M\u00e9t\u00e9orologiques","S\u00e9curit\u00e9","Voyage \u00c9conomique"],"articleSection":["\u00c0 la une"],"inLanguage":"fr-FR","potentialAction":[{"@type":"CommentAction","name":"Comment","target":["https:\/\/voyage-aventure.com\/blog\/a-la-une\/brisbane-laeroport-ferme-face-a-la-tempete-alfred-qui-paralyse-le-voyage-en-australie\/#respond"]}]},{"@type":"WebPage","@id":"https:\/\/voyage-aventure.com\/blog\/a-la-une\/brisbane-laeroport-ferme-face-a-la-tempete-alfred-qui-paralyse-le-voyage-en-australie\/","url":"https:\/\/voyage-aventure.com\/blog\/a-la-une\/brisbane-laeroport-ferme-face-a-la-tempete-alfred-qui-paralyse-le-voyage-en-australie\/","name":"Brisbane : l'a\u00e9roport ferm\u00e9 par le cyclone Alfred (mars 2025)","isPartOf":{"@id":"https:\/\/voyage-aventure.com\/blog\/#website"},"primaryImageOfPage":{"@id":"https:\/\/voyage-aventure.com\/blog\/a-la-une\/brisbane-laeroport-ferme-face-a-la-tempete-alfred-qui-paralyse-le-voyage-en-australie\/#primaryimage"},"image":{"@id":"https:\/\/voyage-aventure.com\/blog\/a-la-une\/brisbane-laeroport-ferme-face-a-la-tempete-alfred-qui-paralyse-le-voyage-en-australie\/#primaryimage"},"thumbnailUrl":"https:\/\/voyage-aventure.com\/blog\/wp-content\/uploads\/2025\/03\/stability-brisbane-laeroport-ferme-face-a-la-tempete-alfred-qui-paralyse-le-voyage-en-australie.png","datePublished":"2026-09-02T03:08:21+00:00","dateModified":"2026-09-02T03:09:11+00:00","description":"L'Australie a \u00e9t\u00e9 confront\u00e9e, d\u00e9but mars 2025, \u00e0 des perturbations majeures dans le transport lors du passage du cyclone Alfred. Bilan et suites, mis \u00e0 jour.","inLanguage":"fr-FR","potentialAction":[{"@type":"ReadAction","target":["https:\/\/voyage-aventure.com\/blog\/a-la-une\/brisbane-laeroport-ferme-face-a-la-tempete-alfred-qui-paralyse-le-voyage-en-australie\/"]}]},{"@type":"ImageObject","inLanguage":"fr-FR","@id":"https:\/\/voyage-aventure.com\/blog\/a-la-une\/brisbane-laeroport-ferme-face-a-la-tempete-alfred-qui-paralyse-le-voyage-en-australie\/#primaryimage","url":"https:\/\/voyage-aventure.com\/blog\/wp-content\/uploads\/2025\/03\/stability-brisbane-laeroport-ferme-face-a-la-tempete-alfred-qui-paralyse-le-voyage-en-australie.png","contentUrl":"https:\/\/voyage-aventure.com\/blog\/wp-content\/uploads\/2025\/03\/stability-brisbane-laeroport-ferme-face-a-la-tempete-alfred-qui-paralyse-le-voyage-en-australie.png","width":1024,"height":576},{"@type":"WebSite","@id":"https:\/\/voyage-aventure.com\/blog\/#website","url":"https:\/\/voyage-aventure.com\/blog\/","name":"voyage-aventure.com","description":"Votre passeport pour l\u2019inattendu.","publisher":{"@id":"https:\/\/voyage-aventure.com\/blog\/#organization"},"alternateName":"Votre passeport pour l\u2019inattendu.","potentialAction":[{"@type":"SearchAction","target":{"@type":"EntryPoint","urlTemplate":"https:\/\/voyage-aventure.com\/blog\/?s={search_term_string}"},"query-input":{"@type":"PropertyValueSpecification","valueRequired":true,"valueName":"search_term_string"}}],"inLanguage":"fr-FR"},{"@type":"Organization","@id":"https:\/\/voyage-aventure.com\/blog\/#organization","name":"Foretsensations.fr","url":"https:\/\/voyage-aventure.com\/blog\/","logo":{"@type":"ImageObject","inLanguage":"fr-FR","@id":"https:\/\/voyage-aventure.com\/blog\/#\/schema\/logo\/image\/","url":"https:\/\/voyage-aventure.com\/blog\/wp-content\/uploads\/2024\/12\/19.png","contentUrl":"https:\/\/voyage-aventure.com\/blog\/wp-content\/uploads\/2024\/12\/19.png","width":512,"height":512,"caption":"Foretsensations.fr"},"image":{"@id":"https:\/\/voyage-aventure.com\/blog\/#\/schema\/logo\/image\/"}},{"@type":"Person","@id":"https:\/\/voyage-aventure.com\/blog\/#\/schema\/person\/3c864cdc320801e3db34b663e7e3f816","name":"Camille Rouvray","image":{"@type":"ImageObject","inLanguage":"fr-FR","@id":"https:\/\/voyage-aventure.com\/blog\/#\/schema\/person\/image\/","url":"https:\/\/voyage-aventure.com\/blog\/wp-content\/uploads\/2026\/06\/persona_camille-r-96x96.jpg","contentUrl":"https:\/\/voyage-aventure.com\/blog\/wp-content\/uploads\/2026\/06\/persona_camille-r-96x96.jpg","caption":"Camille Rouvray"},"description":"Je voyage et j'\u00e9cris sur le voyage depuis une douzaine d'ann\u00e9es, d'abord en tant que routarde au long cours, puis comme r\u00e9dactrice sp\u00e9cialis\u00e9e. Mon terrain de pr\u00e9dilection, ce sont les circuits organis\u00e9s et l'art de bien pr\u00e9parer un itin\u00e9raire : choix de la saison, dur\u00e9e r\u00e9aliste des \u00e9tapes, budget jour par jour, logement et transport sur place. J'aime aussi raconter les p\u00e9pites urbaines, ces adresses qu'on ne trouve pas dans les guides classiques. Avant de publier un dossier destination, je croise toujours plusieurs sources, je v\u00e9rifie les tarifs et les formalit\u00e9s d'entr\u00e9e \u00e0 jour, et je teste moi-m\u00eame quand je le peux. Mon angle reste pratique avant tout : aider le lecteur \u00e0 partir l'esprit tranquille, sans mauvaise surprise une fois sur place. Je m'attache \u00e0 distinguer le coup de c\u0153ur sinc\u00e8re du simple argument marketing.","sameAs":["https:\/\/camillerouvray.fr\/"],"url":"https:\/\/voyage-aventure.com\/blog\/auteur\/noname\/"}]}},"_links":{"self":[{"href":"https:\/\/voyage-aventure.com\/blog\/wp-json\/wp\/v2\/posts\/14388","targetHints":{"allow":["GET"]}}],"collection":[{"href":"https:\/\/voyage-aventure.com\/blog\/wp-json\/wp\/v2\/posts"}],"about":[{"href":"https:\/\/voyage-aventure.com\/blog\/wp-json\/wp\/v2\/types\/post"}],"author":[{"embeddable":true,"href":"https:\/\/voyage-aventure.com\/blog\/wp-json\/wp\/v2\/users\/34"}],"replies":[{"embeddable":true,"href":"https:\/\/voyage-aventure.com\/blog\/wp-json\/wp\/v2\/comments?post=14388"}],"version-history":[{"count":3,"href":"https:\/\/voyage-aventure.com\/blog\/wp-json\/wp\/v2\/posts\/14388\/revisions"}],"predecessor-version":[{"id":23275,"href":"https:\/\/voyage-aventure.com\/blog\/wp-json\/wp\/v2\/posts\/14388\/revisions\/23275"}],"wp:featuredmedia":[{"embeddable":true,"href":"https:\/\/voyage-aventure.com\/blog\/wp-json\/wp\/v2\/media\/14389"}],"wp:attachment":[{"href":"https:\/\/voyage-aventure.com\/blog\/wp-json\/wp\/v2\/media?parent=14388"}],"wp:term":[{"taxonomy":"category","embeddable":true,"href":"https:\/\/voyage-aventure.com\/blog\/wp-json\/wp\/v2\/categories?post=14388"},{"taxonomy":"post_tag","embeddable":true,"href":"https:\/\/voyage-aventure.com\/blog\/wp-json\/wp\/v2\/tags?post=14388"}],"curies":[{"name":"wp","href":"https:\/\/api.w.org\/{rel}","templated":true}]}}