{"id":13936,"date":"2025-02-28T02:40:13","date_gmt":"2025-02-28T01:40:13","guid":{"rendered":"https:\/\/voyage-aventure.com\/blog\/?p=13936"},"modified":"2025-02-27T14:39:23","modified_gmt":"2025-02-27T13:39:23","slug":"andrew-et-tristan-tate-sur-le-chemin-de-la-floride-le-recit-dun-depart-controverse","status":"publish","type":"post","link":"https:\/\/voyage-aventure.com\/blog\/a-la-une\/andrew-et-tristan-tate-sur-le-chemin-de-la-floride-le-recit-dun-depart-controverse\/","title":{"rendered":"Andrew et Tristan Tate sur le chemin de la Floride : le r\u00e9cit d&rsquo;un d\u00e9part controvers\u00e9"},"content":{"rendered":"<h2>Un d\u00e9part controvers\u00e9 de Roumanie<\/h2>\n<p>Andrew Tate et son fr\u00e8re Tristan ont quitt\u00e9 la Roumanie, prenant un vol priv\u00e9 \u00e0 destination des \u00c9tats-Unis. Ce d\u00e9part a \u00e9t\u00e9 confirm\u00e9 par des procureurs qui ont lev\u00e9 leur interdiction de voyager, permettant aux fr\u00e8res de quitter le pays peu apr\u00e8s 5 heures du matin, heure locale. Leur destination serait la Floride, o\u00f9 ils devront faire face \u00e0 des accusations graves.<\/p>\n<p>Les deux fr\u00e8res, qui sont au c\u0153ur de nombreuses controverses, sont accus\u00e9s de crimes tels que le viol et le trafic d&rsquo;\u00eatres humains. Ils ont toujours ni\u00e9 ces all\u00e9gations, affirmant que leur r\u00e9putation est injustement ternie. Ce d\u00e9part soul\u00e8ve des interrogations quant \u00e0 leur avenir l\u00e9gal, alors qu&rsquo;ils continuent \u00e0 faire face \u00e0 des poursuites tant en Roumanie qu&rsquo;aux \u00c9tats-Unis.<\/p>\n<h2>Un contexte juridique complexe<\/h2>\n<p>Leur voyage vers les \u00c9tats-Unis intervient alors qu&rsquo;une plainte civile a \u00e9t\u00e9 d\u00e9pos\u00e9e contre eux par une femme am\u00e9ricaine deux semaines auparavant. Cette plaignante les accuse d&rsquo;avoir tent\u00e9 de la recruter pour le travail du sexe en Roumanie, sous de fausses promesses. En r\u00e9ponse, les fr\u00e8res Tate ont \u00e9galement intent\u00e9 une action en diffamation contre elle, marquant ainsi leur premi\u00e8re affaire judiciaire aux \u00c9tats-Unis.<\/p>\n<p>Leurs avocats d\u00e9crivent cette plainte comme une tentative d\u00e9sesp\u00e9r\u00e9e de relancer des accusations qui ont \u00e9chou\u00e9 en Roumanie. La complexit\u00e9 de cette affaire s&rsquo;intensifie, avec des enjeux juridiques qui se superposent entre les deux pays. Les cons\u00e9quences de ces proc\u00e8s pourraient avoir des r\u00e9percussions sur leur carri\u00e8re et leur image publique.<\/p>\n<h2>R\u00e9actions et implications internationales<\/h2>\n<p>Les fr\u00e8res Tate, qui ont exprim\u00e9 leur soutien \u00e0 l&rsquo;ancien pr\u00e9sident Donald Trump, ont re\u00e7u un certain int\u00e9r\u00eat de la part des m\u00e9dias et des responsables am\u00e9ricains. Bien que le ministre roumain des Affaires \u00e9trang\u00e8res ait ni\u00e9 avoir subi des pressions de la part des \u00c9tats-Unis pour lever l&rsquo;interdiction de voyage, les discussions autour de cette affaire continuent d&rsquo;\u00e9voluer. Les implications internationales de ce d\u00e9part pourraient influencer les relations entre la Roumanie et les \u00c9tats-Unis.<\/p>\n<p>Les tensions entourant cette affaire sont palpables, avec des r\u00e9actions vari\u00e9es tant au niveau politique que public. Les critiques des fr\u00e8res Tate, consid\u00e9r\u00e9s comme des figures controvers\u00e9es, soulignent les d\u00e9fis \u00e9thiques et moraux soulev\u00e9s par leurs activit\u00e9s sur les r\u00e9seaux sociaux et leur comportement dans la vie r\u00e9elle. <\/p>\n<blockquote><p>\n\u00ab Les accusations port\u00e9es contre nous sont sans fondement, et nous sommes impatients de prouver notre innocence dans les tribunaux. \u00bb &#8211; Andrew Tate\n<\/p><\/blockquote>\n<ul>\n<li>D\u00e9part de Roumanie sur un vol priv\u00e9 vers les \u00c9tats-Unis<\/li>\n<li>Accusations de viol et de trafic d&rsquo;\u00eatres humains<\/li>\n<li>Plaintes civiles et actions en diffamation aux \u00c9tats-Unis<\/li>\n<li>R\u00e9actions politiques et m\u00e9diatiques en cours<\/li>\n<\/ul>\n<p>Le r\u00e9cit entourant Andrew et Tristan Tate est \u00e0 la fois fascinant et pr\u00e9occupant. Alors qu&rsquo;ils poursuivent leurs batailles juridiques, leur influence et leur pr\u00e9sence sur les r\u00e9seaux sociaux continuent d&rsquo;alimenter les d\u00e9bats sur les normes soci\u00e9tales et les comportements masculins. Les d\u00e9veloppements futurs de cette affaire pourraient avoir des cons\u00e9quences bien au-del\u00e0 des simples accusations judiciaires, touchant \u00e0 des questions de soci\u00e9t\u00e9 plus larges.<br \/>\n<img decoding=\"async\" width=\"1024\" height=\"576\" src=\"https:\/\/voyage-aventure.com\/blog\/wp-content\/uploads\/2025\/02\/stability-andrew-et-tristan-tate-sur-le-chemin-de-la-floride-le-recit-dun-depart-controverse-1.png\" class=\"aligncenter\" alt=\"Illustration d\u00e9taill\u00e9e sur Andrew et Tristan Tate sur le chemin de la Floride : le r\u00e9cit d&#039;un d\u00e9part controvers\u00e9\" title=\"Andrew et Tristan Tate sur le chemin de la Floride : le r\u00e9cit d&#039;un d\u00e9part controvers\u00e9\" loading=\"lazy\" \/><\/p>\n","protected":false},"excerpt":{"rendered":"","protected":false},"author":34,"featured_media":13937,"comment_status":"open","ping_status":"open","sticky":false,"template":"","format":"standard","meta":{"_acf_changed":false,"manual_indexmenow":false,"indexmenow_id_project":0,"footnotes":""},"categories":[1],"tags":[4221,4636,3800,5688,4635],"class_list":["post-13936","post","type-post","status-publish","format-standard","has-post-thumbnail","hentry","category-a-la-une","tag-culture","tag-destinations","tag-emotions","tag-relations-internationales","tag-voyage","generate-columns","tablet-grid-50","mobile-grid-100","grid-parent","grid-25"],"acf":[],"yoast_head":"<!-- This site is optimized with the Yoast SEO Premium plugin v21.3 (Yoast SEO v25.1) - https:\/\/yoast.com\/wordpress\/plugins\/seo\/ -->\n<title>Andrew et Tristan Tate sur le chemin de la Floride : le<\/title>\n<meta name=\"description\" content=\"Andrew Tate et son fr\u00e8re Tristan ont quitt\u00e9 la Roumanie, prenant un vol priv\u00e9 \u00e0 destination des \u00c9tats-Unis. Ce d\u00e9part a \u00e9t\u00e9 confirm\u00e9 par des procureurs\" \/>\n<meta name=\"robots\" content=\"index, follow, max-snippet:-1, max-image-preview:large, max-video-preview:-1\" \/>\n<link rel=\"canonical\" href=\"https:\/\/voyage-aventure.com\/blog\/a-la-une\/andrew-et-tristan-tate-sur-le-chemin-de-la-floride-le-recit-dun-depart-controverse\/\" \/>\n<meta property=\"og:locale\" content=\"fr_FR\" \/>\n<meta property=\"og:type\" content=\"article\" \/>\n<meta property=\"og:title\" content=\"Andrew et Tristan Tate sur le chemin de la Floride : le\" \/>\n<meta property=\"og:description\" content=\"Andrew Tate et son fr\u00e8re Tristan ont quitt\u00e9 la Roumanie, prenant un vol priv\u00e9 \u00e0 destination des \u00c9tats-Unis. Ce d\u00e9part a \u00e9t\u00e9 confirm\u00e9 par des procureurs\" \/>\n<meta property=\"og:url\" content=\"https:\/\/voyage-aventure.com\/blog\/a-la-une\/andrew-et-tristan-tate-sur-le-chemin-de-la-floride-le-recit-dun-depart-controverse\/\" \/>\n<meta property=\"og:site_name\" content=\"voyage-aventure\" \/>\n<meta property=\"og:image\" content=\"https:\/\/voyage-aventure.com\/blog\/wp-content\/uploads\/2025\/02\/stability-andrew-et-tristan-tate-sur-le-chemin-de-la-floride-le-recit-dun-depart-controverse.png\" \/>\n\t<meta property=\"og:image:width\" content=\"1024\" \/>\n\t<meta property=\"og:image:height\" content=\"576\" \/>\n\t<meta property=\"og:image:type\" content=\"image\/png\" \/>\n<meta name=\"author\" content=\"Camille Rouvray\" \/>\n<meta name=\"twitter:card\" content=\"summary_large_image\" \/>\n<script type=\"application\/ld+json\" class=\"yoast-schema-graph\">{\"@context\":\"https:\/\/schema.org\",\"@graph\":[{\"@type\":\"NewsArticle\",\"@id\":\"https:\/\/voyage-aventure.com\/blog\/a-la-une\/andrew-et-tristan-tate-sur-le-chemin-de-la-floride-le-recit-dun-depart-controverse\/#article\",\"isPartOf\":{\"@id\":\"https:\/\/voyage-aventure.com\/blog\/a-la-une\/andrew-et-tristan-tate-sur-le-chemin-de-la-floride-le-recit-dun-depart-controverse\/\"},\"author\":{\"name\":\"Camille Rouvray\",\"@id\":\"https:\/\/voyage-aventure.com\/blog\/#\/schema\/person\/3c864cdc320801e3db34b663e7e3f816\"},\"headline\":\"Andrew et Tristan Tate sur le chemin de la Floride : le r\u00e9cit d&rsquo;un d\u00e9part controvers\u00e9\",\"datePublished\":\"2025-02-28T01:40:13+00:00\",\"mainEntityOfPage\":{\"@id\":\"https:\/\/voyage-aventure.com\/blog\/a-la-une\/andrew-et-tristan-tate-sur-le-chemin-de-la-floride-le-recit-dun-depart-controverse\/\"},\"wordCount\":574,\"commentCount\":20,\"publisher\":{\"@id\":\"https:\/\/voyage-aventure.com\/blog\/#organization\"},\"image\":{\"@id\":\"https:\/\/voyage-aventure.com\/blog\/a-la-une\/andrew-et-tristan-tate-sur-le-chemin-de-la-floride-le-recit-dun-depart-controverse\/#primaryimage\"},\"thumbnailUrl\":\"https:\/\/voyage-aventure.com\/blog\/wp-content\/uploads\/2025\/02\/stability-andrew-et-tristan-tate-sur-le-chemin-de-la-floride-le-recit-dun-depart-controverse.png\",\"keywords\":[\"Culture\",\"Destinations\",\"\u00c9motions\",\"Relations Internationales\",\"Voyage\"],\"articleSection\":[\"\u00c0 la une\"],\"inLanguage\":\"fr-FR\",\"potentialAction\":[{\"@type\":\"CommentAction\",\"name\":\"Comment\",\"target\":[\"https:\/\/voyage-aventure.com\/blog\/a-la-une\/andrew-et-tristan-tate-sur-le-chemin-de-la-floride-le-recit-dun-depart-controverse\/#respond\"]}]},{\"@type\":\"WebPage\",\"@id\":\"https:\/\/voyage-aventure.com\/blog\/a-la-une\/andrew-et-tristan-tate-sur-le-chemin-de-la-floride-le-recit-dun-depart-controverse\/\",\"url\":\"https:\/\/voyage-aventure.com\/blog\/a-la-une\/andrew-et-tristan-tate-sur-le-chemin-de-la-floride-le-recit-dun-depart-controverse\/\",\"name\":\"Andrew et Tristan Tate sur le chemin de la Floride : le\",\"isPartOf\":{\"@id\":\"https:\/\/voyage-aventure.com\/blog\/#website\"},\"primaryImageOfPage\":{\"@id\":\"https:\/\/voyage-aventure.com\/blog\/a-la-une\/andrew-et-tristan-tate-sur-le-chemin-de-la-floride-le-recit-dun-depart-controverse\/#primaryimage\"},\"image\":{\"@id\":\"https:\/\/voyage-aventure.com\/blog\/a-la-une\/andrew-et-tristan-tate-sur-le-chemin-de-la-floride-le-recit-dun-depart-controverse\/#primaryimage\"},\"thumbnailUrl\":\"https:\/\/voyage-aventure.com\/blog\/wp-content\/uploads\/2025\/02\/stability-andrew-et-tristan-tate-sur-le-chemin-de-la-floride-le-recit-dun-depart-controverse.png\",\"datePublished\":\"2025-02-28T01:40:13+00:00\",\"description\":\"Andrew Tate et son fr\u00e8re Tristan ont quitt\u00e9 la Roumanie, prenant un vol priv\u00e9 \u00e0 destination des \u00c9tats-Unis. Ce d\u00e9part a \u00e9t\u00e9 confirm\u00e9 par des procureurs\",\"inLanguage\":\"fr-FR\",\"potentialAction\":[{\"@type\":\"ReadAction\",\"target\":[\"https:\/\/voyage-aventure.com\/blog\/a-la-une\/andrew-et-tristan-tate-sur-le-chemin-de-la-floride-le-recit-dun-depart-controverse\/\"]}]},{\"@type\":\"ImageObject\",\"inLanguage\":\"fr-FR\",\"@id\":\"https:\/\/voyage-aventure.com\/blog\/a-la-une\/andrew-et-tristan-tate-sur-le-chemin-de-la-floride-le-recit-dun-depart-controverse\/#primaryimage\",\"url\":\"https:\/\/voyage-aventure.com\/blog\/wp-content\/uploads\/2025\/02\/stability-andrew-et-tristan-tate-sur-le-chemin-de-la-floride-le-recit-dun-depart-controverse.png\",\"contentUrl\":\"https:\/\/voyage-aventure.com\/blog\/wp-content\/uploads\/2025\/02\/stability-andrew-et-tristan-tate-sur-le-chemin-de-la-floride-le-recit-dun-depart-controverse.png\",\"width\":1024,\"height\":576},{\"@type\":\"WebSite\",\"@id\":\"https:\/\/voyage-aventure.com\/blog\/#website\",\"url\":\"https:\/\/voyage-aventure.com\/blog\/\",\"name\":\"voyage-aventure.com\",\"description\":\"Votre passeport pour l\u2019inattendu.\",\"publisher\":{\"@id\":\"https:\/\/voyage-aventure.com\/blog\/#organization\"},\"alternateName\":\"Votre passeport pour l\u2019inattendu.\",\"potentialAction\":[{\"@type\":\"SearchAction\",\"target\":{\"@type\":\"EntryPoint\",\"urlTemplate\":\"https:\/\/voyage-aventure.com\/blog\/?s={search_term_string}\"},\"query-input\":{\"@type\":\"PropertyValueSpecification\",\"valueRequired\":true,\"valueName\":\"search_term_string\"}}],\"inLanguage\":\"fr-FR\"},{\"@type\":\"Organization\",\"@id\":\"https:\/\/voyage-aventure.com\/blog\/#organization\",\"name\":\"Foretsensations.fr\",\"url\":\"https:\/\/voyage-aventure.com\/blog\/\",\"logo\":{\"@type\":\"ImageObject\",\"inLanguage\":\"fr-FR\",\"@id\":\"https:\/\/voyage-aventure.com\/blog\/#\/schema\/logo\/image\/\",\"url\":\"https:\/\/voyage-aventure.com\/blog\/wp-content\/uploads\/2024\/12\/19.png\",\"contentUrl\":\"https:\/\/voyage-aventure.com\/blog\/wp-content\/uploads\/2024\/12\/19.png\",\"width\":512,\"height\":512,\"caption\":\"Foretsensations.fr\"},\"image\":{\"@id\":\"https:\/\/voyage-aventure.com\/blog\/#\/schema\/logo\/image\/\"}},{\"@type\":\"Person\",\"@id\":\"https:\/\/voyage-aventure.com\/blog\/#\/schema\/person\/3c864cdc320801e3db34b663e7e3f816\",\"name\":\"Camille Rouvray\",\"image\":{\"@type\":\"ImageObject\",\"inLanguage\":\"fr-FR\",\"@id\":\"https:\/\/voyage-aventure.com\/blog\/#\/schema\/person\/image\/\",\"url\":\"https:\/\/voyage-aventure.com\/blog\/wp-content\/uploads\/2026\/06\/persona_camille-r-96x96.jpg\",\"contentUrl\":\"https:\/\/voyage-aventure.com\/blog\/wp-content\/uploads\/2026\/06\/persona_camille-r-96x96.jpg\",\"caption\":\"Camille Rouvray\"},\"description\":\"Je voyage et j'\u00e9cris sur le voyage depuis une douzaine d'ann\u00e9es, d'abord en tant que routarde au long cours, puis comme r\u00e9dactrice sp\u00e9cialis\u00e9e. Mon terrain de pr\u00e9dilection, ce sont les circuits organis\u00e9s et l'art de bien pr\u00e9parer un itin\u00e9raire : choix de la saison, dur\u00e9e r\u00e9aliste des \u00e9tapes, budget jour par jour, logement et transport sur place. J'aime aussi raconter les p\u00e9pites urbaines, ces adresses qu'on ne trouve pas dans les guides classiques. Avant de publier un dossier destination, je croise toujours plusieurs sources, je v\u00e9rifie les tarifs et les formalit\u00e9s d'entr\u00e9e \u00e0 jour, et je teste moi-m\u00eame quand je le peux. Mon angle reste pratique avant tout : aider le lecteur \u00e0 partir l'esprit tranquille, sans mauvaise surprise une fois sur place. Je m'attache \u00e0 distinguer le coup de c\u0153ur sinc\u00e8re du simple argument marketing.\",\"sameAs\":[\"https:\/\/camillerouvray.fr\/\"],\"url\":\"https:\/\/voyage-aventure.com\/blog\/auteur\/noname\/\"}]}<\/script>\n<!-- \/ Yoast SEO Premium plugin. -->","yoast_head_json":{"title":"Andrew et Tristan Tate sur le chemin de la Floride : le","description":"Andrew Tate et son fr\u00e8re Tristan ont quitt\u00e9 la Roumanie, prenant un vol priv\u00e9 \u00e0 destination des \u00c9tats-Unis. Ce d\u00e9part a \u00e9t\u00e9 confirm\u00e9 par des procureurs","robots":{"index":"index","follow":"follow","max-snippet":"max-snippet:-1","max-image-preview":"max-image-preview:large","max-video-preview":"max-video-preview:-1"},"canonical":"https:\/\/voyage-aventure.com\/blog\/a-la-une\/andrew-et-tristan-tate-sur-le-chemin-de-la-floride-le-recit-dun-depart-controverse\/","og_locale":"fr_FR","og_type":"article","og_title":"Andrew et Tristan Tate sur le chemin de la Floride : le","og_description":"Andrew Tate et son fr\u00e8re Tristan ont quitt\u00e9 la Roumanie, prenant un vol priv\u00e9 \u00e0 destination des \u00c9tats-Unis. Ce d\u00e9part a \u00e9t\u00e9 confirm\u00e9 par des procureurs","og_url":"https:\/\/voyage-aventure.com\/blog\/a-la-une\/andrew-et-tristan-tate-sur-le-chemin-de-la-floride-le-recit-dun-depart-controverse\/","og_site_name":"voyage-aventure","og_image":[{"width":1024,"height":576,"url":"https:\/\/voyage-aventure.com\/blog\/wp-content\/uploads\/2025\/02\/stability-andrew-et-tristan-tate-sur-le-chemin-de-la-floride-le-recit-dun-depart-controverse.png","type":"image\/png"}],"author":"Camille Rouvray","twitter_card":"summary_large_image","schema":{"@context":"https:\/\/schema.org","@graph":[{"@type":"NewsArticle","@id":"https:\/\/voyage-aventure.com\/blog\/a-la-une\/andrew-et-tristan-tate-sur-le-chemin-de-la-floride-le-recit-dun-depart-controverse\/#article","isPartOf":{"@id":"https:\/\/voyage-aventure.com\/blog\/a-la-une\/andrew-et-tristan-tate-sur-le-chemin-de-la-floride-le-recit-dun-depart-controverse\/"},"author":{"name":"Camille Rouvray","@id":"https:\/\/voyage-aventure.com\/blog\/#\/schema\/person\/3c864cdc320801e3db34b663e7e3f816"},"headline":"Andrew et Tristan Tate sur le chemin de la Floride : le r\u00e9cit d&rsquo;un d\u00e9part controvers\u00e9","datePublished":"2025-02-28T01:40:13+00:00","mainEntityOfPage":{"@id":"https:\/\/voyage-aventure.com\/blog\/a-la-une\/andrew-et-tristan-tate-sur-le-chemin-de-la-floride-le-recit-dun-depart-controverse\/"},"wordCount":574,"commentCount":20,"publisher":{"@id":"https:\/\/voyage-aventure.com\/blog\/#organization"},"image":{"@id":"https:\/\/voyage-aventure.com\/blog\/a-la-une\/andrew-et-tristan-tate-sur-le-chemin-de-la-floride-le-recit-dun-depart-controverse\/#primaryimage"},"thumbnailUrl":"https:\/\/voyage-aventure.com\/blog\/wp-content\/uploads\/2025\/02\/stability-andrew-et-tristan-tate-sur-le-chemin-de-la-floride-le-recit-dun-depart-controverse.png","keywords":["Culture","Destinations","\u00c9motions","Relations Internationales","Voyage"],"articleSection":["\u00c0 la une"],"inLanguage":"fr-FR","potentialAction":[{"@type":"CommentAction","name":"Comment","target":["https:\/\/voyage-aventure.com\/blog\/a-la-une\/andrew-et-tristan-tate-sur-le-chemin-de-la-floride-le-recit-dun-depart-controverse\/#respond"]}]},{"@type":"WebPage","@id":"https:\/\/voyage-aventure.com\/blog\/a-la-une\/andrew-et-tristan-tate-sur-le-chemin-de-la-floride-le-recit-dun-depart-controverse\/","url":"https:\/\/voyage-aventure.com\/blog\/a-la-une\/andrew-et-tristan-tate-sur-le-chemin-de-la-floride-le-recit-dun-depart-controverse\/","name":"Andrew et Tristan Tate sur le chemin de la Floride : le","isPartOf":{"@id":"https:\/\/voyage-aventure.com\/blog\/#website"},"primaryImageOfPage":{"@id":"https:\/\/voyage-aventure.com\/blog\/a-la-une\/andrew-et-tristan-tate-sur-le-chemin-de-la-floride-le-recit-dun-depart-controverse\/#primaryimage"},"image":{"@id":"https:\/\/voyage-aventure.com\/blog\/a-la-une\/andrew-et-tristan-tate-sur-le-chemin-de-la-floride-le-recit-dun-depart-controverse\/#primaryimage"},"thumbnailUrl":"https:\/\/voyage-aventure.com\/blog\/wp-content\/uploads\/2025\/02\/stability-andrew-et-tristan-tate-sur-le-chemin-de-la-floride-le-recit-dun-depart-controverse.png","datePublished":"2025-02-28T01:40:13+00:00","description":"Andrew Tate et son fr\u00e8re Tristan ont quitt\u00e9 la Roumanie, prenant un vol priv\u00e9 \u00e0 destination des \u00c9tats-Unis. Ce d\u00e9part a \u00e9t\u00e9 confirm\u00e9 par des procureurs","inLanguage":"fr-FR","potentialAction":[{"@type":"ReadAction","target":["https:\/\/voyage-aventure.com\/blog\/a-la-une\/andrew-et-tristan-tate-sur-le-chemin-de-la-floride-le-recit-dun-depart-controverse\/"]}]},{"@type":"ImageObject","inLanguage":"fr-FR","@id":"https:\/\/voyage-aventure.com\/blog\/a-la-une\/andrew-et-tristan-tate-sur-le-chemin-de-la-floride-le-recit-dun-depart-controverse\/#primaryimage","url":"https:\/\/voyage-aventure.com\/blog\/wp-content\/uploads\/2025\/02\/stability-andrew-et-tristan-tate-sur-le-chemin-de-la-floride-le-recit-dun-depart-controverse.png","contentUrl":"https:\/\/voyage-aventure.com\/blog\/wp-content\/uploads\/2025\/02\/stability-andrew-et-tristan-tate-sur-le-chemin-de-la-floride-le-recit-dun-depart-controverse.png","width":1024,"height":576},{"@type":"WebSite","@id":"https:\/\/voyage-aventure.com\/blog\/#website","url":"https:\/\/voyage-aventure.com\/blog\/","name":"voyage-aventure.com","description":"Votre passeport pour l\u2019inattendu.","publisher":{"@id":"https:\/\/voyage-aventure.com\/blog\/#organization"},"alternateName":"Votre passeport pour l\u2019inattendu.","potentialAction":[{"@type":"SearchAction","target":{"@type":"EntryPoint","urlTemplate":"https:\/\/voyage-aventure.com\/blog\/?s={search_term_string}"},"query-input":{"@type":"PropertyValueSpecification","valueRequired":true,"valueName":"search_term_string"}}],"inLanguage":"fr-FR"},{"@type":"Organization","@id":"https:\/\/voyage-aventure.com\/blog\/#organization","name":"Foretsensations.fr","url":"https:\/\/voyage-aventure.com\/blog\/","logo":{"@type":"ImageObject","inLanguage":"fr-FR","@id":"https:\/\/voyage-aventure.com\/blog\/#\/schema\/logo\/image\/","url":"https:\/\/voyage-aventure.com\/blog\/wp-content\/uploads\/2024\/12\/19.png","contentUrl":"https:\/\/voyage-aventure.com\/blog\/wp-content\/uploads\/2024\/12\/19.png","width":512,"height":512,"caption":"Foretsensations.fr"},"image":{"@id":"https:\/\/voyage-aventure.com\/blog\/#\/schema\/logo\/image\/"}},{"@type":"Person","@id":"https:\/\/voyage-aventure.com\/blog\/#\/schema\/person\/3c864cdc320801e3db34b663e7e3f816","name":"Camille Rouvray","image":{"@type":"ImageObject","inLanguage":"fr-FR","@id":"https:\/\/voyage-aventure.com\/blog\/#\/schema\/person\/image\/","url":"https:\/\/voyage-aventure.com\/blog\/wp-content\/uploads\/2026\/06\/persona_camille-r-96x96.jpg","contentUrl":"https:\/\/voyage-aventure.com\/blog\/wp-content\/uploads\/2026\/06\/persona_camille-r-96x96.jpg","caption":"Camille Rouvray"},"description":"Je voyage et j'\u00e9cris sur le voyage depuis une douzaine d'ann\u00e9es, d'abord en tant que routarde au long cours, puis comme r\u00e9dactrice sp\u00e9cialis\u00e9e. Mon terrain de pr\u00e9dilection, ce sont les circuits organis\u00e9s et l'art de bien pr\u00e9parer un itin\u00e9raire : choix de la saison, dur\u00e9e r\u00e9aliste des \u00e9tapes, budget jour par jour, logement et transport sur place. J'aime aussi raconter les p\u00e9pites urbaines, ces adresses qu'on ne trouve pas dans les guides classiques. Avant de publier un dossier destination, je croise toujours plusieurs sources, je v\u00e9rifie les tarifs et les formalit\u00e9s d'entr\u00e9e \u00e0 jour, et je teste moi-m\u00eame quand je le peux. Mon angle reste pratique avant tout : aider le lecteur \u00e0 partir l'esprit tranquille, sans mauvaise surprise une fois sur place. Je m'attache \u00e0 distinguer le coup de c\u0153ur sinc\u00e8re du simple argument marketing.","sameAs":["https:\/\/camillerouvray.fr\/"],"url":"https:\/\/voyage-aventure.com\/blog\/auteur\/noname\/"}]}},"_links":{"self":[{"href":"https:\/\/voyage-aventure.com\/blog\/wp-json\/wp\/v2\/posts\/13936","targetHints":{"allow":["GET"]}}],"collection":[{"href":"https:\/\/voyage-aventure.com\/blog\/wp-json\/wp\/v2\/posts"}],"about":[{"href":"https:\/\/voyage-aventure.com\/blog\/wp-json\/wp\/v2\/types\/post"}],"author":[{"embeddable":true,"href":"https:\/\/voyage-aventure.com\/blog\/wp-json\/wp\/v2\/users\/34"}],"replies":[{"embeddable":true,"href":"https:\/\/voyage-aventure.com\/blog\/wp-json\/wp\/v2\/comments?post=13936"}],"version-history":[{"count":1,"href":"https:\/\/voyage-aventure.com\/blog\/wp-json\/wp\/v2\/posts\/13936\/revisions"}],"predecessor-version":[{"id":13939,"href":"https:\/\/voyage-aventure.com\/blog\/wp-json\/wp\/v2\/posts\/13936\/revisions\/13939"}],"wp:featuredmedia":[{"embeddable":true,"href":"https:\/\/voyage-aventure.com\/blog\/wp-json\/wp\/v2\/media\/13937"}],"wp:attachment":[{"href":"https:\/\/voyage-aventure.com\/blog\/wp-json\/wp\/v2\/media?parent=13936"}],"wp:term":[{"taxonomy":"category","embeddable":true,"href":"https:\/\/voyage-aventure.com\/blog\/wp-json\/wp\/v2\/categories?post=13936"},{"taxonomy":"post_tag","embeddable":true,"href":"https:\/\/voyage-aventure.com\/blog\/wp-json\/wp\/v2\/tags?post=13936"}],"curies":[{"name":"wp","href":"https:\/\/api.w.org\/{rel}","templated":true}]}}