{"id":13898,"date":"2026-06-16T17:01:29","date_gmt":"2026-06-16T15:01:29","guid":{"rendered":"https:\/\/voyage-aventure.com\/blog\/?p=13898"},"modified":"2026-06-16T17:01:29","modified_gmt":"2026-06-16T15:01:29","slug":"voyager-sans-obstacles-lavenir-des-voyages-pour-les-personnes-handicapees","status":"publish","type":"post","link":"https:\/\/voyage-aventure.com\/blog\/a-la-une\/voyager-sans-obstacles-lavenir-des-voyages-pour-les-personnes-handicapees\/","title":{"rendered":"Voyager sans obstacles : l&rsquo;avenir des voyages pour les personnes handicap\u00e9es"},"content":{"rendered":"<link rel=\"stylesheet\" href=\"https:\/\/fonts.googleapis.com\/css2?family=Space+Grotesk:wght@500;600;700&#038;family=Inter:wght@400;500;600&#038;family=JetBrains+Mono:wght@500&#038;display=swap\">\n<style>\n.va-ib-wrap{font-family:'Inter',-apple-system,BlinkMacSystemFont,'Segoe UI',Roboto,sans-serif;color:#1B2A33;line-height:1.65;font-size:17px;max-width:820px;margin:0 auto;}\n.va-ib-wrap h2{font-family:'Space Grotesk','Inter',sans-serif;font-weight:700;font-size:clamp(24px,3.2vw,33px);line-height:1.2;letter-spacing:-0.015em;color:#0F2027;margin:52px 0 18px;}\n.va-ib-wrap h3{font-family:'Space Grotesk','Inter',sans-serif;font-weight:600;font-size:clamp(19px,2.3vw,23px);color:#0F2027;margin:30px 0 12px;letter-spacing:-0.01em;}\n.va-ib-wrap p{margin:0 0 18px;}\n.va-ib-lead{font-family:'Inter',sans-serif;font-size:20px;line-height:1.55;color:#2A3D47;font-weight:500;margin:8px 0 30px;letter-spacing:-0.005em;}\n.va-ib-brief{background:#EAF6F4;border-left:5px solid #0E8F84;border-radius:10px;padding:24px 28px;margin:30px 0;box-shadow:0 1px 2px rgba(16,24,40,.05),0 14px 30px -18px rgba(14,143,132,.45);}\n.va-ib-eyebrow{font-family:'JetBrains Mono',monospace;font-size:11.5px;font-weight:500;text-transform:uppercase;letter-spacing:2.5px;color:#0E8F84;margin-bottom:10px;}\n.va-ib-brief-a{font-family:'Space Grotesk',sans-serif;font-size:18.5px;line-height:1.5;color:#0F2027;font-weight:500;margin-bottom:14px;}\n.va-ib-brief ul{margin:0;padding:0;list-style:none;display:grid;gap:8px;}\n.va-ib-brief li{display:flex;gap:11px;align-items:flex-start;font-size:15.5px;line-height:1.5;color:#28404A;}\n.va-ib-brief li span{flex:0 0 auto;color:#0E8F84;font-weight:700;margin-top:1px;}\n.va-ib-grid{display:grid;grid-template-columns:repeat(auto-fit,minmax(248px,1fr));gap:20px;margin:28px 0;}\n.va-ib-card{background:#fff;border:1px solid #E1E8EB;border-top:3px solid #0E8F84;border-radius:10px;padding:22px 24px;transition:.25s ease;box-shadow:0 1px 2px rgba(16,24,40,.04);}\n.va-ib-card:hover{transform:translateY(-3px);box-shadow:0 1px 2px rgba(16,24,40,.05),0 16px 32px -18px rgba(16,24,40,.28);border-top-color:#0B6F66;}\n.va-ib-card-t{font-family:'Space Grotesk',sans-serif;font-weight:600;font-size:18px;color:#0F2027;margin-bottom:8px;}\n.va-ib-card-d{font-size:15px;line-height:1.55;color:#3A4D57;}\n.va-ib-warn{background:#FBF1EC;border:1px solid #F0D6C8;border-left:5px solid #C9633A;border-radius:10px;padding:22px 26px;margin:28px 0;}\n.va-ib-warn-h{font-family:'JetBrains Mono',monospace;font-size:11.5px;font-weight:500;text-transform:uppercase;letter-spacing:2.5px;color:#C9633A;margin-bottom:12px;}\n.va-ib-warn ul{margin:0;padding:0;list-style:none;display:grid;gap:9px;}\n.va-ib-warn li{display:flex;gap:11px;align-items:flex-start;font-size:15.5px;line-height:1.5;color:#3A2D27;}\n.va-ib-warn li span{flex:0 0 auto;color:#C9633A;font-weight:700;}\n.va-ib-quote{font-family:'Space Grotesk',sans-serif;font-size:clamp(21px,2.8vw,27px);line-height:1.35;font-weight:500;color:#0F2027;border-left:4px solid #0E8F84;padding:6px 0 6px 26px;margin:32px 0;letter-spacing:-0.01em;}\n.va-ib-quote cite{display:block;font-family:'Inter',sans-serif;font-size:14px;font-weight:600;font-style:normal;color:#0E8F84;margin-top:12px;letter-spacing:0.02em;}\n.va-ib-retenir{background:#0F2027;border-radius:12px;padding:28px 30px 30px;margin:44px 0;}\n.va-ib-retenir-h{font-family:'JetBrains Mono',monospace;font-size:11.5px;font-weight:500;text-transform:uppercase;letter-spacing:2.5px;color:#5BD0C4;margin-bottom:16px;}\n.va-ib-retenir ul{margin:0;padding:0;list-style:none;display:grid;gap:11px;}\n.va-ib-retenir li{display:flex;gap:13px;align-items:flex-start;font-size:16px;line-height:1.5;color:#E6EEF0;}\n.va-ib-retenir li span{flex:0 0 24px;width:24px;height:24px;background:#0E8F84;color:#fff;border-radius:50%;display:inline-flex;align-items:center;justify-content:center;font-family:'JetBrains Mono',monospace;font-size:12px;font-weight:500;}\n.va-ib-faq{margin:30px 0;}\n.va-ib-faq details{border:1px solid #E1E8EB;border-radius:10px;margin-bottom:12px;overflow:hidden;background:#fff;transition:.25s ease;}\n.va-ib-faq details:hover{box-shadow:0 12px 26px -18px rgba(16,24,40,.3);}\n.va-ib-faq summary{cursor:pointer;padding:18px 22px;font-family:'Space Grotesk',sans-serif;font-weight:600;font-size:17px;color:#0F2027;list-style:none;display:flex;justify-content:space-between;gap:16px;align-items:center;}\n.va-ib-faq summary::-webkit-details-marker{display:none;}\n.va-ib-faq summary::after{content:\"+\";color:#0E8F84;font-size:22px;font-weight:700;flex:0 0 auto;line-height:1;}\n.va-ib-faq details[open] summary::after{content:\"\u2013\";}\n.va-ib-faq-a{padding:0 22px 20px;font-size:15.5px;line-height:1.6;color:#3A4D57;}\n@media(max-width:640px){.va-ib-wrap{font-size:16px;}}\n\/*RENDERFIX2*\/.va-ib-retenir{color:#eef3f9!important}.va-ib-retenir p,.va-ib-retenir li,.va-ib-retenir strong,.va-ib-retenir em,.va-ib-retenir a,.va-ib-retenir span,.va-ib-retenir b,.va-ib-retenir td,.va-ib-retenir th,.va-ib-retenir h2,.va-ib-retenir h3,.va-ib-retenir h4{color:#eef3f9!important}.va-ib-retenir strong,.va-ib-retenir b{color:#ffffff!important}<\/style>\n<div class=\"va-ib-wrap\">\n<div class=\"va-ib-lead\">Voyager devrait \u00eatre un droit partag\u00e9, pas un parcours d&rsquo;obstacles. Pourtant, pour des millions de personnes en situation de handicap, prendre l&rsquo;avion reste une \u00e9preuve. Tour d&rsquo;horizon des avanc\u00e9es, des combats en cours et de ce qui pourrait enfin changer la donne pour des d\u00e9placements plus dignes.<\/div>\n<div class=\"va-ib-brief\">\n<div class=\"va-ib-eyebrow\">En bref<\/div>\n<div class=\"va-ib-brief-a\">L&rsquo;accessibilit\u00e9 du voyage a\u00e9rien pour les personnes handicap\u00e9es progresse lentement mais r\u00e9ellement&nbsp;: groupes de travail d\u00e9di\u00e9s, certifications et innovations comme le syst\u00e8me Air4All ouvrent la voie \u00e0 des d\u00e9placements plus \u00e9quitables, m\u00eame si de nombreux obstacles persistent au quotidien.<\/div>\n<ul>\n<li><span>&#9656;<\/span>\n<div>Le voyage a\u00e9rien reste sem\u00e9 d&#8217;emb\u00fbches&nbsp;: fauteuils endommag\u00e9s, assistance d\u00e9faillante, toilettes inaccessibles.<\/div>\n<\/li>\n<li><span>&#9656;<\/span>\n<div>Des initiatives publiques et associatives militent pour un traitement plus respectueux des passagers handicap\u00e9s.<\/div>\n<\/li>\n<li><span>&#9656;<\/span>\n<div>En 2025, le syst\u00e8me Air4All pourrait permettre de rester dans son fauteuil roulant pendant le vol.<\/div>\n<\/li>\n<li><span>&#9656;<\/span>\n<div>Des voyagistes sp\u00e9cialis\u00e9s rendent enfin les destinations adapt\u00e9es aux besoins de chacun.<\/div>\n<\/li>\n<\/ul>\n<\/div>\n<h2>Une r\u00e9alit\u00e9 difficile pour les voyageurs handicap\u00e9s<\/h2>\n<p>Le voyage a\u00e9rien est souvent un v\u00e9ritable casse-t\u00eate, surtout pour les passagers handicap\u00e9s. Alors que les voyageurs sans besoins particuliers peuvent profiter d&rsquo;un passage fluide \u00e0 l&rsquo;a\u00e9roport, ceux qui ont des handicaps rencontrent parfois des obstacles d\u00e8s leur arriv\u00e9e \u00e0 la porte d&#8217;embarquement. Les histoires de mauvais traitements, comme les fauteuils roulants endommag\u00e9s ou le manque d&rsquo;assistance, restent malheureusement trop fr\u00e9quentes.<\/p>\n<p>Sophie Morgan, d\u00e9fenseure des droits des personnes handicap\u00e9es, met des mots sur cette r\u00e9alit\u00e9. Elle se souvient d&rsquo;exp\u00e9riences d\u00e9sastreuses et affirme&nbsp;:<\/p>\n<div class=\"va-ib-quote\">\u00ab Chaque personne handicap\u00e9e que je connais a une histoire d&rsquo;horreur li\u00e9e au voyage \u00bb<cite>\u2014 Sophie Morgan, fondatrice de Rights on Flights<\/cite><\/div>\n<p>C&rsquo;est ce constat qui l&rsquo;a pouss\u00e9e \u00e0 fonder le groupe Rights on Flights, afin de militer en faveur d&rsquo;un traitement \u00e9quitable des personnes handicap\u00e9es dans les transports. Derri\u00e8re chaque t\u00e9moignage, une m\u00eame attente&nbsp;: pouvoir voyager sans craindre pour sa dignit\u00e9 ni pour son mat\u00e9riel de mobilit\u00e9.<\/p>\n<p><iframe loading=\"lazy\" title=\"Se relever assis : ma r\u00e9silience par le voyage | Landoys Jocelyn | TEDxRennes\" width=\"1200\" height=\"675\" src=\"https:\/\/www.youtube.com\/embed\/Vvq5qata6bY?feature=oembed\" frameborder=\"0\" allow=\"accelerometer; autoplay; clipboard-write; encrypted-media; gyroscope; picture-in-picture; web-share\" referrerpolicy=\"strict-origin-when-cross-origin\" allowfullscreen><\/iframe><\/p>\n<h2>Un changement n\u00e9cessaire dans l&rsquo;industrie du voyage<\/h2>\n<p>En 2023, le gouvernement britannique a cr\u00e9\u00e9 le groupe de travail sur l&rsquo;accessibilit\u00e9 a\u00e9rienne, dirig\u00e9 par la m\u00e9daill\u00e9e d&rsquo;or paralympique Tanni Grey-Thompson. Sa mission&nbsp;: am\u00e9liorer l&rsquo;exp\u00e9rience des passagers handicap\u00e9s, depuis la r\u00e9servation jusqu&rsquo;\u00e0 la r\u00e9cup\u00e9ration des bagages. Cela inclut l&rsquo;examen de probl\u00e8mes tels que l&rsquo;assistance insuffisante et la gestion des fauteuils roulants.<\/p>\n<p>Les retours d&rsquo;exp\u00e9rience des passagers handicap\u00e9s sont essentiels pour cette initiative. Des incidents r\u00e9cents, comme celui o\u00f9 un correspondant de la BBC a d\u00fb ramper vers les toilettes \u00e0 bord d&rsquo;un vol, illustrent des lacunes dramatiques dans le service. Le groupe de travail s&rsquo;efforce de r\u00e9pondre \u00e0 ces d\u00e9fis, mais le chemin reste sem\u00e9 d&#8217;emb\u00fbches.<\/p>\n<div class=\"va-ib-warn\">\n<div class=\"va-ib-warn-h\">Les obstacles qui persistent<\/div>\n<ul>\n<li><span>&#9888;<\/span>\n<div>Des fauteuils roulants endommag\u00e9s lors des voyages.<\/div>\n<\/li>\n<li><span>&#9888;<\/span>\n<div>Un manque d&rsquo;assistance lors de l&#8217;embarquement et du d\u00e9barquement.<\/div>\n<\/li>\n<li><span>&#9888;<\/span>\n<div>Des informations inad\u00e9quates sur les droits des passagers.<\/div>\n<\/li>\n<li><span>&#9888;<\/span>\n<div>Des toilettes inaccessibles \u00e0 bord des avions.<\/div>\n<\/li>\n<li><span>&#9888;<\/span>\n<div>Des politiques d&rsquo;aviation restrictives concernant les animaux d&rsquo;assistance.<\/div>\n<\/li>\n<\/ul>\n<\/div>\n<h2>Des progr\u00e8s timides mais encourageants<\/h2>\n<p>Bien que le changement soit lent, des signes d&rsquo;am\u00e9lioration apparaissent dans le secteur. Le rapport annuel de la Civil Aviation Authority a r\u00e9v\u00e9l\u00e9 qu&rsquo;aucun a\u00e9roport britannique n&rsquo;\u00e9tait class\u00e9 comme \u00ab pauvre \u00bb pour l&rsquo;accessibilit\u00e9, pour la premi\u00e8re fois depuis 2020. Cela indique que les efforts pour am\u00e9liorer les services aux passagers handicap\u00e9s commencent \u00e0 porter leurs fruits.<\/p>\n<p>Cependant, des t\u00e9moignages montrent que des d\u00e9fis persistent. De nombreux passagers handicap\u00e9s se heurtent encore \u00e0 des pratiques inappropri\u00e9es et \u00e0 un manque de formation du personnel. Par cons\u00e9quent, il est imp\u00e9ratif de continuer \u00e0 sensibiliser et \u00e0 former les \u00e9quipes pour garantir un traitement \u00e9quitable et respectueux.<\/p>\n<h3>Quand le secteur priv\u00e9 prend le relais<\/h3>\n<p>La lutte pour un acc\u00e8s \u00e9quitable aux voyages ne fait que commencer. Les initiatives, comme la cr\u00e9ation de certifications pour les \u00e9tablissements accueillants pour les personnes handicap\u00e9es, montrent qu&rsquo;il existe un r\u00e9el d\u00e9sir de changement. Des entreprises s&rsquo;engagent \u00e0 rendre les vacances plus accessibles, en proposant des destinations adapt\u00e9es aux besoins des voyageurs handicap\u00e9s.<\/p>\n<div class=\"va-ib-grid\">\n<div class=\"va-ib-card\">\n<div class=\"va-ib-card-t\">Inclu Travel<\/div>\n<div class=\"va-ib-card-d\">\u0152uvre pour rendre les vacances plus accessibles en proposant des destinations pens\u00e9es pour les besoins des voyageurs handicap\u00e9s.<\/div>\n<\/p><\/div>\n<div class=\"va-ib-card\">\n<div class=\"va-ib-card-t\">Limitless Travel<\/div>\n<div class=\"va-ib-card-d\">S&rsquo;engage \u00e0 ouvrir l&rsquo;horizon des voyageurs en situation de handicap gr\u00e2ce \u00e0 des s\u00e9jours adapt\u00e9s et un accompagnement d\u00e9di\u00e9.<\/div>\n<\/p><\/div>\n<div class=\"va-ib-card\">\n<div class=\"va-ib-card-t\">Air4All<\/div>\n<div class=\"va-ib-card-d\">Syst\u00e8me attendu en 2025&nbsp;: il permettrait aux passagers de rester dans leur propre fauteuil roulant pendant le vol, un pas en avant crucial pour l&rsquo;accessibilit\u00e9.<\/div>\n<\/p><\/div>\n<\/div>\n<p>L&rsquo;ann\u00e9e 2025 pourrait \u00eatre marqu\u00e9e par des avanc\u00e9es significatives, notamment avec le lancement du syst\u00e8me Air4All, qui permettra aux passagers de rester dans leur fauteuil roulant pendant le vol. Cela repr\u00e9sente un pas en avant crucial dans la lutte pour l&rsquo;accessibilit\u00e9 dans l&rsquo;aviation.<\/p>\n<p>Les voyageurs handicap\u00e9s m\u00e9ritent un traitement respectueux et \u00e9quitable de la part de l&rsquo;industrie du voyage. Les efforts pour am\u00e9liorer leur exp\u00e9rience sont essentiels, mais il reste encore beaucoup \u00e0 faire pour garantir que tous puissent voyager sans obstacles.<\/p>\n<div class=\"va-ib-retenir\">\n<div class=\"va-ib-retenir-h\">\u00c0 retenir<\/div>\n<ul>\n<li><span>1<\/span>\n<div>Le voyage a\u00e9rien reste un parcours d&rsquo;obstacles pour de nombreuses personnes handicap\u00e9es.<\/div>\n<\/li>\n<li><span>2<\/span>\n<div>Des groupes de travail et associations comme Rights on Flights font bouger les lignes.<\/div>\n<\/li>\n<li><span>3<\/span>\n<div>Pour la premi\u00e8re fois depuis 2020, aucun a\u00e9roport britannique n&rsquo;est class\u00e9 \u00ab pauvre \u00bb pour l&rsquo;accessibilit\u00e9.<\/div>\n<\/li>\n<li><span>4<\/span>\n<div>Le syst\u00e8me Air4All, attendu en 2025, pourrait changer concr\u00e8tement l&rsquo;exp\u00e9rience de vol.<\/div>\n<\/li>\n<li><span>5<\/span>\n<div>Sensibilisation et formation du personnel restent les leviers prioritaires.<\/div>\n<\/li>\n<\/ul>\n<\/div>\n<h2>Questions fr\u00e9quentes<\/h2>\n<div class=\"va-ib-faq\">\n<details>\n<summary>Quels sont les principaux obstacles rencontr\u00e9s par les voyageurs handicap\u00e9s en avion&nbsp;?<\/summary>\n<div class=\"va-ib-faq-a\">Les difficult\u00e9s les plus fr\u00e9quentes concernent les fauteuils roulants endommag\u00e9s, le manque d&rsquo;assistance \u00e0 l&#8217;embarquement et au d\u00e9barquement, des informations insuffisantes sur les droits des passagers, des toilettes inaccessibles \u00e0 bord, ainsi que des politiques restrictives sur les animaux d&rsquo;assistance.<\/div>\n<\/details>\n<details>\n<summary>Qu&rsquo;est-ce que le groupe de travail sur l&rsquo;accessibilit\u00e9 a\u00e9rienne&nbsp;?<\/summary>\n<div class=\"va-ib-faq-a\">Cr\u00e9\u00e9 en 2023 par le gouvernement britannique et dirig\u00e9 par la m\u00e9daill\u00e9e d&rsquo;or paralympique Tanni Grey-Thompson, ce groupe a pour mission d&rsquo;am\u00e9liorer l&rsquo;exp\u00e9rience des passagers handicap\u00e9s, de la r\u00e9servation jusqu&rsquo;\u00e0 la r\u00e9cup\u00e9ration des bagages, en s&rsquo;attaquant notamment \u00e0 l&rsquo;assistance insuffisante et \u00e0 la gestion des fauteuils roulants.<\/div>\n<\/details>\n<details>\n<summary>Qu&rsquo;est-ce que le syst\u00e8me Air4All&nbsp;?<\/summary>\n<div class=\"va-ib-faq-a\">Air4All est un dispositif dont le lancement est attendu en 2025. Il vise \u00e0 permettre aux passagers de rester dans leur propre fauteuil roulant pendant toute la dur\u00e9e du vol, ce qui constituerait une avanc\u00e9e majeure pour l&rsquo;accessibilit\u00e9 dans l&rsquo;aviation.<\/div>\n<\/details>\n<details>\n<summary>L&rsquo;accessibilit\u00e9 des a\u00e9roports s&rsquo;am\u00e9liore-t-elle r\u00e9ellement&nbsp;?<\/summary>\n<div class=\"va-ib-faq-a\">Oui, mais lentement. Le rapport annuel de la Civil Aviation Authority a r\u00e9v\u00e9l\u00e9 qu&rsquo;aucun a\u00e9roport britannique n&rsquo;\u00e9tait class\u00e9 comme \u00ab pauvre \u00bb pour l&rsquo;accessibilit\u00e9, pour la premi\u00e8re fois depuis 2020. Des d\u00e9fis subsistent toutefois, li\u00e9s notamment au manque de formation du personnel.<\/div>\n<\/details>\n<details>\n<summary>Existe-t-il des voyagistes sp\u00e9cialis\u00e9s dans les s\u00e9jours accessibles&nbsp;?<\/summary>\n<div class=\"va-ib-faq-a\">Oui. Des entreprises comme Inclu Travel et Limitless Travel \u0153uvrent pour rendre les vacances plus accessibles, en proposant des destinations et des accompagnements adapt\u00e9s aux besoins des voyageurs en situation de handicap.<\/div>\n<\/details>\n<\/div>\n<\/div>\n","protected":false},"excerpt":{"rendered":"","protected":false},"author":34,"featured_media":14062,"comment_status":"open","ping_status":"open","sticky":false,"template":"","format":"standard","meta":{"_acf_changed":false,"manual_indexmenow":false,"indexmenow_id_project":0,"footnotes":""},"categories":[1],"tags":[4829,4646,3878,5688,5755],"class_list":["post-13898","post","type-post","status-publish","format-standard","has-post-thumbnail","hentry","category-a-la-une","tag-accessibilite","tag-assistance","tag-protection","tag-relations-internationales","tag-voyage-en-solo","generate-columns","tablet-grid-50","mobile-grid-100","grid-parent","grid-25"],"acf":[],"yoast_head":"<!-- This site is optimized with the Yoast SEO Premium plugin v21.3 (Yoast SEO v25.1) - https:\/\/yoast.com\/wordpress\/plugins\/seo\/ -->\n<title>Voyager sans obstacles : l&#039;avenir des voyages pour les<\/title>\n<meta name=\"description\" content=\"Voyager devrait \u00eatre un droit partag\u00e9, pas un parcours d&#039;obstacles. Pourtant, pour des millions de personnes en situation de handicap, prendre l&#039;avion\" \/>\n<meta name=\"robots\" content=\"index, follow, max-snippet:-1, max-image-preview:large, max-video-preview:-1\" \/>\n<link rel=\"canonical\" href=\"https:\/\/voyage-aventure.com\/blog\/a-la-une\/voyager-sans-obstacles-lavenir-des-voyages-pour-les-personnes-handicapees\/\" \/>\n<meta property=\"og:locale\" content=\"fr_FR\" \/>\n<meta property=\"og:type\" content=\"article\" \/>\n<meta property=\"og:title\" content=\"Voyager sans obstacles : l&#039;avenir des voyages pour les\" \/>\n<meta property=\"og:description\" content=\"Voyager devrait \u00eatre un droit partag\u00e9, pas un parcours d&#039;obstacles. Pourtant, pour des millions de personnes en situation de handicap, prendre l&#039;avion\" \/>\n<meta property=\"og:url\" content=\"https:\/\/voyage-aventure.com\/blog\/a-la-une\/voyager-sans-obstacles-lavenir-des-voyages-pour-les-personnes-handicapees\/\" \/>\n<meta property=\"og:site_name\" content=\"voyage-aventure\" \/>\n<meta property=\"og:image\" content=\"https:\/\/voyage-aventure.com\/blog\/wp-content\/uploads\/2025\/02\/sdxl-14d684db1b91338e86ae1377658c21b9.png\" \/>\n\t<meta property=\"og:image:width\" content=\"1200\" \/>\n\t<meta property=\"og:image:height\" content=\"500\" \/>\n\t<meta property=\"og:image:type\" content=\"image\/png\" \/>\n<meta name=\"author\" content=\"Camille Rouvray\" \/>\n<meta name=\"twitter:card\" content=\"summary_large_image\" \/>\n<script type=\"application\/ld+json\" class=\"yoast-schema-graph\">{\"@context\":\"https:\/\/schema.org\",\"@graph\":[{\"@type\":\"NewsArticle\",\"@id\":\"https:\/\/voyage-aventure.com\/blog\/a-la-une\/voyager-sans-obstacles-lavenir-des-voyages-pour-les-personnes-handicapees\/#article\",\"isPartOf\":{\"@id\":\"https:\/\/voyage-aventure.com\/blog\/a-la-une\/voyager-sans-obstacles-lavenir-des-voyages-pour-les-personnes-handicapees\/\"},\"author\":{\"name\":\"Camille Rouvray\",\"@id\":\"https:\/\/voyage-aventure.com\/blog\/#\/schema\/person\/3c864cdc320801e3db34b663e7e3f816\"},\"headline\":\"Voyager sans obstacles : l&rsquo;avenir des voyages pour les personnes handicap\u00e9es\",\"datePublished\":\"2026-06-16T15:01:29+00:00\",\"mainEntityOfPage\":{\"@id\":\"https:\/\/voyage-aventure.com\/blog\/a-la-une\/voyager-sans-obstacles-lavenir-des-voyages-pour-les-personnes-handicapees\/\"},\"wordCount\":1281,\"commentCount\":19,\"publisher\":{\"@id\":\"https:\/\/voyage-aventure.com\/blog\/#organization\"},\"image\":{\"@id\":\"https:\/\/voyage-aventure.com\/blog\/a-la-une\/voyager-sans-obstacles-lavenir-des-voyages-pour-les-personnes-handicapees\/#primaryimage\"},\"thumbnailUrl\":\"https:\/\/voyage-aventure.com\/blog\/wp-content\/uploads\/2025\/02\/sdxl-14d684db1b91338e86ae1377658c21b9.png\",\"keywords\":[\"Accessibilit\u00e9\",\"Assistance\",\"Protection\",\"Relations Internationales\",\"Voyage en solo\"],\"articleSection\":[\"\u00c0 la une\"],\"inLanguage\":\"fr-FR\",\"potentialAction\":[{\"@type\":\"CommentAction\",\"name\":\"Comment\",\"target\":[\"https:\/\/voyage-aventure.com\/blog\/a-la-une\/voyager-sans-obstacles-lavenir-des-voyages-pour-les-personnes-handicapees\/#respond\"]}]},{\"@type\":\"WebPage\",\"@id\":\"https:\/\/voyage-aventure.com\/blog\/a-la-une\/voyager-sans-obstacles-lavenir-des-voyages-pour-les-personnes-handicapees\/\",\"url\":\"https:\/\/voyage-aventure.com\/blog\/a-la-une\/voyager-sans-obstacles-lavenir-des-voyages-pour-les-personnes-handicapees\/\",\"name\":\"Voyager sans obstacles : l'avenir des voyages pour les\",\"isPartOf\":{\"@id\":\"https:\/\/voyage-aventure.com\/blog\/#website\"},\"primaryImageOfPage\":{\"@id\":\"https:\/\/voyage-aventure.com\/blog\/a-la-une\/voyager-sans-obstacles-lavenir-des-voyages-pour-les-personnes-handicapees\/#primaryimage\"},\"image\":{\"@id\":\"https:\/\/voyage-aventure.com\/blog\/a-la-une\/voyager-sans-obstacles-lavenir-des-voyages-pour-les-personnes-handicapees\/#primaryimage\"},\"thumbnailUrl\":\"https:\/\/voyage-aventure.com\/blog\/wp-content\/uploads\/2025\/02\/sdxl-14d684db1b91338e86ae1377658c21b9.png\",\"datePublished\":\"2026-06-16T15:01:29+00:00\",\"description\":\"Voyager devrait \u00eatre un droit partag\u00e9, pas un parcours d'obstacles. Pourtant, pour des millions de personnes en situation de handicap, prendre l'avion\",\"inLanguage\":\"fr-FR\",\"potentialAction\":[{\"@type\":\"ReadAction\",\"target\":[\"https:\/\/voyage-aventure.com\/blog\/a-la-une\/voyager-sans-obstacles-lavenir-des-voyages-pour-les-personnes-handicapees\/\"]}]},{\"@type\":\"ImageObject\",\"inLanguage\":\"fr-FR\",\"@id\":\"https:\/\/voyage-aventure.com\/blog\/a-la-une\/voyager-sans-obstacles-lavenir-des-voyages-pour-les-personnes-handicapees\/#primaryimage\",\"url\":\"https:\/\/voyage-aventure.com\/blog\/wp-content\/uploads\/2025\/02\/sdxl-14d684db1b91338e86ae1377658c21b9.png\",\"contentUrl\":\"https:\/\/voyage-aventure.com\/blog\/wp-content\/uploads\/2025\/02\/sdxl-14d684db1b91338e86ae1377658c21b9.png\",\"width\":1536,\"height\":640},{\"@type\":\"WebSite\",\"@id\":\"https:\/\/voyage-aventure.com\/blog\/#website\",\"url\":\"https:\/\/voyage-aventure.com\/blog\/\",\"name\":\"voyage-aventure.com\",\"description\":\"Votre passeport pour l\u2019inattendu.\",\"publisher\":{\"@id\":\"https:\/\/voyage-aventure.com\/blog\/#organization\"},\"alternateName\":\"Votre passeport pour l\u2019inattendu.\",\"potentialAction\":[{\"@type\":\"SearchAction\",\"target\":{\"@type\":\"EntryPoint\",\"urlTemplate\":\"https:\/\/voyage-aventure.com\/blog\/?s={search_term_string}\"},\"query-input\":{\"@type\":\"PropertyValueSpecification\",\"valueRequired\":true,\"valueName\":\"search_term_string\"}}],\"inLanguage\":\"fr-FR\"},{\"@type\":\"Organization\",\"@id\":\"https:\/\/voyage-aventure.com\/blog\/#organization\",\"name\":\"Foretsensations.fr\",\"url\":\"https:\/\/voyage-aventure.com\/blog\/\",\"logo\":{\"@type\":\"ImageObject\",\"inLanguage\":\"fr-FR\",\"@id\":\"https:\/\/voyage-aventure.com\/blog\/#\/schema\/logo\/image\/\",\"url\":\"https:\/\/voyage-aventure.com\/blog\/wp-content\/uploads\/2024\/12\/19.png\",\"contentUrl\":\"https:\/\/voyage-aventure.com\/blog\/wp-content\/uploads\/2024\/12\/19.png\",\"width\":512,\"height\":512,\"caption\":\"Foretsensations.fr\"},\"image\":{\"@id\":\"https:\/\/voyage-aventure.com\/blog\/#\/schema\/logo\/image\/\"}},{\"@type\":\"Person\",\"@id\":\"https:\/\/voyage-aventure.com\/blog\/#\/schema\/person\/3c864cdc320801e3db34b663e7e3f816\",\"name\":\"Camille Rouvray\",\"image\":{\"@type\":\"ImageObject\",\"inLanguage\":\"fr-FR\",\"@id\":\"https:\/\/voyage-aventure.com\/blog\/#\/schema\/person\/image\/\",\"url\":\"https:\/\/voyage-aventure.com\/blog\/wp-content\/uploads\/2026\/06\/persona_camille-r-96x96.jpg\",\"contentUrl\":\"https:\/\/voyage-aventure.com\/blog\/wp-content\/uploads\/2026\/06\/persona_camille-r-96x96.jpg\",\"caption\":\"Camille Rouvray\"},\"description\":\"Je voyage et j'\u00e9cris sur le voyage depuis une douzaine d'ann\u00e9es, d'abord en tant que routarde au long cours, puis comme r\u00e9dactrice sp\u00e9cialis\u00e9e. Mon terrain de pr\u00e9dilection, ce sont les circuits organis\u00e9s et l'art de bien pr\u00e9parer un itin\u00e9raire : choix de la saison, dur\u00e9e r\u00e9aliste des \u00e9tapes, budget jour par jour, logement et transport sur place. J'aime aussi raconter les p\u00e9pites urbaines, ces adresses qu'on ne trouve pas dans les guides classiques. Avant de publier un dossier destination, je croise toujours plusieurs sources, je v\u00e9rifie les tarifs et les formalit\u00e9s d'entr\u00e9e \u00e0 jour, et je teste moi-m\u00eame quand je le peux. Mon angle reste pratique avant tout : aider le lecteur \u00e0 partir l'esprit tranquille, sans mauvaise surprise une fois sur place. Je m'attache \u00e0 distinguer le coup de c\u0153ur sinc\u00e8re du simple argument marketing.\",\"sameAs\":[\"https:\/\/camillerouvray.fr\/\"],\"url\":\"https:\/\/voyage-aventure.com\/blog\/auteur\/noname\/\"}]}<\/script>\n<!-- \/ Yoast SEO Premium plugin. -->","yoast_head_json":{"title":"Voyager sans obstacles : l'avenir des voyages pour les","description":"Voyager devrait \u00eatre un droit partag\u00e9, pas un parcours d'obstacles. Pourtant, pour des millions de personnes en situation de handicap, prendre l'avion","robots":{"index":"index","follow":"follow","max-snippet":"max-snippet:-1","max-image-preview":"max-image-preview:large","max-video-preview":"max-video-preview:-1"},"canonical":"https:\/\/voyage-aventure.com\/blog\/a-la-une\/voyager-sans-obstacles-lavenir-des-voyages-pour-les-personnes-handicapees\/","og_locale":"fr_FR","og_type":"article","og_title":"Voyager sans obstacles : l'avenir des voyages pour les","og_description":"Voyager devrait \u00eatre un droit partag\u00e9, pas un parcours d'obstacles. Pourtant, pour des millions de personnes en situation de handicap, prendre l'avion","og_url":"https:\/\/voyage-aventure.com\/blog\/a-la-une\/voyager-sans-obstacles-lavenir-des-voyages-pour-les-personnes-handicapees\/","og_site_name":"voyage-aventure","og_image":[{"url":"https:\/\/voyage-aventure.com\/blog\/wp-content\/uploads\/2025\/02\/sdxl-14d684db1b91338e86ae1377658c21b9.png","width":1200,"height":500,"type":"image\/png"}],"author":"Camille Rouvray","twitter_card":"summary_large_image","schema":{"@context":"https:\/\/schema.org","@graph":[{"@type":"NewsArticle","@id":"https:\/\/voyage-aventure.com\/blog\/a-la-une\/voyager-sans-obstacles-lavenir-des-voyages-pour-les-personnes-handicapees\/#article","isPartOf":{"@id":"https:\/\/voyage-aventure.com\/blog\/a-la-une\/voyager-sans-obstacles-lavenir-des-voyages-pour-les-personnes-handicapees\/"},"author":{"name":"Camille Rouvray","@id":"https:\/\/voyage-aventure.com\/blog\/#\/schema\/person\/3c864cdc320801e3db34b663e7e3f816"},"headline":"Voyager sans obstacles : l&rsquo;avenir des voyages pour les personnes handicap\u00e9es","datePublished":"2026-06-16T15:01:29+00:00","mainEntityOfPage":{"@id":"https:\/\/voyage-aventure.com\/blog\/a-la-une\/voyager-sans-obstacles-lavenir-des-voyages-pour-les-personnes-handicapees\/"},"wordCount":1281,"commentCount":19,"publisher":{"@id":"https:\/\/voyage-aventure.com\/blog\/#organization"},"image":{"@id":"https:\/\/voyage-aventure.com\/blog\/a-la-une\/voyager-sans-obstacles-lavenir-des-voyages-pour-les-personnes-handicapees\/#primaryimage"},"thumbnailUrl":"https:\/\/voyage-aventure.com\/blog\/wp-content\/uploads\/2025\/02\/sdxl-14d684db1b91338e86ae1377658c21b9.png","keywords":["Accessibilit\u00e9","Assistance","Protection","Relations Internationales","Voyage en solo"],"articleSection":["\u00c0 la une"],"inLanguage":"fr-FR","potentialAction":[{"@type":"CommentAction","name":"Comment","target":["https:\/\/voyage-aventure.com\/blog\/a-la-une\/voyager-sans-obstacles-lavenir-des-voyages-pour-les-personnes-handicapees\/#respond"]}]},{"@type":"WebPage","@id":"https:\/\/voyage-aventure.com\/blog\/a-la-une\/voyager-sans-obstacles-lavenir-des-voyages-pour-les-personnes-handicapees\/","url":"https:\/\/voyage-aventure.com\/blog\/a-la-une\/voyager-sans-obstacles-lavenir-des-voyages-pour-les-personnes-handicapees\/","name":"Voyager sans obstacles : l'avenir des voyages pour les","isPartOf":{"@id":"https:\/\/voyage-aventure.com\/blog\/#website"},"primaryImageOfPage":{"@id":"https:\/\/voyage-aventure.com\/blog\/a-la-une\/voyager-sans-obstacles-lavenir-des-voyages-pour-les-personnes-handicapees\/#primaryimage"},"image":{"@id":"https:\/\/voyage-aventure.com\/blog\/a-la-une\/voyager-sans-obstacles-lavenir-des-voyages-pour-les-personnes-handicapees\/#primaryimage"},"thumbnailUrl":"https:\/\/voyage-aventure.com\/blog\/wp-content\/uploads\/2025\/02\/sdxl-14d684db1b91338e86ae1377658c21b9.png","datePublished":"2026-06-16T15:01:29+00:00","description":"Voyager devrait \u00eatre un droit partag\u00e9, pas un parcours d'obstacles. Pourtant, pour des millions de personnes en situation de handicap, prendre l'avion","inLanguage":"fr-FR","potentialAction":[{"@type":"ReadAction","target":["https:\/\/voyage-aventure.com\/blog\/a-la-une\/voyager-sans-obstacles-lavenir-des-voyages-pour-les-personnes-handicapees\/"]}]},{"@type":"ImageObject","inLanguage":"fr-FR","@id":"https:\/\/voyage-aventure.com\/blog\/a-la-une\/voyager-sans-obstacles-lavenir-des-voyages-pour-les-personnes-handicapees\/#primaryimage","url":"https:\/\/voyage-aventure.com\/blog\/wp-content\/uploads\/2025\/02\/sdxl-14d684db1b91338e86ae1377658c21b9.png","contentUrl":"https:\/\/voyage-aventure.com\/blog\/wp-content\/uploads\/2025\/02\/sdxl-14d684db1b91338e86ae1377658c21b9.png","width":1536,"height":640},{"@type":"WebSite","@id":"https:\/\/voyage-aventure.com\/blog\/#website","url":"https:\/\/voyage-aventure.com\/blog\/","name":"voyage-aventure.com","description":"Votre passeport pour l\u2019inattendu.","publisher":{"@id":"https:\/\/voyage-aventure.com\/blog\/#organization"},"alternateName":"Votre passeport pour l\u2019inattendu.","potentialAction":[{"@type":"SearchAction","target":{"@type":"EntryPoint","urlTemplate":"https:\/\/voyage-aventure.com\/blog\/?s={search_term_string}"},"query-input":{"@type":"PropertyValueSpecification","valueRequired":true,"valueName":"search_term_string"}}],"inLanguage":"fr-FR"},{"@type":"Organization","@id":"https:\/\/voyage-aventure.com\/blog\/#organization","name":"Foretsensations.fr","url":"https:\/\/voyage-aventure.com\/blog\/","logo":{"@type":"ImageObject","inLanguage":"fr-FR","@id":"https:\/\/voyage-aventure.com\/blog\/#\/schema\/logo\/image\/","url":"https:\/\/voyage-aventure.com\/blog\/wp-content\/uploads\/2024\/12\/19.png","contentUrl":"https:\/\/voyage-aventure.com\/blog\/wp-content\/uploads\/2024\/12\/19.png","width":512,"height":512,"caption":"Foretsensations.fr"},"image":{"@id":"https:\/\/voyage-aventure.com\/blog\/#\/schema\/logo\/image\/"}},{"@type":"Person","@id":"https:\/\/voyage-aventure.com\/blog\/#\/schema\/person\/3c864cdc320801e3db34b663e7e3f816","name":"Camille Rouvray","image":{"@type":"ImageObject","inLanguage":"fr-FR","@id":"https:\/\/voyage-aventure.com\/blog\/#\/schema\/person\/image\/","url":"https:\/\/voyage-aventure.com\/blog\/wp-content\/uploads\/2026\/06\/persona_camille-r-96x96.jpg","contentUrl":"https:\/\/voyage-aventure.com\/blog\/wp-content\/uploads\/2026\/06\/persona_camille-r-96x96.jpg","caption":"Camille Rouvray"},"description":"Je voyage et j'\u00e9cris sur le voyage depuis une douzaine d'ann\u00e9es, d'abord en tant que routarde au long cours, puis comme r\u00e9dactrice sp\u00e9cialis\u00e9e. Mon terrain de pr\u00e9dilection, ce sont les circuits organis\u00e9s et l'art de bien pr\u00e9parer un itin\u00e9raire : choix de la saison, dur\u00e9e r\u00e9aliste des \u00e9tapes, budget jour par jour, logement et transport sur place. J'aime aussi raconter les p\u00e9pites urbaines, ces adresses qu'on ne trouve pas dans les guides classiques. Avant de publier un dossier destination, je croise toujours plusieurs sources, je v\u00e9rifie les tarifs et les formalit\u00e9s d'entr\u00e9e \u00e0 jour, et je teste moi-m\u00eame quand je le peux. Mon angle reste pratique avant tout : aider le lecteur \u00e0 partir l'esprit tranquille, sans mauvaise surprise une fois sur place. Je m'attache \u00e0 distinguer le coup de c\u0153ur sinc\u00e8re du simple argument marketing.","sameAs":["https:\/\/camillerouvray.fr\/"],"url":"https:\/\/voyage-aventure.com\/blog\/auteur\/noname\/"}]}},"_links":{"self":[{"href":"https:\/\/voyage-aventure.com\/blog\/wp-json\/wp\/v2\/posts\/13898","targetHints":{"allow":["GET"]}}],"collection":[{"href":"https:\/\/voyage-aventure.com\/blog\/wp-json\/wp\/v2\/posts"}],"about":[{"href":"https:\/\/voyage-aventure.com\/blog\/wp-json\/wp\/v2\/types\/post"}],"author":[{"embeddable":true,"href":"https:\/\/voyage-aventure.com\/blog\/wp-json\/wp\/v2\/users\/34"}],"replies":[{"embeddable":true,"href":"https:\/\/voyage-aventure.com\/blog\/wp-json\/wp\/v2\/comments?post=13898"}],"version-history":[{"count":3,"href":"https:\/\/voyage-aventure.com\/blog\/wp-json\/wp\/v2\/posts\/13898\/revisions"}],"predecessor-version":[{"id":22731,"href":"https:\/\/voyage-aventure.com\/blog\/wp-json\/wp\/v2\/posts\/13898\/revisions\/22731"}],"wp:featuredmedia":[{"embeddable":true,"href":"https:\/\/voyage-aventure.com\/blog\/wp-json\/wp\/v2\/media\/14062"}],"wp:attachment":[{"href":"https:\/\/voyage-aventure.com\/blog\/wp-json\/wp\/v2\/media?parent=13898"}],"wp:term":[{"taxonomy":"category","embeddable":true,"href":"https:\/\/voyage-aventure.com\/blog\/wp-json\/wp\/v2\/categories?post=13898"},{"taxonomy":"post_tag","embeddable":true,"href":"https:\/\/voyage-aventure.com\/blog\/wp-json\/wp\/v2\/tags?post=13898"}],"curies":[{"name":"wp","href":"https:\/\/api.w.org\/{rel}","templated":true}]}}