{"id":13892,"date":"2026-06-03T03:47:12","date_gmt":"2026-06-03T01:47:12","guid":{"rendered":"https:\/\/voyage-aventure.com\/blog\/?p=13892"},"modified":"2026-06-03T03:47:12","modified_gmt":"2026-06-03T01:47:12","slug":"les-freres-tate-quittent-la-roumanie-pour-les-etats-unis-apres-la-levee-de-linterdiction-de-voyage","status":"publish","type":"post","link":"https:\/\/voyage-aventure.com\/blog\/a-la-une\/les-freres-tate-quittent-la-roumanie-pour-les-etats-unis-apres-la-levee-de-linterdiction-de-voyage\/","title":{"rendered":"Les fr\u00e8res Tate quittent la Roumanie pour les \u00c9tats-Unis apr\u00e8s la lev\u00e9e de l&rsquo;interdiction de voyage"},"content":{"rendered":"<link rel=\"stylesheet\" href=\"https:\/\/fonts.googleapis.com\/css2?family=Newsreader:ital,opsz,wght@0,6..72,500..700;1,6..72,500..600&#038;family=Inter:wght@400;500;600&#038;family=JetBrains+Mono:wght@500&#038;display=swap\">\n<style>\n.va-tate-wrap{font-family:'Inter',-apple-system,sans-serif;color:#1A202C;line-height:1.65;font-size:17px;max-width:780px}\n.va-tate-wrap h2{font-family:'Newsreader',Georgia,serif;font-weight:700;font-size:clamp(24px,3.2vw,33px);line-height:1.2;letter-spacing:-.01em;color:#1A202C;margin:48px 0 16px}\n.va-tate-wrap p{margin:0 0 18px}\n.va-tate-kicker{font-family:'JetBrains Mono',monospace;font-weight:500;font-size:12px;letter-spacing:.14em;text-transform:uppercase;color:#4A5568;margin:0 0 10px}\n.va-tate-lead{font-family:'Newsreader',Georgia,serif;font-size:21px;line-height:1.5;color:#2D3748;font-weight:500;margin:0 0 28px;padding-left:18px;border-left:4px solid #4A5568}\n.va-tate-brief{background:#F7FAFC;border:1px solid #E2E8F0;border-left:5px solid #4A5568;border-radius:8px;padding:24px 26px;margin:0 0 36px;box-shadow:0 1px 2px rgba(16,24,40,.05),0 12px 28px -16px rgba(16,24,40,.18)}\n.va-tate-brief-h{font-family:'JetBrains Mono',monospace;font-weight:500;font-size:12px;letter-spacing:.14em;text-transform:uppercase;color:#4A5568;margin:0 0 16px}\n.va-tate-row{display:grid;grid-template-columns:120px 1fr;gap:8px 16px;padding:12px 0;border-top:1px solid #E2E8F0}\n.va-tate-row:first-of-type{border-top:none;padding-top:0}\n.va-tate-k{font-family:'JetBrains Mono',monospace;font-size:12px;font-weight:500;letter-spacing:.04em;text-transform:uppercase;color:#4A5568;align-self:start}\n.va-tate-v{font-size:16px;color:#2D3748;line-height:1.55}\n.va-tate-quote{font-family:'Newsreader',Georgia,serif;font-style:italic;font-size:22px;line-height:1.45;color:#2D3748;margin:28px 0;padding:6px 0 6px 26px;border-left:4px solid #4A5568}\n.va-tate-quote cite{display:block;font-family:'JetBrains Mono',monospace;font-style:normal;font-size:12px;letter-spacing:.08em;text-transform:uppercase;color:#4A5568;margin-top:14px}\n.va-tate-list{margin:0 0 18px;padding:0 0 0 4px;list-style:none}\n.va-tate-list li{position:relative;padding:6px 0 6px 26px;border-bottom:1px solid #EDF2F7;font-size:16px;color:#2D3748}\n.va-tate-list li:last-child{border-bottom:none}\n.va-tate-list li::before{content:\"\u203a\";position:absolute;left:4px;top:6px;color:#4A5568;font-weight:700}\n.va-tate-retenir{background:#FFFFFF;border:1px solid #E2E8F0;border-radius:8px;padding:24px 26px;margin:40px 0;transition:.25s ease;box-shadow:0 1px 2px rgba(16,24,40,.05),0 12px 28px -16px rgba(16,24,40,.18)}\n.va-tate-retenir:hover{transform:translateY(-3px);box-shadow:0 1px 2px rgba(16,24,40,.06),0 18px 36px -16px rgba(16,24,40,.24)}\n.va-tate-retenir-h{font-family:'JetBrains Mono',monospace;font-weight:500;font-size:12px;letter-spacing:.14em;text-transform:uppercase;color:#4A5568;margin:0 0 16px}\n.va-tate-retenir ul{margin:0;padding:0;list-style:none}\n.va-tate-retenir li{position:relative;padding:8px 0 8px 24px;border-top:1px solid #EDF2F7;font-size:16px;color:#2D3748;line-height:1.55}\n.va-tate-retenir li:first-child{border-top:none}\n.va-tate-retenir li::before{content:\"\u2014\";position:absolute;left:0;top:8px;color:#4A5568;font-weight:600}\n.va-tate-note{font-size:14px;color:#718096;font-style:italic;border-top:1px solid #E2E8F0;padding-top:18px;margin:36px 0 0}\n.va-tate-wrap details{border:1px solid #E2E8F0;border-radius:8px;margin:0 0 12px;overflow:hidden;transition:.25s ease}\n.va-tate-wrap details[open]{box-shadow:0 8px 24px -16px rgba(16,24,40,.22)}\n.va-tate-wrap summary{cursor:pointer;list-style:none;padding:16px 20px;font-family:'Newsreader',Georgia,serif;font-weight:600;font-size:18px;color:#1A202C;display:flex;justify-content:space-between;align-items:center;gap:12px}\n.va-tate-wrap summary::-webkit-details-marker{display:none}\n.va-tate-wrap summary::after{content:\"+\";font-family:'JetBrains Mono',monospace;color:#4A5568;font-size:20px;flex:none}\n.va-tate-wrap details[open] summary::after{content:\"\u2013\"}\n.va-tate-faq-body{padding:0 20px 18px;font-size:16px;color:#2D3748;line-height:1.6}\n@media(max-width:600px){.va-tate-row{grid-template-columns:1fr;gap:2px}}\n<\/style>\n<div class=\"va-tate-wrap\">\n<div class=\"va-tate-kicker\">Actualit\u00e9 \u00b7 F\u00e9vrier 2025<\/div>\n<p class=\"va-tate-lead\">En f\u00e9vrier 2025, Andrew et Tristan Tate ont quitt\u00e9 la Roumanie pour les \u00c9tats-Unis apr\u00e8s la lev\u00e9e de l&rsquo;interdiction de voyage qui les visait. Un d\u00e9part scrut\u00e9, alors que les proc\u00e9dures judiciaires les concernant restaient en cours.<\/p>\n<div class=\"va-tate-brief\">\n<div class=\"va-tate-brief-h\">L&rsquo;essentiel<\/div>\n<div class=\"va-tate-row\">\n<div class=\"va-tate-k\">Quoi<\/div>\n<div class=\"va-tate-v\">D\u00e9part des fr\u00e8res Tate de Roumanie vers les \u00c9tats-Unis, apr\u00e8s la lev\u00e9e d&rsquo;une interdiction de voyage qui les visait depuis plusieurs mois.<\/div>\n<\/div>\n<div class=\"va-tate-row\">\n<div class=\"va-tate-k\">Qui \u00b7 Quand<\/div>\n<div class=\"va-tate-v\">Andrew et Tristan Tate, en f\u00e9vrier 2025.<\/div>\n<\/div>\n<div class=\"va-tate-row\">\n<div class=\"va-tate-k\">Contexte<\/div>\n<div class=\"va-tate-v\">Selon l&rsquo;article, les affaires judiciaires les concernant ne sont pas r\u00e9gl\u00e9es et des accusations resteraient en suspens \u00e0 cette date.<\/div>\n<\/div>\n<\/div>\n<\/div>\n<h2>Un d\u00e9part controvers\u00e9 de Roumanie<\/h2>\n<p>Cette d\u00e9cision fait suite \u00e0 la lev\u00e9e d&rsquo;une interdiction de voyage qui les touchait depuis plusieurs mois. Leur d\u00e9part a suscit\u00e9 de nombreux d\u00e9bats, notamment sur les raisons qui ont conduit \u00e0 cette situation.<\/p>\n<p>Les fr\u00e8res Tate sont connus pour leur pr\u00e9sence m\u00e9diatique et leur image controvers\u00e9e. Leur retour aux \u00c9tats-Unis pourrait marquer un tournant, mais il soul\u00e8ve aussi des questions sur les accusations qui, selon l&rsquo;article, p\u00e8sent encore sur eux. \u00c0 cette date, les affaires judiciaires qui les concernent n&rsquo;\u00e9taient pas r\u00e9gl\u00e9es.<\/p>\n<h2>Les r\u00e9actions autour de leur d\u00e9part<\/h2>\n<p>La nouvelle de leur d\u00e9part a provoqu\u00e9 des r\u00e9actions mitig\u00e9es parmi le public et les m\u00e9dias. Certains y voient une opportunit\u00e9 pour les fr\u00e8res de reprendre le contr\u00f4le de leur carri\u00e8re. D&rsquo;autres s&rsquo;interrogent sur les implications de leur retour dans un pays o\u00f9 leur pr\u00e9sence a d\u00e9j\u00e0 fait d\u00e9bat.<\/p>\n<blockquote class=\"va-tate-quote\"><p>Le retour des fr\u00e8res Tate aux \u00c9tats-Unis pourrait raviver des discussions sur la moralit\u00e9 des personnalit\u00e9s publiques et leurs responsabilit\u00e9s.<cite>Analyste cit\u00e9 dans l&rsquo;article<\/cite><\/p><\/blockquote>\n<p>Cette citation souligne les pr\u00e9occupations exprim\u00e9es quant \u00e0 l&rsquo;influence des figures publiques et \u00e0 la place qui leur est accord\u00e9e dans le d\u00e9bat collectif.<\/p>\n<p><iframe loading=\"lazy\" title=\"G\u00e9opolitique dans les Balkans par J.A D\u00c9RENS\" width=\"1200\" height=\"675\" src=\"https:\/\/www.youtube.com\/embed\/85x8IhcaFwY?feature=oembed\" frameborder=\"0\" allow=\"accelerometer; autoplay; clipboard-write; encrypted-media; gyroscope; picture-in-picture; web-share\" referrerpolicy=\"strict-origin-when-cross-origin\" allowfullscreen><\/iframe><\/p>\n<h2>Quelles implications pour leur avenir ?<\/h2>\n<p>Le retour des fr\u00e8res Tate aux \u00c9tats-Unis pourrait ouvrir de nouvelles perspectives, notamment dans les domaines des affaires et des m\u00e9dias. Ils devront toutefois composer avec les accusations qui, \u00e0 cette date, demeurent en suspens. Leur capacit\u00e9 \u00e0 se distancier de leur pass\u00e9 appara\u00eet comme un enjeu central.<\/p>\n<p>Les d\u00e9fis \u00e9voqu\u00e9s incluent non seulement des questions juridiques, mais aussi une perception publique partag\u00e9e. Selon l&rsquo;article, les fr\u00e8res Tate devront travailler pour regagner la confiance du public et de partenaires commerciaux.<\/p>\n<ul class=\"va-tate-list\">\n<li>Des accusations toujours en cours \u00e0 cette date contre les fr\u00e8res Tate<\/li>\n<li>L&rsquo;impact de leur d\u00e9part sur leur image publique<\/li>\n<li>Les hypoth\u00e8ses quant \u00e0 leur r\u00e9int\u00e9gration dans le monde des affaires<\/li>\n<\/ul>\n<div class=\"va-tate-retenir\">\n<div class=\"va-tate-retenir-h\">Ce qu&rsquo;il faut retenir<\/div>\n<ul>\n<li>En f\u00e9vrier 2025, Andrew et Tristan Tate quittent la Roumanie pour les \u00c9tats-Unis apr\u00e8s la lev\u00e9e d&rsquo;une interdiction de voyage.<\/li>\n<li>Selon l&rsquo;article, les proc\u00e9dures judiciaires les concernant n&rsquo;\u00e9taient pas closes \u00e0 cette date.<\/li>\n<li>Les r\u00e9actions au d\u00e9part sont partag\u00e9es entre public et m\u00e9dias.<\/li>\n<li>L&rsquo;\u00e9volution de leur situation, judiciaire comme publique, restait incertaine au moment des faits.<\/li>\n<\/ul>\n<\/div>\n<p>En somme, le d\u00e9part des fr\u00e8res Tate de Roumanie pour les \u00c9tats-Unis, apr\u00e8s la lev\u00e9e de leur interdiction de voyage, ouvrait en f\u00e9vrier 2025 un chapitre encore incertain. Entre critiques et soutiens, leur situation restait suspendue \u00e0 l&rsquo;issue des proc\u00e9dures en cours et \u00e0 la perception du public.<\/p>\n<details>\n<summary>Pourquoi les fr\u00e8res Tate ont-ils quitt\u00e9 la Roumanie ?<\/summary>\n<div class=\"va-tate-faq-body\">Selon l&rsquo;article, leur d\u00e9part vers les \u00c9tats-Unis est intervenu en f\u00e9vrier 2025, apr\u00e8s la lev\u00e9e de l&rsquo;interdiction de voyage qui les visait depuis plusieurs mois.<\/div>\n<\/details>\n<details>\n<summary>Leur situation judiciaire \u00e9tait-elle r\u00e9gl\u00e9e \u00e0 cette date ?<\/summary>\n<div class=\"va-tate-faq-body\">Non. L&rsquo;article indique que les affaires judiciaires les concernant n&rsquo;\u00e9taient pas r\u00e9gl\u00e9es et que des accusations restaient en suspens au moment de leur d\u00e9part. Ces \u00e9l\u00e9ments sont rapport\u00e9s sous r\u00e9serve de la pr\u00e9somption d&rsquo;innocence.<\/div>\n<\/details>\n<details>\n<summary>Comment leur d\u00e9part a-t-il \u00e9t\u00e9 accueilli ?<\/summary>\n<div class=\"va-tate-faq-body\">L&rsquo;article fait \u00e9tat de r\u00e9actions mitig\u00e9es : certains y voient une opportunit\u00e9 pour leur carri\u00e8re, d&rsquo;autres s&rsquo;interrogent sur les implications de leur retour.<\/div>\n<\/details>\n<div class=\"va-tate-note\">Cet article relate des faits dat\u00e9s de f\u00e9vrier 2025. Les \u00e9l\u00e9ments judiciaires sont rapport\u00e9s sous r\u00e9serve de la pr\u00e9somption d&rsquo;innocence et ne pr\u00e9jugent d&rsquo;aucune d\u00e9cision de justice.<\/div>\n","protected":false},"excerpt":{"rendered":"","protected":false},"author":34,"featured_media":14237,"comment_status":"open","ping_status":"open","sticky":false,"template":"","format":"standard","meta":{"_acf_changed":false,"manual_indexmenow":false,"indexmenow_id_project":0,"footnotes":""},"categories":[1],"tags":[4221,4636,3800,3170,4635],"class_list":["post-13892","post","type-post","status-publish","format-standard","has-post-thumbnail","hentry","category-a-la-une","tag-culture","tag-destinations","tag-emotions","tag-securite","tag-voyage","generate-columns","tablet-grid-50","mobile-grid-100","grid-parent","grid-25"],"acf":[],"yoast_head":"<!-- This site is optimized with the Yoast SEO Premium plugin v21.3 (Yoast SEO v25.1) - https:\/\/yoast.com\/wordpress\/plugins\/seo\/ -->\n<title>Les fr\u00e8res Tate quittent la Roumanie pour les \u00c9tats-Unis<\/title>\n<meta name=\"description\" content=\"En f\u00e9vrier 2025, Andrew et Tristan Tate ont quitt\u00e9 la Roumanie pour les \u00c9tats-Unis apr\u00e8s la lev\u00e9e de l&#039;interdiction de voyage qui les visait. Un d\u00e9part\" \/>\n<meta name=\"robots\" content=\"index, follow, max-snippet:-1, max-image-preview:large, max-video-preview:-1\" \/>\n<link rel=\"canonical\" href=\"https:\/\/voyage-aventure.com\/blog\/a-la-une\/les-freres-tate-quittent-la-roumanie-pour-les-etats-unis-apres-la-levee-de-linterdiction-de-voyage\/\" \/>\n<meta property=\"og:locale\" content=\"fr_FR\" \/>\n<meta property=\"og:type\" content=\"article\" \/>\n<meta property=\"og:title\" content=\"Les fr\u00e8res Tate quittent la Roumanie pour les \u00c9tats-Unis\" \/>\n<meta property=\"og:description\" content=\"En f\u00e9vrier 2025, Andrew et Tristan Tate ont quitt\u00e9 la Roumanie pour les \u00c9tats-Unis apr\u00e8s la lev\u00e9e de l&#039;interdiction de voyage qui les visait. Un d\u00e9part\" \/>\n<meta property=\"og:url\" content=\"https:\/\/voyage-aventure.com\/blog\/a-la-une\/les-freres-tate-quittent-la-roumanie-pour-les-etats-unis-apres-la-levee-de-linterdiction-de-voyage\/\" \/>\n<meta property=\"og:site_name\" content=\"voyage-aventure\" \/>\n<meta property=\"og:image\" content=\"https:\/\/voyage-aventure.com\/blog\/wp-content\/uploads\/2025\/03\/sdxl-0dadeed2ae113b4a0954209a8270f1a2.png\" \/>\n\t<meta property=\"og:image:width\" content=\"1536\" \/>\n\t<meta property=\"og:image:height\" content=\"640\" \/>\n\t<meta property=\"og:image:type\" content=\"image\/png\" \/>\n<meta name=\"author\" content=\"Camille Rouvray\" \/>\n<meta name=\"twitter:card\" content=\"summary_large_image\" \/>\n<script type=\"application\/ld+json\" class=\"yoast-schema-graph\">{\"@context\":\"https:\/\/schema.org\",\"@graph\":[{\"@type\":\"NewsArticle\",\"@id\":\"https:\/\/voyage-aventure.com\/blog\/a-la-une\/les-freres-tate-quittent-la-roumanie-pour-les-etats-unis-apres-la-levee-de-linterdiction-de-voyage\/#article\",\"isPartOf\":{\"@id\":\"https:\/\/voyage-aventure.com\/blog\/a-la-une\/les-freres-tate-quittent-la-roumanie-pour-les-etats-unis-apres-la-levee-de-linterdiction-de-voyage\/\"},\"author\":{\"name\":\"Camille Rouvray\",\"@id\":\"https:\/\/voyage-aventure.com\/blog\/#\/schema\/person\/3c864cdc320801e3db34b663e7e3f816\"},\"headline\":\"Les fr\u00e8res Tate quittent la Roumanie pour les \u00c9tats-Unis apr\u00e8s la lev\u00e9e de l&rsquo;interdiction de voyage\",\"datePublished\":\"2026-06-03T01:47:12+00:00\",\"mainEntityOfPage\":{\"@id\":\"https:\/\/voyage-aventure.com\/blog\/a-la-une\/les-freres-tate-quittent-la-roumanie-pour-les-etats-unis-apres-la-levee-de-linterdiction-de-voyage\/\"},\"wordCount\":769,\"commentCount\":27,\"publisher\":{\"@id\":\"https:\/\/voyage-aventure.com\/blog\/#organization\"},\"image\":{\"@id\":\"https:\/\/voyage-aventure.com\/blog\/a-la-une\/les-freres-tate-quittent-la-roumanie-pour-les-etats-unis-apres-la-levee-de-linterdiction-de-voyage\/#primaryimage\"},\"thumbnailUrl\":\"https:\/\/voyage-aventure.com\/blog\/wp-content\/uploads\/2025\/03\/sdxl-0dadeed2ae113b4a0954209a8270f1a2.png\",\"keywords\":[\"Culture\",\"Destinations\",\"\u00c9motions\",\"S\u00e9curit\u00e9\",\"Voyage\"],\"articleSection\":[\"\u00c0 la une\"],\"inLanguage\":\"fr-FR\",\"potentialAction\":[{\"@type\":\"CommentAction\",\"name\":\"Comment\",\"target\":[\"https:\/\/voyage-aventure.com\/blog\/a-la-une\/les-freres-tate-quittent-la-roumanie-pour-les-etats-unis-apres-la-levee-de-linterdiction-de-voyage\/#respond\"]}]},{\"@type\":\"WebPage\",\"@id\":\"https:\/\/voyage-aventure.com\/blog\/a-la-une\/les-freres-tate-quittent-la-roumanie-pour-les-etats-unis-apres-la-levee-de-linterdiction-de-voyage\/\",\"url\":\"https:\/\/voyage-aventure.com\/blog\/a-la-une\/les-freres-tate-quittent-la-roumanie-pour-les-etats-unis-apres-la-levee-de-linterdiction-de-voyage\/\",\"name\":\"Les fr\u00e8res Tate quittent la Roumanie pour les \u00c9tats-Unis\",\"isPartOf\":{\"@id\":\"https:\/\/voyage-aventure.com\/blog\/#website\"},\"primaryImageOfPage\":{\"@id\":\"https:\/\/voyage-aventure.com\/blog\/a-la-une\/les-freres-tate-quittent-la-roumanie-pour-les-etats-unis-apres-la-levee-de-linterdiction-de-voyage\/#primaryimage\"},\"image\":{\"@id\":\"https:\/\/voyage-aventure.com\/blog\/a-la-une\/les-freres-tate-quittent-la-roumanie-pour-les-etats-unis-apres-la-levee-de-linterdiction-de-voyage\/#primaryimage\"},\"thumbnailUrl\":\"https:\/\/voyage-aventure.com\/blog\/wp-content\/uploads\/2025\/03\/sdxl-0dadeed2ae113b4a0954209a8270f1a2.png\",\"datePublished\":\"2026-06-03T01:47:12+00:00\",\"description\":\"En f\u00e9vrier 2025, Andrew et Tristan Tate ont quitt\u00e9 la Roumanie pour les \u00c9tats-Unis apr\u00e8s la lev\u00e9e de l'interdiction de voyage qui les visait. Un d\u00e9part\",\"inLanguage\":\"fr-FR\",\"potentialAction\":[{\"@type\":\"ReadAction\",\"target\":[\"https:\/\/voyage-aventure.com\/blog\/a-la-une\/les-freres-tate-quittent-la-roumanie-pour-les-etats-unis-apres-la-levee-de-linterdiction-de-voyage\/\"]}]},{\"@type\":\"ImageObject\",\"inLanguage\":\"fr-FR\",\"@id\":\"https:\/\/voyage-aventure.com\/blog\/a-la-une\/les-freres-tate-quittent-la-roumanie-pour-les-etats-unis-apres-la-levee-de-linterdiction-de-voyage\/#primaryimage\",\"url\":\"https:\/\/voyage-aventure.com\/blog\/wp-content\/uploads\/2025\/03\/sdxl-0dadeed2ae113b4a0954209a8270f1a2.png\",\"contentUrl\":\"https:\/\/voyage-aventure.com\/blog\/wp-content\/uploads\/2025\/03\/sdxl-0dadeed2ae113b4a0954209a8270f1a2.png\",\"width\":1536,\"height\":640},{\"@type\":\"WebSite\",\"@id\":\"https:\/\/voyage-aventure.com\/blog\/#website\",\"url\":\"https:\/\/voyage-aventure.com\/blog\/\",\"name\":\"voyage-aventure.com\",\"description\":\"Votre passeport pour l\u2019inattendu.\",\"publisher\":{\"@id\":\"https:\/\/voyage-aventure.com\/blog\/#organization\"},\"alternateName\":\"Votre passeport pour l\u2019inattendu.\",\"potentialAction\":[{\"@type\":\"SearchAction\",\"target\":{\"@type\":\"EntryPoint\",\"urlTemplate\":\"https:\/\/voyage-aventure.com\/blog\/?s={search_term_string}\"},\"query-input\":{\"@type\":\"PropertyValueSpecification\",\"valueRequired\":true,\"valueName\":\"search_term_string\"}}],\"inLanguage\":\"fr-FR\"},{\"@type\":\"Organization\",\"@id\":\"https:\/\/voyage-aventure.com\/blog\/#organization\",\"name\":\"Foretsensations.fr\",\"url\":\"https:\/\/voyage-aventure.com\/blog\/\",\"logo\":{\"@type\":\"ImageObject\",\"inLanguage\":\"fr-FR\",\"@id\":\"https:\/\/voyage-aventure.com\/blog\/#\/schema\/logo\/image\/\",\"url\":\"https:\/\/voyage-aventure.com\/blog\/wp-content\/uploads\/2024\/12\/19.png\",\"contentUrl\":\"https:\/\/voyage-aventure.com\/blog\/wp-content\/uploads\/2024\/12\/19.png\",\"width\":512,\"height\":512,\"caption\":\"Foretsensations.fr\"},\"image\":{\"@id\":\"https:\/\/voyage-aventure.com\/blog\/#\/schema\/logo\/image\/\"}},{\"@type\":\"Person\",\"@id\":\"https:\/\/voyage-aventure.com\/blog\/#\/schema\/person\/3c864cdc320801e3db34b663e7e3f816\",\"name\":\"Camille Rouvray\",\"image\":{\"@type\":\"ImageObject\",\"inLanguage\":\"fr-FR\",\"@id\":\"https:\/\/voyage-aventure.com\/blog\/#\/schema\/person\/image\/\",\"url\":\"https:\/\/voyage-aventure.com\/blog\/wp-content\/uploads\/2026\/06\/persona_camille-r-96x96.jpg\",\"contentUrl\":\"https:\/\/voyage-aventure.com\/blog\/wp-content\/uploads\/2026\/06\/persona_camille-r-96x96.jpg\",\"caption\":\"Camille Rouvray\"},\"description\":\"Je voyage et j'\u00e9cris sur le voyage depuis une douzaine d'ann\u00e9es, d'abord en tant que routarde au long cours, puis comme r\u00e9dactrice sp\u00e9cialis\u00e9e. Mon terrain de pr\u00e9dilection, ce sont les circuits organis\u00e9s et l'art de bien pr\u00e9parer un itin\u00e9raire : choix de la saison, dur\u00e9e r\u00e9aliste des \u00e9tapes, budget jour par jour, logement et transport sur place. J'aime aussi raconter les p\u00e9pites urbaines, ces adresses qu'on ne trouve pas dans les guides classiques. Avant de publier un dossier destination, je croise toujours plusieurs sources, je v\u00e9rifie les tarifs et les formalit\u00e9s d'entr\u00e9e \u00e0 jour, et je teste moi-m\u00eame quand je le peux. Mon angle reste pratique avant tout : aider le lecteur \u00e0 partir l'esprit tranquille, sans mauvaise surprise une fois sur place. Je m'attache \u00e0 distinguer le coup de c\u0153ur sinc\u00e8re du simple argument marketing.\",\"sameAs\":[\"https:\/\/camillerouvray.fr\/\"],\"url\":\"https:\/\/voyage-aventure.com\/blog\/auteur\/noname\/\"}]}<\/script>\n<!-- \/ Yoast SEO Premium plugin. -->","yoast_head_json":{"title":"Les fr\u00e8res Tate quittent la Roumanie pour les \u00c9tats-Unis","description":"En f\u00e9vrier 2025, Andrew et Tristan Tate ont quitt\u00e9 la Roumanie pour les \u00c9tats-Unis apr\u00e8s la lev\u00e9e de l'interdiction de voyage qui les visait. Un d\u00e9part","robots":{"index":"index","follow":"follow","max-snippet":"max-snippet:-1","max-image-preview":"max-image-preview:large","max-video-preview":"max-video-preview:-1"},"canonical":"https:\/\/voyage-aventure.com\/blog\/a-la-une\/les-freres-tate-quittent-la-roumanie-pour-les-etats-unis-apres-la-levee-de-linterdiction-de-voyage\/","og_locale":"fr_FR","og_type":"article","og_title":"Les fr\u00e8res Tate quittent la Roumanie pour les \u00c9tats-Unis","og_description":"En f\u00e9vrier 2025, Andrew et Tristan Tate ont quitt\u00e9 la Roumanie pour les \u00c9tats-Unis apr\u00e8s la lev\u00e9e de l'interdiction de voyage qui les visait. Un d\u00e9part","og_url":"https:\/\/voyage-aventure.com\/blog\/a-la-une\/les-freres-tate-quittent-la-roumanie-pour-les-etats-unis-apres-la-levee-de-linterdiction-de-voyage\/","og_site_name":"voyage-aventure","og_image":[{"width":1536,"height":640,"url":"https:\/\/voyage-aventure.com\/blog\/wp-content\/uploads\/2025\/03\/sdxl-0dadeed2ae113b4a0954209a8270f1a2.png","type":"image\/png"}],"author":"Camille Rouvray","twitter_card":"summary_large_image","schema":{"@context":"https:\/\/schema.org","@graph":[{"@type":"NewsArticle","@id":"https:\/\/voyage-aventure.com\/blog\/a-la-une\/les-freres-tate-quittent-la-roumanie-pour-les-etats-unis-apres-la-levee-de-linterdiction-de-voyage\/#article","isPartOf":{"@id":"https:\/\/voyage-aventure.com\/blog\/a-la-une\/les-freres-tate-quittent-la-roumanie-pour-les-etats-unis-apres-la-levee-de-linterdiction-de-voyage\/"},"author":{"name":"Camille Rouvray","@id":"https:\/\/voyage-aventure.com\/blog\/#\/schema\/person\/3c864cdc320801e3db34b663e7e3f816"},"headline":"Les fr\u00e8res Tate quittent la Roumanie pour les \u00c9tats-Unis apr\u00e8s la lev\u00e9e de l&rsquo;interdiction de voyage","datePublished":"2026-06-03T01:47:12+00:00","mainEntityOfPage":{"@id":"https:\/\/voyage-aventure.com\/blog\/a-la-une\/les-freres-tate-quittent-la-roumanie-pour-les-etats-unis-apres-la-levee-de-linterdiction-de-voyage\/"},"wordCount":769,"commentCount":27,"publisher":{"@id":"https:\/\/voyage-aventure.com\/blog\/#organization"},"image":{"@id":"https:\/\/voyage-aventure.com\/blog\/a-la-une\/les-freres-tate-quittent-la-roumanie-pour-les-etats-unis-apres-la-levee-de-linterdiction-de-voyage\/#primaryimage"},"thumbnailUrl":"https:\/\/voyage-aventure.com\/blog\/wp-content\/uploads\/2025\/03\/sdxl-0dadeed2ae113b4a0954209a8270f1a2.png","keywords":["Culture","Destinations","\u00c9motions","S\u00e9curit\u00e9","Voyage"],"articleSection":["\u00c0 la une"],"inLanguage":"fr-FR","potentialAction":[{"@type":"CommentAction","name":"Comment","target":["https:\/\/voyage-aventure.com\/blog\/a-la-une\/les-freres-tate-quittent-la-roumanie-pour-les-etats-unis-apres-la-levee-de-linterdiction-de-voyage\/#respond"]}]},{"@type":"WebPage","@id":"https:\/\/voyage-aventure.com\/blog\/a-la-une\/les-freres-tate-quittent-la-roumanie-pour-les-etats-unis-apres-la-levee-de-linterdiction-de-voyage\/","url":"https:\/\/voyage-aventure.com\/blog\/a-la-une\/les-freres-tate-quittent-la-roumanie-pour-les-etats-unis-apres-la-levee-de-linterdiction-de-voyage\/","name":"Les fr\u00e8res Tate quittent la Roumanie pour les \u00c9tats-Unis","isPartOf":{"@id":"https:\/\/voyage-aventure.com\/blog\/#website"},"primaryImageOfPage":{"@id":"https:\/\/voyage-aventure.com\/blog\/a-la-une\/les-freres-tate-quittent-la-roumanie-pour-les-etats-unis-apres-la-levee-de-linterdiction-de-voyage\/#primaryimage"},"image":{"@id":"https:\/\/voyage-aventure.com\/blog\/a-la-une\/les-freres-tate-quittent-la-roumanie-pour-les-etats-unis-apres-la-levee-de-linterdiction-de-voyage\/#primaryimage"},"thumbnailUrl":"https:\/\/voyage-aventure.com\/blog\/wp-content\/uploads\/2025\/03\/sdxl-0dadeed2ae113b4a0954209a8270f1a2.png","datePublished":"2026-06-03T01:47:12+00:00","description":"En f\u00e9vrier 2025, Andrew et Tristan Tate ont quitt\u00e9 la Roumanie pour les \u00c9tats-Unis apr\u00e8s la lev\u00e9e de l'interdiction de voyage qui les visait. Un d\u00e9part","inLanguage":"fr-FR","potentialAction":[{"@type":"ReadAction","target":["https:\/\/voyage-aventure.com\/blog\/a-la-une\/les-freres-tate-quittent-la-roumanie-pour-les-etats-unis-apres-la-levee-de-linterdiction-de-voyage\/"]}]},{"@type":"ImageObject","inLanguage":"fr-FR","@id":"https:\/\/voyage-aventure.com\/blog\/a-la-une\/les-freres-tate-quittent-la-roumanie-pour-les-etats-unis-apres-la-levee-de-linterdiction-de-voyage\/#primaryimage","url":"https:\/\/voyage-aventure.com\/blog\/wp-content\/uploads\/2025\/03\/sdxl-0dadeed2ae113b4a0954209a8270f1a2.png","contentUrl":"https:\/\/voyage-aventure.com\/blog\/wp-content\/uploads\/2025\/03\/sdxl-0dadeed2ae113b4a0954209a8270f1a2.png","width":1536,"height":640},{"@type":"WebSite","@id":"https:\/\/voyage-aventure.com\/blog\/#website","url":"https:\/\/voyage-aventure.com\/blog\/","name":"voyage-aventure.com","description":"Votre passeport pour l\u2019inattendu.","publisher":{"@id":"https:\/\/voyage-aventure.com\/blog\/#organization"},"alternateName":"Votre passeport pour l\u2019inattendu.","potentialAction":[{"@type":"SearchAction","target":{"@type":"EntryPoint","urlTemplate":"https:\/\/voyage-aventure.com\/blog\/?s={search_term_string}"},"query-input":{"@type":"PropertyValueSpecification","valueRequired":true,"valueName":"search_term_string"}}],"inLanguage":"fr-FR"},{"@type":"Organization","@id":"https:\/\/voyage-aventure.com\/blog\/#organization","name":"Foretsensations.fr","url":"https:\/\/voyage-aventure.com\/blog\/","logo":{"@type":"ImageObject","inLanguage":"fr-FR","@id":"https:\/\/voyage-aventure.com\/blog\/#\/schema\/logo\/image\/","url":"https:\/\/voyage-aventure.com\/blog\/wp-content\/uploads\/2024\/12\/19.png","contentUrl":"https:\/\/voyage-aventure.com\/blog\/wp-content\/uploads\/2024\/12\/19.png","width":512,"height":512,"caption":"Foretsensations.fr"},"image":{"@id":"https:\/\/voyage-aventure.com\/blog\/#\/schema\/logo\/image\/"}},{"@type":"Person","@id":"https:\/\/voyage-aventure.com\/blog\/#\/schema\/person\/3c864cdc320801e3db34b663e7e3f816","name":"Camille Rouvray","image":{"@type":"ImageObject","inLanguage":"fr-FR","@id":"https:\/\/voyage-aventure.com\/blog\/#\/schema\/person\/image\/","url":"https:\/\/voyage-aventure.com\/blog\/wp-content\/uploads\/2026\/06\/persona_camille-r-96x96.jpg","contentUrl":"https:\/\/voyage-aventure.com\/blog\/wp-content\/uploads\/2026\/06\/persona_camille-r-96x96.jpg","caption":"Camille Rouvray"},"description":"Je voyage et j'\u00e9cris sur le voyage depuis une douzaine d'ann\u00e9es, d'abord en tant que routarde au long cours, puis comme r\u00e9dactrice sp\u00e9cialis\u00e9e. Mon terrain de pr\u00e9dilection, ce sont les circuits organis\u00e9s et l'art de bien pr\u00e9parer un itin\u00e9raire : choix de la saison, dur\u00e9e r\u00e9aliste des \u00e9tapes, budget jour par jour, logement et transport sur place. J'aime aussi raconter les p\u00e9pites urbaines, ces adresses qu'on ne trouve pas dans les guides classiques. Avant de publier un dossier destination, je croise toujours plusieurs sources, je v\u00e9rifie les tarifs et les formalit\u00e9s d'entr\u00e9e \u00e0 jour, et je teste moi-m\u00eame quand je le peux. Mon angle reste pratique avant tout : aider le lecteur \u00e0 partir l'esprit tranquille, sans mauvaise surprise une fois sur place. Je m'attache \u00e0 distinguer le coup de c\u0153ur sinc\u00e8re du simple argument marketing.","sameAs":["https:\/\/camillerouvray.fr\/"],"url":"https:\/\/voyage-aventure.com\/blog\/auteur\/noname\/"}]}},"_links":{"self":[{"href":"https:\/\/voyage-aventure.com\/blog\/wp-json\/wp\/v2\/posts\/13892","targetHints":{"allow":["GET"]}}],"collection":[{"href":"https:\/\/voyage-aventure.com\/blog\/wp-json\/wp\/v2\/posts"}],"about":[{"href":"https:\/\/voyage-aventure.com\/blog\/wp-json\/wp\/v2\/types\/post"}],"author":[{"embeddable":true,"href":"https:\/\/voyage-aventure.com\/blog\/wp-json\/wp\/v2\/users\/34"}],"replies":[{"embeddable":true,"href":"https:\/\/voyage-aventure.com\/blog\/wp-json\/wp\/v2\/comments?post=13892"}],"version-history":[{"count":2,"href":"https:\/\/voyage-aventure.com\/blog\/wp-json\/wp\/v2\/posts\/13892\/revisions"}],"predecessor-version":[{"id":21579,"href":"https:\/\/voyage-aventure.com\/blog\/wp-json\/wp\/v2\/posts\/13892\/revisions\/21579"}],"wp:featuredmedia":[{"embeddable":true,"href":"https:\/\/voyage-aventure.com\/blog\/wp-json\/wp\/v2\/media\/14237"}],"wp:attachment":[{"href":"https:\/\/voyage-aventure.com\/blog\/wp-json\/wp\/v2\/media?parent=13892"}],"wp:term":[{"taxonomy":"category","embeddable":true,"href":"https:\/\/voyage-aventure.com\/blog\/wp-json\/wp\/v2\/categories?post=13892"},{"taxonomy":"post_tag","embeddable":true,"href":"https:\/\/voyage-aventure.com\/blog\/wp-json\/wp\/v2\/tags?post=13892"}],"curies":[{"name":"wp","href":"https:\/\/api.w.org\/{rel}","templated":true}]}}