{"id":13886,"date":"2025-02-27T13:46:57","date_gmt":"2025-02-27T12:46:57","guid":{"rendered":"https:\/\/voyage-aventure.com\/blog\/?p=13886"},"modified":"2025-02-27T13:46:57","modified_gmt":"2025-02-27T12:46:57","slug":"andrew-tate-et-son-frere-quittent-la-roumanie-pour-les-etats-unis-apres-la-levee-de-leur-interdiction-de-voyage","status":"publish","type":"post","link":"https:\/\/voyage-aventure.com\/blog\/a-la-une\/andrew-tate-et-son-frere-quittent-la-roumanie-pour-les-etats-unis-apres-la-levee-de-leur-interdiction-de-voyage\/","title":{"rendered":"Andrew Tate et son fr\u00e8re quittent la Roumanie pour les \u00c9tats-Unis apr\u00e8s la lev\u00e9e de leur interdiction de voyage"},"content":{"rendered":"<h2>Une nouvelle \u00e9tape pour Andrew et Tristan Tate<\/h2>\n<p>Andrew Tate et son fr\u00e8re Tristan ont r\u00e9cemment quitt\u00e9 la Roumanie pour les \u00c9tats-Unis \u00e0 bord d&rsquo;un jet priv\u00e9. Cette d\u00e9cision fait suite \u00e0 la lev\u00e9e de leur interdiction de voyage, qui avait \u00e9t\u00e9 en place depuis leur arrestation en 2022. Les m\u00e9dias locaux ont rapport\u00e9 que le vol a d\u00e9coll\u00e9 de l\u2019a\u00e9roport de B\u0103neasa \u00e0 Bucarest, marquant un tournant significatif dans leur situation judiciaire.<\/p>\n<p>Les deux fr\u00e8res font face \u00e0 des accusations graves, notamment celles de trafic humain et de viol. Bien qu&rsquo;ils aient \u00e9t\u00e9 arr\u00eat\u00e9s il y a trois ans, ils continuent de clamer leur innocence face \u00e0 ces accusations. Les autorit\u00e9s roumaines ont confirm\u00e9 que les fr\u00e8res devaient revenir pour une audience judiciaire pr\u00e9vue en mars prochain.<\/p>\n<h2>Des all\u00e9gations graves et une enqu\u00eate en cours<\/h2>\n<p>Les accusations port\u00e9es contre les Tate ne se limitent pas \u00e0 la Roumanie. En plus des charges de trafic humain et de viol, ils sont \u00e9galement recherch\u00e9s par les autorit\u00e9s britanniques pour des all\u00e9gations de violence sexuelle remontant \u00e0 2012. Un tribunal roumain a statu\u00e9 que les proc\u00e9dures dans ce pays devaient d&rsquo;abord \u00eatre r\u00e9solues avant de consid\u00e9rer les demandes britanniques.<\/p>\n<p>Romania\u2019s anti-organised crime unit, Diicot, a ouvert une enqu\u00eate suppl\u00e9mentaire en ao\u00fbt dernier sur des crimes pr\u00e9sum\u00e9s li\u00e9s \u00e0 la formation d\u2019un groupe criminel organis\u00e9. Cette enqu\u00eate vise \u00e0 comprendre l&rsquo;ampleur de leurs activit\u00e9s et \u00e0 d\u00e9terminer si d&rsquo;autres victimes ont \u00e9t\u00e9 impliqu\u00e9es dans leurs agissements.<\/p>\n<h2>Le contexte international et la r\u00e9action des autorit\u00e9s<\/h2>\n<p>Les discussions autour des fr\u00e8res Tate ont suscit\u00e9 un int\u00e9r\u00eat international, notamment lors de la r\u00e9cente Conf\u00e9rence de s\u00e9curit\u00e9 de Munich. Richard Grenell, l&rsquo;envoy\u00e9 sp\u00e9cial de Donald Trump, a \u00e9voqu\u00e9 leur situation avec le ministre roumain des Affaires \u00e9trang\u00e8res, Emil Hurezeanu. Bien que des pr\u00e9occupations aient \u00e9t\u00e9 soulev\u00e9es, Hurezeanu a insist\u00e9 sur le fait qu&rsquo;il n&rsquo;y avait eu aucune pression de la part des \u00c9tats-Unis.<\/p>\n<p>De son c\u00f4t\u00e9, le Premier ministre roumain, Marcel Ciolacu, a d\u00e9clar\u00e9 qu&rsquo;aucune demande officielle n&rsquo;avait \u00e9t\u00e9 faite concernant la situation l\u00e9gale des fr\u00e8res Tate. Cela montre que malgr\u00e9 le tumulte m\u00e9diatique, les autorit\u00e9s roumaines semblent d\u00e9termin\u00e9es \u00e0 mener leur enqu\u00eate sans ing\u00e9rence ext\u00e9rieure.<\/p>\n<h2>Les enjeux de la notori\u00e9t\u00e9 des Tate<\/h2>\n<p>Andrew Tate est devenu une figure controvers\u00e9e, souvent critiqu\u00e9e pour ses opinions misogynes et ses discours de haine. Malgr\u00e9 cela, il compte plus de 10 millions de followers sur la plateforme X, o\u00f9 il promeut un style de vie hyper-masculin. Cette popularit\u00e9 paradoxale soul\u00e8ve des questions sur la responsabilit\u00e9 des influenceurs sur les r\u00e9seaux sociaux.<\/p>\n<p>Les accusations de Diicot, qui incluent l&rsquo;utilisation de la m\u00e9thode \u00ab\u00a0loverboy\u00a0\u00bb pour manipuler des femmes, mettent en lumi\u00e8re les dangers de l&rsquo;influence en ligne. Les autorit\u00e9s all\u00e8guent que les fr\u00e8res Tate ont forc\u00e9 34 femmes \u00e0 produire de la pornographie, g\u00e9n\u00e9rant pr\u00e8s de 3 millions de dollars de profits. Ces all\u00e9gations mettent en \u00e9vidence les cons\u00e9quences tragiques que peut avoir une pr\u00e9sence m\u00e9diatique sans \u00e9thique.<\/p>\n<blockquote><p>\n\u00ab\u00a0Nous avons l&rsquo;intention de prouver notre innocence et de r\u00e9tablir notre r\u00e9putation.\u00a0\u00bb \u2013 Andrew Tate\n<\/p><\/blockquote>\n<ul>\n<li>Lev\u00e9e de l&rsquo;interdiction de voyage des fr\u00e8res Tate<\/li>\n<li>Accusations de trafic humain et de viol toujours en cours<\/li>\n<li>Enqu\u00eates suppl\u00e9mentaires ouvertes par la Diicot<\/li>\n<li>R\u00e9actions des autorit\u00e9s roumaines et am\u00e9ricaines<\/li>\n<li>Controverse autour de la pr\u00e9sence en ligne d&rsquo;Andrew Tate<\/li>\n<\/ul>\n<p>La situation des fr\u00e8res Tate est un rappel des complexit\u00e9s des affaires criminelles \u00e0 dimension internationale et de l&rsquo;impact que les r\u00e9seaux sociaux peuvent avoir sur la perception publique. Les d\u00e9veloppements futurs de leur affaire seront \u00e0 surveiller de pr\u00e8s, car ils pourraient influencer non seulement leur destin, mais aussi les discussions sur la responsabilit\u00e9 des influenceurs dans le monde num\u00e9rique.<\/p>\n","protected":false},"excerpt":{"rendered":"","protected":false},"author":34,"featured_media":14072,"comment_status":"open","ping_status":"open","sticky":false,"template":"","format":"standard","meta":{"_acf_changed":false,"manual_indexmenow":false,"indexmenow_id_project":0,"footnotes":""},"categories":[1],"tags":[4538,4593,5688,3170,4635],"class_list":["post-13886","post","type-post","status-publish","format-standard","has-post-thumbnail","hentry","category-a-la-une","tag-activites-variees","tag-economie","tag-relations-internationales","tag-securite","tag-voyage","generate-columns","tablet-grid-50","mobile-grid-100","grid-parent","grid-25"],"acf":[],"yoast_head":"<!-- This site is optimized with the Yoast SEO Premium plugin v21.3 (Yoast SEO v25.1) - https:\/\/yoast.com\/wordpress\/plugins\/seo\/ -->\n<title>Andrew Tate et son fr\u00e8re quittent la Roumanie pour les<\/title>\n<meta name=\"description\" content=\"Andrew Tate et son fr\u00e8re Tristan ont r\u00e9cemment quitt\u00e9 la Roumanie pour les \u00c9tats-Unis \u00e0 bord d&#039;un jet priv\u00e9. Cette d\u00e9cision fait suite \u00e0 la lev\u00e9e de leur\" \/>\n<meta name=\"robots\" content=\"index, follow, max-snippet:-1, max-image-preview:large, max-video-preview:-1\" \/>\n<link rel=\"canonical\" href=\"https:\/\/voyage-aventure.com\/blog\/a-la-une\/andrew-tate-et-son-frere-quittent-la-roumanie-pour-les-etats-unis-apres-la-levee-de-leur-interdiction-de-voyage\/\" \/>\n<meta property=\"og:locale\" content=\"fr_FR\" \/>\n<meta property=\"og:type\" content=\"article\" \/>\n<meta property=\"og:title\" content=\"Andrew Tate et son fr\u00e8re quittent la Roumanie pour les\" \/>\n<meta property=\"og:description\" content=\"Andrew Tate et son fr\u00e8re Tristan ont r\u00e9cemment quitt\u00e9 la Roumanie pour les \u00c9tats-Unis \u00e0 bord d&#039;un jet priv\u00e9. Cette d\u00e9cision fait suite \u00e0 la lev\u00e9e de leur\" \/>\n<meta property=\"og:url\" content=\"https:\/\/voyage-aventure.com\/blog\/a-la-une\/andrew-tate-et-son-frere-quittent-la-roumanie-pour-les-etats-unis-apres-la-levee-de-leur-interdiction-de-voyage\/\" \/>\n<meta property=\"og:site_name\" content=\"voyage-aventure\" \/>\n<meta property=\"og:image\" content=\"https:\/\/voyage-aventure.com\/blog\/wp-content\/uploads\/2025\/02\/sdxl-2009d41d06623bd7b7263716c44c0f66.png\" \/>\n\t<meta property=\"og:image:width\" content=\"1536\" \/>\n\t<meta property=\"og:image:height\" content=\"640\" \/>\n\t<meta property=\"og:image:type\" content=\"image\/png\" \/>\n<meta name=\"author\" content=\"Camille Rouvray\" \/>\n<meta name=\"twitter:card\" content=\"summary_large_image\" \/>\n<script type=\"application\/ld+json\" class=\"yoast-schema-graph\">{\"@context\":\"https:\/\/schema.org\",\"@graph\":[{\"@type\":\"NewsArticle\",\"@id\":\"https:\/\/voyage-aventure.com\/blog\/a-la-une\/andrew-tate-et-son-frere-quittent-la-roumanie-pour-les-etats-unis-apres-la-levee-de-leur-interdiction-de-voyage\/#article\",\"isPartOf\":{\"@id\":\"https:\/\/voyage-aventure.com\/blog\/a-la-une\/andrew-tate-et-son-frere-quittent-la-roumanie-pour-les-etats-unis-apres-la-levee-de-leur-interdiction-de-voyage\/\"},\"author\":{\"name\":\"Camille Rouvray\",\"@id\":\"https:\/\/voyage-aventure.com\/blog\/#\/schema\/person\/3c864cdc320801e3db34b663e7e3f816\"},\"headline\":\"Andrew Tate et son fr\u00e8re quittent la Roumanie pour les \u00c9tats-Unis apr\u00e8s la lev\u00e9e de leur interdiction de voyage\",\"datePublished\":\"2025-02-27T12:46:57+00:00\",\"mainEntityOfPage\":{\"@id\":\"https:\/\/voyage-aventure.com\/blog\/a-la-une\/andrew-tate-et-son-frere-quittent-la-roumanie-pour-les-etats-unis-apres-la-levee-de-leur-interdiction-de-voyage\/\"},\"wordCount\":711,\"commentCount\":23,\"publisher\":{\"@id\":\"https:\/\/voyage-aventure.com\/blog\/#organization\"},\"image\":{\"@id\":\"https:\/\/voyage-aventure.com\/blog\/a-la-une\/andrew-tate-et-son-frere-quittent-la-roumanie-pour-les-etats-unis-apres-la-levee-de-leur-interdiction-de-voyage\/#primaryimage\"},\"thumbnailUrl\":\"https:\/\/voyage-aventure.com\/blog\/wp-content\/uploads\/2025\/02\/sdxl-2009d41d06623bd7b7263716c44c0f66.png\",\"keywords\":[\"Activit\u00e9s Vari\u00e9es\",\"\u00c9conomie\",\"Relations Internationales\",\"S\u00e9curit\u00e9\",\"Voyage\"],\"articleSection\":[\"\u00c0 la une\"],\"inLanguage\":\"fr-FR\",\"potentialAction\":[{\"@type\":\"CommentAction\",\"name\":\"Comment\",\"target\":[\"https:\/\/voyage-aventure.com\/blog\/a-la-une\/andrew-tate-et-son-frere-quittent-la-roumanie-pour-les-etats-unis-apres-la-levee-de-leur-interdiction-de-voyage\/#respond\"]}]},{\"@type\":\"WebPage\",\"@id\":\"https:\/\/voyage-aventure.com\/blog\/a-la-une\/andrew-tate-et-son-frere-quittent-la-roumanie-pour-les-etats-unis-apres-la-levee-de-leur-interdiction-de-voyage\/\",\"url\":\"https:\/\/voyage-aventure.com\/blog\/a-la-une\/andrew-tate-et-son-frere-quittent-la-roumanie-pour-les-etats-unis-apres-la-levee-de-leur-interdiction-de-voyage\/\",\"name\":\"Andrew Tate et son fr\u00e8re quittent la Roumanie pour les\",\"isPartOf\":{\"@id\":\"https:\/\/voyage-aventure.com\/blog\/#website\"},\"primaryImageOfPage\":{\"@id\":\"https:\/\/voyage-aventure.com\/blog\/a-la-une\/andrew-tate-et-son-frere-quittent-la-roumanie-pour-les-etats-unis-apres-la-levee-de-leur-interdiction-de-voyage\/#primaryimage\"},\"image\":{\"@id\":\"https:\/\/voyage-aventure.com\/blog\/a-la-une\/andrew-tate-et-son-frere-quittent-la-roumanie-pour-les-etats-unis-apres-la-levee-de-leur-interdiction-de-voyage\/#primaryimage\"},\"thumbnailUrl\":\"https:\/\/voyage-aventure.com\/blog\/wp-content\/uploads\/2025\/02\/sdxl-2009d41d06623bd7b7263716c44c0f66.png\",\"datePublished\":\"2025-02-27T12:46:57+00:00\",\"description\":\"Andrew Tate et son fr\u00e8re Tristan ont r\u00e9cemment quitt\u00e9 la Roumanie pour les \u00c9tats-Unis \u00e0 bord d'un jet priv\u00e9. Cette d\u00e9cision fait suite \u00e0 la lev\u00e9e de leur\",\"inLanguage\":\"fr-FR\",\"potentialAction\":[{\"@type\":\"ReadAction\",\"target\":[\"https:\/\/voyage-aventure.com\/blog\/a-la-une\/andrew-tate-et-son-frere-quittent-la-roumanie-pour-les-etats-unis-apres-la-levee-de-leur-interdiction-de-voyage\/\"]}]},{\"@type\":\"ImageObject\",\"inLanguage\":\"fr-FR\",\"@id\":\"https:\/\/voyage-aventure.com\/blog\/a-la-une\/andrew-tate-et-son-frere-quittent-la-roumanie-pour-les-etats-unis-apres-la-levee-de-leur-interdiction-de-voyage\/#primaryimage\",\"url\":\"https:\/\/voyage-aventure.com\/blog\/wp-content\/uploads\/2025\/02\/sdxl-2009d41d06623bd7b7263716c44c0f66.png\",\"contentUrl\":\"https:\/\/voyage-aventure.com\/blog\/wp-content\/uploads\/2025\/02\/sdxl-2009d41d06623bd7b7263716c44c0f66.png\",\"width\":1536,\"height\":640},{\"@type\":\"WebSite\",\"@id\":\"https:\/\/voyage-aventure.com\/blog\/#website\",\"url\":\"https:\/\/voyage-aventure.com\/blog\/\",\"name\":\"voyage-aventure.com\",\"description\":\"Votre passeport pour l\u2019inattendu.\",\"publisher\":{\"@id\":\"https:\/\/voyage-aventure.com\/blog\/#organization\"},\"alternateName\":\"Votre passeport pour l\u2019inattendu.\",\"potentialAction\":[{\"@type\":\"SearchAction\",\"target\":{\"@type\":\"EntryPoint\",\"urlTemplate\":\"https:\/\/voyage-aventure.com\/blog\/?s={search_term_string}\"},\"query-input\":{\"@type\":\"PropertyValueSpecification\",\"valueRequired\":true,\"valueName\":\"search_term_string\"}}],\"inLanguage\":\"fr-FR\"},{\"@type\":\"Organization\",\"@id\":\"https:\/\/voyage-aventure.com\/blog\/#organization\",\"name\":\"Foretsensations.fr\",\"url\":\"https:\/\/voyage-aventure.com\/blog\/\",\"logo\":{\"@type\":\"ImageObject\",\"inLanguage\":\"fr-FR\",\"@id\":\"https:\/\/voyage-aventure.com\/blog\/#\/schema\/logo\/image\/\",\"url\":\"https:\/\/voyage-aventure.com\/blog\/wp-content\/uploads\/2024\/12\/19.png\",\"contentUrl\":\"https:\/\/voyage-aventure.com\/blog\/wp-content\/uploads\/2024\/12\/19.png\",\"width\":512,\"height\":512,\"caption\":\"Foretsensations.fr\"},\"image\":{\"@id\":\"https:\/\/voyage-aventure.com\/blog\/#\/schema\/logo\/image\/\"}},{\"@type\":\"Person\",\"@id\":\"https:\/\/voyage-aventure.com\/blog\/#\/schema\/person\/3c864cdc320801e3db34b663e7e3f816\",\"name\":\"Camille Rouvray\",\"image\":{\"@type\":\"ImageObject\",\"inLanguage\":\"fr-FR\",\"@id\":\"https:\/\/voyage-aventure.com\/blog\/#\/schema\/person\/image\/\",\"url\":\"https:\/\/voyage-aventure.com\/blog\/wp-content\/uploads\/2026\/06\/persona_camille-r-96x96.jpg\",\"contentUrl\":\"https:\/\/voyage-aventure.com\/blog\/wp-content\/uploads\/2026\/06\/persona_camille-r-96x96.jpg\",\"caption\":\"Camille Rouvray\"},\"description\":\"Je voyage et j'\u00e9cris sur le voyage depuis une douzaine d'ann\u00e9es, d'abord en tant que routarde au long cours, puis comme r\u00e9dactrice sp\u00e9cialis\u00e9e. Mon terrain de pr\u00e9dilection, ce sont les circuits organis\u00e9s et l'art de bien pr\u00e9parer un itin\u00e9raire : choix de la saison, dur\u00e9e r\u00e9aliste des \u00e9tapes, budget jour par jour, logement et transport sur place. J'aime aussi raconter les p\u00e9pites urbaines, ces adresses qu'on ne trouve pas dans les guides classiques. Avant de publier un dossier destination, je croise toujours plusieurs sources, je v\u00e9rifie les tarifs et les formalit\u00e9s d'entr\u00e9e \u00e0 jour, et je teste moi-m\u00eame quand je le peux. Mon angle reste pratique avant tout : aider le lecteur \u00e0 partir l'esprit tranquille, sans mauvaise surprise une fois sur place. Je m'attache \u00e0 distinguer le coup de c\u0153ur sinc\u00e8re du simple argument marketing.\",\"sameAs\":[\"https:\/\/camillerouvray.fr\/\"],\"url\":\"https:\/\/voyage-aventure.com\/blog\/auteur\/noname\/\"}]}<\/script>\n<!-- \/ Yoast SEO Premium plugin. -->","yoast_head_json":{"title":"Andrew Tate et son fr\u00e8re quittent la Roumanie pour les","description":"Andrew Tate et son fr\u00e8re Tristan ont r\u00e9cemment quitt\u00e9 la Roumanie pour les \u00c9tats-Unis \u00e0 bord d'un jet priv\u00e9. Cette d\u00e9cision fait suite \u00e0 la lev\u00e9e de leur","robots":{"index":"index","follow":"follow","max-snippet":"max-snippet:-1","max-image-preview":"max-image-preview:large","max-video-preview":"max-video-preview:-1"},"canonical":"https:\/\/voyage-aventure.com\/blog\/a-la-une\/andrew-tate-et-son-frere-quittent-la-roumanie-pour-les-etats-unis-apres-la-levee-de-leur-interdiction-de-voyage\/","og_locale":"fr_FR","og_type":"article","og_title":"Andrew Tate et son fr\u00e8re quittent la Roumanie pour les","og_description":"Andrew Tate et son fr\u00e8re Tristan ont r\u00e9cemment quitt\u00e9 la Roumanie pour les \u00c9tats-Unis \u00e0 bord d'un jet priv\u00e9. Cette d\u00e9cision fait suite \u00e0 la lev\u00e9e de leur","og_url":"https:\/\/voyage-aventure.com\/blog\/a-la-une\/andrew-tate-et-son-frere-quittent-la-roumanie-pour-les-etats-unis-apres-la-levee-de-leur-interdiction-de-voyage\/","og_site_name":"voyage-aventure","og_image":[{"width":1536,"height":640,"url":"https:\/\/voyage-aventure.com\/blog\/wp-content\/uploads\/2025\/02\/sdxl-2009d41d06623bd7b7263716c44c0f66.png","type":"image\/png"}],"author":"Camille Rouvray","twitter_card":"summary_large_image","schema":{"@context":"https:\/\/schema.org","@graph":[{"@type":"NewsArticle","@id":"https:\/\/voyage-aventure.com\/blog\/a-la-une\/andrew-tate-et-son-frere-quittent-la-roumanie-pour-les-etats-unis-apres-la-levee-de-leur-interdiction-de-voyage\/#article","isPartOf":{"@id":"https:\/\/voyage-aventure.com\/blog\/a-la-une\/andrew-tate-et-son-frere-quittent-la-roumanie-pour-les-etats-unis-apres-la-levee-de-leur-interdiction-de-voyage\/"},"author":{"name":"Camille Rouvray","@id":"https:\/\/voyage-aventure.com\/blog\/#\/schema\/person\/3c864cdc320801e3db34b663e7e3f816"},"headline":"Andrew Tate et son fr\u00e8re quittent la Roumanie pour les \u00c9tats-Unis apr\u00e8s la lev\u00e9e de leur interdiction de voyage","datePublished":"2025-02-27T12:46:57+00:00","mainEntityOfPage":{"@id":"https:\/\/voyage-aventure.com\/blog\/a-la-une\/andrew-tate-et-son-frere-quittent-la-roumanie-pour-les-etats-unis-apres-la-levee-de-leur-interdiction-de-voyage\/"},"wordCount":711,"commentCount":23,"publisher":{"@id":"https:\/\/voyage-aventure.com\/blog\/#organization"},"image":{"@id":"https:\/\/voyage-aventure.com\/blog\/a-la-une\/andrew-tate-et-son-frere-quittent-la-roumanie-pour-les-etats-unis-apres-la-levee-de-leur-interdiction-de-voyage\/#primaryimage"},"thumbnailUrl":"https:\/\/voyage-aventure.com\/blog\/wp-content\/uploads\/2025\/02\/sdxl-2009d41d06623bd7b7263716c44c0f66.png","keywords":["Activit\u00e9s Vari\u00e9es","\u00c9conomie","Relations Internationales","S\u00e9curit\u00e9","Voyage"],"articleSection":["\u00c0 la une"],"inLanguage":"fr-FR","potentialAction":[{"@type":"CommentAction","name":"Comment","target":["https:\/\/voyage-aventure.com\/blog\/a-la-une\/andrew-tate-et-son-frere-quittent-la-roumanie-pour-les-etats-unis-apres-la-levee-de-leur-interdiction-de-voyage\/#respond"]}]},{"@type":"WebPage","@id":"https:\/\/voyage-aventure.com\/blog\/a-la-une\/andrew-tate-et-son-frere-quittent-la-roumanie-pour-les-etats-unis-apres-la-levee-de-leur-interdiction-de-voyage\/","url":"https:\/\/voyage-aventure.com\/blog\/a-la-une\/andrew-tate-et-son-frere-quittent-la-roumanie-pour-les-etats-unis-apres-la-levee-de-leur-interdiction-de-voyage\/","name":"Andrew Tate et son fr\u00e8re quittent la Roumanie pour les","isPartOf":{"@id":"https:\/\/voyage-aventure.com\/blog\/#website"},"primaryImageOfPage":{"@id":"https:\/\/voyage-aventure.com\/blog\/a-la-une\/andrew-tate-et-son-frere-quittent-la-roumanie-pour-les-etats-unis-apres-la-levee-de-leur-interdiction-de-voyage\/#primaryimage"},"image":{"@id":"https:\/\/voyage-aventure.com\/blog\/a-la-une\/andrew-tate-et-son-frere-quittent-la-roumanie-pour-les-etats-unis-apres-la-levee-de-leur-interdiction-de-voyage\/#primaryimage"},"thumbnailUrl":"https:\/\/voyage-aventure.com\/blog\/wp-content\/uploads\/2025\/02\/sdxl-2009d41d06623bd7b7263716c44c0f66.png","datePublished":"2025-02-27T12:46:57+00:00","description":"Andrew Tate et son fr\u00e8re Tristan ont r\u00e9cemment quitt\u00e9 la Roumanie pour les \u00c9tats-Unis \u00e0 bord d'un jet priv\u00e9. Cette d\u00e9cision fait suite \u00e0 la lev\u00e9e de leur","inLanguage":"fr-FR","potentialAction":[{"@type":"ReadAction","target":["https:\/\/voyage-aventure.com\/blog\/a-la-une\/andrew-tate-et-son-frere-quittent-la-roumanie-pour-les-etats-unis-apres-la-levee-de-leur-interdiction-de-voyage\/"]}]},{"@type":"ImageObject","inLanguage":"fr-FR","@id":"https:\/\/voyage-aventure.com\/blog\/a-la-une\/andrew-tate-et-son-frere-quittent-la-roumanie-pour-les-etats-unis-apres-la-levee-de-leur-interdiction-de-voyage\/#primaryimage","url":"https:\/\/voyage-aventure.com\/blog\/wp-content\/uploads\/2025\/02\/sdxl-2009d41d06623bd7b7263716c44c0f66.png","contentUrl":"https:\/\/voyage-aventure.com\/blog\/wp-content\/uploads\/2025\/02\/sdxl-2009d41d06623bd7b7263716c44c0f66.png","width":1536,"height":640},{"@type":"WebSite","@id":"https:\/\/voyage-aventure.com\/blog\/#website","url":"https:\/\/voyage-aventure.com\/blog\/","name":"voyage-aventure.com","description":"Votre passeport pour l\u2019inattendu.","publisher":{"@id":"https:\/\/voyage-aventure.com\/blog\/#organization"},"alternateName":"Votre passeport pour l\u2019inattendu.","potentialAction":[{"@type":"SearchAction","target":{"@type":"EntryPoint","urlTemplate":"https:\/\/voyage-aventure.com\/blog\/?s={search_term_string}"},"query-input":{"@type":"PropertyValueSpecification","valueRequired":true,"valueName":"search_term_string"}}],"inLanguage":"fr-FR"},{"@type":"Organization","@id":"https:\/\/voyage-aventure.com\/blog\/#organization","name":"Foretsensations.fr","url":"https:\/\/voyage-aventure.com\/blog\/","logo":{"@type":"ImageObject","inLanguage":"fr-FR","@id":"https:\/\/voyage-aventure.com\/blog\/#\/schema\/logo\/image\/","url":"https:\/\/voyage-aventure.com\/blog\/wp-content\/uploads\/2024\/12\/19.png","contentUrl":"https:\/\/voyage-aventure.com\/blog\/wp-content\/uploads\/2024\/12\/19.png","width":512,"height":512,"caption":"Foretsensations.fr"},"image":{"@id":"https:\/\/voyage-aventure.com\/blog\/#\/schema\/logo\/image\/"}},{"@type":"Person","@id":"https:\/\/voyage-aventure.com\/blog\/#\/schema\/person\/3c864cdc320801e3db34b663e7e3f816","name":"Camille Rouvray","image":{"@type":"ImageObject","inLanguage":"fr-FR","@id":"https:\/\/voyage-aventure.com\/blog\/#\/schema\/person\/image\/","url":"https:\/\/voyage-aventure.com\/blog\/wp-content\/uploads\/2026\/06\/persona_camille-r-96x96.jpg","contentUrl":"https:\/\/voyage-aventure.com\/blog\/wp-content\/uploads\/2026\/06\/persona_camille-r-96x96.jpg","caption":"Camille Rouvray"},"description":"Je voyage et j'\u00e9cris sur le voyage depuis une douzaine d'ann\u00e9es, d'abord en tant que routarde au long cours, puis comme r\u00e9dactrice sp\u00e9cialis\u00e9e. Mon terrain de pr\u00e9dilection, ce sont les circuits organis\u00e9s et l'art de bien pr\u00e9parer un itin\u00e9raire : choix de la saison, dur\u00e9e r\u00e9aliste des \u00e9tapes, budget jour par jour, logement et transport sur place. J'aime aussi raconter les p\u00e9pites urbaines, ces adresses qu'on ne trouve pas dans les guides classiques. Avant de publier un dossier destination, je croise toujours plusieurs sources, je v\u00e9rifie les tarifs et les formalit\u00e9s d'entr\u00e9e \u00e0 jour, et je teste moi-m\u00eame quand je le peux. Mon angle reste pratique avant tout : aider le lecteur \u00e0 partir l'esprit tranquille, sans mauvaise surprise une fois sur place. Je m'attache \u00e0 distinguer le coup de c\u0153ur sinc\u00e8re du simple argument marketing.","sameAs":["https:\/\/camillerouvray.fr\/"],"url":"https:\/\/voyage-aventure.com\/blog\/auteur\/noname\/"}]}},"_links":{"self":[{"href":"https:\/\/voyage-aventure.com\/blog\/wp-json\/wp\/v2\/posts\/13886","targetHints":{"allow":["GET"]}}],"collection":[{"href":"https:\/\/voyage-aventure.com\/blog\/wp-json\/wp\/v2\/posts"}],"about":[{"href":"https:\/\/voyage-aventure.com\/blog\/wp-json\/wp\/v2\/types\/post"}],"author":[{"embeddable":true,"href":"https:\/\/voyage-aventure.com\/blog\/wp-json\/wp\/v2\/users\/34"}],"replies":[{"embeddable":true,"href":"https:\/\/voyage-aventure.com\/blog\/wp-json\/wp\/v2\/comments?post=13886"}],"version-history":[{"count":1,"href":"https:\/\/voyage-aventure.com\/blog\/wp-json\/wp\/v2\/posts\/13886\/revisions"}],"predecessor-version":[{"id":13926,"href":"https:\/\/voyage-aventure.com\/blog\/wp-json\/wp\/v2\/posts\/13886\/revisions\/13926"}],"wp:featuredmedia":[{"embeddable":true,"href":"https:\/\/voyage-aventure.com\/blog\/wp-json\/wp\/v2\/media\/14072"}],"wp:attachment":[{"href":"https:\/\/voyage-aventure.com\/blog\/wp-json\/wp\/v2\/media?parent=13886"}],"wp:term":[{"taxonomy":"category","embeddable":true,"href":"https:\/\/voyage-aventure.com\/blog\/wp-json\/wp\/v2\/categories?post=13886"},{"taxonomy":"post_tag","embeddable":true,"href":"https:\/\/voyage-aventure.com\/blog\/wp-json\/wp\/v2\/tags?post=13886"}],"curies":[{"name":"wp","href":"https:\/\/api.w.org\/{rel}","templated":true}]}}