{"id":13882,"date":"2025-02-27T11:22:56","date_gmt":"2025-02-27T10:22:56","guid":{"rendered":"https:\/\/voyage-aventure.com\/blog\/?p=13882"},"modified":"2025-02-27T10:33:28","modified_gmt":"2025-02-27T09:33:28","slug":"grande-perturbation-des-vols-a-laeroport-de-munich-des-milliers-de-passagers-en-attente","status":"publish","type":"post","link":"https:\/\/voyage-aventure.com\/blog\/a-la-une\/grande-perturbation-des-vols-a-laeroport-de-munich-des-milliers-de-passagers-en-attente\/","title":{"rendered":"grande perturbation des vols \u00e0 l&rsquo;a\u00e9roport de Munich : des milliers de passagers en attente"},"content":{"rendered":"<p>En raison d&rsquo;une gr\u00e8ve massive, de nombreuses compagnies a\u00e9riennes, dont <strong>Air Canada, ANA, easyJet, Norwegian, TAP Air Portugal, Icelandair, Egypt Air et Saudia<\/strong>, ont annul\u00e9 des centaines de vols. Des milliers de passagers se retrouvent bloqu\u00e9s, cherchant d\u00e9sesp\u00e9r\u00e9ment des alternatives pour atteindre leur destination.<\/p>\n<h2>Un coup dur pour l&rsquo;a\u00e9roport de Munich<\/h2>\n<p>La gr\u00e8ve, orchestr\u00e9e par le syndicat <strong>ver.di<\/strong>, a touch\u00e9 les travailleurs des services au sol et de l&rsquo;a\u00e9roport, entra\u00eenant une quasi-paralysie des op\u00e9rations. Ce n&rsquo;est pas une simple g\u00eane, mais une crise qui touche certaines des plus grandes compagnies a\u00e9riennes internationales.<\/p>\n<p>Des g\u00e9ants comme <strong>American Airlines, Emirates, Lufthansa, Air France et United<\/strong> ont \u00e9t\u00e9 contraints d&rsquo;annuler de nombreux vols. Les passagers doivent maintenant faire face \u00e0 des annulations de derni\u00e8re minute, des temps d&rsquo;attente prolong\u00e9s et la difficult\u00e9 de reprogrammer leurs trajets.<\/p>\n<h2>Les raisons de la gr\u00e8ve<\/h2>\n<p>Cette <strong>\u00ab gr\u00e8ve d&rsquo;avertissement \u00bb<\/strong> fait partie d&rsquo;un conflit plus large concernant les salaires et les conditions de travail des employ\u00e9s du secteur public. Le syndicat ver.di exige des augmentations de salaire et des am\u00e9liorations des conditions de travail, et tant qu&rsquo;un accord ne sera pas trouv\u00e9, les passagers restent pi\u00e9g\u00e9s au milieu de cette confrontation.<\/p>\n<p>Les revendications des travailleurs sont l\u00e9gitimes, mais elles entra\u00eenent une situation d\u00e9sastreuse pour les voyageurs. Un porte-parole du syndicat a d\u00e9clar\u00e9 : <\/p>\n<blockquote><p>\u00ab Nous faisons cela pour garantir des salaires justes et des conditions de travail d\u00e9centes. \u00bb<\/p><\/blockquote>\n<h2>Un impact massif sur les vols<\/h2>\n<p>La gr\u00e8ve a d\u00e9j\u00e0 provoqu\u00e9 un nombre alarmant d&rsquo;annulations. Au total, <strong>365 vols<\/strong> ont \u00e9t\u00e9 annul\u00e9s, et la situation pourrait encore s&rsquo;aggraver. Les grandes compagnies a\u00e9riennes comme <strong>Lufthansa<\/strong>, qui repr\u00e9sente la majorit\u00e9 des op\u00e9rations \u00e0 Munich, ont annul\u00e9 <strong>186 vols<\/strong>, soit 60 % de leur programme.<\/p>\n<ul>\n<li><strong>365 vols annul\u00e9s<\/strong><\/li>\n<li><strong>24 annulations de vols \u00e0 destination des \u00c9tats-Unis<\/strong><\/li>\n<li><strong>Lufthansa a annul\u00e9 186 vols<\/strong><\/li>\n<li><strong>Air Canada et d&rsquo;autres compagnies ont annul\u00e9 100 % de leurs vols<\/strong><\/li>\n<\/ul>\n<p><iframe loading=\"lazy\" title=\"C&#039;est compl\u00e8tement FOU \ud83d\ude33 - Les 30 histoires IMPRESSIONANTES  - PI517\" width=\"1200\" height=\"675\" src=\"https:\/\/www.youtube.com\/embed\/Llrl7FuYbsg?feature=oembed\" frameborder=\"0\" allow=\"accelerometer; autoplay; clipboard-write; encrypted-media; gyroscope; picture-in-picture; web-share\" referrerpolicy=\"strict-origin-when-cross-origin\" allowfullscreen><\/iframe><\/p>\n<h2>Que doivent faire les voyageurs ?<\/h2>\n<p>Pour ceux qui ont un vol pr\u00e9vu \u00e0 Munich dans les deux prochains jours, il est crucial de v\u00e9rifier le statut de leur vol avant de se rendre \u00e0 l&rsquo;a\u00e9roport. Les compagnies a\u00e9riennes offrent souvent des options de rebooking, mais il est recommand\u00e9 de les contacter directement pour des informations \u00e0 jour.<\/p>\n<ul>\n<li><strong>V\u00e9rifiez le statut de votre vol<\/strong><\/li>\n<li><strong>Contactez votre compagnie a\u00e9rienne pour des options de rebooking<\/strong><\/li>\n<li><strong>Arrivez t\u00f4t \u00e0 l&rsquo;a\u00e9roport si votre vol est maintenu<\/strong><\/li>\n<li><strong>Envisagez des itin\u00e9raires alternatifs si possible<\/strong><\/li>\n<\/ul>\n<h2>Quel avenir pour les voyages en Allemagne ?<\/h2>\n<p>La gr\u00e8ve est pr\u00e9vue pour se terminer \u00e0 minuit ce vendredi, mais les cons\u00e9quences pourraient perdurer. Si les n\u00e9gociations entre ver.di et le gouvernement n&rsquo;avancent pas, d&rsquo;autres gr\u00e8ves pourraient survenir dans les semaines \u00e0 venir, rendant le voyage a\u00e9rien en Allemagne encore plus impr\u00e9visible.<\/p>\n<p>Pour les voyageurs, cela signifie \u00eatre pr\u00e9par\u00e9 \u00e0 des attentes longues, des annulations potentielles et beaucoup d&rsquo;incertitude. Rester inform\u00e9 et planifier \u00e0 l&rsquo;avance devient essentiel pour naviguer dans cette p\u00e9riode troubl\u00e9e.<\/p>\n","protected":false},"excerpt":{"rendered":"","protected":false},"author":34,"featured_media":14301,"comment_status":"open","ping_status":"open","sticky":false,"template":"","format":"standard","meta":{"_acf_changed":false,"manual_indexmenow":false,"indexmenow_id_project":0,"footnotes":""},"categories":[1],"tags":[4620,4646,4713,3170,4635],"class_list":["post-13882","post","type-post","status-publish","format-standard","has-post-thumbnail","hentry","category-a-la-une","tag-annulation-de-voyage","tag-assistance","tag-preparation","tag-securite","tag-voyage","generate-columns","tablet-grid-50","mobile-grid-100","grid-parent","grid-25"],"acf":[],"yoast_head":"<!-- This site is optimized with the Yoast SEO Premium plugin v21.3 (Yoast SEO v25.1) - https:\/\/yoast.com\/wordpress\/plugins\/seo\/ -->\n<title>grande perturbation des vols \u00e0 l&#039;a\u00e9roport de Munich : des<\/title>\n<meta name=\"description\" content=\"En raison d&#039;une gr\u00e8ve massive, de nombreuses compagnies a\u00e9riennes, dont Air Canada, ANA, easyJet, Norwegian, TAP Air Portugal, Icelandair, Egypt Air et\" \/>\n<meta name=\"robots\" content=\"index, follow, max-snippet:-1, max-image-preview:large, max-video-preview:-1\" \/>\n<link rel=\"canonical\" href=\"https:\/\/voyage-aventure.com\/blog\/a-la-une\/grande-perturbation-des-vols-a-laeroport-de-munich-des-milliers-de-passagers-en-attente\/\" \/>\n<meta property=\"og:locale\" content=\"fr_FR\" \/>\n<meta property=\"og:type\" content=\"article\" \/>\n<meta property=\"og:title\" content=\"grande perturbation des vols \u00e0 l&#039;a\u00e9roport de Munich : des\" \/>\n<meta property=\"og:description\" content=\"En raison d&#039;une gr\u00e8ve massive, de nombreuses compagnies a\u00e9riennes, dont Air Canada, ANA, easyJet, Norwegian, TAP Air Portugal, Icelandair, Egypt Air et\" \/>\n<meta property=\"og:url\" content=\"https:\/\/voyage-aventure.com\/blog\/a-la-une\/grande-perturbation-des-vols-a-laeroport-de-munich-des-milliers-de-passagers-en-attente\/\" \/>\n<meta property=\"og:site_name\" content=\"voyage-aventure\" \/>\n<meta property=\"og:image\" content=\"https:\/\/voyage-aventure.com\/blog\/wp-content\/uploads\/2025\/03\/sdxl-df07795800cc4a4c238d5d285480e5d6.png\" \/>\n\t<meta property=\"og:image:width\" content=\"1536\" \/>\n\t<meta property=\"og:image:height\" content=\"640\" \/>\n\t<meta property=\"og:image:type\" content=\"image\/png\" \/>\n<meta name=\"author\" content=\"Camille Rouvray\" \/>\n<meta name=\"twitter:card\" content=\"summary_large_image\" \/>\n<script type=\"application\/ld+json\" class=\"yoast-schema-graph\">{\"@context\":\"https:\/\/schema.org\",\"@graph\":[{\"@type\":\"NewsArticle\",\"@id\":\"https:\/\/voyage-aventure.com\/blog\/a-la-une\/grande-perturbation-des-vols-a-laeroport-de-munich-des-milliers-de-passagers-en-attente\/#article\",\"isPartOf\":{\"@id\":\"https:\/\/voyage-aventure.com\/blog\/a-la-une\/grande-perturbation-des-vols-a-laeroport-de-munich-des-milliers-de-passagers-en-attente\/\"},\"author\":{\"name\":\"Camille Rouvray\",\"@id\":\"https:\/\/voyage-aventure.com\/blog\/#\/schema\/person\/3c864cdc320801e3db34b663e7e3f816\"},\"headline\":\"grande perturbation des vols \u00e0 l&rsquo;a\u00e9roport de Munich : des milliers de passagers en attente\",\"datePublished\":\"2025-02-27T10:22:56+00:00\",\"mainEntityOfPage\":{\"@id\":\"https:\/\/voyage-aventure.com\/blog\/a-la-une\/grande-perturbation-des-vols-a-laeroport-de-munich-des-milliers-de-passagers-en-attente\/\"},\"wordCount\":551,\"commentCount\":27,\"publisher\":{\"@id\":\"https:\/\/voyage-aventure.com\/blog\/#organization\"},\"image\":{\"@id\":\"https:\/\/voyage-aventure.com\/blog\/a-la-une\/grande-perturbation-des-vols-a-laeroport-de-munich-des-milliers-de-passagers-en-attente\/#primaryimage\"},\"thumbnailUrl\":\"https:\/\/voyage-aventure.com\/blog\/wp-content\/uploads\/2025\/03\/sdxl-df07795800cc4a4c238d5d285480e5d6.png\",\"keywords\":[\"Annulation de Voyage\",\"Assistance\",\"Pr\u00e9paration\",\"S\u00e9curit\u00e9\",\"Voyage\"],\"articleSection\":[\"\u00c0 la une\"],\"inLanguage\":\"fr-FR\",\"potentialAction\":[{\"@type\":\"CommentAction\",\"name\":\"Comment\",\"target\":[\"https:\/\/voyage-aventure.com\/blog\/a-la-une\/grande-perturbation-des-vols-a-laeroport-de-munich-des-milliers-de-passagers-en-attente\/#respond\"]}]},{\"@type\":\"WebPage\",\"@id\":\"https:\/\/voyage-aventure.com\/blog\/a-la-une\/grande-perturbation-des-vols-a-laeroport-de-munich-des-milliers-de-passagers-en-attente\/\",\"url\":\"https:\/\/voyage-aventure.com\/blog\/a-la-une\/grande-perturbation-des-vols-a-laeroport-de-munich-des-milliers-de-passagers-en-attente\/\",\"name\":\"grande perturbation des vols \u00e0 l'a\u00e9roport de Munich : des\",\"isPartOf\":{\"@id\":\"https:\/\/voyage-aventure.com\/blog\/#website\"},\"primaryImageOfPage\":{\"@id\":\"https:\/\/voyage-aventure.com\/blog\/a-la-une\/grande-perturbation-des-vols-a-laeroport-de-munich-des-milliers-de-passagers-en-attente\/#primaryimage\"},\"image\":{\"@id\":\"https:\/\/voyage-aventure.com\/blog\/a-la-une\/grande-perturbation-des-vols-a-laeroport-de-munich-des-milliers-de-passagers-en-attente\/#primaryimage\"},\"thumbnailUrl\":\"https:\/\/voyage-aventure.com\/blog\/wp-content\/uploads\/2025\/03\/sdxl-df07795800cc4a4c238d5d285480e5d6.png\",\"datePublished\":\"2025-02-27T10:22:56+00:00\",\"description\":\"En raison d'une gr\u00e8ve massive, de nombreuses compagnies a\u00e9riennes, dont Air Canada, ANA, easyJet, Norwegian, TAP Air Portugal, Icelandair, Egypt Air et\",\"inLanguage\":\"fr-FR\",\"potentialAction\":[{\"@type\":\"ReadAction\",\"target\":[\"https:\/\/voyage-aventure.com\/blog\/a-la-une\/grande-perturbation-des-vols-a-laeroport-de-munich-des-milliers-de-passagers-en-attente\/\"]}]},{\"@type\":\"ImageObject\",\"inLanguage\":\"fr-FR\",\"@id\":\"https:\/\/voyage-aventure.com\/blog\/a-la-une\/grande-perturbation-des-vols-a-laeroport-de-munich-des-milliers-de-passagers-en-attente\/#primaryimage\",\"url\":\"https:\/\/voyage-aventure.com\/blog\/wp-content\/uploads\/2025\/03\/sdxl-df07795800cc4a4c238d5d285480e5d6.png\",\"contentUrl\":\"https:\/\/voyage-aventure.com\/blog\/wp-content\/uploads\/2025\/03\/sdxl-df07795800cc4a4c238d5d285480e5d6.png\",\"width\":1536,\"height\":640},{\"@type\":\"WebSite\",\"@id\":\"https:\/\/voyage-aventure.com\/blog\/#website\",\"url\":\"https:\/\/voyage-aventure.com\/blog\/\",\"name\":\"voyage-aventure.com\",\"description\":\"Votre passeport pour l\u2019inattendu.\",\"publisher\":{\"@id\":\"https:\/\/voyage-aventure.com\/blog\/#organization\"},\"alternateName\":\"Votre passeport pour l\u2019inattendu.\",\"potentialAction\":[{\"@type\":\"SearchAction\",\"target\":{\"@type\":\"EntryPoint\",\"urlTemplate\":\"https:\/\/voyage-aventure.com\/blog\/?s={search_term_string}\"},\"query-input\":{\"@type\":\"PropertyValueSpecification\",\"valueRequired\":true,\"valueName\":\"search_term_string\"}}],\"inLanguage\":\"fr-FR\"},{\"@type\":\"Organization\",\"@id\":\"https:\/\/voyage-aventure.com\/blog\/#organization\",\"name\":\"Foretsensations.fr\",\"url\":\"https:\/\/voyage-aventure.com\/blog\/\",\"logo\":{\"@type\":\"ImageObject\",\"inLanguage\":\"fr-FR\",\"@id\":\"https:\/\/voyage-aventure.com\/blog\/#\/schema\/logo\/image\/\",\"url\":\"https:\/\/voyage-aventure.com\/blog\/wp-content\/uploads\/2024\/12\/19.png\",\"contentUrl\":\"https:\/\/voyage-aventure.com\/blog\/wp-content\/uploads\/2024\/12\/19.png\",\"width\":512,\"height\":512,\"caption\":\"Foretsensations.fr\"},\"image\":{\"@id\":\"https:\/\/voyage-aventure.com\/blog\/#\/schema\/logo\/image\/\"}},{\"@type\":\"Person\",\"@id\":\"https:\/\/voyage-aventure.com\/blog\/#\/schema\/person\/3c864cdc320801e3db34b663e7e3f816\",\"name\":\"Camille Rouvray\",\"image\":{\"@type\":\"ImageObject\",\"inLanguage\":\"fr-FR\",\"@id\":\"https:\/\/voyage-aventure.com\/blog\/#\/schema\/person\/image\/\",\"url\":\"https:\/\/voyage-aventure.com\/blog\/wp-content\/uploads\/2026\/06\/persona_camille-r-96x96.jpg\",\"contentUrl\":\"https:\/\/voyage-aventure.com\/blog\/wp-content\/uploads\/2026\/06\/persona_camille-r-96x96.jpg\",\"caption\":\"Camille Rouvray\"},\"description\":\"Je voyage et j'\u00e9cris sur le voyage depuis une douzaine d'ann\u00e9es, d'abord en tant que routarde au long cours, puis comme r\u00e9dactrice sp\u00e9cialis\u00e9e. Mon terrain de pr\u00e9dilection, ce sont les circuits organis\u00e9s et l'art de bien pr\u00e9parer un itin\u00e9raire : choix de la saison, dur\u00e9e r\u00e9aliste des \u00e9tapes, budget jour par jour, logement et transport sur place. J'aime aussi raconter les p\u00e9pites urbaines, ces adresses qu'on ne trouve pas dans les guides classiques. Avant de publier un dossier destination, je croise toujours plusieurs sources, je v\u00e9rifie les tarifs et les formalit\u00e9s d'entr\u00e9e \u00e0 jour, et je teste moi-m\u00eame quand je le peux. Mon angle reste pratique avant tout : aider le lecteur \u00e0 partir l'esprit tranquille, sans mauvaise surprise une fois sur place. Je m'attache \u00e0 distinguer le coup de c\u0153ur sinc\u00e8re du simple argument marketing.\",\"sameAs\":[\"https:\/\/camillerouvray.fr\/\"],\"url\":\"https:\/\/voyage-aventure.com\/blog\/auteur\/noname\/\"}]}<\/script>\n<!-- \/ Yoast SEO Premium plugin. -->","yoast_head_json":{"title":"grande perturbation des vols \u00e0 l'a\u00e9roport de Munich : des","description":"En raison d'une gr\u00e8ve massive, de nombreuses compagnies a\u00e9riennes, dont Air Canada, ANA, easyJet, Norwegian, TAP Air Portugal, Icelandair, Egypt Air et","robots":{"index":"index","follow":"follow","max-snippet":"max-snippet:-1","max-image-preview":"max-image-preview:large","max-video-preview":"max-video-preview:-1"},"canonical":"https:\/\/voyage-aventure.com\/blog\/a-la-une\/grande-perturbation-des-vols-a-laeroport-de-munich-des-milliers-de-passagers-en-attente\/","og_locale":"fr_FR","og_type":"article","og_title":"grande perturbation des vols \u00e0 l'a\u00e9roport de Munich : des","og_description":"En raison d'une gr\u00e8ve massive, de nombreuses compagnies a\u00e9riennes, dont Air Canada, ANA, easyJet, Norwegian, TAP Air Portugal, Icelandair, Egypt Air et","og_url":"https:\/\/voyage-aventure.com\/blog\/a-la-une\/grande-perturbation-des-vols-a-laeroport-de-munich-des-milliers-de-passagers-en-attente\/","og_site_name":"voyage-aventure","og_image":[{"width":1536,"height":640,"url":"https:\/\/voyage-aventure.com\/blog\/wp-content\/uploads\/2025\/03\/sdxl-df07795800cc4a4c238d5d285480e5d6.png","type":"image\/png"}],"author":"Camille Rouvray","twitter_card":"summary_large_image","schema":{"@context":"https:\/\/schema.org","@graph":[{"@type":"NewsArticle","@id":"https:\/\/voyage-aventure.com\/blog\/a-la-une\/grande-perturbation-des-vols-a-laeroport-de-munich-des-milliers-de-passagers-en-attente\/#article","isPartOf":{"@id":"https:\/\/voyage-aventure.com\/blog\/a-la-une\/grande-perturbation-des-vols-a-laeroport-de-munich-des-milliers-de-passagers-en-attente\/"},"author":{"name":"Camille Rouvray","@id":"https:\/\/voyage-aventure.com\/blog\/#\/schema\/person\/3c864cdc320801e3db34b663e7e3f816"},"headline":"grande perturbation des vols \u00e0 l&rsquo;a\u00e9roport de Munich : des milliers de passagers en attente","datePublished":"2025-02-27T10:22:56+00:00","mainEntityOfPage":{"@id":"https:\/\/voyage-aventure.com\/blog\/a-la-une\/grande-perturbation-des-vols-a-laeroport-de-munich-des-milliers-de-passagers-en-attente\/"},"wordCount":551,"commentCount":27,"publisher":{"@id":"https:\/\/voyage-aventure.com\/blog\/#organization"},"image":{"@id":"https:\/\/voyage-aventure.com\/blog\/a-la-une\/grande-perturbation-des-vols-a-laeroport-de-munich-des-milliers-de-passagers-en-attente\/#primaryimage"},"thumbnailUrl":"https:\/\/voyage-aventure.com\/blog\/wp-content\/uploads\/2025\/03\/sdxl-df07795800cc4a4c238d5d285480e5d6.png","keywords":["Annulation de Voyage","Assistance","Pr\u00e9paration","S\u00e9curit\u00e9","Voyage"],"articleSection":["\u00c0 la une"],"inLanguage":"fr-FR","potentialAction":[{"@type":"CommentAction","name":"Comment","target":["https:\/\/voyage-aventure.com\/blog\/a-la-une\/grande-perturbation-des-vols-a-laeroport-de-munich-des-milliers-de-passagers-en-attente\/#respond"]}]},{"@type":"WebPage","@id":"https:\/\/voyage-aventure.com\/blog\/a-la-une\/grande-perturbation-des-vols-a-laeroport-de-munich-des-milliers-de-passagers-en-attente\/","url":"https:\/\/voyage-aventure.com\/blog\/a-la-une\/grande-perturbation-des-vols-a-laeroport-de-munich-des-milliers-de-passagers-en-attente\/","name":"grande perturbation des vols \u00e0 l'a\u00e9roport de Munich : des","isPartOf":{"@id":"https:\/\/voyage-aventure.com\/blog\/#website"},"primaryImageOfPage":{"@id":"https:\/\/voyage-aventure.com\/blog\/a-la-une\/grande-perturbation-des-vols-a-laeroport-de-munich-des-milliers-de-passagers-en-attente\/#primaryimage"},"image":{"@id":"https:\/\/voyage-aventure.com\/blog\/a-la-une\/grande-perturbation-des-vols-a-laeroport-de-munich-des-milliers-de-passagers-en-attente\/#primaryimage"},"thumbnailUrl":"https:\/\/voyage-aventure.com\/blog\/wp-content\/uploads\/2025\/03\/sdxl-df07795800cc4a4c238d5d285480e5d6.png","datePublished":"2025-02-27T10:22:56+00:00","description":"En raison d'une gr\u00e8ve massive, de nombreuses compagnies a\u00e9riennes, dont Air Canada, ANA, easyJet, Norwegian, TAP Air Portugal, Icelandair, Egypt Air et","inLanguage":"fr-FR","potentialAction":[{"@type":"ReadAction","target":["https:\/\/voyage-aventure.com\/blog\/a-la-une\/grande-perturbation-des-vols-a-laeroport-de-munich-des-milliers-de-passagers-en-attente\/"]}]},{"@type":"ImageObject","inLanguage":"fr-FR","@id":"https:\/\/voyage-aventure.com\/blog\/a-la-une\/grande-perturbation-des-vols-a-laeroport-de-munich-des-milliers-de-passagers-en-attente\/#primaryimage","url":"https:\/\/voyage-aventure.com\/blog\/wp-content\/uploads\/2025\/03\/sdxl-df07795800cc4a4c238d5d285480e5d6.png","contentUrl":"https:\/\/voyage-aventure.com\/blog\/wp-content\/uploads\/2025\/03\/sdxl-df07795800cc4a4c238d5d285480e5d6.png","width":1536,"height":640},{"@type":"WebSite","@id":"https:\/\/voyage-aventure.com\/blog\/#website","url":"https:\/\/voyage-aventure.com\/blog\/","name":"voyage-aventure.com","description":"Votre passeport pour l\u2019inattendu.","publisher":{"@id":"https:\/\/voyage-aventure.com\/blog\/#organization"},"alternateName":"Votre passeport pour l\u2019inattendu.","potentialAction":[{"@type":"SearchAction","target":{"@type":"EntryPoint","urlTemplate":"https:\/\/voyage-aventure.com\/blog\/?s={search_term_string}"},"query-input":{"@type":"PropertyValueSpecification","valueRequired":true,"valueName":"search_term_string"}}],"inLanguage":"fr-FR"},{"@type":"Organization","@id":"https:\/\/voyage-aventure.com\/blog\/#organization","name":"Foretsensations.fr","url":"https:\/\/voyage-aventure.com\/blog\/","logo":{"@type":"ImageObject","inLanguage":"fr-FR","@id":"https:\/\/voyage-aventure.com\/blog\/#\/schema\/logo\/image\/","url":"https:\/\/voyage-aventure.com\/blog\/wp-content\/uploads\/2024\/12\/19.png","contentUrl":"https:\/\/voyage-aventure.com\/blog\/wp-content\/uploads\/2024\/12\/19.png","width":512,"height":512,"caption":"Foretsensations.fr"},"image":{"@id":"https:\/\/voyage-aventure.com\/blog\/#\/schema\/logo\/image\/"}},{"@type":"Person","@id":"https:\/\/voyage-aventure.com\/blog\/#\/schema\/person\/3c864cdc320801e3db34b663e7e3f816","name":"Camille Rouvray","image":{"@type":"ImageObject","inLanguage":"fr-FR","@id":"https:\/\/voyage-aventure.com\/blog\/#\/schema\/person\/image\/","url":"https:\/\/voyage-aventure.com\/blog\/wp-content\/uploads\/2026\/06\/persona_camille-r-96x96.jpg","contentUrl":"https:\/\/voyage-aventure.com\/blog\/wp-content\/uploads\/2026\/06\/persona_camille-r-96x96.jpg","caption":"Camille Rouvray"},"description":"Je voyage et j'\u00e9cris sur le voyage depuis une douzaine d'ann\u00e9es, d'abord en tant que routarde au long cours, puis comme r\u00e9dactrice sp\u00e9cialis\u00e9e. Mon terrain de pr\u00e9dilection, ce sont les circuits organis\u00e9s et l'art de bien pr\u00e9parer un itin\u00e9raire : choix de la saison, dur\u00e9e r\u00e9aliste des \u00e9tapes, budget jour par jour, logement et transport sur place. J'aime aussi raconter les p\u00e9pites urbaines, ces adresses qu'on ne trouve pas dans les guides classiques. Avant de publier un dossier destination, je croise toujours plusieurs sources, je v\u00e9rifie les tarifs et les formalit\u00e9s d'entr\u00e9e \u00e0 jour, et je teste moi-m\u00eame quand je le peux. Mon angle reste pratique avant tout : aider le lecteur \u00e0 partir l'esprit tranquille, sans mauvaise surprise une fois sur place. Je m'attache \u00e0 distinguer le coup de c\u0153ur sinc\u00e8re du simple argument marketing.","sameAs":["https:\/\/camillerouvray.fr\/"],"url":"https:\/\/voyage-aventure.com\/blog\/auteur\/noname\/"}]}},"_links":{"self":[{"href":"https:\/\/voyage-aventure.com\/blog\/wp-json\/wp\/v2\/posts\/13882","targetHints":{"allow":["GET"]}}],"collection":[{"href":"https:\/\/voyage-aventure.com\/blog\/wp-json\/wp\/v2\/posts"}],"about":[{"href":"https:\/\/voyage-aventure.com\/blog\/wp-json\/wp\/v2\/types\/post"}],"author":[{"embeddable":true,"href":"https:\/\/voyage-aventure.com\/blog\/wp-json\/wp\/v2\/users\/34"}],"replies":[{"embeddable":true,"href":"https:\/\/voyage-aventure.com\/blog\/wp-json\/wp\/v2\/comments?post=13882"}],"version-history":[{"count":1,"href":"https:\/\/voyage-aventure.com\/blog\/wp-json\/wp\/v2\/posts\/13882\/revisions"}],"predecessor-version":[{"id":13895,"href":"https:\/\/voyage-aventure.com\/blog\/wp-json\/wp\/v2\/posts\/13882\/revisions\/13895"}],"wp:featuredmedia":[{"embeddable":true,"href":"https:\/\/voyage-aventure.com\/blog\/wp-json\/wp\/v2\/media\/14301"}],"wp:attachment":[{"href":"https:\/\/voyage-aventure.com\/blog\/wp-json\/wp\/v2\/media?parent=13882"}],"wp:term":[{"taxonomy":"category","embeddable":true,"href":"https:\/\/voyage-aventure.com\/blog\/wp-json\/wp\/v2\/categories?post=13882"},{"taxonomy":"post_tag","embeddable":true,"href":"https:\/\/voyage-aventure.com\/blog\/wp-json\/wp\/v2\/tags?post=13882"}],"curies":[{"name":"wp","href":"https:\/\/api.w.org\/{rel}","templated":true}]}}