{"id":13631,"date":"2026-06-16T16:58:56","date_gmt":"2026-06-16T14:58:56","guid":{"rendered":"https:\/\/voyage-aventure.com\/blog\/?p=13631"},"modified":"2026-06-16T16:58:56","modified_gmt":"2026-06-16T14:58:56","slug":"ne-manquez-pas-la-conference-de-rick-steves-a-luther-college-un-voyage-inspirant-vous-attend","status":"publish","type":"post","link":"https:\/\/voyage-aventure.com\/blog\/a-la-une\/ne-manquez-pas-la-conference-de-rick-steves-a-luther-college-un-voyage-inspirant-vous-attend\/","title":{"rendered":"Ne manquez pas la conf\u00e9rence de Rick Steves \u00e0 Luther College : un voyage inspirant vous attend"},"content":{"rendered":"<link rel=\"stylesheet\" href=\"https:\/\/fonts.googleapis.com\/css2?family=Newsreader:ital,opsz,wght@0,6..72,500..700;1,6..72,500..600&#038;family=Inter:wght@400;500;600&#038;family=JetBrains+Mono:wght@500&#038;display=swap\">\n<style>\n.va-news-wrap{font-family:'Inter',-apple-system,sans-serif;color:#1d2433;line-height:1.65;font-size:17px;max-width:780px;margin:0 auto;}\n.va-news-wrap h2{font-family:'Newsreader',Georgia,serif;font-weight:700;font-size:clamp(24px,3.2vw,33px);letter-spacing:-0.015em;color:#10243f;margin:48px 0 14px;line-height:1.2;}\n.va-news-wrap p{margin:0 0 18px;}\n.va-news-lead{font-family:'Newsreader',Georgia,serif;font-size:clamp(19px,2.4vw,22px);line-height:1.5;font-style:italic;color:#33415c;border-left:4px solid #1b56a4;padding:4px 0 4px 20px;margin:8px 0 30px;}\n.va-news-dateline{font-family:'JetBrains Mono',monospace;font-size:12px;font-weight:500;letter-spacing:1.5px;text-transform:uppercase;color:#1b56a4;margin-bottom:16px;}\n.va-news-essentiel{background:#eef4fb;border:1px solid #cfe0f3;border-left:5px solid #1b56a4;border-radius:10px;padding:24px 26px;margin:0 0 36px;box-shadow:0 12px 28px -18px rgba(16,36,63,.4);}\n.va-news-essentiel .va-news-kick{font-family:'JetBrains Mono',monospace;font-size:11px;font-weight:500;letter-spacing:2px;text-transform:uppercase;color:#1b56a4;margin-bottom:12px;}\n.va-news-essentiel ul{margin:0;padding-left:0;list-style:none;}\n.va-news-essentiel li{position:relative;padding:7px 0 7px 26px;border-bottom:1px solid #dbe7f5;}\n.va-news-essentiel li:last-child{border-bottom:none;}\n.va-news-essentiel li::before{content:\"\u203a\";position:absolute;left:6px;top:6px;color:#1b56a4;font-weight:700;font-size:18px;line-height:1;}\n.va-news-essentiel b{color:#10243f;}\n.va-news-facts{display:grid;grid-template-columns:repeat(auto-fit,minmax(180px,1fr));gap:14px;margin:24px 0 8px;}\n.va-news-facts .va-news-card{background:#fff;border:1px solid #d8e2ee;border-top:3px solid #1b56a4;border-radius:8px;padding:16px 18px;transition:.25s ease;box-shadow:0 1px 2px rgba(16,36,63,.05);}\n.va-news-facts .va-news-card:hover{transform:translateY(-3px);box-shadow:0 14px 30px -18px rgba(16,36,63,.35);}\n.va-news-facts .va-news-lab{font-family:'JetBrains Mono',monospace;font-size:10px;letter-spacing:1.5px;text-transform:uppercase;color:#5b6b82;margin-bottom:5px;}\n.va-news-facts .va-news-val{font-family:'Newsreader',Georgia,serif;font-size:18px;font-weight:600;color:#10243f;line-height:1.3;}\n.va-news-quote{font-family:'Newsreader',Georgia,serif;font-style:italic;font-size:clamp(21px,2.8vw,26px);line-height:1.4;color:#10243f;border-left:5px solid #1b56a4;padding:6px 0 6px 24px;margin:34px 0;}\n.va-news-quote .va-news-author{display:block;font-family:'JetBrains Mono',monospace;font-style:normal;font-size:12px;letter-spacing:1px;text-transform:uppercase;color:#1b56a4;margin-top:12px;}\n.va-news-retenir{background:#10243f;color:#e7eef7;border-radius:12px;padding:26px 28px;margin:42px 0;}\n.va-news-retenir .va-news-kick{font-family:'JetBrains Mono',monospace;font-size:11px;letter-spacing:2px;text-transform:uppercase;color:#7fb0e6;margin-bottom:14px;}\n.va-news-retenir ul{margin:0;padding-left:0;list-style:none;}\n.va-news-retenir li{position:relative;padding:7px 0 7px 26px;}\n.va-news-retenir li::before{content:\"\u2726\";position:absolute;left:0;top:7px;color:#7fb0e6;font-size:14px;}\n.va-news-faq{margin:40px 0 10px;}\n.va-news-faq details{border:1px solid #d8e2ee;border-radius:8px;margin-bottom:12px;background:#fff;transition:.25s ease;box-shadow:0 1px 2px rgba(16,36,63,.05);}\n.va-news-faq details:hover{box-shadow:0 12px 26px -18px rgba(16,36,63,.35);}\n.va-news-faq summary{cursor:pointer;padding:16px 20px;font-family:'Newsreader',Georgia,serif;font-weight:600;font-size:18px;color:#10243f;list-style:none;}\n.va-news-faq summary::-webkit-details-marker{display:none;}\n.va-news-faq summary::before{content:\"+\";color:#1b56a4;font-weight:700;margin-right:10px;}\n.va-news-faq details[open] summary::before{content:\"\u2013\";}\n.va-news-faq .va-news-ans{padding:0 20px 18px;color:#33415c;}\n.va-news-wrap img{max-width:100%;height:auto;border-radius:10px;margin:24px 0;}\n\/*RENDERFIX2*\/.va-news-retenir{color:#eef3f9!important}.va-news-retenir p,.va-news-retenir li,.va-news-retenir strong,.va-news-retenir em,.va-news-retenir a,.va-news-retenir span,.va-news-retenir b,.va-news-retenir td,.va-news-retenir th,.va-news-retenir h2,.va-news-retenir h3,.va-news-retenir h4{color:#eef3f9!important}.va-news-retenir strong,.va-news-retenir b{color:#ffffff!important}<\/style>\n<div class=\"va-news-wrap\">\n<div class=\"va-news-dateline\">\u00c9v\u00e9nement \u00b7 Luther College \u00b7 Decorah<\/div>\n<div class=\"va-news-lead\">Rick Steves, figure du voyage \u00e0 la t\u00e9l\u00e9vision et auteur de guides, monte sur la sc\u00e8ne de Luther College pour une conf\u00e9rence sur l&rsquo;art de voyager avec une sensibilit\u00e9 norv\u00e9gienne.<\/div>\n<div class=\"va-news-essentiel\">\n<div class=\"va-news-kick\">L&rsquo;essentiel<\/div>\n<ul>\n<li><b>Quoi :<\/b> conf\u00e9rence de Rick Steves, \u00ab Voyager avec une sensibilit\u00e9 norv\u00e9gienne \u00bb<\/li>\n<li><b>Quand &amp; o\u00f9 :<\/b> dimanche 27 avril \u00e0 14h30, Centre pour la foi et la vie, Luther College<\/li>\n<li><b>Pourquoi \u00e7a compte :<\/b> elle s&rsquo;inscrit dans le bicentenaire de la premi\u00e8re migration organis\u00e9e de Norv\u00e8ge vers l&rsquo;Am\u00e9rique du Nord<\/li>\n<\/ul>\n<\/div>\n<h2>Un \u00e9v\u00e9nement \u00e0 ne pas rater<\/h2>\n<p>Rick Steves, animateur de t\u00e9l\u00e9vision bien connu et auteur de guides de voyage, se rendra sur le campus de Luther College pour partager sa passion pour le voyage. Sa conf\u00e9rence, intitul\u00e9e \u00ab Voyager avec une sensibilit\u00e9 norv\u00e9gienne \u00bb, se d\u00e9roulera le dimanche 27 avril \u00e0 14h30, dans la grande salle du Centre pour la foi et la vie. Cet \u00e9v\u00e9nement promet d&rsquo;offrir des perspectives enrichissantes sur l&rsquo;art de voyager.<\/p>\n<p>Les billets pour cette conf\u00e9rence seront disponibles \u00e0 la vente \u00e0 partir du vendredi 7 mars. Les passionn\u00e9s de voyage et les \u00e9tudiants de Luther College sont invit\u00e9s \u00e0 ne pas manquer cette occasion unique d&rsquo;entendre Steves parler de ses exp\u00e9riences et de la mani\u00e8re dont le voyage favorise la connexion humaine. La pr\u00e9sence de ce grand nom du voyage suscite d\u00e9j\u00e0 beaucoup d&rsquo;enthousiasme.<\/p>\n<div class=\"va-news-facts\">\n<div class=\"va-news-card\">\n<div class=\"va-news-lab\">Date<\/div>\n<div class=\"va-news-val\">27 avril, 14h30<\/div>\n<\/div>\n<div class=\"va-news-card\">\n<div class=\"va-news-lab\">Lieu<\/div>\n<div class=\"va-news-val\">Centre pour la foi et la vie, Luther College<\/div>\n<\/div>\n<div class=\"va-news-card\">\n<div class=\"va-news-lab\">Th\u00e8me<\/div>\n<div class=\"va-news-val\">Voyager avec une sensibilit\u00e9 norv\u00e9gienne<\/div>\n<\/div>\n<div class=\"va-news-card\">\n<div class=\"va-news-lab\">Billetterie<\/div>\n<div class=\"va-news-val\">En vente \u00e0 partir du 7 mars<\/div>\n<\/div>\n<\/div>\n<h2>Un h\u00e9ritage norv\u00e9gien<\/h2>\n<p>Rick Steves est le petit-fils d&rsquo;immigrants norv\u00e9giens, une connexion qui lui tient particuli\u00e8rement \u00e0 c\u0153ur. Maren Johnson, directrice du Torgerson Center for Nordic Studies \u00e0 Luther College, souligne que son travail vise \u00e0 renforcer les liens humains \u00e0 travers le voyage. Ses valeurs s&rsquo;alignent parfaitement avec l&rsquo;engagement de Luther en faveur de l&rsquo;\u00e9ducation globale et des \u00e9tudes \u00e0 l&rsquo;\u00e9tranger.<\/p>\n<p>Luther College a \u00e9t\u00e9 fond\u00e9 par des immigrants norv\u00e9giens, ce qui ajoute une couche suppl\u00e9mentaire de signification \u00e0 la visite de Steves. Cette conf\u00e9rence fait partie d&rsquo;une comm\u00e9moration d&rsquo;un an marquant le bicentenaire de la premi\u00e8re migration organis\u00e9e de Norv\u00e8ge vers l&rsquo;Am\u00e9rique du Nord. C&rsquo;est une belle occasion de c\u00e9l\u00e9brer cette riche histoire.<\/p>\n<h2>Une invitation \u00e0 l&rsquo;exploration<\/h2>\n<p>Rick Steves invite chacun \u00e0 r\u00e9fl\u00e9chir \u00e0 la mani\u00e8re dont le voyage peut enrichir notre compr\u00e9hension du monde. Ses exp\u00e9riences \u00e0 travers l&rsquo;Europe et au-del\u00e0 illustrent le potentiel du voyage pour briser les barri\u00e8res culturelles et promouvoir la tol\u00e9rance. \u00c0 travers ses r\u00e9cits, il encourage le public \u00e0 adopter une approche plus sensible et respectueuse lors de leurs explorations.<\/p>\n<p>Il est important de se rappeler que le voyage ne se limite pas \u00e0 la visite de nouveaux lieux. C&rsquo;est une opportunit\u00e9 d&rsquo;engager des conversations et de cr\u00e9er des souvenirs durables. Steves nous rappelle que chaque voyage peut \u00eatre une aventure enrichissante, tant sur le plan personnel que culturel.<\/p>\n<div class=\"va-news-quote\">\u00ab Le voyage est l&rsquo;une des plus belles fa\u00e7ons de rencontrer l&rsquo;autre et d&rsquo;apprendre de nouvelles cultures. \u00bb<span class=\"va-news-author\">\u2014 Rick Steves<\/span><\/div>\n<p>L&rsquo;\u00e9v\u00e9nement s&rsquo;annonce comme une c\u00e9l\u00e9bration du voyage et de la d\u00e9couverte personnelle. En participant \u00e0 cette conf\u00e9rence, vous aurez l&rsquo;opportunit\u00e9 de vous inspirer des conseils de Rick Steves et de vous pr\u00e9parer \u00e0 vos prochaines aventures. Que vous soyez un voyageur chevronn\u00e9 ou un novice, cette conf\u00e9rence vous permettra d&rsquo;approfondir votre compr\u00e9hension du monde qui vous entoure. Ne manquez pas cette chance de rencontrer un expert en voyage et de vous laisser inspirer par ses histoires.<\/p>\n<div class=\"va-news-retenir\">\n<div class=\"va-news-kick\">\u00c0 retenir<\/div>\n<ul>\n<li>Rick Steves donne une conf\u00e9rence le 27 avril \u00e0 14h30 au Centre pour la foi et la vie de Luther College.<\/li>\n<li>Le th\u00e8me : \u00ab Voyager avec une sensibilit\u00e9 norv\u00e9gienne \u00bb, autour de la connexion humaine par le voyage.<\/li>\n<li>Les billets sont mis en vente \u00e0 partir du 7 mars.<\/li>\n<li>L&rsquo;\u00e9v\u00e9nement c\u00e9l\u00e8bre le bicentenaire de la migration organis\u00e9e de Norv\u00e8ge vers l&rsquo;Am\u00e9rique du Nord.<\/li>\n<\/ul>\n<\/div>\n<div class=\"va-news-faq\">\n<details>\n<summary>Quand et o\u00f9 se tient la conf\u00e9rence de Rick Steves ?<\/summary>\n<div class=\"va-news-ans\">Elle a lieu le dimanche 27 avril \u00e0 14h30, dans la grande salle du Centre pour la foi et la vie, sur le campus de Luther College.<\/div>\n<\/details>\n<details>\n<summary>Quel est le th\u00e8me de la conf\u00e9rence ?<\/summary>\n<div class=\"va-news-ans\">Intitul\u00e9e \u00ab Voyager avec une sensibilit\u00e9 norv\u00e9gienne \u00bb, elle explore la mani\u00e8re dont le voyage favorise la connexion humaine et la compr\u00e9hension entre les cultures.<\/div>\n<\/details>\n<details>\n<summary>Comment obtenir des billets ?<\/summary>\n<div class=\"va-news-ans\">Les billets sont disponibles \u00e0 la vente \u00e0 partir du vendredi 7 mars.<\/div>\n<\/details>\n<details>\n<summary>Quel est le lien entre Rick Steves et Luther College ?<\/summary>\n<div class=\"va-news-ans\">Rick Steves est le petit-fils d&rsquo;immigrants norv\u00e9giens, et Luther College a \u00e9t\u00e9 fond\u00e9 par des immigrants norv\u00e9giens. La conf\u00e9rence s&rsquo;inscrit dans la comm\u00e9moration du bicentenaire de la premi\u00e8re migration organis\u00e9e de Norv\u00e8ge vers l&rsquo;Am\u00e9rique du Nord.<\/div>\n<\/details>\n<\/div>\n<p><img decoding=\"async\" width=\"1024\" height=\"576\" src=\"https:\/\/voyage-aventure.com\/blog\/wp-content\/uploads\/2025\/02\/stability-ne-manquez-pas-la-conference-de-rick-steves-a-luther-college-un-voyage-inspirant-vous-attend-1.png\" class=\"aligncenter\" alt=\"Illustration d\u00e9taill\u00e9e sur Ne manquez pas la conf\u00e9rence de Rick Steves \u00e0 Luther College : un voyage inspirant vous attend\" title=\"Ne manquez pas la conf\u00e9rence de Rick Steves \u00e0 Luther College : un voyage inspirant vous attend\" loading=\"lazy\" \/>\n<\/div>\n","protected":false},"excerpt":{"rendered":"","protected":false},"author":34,"featured_media":13632,"comment_status":"open","ping_status":"open","sticky":false,"template":"","format":"standard","meta":{"_acf_changed":false,"manual_indexmenow":false,"indexmenow_id_project":0,"footnotes":""},"categories":[1],"tags":[4538,4527,4769,4625,4635],"class_list":["post-13631","post","type-post","status-publish","format-standard","has-post-thumbnail","hentry","category-a-la-une","tag-activites-variees","tag-decouverte-culturelle","tag-immersion-culturelle","tag-passion-du-voyage","tag-voyage","generate-columns","tablet-grid-50","mobile-grid-100","grid-parent","grid-25"],"acf":[],"yoast_head":"<!-- This site is optimized with the Yoast SEO Premium plugin v21.3 (Yoast SEO v25.1) - https:\/\/yoast.com\/wordpress\/plugins\/seo\/ -->\n<title>Ne manquez pas la conf\u00e9rence de Rick Steves \u00e0 Luther<\/title>\n<meta name=\"description\" content=\"Rick Steves, figure du voyage \u00e0 la t\u00e9l\u00e9vision et auteur de guides, monte sur la sc\u00e8ne de Luther College pour une conf\u00e9rence sur l&#039;art de voyager avec une\" \/>\n<meta name=\"robots\" content=\"index, follow, max-snippet:-1, max-image-preview:large, max-video-preview:-1\" \/>\n<link rel=\"canonical\" href=\"https:\/\/voyage-aventure.com\/blog\/a-la-une\/ne-manquez-pas-la-conference-de-rick-steves-a-luther-college-un-voyage-inspirant-vous-attend\/\" \/>\n<meta property=\"og:locale\" content=\"fr_FR\" \/>\n<meta property=\"og:type\" content=\"article\" \/>\n<meta property=\"og:title\" content=\"Ne manquez pas la conf\u00e9rence de Rick Steves \u00e0 Luther\" \/>\n<meta property=\"og:description\" content=\"Rick Steves, figure du voyage \u00e0 la t\u00e9l\u00e9vision et auteur de guides, monte sur la sc\u00e8ne de Luther College pour une conf\u00e9rence sur l&#039;art de voyager avec une\" \/>\n<meta property=\"og:url\" content=\"https:\/\/voyage-aventure.com\/blog\/a-la-une\/ne-manquez-pas-la-conference-de-rick-steves-a-luther-college-un-voyage-inspirant-vous-attend\/\" \/>\n<meta property=\"og:site_name\" content=\"voyage-aventure\" \/>\n<meta property=\"og:image\" content=\"https:\/\/voyage-aventure.com\/blog\/wp-content\/uploads\/2025\/02\/stability-ne-manquez-pas-la-conference-de-rick-steves-a-luther-college-un-voyage-inspirant-vous-attend.png\" \/>\n\t<meta property=\"og:image:width\" content=\"1024\" \/>\n\t<meta property=\"og:image:height\" content=\"576\" \/>\n\t<meta property=\"og:image:type\" content=\"image\/png\" \/>\n<meta name=\"author\" content=\"Camille Rouvray\" \/>\n<meta name=\"twitter:card\" content=\"summary_large_image\" \/>\n<script type=\"application\/ld+json\" class=\"yoast-schema-graph\">{\"@context\":\"https:\/\/schema.org\",\"@graph\":[{\"@type\":\"NewsArticle\",\"@id\":\"https:\/\/voyage-aventure.com\/blog\/a-la-une\/ne-manquez-pas-la-conference-de-rick-steves-a-luther-college-un-voyage-inspirant-vous-attend\/#article\",\"isPartOf\":{\"@id\":\"https:\/\/voyage-aventure.com\/blog\/a-la-une\/ne-manquez-pas-la-conference-de-rick-steves-a-luther-college-un-voyage-inspirant-vous-attend\/\"},\"author\":{\"name\":\"Camille Rouvray\",\"@id\":\"https:\/\/voyage-aventure.com\/blog\/#\/schema\/person\/3c864cdc320801e3db34b663e7e3f816\"},\"headline\":\"Ne manquez pas la conf\u00e9rence de Rick Steves \u00e0 Luther College : un voyage inspirant vous attend\",\"datePublished\":\"2026-06-16T14:58:56+00:00\",\"mainEntityOfPage\":{\"@id\":\"https:\/\/voyage-aventure.com\/blog\/a-la-une\/ne-manquez-pas-la-conference-de-rick-steves-a-luther-college-un-voyage-inspirant-vous-attend\/\"},\"wordCount\":857,\"commentCount\":21,\"publisher\":{\"@id\":\"https:\/\/voyage-aventure.com\/blog\/#organization\"},\"image\":{\"@id\":\"https:\/\/voyage-aventure.com\/blog\/a-la-une\/ne-manquez-pas-la-conference-de-rick-steves-a-luther-college-un-voyage-inspirant-vous-attend\/#primaryimage\"},\"thumbnailUrl\":\"https:\/\/voyage-aventure.com\/blog\/wp-content\/uploads\/2025\/02\/stability-ne-manquez-pas-la-conference-de-rick-steves-a-luther-college-un-voyage-inspirant-vous-attend.png\",\"keywords\":[\"Activit\u00e9s Vari\u00e9es\",\"D\u00e9couverte Culturelle\",\"Immersion Culturelle\",\"Passion Du Voyage\",\"Voyage\"],\"articleSection\":[\"\u00c0 la une\"],\"inLanguage\":\"fr-FR\",\"potentialAction\":[{\"@type\":\"CommentAction\",\"name\":\"Comment\",\"target\":[\"https:\/\/voyage-aventure.com\/blog\/a-la-une\/ne-manquez-pas-la-conference-de-rick-steves-a-luther-college-un-voyage-inspirant-vous-attend\/#respond\"]}]},{\"@type\":\"WebPage\",\"@id\":\"https:\/\/voyage-aventure.com\/blog\/a-la-une\/ne-manquez-pas-la-conference-de-rick-steves-a-luther-college-un-voyage-inspirant-vous-attend\/\",\"url\":\"https:\/\/voyage-aventure.com\/blog\/a-la-une\/ne-manquez-pas-la-conference-de-rick-steves-a-luther-college-un-voyage-inspirant-vous-attend\/\",\"name\":\"Ne manquez pas la conf\u00e9rence de Rick Steves \u00e0 Luther\",\"isPartOf\":{\"@id\":\"https:\/\/voyage-aventure.com\/blog\/#website\"},\"primaryImageOfPage\":{\"@id\":\"https:\/\/voyage-aventure.com\/blog\/a-la-une\/ne-manquez-pas-la-conference-de-rick-steves-a-luther-college-un-voyage-inspirant-vous-attend\/#primaryimage\"},\"image\":{\"@id\":\"https:\/\/voyage-aventure.com\/blog\/a-la-une\/ne-manquez-pas-la-conference-de-rick-steves-a-luther-college-un-voyage-inspirant-vous-attend\/#primaryimage\"},\"thumbnailUrl\":\"https:\/\/voyage-aventure.com\/blog\/wp-content\/uploads\/2025\/02\/stability-ne-manquez-pas-la-conference-de-rick-steves-a-luther-college-un-voyage-inspirant-vous-attend.png\",\"datePublished\":\"2026-06-16T14:58:56+00:00\",\"description\":\"Rick Steves, figure du voyage \u00e0 la t\u00e9l\u00e9vision et auteur de guides, monte sur la sc\u00e8ne de Luther College pour une conf\u00e9rence sur l'art de voyager avec une\",\"inLanguage\":\"fr-FR\",\"potentialAction\":[{\"@type\":\"ReadAction\",\"target\":[\"https:\/\/voyage-aventure.com\/blog\/a-la-une\/ne-manquez-pas-la-conference-de-rick-steves-a-luther-college-un-voyage-inspirant-vous-attend\/\"]}]},{\"@type\":\"ImageObject\",\"inLanguage\":\"fr-FR\",\"@id\":\"https:\/\/voyage-aventure.com\/blog\/a-la-une\/ne-manquez-pas-la-conference-de-rick-steves-a-luther-college-un-voyage-inspirant-vous-attend\/#primaryimage\",\"url\":\"https:\/\/voyage-aventure.com\/blog\/wp-content\/uploads\/2025\/02\/stability-ne-manquez-pas-la-conference-de-rick-steves-a-luther-college-un-voyage-inspirant-vous-attend.png\",\"contentUrl\":\"https:\/\/voyage-aventure.com\/blog\/wp-content\/uploads\/2025\/02\/stability-ne-manquez-pas-la-conference-de-rick-steves-a-luther-college-un-voyage-inspirant-vous-attend.png\",\"width\":1024,\"height\":576},{\"@type\":\"WebSite\",\"@id\":\"https:\/\/voyage-aventure.com\/blog\/#website\",\"url\":\"https:\/\/voyage-aventure.com\/blog\/\",\"name\":\"voyage-aventure.com\",\"description\":\"Votre passeport pour l\u2019inattendu.\",\"publisher\":{\"@id\":\"https:\/\/voyage-aventure.com\/blog\/#organization\"},\"alternateName\":\"Votre passeport pour l\u2019inattendu.\",\"potentialAction\":[{\"@type\":\"SearchAction\",\"target\":{\"@type\":\"EntryPoint\",\"urlTemplate\":\"https:\/\/voyage-aventure.com\/blog\/?s={search_term_string}\"},\"query-input\":{\"@type\":\"PropertyValueSpecification\",\"valueRequired\":true,\"valueName\":\"search_term_string\"}}],\"inLanguage\":\"fr-FR\"},{\"@type\":\"Organization\",\"@id\":\"https:\/\/voyage-aventure.com\/blog\/#organization\",\"name\":\"Foretsensations.fr\",\"url\":\"https:\/\/voyage-aventure.com\/blog\/\",\"logo\":{\"@type\":\"ImageObject\",\"inLanguage\":\"fr-FR\",\"@id\":\"https:\/\/voyage-aventure.com\/blog\/#\/schema\/logo\/image\/\",\"url\":\"https:\/\/voyage-aventure.com\/blog\/wp-content\/uploads\/2024\/12\/19.png\",\"contentUrl\":\"https:\/\/voyage-aventure.com\/blog\/wp-content\/uploads\/2024\/12\/19.png\",\"width\":512,\"height\":512,\"caption\":\"Foretsensations.fr\"},\"image\":{\"@id\":\"https:\/\/voyage-aventure.com\/blog\/#\/schema\/logo\/image\/\"}},{\"@type\":\"Person\",\"@id\":\"https:\/\/voyage-aventure.com\/blog\/#\/schema\/person\/3c864cdc320801e3db34b663e7e3f816\",\"name\":\"Camille Rouvray\",\"image\":{\"@type\":\"ImageObject\",\"inLanguage\":\"fr-FR\",\"@id\":\"https:\/\/voyage-aventure.com\/blog\/#\/schema\/person\/image\/\",\"url\":\"https:\/\/voyage-aventure.com\/blog\/wp-content\/uploads\/2026\/06\/persona_camille-r-96x96.jpg\",\"contentUrl\":\"https:\/\/voyage-aventure.com\/blog\/wp-content\/uploads\/2026\/06\/persona_camille-r-96x96.jpg\",\"caption\":\"Camille Rouvray\"},\"description\":\"Je voyage et j'\u00e9cris sur le voyage depuis une douzaine d'ann\u00e9es, d'abord en tant que routarde au long cours, puis comme r\u00e9dactrice sp\u00e9cialis\u00e9e. Mon terrain de pr\u00e9dilection, ce sont les circuits organis\u00e9s et l'art de bien pr\u00e9parer un itin\u00e9raire : choix de la saison, dur\u00e9e r\u00e9aliste des \u00e9tapes, budget jour par jour, logement et transport sur place. J'aime aussi raconter les p\u00e9pites urbaines, ces adresses qu'on ne trouve pas dans les guides classiques. Avant de publier un dossier destination, je croise toujours plusieurs sources, je v\u00e9rifie les tarifs et les formalit\u00e9s d'entr\u00e9e \u00e0 jour, et je teste moi-m\u00eame quand je le peux. Mon angle reste pratique avant tout : aider le lecteur \u00e0 partir l'esprit tranquille, sans mauvaise surprise une fois sur place. Je m'attache \u00e0 distinguer le coup de c\u0153ur sinc\u00e8re du simple argument marketing.\",\"sameAs\":[\"https:\/\/camillerouvray.fr\/\"],\"url\":\"https:\/\/voyage-aventure.com\/blog\/auteur\/noname\/\"}]}<\/script>\n<!-- \/ Yoast SEO Premium plugin. -->","yoast_head_json":{"title":"Ne manquez pas la conf\u00e9rence de Rick Steves \u00e0 Luther","description":"Rick Steves, figure du voyage \u00e0 la t\u00e9l\u00e9vision et auteur de guides, monte sur la sc\u00e8ne de Luther College pour une conf\u00e9rence sur l'art de voyager avec une","robots":{"index":"index","follow":"follow","max-snippet":"max-snippet:-1","max-image-preview":"max-image-preview:large","max-video-preview":"max-video-preview:-1"},"canonical":"https:\/\/voyage-aventure.com\/blog\/a-la-une\/ne-manquez-pas-la-conference-de-rick-steves-a-luther-college-un-voyage-inspirant-vous-attend\/","og_locale":"fr_FR","og_type":"article","og_title":"Ne manquez pas la conf\u00e9rence de Rick Steves \u00e0 Luther","og_description":"Rick Steves, figure du voyage \u00e0 la t\u00e9l\u00e9vision et auteur de guides, monte sur la sc\u00e8ne de Luther College pour une conf\u00e9rence sur l'art de voyager avec une","og_url":"https:\/\/voyage-aventure.com\/blog\/a-la-une\/ne-manquez-pas-la-conference-de-rick-steves-a-luther-college-un-voyage-inspirant-vous-attend\/","og_site_name":"voyage-aventure","og_image":[{"width":1024,"height":576,"url":"https:\/\/voyage-aventure.com\/blog\/wp-content\/uploads\/2025\/02\/stability-ne-manquez-pas-la-conference-de-rick-steves-a-luther-college-un-voyage-inspirant-vous-attend.png","type":"image\/png"}],"author":"Camille Rouvray","twitter_card":"summary_large_image","schema":{"@context":"https:\/\/schema.org","@graph":[{"@type":"NewsArticle","@id":"https:\/\/voyage-aventure.com\/blog\/a-la-une\/ne-manquez-pas-la-conference-de-rick-steves-a-luther-college-un-voyage-inspirant-vous-attend\/#article","isPartOf":{"@id":"https:\/\/voyage-aventure.com\/blog\/a-la-une\/ne-manquez-pas-la-conference-de-rick-steves-a-luther-college-un-voyage-inspirant-vous-attend\/"},"author":{"name":"Camille Rouvray","@id":"https:\/\/voyage-aventure.com\/blog\/#\/schema\/person\/3c864cdc320801e3db34b663e7e3f816"},"headline":"Ne manquez pas la conf\u00e9rence de Rick Steves \u00e0 Luther College : un voyage inspirant vous attend","datePublished":"2026-06-16T14:58:56+00:00","mainEntityOfPage":{"@id":"https:\/\/voyage-aventure.com\/blog\/a-la-une\/ne-manquez-pas-la-conference-de-rick-steves-a-luther-college-un-voyage-inspirant-vous-attend\/"},"wordCount":857,"commentCount":21,"publisher":{"@id":"https:\/\/voyage-aventure.com\/blog\/#organization"},"image":{"@id":"https:\/\/voyage-aventure.com\/blog\/a-la-une\/ne-manquez-pas-la-conference-de-rick-steves-a-luther-college-un-voyage-inspirant-vous-attend\/#primaryimage"},"thumbnailUrl":"https:\/\/voyage-aventure.com\/blog\/wp-content\/uploads\/2025\/02\/stability-ne-manquez-pas-la-conference-de-rick-steves-a-luther-college-un-voyage-inspirant-vous-attend.png","keywords":["Activit\u00e9s Vari\u00e9es","D\u00e9couverte Culturelle","Immersion Culturelle","Passion Du Voyage","Voyage"],"articleSection":["\u00c0 la une"],"inLanguage":"fr-FR","potentialAction":[{"@type":"CommentAction","name":"Comment","target":["https:\/\/voyage-aventure.com\/blog\/a-la-une\/ne-manquez-pas-la-conference-de-rick-steves-a-luther-college-un-voyage-inspirant-vous-attend\/#respond"]}]},{"@type":"WebPage","@id":"https:\/\/voyage-aventure.com\/blog\/a-la-une\/ne-manquez-pas-la-conference-de-rick-steves-a-luther-college-un-voyage-inspirant-vous-attend\/","url":"https:\/\/voyage-aventure.com\/blog\/a-la-une\/ne-manquez-pas-la-conference-de-rick-steves-a-luther-college-un-voyage-inspirant-vous-attend\/","name":"Ne manquez pas la conf\u00e9rence de Rick Steves \u00e0 Luther","isPartOf":{"@id":"https:\/\/voyage-aventure.com\/blog\/#website"},"primaryImageOfPage":{"@id":"https:\/\/voyage-aventure.com\/blog\/a-la-une\/ne-manquez-pas-la-conference-de-rick-steves-a-luther-college-un-voyage-inspirant-vous-attend\/#primaryimage"},"image":{"@id":"https:\/\/voyage-aventure.com\/blog\/a-la-une\/ne-manquez-pas-la-conference-de-rick-steves-a-luther-college-un-voyage-inspirant-vous-attend\/#primaryimage"},"thumbnailUrl":"https:\/\/voyage-aventure.com\/blog\/wp-content\/uploads\/2025\/02\/stability-ne-manquez-pas-la-conference-de-rick-steves-a-luther-college-un-voyage-inspirant-vous-attend.png","datePublished":"2026-06-16T14:58:56+00:00","description":"Rick Steves, figure du voyage \u00e0 la t\u00e9l\u00e9vision et auteur de guides, monte sur la sc\u00e8ne de Luther College pour une conf\u00e9rence sur l'art de voyager avec une","inLanguage":"fr-FR","potentialAction":[{"@type":"ReadAction","target":["https:\/\/voyage-aventure.com\/blog\/a-la-une\/ne-manquez-pas-la-conference-de-rick-steves-a-luther-college-un-voyage-inspirant-vous-attend\/"]}]},{"@type":"ImageObject","inLanguage":"fr-FR","@id":"https:\/\/voyage-aventure.com\/blog\/a-la-une\/ne-manquez-pas-la-conference-de-rick-steves-a-luther-college-un-voyage-inspirant-vous-attend\/#primaryimage","url":"https:\/\/voyage-aventure.com\/blog\/wp-content\/uploads\/2025\/02\/stability-ne-manquez-pas-la-conference-de-rick-steves-a-luther-college-un-voyage-inspirant-vous-attend.png","contentUrl":"https:\/\/voyage-aventure.com\/blog\/wp-content\/uploads\/2025\/02\/stability-ne-manquez-pas-la-conference-de-rick-steves-a-luther-college-un-voyage-inspirant-vous-attend.png","width":1024,"height":576},{"@type":"WebSite","@id":"https:\/\/voyage-aventure.com\/blog\/#website","url":"https:\/\/voyage-aventure.com\/blog\/","name":"voyage-aventure.com","description":"Votre passeport pour l\u2019inattendu.","publisher":{"@id":"https:\/\/voyage-aventure.com\/blog\/#organization"},"alternateName":"Votre passeport pour l\u2019inattendu.","potentialAction":[{"@type":"SearchAction","target":{"@type":"EntryPoint","urlTemplate":"https:\/\/voyage-aventure.com\/blog\/?s={search_term_string}"},"query-input":{"@type":"PropertyValueSpecification","valueRequired":true,"valueName":"search_term_string"}}],"inLanguage":"fr-FR"},{"@type":"Organization","@id":"https:\/\/voyage-aventure.com\/blog\/#organization","name":"Foretsensations.fr","url":"https:\/\/voyage-aventure.com\/blog\/","logo":{"@type":"ImageObject","inLanguage":"fr-FR","@id":"https:\/\/voyage-aventure.com\/blog\/#\/schema\/logo\/image\/","url":"https:\/\/voyage-aventure.com\/blog\/wp-content\/uploads\/2024\/12\/19.png","contentUrl":"https:\/\/voyage-aventure.com\/blog\/wp-content\/uploads\/2024\/12\/19.png","width":512,"height":512,"caption":"Foretsensations.fr"},"image":{"@id":"https:\/\/voyage-aventure.com\/blog\/#\/schema\/logo\/image\/"}},{"@type":"Person","@id":"https:\/\/voyage-aventure.com\/blog\/#\/schema\/person\/3c864cdc320801e3db34b663e7e3f816","name":"Camille Rouvray","image":{"@type":"ImageObject","inLanguage":"fr-FR","@id":"https:\/\/voyage-aventure.com\/blog\/#\/schema\/person\/image\/","url":"https:\/\/voyage-aventure.com\/blog\/wp-content\/uploads\/2026\/06\/persona_camille-r-96x96.jpg","contentUrl":"https:\/\/voyage-aventure.com\/blog\/wp-content\/uploads\/2026\/06\/persona_camille-r-96x96.jpg","caption":"Camille Rouvray"},"description":"Je voyage et j'\u00e9cris sur le voyage depuis une douzaine d'ann\u00e9es, d'abord en tant que routarde au long cours, puis comme r\u00e9dactrice sp\u00e9cialis\u00e9e. Mon terrain de pr\u00e9dilection, ce sont les circuits organis\u00e9s et l'art de bien pr\u00e9parer un itin\u00e9raire : choix de la saison, dur\u00e9e r\u00e9aliste des \u00e9tapes, budget jour par jour, logement et transport sur place. J'aime aussi raconter les p\u00e9pites urbaines, ces adresses qu'on ne trouve pas dans les guides classiques. Avant de publier un dossier destination, je croise toujours plusieurs sources, je v\u00e9rifie les tarifs et les formalit\u00e9s d'entr\u00e9e \u00e0 jour, et je teste moi-m\u00eame quand je le peux. Mon angle reste pratique avant tout : aider le lecteur \u00e0 partir l'esprit tranquille, sans mauvaise surprise une fois sur place. Je m'attache \u00e0 distinguer le coup de c\u0153ur sinc\u00e8re du simple argument marketing.","sameAs":["https:\/\/camillerouvray.fr\/"],"url":"https:\/\/voyage-aventure.com\/blog\/auteur\/noname\/"}]}},"_links":{"self":[{"href":"https:\/\/voyage-aventure.com\/blog\/wp-json\/wp\/v2\/posts\/13631","targetHints":{"allow":["GET"]}}],"collection":[{"href":"https:\/\/voyage-aventure.com\/blog\/wp-json\/wp\/v2\/posts"}],"about":[{"href":"https:\/\/voyage-aventure.com\/blog\/wp-json\/wp\/v2\/types\/post"}],"author":[{"embeddable":true,"href":"https:\/\/voyage-aventure.com\/blog\/wp-json\/wp\/v2\/users\/34"}],"replies":[{"embeddable":true,"href":"https:\/\/voyage-aventure.com\/blog\/wp-json\/wp\/v2\/comments?post=13631"}],"version-history":[{"count":3,"href":"https:\/\/voyage-aventure.com\/blog\/wp-json\/wp\/v2\/posts\/13631\/revisions"}],"predecessor-version":[{"id":22716,"href":"https:\/\/voyage-aventure.com\/blog\/wp-json\/wp\/v2\/posts\/13631\/revisions\/22716"}],"wp:featuredmedia":[{"embeddable":true,"href":"https:\/\/voyage-aventure.com\/blog\/wp-json\/wp\/v2\/media\/13632"}],"wp:attachment":[{"href":"https:\/\/voyage-aventure.com\/blog\/wp-json\/wp\/v2\/media?parent=13631"}],"wp:term":[{"taxonomy":"category","embeddable":true,"href":"https:\/\/voyage-aventure.com\/blog\/wp-json\/wp\/v2\/categories?post=13631"},{"taxonomy":"post_tag","embeddable":true,"href":"https:\/\/voyage-aventure.com\/blog\/wp-json\/wp\/v2\/tags?post=13631"}],"curies":[{"name":"wp","href":"https:\/\/api.w.org\/{rel}","templated":true}]}}