{"id":13615,"date":"2025-02-26T16:08:12","date_gmt":"2025-02-26T15:08:12","guid":{"rendered":"https:\/\/voyage-aventure.com\/blog\/?p=13615"},"modified":"2025-02-26T15:19:14","modified_gmt":"2025-02-26T14:19:14","slug":"les-tendances-de-voyage-printanieres-2025-adoptez-le-rythme-lent-et-doux-du-voyage","status":"publish","type":"post","link":"https:\/\/voyage-aventure.com\/blog\/a-la-une\/les-tendances-de-voyage-printanieres-2025-adoptez-le-rythme-lent-et-doux-du-voyage\/","title":{"rendered":"Les tendances de voyage printani\u00e8res 2025 : adoptez le rythme lent et doux du voyage"},"content":{"rendered":"<p>Motiv\u00e9s par le d\u00e9sir de se recentrer, de s&rsquo;immerger dans des \u00e9v\u00e9nements culturels et de passer du temps de qualit\u00e9 avec leur famille, ils explorent des destinations vari\u00e9es \u00e0 travers le monde. Des plages \u00e9poustouflantes d&rsquo;Ubatuba, au Br\u00e9sil, aux charmantes villes europ\u00e9ennes de B\u00e2le, en Suisse, et de Cologne, en Allemagne, les choix sont multiples.<\/p>\n<h2>Le d\u00e9sir de voyager seul et le confort du voyage doux<\/h2>\n<p>Les vacances de printemps \u00e9voluent vers un mod\u00e8le de voyage moins d\u00e9pendant des groupes, avec l&rsquo;\u00e9mergence de deux tendances majeures. La premi\u00e8re, c&rsquo;est l&rsquo;essor du voyage solo, o\u00f9 les individus se concentrent sur des voyages \u00e0 rythme tranquille, favorisant le bien-\u00eatre et la d\u00e9tente. Ces aventuriers solitaires choisissent des s\u00e9jours plus longs, avec une moyenne de 17 nuits, contre 9 nuits pour les couples et 8 nuits pour les familles.<\/p>\n<p>La deuxi\u00e8me tendance est l&rsquo;inclusion des animaux de compagnie dans ces escapades. Les voyageurs adoptent une approche litt\u00e9rale du voyage doux en emmenant leurs compagnons \u00e0 quatre pattes avec eux, ce qui r\u00e9v\u00e8le un d\u00e9sir croissant de personnalisation des exp\u00e9riences de vacances.<\/p>\n<ul>\n<li>Les recherches de voyages en solo ont connu une augmentation de 90 % par rapport \u00e0 l&rsquo;ann\u00e9e derni\u00e8re.<\/li>\n<li>La demande pour des voyages avec des animaux de compagnie a augment\u00e9 de 30 % cette saison.<\/li>\n<li>Les \u00e9chapp\u00e9es \u00e0 la campagne sont de plus en plus populaires cette ann\u00e9e.<\/li>\n<li>Les destinations familiales proposant des activit\u00e9s adapt\u00e9es, comme les parades \u00e0 Cologne et les explorations \u00e9ducatives \u00e0 Ubatuba, sont tendance.<\/li>\n<\/ul>\n<p><iframe loading=\"lazy\" title=\"\ud83d\udd14 Knock, Knock, Knock and Other Stories \ud83d\udcd6 | Ivan Turgenev&#039;s Haunting Tales \ud83c\udfad\" width=\"1200\" height=\"675\" src=\"https:\/\/www.youtube.com\/embed\/1oy3o8oLPgI?feature=oembed\" frameborder=\"0\" allow=\"accelerometer; autoplay; clipboard-write; encrypted-media; gyroscope; picture-in-picture; web-share\" referrerpolicy=\"strict-origin-when-cross-origin\" allowfullscreen><\/iframe><\/p>\n<h2>Destinations en vogue pour le printemps<\/h2>\n<p>Voici quelques-unes des destinations les plus recherch\u00e9es pour ce printemps, bas\u00e9es sur une augmentation des recherches par rapport \u00e0 l&rsquo;ann\u00e9e pr\u00e9c\u00e9dente :<\/p>\n<h3>B\u00e2le, Suisse<\/h3>\n<p>B\u00e2le s&rsquo;annonce comme une destination dynamique ce printemps, avec l&rsquo;accueil du prestigieux concours international de chant d\u00e9but mai. En plus de cet \u00e9v\u00e9nement, les amateurs de musique du monde entier pourront d\u00e9couvrir le riche patrimoine culturel de la ville \u00e0 travers ses mus\u00e9es renomm\u00e9s et sa sc\u00e8ne culinaire vivante.<img decoding=\"async\" width=\"1024\" height=\"576\" src=\"https:\/\/voyage-aventure.com\/blog\/wp-content\/uploads\/2025\/02\/stability-les-tendances-de-voyage-printanieres-2025-adoptez-le-rythme-lent-et-doux-du-voyage-1.png\" class=\"aligncenter\" alt=\"Illustration d\u00e9taill\u00e9e sur Les tendances de voyage printani\u00e8res 2025 : adoptez le rythme lent et doux du voyage\" title=\"Les tendances de voyage printani\u00e8res 2025 : adoptez le rythme lent et doux du voyage\" loading=\"lazy\" \/><\/p>\n<p>Ubatuba, au Br\u00e9sil, est quant \u00e0 elle la destination c\u00f4ti\u00e8re id\u00e9ale pour ceux qui souhaitent fuir l&rsquo;agitation de S\u00e3o Paulo pendant le long week-end national du 1er au 4 mai. Avec ses plages magnifiques et sa culture locale vibrante, Ubatuba offre une combinaison parfaite de d\u00e9tente et d&rsquo;aventure.<\/p>\n<h2>Des exp\u00e9riences \u00e0 ne pas manquer<\/h2>\n<p>Les voyageurs peuvent s&rsquo;attendre \u00e0 vivre des moments inoubliables dans des lieux embl\u00e9matiques :<\/p>\n<p>La ville de Gulf Shores, en Alabama, propose une multitude d&rsquo;activit\u00e9s pour tous les \u00e2ges, allant des sports nautiques \u00e0 la d\u00e9couverte des plages locales et des parcs. Les sp\u00e9cialit\u00e9s culinaires de la r\u00e9gion, notamment les fruits de mer, peuvent \u00eatre savour\u00e9es dans le cadre de d\u00eeners priv\u00e9s, faisant de Gulf Shores un lieu de choix pour les gourmets.<\/p>\n<p>\u00c0 Taito City, au Japon, les visiteurs peuvent explorer le quartier historique d&rsquo;Asakusa et admirer le Tokyo Skytree. Ce m\u00e9lange de traditions anciennes et de modernit\u00e9 attire les amateurs de culture, tandis que la c\u00e9r\u00e9monie du th\u00e9 japonaise offre une exp\u00e9rience authentique.<\/p>\n<blockquote><p>\u00ab Voyager, c&rsquo;est d\u00e9couvrir le monde \u00e0 notre rythme, savourer chaque moment. \u00bb<\/p><\/blockquote>\n<p>Cologne, en Allemagne, est particuli\u00e8rement anim\u00e9e lors du carnaval de Cologne en mars. Les rues se transforment en une f\u00eate joyeuse remplie de musique et de danse, permettant aux visiteurs de go\u00fbter \u00e0 la joie de vivre colonaise dans ses brasseries traditionnelles.<\/p>\n<p>Enfin, Corfou, en Gr\u00e8ce, est une destination pris\u00e9e pour ses paysages c\u00f4tiers et ses \u00e9v\u00e9nements culturels, comme le Festival de musique de Corfou. Participer \u00e0 un s\u00e9minaire apicole ou explorer les jardins lors du Festival des jardins de Corfou enrichira l&rsquo;exp\u00e9rience des voyageurs.<\/p>\n","protected":false},"excerpt":{"rendered":"","protected":false},"author":34,"featured_media":13616,"comment_status":"open","ping_status":"open","sticky":false,"template":"","format":"standard","meta":{"_acf_changed":false,"manual_indexmenow":false,"indexmenow_id_project":0,"footnotes":""},"categories":[1],"tags":[4538,4527,4530,4535,5755],"class_list":["post-13615","post","type-post","status-publish","format-standard","has-post-thumbnail","hentry","category-a-la-une","tag-activites-variees","tag-decouverte-culturelle","tag-escapade-en-europe","tag-gastronomie-locale","tag-voyage-en-solo","generate-columns","tablet-grid-50","mobile-grid-100","grid-parent","grid-25"],"acf":[],"yoast_head":"<!-- This site is optimized with the Yoast SEO Premium plugin v21.3 (Yoast SEO v25.1) - https:\/\/yoast.com\/wordpress\/plugins\/seo\/ -->\n<title>Les tendances de voyage printani\u00e8res 2025 : adoptez le<\/title>\n<meta name=\"description\" content=\"Motiv\u00e9s par le d\u00e9sir de se recentrer, de s&#039;immerger dans des \u00e9v\u00e9nements culturels et de passer du temps de qualit\u00e9 avec leur famille, ils explorent des\" \/>\n<meta name=\"robots\" content=\"index, follow, max-snippet:-1, max-image-preview:large, max-video-preview:-1\" \/>\n<link rel=\"canonical\" href=\"https:\/\/voyage-aventure.com\/blog\/a-la-une\/les-tendances-de-voyage-printanieres-2025-adoptez-le-rythme-lent-et-doux-du-voyage\/\" \/>\n<meta property=\"og:locale\" content=\"fr_FR\" \/>\n<meta property=\"og:type\" content=\"article\" \/>\n<meta property=\"og:title\" content=\"Les tendances de voyage printani\u00e8res 2025 : adoptez le\" \/>\n<meta property=\"og:description\" content=\"Motiv\u00e9s par le d\u00e9sir de se recentrer, de s&#039;immerger dans des \u00e9v\u00e9nements culturels et de passer du temps de qualit\u00e9 avec leur famille, ils explorent des\" \/>\n<meta property=\"og:url\" content=\"https:\/\/voyage-aventure.com\/blog\/a-la-une\/les-tendances-de-voyage-printanieres-2025-adoptez-le-rythme-lent-et-doux-du-voyage\/\" \/>\n<meta property=\"og:site_name\" content=\"voyage-aventure\" \/>\n<meta property=\"og:image\" content=\"https:\/\/voyage-aventure.com\/blog\/wp-content\/uploads\/2025\/02\/stability-les-tendances-de-voyage-printanieres-2025-adoptez-le-rythme-lent-et-doux-du-voyage.png\" \/>\n\t<meta property=\"og:image:width\" content=\"1024\" \/>\n\t<meta property=\"og:image:height\" content=\"576\" \/>\n\t<meta property=\"og:image:type\" content=\"image\/png\" \/>\n<meta name=\"author\" content=\"Camille Rouvray\" \/>\n<meta name=\"twitter:card\" content=\"summary_large_image\" \/>\n<script type=\"application\/ld+json\" class=\"yoast-schema-graph\">{\"@context\":\"https:\/\/schema.org\",\"@graph\":[{\"@type\":\"NewsArticle\",\"@id\":\"https:\/\/voyage-aventure.com\/blog\/a-la-une\/les-tendances-de-voyage-printanieres-2025-adoptez-le-rythme-lent-et-doux-du-voyage\/#article\",\"isPartOf\":{\"@id\":\"https:\/\/voyage-aventure.com\/blog\/a-la-une\/les-tendances-de-voyage-printanieres-2025-adoptez-le-rythme-lent-et-doux-du-voyage\/\"},\"author\":{\"name\":\"Camille Rouvray\",\"@id\":\"https:\/\/voyage-aventure.com\/blog\/#\/schema\/person\/3c864cdc320801e3db34b663e7e3f816\"},\"headline\":\"Les tendances de voyage printani\u00e8res 2025 : adoptez le rythme lent et doux du voyage\",\"datePublished\":\"2025-02-26T15:08:12+00:00\",\"mainEntityOfPage\":{\"@id\":\"https:\/\/voyage-aventure.com\/blog\/a-la-une\/les-tendances-de-voyage-printanieres-2025-adoptez-le-rythme-lent-et-doux-du-voyage\/\"},\"wordCount\":670,\"commentCount\":25,\"publisher\":{\"@id\":\"https:\/\/voyage-aventure.com\/blog\/#organization\"},\"image\":{\"@id\":\"https:\/\/voyage-aventure.com\/blog\/a-la-une\/les-tendances-de-voyage-printanieres-2025-adoptez-le-rythme-lent-et-doux-du-voyage\/#primaryimage\"},\"thumbnailUrl\":\"https:\/\/voyage-aventure.com\/blog\/wp-content\/uploads\/2025\/02\/stability-les-tendances-de-voyage-printanieres-2025-adoptez-le-rythme-lent-et-doux-du-voyage.png\",\"keywords\":[\"Activit\u00e9s Vari\u00e9es\",\"D\u00e9couverte Culturelle\",\"Escapade en Europe\",\"Gastronomie Locale\",\"Voyage en solo\"],\"articleSection\":[\"\u00c0 la une\"],\"inLanguage\":\"fr-FR\",\"potentialAction\":[{\"@type\":\"CommentAction\",\"name\":\"Comment\",\"target\":[\"https:\/\/voyage-aventure.com\/blog\/a-la-une\/les-tendances-de-voyage-printanieres-2025-adoptez-le-rythme-lent-et-doux-du-voyage\/#respond\"]}]},{\"@type\":\"WebPage\",\"@id\":\"https:\/\/voyage-aventure.com\/blog\/a-la-une\/les-tendances-de-voyage-printanieres-2025-adoptez-le-rythme-lent-et-doux-du-voyage\/\",\"url\":\"https:\/\/voyage-aventure.com\/blog\/a-la-une\/les-tendances-de-voyage-printanieres-2025-adoptez-le-rythme-lent-et-doux-du-voyage\/\",\"name\":\"Les tendances de voyage printani\u00e8res 2025 : adoptez le\",\"isPartOf\":{\"@id\":\"https:\/\/voyage-aventure.com\/blog\/#website\"},\"primaryImageOfPage\":{\"@id\":\"https:\/\/voyage-aventure.com\/blog\/a-la-une\/les-tendances-de-voyage-printanieres-2025-adoptez-le-rythme-lent-et-doux-du-voyage\/#primaryimage\"},\"image\":{\"@id\":\"https:\/\/voyage-aventure.com\/blog\/a-la-une\/les-tendances-de-voyage-printanieres-2025-adoptez-le-rythme-lent-et-doux-du-voyage\/#primaryimage\"},\"thumbnailUrl\":\"https:\/\/voyage-aventure.com\/blog\/wp-content\/uploads\/2025\/02\/stability-les-tendances-de-voyage-printanieres-2025-adoptez-le-rythme-lent-et-doux-du-voyage.png\",\"datePublished\":\"2025-02-26T15:08:12+00:00\",\"description\":\"Motiv\u00e9s par le d\u00e9sir de se recentrer, de s'immerger dans des \u00e9v\u00e9nements culturels et de passer du temps de qualit\u00e9 avec leur famille, ils explorent des\",\"inLanguage\":\"fr-FR\",\"potentialAction\":[{\"@type\":\"ReadAction\",\"target\":[\"https:\/\/voyage-aventure.com\/blog\/a-la-une\/les-tendances-de-voyage-printanieres-2025-adoptez-le-rythme-lent-et-doux-du-voyage\/\"]}]},{\"@type\":\"ImageObject\",\"inLanguage\":\"fr-FR\",\"@id\":\"https:\/\/voyage-aventure.com\/blog\/a-la-une\/les-tendances-de-voyage-printanieres-2025-adoptez-le-rythme-lent-et-doux-du-voyage\/#primaryimage\",\"url\":\"https:\/\/voyage-aventure.com\/blog\/wp-content\/uploads\/2025\/02\/stability-les-tendances-de-voyage-printanieres-2025-adoptez-le-rythme-lent-et-doux-du-voyage.png\",\"contentUrl\":\"https:\/\/voyage-aventure.com\/blog\/wp-content\/uploads\/2025\/02\/stability-les-tendances-de-voyage-printanieres-2025-adoptez-le-rythme-lent-et-doux-du-voyage.png\",\"width\":1024,\"height\":576},{\"@type\":\"WebSite\",\"@id\":\"https:\/\/voyage-aventure.com\/blog\/#website\",\"url\":\"https:\/\/voyage-aventure.com\/blog\/\",\"name\":\"voyage-aventure.com\",\"description\":\"Votre passeport pour l\u2019inattendu.\",\"publisher\":{\"@id\":\"https:\/\/voyage-aventure.com\/blog\/#organization\"},\"alternateName\":\"Votre passeport pour l\u2019inattendu.\",\"potentialAction\":[{\"@type\":\"SearchAction\",\"target\":{\"@type\":\"EntryPoint\",\"urlTemplate\":\"https:\/\/voyage-aventure.com\/blog\/?s={search_term_string}\"},\"query-input\":{\"@type\":\"PropertyValueSpecification\",\"valueRequired\":true,\"valueName\":\"search_term_string\"}}],\"inLanguage\":\"fr-FR\"},{\"@type\":\"Organization\",\"@id\":\"https:\/\/voyage-aventure.com\/blog\/#organization\",\"name\":\"Foretsensations.fr\",\"url\":\"https:\/\/voyage-aventure.com\/blog\/\",\"logo\":{\"@type\":\"ImageObject\",\"inLanguage\":\"fr-FR\",\"@id\":\"https:\/\/voyage-aventure.com\/blog\/#\/schema\/logo\/image\/\",\"url\":\"https:\/\/voyage-aventure.com\/blog\/wp-content\/uploads\/2024\/12\/19.png\",\"contentUrl\":\"https:\/\/voyage-aventure.com\/blog\/wp-content\/uploads\/2024\/12\/19.png\",\"width\":512,\"height\":512,\"caption\":\"Foretsensations.fr\"},\"image\":{\"@id\":\"https:\/\/voyage-aventure.com\/blog\/#\/schema\/logo\/image\/\"}},{\"@type\":\"Person\",\"@id\":\"https:\/\/voyage-aventure.com\/blog\/#\/schema\/person\/3c864cdc320801e3db34b663e7e3f816\",\"name\":\"Camille Rouvray\",\"image\":{\"@type\":\"ImageObject\",\"inLanguage\":\"fr-FR\",\"@id\":\"https:\/\/voyage-aventure.com\/blog\/#\/schema\/person\/image\/\",\"url\":\"https:\/\/voyage-aventure.com\/blog\/wp-content\/uploads\/2026\/06\/persona_camille-r-96x96.jpg\",\"contentUrl\":\"https:\/\/voyage-aventure.com\/blog\/wp-content\/uploads\/2026\/06\/persona_camille-r-96x96.jpg\",\"caption\":\"Camille Rouvray\"},\"description\":\"Je voyage et j'\u00e9cris sur le voyage depuis une douzaine d'ann\u00e9es, d'abord en tant que routarde au long cours, puis comme r\u00e9dactrice sp\u00e9cialis\u00e9e. Mon terrain de pr\u00e9dilection, ce sont les circuits organis\u00e9s et l'art de bien pr\u00e9parer un itin\u00e9raire : choix de la saison, dur\u00e9e r\u00e9aliste des \u00e9tapes, budget jour par jour, logement et transport sur place. J'aime aussi raconter les p\u00e9pites urbaines, ces adresses qu'on ne trouve pas dans les guides classiques. Avant de publier un dossier destination, je croise toujours plusieurs sources, je v\u00e9rifie les tarifs et les formalit\u00e9s d'entr\u00e9e \u00e0 jour, et je teste moi-m\u00eame quand je le peux. Mon angle reste pratique avant tout : aider le lecteur \u00e0 partir l'esprit tranquille, sans mauvaise surprise une fois sur place. Je m'attache \u00e0 distinguer le coup de c\u0153ur sinc\u00e8re du simple argument marketing.\",\"sameAs\":[\"https:\/\/camillerouvray.fr\/\"],\"url\":\"https:\/\/voyage-aventure.com\/blog\/auteur\/noname\/\"}]}<\/script>\n<!-- \/ Yoast SEO Premium plugin. -->","yoast_head_json":{"title":"Les tendances de voyage printani\u00e8res 2025 : adoptez le","description":"Motiv\u00e9s par le d\u00e9sir de se recentrer, de s'immerger dans des \u00e9v\u00e9nements culturels et de passer du temps de qualit\u00e9 avec leur famille, ils explorent des","robots":{"index":"index","follow":"follow","max-snippet":"max-snippet:-1","max-image-preview":"max-image-preview:large","max-video-preview":"max-video-preview:-1"},"canonical":"https:\/\/voyage-aventure.com\/blog\/a-la-une\/les-tendances-de-voyage-printanieres-2025-adoptez-le-rythme-lent-et-doux-du-voyage\/","og_locale":"fr_FR","og_type":"article","og_title":"Les tendances de voyage printani\u00e8res 2025 : adoptez le","og_description":"Motiv\u00e9s par le d\u00e9sir de se recentrer, de s'immerger dans des \u00e9v\u00e9nements culturels et de passer du temps de qualit\u00e9 avec leur famille, ils explorent des","og_url":"https:\/\/voyage-aventure.com\/blog\/a-la-une\/les-tendances-de-voyage-printanieres-2025-adoptez-le-rythme-lent-et-doux-du-voyage\/","og_site_name":"voyage-aventure","og_image":[{"width":1024,"height":576,"url":"https:\/\/voyage-aventure.com\/blog\/wp-content\/uploads\/2025\/02\/stability-les-tendances-de-voyage-printanieres-2025-adoptez-le-rythme-lent-et-doux-du-voyage.png","type":"image\/png"}],"author":"Camille Rouvray","twitter_card":"summary_large_image","schema":{"@context":"https:\/\/schema.org","@graph":[{"@type":"NewsArticle","@id":"https:\/\/voyage-aventure.com\/blog\/a-la-une\/les-tendances-de-voyage-printanieres-2025-adoptez-le-rythme-lent-et-doux-du-voyage\/#article","isPartOf":{"@id":"https:\/\/voyage-aventure.com\/blog\/a-la-une\/les-tendances-de-voyage-printanieres-2025-adoptez-le-rythme-lent-et-doux-du-voyage\/"},"author":{"name":"Camille Rouvray","@id":"https:\/\/voyage-aventure.com\/blog\/#\/schema\/person\/3c864cdc320801e3db34b663e7e3f816"},"headline":"Les tendances de voyage printani\u00e8res 2025 : adoptez le rythme lent et doux du voyage","datePublished":"2025-02-26T15:08:12+00:00","mainEntityOfPage":{"@id":"https:\/\/voyage-aventure.com\/blog\/a-la-une\/les-tendances-de-voyage-printanieres-2025-adoptez-le-rythme-lent-et-doux-du-voyage\/"},"wordCount":670,"commentCount":25,"publisher":{"@id":"https:\/\/voyage-aventure.com\/blog\/#organization"},"image":{"@id":"https:\/\/voyage-aventure.com\/blog\/a-la-une\/les-tendances-de-voyage-printanieres-2025-adoptez-le-rythme-lent-et-doux-du-voyage\/#primaryimage"},"thumbnailUrl":"https:\/\/voyage-aventure.com\/blog\/wp-content\/uploads\/2025\/02\/stability-les-tendances-de-voyage-printanieres-2025-adoptez-le-rythme-lent-et-doux-du-voyage.png","keywords":["Activit\u00e9s Vari\u00e9es","D\u00e9couverte Culturelle","Escapade en Europe","Gastronomie Locale","Voyage en solo"],"articleSection":["\u00c0 la une"],"inLanguage":"fr-FR","potentialAction":[{"@type":"CommentAction","name":"Comment","target":["https:\/\/voyage-aventure.com\/blog\/a-la-une\/les-tendances-de-voyage-printanieres-2025-adoptez-le-rythme-lent-et-doux-du-voyage\/#respond"]}]},{"@type":"WebPage","@id":"https:\/\/voyage-aventure.com\/blog\/a-la-une\/les-tendances-de-voyage-printanieres-2025-adoptez-le-rythme-lent-et-doux-du-voyage\/","url":"https:\/\/voyage-aventure.com\/blog\/a-la-une\/les-tendances-de-voyage-printanieres-2025-adoptez-le-rythme-lent-et-doux-du-voyage\/","name":"Les tendances de voyage printani\u00e8res 2025 : adoptez le","isPartOf":{"@id":"https:\/\/voyage-aventure.com\/blog\/#website"},"primaryImageOfPage":{"@id":"https:\/\/voyage-aventure.com\/blog\/a-la-une\/les-tendances-de-voyage-printanieres-2025-adoptez-le-rythme-lent-et-doux-du-voyage\/#primaryimage"},"image":{"@id":"https:\/\/voyage-aventure.com\/blog\/a-la-une\/les-tendances-de-voyage-printanieres-2025-adoptez-le-rythme-lent-et-doux-du-voyage\/#primaryimage"},"thumbnailUrl":"https:\/\/voyage-aventure.com\/blog\/wp-content\/uploads\/2025\/02\/stability-les-tendances-de-voyage-printanieres-2025-adoptez-le-rythme-lent-et-doux-du-voyage.png","datePublished":"2025-02-26T15:08:12+00:00","description":"Motiv\u00e9s par le d\u00e9sir de se recentrer, de s'immerger dans des \u00e9v\u00e9nements culturels et de passer du temps de qualit\u00e9 avec leur famille, ils explorent des","inLanguage":"fr-FR","potentialAction":[{"@type":"ReadAction","target":["https:\/\/voyage-aventure.com\/blog\/a-la-une\/les-tendances-de-voyage-printanieres-2025-adoptez-le-rythme-lent-et-doux-du-voyage\/"]}]},{"@type":"ImageObject","inLanguage":"fr-FR","@id":"https:\/\/voyage-aventure.com\/blog\/a-la-une\/les-tendances-de-voyage-printanieres-2025-adoptez-le-rythme-lent-et-doux-du-voyage\/#primaryimage","url":"https:\/\/voyage-aventure.com\/blog\/wp-content\/uploads\/2025\/02\/stability-les-tendances-de-voyage-printanieres-2025-adoptez-le-rythme-lent-et-doux-du-voyage.png","contentUrl":"https:\/\/voyage-aventure.com\/blog\/wp-content\/uploads\/2025\/02\/stability-les-tendances-de-voyage-printanieres-2025-adoptez-le-rythme-lent-et-doux-du-voyage.png","width":1024,"height":576},{"@type":"WebSite","@id":"https:\/\/voyage-aventure.com\/blog\/#website","url":"https:\/\/voyage-aventure.com\/blog\/","name":"voyage-aventure.com","description":"Votre passeport pour l\u2019inattendu.","publisher":{"@id":"https:\/\/voyage-aventure.com\/blog\/#organization"},"alternateName":"Votre passeport pour l\u2019inattendu.","potentialAction":[{"@type":"SearchAction","target":{"@type":"EntryPoint","urlTemplate":"https:\/\/voyage-aventure.com\/blog\/?s={search_term_string}"},"query-input":{"@type":"PropertyValueSpecification","valueRequired":true,"valueName":"search_term_string"}}],"inLanguage":"fr-FR"},{"@type":"Organization","@id":"https:\/\/voyage-aventure.com\/blog\/#organization","name":"Foretsensations.fr","url":"https:\/\/voyage-aventure.com\/blog\/","logo":{"@type":"ImageObject","inLanguage":"fr-FR","@id":"https:\/\/voyage-aventure.com\/blog\/#\/schema\/logo\/image\/","url":"https:\/\/voyage-aventure.com\/blog\/wp-content\/uploads\/2024\/12\/19.png","contentUrl":"https:\/\/voyage-aventure.com\/blog\/wp-content\/uploads\/2024\/12\/19.png","width":512,"height":512,"caption":"Foretsensations.fr"},"image":{"@id":"https:\/\/voyage-aventure.com\/blog\/#\/schema\/logo\/image\/"}},{"@type":"Person","@id":"https:\/\/voyage-aventure.com\/blog\/#\/schema\/person\/3c864cdc320801e3db34b663e7e3f816","name":"Camille Rouvray","image":{"@type":"ImageObject","inLanguage":"fr-FR","@id":"https:\/\/voyage-aventure.com\/blog\/#\/schema\/person\/image\/","url":"https:\/\/voyage-aventure.com\/blog\/wp-content\/uploads\/2026\/06\/persona_camille-r-96x96.jpg","contentUrl":"https:\/\/voyage-aventure.com\/blog\/wp-content\/uploads\/2026\/06\/persona_camille-r-96x96.jpg","caption":"Camille Rouvray"},"description":"Je voyage et j'\u00e9cris sur le voyage depuis une douzaine d'ann\u00e9es, d'abord en tant que routarde au long cours, puis comme r\u00e9dactrice sp\u00e9cialis\u00e9e. Mon terrain de pr\u00e9dilection, ce sont les circuits organis\u00e9s et l'art de bien pr\u00e9parer un itin\u00e9raire : choix de la saison, dur\u00e9e r\u00e9aliste des \u00e9tapes, budget jour par jour, logement et transport sur place. J'aime aussi raconter les p\u00e9pites urbaines, ces adresses qu'on ne trouve pas dans les guides classiques. Avant de publier un dossier destination, je croise toujours plusieurs sources, je v\u00e9rifie les tarifs et les formalit\u00e9s d'entr\u00e9e \u00e0 jour, et je teste moi-m\u00eame quand je le peux. Mon angle reste pratique avant tout : aider le lecteur \u00e0 partir l'esprit tranquille, sans mauvaise surprise une fois sur place. Je m'attache \u00e0 distinguer le coup de c\u0153ur sinc\u00e8re du simple argument marketing.","sameAs":["https:\/\/camillerouvray.fr\/"],"url":"https:\/\/voyage-aventure.com\/blog\/auteur\/noname\/"}]}},"_links":{"self":[{"href":"https:\/\/voyage-aventure.com\/blog\/wp-json\/wp\/v2\/posts\/13615","targetHints":{"allow":["GET"]}}],"collection":[{"href":"https:\/\/voyage-aventure.com\/blog\/wp-json\/wp\/v2\/posts"}],"about":[{"href":"https:\/\/voyage-aventure.com\/blog\/wp-json\/wp\/v2\/types\/post"}],"author":[{"embeddable":true,"href":"https:\/\/voyage-aventure.com\/blog\/wp-json\/wp\/v2\/users\/34"}],"replies":[{"embeddable":true,"href":"https:\/\/voyage-aventure.com\/blog\/wp-json\/wp\/v2\/comments?post=13615"}],"version-history":[{"count":2,"href":"https:\/\/voyage-aventure.com\/blog\/wp-json\/wp\/v2\/posts\/13615\/revisions"}],"predecessor-version":[{"id":13679,"href":"https:\/\/voyage-aventure.com\/blog\/wp-json\/wp\/v2\/posts\/13615\/revisions\/13679"}],"wp:featuredmedia":[{"embeddable":true,"href":"https:\/\/voyage-aventure.com\/blog\/wp-json\/wp\/v2\/media\/13616"}],"wp:attachment":[{"href":"https:\/\/voyage-aventure.com\/blog\/wp-json\/wp\/v2\/media?parent=13615"}],"wp:term":[{"taxonomy":"category","embeddable":true,"href":"https:\/\/voyage-aventure.com\/blog\/wp-json\/wp\/v2\/categories?post=13615"},{"taxonomy":"post_tag","embeddable":true,"href":"https:\/\/voyage-aventure.com\/blog\/wp-json\/wp\/v2\/tags?post=13615"}],"curies":[{"name":"wp","href":"https:\/\/api.w.org\/{rel}","templated":true}]}}