{"id":13539,"date":"2026-06-12T22:01:42","date_gmt":"2026-06-12T20:01:42","guid":{"rendered":"https:\/\/voyage-aventure.com\/blog\/?p=13539"},"modified":"2026-06-12T22:01:42","modified_gmt":"2026-06-12T20:01:42","slug":"profitez-des-vacances-dhiver-au-ski-319e-la-semaine-forfait-inclus","status":"publish","type":"post","link":"https:\/\/voyage-aventure.com\/blog\/a-la-une\/profitez-des-vacances-dhiver-au-ski-319e-la-semaine-forfait-inclus\/","title":{"rendered":"Profitez des vacances d&rsquo;hiver au ski : 319\u20ac la semaine, forfait inclus !"},"content":{"rendered":"<link rel=\"stylesheet\" href=\"https:\/\/fonts.googleapis.com\/css2?family=Fraunces:opsz,wght@9..144,600;9..144,700;9..144,900&#038;family=Inter:wght@400;500;600&#038;family=JetBrains+Mono:wght@500&#038;display=swap\" \/>\n<style>\n.va-gl-wrap{--ink:#22303a;--accent:#0f7a8c;--accent-d:#0a5867;--snow:#f4f8f9;--card:#ffffff;--line:#dde7ea;font-family:'Inter',system-ui,sans-serif;color:var(--ink);line-height:1.65;font-size:17px}\n.va-gl-wrap h2{font-family:'Fraunces','Inter',serif;font-weight:700;font-size:clamp(24px,3.2vw,34px);letter-spacing:-.01em;line-height:1.18;margin:48px 0 18px;color:var(--ink)}\n.va-gl-wrap h3{font-family:'Fraunces','Inter',serif;font-weight:600;font-size:clamp(19px,2vw,23px);margin:26px 0 10px;color:var(--accent-d)}\n.va-gl-wrap p{margin:0 0 18px}\n.va-gl-kicker{font-family:'JetBrains Mono',monospace;font-weight:500;font-size:12.5px;letter-spacing:.16em;text-transform:uppercase;color:var(--accent);margin:0 0 6px;display:block}\n.va-gl-carnet{background:linear-gradient(180deg,#eef6f8,#f7fbfc);border:1px solid var(--line);border-left:5px solid var(--accent);border-radius:14px;padding:26px 26px 12px;margin:26px 0 36px;box-shadow:0 1px 2px rgba(16,24,40,.05),0 14px 30px -18px rgba(16,24,40,.2)}\n.va-gl-carnet .va-gl-ct{font-family:'Fraunces',serif;font-weight:700;font-size:20px;margin-bottom:16px}\n.va-gl-grid{display:grid;grid-template-columns:repeat(auto-fit,minmax(180px,1fr));gap:16px}\n.va-gl-cell{background:var(--card);border:1px solid var(--line);border-radius:10px;padding:14px 16px;margin-bottom:14px}\n.va-gl-cell .va-gl-lab{font-family:'JetBrains Mono',monospace;font-size:11px;letter-spacing:.1em;text-transform:uppercase;color:var(--accent);display:block;margin-bottom:5px}\n.va-gl-cell .va-gl-val{font-weight:600;font-size:15.5px;line-height:1.4}\n.va-gl-cards{display:grid;grid-template-columns:repeat(auto-fit,minmax(230px,1fr));gap:20px;margin:26px 0 8px}\n.va-gl-card{background:var(--card);border:1px solid var(--line);border-top:3px solid var(--accent);border-radius:12px;padding:22px;transition:.25s ease;box-shadow:0 1px 2px rgba(16,24,40,.05),0 12px 28px -16px rgba(16,24,40,.18)}\n.va-gl-card:hover{transform:translateY(-3px);box-shadow:0 6px 14px rgba(16,24,40,.08),0 20px 40px -18px rgba(16,24,40,.28)}\n.va-gl-card .va-gl-cn{font-family:'Fraunces',serif;font-weight:700;font-size:18.5px;margin-bottom:8px;color:var(--ink)}\n.va-gl-card .va-gl-txt{font-size:15px;color:#46555e}\n.va-gl-pull{font-family:'Fraunces',serif;font-style:italic;font-weight:600;font-size:clamp(20px,2.6vw,26px);line-height:1.4;color:var(--accent-d);border-left:4px solid var(--accent);padding:6px 0 6px 22px;margin:30px 0}\n.va-gl-table-wrap{border:1px solid var(--line);border-radius:12px;overflow:hidden;margin:22px 0}\n.va-gl-table{width:100%;border-collapse:collapse;font-size:15px}\n.va-gl-table th{background:var(--accent);color:#fff;text-align:left;padding:12px 14px;font-weight:600;font-family:'JetBrains Mono',monospace;font-size:12.5px;letter-spacing:.04em}\n.va-gl-table td{padding:11px 14px;border-top:1px solid var(--line)}\n.va-gl-table tr:nth-child(even) td{background:var(--snow)}\n.va-gl-ul{list-style:none;padding:0;margin:18px 0}\n.va-gl-ul li{position:relative;padding:7px 0 7px 30px;border-bottom:1px solid var(--line)}\n.va-gl-ul li::before{content:\"\u2744\";position:absolute;left:4px;top:7px;color:var(--accent);font-size:15px}\n.va-gl-check{display:grid;grid-template-columns:repeat(auto-fit,minmax(240px,1fr));gap:16px;margin:22px 0}\n.va-gl-col{background:var(--card);border:1px solid var(--line);border-radius:12px;padding:18px 20px}\n.va-gl-col.go{border-top:3px solid #2e9e6b}\n.va-gl-col.no{border-top:3px solid #c2613a}\n.va-gl-col .va-gl-h{font-family:'JetBrains Mono',monospace;font-size:12px;letter-spacing:.08em;text-transform:uppercase;margin-bottom:10px;font-weight:600}\n.va-gl-col.go .va-gl-h{color:#2e9e6b}.va-gl-col.no .va-gl-h{color:#c2613a}\n.va-gl-col ul{list-style:none;padding:0;margin:0}\n.va-gl-col li{padding:5px 0 5px 22px;position:relative;font-size:15px}\n.va-gl-col.go li::before{content:\"\u2713\";position:absolute;left:0;color:#2e9e6b;font-weight:700}\n.va-gl-col.no li::before{content:\"\u2715\";position:absolute;left:0;color:#c2613a;font-weight:700}\n.va-gl-promo{background:var(--ink);color:#eef6f8;border-radius:14px;padding:24px 26px;margin:30px 0;text-align:center}\n.va-gl-promo .va-gl-code{font-family:'JetBrains Mono',monospace;font-weight:500;font-size:22px;letter-spacing:.12em;color:#fff;display:inline-block;border:2px dashed var(--accent);border-radius:8px;padding:8px 18px;margin-top:6px}\n.va-gl-retain{background:#eef6f8;border:1px solid var(--line);border-left:5px solid var(--accent);border-radius:12px;padding:22px 26px;margin:34px 0}\n.va-gl-retain .va-gl-rt{font-family:'Fraunces',serif;font-weight:700;font-size:19px;margin-bottom:10px}\n.va-gl-retain ul{margin:0;padding-left:20px}.va-gl-retain li{margin:6px 0}\n.va-gl-faq{margin:30px 0}\n.va-gl-faq details{background:var(--card);border:1px solid var(--line);border-radius:10px;margin-bottom:12px;padding:0 20px;transition:.25s ease}\n.va-gl-faq details[open]{border-color:var(--accent);box-shadow:0 10px 24px -16px rgba(16,24,40,.3)}\n.va-gl-faq summary{cursor:pointer;padding:16px 0;font-weight:600;font-family:'Fraunces',serif;font-size:17.5px;list-style:none;position:relative;padding-right:28px}\n.va-gl-faq summary::after{content:\"+\";position:absolute;right:2px;top:14px;color:var(--accent);font-size:22px;font-weight:700}\n.va-gl-faq details[open] summary::after{content:\"\u2013\"}\n.va-gl-faq .va-gl-a{padding:0 0 18px;font-size:15.5px;color:#46555e}\n.va-gl-wrap img{border-radius:12px;margin:24px 0}\n@media(max-width:640px){.va-gl-wrap{font-size:16px}}\n<\/style>\n<div class=\"va-gl-wrap\">\n<span class=\"va-gl-kicker\">S\u00e9jour montagne \u00b7 Super D\u00e9voluy<\/span><\/p>\n<p>Les vacances d&rsquo;hiver sont le moment id\u00e9al pour se ressourcer et profiter des joies de la montagne. Imaginez-vous glissant sur les pistes enneig\u00e9es, entour\u00e9 de paysages \u00e0 couper le souffle, tout en b\u00e9n\u00e9ficiant d&rsquo;un h\u00e9bergement de qualit\u00e9 \u00e0 prix abordable. Avec une offre \u00e0 partir de 319\u20ac la semaine \u2014 forfait de ski inclus \u2014 votre r\u00eave de vacances au ski peut devenir r\u00e9alit\u00e9, dans une r\u00e9sidence 3 \u00e9toiles au pied des pistes.<\/p>\n<div class=\"va-gl-carnet\">\n<div class=\"va-gl-ct\">Le carnet pratique du s\u00e9jour<\/div>\n<div class=\"va-gl-grid\">\n<div class=\"va-gl-cell\"><span class=\"va-gl-lab\">Station<\/span><span class=\"va-gl-val\">Super D\u00e9voluy, Hautes-Alpes<\/span><\/div>\n<div class=\"va-gl-cell\"><span class=\"va-gl-lab\">H\u00e9bergement<\/span><span class=\"va-gl-val\">R\u00e9sidence 3 \u00e9toiles au pied des pistes<\/span><\/div>\n<div class=\"va-gl-cell\"><span class=\"va-gl-lab\">Tarif<\/span><span class=\"va-gl-val\">\u00c0 partir de 319\u20ac la semaine<\/span><\/div>\n<div class=\"va-gl-cell\"><span class=\"va-gl-lab\">Inclus<\/span><span class=\"va-gl-val\">Forfait de ski + acc\u00e8s piscine int\u00e9rieure<\/span><\/div>\n<div class=\"va-gl-cell\"><span class=\"va-gl-lab\">Capacit\u00e9<\/span><span class=\"va-gl-val\">Appartement jusqu&rsquo;\u00e0 6 personnes<\/span><\/div>\n<div class=\"va-gl-cell\"><span class=\"va-gl-lab\">P\u00e9riode<\/span><span class=\"va-gl-val\">R\u00e9servations de f\u00e9vrier \u00e0 avril 2025<\/span><\/div>\n<\/div>\n<\/div>\n<h2>Un s\u00e9jour inoubliable au ski<\/h2>\n<p>S\u00e9journer dans une r\u00e9sidence 3 \u00e9toiles au pied des pistes de la station Super D\u00e9voluy vous garantit un acc\u00e8s facile aux activit\u00e9s de ski. Cette offre inclut non seulement l&rsquo;h\u00e9bergement, mais \u00e9galement un forfait de ski, ce qui vous permet de maximiser votre temps sur les pistes sans vous soucier des d\u00e9tails logistiques. Pas de navette \u00e0 prendre le matin, pas de file d&rsquo;attente pour le forfait : vous chaussez vos skis \u00e0 quelques m\u00e8tres de votre logement.<\/p>\n<div class=\"va-gl-pull\">\u00c0 Super D\u00e9voluy, on dort au pied des pistes et l&rsquo;on skie d\u00e8s le premier rayon de soleil \u2014 le luxe discret d&rsquo;une vraie station-village.<\/div>\n<p>Perch\u00e9e \u00e0 plus de 1 500 m\u00e8tres d&rsquo;altitude dans les Hautes-Alpes, Super D\u00e9voluy b\u00e9n\u00e9ficie d&rsquo;un enneigement g\u00e9n\u00e9reux et d&rsquo;un ensoleillement r\u00e9put\u00e9. Son domaine relie les pistes du plateau du D\u00e9voluy, accessibles aussi bien aux familles qu&rsquo;aux skieurs en qu\u00eate de d\u00e9nivel\u00e9, dans une ambiance authentique loin des grandes usines \u00e0 ski.<\/p>\n<h2>Un cadre id\u00e9al pour toute la famille<\/h2>\n<p>Super D\u00e9voluy est une destination pris\u00e9e pour les familles et les groupes d&rsquo;amis. Les installations sont con\u00e7ues pour accueillir tout le monde, des d\u00e9butants aux skieurs exp\u00e9riment\u00e9s. La station propose des cours de ski, des activit\u00e9s apr\u00e8s-ski et une ambiance conviviale qui rendra votre s\u00e9jour encore plus agr\u00e9able.<\/p>\n<p>Les enfants peuvent \u00e9galement profiter des nombreuses activit\u00e9s disponibles, comme des sorties en raquettes ou des visites de parcs d&rsquo;attractions. Profitez de moments inoubliables en famille, tout en faisant d\u00e9couvrir \u00e0 vos enfants la magie des sports d&rsquo;hiver.<\/p>\n<div class=\"va-gl-cards\">\n<div class=\"va-gl-card\">\n<div class=\"va-gl-cn\">Pour les d\u00e9butants<\/div>\n<div class=\"va-gl-txt\">Des cours de ski encadr\u00e9s et des pistes douces pour apprendre \u00e0 son rythme, sans pression.<\/div>\n<\/div>\n<div class=\"va-gl-card\">\n<div class=\"va-gl-cn\">Pour les familles<\/div>\n<div class=\"va-gl-txt\">Sorties en raquettes, visites de parcs d&rsquo;attractions et activit\u00e9s pens\u00e9es pour les enfants.<\/div>\n<\/div>\n<div class=\"va-gl-card\">\n<div class=\"va-gl-cn\">Pour se d\u00e9tendre<\/div>\n<div class=\"va-gl-txt\">Une piscine int\u00e9rieure pour r\u00e9cup\u00e9rer apr\u00e8s une journ\u00e9e sur les pistes, et l&rsquo;animation apr\u00e8s-ski.<\/div>\n<\/div>\n<\/div>\n<h2>Les avantages de notre offre<\/h2>\n<p>Cette offre exceptionnelle inclut plusieurs atouts qui rendent votre s\u00e9jour encore plus attrayant. Voici quelques points forts de notre proposition :<\/p>\n<ul class=\"va-gl-ul\">\n<li>Forfait ski inclus pour profiter des pistes sans contrainte.<\/li>\n<li>Animaux de compagnie accept\u00e9s pour ceux qui souhaitent voyager avec leur fid\u00e8le compagnon.<\/li>\n<li>Piscine int\u00e9rieure pour se d\u00e9tendre apr\u00e8s une journ\u00e9e sur les pistes.<\/li>\n<\/ul>\n<div class=\"va-gl-promo\">\n<div class=\"va-gl-kicker\" style=\"color:#7fd3df\">Code promo<\/div>\n<div>Un bon de r\u00e9duction exclusif de 10\u20ac vous attend lors de la r\u00e9servation :<\/div>\n<p><span class=\"va-gl-code\">PIRATES10<\/span>\n<\/div>\n<blockquote><p>\n  \u00ab\u00a0Les vacances au ski sont l&rsquo;occasion parfaite de cr\u00e9er des souvenirs inoubliables en famille ou entre amis.\u00a0\u00bb &#8211; Expert en voyages\n<\/p><\/blockquote>\n<h2>Quand partir \u00e0 Super D\u00e9voluy<\/h2>\n<p>Le calendrier de l&rsquo;offre court de f\u00e9vrier \u00e0 avril 2025. Selon la p\u00e9riode choisie, l&rsquo;exp\u00e9rience varie sensiblement \u2014 voici de quoi caler vos dates en fonction de vos priorit\u00e9s.<\/p>\n<div class=\"va-gl-table-wrap\">\n<table class=\"va-gl-table\">\n<thead>\n<tr>\n<th>P\u00e9riode<\/th>\n<th>Affluence<\/th>\n<th>Ambiance<\/th>\n<\/tr>\n<\/thead>\n<tbody>\n<tr>\n<td>F\u00e9vrier (vacances scolaires)<\/td>\n<td>Forte<\/td>\n<td>Neige optimale, station anim\u00e9e \u2014 r\u00e9servez t\u00f4t<\/td>\n<\/tr>\n<tr>\n<td>Mars<\/td>\n<td>Mod\u00e9r\u00e9e<\/td>\n<td>Bon enneigement, journ\u00e9es qui rallongent<\/td>\n<\/tr>\n<tr>\n<td>Avril (fin de saison)<\/td>\n<td>Calme<\/td>\n<td>Ski au soleil, ambiance d\u00e9tendue, tarifs doux<\/td>\n<\/tr>\n<\/tbody>\n<\/table>\n<\/div>\n<h2>D\u00e9tails pratiques pour r\u00e9server<\/h2>\n<p>La p\u00e9riode de r\u00e9servation s&rsquo;\u00e9tend de f\u00e9vrier \u00e0 avril 2025, et il est possible de choisir des dates qui conviennent \u00e0 vos disponibilit\u00e9s. Les prix sont bas\u00e9s sur un s\u00e9jour en appartement pour six personnes, facilitant ainsi l&rsquo;organisation pour les groupes ou les familles.<\/p>\n<p>N&rsquo;attendez plus pour r\u00e9server votre s\u00e9jour au ski. Avec un tarif aussi attractif et de nombreuses activit\u00e9s \u00e0 d\u00e9couvrir, cette offre est id\u00e9ale pour quiconque souhaite passer des vacances d&rsquo;hiver m\u00e9morables. Pensez \u00e0 v\u00e9rifier les disponibilit\u00e9s rapidement, car les places peuvent se remplir vite en p\u00e9riode scolaire.<\/p>\n<div class=\"va-gl-check\">\n<div class=\"va-gl-col go\">\n<div class=\"va-gl-h\">\u00c0 faire<\/div>\n<ul>\n<li>R\u00e9server t\u00f4t pour les semaines de vacances scolaires<\/li>\n<li>V\u00e9rifier la capacit\u00e9 (jusqu&rsquo;\u00e0 6 personnes par appartement)<\/li>\n<li>Appliquer le code PIRATES10 pour 10\u20ac de remise<\/li>\n<li>Pr\u00e9voir maillot et serviette pour la piscine int\u00e9rieure<\/li>\n<\/ul>\n<\/div>\n<div class=\"va-gl-col no\">\n<div class=\"va-gl-h\">\u00c0 \u00e9viter<\/div>\n<ul>\n<li>Attendre la derni\u00e8re minute en p\u00e9riode scolaire<\/li>\n<li>Oublier de signaler la pr\u00e9sence d&rsquo;un animal de compagnie<\/li>\n<li>Sous-estimer le temps de trajet jusqu&rsquo;aux Hautes-Alpes<\/li>\n<li>N\u00e9gliger la location de mat\u00e9riel si vous ne l&rsquo;avez pas<\/li>\n<\/ul>\n<\/div>\n<\/div>\n<h2>Conclusion<\/h2>\n<p>Les vacances d&rsquo;hiver au ski \u00e0 Super D\u00e9voluy sont une exp\u00e9rience unique \u00e0 ne pas manquer. Avec un h\u00e9bergement de qualit\u00e9, un forfait ski inclus et des activit\u00e9s adapt\u00e9es \u00e0 tous, vous \u00eates assur\u00e9 de passer un s\u00e9jour inoubliable. Ne laissez pas passer cette chance de vous \u00e9vader vers la montagne et de profiter des plaisirs de l&rsquo;hiver.<\/p>\n<p>R\u00e9servez d\u00e8s maintenant votre semaine au ski et pr\u00e9parez-vous \u00e0 vivre des moments extraordinaires sur les pistes !<\/p>\n<p><img decoding=\"async\" width=\"1024\" height=\"576\" src=\"https:\/\/voyage-aventure.com\/blog\/wp-content\/uploads\/2025\/02\/stability-profitez-des-vacances-dhiver-au-ski-319e-la-semaine-forfait-inclus-1.png\" class=\"aligncenter\" alt=\"Illustration d\u00e9taill\u00e9e sur Profitez des vacances d&#039;hiver au ski : 319\u20ac la semaine, forfait inclus !\" title=\"Profitez des vacances d&#039;hiver au ski : 319\u20ac la semaine, forfait inclus !\" loading=\"lazy\" \/><\/p>\n<div class=\"va-gl-retain\">\n<div class=\"va-gl-rt\">\u00c0 retenir<\/div>\n<ul>\n<li>S\u00e9jour \u00e0 <strong>partir de 319\u20ac la semaine<\/strong>, forfait de ski inclus, \u00e0 Super D\u00e9voluy.<\/li>\n<li>R\u00e9sidence 3 \u00e9toiles au pied des pistes, appartement jusqu&rsquo;\u00e0 <strong>6 personnes<\/strong>, piscine int\u00e9rieure et animaux accept\u00e9s.<\/li>\n<li>R\u00e9servations de <strong>f\u00e9vrier \u00e0 avril 2025<\/strong> \u2014 privil\u00e9giez t\u00f4t pour les vacances scolaires.<\/li>\n<li>Code <strong>PIRATES10<\/strong> pour 10\u20ac de remise \u00e0 la r\u00e9servation.<\/li>\n<\/ul>\n<\/div>\n<div class=\"va-gl-faq\">\n<h2>Questions fr\u00e9quentes<\/h2>\n<details>\n<summary>Combien co\u00fbte le s\u00e9jour au ski \u00e0 Super D\u00e9voluy ?<\/summary>\n<div class=\"va-gl-a\">L&rsquo;offre d\u00e9marre \u00e0 319\u20ac la semaine, forfait de ski inclus. Le tarif est calcul\u00e9 sur la base d&rsquo;un appartement pour six personnes, ce qui le rend particuli\u00e8rement int\u00e9ressant pour une famille ou un groupe d&rsquo;amis.<\/div>\n<\/details>\n<details>\n<summary>Qu&rsquo;est-ce qui est inclus dans l&rsquo;offre ?<\/summary>\n<div class=\"va-gl-a\">Le s\u00e9jour comprend l&rsquo;h\u00e9bergement en r\u00e9sidence 3 \u00e9toiles au pied des pistes ainsi que le forfait de ski. La piscine int\u00e9rieure est accessible, et les animaux de compagnie sont accept\u00e9s.<\/div>\n<\/details>\n<details>\n<summary>\u00c0 quelle p\u00e9riode peut-on r\u00e9server ?<\/summary>\n<div class=\"va-gl-a\">Les r\u00e9servations s&rsquo;\u00e9tendent de f\u00e9vrier \u00e0 avril 2025. Vous choisissez les dates selon vos disponibilit\u00e9s ; pensez \u00e0 r\u00e9server t\u00f4t pour les semaines de vacances scolaires, qui se remplissent vite.<\/div>\n<\/details>\n<details>\n<summary>Y a-t-il un code de r\u00e9duction ?<\/summary>\n<div class=\"va-gl-a\">Oui. En utilisant le code PIRATES10 lors de la r\u00e9servation, vous b\u00e9n\u00e9ficiez d&rsquo;un bon de r\u00e9duction exclusif de 10\u20ac, pour un s\u00e9jour encore plus accessible.<\/div>\n<\/details>\n<details>\n<summary>L&rsquo;offre convient-elle aux d\u00e9butants ?<\/summary>\n<div class=\"va-gl-a\">Tout \u00e0 fait. Super D\u00e9voluy accueille aussi bien les d\u00e9butants que les skieurs exp\u00e9riment\u00e9s, avec des cours de ski, des pistes adapt\u00e9es \u00e0 tous les niveaux et des activit\u00e9s apr\u00e8s-ski conviviales.<\/div>\n<\/details>\n<\/div>\n<\/div>\n","protected":false},"excerpt":{"rendered":"","protected":false},"author":34,"featured_media":13540,"comment_status":"open","ping_status":"open","sticky":false,"template":"","format":"standard","meta":{"_acf_changed":false,"manual_indexmenow":false,"indexmenow_id_project":0,"footnotes":""},"categories":[1],"tags":[4538,4530,3665,4528,6079],"class_list":["post-13539","post","type-post","status-publish","format-standard","has-post-thumbnail","hentry","category-a-la-une","tag-activites-variees","tag-escapade-en-europe","tag-famille","tag-hebergement-abordable","tag-sejour-au-ski","generate-columns","tablet-grid-50","mobile-grid-100","grid-parent","grid-25"],"acf":[],"yoast_head":"<!-- This site is optimized with the Yoast SEO Premium plugin v21.3 (Yoast SEO v25.1) - https:\/\/yoast.com\/wordpress\/plugins\/seo\/ -->\n<title>Profitez des vacances d&#039;hiver au ski : 319\u20ac la semaine<\/title>\n<meta name=\"description\" content=\"Les vacances d&#039;hiver sont le moment id\u00e9al pour se ressourcer et profiter des joies de la montagne. Imaginez-vous glissant sur les pistes enneig\u00e9es\" \/>\n<meta name=\"robots\" content=\"index, follow, max-snippet:-1, max-image-preview:large, max-video-preview:-1\" \/>\n<link rel=\"canonical\" href=\"https:\/\/voyage-aventure.com\/blog\/a-la-une\/profitez-des-vacances-dhiver-au-ski-319e-la-semaine-forfait-inclus\/\" \/>\n<meta property=\"og:locale\" content=\"fr_FR\" \/>\n<meta property=\"og:type\" content=\"article\" \/>\n<meta property=\"og:title\" content=\"Profitez des vacances d&#039;hiver au ski : 319\u20ac la semaine\" \/>\n<meta property=\"og:description\" content=\"Les vacances d&#039;hiver sont le moment id\u00e9al pour se ressourcer et profiter des joies de la montagne. Imaginez-vous glissant sur les pistes enneig\u00e9es\" \/>\n<meta property=\"og:url\" content=\"https:\/\/voyage-aventure.com\/blog\/a-la-une\/profitez-des-vacances-dhiver-au-ski-319e-la-semaine-forfait-inclus\/\" \/>\n<meta property=\"og:site_name\" content=\"voyage-aventure\" \/>\n<meta property=\"og:image\" content=\"https:\/\/voyage-aventure.com\/blog\/wp-content\/uploads\/2025\/02\/stability-profitez-des-vacances-dhiver-au-ski-319e-la-semaine-forfait-inclus.png\" \/>\n\t<meta property=\"og:image:width\" content=\"1024\" \/>\n\t<meta property=\"og:image:height\" content=\"576\" \/>\n\t<meta property=\"og:image:type\" content=\"image\/png\" \/>\n<meta name=\"author\" content=\"Camille Rouvray\" \/>\n<meta name=\"twitter:card\" content=\"summary_large_image\" \/>\n<script type=\"application\/ld+json\" class=\"yoast-schema-graph\">{\"@context\":\"https:\/\/schema.org\",\"@graph\":[{\"@type\":\"NewsArticle\",\"@id\":\"https:\/\/voyage-aventure.com\/blog\/a-la-une\/profitez-des-vacances-dhiver-au-ski-319e-la-semaine-forfait-inclus\/#article\",\"isPartOf\":{\"@id\":\"https:\/\/voyage-aventure.com\/blog\/a-la-une\/profitez-des-vacances-dhiver-au-ski-319e-la-semaine-forfait-inclus\/\"},\"author\":{\"name\":\"Camille Rouvray\",\"@id\":\"https:\/\/voyage-aventure.com\/blog\/#\/schema\/person\/3c864cdc320801e3db34b663e7e3f816\"},\"headline\":\"Profitez des vacances d&rsquo;hiver au ski : 319\u20ac la semaine, forfait inclus !\",\"datePublished\":\"2026-06-12T20:01:42+00:00\",\"mainEntityOfPage\":{\"@id\":\"https:\/\/voyage-aventure.com\/blog\/a-la-une\/profitez-des-vacances-dhiver-au-ski-319e-la-semaine-forfait-inclus\/\"},\"wordCount\":1211,\"commentCount\":25,\"publisher\":{\"@id\":\"https:\/\/voyage-aventure.com\/blog\/#organization\"},\"image\":{\"@id\":\"https:\/\/voyage-aventure.com\/blog\/a-la-une\/profitez-des-vacances-dhiver-au-ski-319e-la-semaine-forfait-inclus\/#primaryimage\"},\"thumbnailUrl\":\"https:\/\/voyage-aventure.com\/blog\/wp-content\/uploads\/2025\/02\/stability-profitez-des-vacances-dhiver-au-ski-319e-la-semaine-forfait-inclus.png\",\"keywords\":[\"Activit\u00e9s Vari\u00e9es\",\"Escapade en Europe\",\"Famille\",\"H\u00e9bergement Abordable\",\"S\u00e9jour au ski\"],\"articleSection\":[\"\u00c0 la une\"],\"inLanguage\":\"fr-FR\",\"potentialAction\":[{\"@type\":\"CommentAction\",\"name\":\"Comment\",\"target\":[\"https:\/\/voyage-aventure.com\/blog\/a-la-une\/profitez-des-vacances-dhiver-au-ski-319e-la-semaine-forfait-inclus\/#respond\"]}]},{\"@type\":\"WebPage\",\"@id\":\"https:\/\/voyage-aventure.com\/blog\/a-la-une\/profitez-des-vacances-dhiver-au-ski-319e-la-semaine-forfait-inclus\/\",\"url\":\"https:\/\/voyage-aventure.com\/blog\/a-la-une\/profitez-des-vacances-dhiver-au-ski-319e-la-semaine-forfait-inclus\/\",\"name\":\"Profitez des vacances d'hiver au ski : 319\u20ac la semaine\",\"isPartOf\":{\"@id\":\"https:\/\/voyage-aventure.com\/blog\/#website\"},\"primaryImageOfPage\":{\"@id\":\"https:\/\/voyage-aventure.com\/blog\/a-la-une\/profitez-des-vacances-dhiver-au-ski-319e-la-semaine-forfait-inclus\/#primaryimage\"},\"image\":{\"@id\":\"https:\/\/voyage-aventure.com\/blog\/a-la-une\/profitez-des-vacances-dhiver-au-ski-319e-la-semaine-forfait-inclus\/#primaryimage\"},\"thumbnailUrl\":\"https:\/\/voyage-aventure.com\/blog\/wp-content\/uploads\/2025\/02\/stability-profitez-des-vacances-dhiver-au-ski-319e-la-semaine-forfait-inclus.png\",\"datePublished\":\"2026-06-12T20:01:42+00:00\",\"description\":\"Les vacances d'hiver sont le moment id\u00e9al pour se ressourcer et profiter des joies de la montagne. Imaginez-vous glissant sur les pistes enneig\u00e9es\",\"inLanguage\":\"fr-FR\",\"potentialAction\":[{\"@type\":\"ReadAction\",\"target\":[\"https:\/\/voyage-aventure.com\/blog\/a-la-une\/profitez-des-vacances-dhiver-au-ski-319e-la-semaine-forfait-inclus\/\"]}]},{\"@type\":\"ImageObject\",\"inLanguage\":\"fr-FR\",\"@id\":\"https:\/\/voyage-aventure.com\/blog\/a-la-une\/profitez-des-vacances-dhiver-au-ski-319e-la-semaine-forfait-inclus\/#primaryimage\",\"url\":\"https:\/\/voyage-aventure.com\/blog\/wp-content\/uploads\/2025\/02\/stability-profitez-des-vacances-dhiver-au-ski-319e-la-semaine-forfait-inclus.png\",\"contentUrl\":\"https:\/\/voyage-aventure.com\/blog\/wp-content\/uploads\/2025\/02\/stability-profitez-des-vacances-dhiver-au-ski-319e-la-semaine-forfait-inclus.png\",\"width\":1024,\"height\":576},{\"@type\":\"WebSite\",\"@id\":\"https:\/\/voyage-aventure.com\/blog\/#website\",\"url\":\"https:\/\/voyage-aventure.com\/blog\/\",\"name\":\"voyage-aventure.com\",\"description\":\"Votre passeport pour l\u2019inattendu.\",\"publisher\":{\"@id\":\"https:\/\/voyage-aventure.com\/blog\/#organization\"},\"alternateName\":\"Votre passeport pour l\u2019inattendu.\",\"potentialAction\":[{\"@type\":\"SearchAction\",\"target\":{\"@type\":\"EntryPoint\",\"urlTemplate\":\"https:\/\/voyage-aventure.com\/blog\/?s={search_term_string}\"},\"query-input\":{\"@type\":\"PropertyValueSpecification\",\"valueRequired\":true,\"valueName\":\"search_term_string\"}}],\"inLanguage\":\"fr-FR\"},{\"@type\":\"Organization\",\"@id\":\"https:\/\/voyage-aventure.com\/blog\/#organization\",\"name\":\"Foretsensations.fr\",\"url\":\"https:\/\/voyage-aventure.com\/blog\/\",\"logo\":{\"@type\":\"ImageObject\",\"inLanguage\":\"fr-FR\",\"@id\":\"https:\/\/voyage-aventure.com\/blog\/#\/schema\/logo\/image\/\",\"url\":\"https:\/\/voyage-aventure.com\/blog\/wp-content\/uploads\/2024\/12\/19.png\",\"contentUrl\":\"https:\/\/voyage-aventure.com\/blog\/wp-content\/uploads\/2024\/12\/19.png\",\"width\":512,\"height\":512,\"caption\":\"Foretsensations.fr\"},\"image\":{\"@id\":\"https:\/\/voyage-aventure.com\/blog\/#\/schema\/logo\/image\/\"}},{\"@type\":\"Person\",\"@id\":\"https:\/\/voyage-aventure.com\/blog\/#\/schema\/person\/3c864cdc320801e3db34b663e7e3f816\",\"name\":\"Camille Rouvray\",\"image\":{\"@type\":\"ImageObject\",\"inLanguage\":\"fr-FR\",\"@id\":\"https:\/\/voyage-aventure.com\/blog\/#\/schema\/person\/image\/\",\"url\":\"https:\/\/voyage-aventure.com\/blog\/wp-content\/uploads\/2026\/06\/persona_camille-r-96x96.jpg\",\"contentUrl\":\"https:\/\/voyage-aventure.com\/blog\/wp-content\/uploads\/2026\/06\/persona_camille-r-96x96.jpg\",\"caption\":\"Camille Rouvray\"},\"description\":\"Je voyage et j'\u00e9cris sur le voyage depuis une douzaine d'ann\u00e9es, d'abord en tant que routarde au long cours, puis comme r\u00e9dactrice sp\u00e9cialis\u00e9e. Mon terrain de pr\u00e9dilection, ce sont les circuits organis\u00e9s et l'art de bien pr\u00e9parer un itin\u00e9raire : choix de la saison, dur\u00e9e r\u00e9aliste des \u00e9tapes, budget jour par jour, logement et transport sur place. J'aime aussi raconter les p\u00e9pites urbaines, ces adresses qu'on ne trouve pas dans les guides classiques. Avant de publier un dossier destination, je croise toujours plusieurs sources, je v\u00e9rifie les tarifs et les formalit\u00e9s d'entr\u00e9e \u00e0 jour, et je teste moi-m\u00eame quand je le peux. Mon angle reste pratique avant tout : aider le lecteur \u00e0 partir l'esprit tranquille, sans mauvaise surprise une fois sur place. Je m'attache \u00e0 distinguer le coup de c\u0153ur sinc\u00e8re du simple argument marketing.\",\"sameAs\":[\"https:\/\/camillerouvray.fr\/\"],\"url\":\"https:\/\/voyage-aventure.com\/blog\/auteur\/noname\/\"}]}<\/script>\n<!-- \/ Yoast SEO Premium plugin. -->","yoast_head_json":{"title":"Profitez des vacances d'hiver au ski : 319\u20ac la semaine","description":"Les vacances d'hiver sont le moment id\u00e9al pour se ressourcer et profiter des joies de la montagne. Imaginez-vous glissant sur les pistes enneig\u00e9es","robots":{"index":"index","follow":"follow","max-snippet":"max-snippet:-1","max-image-preview":"max-image-preview:large","max-video-preview":"max-video-preview:-1"},"canonical":"https:\/\/voyage-aventure.com\/blog\/a-la-une\/profitez-des-vacances-dhiver-au-ski-319e-la-semaine-forfait-inclus\/","og_locale":"fr_FR","og_type":"article","og_title":"Profitez des vacances d'hiver au ski : 319\u20ac la semaine","og_description":"Les vacances d'hiver sont le moment id\u00e9al pour se ressourcer et profiter des joies de la montagne. Imaginez-vous glissant sur les pistes enneig\u00e9es","og_url":"https:\/\/voyage-aventure.com\/blog\/a-la-une\/profitez-des-vacances-dhiver-au-ski-319e-la-semaine-forfait-inclus\/","og_site_name":"voyage-aventure","og_image":[{"width":1024,"height":576,"url":"https:\/\/voyage-aventure.com\/blog\/wp-content\/uploads\/2025\/02\/stability-profitez-des-vacances-dhiver-au-ski-319e-la-semaine-forfait-inclus.png","type":"image\/png"}],"author":"Camille Rouvray","twitter_card":"summary_large_image","schema":{"@context":"https:\/\/schema.org","@graph":[{"@type":"NewsArticle","@id":"https:\/\/voyage-aventure.com\/blog\/a-la-une\/profitez-des-vacances-dhiver-au-ski-319e-la-semaine-forfait-inclus\/#article","isPartOf":{"@id":"https:\/\/voyage-aventure.com\/blog\/a-la-une\/profitez-des-vacances-dhiver-au-ski-319e-la-semaine-forfait-inclus\/"},"author":{"name":"Camille Rouvray","@id":"https:\/\/voyage-aventure.com\/blog\/#\/schema\/person\/3c864cdc320801e3db34b663e7e3f816"},"headline":"Profitez des vacances d&rsquo;hiver au ski : 319\u20ac la semaine, forfait inclus !","datePublished":"2026-06-12T20:01:42+00:00","mainEntityOfPage":{"@id":"https:\/\/voyage-aventure.com\/blog\/a-la-une\/profitez-des-vacances-dhiver-au-ski-319e-la-semaine-forfait-inclus\/"},"wordCount":1211,"commentCount":25,"publisher":{"@id":"https:\/\/voyage-aventure.com\/blog\/#organization"},"image":{"@id":"https:\/\/voyage-aventure.com\/blog\/a-la-une\/profitez-des-vacances-dhiver-au-ski-319e-la-semaine-forfait-inclus\/#primaryimage"},"thumbnailUrl":"https:\/\/voyage-aventure.com\/blog\/wp-content\/uploads\/2025\/02\/stability-profitez-des-vacances-dhiver-au-ski-319e-la-semaine-forfait-inclus.png","keywords":["Activit\u00e9s Vari\u00e9es","Escapade en Europe","Famille","H\u00e9bergement Abordable","S\u00e9jour au ski"],"articleSection":["\u00c0 la une"],"inLanguage":"fr-FR","potentialAction":[{"@type":"CommentAction","name":"Comment","target":["https:\/\/voyage-aventure.com\/blog\/a-la-une\/profitez-des-vacances-dhiver-au-ski-319e-la-semaine-forfait-inclus\/#respond"]}]},{"@type":"WebPage","@id":"https:\/\/voyage-aventure.com\/blog\/a-la-une\/profitez-des-vacances-dhiver-au-ski-319e-la-semaine-forfait-inclus\/","url":"https:\/\/voyage-aventure.com\/blog\/a-la-une\/profitez-des-vacances-dhiver-au-ski-319e-la-semaine-forfait-inclus\/","name":"Profitez des vacances d'hiver au ski : 319\u20ac la semaine","isPartOf":{"@id":"https:\/\/voyage-aventure.com\/blog\/#website"},"primaryImageOfPage":{"@id":"https:\/\/voyage-aventure.com\/blog\/a-la-une\/profitez-des-vacances-dhiver-au-ski-319e-la-semaine-forfait-inclus\/#primaryimage"},"image":{"@id":"https:\/\/voyage-aventure.com\/blog\/a-la-une\/profitez-des-vacances-dhiver-au-ski-319e-la-semaine-forfait-inclus\/#primaryimage"},"thumbnailUrl":"https:\/\/voyage-aventure.com\/blog\/wp-content\/uploads\/2025\/02\/stability-profitez-des-vacances-dhiver-au-ski-319e-la-semaine-forfait-inclus.png","datePublished":"2026-06-12T20:01:42+00:00","description":"Les vacances d'hiver sont le moment id\u00e9al pour se ressourcer et profiter des joies de la montagne. Imaginez-vous glissant sur les pistes enneig\u00e9es","inLanguage":"fr-FR","potentialAction":[{"@type":"ReadAction","target":["https:\/\/voyage-aventure.com\/blog\/a-la-une\/profitez-des-vacances-dhiver-au-ski-319e-la-semaine-forfait-inclus\/"]}]},{"@type":"ImageObject","inLanguage":"fr-FR","@id":"https:\/\/voyage-aventure.com\/blog\/a-la-une\/profitez-des-vacances-dhiver-au-ski-319e-la-semaine-forfait-inclus\/#primaryimage","url":"https:\/\/voyage-aventure.com\/blog\/wp-content\/uploads\/2025\/02\/stability-profitez-des-vacances-dhiver-au-ski-319e-la-semaine-forfait-inclus.png","contentUrl":"https:\/\/voyage-aventure.com\/blog\/wp-content\/uploads\/2025\/02\/stability-profitez-des-vacances-dhiver-au-ski-319e-la-semaine-forfait-inclus.png","width":1024,"height":576},{"@type":"WebSite","@id":"https:\/\/voyage-aventure.com\/blog\/#website","url":"https:\/\/voyage-aventure.com\/blog\/","name":"voyage-aventure.com","description":"Votre passeport pour l\u2019inattendu.","publisher":{"@id":"https:\/\/voyage-aventure.com\/blog\/#organization"},"alternateName":"Votre passeport pour l\u2019inattendu.","potentialAction":[{"@type":"SearchAction","target":{"@type":"EntryPoint","urlTemplate":"https:\/\/voyage-aventure.com\/blog\/?s={search_term_string}"},"query-input":{"@type":"PropertyValueSpecification","valueRequired":true,"valueName":"search_term_string"}}],"inLanguage":"fr-FR"},{"@type":"Organization","@id":"https:\/\/voyage-aventure.com\/blog\/#organization","name":"Foretsensations.fr","url":"https:\/\/voyage-aventure.com\/blog\/","logo":{"@type":"ImageObject","inLanguage":"fr-FR","@id":"https:\/\/voyage-aventure.com\/blog\/#\/schema\/logo\/image\/","url":"https:\/\/voyage-aventure.com\/blog\/wp-content\/uploads\/2024\/12\/19.png","contentUrl":"https:\/\/voyage-aventure.com\/blog\/wp-content\/uploads\/2024\/12\/19.png","width":512,"height":512,"caption":"Foretsensations.fr"},"image":{"@id":"https:\/\/voyage-aventure.com\/blog\/#\/schema\/logo\/image\/"}},{"@type":"Person","@id":"https:\/\/voyage-aventure.com\/blog\/#\/schema\/person\/3c864cdc320801e3db34b663e7e3f816","name":"Camille Rouvray","image":{"@type":"ImageObject","inLanguage":"fr-FR","@id":"https:\/\/voyage-aventure.com\/blog\/#\/schema\/person\/image\/","url":"https:\/\/voyage-aventure.com\/blog\/wp-content\/uploads\/2026\/06\/persona_camille-r-96x96.jpg","contentUrl":"https:\/\/voyage-aventure.com\/blog\/wp-content\/uploads\/2026\/06\/persona_camille-r-96x96.jpg","caption":"Camille Rouvray"},"description":"Je voyage et j'\u00e9cris sur le voyage depuis une douzaine d'ann\u00e9es, d'abord en tant que routarde au long cours, puis comme r\u00e9dactrice sp\u00e9cialis\u00e9e. Mon terrain de pr\u00e9dilection, ce sont les circuits organis\u00e9s et l'art de bien pr\u00e9parer un itin\u00e9raire : choix de la saison, dur\u00e9e r\u00e9aliste des \u00e9tapes, budget jour par jour, logement et transport sur place. J'aime aussi raconter les p\u00e9pites urbaines, ces adresses qu'on ne trouve pas dans les guides classiques. Avant de publier un dossier destination, je croise toujours plusieurs sources, je v\u00e9rifie les tarifs et les formalit\u00e9s d'entr\u00e9e \u00e0 jour, et je teste moi-m\u00eame quand je le peux. Mon angle reste pratique avant tout : aider le lecteur \u00e0 partir l'esprit tranquille, sans mauvaise surprise une fois sur place. Je m'attache \u00e0 distinguer le coup de c\u0153ur sinc\u00e8re du simple argument marketing.","sameAs":["https:\/\/camillerouvray.fr\/"],"url":"https:\/\/voyage-aventure.com\/blog\/auteur\/noname\/"}]}},"_links":{"self":[{"href":"https:\/\/voyage-aventure.com\/blog\/wp-json\/wp\/v2\/posts\/13539","targetHints":{"allow":["GET"]}}],"collection":[{"href":"https:\/\/voyage-aventure.com\/blog\/wp-json\/wp\/v2\/posts"}],"about":[{"href":"https:\/\/voyage-aventure.com\/blog\/wp-json\/wp\/v2\/types\/post"}],"author":[{"embeddable":true,"href":"https:\/\/voyage-aventure.com\/blog\/wp-json\/wp\/v2\/users\/34"}],"replies":[{"embeddable":true,"href":"https:\/\/voyage-aventure.com\/blog\/wp-json\/wp\/v2\/comments?post=13539"}],"version-history":[{"count":2,"href":"https:\/\/voyage-aventure.com\/blog\/wp-json\/wp\/v2\/posts\/13539\/revisions"}],"predecessor-version":[{"id":22327,"href":"https:\/\/voyage-aventure.com\/blog\/wp-json\/wp\/v2\/posts\/13539\/revisions\/22327"}],"wp:featuredmedia":[{"embeddable":true,"href":"https:\/\/voyage-aventure.com\/blog\/wp-json\/wp\/v2\/media\/13540"}],"wp:attachment":[{"href":"https:\/\/voyage-aventure.com\/blog\/wp-json\/wp\/v2\/media?parent=13539"}],"wp:term":[{"taxonomy":"category","embeddable":true,"href":"https:\/\/voyage-aventure.com\/blog\/wp-json\/wp\/v2\/categories?post=13539"},{"taxonomy":"post_tag","embeddable":true,"href":"https:\/\/voyage-aventure.com\/blog\/wp-json\/wp\/v2\/tags?post=13539"}],"curies":[{"name":"wp","href":"https:\/\/api.w.org\/{rel}","templated":true}]}}