{"id":13508,"date":"2026-06-16T16:57:12","date_gmt":"2026-06-16T14:57:12","guid":{"rendered":"https:\/\/voyage-aventure.com\/blog\/?p=13508"},"modified":"2026-06-16T16:57:12","modified_gmt":"2026-06-16T14:57:12","slug":"retards-de-vols-lue-modifie-les-regles-dindemnisation-un-coup-dur-pour-les-voyageurs","status":"publish","type":"post","link":"https:\/\/voyage-aventure.com\/blog\/a-la-une\/retards-de-vols-lue-modifie-les-regles-dindemnisation-un-coup-dur-pour-les-voyageurs\/","title":{"rendered":"Retards de vols : l&rsquo;UE modifie les r\u00e8gles d&rsquo;indemnisation, un coup dur pour les voyageurs"},"content":{"rendered":"<link rel=\"preconnect\" href=\"https:\/\/fonts.googleapis.com\"><link rel=\"preconnect\" href=\"https:\/\/fonts.gstatic.com\" crossorigin><link href=\"https:\/\/fonts.googleapis.com\/css2?family=Newsreader:ital,opsz,wght@0,6..72,500;0,6..72,600;0,6..72,700;1,6..72,500;1,6..72,600&#038;family=Inter:wght@400;500;600&#038;family=JetBrains+Mono:wght@500&#038;display=swap\" rel=\"stylesheet\">\n<style>\n.va-indemn-wrap{font-family:'Inter',system-ui,sans-serif;color:#1a2433;line-height:1.65;font-size:17px;max-width:760px;margin:0 auto;}\n.va-indemn-wrap h2{font-family:'Newsreader',Georgia,serif;font-weight:700;font-size:clamp(24px,3.2vw,34px);line-height:1.2;letter-spacing:-.01em;color:#0f2e5c;margin:48px 0 16px;}\n.va-indemn-wrap h3{font-family:'Newsreader',Georgia,serif;font-weight:600;font-size:clamp(20px,2.4vw,25px);color:#13335f;margin:30px 0 12px;}\n.va-indemn-wrap p{margin:0 0 18px;}\n.va-indemn-dateline{font-family:'JetBrains Mono',monospace;font-size:12px;font-weight:500;letter-spacing:.12em;text-transform:uppercase;color:#b07a16;margin:0 0 14px;display:flex;align-items:center;gap:10px;}\n.va-indemn-dateline span{height:1px;flex:1;background:linear-gradient(90deg,#e3b65a,transparent);}\n.va-indemn-chapo{font-family:'Newsreader',Georgia,serif;font-size:clamp(19px,2.3vw,23px);font-weight:500;line-height:1.45;color:#1c2c44;margin:0 0 28px;}\n.va-indemn-ess{background:#f3f6fb;border:1px solid #dde6f3;border-left:5px solid #0f2e5c;border-radius:10px;padding:24px 26px;margin:30px 0;box-shadow:0 1px 2px rgba(16,24,40,.05),0 14px 30px -20px rgba(15,46,92,.35);}\n.va-indemn-ess-t{font-family:'JetBrains Mono',monospace;font-size:11px;font-weight:500;letter-spacing:.22em;text-transform:uppercase;color:#0f2e5c;margin-bottom:16px;}\n.va-indemn-ess-row{display:flex;gap:14px;align-items:flex-start;padding:11px 0;border-top:1px solid #e4ecf7;}\n.va-indemn-ess-row:first-of-type{border-top:none;padding-top:0;}\n.va-indemn-ess-k{font-family:'JetBrains Mono',monospace;font-size:11px;letter-spacing:.1em;text-transform:uppercase;color:#b07a16;min-width:64px;padding-top:2px;font-weight:500;}\n.va-indemn-ess-v{flex:1;font-size:16px;color:#1f2c41;}\n.va-indemn-grid{display:grid;grid-template-columns:repeat(auto-fit,minmax(220px,1fr));gap:16px;margin:28px 0;}\n.va-indemn-card{background:#fff;border:1px solid #e2e8f2;border-radius:10px;border-top:3px solid #0f2e5c;padding:20px 22px;transition:.25s ease;box-shadow:0 1px 2px rgba(16,24,40,.05);}\n.va-indemn-card:hover{transform:translateY(-3px);box-shadow:0 10px 26px -14px rgba(15,46,92,.4);border-top-color:#b07a16;}\n.va-indemn-card-d{font-family:'Newsreader',Georgia,serif;font-size:24px;font-weight:700;color:#0f2e5c;letter-spacing:-.01em;}\n.va-indemn-card-l{font-size:14px;color:#56627a;margin-top:6px;}\n.va-indemn-card-s{display:inline-block;margin-top:10px;font-family:'JetBrains Mono',monospace;font-size:11px;letter-spacing:.08em;color:#b07a16;background:#fbf3e0;padding:3px 9px;border-radius:5px;}\n.va-indemn-quote{font-family:'Newsreader',Georgia,serif;font-style:italic;font-size:clamp(21px,2.6vw,27px);line-height:1.4;color:#13335f;border-top:1px solid #d7e0ef;border-bottom:1px solid #d7e0ef;padding:26px 20px 26px 38px;margin:36px 0;position:relative;}\n.va-indemn-quote::before{content:\"\u201c\";position:absolute;left:-2px;top:6px;font-size:62px;color:#e3b65a;line-height:1;font-family:'Newsreader',Georgia,serif;}\n.va-indemn-quote-a{display:block;margin-top:14px;font-style:normal;font-family:'JetBrains Mono',monospace;font-size:12px;letter-spacing:.1em;text-transform:uppercase;color:#7a8398;}\n.va-indemn-ret{background:#0f2e5c;border-radius:12px;padding:26px 28px;margin:40px 0;color:#eef3fb;}\n.va-indemn-ret-t{font-family:'JetBrains Mono',monospace;font-size:11px;font-weight:500;letter-spacing:.24em;text-transform:uppercase;color:#e3b65a;margin-bottom:16px;}\n.va-indemn-ret ul{margin:0;padding:0;list-style:none;}\n.va-indemn-ret li{display:flex;gap:12px;padding:9px 0;border-top:1px solid rgba(255,255,255,.12);font-size:16px;line-height:1.5;}\n.va-indemn-ret li:first-child{border-top:none;}\n.va-indemn-ret li::before{content:\"\u2192\";color:#e3b65a;font-weight:700;}\n.va-indemn-src{background:#fbf6ea;border:1px solid #efdfb8;border-radius:10px;padding:22px 26px;margin:34px 0;}\n.va-indemn-src-t{font-family:'JetBrains Mono',monospace;font-size:11px;font-weight:500;letter-spacing:.2em;text-transform:uppercase;color:#a86f12;margin-bottom:12px;display:flex;align-items:center;gap:9px;}\n.va-indemn-src-t span{font-size:16px;}\n.va-indemn-src ul{margin:8px 0 0;padding-left:20px;}\n.va-indemn-src li{margin:6px 0;font-size:15px;color:#5a4a26;}\n.va-indemn-src a{color:#0f2e5c;text-decoration:underline;text-decoration-color:#e3b65a;text-underline-offset:3px;}\n.va-indemn-faq{margin:32px 0;}\n.va-indemn-faq details{border:1px solid #e2e8f2;border-radius:10px;padding:2px 20px;margin:12px 0;background:#fff;transition:.25s ease;}\n.va-indemn-faq details[open]{border-color:#c9d6ea;box-shadow:0 8px 24px -16px rgba(15,46,92,.35);}\n.va-indemn-faq summary{font-family:'Newsreader',Georgia,serif;font-weight:600;font-size:18px;color:#13335f;cursor:pointer;padding:16px 0;list-style:none;display:flex;justify-content:space-between;gap:14px;align-items:center;}\n.va-indemn-faq summary::-webkit-details-marker{display:none;}\n.va-indemn-faq summary::after{content:\"+\";color:#b07a16;font-size:24px;font-family:'Inter',sans-serif;line-height:1;}\n.va-indemn-faq details[open] summary::after{content:\"\u2013\";}\n.va-indemn-faq-a{padding:0 0 18px;font-size:16px;color:#3a4659;line-height:1.6;}\n.va-indemn-fig{margin:34px 0;}\n.va-indemn-fig img{width:100%;height:auto;border-radius:10px;}\n.va-indemn-fig figcaption{font-family:'JetBrains Mono',monospace;font-size:11px;letter-spacing:.06em;color:#8a93a6;margin-top:10px;text-align:center;}\n@media(max-width:640px){.va-indemn-ess-row{flex-direction:column;gap:4px;}}\n\/*RENDERFIX2*\/.va-indemn-ret{color:#eef3f9!important}.va-indemn-ret p,.va-indemn-ret li,.va-indemn-ret strong,.va-indemn-ret em,.va-indemn-ret a,.va-indemn-ret span,.va-indemn-ret b,.va-indemn-ret td,.va-indemn-ret th,.va-indemn-ret h2,.va-indemn-ret h3,.va-indemn-ret h4{color:#eef3f9!important}.va-indemn-ret strong,.va-indemn-ret b{color:#ffffff!important}<\/style>\n<div class=\"va-indemn-wrap\">\n<div class=\"va-indemn-dateline\">A\u00e9rien \u00b7 Droits passagers \u00b7 UE<span><\/span><\/div>\n<div class=\"va-indemn-chapo\">Bruxelles veut revoir les r\u00e8gles d&rsquo;indemnisation en cas de retard de vol. Le projet, soutenu par plusieurs \u00c9tats membres, allongerait les seuils de retard ouvrant droit \u00e0 compensation \u2014 un assouplissement r\u00e9clam\u00e9 par les compagnies, v\u00e9cu comme un recul par les associations de passagers.<\/div>\n<div class=\"va-indemn-ess\">\n<div class=\"va-indemn-ess-t\">L&rsquo;essentiel<\/div>\n<div class=\"va-indemn-ess-row\">\n<div class=\"va-indemn-ess-k\">Quoi<\/div>\n<div class=\"va-indemn-ess-v\">L&rsquo;Union europ\u00e9enne envisage de modifier les r\u00e8gles d&rsquo;indemnisation des retards de vols, en allongeant les d\u00e9lais de retard avant qu&rsquo;une compensation soit due.<\/div>\n<\/div>\n<div class=\"va-indemn-ess-row\">\n<div class=\"va-indemn-ess-k\">Qui<\/div>\n<div class=\"va-indemn-ess-v\">Une r\u00e9forme port\u00e9e par plusieurs \u00c9tats membres, qui vise \u00e0 all\u00e9ger la charge financi\u00e8re des compagnies a\u00e9riennes.<\/div>\n<\/div>\n<div class=\"va-indemn-ess-row\">\n<div class=\"va-indemn-ess-k\">Enjeu<\/div>\n<div class=\"va-indemn-ess-v\">Les passagers craignent un acc\u00e8s plus difficile \u00e0 l&rsquo;indemnisation, sur des trajets courts notamment.<\/div>\n<\/div>\n<\/div>\n<h2>Une r\u00e9forme controvers\u00e9e des compensations a\u00e9riennes<\/h2>\n<p>Les retards de vols sont une source de frustration pour de nombreux voyageurs. Avec des vacances souvent planifi\u00e9es longtemps \u00e0 l&rsquo;avance, un retard peut transformer une exp\u00e9rience de voyage en v\u00e9ritable cauchemar. Face \u00e0 cette probl\u00e9matique, l&rsquo;Union europ\u00e9enne envisage de modifier les r\u00e8gles d&rsquo;indemnisation, un changement qui ne fait pas que des heureux.<\/p>\n<p>Ces nouvelles propositions, soutenues par plusieurs \u00c9tats membres, visent principalement \u00e0 all\u00e9ger la charge financi\u00e8re des compagnies a\u00e9riennes. Cependant, cette d\u00e9cision soul\u00e8ve de nombreuses inqui\u00e9tudes parmi les passagers, qui pourraient se retrouver p\u00e9nalis\u00e9s. Les modifications pr\u00e9vues pourraient restreindre consid\u00e9rablement les droits des voyageurs en cas de d\u00e9sagr\u00e9ment.<\/p>\n<h2>Les nouvelles conditions d&rsquo;indemnisation<\/h2>\n<p>Actuellement, les r\u00e8gles d&rsquo;indemnisation stipulent que les passagers peuvent recevoir jusqu&rsquo;\u00e0 600 euros en cas de retard important, selon la distance de leur vol. Pour un trajet de moins de 1.500 kilom\u00e8tres, un retard d&rsquo;au moins trois heures entra\u00eene une indemnisation de 250 euros. Pour les vols plus longs, les montants augmentent, mais cela pourrait bient\u00f4t changer.<\/p>\n<p>Le projet de r\u00e9forme propose d&rsquo;allonger les d\u00e9lais de retard avant qu&rsquo;une compensation ne soit accord\u00e9e. Par exemple, pour un vol de moins de 1.500 kilom\u00e8tres, les passagers devront attendre un retard de cinq heures pour pr\u00e9tendre \u00e0 une indemnisation de 250 euros. Ce changement pourrait affecter les petits trajets de mani\u00e8re disproportionn\u00e9e, laissant de nombreuses personnes sans recours face aux retards.<\/p>\n<div class=\"va-indemn-grid\">\n<div class=\"va-indemn-card\">\n<div class=\"va-indemn-card-d\">3 h<\/div>\n<div class=\"va-indemn-card-l\">Seuil actuel pour un vol de moins de 1.500 km<\/div>\n<p><span class=\"va-indemn-card-s\">250 \u20ac<\/span><\/div>\n<div class=\"va-indemn-card\">\n<div class=\"va-indemn-card-d\">5 h<\/div>\n<div class=\"va-indemn-card-l\">Seuil propos\u00e9 pour le m\u00eame trajet<\/div>\n<p><span class=\"va-indemn-card-s\">250 \u20ac<\/span><\/div>\n<div class=\"va-indemn-card\">\n<div class=\"va-indemn-card-d\">600 \u20ac<\/div>\n<div class=\"va-indemn-card-l\">Montant maximal actuel selon la distance<\/div>\n<p><span class=\"va-indemn-card-s\">en vigueur<\/span><\/div>\n<\/div>\n<p><iframe loading=\"lazy\" title=\"S02\u00c904 Voyage: assurance, annulation et recours\" width=\"1200\" height=\"675\" src=\"https:\/\/www.youtube.com\/embed\/qFDKmcDq5I4?feature=oembed\" frameborder=\"0\" allow=\"accelerometer; autoplay; clipboard-write; encrypted-media; gyroscope; picture-in-picture; web-share\" referrerpolicy=\"strict-origin-when-cross-origin\" allowfullscreen><\/iframe><\/p>\n<h2>Les cons\u00e9quences pour les passagers<\/h2>\n<p>Si ces nouvelles mesures sont adopt\u00e9es, les voyageurs pourraient faire face \u00e0 une situation d\u00e9savantageuse. L&rsquo;acc\u00e8s \u00e0 une compensation deviendrait plus difficile, ce qui pourrait d\u00e9courager les passagers de r\u00e9clamer leurs droits. Selon des \u00e9tudes r\u00e9alis\u00e9es, seulement un quart des passagers \u00e9ligibles \u00e0 une indemnisation a effectivement \u00e9t\u00e9 indemnis\u00e9 l&rsquo;ann\u00e9e pr\u00e9c\u00e9dente.<\/p>\n<p>Les experts du secteur expriment leur pr\u00e9occupation, redoutant un effet direct sur le nombre de voyageurs r\u00e9ellement indemnis\u00e9s.<\/p>\n<div class=\"va-indemn-quote\">Ces modifications pourraient r\u00e9duire de mani\u00e8re significative le nombre de passagers indemnis\u00e9s en cas de retard.<span class=\"va-indemn-quote-a\">Un sp\u00e9cialiste des droits des consommateurs<\/span><\/div>\n<p>Les implications de cette r\u00e9forme pourraient donc \u00eatre lourdes de cons\u00e9quences, avec une augmentation des litiges entre passagers et compagnies a\u00e9riennes.<\/p>\n<div class=\"va-indemn-ret\">\n<div class=\"va-indemn-ret-t\">Les seuils de retard propos\u00e9s<\/div>\n<ul>\n<li>Retard de moins de 1.500 km : indemnisation apr\u00e8s 5 heures<\/li>\n<li>Retard de plus de 1.500 km : indemnisation apr\u00e8s 9 heures<\/li>\n<li>Retard de plus de 3.500 km : indemnisation apr\u00e8s 12 heures<\/li>\n<\/ul>\n<\/div>\n<p>Ces changements, qui semblent favorables aux compagnies a\u00e9riennes, suscitent une vive r\u00e9action de la part des consommateurs et des d\u00e9fenseurs des droits des passagers. La question demeure : qui d\u00e9fendra les droits des voyageurs si ces nouvelles r\u00e8gles entrent en vigueur ?<\/p>\n<p>En attendant, les voyageurs doivent rester inform\u00e9s et vigilants quant \u00e0 leurs droits. La situation actuelle est un appel \u00e0 la mobilisation pour pr\u00e9server les droits des passagers face \u00e0 des r\u00e9glementations qui pourraient s&rsquo;av\u00e9rer n\u00e9fastes. Les discussions autour de ces propositions continuent, et il est essentiel que les voix des consommateurs soient entendues afin de garantir une protection ad\u00e9quate.<\/p>\n<figure class=\"va-indemn-fig\"><img decoding=\"async\" width=\"1024\" height=\"576\" src=\"https:\/\/voyage-aventure.com\/blog\/wp-content\/uploads\/2025\/02\/stability-retards-de-vols-lue-modifie-les-regles-dindemnisation-un-coup-dur-pour-les-voyageurs-1.png\" class=\"aligncenter\" alt=\"Illustration d\u00e9taill\u00e9e sur Retards de vols : l&#039;UE modifie les r\u00e8gles d&#039;indemnisation, un coup dur pour les voyageurs\" title=\"Retards de vols : l&#039;UE modifie les r\u00e8gles d&#039;indemnisation, un coup dur pour les voyageurs\" loading=\"lazy\" \/><figcaption>Retards de vols : l&rsquo;UE envisage de revoir les r\u00e8gles d&rsquo;indemnisation.<\/figcaption><\/figure>\n<div class=\"va-indemn-src\">\n<div class=\"va-indemn-src-t\"><span>&#9888;<\/span>V\u00e9rifiez vos droits \u00e0 jour<\/div>\n<div class=\"va-indemn-faq-a\">Le cadre rappel\u00e9 ici reprend les \u00e9l\u00e9ments du projet de r\u00e9forme et de la r\u00e9glementation europ\u00e9enne au moment de la publication. Tant qu&rsquo;un texte n&rsquo;est pas adopt\u00e9, les r\u00e8gles en vigueur continuent de s&rsquo;appliquer. Avant toute d\u00e9marche, confirmez les seuils, montants et conditions aupr\u00e8s des sources officielles :<\/div>\n<ul>\n<li><a href=\"https:\/\/europa.eu\/youreurope\/citizens\/travel\/passenger-rights\/air\/index_fr.htm\" rel=\"nofollow noopener\">Vos droits en avion \u2014 portail officiel de l&rsquo;Union europ\u00e9enne (Your Europe)<\/a><\/li>\n<li><a href=\"https:\/\/www.ecc-france.eu\/\" rel=\"nofollow noopener\">Centre Europ\u00e9en des Consommateurs France<\/a><\/li>\n<li><a href=\"https:\/\/www.ecologie.gouv.fr\/dgac\" rel=\"nofollow noopener\">Direction g\u00e9n\u00e9rale de l&rsquo;Aviation civile (DGAC)<\/a><\/li>\n<\/ul>\n<\/div>\n<h2>Questions fr\u00e9quentes<\/h2>\n<div class=\"va-indemn-faq\">\n<details>\n<summary>Que change concr\u00e8tement le projet de r\u00e9forme ?<\/summary>\n<div class=\"va-indemn-faq-a\">D&rsquo;apr\u00e8s le projet pr\u00e9sent\u00e9, il allongerait les d\u00e9lais de retard ouvrant droit \u00e0 indemnisation : pour un vol de moins de 1.500 km, le seuil passerait de trois \u00e0 cinq heures avant de pouvoir pr\u00e9tendre \u00e0 250 euros. Tant que la r\u00e9forme n&rsquo;est pas adopt\u00e9e, ce sont les r\u00e8gles actuelles qui s&rsquo;appliquent.<\/div>\n<\/details>\n<details>\n<summary>Quelles sont les r\u00e8gles d&rsquo;indemnisation en vigueur aujourd&rsquo;hui ?<\/summary>\n<div class=\"va-indemn-faq-a\">Selon les r\u00e8gles actuelles rappel\u00e9es ici, les passagers peuvent recevoir jusqu&rsquo;\u00e0 600 euros selon la distance du vol. Pour un trajet de moins de 1.500 km, un retard d&rsquo;au moins trois heures entra\u00eene une indemnisation de 250 euros, les montants augmentant pour les vols plus longs.<\/div>\n<\/details>\n<details>\n<summary>O\u00f9 v\u00e9rifier mes droits avant de faire une r\u00e9clamation ?<\/summary>\n<div class=\"va-indemn-faq-a\">Aupr\u00e8s des sources officielles : le portail Your Europe de l&rsquo;Union europ\u00e9enne, le Centre Europ\u00e9en des Consommateurs France et la DGAC. Ces organismes indiquent les droits \u00e0 jour, \u00e0 confirmer avant toute d\u00e9marche.<\/div>\n<\/details>\n<\/div>\n<\/div>\n","protected":false},"excerpt":{"rendered":"","protected":false},"author":34,"featured_media":13509,"comment_status":"open","ping_status":"open","sticky":false,"template":"","format":"standard","meta":{"_acf_changed":false,"manual_indexmenow":false,"indexmenow_id_project":0,"footnotes":""},"categories":[1],"tags":[4620,3726,4562,3170,4635],"class_list":["post-13508","post","type-post","status-publish","format-standard","has-post-thumbnail","hentry","category-a-la-une","tag-annulation-de-voyage","tag-conditions-meteorologiques","tag-protection-financiere","tag-securite","tag-voyage","generate-columns","tablet-grid-50","mobile-grid-100","grid-parent","grid-25"],"acf":[],"yoast_head":"<!-- This site is optimized with the Yoast SEO Premium plugin v21.3 (Yoast SEO v25.1) - https:\/\/yoast.com\/wordpress\/plugins\/seo\/ -->\n<title>Retards de vols : l&#039;UE modifie les r\u00e8gles d&#039;indemnisation<\/title>\n<meta name=\"description\" content=\"Bruxelles veut revoir les r\u00e8gles d&#039;indemnisation en cas de retard de vol. Le projet, soutenu par plusieurs \u00c9tats membres, allongerait les seuils de retard\" \/>\n<meta name=\"robots\" content=\"index, follow, max-snippet:-1, max-image-preview:large, max-video-preview:-1\" \/>\n<link rel=\"canonical\" href=\"https:\/\/voyage-aventure.com\/blog\/a-la-une\/retards-de-vols-lue-modifie-les-regles-dindemnisation-un-coup-dur-pour-les-voyageurs\/\" \/>\n<meta property=\"og:locale\" content=\"fr_FR\" \/>\n<meta property=\"og:type\" content=\"article\" \/>\n<meta property=\"og:title\" content=\"Retards de vols : l&#039;UE modifie les r\u00e8gles d&#039;indemnisation\" \/>\n<meta property=\"og:description\" content=\"Bruxelles veut revoir les r\u00e8gles d&#039;indemnisation en cas de retard de vol. Le projet, soutenu par plusieurs \u00c9tats membres, allongerait les seuils de retard\" \/>\n<meta property=\"og:url\" content=\"https:\/\/voyage-aventure.com\/blog\/a-la-une\/retards-de-vols-lue-modifie-les-regles-dindemnisation-un-coup-dur-pour-les-voyageurs\/\" \/>\n<meta property=\"og:site_name\" content=\"voyage-aventure\" \/>\n<meta property=\"og:image\" content=\"https:\/\/voyage-aventure.com\/blog\/wp-content\/uploads\/2025\/02\/stability-retards-de-vols-lue-modifie-les-regles-dindemnisation-un-coup-dur-pour-les-voyageurs.png\" \/>\n\t<meta property=\"og:image:width\" content=\"1024\" \/>\n\t<meta property=\"og:image:height\" content=\"576\" \/>\n\t<meta property=\"og:image:type\" content=\"image\/png\" \/>\n<meta name=\"author\" content=\"Camille Rouvray\" \/>\n<meta name=\"twitter:card\" content=\"summary_large_image\" \/>\n<script type=\"application\/ld+json\" class=\"yoast-schema-graph\">{\"@context\":\"https:\/\/schema.org\",\"@graph\":[{\"@type\":\"NewsArticle\",\"@id\":\"https:\/\/voyage-aventure.com\/blog\/a-la-une\/retards-de-vols-lue-modifie-les-regles-dindemnisation-un-coup-dur-pour-les-voyageurs\/#article\",\"isPartOf\":{\"@id\":\"https:\/\/voyage-aventure.com\/blog\/a-la-une\/retards-de-vols-lue-modifie-les-regles-dindemnisation-un-coup-dur-pour-les-voyageurs\/\"},\"author\":{\"name\":\"Camille Rouvray\",\"@id\":\"https:\/\/voyage-aventure.com\/blog\/#\/schema\/person\/3c864cdc320801e3db34b663e7e3f816\"},\"headline\":\"Retards de vols : l&rsquo;UE modifie les r\u00e8gles d&rsquo;indemnisation, un coup dur pour les voyageurs\",\"datePublished\":\"2026-06-16T14:57:12+00:00\",\"mainEntityOfPage\":{\"@id\":\"https:\/\/voyage-aventure.com\/blog\/a-la-une\/retards-de-vols-lue-modifie-les-regles-dindemnisation-un-coup-dur-pour-les-voyageurs\/\"},\"wordCount\":983,\"commentCount\":25,\"publisher\":{\"@id\":\"https:\/\/voyage-aventure.com\/blog\/#organization\"},\"image\":{\"@id\":\"https:\/\/voyage-aventure.com\/blog\/a-la-une\/retards-de-vols-lue-modifie-les-regles-dindemnisation-un-coup-dur-pour-les-voyageurs\/#primaryimage\"},\"thumbnailUrl\":\"https:\/\/voyage-aventure.com\/blog\/wp-content\/uploads\/2025\/02\/stability-retards-de-vols-lue-modifie-les-regles-dindemnisation-un-coup-dur-pour-les-voyageurs.png\",\"keywords\":[\"Annulation de Voyage\",\"Conditions M\u00e9t\u00e9orologiques\",\"Protection Financi\u00e8re\",\"S\u00e9curit\u00e9\",\"Voyage\"],\"articleSection\":[\"\u00c0 la une\"],\"inLanguage\":\"fr-FR\",\"potentialAction\":[{\"@type\":\"CommentAction\",\"name\":\"Comment\",\"target\":[\"https:\/\/voyage-aventure.com\/blog\/a-la-une\/retards-de-vols-lue-modifie-les-regles-dindemnisation-un-coup-dur-pour-les-voyageurs\/#respond\"]}]},{\"@type\":\"WebPage\",\"@id\":\"https:\/\/voyage-aventure.com\/blog\/a-la-une\/retards-de-vols-lue-modifie-les-regles-dindemnisation-un-coup-dur-pour-les-voyageurs\/\",\"url\":\"https:\/\/voyage-aventure.com\/blog\/a-la-une\/retards-de-vols-lue-modifie-les-regles-dindemnisation-un-coup-dur-pour-les-voyageurs\/\",\"name\":\"Retards de vols : l'UE modifie les r\u00e8gles d'indemnisation\",\"isPartOf\":{\"@id\":\"https:\/\/voyage-aventure.com\/blog\/#website\"},\"primaryImageOfPage\":{\"@id\":\"https:\/\/voyage-aventure.com\/blog\/a-la-une\/retards-de-vols-lue-modifie-les-regles-dindemnisation-un-coup-dur-pour-les-voyageurs\/#primaryimage\"},\"image\":{\"@id\":\"https:\/\/voyage-aventure.com\/blog\/a-la-une\/retards-de-vols-lue-modifie-les-regles-dindemnisation-un-coup-dur-pour-les-voyageurs\/#primaryimage\"},\"thumbnailUrl\":\"https:\/\/voyage-aventure.com\/blog\/wp-content\/uploads\/2025\/02\/stability-retards-de-vols-lue-modifie-les-regles-dindemnisation-un-coup-dur-pour-les-voyageurs.png\",\"datePublished\":\"2026-06-16T14:57:12+00:00\",\"description\":\"Bruxelles veut revoir les r\u00e8gles d'indemnisation en cas de retard de vol. Le projet, soutenu par plusieurs \u00c9tats membres, allongerait les seuils de retard\",\"inLanguage\":\"fr-FR\",\"potentialAction\":[{\"@type\":\"ReadAction\",\"target\":[\"https:\/\/voyage-aventure.com\/blog\/a-la-une\/retards-de-vols-lue-modifie-les-regles-dindemnisation-un-coup-dur-pour-les-voyageurs\/\"]}]},{\"@type\":\"ImageObject\",\"inLanguage\":\"fr-FR\",\"@id\":\"https:\/\/voyage-aventure.com\/blog\/a-la-une\/retards-de-vols-lue-modifie-les-regles-dindemnisation-un-coup-dur-pour-les-voyageurs\/#primaryimage\",\"url\":\"https:\/\/voyage-aventure.com\/blog\/wp-content\/uploads\/2025\/02\/stability-retards-de-vols-lue-modifie-les-regles-dindemnisation-un-coup-dur-pour-les-voyageurs.png\",\"contentUrl\":\"https:\/\/voyage-aventure.com\/blog\/wp-content\/uploads\/2025\/02\/stability-retards-de-vols-lue-modifie-les-regles-dindemnisation-un-coup-dur-pour-les-voyageurs.png\",\"width\":1024,\"height\":576},{\"@type\":\"WebSite\",\"@id\":\"https:\/\/voyage-aventure.com\/blog\/#website\",\"url\":\"https:\/\/voyage-aventure.com\/blog\/\",\"name\":\"voyage-aventure.com\",\"description\":\"Votre passeport pour l\u2019inattendu.\",\"publisher\":{\"@id\":\"https:\/\/voyage-aventure.com\/blog\/#organization\"},\"alternateName\":\"Votre passeport pour l\u2019inattendu.\",\"potentialAction\":[{\"@type\":\"SearchAction\",\"target\":{\"@type\":\"EntryPoint\",\"urlTemplate\":\"https:\/\/voyage-aventure.com\/blog\/?s={search_term_string}\"},\"query-input\":{\"@type\":\"PropertyValueSpecification\",\"valueRequired\":true,\"valueName\":\"search_term_string\"}}],\"inLanguage\":\"fr-FR\"},{\"@type\":\"Organization\",\"@id\":\"https:\/\/voyage-aventure.com\/blog\/#organization\",\"name\":\"Foretsensations.fr\",\"url\":\"https:\/\/voyage-aventure.com\/blog\/\",\"logo\":{\"@type\":\"ImageObject\",\"inLanguage\":\"fr-FR\",\"@id\":\"https:\/\/voyage-aventure.com\/blog\/#\/schema\/logo\/image\/\",\"url\":\"https:\/\/voyage-aventure.com\/blog\/wp-content\/uploads\/2024\/12\/19.png\",\"contentUrl\":\"https:\/\/voyage-aventure.com\/blog\/wp-content\/uploads\/2024\/12\/19.png\",\"width\":512,\"height\":512,\"caption\":\"Foretsensations.fr\"},\"image\":{\"@id\":\"https:\/\/voyage-aventure.com\/blog\/#\/schema\/logo\/image\/\"}},{\"@type\":\"Person\",\"@id\":\"https:\/\/voyage-aventure.com\/blog\/#\/schema\/person\/3c864cdc320801e3db34b663e7e3f816\",\"name\":\"Camille Rouvray\",\"image\":{\"@type\":\"ImageObject\",\"inLanguage\":\"fr-FR\",\"@id\":\"https:\/\/voyage-aventure.com\/blog\/#\/schema\/person\/image\/\",\"url\":\"https:\/\/voyage-aventure.com\/blog\/wp-content\/uploads\/2026\/06\/persona_camille-r-96x96.jpg\",\"contentUrl\":\"https:\/\/voyage-aventure.com\/blog\/wp-content\/uploads\/2026\/06\/persona_camille-r-96x96.jpg\",\"caption\":\"Camille Rouvray\"},\"description\":\"Je voyage et j'\u00e9cris sur le voyage depuis une douzaine d'ann\u00e9es, d'abord en tant que routarde au long cours, puis comme r\u00e9dactrice sp\u00e9cialis\u00e9e. Mon terrain de pr\u00e9dilection, ce sont les circuits organis\u00e9s et l'art de bien pr\u00e9parer un itin\u00e9raire : choix de la saison, dur\u00e9e r\u00e9aliste des \u00e9tapes, budget jour par jour, logement et transport sur place. J'aime aussi raconter les p\u00e9pites urbaines, ces adresses qu'on ne trouve pas dans les guides classiques. Avant de publier un dossier destination, je croise toujours plusieurs sources, je v\u00e9rifie les tarifs et les formalit\u00e9s d'entr\u00e9e \u00e0 jour, et je teste moi-m\u00eame quand je le peux. Mon angle reste pratique avant tout : aider le lecteur \u00e0 partir l'esprit tranquille, sans mauvaise surprise une fois sur place. Je m'attache \u00e0 distinguer le coup de c\u0153ur sinc\u00e8re du simple argument marketing.\",\"sameAs\":[\"https:\/\/camillerouvray.fr\/\"],\"url\":\"https:\/\/voyage-aventure.com\/blog\/auteur\/noname\/\"}]}<\/script>\n<!-- \/ Yoast SEO Premium plugin. -->","yoast_head_json":{"title":"Retards de vols : l'UE modifie les r\u00e8gles d'indemnisation","description":"Bruxelles veut revoir les r\u00e8gles d'indemnisation en cas de retard de vol. Le projet, soutenu par plusieurs \u00c9tats membres, allongerait les seuils de retard","robots":{"index":"index","follow":"follow","max-snippet":"max-snippet:-1","max-image-preview":"max-image-preview:large","max-video-preview":"max-video-preview:-1"},"canonical":"https:\/\/voyage-aventure.com\/blog\/a-la-une\/retards-de-vols-lue-modifie-les-regles-dindemnisation-un-coup-dur-pour-les-voyageurs\/","og_locale":"fr_FR","og_type":"article","og_title":"Retards de vols : l'UE modifie les r\u00e8gles d'indemnisation","og_description":"Bruxelles veut revoir les r\u00e8gles d'indemnisation en cas de retard de vol. Le projet, soutenu par plusieurs \u00c9tats membres, allongerait les seuils de retard","og_url":"https:\/\/voyage-aventure.com\/blog\/a-la-une\/retards-de-vols-lue-modifie-les-regles-dindemnisation-un-coup-dur-pour-les-voyageurs\/","og_site_name":"voyage-aventure","og_image":[{"width":1024,"height":576,"url":"https:\/\/voyage-aventure.com\/blog\/wp-content\/uploads\/2025\/02\/stability-retards-de-vols-lue-modifie-les-regles-dindemnisation-un-coup-dur-pour-les-voyageurs.png","type":"image\/png"}],"author":"Camille Rouvray","twitter_card":"summary_large_image","schema":{"@context":"https:\/\/schema.org","@graph":[{"@type":"NewsArticle","@id":"https:\/\/voyage-aventure.com\/blog\/a-la-une\/retards-de-vols-lue-modifie-les-regles-dindemnisation-un-coup-dur-pour-les-voyageurs\/#article","isPartOf":{"@id":"https:\/\/voyage-aventure.com\/blog\/a-la-une\/retards-de-vols-lue-modifie-les-regles-dindemnisation-un-coup-dur-pour-les-voyageurs\/"},"author":{"name":"Camille Rouvray","@id":"https:\/\/voyage-aventure.com\/blog\/#\/schema\/person\/3c864cdc320801e3db34b663e7e3f816"},"headline":"Retards de vols : l&rsquo;UE modifie les r\u00e8gles d&rsquo;indemnisation, un coup dur pour les voyageurs","datePublished":"2026-06-16T14:57:12+00:00","mainEntityOfPage":{"@id":"https:\/\/voyage-aventure.com\/blog\/a-la-une\/retards-de-vols-lue-modifie-les-regles-dindemnisation-un-coup-dur-pour-les-voyageurs\/"},"wordCount":983,"commentCount":25,"publisher":{"@id":"https:\/\/voyage-aventure.com\/blog\/#organization"},"image":{"@id":"https:\/\/voyage-aventure.com\/blog\/a-la-une\/retards-de-vols-lue-modifie-les-regles-dindemnisation-un-coup-dur-pour-les-voyageurs\/#primaryimage"},"thumbnailUrl":"https:\/\/voyage-aventure.com\/blog\/wp-content\/uploads\/2025\/02\/stability-retards-de-vols-lue-modifie-les-regles-dindemnisation-un-coup-dur-pour-les-voyageurs.png","keywords":["Annulation de Voyage","Conditions M\u00e9t\u00e9orologiques","Protection Financi\u00e8re","S\u00e9curit\u00e9","Voyage"],"articleSection":["\u00c0 la une"],"inLanguage":"fr-FR","potentialAction":[{"@type":"CommentAction","name":"Comment","target":["https:\/\/voyage-aventure.com\/blog\/a-la-une\/retards-de-vols-lue-modifie-les-regles-dindemnisation-un-coup-dur-pour-les-voyageurs\/#respond"]}]},{"@type":"WebPage","@id":"https:\/\/voyage-aventure.com\/blog\/a-la-une\/retards-de-vols-lue-modifie-les-regles-dindemnisation-un-coup-dur-pour-les-voyageurs\/","url":"https:\/\/voyage-aventure.com\/blog\/a-la-une\/retards-de-vols-lue-modifie-les-regles-dindemnisation-un-coup-dur-pour-les-voyageurs\/","name":"Retards de vols : l'UE modifie les r\u00e8gles d'indemnisation","isPartOf":{"@id":"https:\/\/voyage-aventure.com\/blog\/#website"},"primaryImageOfPage":{"@id":"https:\/\/voyage-aventure.com\/blog\/a-la-une\/retards-de-vols-lue-modifie-les-regles-dindemnisation-un-coup-dur-pour-les-voyageurs\/#primaryimage"},"image":{"@id":"https:\/\/voyage-aventure.com\/blog\/a-la-une\/retards-de-vols-lue-modifie-les-regles-dindemnisation-un-coup-dur-pour-les-voyageurs\/#primaryimage"},"thumbnailUrl":"https:\/\/voyage-aventure.com\/blog\/wp-content\/uploads\/2025\/02\/stability-retards-de-vols-lue-modifie-les-regles-dindemnisation-un-coup-dur-pour-les-voyageurs.png","datePublished":"2026-06-16T14:57:12+00:00","description":"Bruxelles veut revoir les r\u00e8gles d'indemnisation en cas de retard de vol. Le projet, soutenu par plusieurs \u00c9tats membres, allongerait les seuils de retard","inLanguage":"fr-FR","potentialAction":[{"@type":"ReadAction","target":["https:\/\/voyage-aventure.com\/blog\/a-la-une\/retards-de-vols-lue-modifie-les-regles-dindemnisation-un-coup-dur-pour-les-voyageurs\/"]}]},{"@type":"ImageObject","inLanguage":"fr-FR","@id":"https:\/\/voyage-aventure.com\/blog\/a-la-une\/retards-de-vols-lue-modifie-les-regles-dindemnisation-un-coup-dur-pour-les-voyageurs\/#primaryimage","url":"https:\/\/voyage-aventure.com\/blog\/wp-content\/uploads\/2025\/02\/stability-retards-de-vols-lue-modifie-les-regles-dindemnisation-un-coup-dur-pour-les-voyageurs.png","contentUrl":"https:\/\/voyage-aventure.com\/blog\/wp-content\/uploads\/2025\/02\/stability-retards-de-vols-lue-modifie-les-regles-dindemnisation-un-coup-dur-pour-les-voyageurs.png","width":1024,"height":576},{"@type":"WebSite","@id":"https:\/\/voyage-aventure.com\/blog\/#website","url":"https:\/\/voyage-aventure.com\/blog\/","name":"voyage-aventure.com","description":"Votre passeport pour l\u2019inattendu.","publisher":{"@id":"https:\/\/voyage-aventure.com\/blog\/#organization"},"alternateName":"Votre passeport pour l\u2019inattendu.","potentialAction":[{"@type":"SearchAction","target":{"@type":"EntryPoint","urlTemplate":"https:\/\/voyage-aventure.com\/blog\/?s={search_term_string}"},"query-input":{"@type":"PropertyValueSpecification","valueRequired":true,"valueName":"search_term_string"}}],"inLanguage":"fr-FR"},{"@type":"Organization","@id":"https:\/\/voyage-aventure.com\/blog\/#organization","name":"Foretsensations.fr","url":"https:\/\/voyage-aventure.com\/blog\/","logo":{"@type":"ImageObject","inLanguage":"fr-FR","@id":"https:\/\/voyage-aventure.com\/blog\/#\/schema\/logo\/image\/","url":"https:\/\/voyage-aventure.com\/blog\/wp-content\/uploads\/2024\/12\/19.png","contentUrl":"https:\/\/voyage-aventure.com\/blog\/wp-content\/uploads\/2024\/12\/19.png","width":512,"height":512,"caption":"Foretsensations.fr"},"image":{"@id":"https:\/\/voyage-aventure.com\/blog\/#\/schema\/logo\/image\/"}},{"@type":"Person","@id":"https:\/\/voyage-aventure.com\/blog\/#\/schema\/person\/3c864cdc320801e3db34b663e7e3f816","name":"Camille Rouvray","image":{"@type":"ImageObject","inLanguage":"fr-FR","@id":"https:\/\/voyage-aventure.com\/blog\/#\/schema\/person\/image\/","url":"https:\/\/voyage-aventure.com\/blog\/wp-content\/uploads\/2026\/06\/persona_camille-r-96x96.jpg","contentUrl":"https:\/\/voyage-aventure.com\/blog\/wp-content\/uploads\/2026\/06\/persona_camille-r-96x96.jpg","caption":"Camille Rouvray"},"description":"Je voyage et j'\u00e9cris sur le voyage depuis une douzaine d'ann\u00e9es, d'abord en tant que routarde au long cours, puis comme r\u00e9dactrice sp\u00e9cialis\u00e9e. Mon terrain de pr\u00e9dilection, ce sont les circuits organis\u00e9s et l'art de bien pr\u00e9parer un itin\u00e9raire : choix de la saison, dur\u00e9e r\u00e9aliste des \u00e9tapes, budget jour par jour, logement et transport sur place. J'aime aussi raconter les p\u00e9pites urbaines, ces adresses qu'on ne trouve pas dans les guides classiques. Avant de publier un dossier destination, je croise toujours plusieurs sources, je v\u00e9rifie les tarifs et les formalit\u00e9s d'entr\u00e9e \u00e0 jour, et je teste moi-m\u00eame quand je le peux. Mon angle reste pratique avant tout : aider le lecteur \u00e0 partir l'esprit tranquille, sans mauvaise surprise une fois sur place. Je m'attache \u00e0 distinguer le coup de c\u0153ur sinc\u00e8re du simple argument marketing.","sameAs":["https:\/\/camillerouvray.fr\/"],"url":"https:\/\/voyage-aventure.com\/blog\/auteur\/noname\/"}]}},"_links":{"self":[{"href":"https:\/\/voyage-aventure.com\/blog\/wp-json\/wp\/v2\/posts\/13508","targetHints":{"allow":["GET"]}}],"collection":[{"href":"https:\/\/voyage-aventure.com\/blog\/wp-json\/wp\/v2\/posts"}],"about":[{"href":"https:\/\/voyage-aventure.com\/blog\/wp-json\/wp\/v2\/types\/post"}],"author":[{"embeddable":true,"href":"https:\/\/voyage-aventure.com\/blog\/wp-json\/wp\/v2\/users\/34"}],"replies":[{"embeddable":true,"href":"https:\/\/voyage-aventure.com\/blog\/wp-json\/wp\/v2\/comments?post=13508"}],"version-history":[{"count":3,"href":"https:\/\/voyage-aventure.com\/blog\/wp-json\/wp\/v2\/posts\/13508\/revisions"}],"predecessor-version":[{"id":22705,"href":"https:\/\/voyage-aventure.com\/blog\/wp-json\/wp\/v2\/posts\/13508\/revisions\/22705"}],"wp:featuredmedia":[{"embeddable":true,"href":"https:\/\/voyage-aventure.com\/blog\/wp-json\/wp\/v2\/media\/13509"}],"wp:attachment":[{"href":"https:\/\/voyage-aventure.com\/blog\/wp-json\/wp\/v2\/media?parent=13508"}],"wp:term":[{"taxonomy":"category","embeddable":true,"href":"https:\/\/voyage-aventure.com\/blog\/wp-json\/wp\/v2\/categories?post=13508"},{"taxonomy":"post_tag","embeddable":true,"href":"https:\/\/voyage-aventure.com\/blog\/wp-json\/wp\/v2\/tags?post=13508"}],"curies":[{"name":"wp","href":"https:\/\/api.w.org\/{rel}","templated":true}]}}