{"id":13411,"date":"2026-09-02T02:33:04","date_gmt":"2026-09-02T00:33:04","guid":{"rendered":"https:\/\/voyage-aventure.com\/blog\/?p=13411"},"modified":"2026-09-02T02:33:04","modified_gmt":"2026-09-02T00:33:04","slug":"alerte-aux-voyageurs-lelectricite-coupee-au-chili-attention-aux-consequences","status":"publish","type":"post","link":"https:\/\/voyage-aventure.com\/blog\/a-la-une\/alerte-aux-voyageurs-lelectricite-coupee-au-chili-attention-aux-consequences\/","title":{"rendered":"Alerte aux voyageurs : l&rsquo;\u00e9lectricit\u00e9 coup\u00e9e au Chili, attention aux cons\u00e9quences"},"content":{"rendered":"<link rel=\"stylesheet\" href=\"https:\/\/fonts.googleapis.com\/css2?family=Newsreader:ital,wght@0,500;0,600;0,700;1,500;1,600&#038;family=Inter:wght@400;500;600;700&#038;family=JetBrains+Mono:wght@500&#038;display=swap\">\n<style>\n.va-actu-wrap{font-family:'Inter',-apple-system,BlinkMacSystemFont,'Segoe UI',Roboto,sans-serif;color:#1c2430;line-height:1.65;font-size:17px}\n.va-actu-wrap h2{font-family:'Newsreader',Georgia,serif;font-weight:700;font-style:normal;letter-spacing:-0.01em;font-size:clamp(23px,3vw,30px);color:#16233a;margin:46px 0 16px}\n.va-actu-wrap h3{font-family:'Newsreader',Georgia,serif;font-weight:600;font-size:19px;color:#16233a;margin:26px 0 10px}\n.va-actu-dateline{display:inline-flex;align-items:center;gap:8px;font-family:'JetBrains Mono',monospace;font-size:12px;letter-spacing:.04em;color:#b3541e;text-transform:uppercase;font-weight:500;margin:0 0 14px}\n.va-actu-lead{background:#fff6ee;border-left:5px solid #b3541e;padding:22px 26px;margin:22px 0 30px;border-radius:0 8px 8px 0}\n.va-actu-lead-txt{font-family:'Newsreader',Georgia,serif;font-style:italic;font-size:19px;line-height:1.55;color:#16233a;font-weight:500}\n.va-actu-essentiel{background:#f6f5f2;border:1px solid #e4e1d8;border-radius:10px;padding:22px 24px 24px;margin:26px 0}\n.va-actu-essentiel-title{font-family:'JetBrains Mono',monospace;font-size:11px;font-weight:700;text-transform:uppercase;letter-spacing:.14em;color:#b3541e;margin-bottom:14px}\n.va-actu-essentiel-row{display:flex;gap:12px;align-items:flex-start;padding:9px 0;border-top:1px solid #e9e6dd}\n.va-actu-essentiel-row:first-of-type{border-top:none}\n.va-actu-essentiel-k{flex:0 0 108px;font-family:'JetBrains Mono',monospace;font-size:11px;font-weight:700;text-transform:uppercase;letter-spacing:.06em;color:#8a5a30;padding-top:2px}\n.va-actu-essentiel-v{font-size:14.5px;color:#2a2a2a}\n.va-actu-update{background:#eef2f8;border:1px solid #ccd8ea;border-radius:10px;padding:16px 20px;margin:30px 0;display:flex;gap:12px;align-items:flex-start}\n.va-actu-update-badge{flex:0 0 auto;font-family:'JetBrains Mono',monospace;font-size:10.5px;font-weight:700;letter-spacing:.08em;text-transform:uppercase;color:#fff;background:#2c4a76;padding:4px 9px;border-radius:5px}\n.va-actu-update-txt{font-size:14px;line-height:1.6;color:#2a3a52}\n.va-actu-pullquote{margin:34px auto;padding:26px 24px;text-align:center;border-top:1px solid #d8d2c4;border-bottom:1px solid #d8d2c4;max-width:620px;position:relative}\n.va-actu-pullquote-mark{position:absolute;top:-19px;left:50%;transform:translateX(-50%);background:#fffdf9;padding:0 12px;font-size:42px;line-height:1;color:#b3541e;font-family:'Newsreader',serif}\n.va-actu-pullquote-txt{margin:0;font-family:'Newsreader',Georgia,serif;font-size:21px;line-height:1.5;font-style:italic;color:#16233a}\n.va-actu-pullquote-cap{margin-top:12px;font-size:11.5px;text-transform:uppercase;letter-spacing:.12em;color:#6a6a6a;font-family:'JetBrains Mono',monospace}\n.va-actu-suivi{background:#f4f8f4;border:1px solid #cfe0cf;border-radius:10px;padding:22px 24px;margin:28px 0}\n.va-actu-suivi-title{font-family:'JetBrains Mono',monospace;font-size:11px;font-weight:700;text-transform:uppercase;letter-spacing:.12em;color:#2f6b3f;margin-bottom:12px}\n.va-actu-suivi-item{display:flex;gap:10px;padding:8px 0;border-top:1px solid #dcebdc;font-size:14.5px;line-height:1.6;color:#243527}\n.va-actu-suivi-item:first-of-type{border-top:none}\n.va-actu-suivi-dot{flex:0 0 8px;width:8px;height:8px;border-radius:50%;background:#2f6b3f;margin-top:7px}\n.va-actu-aside{background:#f4efe7;border-left:4px solid #8a7256;padding:14px 18px;margin:22px 0;border-radius:0 6px 6px 0}\n.va-actu-aside-tag{display:block;font-family:'JetBrains Mono',monospace;font-size:11px;font-weight:700;text-transform:uppercase;letter-spacing:.1em;color:#6b5a3f;margin-bottom:6px}\n.va-actu-aside-txt{font-size:14px;line-height:1.6;color:#3a3a3a}\n.va-actu-retenir{background:#fafaf8;border:1px solid #e5e2d8;border-radius:10px;padding:24px 26px 26px;margin:34px 0}\n.va-actu-retenir-title{font-size:11px;font-weight:700;text-transform:uppercase;letter-spacing:.14em;color:#b3541e;margin-bottom:16px;font-family:'JetBrains Mono',monospace}\n.va-actu-retenir-grid{display:grid;grid-template-columns:repeat(auto-fit,minmax(240px,1fr));gap:10px}\n.va-actu-retenir-item{display:flex;gap:12px;background:#fff;border:1px solid #ece8dd;padding:12px 14px;border-radius:7px;align-items:flex-start;transition:.25s ease}\n.va-actu-retenir-item:hover{transform:translateY(-3px);box-shadow:0 10px 22px -14px rgba(28,36,48,.35);border-color:#e0b98f}\n.va-actu-retenir-num{flex:0 0 24px;width:24px;height:24px;background:#b3541e;color:#fff;border-radius:50%;display:inline-flex;align-items:center;justify-content:center;font-size:11.5px;font-weight:700;font-family:'JetBrains Mono',monospace}\n.va-actu-retenir-txt{font-size:14px;line-height:1.5;color:#242424}\n.va-actu-faq{margin:36px 0}\n.va-actu-faq-title{font-family:'Newsreader',Georgia,serif;margin:0 0 16px;font-size:22px;font-weight:700;color:#16233a}\n.va-actu-faq-wrap{border-top:1px solid #d8d2c4}\n.va-actu-faq-item{border-bottom:1px solid #d8d2c4;padding:0}\n.va-actu-faq-item summary{cursor:pointer;padding:15px 0;font-size:16px;font-weight:600;color:#16233a;list-style:none;display:flex;justify-content:space-between;align-items:center;gap:14px}\n.va-actu-faq-item summary::-webkit-details-marker{display:none}\n.va-actu-faq-mark{font-size:20px;font-weight:300;color:#b3541e;line-height:1}\n.va-actu-faq-a{padding:0 0 15px;font-size:14.5px;line-height:1.65;color:#4a4a4a}\n.va-actu-wrap p{margin:0 0 18px}\n<\/style>\n<div class=\"va-actu-wrap\">\n<span class=\"va-actu-dateline\">Santiago du Chili &middot; 25-26 f\u00e9vrier 2025<\/span><\/p>\n<aside class=\"va-actu-lead\">\n<div class=\"va-actu-lead-txt\">Le 25 f\u00e9vrier 2025, une panne \u00e9lectrique d&rsquo;ampleur nationale a plong\u00e9 une large partie du Chili dans le noir, jusqu&rsquo;\u00e0 la d\u00e9claration d&rsquo;un \u00e9tat d&rsquo;exception et d&rsquo;un couvre-feu le soir m\u00eame. Dix-huit mois plus tard, la cause a \u00e9t\u00e9 \u00e9tablie et les sanctions sont tomb\u00e9es &mdash; voici ce qu&rsquo;il s&rsquo;est pass\u00e9, et ce qui a suivi.<\/div>\n<\/aside>\n<aside class=\"va-actu-essentiel\">\n<div class=\"va-actu-essentiel-title\">L&rsquo;essentiel<\/div>\n<div class=\"va-actu-essentiel-row\"><span class=\"va-actu-essentiel-k\">Quoi<\/span><span class=\"va-actu-essentiel-v\">Une panne g\u00e9n\u00e9ralis\u00e9e du r\u00e9seau \u00e9lectrique chilien, l&rsquo;une des plus importantes de l&rsquo;histoire du pays, a coup\u00e9 le courant \u00e0 environ 4 millions de foyers.<\/span><\/div>\n<div class=\"va-actu-essentiel-row\"><span class=\"va-actu-essentiel-k\">Quand<\/span><span class=\"va-actu-essentiel-v\">Dans l&rsquo;apr\u00e8s-midi du 25 f\u00e9vrier 2025 (heure du Chili) ; un \u00e9tat d&rsquo;exception et un couvre-feu ont \u00e9t\u00e9 d\u00e9cr\u00e9t\u00e9s le soir m\u00eame.<\/span><\/div>\n<div class=\"va-actu-essentiel-row\"><span class=\"va-actu-essentiel-k\">Pourquoi<\/span><span class=\"va-actu-essentiel-v\">Le Coordinador El\u00e9ctrico Nacional (gestionnaire du r\u00e9seau chilien) a identifi\u00e9 une man\u0153uvre non autoris\u00e9e sur une ligne de transmission exploit\u00e9e par Isa Interchile, \u00e0 l&rsquo;origine d&rsquo;un effet domino ; les sanctions financi\u00e8res se poursuivent encore en 2026.<\/span><\/div>\n<\/aside>\n<h2>Une coupure d&rsquo;\u00e9lectricit\u00e9 sans pr\u00e9c\u00e9dent au Chili<\/h2>\n<p>Les habitants se retrouvent dans l&rsquo;obscurit\u00e9, tandis que les touristes sont avertis des risques associ\u00e9s \u00e0 leur voyage. Le Bureau des affaires \u00e9trang\u00e8res, du Commonwealth et du d\u00e9veloppement (FCDO) &mdash; l&rsquo;\u00e9quivalent britannique du Quai d&rsquo;Orsay, charg\u00e9 des ressortissants du Royaume-Uni &mdash; a \u00e9mis un avertissement officiel pour les voyageurs britanniques.<\/p>\n<p>Dans une d\u00e9claration reprise par la presse britannique, le FCDO a indiqu\u00e9 que \u00ab le Chili a connu une panne g\u00e9n\u00e9ralis\u00e9e de son r\u00e9seau \u00e9lectrique le 25 f\u00e9vrier 2025 \u00bb. Des perturbations dans les transports, notamment dans la r\u00e9gion m\u00e9tropolitaine de Santiago, ont compliqu\u00e9 la situation des voyageurs. Les compagnies a\u00e9riennes, telles que LATAM Airlines, ont \u00e9galement signal\u00e9 de possibles interruptions de vol.<\/p>\n<p><iframe loading=\"lazy\" title=\"Super S\u00e9isme de Cascadia \u2013 La Catastrophe la Plus D\u00e9vastatrice de l&#039;Histoire Est Imminente !\" width=\"1200\" height=\"675\" src=\"https:\/\/www.youtube.com\/embed\/hXNE55bS-OA?feature=oembed\" frameborder=\"0\" allow=\"accelerometer; autoplay; clipboard-write; encrypted-media; gyroscope; picture-in-picture; web-share\" referrerpolicy=\"strict-origin-when-cross-origin\" allowfullscreen><\/iframe><\/p>\n<h2>Impact sur les transports et la vie quotidienne<\/h2>\n<p>Les services de transport public \u00e0 Santiago ont \u00e9t\u00e9 gravement affect\u00e9s, avec la suspension temporaire du m\u00e9tro. Les autorit\u00e9s ont d\u00fb \u00e9vacuer plusieurs stations en raison de la panne, ce qui a engendr\u00e9 des d\u00e9sagr\u00e9ments pour les usagers. Les feux de circulation ne fonctionnaient plus, rendant la circulation chaotique dans une grande partie de la capitale.<img decoding=\"async\" width=\"1024\" height=\"576\" src=\"https:\/\/voyage-aventure.com\/blog\/wp-content\/uploads\/2025\/02\/stability-alerte-aux-voyageurs-lelectricite-coupee-au-chili-attention-aux-consequences-1.png\" class=\"aligncenter\" alt=\"Illustration d\u00e9taill\u00e9e sur Alerte aux voyageurs : l&#039;\u00e9lectricit\u00e9 coup\u00e9e au Chili, attention aux cons\u00e9quences\" title=\"Alerte aux voyageurs : l&#039;\u00e9lectricit\u00e9 coup\u00e9e au Chili\" loading=\"lazy\" \/><\/p>\n<p>Au moment de ces premiers constats, le SENAPRED (Office national des urgences) indiquait que les entreprises \u00e9lectriques du pays examinaient encore les causes de la panne, et qu&rsquo;aucun incident d&rsquo;urgence n&rsquo;avait \u00e9t\u00e9 signal\u00e9 \u00e0 ce stade.<\/p>\n<aside class=\"va-actu-update\">\n<span class=\"va-actu-update-badge\">La suite, le m\u00eame jour<\/span><br \/>\n<span class=\"va-actu-update-txt\">Ce constat rassurant n&rsquo;a tenu que quelques heures. Dans la soir\u00e9e du 25 f\u00e9vrier, face aux craintes de pillages li\u00e9es \u00e0 l&rsquo;obscurit\u00e9 g\u00e9n\u00e9ralis\u00e9e, le gouvernement du pr\u00e9sident Gabriel Boric a d\u00e9cr\u00e9t\u00e9 l&rsquo;\u00e9tat d&rsquo;exception et un couvre-feu, avec d\u00e9ploiement de militaires dans plusieurs villes. Le festival de musique de Vi\u00f1a del Mar, qui se tenait au m\u00eame moment, a d\u00fb \u00eatre suspendu. Selon la presse chilienne (La Tercera), l&rsquo;\u00e9tat d&rsquo;exception a \u00e9t\u00e9 lev\u00e9 apr\u00e8s le retour du courant, avec un bilan de 3 personnes d\u00e9c\u00e9d\u00e9es et 207 interpellations pendant la crise.<\/span><br \/>\n<\/aside>\n<h2>Rester inform\u00e9 et en s\u00e9curit\u00e9 &mdash; ce qu&rsquo;il faut savoir aujourd&rsquo;hui<\/h2>\n<p>Cet article couvre un \u00e9v\u00e9nement dat\u00e9 du 25 f\u00e9vrier 2025 : il ne d\u00e9crit pas une situation en cours. Pour un voyage actuel au Chili, mieux vaut consulter les canaux officiels \u00e0 jour plut\u00f4t que cette alerte historique.<\/p>\n<aside class=\"va-actu-aside\">\n<span class=\"va-actu-aside-tag\">Bon \u00e0 savoir pour les voyageurs francophones<\/span><br \/>\n<span class=\"va-actu-aside-txt\">L&rsquo;avertissement cit\u00e9 dans cet article \u00e9manait du FCDO britannique, qui s&rsquo;adresse aux ressortissants du Royaume-Uni. Les voyageurs fran\u00e7ais disposent de leur propre source officielle et ind\u00e9pendante : les conseils aux voyageurs du minist\u00e8re de l&rsquo;Europe et des Affaires \u00e9trang\u00e8res (France Diplomatie), r\u00e9guli\u00e8rement mis \u00e0 jour pays par pays, dont le Chili.<\/span><br \/>\n<\/aside>\n<blockquote class=\"va-actu-pullquote\">\n<div class=\"va-actu-pullquote-mark\">&laquo;<\/div>\n<div class=\"va-actu-pullquote-txt\">Le Chili a connu une panne g\u00e9n\u00e9ralis\u00e9e de son r\u00e9seau \u00e9lectrique le 25 f\u00e9vrier 2025. Le courant reste coup\u00e9 dans de vastes r\u00e9gions du pays.<\/div>\n<div class=\"va-actu-pullquote-cap\">&mdash; FCDO (Foreign, Commonwealth &amp; Development Office), 25 f\u00e9vrier 2025<\/div>\n<\/blockquote>\n<h2>Suivi : la cause identifi\u00e9e et les sanctions (2025-2026)<\/h2>\n<p>Contrairement \u00e0 ce que sugg\u00e9rait la formule \u00ab les causes sont encore \u00e0 l&rsquo;\u00e9tude \u00bb au soir du 25 f\u00e9vrier, l&rsquo;enqu\u00eate a depuis abouti. Le Coordinador El\u00e9ctrico Nacional a \u00e9tabli qu&rsquo;une man\u0153uvre non autoris\u00e9e (\u00ab operaci\u00f3n no deseada \u00bb) sur une ligne de transmission exploit\u00e9e par Isa Interchile a d\u00e9clench\u00e9 la r\u00e9action en cha\u00eene \u00e0 l&rsquo;origine de l&rsquo;effondrement du r\u00e9seau, une chronologie d\u00e9taill\u00e9e ensuite par une \u00e9tude d&rsquo;analyse de d\u00e9faillance pointant une succession d&rsquo;erreurs chez Isa Interchile et Transelec.<\/p>\n<div class=\"va-actu-suivi\">\n<div class=\"va-actu-suivi-title\">Ce qui s&rsquo;est pass\u00e9 depuis, selon la presse chilienne (La Tercera, El Pa\u00eds, CNN Chile)<\/div>\n<div class=\"va-actu-suivi-item\"><span class=\"va-actu-suivi-dot\"><\/span><span>La Superintendencia de Electricidad y Combustibles (SEC), le r\u00e9gulateur chilien, a ouvert des proc\u00e9dures de sanction contre plusieurs acteurs du r\u00e9seau &mdash; Transelec, Isa Interchile, le Coordinador El\u00e9ctrico Nacional lui-m\u00eame, Engie et Generadora Metropolitana.<\/span><\/div>\n<div class=\"va-actu-suivi-item\"><span class=\"va-actu-suivi-dot\"><\/span><span>Les amendes cumul\u00e9es d\u00e9passaient les 35 milliards de pesos chiliens (CLP) d\u00e9but 2026, un montant in\u00e9dit pour le secteur \u00e9lectrique du pays.<\/span><\/div>\n<div class=\"va-actu-suivi-item\"><span class=\"va-actu-suivi-dot\"><\/span><span>Le SERNAC (organisme chilien de protection des consommateurs) a engag\u00e9 une action collective contre les compagnies \u00e9lectriques jug\u00e9es responsables.<\/span><\/div>\n<div class=\"va-actu-suivi-item\"><span class=\"va-actu-suivi-dot\"><\/span><span>Interrog\u00e9 par la presse apr\u00e8s les sanctions de la SEC, le pr\u00e9sident du Coordinador El\u00e9ctrico a r\u00e9sum\u00e9 : \u00ab l&rsquo;\u00e9v\u00e9nement du 25 f\u00e9vrier n&rsquo;aurait pas d\u00fb se produire, et ne doit pas se reproduire \u00bb.<\/span><\/div>\n<\/div>\n<h3>Une autre alerte voyage du m\u00eame jour, sans lien avec le Chili : la gr\u00e8ve \u00e0 l&rsquo;a\u00e9roport de Munich<\/h3>\n<p>Le m\u00eame article source \u00e9voquait aussi, sans rapport avec le Chili, une gr\u00e8ve de deux jours (27-28 f\u00e9vrier 2025) \u00e0 l&rsquo;a\u00e9roport de Munich, appel\u00e9e par le syndicat Ver.di. Un \u00e9pisode distinct, lui aussi clos depuis.<\/p>\n<div class=\"va-actu-retenir\">\n<div class=\"va-actu-retenir-title\">\u00c0 retenir<\/div>\n<div class=\"va-actu-retenir-grid\">\n<div class=\"va-actu-retenir-item\"><span class=\"va-actu-retenir-num\">1<\/span><span class=\"va-actu-retenir-txt\">La panne du 25 f\u00e9vrier 2025 a coup\u00e9 le courant \u00e0 environ 4 millions de foyers chiliens, avec \u00e9tat d&rsquo;exception et couvre-feu d\u00e9cr\u00e9t\u00e9s le soir m\u00eame.<\/span><\/div>\n<div class=\"va-actu-retenir-item\"><span class=\"va-actu-retenir-num\">2<\/span><span class=\"va-actu-retenir-txt\">Le bilan rapport\u00e9 par la presse chilienne fait \u00e9tat de 3 d\u00e9c\u00e8s et 207 interpellations pendant la crise.<\/span><\/div>\n<div class=\"va-actu-retenir-item\"><span class=\"va-actu-retenir-num\">3<\/span><span class=\"va-actu-retenir-txt\">La cause a \u00e9t\u00e9 \u00e9tablie : une man\u0153uvre non autoris\u00e9e sur une ligne de transmission d&rsquo;Isa Interchile, avec des responsabilit\u00e9s partag\u00e9es chez Transelec.<\/span><\/div>\n<div class=\"va-actu-retenir-item\"><span class=\"va-actu-retenir-num\">4<\/span><span class=\"va-actu-retenir-txt\">Les sanctions de la SEC contre les op\u00e9rateurs \u00e9lectriques d\u00e9passaient 35 milliards de CLP d\u00e9but 2026, et une action collective du SERNAC est en cours.<\/span><\/div>\n<div class=\"va-actu-retenir-item\"><span class=\"va-actu-retenir-num\">5<\/span><span class=\"va-actu-retenir-txt\">Cet \u00e9v\u00e9nement est clos : pour un voyage actuel au Chili, se r\u00e9f\u00e9rer aux conseils aux voyageurs \u00e0 jour (France Diplomatie pour les Fran\u00e7ais, FCDO pour les Britanniques) plut\u00f4t qu&rsquo;\u00e0 cette alerte de 2025.<\/span><\/div>\n<\/div>\n<\/div>\n<div class=\"va-actu-faq\">\n<div class=\"va-actu-faq-title\">Questions fr\u00e9quentes<\/div>\n<div class=\"va-actu-faq-wrap\">\n<details class=\"va-actu-faq-item\">\n<summary><span>La panne d&rsquo;\u00e9lectricit\u00e9 au Chili de f\u00e9vrier 2025 est-elle termin\u00e9e ?<\/span><span class=\"va-actu-faq-mark\">+<\/span><\/summary>\n<div class=\"va-actu-faq-a\">Oui. Le courant a \u00e9t\u00e9 r\u00e9tabli et l&rsquo;\u00e9tat d&rsquo;exception a \u00e9t\u00e9 lev\u00e9 peu apr\u00e8s le 25 f\u00e9vrier 2025. Cet article d\u00e9crit un \u00e9v\u00e9nement pass\u00e9, pas une situation en cours.<\/div>\n<\/details>\n<details class=\"va-actu-faq-item\">\n<summary><span>Qu&rsquo;est-ce qui a caus\u00e9 la panne ?<\/span><span class=\"va-actu-faq-mark\">+<\/span><\/summary>\n<div class=\"va-actu-faq-a\">Le Coordinador El\u00e9ctrico Nacional a identifi\u00e9 une man\u0153uvre non autoris\u00e9e sur une ligne de transmission exploit\u00e9e par Isa Interchile, \u00e0 l&rsquo;origine d&rsquo;un effet domino sur le r\u00e9seau. Une \u00e9tude ult\u00e9rieure a d\u00e9taill\u00e9 une cha\u00eene d&rsquo;erreurs impliquant Isa Interchile et Transelec.<\/div>\n<\/details>\n<details class=\"va-actu-faq-item\">\n<summary><span>Combien de personnes ont \u00e9t\u00e9 touch\u00e9es ?<\/span><span class=\"va-actu-faq-mark\">+<\/span><\/summary>\n<div class=\"va-actu-faq-a\">Environ 4 millions de foyers chiliens se sont retrouv\u00e9s sans \u00e9lectricit\u00e9. La presse chilienne a rapport\u00e9 un bilan de 3 d\u00e9c\u00e8s et 207 interpellations pendant la p\u00e9riode d&rsquo;\u00e9tat d&rsquo;exception.<\/div>\n<\/details>\n<details class=\"va-actu-faq-item\">\n<summary><span>O\u00f9 trouver des conseils aux voyageurs \u00e0 jour pour le Chili ?<\/span><span class=\"va-actu-faq-mark\">+<\/span><\/summary>\n<div class=\"va-actu-faq-a\">Les ressortissants fran\u00e7ais peuvent consulter les conseils aux voyageurs de France Diplomatie ; les ressortissants britanniques, ceux du FCDO. Les deux sources sont mises \u00e0 jour en continu, contrairement \u00e0 une alerte ponctuelle comme celle-ci.<\/div>\n<\/details>\n<\/div>\n<\/div>\n<p style=\"font-size:12.5px;color:#8a8a8a;font-family:'JetBrains Mono',monospace;margin-top:36px\">Panne du 25 f\u00e9vrier 2025 &middot; article publi\u00e9 le 26\/02\/2025 d&rsquo;apr\u00e8s une alerte du FCDO relay\u00e9e par la presse britannique &middot; compl\u00e9t\u00e9 et rev\u00e9rifi\u00e9 le 02\/09\/2026 avec le suivi judiciaire et r\u00e9glementaire disponible \u00e0 cette date.<\/p>\n<\/div>\n","protected":false},"excerpt":{"rendered":"","protected":false},"author":34,"featured_media":13412,"comment_status":"open","ping_status":"open","sticky":false,"template":"","format":"standard","meta":{"_acf_changed":false,"manual_indexmenow":false,"indexmenow_id_project":0,"footnotes":""},"categories":[1],"tags":[4646,4636,4452,3170,4635],"class_list":["post-13411","post","type-post","status-publish","format-standard","has-post-thumbnail","hentry","category-a-la-une","tag-assistance","tag-destinations","tag-economies","tag-securite","tag-voyage","generate-columns","tablet-grid-50","mobile-grid-100","grid-parent","grid-25"],"acf":[],"yoast_head":"<!-- This site is optimized with the Yoast SEO Premium plugin v21.3 (Yoast SEO v25.1) - https:\/\/yoast.com\/wordpress\/plugins\/seo\/ -->\n<title>Alerte aux voyageurs : l&#039;\u00e9lectricit\u00e9 coup\u00e9e au Chili<\/title>\n<meta name=\"description\" content=\"Panne \u00e9lectrique majeure au Chili le 25 f\u00e9vrier 2025 : ampleur, \u00e9tat d&#039;exception, couvre-feu, et le point sur la cause et les sanctions \u00e9tablies depuis.\" \/>\n<meta name=\"robots\" content=\"index, follow, max-snippet:-1, max-image-preview:large, max-video-preview:-1\" \/>\n<link rel=\"canonical\" href=\"https:\/\/voyage-aventure.com\/blog\/a-la-une\/alerte-aux-voyageurs-lelectricite-coupee-au-chili-attention-aux-consequences\/\" \/>\n<meta property=\"og:locale\" content=\"fr_FR\" \/>\n<meta property=\"og:type\" content=\"article\" \/>\n<meta property=\"og:title\" content=\"Alerte aux voyageurs : l&#039;\u00e9lectricit\u00e9 coup\u00e9e au Chili\" \/>\n<meta property=\"og:description\" content=\"Panne \u00e9lectrique majeure au Chili le 25 f\u00e9vrier 2025 : ampleur, \u00e9tat d&#039;exception, couvre-feu, et le point sur la cause et les sanctions \u00e9tablies depuis.\" \/>\n<meta property=\"og:url\" content=\"https:\/\/voyage-aventure.com\/blog\/a-la-une\/alerte-aux-voyageurs-lelectricite-coupee-au-chili-attention-aux-consequences\/\" \/>\n<meta property=\"og:site_name\" content=\"voyage-aventure\" \/>\n<meta property=\"og:image\" content=\"https:\/\/voyage-aventure.com\/blog\/wp-content\/uploads\/2025\/02\/stability-alerte-aux-voyageurs-lelectricite-coupee-au-chili-attention-aux-consequences.png\" \/>\n\t<meta property=\"og:image:width\" content=\"1024\" \/>\n\t<meta property=\"og:image:height\" content=\"576\" \/>\n\t<meta property=\"og:image:type\" content=\"image\/png\" \/>\n<meta name=\"author\" content=\"Camille Rouvray\" \/>\n<meta name=\"twitter:card\" content=\"summary_large_image\" \/>\n<script type=\"application\/ld+json\" class=\"yoast-schema-graph\">{\"@context\":\"https:\/\/schema.org\",\"@graph\":[{\"@type\":\"NewsArticle\",\"@id\":\"https:\/\/voyage-aventure.com\/blog\/a-la-une\/alerte-aux-voyageurs-lelectricite-coupee-au-chili-attention-aux-consequences\/#article\",\"isPartOf\":{\"@id\":\"https:\/\/voyage-aventure.com\/blog\/a-la-une\/alerte-aux-voyageurs-lelectricite-coupee-au-chili-attention-aux-consequences\/\"},\"author\":{\"name\":\"Camille Rouvray\",\"@id\":\"https:\/\/voyage-aventure.com\/blog\/#\/schema\/person\/3c864cdc320801e3db34b663e7e3f816\"},\"headline\":\"Alerte aux voyageurs : l&rsquo;\u00e9lectricit\u00e9 coup\u00e9e au Chili, attention aux cons\u00e9quences\",\"datePublished\":\"2026-09-02T00:33:04+00:00\",\"mainEntityOfPage\":{\"@id\":\"https:\/\/voyage-aventure.com\/blog\/a-la-une\/alerte-aux-voyageurs-lelectricite-coupee-au-chili-attention-aux-consequences\/\"},\"wordCount\":1364,\"commentCount\":21,\"publisher\":{\"@id\":\"https:\/\/voyage-aventure.com\/blog\/#organization\"},\"image\":{\"@id\":\"https:\/\/voyage-aventure.com\/blog\/a-la-une\/alerte-aux-voyageurs-lelectricite-coupee-au-chili-attention-aux-consequences\/#primaryimage\"},\"thumbnailUrl\":\"https:\/\/voyage-aventure.com\/blog\/wp-content\/uploads\/2025\/02\/stability-alerte-aux-voyageurs-lelectricite-coupee-au-chili-attention-aux-consequences.png\",\"keywords\":[\"Assistance\",\"Destinations\",\"\u00c9conomies\",\"S\u00e9curit\u00e9\",\"Voyage\"],\"articleSection\":[\"\u00c0 la une\"],\"inLanguage\":\"fr-FR\",\"potentialAction\":[{\"@type\":\"CommentAction\",\"name\":\"Comment\",\"target\":[\"https:\/\/voyage-aventure.com\/blog\/a-la-une\/alerte-aux-voyageurs-lelectricite-coupee-au-chili-attention-aux-consequences\/#respond\"]}]},{\"@type\":\"WebPage\",\"@id\":\"https:\/\/voyage-aventure.com\/blog\/a-la-une\/alerte-aux-voyageurs-lelectricite-coupee-au-chili-attention-aux-consequences\/\",\"url\":\"https:\/\/voyage-aventure.com\/blog\/a-la-une\/alerte-aux-voyageurs-lelectricite-coupee-au-chili-attention-aux-consequences\/\",\"name\":\"Alerte aux voyageurs : l'\u00e9lectricit\u00e9 coup\u00e9e au Chili\",\"isPartOf\":{\"@id\":\"https:\/\/voyage-aventure.com\/blog\/#website\"},\"primaryImageOfPage\":{\"@id\":\"https:\/\/voyage-aventure.com\/blog\/a-la-une\/alerte-aux-voyageurs-lelectricite-coupee-au-chili-attention-aux-consequences\/#primaryimage\"},\"image\":{\"@id\":\"https:\/\/voyage-aventure.com\/blog\/a-la-une\/alerte-aux-voyageurs-lelectricite-coupee-au-chili-attention-aux-consequences\/#primaryimage\"},\"thumbnailUrl\":\"https:\/\/voyage-aventure.com\/blog\/wp-content\/uploads\/2025\/02\/stability-alerte-aux-voyageurs-lelectricite-coupee-au-chili-attention-aux-consequences.png\",\"datePublished\":\"2026-09-02T00:33:04+00:00\",\"description\":\"Panne \u00e9lectrique majeure au Chili le 25 f\u00e9vrier 2025 : ampleur, \u00e9tat d'exception, couvre-feu, et le point sur la cause et les sanctions \u00e9tablies depuis.\",\"inLanguage\":\"fr-FR\",\"potentialAction\":[{\"@type\":\"ReadAction\",\"target\":[\"https:\/\/voyage-aventure.com\/blog\/a-la-une\/alerte-aux-voyageurs-lelectricite-coupee-au-chili-attention-aux-consequences\/\"]}]},{\"@type\":\"ImageObject\",\"inLanguage\":\"fr-FR\",\"@id\":\"https:\/\/voyage-aventure.com\/blog\/a-la-une\/alerte-aux-voyageurs-lelectricite-coupee-au-chili-attention-aux-consequences\/#primaryimage\",\"url\":\"https:\/\/voyage-aventure.com\/blog\/wp-content\/uploads\/2025\/02\/stability-alerte-aux-voyageurs-lelectricite-coupee-au-chili-attention-aux-consequences.png\",\"contentUrl\":\"https:\/\/voyage-aventure.com\/blog\/wp-content\/uploads\/2025\/02\/stability-alerte-aux-voyageurs-lelectricite-coupee-au-chili-attention-aux-consequences.png\",\"width\":1024,\"height\":576},{\"@type\":\"WebSite\",\"@id\":\"https:\/\/voyage-aventure.com\/blog\/#website\",\"url\":\"https:\/\/voyage-aventure.com\/blog\/\",\"name\":\"voyage-aventure.com\",\"description\":\"Votre passeport pour l\u2019inattendu.\",\"publisher\":{\"@id\":\"https:\/\/voyage-aventure.com\/blog\/#organization\"},\"alternateName\":\"Votre passeport pour l\u2019inattendu.\",\"potentialAction\":[{\"@type\":\"SearchAction\",\"target\":{\"@type\":\"EntryPoint\",\"urlTemplate\":\"https:\/\/voyage-aventure.com\/blog\/?s={search_term_string}\"},\"query-input\":{\"@type\":\"PropertyValueSpecification\",\"valueRequired\":true,\"valueName\":\"search_term_string\"}}],\"inLanguage\":\"fr-FR\"},{\"@type\":\"Organization\",\"@id\":\"https:\/\/voyage-aventure.com\/blog\/#organization\",\"name\":\"Foretsensations.fr\",\"url\":\"https:\/\/voyage-aventure.com\/blog\/\",\"logo\":{\"@type\":\"ImageObject\",\"inLanguage\":\"fr-FR\",\"@id\":\"https:\/\/voyage-aventure.com\/blog\/#\/schema\/logo\/image\/\",\"url\":\"https:\/\/voyage-aventure.com\/blog\/wp-content\/uploads\/2024\/12\/19.png\",\"contentUrl\":\"https:\/\/voyage-aventure.com\/blog\/wp-content\/uploads\/2024\/12\/19.png\",\"width\":512,\"height\":512,\"caption\":\"Foretsensations.fr\"},\"image\":{\"@id\":\"https:\/\/voyage-aventure.com\/blog\/#\/schema\/logo\/image\/\"}},{\"@type\":\"Person\",\"@id\":\"https:\/\/voyage-aventure.com\/blog\/#\/schema\/person\/3c864cdc320801e3db34b663e7e3f816\",\"name\":\"Camille Rouvray\",\"image\":{\"@type\":\"ImageObject\",\"inLanguage\":\"fr-FR\",\"@id\":\"https:\/\/voyage-aventure.com\/blog\/#\/schema\/person\/image\/\",\"url\":\"https:\/\/voyage-aventure.com\/blog\/wp-content\/uploads\/2026\/06\/persona_camille-r-96x96.jpg\",\"contentUrl\":\"https:\/\/voyage-aventure.com\/blog\/wp-content\/uploads\/2026\/06\/persona_camille-r-96x96.jpg\",\"caption\":\"Camille Rouvray\"},\"description\":\"Je voyage et j'\u00e9cris sur le voyage depuis une douzaine d'ann\u00e9es, d'abord en tant que routarde au long cours, puis comme r\u00e9dactrice sp\u00e9cialis\u00e9e. Mon terrain de pr\u00e9dilection, ce sont les circuits organis\u00e9s et l'art de bien pr\u00e9parer un itin\u00e9raire : choix de la saison, dur\u00e9e r\u00e9aliste des \u00e9tapes, budget jour par jour, logement et transport sur place. J'aime aussi raconter les p\u00e9pites urbaines, ces adresses qu'on ne trouve pas dans les guides classiques. Avant de publier un dossier destination, je croise toujours plusieurs sources, je v\u00e9rifie les tarifs et les formalit\u00e9s d'entr\u00e9e \u00e0 jour, et je teste moi-m\u00eame quand je le peux. Mon angle reste pratique avant tout : aider le lecteur \u00e0 partir l'esprit tranquille, sans mauvaise surprise une fois sur place. Je m'attache \u00e0 distinguer le coup de c\u0153ur sinc\u00e8re du simple argument marketing.\",\"sameAs\":[\"https:\/\/camillerouvray.fr\/\"],\"url\":\"https:\/\/voyage-aventure.com\/blog\/auteur\/noname\/\"}]}<\/script>\n<!-- \/ Yoast SEO Premium plugin. -->","yoast_head_json":{"title":"Alerte aux voyageurs : l'\u00e9lectricit\u00e9 coup\u00e9e au Chili","description":"Panne \u00e9lectrique majeure au Chili le 25 f\u00e9vrier 2025 : ampleur, \u00e9tat d'exception, couvre-feu, et le point sur la cause et les sanctions \u00e9tablies depuis.","robots":{"index":"index","follow":"follow","max-snippet":"max-snippet:-1","max-image-preview":"max-image-preview:large","max-video-preview":"max-video-preview:-1"},"canonical":"https:\/\/voyage-aventure.com\/blog\/a-la-une\/alerte-aux-voyageurs-lelectricite-coupee-au-chili-attention-aux-consequences\/","og_locale":"fr_FR","og_type":"article","og_title":"Alerte aux voyageurs : l'\u00e9lectricit\u00e9 coup\u00e9e au Chili","og_description":"Panne \u00e9lectrique majeure au Chili le 25 f\u00e9vrier 2025 : ampleur, \u00e9tat d'exception, couvre-feu, et le point sur la cause et les sanctions \u00e9tablies depuis.","og_url":"https:\/\/voyage-aventure.com\/blog\/a-la-une\/alerte-aux-voyageurs-lelectricite-coupee-au-chili-attention-aux-consequences\/","og_site_name":"voyage-aventure","og_image":[{"width":1024,"height":576,"url":"https:\/\/voyage-aventure.com\/blog\/wp-content\/uploads\/2025\/02\/stability-alerte-aux-voyageurs-lelectricite-coupee-au-chili-attention-aux-consequences.png","type":"image\/png"}],"author":"Camille Rouvray","twitter_card":"summary_large_image","schema":{"@context":"https:\/\/schema.org","@graph":[{"@type":"NewsArticle","@id":"https:\/\/voyage-aventure.com\/blog\/a-la-une\/alerte-aux-voyageurs-lelectricite-coupee-au-chili-attention-aux-consequences\/#article","isPartOf":{"@id":"https:\/\/voyage-aventure.com\/blog\/a-la-une\/alerte-aux-voyageurs-lelectricite-coupee-au-chili-attention-aux-consequences\/"},"author":{"name":"Camille Rouvray","@id":"https:\/\/voyage-aventure.com\/blog\/#\/schema\/person\/3c864cdc320801e3db34b663e7e3f816"},"headline":"Alerte aux voyageurs : l&rsquo;\u00e9lectricit\u00e9 coup\u00e9e au Chili, attention aux cons\u00e9quences","datePublished":"2026-09-02T00:33:04+00:00","mainEntityOfPage":{"@id":"https:\/\/voyage-aventure.com\/blog\/a-la-une\/alerte-aux-voyageurs-lelectricite-coupee-au-chili-attention-aux-consequences\/"},"wordCount":1364,"commentCount":21,"publisher":{"@id":"https:\/\/voyage-aventure.com\/blog\/#organization"},"image":{"@id":"https:\/\/voyage-aventure.com\/blog\/a-la-une\/alerte-aux-voyageurs-lelectricite-coupee-au-chili-attention-aux-consequences\/#primaryimage"},"thumbnailUrl":"https:\/\/voyage-aventure.com\/blog\/wp-content\/uploads\/2025\/02\/stability-alerte-aux-voyageurs-lelectricite-coupee-au-chili-attention-aux-consequences.png","keywords":["Assistance","Destinations","\u00c9conomies","S\u00e9curit\u00e9","Voyage"],"articleSection":["\u00c0 la une"],"inLanguage":"fr-FR","potentialAction":[{"@type":"CommentAction","name":"Comment","target":["https:\/\/voyage-aventure.com\/blog\/a-la-une\/alerte-aux-voyageurs-lelectricite-coupee-au-chili-attention-aux-consequences\/#respond"]}]},{"@type":"WebPage","@id":"https:\/\/voyage-aventure.com\/blog\/a-la-une\/alerte-aux-voyageurs-lelectricite-coupee-au-chili-attention-aux-consequences\/","url":"https:\/\/voyage-aventure.com\/blog\/a-la-une\/alerte-aux-voyageurs-lelectricite-coupee-au-chili-attention-aux-consequences\/","name":"Alerte aux voyageurs : l'\u00e9lectricit\u00e9 coup\u00e9e au Chili","isPartOf":{"@id":"https:\/\/voyage-aventure.com\/blog\/#website"},"primaryImageOfPage":{"@id":"https:\/\/voyage-aventure.com\/blog\/a-la-une\/alerte-aux-voyageurs-lelectricite-coupee-au-chili-attention-aux-consequences\/#primaryimage"},"image":{"@id":"https:\/\/voyage-aventure.com\/blog\/a-la-une\/alerte-aux-voyageurs-lelectricite-coupee-au-chili-attention-aux-consequences\/#primaryimage"},"thumbnailUrl":"https:\/\/voyage-aventure.com\/blog\/wp-content\/uploads\/2025\/02\/stability-alerte-aux-voyageurs-lelectricite-coupee-au-chili-attention-aux-consequences.png","datePublished":"2026-09-02T00:33:04+00:00","description":"Panne \u00e9lectrique majeure au Chili le 25 f\u00e9vrier 2025 : ampleur, \u00e9tat d'exception, couvre-feu, et le point sur la cause et les sanctions \u00e9tablies depuis.","inLanguage":"fr-FR","potentialAction":[{"@type":"ReadAction","target":["https:\/\/voyage-aventure.com\/blog\/a-la-une\/alerte-aux-voyageurs-lelectricite-coupee-au-chili-attention-aux-consequences\/"]}]},{"@type":"ImageObject","inLanguage":"fr-FR","@id":"https:\/\/voyage-aventure.com\/blog\/a-la-une\/alerte-aux-voyageurs-lelectricite-coupee-au-chili-attention-aux-consequences\/#primaryimage","url":"https:\/\/voyage-aventure.com\/blog\/wp-content\/uploads\/2025\/02\/stability-alerte-aux-voyageurs-lelectricite-coupee-au-chili-attention-aux-consequences.png","contentUrl":"https:\/\/voyage-aventure.com\/blog\/wp-content\/uploads\/2025\/02\/stability-alerte-aux-voyageurs-lelectricite-coupee-au-chili-attention-aux-consequences.png","width":1024,"height":576},{"@type":"WebSite","@id":"https:\/\/voyage-aventure.com\/blog\/#website","url":"https:\/\/voyage-aventure.com\/blog\/","name":"voyage-aventure.com","description":"Votre passeport pour l\u2019inattendu.","publisher":{"@id":"https:\/\/voyage-aventure.com\/blog\/#organization"},"alternateName":"Votre passeport pour l\u2019inattendu.","potentialAction":[{"@type":"SearchAction","target":{"@type":"EntryPoint","urlTemplate":"https:\/\/voyage-aventure.com\/blog\/?s={search_term_string}"},"query-input":{"@type":"PropertyValueSpecification","valueRequired":true,"valueName":"search_term_string"}}],"inLanguage":"fr-FR"},{"@type":"Organization","@id":"https:\/\/voyage-aventure.com\/blog\/#organization","name":"Foretsensations.fr","url":"https:\/\/voyage-aventure.com\/blog\/","logo":{"@type":"ImageObject","inLanguage":"fr-FR","@id":"https:\/\/voyage-aventure.com\/blog\/#\/schema\/logo\/image\/","url":"https:\/\/voyage-aventure.com\/blog\/wp-content\/uploads\/2024\/12\/19.png","contentUrl":"https:\/\/voyage-aventure.com\/blog\/wp-content\/uploads\/2024\/12\/19.png","width":512,"height":512,"caption":"Foretsensations.fr"},"image":{"@id":"https:\/\/voyage-aventure.com\/blog\/#\/schema\/logo\/image\/"}},{"@type":"Person","@id":"https:\/\/voyage-aventure.com\/blog\/#\/schema\/person\/3c864cdc320801e3db34b663e7e3f816","name":"Camille Rouvray","image":{"@type":"ImageObject","inLanguage":"fr-FR","@id":"https:\/\/voyage-aventure.com\/blog\/#\/schema\/person\/image\/","url":"https:\/\/voyage-aventure.com\/blog\/wp-content\/uploads\/2026\/06\/persona_camille-r-96x96.jpg","contentUrl":"https:\/\/voyage-aventure.com\/blog\/wp-content\/uploads\/2026\/06\/persona_camille-r-96x96.jpg","caption":"Camille Rouvray"},"description":"Je voyage et j'\u00e9cris sur le voyage depuis une douzaine d'ann\u00e9es, d'abord en tant que routarde au long cours, puis comme r\u00e9dactrice sp\u00e9cialis\u00e9e. Mon terrain de pr\u00e9dilection, ce sont les circuits organis\u00e9s et l'art de bien pr\u00e9parer un itin\u00e9raire : choix de la saison, dur\u00e9e r\u00e9aliste des \u00e9tapes, budget jour par jour, logement et transport sur place. J'aime aussi raconter les p\u00e9pites urbaines, ces adresses qu'on ne trouve pas dans les guides classiques. Avant de publier un dossier destination, je croise toujours plusieurs sources, je v\u00e9rifie les tarifs et les formalit\u00e9s d'entr\u00e9e \u00e0 jour, et je teste moi-m\u00eame quand je le peux. Mon angle reste pratique avant tout : aider le lecteur \u00e0 partir l'esprit tranquille, sans mauvaise surprise une fois sur place. Je m'attache \u00e0 distinguer le coup de c\u0153ur sinc\u00e8re du simple argument marketing.","sameAs":["https:\/\/camillerouvray.fr\/"],"url":"https:\/\/voyage-aventure.com\/blog\/auteur\/noname\/"}]}},"_links":{"self":[{"href":"https:\/\/voyage-aventure.com\/blog\/wp-json\/wp\/v2\/posts\/13411","targetHints":{"allow":["GET"]}}],"collection":[{"href":"https:\/\/voyage-aventure.com\/blog\/wp-json\/wp\/v2\/posts"}],"about":[{"href":"https:\/\/voyage-aventure.com\/blog\/wp-json\/wp\/v2\/types\/post"}],"author":[{"embeddable":true,"href":"https:\/\/voyage-aventure.com\/blog\/wp-json\/wp\/v2\/users\/34"}],"replies":[{"embeddable":true,"href":"https:\/\/voyage-aventure.com\/blog\/wp-json\/wp\/v2\/comments?post=13411"}],"version-history":[{"count":3,"href":"https:\/\/voyage-aventure.com\/blog\/wp-json\/wp\/v2\/posts\/13411\/revisions"}],"predecessor-version":[{"id":23264,"href":"https:\/\/voyage-aventure.com\/blog\/wp-json\/wp\/v2\/posts\/13411\/revisions\/23264"}],"wp:featuredmedia":[{"embeddable":true,"href":"https:\/\/voyage-aventure.com\/blog\/wp-json\/wp\/v2\/media\/13412"}],"wp:attachment":[{"href":"https:\/\/voyage-aventure.com\/blog\/wp-json\/wp\/v2\/media?parent=13411"}],"wp:term":[{"taxonomy":"category","embeddable":true,"href":"https:\/\/voyage-aventure.com\/blog\/wp-json\/wp\/v2\/categories?post=13411"},{"taxonomy":"post_tag","embeddable":true,"href":"https:\/\/voyage-aventure.com\/blog\/wp-json\/wp\/v2\/tags?post=13411"}],"curies":[{"name":"wp","href":"https:\/\/api.w.org\/{rel}","templated":true}]}}