{"id":13115,"date":"2025-02-26T12:18:25","date_gmt":"2025-02-26T11:18:25","guid":{"rendered":"https:\/\/voyage-aventure.com\/blog\/?p=13115"},"modified":"2025-02-25T16:16:46","modified_gmt":"2025-02-25T15:16:46","slug":"alerte-voyage-le-royaume-uni-avertit-les-voyageurs-sur-les-manifestations-en-grece","status":"publish","type":"post","link":"https:\/\/voyage-aventure.com\/blog\/a-la-une\/alerte-voyage-le-royaume-uni-avertit-les-voyageurs-sur-les-manifestations-en-grece\/","title":{"rendered":"Alerte Voyage : le Royaume-Uni avertit les voyageurs sur les manifestations en Gr\u00e8ce"},"content":{"rendered":"<h2>Des manifestations de grande envergure attendues en Gr\u00e8ce<\/h2>\n<p>Ces \u00e9v\u00e9nements comm\u00e9morent le tragique accident ferroviaire de Tempe survenu en 2023, qui a co\u00fbt\u00e9 la vie \u00e0 57 personnes. Le minist\u00e8re britannique des Affaires \u00e9trang\u00e8res met en garde les voyageurs sur les perturbations significatives qui en d\u00e9couleront.<\/p>\n<p>Les gr\u00e8ves toucheront tous les secteurs et engendreront des d\u00e9sagr\u00e9ments dans les transports publics. Les voyageurs doivent \u00eatre conscients que des services seront suspendus, affectant ainsi la mobilit\u00e9 \u00e0 travers le pays. La situation pourrait impacter aussi bien les r\u00e9sidents que les touristes, entra\u00eenant des retards impr\u00e9vus.<\/p>\n<h2>Les cons\u00e9quences sur les transports et les services publics<\/h2>\n<p>Les transports seront particuli\u00e8rement touch\u00e9s par cette gr\u00e8ve. Les ferries, les trains nationaux et m\u00eame le contr\u00f4le du trafic a\u00e9rien participeront \u00e0 une gr\u00e8ve de 24 heures, comme l&rsquo;a pr\u00e9cis\u00e9 le minist\u00e8re. Les a\u00e9roports de tout le pays devraient conna\u00eetre des annulations et des retards de vols, tant nationaux qu&rsquo;internationaux.<\/p>\n<p>Les services publics, notamment les h\u00f4pitaux, ne traiteront que les cas d&rsquo;urgence. Cette situation pourrait entra\u00eener une surcharge dans les \u00e9tablissements de sant\u00e9, d\u00e9j\u00e0 fragilis\u00e9s par la crise. Les voyageurs doivent donc anticiper des d\u00e9fis en mati\u00e8re d&rsquo;acc\u00e8s aux soins et aux services essentiels.<\/p>\n<p><iframe loading=\"lazy\" title=\"Famous Modern Ghost Stories \ud83d\udc7b | Chilling Tales of the Supernatural \ud83d\udc7b\" width=\"1200\" height=\"675\" src=\"https:\/\/www.youtube.com\/embed\/jKYcVxs1wB4?feature=oembed\" frameborder=\"0\" allow=\"accelerometer; autoplay; clipboard-write; encrypted-media; gyroscope; picture-in-picture; web-share\" referrerpolicy=\"strict-origin-when-cross-origin\" allowfullscreen><\/iframe><\/p>\n<h2>Conseils pour les voyageurs au Royaume-Uni et en Gr\u00e8ce<\/h2>\n<p>Face \u00e0 cette situation, il est crucial pour les voyageurs de se pr\u00e9parer ad\u00e9quatement. Voici quelques recommandations utiles pour minimiser les d\u00e9sagr\u00e9ments :<\/p>\n<ul>\n<li>V\u00e9rifiez les horaires de transport avant de partir.<\/li>\n<li>Anticipez d&rsquo;\u00e9ventuelles annulations de vols et modifiez vos r\u00e9servations si n\u00e9cessaire.<\/li>\n<li>Restez inform\u00e9 des d\u00e9veloppements en suivant les actualit\u00e9s locales.<\/li>\n<li>Pr\u00e9parez un plan de secours pour vos d\u00e9placements.<\/li>\n<li>Contactez votre compagnie d&rsquo;assurance pour conna\u00eetre vos droits en cas de perturbations.<\/li>\n<\/ul>\n<blockquote><p>\u201cLes manifestations sont un droit d\u00e9mocratique, mais elles peuvent causer des d\u00e9sagr\u00e9ments pour les voyageurs.\u201d<\/p><\/blockquote>\n<p>Il est imp\u00e9ratif que les touristes prennent ces avertissements au s\u00e9rieux afin d&rsquo;assurer leur s\u00e9curit\u00e9. La situation pourrait \u00e9voluer rapidement, et rester inform\u00e9 est la cl\u00e9 pour naviguer dans ces troubles. Pr\u00e9parez-vous et restez vigilants pour profiter de votre s\u00e9jour en Gr\u00e8ce malgr\u00e9 ces d\u00e9fis.<\/p>\n","protected":false},"excerpt":{"rendered":"","protected":false},"author":34,"featured_media":14101,"comment_status":"open","ping_status":"open","sticky":false,"template":"","format":"standard","meta":{"_acf_changed":false,"manual_indexmenow":false,"indexmenow_id_project":0,"footnotes":""},"categories":[1],"tags":[4640,4636,4713,3170,4635],"class_list":["post-13115","post","type-post","status-publish","format-standard","has-post-thumbnail","hentry","category-a-la-une","tag-annulation","tag-destinations","tag-preparation","tag-securite","tag-voyage","generate-columns","tablet-grid-50","mobile-grid-100","grid-parent","grid-25"],"acf":[],"yoast_head":"<!-- This site is optimized with the Yoast SEO Premium plugin v21.3 (Yoast SEO v25.1) - https:\/\/yoast.com\/wordpress\/plugins\/seo\/ -->\n<title>Alerte Voyage : le Royaume-Uni avertit les voyageurs sur<\/title>\n<meta name=\"description\" content=\"Des manifestations de grande envergure attendues en Gr\u00e8ce Ces \u00e9v\u00e9nements comm\u00e9morent le tragique accident ferroviaire de Tempe survenu en 2023, qui a\" \/>\n<meta name=\"robots\" content=\"index, follow, max-snippet:-1, max-image-preview:large, max-video-preview:-1\" \/>\n<link rel=\"canonical\" href=\"https:\/\/voyage-aventure.com\/blog\/a-la-une\/alerte-voyage-le-royaume-uni-avertit-les-voyageurs-sur-les-manifestations-en-grece\/\" \/>\n<meta property=\"og:locale\" content=\"fr_FR\" \/>\n<meta property=\"og:type\" content=\"article\" \/>\n<meta property=\"og:title\" content=\"Alerte Voyage : le Royaume-Uni avertit les voyageurs sur\" \/>\n<meta property=\"og:description\" content=\"Des manifestations de grande envergure attendues en Gr\u00e8ce Ces \u00e9v\u00e9nements comm\u00e9morent le tragique accident ferroviaire de Tempe survenu en 2023, qui a\" \/>\n<meta property=\"og:url\" content=\"https:\/\/voyage-aventure.com\/blog\/a-la-une\/alerte-voyage-le-royaume-uni-avertit-les-voyageurs-sur-les-manifestations-en-grece\/\" \/>\n<meta property=\"og:site_name\" content=\"voyage-aventure\" \/>\n<meta property=\"og:image\" content=\"https:\/\/voyage-aventure.com\/blog\/wp-content\/uploads\/2025\/02\/sdxl-42d3fa880734f1cc9af90f0c283a6d3e.png\" \/>\n\t<meta property=\"og:image:width\" content=\"1536\" \/>\n\t<meta property=\"og:image:height\" content=\"640\" \/>\n\t<meta property=\"og:image:type\" content=\"image\/png\" \/>\n<meta name=\"author\" content=\"Camille Rouvray\" \/>\n<meta name=\"twitter:card\" content=\"summary_large_image\" \/>\n<script type=\"application\/ld+json\" class=\"yoast-schema-graph\">{\"@context\":\"https:\/\/schema.org\",\"@graph\":[{\"@type\":\"NewsArticle\",\"@id\":\"https:\/\/voyage-aventure.com\/blog\/a-la-une\/alerte-voyage-le-royaume-uni-avertit-les-voyageurs-sur-les-manifestations-en-grece\/#article\",\"isPartOf\":{\"@id\":\"https:\/\/voyage-aventure.com\/blog\/a-la-une\/alerte-voyage-le-royaume-uni-avertit-les-voyageurs-sur-les-manifestations-en-grece\/\"},\"author\":{\"name\":\"Camille Rouvray\",\"@id\":\"https:\/\/voyage-aventure.com\/blog\/#\/schema\/person\/3c864cdc320801e3db34b663e7e3f816\"},\"headline\":\"Alerte Voyage : le Royaume-Uni avertit les voyageurs sur les manifestations en Gr\u00e8ce\",\"datePublished\":\"2025-02-26T11:18:25+00:00\",\"mainEntityOfPage\":{\"@id\":\"https:\/\/voyage-aventure.com\/blog\/a-la-une\/alerte-voyage-le-royaume-uni-avertit-les-voyageurs-sur-les-manifestations-en-grece\/\"},\"wordCount\":408,\"commentCount\":21,\"publisher\":{\"@id\":\"https:\/\/voyage-aventure.com\/blog\/#organization\"},\"image\":{\"@id\":\"https:\/\/voyage-aventure.com\/blog\/a-la-une\/alerte-voyage-le-royaume-uni-avertit-les-voyageurs-sur-les-manifestations-en-grece\/#primaryimage\"},\"thumbnailUrl\":\"https:\/\/voyage-aventure.com\/blog\/wp-content\/uploads\/2025\/02\/sdxl-42d3fa880734f1cc9af90f0c283a6d3e.png\",\"keywords\":[\"Annulation\",\"Destinations\",\"Pr\u00e9paration\",\"S\u00e9curit\u00e9\",\"Voyage\"],\"articleSection\":[\"\u00c0 la une\"],\"inLanguage\":\"fr-FR\",\"potentialAction\":[{\"@type\":\"CommentAction\",\"name\":\"Comment\",\"target\":[\"https:\/\/voyage-aventure.com\/blog\/a-la-une\/alerte-voyage-le-royaume-uni-avertit-les-voyageurs-sur-les-manifestations-en-grece\/#respond\"]}]},{\"@type\":\"WebPage\",\"@id\":\"https:\/\/voyage-aventure.com\/blog\/a-la-une\/alerte-voyage-le-royaume-uni-avertit-les-voyageurs-sur-les-manifestations-en-grece\/\",\"url\":\"https:\/\/voyage-aventure.com\/blog\/a-la-une\/alerte-voyage-le-royaume-uni-avertit-les-voyageurs-sur-les-manifestations-en-grece\/\",\"name\":\"Alerte Voyage : le Royaume-Uni avertit les voyageurs sur\",\"isPartOf\":{\"@id\":\"https:\/\/voyage-aventure.com\/blog\/#website\"},\"primaryImageOfPage\":{\"@id\":\"https:\/\/voyage-aventure.com\/blog\/a-la-une\/alerte-voyage-le-royaume-uni-avertit-les-voyageurs-sur-les-manifestations-en-grece\/#primaryimage\"},\"image\":{\"@id\":\"https:\/\/voyage-aventure.com\/blog\/a-la-une\/alerte-voyage-le-royaume-uni-avertit-les-voyageurs-sur-les-manifestations-en-grece\/#primaryimage\"},\"thumbnailUrl\":\"https:\/\/voyage-aventure.com\/blog\/wp-content\/uploads\/2025\/02\/sdxl-42d3fa880734f1cc9af90f0c283a6d3e.png\",\"datePublished\":\"2025-02-26T11:18:25+00:00\",\"description\":\"Des manifestations de grande envergure attendues en Gr\u00e8ce Ces \u00e9v\u00e9nements comm\u00e9morent le tragique accident ferroviaire de Tempe survenu en 2023, qui a\",\"inLanguage\":\"fr-FR\",\"potentialAction\":[{\"@type\":\"ReadAction\",\"target\":[\"https:\/\/voyage-aventure.com\/blog\/a-la-une\/alerte-voyage-le-royaume-uni-avertit-les-voyageurs-sur-les-manifestations-en-grece\/\"]}]},{\"@type\":\"ImageObject\",\"inLanguage\":\"fr-FR\",\"@id\":\"https:\/\/voyage-aventure.com\/blog\/a-la-une\/alerte-voyage-le-royaume-uni-avertit-les-voyageurs-sur-les-manifestations-en-grece\/#primaryimage\",\"url\":\"https:\/\/voyage-aventure.com\/blog\/wp-content\/uploads\/2025\/02\/sdxl-42d3fa880734f1cc9af90f0c283a6d3e.png\",\"contentUrl\":\"https:\/\/voyage-aventure.com\/blog\/wp-content\/uploads\/2025\/02\/sdxl-42d3fa880734f1cc9af90f0c283a6d3e.png\",\"width\":1536,\"height\":640},{\"@type\":\"WebSite\",\"@id\":\"https:\/\/voyage-aventure.com\/blog\/#website\",\"url\":\"https:\/\/voyage-aventure.com\/blog\/\",\"name\":\"voyage-aventure.com\",\"description\":\"Votre passeport pour l\u2019inattendu.\",\"publisher\":{\"@id\":\"https:\/\/voyage-aventure.com\/blog\/#organization\"},\"alternateName\":\"Votre passeport pour l\u2019inattendu.\",\"potentialAction\":[{\"@type\":\"SearchAction\",\"target\":{\"@type\":\"EntryPoint\",\"urlTemplate\":\"https:\/\/voyage-aventure.com\/blog\/?s={search_term_string}\"},\"query-input\":{\"@type\":\"PropertyValueSpecification\",\"valueRequired\":true,\"valueName\":\"search_term_string\"}}],\"inLanguage\":\"fr-FR\"},{\"@type\":\"Organization\",\"@id\":\"https:\/\/voyage-aventure.com\/blog\/#organization\",\"name\":\"Foretsensations.fr\",\"url\":\"https:\/\/voyage-aventure.com\/blog\/\",\"logo\":{\"@type\":\"ImageObject\",\"inLanguage\":\"fr-FR\",\"@id\":\"https:\/\/voyage-aventure.com\/blog\/#\/schema\/logo\/image\/\",\"url\":\"https:\/\/voyage-aventure.com\/blog\/wp-content\/uploads\/2024\/12\/19.png\",\"contentUrl\":\"https:\/\/voyage-aventure.com\/blog\/wp-content\/uploads\/2024\/12\/19.png\",\"width\":512,\"height\":512,\"caption\":\"Foretsensations.fr\"},\"image\":{\"@id\":\"https:\/\/voyage-aventure.com\/blog\/#\/schema\/logo\/image\/\"}},{\"@type\":\"Person\",\"@id\":\"https:\/\/voyage-aventure.com\/blog\/#\/schema\/person\/3c864cdc320801e3db34b663e7e3f816\",\"name\":\"Camille Rouvray\",\"image\":{\"@type\":\"ImageObject\",\"inLanguage\":\"fr-FR\",\"@id\":\"https:\/\/voyage-aventure.com\/blog\/#\/schema\/person\/image\/\",\"url\":\"https:\/\/voyage-aventure.com\/blog\/wp-content\/uploads\/2026\/06\/persona_camille-r-96x96.jpg\",\"contentUrl\":\"https:\/\/voyage-aventure.com\/blog\/wp-content\/uploads\/2026\/06\/persona_camille-r-96x96.jpg\",\"caption\":\"Camille Rouvray\"},\"description\":\"Je voyage et j'\u00e9cris sur le voyage depuis une douzaine d'ann\u00e9es, d'abord en tant que routarde au long cours, puis comme r\u00e9dactrice sp\u00e9cialis\u00e9e. Mon terrain de pr\u00e9dilection, ce sont les circuits organis\u00e9s et l'art de bien pr\u00e9parer un itin\u00e9raire : choix de la saison, dur\u00e9e r\u00e9aliste des \u00e9tapes, budget jour par jour, logement et transport sur place. J'aime aussi raconter les p\u00e9pites urbaines, ces adresses qu'on ne trouve pas dans les guides classiques. Avant de publier un dossier destination, je croise toujours plusieurs sources, je v\u00e9rifie les tarifs et les formalit\u00e9s d'entr\u00e9e \u00e0 jour, et je teste moi-m\u00eame quand je le peux. Mon angle reste pratique avant tout : aider le lecteur \u00e0 partir l'esprit tranquille, sans mauvaise surprise une fois sur place. Je m'attache \u00e0 distinguer le coup de c\u0153ur sinc\u00e8re du simple argument marketing.\",\"sameAs\":[\"https:\/\/camillerouvray.fr\/\"],\"url\":\"https:\/\/voyage-aventure.com\/blog\/auteur\/noname\/\"}]}<\/script>\n<!-- \/ Yoast SEO Premium plugin. -->","yoast_head_json":{"title":"Alerte Voyage : le Royaume-Uni avertit les voyageurs sur","description":"Des manifestations de grande envergure attendues en Gr\u00e8ce Ces \u00e9v\u00e9nements comm\u00e9morent le tragique accident ferroviaire de Tempe survenu en 2023, qui a","robots":{"index":"index","follow":"follow","max-snippet":"max-snippet:-1","max-image-preview":"max-image-preview:large","max-video-preview":"max-video-preview:-1"},"canonical":"https:\/\/voyage-aventure.com\/blog\/a-la-une\/alerte-voyage-le-royaume-uni-avertit-les-voyageurs-sur-les-manifestations-en-grece\/","og_locale":"fr_FR","og_type":"article","og_title":"Alerte Voyage : le Royaume-Uni avertit les voyageurs sur","og_description":"Des manifestations de grande envergure attendues en Gr\u00e8ce Ces \u00e9v\u00e9nements comm\u00e9morent le tragique accident ferroviaire de Tempe survenu en 2023, qui a","og_url":"https:\/\/voyage-aventure.com\/blog\/a-la-une\/alerte-voyage-le-royaume-uni-avertit-les-voyageurs-sur-les-manifestations-en-grece\/","og_site_name":"voyage-aventure","og_image":[{"width":1536,"height":640,"url":"https:\/\/voyage-aventure.com\/blog\/wp-content\/uploads\/2025\/02\/sdxl-42d3fa880734f1cc9af90f0c283a6d3e.png","type":"image\/png"}],"author":"Camille Rouvray","twitter_card":"summary_large_image","schema":{"@context":"https:\/\/schema.org","@graph":[{"@type":"NewsArticle","@id":"https:\/\/voyage-aventure.com\/blog\/a-la-une\/alerte-voyage-le-royaume-uni-avertit-les-voyageurs-sur-les-manifestations-en-grece\/#article","isPartOf":{"@id":"https:\/\/voyage-aventure.com\/blog\/a-la-une\/alerte-voyage-le-royaume-uni-avertit-les-voyageurs-sur-les-manifestations-en-grece\/"},"author":{"name":"Camille Rouvray","@id":"https:\/\/voyage-aventure.com\/blog\/#\/schema\/person\/3c864cdc320801e3db34b663e7e3f816"},"headline":"Alerte Voyage : le Royaume-Uni avertit les voyageurs sur les manifestations en Gr\u00e8ce","datePublished":"2025-02-26T11:18:25+00:00","mainEntityOfPage":{"@id":"https:\/\/voyage-aventure.com\/blog\/a-la-une\/alerte-voyage-le-royaume-uni-avertit-les-voyageurs-sur-les-manifestations-en-grece\/"},"wordCount":408,"commentCount":21,"publisher":{"@id":"https:\/\/voyage-aventure.com\/blog\/#organization"},"image":{"@id":"https:\/\/voyage-aventure.com\/blog\/a-la-une\/alerte-voyage-le-royaume-uni-avertit-les-voyageurs-sur-les-manifestations-en-grece\/#primaryimage"},"thumbnailUrl":"https:\/\/voyage-aventure.com\/blog\/wp-content\/uploads\/2025\/02\/sdxl-42d3fa880734f1cc9af90f0c283a6d3e.png","keywords":["Annulation","Destinations","Pr\u00e9paration","S\u00e9curit\u00e9","Voyage"],"articleSection":["\u00c0 la une"],"inLanguage":"fr-FR","potentialAction":[{"@type":"CommentAction","name":"Comment","target":["https:\/\/voyage-aventure.com\/blog\/a-la-une\/alerte-voyage-le-royaume-uni-avertit-les-voyageurs-sur-les-manifestations-en-grece\/#respond"]}]},{"@type":"WebPage","@id":"https:\/\/voyage-aventure.com\/blog\/a-la-une\/alerte-voyage-le-royaume-uni-avertit-les-voyageurs-sur-les-manifestations-en-grece\/","url":"https:\/\/voyage-aventure.com\/blog\/a-la-une\/alerte-voyage-le-royaume-uni-avertit-les-voyageurs-sur-les-manifestations-en-grece\/","name":"Alerte Voyage : le Royaume-Uni avertit les voyageurs sur","isPartOf":{"@id":"https:\/\/voyage-aventure.com\/blog\/#website"},"primaryImageOfPage":{"@id":"https:\/\/voyage-aventure.com\/blog\/a-la-une\/alerte-voyage-le-royaume-uni-avertit-les-voyageurs-sur-les-manifestations-en-grece\/#primaryimage"},"image":{"@id":"https:\/\/voyage-aventure.com\/blog\/a-la-une\/alerte-voyage-le-royaume-uni-avertit-les-voyageurs-sur-les-manifestations-en-grece\/#primaryimage"},"thumbnailUrl":"https:\/\/voyage-aventure.com\/blog\/wp-content\/uploads\/2025\/02\/sdxl-42d3fa880734f1cc9af90f0c283a6d3e.png","datePublished":"2025-02-26T11:18:25+00:00","description":"Des manifestations de grande envergure attendues en Gr\u00e8ce Ces \u00e9v\u00e9nements comm\u00e9morent le tragique accident ferroviaire de Tempe survenu en 2023, qui a","inLanguage":"fr-FR","potentialAction":[{"@type":"ReadAction","target":["https:\/\/voyage-aventure.com\/blog\/a-la-une\/alerte-voyage-le-royaume-uni-avertit-les-voyageurs-sur-les-manifestations-en-grece\/"]}]},{"@type":"ImageObject","inLanguage":"fr-FR","@id":"https:\/\/voyage-aventure.com\/blog\/a-la-une\/alerte-voyage-le-royaume-uni-avertit-les-voyageurs-sur-les-manifestations-en-grece\/#primaryimage","url":"https:\/\/voyage-aventure.com\/blog\/wp-content\/uploads\/2025\/02\/sdxl-42d3fa880734f1cc9af90f0c283a6d3e.png","contentUrl":"https:\/\/voyage-aventure.com\/blog\/wp-content\/uploads\/2025\/02\/sdxl-42d3fa880734f1cc9af90f0c283a6d3e.png","width":1536,"height":640},{"@type":"WebSite","@id":"https:\/\/voyage-aventure.com\/blog\/#website","url":"https:\/\/voyage-aventure.com\/blog\/","name":"voyage-aventure.com","description":"Votre passeport pour l\u2019inattendu.","publisher":{"@id":"https:\/\/voyage-aventure.com\/blog\/#organization"},"alternateName":"Votre passeport pour l\u2019inattendu.","potentialAction":[{"@type":"SearchAction","target":{"@type":"EntryPoint","urlTemplate":"https:\/\/voyage-aventure.com\/blog\/?s={search_term_string}"},"query-input":{"@type":"PropertyValueSpecification","valueRequired":true,"valueName":"search_term_string"}}],"inLanguage":"fr-FR"},{"@type":"Organization","@id":"https:\/\/voyage-aventure.com\/blog\/#organization","name":"Foretsensations.fr","url":"https:\/\/voyage-aventure.com\/blog\/","logo":{"@type":"ImageObject","inLanguage":"fr-FR","@id":"https:\/\/voyage-aventure.com\/blog\/#\/schema\/logo\/image\/","url":"https:\/\/voyage-aventure.com\/blog\/wp-content\/uploads\/2024\/12\/19.png","contentUrl":"https:\/\/voyage-aventure.com\/blog\/wp-content\/uploads\/2024\/12\/19.png","width":512,"height":512,"caption":"Foretsensations.fr"},"image":{"@id":"https:\/\/voyage-aventure.com\/blog\/#\/schema\/logo\/image\/"}},{"@type":"Person","@id":"https:\/\/voyage-aventure.com\/blog\/#\/schema\/person\/3c864cdc320801e3db34b663e7e3f816","name":"Camille Rouvray","image":{"@type":"ImageObject","inLanguage":"fr-FR","@id":"https:\/\/voyage-aventure.com\/blog\/#\/schema\/person\/image\/","url":"https:\/\/voyage-aventure.com\/blog\/wp-content\/uploads\/2026\/06\/persona_camille-r-96x96.jpg","contentUrl":"https:\/\/voyage-aventure.com\/blog\/wp-content\/uploads\/2026\/06\/persona_camille-r-96x96.jpg","caption":"Camille Rouvray"},"description":"Je voyage et j'\u00e9cris sur le voyage depuis une douzaine d'ann\u00e9es, d'abord en tant que routarde au long cours, puis comme r\u00e9dactrice sp\u00e9cialis\u00e9e. Mon terrain de pr\u00e9dilection, ce sont les circuits organis\u00e9s et l'art de bien pr\u00e9parer un itin\u00e9raire : choix de la saison, dur\u00e9e r\u00e9aliste des \u00e9tapes, budget jour par jour, logement et transport sur place. J'aime aussi raconter les p\u00e9pites urbaines, ces adresses qu'on ne trouve pas dans les guides classiques. Avant de publier un dossier destination, je croise toujours plusieurs sources, je v\u00e9rifie les tarifs et les formalit\u00e9s d'entr\u00e9e \u00e0 jour, et je teste moi-m\u00eame quand je le peux. Mon angle reste pratique avant tout : aider le lecteur \u00e0 partir l'esprit tranquille, sans mauvaise surprise une fois sur place. Je m'attache \u00e0 distinguer le coup de c\u0153ur sinc\u00e8re du simple argument marketing.","sameAs":["https:\/\/camillerouvray.fr\/"],"url":"https:\/\/voyage-aventure.com\/blog\/auteur\/noname\/"}]}},"_links":{"self":[{"href":"https:\/\/voyage-aventure.com\/blog\/wp-json\/wp\/v2\/posts\/13115","targetHints":{"allow":["GET"]}}],"collection":[{"href":"https:\/\/voyage-aventure.com\/blog\/wp-json\/wp\/v2\/posts"}],"about":[{"href":"https:\/\/voyage-aventure.com\/blog\/wp-json\/wp\/v2\/types\/post"}],"author":[{"embeddable":true,"href":"https:\/\/voyage-aventure.com\/blog\/wp-json\/wp\/v2\/users\/34"}],"replies":[{"embeddable":true,"href":"https:\/\/voyage-aventure.com\/blog\/wp-json\/wp\/v2\/comments?post=13115"}],"version-history":[{"count":1,"href":"https:\/\/voyage-aventure.com\/blog\/wp-json\/wp\/v2\/posts\/13115\/revisions"}],"predecessor-version":[{"id":13555,"href":"https:\/\/voyage-aventure.com\/blog\/wp-json\/wp\/v2\/posts\/13115\/revisions\/13555"}],"wp:featuredmedia":[{"embeddable":true,"href":"https:\/\/voyage-aventure.com\/blog\/wp-json\/wp\/v2\/media\/14101"}],"wp:attachment":[{"href":"https:\/\/voyage-aventure.com\/blog\/wp-json\/wp\/v2\/media?parent=13115"}],"wp:term":[{"taxonomy":"category","embeddable":true,"href":"https:\/\/voyage-aventure.com\/blog\/wp-json\/wp\/v2\/categories?post=13115"},{"taxonomy":"post_tag","embeddable":true,"href":"https:\/\/voyage-aventure.com\/blog\/wp-json\/wp\/v2\/tags?post=13115"}],"curies":[{"name":"wp","href":"https:\/\/api.w.org\/{rel}","templated":true}]}}