{"id":13088,"date":"2026-06-16T16:54:46","date_gmt":"2026-06-16T14:54:46","guid":{"rendered":"https:\/\/voyage-aventure.com\/blog\/?p=13088"},"modified":"2026-06-16T16:54:46","modified_gmt":"2026-06-16T14:54:46","slug":"decouvrez-un-sejour-4-etoiles-a-ibiza-plage-et-detente-a-perte-de-vue","status":"publish","type":"post","link":"https:\/\/voyage-aventure.com\/blog\/a-la-une\/decouvrez-un-sejour-4-etoiles-a-ibiza-plage-et-detente-a-perte-de-vue\/","title":{"rendered":"D\u00e9couvrez un s\u00e9jour 4 \u00e9toiles \u00e0 Ibiza : plage et d\u00e9tente \u00e0 perte de vue"},"content":{"rendered":"<link rel=\"stylesheet\" href=\"https:\/\/fonts.googleapis.com\/css2?family=Space+Grotesk:wght@500;600;700&#038;family=Inter:wght@400;500;600&#038;family=JetBrains+Mono:wght@500&#038;display=swap\">\n<style>\n.va-ibiza-wrap{font-family:'Inter',system-ui,sans-serif;color:#16313a;line-height:1.65;font-size:17px;max-width:840px;margin:0 auto}\n.va-ibiza-wrap h2{font-family:'Space Grotesk','Inter',sans-serif;font-weight:700;font-size:clamp(24px,3.2vw,33px);line-height:1.18;letter-spacing:-.015em;color:#0f2e38;margin:50px 0 16px}\n.va-ibiza-wrap h3{font-family:'Space Grotesk','Inter',sans-serif;font-weight:600;font-size:clamp(19px,2.2vw,22px);color:#0f2e38;margin:28px 0 10px}\n.va-ibiza-wrap p{margin:0 0 18px}\n.va-ibiza-lead{font-size:19px;line-height:1.6;color:#2a4a54;border-left:4px solid #14a3a8;padding-left:18px;margin:8px 0 30px}\n.va-ibiza-kicker{font-family:'JetBrains Mono',monospace;font-size:12px;font-weight:500;letter-spacing:.14em;text-transform:uppercase;color:#14a3a8;display:block;margin-bottom:6px}\n.va-ibiza-carnet{background:linear-gradient(135deg,#f3fbfb,#fbf6f0);border:1px solid #d4ebec;border-left:5px solid #14a3a8;border-radius:14px;padding:26px 24px;margin:24px 0 36px;box-shadow:0 1px 2px rgba(16,24,40,.05),0 14px 30px -18px rgba(15,46,56,.25)}\n.va-ibiza-carnet-title{font-family:'Space Grotesk',sans-serif;font-weight:700;font-size:20px;color:#0f2e38;margin-bottom:16px}\n.va-ibiza-grid{display:grid;grid-template-columns:repeat(auto-fit,minmax(180px,1fr));gap:18px}\n.va-ibiza-cell{background:#fff;border:1px solid #e0eef0;border-radius:10px;padding:15px 16px}\n.va-ibiza-cell-lab{font-family:'JetBrains Mono',monospace;font-size:11px;letter-spacing:.1em;text-transform:uppercase;color:#d9744e;margin-bottom:5px}\n.va-ibiza-cell-val{font-weight:600;color:#16313a;font-size:15.5px;line-height:1.45}\n.va-ibiza-cards{display:grid;grid-template-columns:repeat(auto-fit,minmax(240px,1fr));gap:22px;margin:26px 0}\n.va-ibiza-card{background:#fff;border:1px solid #e0eef0;border-top:3px solid #14a3a8;border-radius:12px;padding:22px;transition:.25s ease;box-shadow:0 1px 2px rgba(16,24,40,.05)}\n.va-ibiza-card:hover{transform:translateY(-3px);box-shadow:0 1px 2px rgba(16,24,40,.06),0 18px 34px -20px rgba(15,46,56,.4);border-top-color:#d9744e}\n.va-ibiza-card-h{font-family:'Space Grotesk',sans-serif;font-weight:600;font-size:18px;color:#0f2e38;margin-bottom:8px}\n.va-ibiza-card-txt{color:#33555f;font-size:15.5px;line-height:1.55}\n.va-ibiza-card-tip{margin-top:12px;font-family:'JetBrains Mono',monospace;font-size:12px;color:#14a3a8;letter-spacing:.02em}\n.va-ibiza-tablewrap{border:1px solid #d4ebec;border-radius:12px;overflow:hidden;margin:24px 0;box-shadow:0 12px 26px -20px rgba(15,46,56,.35)}\n.va-ibiza-table{width:100%;border-collapse:collapse;font-size:15px}\n.va-ibiza-table th{background:#0f2e38;color:#eafafa;font-family:'Space Grotesk',sans-serif;font-weight:600;text-align:left;padding:12px 16px;font-size:14px}\n.va-ibiza-table td{padding:12px 16px;border-top:1px solid #e6f1f2;color:#28454e}\n.va-ibiza-table tr:nth-child(even) td{background:#f6fbfb}\n.va-ibiza-quote{font-family:'Space Grotesk',sans-serif;font-weight:500;font-size:clamp(20px,2.8vw,26px);line-height:1.4;color:#0f2e38;border:none;background:#f3fbfb;border-radius:14px;padding:30px 32px 30px 60px;margin:34px 0;position:relative}\n.va-ibiza-quote:before{content:\"\u201c\";position:absolute;left:20px;top:6px;font-size:64px;color:#14a3a8;font-family:Georgia,serif;line-height:1}\n.va-ibiza-quote .va-ibiza-cite{display:block;margin-top:10px;font-family:'JetBrains Mono',monospace;font-size:13px;font-weight:500;color:#d9744e;letter-spacing:.04em;text-transform:none}\n.va-ibiza-checks{display:grid;grid-template-columns:repeat(auto-fit,minmax(260px,1fr));gap:18px;margin:24px 0}\n.va-ibiza-col{background:#fff;border:1px solid #e0eef0;border-radius:12px;padding:20px 22px}\n.va-ibiza-col-h{font-family:'Space Grotesk',sans-serif;font-weight:600;font-size:16px;margin-bottom:12px;letter-spacing:.01em}\n.va-ibiza-col.do .va-ibiza-col-h{color:#14a3a8}\n.va-ibiza-col.dont .va-ibiza-col-h{color:#d9744e}\n.va-ibiza-list{list-style:none;padding:0;margin:0}\n.va-ibiza-list li{position:relative;padding-left:24px;margin-bottom:10px;color:#33555f;font-size:15px;line-height:1.5}\n.va-ibiza-col.do .va-ibiza-list li:before{content:\"\u2713\";position:absolute;left:0;color:#14a3a8;font-weight:700}\n.va-ibiza-col.dont .va-ibiza-list li:before{content:\"\u2715\";position:absolute;left:0;color:#d9744e;font-weight:700}\n.va-ibiza-retenir{background:#0f2e38;border-radius:14px;padding:28px 30px;margin:38px 0;color:#eafafa}\n.va-ibiza-retenir .va-ibiza-card-h{color:#7fe3e4}\n.va-ibiza-retenir .va-ibiza-list li{color:#dceef0}\n.va-ibiza-retenir .va-ibiza-list li:before{content:\"\u2014\";position:absolute;left:0;color:#d9744e}\n.va-ibiza-faq{margin:30px 0}\n.va-ibiza-faq details{background:#fff;border:1px solid #e0eef0;border-radius:10px;margin-bottom:12px;overflow:hidden;transition:.25s ease}\n.va-ibiza-faq details:hover{border-color:#14a3a8}\n.va-ibiza-faq summary{cursor:pointer;padding:16px 20px;font-family:'Space Grotesk',sans-serif;font-weight:600;color:#0f2e38;font-size:16.5px;list-style:none;position:relative;padding-right:42px}\n.va-ibiza-faq summary::-webkit-details-marker{display:none}\n.va-ibiza-faq summary:after{content:\"+\";position:absolute;right:20px;top:50%;transform:translateY(-50%);color:#14a3a8;font-size:24px;font-weight:400;line-height:1}\n.va-ibiza-faq details[open] summary:after{content:\"\u2013\"}\n.va-ibiza-faq .va-ibiza-ans{padding:0 20px 18px;color:#33555f;font-size:15.5px;line-height:1.6}\n@media(max-width:640px){.va-ibiza-wrap{font-size:16px}}\n\/*RENDERFIX2*\/.va-ibiza-table th{color:#eef3f9!important}.va-ibiza-table th p,.va-ibiza-table th li,.va-ibiza-table th strong,.va-ibiza-table th em,.va-ibiza-table th a,.va-ibiza-table th span,.va-ibiza-table th b,.va-ibiza-table th td,.va-ibiza-table th th,.va-ibiza-table th h2,.va-ibiza-table th h3,.va-ibiza-table th h4{color:#eef3f9!important}.va-ibiza-table th strong,.va-ibiza-table th b{color:#ffffff!important}.va-ibiza-retenir{color:#eef3f9!important}.va-ibiza-retenir p,.va-ibiza-retenir li,.va-ibiza-retenir strong,.va-ibiza-retenir em,.va-ibiza-retenir a,.va-ibiza-retenir span,.va-ibiza-retenir b,.va-ibiza-retenir td,.va-ibiza-retenir th,.va-ibiza-retenir h2,.va-ibiza-retenir h3,.va-ibiza-retenir h4{color:#eef3f9!important}.va-ibiza-retenir strong,.va-ibiza-retenir b{color:#ffffff!important}<\/style>\n<div class=\"va-ibiza-wrap\">\n<div class=\"va-ibiza-lead\">Cap sur les Bal\u00e9ares pour un s\u00e9jour 4 \u00e9toiles tourn\u00e9 vers la plage et la d\u00e9tente : le Cooee Cala Llenya Resort vous installe \u00e0 quelques pas du sable fin, avec demi-pension, piscine et acc\u00e8s direct \u00e0 la mer. Voici le carnet pratique pour pr\u00e9parer cette escapade ensoleill\u00e9e \u00e0 Ibiza.<\/div>\n<div class=\"va-ibiza-carnet\">\n<div class=\"va-ibiza-carnet-title\">Le carnet pratique de votre s\u00e9jour \u00e0 Ibiza<\/div>\n<div class=\"va-ibiza-grid\">\n<div class=\"va-ibiza-cell\">\n<div class=\"va-ibiza-cell-lab\">H\u00f4tel<\/div>\n<div class=\"va-ibiza-cell-val\">Cooee Cala Llenya Resort 4 \u00e9toiles<\/div>\n<\/div>\n<div class=\"va-ibiza-cell\">\n<div class=\"va-ibiza-cell-lab\">Formule<\/div>\n<div class=\"va-ibiza-cell-val\">Demi-pension, 5 jours, vols A\/R inclus<\/div>\n<\/div>\n<div class=\"va-ibiza-cell\">\n<div class=\"va-ibiza-cell-lab\">Budget<\/div>\n<div class=\"va-ibiza-cell-val\">\u00c0 partir de 339 \u20ac par personne<\/div>\n<\/div>\n<div class=\"va-ibiza-cell\">\n<div class=\"va-ibiza-cell-lab\">La plage<\/div>\n<div class=\"va-ibiza-cell-val\">Sable fin \u00e0 5 min \u00e0 pied<\/div>\n<\/div>\n<div class=\"va-ibiza-cell\">\n<div class=\"va-ibiza-cell-lab\">Quand partir<\/div>\n<div class=\"va-ibiza-cell-val\">Id\u00e9al de mai \u00e0 septembre<\/div>\n<\/div>\n<div class=\"va-ibiza-cell\">\n<div class=\"va-ibiza-cell-lab\">Au d\u00e9part de<\/div>\n<div class=\"va-ibiza-cell-val\">Paris, Lyon ou Marseille<\/div>\n<\/div>\n<\/div>\n<\/div>\n<h2>Un s\u00e9jour de r\u00eave \u00e0 Ibiza<\/h2>\n<p>Ibiza, l&rsquo;\u00eele embl\u00e9matique des Bal\u00e9ares, est une destination pris\u00e9e pour ses plages magnifiques et son ambiance qui m\u00eale farniente et f\u00eate. Imaginez-vous passer cinq jours dans un h\u00f4tel 4 \u00e9toiles, le Cooee Cala Llenya Resort, situ\u00e9 \u00e0 quelques pas de la mer. Ce cadre idyllique vous permet de profiter des plaisirs de la plage tout en b\u00e9n\u00e9ficiant de services de qualit\u00e9, dans une crique paisible de la c\u00f4te est de l&rsquo;\u00eele.<\/p>\n<p>L&rsquo;h\u00f4tel propose un surclassement en demi-pension, id\u00e9al pour savourer de bons repas tout en d\u00e9couvrant la gastronomie locale. Les voyageurs profitent d&rsquo;une vaste piscine ext\u00e9rieure, de cours de yoga et de pilates, ainsi que de diverses installations sportives. \u00c0 cinq minutes de marche seulement, la plage de sable fin se pr\u00eate aussi bien \u00e0 la d\u00e9tente qu&rsquo;aux activit\u00e9s nautiques.<\/p>\n<div class=\"va-ibiza-quote\">Voyager, c&rsquo;est d\u00e9couvrir et partager des moments inoubliables.<br \/>\n<span class=\"va-ibiza-cite\">\u2014 Anonyme<\/span>\n<\/div>\n<p><iframe loading=\"lazy\" title=\"Famous Modern Ghost Stories \ud83d\udc7b | Chilling Tales of the Supernatural \ud83d\udc7b\" width=\"1200\" height=\"675\" src=\"https:\/\/www.youtube.com\/embed\/jKYcVxs1wB4?feature=oembed\" frameborder=\"0\" allow=\"accelerometer; autoplay; clipboard-write; encrypted-media; gyroscope; picture-in-picture; web-share\" referrerpolicy=\"strict-origin-when-cross-origin\" allowfullscreen><\/iframe><\/p>\n<h2>Les avantages d&rsquo;un s\u00e9jour au Cooee Cala Llenya Resort<\/h2>\n<p>Le Cooee Cala Llenya Resort se distingue par son ambiance conviviale et ses services adapt\u00e9s \u00e0 tous. Que vous soyez en couple, en famille ou entre amis, l&rsquo;\u00e9tablissement r\u00e9pond \u00e0 des attentes vari\u00e9es. La connexion Wi-Fi gratuite et les nombreuses activit\u00e9s sportives garantissent que chacun y trouve son rythme, entre journ\u00e9es actives et apr\u00e8s-midis paresseuses au bord de l&rsquo;eau.<\/p>\n<div class=\"va-ibiza-cards\">\n<div class=\"va-ibiza-card\">\n<div class=\"va-ibiza-card-h\">Plage &amp; piscine<\/div>\n<div class=\"va-ibiza-card-txt\">Une grande piscine ext\u00e9rieure rafra\u00eechissante et un acc\u00e8s direct \u00e0 la plage de sable fin, \u00e0 cinq minutes \u00e0 pied de votre chambre.<\/div>\n<div class=\"va-ibiza-card-tip\">Id\u00e9al pour le farniente<\/div>\n<\/div>\n<div class=\"va-ibiza-card\">\n<div class=\"va-ibiza-card-h\">D\u00e9tente &amp; bien-\u00eatre<\/div>\n<div class=\"va-ibiza-card-txt\">Des cours de yoga et de pilates pour se ressourcer, compl\u00e9t\u00e9s par des installations sportives et des s\u00e9ances de fitness vari\u00e9es.<\/div>\n<div class=\"va-ibiza-card-tip\">Couples en qu\u00eate de calme<\/div>\n<\/div>\n<div class=\"va-ibiza-card\">\n<div class=\"va-ibiza-card-h\">Confort &amp; accueil<\/div>\n<div class=\"va-ibiza-card-txt\">Des chambres appr\u00e9ci\u00e9es des voyageurs, un personnel chaleureux et la demi-pension pour profiter sans contrainte d&rsquo;organisation.<\/div>\n<div class=\"va-ibiza-card-tip\">\u00c9valu\u00e9 4\/5 sur Tripadvisor<\/div>\n<\/div>\n<\/div>\n<h3>Que faire \u00e0 Ibiza en couple, c\u00f4t\u00e9 d\u00e9tente ?<\/h3>\n<p>Au-del\u00e0 de l&rsquo;h\u00f4tel, la c\u00f4te est de l&rsquo;\u00eele invite \u00e0 de longues journ\u00e9es tranquilles : criques abrit\u00e9es, baignades dans une eau turquoise et balades au coucher du soleil. Pour ceux qui cherchent le calme, le nord d&rsquo;Ibiza et ses petites criques sont r\u00e9put\u00e9s plus paisibles, tandis qu&rsquo;Ibiza ville et San Antonio concentrent l&rsquo;ambiance festive \u2014 \u00e0 doser selon l&rsquo;humeur. Ici, le programme reste r\u00e9solument tourn\u00e9 vers la mer et la d\u00e9tente.<\/p>\n<h2>Quand partir \u00e0 Ibiza ?<\/h2>\n<p>Ibiza profite d&rsquo;un climat m\u00e9diterran\u00e9en ensoleill\u00e9, particuli\u00e8rement agr\u00e9able de la fin du printemps au d\u00e9but de l&rsquo;automne. Voici les grandes tendances de saison pour caler votre s\u00e9jour entre plage, baignade et tranquillit\u00e9.<\/p>\n<div class=\"va-ibiza-tablewrap\">\n<table class=\"va-ibiza-table\">\n<tr>\n<th>Saison<\/th>\n<th>Affluence<\/th>\n<th>Ambiance<\/th>\n<\/tr>\n<tr>\n<td>Printemps (avr.\u2013mai)<\/td>\n<td>Mod\u00e9r\u00e9e<\/td>\n<td>Douceur, criques calmes, id\u00e9al d\u00e9tente<\/td>\n<\/tr>\n<tr>\n<td>\u00c9t\u00e9 (juin\u2013ao\u00fbt)<\/td>\n<td>Forte<\/td>\n<td>Mer chaude, plages anim\u00e9es, vie nocturne<\/td>\n<\/tr>\n<tr>\n<td>Arri\u00e8re-saison (sept.)<\/td>\n<td>En baisse<\/td>\n<td>Eau encore bonne, ambiance plus paisible<\/td>\n<\/tr>\n<\/table>\n<\/div>\n<h2>Comment organiser votre voyage ?<\/h2>\n<p>La r\u00e9servation d&rsquo;un s\u00e9jour \u00e0 Ibiza est simple et accessible. Les vols aller-retour sont inclus dans l&rsquo;offre, avec des d\u00e9parts possibles depuis plusieurs villes fran\u00e7aises telles que Paris, Lyon ou Marseille. La possibilit\u00e9 d&rsquo;annuler sans frais suppl\u00e9mentaires constitue par ailleurs un atout appr\u00e9ciable pour r\u00e9server l&rsquo;esprit tranquille.<\/p>\n<p>Avant de finaliser, pensez \u00e0 v\u00e9rifier les disponibilit\u00e9s pour les dates de votre choix. Les prix sont attractifs, \u00e0 partir de 339 \u20ac par personne, ce qui en fait une option abordable pour un s\u00e9jour de qualit\u00e9. Partir \u00e0 plusieurs peut aussi rendre l&rsquo;aventure encore plus enrichissante \u2014 et souvent plus \u00e9conomique.<\/p>\n<h3>Pr\u00e9parer votre escapade : \u00e0 faire \/ \u00e0 \u00e9viter<\/h3>\n<div class=\"va-ibiza-checks\">\n<div class=\"va-ibiza-col do\">\n<div class=\"va-ibiza-col-h\">\u00c0 faire<\/div>\n<ul class=\"va-ibiza-list\">\n<li>V\u00e9rifier les disponibilit\u00e9s pour vos dates avant de r\u00e9server<\/li>\n<li>Comparer les d\u00e9parts depuis Paris, Lyon ou Marseille<\/li>\n<li>Pr\u00e9voir cr\u00e8me solaire, chapeau et tenue de plage<\/li>\n<li>R\u00e9server t\u00f4t pour la haute saison estivale<\/li>\n<\/ul>\n<\/div>\n<div class=\"va-ibiza-col dont\">\n<div class=\"va-ibiza-col-h\">\u00c0 \u00e9viter<\/div>\n<ul class=\"va-ibiza-list\">\n<li>Surcharger le programme : l&rsquo;id\u00e9e reste la d\u00e9tente<\/li>\n<li>N\u00e9gliger l&rsquo;option d&rsquo;annulation sans frais<\/li>\n<li>Sous-estimer l&rsquo;affluence et la chaleur en plein \u00e9t\u00e9<\/li>\n<li>Attendre la derni\u00e8re minute pour les meilleurs tarifs<\/li>\n<\/ul>\n<\/div>\n<\/div>\n<div class=\"va-ibiza-retenir\">\n<div class=\"va-ibiza-card-h\">\u00c0 retenir<\/div>\n<ul class=\"va-ibiza-list\">\n<li>H\u00f4tel : Cooee Cala Llenya Resort 4 \u00e9toiles, \u00e0 5 minutes de la plage<\/li>\n<li>Formule : demi-pension, 5 jours, vols A\/R inclus, \u00e0 partir de 339 \u20ac par personne<\/li>\n<li>\u00c9quipements : piscine, restaurant, bar, yoga\/pilates et activit\u00e9s sportives<\/li>\n<li>\u00c9valu\u00e9 4\/5 sur Tripadvisor, id\u00e9al pour couples, amis et familles<\/li>\n<li>Meilleure p\u00e9riode : de la fin du printemps au d\u00e9but de l&rsquo;automne<\/li>\n<\/ul>\n<\/div>\n<h2>Questions fr\u00e9quentes sur un s\u00e9jour \u00e0 Ibiza<\/h2>\n<div class=\"va-ibiza-faq\">\n<details>\n<summary>Quelle est la meilleure p\u00e9riode pour aller \u00e0 Ibiza ?<\/summary>\n<div class=\"va-ibiza-ans\">Le climat m\u00e9diterran\u00e9en de l&rsquo;\u00eele est le plus agr\u00e9able de la fin du printemps au d\u00e9but de l&rsquo;automne. L&rsquo;\u00e9t\u00e9 offre une mer chaude et des plages anim\u00e9es, tandis que le printemps et l&rsquo;arri\u00e8re-saison sont plus calmes et tout aussi ensoleill\u00e9s \u2014 un bon compromis pour un s\u00e9jour d\u00e9tente.<\/div>\n<\/details>\n<details>\n<summary>Que faire \u00e0 Ibiza en couple ?<\/summary>\n<div class=\"va-ibiza-ans\">Pour un s\u00e9jour \u00e0 deux orient\u00e9 d\u00e9tente, on privil\u00e9gie les plages et les criques, les baignades dans une eau turquoise, la piscine de l&rsquo;h\u00f4tel et les s\u00e9ances de yoga ou de pilates. Les couchers de soleil et les balades en bord de mer compl\u00e8tent agr\u00e9ablement les journ\u00e9es.<\/div>\n<\/details>\n<details>\n<summary>O\u00f9 aller \u00e0 Ibiza pour \u00eatre au calme ?<\/summary>\n<div class=\"va-ibiza-ans\">Le nord de l&rsquo;\u00eele et ses petites criques abrit\u00e9es sont g\u00e9n\u00e9ralement plus paisibles que les zones touristiques tr\u00e8s fr\u00e9quent\u00e9es. La c\u00f4te est, o\u00f9 se trouve le Cooee Cala Llenya Resort, offre aussi un cadre tranquille \u00e0 quelques pas du sable fin.<\/div>\n<\/details>\n<details>\n<summary>O\u00f9 aller \u00e0 Ibiza pour faire la f\u00eate ?<\/summary>\n<div class=\"va-ibiza-ans\">L&rsquo;ambiance nocturne se concentre surtout \u00e0 Ibiza ville et \u00e0 San Antonio. Cela dit, ce s\u00e9jour reste tourn\u00e9 vers la plage et la d\u00e9tente : libre \u00e0 vous d&rsquo;y faire un saut le temps d&rsquo;une soir\u00e9e si l&rsquo;envie de f\u00eate se pr\u00e9sente.<\/div>\n<\/details>\n<\/div>\n<p>Cette offre de s\u00e9jour \u00e0 Ibiza est une belle occasion de se ressourcer tout en profitant d&rsquo;un cadre magnifique. Que vous soyez amateur de farniente sur la plage ou de d\u00e9couvertes culinaires, l&rsquo;\u00eele saura vous s\u00e9duire. Le Cooee Cala Llenya Resort promet une parenth\u00e8se alliant confort et plaisir, entre paysages \u00e0 couper le souffle et activit\u00e9s vari\u00e9es. Alors pr\u00e9parez vos valises et laissez-vous tenter par cette escapade, l\u00e0 o\u00f9 le bleu de la mer rencontre le ciel azur.<\/p>\n<\/div>\n","protected":false},"excerpt":{"rendered":"","protected":false},"author":34,"featured_media":14273,"comment_status":"open","ping_status":"open","sticky":false,"template":"","format":"standard","meta":{"_acf_changed":false,"manual_indexmenow":false,"indexmenow_id_project":0,"footnotes":""},"categories":[1],"tags":[4537,4538,4530,4535,4528],"class_list":["post-13088","post","type-post","status-publish","format-standard","has-post-thumbnail","hentry","category-a-la-une","tag-activites-nautiques","tag-activites-variees","tag-escapade-en-europe","tag-gastronomie-locale","tag-hebergement-abordable","generate-columns","tablet-grid-50","mobile-grid-100","grid-parent","grid-25"],"acf":[],"yoast_head":"<!-- This site is optimized with the Yoast SEO Premium plugin v21.3 (Yoast SEO v25.1) - https:\/\/yoast.com\/wordpress\/plugins\/seo\/ -->\n<title>D\u00e9couvrez un s\u00e9jour 4 \u00e9toiles \u00e0 Ibiza : plage et d\u00e9tente \u00e0<\/title>\n<meta name=\"description\" content=\"Cap sur les Bal\u00e9ares pour un s\u00e9jour 4 \u00e9toiles tourn\u00e9 vers la plage et la d\u00e9tente : le Cooee Cala Llenya Resort vous installe \u00e0 quelques pas du sable fin\" \/>\n<meta name=\"robots\" content=\"index, follow, max-snippet:-1, max-image-preview:large, max-video-preview:-1\" \/>\n<link rel=\"canonical\" href=\"https:\/\/voyage-aventure.com\/blog\/a-la-une\/decouvrez-un-sejour-4-etoiles-a-ibiza-plage-et-detente-a-perte-de-vue\/\" \/>\n<meta property=\"og:locale\" content=\"fr_FR\" \/>\n<meta property=\"og:type\" content=\"article\" \/>\n<meta property=\"og:title\" content=\"D\u00e9couvrez un s\u00e9jour 4 \u00e9toiles \u00e0 Ibiza : plage et d\u00e9tente \u00e0\" \/>\n<meta property=\"og:description\" content=\"Cap sur les Bal\u00e9ares pour un s\u00e9jour 4 \u00e9toiles tourn\u00e9 vers la plage et la d\u00e9tente : le Cooee Cala Llenya Resort vous installe \u00e0 quelques pas du sable fin\" \/>\n<meta property=\"og:url\" content=\"https:\/\/voyage-aventure.com\/blog\/a-la-une\/decouvrez-un-sejour-4-etoiles-a-ibiza-plage-et-detente-a-perte-de-vue\/\" \/>\n<meta property=\"og:site_name\" content=\"voyage-aventure\" \/>\n<meta property=\"og:image\" content=\"https:\/\/voyage-aventure.com\/blog\/wp-content\/uploads\/2025\/03\/sdxl-754b2f0773cf6a0a3a6316be6d03274e.png\" \/>\n\t<meta property=\"og:image:width\" content=\"1536\" \/>\n\t<meta property=\"og:image:height\" content=\"640\" \/>\n\t<meta property=\"og:image:type\" content=\"image\/png\" \/>\n<meta name=\"author\" content=\"Camille Rouvray\" \/>\n<meta name=\"twitter:card\" content=\"summary_large_image\" \/>\n<script type=\"application\/ld+json\" class=\"yoast-schema-graph\">{\"@context\":\"https:\/\/schema.org\",\"@graph\":[{\"@type\":\"NewsArticle\",\"@id\":\"https:\/\/voyage-aventure.com\/blog\/a-la-une\/decouvrez-un-sejour-4-etoiles-a-ibiza-plage-et-detente-a-perte-de-vue\/#article\",\"isPartOf\":{\"@id\":\"https:\/\/voyage-aventure.com\/blog\/a-la-une\/decouvrez-un-sejour-4-etoiles-a-ibiza-plage-et-detente-a-perte-de-vue\/\"},\"author\":{\"name\":\"Camille Rouvray\",\"@id\":\"https:\/\/voyage-aventure.com\/blog\/#\/schema\/person\/3c864cdc320801e3db34b663e7e3f816\"},\"headline\":\"D\u00e9couvrez un s\u00e9jour 4 \u00e9toiles \u00e0 Ibiza : plage et d\u00e9tente \u00e0 perte de vue\",\"datePublished\":\"2026-06-16T14:54:46+00:00\",\"mainEntityOfPage\":{\"@id\":\"https:\/\/voyage-aventure.com\/blog\/a-la-une\/decouvrez-un-sejour-4-etoiles-a-ibiza-plage-et-detente-a-perte-de-vue\/\"},\"wordCount\":1207,\"commentCount\":17,\"publisher\":{\"@id\":\"https:\/\/voyage-aventure.com\/blog\/#organization\"},\"image\":{\"@id\":\"https:\/\/voyage-aventure.com\/blog\/a-la-une\/decouvrez-un-sejour-4-etoiles-a-ibiza-plage-et-detente-a-perte-de-vue\/#primaryimage\"},\"thumbnailUrl\":\"https:\/\/voyage-aventure.com\/blog\/wp-content\/uploads\/2025\/03\/sdxl-754b2f0773cf6a0a3a6316be6d03274e.png\",\"keywords\":[\"Activit\u00e9s Nautiques\",\"Activit\u00e9s Vari\u00e9es\",\"Escapade en Europe\",\"Gastronomie Locale\",\"H\u00e9bergement Abordable\"],\"articleSection\":[\"\u00c0 la une\"],\"inLanguage\":\"fr-FR\",\"potentialAction\":[{\"@type\":\"CommentAction\",\"name\":\"Comment\",\"target\":[\"https:\/\/voyage-aventure.com\/blog\/a-la-une\/decouvrez-un-sejour-4-etoiles-a-ibiza-plage-et-detente-a-perte-de-vue\/#respond\"]}]},{\"@type\":\"WebPage\",\"@id\":\"https:\/\/voyage-aventure.com\/blog\/a-la-une\/decouvrez-un-sejour-4-etoiles-a-ibiza-plage-et-detente-a-perte-de-vue\/\",\"url\":\"https:\/\/voyage-aventure.com\/blog\/a-la-une\/decouvrez-un-sejour-4-etoiles-a-ibiza-plage-et-detente-a-perte-de-vue\/\",\"name\":\"D\u00e9couvrez un s\u00e9jour 4 \u00e9toiles \u00e0 Ibiza : plage et d\u00e9tente \u00e0\",\"isPartOf\":{\"@id\":\"https:\/\/voyage-aventure.com\/blog\/#website\"},\"primaryImageOfPage\":{\"@id\":\"https:\/\/voyage-aventure.com\/blog\/a-la-une\/decouvrez-un-sejour-4-etoiles-a-ibiza-plage-et-detente-a-perte-de-vue\/#primaryimage\"},\"image\":{\"@id\":\"https:\/\/voyage-aventure.com\/blog\/a-la-une\/decouvrez-un-sejour-4-etoiles-a-ibiza-plage-et-detente-a-perte-de-vue\/#primaryimage\"},\"thumbnailUrl\":\"https:\/\/voyage-aventure.com\/blog\/wp-content\/uploads\/2025\/03\/sdxl-754b2f0773cf6a0a3a6316be6d03274e.png\",\"datePublished\":\"2026-06-16T14:54:46+00:00\",\"description\":\"Cap sur les Bal\u00e9ares pour un s\u00e9jour 4 \u00e9toiles tourn\u00e9 vers la plage et la d\u00e9tente : le Cooee Cala Llenya Resort vous installe \u00e0 quelques pas du sable fin\",\"inLanguage\":\"fr-FR\",\"potentialAction\":[{\"@type\":\"ReadAction\",\"target\":[\"https:\/\/voyage-aventure.com\/blog\/a-la-une\/decouvrez-un-sejour-4-etoiles-a-ibiza-plage-et-detente-a-perte-de-vue\/\"]}]},{\"@type\":\"ImageObject\",\"inLanguage\":\"fr-FR\",\"@id\":\"https:\/\/voyage-aventure.com\/blog\/a-la-une\/decouvrez-un-sejour-4-etoiles-a-ibiza-plage-et-detente-a-perte-de-vue\/#primaryimage\",\"url\":\"https:\/\/voyage-aventure.com\/blog\/wp-content\/uploads\/2025\/03\/sdxl-754b2f0773cf6a0a3a6316be6d03274e.png\",\"contentUrl\":\"https:\/\/voyage-aventure.com\/blog\/wp-content\/uploads\/2025\/03\/sdxl-754b2f0773cf6a0a3a6316be6d03274e.png\",\"width\":1536,\"height\":640},{\"@type\":\"WebSite\",\"@id\":\"https:\/\/voyage-aventure.com\/blog\/#website\",\"url\":\"https:\/\/voyage-aventure.com\/blog\/\",\"name\":\"voyage-aventure.com\",\"description\":\"Votre passeport pour l\u2019inattendu.\",\"publisher\":{\"@id\":\"https:\/\/voyage-aventure.com\/blog\/#organization\"},\"alternateName\":\"Votre passeport pour l\u2019inattendu.\",\"potentialAction\":[{\"@type\":\"SearchAction\",\"target\":{\"@type\":\"EntryPoint\",\"urlTemplate\":\"https:\/\/voyage-aventure.com\/blog\/?s={search_term_string}\"},\"query-input\":{\"@type\":\"PropertyValueSpecification\",\"valueRequired\":true,\"valueName\":\"search_term_string\"}}],\"inLanguage\":\"fr-FR\"},{\"@type\":\"Organization\",\"@id\":\"https:\/\/voyage-aventure.com\/blog\/#organization\",\"name\":\"Foretsensations.fr\",\"url\":\"https:\/\/voyage-aventure.com\/blog\/\",\"logo\":{\"@type\":\"ImageObject\",\"inLanguage\":\"fr-FR\",\"@id\":\"https:\/\/voyage-aventure.com\/blog\/#\/schema\/logo\/image\/\",\"url\":\"https:\/\/voyage-aventure.com\/blog\/wp-content\/uploads\/2024\/12\/19.png\",\"contentUrl\":\"https:\/\/voyage-aventure.com\/blog\/wp-content\/uploads\/2024\/12\/19.png\",\"width\":512,\"height\":512,\"caption\":\"Foretsensations.fr\"},\"image\":{\"@id\":\"https:\/\/voyage-aventure.com\/blog\/#\/schema\/logo\/image\/\"}},{\"@type\":\"Person\",\"@id\":\"https:\/\/voyage-aventure.com\/blog\/#\/schema\/person\/3c864cdc320801e3db34b663e7e3f816\",\"name\":\"Camille Rouvray\",\"image\":{\"@type\":\"ImageObject\",\"inLanguage\":\"fr-FR\",\"@id\":\"https:\/\/voyage-aventure.com\/blog\/#\/schema\/person\/image\/\",\"url\":\"https:\/\/voyage-aventure.com\/blog\/wp-content\/uploads\/2026\/06\/persona_camille-r-96x96.jpg\",\"contentUrl\":\"https:\/\/voyage-aventure.com\/blog\/wp-content\/uploads\/2026\/06\/persona_camille-r-96x96.jpg\",\"caption\":\"Camille Rouvray\"},\"description\":\"Je voyage et j'\u00e9cris sur le voyage depuis une douzaine d'ann\u00e9es, d'abord en tant que routarde au long cours, puis comme r\u00e9dactrice sp\u00e9cialis\u00e9e. Mon terrain de pr\u00e9dilection, ce sont les circuits organis\u00e9s et l'art de bien pr\u00e9parer un itin\u00e9raire : choix de la saison, dur\u00e9e r\u00e9aliste des \u00e9tapes, budget jour par jour, logement et transport sur place. J'aime aussi raconter les p\u00e9pites urbaines, ces adresses qu'on ne trouve pas dans les guides classiques. Avant de publier un dossier destination, je croise toujours plusieurs sources, je v\u00e9rifie les tarifs et les formalit\u00e9s d'entr\u00e9e \u00e0 jour, et je teste moi-m\u00eame quand je le peux. Mon angle reste pratique avant tout : aider le lecteur \u00e0 partir l'esprit tranquille, sans mauvaise surprise une fois sur place. Je m'attache \u00e0 distinguer le coup de c\u0153ur sinc\u00e8re du simple argument marketing.\",\"sameAs\":[\"https:\/\/camillerouvray.fr\/\"],\"url\":\"https:\/\/voyage-aventure.com\/blog\/auteur\/noname\/\"}]}<\/script>\n<!-- \/ Yoast SEO Premium plugin. -->","yoast_head_json":{"title":"D\u00e9couvrez un s\u00e9jour 4 \u00e9toiles \u00e0 Ibiza : plage et d\u00e9tente \u00e0","description":"Cap sur les Bal\u00e9ares pour un s\u00e9jour 4 \u00e9toiles tourn\u00e9 vers la plage et la d\u00e9tente : le Cooee Cala Llenya Resort vous installe \u00e0 quelques pas du sable fin","robots":{"index":"index","follow":"follow","max-snippet":"max-snippet:-1","max-image-preview":"max-image-preview:large","max-video-preview":"max-video-preview:-1"},"canonical":"https:\/\/voyage-aventure.com\/blog\/a-la-une\/decouvrez-un-sejour-4-etoiles-a-ibiza-plage-et-detente-a-perte-de-vue\/","og_locale":"fr_FR","og_type":"article","og_title":"D\u00e9couvrez un s\u00e9jour 4 \u00e9toiles \u00e0 Ibiza : plage et d\u00e9tente \u00e0","og_description":"Cap sur les Bal\u00e9ares pour un s\u00e9jour 4 \u00e9toiles tourn\u00e9 vers la plage et la d\u00e9tente : le Cooee Cala Llenya Resort vous installe \u00e0 quelques pas du sable fin","og_url":"https:\/\/voyage-aventure.com\/blog\/a-la-une\/decouvrez-un-sejour-4-etoiles-a-ibiza-plage-et-detente-a-perte-de-vue\/","og_site_name":"voyage-aventure","og_image":[{"width":1536,"height":640,"url":"https:\/\/voyage-aventure.com\/blog\/wp-content\/uploads\/2025\/03\/sdxl-754b2f0773cf6a0a3a6316be6d03274e.png","type":"image\/png"}],"author":"Camille Rouvray","twitter_card":"summary_large_image","schema":{"@context":"https:\/\/schema.org","@graph":[{"@type":"NewsArticle","@id":"https:\/\/voyage-aventure.com\/blog\/a-la-une\/decouvrez-un-sejour-4-etoiles-a-ibiza-plage-et-detente-a-perte-de-vue\/#article","isPartOf":{"@id":"https:\/\/voyage-aventure.com\/blog\/a-la-une\/decouvrez-un-sejour-4-etoiles-a-ibiza-plage-et-detente-a-perte-de-vue\/"},"author":{"name":"Camille Rouvray","@id":"https:\/\/voyage-aventure.com\/blog\/#\/schema\/person\/3c864cdc320801e3db34b663e7e3f816"},"headline":"D\u00e9couvrez un s\u00e9jour 4 \u00e9toiles \u00e0 Ibiza : plage et d\u00e9tente \u00e0 perte de vue","datePublished":"2026-06-16T14:54:46+00:00","mainEntityOfPage":{"@id":"https:\/\/voyage-aventure.com\/blog\/a-la-une\/decouvrez-un-sejour-4-etoiles-a-ibiza-plage-et-detente-a-perte-de-vue\/"},"wordCount":1207,"commentCount":17,"publisher":{"@id":"https:\/\/voyage-aventure.com\/blog\/#organization"},"image":{"@id":"https:\/\/voyage-aventure.com\/blog\/a-la-une\/decouvrez-un-sejour-4-etoiles-a-ibiza-plage-et-detente-a-perte-de-vue\/#primaryimage"},"thumbnailUrl":"https:\/\/voyage-aventure.com\/blog\/wp-content\/uploads\/2025\/03\/sdxl-754b2f0773cf6a0a3a6316be6d03274e.png","keywords":["Activit\u00e9s Nautiques","Activit\u00e9s Vari\u00e9es","Escapade en Europe","Gastronomie Locale","H\u00e9bergement Abordable"],"articleSection":["\u00c0 la une"],"inLanguage":"fr-FR","potentialAction":[{"@type":"CommentAction","name":"Comment","target":["https:\/\/voyage-aventure.com\/blog\/a-la-une\/decouvrez-un-sejour-4-etoiles-a-ibiza-plage-et-detente-a-perte-de-vue\/#respond"]}]},{"@type":"WebPage","@id":"https:\/\/voyage-aventure.com\/blog\/a-la-une\/decouvrez-un-sejour-4-etoiles-a-ibiza-plage-et-detente-a-perte-de-vue\/","url":"https:\/\/voyage-aventure.com\/blog\/a-la-une\/decouvrez-un-sejour-4-etoiles-a-ibiza-plage-et-detente-a-perte-de-vue\/","name":"D\u00e9couvrez un s\u00e9jour 4 \u00e9toiles \u00e0 Ibiza : plage et d\u00e9tente \u00e0","isPartOf":{"@id":"https:\/\/voyage-aventure.com\/blog\/#website"},"primaryImageOfPage":{"@id":"https:\/\/voyage-aventure.com\/blog\/a-la-une\/decouvrez-un-sejour-4-etoiles-a-ibiza-plage-et-detente-a-perte-de-vue\/#primaryimage"},"image":{"@id":"https:\/\/voyage-aventure.com\/blog\/a-la-une\/decouvrez-un-sejour-4-etoiles-a-ibiza-plage-et-detente-a-perte-de-vue\/#primaryimage"},"thumbnailUrl":"https:\/\/voyage-aventure.com\/blog\/wp-content\/uploads\/2025\/03\/sdxl-754b2f0773cf6a0a3a6316be6d03274e.png","datePublished":"2026-06-16T14:54:46+00:00","description":"Cap sur les Bal\u00e9ares pour un s\u00e9jour 4 \u00e9toiles tourn\u00e9 vers la plage et la d\u00e9tente : le Cooee Cala Llenya Resort vous installe \u00e0 quelques pas du sable fin","inLanguage":"fr-FR","potentialAction":[{"@type":"ReadAction","target":["https:\/\/voyage-aventure.com\/blog\/a-la-une\/decouvrez-un-sejour-4-etoiles-a-ibiza-plage-et-detente-a-perte-de-vue\/"]}]},{"@type":"ImageObject","inLanguage":"fr-FR","@id":"https:\/\/voyage-aventure.com\/blog\/a-la-une\/decouvrez-un-sejour-4-etoiles-a-ibiza-plage-et-detente-a-perte-de-vue\/#primaryimage","url":"https:\/\/voyage-aventure.com\/blog\/wp-content\/uploads\/2025\/03\/sdxl-754b2f0773cf6a0a3a6316be6d03274e.png","contentUrl":"https:\/\/voyage-aventure.com\/blog\/wp-content\/uploads\/2025\/03\/sdxl-754b2f0773cf6a0a3a6316be6d03274e.png","width":1536,"height":640},{"@type":"WebSite","@id":"https:\/\/voyage-aventure.com\/blog\/#website","url":"https:\/\/voyage-aventure.com\/blog\/","name":"voyage-aventure.com","description":"Votre passeport pour l\u2019inattendu.","publisher":{"@id":"https:\/\/voyage-aventure.com\/blog\/#organization"},"alternateName":"Votre passeport pour l\u2019inattendu.","potentialAction":[{"@type":"SearchAction","target":{"@type":"EntryPoint","urlTemplate":"https:\/\/voyage-aventure.com\/blog\/?s={search_term_string}"},"query-input":{"@type":"PropertyValueSpecification","valueRequired":true,"valueName":"search_term_string"}}],"inLanguage":"fr-FR"},{"@type":"Organization","@id":"https:\/\/voyage-aventure.com\/blog\/#organization","name":"Foretsensations.fr","url":"https:\/\/voyage-aventure.com\/blog\/","logo":{"@type":"ImageObject","inLanguage":"fr-FR","@id":"https:\/\/voyage-aventure.com\/blog\/#\/schema\/logo\/image\/","url":"https:\/\/voyage-aventure.com\/blog\/wp-content\/uploads\/2024\/12\/19.png","contentUrl":"https:\/\/voyage-aventure.com\/blog\/wp-content\/uploads\/2024\/12\/19.png","width":512,"height":512,"caption":"Foretsensations.fr"},"image":{"@id":"https:\/\/voyage-aventure.com\/blog\/#\/schema\/logo\/image\/"}},{"@type":"Person","@id":"https:\/\/voyage-aventure.com\/blog\/#\/schema\/person\/3c864cdc320801e3db34b663e7e3f816","name":"Camille Rouvray","image":{"@type":"ImageObject","inLanguage":"fr-FR","@id":"https:\/\/voyage-aventure.com\/blog\/#\/schema\/person\/image\/","url":"https:\/\/voyage-aventure.com\/blog\/wp-content\/uploads\/2026\/06\/persona_camille-r-96x96.jpg","contentUrl":"https:\/\/voyage-aventure.com\/blog\/wp-content\/uploads\/2026\/06\/persona_camille-r-96x96.jpg","caption":"Camille Rouvray"},"description":"Je voyage et j'\u00e9cris sur le voyage depuis une douzaine d'ann\u00e9es, d'abord en tant que routarde au long cours, puis comme r\u00e9dactrice sp\u00e9cialis\u00e9e. Mon terrain de pr\u00e9dilection, ce sont les circuits organis\u00e9s et l'art de bien pr\u00e9parer un itin\u00e9raire : choix de la saison, dur\u00e9e r\u00e9aliste des \u00e9tapes, budget jour par jour, logement et transport sur place. J'aime aussi raconter les p\u00e9pites urbaines, ces adresses qu'on ne trouve pas dans les guides classiques. Avant de publier un dossier destination, je croise toujours plusieurs sources, je v\u00e9rifie les tarifs et les formalit\u00e9s d'entr\u00e9e \u00e0 jour, et je teste moi-m\u00eame quand je le peux. Mon angle reste pratique avant tout : aider le lecteur \u00e0 partir l'esprit tranquille, sans mauvaise surprise une fois sur place. Je m'attache \u00e0 distinguer le coup de c\u0153ur sinc\u00e8re du simple argument marketing.","sameAs":["https:\/\/camillerouvray.fr\/"],"url":"https:\/\/voyage-aventure.com\/blog\/auteur\/noname\/"}]}},"_links":{"self":[{"href":"https:\/\/voyage-aventure.com\/blog\/wp-json\/wp\/v2\/posts\/13088","targetHints":{"allow":["GET"]}}],"collection":[{"href":"https:\/\/voyage-aventure.com\/blog\/wp-json\/wp\/v2\/posts"}],"about":[{"href":"https:\/\/voyage-aventure.com\/blog\/wp-json\/wp\/v2\/types\/post"}],"author":[{"embeddable":true,"href":"https:\/\/voyage-aventure.com\/blog\/wp-json\/wp\/v2\/users\/34"}],"replies":[{"embeddable":true,"href":"https:\/\/voyage-aventure.com\/blog\/wp-json\/wp\/v2\/comments?post=13088"}],"version-history":[{"count":3,"href":"https:\/\/voyage-aventure.com\/blog\/wp-json\/wp\/v2\/posts\/13088\/revisions"}],"predecessor-version":[{"id":22690,"href":"https:\/\/voyage-aventure.com\/blog\/wp-json\/wp\/v2\/posts\/13088\/revisions\/22690"}],"wp:featuredmedia":[{"embeddable":true,"href":"https:\/\/voyage-aventure.com\/blog\/wp-json\/wp\/v2\/media\/14273"}],"wp:attachment":[{"href":"https:\/\/voyage-aventure.com\/blog\/wp-json\/wp\/v2\/media?parent=13088"}],"wp:term":[{"taxonomy":"category","embeddable":true,"href":"https:\/\/voyage-aventure.com\/blog\/wp-json\/wp\/v2\/categories?post=13088"},{"taxonomy":"post_tag","embeddable":true,"href":"https:\/\/voyage-aventure.com\/blog\/wp-json\/wp\/v2\/tags?post=13088"}],"curies":[{"name":"wp","href":"https:\/\/api.w.org\/{rel}","templated":true}]}}