{"id":13037,"date":"2026-06-16T16:53:48","date_gmt":"2026-06-16T14:53:48","guid":{"rendered":"https:\/\/voyage-aventure.com\/blog\/?p=13037"},"modified":"2026-06-16T16:53:48","modified_gmt":"2026-06-16T14:53:48","slug":"air-canada-renforce-son-service-vers-lislande-pour-lete-2025-une-nouvelle-chance-de-voyager","status":"publish","type":"post","link":"https:\/\/voyage-aventure.com\/blog\/a-la-une\/air-canada-renforce-son-service-vers-lislande-pour-lete-2025-une-nouvelle-chance-de-voyager\/","title":{"rendered":"Air Canada renforce son service vers l&rsquo;Islande pour l&rsquo;\u00e9t\u00e9 2025 : une nouvelle chance de voyager"},"content":{"rendered":"<link rel=\"preconnect\" href=\"https:\/\/fonts.googleapis.com\"><link rel=\"preconnect\" href=\"https:\/\/fonts.gstatic.com\" crossorigin><link href=\"https:\/\/fonts.googleapis.com\/css2?family=Newsreader:ital,wght@0,500;0,600;0,700;1,500;1,600&#038;family=Inter:wght@400;500;600&#038;family=JetBrains+Mono:wght@500&#038;display=swap\" rel=\"stylesheet\">\n<style>\n.vya-actu{--ink:#16202b;--accent:#0b6e8c;--accent-dk:#08566e;--surf:#f3f8fa;--line:#dde6ea;font-family:\"Inter\",system-ui,sans-serif;color:var(--ink);line-height:1.65;font-size:17px}\n.vya-actu h2{font-family:\"Newsreader\",Georgia,serif;font-weight:700;font-size:clamp(24px,3.2vw,34px);letter-spacing:-.01em;line-height:1.2;margin:48px 0 16px;color:var(--ink)}\n.vya-actu p{margin:0 0 18px}\n.vya-actu .vya-dateline{font-family:\"JetBrains Mono\",monospace;font-weight:500;font-size:12.5px;letter-spacing:.06em;text-transform:uppercase;color:var(--accent-dk);display:inline-block;border-bottom:2px solid var(--accent);padding-bottom:5px;margin-bottom:18px}\n.vya-actu .vya-lead{font-family:\"Newsreader\",Georgia,serif;font-size:clamp(19px,2.3vw,22px);font-weight:500;line-height:1.5;color:#243140;margin:0 0 28px}\n.vya-actu .vya-essentiel{background:var(--surf);border:1px solid var(--line);border-left:5px solid var(--accent);border-radius:12px;padding:24px 26px;margin:30px 0 40px;box-shadow:0 1px 2px rgba(16,24,40,.05),0 12px 28px -18px rgba(16,24,40,.2)}\n.vya-actu .vya-essentiel .vya-eb{font-family:\"JetBrains Mono\",monospace;font-weight:500;font-size:12px;letter-spacing:.12em;text-transform:uppercase;color:var(--accent-dk);margin-bottom:14px}\n.vya-actu .vya-essentiel ul{list-style:none;margin:0;padding:0}\n.vya-actu .vya-essentiel li{position:relative;padding:0 0 0 28px;margin:0 0 12px;line-height:1.55}\n.vya-actu .vya-essentiel li:last-child{margin-bottom:0}\n.vya-actu .vya-essentiel li::before{content:\"\";position:absolute;left:2px;top:8px;width:9px;height:9px;border-radius:50%;background:var(--accent)}\n.vya-actu .vya-essentiel li span{font-weight:600;color:var(--accent-dk)}\n.vya-actu .vya-grid{display:grid;grid-template-columns:repeat(auto-fit,minmax(230px,1fr));gap:22px;margin:32px 0 40px}\n.vya-actu .vya-card{background:#fff;border:1px solid var(--line);border-top:3px solid var(--accent);border-radius:12px;padding:22px 24px;transition:transform .25s ease,box-shadow .25s ease;box-shadow:0 1px 2px rgba(16,24,40,.05)}\n.vya-actu .vya-card:hover{transform:translateY(-3px);box-shadow:0 1px 2px rgba(16,24,40,.05),0 16px 32px -18px rgba(16,24,40,.28)}\n.vya-actu .vya-card .vya-k{font-family:\"JetBrains Mono\",monospace;font-size:11.5px;letter-spacing:.08em;text-transform:uppercase;color:var(--accent-dk);display:block;margin-bottom:8px}\n.vya-actu .vya-card h3{font-family:\"Newsreader\",Georgia,serif;font-weight:600;font-size:19px;line-height:1.25;margin:0 0 8px}\n.vya-actu .vya-card .vya-txt{font-size:15.5px;line-height:1.55;color:#3a4654}\n.vya-actu blockquote.vya-pull{font-family:\"Newsreader\",Georgia,serif;font-style:italic;font-weight:500;font-size:clamp(20px,2.6vw,26px);line-height:1.4;color:var(--accent-dk);border:0;border-left:4px solid var(--accent);background:var(--surf);margin:40px 0;padding:24px 30px;border-radius:0 12px 12px 0;position:relative}\n.vya-actu blockquote.vya-pull::before{content:\"\u201c\";font-family:\"Newsreader\",Georgia,serif;color:var(--accent);font-size:46px;line-height:0;position:absolute;left:14px;top:30px;opacity:.4}\n.vya-actu .vya-retenir{border:1px solid var(--line);border-radius:12px;padding:24px 26px;margin:44px 0;background:linear-gradient(180deg,#fff, var(--surf))}\n.vya-actu .vya-retenir .vya-eb{font-family:\"JetBrains Mono\",monospace;font-weight:500;font-size:12px;letter-spacing:.12em;text-transform:uppercase;color:var(--accent-dk);margin-bottom:14px}\n.vya-actu .vya-retenir ul{list-style:none;margin:0;padding:0}\n.vya-actu .vya-retenir li{position:relative;padding:0 0 0 26px;margin:0 0 11px;line-height:1.55}\n.vya-actu .vya-retenir li:last-child{margin-bottom:0}\n.vya-actu .vya-retenir li::before{content:\"\u2192\";color:var(--accent);font-weight:700;position:absolute;left:0;top:0}\n.vya-actu a{color:var(--accent-dk);text-decoration:underline;text-decoration-color:var(--accent);text-underline-offset:2px}\n@media(max-width:640px){.vya-actu .vya-grid{grid-template-columns:1fr}}\n<\/style>\n<div class=\"vya-actu\">\n<span class=\"vya-dateline\">A\u00e9rien \u00b7 \u00c9t\u00e9 2025 \u00b7 Air Canada<\/span><\/p>\n<p class=\"vya-lead\">Air Canada muscle sa desserte vers l&rsquo;Islande pour l&rsquo;\u00e9t\u00e9 2025 : la compagnie augmente la fr\u00e9quence de ses vols entre Montr\u00e9al, Toronto et Reykjavik Keflavik, une nouvelle chance de rejoindre l&rsquo;\u00eele de feu et de glace en saison haute.<\/p>\n<div class=\"vya-essentiel\">\n<div class=\"vya-eb\">L&rsquo;essentiel<\/div>\n<ul>\n<li><span>Quoi \u2014<\/span> Air Canada augmente la fr\u00e9quence de ses vols vers Reykjavik Keflavik, op\u00e9r\u00e9s en Boeing 737 MAX 8.<\/li>\n<li><span>Quand \/ qui \u2014<\/span> \u00e0 partir de juin 2025 : quatre vols hebdomadaires depuis Montr\u00e9al et cinq depuis Toronto.<\/li>\n<li><span>Pourquoi \u00e7a compte \u2014<\/span> plus de souplesse et des tarifs comp\u00e9titifs pour les voyageurs canadiens, et un coup de pouce attendu au tourisme islandais.<\/li>\n<\/ul>\n<\/div>\n<h2>Une augmentation significative des vols vers l&rsquo;Islande<\/h2>\n<p>La compagnie Air Canada a annonc\u00e9 une augmentation de la fr\u00e9quence de ses vols reliant Montr\u00e9al et Toronto \u00e0 Reykjavik Keflavik pour l&rsquo;\u00e9t\u00e9 2025. \u00c0 partir de juin, les passagers pourront profiter de quatre vols hebdomadaires depuis Montr\u00e9al et cinq depuis Toronto, ce qui repr\u00e9sente un v\u00e9ritable atout pour les voyageurs. Cette d\u00e9cision r\u00e9pond \u00e0 une demande croissante pour cette destination pris\u00e9e, notamment pendant la saison estivale.<\/p>\n<p>Les vols seront op\u00e9r\u00e9s par le Boeing 737 MAX 8, reconnu pour son efficacit\u00e9 \u00e9nerg\u00e9tique. Cela t\u00e9moigne de l&rsquo;engagement d&rsquo;Air Canada envers des op\u00e9rations plus durables, tout en optimisant le confort des passagers. Avec cette initiative, la compagnie a\u00e9rienne vise \u00e0 capter un plus grand nombre de clients, qu&rsquo;il s&rsquo;agisse de vacanciers ou de professionnels en d\u00e9placement.<\/p>\n<h2>Un impact positif sur le secteur du tourisme en Islande<\/h2>\n<p>L&rsquo;expansion de la desserte a\u00e9rienne est attendue pour dynamiser le secteur touristique islandais. Les professionnels du tourisme estiment que l&rsquo;augmentation du nombre de vols favorisera les s\u00e9jours prolong\u00e9s de voyageurs canadiens, contribuant ainsi \u00e0 une hausse des r\u00e9servations dans les h\u00f4tels et des excursions locales. Cette opportunit\u00e9 pourrait \u00e9galement stimuler les d\u00e9penses dans les restaurants et les commerces de la r\u00e9gion.<\/p>\n<p>Reykjavik Keflavik, en tant que principal a\u00e9roport d&rsquo;Islande, sera \u00e9galement en mesure de b\u00e9n\u00e9ficier de cette affluence de passagers. L&rsquo;augmentation du trafic a\u00e9rien g\u00e9n\u00e9rera des d\u00e9fis logistiques, notamment en mati\u00e8re de gestion des bagages et des services au sol. Les autorit\u00e9s a\u00e9roportuaires devront donc se pr\u00e9parer \u00e0 cette hausse de l&rsquo;activit\u00e9 tout en garantissant une exp\u00e9rience fluide pour les voyageurs.<\/p>\n<\/div>\n<p><iframe loading=\"lazy\" title=\"Ce Policier Pi\u00e8ge Les Voleurs !\" width=\"1200\" height=\"675\" src=\"https:\/\/www.youtube.com\/embed\/lJu_rB4nDQk?feature=oembed\" frameborder=\"0\" allow=\"accelerometer; autoplay; clipboard-write; encrypted-media; gyroscope; picture-in-picture; web-share\" referrerpolicy=\"strict-origin-when-cross-origin\" allowfullscreen><\/iframe><\/p>\n<div class=\"vya-actu\">\n<h2>Les avantages pour les voyageurs canadiens<\/h2>\n<p>Les passagers canadiens auront l&rsquo;opportunit\u00e9 de profiter de ces nouvelles liaisons a\u00e9riennes. Ces vols suppl\u00e9mentaires offriront des options de d\u00e9part plus flexibles et des tarifs comp\u00e9titifs, permettant ainsi aux voyageurs de planifier leur s\u00e9jour en toute s\u00e9r\u00e9nit\u00e9. Cette expansion pourrait \u00e9galement r\u00e9duire la volatilit\u00e9 des prix des billets, particuli\u00e8rement pendant les mois d&rsquo;\u00e9t\u00e9 o\u00f9 la demande est forte.<\/p>\n<p>Iceland se positionne comme une destination attractive pour les Canadiens, qu&rsquo;il s&rsquo;agisse d&rsquo;un voyage unique ou d&rsquo;une escale vers d&rsquo;autres villes europ\u00e9ennes. Gr\u00e2ce \u00e0 son emplacement strat\u00e9gique entre l&rsquo;Am\u00e9rique du Nord et l&rsquo;Europe, cette nouvelle desserte pourrait \u00e9galement inciter les voyageurs \u00e0 envisager des itin\u00e9raires multi-destinations, enrichissant ainsi leur exp\u00e9rience de voyage.<\/p>\n<blockquote class=\"vya-pull\"><p>L&rsquo;augmentation des liaisons avec l&rsquo;Islande est une r\u00e9ponse directe \u00e0 la demande croissante des Canadiens pour cette destination unique.<\/p><\/blockquote>\n<h2>Les b\u00e9n\u00e9fices \u00e9conomiques pour les deux pays<\/h2>\n<p>Au-del\u00e0 des avantages imm\u00e9diats pour les voyageurs, cette expansion a des implications \u00e9conomiques significatives pour les deux nations. L&rsquo;Islande, dont l&rsquo;\u00e9conomie d\u00e9pend largement du tourisme, pourrait voir une augmentation de ses revenus \u00e0 travers divers secteurs, tels que l&rsquo;h\u00e9bergement et les excursions. Cela t\u00e9moigne d&rsquo;une reprise potentielle de la confiance des consommateurs et d&rsquo;une demande accrue pour les voyages internationaux.<\/p>\n<p>Pour le Canada, renforcer sa connectivit\u00e9 transatlantique pourrait positionner ses principaux a\u00e9roports comme des hubs internationaux cl\u00e9s. Cela favoriserait non seulement le transport de passagers, mais pourrait \u00e9galement stimuler des \u00e9changes commerciaux et culturels entre les deux r\u00e9gions. Cette dynamique pourrait faire de la route vers l&rsquo;Islande un \u00e9l\u00e9ment essentiel du r\u00e9seau a\u00e9rien canadien.<\/p>\n<h2>D\u00e9fis et consid\u00e9rations pour l&rsquo;avenir<\/h2>\n<p>Bien que cette augmentation de fr\u00e9quence offre de nombreuses opportunit\u00e9s, il existe \u00e9galement des d\u00e9fis \u00e0 prendre en compte. Les a\u00e9roports devront s&rsquo;assurer que l&rsquo;augmentation du volume passager est g\u00e9r\u00e9e de mani\u00e8re efficace, tant \u00e0 l&rsquo;arriv\u00e9e qu&rsquo;au d\u00e9part. Cela n\u00e9cessite une coordination \u00e9troite des services a\u00e9roportuaires pour garantir une exp\u00e9rience client satisfaisante.<\/p>\n<p>De plus, bien que le Boeing 737 MAX 8 soit con\u00e7u pour r\u00e9duire la consommation de carburant, la hausse du nombre de vols soul\u00e8ve des pr\u00e9occupations environnementales. L&rsquo;Islande, connue pour ses politiques de durabilit\u00e9, devra trouver un \u00e9quilibre entre la croissance du tourisme et la pr\u00e9servation de son environnement naturel.<\/p>\n<div class=\"vya-grid\">\n<div class=\"vya-card\"><span class=\"vya-k\">Fr\u00e9quences<\/span><\/p>\n<h3>Plus de vols d\u00e8s juin<\/h3>\n<div class=\"vya-txt\">Augmentation des fr\u00e9quences de vol entre Montr\u00e9al et Reykjavik, avec quatre rotations hebdomadaires depuis Montr\u00e9al et cinq depuis Toronto.<\/div>\n<\/div>\n<div class=\"vya-card\"><span class=\"vya-k\">Appareil<\/span><\/p>\n<h3>Boeing 737 MAX 8<\/h3>\n<div class=\"vya-txt\">Op\u00e9rations r\u00e9alis\u00e9es par le Boeing 737 MAX 8 pour une meilleure efficacit\u00e9 \u00e9nerg\u00e9tique.<\/div>\n<\/div>\n<div class=\"vya-card\"><span class=\"vya-k\">Tourisme<\/span><\/p>\n<h3>\u00c9lan pour l&rsquo;Islande<\/h3>\n<div class=\"vya-txt\">Impact positif attendu sur le secteur touristique islandais, des h\u00f4tels aux excursions locales.<\/div>\n<\/div>\n<div class=\"vya-card\"><span class=\"vya-k\">Voyageurs<\/span><\/p>\n<h3>Plus de flexibilit\u00e9<\/h3>\n<div class=\"vya-txt\">Opportunit\u00e9s de voyage plus flexibles pour les Canadiens et tarifs plus comp\u00e9titifs en saison haute.<\/div>\n<\/div>\n<div class=\"vya-card\"><span class=\"vya-k\">Environnement<\/span><\/p>\n<h3>\u00c9quilibre \u00e0 tenir<\/h3>\n<div class=\"vya-txt\">Consid\u00e9rations environnementales \u00e0 prendre en compte face \u00e0 la hausse du nombre de vols.<\/div>\n<\/div>\n<\/div>\n<div class=\"vya-retenir\">\n<div class=\"vya-eb\">\u00c0 retenir<\/div>\n<ul>\n<li>Le programme r\u00e9vis\u00e9 d&rsquo;Air Canada prend effet en juin 2025, avec davantage de liaisons vers Reykjavik Keflavik.<\/li>\n<li>Quatre vols hebdomadaires depuis Montr\u00e9al, cinq depuis Toronto, en Boeing 737 MAX 8.<\/li>\n<li>Une desserte renforc\u00e9e qui profite aux voyageurs canadiens comme au tourisme islandais, sous r\u00e9serve des enjeux logistiques et environnementaux.<\/li>\n<\/ul>\n<\/div>\n<p>Le programme r\u00e9vis\u00e9 d&rsquo;Air Canada, qui prendra effet en juin 2025, marque une \u00e9tape significative pour le secteur du voyage. Les observateurs du secteur surveilleront de pr\u00e8s les tendances de r\u00e9servation et l&rsquo;\u00e9volution de la demande. Cette initiative promet d&rsquo;ouvrir de nouvelles perspectives tant pour les voyageurs que pour les acteurs \u00e9conomiques des deux nations.<\/p>\n<\/div>\n","protected":false},"excerpt":{"rendered":"","protected":false},"author":34,"featured_media":14113,"comment_status":"open","ping_status":"open","sticky":false,"template":"","format":"standard","meta":{"_acf_changed":false,"manual_indexmenow":false,"indexmenow_id_project":0,"footnotes":""},"categories":[1],"tags":[4636,4530,4528,4385,4526],"class_list":["post-13037","post","type-post","status-publish","format-standard","has-post-thumbnail","hentry","category-a-la-une","tag-destinations","tag-escapade-en-europe","tag-hebergement-abordable","tag-pratiques-durables","tag-voyage-economique","generate-columns","tablet-grid-50","mobile-grid-100","grid-parent","grid-25"],"acf":[],"yoast_head":"<!-- This site is optimized with the Yoast SEO Premium plugin v21.3 (Yoast SEO v25.1) - https:\/\/yoast.com\/wordpress\/plugins\/seo\/ -->\n<title>Air Canada renforce son service vers l&#039;Islande pour l&#039;\u00e9t\u00e9<\/title>\n<meta name=\"description\" content=\"Air Canada muscle sa desserte vers l&#039;Islande pour l&#039;\u00e9t\u00e9 2025 : la compagnie augmente la fr\u00e9quence de ses vols entre Montr\u00e9al, Toronto et Reykjavik\" \/>\n<meta name=\"robots\" content=\"index, follow, max-snippet:-1, max-image-preview:large, max-video-preview:-1\" \/>\n<link rel=\"canonical\" href=\"https:\/\/voyage-aventure.com\/blog\/a-la-une\/air-canada-renforce-son-service-vers-lislande-pour-lete-2025-une-nouvelle-chance-de-voyager\/\" \/>\n<meta property=\"og:locale\" content=\"fr_FR\" \/>\n<meta property=\"og:type\" content=\"article\" \/>\n<meta property=\"og:title\" content=\"Air Canada renforce son service vers l&#039;Islande pour l&#039;\u00e9t\u00e9\" \/>\n<meta property=\"og:description\" content=\"Air Canada muscle sa desserte vers l&#039;Islande pour l&#039;\u00e9t\u00e9 2025 : la compagnie augmente la fr\u00e9quence de ses vols entre Montr\u00e9al, Toronto et Reykjavik\" \/>\n<meta property=\"og:url\" content=\"https:\/\/voyage-aventure.com\/blog\/a-la-une\/air-canada-renforce-son-service-vers-lislande-pour-lete-2025-une-nouvelle-chance-de-voyager\/\" \/>\n<meta property=\"og:site_name\" content=\"voyage-aventure\" \/>\n<meta property=\"og:image\" content=\"https:\/\/voyage-aventure.com\/blog\/wp-content\/uploads\/2025\/02\/sdxl-2168022a393c6c05449d419945f76e45.png\" \/>\n\t<meta property=\"og:image:width\" content=\"1536\" \/>\n\t<meta property=\"og:image:height\" content=\"640\" \/>\n\t<meta property=\"og:image:type\" content=\"image\/png\" \/>\n<meta name=\"author\" content=\"Camille Rouvray\" \/>\n<meta name=\"twitter:card\" content=\"summary_large_image\" \/>\n<script type=\"application\/ld+json\" class=\"yoast-schema-graph\">{\"@context\":\"https:\/\/schema.org\",\"@graph\":[{\"@type\":\"NewsArticle\",\"@id\":\"https:\/\/voyage-aventure.com\/blog\/a-la-une\/air-canada-renforce-son-service-vers-lislande-pour-lete-2025-une-nouvelle-chance-de-voyager\/#article\",\"isPartOf\":{\"@id\":\"https:\/\/voyage-aventure.com\/blog\/a-la-une\/air-canada-renforce-son-service-vers-lislande-pour-lete-2025-une-nouvelle-chance-de-voyager\/\"},\"author\":{\"name\":\"Camille Rouvray\",\"@id\":\"https:\/\/voyage-aventure.com\/blog\/#\/schema\/person\/3c864cdc320801e3db34b663e7e3f816\"},\"headline\":\"Air Canada renforce son service vers l&rsquo;Islande pour l&rsquo;\u00e9t\u00e9 2025 : une nouvelle chance de voyager\",\"datePublished\":\"2026-06-16T14:53:48+00:00\",\"mainEntityOfPage\":{\"@id\":\"https:\/\/voyage-aventure.com\/blog\/a-la-une\/air-canada-renforce-son-service-vers-lislande-pour-lete-2025-une-nouvelle-chance-de-voyager\/\"},\"wordCount\":1068,\"commentCount\":25,\"publisher\":{\"@id\":\"https:\/\/voyage-aventure.com\/blog\/#organization\"},\"image\":{\"@id\":\"https:\/\/voyage-aventure.com\/blog\/a-la-une\/air-canada-renforce-son-service-vers-lislande-pour-lete-2025-une-nouvelle-chance-de-voyager\/#primaryimage\"},\"thumbnailUrl\":\"https:\/\/voyage-aventure.com\/blog\/wp-content\/uploads\/2025\/02\/sdxl-2168022a393c6c05449d419945f76e45.png\",\"keywords\":[\"Destinations\",\"Escapade en Europe\",\"H\u00e9bergement Abordable\",\"Pratiques Durables\",\"Voyage \u00c9conomique\"],\"articleSection\":[\"\u00c0 la une\"],\"inLanguage\":\"fr-FR\",\"potentialAction\":[{\"@type\":\"CommentAction\",\"name\":\"Comment\",\"target\":[\"https:\/\/voyage-aventure.com\/blog\/a-la-une\/air-canada-renforce-son-service-vers-lislande-pour-lete-2025-une-nouvelle-chance-de-voyager\/#respond\"]}]},{\"@type\":\"WebPage\",\"@id\":\"https:\/\/voyage-aventure.com\/blog\/a-la-une\/air-canada-renforce-son-service-vers-lislande-pour-lete-2025-une-nouvelle-chance-de-voyager\/\",\"url\":\"https:\/\/voyage-aventure.com\/blog\/a-la-une\/air-canada-renforce-son-service-vers-lislande-pour-lete-2025-une-nouvelle-chance-de-voyager\/\",\"name\":\"Air Canada renforce son service vers l'Islande pour l'\u00e9t\u00e9\",\"isPartOf\":{\"@id\":\"https:\/\/voyage-aventure.com\/blog\/#website\"},\"primaryImageOfPage\":{\"@id\":\"https:\/\/voyage-aventure.com\/blog\/a-la-une\/air-canada-renforce-son-service-vers-lislande-pour-lete-2025-une-nouvelle-chance-de-voyager\/#primaryimage\"},\"image\":{\"@id\":\"https:\/\/voyage-aventure.com\/blog\/a-la-une\/air-canada-renforce-son-service-vers-lislande-pour-lete-2025-une-nouvelle-chance-de-voyager\/#primaryimage\"},\"thumbnailUrl\":\"https:\/\/voyage-aventure.com\/blog\/wp-content\/uploads\/2025\/02\/sdxl-2168022a393c6c05449d419945f76e45.png\",\"datePublished\":\"2026-06-16T14:53:48+00:00\",\"description\":\"Air Canada muscle sa desserte vers l'Islande pour l'\u00e9t\u00e9 2025 : la compagnie augmente la fr\u00e9quence de ses vols entre Montr\u00e9al, Toronto et Reykjavik\",\"inLanguage\":\"fr-FR\",\"potentialAction\":[{\"@type\":\"ReadAction\",\"target\":[\"https:\/\/voyage-aventure.com\/blog\/a-la-une\/air-canada-renforce-son-service-vers-lislande-pour-lete-2025-une-nouvelle-chance-de-voyager\/\"]}]},{\"@type\":\"ImageObject\",\"inLanguage\":\"fr-FR\",\"@id\":\"https:\/\/voyage-aventure.com\/blog\/a-la-une\/air-canada-renforce-son-service-vers-lislande-pour-lete-2025-une-nouvelle-chance-de-voyager\/#primaryimage\",\"url\":\"https:\/\/voyage-aventure.com\/blog\/wp-content\/uploads\/2025\/02\/sdxl-2168022a393c6c05449d419945f76e45.png\",\"contentUrl\":\"https:\/\/voyage-aventure.com\/blog\/wp-content\/uploads\/2025\/02\/sdxl-2168022a393c6c05449d419945f76e45.png\",\"width\":1536,\"height\":640},{\"@type\":\"WebSite\",\"@id\":\"https:\/\/voyage-aventure.com\/blog\/#website\",\"url\":\"https:\/\/voyage-aventure.com\/blog\/\",\"name\":\"voyage-aventure.com\",\"description\":\"Votre passeport pour l\u2019inattendu.\",\"publisher\":{\"@id\":\"https:\/\/voyage-aventure.com\/blog\/#organization\"},\"alternateName\":\"Votre passeport pour l\u2019inattendu.\",\"potentialAction\":[{\"@type\":\"SearchAction\",\"target\":{\"@type\":\"EntryPoint\",\"urlTemplate\":\"https:\/\/voyage-aventure.com\/blog\/?s={search_term_string}\"},\"query-input\":{\"@type\":\"PropertyValueSpecification\",\"valueRequired\":true,\"valueName\":\"search_term_string\"}}],\"inLanguage\":\"fr-FR\"},{\"@type\":\"Organization\",\"@id\":\"https:\/\/voyage-aventure.com\/blog\/#organization\",\"name\":\"Foretsensations.fr\",\"url\":\"https:\/\/voyage-aventure.com\/blog\/\",\"logo\":{\"@type\":\"ImageObject\",\"inLanguage\":\"fr-FR\",\"@id\":\"https:\/\/voyage-aventure.com\/blog\/#\/schema\/logo\/image\/\",\"url\":\"https:\/\/voyage-aventure.com\/blog\/wp-content\/uploads\/2024\/12\/19.png\",\"contentUrl\":\"https:\/\/voyage-aventure.com\/blog\/wp-content\/uploads\/2024\/12\/19.png\",\"width\":512,\"height\":512,\"caption\":\"Foretsensations.fr\"},\"image\":{\"@id\":\"https:\/\/voyage-aventure.com\/blog\/#\/schema\/logo\/image\/\"}},{\"@type\":\"Person\",\"@id\":\"https:\/\/voyage-aventure.com\/blog\/#\/schema\/person\/3c864cdc320801e3db34b663e7e3f816\",\"name\":\"Camille Rouvray\",\"image\":{\"@type\":\"ImageObject\",\"inLanguage\":\"fr-FR\",\"@id\":\"https:\/\/voyage-aventure.com\/blog\/#\/schema\/person\/image\/\",\"url\":\"https:\/\/voyage-aventure.com\/blog\/wp-content\/uploads\/2026\/06\/persona_camille-r-96x96.jpg\",\"contentUrl\":\"https:\/\/voyage-aventure.com\/blog\/wp-content\/uploads\/2026\/06\/persona_camille-r-96x96.jpg\",\"caption\":\"Camille Rouvray\"},\"description\":\"Je voyage et j'\u00e9cris sur le voyage depuis une douzaine d'ann\u00e9es, d'abord en tant que routarde au long cours, puis comme r\u00e9dactrice sp\u00e9cialis\u00e9e. Mon terrain de pr\u00e9dilection, ce sont les circuits organis\u00e9s et l'art de bien pr\u00e9parer un itin\u00e9raire : choix de la saison, dur\u00e9e r\u00e9aliste des \u00e9tapes, budget jour par jour, logement et transport sur place. J'aime aussi raconter les p\u00e9pites urbaines, ces adresses qu'on ne trouve pas dans les guides classiques. Avant de publier un dossier destination, je croise toujours plusieurs sources, je v\u00e9rifie les tarifs et les formalit\u00e9s d'entr\u00e9e \u00e0 jour, et je teste moi-m\u00eame quand je le peux. Mon angle reste pratique avant tout : aider le lecteur \u00e0 partir l'esprit tranquille, sans mauvaise surprise une fois sur place. Je m'attache \u00e0 distinguer le coup de c\u0153ur sinc\u00e8re du simple argument marketing.\",\"sameAs\":[\"https:\/\/camillerouvray.fr\/\"],\"url\":\"https:\/\/voyage-aventure.com\/blog\/auteur\/noname\/\"}]}<\/script>\n<!-- \/ Yoast SEO Premium plugin. -->","yoast_head_json":{"title":"Air Canada renforce son service vers l'Islande pour l'\u00e9t\u00e9","description":"Air Canada muscle sa desserte vers l'Islande pour l'\u00e9t\u00e9 2025 : la compagnie augmente la fr\u00e9quence de ses vols entre Montr\u00e9al, Toronto et Reykjavik","robots":{"index":"index","follow":"follow","max-snippet":"max-snippet:-1","max-image-preview":"max-image-preview:large","max-video-preview":"max-video-preview:-1"},"canonical":"https:\/\/voyage-aventure.com\/blog\/a-la-une\/air-canada-renforce-son-service-vers-lislande-pour-lete-2025-une-nouvelle-chance-de-voyager\/","og_locale":"fr_FR","og_type":"article","og_title":"Air Canada renforce son service vers l'Islande pour l'\u00e9t\u00e9","og_description":"Air Canada muscle sa desserte vers l'Islande pour l'\u00e9t\u00e9 2025 : la compagnie augmente la fr\u00e9quence de ses vols entre Montr\u00e9al, Toronto et Reykjavik","og_url":"https:\/\/voyage-aventure.com\/blog\/a-la-une\/air-canada-renforce-son-service-vers-lislande-pour-lete-2025-une-nouvelle-chance-de-voyager\/","og_site_name":"voyage-aventure","og_image":[{"width":1536,"height":640,"url":"https:\/\/voyage-aventure.com\/blog\/wp-content\/uploads\/2025\/02\/sdxl-2168022a393c6c05449d419945f76e45.png","type":"image\/png"}],"author":"Camille Rouvray","twitter_card":"summary_large_image","schema":{"@context":"https:\/\/schema.org","@graph":[{"@type":"NewsArticle","@id":"https:\/\/voyage-aventure.com\/blog\/a-la-une\/air-canada-renforce-son-service-vers-lislande-pour-lete-2025-une-nouvelle-chance-de-voyager\/#article","isPartOf":{"@id":"https:\/\/voyage-aventure.com\/blog\/a-la-une\/air-canada-renforce-son-service-vers-lislande-pour-lete-2025-une-nouvelle-chance-de-voyager\/"},"author":{"name":"Camille Rouvray","@id":"https:\/\/voyage-aventure.com\/blog\/#\/schema\/person\/3c864cdc320801e3db34b663e7e3f816"},"headline":"Air Canada renforce son service vers l&rsquo;Islande pour l&rsquo;\u00e9t\u00e9 2025 : une nouvelle chance de voyager","datePublished":"2026-06-16T14:53:48+00:00","mainEntityOfPage":{"@id":"https:\/\/voyage-aventure.com\/blog\/a-la-une\/air-canada-renforce-son-service-vers-lislande-pour-lete-2025-une-nouvelle-chance-de-voyager\/"},"wordCount":1068,"commentCount":25,"publisher":{"@id":"https:\/\/voyage-aventure.com\/blog\/#organization"},"image":{"@id":"https:\/\/voyage-aventure.com\/blog\/a-la-une\/air-canada-renforce-son-service-vers-lislande-pour-lete-2025-une-nouvelle-chance-de-voyager\/#primaryimage"},"thumbnailUrl":"https:\/\/voyage-aventure.com\/blog\/wp-content\/uploads\/2025\/02\/sdxl-2168022a393c6c05449d419945f76e45.png","keywords":["Destinations","Escapade en Europe","H\u00e9bergement Abordable","Pratiques Durables","Voyage \u00c9conomique"],"articleSection":["\u00c0 la une"],"inLanguage":"fr-FR","potentialAction":[{"@type":"CommentAction","name":"Comment","target":["https:\/\/voyage-aventure.com\/blog\/a-la-une\/air-canada-renforce-son-service-vers-lislande-pour-lete-2025-une-nouvelle-chance-de-voyager\/#respond"]}]},{"@type":"WebPage","@id":"https:\/\/voyage-aventure.com\/blog\/a-la-une\/air-canada-renforce-son-service-vers-lislande-pour-lete-2025-une-nouvelle-chance-de-voyager\/","url":"https:\/\/voyage-aventure.com\/blog\/a-la-une\/air-canada-renforce-son-service-vers-lislande-pour-lete-2025-une-nouvelle-chance-de-voyager\/","name":"Air Canada renforce son service vers l'Islande pour l'\u00e9t\u00e9","isPartOf":{"@id":"https:\/\/voyage-aventure.com\/blog\/#website"},"primaryImageOfPage":{"@id":"https:\/\/voyage-aventure.com\/blog\/a-la-une\/air-canada-renforce-son-service-vers-lislande-pour-lete-2025-une-nouvelle-chance-de-voyager\/#primaryimage"},"image":{"@id":"https:\/\/voyage-aventure.com\/blog\/a-la-une\/air-canada-renforce-son-service-vers-lislande-pour-lete-2025-une-nouvelle-chance-de-voyager\/#primaryimage"},"thumbnailUrl":"https:\/\/voyage-aventure.com\/blog\/wp-content\/uploads\/2025\/02\/sdxl-2168022a393c6c05449d419945f76e45.png","datePublished":"2026-06-16T14:53:48+00:00","description":"Air Canada muscle sa desserte vers l'Islande pour l'\u00e9t\u00e9 2025 : la compagnie augmente la fr\u00e9quence de ses vols entre Montr\u00e9al, Toronto et Reykjavik","inLanguage":"fr-FR","potentialAction":[{"@type":"ReadAction","target":["https:\/\/voyage-aventure.com\/blog\/a-la-une\/air-canada-renforce-son-service-vers-lislande-pour-lete-2025-une-nouvelle-chance-de-voyager\/"]}]},{"@type":"ImageObject","inLanguage":"fr-FR","@id":"https:\/\/voyage-aventure.com\/blog\/a-la-une\/air-canada-renforce-son-service-vers-lislande-pour-lete-2025-une-nouvelle-chance-de-voyager\/#primaryimage","url":"https:\/\/voyage-aventure.com\/blog\/wp-content\/uploads\/2025\/02\/sdxl-2168022a393c6c05449d419945f76e45.png","contentUrl":"https:\/\/voyage-aventure.com\/blog\/wp-content\/uploads\/2025\/02\/sdxl-2168022a393c6c05449d419945f76e45.png","width":1536,"height":640},{"@type":"WebSite","@id":"https:\/\/voyage-aventure.com\/blog\/#website","url":"https:\/\/voyage-aventure.com\/blog\/","name":"voyage-aventure.com","description":"Votre passeport pour l\u2019inattendu.","publisher":{"@id":"https:\/\/voyage-aventure.com\/blog\/#organization"},"alternateName":"Votre passeport pour l\u2019inattendu.","potentialAction":[{"@type":"SearchAction","target":{"@type":"EntryPoint","urlTemplate":"https:\/\/voyage-aventure.com\/blog\/?s={search_term_string}"},"query-input":{"@type":"PropertyValueSpecification","valueRequired":true,"valueName":"search_term_string"}}],"inLanguage":"fr-FR"},{"@type":"Organization","@id":"https:\/\/voyage-aventure.com\/blog\/#organization","name":"Foretsensations.fr","url":"https:\/\/voyage-aventure.com\/blog\/","logo":{"@type":"ImageObject","inLanguage":"fr-FR","@id":"https:\/\/voyage-aventure.com\/blog\/#\/schema\/logo\/image\/","url":"https:\/\/voyage-aventure.com\/blog\/wp-content\/uploads\/2024\/12\/19.png","contentUrl":"https:\/\/voyage-aventure.com\/blog\/wp-content\/uploads\/2024\/12\/19.png","width":512,"height":512,"caption":"Foretsensations.fr"},"image":{"@id":"https:\/\/voyage-aventure.com\/blog\/#\/schema\/logo\/image\/"}},{"@type":"Person","@id":"https:\/\/voyage-aventure.com\/blog\/#\/schema\/person\/3c864cdc320801e3db34b663e7e3f816","name":"Camille Rouvray","image":{"@type":"ImageObject","inLanguage":"fr-FR","@id":"https:\/\/voyage-aventure.com\/blog\/#\/schema\/person\/image\/","url":"https:\/\/voyage-aventure.com\/blog\/wp-content\/uploads\/2026\/06\/persona_camille-r-96x96.jpg","contentUrl":"https:\/\/voyage-aventure.com\/blog\/wp-content\/uploads\/2026\/06\/persona_camille-r-96x96.jpg","caption":"Camille Rouvray"},"description":"Je voyage et j'\u00e9cris sur le voyage depuis une douzaine d'ann\u00e9es, d'abord en tant que routarde au long cours, puis comme r\u00e9dactrice sp\u00e9cialis\u00e9e. Mon terrain de pr\u00e9dilection, ce sont les circuits organis\u00e9s et l'art de bien pr\u00e9parer un itin\u00e9raire : choix de la saison, dur\u00e9e r\u00e9aliste des \u00e9tapes, budget jour par jour, logement et transport sur place. J'aime aussi raconter les p\u00e9pites urbaines, ces adresses qu'on ne trouve pas dans les guides classiques. Avant de publier un dossier destination, je croise toujours plusieurs sources, je v\u00e9rifie les tarifs et les formalit\u00e9s d'entr\u00e9e \u00e0 jour, et je teste moi-m\u00eame quand je le peux. Mon angle reste pratique avant tout : aider le lecteur \u00e0 partir l'esprit tranquille, sans mauvaise surprise une fois sur place. Je m'attache \u00e0 distinguer le coup de c\u0153ur sinc\u00e8re du simple argument marketing.","sameAs":["https:\/\/camillerouvray.fr\/"],"url":"https:\/\/voyage-aventure.com\/blog\/auteur\/noname\/"}]}},"_links":{"self":[{"href":"https:\/\/voyage-aventure.com\/blog\/wp-json\/wp\/v2\/posts\/13037","targetHints":{"allow":["GET"]}}],"collection":[{"href":"https:\/\/voyage-aventure.com\/blog\/wp-json\/wp\/v2\/posts"}],"about":[{"href":"https:\/\/voyage-aventure.com\/blog\/wp-json\/wp\/v2\/types\/post"}],"author":[{"embeddable":true,"href":"https:\/\/voyage-aventure.com\/blog\/wp-json\/wp\/v2\/users\/34"}],"replies":[{"embeddable":true,"href":"https:\/\/voyage-aventure.com\/blog\/wp-json\/wp\/v2\/comments?post=13037"}],"version-history":[{"count":3,"href":"https:\/\/voyage-aventure.com\/blog\/wp-json\/wp\/v2\/posts\/13037\/revisions"}],"predecessor-version":[{"id":22684,"href":"https:\/\/voyage-aventure.com\/blog\/wp-json\/wp\/v2\/posts\/13037\/revisions\/22684"}],"wp:featuredmedia":[{"embeddable":true,"href":"https:\/\/voyage-aventure.com\/blog\/wp-json\/wp\/v2\/media\/14113"}],"wp:attachment":[{"href":"https:\/\/voyage-aventure.com\/blog\/wp-json\/wp\/v2\/media?parent=13037"}],"wp:term":[{"taxonomy":"category","embeddable":true,"href":"https:\/\/voyage-aventure.com\/blog\/wp-json\/wp\/v2\/categories?post=13037"},{"taxonomy":"post_tag","embeddable":true,"href":"https:\/\/voyage-aventure.com\/blog\/wp-json\/wp\/v2\/tags?post=13037"}],"curies":[{"name":"wp","href":"https:\/\/api.w.org\/{rel}","templated":true}]}}