{"id":13003,"date":"2026-06-16T16:53:17","date_gmt":"2026-06-16T14:53:17","guid":{"rendered":"https:\/\/voyage-aventure.com\/blog\/?p=13003"},"modified":"2026-06-16T16:53:17","modified_gmt":"2026-06-16T14:53:17","slug":"pourquoi-la-peur-de-lavion-est-sans-fondement-demystifions-ensemble-le-vol-aerien","status":"publish","type":"post","link":"https:\/\/voyage-aventure.com\/blog\/a-la-une\/pourquoi-la-peur-de-lavion-est-sans-fondement-demystifions-ensemble-le-vol-aerien\/","title":{"rendered":"Pourquoi la peur de l&rsquo;avion est sans fondement : d\u00e9mystifions ensemble le vol a\u00e9rien"},"content":{"rendered":"<link rel=\"stylesheet\" href=\"https:\/\/fonts.googleapis.com\/css2?family=Space+Grotesk:wght@500;600;700&#038;family=Inter:wght@400;500;600&#038;family=JetBrains+Mono:wght@500&#038;display=swap\">\n<style>\n.vav-info-wrap{font-family:'Inter',-apple-system,sans-serif;color:#19232e;line-height:1.65;font-size:17px;max-width:760px;margin:0 auto}\n.vav-info-wrap h2{font-family:'Space Grotesk','Inter',sans-serif;font-weight:700;font-size:clamp(23px,3.2vw,32px);letter-spacing:-.01em;color:#0d2233;margin:48px 0 16px;line-height:1.2}\n.vav-info-wrap h3{font-family:'Space Grotesk','Inter',sans-serif;font-weight:600;font-size:20px;color:#0d2233;margin:26px 0 10px}\n.vav-info-wrap p{margin:0 0 17px}\n.vav-info-lead{font-size:19px;color:#3a4a59;margin:0 0 28px;line-height:1.6}\n.vav-info-kicker{font-family:'JetBrains Mono',monospace;font-weight:500;font-size:13px;letter-spacing:.08em;text-transform:uppercase;color:#1769b0;margin-bottom:6px}\n.vav-info-brief{background:#eef6fc;border-left:5px solid #1769b0;border-radius:0 12px 12px 0;padding:24px 26px;margin:0 0 34px;box-shadow:0 12px 28px -18px rgba(13,34,51,.30)}\n.vav-info-brief .vav-info-kicker{margin-bottom:8px}\n.vav-info-brief-a{font-size:18px;color:#16252f;font-weight:500;margin-bottom:14px}\n.vav-info-keys{list-style:none;padding:0;margin:0;display:grid;gap:9px}\n.vav-info-keys li{position:relative;padding-left:26px;color:#2c3d4c;font-size:16px}\n.vav-info-keys li:before{content:\"\u2708\";position:absolute;left:0;top:0;color:#1769b0;font-size:15px}\n.vav-info-stats{display:grid;grid-template-columns:repeat(auto-fit,minmax(155px,1fr));gap:16px;margin:30px 0}\n.vav-info-stat{background:#fff;border:1px solid #d9e6f1;border-top:3px solid #1769b0;border-radius:12px;padding:20px 18px;transition:.25s ease;box-shadow:0 1px 2px rgba(16,24,40,.05)}\n.vav-info-stat:hover{transform:translateY(-3px);box-shadow:0 14px 30px -18px rgba(13,34,51,.35)}\n.vav-info-stat-n{font-family:'Space Grotesk',sans-serif;font-weight:700;font-size:30px;color:#0d2233;line-height:1.1}\n.vav-info-stat-l{font-size:14px;color:#5a6b7a;margin-top:6px}\n.vav-info-cards{display:grid;grid-template-columns:repeat(auto-fit,minmax(220px,1fr));gap:18px;margin:26px 0}\n.vav-info-card{background:#fff;border:1px solid #d9e6f1;border-radius:14px;padding:22px 22px;transition:.25s ease;box-shadow:0 1px 2px rgba(16,24,40,.05)}\n.vav-info-card:hover{transform:translateY(-3px);box-shadow:0 14px 30px -18px rgba(13,34,51,.35);border-color:#b9d4e8}\n.vav-info-card h3{margin:0 0 8px;font-size:18px}\n.vav-info-card .vav-info-txt{color:#48586a;font-size:15.5px;line-height:1.6}\n.vav-info-note{background:#fff8ec;border-left:5px solid #d99a1c;border-radius:0 12px 12px 0;padding:20px 24px;margin:30px 0}\n.vav-info-note .vav-info-kicker{color:#b97f10}\n.vav-info-note .vav-info-txt{color:#5c4a25;font-size:16px}\n.vav-info-quote{font-family:'Space Grotesk',sans-serif;font-style:italic;font-size:22px;line-height:1.45;color:#0d2233;border-top:1px solid #d9e6f1;border-bottom:1px solid #d9e6f1;padding:24px 0 24px 38px;margin:34px 0;position:relative}\n.vav-info-quote:before{content:\"\u201c\";position:absolute;left:0;top:14px;font-size:48px;color:#1769b0;line-height:1}\n.vav-info-takeaway{background:#0d2233;border-radius:16px;padding:28px 30px;margin:42px 0}\n.vav-info-takeaway .vav-info-kicker{color:#7bb8e8}\n.vav-info-takeaway h2{color:#fff;margin:0 0 16px}\n.vav-info-takeaway ul{list-style:none;padding:0;margin:0;display:grid;gap:11px}\n.vav-info-takeaway li{position:relative;padding-left:28px;color:#d6e4f0;font-size:16px}\n.vav-info-takeaway li:before{content:\"\u2714\";position:absolute;left:0;top:0;color:#7bb8e8}\n.vav-info-faq{margin:34px 0}\n.vav-info-faq details{background:#fff;border:1px solid #d9e6f1;border-radius:12px;padding:0;margin-bottom:12px;transition:.25s ease}\n.vav-info-faq details[open]{border-color:#1769b0;box-shadow:0 12px 28px -20px rgba(13,34,51,.40)}\n.vav-info-faq summary{cursor:pointer;list-style:none;padding:18px 22px;font-family:'Space Grotesk',sans-serif;font-weight:600;font-size:17px;color:#0d2233;position:relative}\n.vav-info-faq summary::-webkit-details-marker{display:none}\n.vav-info-faq summary:after{content:\"+\";position:absolute;right:22px;top:16px;font-size:24px;color:#1769b0;font-weight:400}\n.vav-info-faq details[open] summary:after{content:\"\u2212\"}\n.vav-info-faq .vav-info-txt{padding:0 22px 20px;color:#48586a;font-size:16px;line-height:1.6}\n@media(max-width:640px){.vav-info-wrap h2{font-size:24px}}\n\/*RENDERFIX2*\/.vav-info-takeaway{color:#eef3f9!important}.vav-info-takeaway p,.vav-info-takeaway li,.vav-info-takeaway strong,.vav-info-takeaway em,.vav-info-takeaway a,.vav-info-takeaway span,.vav-info-takeaway b,.vav-info-takeaway td,.vav-info-takeaway th,.vav-info-takeaway h2,.vav-info-takeaway h3,.vav-info-takeaway h4{color:#eef3f9!important}.vav-info-takeaway strong,.vav-info-takeaway b{color:#ffffff!important}<\/style>\n<div class=\"vav-info-wrap\">\n<p class=\"vav-info-lead\">Sueurs froides au d\u00e9collage, c\u0153ur qui s&#8217;emballe \u00e0 la moindre turbulence : la peur de l&rsquo;avion touche \u00e9norm\u00e9ment de voyageurs, alors m\u00eame que les chiffres dessinent l&rsquo;inverse de ce qu&rsquo;on ressent. Voici pourquoi cette appr\u00e9hension repose surtout sur une perception biais\u00e9e, et comment la regarder en face apaise r\u00e9ellement le voyage.<\/p>\n<div class=\"vav-info-brief\">\n<div class=\"vav-info-kicker\">En bref<\/div>\n<div class=\"vav-info-brief-a\">La peur de l&rsquo;avion (ou aviophobie) est en grande partie infond\u00e9e : l&rsquo;avion reste l&rsquo;un des moyens de transport les plus s\u00fbrs, et les accidents sont \u00e0 leur plus bas niveau historique. L&rsquo;angoisse vient moins des faits que de la fa\u00e7on dont les m\u00e9dias et les r\u00e9seaux sociaux exposent les rares incidents.<\/div>\n<ul class=\"vav-info-keys\">\n<li>Les accidents d&rsquo;avion sont au plus bas historique.<\/li>\n<li>La plupart des accidents concernent des avions priv\u00e9s, pas les lignes commerciales.<\/li>\n<li>Les compagnies commerciales appliquent des normes de s\u00e9curit\u00e9 rigoureuses.<\/li>\n<li>La peur est amplifi\u00e9e par une couverture m\u00e9diatique sensationnaliste.<\/li>\n<\/ul>\n<\/div>\n<h2>Une perception erron\u00e9e de la s\u00e9curit\u00e9 a\u00e9rienne<\/h2>\n<p>Le vol en avion est souvent per\u00e7u comme dangereux, mais les chiffres racontent une toute autre histoire. Les donn\u00e9es r\u00e9v\u00e8lent que les accidents d&rsquo;avion sont \u00e0 leur plus bas historique, avec seulement 63 accidents signal\u00e9s en janvier 2025, contre 80 accidents en janvier 2024. Cette baisse est corrobor\u00e9e par des statistiques de l&rsquo;Organisation de l&rsquo;aviation civile internationale, qui attestent d&rsquo;une diminution des incidents au fil des ans.<\/p>\n<p>Cependant, malgr\u00e9 ces chiffres encourageants, l&rsquo;anxi\u00e9t\u00e9 autour des voyages a\u00e9riens augmente, en particulier en ligne. Les recherches sur les accidents d&rsquo;aviation ont explos\u00e9, atteignant des niveaux jamais vus depuis que Google collecte ces donn\u00e9es. Il est essentiel de comprendre que cette peur ne repose pas sur des faits solides, mais plut\u00f4t sur la perception biais\u00e9e que les m\u00e9dias et les r\u00e9seaux sociaux peuvent engendrer.<\/p>\n<div class=\"vav-info-stats\">\n<div class=\"vav-info-stat\">\n<div class=\"vav-info-stat-n\">63<\/div>\n<div class=\"vav-info-stat-l\">accidents en janvier 2025, contre 80 en janvier 2024<\/div>\n<\/div>\n<div class=\"vav-info-stat\">\n<div class=\"vav-info-stat-n\">10<\/div>\n<div class=\"vav-info-stat-l\">vols fatals en janvier 2025, contre 19 l&rsquo;ann\u00e9e pr\u00e9c\u00e9dente<\/div>\n<\/div>\n<\/div>\n<h2>Les influences des m\u00e9dias et des r\u00e9seaux sociaux<\/h2>\n<p>Les m\u00e9dias jouent un r\u00f4le majeur dans la mani\u00e8re dont nous percevons la s\u00e9curit\u00e9 a\u00e9rienne. Lorsqu&rsquo;un accident tragique se produit, il est souvent relay\u00e9 de mani\u00e8re sensationnaliste, d\u00e9clenchant des vagues de panique collective. Marco Chan, ancien pilote, souligne que \u00ab\u00a0les accidents re\u00e7oivent une exposition accrue sur les plateformes de m\u00e9dias sociaux\u00a0\u00bb, ce qui contribue \u00e0 alimenter la peur.<\/p>\n<p>Des cr\u00e9ateurs de contenu, comme @bmekween sur TikTok, mettent en lumi\u00e8re l&rsquo;incoh\u00e9rence entre nos craintes et les donn\u00e9es actuelles. Une de ses vid\u00e9os, qui a rencontr\u00e9 un franc succ\u00e8s, aborde le lien potentiel entre cette peur et la manipulation m\u00e9diatique. Elle rappelle que \u00ab\u00a0l&rsquo;une des fa\u00e7ons dont les personnes au pouvoir cherchent \u00e0 contr\u00f4ler les autres est de cr\u00e9er un sentiment de danger autour de ce qui est en r\u00e9alit\u00e9 s\u00fbr\u00a0\u00bb.<\/p>\n<div class=\"vav-info-quote\">La peur du vol est souvent aliment\u00e9e par des perceptions erron\u00e9es plut\u00f4t que par des donn\u00e9es pr\u00e9cises.<\/div>\n<h2>Quelles sont les v\u00e9ritables statistiques de s\u00e9curit\u00e9 ?<\/h2>\n<p>Les statistiques montrent clairement que voler est l&rsquo;un des moyens de transport les plus s\u00fbrs. En janvier 2025, seulement 10 vols \u00e9taient fatals, une diminution par rapport aux 19 accidents mortels l&rsquo;ann\u00e9e pr\u00e9c\u00e9dente. La majorit\u00e9 des accidents impliquent des avions priv\u00e9s, qui sont souvent moins s\u00e9curis\u00e9s que les grandes compagnies a\u00e9riennes.<\/p>\n<p>Les compagnies a\u00e9riennes commerciales ont des normes de s\u00e9curit\u00e9 rigoureuses, ce qui r\u00e9duit consid\u00e9rablement le risque d&rsquo;accident. Les donn\u00e9es du Conseil national de la s\u00e9curit\u00e9 des transports montrent que les avions de ligne modernes sont \u00e9quip\u00e9s de technologies avanc\u00e9es qui minimisent les risques. Il est donc important de garder \u00e0 l&rsquo;esprit que les m\u00e9dias ne couvrent souvent que les incidents les plus graves, laissant dans l&rsquo;ombre la r\u00e9alit\u00e9 de la s\u00e9curit\u00e9 a\u00e9rienne.<\/p>\n<h2>Apprivoiser la phobie de l&rsquo;avion au quotidien<\/h2>\n<p>Comprendre que la peur de prendre l&rsquo;avion est rarement justifi\u00e9e par les faits est une premi\u00e8re \u00e9tape, mais l&rsquo;angoisse, elle, reste bien r\u00e9elle dans le corps. Plusieurs rep\u00e8res concrets aident \u00e0 reprendre la main au moment du vol.<\/p>\n<div class=\"vav-info-cards\">\n<div class=\"vav-info-card\">\n<h3>S&rsquo;informer sur les faits<\/h3>\n<div class=\"vav-info-txt\">Conna\u00eetre les statistiques r\u00e9elles d\u00e9samorce une partie de l&rsquo;anticipation anxieuse. La peur se nourrit de l&rsquo;inconnu : remplacer l&rsquo;imaginaire par les donn\u00e9es apaise.<\/div>\n<\/div>\n<div class=\"vav-info-card\">\n<h3>Choisir sa place<\/h3>\n<div class=\"vav-info-txt\">Beaucoup de voyageurs anxieux se sentent plus stables au-dessus des ailes, au centre de l&rsquo;appareil, o\u00f9 les mouvements sont moins ressentis qu&rsquo;\u00e0 l&rsquo;arri\u00e8re.<\/div>\n<\/div>\n<div class=\"vav-info-card\">\n<h3>Relativiser les turbulences<\/h3>\n<div class=\"vav-info-txt\">Inconfortables mais sans danger pour la structure : les avions de ligne sont con\u00e7us pour les encaisser largement. Elles ne sont pas un signal d&rsquo;accident.<\/div>\n<\/div>\n<\/div>\n<div class=\"vav-info-note\">\n<div class=\"vav-info-kicker\">\u00c0 noter<\/div>\n<div class=\"vav-info-txt\">Si la phobie devient invalidante au point d&#8217;emp\u00eacher tout voyage, des stages \u00ab\u00a0peur de l&rsquo;avion\u00a0\u00bb propos\u00e9s par certaines compagnies et un accompagnement adapt\u00e9 peuvent aider durablement. Cet article informe mais ne remplace pas l&rsquo;avis d&rsquo;un professionnel de sant\u00e9.<\/div>\n<\/div>\n<p>Un sondage r\u00e9cent montre que, bien que les gens pensent que l&rsquo;aviation est l\u00e9g\u00e8rement moins s\u00fbre qu&rsquo;auparavant, une majorit\u00e9 continue de consid\u00e9rer le vol comme un moyen de transport s\u00fbr. Les perceptions peuvent \u00eatre influenc\u00e9es par des \u00e9v\u00e9nements r\u00e9cents, mais les faits montrent que la s\u00e9curit\u00e9 a\u00e9rienne s&rsquo;est consid\u00e9rablement am\u00e9lior\u00e9e au fil des ans.<\/p>\n<p>La cl\u00e9 pour surmonter cette peur r\u00e9side dans l&rsquo;\u00e9ducation et la compr\u00e9hension des statistiques r\u00e9elles. En prenant conscience des v\u00e9ritables donn\u00e9es sur la s\u00e9curit\u00e9 a\u00e9rienne, les voyageurs peuvent mieux g\u00e9rer leur anxi\u00e9t\u00e9 et profiter de la commodit\u00e9 et de l&rsquo;efficacit\u00e9 que le voyage a\u00e9rien offre. La peur peut \u00eatre un puissant moteur, mais elle ne doit pas obscurcir la r\u00e9alit\u00e9 des faits.<\/p>\n<div class=\"vav-info-takeaway\">\n<div class=\"vav-info-kicker\">\u00c0 retenir<\/div>\n<h2>L&rsquo;essentiel sur la peur de l&rsquo;avion<\/h2>\n<ul>\n<li>Les accidents d&rsquo;avion sont \u00e0 leur plus bas historique : la perception de danger ne suit pas les faits.<\/li>\n<li>La majorit\u00e9 des accidents concernent des avions priv\u00e9s, pas les compagnies commerciales aux normes strictes.<\/li>\n<li>Les m\u00e9dias et r\u00e9seaux sociaux amplifient des incidents rares et nourrissent une peur infond\u00e9e.<\/li>\n<li>S&rsquo;informer, choisir sa place et relativiser les turbulences aident \u00e0 apaiser l&rsquo;angoisse en vol.<\/li>\n<\/ul>\n<\/div>\n<div class=\"vav-info-faq\">\n<details>\n<summary>Comment s&rsquo;appelle la peur de l&rsquo;avion ?<\/summary>\n<div class=\"vav-info-txt\">On parle d&rsquo;aviophobie (ou a\u00e9rophobie). C&rsquo;est une peur sp\u00e9cifique du vol, qui peut aller d&rsquo;une simple appr\u00e9hension \u00e0 une phobie invalidante emp\u00eachant de prendre l&rsquo;avion. Elle est fr\u00e9quente et ne refl\u00e8te pas un danger r\u00e9el du transport a\u00e9rien.<\/div>\n<\/details>\n<details>\n<summary>O\u00f9 se placer dans l&rsquo;avion quand on a peur ?<\/summary>\n<div class=\"vav-info-txt\">Beaucoup de voyageurs anxieux se sentent mieux au niveau des ailes, au centre de l&rsquo;appareil : c&rsquo;est la zone la plus stable, o\u00f9 les mouvements et turbulences sont les moins ressentis. Un si\u00e8ge c\u00f4t\u00e9 couloir peut aussi r\u00e9duire la sensation d&rsquo;enfermement.<\/div>\n<\/details>\n<details>\n<summary>Comment vaincre la peur de l&rsquo;avion ?<\/summary>\n<div class=\"vav-info-txt\">S&rsquo;informer sur les statistiques r\u00e9elles de s\u00e9curit\u00e9, comprendre le fonctionnement du vol et des turbulences, pratiquer des techniques de respiration, et, si la peur est forte, suivre un stage d\u00e9di\u00e9 ou un accompagnement professionnel. Conna\u00eetre les faits d\u00e9samorce une grande part de l&rsquo;angoisse.<\/div>\n<\/details>\n<details>\n<summary>Pourquoi il ne faut pas avoir peur de l&rsquo;avion ?<\/summary>\n<div class=\"vav-info-txt\">Parce que les chiffres sont rassurants : les accidents sont \u00e0 leur plus bas historique, l&rsquo;avion figure parmi les transports les plus s\u00fbrs, et les compagnies commerciales appliquent des normes de s\u00e9curit\u00e9 rigoureuses. La peur tient surtout \u00e0 la couverture m\u00e9diatique des rares incidents, pas au risque r\u00e9el.<\/div>\n<\/details>\n<\/div>\n<\/div>\n","protected":false},"excerpt":{"rendered":"","protected":false},"author":34,"featured_media":13267,"comment_status":"open","ping_status":"open","sticky":false,"template":"","format":"standard","meta":{"_acf_changed":false,"manual_indexmenow":false,"indexmenow_id_project":0,"footnotes":""},"categories":[1],"tags":[4797,4452,4713,3170,4635],"class_list":["post-13003","post","type-post","status-publish","format-standard","has-post-thumbnail","hentry","category-a-la-une","tag-communication","tag-economies","tag-preparation","tag-securite","tag-voyage","generate-columns","tablet-grid-50","mobile-grid-100","grid-parent","grid-25"],"acf":[],"yoast_head":"<!-- This site is optimized with the Yoast SEO Premium plugin v21.3 (Yoast SEO v25.1) - https:\/\/yoast.com\/wordpress\/plugins\/seo\/ -->\n<title>Pourquoi la peur de l&#039;avion est sans fondement<\/title>\n<meta name=\"description\" content=\"Sueurs froides au d\u00e9collage, c\u0153ur qui s&#039;emballe \u00e0 la moindre turbulence : la peur de l&#039;avion touche \u00e9norm\u00e9ment de voyageurs, alors m\u00eame que les chiffres\" \/>\n<meta name=\"robots\" content=\"index, follow, max-snippet:-1, max-image-preview:large, max-video-preview:-1\" \/>\n<link rel=\"canonical\" href=\"https:\/\/voyage-aventure.com\/blog\/a-la-une\/pourquoi-la-peur-de-lavion-est-sans-fondement-demystifions-ensemble-le-vol-aerien\/\" \/>\n<meta property=\"og:locale\" content=\"fr_FR\" \/>\n<meta property=\"og:type\" content=\"article\" \/>\n<meta property=\"og:title\" content=\"Pourquoi la peur de l&#039;avion est sans fondement\" \/>\n<meta property=\"og:description\" content=\"Sueurs froides au d\u00e9collage, c\u0153ur qui s&#039;emballe \u00e0 la moindre turbulence : la peur de l&#039;avion touche \u00e9norm\u00e9ment de voyageurs, alors m\u00eame que les chiffres\" \/>\n<meta property=\"og:url\" content=\"https:\/\/voyage-aventure.com\/blog\/a-la-une\/pourquoi-la-peur-de-lavion-est-sans-fondement-demystifions-ensemble-le-vol-aerien\/\" \/>\n<meta property=\"og:site_name\" content=\"voyage-aventure\" \/>\n<meta property=\"og:image\" content=\"https:\/\/voyage-aventure.com\/blog\/wp-content\/uploads\/2025\/02\/sdxl-624e31d6b143ff8cd633834d31f549f3.png\" \/>\n\t<meta property=\"og:image:width\" content=\"1536\" \/>\n\t<meta property=\"og:image:height\" content=\"640\" \/>\n\t<meta property=\"og:image:type\" content=\"image\/png\" \/>\n<meta name=\"author\" content=\"Camille Rouvray\" \/>\n<meta name=\"twitter:card\" content=\"summary_large_image\" \/>\n<script type=\"application\/ld+json\" class=\"yoast-schema-graph\">{\"@context\":\"https:\/\/schema.org\",\"@graph\":[{\"@type\":\"NewsArticle\",\"@id\":\"https:\/\/voyage-aventure.com\/blog\/a-la-une\/pourquoi-la-peur-de-lavion-est-sans-fondement-demystifions-ensemble-le-vol-aerien\/#article\",\"isPartOf\":{\"@id\":\"https:\/\/voyage-aventure.com\/blog\/a-la-une\/pourquoi-la-peur-de-lavion-est-sans-fondement-demystifions-ensemble-le-vol-aerien\/\"},\"author\":{\"name\":\"Camille Rouvray\",\"@id\":\"https:\/\/voyage-aventure.com\/blog\/#\/schema\/person\/3c864cdc320801e3db34b663e7e3f816\"},\"headline\":\"Pourquoi la peur de l&rsquo;avion est sans fondement : d\u00e9mystifions ensemble le vol a\u00e9rien\",\"datePublished\":\"2026-06-16T14:53:17+00:00\",\"mainEntityOfPage\":{\"@id\":\"https:\/\/voyage-aventure.com\/blog\/a-la-une\/pourquoi-la-peur-de-lavion-est-sans-fondement-demystifions-ensemble-le-vol-aerien\/\"},\"wordCount\":1327,\"commentCount\":21,\"publisher\":{\"@id\":\"https:\/\/voyage-aventure.com\/blog\/#organization\"},\"image\":{\"@id\":\"https:\/\/voyage-aventure.com\/blog\/a-la-une\/pourquoi-la-peur-de-lavion-est-sans-fondement-demystifions-ensemble-le-vol-aerien\/#primaryimage\"},\"thumbnailUrl\":\"https:\/\/voyage-aventure.com\/blog\/wp-content\/uploads\/2025\/02\/sdxl-624e31d6b143ff8cd633834d31f549f3.png\",\"keywords\":[\"Communication\",\"\u00c9conomies\",\"Pr\u00e9paration\",\"S\u00e9curit\u00e9\",\"Voyage\"],\"articleSection\":[\"\u00c0 la une\"],\"inLanguage\":\"fr-FR\",\"potentialAction\":[{\"@type\":\"CommentAction\",\"name\":\"Comment\",\"target\":[\"https:\/\/voyage-aventure.com\/blog\/a-la-une\/pourquoi-la-peur-de-lavion-est-sans-fondement-demystifions-ensemble-le-vol-aerien\/#respond\"]}]},{\"@type\":\"WebPage\",\"@id\":\"https:\/\/voyage-aventure.com\/blog\/a-la-une\/pourquoi-la-peur-de-lavion-est-sans-fondement-demystifions-ensemble-le-vol-aerien\/\",\"url\":\"https:\/\/voyage-aventure.com\/blog\/a-la-une\/pourquoi-la-peur-de-lavion-est-sans-fondement-demystifions-ensemble-le-vol-aerien\/\",\"name\":\"Pourquoi la peur de l'avion est sans fondement\",\"isPartOf\":{\"@id\":\"https:\/\/voyage-aventure.com\/blog\/#website\"},\"primaryImageOfPage\":{\"@id\":\"https:\/\/voyage-aventure.com\/blog\/a-la-une\/pourquoi-la-peur-de-lavion-est-sans-fondement-demystifions-ensemble-le-vol-aerien\/#primaryimage\"},\"image\":{\"@id\":\"https:\/\/voyage-aventure.com\/blog\/a-la-une\/pourquoi-la-peur-de-lavion-est-sans-fondement-demystifions-ensemble-le-vol-aerien\/#primaryimage\"},\"thumbnailUrl\":\"https:\/\/voyage-aventure.com\/blog\/wp-content\/uploads\/2025\/02\/sdxl-624e31d6b143ff8cd633834d31f549f3.png\",\"datePublished\":\"2026-06-16T14:53:17+00:00\",\"description\":\"Sueurs froides au d\u00e9collage, c\u0153ur qui s'emballe \u00e0 la moindre turbulence : la peur de l'avion touche \u00e9norm\u00e9ment de voyageurs, alors m\u00eame que les chiffres\",\"inLanguage\":\"fr-FR\",\"potentialAction\":[{\"@type\":\"ReadAction\",\"target\":[\"https:\/\/voyage-aventure.com\/blog\/a-la-une\/pourquoi-la-peur-de-lavion-est-sans-fondement-demystifions-ensemble-le-vol-aerien\/\"]}]},{\"@type\":\"ImageObject\",\"inLanguage\":\"fr-FR\",\"@id\":\"https:\/\/voyage-aventure.com\/blog\/a-la-une\/pourquoi-la-peur-de-lavion-est-sans-fondement-demystifions-ensemble-le-vol-aerien\/#primaryimage\",\"url\":\"https:\/\/voyage-aventure.com\/blog\/wp-content\/uploads\/2025\/02\/sdxl-624e31d6b143ff8cd633834d31f549f3.png\",\"contentUrl\":\"https:\/\/voyage-aventure.com\/blog\/wp-content\/uploads\/2025\/02\/sdxl-624e31d6b143ff8cd633834d31f549f3.png\",\"width\":1536,\"height\":640},{\"@type\":\"WebSite\",\"@id\":\"https:\/\/voyage-aventure.com\/blog\/#website\",\"url\":\"https:\/\/voyage-aventure.com\/blog\/\",\"name\":\"voyage-aventure.com\",\"description\":\"Votre passeport pour l\u2019inattendu.\",\"publisher\":{\"@id\":\"https:\/\/voyage-aventure.com\/blog\/#organization\"},\"alternateName\":\"Votre passeport pour l\u2019inattendu.\",\"potentialAction\":[{\"@type\":\"SearchAction\",\"target\":{\"@type\":\"EntryPoint\",\"urlTemplate\":\"https:\/\/voyage-aventure.com\/blog\/?s={search_term_string}\"},\"query-input\":{\"@type\":\"PropertyValueSpecification\",\"valueRequired\":true,\"valueName\":\"search_term_string\"}}],\"inLanguage\":\"fr-FR\"},{\"@type\":\"Organization\",\"@id\":\"https:\/\/voyage-aventure.com\/blog\/#organization\",\"name\":\"Foretsensations.fr\",\"url\":\"https:\/\/voyage-aventure.com\/blog\/\",\"logo\":{\"@type\":\"ImageObject\",\"inLanguage\":\"fr-FR\",\"@id\":\"https:\/\/voyage-aventure.com\/blog\/#\/schema\/logo\/image\/\",\"url\":\"https:\/\/voyage-aventure.com\/blog\/wp-content\/uploads\/2024\/12\/19.png\",\"contentUrl\":\"https:\/\/voyage-aventure.com\/blog\/wp-content\/uploads\/2024\/12\/19.png\",\"width\":512,\"height\":512,\"caption\":\"Foretsensations.fr\"},\"image\":{\"@id\":\"https:\/\/voyage-aventure.com\/blog\/#\/schema\/logo\/image\/\"}},{\"@type\":\"Person\",\"@id\":\"https:\/\/voyage-aventure.com\/blog\/#\/schema\/person\/3c864cdc320801e3db34b663e7e3f816\",\"name\":\"Camille Rouvray\",\"image\":{\"@type\":\"ImageObject\",\"inLanguage\":\"fr-FR\",\"@id\":\"https:\/\/voyage-aventure.com\/blog\/#\/schema\/person\/image\/\",\"url\":\"https:\/\/voyage-aventure.com\/blog\/wp-content\/uploads\/2026\/06\/persona_camille-r-96x96.jpg\",\"contentUrl\":\"https:\/\/voyage-aventure.com\/blog\/wp-content\/uploads\/2026\/06\/persona_camille-r-96x96.jpg\",\"caption\":\"Camille Rouvray\"},\"description\":\"Je voyage et j'\u00e9cris sur le voyage depuis une douzaine d'ann\u00e9es, d'abord en tant que routarde au long cours, puis comme r\u00e9dactrice sp\u00e9cialis\u00e9e. Mon terrain de pr\u00e9dilection, ce sont les circuits organis\u00e9s et l'art de bien pr\u00e9parer un itin\u00e9raire : choix de la saison, dur\u00e9e r\u00e9aliste des \u00e9tapes, budget jour par jour, logement et transport sur place. J'aime aussi raconter les p\u00e9pites urbaines, ces adresses qu'on ne trouve pas dans les guides classiques. Avant de publier un dossier destination, je croise toujours plusieurs sources, je v\u00e9rifie les tarifs et les formalit\u00e9s d'entr\u00e9e \u00e0 jour, et je teste moi-m\u00eame quand je le peux. Mon angle reste pratique avant tout : aider le lecteur \u00e0 partir l'esprit tranquille, sans mauvaise surprise une fois sur place. Je m'attache \u00e0 distinguer le coup de c\u0153ur sinc\u00e8re du simple argument marketing.\",\"sameAs\":[\"https:\/\/camillerouvray.fr\/\"],\"url\":\"https:\/\/voyage-aventure.com\/blog\/auteur\/noname\/\"}]}<\/script>\n<!-- \/ Yoast SEO Premium plugin. -->","yoast_head_json":{"title":"Pourquoi la peur de l'avion est sans fondement","description":"Sueurs froides au d\u00e9collage, c\u0153ur qui s'emballe \u00e0 la moindre turbulence : la peur de l'avion touche \u00e9norm\u00e9ment de voyageurs, alors m\u00eame que les chiffres","robots":{"index":"index","follow":"follow","max-snippet":"max-snippet:-1","max-image-preview":"max-image-preview:large","max-video-preview":"max-video-preview:-1"},"canonical":"https:\/\/voyage-aventure.com\/blog\/a-la-une\/pourquoi-la-peur-de-lavion-est-sans-fondement-demystifions-ensemble-le-vol-aerien\/","og_locale":"fr_FR","og_type":"article","og_title":"Pourquoi la peur de l'avion est sans fondement","og_description":"Sueurs froides au d\u00e9collage, c\u0153ur qui s'emballe \u00e0 la moindre turbulence : la peur de l'avion touche \u00e9norm\u00e9ment de voyageurs, alors m\u00eame que les chiffres","og_url":"https:\/\/voyage-aventure.com\/blog\/a-la-une\/pourquoi-la-peur-de-lavion-est-sans-fondement-demystifions-ensemble-le-vol-aerien\/","og_site_name":"voyage-aventure","og_image":[{"width":1536,"height":640,"url":"https:\/\/voyage-aventure.com\/blog\/wp-content\/uploads\/2025\/02\/sdxl-624e31d6b143ff8cd633834d31f549f3.png","type":"image\/png"}],"author":"Camille Rouvray","twitter_card":"summary_large_image","schema":{"@context":"https:\/\/schema.org","@graph":[{"@type":"NewsArticle","@id":"https:\/\/voyage-aventure.com\/blog\/a-la-une\/pourquoi-la-peur-de-lavion-est-sans-fondement-demystifions-ensemble-le-vol-aerien\/#article","isPartOf":{"@id":"https:\/\/voyage-aventure.com\/blog\/a-la-une\/pourquoi-la-peur-de-lavion-est-sans-fondement-demystifions-ensemble-le-vol-aerien\/"},"author":{"name":"Camille Rouvray","@id":"https:\/\/voyage-aventure.com\/blog\/#\/schema\/person\/3c864cdc320801e3db34b663e7e3f816"},"headline":"Pourquoi la peur de l&rsquo;avion est sans fondement : d\u00e9mystifions ensemble le vol a\u00e9rien","datePublished":"2026-06-16T14:53:17+00:00","mainEntityOfPage":{"@id":"https:\/\/voyage-aventure.com\/blog\/a-la-une\/pourquoi-la-peur-de-lavion-est-sans-fondement-demystifions-ensemble-le-vol-aerien\/"},"wordCount":1327,"commentCount":21,"publisher":{"@id":"https:\/\/voyage-aventure.com\/blog\/#organization"},"image":{"@id":"https:\/\/voyage-aventure.com\/blog\/a-la-une\/pourquoi-la-peur-de-lavion-est-sans-fondement-demystifions-ensemble-le-vol-aerien\/#primaryimage"},"thumbnailUrl":"https:\/\/voyage-aventure.com\/blog\/wp-content\/uploads\/2025\/02\/sdxl-624e31d6b143ff8cd633834d31f549f3.png","keywords":["Communication","\u00c9conomies","Pr\u00e9paration","S\u00e9curit\u00e9","Voyage"],"articleSection":["\u00c0 la une"],"inLanguage":"fr-FR","potentialAction":[{"@type":"CommentAction","name":"Comment","target":["https:\/\/voyage-aventure.com\/blog\/a-la-une\/pourquoi-la-peur-de-lavion-est-sans-fondement-demystifions-ensemble-le-vol-aerien\/#respond"]}]},{"@type":"WebPage","@id":"https:\/\/voyage-aventure.com\/blog\/a-la-une\/pourquoi-la-peur-de-lavion-est-sans-fondement-demystifions-ensemble-le-vol-aerien\/","url":"https:\/\/voyage-aventure.com\/blog\/a-la-une\/pourquoi-la-peur-de-lavion-est-sans-fondement-demystifions-ensemble-le-vol-aerien\/","name":"Pourquoi la peur de l'avion est sans fondement","isPartOf":{"@id":"https:\/\/voyage-aventure.com\/blog\/#website"},"primaryImageOfPage":{"@id":"https:\/\/voyage-aventure.com\/blog\/a-la-une\/pourquoi-la-peur-de-lavion-est-sans-fondement-demystifions-ensemble-le-vol-aerien\/#primaryimage"},"image":{"@id":"https:\/\/voyage-aventure.com\/blog\/a-la-une\/pourquoi-la-peur-de-lavion-est-sans-fondement-demystifions-ensemble-le-vol-aerien\/#primaryimage"},"thumbnailUrl":"https:\/\/voyage-aventure.com\/blog\/wp-content\/uploads\/2025\/02\/sdxl-624e31d6b143ff8cd633834d31f549f3.png","datePublished":"2026-06-16T14:53:17+00:00","description":"Sueurs froides au d\u00e9collage, c\u0153ur qui s'emballe \u00e0 la moindre turbulence : la peur de l'avion touche \u00e9norm\u00e9ment de voyageurs, alors m\u00eame que les chiffres","inLanguage":"fr-FR","potentialAction":[{"@type":"ReadAction","target":["https:\/\/voyage-aventure.com\/blog\/a-la-une\/pourquoi-la-peur-de-lavion-est-sans-fondement-demystifions-ensemble-le-vol-aerien\/"]}]},{"@type":"ImageObject","inLanguage":"fr-FR","@id":"https:\/\/voyage-aventure.com\/blog\/a-la-une\/pourquoi-la-peur-de-lavion-est-sans-fondement-demystifions-ensemble-le-vol-aerien\/#primaryimage","url":"https:\/\/voyage-aventure.com\/blog\/wp-content\/uploads\/2025\/02\/sdxl-624e31d6b143ff8cd633834d31f549f3.png","contentUrl":"https:\/\/voyage-aventure.com\/blog\/wp-content\/uploads\/2025\/02\/sdxl-624e31d6b143ff8cd633834d31f549f3.png","width":1536,"height":640},{"@type":"WebSite","@id":"https:\/\/voyage-aventure.com\/blog\/#website","url":"https:\/\/voyage-aventure.com\/blog\/","name":"voyage-aventure.com","description":"Votre passeport pour l\u2019inattendu.","publisher":{"@id":"https:\/\/voyage-aventure.com\/blog\/#organization"},"alternateName":"Votre passeport pour l\u2019inattendu.","potentialAction":[{"@type":"SearchAction","target":{"@type":"EntryPoint","urlTemplate":"https:\/\/voyage-aventure.com\/blog\/?s={search_term_string}"},"query-input":{"@type":"PropertyValueSpecification","valueRequired":true,"valueName":"search_term_string"}}],"inLanguage":"fr-FR"},{"@type":"Organization","@id":"https:\/\/voyage-aventure.com\/blog\/#organization","name":"Foretsensations.fr","url":"https:\/\/voyage-aventure.com\/blog\/","logo":{"@type":"ImageObject","inLanguage":"fr-FR","@id":"https:\/\/voyage-aventure.com\/blog\/#\/schema\/logo\/image\/","url":"https:\/\/voyage-aventure.com\/blog\/wp-content\/uploads\/2024\/12\/19.png","contentUrl":"https:\/\/voyage-aventure.com\/blog\/wp-content\/uploads\/2024\/12\/19.png","width":512,"height":512,"caption":"Foretsensations.fr"},"image":{"@id":"https:\/\/voyage-aventure.com\/blog\/#\/schema\/logo\/image\/"}},{"@type":"Person","@id":"https:\/\/voyage-aventure.com\/blog\/#\/schema\/person\/3c864cdc320801e3db34b663e7e3f816","name":"Camille Rouvray","image":{"@type":"ImageObject","inLanguage":"fr-FR","@id":"https:\/\/voyage-aventure.com\/blog\/#\/schema\/person\/image\/","url":"https:\/\/voyage-aventure.com\/blog\/wp-content\/uploads\/2026\/06\/persona_camille-r-96x96.jpg","contentUrl":"https:\/\/voyage-aventure.com\/blog\/wp-content\/uploads\/2026\/06\/persona_camille-r-96x96.jpg","caption":"Camille Rouvray"},"description":"Je voyage et j'\u00e9cris sur le voyage depuis une douzaine d'ann\u00e9es, d'abord en tant que routarde au long cours, puis comme r\u00e9dactrice sp\u00e9cialis\u00e9e. Mon terrain de pr\u00e9dilection, ce sont les circuits organis\u00e9s et l'art de bien pr\u00e9parer un itin\u00e9raire : choix de la saison, dur\u00e9e r\u00e9aliste des \u00e9tapes, budget jour par jour, logement et transport sur place. J'aime aussi raconter les p\u00e9pites urbaines, ces adresses qu'on ne trouve pas dans les guides classiques. Avant de publier un dossier destination, je croise toujours plusieurs sources, je v\u00e9rifie les tarifs et les formalit\u00e9s d'entr\u00e9e \u00e0 jour, et je teste moi-m\u00eame quand je le peux. Mon angle reste pratique avant tout : aider le lecteur \u00e0 partir l'esprit tranquille, sans mauvaise surprise une fois sur place. Je m'attache \u00e0 distinguer le coup de c\u0153ur sinc\u00e8re du simple argument marketing.","sameAs":["https:\/\/camillerouvray.fr\/"],"url":"https:\/\/voyage-aventure.com\/blog\/auteur\/noname\/"}]}},"_links":{"self":[{"href":"https:\/\/voyage-aventure.com\/blog\/wp-json\/wp\/v2\/posts\/13003","targetHints":{"allow":["GET"]}}],"collection":[{"href":"https:\/\/voyage-aventure.com\/blog\/wp-json\/wp\/v2\/posts"}],"about":[{"href":"https:\/\/voyage-aventure.com\/blog\/wp-json\/wp\/v2\/types\/post"}],"author":[{"embeddable":true,"href":"https:\/\/voyage-aventure.com\/blog\/wp-json\/wp\/v2\/users\/34"}],"replies":[{"embeddable":true,"href":"https:\/\/voyage-aventure.com\/blog\/wp-json\/wp\/v2\/comments?post=13003"}],"version-history":[{"count":3,"href":"https:\/\/voyage-aventure.com\/blog\/wp-json\/wp\/v2\/posts\/13003\/revisions"}],"predecessor-version":[{"id":22681,"href":"https:\/\/voyage-aventure.com\/blog\/wp-json\/wp\/v2\/posts\/13003\/revisions\/22681"}],"wp:featuredmedia":[{"embeddable":true,"href":"https:\/\/voyage-aventure.com\/blog\/wp-json\/wp\/v2\/media\/13267"}],"wp:attachment":[{"href":"https:\/\/voyage-aventure.com\/blog\/wp-json\/wp\/v2\/media?parent=13003"}],"wp:term":[{"taxonomy":"category","embeddable":true,"href":"https:\/\/voyage-aventure.com\/blog\/wp-json\/wp\/v2\/categories?post=13003"},{"taxonomy":"post_tag","embeddable":true,"href":"https:\/\/voyage-aventure.com\/blog\/wp-json\/wp\/v2\/tags?post=13003"}],"curies":[{"name":"wp","href":"https:\/\/api.w.org\/{rel}","templated":true}]}}