{"id":12947,"date":"2026-06-16T16:52:30","date_gmt":"2026-06-16T14:52:30","guid":{"rendered":"https:\/\/voyage-aventure.com\/blog\/a-la-une\/un-homme-retrouve-mort-dans-une-caravane-a-portland-enquete-en-cours-sur-un-homicide\/"},"modified":"2026-06-16T16:52:30","modified_gmt":"2026-06-16T14:52:30","slug":"un-homme-retrouve-mort-dans-une-caravane-a-portland-enquete-en-cours-sur-un-homicide","status":"publish","type":"post","link":"https:\/\/voyage-aventure.com\/blog\/a-la-une\/un-homme-retrouve-mort-dans-une-caravane-a-portland-enquete-en-cours-sur-un-homicide\/","title":{"rendered":"Un homme retrouv\u00e9 mort dans une caravane \u00e0 Portland : enqu\u00eate en cours sur un homicide"},"content":{"rendered":"<link rel=\"stylesheet\" href=\"https:\/\/fonts.googleapis.com\/css2?family=Newsreader:ital,opsz,wght@0,6..72,500..700;1,6..72,500..600&#038;family=Inter:wght@400;500;600&#038;family=JetBrains+Mono:wght@500&#038;display=swap\">\n<style>\n.va-portland-wrap{font-family:'Inter',-apple-system,sans-serif;color:#1F2530;line-height:1.65;font-size:17px}\n.va-portland-wrap h2{font-family:'Newsreader',Georgia,serif;font-weight:700;font-size:clamp(24px,3.2vw,33px);line-height:1.2;letter-spacing:-.01em;color:#1A2029;margin:48px 0 14px}\n.va-portland-wrap h3{font-family:'Newsreader',Georgia,serif;font-weight:600;font-size:clamp(19px,2.2vw,22px);color:#222B36;margin:26px 0 10px}\n.va-portland-wrap p{margin:0 0 18px}\n.va-portland-kicker{font-family:'JetBrains Mono',monospace;font-size:12px;letter-spacing:.14em;text-transform:uppercase;color:#3E4654;display:flex;align-items:center;gap:10px;margin:0 0 18px}\n.va-portland-kicker span{height:1px;flex:1;background:linear-gradient(90deg,#3E4654,transparent)}\n.va-portland-lead{font-family:'Newsreader',Georgia,serif;font-size:clamp(19px,2.4vw,22px);font-style:italic;line-height:1.5;color:#33404F;border-left:4px solid #3E4654;padding:4px 0 4px 20px;margin:0 0 30px}\n.va-portland-brief{background:#F4F5F7;border:1px solid #E0E3E8;border-left:5px solid #3E4654;border-radius:8px;padding:24px 26px;margin:0 0 38px;box-shadow:0 1px 2px rgba(16,24,40,.05),0 12px 28px -18px rgba(16,24,40,.16)}\n.va-portland-brief-head{font-family:'JetBrains Mono',monospace;font-size:12px;letter-spacing:.14em;text-transform:uppercase;color:#3E4654;margin:0 0 16px}\n.va-portland-row{display:flex;gap:14px;align-items:baseline;padding:11px 0;border-top:1px solid #E2E5EA}\n.va-portland-row:first-of-type{border-top:none;padding-top:0}\n.va-portland-lbl{font-family:'JetBrains Mono',monospace;font-size:11px;letter-spacing:.1em;text-transform:uppercase;color:#3E4654;min-width:128px;flex-shrink:0}\n.va-portland-val{font-size:16.5px;color:#26303C}\n.va-portland-dateline{font-family:'JetBrains Mono',monospace;font-size:12.5px;letter-spacing:.05em;color:#5A636E;margin:0 0 26px;padding-bottom:14px;border-bottom:1px solid #E2E5EA}\n.va-portland-quote{font-family:'Newsreader',Georgia,serif;font-style:italic;font-size:clamp(20px,2.6vw,25px);line-height:1.45;color:#2A3340;position:relative;padding:8px 0 8px 36px;margin:34px 0;border-left:3px solid #3E4654}\n.va-portland-quote::before{content:\"\u201c\";position:absolute;left:-2px;top:-14px;font-size:58px;line-height:1;color:#3E4654;opacity:.5;font-family:'Newsreader',Georgia,serif}\n.va-portland-quote .va-portland-cite{display:block;font-style:normal;font-family:'JetBrains Mono',monospace;font-size:12px;letter-spacing:.08em;text-transform:uppercase;color:#5A636E;margin-top:14px}\n.va-portland-card{background:#fff;border:1px solid #E0E3E8;border-top:3px solid #3E4654;border-radius:8px;padding:22px 24px;margin:0 0 18px;transition:.25s ease;box-shadow:0 1px 2px rgba(16,24,40,.05),0 10px 24px -18px rgba(16,24,40,.14)}\n.va-portland-card:hover{transform:translateY(-3px);box-shadow:0 1px 2px rgba(16,24,40,.06),0 18px 34px -18px rgba(16,24,40,.22);border-color:#C9CED6}\n.va-portland-card-h{font-family:'Newsreader',Georgia,serif;font-weight:600;font-size:18px;color:#1A2029;margin:0 0 8px}\n.va-portland-txt{color:#3A434F;font-size:16px;line-height:1.6}\n.va-portland-retain{background:#F4F5F7;border:1px solid #E0E3E8;border-radius:8px;padding:24px 26px;margin:38px 0}\n.va-portland-retain-h{font-family:'Newsreader',Georgia,serif;font-weight:700;font-size:20px;color:#1A2029;margin:0 0 14px}\n.va-portland-list{list-style:none;margin:0;padding:0}\n.va-portland-list li{position:relative;padding:8px 0 8px 26px;border-top:1px solid #E2E5EA;font-size:16.5px;color:#2E3743}\n.va-portland-list li:first-child{border-top:none}\n.va-portland-list li::before{content:\"\u2014\";position:absolute;left:0;top:8px;color:#3E4654;font-weight:600}\n.va-portland-wrap details{border:1px solid #E0E3E8;border-radius:8px;padding:0;margin:0 0 12px;background:#fff;transition:.25s ease;overflow:hidden}\n.va-portland-wrap details[open]{box-shadow:0 10px 26px -18px rgba(16,24,40,.2)}\n.va-portland-wrap summary{cursor:pointer;list-style:none;padding:16px 20px;font-family:'Newsreader',Georgia,serif;font-weight:600;font-size:17.5px;color:#222B36;display:flex;align-items:center;gap:12px}\n.va-portland-wrap summary::-webkit-details-marker{display:none}\n.va-portland-wrap summary::before{content:\"+\";font-family:'JetBrains Mono',monospace;color:#3E4654;font-size:18px;font-weight:600}\n.va-portland-wrap details[open] summary::before{content:\"\u2013\"}\n.va-portland-ans{padding:0 20px 18px 44px;color:#3A434F;font-size:16px;line-height:1.6}\n.va-portland-note{font-family:'Inter',sans-serif;font-size:14px;color:#5A636E;font-style:italic;border-top:1px solid #E2E5EA;padding-top:18px;margin-top:34px}\n@media(max-width:640px){.va-portland-row{flex-direction:column;gap:3px}.va-portland-lbl{min-width:0}}\n\/*RENDERFIX2*\/.va-portland-kicker span{color:#eef3f9!important}.va-portland-kicker span p,.va-portland-kicker span li,.va-portland-kicker span strong,.va-portland-kicker span em,.va-portland-kicker span a,.va-portland-kicker span span,.va-portland-kicker span b,.va-portland-kicker span td,.va-portland-kicker span th,.va-portland-kicker span h2,.va-portland-kicker span h3,.va-portland-kicker span h4{color:#eef3f9!important}.va-portland-kicker span strong,.va-portland-kicker span b{color:#ffffff!important}<\/style>\n<div class=\"va-portland-wrap\">\n<div class=\"va-portland-kicker\">Fait divers \u00b7 Portland (Oregon)<span><\/span><\/div>\n<div class=\"va-portland-dateline\">Article publi\u00e9 le 24 f\u00e9vrier 2025 \u2014 faits rapport\u00e9s selon les autorit\u00e9s locales<\/div>\n<div class=\"va-portland-lead\">Le corps d&rsquo;un homme a \u00e9t\u00e9 d\u00e9couvert dans une caravane du quartier de Lents, \u00e0 Portland. La police a ouvert une enqu\u00eate pour homicide et lance un appel \u00e0 t\u00e9moins.<\/div>\n<div class=\"va-portland-brief\">\n<div class=\"va-portland-brief-head\">En bref<\/div>\n<div class=\"va-portland-row\">\n<div class=\"va-portland-lbl\">Quoi<\/div>\n<div class=\"va-portland-val\">D\u00e9couverte du corps d&rsquo;un homme dans une caravane ; l&rsquo;autopsie conclut \u00e0 des blessures par balle.<\/div>\n<\/div>\n<div class=\"va-portland-row\">\n<div class=\"va-portland-lbl\">O\u00f9 \/ Quand<\/div>\n<div class=\"va-portland-val\">Quartier de Lents, Portland (Oregon) ; le jeudi 20 f\u00e9vrier 2025, vers 21h12.<\/div>\n<\/div>\n<div class=\"va-portland-row\">\n<div class=\"va-portland-lbl\">Victime<\/div>\n<div class=\"va-portland-val\">Identifi\u00e9e par les autorit\u00e9s comme Jeremiah S. McKenzie, 37 ans.<\/div>\n<\/div>\n<div class=\"va-portland-row\">\n<div class=\"va-portland-lbl\">Enqu\u00eate<\/div>\n<div class=\"va-portland-val\">Ouverte par la police de Portland, qualifi\u00e9e d&rsquo;homicide. Aucun suspect arr\u00eat\u00e9 \u00e0 ce stade ; appel \u00e0 t\u00e9moins en cours.<\/div>\n<\/div>\n<\/div>\n<h2>L&rsquo;identit\u00e9 de la victime r\u00e9v\u00e9l\u00e9e<\/h2>\n<p>Le corps d&rsquo;un homme a \u00e9t\u00e9 d\u00e9couvert la semaine derni\u00e8re dans une caravane situ\u00e9e dans le quartier de Lents, \u00e0 Portland. Les autorit\u00e9s ont identifi\u00e9 la victime comme \u00e9tant Jeremiah S. McKenzie, \u00e2g\u00e9 de 37 ans. Selon la police, la d\u00e9couverte a \u00e9t\u00e9 faite le jeudi 20 f\u00e9vrier 2025 vers 21h12, \u00e0 la suite d&rsquo;un appel des services de secours.<\/p>\n<p>McKenzie a \u00e9t\u00e9 d\u00e9clar\u00e9 mort sur les lieux par les param\u00e9dics. Cette disparition a suscit\u00e9 une vive \u00e9motion dans la communaut\u00e9 locale, qui s&rsquo;interroge sur les circonstances entourant ce d\u00e9c\u00e8s. La police de Portland a rapidement ouvert une enqu\u00eate afin d&rsquo;\u00e9lucider l&rsquo;affaire.<\/p>\n<h2>Les r\u00e9sultats de l&rsquo;autopsie<\/h2>\n<p>Selon les r\u00e9sultats de l&rsquo;autopsie communiqu\u00e9s par les autorit\u00e9s, McKenzie aurait succomb\u00e9 \u00e0 des blessures par balle. La police indique qu&rsquo;il s&rsquo;agirait d&rsquo;un homicide, ce qui a renforc\u00e9 les efforts engag\u00e9s pour faire la lumi\u00e8re sur cet acte. \u00c0 ce stade, aucun suspect n&rsquo;a \u00e9t\u00e9 arr\u00eat\u00e9.<\/p>\n<p>Les enqu\u00eateurs invitent toute personne disposant d&rsquo;informations sur cette affaire \u00e0 se manifester, ce qui pourrait contribuer \u00e0 faire avancer l&rsquo;enqu\u00eate et \u00e0 apporter des r\u00e9ponses aux proches de la victime.<\/p>\n<p><iframe loading=\"lazy\" title=\"Tueurs Des B\u00e9b\u00e9s Qui Ont \u00c9t\u00e9 Tu\u00e9s Au Tribunal\" width=\"1200\" height=\"675\" src=\"https:\/\/www.youtube.com\/embed\/fAjqXN5_tXM?feature=oembed\" frameborder=\"0\" allow=\"accelerometer; autoplay; clipboard-write; encrypted-media; gyroscope; picture-in-picture; web-share\" referrerpolicy=\"strict-origin-when-cross-origin\" allowfullscreen><\/iframe><\/p>\n<h2>Appel \u00e0 la solidarit\u00e9 de la communaut\u00e9<\/h2>\n<p>L&rsquo;enqu\u00eate sur la mort de Jeremiah McKenzie a remis en avant l&rsquo;importance de la vigilance et de la solidarit\u00e9 au sein des quartiers. Les habitants sont invit\u00e9s \u00e0 rester attentifs \u00e0 leur environnement et \u00e0 signaler toute activit\u00e9 suspecte \u00e0 la police. Dans ce type de situation, la coop\u00e9ration entre les citoyens et les forces de l&rsquo;ordre est jug\u00e9e d\u00e9terminante par les autorit\u00e9s.<\/p>\n<p>La police a mis en place plusieurs moyens pour recueillir des informations. Selon les autorit\u00e9s, les personnes disposant d&rsquo;indices peuvent contacter Matthew Brown ou le d\u00e9tective Ryan Foote via les coordonn\u00e9es communiqu\u00e9es dans le cadre de l&rsquo;enqu\u00eate.<\/p>\n<div class=\"va-portland-card\">\n<div class=\"va-portland-card-h\">Faire avancer l&rsquo;enqu\u00eate<\/div>\n<div class=\"va-portland-txt\">Les autorit\u00e9s appellent les t\u00e9moins \u00e9ventuels \u00e0 transmettre tout \u00e9l\u00e9ment utile. Les personnes disposant d&rsquo;informations sont invit\u00e9es \u00e0 contacter Matthew Brown ou le d\u00e9tective Ryan Foote, selon les coordonn\u00e9es fournies par la police de Portland.<\/div>\n<\/div>\n<div class=\"va-portland-quote\">Nous avons besoin de la coop\u00e9ration de notre communaut\u00e9 pour r\u00e9soudre cette affaire tragique.<span class=\"va-portland-cite\">\u2014 Un porte-parole de la police de Portland<\/span><\/div>\n<p>Le d\u00e9c\u00e8s de Jeremiah McKenzie soul\u00e8ve des interrogations sur la s\u00e9curit\u00e9 dans la r\u00e9gion. Les habitants de Lents se disent touch\u00e9s par cette affaire et esp\u00e8rent que l&rsquo;enqu\u00eate apportera des r\u00e9ponses. Les autorit\u00e9s indiquent poursuivre leurs investigations afin de faire la lumi\u00e8re sur les circonstances de ce d\u00e9c\u00e8s.<img decoding=\"async\" width=\"1024\" height=\"576\" src=\"https:\/\/voyage-aventure.com\/blog\/wp-content\/uploads\/2025\/02\/stability-un-homme-retrouve-mort-dans-une-caravane-a-portland-enquete-en-cours-sur-un-homicide-1.png\" class=\"aligncenter\" alt=\"Illustration d\u00e9taill\u00e9e sur Un homme retrouv\u00e9 mort dans une caravane \u00e0 Portland : enqu\u00eate en cours sur un homicide\" title=\"Un homme retrouv\u00e9 mort dans une caravane \u00e0 Portland : enqu\u00eate en cours sur un homicide\" loading=\"lazy\" \/><\/p>\n<div class=\"va-portland-retain\">\n<div class=\"va-portland-retain-h\">Ce qu&rsquo;il faut retenir<\/div>\n<ul class=\"va-portland-list\">\n<li>Le corps d&rsquo;un homme a \u00e9t\u00e9 d\u00e9couvert le 20 f\u00e9vrier 2025 dans une caravane du quartier de Lents, \u00e0 Portland.<\/li>\n<li>La victime a \u00e9t\u00e9 identifi\u00e9e par les autorit\u00e9s comme Jeremiah S. McKenzie, 37 ans.<\/li>\n<li>L&rsquo;autopsie conclut \u00e0 des blessures par balle ; la police qualifie les faits d&rsquo;homicide.<\/li>\n<li>Aucun suspect n&rsquo;a \u00e9t\u00e9 arr\u00eat\u00e9 \u00e0 ce stade et un appel \u00e0 t\u00e9moins a \u00e9t\u00e9 lanc\u00e9.<\/li>\n<\/ul>\n<\/div>\n<h2>Questions fr\u00e9quentes<\/h2>\n<details>\n<summary>Que s&rsquo;est-il pass\u00e9 \u00e0 Portland ?<\/summary>\n<div class=\"va-portland-ans\">Le corps d&rsquo;un homme a \u00e9t\u00e9 d\u00e9couvert le 20 f\u00e9vrier 2025 dans une caravane du quartier de Lents, \u00e0 Portland. Les autorit\u00e9s ont ouvert une enqu\u00eate apr\u00e8s que l&rsquo;autopsie eut conclu \u00e0 des blessures par balle.<\/div>\n<\/details>\n<details>\n<summary>Qui \u00e9tait la victime ?<\/summary>\n<div class=\"va-portland-ans\">Les autorit\u00e9s ont identifi\u00e9 la victime comme \u00e9tant Jeremiah S. McKenzie, \u00e2g\u00e9 de 37 ans. Il a \u00e9t\u00e9 d\u00e9clar\u00e9 mort sur les lieux.<\/div>\n<\/details>\n<details>\n<summary>O\u00f9 en est l&rsquo;enqu\u00eate ?<\/summary>\n<div class=\"va-portland-ans\">La police de Portland qualifie les faits d&rsquo;homicide. \u00c0 ce stade, aucun suspect n&rsquo;a \u00e9t\u00e9 arr\u00eat\u00e9 et les autorit\u00e9s lancent un appel \u00e0 t\u00e9moins pour faire avancer l&rsquo;enqu\u00eate.<\/div>\n<\/details>\n<div class=\"va-portland-note\">Informations rapport\u00e9es selon les autorit\u00e9s de Portland, \u00e0 la date de publication (f\u00e9vrier 2025). L&rsquo;enqu\u00eate \u00e9tant en cours, certains \u00e9l\u00e9ments sont susceptibles d&rsquo;\u00e9voluer.<\/div>\n<\/div>\n","protected":false},"excerpt":{"rendered":"","protected":false},"author":34,"featured_media":12948,"comment_status":"open","ping_status":"open","sticky":false,"template":"","format":"standard","meta":{"_acf_changed":false,"manual_indexmenow":false,"indexmenow_id_project":0,"footnotes":""},"categories":[1],"tags":[5969,6035,3170,6034,6036],"class_list":["post-12947","post","type-post","status-publish","format-standard","has-post-thumbnail","hentry","category-a-la-une","tag-enquete","tag-homicide","tag-securite","tag-solidarite-communautaire","tag-vigilance","generate-columns","tablet-grid-50","mobile-grid-100","grid-parent","grid-25"],"acf":[],"yoast_head":"<!-- This site is optimized with the Yoast SEO Premium plugin v21.3 (Yoast SEO v25.1) - https:\/\/yoast.com\/wordpress\/plugins\/seo\/ -->\n<title>Un homme retrouv\u00e9 mort dans une caravane \u00e0 Portland<\/title>\n<meta name=\"description\" content=\"Article publi\u00e9 le 24 f\u00e9vrier 2025 \u2014 faits rapport\u00e9s selon les autorit\u00e9s locales Le corps d&#039;un homme a \u00e9t\u00e9 d\u00e9couvert dans une caravane du quartier de\" \/>\n<meta name=\"robots\" content=\"index, follow, max-snippet:-1, max-image-preview:large, max-video-preview:-1\" \/>\n<link rel=\"canonical\" href=\"https:\/\/voyage-aventure.com\/blog\/a-la-une\/un-homme-retrouve-mort-dans-une-caravane-a-portland-enquete-en-cours-sur-un-homicide\/\" \/>\n<meta property=\"og:locale\" content=\"fr_FR\" \/>\n<meta property=\"og:type\" content=\"article\" \/>\n<meta property=\"og:title\" content=\"Un homme retrouv\u00e9 mort dans une caravane \u00e0 Portland\" \/>\n<meta property=\"og:description\" content=\"Article publi\u00e9 le 24 f\u00e9vrier 2025 \u2014 faits rapport\u00e9s selon les autorit\u00e9s locales Le corps d&#039;un homme a \u00e9t\u00e9 d\u00e9couvert dans une caravane du quartier de\" \/>\n<meta property=\"og:url\" content=\"https:\/\/voyage-aventure.com\/blog\/a-la-une\/un-homme-retrouve-mort-dans-une-caravane-a-portland-enquete-en-cours-sur-un-homicide\/\" \/>\n<meta property=\"og:site_name\" content=\"voyage-aventure\" \/>\n<meta property=\"og:image\" content=\"https:\/\/voyage-aventure.com\/blog\/wp-content\/uploads\/2025\/02\/stability-un-homme-retrouve-mort-dans-une-caravane-a-portland-enquete-en-cours-sur-un-homicide.png\" \/>\n\t<meta property=\"og:image:width\" content=\"1024\" \/>\n\t<meta property=\"og:image:height\" content=\"576\" \/>\n\t<meta property=\"og:image:type\" content=\"image\/png\" \/>\n<meta name=\"author\" content=\"Camille Rouvray\" \/>\n<meta name=\"twitter:card\" content=\"summary_large_image\" \/>\n<script type=\"application\/ld+json\" class=\"yoast-schema-graph\">{\"@context\":\"https:\/\/schema.org\",\"@graph\":[{\"@type\":\"NewsArticle\",\"@id\":\"https:\/\/voyage-aventure.com\/blog\/a-la-une\/un-homme-retrouve-mort-dans-une-caravane-a-portland-enquete-en-cours-sur-un-homicide\/#article\",\"isPartOf\":{\"@id\":\"https:\/\/voyage-aventure.com\/blog\/a-la-une\/un-homme-retrouve-mort-dans-une-caravane-a-portland-enquete-en-cours-sur-un-homicide\/\"},\"author\":{\"name\":\"Camille Rouvray\",\"@id\":\"https:\/\/voyage-aventure.com\/blog\/#\/schema\/person\/3c864cdc320801e3db34b663e7e3f816\"},\"headline\":\"Un homme retrouv\u00e9 mort dans une caravane \u00e0 Portland : enqu\u00eate en cours sur un homicide\",\"datePublished\":\"2026-06-16T14:52:30+00:00\",\"mainEntityOfPage\":{\"@id\":\"https:\/\/voyage-aventure.com\/blog\/a-la-une\/un-homme-retrouve-mort-dans-une-caravane-a-portland-enquete-en-cours-sur-un-homicide\/\"},\"wordCount\":814,\"commentCount\":19,\"publisher\":{\"@id\":\"https:\/\/voyage-aventure.com\/blog\/#organization\"},\"image\":{\"@id\":\"https:\/\/voyage-aventure.com\/blog\/a-la-une\/un-homme-retrouve-mort-dans-une-caravane-a-portland-enquete-en-cours-sur-un-homicide\/#primaryimage\"},\"thumbnailUrl\":\"https:\/\/voyage-aventure.com\/blog\/wp-content\/uploads\/2025\/02\/stability-un-homme-retrouve-mort-dans-une-caravane-a-portland-enquete-en-cours-sur-un-homicide.png\",\"keywords\":[\"Enqu\u00eate\",\"Homicide\",\"S\u00e9curit\u00e9\",\"Solidarit\u00e9 Communautaire\",\"Vigilance\"],\"articleSection\":[\"\u00c0 la une\"],\"inLanguage\":\"fr-FR\",\"potentialAction\":[{\"@type\":\"CommentAction\",\"name\":\"Comment\",\"target\":[\"https:\/\/voyage-aventure.com\/blog\/a-la-une\/un-homme-retrouve-mort-dans-une-caravane-a-portland-enquete-en-cours-sur-un-homicide\/#respond\"]}]},{\"@type\":\"WebPage\",\"@id\":\"https:\/\/voyage-aventure.com\/blog\/a-la-une\/un-homme-retrouve-mort-dans-une-caravane-a-portland-enquete-en-cours-sur-un-homicide\/\",\"url\":\"https:\/\/voyage-aventure.com\/blog\/a-la-une\/un-homme-retrouve-mort-dans-une-caravane-a-portland-enquete-en-cours-sur-un-homicide\/\",\"name\":\"Un homme retrouv\u00e9 mort dans une caravane \u00e0 Portland\",\"isPartOf\":{\"@id\":\"https:\/\/voyage-aventure.com\/blog\/#website\"},\"primaryImageOfPage\":{\"@id\":\"https:\/\/voyage-aventure.com\/blog\/a-la-une\/un-homme-retrouve-mort-dans-une-caravane-a-portland-enquete-en-cours-sur-un-homicide\/#primaryimage\"},\"image\":{\"@id\":\"https:\/\/voyage-aventure.com\/blog\/a-la-une\/un-homme-retrouve-mort-dans-une-caravane-a-portland-enquete-en-cours-sur-un-homicide\/#primaryimage\"},\"thumbnailUrl\":\"https:\/\/voyage-aventure.com\/blog\/wp-content\/uploads\/2025\/02\/stability-un-homme-retrouve-mort-dans-une-caravane-a-portland-enquete-en-cours-sur-un-homicide.png\",\"datePublished\":\"2026-06-16T14:52:30+00:00\",\"description\":\"Article publi\u00e9 le 24 f\u00e9vrier 2025 \u2014 faits rapport\u00e9s selon les autorit\u00e9s locales Le corps d'un homme a \u00e9t\u00e9 d\u00e9couvert dans une caravane du quartier de\",\"inLanguage\":\"fr-FR\",\"potentialAction\":[{\"@type\":\"ReadAction\",\"target\":[\"https:\/\/voyage-aventure.com\/blog\/a-la-une\/un-homme-retrouve-mort-dans-une-caravane-a-portland-enquete-en-cours-sur-un-homicide\/\"]}]},{\"@type\":\"ImageObject\",\"inLanguage\":\"fr-FR\",\"@id\":\"https:\/\/voyage-aventure.com\/blog\/a-la-une\/un-homme-retrouve-mort-dans-une-caravane-a-portland-enquete-en-cours-sur-un-homicide\/#primaryimage\",\"url\":\"https:\/\/voyage-aventure.com\/blog\/wp-content\/uploads\/2025\/02\/stability-un-homme-retrouve-mort-dans-une-caravane-a-portland-enquete-en-cours-sur-un-homicide.png\",\"contentUrl\":\"https:\/\/voyage-aventure.com\/blog\/wp-content\/uploads\/2025\/02\/stability-un-homme-retrouve-mort-dans-une-caravane-a-portland-enquete-en-cours-sur-un-homicide.png\",\"width\":1024,\"height\":576},{\"@type\":\"WebSite\",\"@id\":\"https:\/\/voyage-aventure.com\/blog\/#website\",\"url\":\"https:\/\/voyage-aventure.com\/blog\/\",\"name\":\"voyage-aventure.com\",\"description\":\"Votre passeport pour l\u2019inattendu.\",\"publisher\":{\"@id\":\"https:\/\/voyage-aventure.com\/blog\/#organization\"},\"alternateName\":\"Votre passeport pour l\u2019inattendu.\",\"potentialAction\":[{\"@type\":\"SearchAction\",\"target\":{\"@type\":\"EntryPoint\",\"urlTemplate\":\"https:\/\/voyage-aventure.com\/blog\/?s={search_term_string}\"},\"query-input\":{\"@type\":\"PropertyValueSpecification\",\"valueRequired\":true,\"valueName\":\"search_term_string\"}}],\"inLanguage\":\"fr-FR\"},{\"@type\":\"Organization\",\"@id\":\"https:\/\/voyage-aventure.com\/blog\/#organization\",\"name\":\"Foretsensations.fr\",\"url\":\"https:\/\/voyage-aventure.com\/blog\/\",\"logo\":{\"@type\":\"ImageObject\",\"inLanguage\":\"fr-FR\",\"@id\":\"https:\/\/voyage-aventure.com\/blog\/#\/schema\/logo\/image\/\",\"url\":\"https:\/\/voyage-aventure.com\/blog\/wp-content\/uploads\/2024\/12\/19.png\",\"contentUrl\":\"https:\/\/voyage-aventure.com\/blog\/wp-content\/uploads\/2024\/12\/19.png\",\"width\":512,\"height\":512,\"caption\":\"Foretsensations.fr\"},\"image\":{\"@id\":\"https:\/\/voyage-aventure.com\/blog\/#\/schema\/logo\/image\/\"}},{\"@type\":\"Person\",\"@id\":\"https:\/\/voyage-aventure.com\/blog\/#\/schema\/person\/3c864cdc320801e3db34b663e7e3f816\",\"name\":\"Camille Rouvray\",\"image\":{\"@type\":\"ImageObject\",\"inLanguage\":\"fr-FR\",\"@id\":\"https:\/\/voyage-aventure.com\/blog\/#\/schema\/person\/image\/\",\"url\":\"https:\/\/voyage-aventure.com\/blog\/wp-content\/uploads\/2026\/06\/persona_camille-r-96x96.jpg\",\"contentUrl\":\"https:\/\/voyage-aventure.com\/blog\/wp-content\/uploads\/2026\/06\/persona_camille-r-96x96.jpg\",\"caption\":\"Camille Rouvray\"},\"description\":\"Je voyage et j'\u00e9cris sur le voyage depuis une douzaine d'ann\u00e9es, d'abord en tant que routarde au long cours, puis comme r\u00e9dactrice sp\u00e9cialis\u00e9e. Mon terrain de pr\u00e9dilection, ce sont les circuits organis\u00e9s et l'art de bien pr\u00e9parer un itin\u00e9raire : choix de la saison, dur\u00e9e r\u00e9aliste des \u00e9tapes, budget jour par jour, logement et transport sur place. J'aime aussi raconter les p\u00e9pites urbaines, ces adresses qu'on ne trouve pas dans les guides classiques. Avant de publier un dossier destination, je croise toujours plusieurs sources, je v\u00e9rifie les tarifs et les formalit\u00e9s d'entr\u00e9e \u00e0 jour, et je teste moi-m\u00eame quand je le peux. Mon angle reste pratique avant tout : aider le lecteur \u00e0 partir l'esprit tranquille, sans mauvaise surprise une fois sur place. Je m'attache \u00e0 distinguer le coup de c\u0153ur sinc\u00e8re du simple argument marketing.\",\"sameAs\":[\"https:\/\/camillerouvray.fr\/\"],\"url\":\"https:\/\/voyage-aventure.com\/blog\/auteur\/noname\/\"}]}<\/script>\n<!-- \/ Yoast SEO Premium plugin. -->","yoast_head_json":{"title":"Un homme retrouv\u00e9 mort dans une caravane \u00e0 Portland","description":"Article publi\u00e9 le 24 f\u00e9vrier 2025 \u2014 faits rapport\u00e9s selon les autorit\u00e9s locales Le corps d'un homme a \u00e9t\u00e9 d\u00e9couvert dans une caravane du quartier de","robots":{"index":"index","follow":"follow","max-snippet":"max-snippet:-1","max-image-preview":"max-image-preview:large","max-video-preview":"max-video-preview:-1"},"canonical":"https:\/\/voyage-aventure.com\/blog\/a-la-une\/un-homme-retrouve-mort-dans-une-caravane-a-portland-enquete-en-cours-sur-un-homicide\/","og_locale":"fr_FR","og_type":"article","og_title":"Un homme retrouv\u00e9 mort dans une caravane \u00e0 Portland","og_description":"Article publi\u00e9 le 24 f\u00e9vrier 2025 \u2014 faits rapport\u00e9s selon les autorit\u00e9s locales Le corps d'un homme a \u00e9t\u00e9 d\u00e9couvert dans une caravane du quartier de","og_url":"https:\/\/voyage-aventure.com\/blog\/a-la-une\/un-homme-retrouve-mort-dans-une-caravane-a-portland-enquete-en-cours-sur-un-homicide\/","og_site_name":"voyage-aventure","og_image":[{"width":1024,"height":576,"url":"https:\/\/voyage-aventure.com\/blog\/wp-content\/uploads\/2025\/02\/stability-un-homme-retrouve-mort-dans-une-caravane-a-portland-enquete-en-cours-sur-un-homicide.png","type":"image\/png"}],"author":"Camille Rouvray","twitter_card":"summary_large_image","schema":{"@context":"https:\/\/schema.org","@graph":[{"@type":"NewsArticle","@id":"https:\/\/voyage-aventure.com\/blog\/a-la-une\/un-homme-retrouve-mort-dans-une-caravane-a-portland-enquete-en-cours-sur-un-homicide\/#article","isPartOf":{"@id":"https:\/\/voyage-aventure.com\/blog\/a-la-une\/un-homme-retrouve-mort-dans-une-caravane-a-portland-enquete-en-cours-sur-un-homicide\/"},"author":{"name":"Camille Rouvray","@id":"https:\/\/voyage-aventure.com\/blog\/#\/schema\/person\/3c864cdc320801e3db34b663e7e3f816"},"headline":"Un homme retrouv\u00e9 mort dans une caravane \u00e0 Portland : enqu\u00eate en cours sur un homicide","datePublished":"2026-06-16T14:52:30+00:00","mainEntityOfPage":{"@id":"https:\/\/voyage-aventure.com\/blog\/a-la-une\/un-homme-retrouve-mort-dans-une-caravane-a-portland-enquete-en-cours-sur-un-homicide\/"},"wordCount":814,"commentCount":19,"publisher":{"@id":"https:\/\/voyage-aventure.com\/blog\/#organization"},"image":{"@id":"https:\/\/voyage-aventure.com\/blog\/a-la-une\/un-homme-retrouve-mort-dans-une-caravane-a-portland-enquete-en-cours-sur-un-homicide\/#primaryimage"},"thumbnailUrl":"https:\/\/voyage-aventure.com\/blog\/wp-content\/uploads\/2025\/02\/stability-un-homme-retrouve-mort-dans-une-caravane-a-portland-enquete-en-cours-sur-un-homicide.png","keywords":["Enqu\u00eate","Homicide","S\u00e9curit\u00e9","Solidarit\u00e9 Communautaire","Vigilance"],"articleSection":["\u00c0 la une"],"inLanguage":"fr-FR","potentialAction":[{"@type":"CommentAction","name":"Comment","target":["https:\/\/voyage-aventure.com\/blog\/a-la-une\/un-homme-retrouve-mort-dans-une-caravane-a-portland-enquete-en-cours-sur-un-homicide\/#respond"]}]},{"@type":"WebPage","@id":"https:\/\/voyage-aventure.com\/blog\/a-la-une\/un-homme-retrouve-mort-dans-une-caravane-a-portland-enquete-en-cours-sur-un-homicide\/","url":"https:\/\/voyage-aventure.com\/blog\/a-la-une\/un-homme-retrouve-mort-dans-une-caravane-a-portland-enquete-en-cours-sur-un-homicide\/","name":"Un homme retrouv\u00e9 mort dans une caravane \u00e0 Portland","isPartOf":{"@id":"https:\/\/voyage-aventure.com\/blog\/#website"},"primaryImageOfPage":{"@id":"https:\/\/voyage-aventure.com\/blog\/a-la-une\/un-homme-retrouve-mort-dans-une-caravane-a-portland-enquete-en-cours-sur-un-homicide\/#primaryimage"},"image":{"@id":"https:\/\/voyage-aventure.com\/blog\/a-la-une\/un-homme-retrouve-mort-dans-une-caravane-a-portland-enquete-en-cours-sur-un-homicide\/#primaryimage"},"thumbnailUrl":"https:\/\/voyage-aventure.com\/blog\/wp-content\/uploads\/2025\/02\/stability-un-homme-retrouve-mort-dans-une-caravane-a-portland-enquete-en-cours-sur-un-homicide.png","datePublished":"2026-06-16T14:52:30+00:00","description":"Article publi\u00e9 le 24 f\u00e9vrier 2025 \u2014 faits rapport\u00e9s selon les autorit\u00e9s locales Le corps d'un homme a \u00e9t\u00e9 d\u00e9couvert dans une caravane du quartier de","inLanguage":"fr-FR","potentialAction":[{"@type":"ReadAction","target":["https:\/\/voyage-aventure.com\/blog\/a-la-une\/un-homme-retrouve-mort-dans-une-caravane-a-portland-enquete-en-cours-sur-un-homicide\/"]}]},{"@type":"ImageObject","inLanguage":"fr-FR","@id":"https:\/\/voyage-aventure.com\/blog\/a-la-une\/un-homme-retrouve-mort-dans-une-caravane-a-portland-enquete-en-cours-sur-un-homicide\/#primaryimage","url":"https:\/\/voyage-aventure.com\/blog\/wp-content\/uploads\/2025\/02\/stability-un-homme-retrouve-mort-dans-une-caravane-a-portland-enquete-en-cours-sur-un-homicide.png","contentUrl":"https:\/\/voyage-aventure.com\/blog\/wp-content\/uploads\/2025\/02\/stability-un-homme-retrouve-mort-dans-une-caravane-a-portland-enquete-en-cours-sur-un-homicide.png","width":1024,"height":576},{"@type":"WebSite","@id":"https:\/\/voyage-aventure.com\/blog\/#website","url":"https:\/\/voyage-aventure.com\/blog\/","name":"voyage-aventure.com","description":"Votre passeport pour l\u2019inattendu.","publisher":{"@id":"https:\/\/voyage-aventure.com\/blog\/#organization"},"alternateName":"Votre passeport pour l\u2019inattendu.","potentialAction":[{"@type":"SearchAction","target":{"@type":"EntryPoint","urlTemplate":"https:\/\/voyage-aventure.com\/blog\/?s={search_term_string}"},"query-input":{"@type":"PropertyValueSpecification","valueRequired":true,"valueName":"search_term_string"}}],"inLanguage":"fr-FR"},{"@type":"Organization","@id":"https:\/\/voyage-aventure.com\/blog\/#organization","name":"Foretsensations.fr","url":"https:\/\/voyage-aventure.com\/blog\/","logo":{"@type":"ImageObject","inLanguage":"fr-FR","@id":"https:\/\/voyage-aventure.com\/blog\/#\/schema\/logo\/image\/","url":"https:\/\/voyage-aventure.com\/blog\/wp-content\/uploads\/2024\/12\/19.png","contentUrl":"https:\/\/voyage-aventure.com\/blog\/wp-content\/uploads\/2024\/12\/19.png","width":512,"height":512,"caption":"Foretsensations.fr"},"image":{"@id":"https:\/\/voyage-aventure.com\/blog\/#\/schema\/logo\/image\/"}},{"@type":"Person","@id":"https:\/\/voyage-aventure.com\/blog\/#\/schema\/person\/3c864cdc320801e3db34b663e7e3f816","name":"Camille Rouvray","image":{"@type":"ImageObject","inLanguage":"fr-FR","@id":"https:\/\/voyage-aventure.com\/blog\/#\/schema\/person\/image\/","url":"https:\/\/voyage-aventure.com\/blog\/wp-content\/uploads\/2026\/06\/persona_camille-r-96x96.jpg","contentUrl":"https:\/\/voyage-aventure.com\/blog\/wp-content\/uploads\/2026\/06\/persona_camille-r-96x96.jpg","caption":"Camille Rouvray"},"description":"Je voyage et j'\u00e9cris sur le voyage depuis une douzaine d'ann\u00e9es, d'abord en tant que routarde au long cours, puis comme r\u00e9dactrice sp\u00e9cialis\u00e9e. Mon terrain de pr\u00e9dilection, ce sont les circuits organis\u00e9s et l'art de bien pr\u00e9parer un itin\u00e9raire : choix de la saison, dur\u00e9e r\u00e9aliste des \u00e9tapes, budget jour par jour, logement et transport sur place. J'aime aussi raconter les p\u00e9pites urbaines, ces adresses qu'on ne trouve pas dans les guides classiques. Avant de publier un dossier destination, je croise toujours plusieurs sources, je v\u00e9rifie les tarifs et les formalit\u00e9s d'entr\u00e9e \u00e0 jour, et je teste moi-m\u00eame quand je le peux. Mon angle reste pratique avant tout : aider le lecteur \u00e0 partir l'esprit tranquille, sans mauvaise surprise une fois sur place. Je m'attache \u00e0 distinguer le coup de c\u0153ur sinc\u00e8re du simple argument marketing.","sameAs":["https:\/\/camillerouvray.fr\/"],"url":"https:\/\/voyage-aventure.com\/blog\/auteur\/noname\/"}]}},"_links":{"self":[{"href":"https:\/\/voyage-aventure.com\/blog\/wp-json\/wp\/v2\/posts\/12947","targetHints":{"allow":["GET"]}}],"collection":[{"href":"https:\/\/voyage-aventure.com\/blog\/wp-json\/wp\/v2\/posts"}],"about":[{"href":"https:\/\/voyage-aventure.com\/blog\/wp-json\/wp\/v2\/types\/post"}],"author":[{"embeddable":true,"href":"https:\/\/voyage-aventure.com\/blog\/wp-json\/wp\/v2\/users\/34"}],"replies":[{"embeddable":true,"href":"https:\/\/voyage-aventure.com\/blog\/wp-json\/wp\/v2\/comments?post=12947"}],"version-history":[{"count":3,"href":"https:\/\/voyage-aventure.com\/blog\/wp-json\/wp\/v2\/posts\/12947\/revisions"}],"predecessor-version":[{"id":22676,"href":"https:\/\/voyage-aventure.com\/blog\/wp-json\/wp\/v2\/posts\/12947\/revisions\/22676"}],"wp:featuredmedia":[{"embeddable":true,"href":"https:\/\/voyage-aventure.com\/blog\/wp-json\/wp\/v2\/media\/12948"}],"wp:attachment":[{"href":"https:\/\/voyage-aventure.com\/blog\/wp-json\/wp\/v2\/media?parent=12947"}],"wp:term":[{"taxonomy":"category","embeddable":true,"href":"https:\/\/voyage-aventure.com\/blog\/wp-json\/wp\/v2\/categories?post=12947"},{"taxonomy":"post_tag","embeddable":true,"href":"https:\/\/voyage-aventure.com\/blog\/wp-json\/wp\/v2\/tags?post=12947"}],"curies":[{"name":"wp","href":"https:\/\/api.w.org\/{rel}","templated":true}]}}