{"id":12812,"date":"2026-06-16T16:51:11","date_gmt":"2026-06-16T14:51:11","guid":{"rendered":"https:\/\/voyage-aventure.com\/blog\/?p=12812"},"modified":"2026-06-16T16:51:11","modified_gmt":"2026-06-16T14:51:11","slug":"attendez-vous-a-des-retards-de-circulation-durant-les-travaux-de-retour-a-la-circulation-a-double-sens-a-jacksonville","status":"publish","type":"post","link":"https:\/\/voyage-aventure.com\/blog\/a-la-une\/attendez-vous-a-des-retards-de-circulation-durant-les-travaux-de-retour-a-la-circulation-a-double-sens-a-jacksonville\/","title":{"rendered":"attendez-vous \u00e0 des retards de circulation durant les travaux de retour \u00e0 la circulation \u00e0 double sens \u00e0 jacksonville"},"content":{"rendered":"<link rel=\"stylesheet\" href=\"https:\/\/fonts.googleapis.com\/css2?family=Newsreader:ital,opsz,wght@0,6..72,500;0,6..72,600;0,6..72,700;1,6..72,500&#038;family=Inter:wght@400;500;600&#038;family=JetBrains+Mono:wght@500&#038;display=swap\">\n<style>\n.va-news-wrap{font-family:Inter,-apple-system,sans-serif;color:#23262b;line-height:1.65;font-size:17px;}\n.va-news-wrap h2{font-family:Newsreader,Georgia,serif;font-weight:700;font-size:clamp(24px,3.2vw,33px);letter-spacing:-0.012em;color:#161922;margin:48px 0 14px;line-height:1.2;}\n.va-news-wrap p{margin:0 0 18px;}\n.va-news-dateline{font-family:'JetBrains Mono',monospace;font-size:12px;font-weight:500;letter-spacing:1.5px;text-transform:uppercase;color:#a1241f;margin:0 0 16px;}\n.va-news-lead{font-family:Newsreader,Georgia,serif;font-size:21px;line-height:1.5;font-weight:500;color:#2b2f37;margin:0 0 26px;font-style:italic;}\n.va-news-essentiel{background:#fbf3f2;border-left:5px solid #a1241f;border-radius:0 8px 8px 0;padding:22px 26px 24px;margin:26px 0 34px;box-shadow:0 1px 2px rgba(16,24,40,.05),0 12px 28px -18px rgba(16,24,40,.22);}\n.va-news-essentiel .va-news-kick{font-family:'JetBrains Mono',monospace;font-size:11px;font-weight:500;letter-spacing:2.2px;text-transform:uppercase;color:#a1241f;margin-bottom:14px;}\n.va-news-essentiel ul{margin:0;padding:0;list-style:none;}\n.va-news-essentiel li{display:flex;gap:12px;align-items:flex-start;padding:7px 0;font-size:15.5px;line-height:1.55;border-bottom:1px solid #f0dedc;}\n.va-news-essentiel li:last-child{border-bottom:none;}\n.va-news-essentiel li span.va-news-tag{flex:0 0 auto;font-family:'JetBrains Mono',monospace;font-size:11px;font-weight:500;letter-spacing:1px;text-transform:uppercase;color:#fff;background:#a1241f;padding:3px 9px;border-radius:4px;margin-top:1px;}\n.va-news-grid{display:grid;grid-template-columns:repeat(auto-fit,minmax(230px,1fr));gap:16px;margin:30px 0;}\n.va-news-card{background:#fff;border:1px solid #e6e3dd;border-top:3px solid #a1241f;border-radius:7px;padding:18px 20px 17px;transition:.25s ease;}\n.va-news-card:hover{transform:translateY(-3px);box-shadow:0 1px 2px rgba(16,24,40,.05),0 14px 30px -16px rgba(16,24,40,.25);}\n.va-news-card h3{font-family:Newsreader,Georgia,serif;margin:0 0 7px;font-size:18px;font-weight:600;color:#161922;letter-spacing:-0.01em;}\n.va-news-card .va-news-txt{font-size:14px;line-height:1.55;color:#4a4e56;}\n.va-news-pull{margin:38px auto;padding:26px 24px;text-align:center;border-top:1px solid #161922;border-bottom:1px solid #161922;max-width:660px;position:relative;}\n.va-news-pull blockquote{margin:0;font-family:Newsreader,Georgia,serif;font-style:italic;font-size:24px;line-height:1.45;color:#161922;letter-spacing:-0.005em;}\n.va-news-pull .va-news-q{position:absolute;top:-22px;left:50%;transform:translateX(-50%);background:#fff;padding:0 14px;font-family:Newsreader,serif;font-size:50px;line-height:1;color:#a1241f;}\n.va-news-pull figcaption{margin-top:14px;font-family:'JetBrains Mono',monospace;font-size:11px;letter-spacing:1.8px;text-transform:uppercase;color:#787c84;}\n.va-news-retenir{background:#f7f6f3;border:1px solid #e6e3dd;border-radius:9px;padding:24px 26px;margin:36px 0;}\n.va-news-retenir .va-news-kick{font-family:'JetBrains Mono',monospace;font-size:11px;font-weight:500;letter-spacing:2.2px;text-transform:uppercase;color:#a1241f;margin-bottom:14px;}\n.va-news-retenir ul{margin:0;padding:0;list-style:none;display:grid;gap:9px;}\n.va-news-retenir li{display:flex;gap:11px;align-items:flex-start;font-size:15px;line-height:1.5;color:#2b2f37;}\n.va-news-retenir li span.va-news-dot{flex:0 0 auto;color:#a1241f;font-weight:700;}\n.va-news-faq{margin:36px 0 10px;}\n.va-news-faq h2{margin-bottom:8px;}\n.va-news-faq .va-news-acc{border-top:1px solid #ddd8cf;}\n.va-news-faq details{border-bottom:1px solid #ddd8cf;}\n.va-news-faq summary{cursor:pointer;padding:16px 0;font-family:Newsreader,Georgia,serif;font-size:18px;font-weight:600;color:#161922;list-style:none;display:flex;justify-content:space-between;align-items:center;gap:14px;}\n.va-news-faq summary::-webkit-details-marker{display:none;}\n.va-news-faq summary .va-news-pm{font-family:Inter,sans-serif;font-size:22px;font-weight:300;color:#a1241f;line-height:1;}\n.va-news-faq details[open] summary .va-news-pm{transform:rotate(45deg);}\n.va-news-faq .va-news-ans{padding:0 0 16px;font-size:15px;line-height:1.7;color:#4a4e56;}\n.va-news-wrap img{max-width:100%;height:auto;border-radius:8px;margin:8px 0;}\n\/*RENDERFIX2*\/.va-news-essentiel li span.va-news-tag{color:#eef3f9!important}.va-news-essentiel li span.va-news-tag p,.va-news-essentiel li span.va-news-tag li,.va-news-essentiel li span.va-news-tag strong,.va-news-essentiel li span.va-news-tag em,.va-news-essentiel li span.va-news-tag a,.va-news-essentiel li span.va-news-tag span,.va-news-essentiel li span.va-news-tag b,.va-news-essentiel li span.va-news-tag td,.va-news-essentiel li span.va-news-tag th,.va-news-essentiel li span.va-news-tag h2,.va-news-essentiel li span.va-news-tag h3,.va-news-essentiel li span.va-news-tag h4{color:#eef3f9!important}.va-news-essentiel li span.va-news-tag strong,.va-news-essentiel li span.va-news-tag b{color:#ffffff!important}<\/style>\n<div class=\"va-news-wrap\">\n<div class=\"va-news-dateline\">Jacksonville \u00b7 24 f\u00e9vrier 2025 \u00b7 Mobilit\u00e9 urbaine<\/div>\n<p class=\"va-news-lead\">La ville engage la conversion de plusieurs axes du centre vers une circulation \u00e0 double sens. Un chantier de plusieurs mois qui promet d&rsquo;apaiser le trafic et de redynamiser le quartier \u2014 mais qui imposera ralentissements et d\u00e9viations en attendant.<\/p>\n<div class=\"va-news-essentiel\">\n<div class=\"va-news-kick\">L&rsquo;essentiel<\/div>\n<ul>\n<li><span class=\"va-news-tag\">Quoi<\/span><span>Retour \u00e0 la circulation \u00e0 double sens sur plusieurs rues du centre, avec fraisage, pavage, signalisation et \u00e9largissement des trottoirs.<\/span><\/li>\n<li><span class=\"va-news-tag\">Quand<\/span><span>Travaux d\u00e9j\u00e0 d\u00e9marr\u00e9s (fermeture de la voie nord de Forsyth) ; changement sur la voie sud d&rsquo;Adams pr\u00e9vu le 1er mars. Premi\u00e8re phase d&rsquo;ici l&rsquo;\u00e9t\u00e9, fin totale vis\u00e9e pour fin 2026.<\/span><\/li>\n<li><span class=\"va-news-tag\">Pourquoi<\/span><span>Am\u00e9liorer la s\u00e9curit\u00e9 des pi\u00e9tons, fluidifier le trafic et soutenir l&rsquo;\u00e9conomie locale ; inscrit au plan directeur de la ville.<\/span><\/li>\n<\/ul>\n<\/div>\n<h2>Les travaux de circulation \u00e0 double sens : un retour attendu<\/h2>\n<p>Ce projet, qui devrait prendre plusieurs mois, vise \u00e0 am\u00e9liorer la s\u00e9curit\u00e9 des pi\u00e9tons et \u00e0 fluidifier le trafic. Pendant la dur\u00e9e des travaux, les automobilistes devront s&rsquo;attendre \u00e0 des ralentissements et \u00e0 des d\u00e9viations.<\/p>\n<p>Le retour \u00e0 la circulation \u00e0 double sens sur ces axes a \u00e9t\u00e9 inscrit dans le plan directeur de la ville depuis un certain temps. Selon les autorit\u00e9s, cette initiative devrait non seulement rendre les rues plus accessibles, mais \u00e9galement dynamiser l&rsquo;\u00e9conomie locale. La ville promet que ces changements vont transformer l&rsquo;exp\u00e9rience de conduite et de marche dans cette zone anim\u00e9e.<\/p>\n<h2>Les b\u00e9n\u00e9fices de la conversion des rues<\/h2>\n<p>La ville souligne que restaurer des rues \u00e0 double sens peut entra\u00eener un accroissement de la visibilit\u00e9 des commerces et une augmentation des valeurs immobili\u00e8res. En am\u00e9liorant la circulation, la ville esp\u00e8re \u00e9galement renforcer l&rsquo;usage des services de transport partag\u00e9s et le stationnement. Ces mesures visent \u00e0 cr\u00e9er un environnement urbain plus accueillant pour les r\u00e9sidents et les visiteurs.<\/p>\n<div class=\"va-news-pull\">\n  <span class=\"va-news-q\" aria-hidden=\"true\">\u00ab<\/span><\/p>\n<blockquote><p>Restaurer les rues \u00e0 double sens favorise la croissance \u00e9conomique et am\u00e9liore la qualit\u00e9 de vie des citoyens.<\/blockquote><figcaption>\u2014 Un porte-parole de la ville<\/figcaption><\/div>\n<p>Cet engagement montre \u00e0 quel point la ville valorise le bien-\u00eatre de ses habitants dans le cadre du d\u00e9veloppement urbain.<img decoding=\"async\" width=\"1024\" height=\"576\" src=\"https:\/\/voyage-aventure.com\/blog\/wp-content\/uploads\/2025\/02\/stability-attendez-vous-a-des-retards-de-circulation-durant-les-travaux-de-retour-a-la-circulation-a-double-sens-a-jacksonville-1.png\" class=\"aligncenter\" alt=\"Illustration d\u00e9taill\u00e9e sur attendez-vous \u00e0 des retards de circulation durant les travaux de retour \u00e0 la circulation \u00e0 double sens \u00e0 jacksonville\" title=\"attendez-vous \u00e0 des retards de circulation durant les travaux de retour \u00e0 la circulation \u00e0 double sens \u00e0 jacksonville\" loading=\"lazy\" \/><\/p>\n<h2>Ce que les conducteurs doivent savoir<\/h2>\n<p>Les travaux ont d\u00e9but\u00e9 avec la fermeture de la voie nord de Forsyth, et un changement de circulation sur la voie sud d&rsquo;Adams est pr\u00e9vu pour le 1er mars. En phase 2, des ajustements suppl\u00e9mentaires de circulation seront mis en place pour faciliter les travaux. Les automobilistes doivent donc faire preuve de patience et planifier leurs trajets en cons\u00e9quence.<\/p>\n<p>Dans ce contexte, il est essentiel de noter que les entreprises et les b\u00e2timents demeureront accessibles pendant les travaux. Les pi\u00e9tons pourront \u00e9galement circuler dans la zone en toute s\u00e9curit\u00e9. Voici quelques \u00e9l\u00e9ments cl\u00e9s \u00e0 garder \u00e0 l&rsquo;esprit :<\/p>\n<div class=\"va-news-grid\">\n<div class=\"va-news-card\">\n<h3>Chantier de voirie<\/h3>\n<div class=\"va-news-txt\">Fraisage et resurfa\u00e7age des routes, installation de pav\u00e9s et de kiosques de stationnement.<\/div>\n<\/p><\/div>\n<div class=\"va-news-card\">\n<h3>Stationnement<\/h3>\n<div class=\"va-news-txt\">Les voies ferm\u00e9es ne permettront pas le stationnement, mais des places resteront disponibles sur les voies ouvertes.<\/div>\n<\/p><\/div>\n<div class=\"va-news-card\">\n<h3>Acc\u00e8s maintenu<\/h3>\n<div class=\"va-news-txt\">Les entreprises et b\u00e2timents resteront accessibles tout au long des travaux.<\/div>\n<\/p><\/div>\n<div class=\"va-news-card\">\n<h3>Pi\u00e9tons<\/h3>\n<div class=\"va-news-txt\">Les pi\u00e9tons peuvent circuler dans la zone en toute s\u00e9curit\u00e9 pendant le chantier.<\/div>\n<\/p><\/div>\n<\/div>\n<p>Les travaux incluent la conversion des voies, la signalisation, le pavage, le marquage, l&rsquo;expansion des trottoirs, ainsi que l&rsquo;ajout de kiosques de stationnement. \u00c0 l&rsquo;issue des travaux, des am\u00e9liorations suppl\u00e9mentaires, comme l&rsquo;\u00e9largissement des trottoirs et la plantation d&rsquo;arbres, seront r\u00e9alis\u00e9es afin d&#8217;embellir le paysage urbain. La premi\u00e8re phase de ce projet devrait \u00eatre termin\u00e9e d&rsquo;ici l&rsquo;\u00e9t\u00e9 de cette ann\u00e9e, tandis que l&rsquo;ensemble des travaux est pr\u00e9vu pour fin 2026.<\/p>\n<p>La transformation des rues de Jacksonville, qu&rsquo;elles soient \u00e0 sens unique ou \u00e0 double sens, n&rsquo;est pas un concept nouveau. Historiquement, des changements similaires ont \u00e9t\u00e9 r\u00e9alis\u00e9s, comme en t\u00e9moigne la transformation de Broad Street. Ces projets continuent de fa\u00e7onner le paysage urbain de la ville, avec un impact direct sur la vie des citoyens et la vitalit\u00e9 du centre-ville.<\/p>\n<div class=\"va-news-retenir\">\n<div class=\"va-news-kick\">\u00c0 retenir<\/div>\n<ul>\n<li><span class=\"va-news-dot\">\u203a<\/span><span>Plusieurs rues du centre repassent en double sens : chantier de plusieurs mois, d\u00e9j\u00e0 entam\u00e9 sur Forsyth.<\/span><\/li>\n<li><span class=\"va-news-dot\">\u203a<\/span><span>Changement sur la voie sud d&rsquo;Adams attendu le 1er mars ; ralentissements et d\u00e9viations \u00e0 pr\u00e9voir.<\/span><\/li>\n<li><span class=\"va-news-dot\">\u203a<\/span><span>Commerces, b\u00e2timents et cheminement pi\u00e9ton restent accessibles pendant les travaux.<\/span><\/li>\n<li><span class=\"va-news-dot\">\u203a<\/span><span>Premi\u00e8re phase d&rsquo;ici l&rsquo;\u00e9t\u00e9, ach\u00e8vement global vis\u00e9 pour fin 2026.<\/span><\/li>\n<\/ul>\n<\/div>\n<div class=\"va-news-faq\">\n<h2>Questions fr\u00e9quentes<\/h2>\n<div class=\"va-news-acc\">\n<details>\n<summary><span>Quelles rues sont concern\u00e9es par le chantier ?<\/span><span class=\"va-news-pm\">+<\/span><\/summary>\n<div class=\"va-news-ans\">Le chantier a d\u00e9but\u00e9 par la fermeture de la voie nord de Forsyth, et un changement de circulation est pr\u00e9vu sur la voie sud d&rsquo;Adams le 1er mars. La transformation s&rsquo;inscrit dans la lign\u00e9e de projets ant\u00e9rieurs comme celui de Broad Street.<\/div>\n<\/details>\n<details>\n<summary><span>Pourra-t-on acc\u00e9der aux commerces pendant les travaux ?<\/span><span class=\"va-news-pm\">+<\/span><\/summary>\n<div class=\"va-news-ans\">Oui. La ville indique que les entreprises et les b\u00e2timents demeureront accessibles pendant toute la dur\u00e9e des travaux, et que les pi\u00e9tons pourront circuler dans la zone en toute s\u00e9curit\u00e9.<\/div>\n<\/details>\n<details>\n<summary><span>Quand les travaux seront-ils termin\u00e9s ?<\/span><span class=\"va-news-pm\">+<\/span><\/summary>\n<div class=\"va-news-ans\">La premi\u00e8re phase devrait \u00eatre achev\u00e9e d&rsquo;ici l&rsquo;\u00e9t\u00e9 de cette ann\u00e9e. L&rsquo;ensemble des travaux, y compris les am\u00e9liorations finales comme l&rsquo;\u00e9largissement des trottoirs et la plantation d&rsquo;arbres, est pr\u00e9vu pour fin 2026.<\/div>\n<\/details>\n<details>\n<summary><span>Que doivent anticiper les automobilistes ?<\/span><span class=\"va-news-pm\">+<\/span><\/summary>\n<div class=\"va-news-ans\">Des ralentissements et des d\u00e9viations pendant la dur\u00e9e du chantier. La ville invite les conducteurs \u00e0 faire preuve de patience et \u00e0 planifier leurs trajets en cons\u00e9quence.<\/div>\n<\/details><\/div>\n<\/div>\n<\/div>\n","protected":false},"excerpt":{"rendered":"","protected":false},"author":34,"featured_media":12813,"comment_status":"open","ping_status":"open","sticky":false,"template":"","format":"standard","meta":{"_acf_changed":false,"manual_indexmenow":false,"indexmenow_id_project":0,"footnotes":""},"categories":[1],"tags":[4829,6022,5588,6021,3170],"class_list":["post-12812","post","type-post","status-publish","format-standard","has-post-thumbnail","hentry","category-a-la-une","tag-accessibilite","tag-amenagement-urbain","tag-circulation","tag-dynamisme-economique","tag-securite","generate-columns","tablet-grid-50","mobile-grid-100","grid-parent","grid-25"],"acf":[],"yoast_head":"<!-- This site is optimized with the Yoast SEO Premium plugin v21.3 (Yoast SEO v25.1) - https:\/\/yoast.com\/wordpress\/plugins\/seo\/ -->\n<title>attendez-vous \u00e0 des retards de circulation durant les<\/title>\n<meta name=\"description\" content=\"La ville engage la conversion de plusieurs axes du centre vers une circulation \u00e0 double sens. Un chantier de plusieurs mois qui promet d&#039;apaiser le trafic\" \/>\n<meta name=\"robots\" content=\"index, follow, max-snippet:-1, max-image-preview:large, max-video-preview:-1\" \/>\n<link rel=\"canonical\" href=\"https:\/\/voyage-aventure.com\/blog\/a-la-une\/attendez-vous-a-des-retards-de-circulation-durant-les-travaux-de-retour-a-la-circulation-a-double-sens-a-jacksonville\/\" \/>\n<meta property=\"og:locale\" content=\"fr_FR\" \/>\n<meta property=\"og:type\" content=\"article\" \/>\n<meta property=\"og:title\" content=\"attendez-vous \u00e0 des retards de circulation durant les\" \/>\n<meta property=\"og:description\" content=\"La ville engage la conversion de plusieurs axes du centre vers une circulation \u00e0 double sens. Un chantier de plusieurs mois qui promet d&#039;apaiser le trafic\" \/>\n<meta property=\"og:url\" content=\"https:\/\/voyage-aventure.com\/blog\/a-la-une\/attendez-vous-a-des-retards-de-circulation-durant-les-travaux-de-retour-a-la-circulation-a-double-sens-a-jacksonville\/\" \/>\n<meta property=\"og:site_name\" content=\"voyage-aventure\" \/>\n<meta property=\"og:image\" content=\"https:\/\/voyage-aventure.com\/blog\/wp-content\/uploads\/2025\/02\/stability-attendez-vous-a-des-retards-de-circulation-durant-les-travaux-de-retour-a-la-circulation-a-double-sens-a-jacksonville.png\" \/>\n\t<meta property=\"og:image:width\" content=\"1024\" \/>\n\t<meta property=\"og:image:height\" content=\"576\" \/>\n\t<meta property=\"og:image:type\" content=\"image\/png\" \/>\n<meta name=\"author\" content=\"Camille Rouvray\" \/>\n<meta name=\"twitter:card\" content=\"summary_large_image\" \/>\n<script type=\"application\/ld+json\" class=\"yoast-schema-graph\">{\"@context\":\"https:\/\/schema.org\",\"@graph\":[{\"@type\":\"NewsArticle\",\"@id\":\"https:\/\/voyage-aventure.com\/blog\/a-la-une\/attendez-vous-a-des-retards-de-circulation-durant-les-travaux-de-retour-a-la-circulation-a-double-sens-a-jacksonville\/#article\",\"isPartOf\":{\"@id\":\"https:\/\/voyage-aventure.com\/blog\/a-la-une\/attendez-vous-a-des-retards-de-circulation-durant-les-travaux-de-retour-a-la-circulation-a-double-sens-a-jacksonville\/\"},\"author\":{\"name\":\"Camille Rouvray\",\"@id\":\"https:\/\/voyage-aventure.com\/blog\/#\/schema\/person\/3c864cdc320801e3db34b663e7e3f816\"},\"headline\":\"attendez-vous \u00e0 des retards de circulation durant les travaux de retour \u00e0 la circulation \u00e0 double sens \u00e0 jacksonville\",\"datePublished\":\"2026-06-16T14:51:11+00:00\",\"mainEntityOfPage\":{\"@id\":\"https:\/\/voyage-aventure.com\/blog\/a-la-une\/attendez-vous-a-des-retards-de-circulation-durant-les-travaux-de-retour-a-la-circulation-a-double-sens-a-jacksonville\/\"},\"wordCount\":941,\"commentCount\":24,\"publisher\":{\"@id\":\"https:\/\/voyage-aventure.com\/blog\/#organization\"},\"image\":{\"@id\":\"https:\/\/voyage-aventure.com\/blog\/a-la-une\/attendez-vous-a-des-retards-de-circulation-durant-les-travaux-de-retour-a-la-circulation-a-double-sens-a-jacksonville\/#primaryimage\"},\"thumbnailUrl\":\"https:\/\/voyage-aventure.com\/blog\/wp-content\/uploads\/2025\/02\/stability-attendez-vous-a-des-retards-de-circulation-durant-les-travaux-de-retour-a-la-circulation-a-double-sens-a-jacksonville.png\",\"keywords\":[\"Accessibilit\u00e9\",\"Am\u00e9nagement Urbain\",\"Circulation\",\"Dynamisme \u00c9conomique\",\"S\u00e9curit\u00e9\"],\"articleSection\":[\"\u00c0 la une\"],\"inLanguage\":\"fr-FR\",\"potentialAction\":[{\"@type\":\"CommentAction\",\"name\":\"Comment\",\"target\":[\"https:\/\/voyage-aventure.com\/blog\/a-la-une\/attendez-vous-a-des-retards-de-circulation-durant-les-travaux-de-retour-a-la-circulation-a-double-sens-a-jacksonville\/#respond\"]}]},{\"@type\":\"WebPage\",\"@id\":\"https:\/\/voyage-aventure.com\/blog\/a-la-une\/attendez-vous-a-des-retards-de-circulation-durant-les-travaux-de-retour-a-la-circulation-a-double-sens-a-jacksonville\/\",\"url\":\"https:\/\/voyage-aventure.com\/blog\/a-la-une\/attendez-vous-a-des-retards-de-circulation-durant-les-travaux-de-retour-a-la-circulation-a-double-sens-a-jacksonville\/\",\"name\":\"attendez-vous \u00e0 des retards de circulation durant les\",\"isPartOf\":{\"@id\":\"https:\/\/voyage-aventure.com\/blog\/#website\"},\"primaryImageOfPage\":{\"@id\":\"https:\/\/voyage-aventure.com\/blog\/a-la-une\/attendez-vous-a-des-retards-de-circulation-durant-les-travaux-de-retour-a-la-circulation-a-double-sens-a-jacksonville\/#primaryimage\"},\"image\":{\"@id\":\"https:\/\/voyage-aventure.com\/blog\/a-la-une\/attendez-vous-a-des-retards-de-circulation-durant-les-travaux-de-retour-a-la-circulation-a-double-sens-a-jacksonville\/#primaryimage\"},\"thumbnailUrl\":\"https:\/\/voyage-aventure.com\/blog\/wp-content\/uploads\/2025\/02\/stability-attendez-vous-a-des-retards-de-circulation-durant-les-travaux-de-retour-a-la-circulation-a-double-sens-a-jacksonville.png\",\"datePublished\":\"2026-06-16T14:51:11+00:00\",\"description\":\"La ville engage la conversion de plusieurs axes du centre vers une circulation \u00e0 double sens. Un chantier de plusieurs mois qui promet d'apaiser le trafic\",\"inLanguage\":\"fr-FR\",\"potentialAction\":[{\"@type\":\"ReadAction\",\"target\":[\"https:\/\/voyage-aventure.com\/blog\/a-la-une\/attendez-vous-a-des-retards-de-circulation-durant-les-travaux-de-retour-a-la-circulation-a-double-sens-a-jacksonville\/\"]}]},{\"@type\":\"ImageObject\",\"inLanguage\":\"fr-FR\",\"@id\":\"https:\/\/voyage-aventure.com\/blog\/a-la-une\/attendez-vous-a-des-retards-de-circulation-durant-les-travaux-de-retour-a-la-circulation-a-double-sens-a-jacksonville\/#primaryimage\",\"url\":\"https:\/\/voyage-aventure.com\/blog\/wp-content\/uploads\/2025\/02\/stability-attendez-vous-a-des-retards-de-circulation-durant-les-travaux-de-retour-a-la-circulation-a-double-sens-a-jacksonville.png\",\"contentUrl\":\"https:\/\/voyage-aventure.com\/blog\/wp-content\/uploads\/2025\/02\/stability-attendez-vous-a-des-retards-de-circulation-durant-les-travaux-de-retour-a-la-circulation-a-double-sens-a-jacksonville.png\",\"width\":1024,\"height\":576},{\"@type\":\"WebSite\",\"@id\":\"https:\/\/voyage-aventure.com\/blog\/#website\",\"url\":\"https:\/\/voyage-aventure.com\/blog\/\",\"name\":\"voyage-aventure.com\",\"description\":\"Votre passeport pour l\u2019inattendu.\",\"publisher\":{\"@id\":\"https:\/\/voyage-aventure.com\/blog\/#organization\"},\"alternateName\":\"Votre passeport pour l\u2019inattendu.\",\"potentialAction\":[{\"@type\":\"SearchAction\",\"target\":{\"@type\":\"EntryPoint\",\"urlTemplate\":\"https:\/\/voyage-aventure.com\/blog\/?s={search_term_string}\"},\"query-input\":{\"@type\":\"PropertyValueSpecification\",\"valueRequired\":true,\"valueName\":\"search_term_string\"}}],\"inLanguage\":\"fr-FR\"},{\"@type\":\"Organization\",\"@id\":\"https:\/\/voyage-aventure.com\/blog\/#organization\",\"name\":\"Foretsensations.fr\",\"url\":\"https:\/\/voyage-aventure.com\/blog\/\",\"logo\":{\"@type\":\"ImageObject\",\"inLanguage\":\"fr-FR\",\"@id\":\"https:\/\/voyage-aventure.com\/blog\/#\/schema\/logo\/image\/\",\"url\":\"https:\/\/voyage-aventure.com\/blog\/wp-content\/uploads\/2024\/12\/19.png\",\"contentUrl\":\"https:\/\/voyage-aventure.com\/blog\/wp-content\/uploads\/2024\/12\/19.png\",\"width\":512,\"height\":512,\"caption\":\"Foretsensations.fr\"},\"image\":{\"@id\":\"https:\/\/voyage-aventure.com\/blog\/#\/schema\/logo\/image\/\"}},{\"@type\":\"Person\",\"@id\":\"https:\/\/voyage-aventure.com\/blog\/#\/schema\/person\/3c864cdc320801e3db34b663e7e3f816\",\"name\":\"Camille Rouvray\",\"image\":{\"@type\":\"ImageObject\",\"inLanguage\":\"fr-FR\",\"@id\":\"https:\/\/voyage-aventure.com\/blog\/#\/schema\/person\/image\/\",\"url\":\"https:\/\/voyage-aventure.com\/blog\/wp-content\/uploads\/2026\/06\/persona_camille-r-96x96.jpg\",\"contentUrl\":\"https:\/\/voyage-aventure.com\/blog\/wp-content\/uploads\/2026\/06\/persona_camille-r-96x96.jpg\",\"caption\":\"Camille Rouvray\"},\"description\":\"Je voyage et j'\u00e9cris sur le voyage depuis une douzaine d'ann\u00e9es, d'abord en tant que routarde au long cours, puis comme r\u00e9dactrice sp\u00e9cialis\u00e9e. Mon terrain de pr\u00e9dilection, ce sont les circuits organis\u00e9s et l'art de bien pr\u00e9parer un itin\u00e9raire : choix de la saison, dur\u00e9e r\u00e9aliste des \u00e9tapes, budget jour par jour, logement et transport sur place. J'aime aussi raconter les p\u00e9pites urbaines, ces adresses qu'on ne trouve pas dans les guides classiques. Avant de publier un dossier destination, je croise toujours plusieurs sources, je v\u00e9rifie les tarifs et les formalit\u00e9s d'entr\u00e9e \u00e0 jour, et je teste moi-m\u00eame quand je le peux. Mon angle reste pratique avant tout : aider le lecteur \u00e0 partir l'esprit tranquille, sans mauvaise surprise une fois sur place. Je m'attache \u00e0 distinguer le coup de c\u0153ur sinc\u00e8re du simple argument marketing.\",\"sameAs\":[\"https:\/\/camillerouvray.fr\/\"],\"url\":\"https:\/\/voyage-aventure.com\/blog\/auteur\/noname\/\"}]}<\/script>\n<!-- \/ Yoast SEO Premium plugin. -->","yoast_head_json":{"title":"attendez-vous \u00e0 des retards de circulation durant les","description":"La ville engage la conversion de plusieurs axes du centre vers une circulation \u00e0 double sens. Un chantier de plusieurs mois qui promet d'apaiser le trafic","robots":{"index":"index","follow":"follow","max-snippet":"max-snippet:-1","max-image-preview":"max-image-preview:large","max-video-preview":"max-video-preview:-1"},"canonical":"https:\/\/voyage-aventure.com\/blog\/a-la-une\/attendez-vous-a-des-retards-de-circulation-durant-les-travaux-de-retour-a-la-circulation-a-double-sens-a-jacksonville\/","og_locale":"fr_FR","og_type":"article","og_title":"attendez-vous \u00e0 des retards de circulation durant les","og_description":"La ville engage la conversion de plusieurs axes du centre vers une circulation \u00e0 double sens. Un chantier de plusieurs mois qui promet d'apaiser le trafic","og_url":"https:\/\/voyage-aventure.com\/blog\/a-la-une\/attendez-vous-a-des-retards-de-circulation-durant-les-travaux-de-retour-a-la-circulation-a-double-sens-a-jacksonville\/","og_site_name":"voyage-aventure","og_image":[{"width":1024,"height":576,"url":"https:\/\/voyage-aventure.com\/blog\/wp-content\/uploads\/2025\/02\/stability-attendez-vous-a-des-retards-de-circulation-durant-les-travaux-de-retour-a-la-circulation-a-double-sens-a-jacksonville.png","type":"image\/png"}],"author":"Camille Rouvray","twitter_card":"summary_large_image","schema":{"@context":"https:\/\/schema.org","@graph":[{"@type":"NewsArticle","@id":"https:\/\/voyage-aventure.com\/blog\/a-la-une\/attendez-vous-a-des-retards-de-circulation-durant-les-travaux-de-retour-a-la-circulation-a-double-sens-a-jacksonville\/#article","isPartOf":{"@id":"https:\/\/voyage-aventure.com\/blog\/a-la-une\/attendez-vous-a-des-retards-de-circulation-durant-les-travaux-de-retour-a-la-circulation-a-double-sens-a-jacksonville\/"},"author":{"name":"Camille Rouvray","@id":"https:\/\/voyage-aventure.com\/blog\/#\/schema\/person\/3c864cdc320801e3db34b663e7e3f816"},"headline":"attendez-vous \u00e0 des retards de circulation durant les travaux de retour \u00e0 la circulation \u00e0 double sens \u00e0 jacksonville","datePublished":"2026-06-16T14:51:11+00:00","mainEntityOfPage":{"@id":"https:\/\/voyage-aventure.com\/blog\/a-la-une\/attendez-vous-a-des-retards-de-circulation-durant-les-travaux-de-retour-a-la-circulation-a-double-sens-a-jacksonville\/"},"wordCount":941,"commentCount":24,"publisher":{"@id":"https:\/\/voyage-aventure.com\/blog\/#organization"},"image":{"@id":"https:\/\/voyage-aventure.com\/blog\/a-la-une\/attendez-vous-a-des-retards-de-circulation-durant-les-travaux-de-retour-a-la-circulation-a-double-sens-a-jacksonville\/#primaryimage"},"thumbnailUrl":"https:\/\/voyage-aventure.com\/blog\/wp-content\/uploads\/2025\/02\/stability-attendez-vous-a-des-retards-de-circulation-durant-les-travaux-de-retour-a-la-circulation-a-double-sens-a-jacksonville.png","keywords":["Accessibilit\u00e9","Am\u00e9nagement Urbain","Circulation","Dynamisme \u00c9conomique","S\u00e9curit\u00e9"],"articleSection":["\u00c0 la une"],"inLanguage":"fr-FR","potentialAction":[{"@type":"CommentAction","name":"Comment","target":["https:\/\/voyage-aventure.com\/blog\/a-la-une\/attendez-vous-a-des-retards-de-circulation-durant-les-travaux-de-retour-a-la-circulation-a-double-sens-a-jacksonville\/#respond"]}]},{"@type":"WebPage","@id":"https:\/\/voyage-aventure.com\/blog\/a-la-une\/attendez-vous-a-des-retards-de-circulation-durant-les-travaux-de-retour-a-la-circulation-a-double-sens-a-jacksonville\/","url":"https:\/\/voyage-aventure.com\/blog\/a-la-une\/attendez-vous-a-des-retards-de-circulation-durant-les-travaux-de-retour-a-la-circulation-a-double-sens-a-jacksonville\/","name":"attendez-vous \u00e0 des retards de circulation durant les","isPartOf":{"@id":"https:\/\/voyage-aventure.com\/blog\/#website"},"primaryImageOfPage":{"@id":"https:\/\/voyage-aventure.com\/blog\/a-la-une\/attendez-vous-a-des-retards-de-circulation-durant-les-travaux-de-retour-a-la-circulation-a-double-sens-a-jacksonville\/#primaryimage"},"image":{"@id":"https:\/\/voyage-aventure.com\/blog\/a-la-une\/attendez-vous-a-des-retards-de-circulation-durant-les-travaux-de-retour-a-la-circulation-a-double-sens-a-jacksonville\/#primaryimage"},"thumbnailUrl":"https:\/\/voyage-aventure.com\/blog\/wp-content\/uploads\/2025\/02\/stability-attendez-vous-a-des-retards-de-circulation-durant-les-travaux-de-retour-a-la-circulation-a-double-sens-a-jacksonville.png","datePublished":"2026-06-16T14:51:11+00:00","description":"La ville engage la conversion de plusieurs axes du centre vers une circulation \u00e0 double sens. Un chantier de plusieurs mois qui promet d'apaiser le trafic","inLanguage":"fr-FR","potentialAction":[{"@type":"ReadAction","target":["https:\/\/voyage-aventure.com\/blog\/a-la-une\/attendez-vous-a-des-retards-de-circulation-durant-les-travaux-de-retour-a-la-circulation-a-double-sens-a-jacksonville\/"]}]},{"@type":"ImageObject","inLanguage":"fr-FR","@id":"https:\/\/voyage-aventure.com\/blog\/a-la-une\/attendez-vous-a-des-retards-de-circulation-durant-les-travaux-de-retour-a-la-circulation-a-double-sens-a-jacksonville\/#primaryimage","url":"https:\/\/voyage-aventure.com\/blog\/wp-content\/uploads\/2025\/02\/stability-attendez-vous-a-des-retards-de-circulation-durant-les-travaux-de-retour-a-la-circulation-a-double-sens-a-jacksonville.png","contentUrl":"https:\/\/voyage-aventure.com\/blog\/wp-content\/uploads\/2025\/02\/stability-attendez-vous-a-des-retards-de-circulation-durant-les-travaux-de-retour-a-la-circulation-a-double-sens-a-jacksonville.png","width":1024,"height":576},{"@type":"WebSite","@id":"https:\/\/voyage-aventure.com\/blog\/#website","url":"https:\/\/voyage-aventure.com\/blog\/","name":"voyage-aventure.com","description":"Votre passeport pour l\u2019inattendu.","publisher":{"@id":"https:\/\/voyage-aventure.com\/blog\/#organization"},"alternateName":"Votre passeport pour l\u2019inattendu.","potentialAction":[{"@type":"SearchAction","target":{"@type":"EntryPoint","urlTemplate":"https:\/\/voyage-aventure.com\/blog\/?s={search_term_string}"},"query-input":{"@type":"PropertyValueSpecification","valueRequired":true,"valueName":"search_term_string"}}],"inLanguage":"fr-FR"},{"@type":"Organization","@id":"https:\/\/voyage-aventure.com\/blog\/#organization","name":"Foretsensations.fr","url":"https:\/\/voyage-aventure.com\/blog\/","logo":{"@type":"ImageObject","inLanguage":"fr-FR","@id":"https:\/\/voyage-aventure.com\/blog\/#\/schema\/logo\/image\/","url":"https:\/\/voyage-aventure.com\/blog\/wp-content\/uploads\/2024\/12\/19.png","contentUrl":"https:\/\/voyage-aventure.com\/blog\/wp-content\/uploads\/2024\/12\/19.png","width":512,"height":512,"caption":"Foretsensations.fr"},"image":{"@id":"https:\/\/voyage-aventure.com\/blog\/#\/schema\/logo\/image\/"}},{"@type":"Person","@id":"https:\/\/voyage-aventure.com\/blog\/#\/schema\/person\/3c864cdc320801e3db34b663e7e3f816","name":"Camille Rouvray","image":{"@type":"ImageObject","inLanguage":"fr-FR","@id":"https:\/\/voyage-aventure.com\/blog\/#\/schema\/person\/image\/","url":"https:\/\/voyage-aventure.com\/blog\/wp-content\/uploads\/2026\/06\/persona_camille-r-96x96.jpg","contentUrl":"https:\/\/voyage-aventure.com\/blog\/wp-content\/uploads\/2026\/06\/persona_camille-r-96x96.jpg","caption":"Camille Rouvray"},"description":"Je voyage et j'\u00e9cris sur le voyage depuis une douzaine d'ann\u00e9es, d'abord en tant que routarde au long cours, puis comme r\u00e9dactrice sp\u00e9cialis\u00e9e. Mon terrain de pr\u00e9dilection, ce sont les circuits organis\u00e9s et l'art de bien pr\u00e9parer un itin\u00e9raire : choix de la saison, dur\u00e9e r\u00e9aliste des \u00e9tapes, budget jour par jour, logement et transport sur place. J'aime aussi raconter les p\u00e9pites urbaines, ces adresses qu'on ne trouve pas dans les guides classiques. Avant de publier un dossier destination, je croise toujours plusieurs sources, je v\u00e9rifie les tarifs et les formalit\u00e9s d'entr\u00e9e \u00e0 jour, et je teste moi-m\u00eame quand je le peux. Mon angle reste pratique avant tout : aider le lecteur \u00e0 partir l'esprit tranquille, sans mauvaise surprise une fois sur place. Je m'attache \u00e0 distinguer le coup de c\u0153ur sinc\u00e8re du simple argument marketing.","sameAs":["https:\/\/camillerouvray.fr\/"],"url":"https:\/\/voyage-aventure.com\/blog\/auteur\/noname\/"}]}},"_links":{"self":[{"href":"https:\/\/voyage-aventure.com\/blog\/wp-json\/wp\/v2\/posts\/12812","targetHints":{"allow":["GET"]}}],"collection":[{"href":"https:\/\/voyage-aventure.com\/blog\/wp-json\/wp\/v2\/posts"}],"about":[{"href":"https:\/\/voyage-aventure.com\/blog\/wp-json\/wp\/v2\/types\/post"}],"author":[{"embeddable":true,"href":"https:\/\/voyage-aventure.com\/blog\/wp-json\/wp\/v2\/users\/34"}],"replies":[{"embeddable":true,"href":"https:\/\/voyage-aventure.com\/blog\/wp-json\/wp\/v2\/comments?post=12812"}],"version-history":[{"count":4,"href":"https:\/\/voyage-aventure.com\/blog\/wp-json\/wp\/v2\/posts\/12812\/revisions"}],"predecessor-version":[{"id":22668,"href":"https:\/\/voyage-aventure.com\/blog\/wp-json\/wp\/v2\/posts\/12812\/revisions\/22668"}],"wp:featuredmedia":[{"embeddable":true,"href":"https:\/\/voyage-aventure.com\/blog\/wp-json\/wp\/v2\/media\/12813"}],"wp:attachment":[{"href":"https:\/\/voyage-aventure.com\/blog\/wp-json\/wp\/v2\/media?parent=12812"}],"wp:term":[{"taxonomy":"category","embeddable":true,"href":"https:\/\/voyage-aventure.com\/blog\/wp-json\/wp\/v2\/categories?post=12812"},{"taxonomy":"post_tag","embeddable":true,"href":"https:\/\/voyage-aventure.com\/blog\/wp-json\/wp\/v2\/tags?post=12812"}],"curies":[{"name":"wp","href":"https:\/\/api.w.org\/{rel}","templated":true}]}}