{"id":12581,"date":"2026-06-16T16:49:33","date_gmt":"2026-06-16T14:49:33","guid":{"rendered":"https:\/\/voyage-aventure.com\/blog\/?p=12581"},"modified":"2026-06-16T16:49:33","modified_gmt":"2026-06-16T14:49:33","slug":"le-rsv-nuyina-entame-son-voyage-scientifique-vers-le-glacier-denman-en-antarctique","status":"publish","type":"post","link":"https:\/\/voyage-aventure.com\/blog\/destinations-aventure\/le-rsv-nuyina-entame-son-voyage-scientifique-vers-le-glacier-denman-en-antarctique\/","title":{"rendered":"Le RSV Nuyina entame son voyage scientifique vers le glacier Denman en Antarctique"},"content":{"rendered":"<link rel=\"stylesheet\" href=\"https:\/\/fonts.googleapis.com\/css2?family=Newsreader:ital,opsz,wght@0,6..72,500..700;1,6..72,500..600&#038;family=Inter:wght@400;500;600&#038;family=JetBrains+Mono:wght@500&#038;display=swap\">\n<style>\n.va-actu-wrap{font-family:'Inter',-apple-system,sans-serif;color:#1d242b;line-height:1.65;font-size:17px;max-width:760px;margin:0 auto}\n.va-actu-wrap h2{font-family:'Newsreader',Georgia,serif;font-weight:700;font-size:clamp(24px,3.2vw,33px);line-height:1.18;letter-spacing:-.01em;color:#101a24;margin:46px 0 16px}\n.va-actu-wrap h3{font-family:'Newsreader',Georgia,serif;font-weight:600;font-size:clamp(19px,2.3vw,22px);color:#13212c;margin:26px 0 10px}\n.va-actu-wrap p{margin:0 0 18px}\n.va-actu-dateline{font-family:'JetBrains Mono',monospace;font-size:12.5px;letter-spacing:.08em;text-transform:uppercase;color:#1e6e8c;margin:0 0 14px;font-weight:500}\n.va-actu-lead{font-family:'Newsreader',Georgia,serif;font-size:clamp(19px,2.4vw,22px);line-height:1.5;color:#33414c;font-style:italic;margin:0 0 30px}\n.va-actu-ess{background:#f3f8fb;border-left:5px solid #1e6e8c;border-radius:0 12px 12px 0;padding:22px 26px;margin:0 0 36px;box-shadow:0 1px 2px rgba(16,24,40,.05),0 12px 28px -18px rgba(16,24,40,.2)}\n.va-actu-ess .va-actu-kick{font-family:'JetBrains Mono',monospace;font-size:12px;letter-spacing:.1em;text-transform:uppercase;color:#1e6e8c;font-weight:500;margin:0 0 12px}\n.va-actu-ess ul{margin:0;padding:0;list-style:none}\n.va-actu-ess li{position:relative;padding:7px 0 7px 26px;border-bottom:1px solid #dde9ef}\n.va-actu-ess li:last-child{border-bottom:none}\n.va-actu-ess li::before{content:\"\u2192\";position:absolute;left:0;top:7px;color:#1e6e8c;font-weight:700}\n.va-actu-ess li strong{color:#101a24}\n.va-actu-grid{display:grid;grid-template-columns:repeat(auto-fit,minmax(220px,1fr));gap:20px;margin:24px 0 8px}\n.va-actu-card{background:#fff;border:1px solid #e4ebf0;border-top:3px solid #1e6e8c;border-radius:12px;padding:22px;transition:.25s ease;box-shadow:0 1px 2px rgba(16,24,40,.05)}\n.va-actu-card:hover{transform:translateY(-3px);box-shadow:0 1px 2px rgba(16,24,40,.06),0 16px 30px -18px rgba(16,24,40,.28)}\n.va-actu-card .va-actu-ct{font-family:'Newsreader',Georgia,serif;font-weight:600;font-size:19px;color:#101a24;margin:0 0 8px}\n.va-actu-card .va-actu-cd{font-size:15.5px;color:#475560;line-height:1.55}\n.va-actu-quote{font-family:'Newsreader',Georgia,serif;font-style:italic;font-size:clamp(21px,2.8vw,27px);line-height:1.42;color:#13212c;border-left:5px solid #1e6e8c;padding:6px 0 6px 26px;margin:36px 0}\n.va-actu-quote .va-actu-by{display:block;font-family:'JetBrains Mono',monospace;font-style:normal;font-size:13px;letter-spacing:.05em;color:#1e6e8c;margin-top:14px;text-transform:uppercase}\n.va-actu-stats{display:grid;grid-template-columns:repeat(auto-fit,minmax(150px,1fr));gap:16px;margin:28px 0}\n.va-actu-stat{background:#0f2330;border-radius:12px;padding:20px;text-align:center;color:#fff}\n.va-actu-stat .va-actu-num{font-family:'Newsreader',Georgia,serif;font-weight:700;font-size:30px;color:#5ec2e0;line-height:1.1}\n.va-actu-stat .va-actu-lab{font-family:'JetBrains Mono',monospace;font-size:11.5px;letter-spacing:.06em;text-transform:uppercase;color:#aebfc9;margin-top:8px}\n.va-actu-keep{background:#f3f8fb;border:1px solid #cfe3ec;border-radius:12px;padding:22px 26px;margin:40px 0}\n.va-actu-keep .va-actu-kick{font-family:'JetBrains Mono',monospace;font-size:12px;letter-spacing:.1em;text-transform:uppercase;color:#1e6e8c;font-weight:500;margin:0 0 12px}\n.va-actu-keep ul{margin:0;padding:0 0 0 4px;list-style:none}\n.va-actu-keep li{position:relative;padding:7px 0 7px 26px}\n.va-actu-keep li::before{content:\"\u2713\";position:absolute;left:0;top:6px;color:#1e6e8c;font-weight:700}\n.va-actu-faq{margin:36px 0}\n.va-actu-faq details{border:1px solid #e4ebf0;border-radius:12px;padding:0;margin:0 0 12px;background:#fff;transition:.25s ease}\n.va-actu-faq details[open]{border-color:#1e6e8c;box-shadow:0 12px 28px -20px rgba(16,24,40,.3)}\n.va-actu-faq summary{cursor:pointer;list-style:none;padding:16px 22px;font-family:'Newsreader',Georgia,serif;font-weight:600;font-size:18px;color:#101a24;position:relative}\n.va-actu-faq summary::-webkit-details-marker{display:none}\n.va-actu-faq summary::after{content:\"+\";position:absolute;right:22px;top:14px;color:#1e6e8c;font-size:22px;font-weight:600}\n.va-actu-faq details[open] summary::after{content:\"\u2212\"}\n.va-actu-faq .va-actu-ans{padding:0 22px 18px;font-size:16px;color:#475560;line-height:1.6}\n.va-actu-wrap img{max-width:100%;height:auto;border-radius:12px;margin:30px 0}\n\/*RENDERFIX2*\/.va-actu-stat{color:#eef3f9!important}.va-actu-stat p,.va-actu-stat li,.va-actu-stat strong,.va-actu-stat em,.va-actu-stat a,.va-actu-stat span,.va-actu-stat b,.va-actu-stat td,.va-actu-stat th,.va-actu-stat h2,.va-actu-stat h3,.va-actu-stat h4{color:#eef3f9!important}.va-actu-stat strong,.va-actu-stat b{color:#ffffff!important}<\/style>\n<div class=\"va-actu-wrap\">\n<div class=\"va-actu-dateline\">Antarctique \u00b7 Recherche climatique \u00b7 F\u00e9vrier 2025<\/div>\n<p class=\"va-actu-lead\">Le brise-glace australien RSV Nuyina quitte Hobart avec 60 chercheurs \u00e0 bord pour sa premi\u00e8re mission scientifique d\u00e9di\u00e9e : \u00e9tudier le glacier Denman, un \u00ab g\u00e9ant endormi \u00bb de l&rsquo;Antarctique de l&rsquo;Est dont la fonte pourrait faire monter le niveau de la mer de 1,5 m\u00e8tre.<\/p>\n<div class=\"va-actu-ess\">\n<div class=\"va-actu-kick\">L&rsquo;essentiel<\/div>\n<ul>\n<li><strong>Quoi \u2014<\/strong> Le RSV Nuyina, brise-glace de 528 millions de dollars, entame sa premi\u00e8re mission scientifique d\u00e9di\u00e9e vers le glacier Denman.<\/li>\n<li><strong>Qui &amp; quand \u2014<\/strong> 60 chercheurs au d\u00e9part de Hobart pour une exp\u00e9dition de deux mois, retour pr\u00e9vu \u00e0 Hobart d\u00e9but mai.<\/li>\n<li><strong>Pourquoi \u00e7a compte \u2014<\/strong> Le glacier Denman fond rapidement et pourrait \u00e0 lui seul \u00e9lever le niveau de la mer de 1,5 m\u00e8tre.<\/li>\n<\/ul>\n<\/div>\n<h2>Une mission tant attendue<\/h2>\n<p>Le RSV Nuyina, le brise-glace australien de 528 millions de dollars, s&rsquo;appr\u00eate \u00e0 entreprendre sa premi\u00e8re mission scientifique d\u00e9di\u00e9e depuis son entr\u00e9e en service. Cette exp\u00e9dition, qui a n\u00e9cessit\u00e9 plusieurs ann\u00e9es de pr\u00e9paration, marque un moment crucial pour la recherche en Antarctique. Emma Campbell, responsable de la Division antarctique australienne, a exprim\u00e9 son enthousiasme : \u00ab C&rsquo;est un voyage qui a \u00e9t\u00e9 longtemps en pr\u00e9paration. \u00bb<\/p>\n<p>Jusqu&rsquo;\u00e0 pr\u00e9sent, le Nuyina a effectu\u00e9 des missions limit\u00e9es, principalement pour des r\u00e9approvisionnements et une \u00e9vacuation d&rsquo;urgence. Avec l&rsquo;ach\u00e8vement des pr\u00e9paratifs, le navire partira de Hobart avec une \u00e9quipe de 60 chercheurs, pr\u00eate \u00e0 explorer les effets du changement climatique sur l&rsquo;environnement fragile de l&rsquo;Antarctique. \u00ab C&rsquo;est vraiment excitant que cela se concr\u00e9tise enfin \u00bb, a ajout\u00e9 Campbell.<\/p>\n<h2>Exploration du glacier Denman<\/h2>\n<p>Le Nuyina se dirigera vers le glacier Denman, un site crucial qui fond rapidement en raison du r\u00e9chauffement climatique. Ce glacier, qui a d\u00e9j\u00e0 recul\u00e9 de plus de 5 kilom\u00e8tres entre 1996 et 2018, a le potentiel de contribuer \u00e0 une \u00e9l\u00e9vation du niveau de la mer de 1,5 m\u00e8tre s&rsquo;il venait \u00e0 fondre totalement.<\/p>\n<div class=\"va-actu-quote\">\u00ab L&rsquo;est est comme un g\u00e9ant endormi. \u00bb<br \/>\n<span class=\"va-actu-by\">Pr Delphine Lannuzel<\/span><\/div>\n<p>Cette formule du professeur Delphine Lannuzel souligne l&rsquo;importance de cette r\u00e9gion pour la compr\u00e9hension des enjeux li\u00e9s \u00e0 la mont\u00e9e des eaux. Les scientifiques esp\u00e8rent que cette mission de deux mois leur permettra d&rsquo;acqu\u00e9rir des connaissances pr\u00e9cieuses sur la vuln\u00e9rabilit\u00e9 du glacier Denman face \u00e0 l&rsquo;oc\u00e9an r\u00e9chauff\u00e9. Dr Laura Herraiz Borreguero, du CSIRO, a pr\u00e9cis\u00e9 : \u00ab Nous voulons comprendre comment le glacier r\u00e9agit \u00e0 l&rsquo;oc\u00e9an en r\u00e9chauffement et la probabilit\u00e9 qu&rsquo;il contribue de mani\u00e8re significative \u00e0 la mont\u00e9e du niveau de la mer dans les prochaines d\u00e9cennies. \u00bb<\/p>\n<div class=\"va-actu-stats\">\n<div class=\"va-actu-stat\">\n<div class=\"va-actu-num\">528 M$<\/div>\n<div class=\"va-actu-lab\">co\u00fbt du brise-glace<\/div>\n<\/div>\n<div class=\"va-actu-stat\">\n<div class=\"va-actu-num\">5 km<\/div>\n<div class=\"va-actu-lab\">recul 1996-2018<\/div>\n<\/div>\n<div class=\"va-actu-stat\">\n<div class=\"va-actu-num\">1,5 m<\/div>\n<div class=\"va-actu-lab\">\u00e9l\u00e9vation mer potentielle<\/div>\n<\/div>\n<div class=\"va-actu-stat\">\n<div class=\"va-actu-num\">60<\/div>\n<div class=\"va-actu-lab\">chercheurs \u00e0 bord<\/div>\n<\/div>\n<\/div>\n<h2>Une \u00e9quipe multidisciplinaire en action<\/h2>\n<p>Les chercheurs travailleront sans rel\u00e2che pour tirer parti de l&rsquo;opportunit\u00e9 d&rsquo;\u00e9tudier le glacier et la vie marine environnante. \u00ab Le navire de recherche fonctionnera sur un horaire de 24 heures \u00bb, a expliqu\u00e9 le professeur Jan Strugnell. Les projets de recherche couvrent divers domaines, promouvant une approche multidisciplinaire essentielle pour appr\u00e9hender les complexit\u00e9s de l&rsquo;\u00e9cosyst\u00e8me antarctique.<\/p>\n<div class=\"va-actu-grid\">\n<div class=\"va-actu-card\">\n<div class=\"va-actu-ct\">Fond marin<\/div>\n<div class=\"va-actu-cd\">Cartographie du fond marin et \u00e9chantillonnage des s\u00e9diments pour \u00e9valuer la profondeur et la forme de l&rsquo;oc\u00e9an.<\/div>\n<\/div>\n<div class=\"va-actu-card\">\n<div class=\"va-actu-ct\">Atmosph\u00e8re<\/div>\n<div class=\"va-actu-cd\">Surveillance atmosph\u00e9rique pour am\u00e9liorer les projections climatiques.<\/div>\n<\/div>\n<div class=\"va-actu-card\">\n<div class=\"va-actu-ct\">Chimie de l&rsquo;oc\u00e9an<\/div>\n<div class=\"va-actu-cd\">Mesures des propri\u00e9t\u00e9s chimiques de l&rsquo;oc\u00e9an pour d\u00e9terminer son r\u00f4le dans la fonte des glaces.<\/div>\n<\/div>\n<div class=\"va-actu-card\">\n<div class=\"va-actu-ct\">Krill<\/div>\n<div class=\"va-actu-cd\">Documentation de la r\u00e9action du krill au r\u00e9chauffement et \u00e0 l&rsquo;acidification de l&rsquo;oc\u00e9an.<\/div>\n<\/div>\n<\/div>\n<p>Le professeur Strugnell et son \u00e9quipe pr\u00e9voient \u00e9galement de collecter des \u00e9chantillons de la vie benthique, y compris des esp\u00e8ces qui pourraient \u00eatre nouvelles pour la science. \u00ab L&rsquo;est de l&rsquo;Antarctique est tr\u00e8s peu \u00e9chantillonn\u00e9 pour la vie benthique \u00bb, a-t-il d\u00e9clar\u00e9. \u00ab Il est donc passionnant de pouvoir collecter ces animaux pour mieux comprendre leur diversit\u00e9 et leur connectivit\u00e9. \u00bb<\/p>\n<div class=\"va-actu-quote\">\u00ab Nous sommes pr\u00eats \u00e0 nous attendre \u00e0 l&rsquo;inattendu, \u00e0 en apprendre davantage sur la diversit\u00e9 de base et \u00e0 d\u00e9crire les environnements que nous rencontrons dans les diff\u00e9rentes zones. \u00bb<br \/>\n<span class=\"va-actu-by\">Dr Leonie Suter \u00b7 Coordinatrice scientifique de l&rsquo;AAD<\/span><\/div>\n<h2>Un soutien financier et des perspectives d&rsquo;avenir<\/h2>\n<p>La mission vers le glacier Denman a re\u00e7u un soutien financier significatif de 17,6 millions de dollars dans le budget de l&rsquo;ann\u00e9e derni\u00e8re. Ce financement souligne l&rsquo;engagement du gouvernement australien \u00e0 exploiter pleinement les capacit\u00e9s de recherche du Nuyina, tout en r\u00e9pondant aux pr\u00e9occupations soulev\u00e9es par des enqu\u00eates parlementaires sur l&rsquo;utilisation de ces ressources.<\/p>\n<p>Le Nuyina est pr\u00e9vu de retourner \u00e0 Hobart d\u00e9but mai, et d&rsquo;autres missions sont d\u00e9j\u00e0 planifi\u00e9es pour les \u00eeles Heard et McDonald en 2025-2026. Avec cet investissement, l&rsquo;Australie esp\u00e8re renforcer sa position en tant qu&rsquo;acteur cl\u00e9 dans la recherche sur le changement climatique en Antarctique, contribuant ainsi \u00e0 une meilleure compr\u00e9hension des d\u00e9fis environnementaux mondiaux.<\/p>\n<p>Cette exp\u00e9dition vers le glacier Denman repr\u00e9sente une avanc\u00e9e significative dans la recherche scientifique en Antarctique, et les r\u00e9sultats attendus pourraient influencer les politiques environnementales et les efforts de conservation \u00e0 l&rsquo;\u00e9chelle mondiale. Les chercheurs sont impatients de partager leurs d\u00e9couvertes, qui pourraient avoir un impact important sur notre compr\u00e9hension du changement climatique et de ses cons\u00e9quences pour les g\u00e9n\u00e9rations futures.<img decoding=\"async\" width=\"1024\" height=\"576\" src=\"https:\/\/voyage-aventure.com\/blog\/wp-content\/uploads\/2025\/02\/stability-le-rsv-nuyina-entame-son-voyage-scientifique-vers-le-glacier-denman-en-antarctique-1.png\" class=\"aligncenter\" alt=\"Illustration d\u00e9taill\u00e9e sur Le RSV Nuyina entame son voyage scientifique vers le glacier Denman en Antarctique\" title=\"Le RSV Nuyina entame son voyage scientifique vers le glacier Denman en Antarctique\" loading=\"lazy\" \/><\/p>\n<div class=\"va-actu-keep\">\n<div class=\"va-actu-kick\">\u00c0 retenir<\/div>\n<ul>\n<li>Le RSV Nuyina (528 M$) lance sa premi\u00e8re mission scientifique d\u00e9di\u00e9e, au d\u00e9part de Hobart avec 60 chercheurs.<\/li>\n<li>Cible : le glacier Denman, qui a recul\u00e9 de plus de 5 km entre 1996 et 2018 et pourrait \u00e9lever le niveau de la mer de 1,5 m.<\/li>\n<li>Programme multidisciplinaire de deux mois : fond marin, atmosph\u00e8re, chimie de l&rsquo;oc\u00e9an, krill et vie benthique, en fonctionnement 24 h\/24.<\/li>\n<li>Mission financ\u00e9e \u00e0 hauteur de 17,6 M$, retour pr\u00e9vu \u00e0 Hobart d\u00e9but mai, avec d&rsquo;autres exp\u00e9ditions planifi\u00e9es en 2025-2026.<\/li>\n<\/ul>\n<\/div>\n<h2>Questions fr\u00e9quentes<\/h2>\n<div class=\"va-actu-faq\">\n<details>\n<summary>Qu&rsquo;est-ce que le RSV Nuyina ?<\/summary>\n<div class=\"va-actu-ans\">C&rsquo;est le brise-glace australien de 528 millions de dollars de la Division antarctique australienne. Jusqu&rsquo;ici, il avait surtout assur\u00e9 des missions de r\u00e9approvisionnement et une \u00e9vacuation d&rsquo;urgence ; cette exp\u00e9dition est sa premi\u00e8re mission scientifique d\u00e9di\u00e9e.<\/div>\n<\/details>\n<details>\n<summary>Pourquoi le glacier Denman est-il \u00e9tudi\u00e9 en priorit\u00e9 ?<\/summary>\n<div class=\"va-actu-ans\">Parce qu&rsquo;il fond rapidement : il a recul\u00e9 de plus de 5 kilom\u00e8tres entre 1996 et 2018 et, s&rsquo;il venait \u00e0 fondre totalement, il pourrait contribuer \u00e0 une \u00e9l\u00e9vation du niveau de la mer de 1,5 m\u00e8tre. Le professeur Delphine Lannuzel le d\u00e9crit comme \u00ab un g\u00e9ant endormi \u00bb.<\/div>\n<\/details>\n<details>\n<summary>Combien de temps dure la mission ?<\/summary>\n<div class=\"va-actu-ans\">L&rsquo;exp\u00e9dition est pr\u00e9vue pour deux mois, avec un retour du Nuyina \u00e0 Hobart d\u00e9but mai. Le navire fonctionnera en continu, sur un horaire de 24 heures.<\/div>\n<\/details>\n<details>\n<summary>Que vont \u00e9tudier les chercheurs \u00e0 bord ?<\/summary>\n<div class=\"va-actu-ans\">Un programme multidisciplinaire : cartographie du fond marin et s\u00e9diments, surveillance atmosph\u00e9rique pour les projections climatiques, propri\u00e9t\u00e9s chimiques de l&rsquo;oc\u00e9an, r\u00e9action du krill au r\u00e9chauffement et \u00e0 l&rsquo;acidification, ainsi que la collecte d&rsquo;esp\u00e8ces benthiques potentiellement nouvelles pour la science.<\/div>\n<\/details>\n<details>\n<summary>Combien a co\u00fbt\u00e9 cette exp\u00e9dition ?<\/summary>\n<div class=\"va-actu-ans\">La mission vers le glacier Denman a b\u00e9n\u00e9fici\u00e9 d&rsquo;un financement de 17,6 millions de dollars dans le budget de l&rsquo;ann\u00e9e derni\u00e8re, dans le cadre de l&rsquo;engagement du gouvernement australien \u00e0 exploiter les capacit\u00e9s de recherche du Nuyina.<\/div>\n<\/details>\n<\/div>\n<\/div>\n","protected":false},"excerpt":{"rendered":"","protected":false},"author":34,"featured_media":12582,"comment_status":"open","ping_status":"open","sticky":false,"template":"","format":"standard","meta":{"_acf_changed":false,"manual_indexmenow":false,"indexmenow_id_project":0,"footnotes":""},"categories":[4520],"tags":[4639,3832,4388,4615,6008],"class_list":["post-12581","post","type-post","status-publish","format-standard","has-post-thumbnail","hentry","category-destinations-aventure","tag-aventure","tag-changement-climatique","tag-ecosysteme-sain","tag-exploration","tag-recherche-scientifique","generate-columns","tablet-grid-50","mobile-grid-100","grid-parent","grid-25"],"acf":[],"yoast_head":"<!-- This site is optimized with the Yoast SEO Premium plugin v21.3 (Yoast SEO v25.1) - https:\/\/yoast.com\/wordpress\/plugins\/seo\/ -->\n<title>Le RSV Nuyina entame son voyage scientifique vers le<\/title>\n<meta name=\"description\" content=\"Le brise-glace australien RSV Nuyina quitte Hobart avec 60 chercheurs \u00e0 bord pour sa premi\u00e8re mission scientifique d\u00e9di\u00e9e : \u00e9tudier le glacier Denman, un\" \/>\n<meta name=\"robots\" content=\"index, follow, max-snippet:-1, max-image-preview:large, max-video-preview:-1\" \/>\n<link rel=\"canonical\" href=\"https:\/\/voyage-aventure.com\/blog\/destinations-aventure\/le-rsv-nuyina-entame-son-voyage-scientifique-vers-le-glacier-denman-en-antarctique\/\" \/>\n<meta property=\"og:locale\" content=\"fr_FR\" \/>\n<meta property=\"og:type\" content=\"article\" \/>\n<meta property=\"og:title\" content=\"Le RSV Nuyina entame son voyage scientifique vers le\" \/>\n<meta property=\"og:description\" content=\"Le brise-glace australien RSV Nuyina quitte Hobart avec 60 chercheurs \u00e0 bord pour sa premi\u00e8re mission scientifique d\u00e9di\u00e9e : \u00e9tudier le glacier Denman, un\" \/>\n<meta property=\"og:url\" content=\"https:\/\/voyage-aventure.com\/blog\/destinations-aventure\/le-rsv-nuyina-entame-son-voyage-scientifique-vers-le-glacier-denman-en-antarctique\/\" \/>\n<meta property=\"og:site_name\" content=\"voyage-aventure\" \/>\n<meta property=\"og:image\" content=\"https:\/\/voyage-aventure.com\/blog\/wp-content\/uploads\/2025\/02\/stability-le-rsv-nuyina-entame-son-voyage-scientifique-vers-le-glacier-denman-en-antarctique.png\" \/>\n\t<meta property=\"og:image:width\" content=\"1024\" \/>\n\t<meta property=\"og:image:height\" content=\"576\" \/>\n\t<meta property=\"og:image:type\" content=\"image\/png\" \/>\n<meta name=\"author\" content=\"Camille Rouvray\" \/>\n<meta name=\"twitter:card\" content=\"summary_large_image\" \/>\n<script type=\"application\/ld+json\" class=\"yoast-schema-graph\">{\"@context\":\"https:\/\/schema.org\",\"@graph\":[{\"@type\":\"NewsArticle\",\"@id\":\"https:\/\/voyage-aventure.com\/blog\/destinations-aventure\/le-rsv-nuyina-entame-son-voyage-scientifique-vers-le-glacier-denman-en-antarctique\/#article\",\"isPartOf\":{\"@id\":\"https:\/\/voyage-aventure.com\/blog\/destinations-aventure\/le-rsv-nuyina-entame-son-voyage-scientifique-vers-le-glacier-denman-en-antarctique\/\"},\"author\":{\"name\":\"Camille Rouvray\",\"@id\":\"https:\/\/voyage-aventure.com\/blog\/#\/schema\/person\/3c864cdc320801e3db34b663e7e3f816\"},\"headline\":\"Le RSV Nuyina entame son voyage scientifique vers le glacier Denman en Antarctique\",\"datePublished\":\"2026-06-16T14:49:33+00:00\",\"mainEntityOfPage\":{\"@id\":\"https:\/\/voyage-aventure.com\/blog\/destinations-aventure\/le-rsv-nuyina-entame-son-voyage-scientifique-vers-le-glacier-denman-en-antarctique\/\"},\"wordCount\":1242,\"commentCount\":22,\"publisher\":{\"@id\":\"https:\/\/voyage-aventure.com\/blog\/#organization\"},\"image\":{\"@id\":\"https:\/\/voyage-aventure.com\/blog\/destinations-aventure\/le-rsv-nuyina-entame-son-voyage-scientifique-vers-le-glacier-denman-en-antarctique\/#primaryimage\"},\"thumbnailUrl\":\"https:\/\/voyage-aventure.com\/blog\/wp-content\/uploads\/2025\/02\/stability-le-rsv-nuyina-entame-son-voyage-scientifique-vers-le-glacier-denman-en-antarctique.png\",\"keywords\":[\"Aventure\",\"Changement Climatique\",\"\u00c9cosyst\u00e8me Sain\",\"Exploration\",\"Recherche Scientifique\"],\"articleSection\":[\"Destinations Aventure\"],\"inLanguage\":\"fr-FR\",\"potentialAction\":[{\"@type\":\"CommentAction\",\"name\":\"Comment\",\"target\":[\"https:\/\/voyage-aventure.com\/blog\/destinations-aventure\/le-rsv-nuyina-entame-son-voyage-scientifique-vers-le-glacier-denman-en-antarctique\/#respond\"]}]},{\"@type\":\"WebPage\",\"@id\":\"https:\/\/voyage-aventure.com\/blog\/destinations-aventure\/le-rsv-nuyina-entame-son-voyage-scientifique-vers-le-glacier-denman-en-antarctique\/\",\"url\":\"https:\/\/voyage-aventure.com\/blog\/destinations-aventure\/le-rsv-nuyina-entame-son-voyage-scientifique-vers-le-glacier-denman-en-antarctique\/\",\"name\":\"Le RSV Nuyina entame son voyage scientifique vers le\",\"isPartOf\":{\"@id\":\"https:\/\/voyage-aventure.com\/blog\/#website\"},\"primaryImageOfPage\":{\"@id\":\"https:\/\/voyage-aventure.com\/blog\/destinations-aventure\/le-rsv-nuyina-entame-son-voyage-scientifique-vers-le-glacier-denman-en-antarctique\/#primaryimage\"},\"image\":{\"@id\":\"https:\/\/voyage-aventure.com\/blog\/destinations-aventure\/le-rsv-nuyina-entame-son-voyage-scientifique-vers-le-glacier-denman-en-antarctique\/#primaryimage\"},\"thumbnailUrl\":\"https:\/\/voyage-aventure.com\/blog\/wp-content\/uploads\/2025\/02\/stability-le-rsv-nuyina-entame-son-voyage-scientifique-vers-le-glacier-denman-en-antarctique.png\",\"datePublished\":\"2026-06-16T14:49:33+00:00\",\"description\":\"Le brise-glace australien RSV Nuyina quitte Hobart avec 60 chercheurs \u00e0 bord pour sa premi\u00e8re mission scientifique d\u00e9di\u00e9e : \u00e9tudier le glacier Denman, un\",\"inLanguage\":\"fr-FR\",\"potentialAction\":[{\"@type\":\"ReadAction\",\"target\":[\"https:\/\/voyage-aventure.com\/blog\/destinations-aventure\/le-rsv-nuyina-entame-son-voyage-scientifique-vers-le-glacier-denman-en-antarctique\/\"]}]},{\"@type\":\"ImageObject\",\"inLanguage\":\"fr-FR\",\"@id\":\"https:\/\/voyage-aventure.com\/blog\/destinations-aventure\/le-rsv-nuyina-entame-son-voyage-scientifique-vers-le-glacier-denman-en-antarctique\/#primaryimage\",\"url\":\"https:\/\/voyage-aventure.com\/blog\/wp-content\/uploads\/2025\/02\/stability-le-rsv-nuyina-entame-son-voyage-scientifique-vers-le-glacier-denman-en-antarctique.png\",\"contentUrl\":\"https:\/\/voyage-aventure.com\/blog\/wp-content\/uploads\/2025\/02\/stability-le-rsv-nuyina-entame-son-voyage-scientifique-vers-le-glacier-denman-en-antarctique.png\",\"width\":1024,\"height\":576},{\"@type\":\"WebSite\",\"@id\":\"https:\/\/voyage-aventure.com\/blog\/#website\",\"url\":\"https:\/\/voyage-aventure.com\/blog\/\",\"name\":\"voyage-aventure.com\",\"description\":\"Votre passeport pour l\u2019inattendu.\",\"publisher\":{\"@id\":\"https:\/\/voyage-aventure.com\/blog\/#organization\"},\"alternateName\":\"Votre passeport pour l\u2019inattendu.\",\"potentialAction\":[{\"@type\":\"SearchAction\",\"target\":{\"@type\":\"EntryPoint\",\"urlTemplate\":\"https:\/\/voyage-aventure.com\/blog\/?s={search_term_string}\"},\"query-input\":{\"@type\":\"PropertyValueSpecification\",\"valueRequired\":true,\"valueName\":\"search_term_string\"}}],\"inLanguage\":\"fr-FR\"},{\"@type\":\"Organization\",\"@id\":\"https:\/\/voyage-aventure.com\/blog\/#organization\",\"name\":\"Foretsensations.fr\",\"url\":\"https:\/\/voyage-aventure.com\/blog\/\",\"logo\":{\"@type\":\"ImageObject\",\"inLanguage\":\"fr-FR\",\"@id\":\"https:\/\/voyage-aventure.com\/blog\/#\/schema\/logo\/image\/\",\"url\":\"https:\/\/voyage-aventure.com\/blog\/wp-content\/uploads\/2024\/12\/19.png\",\"contentUrl\":\"https:\/\/voyage-aventure.com\/blog\/wp-content\/uploads\/2024\/12\/19.png\",\"width\":512,\"height\":512,\"caption\":\"Foretsensations.fr\"},\"image\":{\"@id\":\"https:\/\/voyage-aventure.com\/blog\/#\/schema\/logo\/image\/\"}},{\"@type\":\"Person\",\"@id\":\"https:\/\/voyage-aventure.com\/blog\/#\/schema\/person\/3c864cdc320801e3db34b663e7e3f816\",\"name\":\"Camille Rouvray\",\"image\":{\"@type\":\"ImageObject\",\"inLanguage\":\"fr-FR\",\"@id\":\"https:\/\/voyage-aventure.com\/blog\/#\/schema\/person\/image\/\",\"url\":\"https:\/\/voyage-aventure.com\/blog\/wp-content\/uploads\/2026\/06\/persona_camille-r-96x96.jpg\",\"contentUrl\":\"https:\/\/voyage-aventure.com\/blog\/wp-content\/uploads\/2026\/06\/persona_camille-r-96x96.jpg\",\"caption\":\"Camille Rouvray\"},\"description\":\"Je voyage et j'\u00e9cris sur le voyage depuis une douzaine d'ann\u00e9es, d'abord en tant que routarde au long cours, puis comme r\u00e9dactrice sp\u00e9cialis\u00e9e. Mon terrain de pr\u00e9dilection, ce sont les circuits organis\u00e9s et l'art de bien pr\u00e9parer un itin\u00e9raire : choix de la saison, dur\u00e9e r\u00e9aliste des \u00e9tapes, budget jour par jour, logement et transport sur place. J'aime aussi raconter les p\u00e9pites urbaines, ces adresses qu'on ne trouve pas dans les guides classiques. Avant de publier un dossier destination, je croise toujours plusieurs sources, je v\u00e9rifie les tarifs et les formalit\u00e9s d'entr\u00e9e \u00e0 jour, et je teste moi-m\u00eame quand je le peux. Mon angle reste pratique avant tout : aider le lecteur \u00e0 partir l'esprit tranquille, sans mauvaise surprise une fois sur place. Je m'attache \u00e0 distinguer le coup de c\u0153ur sinc\u00e8re du simple argument marketing.\",\"sameAs\":[\"https:\/\/camillerouvray.fr\/\"],\"url\":\"https:\/\/voyage-aventure.com\/blog\/auteur\/noname\/\"}]}<\/script>\n<!-- \/ Yoast SEO Premium plugin. -->","yoast_head_json":{"title":"Le RSV Nuyina entame son voyage scientifique vers le","description":"Le brise-glace australien RSV Nuyina quitte Hobart avec 60 chercheurs \u00e0 bord pour sa premi\u00e8re mission scientifique d\u00e9di\u00e9e : \u00e9tudier le glacier Denman, un","robots":{"index":"index","follow":"follow","max-snippet":"max-snippet:-1","max-image-preview":"max-image-preview:large","max-video-preview":"max-video-preview:-1"},"canonical":"https:\/\/voyage-aventure.com\/blog\/destinations-aventure\/le-rsv-nuyina-entame-son-voyage-scientifique-vers-le-glacier-denman-en-antarctique\/","og_locale":"fr_FR","og_type":"article","og_title":"Le RSV Nuyina entame son voyage scientifique vers le","og_description":"Le brise-glace australien RSV Nuyina quitte Hobart avec 60 chercheurs \u00e0 bord pour sa premi\u00e8re mission scientifique d\u00e9di\u00e9e : \u00e9tudier le glacier Denman, un","og_url":"https:\/\/voyage-aventure.com\/blog\/destinations-aventure\/le-rsv-nuyina-entame-son-voyage-scientifique-vers-le-glacier-denman-en-antarctique\/","og_site_name":"voyage-aventure","og_image":[{"width":1024,"height":576,"url":"https:\/\/voyage-aventure.com\/blog\/wp-content\/uploads\/2025\/02\/stability-le-rsv-nuyina-entame-son-voyage-scientifique-vers-le-glacier-denman-en-antarctique.png","type":"image\/png"}],"author":"Camille Rouvray","twitter_card":"summary_large_image","schema":{"@context":"https:\/\/schema.org","@graph":[{"@type":"NewsArticle","@id":"https:\/\/voyage-aventure.com\/blog\/destinations-aventure\/le-rsv-nuyina-entame-son-voyage-scientifique-vers-le-glacier-denman-en-antarctique\/#article","isPartOf":{"@id":"https:\/\/voyage-aventure.com\/blog\/destinations-aventure\/le-rsv-nuyina-entame-son-voyage-scientifique-vers-le-glacier-denman-en-antarctique\/"},"author":{"name":"Camille Rouvray","@id":"https:\/\/voyage-aventure.com\/blog\/#\/schema\/person\/3c864cdc320801e3db34b663e7e3f816"},"headline":"Le RSV Nuyina entame son voyage scientifique vers le glacier Denman en Antarctique","datePublished":"2026-06-16T14:49:33+00:00","mainEntityOfPage":{"@id":"https:\/\/voyage-aventure.com\/blog\/destinations-aventure\/le-rsv-nuyina-entame-son-voyage-scientifique-vers-le-glacier-denman-en-antarctique\/"},"wordCount":1242,"commentCount":22,"publisher":{"@id":"https:\/\/voyage-aventure.com\/blog\/#organization"},"image":{"@id":"https:\/\/voyage-aventure.com\/blog\/destinations-aventure\/le-rsv-nuyina-entame-son-voyage-scientifique-vers-le-glacier-denman-en-antarctique\/#primaryimage"},"thumbnailUrl":"https:\/\/voyage-aventure.com\/blog\/wp-content\/uploads\/2025\/02\/stability-le-rsv-nuyina-entame-son-voyage-scientifique-vers-le-glacier-denman-en-antarctique.png","keywords":["Aventure","Changement Climatique","\u00c9cosyst\u00e8me Sain","Exploration","Recherche Scientifique"],"articleSection":["Destinations Aventure"],"inLanguage":"fr-FR","potentialAction":[{"@type":"CommentAction","name":"Comment","target":["https:\/\/voyage-aventure.com\/blog\/destinations-aventure\/le-rsv-nuyina-entame-son-voyage-scientifique-vers-le-glacier-denman-en-antarctique\/#respond"]}]},{"@type":"WebPage","@id":"https:\/\/voyage-aventure.com\/blog\/destinations-aventure\/le-rsv-nuyina-entame-son-voyage-scientifique-vers-le-glacier-denman-en-antarctique\/","url":"https:\/\/voyage-aventure.com\/blog\/destinations-aventure\/le-rsv-nuyina-entame-son-voyage-scientifique-vers-le-glacier-denman-en-antarctique\/","name":"Le RSV Nuyina entame son voyage scientifique vers le","isPartOf":{"@id":"https:\/\/voyage-aventure.com\/blog\/#website"},"primaryImageOfPage":{"@id":"https:\/\/voyage-aventure.com\/blog\/destinations-aventure\/le-rsv-nuyina-entame-son-voyage-scientifique-vers-le-glacier-denman-en-antarctique\/#primaryimage"},"image":{"@id":"https:\/\/voyage-aventure.com\/blog\/destinations-aventure\/le-rsv-nuyina-entame-son-voyage-scientifique-vers-le-glacier-denman-en-antarctique\/#primaryimage"},"thumbnailUrl":"https:\/\/voyage-aventure.com\/blog\/wp-content\/uploads\/2025\/02\/stability-le-rsv-nuyina-entame-son-voyage-scientifique-vers-le-glacier-denman-en-antarctique.png","datePublished":"2026-06-16T14:49:33+00:00","description":"Le brise-glace australien RSV Nuyina quitte Hobart avec 60 chercheurs \u00e0 bord pour sa premi\u00e8re mission scientifique d\u00e9di\u00e9e : \u00e9tudier le glacier Denman, un","inLanguage":"fr-FR","potentialAction":[{"@type":"ReadAction","target":["https:\/\/voyage-aventure.com\/blog\/destinations-aventure\/le-rsv-nuyina-entame-son-voyage-scientifique-vers-le-glacier-denman-en-antarctique\/"]}]},{"@type":"ImageObject","inLanguage":"fr-FR","@id":"https:\/\/voyage-aventure.com\/blog\/destinations-aventure\/le-rsv-nuyina-entame-son-voyage-scientifique-vers-le-glacier-denman-en-antarctique\/#primaryimage","url":"https:\/\/voyage-aventure.com\/blog\/wp-content\/uploads\/2025\/02\/stability-le-rsv-nuyina-entame-son-voyage-scientifique-vers-le-glacier-denman-en-antarctique.png","contentUrl":"https:\/\/voyage-aventure.com\/blog\/wp-content\/uploads\/2025\/02\/stability-le-rsv-nuyina-entame-son-voyage-scientifique-vers-le-glacier-denman-en-antarctique.png","width":1024,"height":576},{"@type":"WebSite","@id":"https:\/\/voyage-aventure.com\/blog\/#website","url":"https:\/\/voyage-aventure.com\/blog\/","name":"voyage-aventure.com","description":"Votre passeport pour l\u2019inattendu.","publisher":{"@id":"https:\/\/voyage-aventure.com\/blog\/#organization"},"alternateName":"Votre passeport pour l\u2019inattendu.","potentialAction":[{"@type":"SearchAction","target":{"@type":"EntryPoint","urlTemplate":"https:\/\/voyage-aventure.com\/blog\/?s={search_term_string}"},"query-input":{"@type":"PropertyValueSpecification","valueRequired":true,"valueName":"search_term_string"}}],"inLanguage":"fr-FR"},{"@type":"Organization","@id":"https:\/\/voyage-aventure.com\/blog\/#organization","name":"Foretsensations.fr","url":"https:\/\/voyage-aventure.com\/blog\/","logo":{"@type":"ImageObject","inLanguage":"fr-FR","@id":"https:\/\/voyage-aventure.com\/blog\/#\/schema\/logo\/image\/","url":"https:\/\/voyage-aventure.com\/blog\/wp-content\/uploads\/2024\/12\/19.png","contentUrl":"https:\/\/voyage-aventure.com\/blog\/wp-content\/uploads\/2024\/12\/19.png","width":512,"height":512,"caption":"Foretsensations.fr"},"image":{"@id":"https:\/\/voyage-aventure.com\/blog\/#\/schema\/logo\/image\/"}},{"@type":"Person","@id":"https:\/\/voyage-aventure.com\/blog\/#\/schema\/person\/3c864cdc320801e3db34b663e7e3f816","name":"Camille Rouvray","image":{"@type":"ImageObject","inLanguage":"fr-FR","@id":"https:\/\/voyage-aventure.com\/blog\/#\/schema\/person\/image\/","url":"https:\/\/voyage-aventure.com\/blog\/wp-content\/uploads\/2026\/06\/persona_camille-r-96x96.jpg","contentUrl":"https:\/\/voyage-aventure.com\/blog\/wp-content\/uploads\/2026\/06\/persona_camille-r-96x96.jpg","caption":"Camille Rouvray"},"description":"Je voyage et j'\u00e9cris sur le voyage depuis une douzaine d'ann\u00e9es, d'abord en tant que routarde au long cours, puis comme r\u00e9dactrice sp\u00e9cialis\u00e9e. Mon terrain de pr\u00e9dilection, ce sont les circuits organis\u00e9s et l'art de bien pr\u00e9parer un itin\u00e9raire : choix de la saison, dur\u00e9e r\u00e9aliste des \u00e9tapes, budget jour par jour, logement et transport sur place. J'aime aussi raconter les p\u00e9pites urbaines, ces adresses qu'on ne trouve pas dans les guides classiques. Avant de publier un dossier destination, je croise toujours plusieurs sources, je v\u00e9rifie les tarifs et les formalit\u00e9s d'entr\u00e9e \u00e0 jour, et je teste moi-m\u00eame quand je le peux. Mon angle reste pratique avant tout : aider le lecteur \u00e0 partir l'esprit tranquille, sans mauvaise surprise une fois sur place. Je m'attache \u00e0 distinguer le coup de c\u0153ur sinc\u00e8re du simple argument marketing.","sameAs":["https:\/\/camillerouvray.fr\/"],"url":"https:\/\/voyage-aventure.com\/blog\/auteur\/noname\/"}]}},"_links":{"self":[{"href":"https:\/\/voyage-aventure.com\/blog\/wp-json\/wp\/v2\/posts\/12581","targetHints":{"allow":["GET"]}}],"collection":[{"href":"https:\/\/voyage-aventure.com\/blog\/wp-json\/wp\/v2\/posts"}],"about":[{"href":"https:\/\/voyage-aventure.com\/blog\/wp-json\/wp\/v2\/types\/post"}],"author":[{"embeddable":true,"href":"https:\/\/voyage-aventure.com\/blog\/wp-json\/wp\/v2\/users\/34"}],"replies":[{"embeddable":true,"href":"https:\/\/voyage-aventure.com\/blog\/wp-json\/wp\/v2\/comments?post=12581"}],"version-history":[{"count":3,"href":"https:\/\/voyage-aventure.com\/blog\/wp-json\/wp\/v2\/posts\/12581\/revisions"}],"predecessor-version":[{"id":22658,"href":"https:\/\/voyage-aventure.com\/blog\/wp-json\/wp\/v2\/posts\/12581\/revisions\/22658"}],"wp:featuredmedia":[{"embeddable":true,"href":"https:\/\/voyage-aventure.com\/blog\/wp-json\/wp\/v2\/media\/12582"}],"wp:attachment":[{"href":"https:\/\/voyage-aventure.com\/blog\/wp-json\/wp\/v2\/media?parent=12581"}],"wp:term":[{"taxonomy":"category","embeddable":true,"href":"https:\/\/voyage-aventure.com\/blog\/wp-json\/wp\/v2\/categories?post=12581"},{"taxonomy":"post_tag","embeddable":true,"href":"https:\/\/voyage-aventure.com\/blog\/wp-json\/wp\/v2\/tags?post=12581"}],"curies":[{"name":"wp","href":"https:\/\/api.w.org\/{rel}","templated":true}]}}