{"id":12387,"date":"2026-09-02T14:27:10","date_gmt":"2026-09-02T12:27:10","guid":{"rendered":"https:\/\/voyage-aventure.com\/blog\/?p=12387"},"modified":"2026-09-02T14:27:10","modified_gmt":"2026-09-02T12:27:10","slug":"les-consequences-dune-greve-en-grece-sur-vos-projets-de-voyage-a-athenes-et-aux-iles-grecques","status":"publish","type":"post","link":"https:\/\/voyage-aventure.com\/blog\/a-la-une\/les-consequences-dune-greve-en-grece-sur-vos-projets-de-voyage-a-athenes-et-aux-iles-grecques\/","title":{"rendered":"Gr\u00e8ve g\u00e9n\u00e9rale en Gr\u00e8ce le 28 f\u00e9vrier 2025 : ce qui s&rsquo;est pass\u00e9 pour les vols vers Ath\u00e8nes et les \u00eeles grecques"},"content":{"rendered":"<p><em>Article publi\u00e9 le 24 f\u00e9vrier 2025, alors que la gr\u00e8ve \u00e9tait encore \u00e0 venir. R\u00e9\u00e9crit et rev\u00e9rifi\u00e9 le 2 septembre 2026 : le mouvement a bien eu lieu, et l&rsquo;ensemble du texte a \u00e9t\u00e9 remis au pass\u00e9. Les faits ajout\u00e9s depuis sont dat\u00e9s et attribu\u00e9s.<\/em><\/p>\n<p>Le <strong>28 f\u00e9vrier 2025<\/strong>, la Gr\u00e8ce a connu une gr\u00e8ve g\u00e9n\u00e9rale de 24 heures suivie dans tout le pays. Les contr\u00f4leurs a\u00e9riens s&rsquo;y \u00e9tant joints, le trafic a\u00e9rien commercial \u00e0 destination et en provenance du pays a \u00e9t\u00e9 interrompu pour la journ\u00e9e. Ce mouvement marquait le <strong>deuxi\u00e8me anniversaire de la collision ferroviaire de Temp\u00e9<\/strong>, survenue le 28 f\u00e9vrier 2023 dans le centre-est de la Gr\u00e8ce, pr\u00e8s de Larissa, qui avait co\u00fbt\u00e9 la vie \u00e0 <strong>57 personnes<\/strong> et fait environ 180 bless\u00e9s.<\/p>\n<p>Selon l&rsquo;article de presse professionnelle qui a servi de base \u00e0 cette page, l&rsquo;arr\u00eat visait au premier chef l&rsquo;<strong>a\u00e9roport international Elefth\u00e9rios-Veniz\u00e9los d&rsquo;Ath\u00e8nes<\/strong>, d\u00e9crit comme traitant <strong>plus de 400 vols par jour<\/strong>. Seuls quelques vols essentiels devaient \u00eatre maintenus : <strong>\u00e9vacuations m\u00e9dicales, missions de recherche et de sauvetage, transport gouvernemental<\/strong>. Aucun autre trafic commercial n&rsquo;\u00e9tait trait\u00e9.<\/p>\n<h2>Une gr\u00e8ve nationale aux cons\u00e9quences bien plus larges que l&rsquo;a\u00e9rien<\/h2>\n<p>La participation des contr\u00f4leurs a\u00e9riens a \u00e9t\u00e9 la plus visible pour le secteur touristique, mais le mouvement lui-m\u00eame naissait d&rsquo;une contestation beaucoup plus large sur la s\u00e9curit\u00e9 des transports en Gr\u00e8ce. Depuis la catastrophe de 2023, les critiques sur la conduite de l&rsquo;enqu\u00eate n&rsquo;avaient cess\u00e9 de cro\u00eetre. La gr\u00e8ve, soutenue par de nombreux syndicats, r\u00e9clamait justice pour les victimes et des r\u00e9formes de s\u00e9curit\u00e9 dans les syst\u00e8mes de transport du pays.<\/p>\n<p>Elle s&rsquo;inscrivait aussi dans une s\u00e9quence plus large de conflits sociaux en Europe, o\u00f9 les salari\u00e9s des secteurs critiques \u2014 transports, sant\u00e9, services publics \u2014 s&rsquo;opposaient aux politiques gouvernementales. Les compagnies exploitant des routes internationales via les a\u00e9roports grecs devaient d\u00e9router ou annuler leurs services.<\/p>\n<h2>Ce qui s&rsquo;est r\u00e9ellement pass\u00e9 le 28 f\u00e9vrier 2025<\/h2>\n<p>Le mouvement a \u00e9t\u00e9 appel\u00e9 par les deux grandes conf\u00e9d\u00e9rations syndicales grecques, la <strong>GSEE<\/strong> (secteur priv\u00e9) et l&rsquo;<strong>ADEDY<\/strong> (fonction publique), rejointes par la grande majorit\u00e9 des syndicats locaux, sous la forme d&rsquo;une gr\u00e8ve nationale de 24 heures. Des rassemblements ont eu lieu dans <strong>plus de 262 villes et villages<\/strong>, en Gr\u00e8ce et \u00e0 l&rsquo;\u00e9tranger. \u00c0 la mi-journ\u00e9e, la police avan\u00e7ait le chiffre de <strong>325 000 manifestants<\/strong> dans l&rsquo;ensemble du pays (Le Monde avec AFP, 28 f\u00e9vrier 2025) ; la presse fran\u00e7aise et grecque a d\u00e9crit une mobilisation <strong>historique<\/strong> (TF1 Info, 28 f\u00e9vrier 2025). \u00c0 Ath\u00e8nes, le rassemblement devant le Parlement a \u00e9t\u00e9 temporairement dispers\u00e9 apr\u00e8s des heurts, avant que la manifestation ne reprenne.<\/p>\n<p>C\u00f4t\u00e9 a\u00e9rien, les annulations ont bien eu lieu et avaient \u00e9t\u00e9 annonc\u00e9es \u00e0 l&rsquo;avance : <strong>Aegean Airlines a annul\u00e9 la plus grande partie de ses vols du 28 f\u00e9vrier<\/strong> (eKathimerini, 21 f\u00e9vrier 2025) ; <strong>Emirates<\/strong> a signal\u00e9 des perturbations sur ses liaisons vers Ath\u00e8nes (Gulf News, 26 f\u00e9vrier 2025) ; <strong>Turkish Airlines<\/strong> a annul\u00e9 plusieurs vols dans le contexte des gr\u00e8ves en Gr\u00e8ce et en Allemagne (T\u00fcrkiye Today, 28 f\u00e9vrier 2025) ; la compagnie roumaine <strong>TAROM<\/strong> avait publi\u00e9 un avis aux voyageurs d\u00e8s le 24 f\u00e9vrier 2025.<\/p>\n<h2>Ce que les voyageurs ont subi, et ce que les compagnies ont propos\u00e9<\/h2>\n<p>Pour les touristes qui devaient prendre l&rsquo;avion vers ou depuis la Gr\u00e8ce ce jour-l\u00e0, la journ\u00e9e s&rsquo;est traduite par des annulations et des retards importants. Les conseillers en voyages avaient recommand\u00e9 de reprogrammer les vols ou de se pr\u00e9parer \u00e0 des d\u00e9lais.<\/p>\n<p><strong>Les perturbations \u00e0 anticiper \u00e9taient les suivantes :<\/strong><\/p>\n<ul>\n<li><strong>Aucun vol commercial au d\u00e9part de Gr\u00e8ce le 28 f\u00e9vrier<\/strong>, \u00e0 l&rsquo;exception des vols essentiels mentionn\u00e9s plus haut.<\/li>\n<li><strong>Reprogrammation ou annulation des d\u00e9parts d&rsquo;Ath\u00e8nes et des autres a\u00e9roports grecs par les compagnies.<\/strong><\/li>\n<li><strong>Restrictions possibles d&rsquo;espace a\u00e9rien pour les vols internationaux transitant par la Gr\u00e8ce.<\/strong><\/li>\n<li><strong>Difficult\u00e9s de rebooking<\/strong> en raison de la forte demande sur les itin\u00e9raires alternatifs.<\/li>\n<\/ul>\n<p>Certaines compagnies avaient commenc\u00e9 \u00e0 proposer des changements gratuits ou des itin\u00e9raires alternatifs pour les vols initialement pr\u00e9vus ce jour-l\u00e0. La situation n&rsquo;\u00e9tait toutefois pas la m\u00eame pour tous : les passagers munis de <strong>billets flexibles<\/strong> pouvaient reprogrammer plus facilement, tandis que ceux d\u00e9tenant des <strong>r\u00e9servations non remboursables<\/strong> risquaient de peiner \u00e0 obtenir un vol de remplacement \u2014 une distinction que l&rsquo;on retrouve \u00e0 chaque mouvement de ce type.<img decoding=\"async\" width=\"1024\" height=\"576\" src=\"https:\/\/voyage-aventure.com\/blog\/wp-content\/uploads\/2025\/02\/stability-les-consequences-dune-greve-en-grece-sur-vos-projets-de-voyage-a-athenes-et-aux-iles-grecques-1.png\" class=\"aligncenter\" alt=\"Gr\u00e8ve g\u00e9n\u00e9rale du 28 f\u00e9vrier 2025 en Gr\u00e8ce : cons\u00e9quences sur les vols vers Ath\u00e8nes et les \u00eeles grecques\" title=\"Gr\u00e8ve g\u00e9n\u00e9rale du 28 f\u00e9vrier 2025 en Gr\u00e8ce : cons\u00e9quences sur les vols vers Ath\u00e8nes et les \u00eeles grecques\" loading=\"lazy\" \/><\/p>\n<p>Les grandes agences de voyages ont travaill\u00e9 avec les clients concern\u00e9s pour limiter les d\u00e9sagr\u00e9ments, en recommandant \u00e0 ceux qui pr\u00e9voyaient de se rendre en Gr\u00e8ce fin f\u00e9vrier de rester flexibles et d&rsquo;envisager d&rsquo;arriver un jour plus t\u00f4t ou plus tard.<\/p>\n<h2>Un coup dur de plus pour le tourisme grec<\/h2>\n<p>Le secteur touristique grec, qui se relevait alors d&rsquo;autres perturbations \u2014 dont la crise sismique de Santorin de l&rsquo;hiver 2025 \u2014 a encaiss\u00e9 l\u00e0 un nouveau d\u00e9fi op\u00e9rationnel. Le pays connaissait une croissance touristique record, mais la r\u00e9p\u00e9tition des gr\u00e8ves et des difficult\u00e9s de transport pouvait inqui\u00e9ter les visiteurs internationaux.<\/p>\n<p>En tant que principal hub a\u00e9rien du pays, Ath\u00e8nes relie les voyageurs aux grandes destinations grecques, au premier rang desquelles les \u00eeles, Santorin, la Cr\u00e8te et Thessalonique. M\u00eame une interruption d&rsquo;une journ\u00e9e peut d\u00e9caler des embarquements de croisi\u00e8re, des programmes de visite et des r\u00e9servations d&rsquo;h\u00e9bergement.<\/p>\n<p>\u00c0 l&rsquo;issue de la journ\u00e9e, les offices de tourisme et les acteurs du secteur ont appel\u00e9 le gouvernement grec \u00e0 travailler \u00e0 une stabilit\u00e9 durable des services de transport, afin que les voyageurs puissent organiser leurs s\u00e9jours avec confiance.<\/p>\n<h2>Une vuln\u00e9rabilit\u00e9 qui n&rsquo;est pas propre \u00e0 la Gr\u00e8ce<\/h2>\n<p>Cette journ\u00e9e a rappel\u00e9 la fragilit\u00e9 des r\u00e9seaux de transport a\u00e9rien. Des d\u00e9brayages de contr\u00f4leurs a\u00e9riens avaient d\u00e9j\u00e0 d\u00e9sorganis\u00e9 l&rsquo;aviation europ\u00e9enne, notamment <strong>en France, en Allemagne et en Espagne<\/strong>, avec des retards et des annulations \u00e0 l&rsquo;\u00e9chelle du continent. Pour les voyageurs comme pour le secteur, ces \u00e9pisodes rappellent la n\u00e9cessit\u00e9 de plans de repli, de politiques de r\u00e9servation souples et d&rsquo;une communication claire des compagnies.<\/p>\n<h2>Ce qui s&rsquo;est pass\u00e9 depuis : le dossier n&rsquo;est pas clos<\/h2>\n<p>Un article sur une gr\u00e8ve est une information p\u00e9rissable. Voici ce qui est \u00e9tabli depuis, avec les dates :<\/p>\n<ul>\n<li><strong>Fin f\u00e9vrier 2025<\/strong> \u2014 le rapport d&rsquo;enqu\u00eate sur la catastrophe de Temp\u00e9 conclut \u00e0 une <strong>erreur humaine<\/strong>, mais pointe aussi une <strong>infrastructure obsol\u00e8te<\/strong> et des <strong>d\u00e9faillances syst\u00e9miques majeures<\/strong> (Euronews, 28 f\u00e9vrier 2025). <em>Les sources consult\u00e9es divergent d&rsquo;un jour sur la date exacte de publication du rapport ; elle n&rsquo;est donc pas tranch\u00e9e ici.<\/em><\/li>\n<li><strong>9 avril 2025<\/strong> \u2014 nouvelle gr\u00e8ve g\u00e9n\u00e9rale de 24 heures, cette fois sur les salaires, les conventions collectives et le co\u00fbt de la vie. L&rsquo;a\u00e9roport d&rsquo;Ath\u00e8nes annonce <strong>aucun vol de 00 h 00 \u00e0 23 h 59<\/strong> ; les contr\u00f4leurs n&rsquo;assurent que les vols m\u00e9dicaux, de recherche et sauvetage, humanitaires et militaires ; <strong>Aegean et Olympic Air<\/strong> proposent un changement de billet sans frais ou un avoir (Air Journal, 8 avril 2025).<\/li>\n<li><strong>1er octobre 2025<\/strong> \u2014 nouvelle gr\u00e8ve nationale, transport a\u00e9rien de nouveau fortement perturb\u00e9 (Air Journal, 30 septembre 2025).<\/li>\n<li><strong>23 mars 2026<\/strong> \u2014 ouverture du proc\u00e8s de la catastrophe de Temp\u00e9, avec <strong>36 accus\u00e9s<\/strong> (Ouest-France et Sud Ouest, 14 octobre 2025). L&rsquo;audience est <strong>ajourn\u00e9e d\u00e8s son ouverture<\/strong> en raison de vives tensions dans la salle (Le Monde, 23 mars 2026).<\/li>\n<li><strong>28 f\u00e9vrier 2026<\/strong> \u2014 troisi\u00e8me anniversaire : de nouvelles manifestations rassemblent des milliers de personnes en Gr\u00e8ce (RTBF et RTL, 28 f\u00e9vrier 2026).<\/li>\n<\/ul>\n<p><em>Au 2 septembre 2026, nous n&rsquo;avons pas trouv\u00e9 de source fiable d\u00e9crivant la reprise des audiences apr\u00e8s l&rsquo;ajournement du 23 mars 2026. Nous pr\u00e9f\u00e9rons le dire plut\u00f4t que de l&rsquo;inventer.<\/em><\/p>\n<h2>Que faire aujourd&rsquo;hui avant de partir en Gr\u00e8ce<\/h2>\n<p>Les conseils de f\u00e9vrier 2025 restaient valables pour cette journ\u00e9e pr\u00e9cise. Aujourd&rsquo;hui, aucun \u00e9l\u00e9ment de cette page ne doit servir \u00e0 pr\u00e9parer un voyage : il faut consulter des sources vivantes.<\/p>\n<ul>\n<li><strong>V\u00e9rifier aupr\u00e8s de sa compagnie<\/strong> l&rsquo;\u00e9tat du vol et les conditions de modification, qui varient selon le type de billet.<\/li>\n<li><strong>Consulter les conseils aux voyageurs officiels<\/strong> \u2014 pour les ressortissants fran\u00e7ais, la page du minist\u00e8re de l&rsquo;Europe et des Affaires \u00e9trang\u00e8res : <a href=\"https:\/\/www.diplomatie.gouv.fr\/fr\/conseils-aux-voyageurs\" rel=\"nofollow noopener\" target=\"_blank\">Conseils aux voyageurs (diplomatie.gouv.fr)<\/a>.<\/li>\n<li><strong>Surveiller les pr\u00e9avis de gr\u00e8ve<\/strong> annonc\u00e9s par les syndicats grecs, qui sont g\u00e9n\u00e9ralement rendus publics plusieurs jours \u00e0 l&rsquo;avance, comme ce fut le cas en f\u00e9vrier et en avril 2025.<\/li>\n<li><strong>Souscrire une assurance voyage<\/strong> couvrant annulations et retards, en v\u00e9rifiant que les mouvements sociaux ne sont pas exclus du contrat.<\/li>\n<\/ul>\n<h2>Ce que cet \u00e9pisode a laiss\u00e9<\/h2>\n<p>La Gr\u00e8ce reste une destination majeure, et son tourisme d\u00e9pend \u00e9troitement de l&rsquo;efficacit\u00e9 de ses transports. Les gr\u00e8ves de 2025 n&rsquo;ont pas entam\u00e9 durablement sa fr\u00e9quentation, mais elles ont montr\u00e9 qu&rsquo;un seul jour d&rsquo;arr\u00eat \u00e0 Ath\u00e8nes suffit \u00e0 d\u00e9sorganiser toute une cha\u00eene de voyages en M\u00e9diterran\u00e9e. Le fond du conflit \u2014 la s\u00e9curit\u00e9 ferroviaire et la recherche des responsabilit\u00e9s de la catastrophe de Temp\u00e9 \u2014 n&rsquo;\u00e9tait toujours pas sold\u00e9 au moment de cette relecture, le proc\u00e8s ayant \u00e9t\u00e9 ajourn\u00e9 d\u00e8s sa premi\u00e8re audience.<\/p>\n<p><iframe loading=\"lazy\" title=\"S&#039;expatrier en Gr\u00e8ce : Le co\u00fbt de la vie et les salaires en Gr\u00e8ce\" width=\"1200\" height=\"675\" src=\"https:\/\/www.youtube.com\/embed\/N51L85MAMMQ?feature=oembed\" frameborder=\"0\" allow=\"accelerometer; autoplay; clipboard-write; encrypted-media; gyroscope; picture-in-picture; web-share\" referrerpolicy=\"strict-origin-when-cross-origin\" allowfullscreen><\/iframe><\/p>\n<p><em>Note \u00e9ditoriale (2 septembre 2026) : la vid\u00e9o ci-dessus, intitul\u00e9e \u00ab S&rsquo;expatrier en Gr\u00e8ce : le co\u00fbt de la vie et les salaires en Gr\u00e8ce \u00bb, a \u00e9t\u00e9 associ\u00e9e automatiquement \u00e0 cet article sur le seul mot \u00ab Gr\u00e8ce \u00bb. Elle porte sur l&rsquo;expatriation et le pouvoir d&rsquo;achat, et non sur la gr\u00e8ve du 28 f\u00e9vrier 2025 ni sur le trafic a\u00e9rien. Elle est conserv\u00e9e telle quelle, mais elle n&rsquo;illustre pas le sujet de cette page.<\/em><\/p>\n","protected":false},"excerpt":{"rendered":"","protected":false},"author":34,"featured_media":12388,"comment_status":"open","ping_status":"open","sticky":false,"template":"","format":"standard","meta":{"_acf_changed":false,"manual_indexmenow":false,"indexmenow_id_project":0,"footnotes":""},"categories":[1],"tags":[4556,6006,4713,3170],"class_list":["post-12387","post","type-post","status-publish","format-standard","has-post-thumbnail","hentry","category-a-la-une","tag-assurance-voyage","tag-greve-nationale","tag-preparation","tag-securite","generate-columns","tablet-grid-50","mobile-grid-100","grid-parent","grid-25"],"acf":[],"yoast_head":"<!-- This site is optimized with the Yoast SEO Premium plugin v21.3 (Yoast SEO v25.1) - https:\/\/yoast.com\/wordpress\/plugins\/seo\/ -->\n<title>Gr\u00e8ve du 28 f\u00e9vrier 2025 en Gr\u00e8ce : les vols vers Ath\u00e8nes et les \u00eeles<\/title>\n<meta name=\"description\" content=\"Le 28 f\u00e9vrier 2025, une gr\u00e8ve g\u00e9n\u00e9rale de 24 h a interrompu les vols en Gr\u00e8ce. R\u00e9cit dat\u00e9, bilan r\u00e9el et suites jusqu&#039;en 2026.\" \/>\n<meta name=\"robots\" content=\"index, follow, max-snippet:-1, max-image-preview:large, max-video-preview:-1\" \/>\n<link rel=\"canonical\" href=\"https:\/\/voyage-aventure.com\/blog\/a-la-une\/les-consequences-dune-greve-en-grece-sur-vos-projets-de-voyage-a-athenes-et-aux-iles-grecques\/\" \/>\n<meta property=\"og:locale\" content=\"fr_FR\" \/>\n<meta property=\"og:type\" content=\"article\" \/>\n<meta property=\"og:title\" content=\"Gr\u00e8ve du 28 f\u00e9vrier 2025 en Gr\u00e8ce : les vols vers Ath\u00e8nes et les \u00eeles\" \/>\n<meta property=\"og:description\" content=\"Le 28 f\u00e9vrier 2025, une gr\u00e8ve g\u00e9n\u00e9rale de 24 h a interrompu les vols en Gr\u00e8ce. R\u00e9cit dat\u00e9, bilan r\u00e9el et suites jusqu&#039;en 2026.\" \/>\n<meta property=\"og:url\" content=\"https:\/\/voyage-aventure.com\/blog\/a-la-une\/les-consequences-dune-greve-en-grece-sur-vos-projets-de-voyage-a-athenes-et-aux-iles-grecques\/\" \/>\n<meta property=\"og:site_name\" content=\"voyage-aventure\" \/>\n<meta property=\"og:image\" content=\"https:\/\/voyage-aventure.com\/blog\/wp-content\/uploads\/2025\/02\/stability-les-consequences-dune-greve-en-grece-sur-vos-projets-de-voyage-a-athenes-et-aux-iles-grecques.png\" \/>\n\t<meta property=\"og:image:width\" content=\"1024\" \/>\n\t<meta property=\"og:image:height\" content=\"576\" \/>\n\t<meta property=\"og:image:type\" content=\"image\/png\" \/>\n<meta name=\"author\" content=\"Camille Rouvray\" \/>\n<meta name=\"twitter:card\" content=\"summary_large_image\" \/>\n<script type=\"application\/ld+json\" class=\"yoast-schema-graph\">{\"@context\":\"https:\/\/schema.org\",\"@graph\":[{\"@type\":\"NewsArticle\",\"@id\":\"https:\/\/voyage-aventure.com\/blog\/a-la-une\/les-consequences-dune-greve-en-grece-sur-vos-projets-de-voyage-a-athenes-et-aux-iles-grecques\/#article\",\"isPartOf\":{\"@id\":\"https:\/\/voyage-aventure.com\/blog\/a-la-une\/les-consequences-dune-greve-en-grece-sur-vos-projets-de-voyage-a-athenes-et-aux-iles-grecques\/\"},\"author\":{\"name\":\"Camille Rouvray\",\"@id\":\"https:\/\/voyage-aventure.com\/blog\/#\/schema\/person\/3c864cdc320801e3db34b663e7e3f816\"},\"headline\":\"Gr\u00e8ve g\u00e9n\u00e9rale en Gr\u00e8ce le 28 f\u00e9vrier 2025 : ce qui s&rsquo;est pass\u00e9 pour les vols vers Ath\u00e8nes et les \u00eeles grecques\",\"datePublished\":\"2026-09-02T12:27:10+00:00\",\"mainEntityOfPage\":{\"@id\":\"https:\/\/voyage-aventure.com\/blog\/a-la-une\/les-consequences-dune-greve-en-grece-sur-vos-projets-de-voyage-a-athenes-et-aux-iles-grecques\/\"},\"wordCount\":1705,\"commentCount\":24,\"publisher\":{\"@id\":\"https:\/\/voyage-aventure.com\/blog\/#organization\"},\"image\":{\"@id\":\"https:\/\/voyage-aventure.com\/blog\/a-la-une\/les-consequences-dune-greve-en-grece-sur-vos-projets-de-voyage-a-athenes-et-aux-iles-grecques\/#primaryimage\"},\"thumbnailUrl\":\"https:\/\/voyage-aventure.com\/blog\/wp-content\/uploads\/2025\/02\/stability-les-consequences-dune-greve-en-grece-sur-vos-projets-de-voyage-a-athenes-et-aux-iles-grecques.png\",\"keywords\":[\"Assurance Voyage\",\"Gr\u00e8ve Nationale\",\"Pr\u00e9paration\",\"S\u00e9curit\u00e9\"],\"articleSection\":[\"\u00c0 la une\"],\"inLanguage\":\"fr-FR\",\"potentialAction\":[{\"@type\":\"CommentAction\",\"name\":\"Comment\",\"target\":[\"https:\/\/voyage-aventure.com\/blog\/a-la-une\/les-consequences-dune-greve-en-grece-sur-vos-projets-de-voyage-a-athenes-et-aux-iles-grecques\/#respond\"]}]},{\"@type\":\"WebPage\",\"@id\":\"https:\/\/voyage-aventure.com\/blog\/a-la-une\/les-consequences-dune-greve-en-grece-sur-vos-projets-de-voyage-a-athenes-et-aux-iles-grecques\/\",\"url\":\"https:\/\/voyage-aventure.com\/blog\/a-la-une\/les-consequences-dune-greve-en-grece-sur-vos-projets-de-voyage-a-athenes-et-aux-iles-grecques\/\",\"name\":\"Gr\u00e8ve du 28 f\u00e9vrier 2025 en Gr\u00e8ce : les vols vers Ath\u00e8nes et les \u00eeles\",\"isPartOf\":{\"@id\":\"https:\/\/voyage-aventure.com\/blog\/#website\"},\"primaryImageOfPage\":{\"@id\":\"https:\/\/voyage-aventure.com\/blog\/a-la-une\/les-consequences-dune-greve-en-grece-sur-vos-projets-de-voyage-a-athenes-et-aux-iles-grecques\/#primaryimage\"},\"image\":{\"@id\":\"https:\/\/voyage-aventure.com\/blog\/a-la-une\/les-consequences-dune-greve-en-grece-sur-vos-projets-de-voyage-a-athenes-et-aux-iles-grecques\/#primaryimage\"},\"thumbnailUrl\":\"https:\/\/voyage-aventure.com\/blog\/wp-content\/uploads\/2025\/02\/stability-les-consequences-dune-greve-en-grece-sur-vos-projets-de-voyage-a-athenes-et-aux-iles-grecques.png\",\"datePublished\":\"2026-09-02T12:27:10+00:00\",\"description\":\"Le 28 f\u00e9vrier 2025, une gr\u00e8ve g\u00e9n\u00e9rale de 24 h a interrompu les vols en Gr\u00e8ce. R\u00e9cit dat\u00e9, bilan r\u00e9el et suites jusqu'en 2026.\",\"inLanguage\":\"fr-FR\",\"potentialAction\":[{\"@type\":\"ReadAction\",\"target\":[\"https:\/\/voyage-aventure.com\/blog\/a-la-une\/les-consequences-dune-greve-en-grece-sur-vos-projets-de-voyage-a-athenes-et-aux-iles-grecques\/\"]}]},{\"@type\":\"ImageObject\",\"inLanguage\":\"fr-FR\",\"@id\":\"https:\/\/voyage-aventure.com\/blog\/a-la-une\/les-consequences-dune-greve-en-grece-sur-vos-projets-de-voyage-a-athenes-et-aux-iles-grecques\/#primaryimage\",\"url\":\"https:\/\/voyage-aventure.com\/blog\/wp-content\/uploads\/2025\/02\/stability-les-consequences-dune-greve-en-grece-sur-vos-projets-de-voyage-a-athenes-et-aux-iles-grecques.png\",\"contentUrl\":\"https:\/\/voyage-aventure.com\/blog\/wp-content\/uploads\/2025\/02\/stability-les-consequences-dune-greve-en-grece-sur-vos-projets-de-voyage-a-athenes-et-aux-iles-grecques.png\",\"width\":1024,\"height\":576},{\"@type\":\"WebSite\",\"@id\":\"https:\/\/voyage-aventure.com\/blog\/#website\",\"url\":\"https:\/\/voyage-aventure.com\/blog\/\",\"name\":\"voyage-aventure.com\",\"description\":\"Votre passeport pour l\u2019inattendu.\",\"publisher\":{\"@id\":\"https:\/\/voyage-aventure.com\/blog\/#organization\"},\"alternateName\":\"Votre passeport pour l\u2019inattendu.\",\"potentialAction\":[{\"@type\":\"SearchAction\",\"target\":{\"@type\":\"EntryPoint\",\"urlTemplate\":\"https:\/\/voyage-aventure.com\/blog\/?s={search_term_string}\"},\"query-input\":{\"@type\":\"PropertyValueSpecification\",\"valueRequired\":true,\"valueName\":\"search_term_string\"}}],\"inLanguage\":\"fr-FR\"},{\"@type\":\"Organization\",\"@id\":\"https:\/\/voyage-aventure.com\/blog\/#organization\",\"name\":\"Foretsensations.fr\",\"url\":\"https:\/\/voyage-aventure.com\/blog\/\",\"logo\":{\"@type\":\"ImageObject\",\"inLanguage\":\"fr-FR\",\"@id\":\"https:\/\/voyage-aventure.com\/blog\/#\/schema\/logo\/image\/\",\"url\":\"https:\/\/voyage-aventure.com\/blog\/wp-content\/uploads\/2024\/12\/19.png\",\"contentUrl\":\"https:\/\/voyage-aventure.com\/blog\/wp-content\/uploads\/2024\/12\/19.png\",\"width\":512,\"height\":512,\"caption\":\"Foretsensations.fr\"},\"image\":{\"@id\":\"https:\/\/voyage-aventure.com\/blog\/#\/schema\/logo\/image\/\"}},{\"@type\":\"Person\",\"@id\":\"https:\/\/voyage-aventure.com\/blog\/#\/schema\/person\/3c864cdc320801e3db34b663e7e3f816\",\"name\":\"Camille Rouvray\",\"image\":{\"@type\":\"ImageObject\",\"inLanguage\":\"fr-FR\",\"@id\":\"https:\/\/voyage-aventure.com\/blog\/#\/schema\/person\/image\/\",\"url\":\"https:\/\/voyage-aventure.com\/blog\/wp-content\/uploads\/2026\/06\/persona_camille-r-96x96.jpg\",\"contentUrl\":\"https:\/\/voyage-aventure.com\/blog\/wp-content\/uploads\/2026\/06\/persona_camille-r-96x96.jpg\",\"caption\":\"Camille Rouvray\"},\"description\":\"Je voyage et j'\u00e9cris sur le voyage depuis une douzaine d'ann\u00e9es, d'abord en tant que routarde au long cours, puis comme r\u00e9dactrice sp\u00e9cialis\u00e9e. Mon terrain de pr\u00e9dilection, ce sont les circuits organis\u00e9s et l'art de bien pr\u00e9parer un itin\u00e9raire : choix de la saison, dur\u00e9e r\u00e9aliste des \u00e9tapes, budget jour par jour, logement et transport sur place. J'aime aussi raconter les p\u00e9pites urbaines, ces adresses qu'on ne trouve pas dans les guides classiques. Avant de publier un dossier destination, je croise toujours plusieurs sources, je v\u00e9rifie les tarifs et les formalit\u00e9s d'entr\u00e9e \u00e0 jour, et je teste moi-m\u00eame quand je le peux. Mon angle reste pratique avant tout : aider le lecteur \u00e0 partir l'esprit tranquille, sans mauvaise surprise une fois sur place. Je m'attache \u00e0 distinguer le coup de c\u0153ur sinc\u00e8re du simple argument marketing.\",\"sameAs\":[\"https:\/\/camillerouvray.fr\/\"],\"url\":\"https:\/\/voyage-aventure.com\/blog\/auteur\/noname\/\"}]}<\/script>\n<!-- \/ Yoast SEO Premium plugin. -->","yoast_head_json":{"title":"Gr\u00e8ve du 28 f\u00e9vrier 2025 en Gr\u00e8ce : les vols vers Ath\u00e8nes et les \u00eeles","description":"Le 28 f\u00e9vrier 2025, une gr\u00e8ve g\u00e9n\u00e9rale de 24 h a interrompu les vols en Gr\u00e8ce. R\u00e9cit dat\u00e9, bilan r\u00e9el et suites jusqu'en 2026.","robots":{"index":"index","follow":"follow","max-snippet":"max-snippet:-1","max-image-preview":"max-image-preview:large","max-video-preview":"max-video-preview:-1"},"canonical":"https:\/\/voyage-aventure.com\/blog\/a-la-une\/les-consequences-dune-greve-en-grece-sur-vos-projets-de-voyage-a-athenes-et-aux-iles-grecques\/","og_locale":"fr_FR","og_type":"article","og_title":"Gr\u00e8ve du 28 f\u00e9vrier 2025 en Gr\u00e8ce : les vols vers Ath\u00e8nes et les \u00eeles","og_description":"Le 28 f\u00e9vrier 2025, une gr\u00e8ve g\u00e9n\u00e9rale de 24 h a interrompu les vols en Gr\u00e8ce. R\u00e9cit dat\u00e9, bilan r\u00e9el et suites jusqu'en 2026.","og_url":"https:\/\/voyage-aventure.com\/blog\/a-la-une\/les-consequences-dune-greve-en-grece-sur-vos-projets-de-voyage-a-athenes-et-aux-iles-grecques\/","og_site_name":"voyage-aventure","og_image":[{"width":1024,"height":576,"url":"https:\/\/voyage-aventure.com\/blog\/wp-content\/uploads\/2025\/02\/stability-les-consequences-dune-greve-en-grece-sur-vos-projets-de-voyage-a-athenes-et-aux-iles-grecques.png","type":"image\/png"}],"author":"Camille Rouvray","twitter_card":"summary_large_image","schema":{"@context":"https:\/\/schema.org","@graph":[{"@type":"NewsArticle","@id":"https:\/\/voyage-aventure.com\/blog\/a-la-une\/les-consequences-dune-greve-en-grece-sur-vos-projets-de-voyage-a-athenes-et-aux-iles-grecques\/#article","isPartOf":{"@id":"https:\/\/voyage-aventure.com\/blog\/a-la-une\/les-consequences-dune-greve-en-grece-sur-vos-projets-de-voyage-a-athenes-et-aux-iles-grecques\/"},"author":{"name":"Camille Rouvray","@id":"https:\/\/voyage-aventure.com\/blog\/#\/schema\/person\/3c864cdc320801e3db34b663e7e3f816"},"headline":"Gr\u00e8ve g\u00e9n\u00e9rale en Gr\u00e8ce le 28 f\u00e9vrier 2025 : ce qui s&rsquo;est pass\u00e9 pour les vols vers Ath\u00e8nes et les \u00eeles grecques","datePublished":"2026-09-02T12:27:10+00:00","mainEntityOfPage":{"@id":"https:\/\/voyage-aventure.com\/blog\/a-la-une\/les-consequences-dune-greve-en-grece-sur-vos-projets-de-voyage-a-athenes-et-aux-iles-grecques\/"},"wordCount":1705,"commentCount":24,"publisher":{"@id":"https:\/\/voyage-aventure.com\/blog\/#organization"},"image":{"@id":"https:\/\/voyage-aventure.com\/blog\/a-la-une\/les-consequences-dune-greve-en-grece-sur-vos-projets-de-voyage-a-athenes-et-aux-iles-grecques\/#primaryimage"},"thumbnailUrl":"https:\/\/voyage-aventure.com\/blog\/wp-content\/uploads\/2025\/02\/stability-les-consequences-dune-greve-en-grece-sur-vos-projets-de-voyage-a-athenes-et-aux-iles-grecques.png","keywords":["Assurance Voyage","Gr\u00e8ve Nationale","Pr\u00e9paration","S\u00e9curit\u00e9"],"articleSection":["\u00c0 la une"],"inLanguage":"fr-FR","potentialAction":[{"@type":"CommentAction","name":"Comment","target":["https:\/\/voyage-aventure.com\/blog\/a-la-une\/les-consequences-dune-greve-en-grece-sur-vos-projets-de-voyage-a-athenes-et-aux-iles-grecques\/#respond"]}]},{"@type":"WebPage","@id":"https:\/\/voyage-aventure.com\/blog\/a-la-une\/les-consequences-dune-greve-en-grece-sur-vos-projets-de-voyage-a-athenes-et-aux-iles-grecques\/","url":"https:\/\/voyage-aventure.com\/blog\/a-la-une\/les-consequences-dune-greve-en-grece-sur-vos-projets-de-voyage-a-athenes-et-aux-iles-grecques\/","name":"Gr\u00e8ve du 28 f\u00e9vrier 2025 en Gr\u00e8ce : les vols vers Ath\u00e8nes et les \u00eeles","isPartOf":{"@id":"https:\/\/voyage-aventure.com\/blog\/#website"},"primaryImageOfPage":{"@id":"https:\/\/voyage-aventure.com\/blog\/a-la-une\/les-consequences-dune-greve-en-grece-sur-vos-projets-de-voyage-a-athenes-et-aux-iles-grecques\/#primaryimage"},"image":{"@id":"https:\/\/voyage-aventure.com\/blog\/a-la-une\/les-consequences-dune-greve-en-grece-sur-vos-projets-de-voyage-a-athenes-et-aux-iles-grecques\/#primaryimage"},"thumbnailUrl":"https:\/\/voyage-aventure.com\/blog\/wp-content\/uploads\/2025\/02\/stability-les-consequences-dune-greve-en-grece-sur-vos-projets-de-voyage-a-athenes-et-aux-iles-grecques.png","datePublished":"2026-09-02T12:27:10+00:00","description":"Le 28 f\u00e9vrier 2025, une gr\u00e8ve g\u00e9n\u00e9rale de 24 h a interrompu les vols en Gr\u00e8ce. R\u00e9cit dat\u00e9, bilan r\u00e9el et suites jusqu'en 2026.","inLanguage":"fr-FR","potentialAction":[{"@type":"ReadAction","target":["https:\/\/voyage-aventure.com\/blog\/a-la-une\/les-consequences-dune-greve-en-grece-sur-vos-projets-de-voyage-a-athenes-et-aux-iles-grecques\/"]}]},{"@type":"ImageObject","inLanguage":"fr-FR","@id":"https:\/\/voyage-aventure.com\/blog\/a-la-une\/les-consequences-dune-greve-en-grece-sur-vos-projets-de-voyage-a-athenes-et-aux-iles-grecques\/#primaryimage","url":"https:\/\/voyage-aventure.com\/blog\/wp-content\/uploads\/2025\/02\/stability-les-consequences-dune-greve-en-grece-sur-vos-projets-de-voyage-a-athenes-et-aux-iles-grecques.png","contentUrl":"https:\/\/voyage-aventure.com\/blog\/wp-content\/uploads\/2025\/02\/stability-les-consequences-dune-greve-en-grece-sur-vos-projets-de-voyage-a-athenes-et-aux-iles-grecques.png","width":1024,"height":576},{"@type":"WebSite","@id":"https:\/\/voyage-aventure.com\/blog\/#website","url":"https:\/\/voyage-aventure.com\/blog\/","name":"voyage-aventure.com","description":"Votre passeport pour l\u2019inattendu.","publisher":{"@id":"https:\/\/voyage-aventure.com\/blog\/#organization"},"alternateName":"Votre passeport pour l\u2019inattendu.","potentialAction":[{"@type":"SearchAction","target":{"@type":"EntryPoint","urlTemplate":"https:\/\/voyage-aventure.com\/blog\/?s={search_term_string}"},"query-input":{"@type":"PropertyValueSpecification","valueRequired":true,"valueName":"search_term_string"}}],"inLanguage":"fr-FR"},{"@type":"Organization","@id":"https:\/\/voyage-aventure.com\/blog\/#organization","name":"Foretsensations.fr","url":"https:\/\/voyage-aventure.com\/blog\/","logo":{"@type":"ImageObject","inLanguage":"fr-FR","@id":"https:\/\/voyage-aventure.com\/blog\/#\/schema\/logo\/image\/","url":"https:\/\/voyage-aventure.com\/blog\/wp-content\/uploads\/2024\/12\/19.png","contentUrl":"https:\/\/voyage-aventure.com\/blog\/wp-content\/uploads\/2024\/12\/19.png","width":512,"height":512,"caption":"Foretsensations.fr"},"image":{"@id":"https:\/\/voyage-aventure.com\/blog\/#\/schema\/logo\/image\/"}},{"@type":"Person","@id":"https:\/\/voyage-aventure.com\/blog\/#\/schema\/person\/3c864cdc320801e3db34b663e7e3f816","name":"Camille Rouvray","image":{"@type":"ImageObject","inLanguage":"fr-FR","@id":"https:\/\/voyage-aventure.com\/blog\/#\/schema\/person\/image\/","url":"https:\/\/voyage-aventure.com\/blog\/wp-content\/uploads\/2026\/06\/persona_camille-r-96x96.jpg","contentUrl":"https:\/\/voyage-aventure.com\/blog\/wp-content\/uploads\/2026\/06\/persona_camille-r-96x96.jpg","caption":"Camille Rouvray"},"description":"Je voyage et j'\u00e9cris sur le voyage depuis une douzaine d'ann\u00e9es, d'abord en tant que routarde au long cours, puis comme r\u00e9dactrice sp\u00e9cialis\u00e9e. Mon terrain de pr\u00e9dilection, ce sont les circuits organis\u00e9s et l'art de bien pr\u00e9parer un itin\u00e9raire : choix de la saison, dur\u00e9e r\u00e9aliste des \u00e9tapes, budget jour par jour, logement et transport sur place. J'aime aussi raconter les p\u00e9pites urbaines, ces adresses qu'on ne trouve pas dans les guides classiques. Avant de publier un dossier destination, je croise toujours plusieurs sources, je v\u00e9rifie les tarifs et les formalit\u00e9s d'entr\u00e9e \u00e0 jour, et je teste moi-m\u00eame quand je le peux. Mon angle reste pratique avant tout : aider le lecteur \u00e0 partir l'esprit tranquille, sans mauvaise surprise une fois sur place. Je m'attache \u00e0 distinguer le coup de c\u0153ur sinc\u00e8re du simple argument marketing.","sameAs":["https:\/\/camillerouvray.fr\/"],"url":"https:\/\/voyage-aventure.com\/blog\/auteur\/noname\/"}]}},"_links":{"self":[{"href":"https:\/\/voyage-aventure.com\/blog\/wp-json\/wp\/v2\/posts\/12387","targetHints":{"allow":["GET"]}}],"collection":[{"href":"https:\/\/voyage-aventure.com\/blog\/wp-json\/wp\/v2\/posts"}],"about":[{"href":"https:\/\/voyage-aventure.com\/blog\/wp-json\/wp\/v2\/types\/post"}],"author":[{"embeddable":true,"href":"https:\/\/voyage-aventure.com\/blog\/wp-json\/wp\/v2\/users\/34"}],"replies":[{"embeddable":true,"href":"https:\/\/voyage-aventure.com\/blog\/wp-json\/wp\/v2\/comments?post=12387"}],"version-history":[{"count":3,"href":"https:\/\/voyage-aventure.com\/blog\/wp-json\/wp\/v2\/posts\/12387\/revisions"}],"predecessor-version":[{"id":23280,"href":"https:\/\/voyage-aventure.com\/blog\/wp-json\/wp\/v2\/posts\/12387\/revisions\/23280"}],"wp:featuredmedia":[{"embeddable":true,"href":"https:\/\/voyage-aventure.com\/blog\/wp-json\/wp\/v2\/media\/12388"}],"wp:attachment":[{"href":"https:\/\/voyage-aventure.com\/blog\/wp-json\/wp\/v2\/media?parent=12387"}],"wp:term":[{"taxonomy":"category","embeddable":true,"href":"https:\/\/voyage-aventure.com\/blog\/wp-json\/wp\/v2\/categories?post=12387"},{"taxonomy":"post_tag","embeddable":true,"href":"https:\/\/voyage-aventure.com\/blog\/wp-json\/wp\/v2\/tags?post=12387"}],"curies":[{"name":"wp","href":"https:\/\/api.w.org\/{rel}","templated":true}]}}