{"id":12353,"date":"2026-06-16T16:49:13","date_gmt":"2026-06-16T14:49:13","guid":{"rendered":"https:\/\/voyage-aventure.com\/blog\/?p=12353"},"modified":"2026-06-16T16:49:13","modified_gmt":"2026-06-16T14:49:13","slug":"canadiens-en-colere-annulent-leurs-voyages-aux-etats-unis-a-cause-des-tensions-commerciales","status":"publish","type":"post","link":"https:\/\/voyage-aventure.com\/blog\/a-la-une\/canadiens-en-colere-annulent-leurs-voyages-aux-etats-unis-a-cause-des-tensions-commerciales\/","title":{"rendered":"Canadiens en col\u00e8re annulent leurs voyages aux \u00c9tats-Unis \u00e0 cause des tensions commerciales"},"content":{"rendered":"<link rel=\"stylesheet\" href=\"https:\/\/fonts.googleapis.com\/css2?family=Newsreader:ital,opsz,wght@0,6..72,500..700;1,6..72,500..600&#038;family=Inter:wght@400;500;600&#038;family=JetBrains+Mono:wght@500&#038;display=swap\">\n<style>\n.va-actu-wrap{font-family:'Inter',-apple-system,BlinkMacSystemFont,sans-serif;color:#1c1d22;line-height:1.65;font-size:17.5px;max-width:760px;}\n.va-actu-wrap h2{font-family:'Newsreader',Georgia,serif;font-weight:700;font-size:clamp(24px,3.2vw,33px);line-height:1.2;letter-spacing:-.01em;color:#15161a;margin:50px 0 16px;}\n.va-actu-wrap h3{font-family:'Newsreader',Georgia,serif;font-weight:600;font-size:clamp(20px,2.4vw,24px);color:#15161a;margin:28px 0 10px;}\n.va-actu-wrap p{margin:0 0 18px;}\n.va-actu-dateline{font-family:'JetBrains Mono',monospace;font-size:12.5px;letter-spacing:.5px;text-transform:uppercase;color:#9a2a2a;font-weight:500;margin:0 0 14px;display:flex;align-items:center;gap:10px;}\n.va-actu-dateline::before{content:\"\";width:26px;height:2px;background:#9a2a2a;display:inline-block;}\n.va-actu-lead{font-family:'Newsreader',Georgia,serif;font-size:20.5px;line-height:1.5;color:#33343b;margin:0 0 30px;font-weight:500;}\n.va-actu-ess{background:#fbf4f3;border:1px solid #ecd9d6;border-left:5px solid #9a2a2a;border-radius:8px;padding:22px 26px 24px;margin:30px 0 36px;box-shadow:0 12px 28px -18px rgba(154,42,42,.35);}\n.va-actu-ess .va-actu-k{font-family:'JetBrains Mono',monospace;font-size:11px;font-weight:500;text-transform:uppercase;letter-spacing:2.2px;color:#9a2a2a;margin:0 0 14px;}\n.va-actu-ess ul{margin:0;padding:0;list-style:none;}\n.va-actu-ess li{position:relative;padding:0 0 0 26px;margin:0 0 11px;font-size:16.5px;line-height:1.5;}\n.va-actu-ess li:last-child{margin-bottom:0;}\n.va-actu-ess li::before{content:\"\";position:absolute;left:2px;top:9px;width:8px;height:8px;border-radius:50%;background:#9a2a2a;}\n.va-actu-ess li b{color:#15161a;}\n.va-actu-pq{margin:38px auto;padding:8px 0 8px 26px;border-left:4px solid #9a2a2a;max-width:680px;}\n.va-actu-pq .va-actu-q{font-family:'Newsreader',Georgia,serif;font-style:italic;font-weight:500;font-size:24px;line-height:1.4;color:#1c1d22;}\n.va-actu-pq .va-actu-c{font-family:'JetBrains Mono',monospace;font-size:12px;text-transform:uppercase;letter-spacing:1px;color:#76777e;margin-top:12px;}\n.va-actu-ret{background:#15161a;color:#eceae6;border-radius:10px;padding:26px 28px 28px;margin:42px 0;box-shadow:0 16px 34px -20px rgba(21,22,26,.6);}\n.va-actu-ret .va-actu-k{font-family:'JetBrains Mono',monospace;font-size:11px;font-weight:500;text-transform:uppercase;letter-spacing:2.4px;color:#e58c87;margin:0 0 16px;}\n.va-actu-ret ul{margin:0;padding:0;list-style:none;}\n.va-actu-ret li{position:relative;padding:0 0 0 24px;margin:0 0 12px;font-size:16px;line-height:1.5;}\n.va-actu-ret li:last-child{margin-bottom:0;}\n.va-actu-ret li::before{content:\"\u2192\";position:absolute;left:0;color:#e58c87;font-weight:700;}\n.va-actu-faq{margin:40px 0;}\n.va-actu-faq details{border-bottom:1px solid #e2ddd5;}\n.va-actu-faq summary{cursor:pointer;list-style:none;padding:18px 4px;font-family:'Newsreader',Georgia,serif;font-weight:600;font-size:19px;color:#15161a;display:flex;justify-content:space-between;align-items:center;gap:14px;}\n.va-actu-faq summary::-webkit-details-marker{display:none;}\n.va-actu-faq summary::after{content:\"+\";color:#9a2a2a;font-size:24px;font-weight:400;transition:.25s ease;}\n.va-actu-faq details[open] summary::after{transform:rotate(45deg);}\n.va-actu-faq .va-actu-a{padding:0 4px 20px;color:#3a3b42;font-size:16.5px;line-height:1.6;}\n.va-actu-wrap img{max-width:100%;height:auto;border-radius:8px;margin:8px 0;}\n.va-actu-wrap blockquote{margin:0;}\n@media(max-width:640px){.va-actu-wrap{font-size:17px;}.va-actu-lead{font-size:19px;}}\n\/*RENDERFIX2*\/.va-actu-dateline::before{color:#eef3f9!important}.va-actu-dateline::before p,.va-actu-dateline::before li,.va-actu-dateline::before strong,.va-actu-dateline::before em,.va-actu-dateline::before a,.va-actu-dateline::before span,.va-actu-dateline::before b,.va-actu-dateline::before td,.va-actu-dateline::before th,.va-actu-dateline::before h2,.va-actu-dateline::before h3,.va-actu-dateline::before h4{color:#eef3f9!important}.va-actu-dateline::before strong,.va-actu-dateline::before b{color:#ffffff!important}.va-actu-ess li::before{color:#eef3f9!important}.va-actu-ess li::before p,.va-actu-ess li::before li,.va-actu-ess li::before strong,.va-actu-ess li::before em,.va-actu-ess li::before a,.va-actu-ess li::before span,.va-actu-ess li::before b,.va-actu-ess li::before td,.va-actu-ess li::before th,.va-actu-ess li::before h2,.va-actu-ess li::before h3,.va-actu-ess li::before h4{color:#eef3f9!important}.va-actu-ess li::before strong,.va-actu-ess li::before b{color:#ffffff!important}.va-actu-ret{color:#eef3f9!important}.va-actu-ret p,.va-actu-ret li,.va-actu-ret strong,.va-actu-ret em,.va-actu-ret a,.va-actu-ret span,.va-actu-ret b,.va-actu-ret td,.va-actu-ret th,.va-actu-ret h2,.va-actu-ret h3,.va-actu-ret h4{color:#eef3f9!important}.va-actu-ret strong,.va-actu-ret b{color:#ffffff!important}<\/style>\n<div class=\"va-actu-wrap\">\n<div class=\"va-actu-dateline\">Tourisme \u00b7 Canada\u2013\u00c9tats-Unis \u00b7 F\u00e9vrier 2025<\/div>\n<div class=\"va-actu-lead\">De plus en plus de voyageurs canadiens renoncent \u00e0 leurs vacances am\u00e9ricaines en r\u00e9action aux menaces d&rsquo;annexion et aux tarifs douaniers de l&rsquo;administration Trump. Au-del\u00e0 des s\u00e9jours annul\u00e9s, c&rsquo;est un message politique fort qui se dessine entre les deux voisins.<\/div>\n<div class=\"va-actu-ess\">\n<div class=\"va-actu-k\">L&rsquo;essentiel<\/div>\n<ul>\n<li><b>Quoi \u2014<\/b> Des Canadiens annulent massivement leurs voyages aux \u00c9tats-Unis et r\u00e9orientent leurs vacances ailleurs.<\/li>\n<li><b>Qui \u00b7 Quand \u2014<\/b> Voyageurs et retrait\u00e9s canadiens (\u00ab snowbirds \u00bb), en f\u00e9vrier 2025, en plein bras de fer commercial.<\/li>\n<li><b>Pourquoi \u00e7a compte \u2014<\/b> Tarifs douaniers et rh\u00e9torique d&rsquo;annexion nourrissent un boycott touristique aux cons\u00e9quences \u00e9conomiques directes pour les \u00c9tats du Sud.<\/li>\n<\/ul>\n<\/div>\n<p>Cette situation ne fait pas qu&rsquo;affecter les vacances&nbsp;: elle envoie un signal clair sur l&rsquo;\u00e9tat des relations entre les deux pays.<\/p>\n<h2>Le ressentiment croissant des voyageurs canadiens<\/h2>\n<p>Un nombre croissant de Canadiens annule ses projets de voyage aux \u00c9tats-Unis, illustrant un m\u00e9contentement palpable. Les voyageurs expriment leur frustration face \u00e0 l&rsquo;impact des tarifs sur l&rsquo;\u00e9conomie canadienne, une mesure qui pourrait co\u00fbter des milliards de dollars et de nombreux emplois aux \u00c9tats-Unis.<\/p>\n<p>Carlo Tarini, de Montr\u00e9al, a \u00e9chang\u00e9 son voyage en famille \u00e0 New York contre des vacances aux Bahamas. Il a d\u00e9clar\u00e9&nbsp;: \u00ab&nbsp;Nous sommes en col\u00e8re et nous ne le supporterons plus.&nbsp;\u00bb Ses mots r\u00e9sonnent chez de nombreux Canadiens qui choisissent de bouder leurs voisins du sud.<\/p>\n<h2>Les cons\u00e9quences \u00e9conomiques sur le tourisme<\/h2>\n<p>La Floride, destination pris\u00e9e des Canadiens, ressent d\u00e9j\u00e0 l&rsquo;impact de cette d\u00e9cision. De nombreux retrait\u00e9s, surnomm\u00e9s \u00ab&nbsp;snowbirds&nbsp;\u00bb, passent habituellement leur hiver dans cet \u00c9tat ensoleill\u00e9&nbsp;; cette ann\u00e9e, beaucoup ont choisi de rester chez eux.<img decoding=\"async\" width=\"1024\" height=\"576\" src=\"https:\/\/voyage-aventure.com\/blog\/wp-content\/uploads\/2025\/02\/stability-canadiens-en-colere-annulent-leurs-voyages-aux-etats-unis-a-cause-des-tensions-commerciales-1.png\" class=\"aligncenter\" alt=\"Illustration d\u00e9taill\u00e9e sur Canadiens en col\u00e8re annulent leurs voyages aux \u00c9tats-Unis \u00e0 cause des tensions commerciales\" title=\"Canadiens en col\u00e8re annulent leurs voyages aux \u00c9tats-Unis \u00e0 cause des tensions commerciales\" loading=\"lazy\" \/><\/p>\n<p>Kristine Geary, propri\u00e9taire d&rsquo;une agence de voyages, observe une hausse alarmante des annulations&nbsp;: elle estime que 40&nbsp;% de ses r\u00e9servations vers les \u00c9tats-Unis ont \u00e9t\u00e9 annul\u00e9es. \u00ab&nbsp;Je n&rsquo;ai jamais vu cela en 30 ans d&rsquo;activit\u00e9&nbsp;\u00bb, confie-t-elle.<\/p>\n<p><iframe loading=\"lazy\" title=\"Donald Trump en mode panique : le Canada riposte avec un boycott massif ! \ud83c\udde8\ud83c\udde6\ud83d\udea8\" width=\"1200\" height=\"675\" src=\"https:\/\/www.youtube.com\/embed\/Aop3Vpg52kI?feature=oembed\" frameborder=\"0\" allow=\"accelerometer; autoplay; clipboard-write; encrypted-media; gyroscope; picture-in-picture; web-share\" referrerpolicy=\"strict-origin-when-cross-origin\" allowfullscreen><\/iframe><\/p>\n<h2>Une r\u00e9action \u00e0 la rh\u00e9torique politique<\/h2>\n<p>Les menaces d&rsquo;annexion et les blagues pr\u00e9sentant le Canada comme le 51e \u00c9tat des \u00c9tats-Unis ne sont pas prises \u00e0 la l\u00e9g\u00e8re. Sur un forum Reddit, une m\u00e8re canadienne a expliqu\u00e9 avoir annul\u00e9 son voyage en Floride \u00e0 cause de ces provocations politiques.<\/p>\n<p>Les tensions entre les deux pays sont exacerb\u00e9es par les commentaires de Trump, qui semblent railler les Canadiens et leur premier ministre. Cette ambiance hostile pousse davantage de citoyens \u00e0 reconsid\u00e9rer leurs choix de vacances.<\/p>\n<div class=\"va-actu-pq\">\n<div class=\"va-actu-q\">\u00ab&nbsp;Nous sommes en col\u00e8re et nous ne le supporterons plus.&nbsp;\u00bb<\/div>\n<div class=\"va-actu-c\">Carlo Tarini, voyageur montr\u00e9alais<\/div>\n<\/div>\n<p>Les r\u00e9percussions ne se limitent pas aux Canadiens. Les entreprises am\u00e9ricaines qui d\u00e9pendent des touristes du nord \u2014 restaurants, h\u00f4tels, agences \u2014 pourraient elles aussi en souffrir. La situation rappelle que les relations internationales p\u00e8sent directement sur les \u00e9changes \u00e9conomiques et culturels.<\/p>\n<p>En d\u00e9finitive, la d\u00e9cision des Canadiens d&rsquo;annuler leurs voyages aux \u00c9tats-Unis traduit une dynamique complexe entre politique et choix personnel. Alors que les tensions persistent, il appara\u00eet clairement que les Canadiens n&rsquo;entendent pas rester silencieux face aux provocations. L&rsquo;avenir du tourisme entre les deux nations d\u00e9pendra de l&rsquo;\u00e9volution de ces relations et des efforts pour r\u00e9tablir un dialogue constructif.<\/p>\n<div class=\"va-actu-ret\">\n<div class=\"va-actu-k\">\u00c0 retenir<\/div>\n<ul>\n<li>Le boycott touristique canadien est une r\u00e9ponse directe aux tarifs douaniers et aux menaces d&rsquo;annexion de l&rsquo;administration Trump.<\/li>\n<li>La Floride et ses \u00ab snowbirds \u00bb figurent parmi les premiers concern\u00e9s par les d\u00e9sistements.<\/li>\n<li>Une agence de voyages rapporte jusqu&rsquo;\u00e0 40 % d&rsquo;annulations sur ses r\u00e9servations vers les \u00c9tats-Unis.<\/li>\n<li>Au-del\u00e0 du tourisme, l&rsquo;\u00e9pisode illustre le poids du climat politique sur les d\u00e9cisions des voyageurs.<\/li>\n<\/ul>\n<\/div>\n<section class=\"va-actu-faq\">\n<details open>\n<summary>Pourquoi les Canadiens annulent-ils leurs voyages aux \u00c9tats-Unis&nbsp;?<\/summary>\n<div class=\"va-actu-a\">En r\u00e9action aux tarifs douaniers impos\u00e9s par l&rsquo;administration Trump et aux menaces d&rsquo;annexion (le Canada pr\u00e9sent\u00e9 comme un \u00e9ventuel 51e \u00c9tat). Beaucoup de voyageurs y voient des provocations et choisissent de boycotter leur voisin du sud.<\/div>\n<\/details>\n<details>\n<summary>Quelles r\u00e9gions am\u00e9ricaines sont les plus touch\u00e9es&nbsp;?<\/summary>\n<div class=\"va-actu-a\">La Floride en particulier, destination hivernale phare des retrait\u00e9s canadiens surnomm\u00e9s \u00ab snowbirds \u00bb, qui ont d\u00e9cid\u00e9 cette ann\u00e9e de rester chez eux. Les commerces d\u00e9pendant de ces touristes \u2014 h\u00f4tels, restaurants, agences \u2014 sont en premi\u00e8re ligne.<\/div>\n<\/details>\n<details>\n<summary>Quelle est l&rsquo;ampleur des annulations&nbsp;?<\/summary>\n<div class=\"va-actu-a\">Difficile \u00e0 chiffrer globalement, mais une agence de voyages cite jusqu&rsquo;\u00e0 40 % de ses r\u00e9servations vers les \u00c9tats-Unis annul\u00e9es \u2014 un niveau qualifi\u00e9 d&rsquo;in\u00e9dit apr\u00e8s 30 ans d&rsquo;activit\u00e9.<\/div>\n<\/details>\n<\/section>\n<\/div>\n","protected":false},"excerpt":{"rendered":"","protected":false},"author":34,"featured_media":12354,"comment_status":"open","ping_status":"open","sticky":false,"template":"","format":"standard","meta":{"_acf_changed":false,"manual_indexmenow":false,"indexmenow_id_project":0,"footnotes":""},"categories":[1],"tags":[4620,4636,5688,3170,4526],"class_list":["post-12353","post","type-post","status-publish","format-standard","has-post-thumbnail","hentry","category-a-la-une","tag-annulation-de-voyage","tag-destinations","tag-relations-internationales","tag-securite","tag-voyage-economique","generate-columns","tablet-grid-50","mobile-grid-100","grid-parent","grid-25"],"acf":[],"yoast_head":"<!-- This site is optimized with the Yoast SEO Premium plugin v21.3 (Yoast SEO v25.1) - https:\/\/yoast.com\/wordpress\/plugins\/seo\/ -->\n<title>Canadiens en col\u00e8re annulent leurs voyages aux \u00c9tats-Unis \u00e0<\/title>\n<meta name=\"description\" content=\"De plus en plus de voyageurs canadiens renoncent \u00e0 leurs vacances am\u00e9ricaines en r\u00e9action aux menaces d&#039;annexion et aux tarifs douaniers de\" \/>\n<meta name=\"robots\" content=\"index, follow, max-snippet:-1, max-image-preview:large, max-video-preview:-1\" \/>\n<link rel=\"canonical\" href=\"https:\/\/voyage-aventure.com\/blog\/a-la-une\/canadiens-en-colere-annulent-leurs-voyages-aux-etats-unis-a-cause-des-tensions-commerciales\/\" \/>\n<meta property=\"og:locale\" content=\"fr_FR\" \/>\n<meta property=\"og:type\" content=\"article\" \/>\n<meta property=\"og:title\" content=\"Canadiens en col\u00e8re annulent leurs voyages aux \u00c9tats-Unis \u00e0\" \/>\n<meta property=\"og:description\" content=\"De plus en plus de voyageurs canadiens renoncent \u00e0 leurs vacances am\u00e9ricaines en r\u00e9action aux menaces d&#039;annexion et aux tarifs douaniers de\" \/>\n<meta property=\"og:url\" content=\"https:\/\/voyage-aventure.com\/blog\/a-la-une\/canadiens-en-colere-annulent-leurs-voyages-aux-etats-unis-a-cause-des-tensions-commerciales\/\" \/>\n<meta property=\"og:site_name\" content=\"voyage-aventure\" \/>\n<meta property=\"og:image\" content=\"https:\/\/voyage-aventure.com\/blog\/wp-content\/uploads\/2025\/02\/stability-canadiens-en-colere-annulent-leurs-voyages-aux-etats-unis-a-cause-des-tensions-commerciales.png\" \/>\n\t<meta property=\"og:image:width\" content=\"1024\" \/>\n\t<meta property=\"og:image:height\" content=\"576\" \/>\n\t<meta property=\"og:image:type\" content=\"image\/png\" \/>\n<meta name=\"author\" content=\"Camille Rouvray\" \/>\n<meta name=\"twitter:card\" content=\"summary_large_image\" \/>\n<script type=\"application\/ld+json\" class=\"yoast-schema-graph\">{\"@context\":\"https:\/\/schema.org\",\"@graph\":[{\"@type\":\"NewsArticle\",\"@id\":\"https:\/\/voyage-aventure.com\/blog\/a-la-une\/canadiens-en-colere-annulent-leurs-voyages-aux-etats-unis-a-cause-des-tensions-commerciales\/#article\",\"isPartOf\":{\"@id\":\"https:\/\/voyage-aventure.com\/blog\/a-la-une\/canadiens-en-colere-annulent-leurs-voyages-aux-etats-unis-a-cause-des-tensions-commerciales\/\"},\"author\":{\"name\":\"Camille Rouvray\",\"@id\":\"https:\/\/voyage-aventure.com\/blog\/#\/schema\/person\/3c864cdc320801e3db34b663e7e3f816\"},\"headline\":\"Canadiens en col\u00e8re annulent leurs voyages aux \u00c9tats-Unis \u00e0 cause des tensions commerciales\",\"datePublished\":\"2026-06-16T14:49:13+00:00\",\"mainEntityOfPage\":{\"@id\":\"https:\/\/voyage-aventure.com\/blog\/a-la-une\/canadiens-en-colere-annulent-leurs-voyages-aux-etats-unis-a-cause-des-tensions-commerciales\/\"},\"wordCount\":780,\"commentCount\":19,\"publisher\":{\"@id\":\"https:\/\/voyage-aventure.com\/blog\/#organization\"},\"image\":{\"@id\":\"https:\/\/voyage-aventure.com\/blog\/a-la-une\/canadiens-en-colere-annulent-leurs-voyages-aux-etats-unis-a-cause-des-tensions-commerciales\/#primaryimage\"},\"thumbnailUrl\":\"https:\/\/voyage-aventure.com\/blog\/wp-content\/uploads\/2025\/02\/stability-canadiens-en-colere-annulent-leurs-voyages-aux-etats-unis-a-cause-des-tensions-commerciales.png\",\"keywords\":[\"Annulation de Voyage\",\"Destinations\",\"Relations Internationales\",\"S\u00e9curit\u00e9\",\"Voyage \u00c9conomique\"],\"articleSection\":[\"\u00c0 la une\"],\"inLanguage\":\"fr-FR\",\"potentialAction\":[{\"@type\":\"CommentAction\",\"name\":\"Comment\",\"target\":[\"https:\/\/voyage-aventure.com\/blog\/a-la-une\/canadiens-en-colere-annulent-leurs-voyages-aux-etats-unis-a-cause-des-tensions-commerciales\/#respond\"]}]},{\"@type\":\"WebPage\",\"@id\":\"https:\/\/voyage-aventure.com\/blog\/a-la-une\/canadiens-en-colere-annulent-leurs-voyages-aux-etats-unis-a-cause-des-tensions-commerciales\/\",\"url\":\"https:\/\/voyage-aventure.com\/blog\/a-la-une\/canadiens-en-colere-annulent-leurs-voyages-aux-etats-unis-a-cause-des-tensions-commerciales\/\",\"name\":\"Canadiens en col\u00e8re annulent leurs voyages aux \u00c9tats-Unis \u00e0\",\"isPartOf\":{\"@id\":\"https:\/\/voyage-aventure.com\/blog\/#website\"},\"primaryImageOfPage\":{\"@id\":\"https:\/\/voyage-aventure.com\/blog\/a-la-une\/canadiens-en-colere-annulent-leurs-voyages-aux-etats-unis-a-cause-des-tensions-commerciales\/#primaryimage\"},\"image\":{\"@id\":\"https:\/\/voyage-aventure.com\/blog\/a-la-une\/canadiens-en-colere-annulent-leurs-voyages-aux-etats-unis-a-cause-des-tensions-commerciales\/#primaryimage\"},\"thumbnailUrl\":\"https:\/\/voyage-aventure.com\/blog\/wp-content\/uploads\/2025\/02\/stability-canadiens-en-colere-annulent-leurs-voyages-aux-etats-unis-a-cause-des-tensions-commerciales.png\",\"datePublished\":\"2026-06-16T14:49:13+00:00\",\"description\":\"De plus en plus de voyageurs canadiens renoncent \u00e0 leurs vacances am\u00e9ricaines en r\u00e9action aux menaces d'annexion et aux tarifs douaniers de\",\"inLanguage\":\"fr-FR\",\"potentialAction\":[{\"@type\":\"ReadAction\",\"target\":[\"https:\/\/voyage-aventure.com\/blog\/a-la-une\/canadiens-en-colere-annulent-leurs-voyages-aux-etats-unis-a-cause-des-tensions-commerciales\/\"]}]},{\"@type\":\"ImageObject\",\"inLanguage\":\"fr-FR\",\"@id\":\"https:\/\/voyage-aventure.com\/blog\/a-la-une\/canadiens-en-colere-annulent-leurs-voyages-aux-etats-unis-a-cause-des-tensions-commerciales\/#primaryimage\",\"url\":\"https:\/\/voyage-aventure.com\/blog\/wp-content\/uploads\/2025\/02\/stability-canadiens-en-colere-annulent-leurs-voyages-aux-etats-unis-a-cause-des-tensions-commerciales.png\",\"contentUrl\":\"https:\/\/voyage-aventure.com\/blog\/wp-content\/uploads\/2025\/02\/stability-canadiens-en-colere-annulent-leurs-voyages-aux-etats-unis-a-cause-des-tensions-commerciales.png\",\"width\":1024,\"height\":576},{\"@type\":\"WebSite\",\"@id\":\"https:\/\/voyage-aventure.com\/blog\/#website\",\"url\":\"https:\/\/voyage-aventure.com\/blog\/\",\"name\":\"voyage-aventure.com\",\"description\":\"Votre passeport pour l\u2019inattendu.\",\"publisher\":{\"@id\":\"https:\/\/voyage-aventure.com\/blog\/#organization\"},\"alternateName\":\"Votre passeport pour l\u2019inattendu.\",\"potentialAction\":[{\"@type\":\"SearchAction\",\"target\":{\"@type\":\"EntryPoint\",\"urlTemplate\":\"https:\/\/voyage-aventure.com\/blog\/?s={search_term_string}\"},\"query-input\":{\"@type\":\"PropertyValueSpecification\",\"valueRequired\":true,\"valueName\":\"search_term_string\"}}],\"inLanguage\":\"fr-FR\"},{\"@type\":\"Organization\",\"@id\":\"https:\/\/voyage-aventure.com\/blog\/#organization\",\"name\":\"Foretsensations.fr\",\"url\":\"https:\/\/voyage-aventure.com\/blog\/\",\"logo\":{\"@type\":\"ImageObject\",\"inLanguage\":\"fr-FR\",\"@id\":\"https:\/\/voyage-aventure.com\/blog\/#\/schema\/logo\/image\/\",\"url\":\"https:\/\/voyage-aventure.com\/blog\/wp-content\/uploads\/2024\/12\/19.png\",\"contentUrl\":\"https:\/\/voyage-aventure.com\/blog\/wp-content\/uploads\/2024\/12\/19.png\",\"width\":512,\"height\":512,\"caption\":\"Foretsensations.fr\"},\"image\":{\"@id\":\"https:\/\/voyage-aventure.com\/blog\/#\/schema\/logo\/image\/\"}},{\"@type\":\"Person\",\"@id\":\"https:\/\/voyage-aventure.com\/blog\/#\/schema\/person\/3c864cdc320801e3db34b663e7e3f816\",\"name\":\"Camille Rouvray\",\"image\":{\"@type\":\"ImageObject\",\"inLanguage\":\"fr-FR\",\"@id\":\"https:\/\/voyage-aventure.com\/blog\/#\/schema\/person\/image\/\",\"url\":\"https:\/\/voyage-aventure.com\/blog\/wp-content\/uploads\/2026\/06\/persona_camille-r-96x96.jpg\",\"contentUrl\":\"https:\/\/voyage-aventure.com\/blog\/wp-content\/uploads\/2026\/06\/persona_camille-r-96x96.jpg\",\"caption\":\"Camille Rouvray\"},\"description\":\"Je voyage et j'\u00e9cris sur le voyage depuis une douzaine d'ann\u00e9es, d'abord en tant que routarde au long cours, puis comme r\u00e9dactrice sp\u00e9cialis\u00e9e. Mon terrain de pr\u00e9dilection, ce sont les circuits organis\u00e9s et l'art de bien pr\u00e9parer un itin\u00e9raire : choix de la saison, dur\u00e9e r\u00e9aliste des \u00e9tapes, budget jour par jour, logement et transport sur place. J'aime aussi raconter les p\u00e9pites urbaines, ces adresses qu'on ne trouve pas dans les guides classiques. Avant de publier un dossier destination, je croise toujours plusieurs sources, je v\u00e9rifie les tarifs et les formalit\u00e9s d'entr\u00e9e \u00e0 jour, et je teste moi-m\u00eame quand je le peux. Mon angle reste pratique avant tout : aider le lecteur \u00e0 partir l'esprit tranquille, sans mauvaise surprise une fois sur place. Je m'attache \u00e0 distinguer le coup de c\u0153ur sinc\u00e8re du simple argument marketing.\",\"sameAs\":[\"https:\/\/camillerouvray.fr\/\"],\"url\":\"https:\/\/voyage-aventure.com\/blog\/auteur\/noname\/\"}]}<\/script>\n<!-- \/ Yoast SEO Premium plugin. -->","yoast_head_json":{"title":"Canadiens en col\u00e8re annulent leurs voyages aux \u00c9tats-Unis \u00e0","description":"De plus en plus de voyageurs canadiens renoncent \u00e0 leurs vacances am\u00e9ricaines en r\u00e9action aux menaces d'annexion et aux tarifs douaniers de","robots":{"index":"index","follow":"follow","max-snippet":"max-snippet:-1","max-image-preview":"max-image-preview:large","max-video-preview":"max-video-preview:-1"},"canonical":"https:\/\/voyage-aventure.com\/blog\/a-la-une\/canadiens-en-colere-annulent-leurs-voyages-aux-etats-unis-a-cause-des-tensions-commerciales\/","og_locale":"fr_FR","og_type":"article","og_title":"Canadiens en col\u00e8re annulent leurs voyages aux \u00c9tats-Unis \u00e0","og_description":"De plus en plus de voyageurs canadiens renoncent \u00e0 leurs vacances am\u00e9ricaines en r\u00e9action aux menaces d'annexion et aux tarifs douaniers de","og_url":"https:\/\/voyage-aventure.com\/blog\/a-la-une\/canadiens-en-colere-annulent-leurs-voyages-aux-etats-unis-a-cause-des-tensions-commerciales\/","og_site_name":"voyage-aventure","og_image":[{"width":1024,"height":576,"url":"https:\/\/voyage-aventure.com\/blog\/wp-content\/uploads\/2025\/02\/stability-canadiens-en-colere-annulent-leurs-voyages-aux-etats-unis-a-cause-des-tensions-commerciales.png","type":"image\/png"}],"author":"Camille Rouvray","twitter_card":"summary_large_image","schema":{"@context":"https:\/\/schema.org","@graph":[{"@type":"NewsArticle","@id":"https:\/\/voyage-aventure.com\/blog\/a-la-une\/canadiens-en-colere-annulent-leurs-voyages-aux-etats-unis-a-cause-des-tensions-commerciales\/#article","isPartOf":{"@id":"https:\/\/voyage-aventure.com\/blog\/a-la-une\/canadiens-en-colere-annulent-leurs-voyages-aux-etats-unis-a-cause-des-tensions-commerciales\/"},"author":{"name":"Camille Rouvray","@id":"https:\/\/voyage-aventure.com\/blog\/#\/schema\/person\/3c864cdc320801e3db34b663e7e3f816"},"headline":"Canadiens en col\u00e8re annulent leurs voyages aux \u00c9tats-Unis \u00e0 cause des tensions commerciales","datePublished":"2026-06-16T14:49:13+00:00","mainEntityOfPage":{"@id":"https:\/\/voyage-aventure.com\/blog\/a-la-une\/canadiens-en-colere-annulent-leurs-voyages-aux-etats-unis-a-cause-des-tensions-commerciales\/"},"wordCount":780,"commentCount":19,"publisher":{"@id":"https:\/\/voyage-aventure.com\/blog\/#organization"},"image":{"@id":"https:\/\/voyage-aventure.com\/blog\/a-la-une\/canadiens-en-colere-annulent-leurs-voyages-aux-etats-unis-a-cause-des-tensions-commerciales\/#primaryimage"},"thumbnailUrl":"https:\/\/voyage-aventure.com\/blog\/wp-content\/uploads\/2025\/02\/stability-canadiens-en-colere-annulent-leurs-voyages-aux-etats-unis-a-cause-des-tensions-commerciales.png","keywords":["Annulation de Voyage","Destinations","Relations Internationales","S\u00e9curit\u00e9","Voyage \u00c9conomique"],"articleSection":["\u00c0 la une"],"inLanguage":"fr-FR","potentialAction":[{"@type":"CommentAction","name":"Comment","target":["https:\/\/voyage-aventure.com\/blog\/a-la-une\/canadiens-en-colere-annulent-leurs-voyages-aux-etats-unis-a-cause-des-tensions-commerciales\/#respond"]}]},{"@type":"WebPage","@id":"https:\/\/voyage-aventure.com\/blog\/a-la-une\/canadiens-en-colere-annulent-leurs-voyages-aux-etats-unis-a-cause-des-tensions-commerciales\/","url":"https:\/\/voyage-aventure.com\/blog\/a-la-une\/canadiens-en-colere-annulent-leurs-voyages-aux-etats-unis-a-cause-des-tensions-commerciales\/","name":"Canadiens en col\u00e8re annulent leurs voyages aux \u00c9tats-Unis \u00e0","isPartOf":{"@id":"https:\/\/voyage-aventure.com\/blog\/#website"},"primaryImageOfPage":{"@id":"https:\/\/voyage-aventure.com\/blog\/a-la-une\/canadiens-en-colere-annulent-leurs-voyages-aux-etats-unis-a-cause-des-tensions-commerciales\/#primaryimage"},"image":{"@id":"https:\/\/voyage-aventure.com\/blog\/a-la-une\/canadiens-en-colere-annulent-leurs-voyages-aux-etats-unis-a-cause-des-tensions-commerciales\/#primaryimage"},"thumbnailUrl":"https:\/\/voyage-aventure.com\/blog\/wp-content\/uploads\/2025\/02\/stability-canadiens-en-colere-annulent-leurs-voyages-aux-etats-unis-a-cause-des-tensions-commerciales.png","datePublished":"2026-06-16T14:49:13+00:00","description":"De plus en plus de voyageurs canadiens renoncent \u00e0 leurs vacances am\u00e9ricaines en r\u00e9action aux menaces d'annexion et aux tarifs douaniers de","inLanguage":"fr-FR","potentialAction":[{"@type":"ReadAction","target":["https:\/\/voyage-aventure.com\/blog\/a-la-une\/canadiens-en-colere-annulent-leurs-voyages-aux-etats-unis-a-cause-des-tensions-commerciales\/"]}]},{"@type":"ImageObject","inLanguage":"fr-FR","@id":"https:\/\/voyage-aventure.com\/blog\/a-la-une\/canadiens-en-colere-annulent-leurs-voyages-aux-etats-unis-a-cause-des-tensions-commerciales\/#primaryimage","url":"https:\/\/voyage-aventure.com\/blog\/wp-content\/uploads\/2025\/02\/stability-canadiens-en-colere-annulent-leurs-voyages-aux-etats-unis-a-cause-des-tensions-commerciales.png","contentUrl":"https:\/\/voyage-aventure.com\/blog\/wp-content\/uploads\/2025\/02\/stability-canadiens-en-colere-annulent-leurs-voyages-aux-etats-unis-a-cause-des-tensions-commerciales.png","width":1024,"height":576},{"@type":"WebSite","@id":"https:\/\/voyage-aventure.com\/blog\/#website","url":"https:\/\/voyage-aventure.com\/blog\/","name":"voyage-aventure.com","description":"Votre passeport pour l\u2019inattendu.","publisher":{"@id":"https:\/\/voyage-aventure.com\/blog\/#organization"},"alternateName":"Votre passeport pour l\u2019inattendu.","potentialAction":[{"@type":"SearchAction","target":{"@type":"EntryPoint","urlTemplate":"https:\/\/voyage-aventure.com\/blog\/?s={search_term_string}"},"query-input":{"@type":"PropertyValueSpecification","valueRequired":true,"valueName":"search_term_string"}}],"inLanguage":"fr-FR"},{"@type":"Organization","@id":"https:\/\/voyage-aventure.com\/blog\/#organization","name":"Foretsensations.fr","url":"https:\/\/voyage-aventure.com\/blog\/","logo":{"@type":"ImageObject","inLanguage":"fr-FR","@id":"https:\/\/voyage-aventure.com\/blog\/#\/schema\/logo\/image\/","url":"https:\/\/voyage-aventure.com\/blog\/wp-content\/uploads\/2024\/12\/19.png","contentUrl":"https:\/\/voyage-aventure.com\/blog\/wp-content\/uploads\/2024\/12\/19.png","width":512,"height":512,"caption":"Foretsensations.fr"},"image":{"@id":"https:\/\/voyage-aventure.com\/blog\/#\/schema\/logo\/image\/"}},{"@type":"Person","@id":"https:\/\/voyage-aventure.com\/blog\/#\/schema\/person\/3c864cdc320801e3db34b663e7e3f816","name":"Camille Rouvray","image":{"@type":"ImageObject","inLanguage":"fr-FR","@id":"https:\/\/voyage-aventure.com\/blog\/#\/schema\/person\/image\/","url":"https:\/\/voyage-aventure.com\/blog\/wp-content\/uploads\/2026\/06\/persona_camille-r-96x96.jpg","contentUrl":"https:\/\/voyage-aventure.com\/blog\/wp-content\/uploads\/2026\/06\/persona_camille-r-96x96.jpg","caption":"Camille Rouvray"},"description":"Je voyage et j'\u00e9cris sur le voyage depuis une douzaine d'ann\u00e9es, d'abord en tant que routarde au long cours, puis comme r\u00e9dactrice sp\u00e9cialis\u00e9e. Mon terrain de pr\u00e9dilection, ce sont les circuits organis\u00e9s et l'art de bien pr\u00e9parer un itin\u00e9raire : choix de la saison, dur\u00e9e r\u00e9aliste des \u00e9tapes, budget jour par jour, logement et transport sur place. J'aime aussi raconter les p\u00e9pites urbaines, ces adresses qu'on ne trouve pas dans les guides classiques. Avant de publier un dossier destination, je croise toujours plusieurs sources, je v\u00e9rifie les tarifs et les formalit\u00e9s d'entr\u00e9e \u00e0 jour, et je teste moi-m\u00eame quand je le peux. Mon angle reste pratique avant tout : aider le lecteur \u00e0 partir l'esprit tranquille, sans mauvaise surprise une fois sur place. Je m'attache \u00e0 distinguer le coup de c\u0153ur sinc\u00e8re du simple argument marketing.","sameAs":["https:\/\/camillerouvray.fr\/"],"url":"https:\/\/voyage-aventure.com\/blog\/auteur\/noname\/"}]}},"_links":{"self":[{"href":"https:\/\/voyage-aventure.com\/blog\/wp-json\/wp\/v2\/posts\/12353","targetHints":{"allow":["GET"]}}],"collection":[{"href":"https:\/\/voyage-aventure.com\/blog\/wp-json\/wp\/v2\/posts"}],"about":[{"href":"https:\/\/voyage-aventure.com\/blog\/wp-json\/wp\/v2\/types\/post"}],"author":[{"embeddable":true,"href":"https:\/\/voyage-aventure.com\/blog\/wp-json\/wp\/v2\/users\/34"}],"replies":[{"embeddable":true,"href":"https:\/\/voyage-aventure.com\/blog\/wp-json\/wp\/v2\/comments?post=12353"}],"version-history":[{"count":4,"href":"https:\/\/voyage-aventure.com\/blog\/wp-json\/wp\/v2\/posts\/12353\/revisions"}],"predecessor-version":[{"id":22656,"href":"https:\/\/voyage-aventure.com\/blog\/wp-json\/wp\/v2\/posts\/12353\/revisions\/22656"}],"wp:featuredmedia":[{"embeddable":true,"href":"https:\/\/voyage-aventure.com\/blog\/wp-json\/wp\/v2\/media\/12354"}],"wp:attachment":[{"href":"https:\/\/voyage-aventure.com\/blog\/wp-json\/wp\/v2\/media?parent=12353"}],"wp:term":[{"taxonomy":"category","embeddable":true,"href":"https:\/\/voyage-aventure.com\/blog\/wp-json\/wp\/v2\/categories?post=12353"},{"taxonomy":"post_tag","embeddable":true,"href":"https:\/\/voyage-aventure.com\/blog\/wp-json\/wp\/v2\/tags?post=12353"}],"curies":[{"name":"wp","href":"https:\/\/api.w.org\/{rel}","templated":true}]}}