{"id":12348,"date":"2025-02-23T19:30:03","date_gmt":"2025-02-23T18:30:03","guid":{"rendered":"https:\/\/voyage-aventure.com\/blog\/?p=12348"},"modified":"2025-02-23T16:20:09","modified_gmt":"2025-02-23T15:20:09","slug":"prayagraj-sous-le-choc-le-maha-kumbh-festival-en-proie-a-un-chaos-inoui","status":"publish","type":"post","link":"https:\/\/voyage-aventure.com\/blog\/a-la-une\/prayagraj-sous-le-choc-le-maha-kumbh-festival-en-proie-a-un-chaos-inoui\/","title":{"rendered":"Prayagraj sous le choc : le Maha Kumbh Festival en proie \u00e0 un chaos inou\u00ef"},"content":{"rendered":"<h2>Une mar\u00e9e humaine sans pr\u00e9c\u00e9dent envahit Prayagraj<\/h2>\n<p>Prayagraj est actuellement le th\u00e9\u00e2tre d&rsquo;une affluence incroyable avec plus de six cents millions de d\u00e9vots se rendant au Maha Kumbh Festival. Depuis le 13 janvier 2025, la ville subit les cons\u00e9quences d&rsquo;un afflux quotidien d\u00e9passant le crore de personnes, entra\u00eenant une paralysie totale de son infrastructure. Cette situation alarmante s&rsquo;intensifie \u00e0 l&rsquo;approche de la Maha Shivratri, avec des routes congestionn\u00e9es et des sc\u00e8nes de d\u00e9sordre total.<\/p>\n<p>Les forces de l&rsquo;ordre semblent d\u00e9bord\u00e9es face \u00e0 une masse de fid\u00e8les qui envahit les rues. Des images a\u00e9riennes montrent une ville compl\u00e8tement submerg\u00e9e par des v\u00e9hicules \u00e0 l&rsquo;arr\u00eat et des pi\u00e9tons poussant avec peine \u00e0 travers une mer de monde. La route vers le Triveni Sangam, o\u00f9 se d\u00e9roule le Sashi Snan, est devenue un v\u00e9ritable parcours du combattant.<\/p>\n<h2>Les transports publics au bord de l&rsquo;effondrement<\/h2>\n<p>Le syst\u00e8me de transport public de Prayagraj est \u00e0 deux doigts de la rupture. Les navettes destin\u00e9es \u00e0 transporter les p\u00e8lerins vers les lieux sacr\u00e9s sont si bond\u00e9es qu&rsquo;elles ne peuvent plus accueillir un seul passager de plus. Face \u00e0 cette situation, de nombreux d\u00e9vots n&rsquo;ont d&rsquo;autre choix que de parcourir \u00e0 pied jusqu&rsquo;\u00e0 15 kilom\u00e8tres pour atteindre leur destination, aggravant ainsi la congestion.<\/p>\n<p>Cette crise de transport a mis en lumi\u00e8re les limites de la logistique de la ville. Les services de transport public, d\u00e9j\u00e0 surcharg\u00e9s, s&rsquo;effondrent sous la pression de ce flux massif de personnes, rendant le voyage vers le festival quasi impossible pour beaucoup.<\/p>\n<h2>Une gestion de crise mise \u00e0 l&rsquo;\u00e9preuve<\/h2>\n<p>Les autorit\u00e9s locales tentent d\u00e9sesp\u00e9r\u00e9ment de g\u00e9rer cette situation chaotique, mais le d\u00e9fi est immense. Des avis urgents ont \u00e9t\u00e9 diffus\u00e9s, appelant les p\u00e8lerins \u00e0 planifier leurs visites et \u00e0 suivre des itin\u00e9raires sp\u00e9cifiques pour minimiser le d\u00e9sordre. Cependant, ces efforts semblent vains face \u00e0 l&rsquo;\u00e9norme afflux de visiteurs.<\/p>\n<p>La ville de Prayagraj est confront\u00e9e \u00e0 une crise sans pr\u00e9c\u00e9dent. Les services d&rsquo;urgence sont incapables de r\u00e9pondre aux besoins des citoyens, ce qui soul\u00e8ve des inqui\u00e9tudes concernant la s\u00e9curit\u00e9 publique. Le Maha Kumbh Festival, autrefois c\u00e9l\u00e9br\u00e9 avec ferveur, est devenu un v\u00e9ritable casse-t\u00eate logistique.<\/p>\n<blockquote><p>\n\u00ab\u00a0Les images de Prayagraj submerg\u00e9e par des d\u00e9vots t\u00e9moignent des d\u00e9fis que pose un \u00e9v\u00e9nement de cette ampleur.\u00a0\u00bb\n<\/p><\/blockquote>\n<h2>Une exp\u00e9rience religieuse sous tension<\/h2>\n<p>Malgr\u00e9 le chaos ambiant, le Maha Kumbh Festival demeure un \u00e9v\u00e9nement d&rsquo;une importance spirituelle immense pour des millions de personnes. Le Sashi Snan, qui a lieu au Triveni Sangam, est per\u00e7u comme un moment de purification, capable d&rsquo;effacer les p\u00e9ch\u00e9s et d&rsquo;offrir la salvation. Les fid\u00e8les sont pr\u00eats \u00e0 braver le d\u00e9sordre pour vivre cette exp\u00e9rience unique.<\/p>\n<p>Alors que la Maha Shivratri approche, l&rsquo;excitation et l&rsquo;anticipation des d\u00e9vots atteignent leur paroxysme. Ce moment sacr\u00e9 est consid\u00e9r\u00e9 comme une opportunit\u00e9 unique dans la vie des participants, et malgr\u00e9 les risques et les d\u00e9sagr\u00e9ments, ils continuent de se rendre en masse \u00e0 Prayagraj.<\/p>\n<h2>Les r\u00e9seaux sociaux et l&rsquo;impact du chaos<\/h2>\n<p>Les m\u00e9dias sociaux sont en \u00e9bullition, avec des mises \u00e0 jour en temps r\u00e9el sur la situation chaotique \u00e0 Prayagraj. Le hashtag #MahaKumbhChaos est devenu viral, illustrant l&rsquo;ampleur du d\u00e9sordre \u00e0 travers des images de la circulation bloqu\u00e9e et des d\u00e9vots en d\u00e9tresse. Ces t\u00e9moignages partag\u00e9s en ligne r\u00e9v\u00e8lent la lutte quotidienne des p\u00e8lerins pour atteindre le site sacr\u00e9.<\/p>\n<p>Cet afflux d&rsquo;informations en direct a contribu\u00e9 \u00e0 sensibiliser le monde entier \u00e0 la situation. Les m\u00e9dias internationaux se penchent sur la question, posant des interrogations sur la capacit\u00e9 de l&rsquo;Inde \u00e0 g\u00e9rer des \u00e9v\u00e9nements d&rsquo;une telle envergure \u00e0 l&rsquo;avenir.<\/p>\n<ul>\n<li>Plus de 600 millions de d\u00e9vots attendus<\/li>\n<li>Routes et transports publics paralys\u00e9s<\/li>\n<li>Appels \u00e0 la gestion de la foule par les autorit\u00e9s<\/li>\n<li>Importance spirituelle du Sashi Snan<\/li>\n<li>Impact des r\u00e9seaux sociaux sur la perception de l&rsquo;\u00e9v\u00e9nement<\/li>\n<\/ul>\n<p>Le Maha Kumbh Festival \u00e0 Prayagraj est devenu un sujet de d\u00e9bat national, mettant en lumi\u00e8re les limites de l&rsquo;infrastructure et les d\u00e9fis de gestion des grandes foules. Alors que les d\u00e9vots continuent d&rsquo;affluer, la question demeure : Prayagraj pourra-t-elle faire face \u00e0 cette mar\u00e9e humaine et garantir la s\u00e9curit\u00e9 de tous ?<img decoding=\"async\" width=\"1024\" height=\"576\" src=\"https:\/\/voyage-aventure.com\/blog\/wp-content\/uploads\/2025\/02\/stability-prayagraj-sous-le-choc-le-maha-kumbh-festival-en-proie-a-un-chaos-inoui-1.png\" class=\"aligncenter\" alt=\"Illustration d\u00e9taill\u00e9e sur Prayagraj sous le choc : le Maha Kumbh Festival en proie \u00e0 un chaos inou\u00ef\" title=\"Prayagraj sous le choc : le Maha Kumbh Festival en proie \u00e0 un chaos inou\u00ef\" loading=\"lazy\" \/><\/p>\n","protected":false},"excerpt":{"rendered":"","protected":false},"author":34,"featured_media":12349,"comment_status":"open","ping_status":"open","sticky":false,"template":"","format":"standard","meta":{"_acf_changed":false,"manual_indexmenow":false,"indexmenow_id_project":0,"footnotes":""},"categories":[1],"tags":[4538,4527,4530,3170,4635],"class_list":["post-12348","post","type-post","status-publish","format-standard","has-post-thumbnail","hentry","category-a-la-une","tag-activites-variees","tag-decouverte-culturelle","tag-escapade-en-europe","tag-securite","tag-voyage","generate-columns","tablet-grid-50","mobile-grid-100","grid-parent","grid-25"],"acf":[],"yoast_head":"<!-- This site is optimized with the Yoast SEO Premium plugin v21.3 (Yoast SEO v25.1) - https:\/\/yoast.com\/wordpress\/plugins\/seo\/ -->\n<title>Prayagraj sous le choc : le Maha Kumbh Festival en proie \u00e0<\/title>\n<meta name=\"description\" content=\"Une mar\u00e9e humaine sans pr\u00e9c\u00e9dent envahit Prayagraj Prayagraj est actuellement le th\u00e9\u00e2tre d&#039;une affluence incroyable avec plus de six cents millions de\" \/>\n<meta name=\"robots\" content=\"index, follow, max-snippet:-1, max-image-preview:large, max-video-preview:-1\" \/>\n<link rel=\"canonical\" href=\"https:\/\/voyage-aventure.com\/blog\/a-la-une\/prayagraj-sous-le-choc-le-maha-kumbh-festival-en-proie-a-un-chaos-inoui\/\" \/>\n<meta property=\"og:locale\" content=\"fr_FR\" \/>\n<meta property=\"og:type\" content=\"article\" \/>\n<meta property=\"og:title\" content=\"Prayagraj sous le choc : le Maha Kumbh Festival en proie \u00e0\" \/>\n<meta property=\"og:description\" content=\"Une mar\u00e9e humaine sans pr\u00e9c\u00e9dent envahit Prayagraj Prayagraj est actuellement le th\u00e9\u00e2tre d&#039;une affluence incroyable avec plus de six cents millions de\" \/>\n<meta property=\"og:url\" content=\"https:\/\/voyage-aventure.com\/blog\/a-la-une\/prayagraj-sous-le-choc-le-maha-kumbh-festival-en-proie-a-un-chaos-inoui\/\" \/>\n<meta property=\"og:site_name\" content=\"voyage-aventure\" \/>\n<meta property=\"og:image\" content=\"https:\/\/voyage-aventure.com\/blog\/wp-content\/uploads\/2025\/02\/stability-prayagraj-sous-le-choc-le-maha-kumbh-festival-en-proie-a-un-chaos-inoui.png\" \/>\n\t<meta property=\"og:image:width\" content=\"1024\" \/>\n\t<meta property=\"og:image:height\" content=\"576\" \/>\n\t<meta property=\"og:image:type\" content=\"image\/png\" \/>\n<meta name=\"author\" content=\"Camille Rouvray\" \/>\n<meta name=\"twitter:card\" content=\"summary_large_image\" \/>\n<script type=\"application\/ld+json\" class=\"yoast-schema-graph\">{\"@context\":\"https:\/\/schema.org\",\"@graph\":[{\"@type\":\"NewsArticle\",\"@id\":\"https:\/\/voyage-aventure.com\/blog\/a-la-une\/prayagraj-sous-le-choc-le-maha-kumbh-festival-en-proie-a-un-chaos-inoui\/#article\",\"isPartOf\":{\"@id\":\"https:\/\/voyage-aventure.com\/blog\/a-la-une\/prayagraj-sous-le-choc-le-maha-kumbh-festival-en-proie-a-un-chaos-inoui\/\"},\"author\":{\"name\":\"Camille Rouvray\",\"@id\":\"https:\/\/voyage-aventure.com\/blog\/#\/schema\/person\/3c864cdc320801e3db34b663e7e3f816\"},\"headline\":\"Prayagraj sous le choc : le Maha Kumbh Festival en proie \u00e0 un chaos inou\u00ef\",\"datePublished\":\"2025-02-23T18:30:03+00:00\",\"mainEntityOfPage\":{\"@id\":\"https:\/\/voyage-aventure.com\/blog\/a-la-une\/prayagraj-sous-le-choc-le-maha-kumbh-festival-en-proie-a-un-chaos-inoui\/\"},\"wordCount\":776,\"commentCount\":25,\"publisher\":{\"@id\":\"https:\/\/voyage-aventure.com\/blog\/#organization\"},\"image\":{\"@id\":\"https:\/\/voyage-aventure.com\/blog\/a-la-une\/prayagraj-sous-le-choc-le-maha-kumbh-festival-en-proie-a-un-chaos-inoui\/#primaryimage\"},\"thumbnailUrl\":\"https:\/\/voyage-aventure.com\/blog\/wp-content\/uploads\/2025\/02\/stability-prayagraj-sous-le-choc-le-maha-kumbh-festival-en-proie-a-un-chaos-inoui.png\",\"keywords\":[\"Activit\u00e9s Vari\u00e9es\",\"D\u00e9couverte Culturelle\",\"Escapade en Europe\",\"S\u00e9curit\u00e9\",\"Voyage\"],\"articleSection\":[\"\u00c0 la une\"],\"inLanguage\":\"fr-FR\",\"potentialAction\":[{\"@type\":\"CommentAction\",\"name\":\"Comment\",\"target\":[\"https:\/\/voyage-aventure.com\/blog\/a-la-une\/prayagraj-sous-le-choc-le-maha-kumbh-festival-en-proie-a-un-chaos-inoui\/#respond\"]}]},{\"@type\":\"WebPage\",\"@id\":\"https:\/\/voyage-aventure.com\/blog\/a-la-une\/prayagraj-sous-le-choc-le-maha-kumbh-festival-en-proie-a-un-chaos-inoui\/\",\"url\":\"https:\/\/voyage-aventure.com\/blog\/a-la-une\/prayagraj-sous-le-choc-le-maha-kumbh-festival-en-proie-a-un-chaos-inoui\/\",\"name\":\"Prayagraj sous le choc : le Maha Kumbh Festival en proie \u00e0\",\"isPartOf\":{\"@id\":\"https:\/\/voyage-aventure.com\/blog\/#website\"},\"primaryImageOfPage\":{\"@id\":\"https:\/\/voyage-aventure.com\/blog\/a-la-une\/prayagraj-sous-le-choc-le-maha-kumbh-festival-en-proie-a-un-chaos-inoui\/#primaryimage\"},\"image\":{\"@id\":\"https:\/\/voyage-aventure.com\/blog\/a-la-une\/prayagraj-sous-le-choc-le-maha-kumbh-festival-en-proie-a-un-chaos-inoui\/#primaryimage\"},\"thumbnailUrl\":\"https:\/\/voyage-aventure.com\/blog\/wp-content\/uploads\/2025\/02\/stability-prayagraj-sous-le-choc-le-maha-kumbh-festival-en-proie-a-un-chaos-inoui.png\",\"datePublished\":\"2025-02-23T18:30:03+00:00\",\"description\":\"Une mar\u00e9e humaine sans pr\u00e9c\u00e9dent envahit Prayagraj Prayagraj est actuellement le th\u00e9\u00e2tre d'une affluence incroyable avec plus de six cents millions de\",\"inLanguage\":\"fr-FR\",\"potentialAction\":[{\"@type\":\"ReadAction\",\"target\":[\"https:\/\/voyage-aventure.com\/blog\/a-la-une\/prayagraj-sous-le-choc-le-maha-kumbh-festival-en-proie-a-un-chaos-inoui\/\"]}]},{\"@type\":\"ImageObject\",\"inLanguage\":\"fr-FR\",\"@id\":\"https:\/\/voyage-aventure.com\/blog\/a-la-une\/prayagraj-sous-le-choc-le-maha-kumbh-festival-en-proie-a-un-chaos-inoui\/#primaryimage\",\"url\":\"https:\/\/voyage-aventure.com\/blog\/wp-content\/uploads\/2025\/02\/stability-prayagraj-sous-le-choc-le-maha-kumbh-festival-en-proie-a-un-chaos-inoui.png\",\"contentUrl\":\"https:\/\/voyage-aventure.com\/blog\/wp-content\/uploads\/2025\/02\/stability-prayagraj-sous-le-choc-le-maha-kumbh-festival-en-proie-a-un-chaos-inoui.png\",\"width\":1024,\"height\":576},{\"@type\":\"WebSite\",\"@id\":\"https:\/\/voyage-aventure.com\/blog\/#website\",\"url\":\"https:\/\/voyage-aventure.com\/blog\/\",\"name\":\"voyage-aventure.com\",\"description\":\"Votre passeport pour l\u2019inattendu.\",\"publisher\":{\"@id\":\"https:\/\/voyage-aventure.com\/blog\/#organization\"},\"alternateName\":\"Votre passeport pour l\u2019inattendu.\",\"potentialAction\":[{\"@type\":\"SearchAction\",\"target\":{\"@type\":\"EntryPoint\",\"urlTemplate\":\"https:\/\/voyage-aventure.com\/blog\/?s={search_term_string}\"},\"query-input\":{\"@type\":\"PropertyValueSpecification\",\"valueRequired\":true,\"valueName\":\"search_term_string\"}}],\"inLanguage\":\"fr-FR\"},{\"@type\":\"Organization\",\"@id\":\"https:\/\/voyage-aventure.com\/blog\/#organization\",\"name\":\"Foretsensations.fr\",\"url\":\"https:\/\/voyage-aventure.com\/blog\/\",\"logo\":{\"@type\":\"ImageObject\",\"inLanguage\":\"fr-FR\",\"@id\":\"https:\/\/voyage-aventure.com\/blog\/#\/schema\/logo\/image\/\",\"url\":\"https:\/\/voyage-aventure.com\/blog\/wp-content\/uploads\/2024\/12\/19.png\",\"contentUrl\":\"https:\/\/voyage-aventure.com\/blog\/wp-content\/uploads\/2024\/12\/19.png\",\"width\":512,\"height\":512,\"caption\":\"Foretsensations.fr\"},\"image\":{\"@id\":\"https:\/\/voyage-aventure.com\/blog\/#\/schema\/logo\/image\/\"}},{\"@type\":\"Person\",\"@id\":\"https:\/\/voyage-aventure.com\/blog\/#\/schema\/person\/3c864cdc320801e3db34b663e7e3f816\",\"name\":\"Camille Rouvray\",\"image\":{\"@type\":\"ImageObject\",\"inLanguage\":\"fr-FR\",\"@id\":\"https:\/\/voyage-aventure.com\/blog\/#\/schema\/person\/image\/\",\"url\":\"https:\/\/voyage-aventure.com\/blog\/wp-content\/uploads\/2026\/06\/persona_camille-r-96x96.jpg\",\"contentUrl\":\"https:\/\/voyage-aventure.com\/blog\/wp-content\/uploads\/2026\/06\/persona_camille-r-96x96.jpg\",\"caption\":\"Camille Rouvray\"},\"description\":\"Je voyage et j'\u00e9cris sur le voyage depuis une douzaine d'ann\u00e9es, d'abord en tant que routarde au long cours, puis comme r\u00e9dactrice sp\u00e9cialis\u00e9e. Mon terrain de pr\u00e9dilection, ce sont les circuits organis\u00e9s et l'art de bien pr\u00e9parer un itin\u00e9raire : choix de la saison, dur\u00e9e r\u00e9aliste des \u00e9tapes, budget jour par jour, logement et transport sur place. J'aime aussi raconter les p\u00e9pites urbaines, ces adresses qu'on ne trouve pas dans les guides classiques. Avant de publier un dossier destination, je croise toujours plusieurs sources, je v\u00e9rifie les tarifs et les formalit\u00e9s d'entr\u00e9e \u00e0 jour, et je teste moi-m\u00eame quand je le peux. Mon angle reste pratique avant tout : aider le lecteur \u00e0 partir l'esprit tranquille, sans mauvaise surprise une fois sur place. Je m'attache \u00e0 distinguer le coup de c\u0153ur sinc\u00e8re du simple argument marketing.\",\"sameAs\":[\"https:\/\/camillerouvray.fr\/\"],\"url\":\"https:\/\/voyage-aventure.com\/blog\/auteur\/noname\/\"}]}<\/script>\n<!-- \/ Yoast SEO Premium plugin. -->","yoast_head_json":{"title":"Prayagraj sous le choc : le Maha Kumbh Festival en proie \u00e0","description":"Une mar\u00e9e humaine sans pr\u00e9c\u00e9dent envahit Prayagraj Prayagraj est actuellement le th\u00e9\u00e2tre d'une affluence incroyable avec plus de six cents millions de","robots":{"index":"index","follow":"follow","max-snippet":"max-snippet:-1","max-image-preview":"max-image-preview:large","max-video-preview":"max-video-preview:-1"},"canonical":"https:\/\/voyage-aventure.com\/blog\/a-la-une\/prayagraj-sous-le-choc-le-maha-kumbh-festival-en-proie-a-un-chaos-inoui\/","og_locale":"fr_FR","og_type":"article","og_title":"Prayagraj sous le choc : le Maha Kumbh Festival en proie \u00e0","og_description":"Une mar\u00e9e humaine sans pr\u00e9c\u00e9dent envahit Prayagraj Prayagraj est actuellement le th\u00e9\u00e2tre d'une affluence incroyable avec plus de six cents millions de","og_url":"https:\/\/voyage-aventure.com\/blog\/a-la-une\/prayagraj-sous-le-choc-le-maha-kumbh-festival-en-proie-a-un-chaos-inoui\/","og_site_name":"voyage-aventure","og_image":[{"width":1024,"height":576,"url":"https:\/\/voyage-aventure.com\/blog\/wp-content\/uploads\/2025\/02\/stability-prayagraj-sous-le-choc-le-maha-kumbh-festival-en-proie-a-un-chaos-inoui.png","type":"image\/png"}],"author":"Camille Rouvray","twitter_card":"summary_large_image","schema":{"@context":"https:\/\/schema.org","@graph":[{"@type":"NewsArticle","@id":"https:\/\/voyage-aventure.com\/blog\/a-la-une\/prayagraj-sous-le-choc-le-maha-kumbh-festival-en-proie-a-un-chaos-inoui\/#article","isPartOf":{"@id":"https:\/\/voyage-aventure.com\/blog\/a-la-une\/prayagraj-sous-le-choc-le-maha-kumbh-festival-en-proie-a-un-chaos-inoui\/"},"author":{"name":"Camille Rouvray","@id":"https:\/\/voyage-aventure.com\/blog\/#\/schema\/person\/3c864cdc320801e3db34b663e7e3f816"},"headline":"Prayagraj sous le choc : le Maha Kumbh Festival en proie \u00e0 un chaos inou\u00ef","datePublished":"2025-02-23T18:30:03+00:00","mainEntityOfPage":{"@id":"https:\/\/voyage-aventure.com\/blog\/a-la-une\/prayagraj-sous-le-choc-le-maha-kumbh-festival-en-proie-a-un-chaos-inoui\/"},"wordCount":776,"commentCount":25,"publisher":{"@id":"https:\/\/voyage-aventure.com\/blog\/#organization"},"image":{"@id":"https:\/\/voyage-aventure.com\/blog\/a-la-une\/prayagraj-sous-le-choc-le-maha-kumbh-festival-en-proie-a-un-chaos-inoui\/#primaryimage"},"thumbnailUrl":"https:\/\/voyage-aventure.com\/blog\/wp-content\/uploads\/2025\/02\/stability-prayagraj-sous-le-choc-le-maha-kumbh-festival-en-proie-a-un-chaos-inoui.png","keywords":["Activit\u00e9s Vari\u00e9es","D\u00e9couverte Culturelle","Escapade en Europe","S\u00e9curit\u00e9","Voyage"],"articleSection":["\u00c0 la une"],"inLanguage":"fr-FR","potentialAction":[{"@type":"CommentAction","name":"Comment","target":["https:\/\/voyage-aventure.com\/blog\/a-la-une\/prayagraj-sous-le-choc-le-maha-kumbh-festival-en-proie-a-un-chaos-inoui\/#respond"]}]},{"@type":"WebPage","@id":"https:\/\/voyage-aventure.com\/blog\/a-la-une\/prayagraj-sous-le-choc-le-maha-kumbh-festival-en-proie-a-un-chaos-inoui\/","url":"https:\/\/voyage-aventure.com\/blog\/a-la-une\/prayagraj-sous-le-choc-le-maha-kumbh-festival-en-proie-a-un-chaos-inoui\/","name":"Prayagraj sous le choc : le Maha Kumbh Festival en proie \u00e0","isPartOf":{"@id":"https:\/\/voyage-aventure.com\/blog\/#website"},"primaryImageOfPage":{"@id":"https:\/\/voyage-aventure.com\/blog\/a-la-une\/prayagraj-sous-le-choc-le-maha-kumbh-festival-en-proie-a-un-chaos-inoui\/#primaryimage"},"image":{"@id":"https:\/\/voyage-aventure.com\/blog\/a-la-une\/prayagraj-sous-le-choc-le-maha-kumbh-festival-en-proie-a-un-chaos-inoui\/#primaryimage"},"thumbnailUrl":"https:\/\/voyage-aventure.com\/blog\/wp-content\/uploads\/2025\/02\/stability-prayagraj-sous-le-choc-le-maha-kumbh-festival-en-proie-a-un-chaos-inoui.png","datePublished":"2025-02-23T18:30:03+00:00","description":"Une mar\u00e9e humaine sans pr\u00e9c\u00e9dent envahit Prayagraj Prayagraj est actuellement le th\u00e9\u00e2tre d'une affluence incroyable avec plus de six cents millions de","inLanguage":"fr-FR","potentialAction":[{"@type":"ReadAction","target":["https:\/\/voyage-aventure.com\/blog\/a-la-une\/prayagraj-sous-le-choc-le-maha-kumbh-festival-en-proie-a-un-chaos-inoui\/"]}]},{"@type":"ImageObject","inLanguage":"fr-FR","@id":"https:\/\/voyage-aventure.com\/blog\/a-la-une\/prayagraj-sous-le-choc-le-maha-kumbh-festival-en-proie-a-un-chaos-inoui\/#primaryimage","url":"https:\/\/voyage-aventure.com\/blog\/wp-content\/uploads\/2025\/02\/stability-prayagraj-sous-le-choc-le-maha-kumbh-festival-en-proie-a-un-chaos-inoui.png","contentUrl":"https:\/\/voyage-aventure.com\/blog\/wp-content\/uploads\/2025\/02\/stability-prayagraj-sous-le-choc-le-maha-kumbh-festival-en-proie-a-un-chaos-inoui.png","width":1024,"height":576},{"@type":"WebSite","@id":"https:\/\/voyage-aventure.com\/blog\/#website","url":"https:\/\/voyage-aventure.com\/blog\/","name":"voyage-aventure.com","description":"Votre passeport pour l\u2019inattendu.","publisher":{"@id":"https:\/\/voyage-aventure.com\/blog\/#organization"},"alternateName":"Votre passeport pour l\u2019inattendu.","potentialAction":[{"@type":"SearchAction","target":{"@type":"EntryPoint","urlTemplate":"https:\/\/voyage-aventure.com\/blog\/?s={search_term_string}"},"query-input":{"@type":"PropertyValueSpecification","valueRequired":true,"valueName":"search_term_string"}}],"inLanguage":"fr-FR"},{"@type":"Organization","@id":"https:\/\/voyage-aventure.com\/blog\/#organization","name":"Foretsensations.fr","url":"https:\/\/voyage-aventure.com\/blog\/","logo":{"@type":"ImageObject","inLanguage":"fr-FR","@id":"https:\/\/voyage-aventure.com\/blog\/#\/schema\/logo\/image\/","url":"https:\/\/voyage-aventure.com\/blog\/wp-content\/uploads\/2024\/12\/19.png","contentUrl":"https:\/\/voyage-aventure.com\/blog\/wp-content\/uploads\/2024\/12\/19.png","width":512,"height":512,"caption":"Foretsensations.fr"},"image":{"@id":"https:\/\/voyage-aventure.com\/blog\/#\/schema\/logo\/image\/"}},{"@type":"Person","@id":"https:\/\/voyage-aventure.com\/blog\/#\/schema\/person\/3c864cdc320801e3db34b663e7e3f816","name":"Camille Rouvray","image":{"@type":"ImageObject","inLanguage":"fr-FR","@id":"https:\/\/voyage-aventure.com\/blog\/#\/schema\/person\/image\/","url":"https:\/\/voyage-aventure.com\/blog\/wp-content\/uploads\/2026\/06\/persona_camille-r-96x96.jpg","contentUrl":"https:\/\/voyage-aventure.com\/blog\/wp-content\/uploads\/2026\/06\/persona_camille-r-96x96.jpg","caption":"Camille Rouvray"},"description":"Je voyage et j'\u00e9cris sur le voyage depuis une douzaine d'ann\u00e9es, d'abord en tant que routarde au long cours, puis comme r\u00e9dactrice sp\u00e9cialis\u00e9e. Mon terrain de pr\u00e9dilection, ce sont les circuits organis\u00e9s et l'art de bien pr\u00e9parer un itin\u00e9raire : choix de la saison, dur\u00e9e r\u00e9aliste des \u00e9tapes, budget jour par jour, logement et transport sur place. J'aime aussi raconter les p\u00e9pites urbaines, ces adresses qu'on ne trouve pas dans les guides classiques. Avant de publier un dossier destination, je croise toujours plusieurs sources, je v\u00e9rifie les tarifs et les formalit\u00e9s d'entr\u00e9e \u00e0 jour, et je teste moi-m\u00eame quand je le peux. Mon angle reste pratique avant tout : aider le lecteur \u00e0 partir l'esprit tranquille, sans mauvaise surprise une fois sur place. Je m'attache \u00e0 distinguer le coup de c\u0153ur sinc\u00e8re du simple argument marketing.","sameAs":["https:\/\/camillerouvray.fr\/"],"url":"https:\/\/voyage-aventure.com\/blog\/auteur\/noname\/"}]}},"_links":{"self":[{"href":"https:\/\/voyage-aventure.com\/blog\/wp-json\/wp\/v2\/posts\/12348","targetHints":{"allow":["GET"]}}],"collection":[{"href":"https:\/\/voyage-aventure.com\/blog\/wp-json\/wp\/v2\/posts"}],"about":[{"href":"https:\/\/voyage-aventure.com\/blog\/wp-json\/wp\/v2\/types\/post"}],"author":[{"embeddable":true,"href":"https:\/\/voyage-aventure.com\/blog\/wp-json\/wp\/v2\/users\/34"}],"replies":[{"embeddable":true,"href":"https:\/\/voyage-aventure.com\/blog\/wp-json\/wp\/v2\/comments?post=12348"}],"version-history":[{"count":1,"href":"https:\/\/voyage-aventure.com\/blog\/wp-json\/wp\/v2\/posts\/12348\/revisions"}],"predecessor-version":[{"id":12351,"href":"https:\/\/voyage-aventure.com\/blog\/wp-json\/wp\/v2\/posts\/12348\/revisions\/12351"}],"wp:featuredmedia":[{"embeddable":true,"href":"https:\/\/voyage-aventure.com\/blog\/wp-json\/wp\/v2\/media\/12349"}],"wp:attachment":[{"href":"https:\/\/voyage-aventure.com\/blog\/wp-json\/wp\/v2\/media?parent=12348"}],"wp:term":[{"taxonomy":"category","embeddable":true,"href":"https:\/\/voyage-aventure.com\/blog\/wp-json\/wp\/v2\/categories?post=12348"},{"taxonomy":"post_tag","embeddable":true,"href":"https:\/\/voyage-aventure.com\/blog\/wp-json\/wp\/v2\/tags?post=12348"}],"curies":[{"name":"wp","href":"https:\/\/api.w.org\/{rel}","templated":true}]}}