{"id":12152,"date":"2025-02-23T08:40:53","date_gmt":"2025-02-23T07:40:53","guid":{"rendered":"https:\/\/voyage-aventure.com\/blog\/?p=12152"},"modified":"2025-02-23T05:27:29","modified_gmt":"2025-02-23T04:27:29","slug":"le-boycott-canadien-des-voyages-aux-etats-unis-un-coup-dur-pour-leconomie-americaine","status":"publish","type":"post","link":"https:\/\/voyage-aventure.com\/blog\/a-la-une\/le-boycott-canadien-des-voyages-aux-etats-unis-un-coup-dur-pour-leconomie-americaine\/","title":{"rendered":"Le boycott canadien des voyages aux \u00c9tats-Unis : un coup dur pour l&rsquo;\u00e9conomie am\u00e9ricaine"},"content":{"rendered":"<h2>Des Canadiens en col\u00e8re face aux tensions commerciales<\/h2>\n<p>De nombreux Canadiens d\u00e9cident d&rsquo;annuler leurs voyages vers le sud, se sentant menac\u00e9s par les nouvelles taxes douani\u00e8res impos\u00e9es par le gouvernement am\u00e9ricain. Ce ph\u00e9nom\u00e8ne pourrait avoir des r\u00e9percussions \u00e9conomiques significatives, estim\u00e9es \u00e0 2,1 milliards de dollars pour les \u00c9tats-Unis.<\/p>\n<p>Les Canadiens, face \u00e0 une incertitude \u00e9conomique croissante, choisissent de boycotter les voyages aux \u00c9tats-Unis pour protester contre les d\u00e9cisions politiques. Carlo Tarini, un r\u00e9sident de Montr\u00e9al, illustre parfaitement ce sentiment : il a annul\u00e9 son voyage \u00e0 New York pour opter pour des destinations plus amicales, d\u00e9clarant : \u00ab Nous sommes furieux et nous ne l&rsquo;accepterons pas. \u00bb<\/p>\n<h2>Les impacts sur les \u00e9coles et les entreprises<\/h2>\n<p>Les cons\u00e9quences de ce boycott ne se limitent pas aux particuliers. Les \u00e9tablissements scolaires et les entreprises canadiennes commencent \u00e0 modifier leurs projets de voyage. Par exemple, plusieurs \u00e9coles au Qu\u00e9bec ont r\u00e9orient\u00e9 leurs excursions vers des destinations canadiennes, comme Toronto, pour \u00e9viter de soutenir l&rsquo;\u00e9conomie am\u00e9ricaine.<\/p>\n<p>Les agences de voyages, telles que Maple Leaf Tours, constatent une chute de 40 % des r\u00e9servations vers les \u00c9tats-Unis. Cette perte se traduit par des centaines de milliers de dollars de pertes pour ces entreprises, qui d\u00e9pendent fortement des voyageurs canadiens.<\/p>\n<ul>\n<li>Annulation de voyages scolaires vers les \u00c9tats-Unis<\/li>\n<li>R\u00e9duction des r\u00e9servations pour les voyages d&rsquo;affaires<\/li>\n<li>Impact sur les agences de voyages locales<\/li>\n<\/ul>\n<h2>Les \u00c9tats am\u00e9ricains les plus touch\u00e9s<\/h2>\n<p>Le Florida, traditionnellement une destination pris\u00e9e des Canadiens, subit un coup dur. Environ 1,3 \u00e0 1,5 million de Canadiens visitent habituellement cet \u00c9tat chaque ann\u00e9e, d\u00e9pensant pr\u00e8s de 975 millions de dollars. Cependant, avec le boycott en cours, ces chiffres sont en forte baisse.<img decoding=\"async\" width=\"1024\" height=\"576\" src=\"https:\/\/voyage-aventure.com\/blog\/wp-content\/uploads\/2025\/02\/stability-le-boycott-canadien-des-voyages-aux-etats-unis-un-coup-dur-pour-leconomie-americaine-1.png\" class=\"aligncenter\" alt=\"Illustration d\u00e9taill\u00e9e sur Le boycott canadien des voyages aux \u00c9tats-Unis : un coup dur pour l&#039;\u00e9conomie am\u00e9ricaine\" title=\"Le boycott canadien des voyages aux \u00c9tats-Unis : un coup dur pour l&#039;\u00e9conomie am\u00e9ricaine\" loading=\"lazy\" \/><\/p>\n<p>Stacy Ritter, PDG de Visit Lauderdale, a re\u00e7u de nombreux messages de Canadiens expliquant pourquoi ils ne reviendraient pas cette ann\u00e9e, qualifiant cela de \u00ab coup dur \u00bb. Les entreprises locales, qui d\u00e9pendent de cette client\u00e8le, ressentent d\u00e9j\u00e0 l&rsquo;impact de cette d\u00e9cision.<\/p>\n<h2>Les statistiques en disent long<\/h2>\n<p>Les donn\u00e9es montrent une diminution significative du trafic des Canadiens vers les \u00c9tats-Unis. WestJet, l&rsquo;une des principales compagnies a\u00e9riennes canadiennes, signale une baisse de 25 % de la demande pour les vols vers le sud. Selon Statistique Canada, 15 000 Canadiens de moins sont rentr\u00e9s aux \u00c9tats-Unis par la route en janvier dernier, marquant la premi\u00e8re baisse depuis la pand\u00e9mie.<\/p>\n<p>\u00c0 l&rsquo;inverse, le nombre d&rsquo;Am\u00e9ricains se rendant au Canada est en hausse. En janvier, 707 000 Am\u00e9ricains ont franchi la fronti\u00e8re, soit une augmentation de 23 % par rapport \u00e0 l&rsquo;ann\u00e9e pr\u00e9c\u00e9dente. Cela montre que malgr\u00e9 les tensions, l&rsquo;int\u00e9r\u00eat pour le Canada reste fort.<\/p>\n<p><iframe loading=\"lazy\" title=\"Politique \u00e9trang\u00e8re du Canada et multilat\u00e9ralisme\" width=\"1200\" height=\"675\" src=\"https:\/\/www.youtube.com\/embed\/n9KaVynvxLw?feature=oembed\" frameborder=\"0\" allow=\"accelerometer; autoplay; clipboard-write; encrypted-media; gyroscope; picture-in-picture; web-share\" referrerpolicy=\"strict-origin-when-cross-origin\" allowfullscreen><\/iframe><\/p>\n<h2>Une r\u00e9ponse unilat\u00e9rale ?<\/h2>\n<p>Il est int\u00e9ressant de noter que le boycott semble \u00eatre unilat\u00e9ral. Alors que les Canadiens r\u00e9duisent leurs voyages aux \u00c9tats-Unis, les Am\u00e9ricains continuent d&rsquo;affluer au Canada. Cela cr\u00e9e une dynamique bizarre dans les relations entre les deux pays, o\u00f9 les Canadiens expriment leur m\u00e9contentement tandis que les Am\u00e9ricains profitent des attractions canadiennes.<\/p>\n<p>Cette situation pourrait-elle amener les responsables politiques \u00e0 reconsid\u00e9rer leur approche face \u00e0 la guerre commerciale ? Les prochains mois seront cruciaux pour observer l&rsquo;\u00e9volution des relations entre ces deux nations.<\/p>\n<blockquote><p>\u00ab Ce boycott est une r\u00e9ponse directe aux tensions commerciales. Nous voulons montrer que nos choix ont des cons\u00e9quences. \u00bb<\/p><\/blockquote>\n<h2>Quel avenir pour les relations de voyage entre les \u00c9tats-Unis et le Canada ?<\/h2>\n<p>\u00c0 mesure que le conflit commercial se poursuit, il est probable que le boycott des Canadiens perdure. Si les voyageurs canadiens continuent \u00e0 choisir des destinations alternatives, l&rsquo;impact \u00e9conomique sur les \u00c9tats am\u00e9ricains fortement tributaires du tourisme pourrait s&rsquo;accentuer. Les r\u00e9gions comme la Floride et New York se pr\u00e9parent \u00e0 des pertes suppl\u00e9mentaires dans les mois \u00e0 venir.<\/p>\n<p>Les professionnels du tourisme doivent r\u00e9\u00e9valuer leurs strat\u00e9gies pour attirer les Canadiens, tout en tenant compte de la situation politique actuelle. Le dialogue entre les gouvernements pourrait \u00eatre la cl\u00e9 pour restaurer la confiance et encourager les \u00e9changes touristiques.<\/p>\n","protected":false},"excerpt":{"rendered":"","protected":false},"author":34,"featured_media":12153,"comment_status":"open","ping_status":"open","sticky":false,"template":"","format":"standard","meta":{"_acf_changed":false,"manual_indexmenow":false,"indexmenow_id_project":0,"footnotes":""},"categories":[1],"tags":[4620,4636,5688,4526,4551],"class_list":["post-12152","post","type-post","status-publish","format-standard","has-post-thumbnail","hentry","category-a-la-une","tag-annulation-de-voyage","tag-destinations","tag-relations-internationales","tag-voyage-economique","tag-voyage-solidaire","generate-columns","tablet-grid-50","mobile-grid-100","grid-parent","grid-25"],"acf":[],"yoast_head":"<!-- This site is optimized with the Yoast SEO Premium plugin v21.3 (Yoast SEO v25.1) - https:\/\/yoast.com\/wordpress\/plugins\/seo\/ -->\n<title>Le boycott canadien des voyages aux \u00c9tats-Unis : un coup<\/title>\n<meta name=\"description\" content=\"Des Canadiens en col\u00e8re face aux tensions commerciales De nombreux Canadiens d\u00e9cident d&#039;annuler leurs voyages vers le sud, se sentant menac\u00e9s par les\" \/>\n<meta name=\"robots\" content=\"index, follow, max-snippet:-1, max-image-preview:large, max-video-preview:-1\" \/>\n<link rel=\"canonical\" href=\"https:\/\/voyage-aventure.com\/blog\/a-la-une\/le-boycott-canadien-des-voyages-aux-etats-unis-un-coup-dur-pour-leconomie-americaine\/\" \/>\n<meta property=\"og:locale\" content=\"fr_FR\" \/>\n<meta property=\"og:type\" content=\"article\" \/>\n<meta property=\"og:title\" content=\"Le boycott canadien des voyages aux \u00c9tats-Unis : un coup\" \/>\n<meta property=\"og:description\" content=\"Des Canadiens en col\u00e8re face aux tensions commerciales De nombreux Canadiens d\u00e9cident d&#039;annuler leurs voyages vers le sud, se sentant menac\u00e9s par les\" \/>\n<meta property=\"og:url\" content=\"https:\/\/voyage-aventure.com\/blog\/a-la-une\/le-boycott-canadien-des-voyages-aux-etats-unis-un-coup-dur-pour-leconomie-americaine\/\" \/>\n<meta property=\"og:site_name\" content=\"voyage-aventure\" \/>\n<meta property=\"og:image\" content=\"https:\/\/voyage-aventure.com\/blog\/wp-content\/uploads\/2025\/02\/stability-le-boycott-canadien-des-voyages-aux-etats-unis-un-coup-dur-pour-leconomie-americaine.png\" \/>\n\t<meta property=\"og:image:width\" content=\"1024\" \/>\n\t<meta property=\"og:image:height\" content=\"576\" \/>\n\t<meta property=\"og:image:type\" content=\"image\/png\" \/>\n<meta name=\"author\" content=\"Camille Rouvray\" \/>\n<meta name=\"twitter:card\" content=\"summary_large_image\" \/>\n<script type=\"application\/ld+json\" class=\"yoast-schema-graph\">{\"@context\":\"https:\/\/schema.org\",\"@graph\":[{\"@type\":\"NewsArticle\",\"@id\":\"https:\/\/voyage-aventure.com\/blog\/a-la-une\/le-boycott-canadien-des-voyages-aux-etats-unis-un-coup-dur-pour-leconomie-americaine\/#article\",\"isPartOf\":{\"@id\":\"https:\/\/voyage-aventure.com\/blog\/a-la-une\/le-boycott-canadien-des-voyages-aux-etats-unis-un-coup-dur-pour-leconomie-americaine\/\"},\"author\":{\"name\":\"Camille Rouvray\",\"@id\":\"https:\/\/voyage-aventure.com\/blog\/#\/schema\/person\/3c864cdc320801e3db34b663e7e3f816\"},\"headline\":\"Le boycott canadien des voyages aux \u00c9tats-Unis : un coup dur pour l&rsquo;\u00e9conomie am\u00e9ricaine\",\"datePublished\":\"2025-02-23T07:40:53+00:00\",\"mainEntityOfPage\":{\"@id\":\"https:\/\/voyage-aventure.com\/blog\/a-la-une\/le-boycott-canadien-des-voyages-aux-etats-unis-un-coup-dur-pour-leconomie-americaine\/\"},\"wordCount\":705,\"commentCount\":22,\"publisher\":{\"@id\":\"https:\/\/voyage-aventure.com\/blog\/#organization\"},\"image\":{\"@id\":\"https:\/\/voyage-aventure.com\/blog\/a-la-une\/le-boycott-canadien-des-voyages-aux-etats-unis-un-coup-dur-pour-leconomie-americaine\/#primaryimage\"},\"thumbnailUrl\":\"https:\/\/voyage-aventure.com\/blog\/wp-content\/uploads\/2025\/02\/stability-le-boycott-canadien-des-voyages-aux-etats-unis-un-coup-dur-pour-leconomie-americaine.png\",\"keywords\":[\"Annulation de Voyage\",\"Destinations\",\"Relations Internationales\",\"Voyage \u00c9conomique\",\"Voyage solidaire\"],\"articleSection\":[\"\u00c0 la une\"],\"inLanguage\":\"fr-FR\",\"potentialAction\":[{\"@type\":\"CommentAction\",\"name\":\"Comment\",\"target\":[\"https:\/\/voyage-aventure.com\/blog\/a-la-une\/le-boycott-canadien-des-voyages-aux-etats-unis-un-coup-dur-pour-leconomie-americaine\/#respond\"]}]},{\"@type\":\"WebPage\",\"@id\":\"https:\/\/voyage-aventure.com\/blog\/a-la-une\/le-boycott-canadien-des-voyages-aux-etats-unis-un-coup-dur-pour-leconomie-americaine\/\",\"url\":\"https:\/\/voyage-aventure.com\/blog\/a-la-une\/le-boycott-canadien-des-voyages-aux-etats-unis-un-coup-dur-pour-leconomie-americaine\/\",\"name\":\"Le boycott canadien des voyages aux \u00c9tats-Unis : un coup\",\"isPartOf\":{\"@id\":\"https:\/\/voyage-aventure.com\/blog\/#website\"},\"primaryImageOfPage\":{\"@id\":\"https:\/\/voyage-aventure.com\/blog\/a-la-une\/le-boycott-canadien-des-voyages-aux-etats-unis-un-coup-dur-pour-leconomie-americaine\/#primaryimage\"},\"image\":{\"@id\":\"https:\/\/voyage-aventure.com\/blog\/a-la-une\/le-boycott-canadien-des-voyages-aux-etats-unis-un-coup-dur-pour-leconomie-americaine\/#primaryimage\"},\"thumbnailUrl\":\"https:\/\/voyage-aventure.com\/blog\/wp-content\/uploads\/2025\/02\/stability-le-boycott-canadien-des-voyages-aux-etats-unis-un-coup-dur-pour-leconomie-americaine.png\",\"datePublished\":\"2025-02-23T07:40:53+00:00\",\"description\":\"Des Canadiens en col\u00e8re face aux tensions commerciales De nombreux Canadiens d\u00e9cident d'annuler leurs voyages vers le sud, se sentant menac\u00e9s par les\",\"inLanguage\":\"fr-FR\",\"potentialAction\":[{\"@type\":\"ReadAction\",\"target\":[\"https:\/\/voyage-aventure.com\/blog\/a-la-une\/le-boycott-canadien-des-voyages-aux-etats-unis-un-coup-dur-pour-leconomie-americaine\/\"]}]},{\"@type\":\"ImageObject\",\"inLanguage\":\"fr-FR\",\"@id\":\"https:\/\/voyage-aventure.com\/blog\/a-la-une\/le-boycott-canadien-des-voyages-aux-etats-unis-un-coup-dur-pour-leconomie-americaine\/#primaryimage\",\"url\":\"https:\/\/voyage-aventure.com\/blog\/wp-content\/uploads\/2025\/02\/stability-le-boycott-canadien-des-voyages-aux-etats-unis-un-coup-dur-pour-leconomie-americaine.png\",\"contentUrl\":\"https:\/\/voyage-aventure.com\/blog\/wp-content\/uploads\/2025\/02\/stability-le-boycott-canadien-des-voyages-aux-etats-unis-un-coup-dur-pour-leconomie-americaine.png\",\"width\":1024,\"height\":576},{\"@type\":\"WebSite\",\"@id\":\"https:\/\/voyage-aventure.com\/blog\/#website\",\"url\":\"https:\/\/voyage-aventure.com\/blog\/\",\"name\":\"voyage-aventure.com\",\"description\":\"Votre passeport pour l\u2019inattendu.\",\"publisher\":{\"@id\":\"https:\/\/voyage-aventure.com\/blog\/#organization\"},\"alternateName\":\"Votre passeport pour l\u2019inattendu.\",\"potentialAction\":[{\"@type\":\"SearchAction\",\"target\":{\"@type\":\"EntryPoint\",\"urlTemplate\":\"https:\/\/voyage-aventure.com\/blog\/?s={search_term_string}\"},\"query-input\":{\"@type\":\"PropertyValueSpecification\",\"valueRequired\":true,\"valueName\":\"search_term_string\"}}],\"inLanguage\":\"fr-FR\"},{\"@type\":\"Organization\",\"@id\":\"https:\/\/voyage-aventure.com\/blog\/#organization\",\"name\":\"Foretsensations.fr\",\"url\":\"https:\/\/voyage-aventure.com\/blog\/\",\"logo\":{\"@type\":\"ImageObject\",\"inLanguage\":\"fr-FR\",\"@id\":\"https:\/\/voyage-aventure.com\/blog\/#\/schema\/logo\/image\/\",\"url\":\"https:\/\/voyage-aventure.com\/blog\/wp-content\/uploads\/2024\/12\/19.png\",\"contentUrl\":\"https:\/\/voyage-aventure.com\/blog\/wp-content\/uploads\/2024\/12\/19.png\",\"width\":512,\"height\":512,\"caption\":\"Foretsensations.fr\"},\"image\":{\"@id\":\"https:\/\/voyage-aventure.com\/blog\/#\/schema\/logo\/image\/\"}},{\"@type\":\"Person\",\"@id\":\"https:\/\/voyage-aventure.com\/blog\/#\/schema\/person\/3c864cdc320801e3db34b663e7e3f816\",\"name\":\"Camille Rouvray\",\"image\":{\"@type\":\"ImageObject\",\"inLanguage\":\"fr-FR\",\"@id\":\"https:\/\/voyage-aventure.com\/blog\/#\/schema\/person\/image\/\",\"url\":\"https:\/\/voyage-aventure.com\/blog\/wp-content\/uploads\/2026\/06\/persona_camille-r-96x96.jpg\",\"contentUrl\":\"https:\/\/voyage-aventure.com\/blog\/wp-content\/uploads\/2026\/06\/persona_camille-r-96x96.jpg\",\"caption\":\"Camille Rouvray\"},\"description\":\"Je voyage et j'\u00e9cris sur le voyage depuis une douzaine d'ann\u00e9es, d'abord en tant que routarde au long cours, puis comme r\u00e9dactrice sp\u00e9cialis\u00e9e. Mon terrain de pr\u00e9dilection, ce sont les circuits organis\u00e9s et l'art de bien pr\u00e9parer un itin\u00e9raire : choix de la saison, dur\u00e9e r\u00e9aliste des \u00e9tapes, budget jour par jour, logement et transport sur place. J'aime aussi raconter les p\u00e9pites urbaines, ces adresses qu'on ne trouve pas dans les guides classiques. Avant de publier un dossier destination, je croise toujours plusieurs sources, je v\u00e9rifie les tarifs et les formalit\u00e9s d'entr\u00e9e \u00e0 jour, et je teste moi-m\u00eame quand je le peux. Mon angle reste pratique avant tout : aider le lecteur \u00e0 partir l'esprit tranquille, sans mauvaise surprise une fois sur place. Je m'attache \u00e0 distinguer le coup de c\u0153ur sinc\u00e8re du simple argument marketing.\",\"sameAs\":[\"https:\/\/camillerouvray.fr\/\"],\"url\":\"https:\/\/voyage-aventure.com\/blog\/auteur\/noname\/\"}]}<\/script>\n<!-- \/ Yoast SEO Premium plugin. -->","yoast_head_json":{"title":"Le boycott canadien des voyages aux \u00c9tats-Unis : un coup","description":"Des Canadiens en col\u00e8re face aux tensions commerciales De nombreux Canadiens d\u00e9cident d'annuler leurs voyages vers le sud, se sentant menac\u00e9s par les","robots":{"index":"index","follow":"follow","max-snippet":"max-snippet:-1","max-image-preview":"max-image-preview:large","max-video-preview":"max-video-preview:-1"},"canonical":"https:\/\/voyage-aventure.com\/blog\/a-la-une\/le-boycott-canadien-des-voyages-aux-etats-unis-un-coup-dur-pour-leconomie-americaine\/","og_locale":"fr_FR","og_type":"article","og_title":"Le boycott canadien des voyages aux \u00c9tats-Unis : un coup","og_description":"Des Canadiens en col\u00e8re face aux tensions commerciales De nombreux Canadiens d\u00e9cident d'annuler leurs voyages vers le sud, se sentant menac\u00e9s par les","og_url":"https:\/\/voyage-aventure.com\/blog\/a-la-une\/le-boycott-canadien-des-voyages-aux-etats-unis-un-coup-dur-pour-leconomie-americaine\/","og_site_name":"voyage-aventure","og_image":[{"width":1024,"height":576,"url":"https:\/\/voyage-aventure.com\/blog\/wp-content\/uploads\/2025\/02\/stability-le-boycott-canadien-des-voyages-aux-etats-unis-un-coup-dur-pour-leconomie-americaine.png","type":"image\/png"}],"author":"Camille Rouvray","twitter_card":"summary_large_image","schema":{"@context":"https:\/\/schema.org","@graph":[{"@type":"NewsArticle","@id":"https:\/\/voyage-aventure.com\/blog\/a-la-une\/le-boycott-canadien-des-voyages-aux-etats-unis-un-coup-dur-pour-leconomie-americaine\/#article","isPartOf":{"@id":"https:\/\/voyage-aventure.com\/blog\/a-la-une\/le-boycott-canadien-des-voyages-aux-etats-unis-un-coup-dur-pour-leconomie-americaine\/"},"author":{"name":"Camille Rouvray","@id":"https:\/\/voyage-aventure.com\/blog\/#\/schema\/person\/3c864cdc320801e3db34b663e7e3f816"},"headline":"Le boycott canadien des voyages aux \u00c9tats-Unis : un coup dur pour l&rsquo;\u00e9conomie am\u00e9ricaine","datePublished":"2025-02-23T07:40:53+00:00","mainEntityOfPage":{"@id":"https:\/\/voyage-aventure.com\/blog\/a-la-une\/le-boycott-canadien-des-voyages-aux-etats-unis-un-coup-dur-pour-leconomie-americaine\/"},"wordCount":705,"commentCount":22,"publisher":{"@id":"https:\/\/voyage-aventure.com\/blog\/#organization"},"image":{"@id":"https:\/\/voyage-aventure.com\/blog\/a-la-une\/le-boycott-canadien-des-voyages-aux-etats-unis-un-coup-dur-pour-leconomie-americaine\/#primaryimage"},"thumbnailUrl":"https:\/\/voyage-aventure.com\/blog\/wp-content\/uploads\/2025\/02\/stability-le-boycott-canadien-des-voyages-aux-etats-unis-un-coup-dur-pour-leconomie-americaine.png","keywords":["Annulation de Voyage","Destinations","Relations Internationales","Voyage \u00c9conomique","Voyage solidaire"],"articleSection":["\u00c0 la une"],"inLanguage":"fr-FR","potentialAction":[{"@type":"CommentAction","name":"Comment","target":["https:\/\/voyage-aventure.com\/blog\/a-la-une\/le-boycott-canadien-des-voyages-aux-etats-unis-un-coup-dur-pour-leconomie-americaine\/#respond"]}]},{"@type":"WebPage","@id":"https:\/\/voyage-aventure.com\/blog\/a-la-une\/le-boycott-canadien-des-voyages-aux-etats-unis-un-coup-dur-pour-leconomie-americaine\/","url":"https:\/\/voyage-aventure.com\/blog\/a-la-une\/le-boycott-canadien-des-voyages-aux-etats-unis-un-coup-dur-pour-leconomie-americaine\/","name":"Le boycott canadien des voyages aux \u00c9tats-Unis : un coup","isPartOf":{"@id":"https:\/\/voyage-aventure.com\/blog\/#website"},"primaryImageOfPage":{"@id":"https:\/\/voyage-aventure.com\/blog\/a-la-une\/le-boycott-canadien-des-voyages-aux-etats-unis-un-coup-dur-pour-leconomie-americaine\/#primaryimage"},"image":{"@id":"https:\/\/voyage-aventure.com\/blog\/a-la-une\/le-boycott-canadien-des-voyages-aux-etats-unis-un-coup-dur-pour-leconomie-americaine\/#primaryimage"},"thumbnailUrl":"https:\/\/voyage-aventure.com\/blog\/wp-content\/uploads\/2025\/02\/stability-le-boycott-canadien-des-voyages-aux-etats-unis-un-coup-dur-pour-leconomie-americaine.png","datePublished":"2025-02-23T07:40:53+00:00","description":"Des Canadiens en col\u00e8re face aux tensions commerciales De nombreux Canadiens d\u00e9cident d'annuler leurs voyages vers le sud, se sentant menac\u00e9s par les","inLanguage":"fr-FR","potentialAction":[{"@type":"ReadAction","target":["https:\/\/voyage-aventure.com\/blog\/a-la-une\/le-boycott-canadien-des-voyages-aux-etats-unis-un-coup-dur-pour-leconomie-americaine\/"]}]},{"@type":"ImageObject","inLanguage":"fr-FR","@id":"https:\/\/voyage-aventure.com\/blog\/a-la-une\/le-boycott-canadien-des-voyages-aux-etats-unis-un-coup-dur-pour-leconomie-americaine\/#primaryimage","url":"https:\/\/voyage-aventure.com\/blog\/wp-content\/uploads\/2025\/02\/stability-le-boycott-canadien-des-voyages-aux-etats-unis-un-coup-dur-pour-leconomie-americaine.png","contentUrl":"https:\/\/voyage-aventure.com\/blog\/wp-content\/uploads\/2025\/02\/stability-le-boycott-canadien-des-voyages-aux-etats-unis-un-coup-dur-pour-leconomie-americaine.png","width":1024,"height":576},{"@type":"WebSite","@id":"https:\/\/voyage-aventure.com\/blog\/#website","url":"https:\/\/voyage-aventure.com\/blog\/","name":"voyage-aventure.com","description":"Votre passeport pour l\u2019inattendu.","publisher":{"@id":"https:\/\/voyage-aventure.com\/blog\/#organization"},"alternateName":"Votre passeport pour l\u2019inattendu.","potentialAction":[{"@type":"SearchAction","target":{"@type":"EntryPoint","urlTemplate":"https:\/\/voyage-aventure.com\/blog\/?s={search_term_string}"},"query-input":{"@type":"PropertyValueSpecification","valueRequired":true,"valueName":"search_term_string"}}],"inLanguage":"fr-FR"},{"@type":"Organization","@id":"https:\/\/voyage-aventure.com\/blog\/#organization","name":"Foretsensations.fr","url":"https:\/\/voyage-aventure.com\/blog\/","logo":{"@type":"ImageObject","inLanguage":"fr-FR","@id":"https:\/\/voyage-aventure.com\/blog\/#\/schema\/logo\/image\/","url":"https:\/\/voyage-aventure.com\/blog\/wp-content\/uploads\/2024\/12\/19.png","contentUrl":"https:\/\/voyage-aventure.com\/blog\/wp-content\/uploads\/2024\/12\/19.png","width":512,"height":512,"caption":"Foretsensations.fr"},"image":{"@id":"https:\/\/voyage-aventure.com\/blog\/#\/schema\/logo\/image\/"}},{"@type":"Person","@id":"https:\/\/voyage-aventure.com\/blog\/#\/schema\/person\/3c864cdc320801e3db34b663e7e3f816","name":"Camille Rouvray","image":{"@type":"ImageObject","inLanguage":"fr-FR","@id":"https:\/\/voyage-aventure.com\/blog\/#\/schema\/person\/image\/","url":"https:\/\/voyage-aventure.com\/blog\/wp-content\/uploads\/2026\/06\/persona_camille-r-96x96.jpg","contentUrl":"https:\/\/voyage-aventure.com\/blog\/wp-content\/uploads\/2026\/06\/persona_camille-r-96x96.jpg","caption":"Camille Rouvray"},"description":"Je voyage et j'\u00e9cris sur le voyage depuis une douzaine d'ann\u00e9es, d'abord en tant que routarde au long cours, puis comme r\u00e9dactrice sp\u00e9cialis\u00e9e. Mon terrain de pr\u00e9dilection, ce sont les circuits organis\u00e9s et l'art de bien pr\u00e9parer un itin\u00e9raire : choix de la saison, dur\u00e9e r\u00e9aliste des \u00e9tapes, budget jour par jour, logement et transport sur place. J'aime aussi raconter les p\u00e9pites urbaines, ces adresses qu'on ne trouve pas dans les guides classiques. Avant de publier un dossier destination, je croise toujours plusieurs sources, je v\u00e9rifie les tarifs et les formalit\u00e9s d'entr\u00e9e \u00e0 jour, et je teste moi-m\u00eame quand je le peux. Mon angle reste pratique avant tout : aider le lecteur \u00e0 partir l'esprit tranquille, sans mauvaise surprise une fois sur place. Je m'attache \u00e0 distinguer le coup de c\u0153ur sinc\u00e8re du simple argument marketing.","sameAs":["https:\/\/camillerouvray.fr\/"],"url":"https:\/\/voyage-aventure.com\/blog\/auteur\/noname\/"}]}},"_links":{"self":[{"href":"https:\/\/voyage-aventure.com\/blog\/wp-json\/wp\/v2\/posts\/12152","targetHints":{"allow":["GET"]}}],"collection":[{"href":"https:\/\/voyage-aventure.com\/blog\/wp-json\/wp\/v2\/posts"}],"about":[{"href":"https:\/\/voyage-aventure.com\/blog\/wp-json\/wp\/v2\/types\/post"}],"author":[{"embeddable":true,"href":"https:\/\/voyage-aventure.com\/blog\/wp-json\/wp\/v2\/users\/34"}],"replies":[{"embeddable":true,"href":"https:\/\/voyage-aventure.com\/blog\/wp-json\/wp\/v2\/comments?post=12152"}],"version-history":[{"count":2,"href":"https:\/\/voyage-aventure.com\/blog\/wp-json\/wp\/v2\/posts\/12152\/revisions"}],"predecessor-version":[{"id":12206,"href":"https:\/\/voyage-aventure.com\/blog\/wp-json\/wp\/v2\/posts\/12152\/revisions\/12206"}],"wp:featuredmedia":[{"embeddable":true,"href":"https:\/\/voyage-aventure.com\/blog\/wp-json\/wp\/v2\/media\/12153"}],"wp:attachment":[{"href":"https:\/\/voyage-aventure.com\/blog\/wp-json\/wp\/v2\/media?parent=12152"}],"wp:term":[{"taxonomy":"category","embeddable":true,"href":"https:\/\/voyage-aventure.com\/blog\/wp-json\/wp\/v2\/categories?post=12152"},{"taxonomy":"post_tag","embeddable":true,"href":"https:\/\/voyage-aventure.com\/blog\/wp-json\/wp\/v2\/tags?post=12152"}],"curies":[{"name":"wp","href":"https:\/\/api.w.org\/{rel}","templated":true}]}}