{"id":11969,"date":"2025-02-22T22:13:44","date_gmt":"2025-02-22T21:13:44","guid":{"rendered":"https:\/\/voyage-aventure.com\/blog\/?p=11969"},"modified":"2025-02-22T22:12:35","modified_gmt":"2025-02-22T21:12:35","slug":"un-ete-record-pour-les-voyageurs-belges-93-millions-de-deplacements-en-2024","status":"publish","type":"post","link":"https:\/\/voyage-aventure.com\/blog\/a-la-une\/un-ete-record-pour-les-voyageurs-belges-93-millions-de-deplacements-en-2024\/","title":{"rendered":"Un \u00e9t\u00e9 record pour les voyageurs belges : 9,3 millions de d\u00e9placements en 2024"},"content":{"rendered":"<p>En effet, pas moins de 9,3 millions de d\u00e9placements ont \u00e9t\u00e9 comptabilis\u00e9s entre juillet et septembre, ce qui repr\u00e9sente une augmentation de 6,6 % par rapport \u00e0 l&rsquo;ann\u00e9e pr\u00e9c\u00e9dente. De plus, ce chiffre d\u00e9passe de 4 % les niveaux de voyage d&rsquo;avant la pand\u00e9mie, atteints en 2019.<\/p>\n<h2>Une augmentation significative des voyages \u00e0 l&rsquo;international<\/h2>\n<p>Les Belges montrent une app\u00e9tence grandissante pour les destinations \u00e0 l&rsquo;\u00e9tranger, avec un total de 7,3 millions de voyages internationaux enregistr\u00e9s durant l&rsquo;\u00e9t\u00e9 2024. Ce chiffre t\u00e9moigne d&rsquo;une tendance marqu\u00e9e vers des vacances au-del\u00e0 des fronti\u00e8res europ\u00e9ennes. Les destinations les plus pris\u00e9es comprennent des pays comme la France et l&rsquo;Espagne, qui continuent de captiver de nombreux voyageurs belges.<\/p>\n<p>La France reste la premi\u00e8re destination, attirant 2,5 millions de visiteurs, soit une hausse de 4 % par rapport \u00e0 2023. Parall\u00e8lement, l&rsquo;Espagne a vu sa popularit\u00e9 exploser avec une augmentation de 9 %, illustrant ainsi l&rsquo;int\u00e9r\u00eat croissant pour les vacances m\u00e9diterran\u00e9ennes.<\/p>\n<h2>Un essor des voyages long-courriers<\/h2>\n<p>Un des faits marquants de cette ann\u00e9e est l&rsquo;augmentation de 34,5 % des voyages non europ\u00e9ens, avec 750 000 Belges choisissant des destinations lointaines. Cette tendance d\u00e9passe largement la croissance de 2,5 % observ\u00e9e pour les destinations de l&rsquo;Union europ\u00e9enne. Le Service Public F\u00e9d\u00e9ral (SPF) \u00c9conomie de Belgique souligne que cette dynamique est aliment\u00e9e par des revenus disponibles plus \u00e9lev\u00e9s et une connectivit\u00e9 a\u00e9rienne am\u00e9lior\u00e9e.<img decoding=\"async\" width=\"1024\" height=\"576\" src=\"https:\/\/voyage-aventure.com\/blog\/wp-content\/uploads\/2025\/02\/stability-un-ete-record-pour-les-voyageurs-belges-93-millions-de-deplacements-en-2024-1.png\" class=\"aligncenter\" alt=\"Illustration d\u00e9taill\u00e9e sur Un \u00e9t\u00e9 record pour les voyageurs belges : 9,3 millions de d\u00e9placements en 2024\" title=\"Un \u00e9t\u00e9 record pour les voyageurs belges : 9,3 millions de d\u00e9placements en 2024\" loading=\"lazy\" \/><\/p>\n<p>Les Belges semblent plus que jamais pr\u00eats \u00e0 explorer des horizons lointains, et cette \u00e9volution s&rsquo;inscrit dans un changement post-pand\u00e9mique vers des voyages plus audacieux. Les destinations long-courriers, autrefois consid\u00e9r\u00e9es comme des escapades moins accessibles, prennent d\u00e9sormais une place centrale dans les projets de vacances des Belges.<\/p>\n<h2>Le tourisme domestique en pleine croissance<\/h2>\n<p>Alors que les voyages internationaux prennent de l&rsquo;ampleur, le tourisme domestique en Belgique conna\u00eet \u00e9galement une dynamique positive. En effet, 2 millions de voyages domestiques ont \u00e9t\u00e9 recens\u00e9s au troisi\u00e8me trimestre de 2024, ce qui repr\u00e9sente une croissance de 11,6 % par rapport \u00e0 l&rsquo;ann\u00e9e pr\u00e9c\u00e9dente. Les destinations locales attirent toujours plus de voyageurs en qu\u00eate de nature et de d\u00e9tente.<\/p>\n<p>Les Ardennes, par exemple, ont enregistr\u00e9 une augmentation de 30 % des r\u00e9servations, atteignant 580 000 voyages. La c\u00f4te belge a \u00e9galement connu un regain d&rsquo;int\u00e9r\u00eat, avec pr\u00e8s de 800 000 visiteurs, marquant une hausse de 12,2 % apr\u00e8s une saison estivale 2023 plus calme.<\/p>\n<p><iframe loading=\"lazy\" title=\"Plus Grands Tsunamis et Vagues Film\u00e9s Par Cam\u00e9ra\" width=\"1200\" height=\"675\" src=\"https:\/\/www.youtube.com\/embed\/-GsMRpy6JqU?feature=oembed\" frameborder=\"0\" allow=\"accelerometer; autoplay; clipboard-write; encrypted-media; gyroscope; picture-in-picture; web-share\" referrerpolicy=\"strict-origin-when-cross-origin\" allowfullscreen><\/iframe><\/p>\n<h2>Un avenir prometteur pour l&rsquo;industrie du voyage en Belgique<\/h2>\n<p>Les chiffres r\u00e9cents t\u00e9moignent d&rsquo;une demande croissante pour les voyages, tant \u00e0 l&rsquo;international qu&rsquo;au niveau local. Le SPF Mobilit\u00e9 et Transports a annonc\u00e9 une augmentation continue du nombre de passagers a\u00e9riens, ce qui refl\u00e8te un int\u00e9r\u00eat pour les voyages \u00e0 l&rsquo;\u00e9tranger. Parall\u00e8lement, des organismes tels que Visit Flandres et Wallonie Belgique Tourisme \u0153uvrent \u00e0 la promotion des attractions r\u00e9gionales.<\/p>\n<p>Avec ces chiffres record et un int\u00e9r\u00eat croissant pour les voyages, 2025 s&rsquo;annonce comme une ann\u00e9e prometteuse pour l&rsquo;industrie du tourisme belge. Les acteurs du secteur anticipent une poursuite de cette dynamique, renfor\u00e7ant ainsi la position de la Belgique comme destination de choix.<\/p>\n<blockquote><p>\u00ab Les Belges montrent un int\u00e9r\u00eat in\u00e9gal\u00e9 pour les voyages, tant \u00e0 l&rsquo;\u00e9tranger qu&rsquo;au sein de leur propre pays. \u00bb<\/p><\/blockquote>\n<ul>\n<li>9,3 millions de voyages effectu\u00e9s en \u00e9t\u00e9 2024<\/li>\n<li>7,3 millions de voyages \u00e0 l&rsquo;international<\/li>\n<li>2,5 millions de Belges en France<\/li>\n<li>750 000 Belges en destinations long-courriers<\/li>\n<li>2 millions de voyages domestiques en Belgique<\/li>\n<\/ul>\n","protected":false},"excerpt":{"rendered":"","protected":false},"author":34,"featured_media":11970,"comment_status":"open","ping_status":"open","sticky":false,"template":"","format":"standard","meta":{"_acf_changed":false,"manual_indexmenow":false,"indexmenow_id_project":0,"footnotes":""},"categories":[1],"tags":[4636,4530,5008,4635,4551],"class_list":["post-11969","post","type-post","status-publish","format-standard","has-post-thumbnail","hentry","category-a-la-une","tag-destinations","tag-escapade-en-europe","tag-tourisme","tag-voyage","tag-voyage-solidaire","generate-columns","tablet-grid-50","mobile-grid-100","grid-parent","grid-25"],"acf":[],"yoast_head":"<!-- This site is optimized with the Yoast SEO Premium plugin v21.3 (Yoast SEO v25.1) - https:\/\/yoast.com\/wordpress\/plugins\/seo\/ -->\n<title>Un \u00e9t\u00e9 record pour les voyageurs belges : 9,3 millions de<\/title>\n<meta name=\"description\" content=\"En effet, pas moins de 9,3 millions de d\u00e9placements ont \u00e9t\u00e9 comptabilis\u00e9s entre juillet et septembre, ce qui repr\u00e9sente une augmentation de 6,6 % par\" \/>\n<meta name=\"robots\" content=\"index, follow, max-snippet:-1, max-image-preview:large, max-video-preview:-1\" \/>\n<link rel=\"canonical\" href=\"https:\/\/voyage-aventure.com\/blog\/a-la-une\/un-ete-record-pour-les-voyageurs-belges-93-millions-de-deplacements-en-2024\/\" \/>\n<meta property=\"og:locale\" content=\"fr_FR\" \/>\n<meta property=\"og:type\" content=\"article\" \/>\n<meta property=\"og:title\" content=\"Un \u00e9t\u00e9 record pour les voyageurs belges : 9,3 millions de\" \/>\n<meta property=\"og:description\" content=\"En effet, pas moins de 9,3 millions de d\u00e9placements ont \u00e9t\u00e9 comptabilis\u00e9s entre juillet et septembre, ce qui repr\u00e9sente une augmentation de 6,6 % par\" \/>\n<meta property=\"og:url\" content=\"https:\/\/voyage-aventure.com\/blog\/a-la-une\/un-ete-record-pour-les-voyageurs-belges-93-millions-de-deplacements-en-2024\/\" \/>\n<meta property=\"og:site_name\" content=\"voyage-aventure\" \/>\n<meta property=\"og:image\" content=\"https:\/\/voyage-aventure.com\/blog\/wp-content\/uploads\/2025\/02\/stability-un-ete-record-pour-les-voyageurs-belges-93-millions-de-deplacements-en-2024.png\" \/>\n\t<meta property=\"og:image:width\" content=\"1024\" \/>\n\t<meta property=\"og:image:height\" content=\"576\" \/>\n\t<meta property=\"og:image:type\" content=\"image\/png\" \/>\n<meta name=\"author\" content=\"Camille Rouvray\" \/>\n<meta name=\"twitter:card\" content=\"summary_large_image\" \/>\n<script type=\"application\/ld+json\" class=\"yoast-schema-graph\">{\"@context\":\"https:\/\/schema.org\",\"@graph\":[{\"@type\":\"NewsArticle\",\"@id\":\"https:\/\/voyage-aventure.com\/blog\/a-la-une\/un-ete-record-pour-les-voyageurs-belges-93-millions-de-deplacements-en-2024\/#article\",\"isPartOf\":{\"@id\":\"https:\/\/voyage-aventure.com\/blog\/a-la-une\/un-ete-record-pour-les-voyageurs-belges-93-millions-de-deplacements-en-2024\/\"},\"author\":{\"name\":\"Camille Rouvray\",\"@id\":\"https:\/\/voyage-aventure.com\/blog\/#\/schema\/person\/3c864cdc320801e3db34b663e7e3f816\"},\"headline\":\"Un \u00e9t\u00e9 record pour les voyageurs belges : 9,3 millions de d\u00e9placements en 2024\",\"datePublished\":\"2025-02-22T21:13:44+00:00\",\"mainEntityOfPage\":{\"@id\":\"https:\/\/voyage-aventure.com\/blog\/a-la-une\/un-ete-record-pour-les-voyageurs-belges-93-millions-de-deplacements-en-2024\/\"},\"wordCount\":604,\"commentCount\":28,\"publisher\":{\"@id\":\"https:\/\/voyage-aventure.com\/blog\/#organization\"},\"image\":{\"@id\":\"https:\/\/voyage-aventure.com\/blog\/a-la-une\/un-ete-record-pour-les-voyageurs-belges-93-millions-de-deplacements-en-2024\/#primaryimage\"},\"thumbnailUrl\":\"https:\/\/voyage-aventure.com\/blog\/wp-content\/uploads\/2025\/02\/stability-un-ete-record-pour-les-voyageurs-belges-93-millions-de-deplacements-en-2024.png\",\"keywords\":[\"Destinations\",\"Escapade en Europe\",\"Tourisme\",\"Voyage\",\"Voyage solidaire\"],\"articleSection\":[\"\u00c0 la une\"],\"inLanguage\":\"fr-FR\",\"potentialAction\":[{\"@type\":\"CommentAction\",\"name\":\"Comment\",\"target\":[\"https:\/\/voyage-aventure.com\/blog\/a-la-une\/un-ete-record-pour-les-voyageurs-belges-93-millions-de-deplacements-en-2024\/#respond\"]}]},{\"@type\":\"WebPage\",\"@id\":\"https:\/\/voyage-aventure.com\/blog\/a-la-une\/un-ete-record-pour-les-voyageurs-belges-93-millions-de-deplacements-en-2024\/\",\"url\":\"https:\/\/voyage-aventure.com\/blog\/a-la-une\/un-ete-record-pour-les-voyageurs-belges-93-millions-de-deplacements-en-2024\/\",\"name\":\"Un \u00e9t\u00e9 record pour les voyageurs belges : 9,3 millions de\",\"isPartOf\":{\"@id\":\"https:\/\/voyage-aventure.com\/blog\/#website\"},\"primaryImageOfPage\":{\"@id\":\"https:\/\/voyage-aventure.com\/blog\/a-la-une\/un-ete-record-pour-les-voyageurs-belges-93-millions-de-deplacements-en-2024\/#primaryimage\"},\"image\":{\"@id\":\"https:\/\/voyage-aventure.com\/blog\/a-la-une\/un-ete-record-pour-les-voyageurs-belges-93-millions-de-deplacements-en-2024\/#primaryimage\"},\"thumbnailUrl\":\"https:\/\/voyage-aventure.com\/blog\/wp-content\/uploads\/2025\/02\/stability-un-ete-record-pour-les-voyageurs-belges-93-millions-de-deplacements-en-2024.png\",\"datePublished\":\"2025-02-22T21:13:44+00:00\",\"description\":\"En effet, pas moins de 9,3 millions de d\u00e9placements ont \u00e9t\u00e9 comptabilis\u00e9s entre juillet et septembre, ce qui repr\u00e9sente une augmentation de 6,6 % par\",\"inLanguage\":\"fr-FR\",\"potentialAction\":[{\"@type\":\"ReadAction\",\"target\":[\"https:\/\/voyage-aventure.com\/blog\/a-la-une\/un-ete-record-pour-les-voyageurs-belges-93-millions-de-deplacements-en-2024\/\"]}]},{\"@type\":\"ImageObject\",\"inLanguage\":\"fr-FR\",\"@id\":\"https:\/\/voyage-aventure.com\/blog\/a-la-une\/un-ete-record-pour-les-voyageurs-belges-93-millions-de-deplacements-en-2024\/#primaryimage\",\"url\":\"https:\/\/voyage-aventure.com\/blog\/wp-content\/uploads\/2025\/02\/stability-un-ete-record-pour-les-voyageurs-belges-93-millions-de-deplacements-en-2024.png\",\"contentUrl\":\"https:\/\/voyage-aventure.com\/blog\/wp-content\/uploads\/2025\/02\/stability-un-ete-record-pour-les-voyageurs-belges-93-millions-de-deplacements-en-2024.png\",\"width\":1024,\"height\":576},{\"@type\":\"WebSite\",\"@id\":\"https:\/\/voyage-aventure.com\/blog\/#website\",\"url\":\"https:\/\/voyage-aventure.com\/blog\/\",\"name\":\"voyage-aventure.com\",\"description\":\"Votre passeport pour l\u2019inattendu.\",\"publisher\":{\"@id\":\"https:\/\/voyage-aventure.com\/blog\/#organization\"},\"alternateName\":\"Votre passeport pour l\u2019inattendu.\",\"potentialAction\":[{\"@type\":\"SearchAction\",\"target\":{\"@type\":\"EntryPoint\",\"urlTemplate\":\"https:\/\/voyage-aventure.com\/blog\/?s={search_term_string}\"},\"query-input\":{\"@type\":\"PropertyValueSpecification\",\"valueRequired\":true,\"valueName\":\"search_term_string\"}}],\"inLanguage\":\"fr-FR\"},{\"@type\":\"Organization\",\"@id\":\"https:\/\/voyage-aventure.com\/blog\/#organization\",\"name\":\"Foretsensations.fr\",\"url\":\"https:\/\/voyage-aventure.com\/blog\/\",\"logo\":{\"@type\":\"ImageObject\",\"inLanguage\":\"fr-FR\",\"@id\":\"https:\/\/voyage-aventure.com\/blog\/#\/schema\/logo\/image\/\",\"url\":\"https:\/\/voyage-aventure.com\/blog\/wp-content\/uploads\/2024\/12\/19.png\",\"contentUrl\":\"https:\/\/voyage-aventure.com\/blog\/wp-content\/uploads\/2024\/12\/19.png\",\"width\":512,\"height\":512,\"caption\":\"Foretsensations.fr\"},\"image\":{\"@id\":\"https:\/\/voyage-aventure.com\/blog\/#\/schema\/logo\/image\/\"}},{\"@type\":\"Person\",\"@id\":\"https:\/\/voyage-aventure.com\/blog\/#\/schema\/person\/3c864cdc320801e3db34b663e7e3f816\",\"name\":\"Camille Rouvray\",\"image\":{\"@type\":\"ImageObject\",\"inLanguage\":\"fr-FR\",\"@id\":\"https:\/\/voyage-aventure.com\/blog\/#\/schema\/person\/image\/\",\"url\":\"https:\/\/voyage-aventure.com\/blog\/wp-content\/uploads\/2026\/06\/persona_camille-r-96x96.jpg\",\"contentUrl\":\"https:\/\/voyage-aventure.com\/blog\/wp-content\/uploads\/2026\/06\/persona_camille-r-96x96.jpg\",\"caption\":\"Camille Rouvray\"},\"description\":\"Je voyage et j'\u00e9cris sur le voyage depuis une douzaine d'ann\u00e9es, d'abord en tant que routarde au long cours, puis comme r\u00e9dactrice sp\u00e9cialis\u00e9e. Mon terrain de pr\u00e9dilection, ce sont les circuits organis\u00e9s et l'art de bien pr\u00e9parer un itin\u00e9raire : choix de la saison, dur\u00e9e r\u00e9aliste des \u00e9tapes, budget jour par jour, logement et transport sur place. J'aime aussi raconter les p\u00e9pites urbaines, ces adresses qu'on ne trouve pas dans les guides classiques. Avant de publier un dossier destination, je croise toujours plusieurs sources, je v\u00e9rifie les tarifs et les formalit\u00e9s d'entr\u00e9e \u00e0 jour, et je teste moi-m\u00eame quand je le peux. Mon angle reste pratique avant tout : aider le lecteur \u00e0 partir l'esprit tranquille, sans mauvaise surprise une fois sur place. Je m'attache \u00e0 distinguer le coup de c\u0153ur sinc\u00e8re du simple argument marketing.\",\"sameAs\":[\"https:\/\/camillerouvray.fr\/\"],\"url\":\"https:\/\/voyage-aventure.com\/blog\/auteur\/noname\/\"}]}<\/script>\n<!-- \/ Yoast SEO Premium plugin. -->","yoast_head_json":{"title":"Un \u00e9t\u00e9 record pour les voyageurs belges : 9,3 millions de","description":"En effet, pas moins de 9,3 millions de d\u00e9placements ont \u00e9t\u00e9 comptabilis\u00e9s entre juillet et septembre, ce qui repr\u00e9sente une augmentation de 6,6 % par","robots":{"index":"index","follow":"follow","max-snippet":"max-snippet:-1","max-image-preview":"max-image-preview:large","max-video-preview":"max-video-preview:-1"},"canonical":"https:\/\/voyage-aventure.com\/blog\/a-la-une\/un-ete-record-pour-les-voyageurs-belges-93-millions-de-deplacements-en-2024\/","og_locale":"fr_FR","og_type":"article","og_title":"Un \u00e9t\u00e9 record pour les voyageurs belges : 9,3 millions de","og_description":"En effet, pas moins de 9,3 millions de d\u00e9placements ont \u00e9t\u00e9 comptabilis\u00e9s entre juillet et septembre, ce qui repr\u00e9sente une augmentation de 6,6 % par","og_url":"https:\/\/voyage-aventure.com\/blog\/a-la-une\/un-ete-record-pour-les-voyageurs-belges-93-millions-de-deplacements-en-2024\/","og_site_name":"voyage-aventure","og_image":[{"width":1024,"height":576,"url":"https:\/\/voyage-aventure.com\/blog\/wp-content\/uploads\/2025\/02\/stability-un-ete-record-pour-les-voyageurs-belges-93-millions-de-deplacements-en-2024.png","type":"image\/png"}],"author":"Camille Rouvray","twitter_card":"summary_large_image","schema":{"@context":"https:\/\/schema.org","@graph":[{"@type":"NewsArticle","@id":"https:\/\/voyage-aventure.com\/blog\/a-la-une\/un-ete-record-pour-les-voyageurs-belges-93-millions-de-deplacements-en-2024\/#article","isPartOf":{"@id":"https:\/\/voyage-aventure.com\/blog\/a-la-une\/un-ete-record-pour-les-voyageurs-belges-93-millions-de-deplacements-en-2024\/"},"author":{"name":"Camille Rouvray","@id":"https:\/\/voyage-aventure.com\/blog\/#\/schema\/person\/3c864cdc320801e3db34b663e7e3f816"},"headline":"Un \u00e9t\u00e9 record pour les voyageurs belges : 9,3 millions de d\u00e9placements en 2024","datePublished":"2025-02-22T21:13:44+00:00","mainEntityOfPage":{"@id":"https:\/\/voyage-aventure.com\/blog\/a-la-une\/un-ete-record-pour-les-voyageurs-belges-93-millions-de-deplacements-en-2024\/"},"wordCount":604,"commentCount":28,"publisher":{"@id":"https:\/\/voyage-aventure.com\/blog\/#organization"},"image":{"@id":"https:\/\/voyage-aventure.com\/blog\/a-la-une\/un-ete-record-pour-les-voyageurs-belges-93-millions-de-deplacements-en-2024\/#primaryimage"},"thumbnailUrl":"https:\/\/voyage-aventure.com\/blog\/wp-content\/uploads\/2025\/02\/stability-un-ete-record-pour-les-voyageurs-belges-93-millions-de-deplacements-en-2024.png","keywords":["Destinations","Escapade en Europe","Tourisme","Voyage","Voyage solidaire"],"articleSection":["\u00c0 la une"],"inLanguage":"fr-FR","potentialAction":[{"@type":"CommentAction","name":"Comment","target":["https:\/\/voyage-aventure.com\/blog\/a-la-une\/un-ete-record-pour-les-voyageurs-belges-93-millions-de-deplacements-en-2024\/#respond"]}]},{"@type":"WebPage","@id":"https:\/\/voyage-aventure.com\/blog\/a-la-une\/un-ete-record-pour-les-voyageurs-belges-93-millions-de-deplacements-en-2024\/","url":"https:\/\/voyage-aventure.com\/blog\/a-la-une\/un-ete-record-pour-les-voyageurs-belges-93-millions-de-deplacements-en-2024\/","name":"Un \u00e9t\u00e9 record pour les voyageurs belges : 9,3 millions de","isPartOf":{"@id":"https:\/\/voyage-aventure.com\/blog\/#website"},"primaryImageOfPage":{"@id":"https:\/\/voyage-aventure.com\/blog\/a-la-une\/un-ete-record-pour-les-voyageurs-belges-93-millions-de-deplacements-en-2024\/#primaryimage"},"image":{"@id":"https:\/\/voyage-aventure.com\/blog\/a-la-une\/un-ete-record-pour-les-voyageurs-belges-93-millions-de-deplacements-en-2024\/#primaryimage"},"thumbnailUrl":"https:\/\/voyage-aventure.com\/blog\/wp-content\/uploads\/2025\/02\/stability-un-ete-record-pour-les-voyageurs-belges-93-millions-de-deplacements-en-2024.png","datePublished":"2025-02-22T21:13:44+00:00","description":"En effet, pas moins de 9,3 millions de d\u00e9placements ont \u00e9t\u00e9 comptabilis\u00e9s entre juillet et septembre, ce qui repr\u00e9sente une augmentation de 6,6 % par","inLanguage":"fr-FR","potentialAction":[{"@type":"ReadAction","target":["https:\/\/voyage-aventure.com\/blog\/a-la-une\/un-ete-record-pour-les-voyageurs-belges-93-millions-de-deplacements-en-2024\/"]}]},{"@type":"ImageObject","inLanguage":"fr-FR","@id":"https:\/\/voyage-aventure.com\/blog\/a-la-une\/un-ete-record-pour-les-voyageurs-belges-93-millions-de-deplacements-en-2024\/#primaryimage","url":"https:\/\/voyage-aventure.com\/blog\/wp-content\/uploads\/2025\/02\/stability-un-ete-record-pour-les-voyageurs-belges-93-millions-de-deplacements-en-2024.png","contentUrl":"https:\/\/voyage-aventure.com\/blog\/wp-content\/uploads\/2025\/02\/stability-un-ete-record-pour-les-voyageurs-belges-93-millions-de-deplacements-en-2024.png","width":1024,"height":576},{"@type":"WebSite","@id":"https:\/\/voyage-aventure.com\/blog\/#website","url":"https:\/\/voyage-aventure.com\/blog\/","name":"voyage-aventure.com","description":"Votre passeport pour l\u2019inattendu.","publisher":{"@id":"https:\/\/voyage-aventure.com\/blog\/#organization"},"alternateName":"Votre passeport pour l\u2019inattendu.","potentialAction":[{"@type":"SearchAction","target":{"@type":"EntryPoint","urlTemplate":"https:\/\/voyage-aventure.com\/blog\/?s={search_term_string}"},"query-input":{"@type":"PropertyValueSpecification","valueRequired":true,"valueName":"search_term_string"}}],"inLanguage":"fr-FR"},{"@type":"Organization","@id":"https:\/\/voyage-aventure.com\/blog\/#organization","name":"Foretsensations.fr","url":"https:\/\/voyage-aventure.com\/blog\/","logo":{"@type":"ImageObject","inLanguage":"fr-FR","@id":"https:\/\/voyage-aventure.com\/blog\/#\/schema\/logo\/image\/","url":"https:\/\/voyage-aventure.com\/blog\/wp-content\/uploads\/2024\/12\/19.png","contentUrl":"https:\/\/voyage-aventure.com\/blog\/wp-content\/uploads\/2024\/12\/19.png","width":512,"height":512,"caption":"Foretsensations.fr"},"image":{"@id":"https:\/\/voyage-aventure.com\/blog\/#\/schema\/logo\/image\/"}},{"@type":"Person","@id":"https:\/\/voyage-aventure.com\/blog\/#\/schema\/person\/3c864cdc320801e3db34b663e7e3f816","name":"Camille Rouvray","image":{"@type":"ImageObject","inLanguage":"fr-FR","@id":"https:\/\/voyage-aventure.com\/blog\/#\/schema\/person\/image\/","url":"https:\/\/voyage-aventure.com\/blog\/wp-content\/uploads\/2026\/06\/persona_camille-r-96x96.jpg","contentUrl":"https:\/\/voyage-aventure.com\/blog\/wp-content\/uploads\/2026\/06\/persona_camille-r-96x96.jpg","caption":"Camille Rouvray"},"description":"Je voyage et j'\u00e9cris sur le voyage depuis une douzaine d'ann\u00e9es, d'abord en tant que routarde au long cours, puis comme r\u00e9dactrice sp\u00e9cialis\u00e9e. Mon terrain de pr\u00e9dilection, ce sont les circuits organis\u00e9s et l'art de bien pr\u00e9parer un itin\u00e9raire : choix de la saison, dur\u00e9e r\u00e9aliste des \u00e9tapes, budget jour par jour, logement et transport sur place. J'aime aussi raconter les p\u00e9pites urbaines, ces adresses qu'on ne trouve pas dans les guides classiques. Avant de publier un dossier destination, je croise toujours plusieurs sources, je v\u00e9rifie les tarifs et les formalit\u00e9s d'entr\u00e9e \u00e0 jour, et je teste moi-m\u00eame quand je le peux. Mon angle reste pratique avant tout : aider le lecteur \u00e0 partir l'esprit tranquille, sans mauvaise surprise une fois sur place. Je m'attache \u00e0 distinguer le coup de c\u0153ur sinc\u00e8re du simple argument marketing.","sameAs":["https:\/\/camillerouvray.fr\/"],"url":"https:\/\/voyage-aventure.com\/blog\/auteur\/noname\/"}]}},"_links":{"self":[{"href":"https:\/\/voyage-aventure.com\/blog\/wp-json\/wp\/v2\/posts\/11969","targetHints":{"allow":["GET"]}}],"collection":[{"href":"https:\/\/voyage-aventure.com\/blog\/wp-json\/wp\/v2\/posts"}],"about":[{"href":"https:\/\/voyage-aventure.com\/blog\/wp-json\/wp\/v2\/types\/post"}],"author":[{"embeddable":true,"href":"https:\/\/voyage-aventure.com\/blog\/wp-json\/wp\/v2\/users\/34"}],"replies":[{"embeddable":true,"href":"https:\/\/voyage-aventure.com\/blog\/wp-json\/wp\/v2\/comments?post=11969"}],"version-history":[{"count":2,"href":"https:\/\/voyage-aventure.com\/blog\/wp-json\/wp\/v2\/posts\/11969\/revisions"}],"predecessor-version":[{"id":11976,"href":"https:\/\/voyage-aventure.com\/blog\/wp-json\/wp\/v2\/posts\/11969\/revisions\/11976"}],"wp:featuredmedia":[{"embeddable":true,"href":"https:\/\/voyage-aventure.com\/blog\/wp-json\/wp\/v2\/media\/11970"}],"wp:attachment":[{"href":"https:\/\/voyage-aventure.com\/blog\/wp-json\/wp\/v2\/media?parent=11969"}],"wp:term":[{"taxonomy":"category","embeddable":true,"href":"https:\/\/voyage-aventure.com\/blog\/wp-json\/wp\/v2\/categories?post=11969"},{"taxonomy":"post_tag","embeddable":true,"href":"https:\/\/voyage-aventure.com\/blog\/wp-json\/wp\/v2\/tags?post=11969"}],"curies":[{"name":"wp","href":"https:\/\/api.w.org\/{rel}","templated":true}]}}