{"id":11884,"date":"2026-06-16T16:46:47","date_gmt":"2026-06-16T14:46:47","guid":{"rendered":"https:\/\/voyage-aventure.com\/blog\/?p=11884"},"modified":"2026-06-16T16:46:47","modified_gmt":"2026-06-16T14:46:47","slug":"le-marche-du-tourisme-afro-americain-une-opportunite-economique-a-saisir-en-caroline-du-sud","status":"publish","type":"post","link":"https:\/\/voyage-aventure.com\/blog\/a-la-une\/le-marche-du-tourisme-afro-americain-une-opportunite-economique-a-saisir-en-caroline-du-sud\/","title":{"rendered":"le march\u00e9 du tourisme afro-am\u00e9ricain : une opportunit\u00e9 \u00e9conomique \u00e0 saisir en caroline du sud"},"content":{"rendered":"<link rel=\"stylesheet\" href=\"https:\/\/fonts.googleapis.com\/css2?family=Newsreader:ital,opsz,wght@0,6..72,500;0,6..72,600;0,6..72,700;1,6..72,500&#038;family=Inter:wght@400;500;600&#038;family=JetBrains+Mono:wght@500&#038;display=swap\">\n<style>\n.vaa-actu-wrap{font-family:'Inter',-apple-system,BlinkMacSystemFont,sans-serif;color:#2a2320;line-height:1.65;font-size:17px;}\n.vaa-actu-wrap p{margin:0 0 18px 0;font-size:17px;line-height:1.7;color:#2f2823;}\n.vaa-actu-wrap h2{font-family:'Newsreader',Georgia,serif;font-weight:700;font-size:clamp(24px,3.2vw,33px);letter-spacing:-0.015em;color:#241c17;margin:46px 0 14px 0;line-height:1.2;}\n.vaa-actu-wrap h2 .vaa-actu-kick{display:block;font-family:'JetBrains Mono',monospace;font-size:11px;font-weight:500;letter-spacing:2.5px;text-transform:uppercase;color:#B0532E;margin-bottom:8px;}\n.vaa-actu-wrap a{color:#B0532E;text-decoration:underline;text-underline-offset:2px;}\n.vaa-actu-dateline{font-family:'JetBrains Mono',monospace;font-size:12px;letter-spacing:1.5px;text-transform:uppercase;color:#8a6f5e;margin:0 0 14px 0;}\n.vaa-actu-lead{font-family:'Newsreader',Georgia,serif;font-size:21px;line-height:1.5;font-style:italic;color:#3a2f28;margin:0 0 26px 0;font-weight:500;}\n.vaa-actu-ess{background:#FBF4EE;border-left:5px solid #B0532E;border-radius:0 8px 8px 0;padding:22px 26px;margin:26px 0;box-shadow:0 1px 2px rgba(40,24,16,.05),0 12px 28px -18px rgba(40,24,16,.25);}\n.vaa-actu-ess .vaa-actu-esh{font-family:'JetBrains Mono',monospace;font-size:11px;font-weight:500;letter-spacing:2.5px;text-transform:uppercase;color:#B0532E;margin-bottom:12px;}\n.vaa-actu-ess ul{margin:0;padding:0;list-style:none;}\n.vaa-actu-ess li{display:flex;gap:11px;align-items:flex-start;padding:7px 0;font-size:15.5px;line-height:1.5;color:#2f2823;}\n.vaa-actu-ess li span.vaa-actu-b{color:#B0532E;font-weight:700;flex:0 0 auto;}\n.vaa-actu-grid{display:grid;grid-template-columns:repeat(auto-fit,minmax(220px,1fr));gap:14px;margin:28px 0;}\n.vaa-actu-card{background:#fff;border:1px solid #ece1d6;border-top:3px solid #B0532E;border-radius:8px;padding:18px 20px 16px;transition:.25s ease;}\n.vaa-actu-card:hover{transform:translateY(-3px);box-shadow:0 14px 30px -18px rgba(40,24,16,.4);}\n.vaa-actu-card .vaa-actu-cn{display:inline-flex;align-items:center;justify-content:center;width:34px;height:34px;background:#FBF0E8;border-radius:50%;font-family:'Newsreader',serif;font-weight:700;font-size:16px;color:#B0532E;margin-bottom:11px;}\n.vaa-actu-card h3{margin:0 0 6px 0;font-family:'Newsreader',Georgia,serif;font-size:18px;font-weight:600;color:#241c17;letter-spacing:-0.01em;}\n.vaa-actu-card .vaa-actu-ct{font-size:14px;line-height:1.55;color:#5a4d44;}\n.vaa-actu-pq{margin:40px auto;padding:26px 24px;text-align:center;border-top:1px solid #cdb9a8;border-bottom:1px solid #cdb9a8;max-width:660px;position:relative;}\n.vaa-actu-pq .vaa-actu-qm{position:absolute;top:-22px;left:50%;transform:translateX(-50%);background:#fff;padding:0 14px;font-size:50px;line-height:1;color:#B0532E;font-family:'Newsreader',serif;}\n.vaa-actu-pq blockquote{margin:0;padding:0;font-family:'Newsreader',Georgia,serif;font-size:23px;line-height:1.45;font-style:italic;color:#241c17;}\n.vaa-actu-keep{background:#fafaf6;border:1px solid #ece1d6;border-radius:10px;padding:24px 26px;margin:34px 0;}\n.vaa-actu-keep .vaa-actu-kh{font-family:'JetBrains Mono',monospace;font-size:11px;font-weight:500;letter-spacing:2.5px;text-transform:uppercase;color:#B0532E;margin-bottom:16px;}\n.vaa-actu-keep .vaa-actu-kg{display:grid;grid-template-columns:repeat(auto-fit,minmax(240px,1fr));gap:10px;}\n.vaa-actu-keep .vaa-actu-ki{display:flex;gap:12px;background:#fff;border:1px solid #eee3d8;border-radius:8px;padding:12px 14px;align-items:flex-start;}\n.vaa-actu-keep .vaa-actu-kn{flex:0 0 26px;width:26px;height:26px;background:#B0532E;color:#fff;border-radius:50%;display:inline-flex;align-items:center;justify-content:center;font-size:12px;font-weight:700;}\n.vaa-actu-keep .vaa-actu-kt{font-size:14px;line-height:1.5;color:#2f2823;}\n.vaa-actu-faq{margin:34px 0;}\n.vaa-actu-faq h2{margin-bottom:8px;}\n.vaa-actu-faq .vaa-actu-fl{border-top:1px solid #ddccbd;}\n.vaa-actu-faq details{border-bottom:1px solid #ddccbd;}\n.vaa-actu-faq summary{cursor:pointer;padding:16px 0;font-family:'Newsreader',Georgia,serif;font-size:18px;font-weight:600;color:#241c17;list-style:none;display:flex;justify-content:space-between;align-items:center;gap:14px;}\n.vaa-actu-faq summary::-webkit-details-marker{display:none;}\n.vaa-actu-faq summary .vaa-actu-pl{font-size:22px;font-weight:300;color:#B0532E;line-height:1;}\n.vaa-actu-faq .vaa-actu-fa{padding:0 0 16px 0;font-size:15px;line-height:1.7;color:#4a3f37;}\n.vaa-actu-wrap img{max-width:100%;height:auto;border-radius:8px;}\n.vaa-actu-note{font-size:13.5px;line-height:1.6;color:#6a5a4d;font-style:italic;border-left:3px solid #d9c5b3;padding:4px 0 4px 16px;margin:30px 0 0 0;}\n\/*RENDERFIX2*\/.vaa-actu-keep .vaa-actu-kn{color:#eef3f9!important}.vaa-actu-keep .vaa-actu-kn p,.vaa-actu-keep .vaa-actu-kn li,.vaa-actu-keep .vaa-actu-kn strong,.vaa-actu-keep .vaa-actu-kn em,.vaa-actu-keep .vaa-actu-kn a,.vaa-actu-keep .vaa-actu-kn span,.vaa-actu-keep .vaa-actu-kn b,.vaa-actu-keep .vaa-actu-kn td,.vaa-actu-keep .vaa-actu-kn th,.vaa-actu-keep .vaa-actu-kn h2,.vaa-actu-keep .vaa-actu-kn h3,.vaa-actu-keep .vaa-actu-kn h4{color:#eef3f9!important}.vaa-actu-keep .vaa-actu-kn strong,.vaa-actu-keep .vaa-actu-kn b{color:#ffffff!important}<\/style>\n<div class=\"vaa-actu-wrap\">\n<div class=\"vaa-actu-dateline\">\u00c9conomie \u00b7 Tourisme culturel \u2014 Caroline du Sud<\/div>\n<p class=\"vaa-actu-lead\">La Caroline du Sud regarde de plus pr\u00e8s une client\u00e8le longtemps n\u00e9glig\u00e9e : les voyageurs afro-am\u00e9ricains. Entre patrimoine Gullah Geechee et grands mus\u00e9es, l&rsquo;\u00c9tat tient l\u00e0 un levier \u00e9conomique encore largement sous-exploit\u00e9.<\/p>\n<div class=\"vaa-actu-ess\">\n<div class=\"vaa-actu-esh\">L&rsquo;essentiel<\/div>\n<ul>\n<li><span class=\"vaa-actu-b\">Quoi \u2014<\/span><span>La Caroline du Sud cherche \u00e0 d\u00e9velopper un march\u00e9 touristique cibl\u00e9 sur la client\u00e8le afro-am\u00e9ricaine, \u00e0 la crois\u00e9e de l&rsquo;\u00e9conomie et de la culture.<\/span><\/li>\n<li><span class=\"vaa-actu-b\">Le moteur \u2014<\/span><span>Des rendez-vous comme la Conf\u00e9rence du Tourisme Afro-Am\u00e9ricain servent de cadre pour structurer les discussions et former les acteurs du secteur.<\/span><\/li>\n<li><span class=\"vaa-actu-b\">Pourquoi \u00e7a compte \u2014<\/span><span>Un potentiel de croissance encore sous-exploit\u00e9, avec des retomb\u00e9es directes pour les entreprises locales et la pr\u00e9servation du patrimoine afro-am\u00e9ricain.<\/span><\/li>\n<\/ul>\n<\/div>\n<h2><span class=\"vaa-actu-kick\">Le levier \u00e9conomique<\/span>Le march\u00e9 du tourisme afro-am\u00e9ricain : un levier \u00e9conomique pour l&rsquo;\u00e9tat<\/h2>\n<p>En se concentrant sur cette niche, l&rsquo;\u00e9tat peut non seulement stimuler son \u00e9conomie, mais aussi c\u00e9l\u00e9brer et pr\u00e9server la riche culture afro-am\u00e9ricaine. Des \u00e9v\u00e9nements comme la Conf\u00e9rence du Tourisme Afro-Am\u00e9ricain ouvrent la voie \u00e0 des discussions cruciales sur la fa\u00e7on d&rsquo;attirer davantage de visiteurs.<\/p>\n<p>\u00c0 travers des initiatives strat\u00e9giques, la Caroline du Sud peut devenir une destination de choix pour les touristes afro-am\u00e9ricains. Ce secteur, encore sous-exploit\u00e9, rec\u00e8le un potentiel de croissance \u00e9norme, avec des b\u00e9n\u00e9fices directs pour les entreprises locales. En soutenant les entreprises afro-am\u00e9ricaines, l&rsquo;\u00e9tat peut renforcer son tissu \u00e9conomique et culturel.<\/p>\n<h2><span class=\"vaa-actu-kick\">Les obstacles<\/span>Les d\u00e9fis \u00e0 relever pour un d\u00e9veloppement durable<\/h2>\n<p>Malgr\u00e9 un potentiel \u00e9conomique \u00e9vident, la Caroline du Sud fait face \u00e0 des d\u00e9fis majeurs dans le d\u00e9veloppement de son march\u00e9 touristique afro-am\u00e9ricain. Le manque de collaboration entre les diff\u00e9rents acteurs, y compris les gouvernements locaux et les entreprises, freine la croissance. Une meilleure synergie entre ces entit\u00e9s est essentielle pour promouvoir efficacement le patrimoine afro-am\u00e9ricain.<img decoding=\"async\" width=\"1024\" height=\"576\" src=\"https:\/\/voyage-aventure.com\/blog\/wp-content\/uploads\/2025\/02\/stability-le-marche-du-tourisme-afro-americain-une-opportunite-economique-a-saisir-en-caroline-du-sud-1.png\" class=\"aligncenter\" alt=\"Illustration d\u00e9taill\u00e9e sur le march\u00e9 du tourisme afro-am\u00e9ricain : une opportunit\u00e9 \u00e9conomique \u00e0 saisir en caroline du sud\" title=\"le march\u00e9 du tourisme afro-am\u00e9ricain : une opportunit\u00e9 \u00e9conomique \u00e0 saisir en caroline du sud\" loading=\"lazy\" \/><\/p>\n<p>La solution passe par des conf\u00e9rences comme celle sur le tourisme afro-am\u00e9ricain, qui visent \u00e0 sensibiliser et \u00e0 former les acteurs du secteur. En favorisant l&rsquo;\u00e9ducation et la collaboration, ces \u00e9v\u00e9nements peuvent transformer l&rsquo;approche du tourisme culturel. Cela permettra de mettre en avant les sites et les entreprises qui racontent l&rsquo;histoire afro-am\u00e9ricaine de la r\u00e9gion.<\/p>\n<p><iframe loading=\"lazy\" title=\"Le tourisme responsable en 2014: enjeux et perspectives\" width=\"1200\" height=\"675\" src=\"https:\/\/www.youtube.com\/embed\/wG5Z1DvzYRM?feature=oembed\" frameborder=\"0\" allow=\"accelerometer; autoplay; clipboard-write; encrypted-media; gyroscope; picture-in-picture; web-share\" referrerpolicy=\"strict-origin-when-cross-origin\" allowfullscreen><\/iframe><\/p>\n<h2><span class=\"vaa-actu-kick\">Ce que \u00e7a change<\/span>Un avenir prometteur pour le tourisme afro-am\u00e9ricain<\/h2>\n<p>La Caroline du Sud poss\u00e8de des tr\u00e9sors culturels uniques qui peuvent attirer un large public. Des lieux comme le Corridor du Patrimoine Gullah Geechee et le Mus\u00e9e International des Afro-Am\u00e9ricains sont des t\u00e9moignages vivants de la riche histoire de la r\u00e9gion. En les mettant en avant, l&rsquo;\u00e9tat peut non seulement \u00e9duquer, mais aussi inspirer les visiteurs.<\/p>\n<p>En investissant dans ces attractions et en soutenant les entreprises locales, la Caroline du Sud peut se positionner comme un leader dans le tourisme du patrimoine afro-am\u00e9ricain. Cela ne profitera pas seulement \u00e0 l&rsquo;\u00e9conomie, mais renforcera \u00e9galement la fiert\u00e9 culturelle des communaut\u00e9s locales. Les prochaines \u00e9tapes incluent l&rsquo;\u00e9laboration de strat\u00e9gies de marketing cibl\u00e9es pour attirer les touristes afro-am\u00e9ricains \u00e0 travers le pays.<\/p>\n<div class=\"vaa-actu-grid\">\n<div class=\"vaa-actu-card\">\n    <span class=\"vaa-actu-cn\">01<\/span><\/p>\n<h3>Sensibiliser les pros<\/h3>\n<div class=\"vaa-actu-ct\">Organiser des \u00e9v\u00e9nements de sensibilisation pour les professionnels du tourisme.<\/div>\n<\/p><\/div>\n<div class=\"vaa-actu-card\">\n    <span class=\"vaa-actu-cn\">02<\/span><\/p>\n<h3>Nouer des partenariats<\/h3>\n<div class=\"vaa-actu-ct\">Cr\u00e9er des partenariats avec des entreprises afro-am\u00e9ricaines.<\/div>\n<\/p><\/div>\n<div class=\"vaa-actu-card\">\n    <span class=\"vaa-actu-cn\">03<\/span><\/p>\n<h3>Pr\u00e9server les sites<\/h3>\n<div class=\"vaa-actu-ct\">Investir dans la pr\u00e9servation des sites historiques afro-am\u00e9ricains.<\/div>\n<\/p><\/div>\n<div class=\"vaa-actu-card\">\n    <span class=\"vaa-actu-cn\">04<\/span><\/p>\n<h3>Financer le secteur<\/h3>\n<div class=\"vaa-actu-ct\">D\u00e9velopper des programmes de financement pour le secteur du tourisme afro-am\u00e9ricain.<\/div>\n<\/p><\/div>\n<\/div>\n<figure class=\"vaa-actu-pq\">\n  <span class=\"vaa-actu-qm\" aria-hidden=\"true\">\u00ab<\/span><\/p>\n<blockquote><p>En soutenant l&rsquo;industrie du tourisme afro-am\u00e9ricain, la Caroline du Sud peut non seulement dynamiser son \u00e9conomie, mais aussi c\u00e9l\u00e9brer un aspect vital de son identit\u00e9 culturelle.<\/p><\/blockquote>\n<\/figure>\n<p>En conclusion, le march\u00e9 du tourisme afro-am\u00e9ricain repr\u00e9sente une chance unique pour la Caroline du Sud. Avec une approche strat\u00e9gique, l&rsquo;\u00e9tat peut non seulement renforcer son \u00e9conomie, mais \u00e9galement pr\u00e9server et partager sa riche histoire afro-am\u00e9ricaine. Le moment est venu d&rsquo;agir pour transformer ce potentiel en r\u00e9alit\u00e9.<\/p>\n<div class=\"vaa-actu-keep\">\n<div class=\"vaa-actu-kh\">\u00c0 retenir<\/div>\n<div class=\"vaa-actu-kg\">\n<div class=\"vaa-actu-ki\"><span class=\"vaa-actu-kn\">1<\/span><span class=\"vaa-actu-kt\">Le tourisme afro-am\u00e9ricain est un march\u00e9 \u00e0 fort potentiel, encore sous-exploit\u00e9 en Caroline du Sud.<\/span><\/div>\n<div class=\"vaa-actu-ki\"><span class=\"vaa-actu-kn\">2<\/span><span class=\"vaa-actu-kt\">Le frein principal : le manque de collaboration entre collectivit\u00e9s et entreprises locales.<\/span><\/div>\n<div class=\"vaa-actu-ki\"><span class=\"vaa-actu-kn\">3<\/span><span class=\"vaa-actu-kt\">Les conf\u00e9rences d\u00e9di\u00e9es servent \u00e0 sensibiliser et former les acteurs du secteur.<\/span><\/div>\n<div class=\"vaa-actu-ki\"><span class=\"vaa-actu-kn\">4<\/span><span class=\"vaa-actu-kt\">Atouts phares : le Corridor Gullah Geechee et le Mus\u00e9e International des Afro-Am\u00e9ricains.<\/span><\/div>\n<\/p><\/div>\n<\/div>\n<div class=\"vaa-actu-faq\">\n<h2><span class=\"vaa-actu-kick\">Questions fr\u00e9quentes<\/span>Ce qu&rsquo;il faut savoir<\/h2>\n<div class=\"vaa-actu-fl\">\n<details>\n<summary><span>Pourquoi le tourisme afro-am\u00e9ricain int\u00e9resse-t-il la Caroline du Sud ?<\/span><span class=\"vaa-actu-pl\">+<\/span><\/summary>\n<div class=\"vaa-actu-fa\">Parce que c&rsquo;est un secteur encore sous-exploit\u00e9 au potentiel de croissance important : il peut dynamiser l&rsquo;\u00e9conomie locale tout en valorisant et pr\u00e9servant le patrimoine afro-am\u00e9ricain de la r\u00e9gion.<\/div>\n<\/details>\n<details>\n<summary><span>Quels sites mettent en valeur ce patrimoine ?<\/span><span class=\"vaa-actu-pl\">+<\/span><\/summary>\n<div class=\"vaa-actu-fa\">L&rsquo;article cite notamment le Corridor du Patrimoine Gullah Geechee et le Mus\u00e9e International des Afro-Am\u00e9ricains, pr\u00e9sent\u00e9s comme des t\u00e9moignages vivants de l&rsquo;histoire de la r\u00e9gion.<\/div>\n<\/details>\n<details>\n<summary><span>Quel est le principal obstacle au d\u00e9veloppement de ce march\u00e9 ?<\/span><span class=\"vaa-actu-pl\">+<\/span><\/summary>\n<div class=\"vaa-actu-fa\">Le manque de collaboration entre les acteurs \u2014 gouvernements locaux et entreprises. Une meilleure synergie est jug\u00e9e essentielle pour promouvoir efficacement ce patrimoine.<\/div>\n<\/details>\n<details>\n<summary><span>Quel r\u00f4le jouent les conf\u00e9rences sur le tourisme afro-am\u00e9ricain ?<\/span><span class=\"vaa-actu-pl\">+<\/span><\/summary>\n<div class=\"vaa-actu-fa\">Elles visent \u00e0 sensibiliser et former les acteurs du secteur, en favorisant l&rsquo;\u00e9ducation et la collaboration pour transformer l&rsquo;approche du tourisme culturel.<\/div>\n<\/details><\/div>\n<\/div>\n<\/div>\n","protected":false},"excerpt":{"rendered":"","protected":false},"author":34,"featured_media":11885,"comment_status":"open","ping_status":"open","sticky":false,"template":"","format":"standard","meta":{"_acf_changed":false,"manual_indexmenow":false,"indexmenow_id_project":0,"footnotes":""},"categories":[1],"tags":[4527,4636,4769,4385,5008],"class_list":["post-11884","post","type-post","status-publish","format-standard","has-post-thumbnail","hentry","category-a-la-une","tag-decouverte-culturelle","tag-destinations","tag-immersion-culturelle","tag-pratiques-durables","tag-tourisme","generate-columns","tablet-grid-50","mobile-grid-100","grid-parent","grid-25"],"acf":[],"yoast_head":"<!-- This site is optimized with the Yoast SEO Premium plugin v21.3 (Yoast SEO v25.1) - https:\/\/yoast.com\/wordpress\/plugins\/seo\/ -->\n<title>le march\u00e9 du tourisme afro-am\u00e9ricain : une opportunit\u00e9<\/title>\n<meta name=\"description\" content=\"La Caroline du Sud regarde de plus pr\u00e8s une client\u00e8le longtemps n\u00e9glig\u00e9e : les voyageurs afro-am\u00e9ricains. Entre patrimoine Gullah Geechee et grands\" \/>\n<meta name=\"robots\" content=\"index, follow, max-snippet:-1, max-image-preview:large, max-video-preview:-1\" \/>\n<link rel=\"canonical\" href=\"https:\/\/voyage-aventure.com\/blog\/a-la-une\/le-marche-du-tourisme-afro-americain-une-opportunite-economique-a-saisir-en-caroline-du-sud\/\" \/>\n<meta property=\"og:locale\" content=\"fr_FR\" \/>\n<meta property=\"og:type\" content=\"article\" \/>\n<meta property=\"og:title\" content=\"le march\u00e9 du tourisme afro-am\u00e9ricain : une opportunit\u00e9\" \/>\n<meta property=\"og:description\" content=\"La Caroline du Sud regarde de plus pr\u00e8s une client\u00e8le longtemps n\u00e9glig\u00e9e : les voyageurs afro-am\u00e9ricains. Entre patrimoine Gullah Geechee et grands\" \/>\n<meta property=\"og:url\" content=\"https:\/\/voyage-aventure.com\/blog\/a-la-une\/le-marche-du-tourisme-afro-americain-une-opportunite-economique-a-saisir-en-caroline-du-sud\/\" \/>\n<meta property=\"og:site_name\" content=\"voyage-aventure\" \/>\n<meta property=\"og:image\" content=\"https:\/\/voyage-aventure.com\/blog\/wp-content\/uploads\/2025\/02\/stability-le-marche-du-tourisme-afro-americain-une-opportunite-economique-a-saisir-en-caroline-du-sud.png\" \/>\n\t<meta property=\"og:image:width\" content=\"1024\" \/>\n\t<meta property=\"og:image:height\" content=\"576\" \/>\n\t<meta property=\"og:image:type\" content=\"image\/png\" \/>\n<meta name=\"author\" content=\"Camille Rouvray\" \/>\n<meta name=\"twitter:card\" content=\"summary_large_image\" \/>\n<script type=\"application\/ld+json\" class=\"yoast-schema-graph\">{\"@context\":\"https:\/\/schema.org\",\"@graph\":[{\"@type\":\"NewsArticle\",\"@id\":\"https:\/\/voyage-aventure.com\/blog\/a-la-une\/le-marche-du-tourisme-afro-americain-une-opportunite-economique-a-saisir-en-caroline-du-sud\/#article\",\"isPartOf\":{\"@id\":\"https:\/\/voyage-aventure.com\/blog\/a-la-une\/le-marche-du-tourisme-afro-americain-une-opportunite-economique-a-saisir-en-caroline-du-sud\/\"},\"author\":{\"name\":\"Camille Rouvray\",\"@id\":\"https:\/\/voyage-aventure.com\/blog\/#\/schema\/person\/3c864cdc320801e3db34b663e7e3f816\"},\"headline\":\"le march\u00e9 du tourisme afro-am\u00e9ricain : une opportunit\u00e9 \u00e9conomique \u00e0 saisir en caroline du sud\",\"datePublished\":\"2026-06-16T14:46:47+00:00\",\"mainEntityOfPage\":{\"@id\":\"https:\/\/voyage-aventure.com\/blog\/a-la-une\/le-marche-du-tourisme-afro-americain-une-opportunite-economique-a-saisir-en-caroline-du-sud\/\"},\"wordCount\":899,\"commentCount\":17,\"publisher\":{\"@id\":\"https:\/\/voyage-aventure.com\/blog\/#organization\"},\"image\":{\"@id\":\"https:\/\/voyage-aventure.com\/blog\/a-la-une\/le-marche-du-tourisme-afro-americain-une-opportunite-economique-a-saisir-en-caroline-du-sud\/#primaryimage\"},\"thumbnailUrl\":\"https:\/\/voyage-aventure.com\/blog\/wp-content\/uploads\/2025\/02\/stability-le-marche-du-tourisme-afro-americain-une-opportunite-economique-a-saisir-en-caroline-du-sud.png\",\"keywords\":[\"D\u00e9couverte Culturelle\",\"Destinations\",\"Immersion Culturelle\",\"Pratiques Durables\",\"Tourisme\"],\"articleSection\":[\"\u00c0 la une\"],\"inLanguage\":\"fr-FR\",\"potentialAction\":[{\"@type\":\"CommentAction\",\"name\":\"Comment\",\"target\":[\"https:\/\/voyage-aventure.com\/blog\/a-la-une\/le-marche-du-tourisme-afro-americain-une-opportunite-economique-a-saisir-en-caroline-du-sud\/#respond\"]}]},{\"@type\":\"WebPage\",\"@id\":\"https:\/\/voyage-aventure.com\/blog\/a-la-une\/le-marche-du-tourisme-afro-americain-une-opportunite-economique-a-saisir-en-caroline-du-sud\/\",\"url\":\"https:\/\/voyage-aventure.com\/blog\/a-la-une\/le-marche-du-tourisme-afro-americain-une-opportunite-economique-a-saisir-en-caroline-du-sud\/\",\"name\":\"le march\u00e9 du tourisme afro-am\u00e9ricain : une opportunit\u00e9\",\"isPartOf\":{\"@id\":\"https:\/\/voyage-aventure.com\/blog\/#website\"},\"primaryImageOfPage\":{\"@id\":\"https:\/\/voyage-aventure.com\/blog\/a-la-une\/le-marche-du-tourisme-afro-americain-une-opportunite-economique-a-saisir-en-caroline-du-sud\/#primaryimage\"},\"image\":{\"@id\":\"https:\/\/voyage-aventure.com\/blog\/a-la-une\/le-marche-du-tourisme-afro-americain-une-opportunite-economique-a-saisir-en-caroline-du-sud\/#primaryimage\"},\"thumbnailUrl\":\"https:\/\/voyage-aventure.com\/blog\/wp-content\/uploads\/2025\/02\/stability-le-marche-du-tourisme-afro-americain-une-opportunite-economique-a-saisir-en-caroline-du-sud.png\",\"datePublished\":\"2026-06-16T14:46:47+00:00\",\"description\":\"La Caroline du Sud regarde de plus pr\u00e8s une client\u00e8le longtemps n\u00e9glig\u00e9e : les voyageurs afro-am\u00e9ricains. Entre patrimoine Gullah Geechee et grands\",\"inLanguage\":\"fr-FR\",\"potentialAction\":[{\"@type\":\"ReadAction\",\"target\":[\"https:\/\/voyage-aventure.com\/blog\/a-la-une\/le-marche-du-tourisme-afro-americain-une-opportunite-economique-a-saisir-en-caroline-du-sud\/\"]}]},{\"@type\":\"ImageObject\",\"inLanguage\":\"fr-FR\",\"@id\":\"https:\/\/voyage-aventure.com\/blog\/a-la-une\/le-marche-du-tourisme-afro-americain-une-opportunite-economique-a-saisir-en-caroline-du-sud\/#primaryimage\",\"url\":\"https:\/\/voyage-aventure.com\/blog\/wp-content\/uploads\/2025\/02\/stability-le-marche-du-tourisme-afro-americain-une-opportunite-economique-a-saisir-en-caroline-du-sud.png\",\"contentUrl\":\"https:\/\/voyage-aventure.com\/blog\/wp-content\/uploads\/2025\/02\/stability-le-marche-du-tourisme-afro-americain-une-opportunite-economique-a-saisir-en-caroline-du-sud.png\",\"width\":1024,\"height\":576},{\"@type\":\"WebSite\",\"@id\":\"https:\/\/voyage-aventure.com\/blog\/#website\",\"url\":\"https:\/\/voyage-aventure.com\/blog\/\",\"name\":\"voyage-aventure.com\",\"description\":\"Votre passeport pour l\u2019inattendu.\",\"publisher\":{\"@id\":\"https:\/\/voyage-aventure.com\/blog\/#organization\"},\"alternateName\":\"Votre passeport pour l\u2019inattendu.\",\"potentialAction\":[{\"@type\":\"SearchAction\",\"target\":{\"@type\":\"EntryPoint\",\"urlTemplate\":\"https:\/\/voyage-aventure.com\/blog\/?s={search_term_string}\"},\"query-input\":{\"@type\":\"PropertyValueSpecification\",\"valueRequired\":true,\"valueName\":\"search_term_string\"}}],\"inLanguage\":\"fr-FR\"},{\"@type\":\"Organization\",\"@id\":\"https:\/\/voyage-aventure.com\/blog\/#organization\",\"name\":\"Foretsensations.fr\",\"url\":\"https:\/\/voyage-aventure.com\/blog\/\",\"logo\":{\"@type\":\"ImageObject\",\"inLanguage\":\"fr-FR\",\"@id\":\"https:\/\/voyage-aventure.com\/blog\/#\/schema\/logo\/image\/\",\"url\":\"https:\/\/voyage-aventure.com\/blog\/wp-content\/uploads\/2024\/12\/19.png\",\"contentUrl\":\"https:\/\/voyage-aventure.com\/blog\/wp-content\/uploads\/2024\/12\/19.png\",\"width\":512,\"height\":512,\"caption\":\"Foretsensations.fr\"},\"image\":{\"@id\":\"https:\/\/voyage-aventure.com\/blog\/#\/schema\/logo\/image\/\"}},{\"@type\":\"Person\",\"@id\":\"https:\/\/voyage-aventure.com\/blog\/#\/schema\/person\/3c864cdc320801e3db34b663e7e3f816\",\"name\":\"Camille Rouvray\",\"image\":{\"@type\":\"ImageObject\",\"inLanguage\":\"fr-FR\",\"@id\":\"https:\/\/voyage-aventure.com\/blog\/#\/schema\/person\/image\/\",\"url\":\"https:\/\/voyage-aventure.com\/blog\/wp-content\/uploads\/2026\/06\/persona_camille-r-96x96.jpg\",\"contentUrl\":\"https:\/\/voyage-aventure.com\/blog\/wp-content\/uploads\/2026\/06\/persona_camille-r-96x96.jpg\",\"caption\":\"Camille Rouvray\"},\"description\":\"Je voyage et j'\u00e9cris sur le voyage depuis une douzaine d'ann\u00e9es, d'abord en tant que routarde au long cours, puis comme r\u00e9dactrice sp\u00e9cialis\u00e9e. Mon terrain de pr\u00e9dilection, ce sont les circuits organis\u00e9s et l'art de bien pr\u00e9parer un itin\u00e9raire : choix de la saison, dur\u00e9e r\u00e9aliste des \u00e9tapes, budget jour par jour, logement et transport sur place. J'aime aussi raconter les p\u00e9pites urbaines, ces adresses qu'on ne trouve pas dans les guides classiques. Avant de publier un dossier destination, je croise toujours plusieurs sources, je v\u00e9rifie les tarifs et les formalit\u00e9s d'entr\u00e9e \u00e0 jour, et je teste moi-m\u00eame quand je le peux. Mon angle reste pratique avant tout : aider le lecteur \u00e0 partir l'esprit tranquille, sans mauvaise surprise une fois sur place. Je m'attache \u00e0 distinguer le coup de c\u0153ur sinc\u00e8re du simple argument marketing.\",\"sameAs\":[\"https:\/\/camillerouvray.fr\/\"],\"url\":\"https:\/\/voyage-aventure.com\/blog\/auteur\/noname\/\"}]}<\/script>\n<!-- \/ Yoast SEO Premium plugin. -->","yoast_head_json":{"title":"le march\u00e9 du tourisme afro-am\u00e9ricain : une opportunit\u00e9","description":"La Caroline du Sud regarde de plus pr\u00e8s une client\u00e8le longtemps n\u00e9glig\u00e9e : les voyageurs afro-am\u00e9ricains. Entre patrimoine Gullah Geechee et grands","robots":{"index":"index","follow":"follow","max-snippet":"max-snippet:-1","max-image-preview":"max-image-preview:large","max-video-preview":"max-video-preview:-1"},"canonical":"https:\/\/voyage-aventure.com\/blog\/a-la-une\/le-marche-du-tourisme-afro-americain-une-opportunite-economique-a-saisir-en-caroline-du-sud\/","og_locale":"fr_FR","og_type":"article","og_title":"le march\u00e9 du tourisme afro-am\u00e9ricain : une opportunit\u00e9","og_description":"La Caroline du Sud regarde de plus pr\u00e8s une client\u00e8le longtemps n\u00e9glig\u00e9e : les voyageurs afro-am\u00e9ricains. Entre patrimoine Gullah Geechee et grands","og_url":"https:\/\/voyage-aventure.com\/blog\/a-la-une\/le-marche-du-tourisme-afro-americain-une-opportunite-economique-a-saisir-en-caroline-du-sud\/","og_site_name":"voyage-aventure","og_image":[{"width":1024,"height":576,"url":"https:\/\/voyage-aventure.com\/blog\/wp-content\/uploads\/2025\/02\/stability-le-marche-du-tourisme-afro-americain-une-opportunite-economique-a-saisir-en-caroline-du-sud.png","type":"image\/png"}],"author":"Camille Rouvray","twitter_card":"summary_large_image","schema":{"@context":"https:\/\/schema.org","@graph":[{"@type":"NewsArticle","@id":"https:\/\/voyage-aventure.com\/blog\/a-la-une\/le-marche-du-tourisme-afro-americain-une-opportunite-economique-a-saisir-en-caroline-du-sud\/#article","isPartOf":{"@id":"https:\/\/voyage-aventure.com\/blog\/a-la-une\/le-marche-du-tourisme-afro-americain-une-opportunite-economique-a-saisir-en-caroline-du-sud\/"},"author":{"name":"Camille Rouvray","@id":"https:\/\/voyage-aventure.com\/blog\/#\/schema\/person\/3c864cdc320801e3db34b663e7e3f816"},"headline":"le march\u00e9 du tourisme afro-am\u00e9ricain : une opportunit\u00e9 \u00e9conomique \u00e0 saisir en caroline du sud","datePublished":"2026-06-16T14:46:47+00:00","mainEntityOfPage":{"@id":"https:\/\/voyage-aventure.com\/blog\/a-la-une\/le-marche-du-tourisme-afro-americain-une-opportunite-economique-a-saisir-en-caroline-du-sud\/"},"wordCount":899,"commentCount":17,"publisher":{"@id":"https:\/\/voyage-aventure.com\/blog\/#organization"},"image":{"@id":"https:\/\/voyage-aventure.com\/blog\/a-la-une\/le-marche-du-tourisme-afro-americain-une-opportunite-economique-a-saisir-en-caroline-du-sud\/#primaryimage"},"thumbnailUrl":"https:\/\/voyage-aventure.com\/blog\/wp-content\/uploads\/2025\/02\/stability-le-marche-du-tourisme-afro-americain-une-opportunite-economique-a-saisir-en-caroline-du-sud.png","keywords":["D\u00e9couverte Culturelle","Destinations","Immersion Culturelle","Pratiques Durables","Tourisme"],"articleSection":["\u00c0 la une"],"inLanguage":"fr-FR","potentialAction":[{"@type":"CommentAction","name":"Comment","target":["https:\/\/voyage-aventure.com\/blog\/a-la-une\/le-marche-du-tourisme-afro-americain-une-opportunite-economique-a-saisir-en-caroline-du-sud\/#respond"]}]},{"@type":"WebPage","@id":"https:\/\/voyage-aventure.com\/blog\/a-la-une\/le-marche-du-tourisme-afro-americain-une-opportunite-economique-a-saisir-en-caroline-du-sud\/","url":"https:\/\/voyage-aventure.com\/blog\/a-la-une\/le-marche-du-tourisme-afro-americain-une-opportunite-economique-a-saisir-en-caroline-du-sud\/","name":"le march\u00e9 du tourisme afro-am\u00e9ricain : une opportunit\u00e9","isPartOf":{"@id":"https:\/\/voyage-aventure.com\/blog\/#website"},"primaryImageOfPage":{"@id":"https:\/\/voyage-aventure.com\/blog\/a-la-une\/le-marche-du-tourisme-afro-americain-une-opportunite-economique-a-saisir-en-caroline-du-sud\/#primaryimage"},"image":{"@id":"https:\/\/voyage-aventure.com\/blog\/a-la-une\/le-marche-du-tourisme-afro-americain-une-opportunite-economique-a-saisir-en-caroline-du-sud\/#primaryimage"},"thumbnailUrl":"https:\/\/voyage-aventure.com\/blog\/wp-content\/uploads\/2025\/02\/stability-le-marche-du-tourisme-afro-americain-une-opportunite-economique-a-saisir-en-caroline-du-sud.png","datePublished":"2026-06-16T14:46:47+00:00","description":"La Caroline du Sud regarde de plus pr\u00e8s une client\u00e8le longtemps n\u00e9glig\u00e9e : les voyageurs afro-am\u00e9ricains. Entre patrimoine Gullah Geechee et grands","inLanguage":"fr-FR","potentialAction":[{"@type":"ReadAction","target":["https:\/\/voyage-aventure.com\/blog\/a-la-une\/le-marche-du-tourisme-afro-americain-une-opportunite-economique-a-saisir-en-caroline-du-sud\/"]}]},{"@type":"ImageObject","inLanguage":"fr-FR","@id":"https:\/\/voyage-aventure.com\/blog\/a-la-une\/le-marche-du-tourisme-afro-americain-une-opportunite-economique-a-saisir-en-caroline-du-sud\/#primaryimage","url":"https:\/\/voyage-aventure.com\/blog\/wp-content\/uploads\/2025\/02\/stability-le-marche-du-tourisme-afro-americain-une-opportunite-economique-a-saisir-en-caroline-du-sud.png","contentUrl":"https:\/\/voyage-aventure.com\/blog\/wp-content\/uploads\/2025\/02\/stability-le-marche-du-tourisme-afro-americain-une-opportunite-economique-a-saisir-en-caroline-du-sud.png","width":1024,"height":576},{"@type":"WebSite","@id":"https:\/\/voyage-aventure.com\/blog\/#website","url":"https:\/\/voyage-aventure.com\/blog\/","name":"voyage-aventure.com","description":"Votre passeport pour l\u2019inattendu.","publisher":{"@id":"https:\/\/voyage-aventure.com\/blog\/#organization"},"alternateName":"Votre passeport pour l\u2019inattendu.","potentialAction":[{"@type":"SearchAction","target":{"@type":"EntryPoint","urlTemplate":"https:\/\/voyage-aventure.com\/blog\/?s={search_term_string}"},"query-input":{"@type":"PropertyValueSpecification","valueRequired":true,"valueName":"search_term_string"}}],"inLanguage":"fr-FR"},{"@type":"Organization","@id":"https:\/\/voyage-aventure.com\/blog\/#organization","name":"Foretsensations.fr","url":"https:\/\/voyage-aventure.com\/blog\/","logo":{"@type":"ImageObject","inLanguage":"fr-FR","@id":"https:\/\/voyage-aventure.com\/blog\/#\/schema\/logo\/image\/","url":"https:\/\/voyage-aventure.com\/blog\/wp-content\/uploads\/2024\/12\/19.png","contentUrl":"https:\/\/voyage-aventure.com\/blog\/wp-content\/uploads\/2024\/12\/19.png","width":512,"height":512,"caption":"Foretsensations.fr"},"image":{"@id":"https:\/\/voyage-aventure.com\/blog\/#\/schema\/logo\/image\/"}},{"@type":"Person","@id":"https:\/\/voyage-aventure.com\/blog\/#\/schema\/person\/3c864cdc320801e3db34b663e7e3f816","name":"Camille Rouvray","image":{"@type":"ImageObject","inLanguage":"fr-FR","@id":"https:\/\/voyage-aventure.com\/blog\/#\/schema\/person\/image\/","url":"https:\/\/voyage-aventure.com\/blog\/wp-content\/uploads\/2026\/06\/persona_camille-r-96x96.jpg","contentUrl":"https:\/\/voyage-aventure.com\/blog\/wp-content\/uploads\/2026\/06\/persona_camille-r-96x96.jpg","caption":"Camille Rouvray"},"description":"Je voyage et j'\u00e9cris sur le voyage depuis une douzaine d'ann\u00e9es, d'abord en tant que routarde au long cours, puis comme r\u00e9dactrice sp\u00e9cialis\u00e9e. Mon terrain de pr\u00e9dilection, ce sont les circuits organis\u00e9s et l'art de bien pr\u00e9parer un itin\u00e9raire : choix de la saison, dur\u00e9e r\u00e9aliste des \u00e9tapes, budget jour par jour, logement et transport sur place. J'aime aussi raconter les p\u00e9pites urbaines, ces adresses qu'on ne trouve pas dans les guides classiques. Avant de publier un dossier destination, je croise toujours plusieurs sources, je v\u00e9rifie les tarifs et les formalit\u00e9s d'entr\u00e9e \u00e0 jour, et je teste moi-m\u00eame quand je le peux. Mon angle reste pratique avant tout : aider le lecteur \u00e0 partir l'esprit tranquille, sans mauvaise surprise une fois sur place. Je m'attache \u00e0 distinguer le coup de c\u0153ur sinc\u00e8re du simple argument marketing.","sameAs":["https:\/\/camillerouvray.fr\/"],"url":"https:\/\/voyage-aventure.com\/blog\/auteur\/noname\/"}]}},"_links":{"self":[{"href":"https:\/\/voyage-aventure.com\/blog\/wp-json\/wp\/v2\/posts\/11884","targetHints":{"allow":["GET"]}}],"collection":[{"href":"https:\/\/voyage-aventure.com\/blog\/wp-json\/wp\/v2\/posts"}],"about":[{"href":"https:\/\/voyage-aventure.com\/blog\/wp-json\/wp\/v2\/types\/post"}],"author":[{"embeddable":true,"href":"https:\/\/voyage-aventure.com\/blog\/wp-json\/wp\/v2\/users\/34"}],"replies":[{"embeddable":true,"href":"https:\/\/voyage-aventure.com\/blog\/wp-json\/wp\/v2\/comments?post=11884"}],"version-history":[{"count":4,"href":"https:\/\/voyage-aventure.com\/blog\/wp-json\/wp\/v2\/posts\/11884\/revisions"}],"predecessor-version":[{"id":22641,"href":"https:\/\/voyage-aventure.com\/blog\/wp-json\/wp\/v2\/posts\/11884\/revisions\/22641"}],"wp:featuredmedia":[{"embeddable":true,"href":"https:\/\/voyage-aventure.com\/blog\/wp-json\/wp\/v2\/media\/11885"}],"wp:attachment":[{"href":"https:\/\/voyage-aventure.com\/blog\/wp-json\/wp\/v2\/media?parent=11884"}],"wp:term":[{"taxonomy":"category","embeddable":true,"href":"https:\/\/voyage-aventure.com\/blog\/wp-json\/wp\/v2\/categories?post=11884"},{"taxonomy":"post_tag","embeddable":true,"href":"https:\/\/voyage-aventure.com\/blog\/wp-json\/wp\/v2\/tags?post=11884"}],"curies":[{"name":"wp","href":"https:\/\/api.w.org\/{rel}","templated":true}]}}