{"id":11880,"date":"2026-06-16T16:46:38","date_gmt":"2026-06-16T14:46:38","guid":{"rendered":"https:\/\/voyage-aventure.com\/blog\/?p=11880"},"modified":"2026-06-16T16:46:38","modified_gmt":"2026-06-16T14:46:38","slug":"les-canadiens-delaissent-les-voyages-aux-etats-unis-en-2025-a-cause-des-tensions-economiques","status":"publish","type":"post","link":"https:\/\/voyage-aventure.com\/blog\/a-la-une\/les-canadiens-delaissent-les-voyages-aux-etats-unis-en-2025-a-cause-des-tensions-economiques\/","title":{"rendered":"les canadiens d\u00e9laissent les voyages aux \u00c9tats-Unis en 2025 \u00e0 cause des tensions \u00e9conomiques"},"content":{"rendered":"<link rel=\"stylesheet\" href=\"https:\/\/fonts.googleapis.com\/css2?family=Newsreader:ital,opsz,wght@0,6..72,500..700;1,6..72,500..600&#038;family=Inter:wght@400;500;600&#038;family=JetBrains+Mono:wght@500&#038;display=swap\" \/>\n<style>\n.va-canadausa-wrap{font-family:'Inter',-apple-system,sans-serif;color:#222831;line-height:1.65;font-size:17px;max-width:760px}\n.va-canadausa-wrap h2{font-family:'Newsreader',Georgia,serif;font-weight:700;font-size:clamp(24px,3.2vw,33px);letter-spacing:-.01em;line-height:1.2;color:#1c2530;margin:52px 0 18px}\n.va-canadausa-wrap h3{font-family:'Newsreader',Georgia,serif;font-weight:600;font-size:clamp(19px,2.4vw,23px);color:#1c2530;margin:30px 0 12px}\n.va-canadausa-wrap p{margin:0 0 18px}\n.va-canadausa-lead{font-family:'Newsreader',Georgia,serif;font-size:clamp(19px,2.4vw,22px);line-height:1.5;color:#2a3540;font-weight:500;margin:0 0 26px}\n.va-canadausa-dateline{font-family:'JetBrains Mono',monospace;font-size:12.5px;letter-spacing:.06em;text-transform:uppercase;color:#46607E;margin-bottom:14px}\n.va-canadausa-essentiel{background:#f4f6f9;border-left:5px solid #46607E;border-radius:4px;padding:24px 26px;margin:0 0 34px;box-shadow:0 1px 2px rgba(16,24,40,.05),0 12px 28px -18px rgba(16,24,40,.18)}\n.va-canadausa-esstitle{font-family:'JetBrains Mono',monospace;font-size:12px;letter-spacing:.12em;text-transform:uppercase;color:#46607E;margin-bottom:16px;font-weight:500}\n.va-canadausa-essrow{display:flex;gap:14px;align-items:baseline;padding:10px 0;border-top:1px solid #e2e7ee}\n.va-canadausa-essrow:first-of-type{border-top:none}\n.va-canadausa-esskey{font-family:'JetBrains Mono',monospace;font-size:11.5px;letter-spacing:.05em;text-transform:uppercase;color:#46607E;flex:0 0 96px;font-weight:500}\n.va-canadausa-essval{flex:1;color:#2a3540}\n.va-canadausa-grid{display:grid;grid-template-columns:repeat(auto-fit,minmax(220px,1fr));gap:22px;margin:30px 0}\n.va-canadausa-card{background:#fff;border:1px solid #e2e7ee;border-top:3px solid #46607E;border-radius:6px;padding:24px;transition:.25s ease;box-shadow:0 1px 2px rgba(16,24,40,.04)}\n.va-canadausa-card:hover{transform:translateY(-3px);box-shadow:0 1px 2px rgba(16,24,40,.05),0 14px 30px -16px rgba(16,24,40,.22)}\n.va-canadausa-cardk{font-family:'JetBrains Mono',monospace;font-size:11px;letter-spacing:.08em;text-transform:uppercase;color:#46607E;margin-bottom:10px;font-weight:500}\n.va-canadausa-cardt{font-family:'Newsreader',Georgia,serif;font-size:20px;font-weight:600;color:#1c2530;margin-bottom:10px;line-height:1.25}\n.va-canadausa-cardx{font-size:15.5px;color:#475061;line-height:1.6}\n.va-canadausa-quote{font-family:'Newsreader',Georgia,serif;font-style:italic;font-size:clamp(21px,2.8vw,27px);line-height:1.4;color:#1c2530;border-left:4px solid #46607E;padding:6px 0 6px 26px;margin:38px 0}\n.va-canadausa-dest{margin:24px 0}\n.va-canadausa-dest li{margin:9px 0}\n.va-canadausa-retenir{background:#1c2530;color:#dfe5ec;border-radius:8px;padding:28px 30px;margin:40px 0}\n.va-canadausa-retenir .va-canadausa-esstitle{color:#9db4cf}\n.va-canadausa-retenir ul{margin:0;padding-left:0;list-style:none}\n.va-canadausa-retenir li{padding:9px 0 9px 26px;position:relative;border-top:1px solid #2e3a47}\n.va-canadausa-retenir li:first-child{border-top:none}\n.va-canadausa-retenir li::before{content:\"\u203a\";position:absolute;left:4px;color:#7f9dc0;font-weight:700}\n.va-canadausa-wrap details{border:1px solid #e2e7ee;border-radius:6px;padding:0 20px;margin:12px 0;transition:.25s ease}\n.va-canadausa-wrap details[open]{box-shadow:0 12px 28px -18px rgba(16,24,40,.2)}\n.va-canadausa-wrap summary{font-family:'Newsreader',Georgia,serif;font-weight:600;font-size:18px;color:#1c2530;cursor:pointer;padding:16px 0;list-style:none}\n.va-canadausa-wrap summary::-webkit-details-marker{display:none}\n.va-canadausa-wrap summary::before{content:\"+\";color:#46607E;font-weight:700;margin-right:10px}\n.va-canadausa-wrap details[open] summary::before{content:\"\u2013\"}\n.va-canadausa-wrap details > p{padding:0 0 18px;color:#475061;font-size:16px}\n\/*RENDERFIX2*\/.va-canadausa-retenir{color:#eef3f9!important}.va-canadausa-retenir p,.va-canadausa-retenir li,.va-canadausa-retenir strong,.va-canadausa-retenir em,.va-canadausa-retenir a,.va-canadausa-retenir span,.va-canadausa-retenir b,.va-canadausa-retenir td,.va-canadausa-retenir th,.va-canadausa-retenir h2,.va-canadausa-retenir h3,.va-canadausa-retenir h4{color:#eef3f9!important}.va-canadausa-retenir strong,.va-canadausa-retenir b{color:#ffffff!important}<\/style>\n<div class=\"va-canadausa-wrap\">\n<div class=\"va-canadausa-dateline\">Tourisme \u00b7 F\u00e9vrier 2025 \u00b7 Relations Canada\u2013\u00c9tats-Unis<\/div>\n<div class=\"va-canadausa-lead\">En 2025, selon les \u00e9l\u00e9ments rapport\u00e9s dans cet article, un nombre croissant de Canadiens renonce aux voyages aux \u00c9tats-Unis, sur fond de tensions \u00e9conomiques et politiques. Un report d&rsquo;habitudes de voyage qui se lit d\u00e9j\u00e0 dans les r\u00e9servations de f\u00e9vrier.<\/div>\n<div class=\"va-canadausa-essentiel\">\n<div class=\"va-canadausa-esstitle\">L&rsquo;essentiel<\/div>\n<div class=\"va-canadausa-essrow\">\n<div class=\"va-canadausa-esskey\">Le constat<\/div>\n<div class=\"va-canadausa-essval\">D&rsquo;apr\u00e8s l&rsquo;article, de nombreux Canadiens choisissent en 2025 de ne plus se rendre aux \u00c9tats-Unis, destination jusqu&rsquo;ici incontournable.<\/div>\n<\/div>\n<div class=\"va-canadausa-essrow\">\n<div class=\"va-canadausa-esskey\">Les facteurs<\/div>\n<div class=\"va-canadausa-essval\">Tensions politiques et incertitude \u00e9conomique cit\u00e9es : menaces de tarifs douaniers, pression sur le dollar canadien, pr\u00e9occupations de s\u00e9curit\u00e9 aux fronti\u00e8res.<\/div>\n<\/div>\n<div class=\"va-canadausa-essrow\">\n<div class=\"va-canadausa-esskey\">La port\u00e9e<\/div>\n<div class=\"va-canadausa-essval\">Selon l&rsquo;article, l&rsquo;industrie du voyage observe une baisse des demandes vers les \u00c9tats-Unis d\u00e8s f\u00e9vrier, au profit d&rsquo;autres destinations.<\/div>\n<\/div>\n<\/div>\n<h2>Une tendance inqui\u00e9tante pour le tourisme canadien<\/h2>\n<p>En 2025, de nombreux Canadiens choisissent de ne plus se rendre aux \u00c9tats-Unis, une d\u00e9cision motiv\u00e9e, selon l&rsquo;article, par des facteurs \u00e9conomiques et politiques. Historiquement, les voyages au sud de la fronti\u00e8re \u00e9taient un passage oblig\u00e9 pour les Canadiens, attir\u00e9s par des vacances ensoleill\u00e9es, des \u00e9v\u00e9nements sportifs et des opportunit\u00e9s de shopping. Cependant, le climat actuel de tensions politiques et d&rsquo;incertitude \u00e9conomique pousse de plus en plus de Canadiens \u00e0 r\u00e9\u00e9valuer leurs choix de voyage.<br \/>\nLes politiques controvers\u00e9es de l&rsquo;administration Trump, notamment les menaces de tarifs douaniers sur les produits canadiens \u00e9voqu\u00e9es dans l&rsquo;article, cr\u00e9ent un climat d&rsquo;inqui\u00e9tude pour les voyageurs. Les commentaires du pr\u00e9sident am\u00e9ricain sur des questions internationales, comme ceux concernant l&rsquo;Ukraine, sont d\u00e9crits comme un facteur qui exacerbe ce malaise, incitant, selon l&rsquo;article, de nombreux Canadiens \u00e0 \u00e9viter les voyages aux \u00c9tats-Unis.<\/p>\n<h2>Les raisons d&rsquo;un changement de cap<\/h2>\n<p>Plusieurs facteurs expliquent, d&rsquo;apr\u00e8s l&rsquo;article, pourquoi les Canadiens se d\u00e9tournent des voyages aux \u00c9tats-Unis. D&rsquo;une part, la situation \u00e9conomique impos\u00e9e par les politiques am\u00e9ricaines a un impact direct sur le dollar canadien, rendant les voyages aux \u00c9tats-Unis moins abordables. Les Canadiens qui avaient l&rsquo;habitude de visiter des destinations pris\u00e9es comme la Floride ou la Californie ressentent la pression des co\u00fbts croissants, que ce soit pour l&rsquo;h\u00e9bergement ou les loisirs.<br \/>\nD&rsquo;autre part, les pr\u00e9occupations concernant la s\u00e9curit\u00e9 aux fronti\u00e8res joueraient \u00e9galement un r\u00f4le significatif. Les rapports sur des contr\u00f4les de s\u00e9curit\u00e9 plus stricts et des d\u00e9tentions al\u00e9atoires, cit\u00e9s dans l&rsquo;article, ont engendr\u00e9 une certaine appr\u00e9hension parmi les voyageurs canadiens. De plus, dans un climat de tensions politiques croissantes, des craintes de discrimination lors de leurs d\u00e9placements aux \u00c9tats-Unis compliquent encore les choses.<\/p>\n<div class=\"va-canadausa-grid\">\n<div class=\"va-canadausa-card\">\n<div class=\"va-canadausa-cardk\">Facteur \u00e9conomique<\/div>\n<div class=\"va-canadausa-cardt\">Un dollar sous pression<\/div>\n<div class=\"va-canadausa-cardx\">Selon l&rsquo;article, la situation \u00e9conomique li\u00e9e aux politiques am\u00e9ricaines p\u00e8se sur le dollar canadien et rench\u00e9rit h\u00e9bergement et loisirs sur des destinations comme la Floride ou la Californie.<\/div>\n<\/div>\n<div class=\"va-canadausa-card\">\n<div class=\"va-canadausa-cardk\">Facteur s\u00e9curit\u00e9<\/div>\n<div class=\"va-canadausa-cardt\">Fronti\u00e8res et appr\u00e9hension<\/div>\n<div class=\"va-canadausa-cardx\">L&rsquo;article fait \u00e9tat de contr\u00f4les plus stricts et de d\u00e9tentions al\u00e9atoires rapport\u00e9s, sources d&rsquo;appr\u00e9hension, ainsi que de craintes de discrimination en d\u00e9placement.<\/div>\n<\/div>\n<div class=\"va-canadausa-card\">\n<div class=\"va-canadausa-cardk\">Facteur politique<\/div>\n<div class=\"va-canadausa-cardt\">Un climat de tensions<\/div>\n<div class=\"va-canadausa-cardx\">Menaces de tarifs douaniers et commentaires du pr\u00e9sident am\u00e9ricain sur des dossiers internationaux nourrissent, d&rsquo;apr\u00e8s l&rsquo;article, un climat d&rsquo;inqui\u00e9tude chez les voyageurs.<\/div>\n<\/div>\n<\/div>\n<h2>Un impact notable sur l&rsquo;industrie du voyage<\/h2>\n<p>Avec la diminution du nombre de r\u00e9servations pour les \u00c9tats-Unis, l&rsquo;industrie du voyage fait face, selon l&rsquo;article, \u00e0 des d\u00e9fis importants. F\u00e9vrier, traditionnellement une p\u00e9riode de forte affluence pour les agences de voyages, montre une baisse des demandes de voyages vers le sud. Au lieu de cela, de nombreux Canadiens se tournent vers des alternatives en Europe, au Mexique, dans les Cara\u00efbes, et m\u00eame dans des destinations locales au Canada.<br \/>\nLes agences de voyages, en particulier celles qui se sp\u00e9cialisent dans les voyages d&rsquo;affaires et de loisirs haut de gamme, constatent une chute des demandes li\u00e9es aux \u00c9tats-Unis. Des destinations comme le Costa Rica, le Portugal et le Japon gagnent en popularit\u00e9, offrant aux Canadiens des options attrayantes loin des tensions politiques et \u00e9conomiques qu&rsquo;ils pr\u00e9f\u00e8rent \u00e9viter.<br \/>\n<iframe loading=\"lazy\" title=\"Canada VS E\u0301tats-Unis : une Relation Ambigu\u00eb !\" width=\"1200\" height=\"675\" src=\"https:\/\/www.youtube.com\/embed\/gJFtBT8t-PU?feature=oembed\" frameborder=\"0\" allow=\"accelerometer; autoplay; clipboard-write; encrypted-media; gyroscope; picture-in-picture; web-share\" referrerpolicy=\"strict-origin-when-cross-origin\" allowfullscreen><\/iframe><\/p>\n<h2>O\u00f9 les Canadiens voyagent-ils ?<\/h2>\n<p>Alors que les voyages aux \u00c9tats-Unis diminuent, d&rsquo;autres destinations connaissent, d&rsquo;apr\u00e8s l&rsquo;article, un essor. Voici quelques alternatives populaires cit\u00e9es parmi les Canadiens :<\/p>\n<ul class=\"va-canadausa-dest\">\n<li>Les stations de ski et les retraites en nature de la Colombie-Britannique<\/li>\n<li>Le pittoresque pays des cottages en Ontario<\/li>\n<li>Les centres culturels anim\u00e9s de Montr\u00e9al et de Qu\u00e9bec<\/li>\n<li>Les provinces atlantiques, connues pour leur beaut\u00e9 c\u00f4ti\u00e8re et leur riche histoire<\/li>\n<\/ul>\n<p>De plus, l&rsquo;Europe \u00e9merge comme une alternative de choix gr\u00e2ce \u00e0 des vols directs vers des villes majeures. Selon l&rsquo;article, les Canadiens profitent de la baisse de l&rsquo;euro, rendant des destinations comme l&rsquo;Espagne, le Portugal et l&rsquo;Italie plus accessibles. Les plages du Mexique et des Cara\u00efbes, telles que Canc\u00fan et Punta Cana, deviennent \u00e9galement populaires, offrant un bon rapport qualit\u00e9-prix et une atmosph\u00e8re accueillante.<\/p>\n<h2>Un retour aux \u00c9tats-Unis est-il envisageable ?<\/h2>\n<p>Bien que les liens historiques et la proximit\u00e9 g\u00e9ographique rendent les \u00c9tats-Unis attrayants pour les Canadiens, le climat politique et \u00e9conomique actuel modifie, selon l&rsquo;article, les habitudes de voyage. L&rsquo;avenir de ces tendances d\u00e9pendra des politiques changeantes, des r\u00e9sultats des \u00e9lections am\u00e9ricaines de 2024 et des conditions \u00e9conomiques futures. Pour l&rsquo;instant, d&rsquo;apr\u00e8s l&rsquo;article, de nombreux Canadiens choisissent de \u00ab\u00a0voter avec leur portefeuille\u00a0\u00bb, en d\u00e9pensant leurs dollars de tourisme ailleurs.<\/p>\n<div class=\"va-canadausa-quote\">\u00ab\u00a0Les Canadiens se tournent vers d&rsquo;autres horizons, cherchant des exp\u00e9riences enrichissantes loin des tensions.\u00a0\u00bb<\/div>\n<p>En fin de compte, alors que les voyages aux \u00c9tats-Unis deviennent moins populaires, l&rsquo;industrie du voyage doit s&rsquo;adapter \u00e0 cette nouvelle r\u00e9alit\u00e9, en explorant des opportunit\u00e9s dans des destinations qui r\u00e9pondent mieux aux attentes des Canadiens.<img decoding=\"async\" width=\"1024\" height=\"576\" src=\"https:\/\/voyage-aventure.com\/blog\/wp-content\/uploads\/2025\/02\/stability-les-canadiens-delaissent-les-voyages-aux-etats-unis-en-2025-a-cause-des-tensions-economiques-1.png\" class=\"aligncenter\" alt=\"Illustration d\u00e9taill\u00e9e sur les canadiens d\u00e9laissent les voyages aux \u00c9tats-Unis en 2025 \u00e0 cause des tensions \u00e9conomiques\" title=\"les canadiens d\u00e9laissent les voyages aux \u00c9tats-Unis en 2025 \u00e0 cause des tensions \u00e9conomiques\" loading=\"lazy\" \/><\/p>\n<div class=\"va-canadausa-retenir\">\n<div class=\"va-canadausa-esstitle\">Ce qu&rsquo;il faut retenir<\/div>\n<ul>\n<li>Selon l&rsquo;article, en 2025 de nombreux Canadiens renoncent aux voyages aux \u00c9tats-Unis sur fond de tensions \u00e9conomiques et politiques.<\/li>\n<li>Les facteurs cit\u00e9s : menaces de tarifs douaniers, pression sur le dollar canadien, contr\u00f4les plus stricts aux fronti\u00e8res et appr\u00e9hensions.<\/li>\n<li>D\u00e8s f\u00e9vrier, l&rsquo;article fait \u00e9tat d&rsquo;une baisse des demandes vers les \u00c9tats-Unis chez les agences de voyages.<\/li>\n<li>Europe, Mexique, Cara\u00efbes, Costa Rica, Portugal, Japon et destinations locales au Canada apparaissent comme alternatives privil\u00e9gi\u00e9es.<\/li>\n<\/ul>\n<\/div>\n<h2>Questions fr\u00e9quentes<\/h2>\n<details>\n<summary>Pourquoi des Canadiens \u00e9vitent-ils les voyages aux \u00c9tats-Unis en 2025 ?<\/summary>\n<p>D&rsquo;apr\u00e8s l&rsquo;article, plusieurs facteurs sont avanc\u00e9s : des tensions politiques (menaces de tarifs douaniers, commentaires du pr\u00e9sident am\u00e9ricain), une pression \u00e9conomique sur le dollar canadien et des pr\u00e9occupations de s\u00e9curit\u00e9 aux fronti\u00e8res.<\/p>\n<\/details>\n<details>\n<summary>Vers quelles destinations se reportent-ils ?<\/summary>\n<p>Selon l&rsquo;article, les alternatives cit\u00e9es incluent l&rsquo;Europe (Espagne, Portugal, Italie), le Mexique et les Cara\u00efbes (Canc\u00fan, Punta Cana), le Costa Rica, le Japon, ainsi que des destinations locales au Canada comme la Colombie-Britannique, l&rsquo;Ontario, le Qu\u00e9bec et les provinces atlantiques.<\/p>\n<\/details>\n<details>\n<summary>Cette tendance pourrait-elle s&rsquo;inverser ?<\/summary>\n<p>L&rsquo;article indique que l&rsquo;\u00e9volution d\u00e9pendra des politiques \u00e0 venir, des r\u00e9sultats des \u00e9lections am\u00e9ricaines de 2024 et des conditions \u00e9conomiques futures. Aucune projection chiffr\u00e9e n&rsquo;est avanc\u00e9e.<\/p>\n<\/details>\n<\/div>\n","protected":false},"excerpt":{"rendered":"","protected":false},"author":34,"featured_media":11881,"comment_status":"open","ping_status":"open","sticky":false,"template":"","format":"standard","meta":{"_acf_changed":false,"manual_indexmenow":false,"indexmenow_id_project":0,"footnotes":""},"categories":[1],"tags":[4636,4452,4530,3170,4526],"class_list":["post-11880","post","type-post","status-publish","format-standard","has-post-thumbnail","hentry","category-a-la-une","tag-destinations","tag-economies","tag-escapade-en-europe","tag-securite","tag-voyage-economique","generate-columns","tablet-grid-50","mobile-grid-100","grid-parent","grid-25"],"acf":[],"yoast_head":"<!-- This site is optimized with the Yoast SEO Premium plugin v21.3 (Yoast SEO v25.1) - https:\/\/yoast.com\/wordpress\/plugins\/seo\/ -->\n<title>les canadiens d\u00e9laissent les voyages aux \u00c9tats-Unis en 2025<\/title>\n<meta name=\"description\" content=\"Tourisme \u00b7 F\u00e9vrier 2025 \u00b7 Relations Canada\u2013\u00c9tats-Unis En 2025, selon les \u00e9l\u00e9ments rapport\u00e9s dans cet article, un nombre croissant de Canadiens renonce aux\" \/>\n<meta name=\"robots\" content=\"index, follow, max-snippet:-1, max-image-preview:large, max-video-preview:-1\" \/>\n<link rel=\"canonical\" href=\"https:\/\/voyage-aventure.com\/blog\/a-la-une\/les-canadiens-delaissent-les-voyages-aux-etats-unis-en-2025-a-cause-des-tensions-economiques\/\" \/>\n<meta property=\"og:locale\" content=\"fr_FR\" \/>\n<meta property=\"og:type\" content=\"article\" \/>\n<meta property=\"og:title\" content=\"les canadiens d\u00e9laissent les voyages aux \u00c9tats-Unis en 2025\" \/>\n<meta property=\"og:description\" content=\"Tourisme \u00b7 F\u00e9vrier 2025 \u00b7 Relations Canada\u2013\u00c9tats-Unis En 2025, selon les \u00e9l\u00e9ments rapport\u00e9s dans cet article, un nombre croissant de Canadiens renonce aux\" \/>\n<meta property=\"og:url\" content=\"https:\/\/voyage-aventure.com\/blog\/a-la-une\/les-canadiens-delaissent-les-voyages-aux-etats-unis-en-2025-a-cause-des-tensions-economiques\/\" \/>\n<meta property=\"og:site_name\" content=\"voyage-aventure\" \/>\n<meta property=\"og:image\" content=\"https:\/\/voyage-aventure.com\/blog\/wp-content\/uploads\/2025\/02\/stability-les-canadiens-delaissent-les-voyages-aux-etats-unis-en-2025-a-cause-des-tensions-economiques.png\" \/>\n\t<meta property=\"og:image:width\" content=\"1024\" \/>\n\t<meta property=\"og:image:height\" content=\"576\" \/>\n\t<meta property=\"og:image:type\" content=\"image\/png\" \/>\n<meta name=\"author\" content=\"Camille Rouvray\" \/>\n<meta name=\"twitter:card\" content=\"summary_large_image\" \/>\n<script type=\"application\/ld+json\" class=\"yoast-schema-graph\">{\"@context\":\"https:\/\/schema.org\",\"@graph\":[{\"@type\":\"NewsArticle\",\"@id\":\"https:\/\/voyage-aventure.com\/blog\/a-la-une\/les-canadiens-delaissent-les-voyages-aux-etats-unis-en-2025-a-cause-des-tensions-economiques\/#article\",\"isPartOf\":{\"@id\":\"https:\/\/voyage-aventure.com\/blog\/a-la-une\/les-canadiens-delaissent-les-voyages-aux-etats-unis-en-2025-a-cause-des-tensions-economiques\/\"},\"author\":{\"name\":\"Camille Rouvray\",\"@id\":\"https:\/\/voyage-aventure.com\/blog\/#\/schema\/person\/3c864cdc320801e3db34b663e7e3f816\"},\"headline\":\"les canadiens d\u00e9laissent les voyages aux \u00c9tats-Unis en 2025 \u00e0 cause des tensions \u00e9conomiques\",\"datePublished\":\"2026-06-16T14:46:38+00:00\",\"mainEntityOfPage\":{\"@id\":\"https:\/\/voyage-aventure.com\/blog\/a-la-une\/les-canadiens-delaissent-les-voyages-aux-etats-unis-en-2025-a-cause-des-tensions-economiques\/\"},\"wordCount\":1251,\"commentCount\":22,\"publisher\":{\"@id\":\"https:\/\/voyage-aventure.com\/blog\/#organization\"},\"image\":{\"@id\":\"https:\/\/voyage-aventure.com\/blog\/a-la-une\/les-canadiens-delaissent-les-voyages-aux-etats-unis-en-2025-a-cause-des-tensions-economiques\/#primaryimage\"},\"thumbnailUrl\":\"https:\/\/voyage-aventure.com\/blog\/wp-content\/uploads\/2025\/02\/stability-les-canadiens-delaissent-les-voyages-aux-etats-unis-en-2025-a-cause-des-tensions-economiques.png\",\"keywords\":[\"Destinations\",\"\u00c9conomies\",\"Escapade en Europe\",\"S\u00e9curit\u00e9\",\"Voyage \u00c9conomique\"],\"articleSection\":[\"\u00c0 la une\"],\"inLanguage\":\"fr-FR\",\"potentialAction\":[{\"@type\":\"CommentAction\",\"name\":\"Comment\",\"target\":[\"https:\/\/voyage-aventure.com\/blog\/a-la-une\/les-canadiens-delaissent-les-voyages-aux-etats-unis-en-2025-a-cause-des-tensions-economiques\/#respond\"]}]},{\"@type\":\"WebPage\",\"@id\":\"https:\/\/voyage-aventure.com\/blog\/a-la-une\/les-canadiens-delaissent-les-voyages-aux-etats-unis-en-2025-a-cause-des-tensions-economiques\/\",\"url\":\"https:\/\/voyage-aventure.com\/blog\/a-la-une\/les-canadiens-delaissent-les-voyages-aux-etats-unis-en-2025-a-cause-des-tensions-economiques\/\",\"name\":\"les canadiens d\u00e9laissent les voyages aux \u00c9tats-Unis en 2025\",\"isPartOf\":{\"@id\":\"https:\/\/voyage-aventure.com\/blog\/#website\"},\"primaryImageOfPage\":{\"@id\":\"https:\/\/voyage-aventure.com\/blog\/a-la-une\/les-canadiens-delaissent-les-voyages-aux-etats-unis-en-2025-a-cause-des-tensions-economiques\/#primaryimage\"},\"image\":{\"@id\":\"https:\/\/voyage-aventure.com\/blog\/a-la-une\/les-canadiens-delaissent-les-voyages-aux-etats-unis-en-2025-a-cause-des-tensions-economiques\/#primaryimage\"},\"thumbnailUrl\":\"https:\/\/voyage-aventure.com\/blog\/wp-content\/uploads\/2025\/02\/stability-les-canadiens-delaissent-les-voyages-aux-etats-unis-en-2025-a-cause-des-tensions-economiques.png\",\"datePublished\":\"2026-06-16T14:46:38+00:00\",\"description\":\"Tourisme \u00b7 F\u00e9vrier 2025 \u00b7 Relations Canada\u2013\u00c9tats-Unis En 2025, selon les \u00e9l\u00e9ments rapport\u00e9s dans cet article, un nombre croissant de Canadiens renonce aux\",\"inLanguage\":\"fr-FR\",\"potentialAction\":[{\"@type\":\"ReadAction\",\"target\":[\"https:\/\/voyage-aventure.com\/blog\/a-la-une\/les-canadiens-delaissent-les-voyages-aux-etats-unis-en-2025-a-cause-des-tensions-economiques\/\"]}]},{\"@type\":\"ImageObject\",\"inLanguage\":\"fr-FR\",\"@id\":\"https:\/\/voyage-aventure.com\/blog\/a-la-une\/les-canadiens-delaissent-les-voyages-aux-etats-unis-en-2025-a-cause-des-tensions-economiques\/#primaryimage\",\"url\":\"https:\/\/voyage-aventure.com\/blog\/wp-content\/uploads\/2025\/02\/stability-les-canadiens-delaissent-les-voyages-aux-etats-unis-en-2025-a-cause-des-tensions-economiques.png\",\"contentUrl\":\"https:\/\/voyage-aventure.com\/blog\/wp-content\/uploads\/2025\/02\/stability-les-canadiens-delaissent-les-voyages-aux-etats-unis-en-2025-a-cause-des-tensions-economiques.png\",\"width\":1024,\"height\":576},{\"@type\":\"WebSite\",\"@id\":\"https:\/\/voyage-aventure.com\/blog\/#website\",\"url\":\"https:\/\/voyage-aventure.com\/blog\/\",\"name\":\"voyage-aventure.com\",\"description\":\"Votre passeport pour l\u2019inattendu.\",\"publisher\":{\"@id\":\"https:\/\/voyage-aventure.com\/blog\/#organization\"},\"alternateName\":\"Votre passeport pour l\u2019inattendu.\",\"potentialAction\":[{\"@type\":\"SearchAction\",\"target\":{\"@type\":\"EntryPoint\",\"urlTemplate\":\"https:\/\/voyage-aventure.com\/blog\/?s={search_term_string}\"},\"query-input\":{\"@type\":\"PropertyValueSpecification\",\"valueRequired\":true,\"valueName\":\"search_term_string\"}}],\"inLanguage\":\"fr-FR\"},{\"@type\":\"Organization\",\"@id\":\"https:\/\/voyage-aventure.com\/blog\/#organization\",\"name\":\"Foretsensations.fr\",\"url\":\"https:\/\/voyage-aventure.com\/blog\/\",\"logo\":{\"@type\":\"ImageObject\",\"inLanguage\":\"fr-FR\",\"@id\":\"https:\/\/voyage-aventure.com\/blog\/#\/schema\/logo\/image\/\",\"url\":\"https:\/\/voyage-aventure.com\/blog\/wp-content\/uploads\/2024\/12\/19.png\",\"contentUrl\":\"https:\/\/voyage-aventure.com\/blog\/wp-content\/uploads\/2024\/12\/19.png\",\"width\":512,\"height\":512,\"caption\":\"Foretsensations.fr\"},\"image\":{\"@id\":\"https:\/\/voyage-aventure.com\/blog\/#\/schema\/logo\/image\/\"}},{\"@type\":\"Person\",\"@id\":\"https:\/\/voyage-aventure.com\/blog\/#\/schema\/person\/3c864cdc320801e3db34b663e7e3f816\",\"name\":\"Camille Rouvray\",\"image\":{\"@type\":\"ImageObject\",\"inLanguage\":\"fr-FR\",\"@id\":\"https:\/\/voyage-aventure.com\/blog\/#\/schema\/person\/image\/\",\"url\":\"https:\/\/voyage-aventure.com\/blog\/wp-content\/uploads\/2026\/06\/persona_camille-r-96x96.jpg\",\"contentUrl\":\"https:\/\/voyage-aventure.com\/blog\/wp-content\/uploads\/2026\/06\/persona_camille-r-96x96.jpg\",\"caption\":\"Camille Rouvray\"},\"description\":\"Je voyage et j'\u00e9cris sur le voyage depuis une douzaine d'ann\u00e9es, d'abord en tant que routarde au long cours, puis comme r\u00e9dactrice sp\u00e9cialis\u00e9e. Mon terrain de pr\u00e9dilection, ce sont les circuits organis\u00e9s et l'art de bien pr\u00e9parer un itin\u00e9raire : choix de la saison, dur\u00e9e r\u00e9aliste des \u00e9tapes, budget jour par jour, logement et transport sur place. J'aime aussi raconter les p\u00e9pites urbaines, ces adresses qu'on ne trouve pas dans les guides classiques. Avant de publier un dossier destination, je croise toujours plusieurs sources, je v\u00e9rifie les tarifs et les formalit\u00e9s d'entr\u00e9e \u00e0 jour, et je teste moi-m\u00eame quand je le peux. Mon angle reste pratique avant tout : aider le lecteur \u00e0 partir l'esprit tranquille, sans mauvaise surprise une fois sur place. Je m'attache \u00e0 distinguer le coup de c\u0153ur sinc\u00e8re du simple argument marketing.\",\"sameAs\":[\"https:\/\/camillerouvray.fr\/\"],\"url\":\"https:\/\/voyage-aventure.com\/blog\/auteur\/noname\/\"}]}<\/script>\n<!-- \/ Yoast SEO Premium plugin. -->","yoast_head_json":{"title":"les canadiens d\u00e9laissent les voyages aux \u00c9tats-Unis en 2025","description":"Tourisme \u00b7 F\u00e9vrier 2025 \u00b7 Relations Canada\u2013\u00c9tats-Unis En 2025, selon les \u00e9l\u00e9ments rapport\u00e9s dans cet article, un nombre croissant de Canadiens renonce aux","robots":{"index":"index","follow":"follow","max-snippet":"max-snippet:-1","max-image-preview":"max-image-preview:large","max-video-preview":"max-video-preview:-1"},"canonical":"https:\/\/voyage-aventure.com\/blog\/a-la-une\/les-canadiens-delaissent-les-voyages-aux-etats-unis-en-2025-a-cause-des-tensions-economiques\/","og_locale":"fr_FR","og_type":"article","og_title":"les canadiens d\u00e9laissent les voyages aux \u00c9tats-Unis en 2025","og_description":"Tourisme \u00b7 F\u00e9vrier 2025 \u00b7 Relations Canada\u2013\u00c9tats-Unis En 2025, selon les \u00e9l\u00e9ments rapport\u00e9s dans cet article, un nombre croissant de Canadiens renonce aux","og_url":"https:\/\/voyage-aventure.com\/blog\/a-la-une\/les-canadiens-delaissent-les-voyages-aux-etats-unis-en-2025-a-cause-des-tensions-economiques\/","og_site_name":"voyage-aventure","og_image":[{"width":1024,"height":576,"url":"https:\/\/voyage-aventure.com\/blog\/wp-content\/uploads\/2025\/02\/stability-les-canadiens-delaissent-les-voyages-aux-etats-unis-en-2025-a-cause-des-tensions-economiques.png","type":"image\/png"}],"author":"Camille Rouvray","twitter_card":"summary_large_image","schema":{"@context":"https:\/\/schema.org","@graph":[{"@type":"NewsArticle","@id":"https:\/\/voyage-aventure.com\/blog\/a-la-une\/les-canadiens-delaissent-les-voyages-aux-etats-unis-en-2025-a-cause-des-tensions-economiques\/#article","isPartOf":{"@id":"https:\/\/voyage-aventure.com\/blog\/a-la-une\/les-canadiens-delaissent-les-voyages-aux-etats-unis-en-2025-a-cause-des-tensions-economiques\/"},"author":{"name":"Camille Rouvray","@id":"https:\/\/voyage-aventure.com\/blog\/#\/schema\/person\/3c864cdc320801e3db34b663e7e3f816"},"headline":"les canadiens d\u00e9laissent les voyages aux \u00c9tats-Unis en 2025 \u00e0 cause des tensions \u00e9conomiques","datePublished":"2026-06-16T14:46:38+00:00","mainEntityOfPage":{"@id":"https:\/\/voyage-aventure.com\/blog\/a-la-une\/les-canadiens-delaissent-les-voyages-aux-etats-unis-en-2025-a-cause-des-tensions-economiques\/"},"wordCount":1251,"commentCount":22,"publisher":{"@id":"https:\/\/voyage-aventure.com\/blog\/#organization"},"image":{"@id":"https:\/\/voyage-aventure.com\/blog\/a-la-une\/les-canadiens-delaissent-les-voyages-aux-etats-unis-en-2025-a-cause-des-tensions-economiques\/#primaryimage"},"thumbnailUrl":"https:\/\/voyage-aventure.com\/blog\/wp-content\/uploads\/2025\/02\/stability-les-canadiens-delaissent-les-voyages-aux-etats-unis-en-2025-a-cause-des-tensions-economiques.png","keywords":["Destinations","\u00c9conomies","Escapade en Europe","S\u00e9curit\u00e9","Voyage \u00c9conomique"],"articleSection":["\u00c0 la une"],"inLanguage":"fr-FR","potentialAction":[{"@type":"CommentAction","name":"Comment","target":["https:\/\/voyage-aventure.com\/blog\/a-la-une\/les-canadiens-delaissent-les-voyages-aux-etats-unis-en-2025-a-cause-des-tensions-economiques\/#respond"]}]},{"@type":"WebPage","@id":"https:\/\/voyage-aventure.com\/blog\/a-la-une\/les-canadiens-delaissent-les-voyages-aux-etats-unis-en-2025-a-cause-des-tensions-economiques\/","url":"https:\/\/voyage-aventure.com\/blog\/a-la-une\/les-canadiens-delaissent-les-voyages-aux-etats-unis-en-2025-a-cause-des-tensions-economiques\/","name":"les canadiens d\u00e9laissent les voyages aux \u00c9tats-Unis en 2025","isPartOf":{"@id":"https:\/\/voyage-aventure.com\/blog\/#website"},"primaryImageOfPage":{"@id":"https:\/\/voyage-aventure.com\/blog\/a-la-une\/les-canadiens-delaissent-les-voyages-aux-etats-unis-en-2025-a-cause-des-tensions-economiques\/#primaryimage"},"image":{"@id":"https:\/\/voyage-aventure.com\/blog\/a-la-une\/les-canadiens-delaissent-les-voyages-aux-etats-unis-en-2025-a-cause-des-tensions-economiques\/#primaryimage"},"thumbnailUrl":"https:\/\/voyage-aventure.com\/blog\/wp-content\/uploads\/2025\/02\/stability-les-canadiens-delaissent-les-voyages-aux-etats-unis-en-2025-a-cause-des-tensions-economiques.png","datePublished":"2026-06-16T14:46:38+00:00","description":"Tourisme \u00b7 F\u00e9vrier 2025 \u00b7 Relations Canada\u2013\u00c9tats-Unis En 2025, selon les \u00e9l\u00e9ments rapport\u00e9s dans cet article, un nombre croissant de Canadiens renonce aux","inLanguage":"fr-FR","potentialAction":[{"@type":"ReadAction","target":["https:\/\/voyage-aventure.com\/blog\/a-la-une\/les-canadiens-delaissent-les-voyages-aux-etats-unis-en-2025-a-cause-des-tensions-economiques\/"]}]},{"@type":"ImageObject","inLanguage":"fr-FR","@id":"https:\/\/voyage-aventure.com\/blog\/a-la-une\/les-canadiens-delaissent-les-voyages-aux-etats-unis-en-2025-a-cause-des-tensions-economiques\/#primaryimage","url":"https:\/\/voyage-aventure.com\/blog\/wp-content\/uploads\/2025\/02\/stability-les-canadiens-delaissent-les-voyages-aux-etats-unis-en-2025-a-cause-des-tensions-economiques.png","contentUrl":"https:\/\/voyage-aventure.com\/blog\/wp-content\/uploads\/2025\/02\/stability-les-canadiens-delaissent-les-voyages-aux-etats-unis-en-2025-a-cause-des-tensions-economiques.png","width":1024,"height":576},{"@type":"WebSite","@id":"https:\/\/voyage-aventure.com\/blog\/#website","url":"https:\/\/voyage-aventure.com\/blog\/","name":"voyage-aventure.com","description":"Votre passeport pour l\u2019inattendu.","publisher":{"@id":"https:\/\/voyage-aventure.com\/blog\/#organization"},"alternateName":"Votre passeport pour l\u2019inattendu.","potentialAction":[{"@type":"SearchAction","target":{"@type":"EntryPoint","urlTemplate":"https:\/\/voyage-aventure.com\/blog\/?s={search_term_string}"},"query-input":{"@type":"PropertyValueSpecification","valueRequired":true,"valueName":"search_term_string"}}],"inLanguage":"fr-FR"},{"@type":"Organization","@id":"https:\/\/voyage-aventure.com\/blog\/#organization","name":"Foretsensations.fr","url":"https:\/\/voyage-aventure.com\/blog\/","logo":{"@type":"ImageObject","inLanguage":"fr-FR","@id":"https:\/\/voyage-aventure.com\/blog\/#\/schema\/logo\/image\/","url":"https:\/\/voyage-aventure.com\/blog\/wp-content\/uploads\/2024\/12\/19.png","contentUrl":"https:\/\/voyage-aventure.com\/blog\/wp-content\/uploads\/2024\/12\/19.png","width":512,"height":512,"caption":"Foretsensations.fr"},"image":{"@id":"https:\/\/voyage-aventure.com\/blog\/#\/schema\/logo\/image\/"}},{"@type":"Person","@id":"https:\/\/voyage-aventure.com\/blog\/#\/schema\/person\/3c864cdc320801e3db34b663e7e3f816","name":"Camille Rouvray","image":{"@type":"ImageObject","inLanguage":"fr-FR","@id":"https:\/\/voyage-aventure.com\/blog\/#\/schema\/person\/image\/","url":"https:\/\/voyage-aventure.com\/blog\/wp-content\/uploads\/2026\/06\/persona_camille-r-96x96.jpg","contentUrl":"https:\/\/voyage-aventure.com\/blog\/wp-content\/uploads\/2026\/06\/persona_camille-r-96x96.jpg","caption":"Camille Rouvray"},"description":"Je voyage et j'\u00e9cris sur le voyage depuis une douzaine d'ann\u00e9es, d'abord en tant que routarde au long cours, puis comme r\u00e9dactrice sp\u00e9cialis\u00e9e. Mon terrain de pr\u00e9dilection, ce sont les circuits organis\u00e9s et l'art de bien pr\u00e9parer un itin\u00e9raire : choix de la saison, dur\u00e9e r\u00e9aliste des \u00e9tapes, budget jour par jour, logement et transport sur place. J'aime aussi raconter les p\u00e9pites urbaines, ces adresses qu'on ne trouve pas dans les guides classiques. Avant de publier un dossier destination, je croise toujours plusieurs sources, je v\u00e9rifie les tarifs et les formalit\u00e9s d'entr\u00e9e \u00e0 jour, et je teste moi-m\u00eame quand je le peux. Mon angle reste pratique avant tout : aider le lecteur \u00e0 partir l'esprit tranquille, sans mauvaise surprise une fois sur place. Je m'attache \u00e0 distinguer le coup de c\u0153ur sinc\u00e8re du simple argument marketing.","sameAs":["https:\/\/camillerouvray.fr\/"],"url":"https:\/\/voyage-aventure.com\/blog\/auteur\/noname\/"}]}},"_links":{"self":[{"href":"https:\/\/voyage-aventure.com\/blog\/wp-json\/wp\/v2\/posts\/11880","targetHints":{"allow":["GET"]}}],"collection":[{"href":"https:\/\/voyage-aventure.com\/blog\/wp-json\/wp\/v2\/posts"}],"about":[{"href":"https:\/\/voyage-aventure.com\/blog\/wp-json\/wp\/v2\/types\/post"}],"author":[{"embeddable":true,"href":"https:\/\/voyage-aventure.com\/blog\/wp-json\/wp\/v2\/users\/34"}],"replies":[{"embeddable":true,"href":"https:\/\/voyage-aventure.com\/blog\/wp-json\/wp\/v2\/comments?post=11880"}],"version-history":[{"count":3,"href":"https:\/\/voyage-aventure.com\/blog\/wp-json\/wp\/v2\/posts\/11880\/revisions"}],"predecessor-version":[{"id":22640,"href":"https:\/\/voyage-aventure.com\/blog\/wp-json\/wp\/v2\/posts\/11880\/revisions\/22640"}],"wp:featuredmedia":[{"embeddable":true,"href":"https:\/\/voyage-aventure.com\/blog\/wp-json\/wp\/v2\/media\/11881"}],"wp:attachment":[{"href":"https:\/\/voyage-aventure.com\/blog\/wp-json\/wp\/v2\/media?parent=11880"}],"wp:term":[{"taxonomy":"category","embeddable":true,"href":"https:\/\/voyage-aventure.com\/blog\/wp-json\/wp\/v2\/categories?post=11880"},{"taxonomy":"post_tag","embeddable":true,"href":"https:\/\/voyage-aventure.com\/blog\/wp-json\/wp\/v2\/tags?post=11880"}],"curies":[{"name":"wp","href":"https:\/\/api.w.org\/{rel}","templated":true}]}}