{"id":11719,"date":"2026-06-16T16:45:50","date_gmt":"2026-06-16T14:45:50","guid":{"rendered":"https:\/\/voyage-aventure.com\/blog\/?p=11719"},"modified":"2026-06-16T16:45:50","modified_gmt":"2026-06-16T14:45:50","slug":"le-doyen-de-sojc-sexprime-sur-ses-voyages-apres-des-demandes-de-transparence","status":"publish","type":"post","link":"https:\/\/voyage-aventure.com\/blog\/a-la-une\/le-doyen-de-sojc-sexprime-sur-ses-voyages-apres-des-demandes-de-transparence\/","title":{"rendered":"le doyen de sojc s&rsquo;exprime sur ses voyages apr\u00e8s des demandes de transparence"},"content":{"rendered":"<link rel=\"preconnect\" href=\"https:\/\/fonts.googleapis.com\"><link rel=\"preconnect\" href=\"https:\/\/fonts.gstatic.com\" crossorigin><link href=\"https:\/\/fonts.googleapis.com\/css2?family=Newsreader:ital,wght@0,400;0,500;0,600;0,700;1,400;1,500;1,600&#038;family=Inter:wght@400;500;600;700&#038;family=JetBrains+Mono:wght@500;600&#038;display=swap\" rel=\"stylesheet\">\n<style>\n.va-sojcdoyen-wrap{font-family:'Inter',-apple-system,BlinkMacSystemFont,'Segoe UI',Roboto,sans-serif;color:#1F2430;}\n.va-sojcdoyen-wrap h2{font-family:'Newsreader',Georgia,serif;font-weight:600;font-size:27px;line-height:1.25;letter-spacing:-0.01em;color:#1A1E27;margin:46px 0 16px;padding-top:22px;border-top:1px solid #E2E5EA;}\n.va-sojcdoyen-dateline{display:flex;align-items:center;gap:12px;flex-wrap:wrap;font-family:'JetBrains Mono',monospace;font-size:11px;font-weight:600;letter-spacing:1.5px;text-transform:uppercase;color:#4A5568;margin:6px 0 22px;}\n.va-sojcdoyen-dateline span.va-sojcdoyen-tag{background:#4A5568;color:#fff;padding:4px 10px;border-radius:3px;letter-spacing:1px;}\n.va-sojcdoyen-dateline span.va-sojcdoyen-dot{width:4px;height:4px;border-radius:50%;background:#9AA3B2;}\n.va-sojcdoyen-lede{font-family:'Newsreader',Georgia,serif;font-size:20px;line-height:1.6;font-weight:400;color:#2C3242;margin:0 0 30px;}\n.va-sojcdoyen-essentiel{background:#F6F7F9;border:1px solid #E2E5EA;border-left:4px solid #4A5568;border-radius:6px;padding:24px 26px 26px;margin:30px 0;}\n.va-sojcdoyen-essentiel-kick{font-family:'JetBrains Mono',monospace;font-size:11px;font-weight:600;text-transform:uppercase;letter-spacing:2.2px;color:#4A5568;margin-bottom:18px;}\n.va-sojcdoyen-essentiel-grid{display:grid;grid-template-columns:repeat(auto-fit,minmax(220px,1fr));gap:12px;}\n.va-sojcdoyen-ecell{background:#fff;border:1px solid #E2E5EA;border-radius:5px;padding:14px 16px;transition:transform .18s ease,box-shadow .18s ease;}\n.va-sojcdoyen-ecell:hover{transform:translateY(-3px);box-shadow:0 6px 18px rgba(74,85,104,0.12);}\n.va-sojcdoyen-ecell-label{font-family:'JetBrains Mono',monospace;font-size:10px;font-weight:600;text-transform:uppercase;letter-spacing:1.5px;color:#4A5568;margin-bottom:7px;}\n.va-sojcdoyen-ecell-txt{font-size:14.5px;line-height:1.5;color:#2C3242;}\n.va-sojcdoyen-cards{display:grid;grid-template-columns:repeat(auto-fit,minmax(230px,1fr));gap:14px;margin:28px 0;}\n.va-sojcdoyen-card{background:#fff;border:1px solid #E2E5EA;border-top:3px solid #4A5568;border-radius:6px;padding:18px 20px 16px;transition:transform .18s ease,box-shadow .18s ease;}\n.va-sojcdoyen-card:hover{transform:translateY(-3px);box-shadow:0 8px 22px rgba(74,85,104,0.14);}\n.va-sojcdoyen-card-h{font-family:'Newsreader',Georgia,serif;font-weight:600;font-size:17px;line-height:1.3;color:#1A1E27;margin-bottom:8px;}\n.va-sojcdoyen-card-t{font-size:14px;line-height:1.55;color:#4A4F5C;}\n.va-sojcdoyen-pull{margin:38px auto;padding:26px 24px;text-align:center;border-top:1px solid #4A5568;border-bottom:1px solid #4A5568;max-width:660px;position:relative;}\n.va-sojcdoyen-pull-glyph{position:absolute;top:-22px;left:50%;transform:translateX(-50%);background:#fff;padding:0 14px;font-family:'Newsreader',Georgia,serif;font-size:50px;line-height:1;color:#4A5568;}\n.va-sojcdoyen-pull blockquote{margin:0;padding:0;font-family:'Newsreader',Georgia,serif;font-size:23px;line-height:1.5;font-style:italic;font-weight:500;color:#1A1E27;}\n.va-sojcdoyen-pull-cite{margin-top:14px;font-family:'JetBrains Mono',monospace;font-size:11px;text-transform:uppercase;letter-spacing:2px;color:#4A5568;}\n.va-sojcdoyen-retenir{background:#F6F7F9;border:1px solid #E2E5EA;border-radius:8px;padding:24px 26px 26px;margin:34px 0;}\n.va-sojcdoyen-retenir-kick{font-family:'JetBrains Mono',monospace;font-size:11px;font-weight:600;text-transform:uppercase;letter-spacing:2.2px;color:#4A5568;margin-bottom:16px;}\n.va-sojcdoyen-rlist{display:flex;flex-direction:column;gap:10px;}\n.va-sojcdoyen-ritem{display:flex;gap:12px;align-items:flex-start;background:#fff;border:1px solid #E2E5EA;border-radius:6px;padding:12px 14px;transition:transform .18s ease,box-shadow .18s ease;}\n.va-sojcdoyen-ritem:hover{transform:translateY(-3px);box-shadow:0 6px 16px rgba(74,85,104,0.12);}\n.va-sojcdoyen-rnum{flex:0 0 24px;width:24px;height:24px;background:#4A5568;color:#fff;border-radius:50%;display:inline-flex;align-items:center;justify-content:center;font-family:'JetBrains Mono',monospace;font-size:11px;font-weight:600;}\n.va-sojcdoyen-rtxt{font-size:14px;line-height:1.5;color:#2C3242;}\n.va-sojcdoyen-note{background:#fff;border:1px solid #E2E5EA;border-left:4px solid #4A5568;border-radius:0 5px 5px 0;padding:14px 18px;margin:24px 0;font-size:13.5px;line-height:1.6;color:#4A4F5C;font-style:italic;}\n.va-sojcdoyen-wrap blockquote.va-sojcdoyen-native{border-left:3px solid #4A5568;background:#F6F7F9;margin:24px 0;padding:16px 20px;font-family:'Newsreader',Georgia,serif;font-style:italic;font-size:18px;line-height:1.55;color:#2C3242;border-radius:0 5px 5px 0;}\n\/*RENDERFIX2*\/.va-sojcdoyen-dateline span.va-sojcdoyen-tag{color:#eef3f9!important}.va-sojcdoyen-dateline span.va-sojcdoyen-tag p,.va-sojcdoyen-dateline span.va-sojcdoyen-tag li,.va-sojcdoyen-dateline span.va-sojcdoyen-tag strong,.va-sojcdoyen-dateline span.va-sojcdoyen-tag em,.va-sojcdoyen-dateline span.va-sojcdoyen-tag a,.va-sojcdoyen-dateline span.va-sojcdoyen-tag span,.va-sojcdoyen-dateline span.va-sojcdoyen-tag b,.va-sojcdoyen-dateline span.va-sojcdoyen-tag td,.va-sojcdoyen-dateline span.va-sojcdoyen-tag th,.va-sojcdoyen-dateline span.va-sojcdoyen-tag h2,.va-sojcdoyen-dateline span.va-sojcdoyen-tag h3,.va-sojcdoyen-dateline span.va-sojcdoyen-tag h4{color:#eef3f9!important}.va-sojcdoyen-dateline span.va-sojcdoyen-tag strong,.va-sojcdoyen-dateline span.va-sojcdoyen-tag b{color:#ffffff!important}.va-sojcdoyen-rnum{color:#eef3f9!important}.va-sojcdoyen-rnum p,.va-sojcdoyen-rnum li,.va-sojcdoyen-rnum strong,.va-sojcdoyen-rnum em,.va-sojcdoyen-rnum a,.va-sojcdoyen-rnum span,.va-sojcdoyen-rnum b,.va-sojcdoyen-rnum td,.va-sojcdoyen-rnum th,.va-sojcdoyen-rnum h2,.va-sojcdoyen-rnum h3,.va-sojcdoyen-rnum h4{color:#eef3f9!important}.va-sojcdoyen-rnum strong,.va-sojcdoyen-rnum b{color:#ffffff!important}<\/style>\n<div class=\"va-sojcdoyen-wrap\">\n<div class=\"va-sojcdoyen-dateline\"><span class=\"va-sojcdoyen-tag\">Actualit\u00e9<\/span><span class=\"va-sojcdoyen-dot\"><\/span><span>Universit\u00e9 \u2014 SOJC<\/span><span class=\"va-sojcdoyen-dot\"><\/span><span>F\u00e9vrier 2025<\/span><\/div>\n<div class=\"va-sojcdoyen-lede\">Selon l&rsquo;article, le doyen de l&rsquo;\u00c9cole de journalisme et de communication (SOJC), Juan-Carlos Molleda, a pris la parole en f\u00e9vrier 2025 pour r\u00e9pondre \u00e0 des demandes d&rsquo;acc\u00e8s aux documents portant sur ses activit\u00e9s de voyage. Il d\u00e9clare vouloir d\u00e9sormais limiter ses d\u00e9placements \u00e0 des motifs professionnels essentiels.<\/div>\n<div class=\"va-sojcdoyen-essentiel\">\n<div class=\"va-sojcdoyen-essentiel-kick\">L&rsquo;essentiel<\/div>\n<div class=\"va-sojcdoyen-essentiel-grid\">\n<div class=\"va-sojcdoyen-ecell\">\n<div class=\"va-sojcdoyen-ecell-label\">Quoi<\/div>\n<div class=\"va-sojcdoyen-ecell-txt\">Le doyen s&rsquo;explique sur ses voyages apr\u00e8s des demandes d&rsquo;acc\u00e8s aux documents, et annonce vouloir restreindre ses d\u00e9placements aux motifs professionnels essentiels.<\/div>\n<\/p><\/div>\n<div class=\"va-sojcdoyen-ecell\">\n<div class=\"va-sojcdoyen-ecell-label\">Qui<\/div>\n<div class=\"va-sojcdoyen-ecell-txt\">Juan-Carlos Molleda, doyen de la SOJC, sollicit\u00e9 par le Daily Emerald, un organe \u00e9tudiant cherchant \u00e0 \u00e9claircir d\u00e9penses et d\u00e9placements.<\/div>\n<\/p><\/div>\n<div class=\"va-sojcdoyen-ecell\">\n<div class=\"va-sojcdoyen-ecell-label\">Contexte<\/div>\n<div class=\"va-sojcdoyen-ecell-txt\">Selon le doyen, des inqui\u00e9tudes ont \u00e9t\u00e9 exprim\u00e9es par des membres seniors du corps professoral ; l&rsquo;\u00e9cole travaille \u00e0 am\u00e9liorer son efficacit\u00e9 et ses revenus.<\/div>\n<\/p><\/div>\n<\/p><\/div>\n<\/div>\n<h2>Une d\u00e9claration attendue du doyen<\/h2>\n<p>Le doyen de l&rsquo;\u00c9cole de journalisme et de communication (SOJC), Juan-Carlos Molleda, a r\u00e9cemment pris la parole suite \u00e0 plusieurs demandes d&rsquo;acc\u00e8s aux documents concernant ses activit\u00e9s de voyage. Ces demandes proviennent, selon l&rsquo;article, du Daily Emerald, un organe \u00e9tudiant qui cherche \u00e0 \u00e9claircir les d\u00e9penses et les d\u00e9placements de Molleda. Dans un courriel adress\u00e9 aux membres du personnel et aux enseignants de la SOJC, il a clarifi\u00e9 sa position et les pr\u00e9occupations soulev\u00e9es.<br \/>\nDans sa d\u00e9claration, Molleda indique que des membres seniors du corps professoral avaient exprim\u00e9 des inqui\u00e9tudes sur ses voyages, notamment en ce qui concerne son engagement au sein de l&rsquo;universit\u00e9. Il d\u00e9clare avoir d\u00e9cid\u00e9 de restreindre ses d\u00e9placements \u00e0 des motifs professionnels essentiels, dans le but de mieux g\u00e9rer les ressources de l&rsquo;\u00e9cole. Cette prise de parole a suscit\u00e9, d&rsquo;apr\u00e8s l&rsquo;article, un vif int\u00e9r\u00eat et des discussions au sein de la communaut\u00e9 universitaire.<\/p>\n<div class=\"va-sojcdoyen-cards\">\n<div class=\"va-sojcdoyen-card\">\n<div class=\"va-sojcdoyen-card-h\">Une prise de parole interne<\/div>\n<div class=\"va-sojcdoyen-card-t\">Le doyen s&rsquo;exprime dans un courriel adress\u00e9 au personnel et aux enseignants de la SOJC, pour clarifier sa position face aux pr\u00e9occupations soulev\u00e9es.<\/div>\n<\/p><\/div>\n<div class=\"va-sojcdoyen-card\">\n<div class=\"va-sojcdoyen-card-h\">\u00c0 l&rsquo;origine, une demande d&rsquo;acc\u00e8s<\/div>\n<div class=\"va-sojcdoyen-card-t\">Les demandes \u00e9manent, selon l&rsquo;article, du Daily Emerald, organe \u00e9tudiant souhaitant \u00e9claircir d\u00e9penses et d\u00e9placements.<\/div>\n<\/p><\/div>\n<div class=\"va-sojcdoyen-card\">\n<div class=\"va-sojcdoyen-card-h\">Une d\u00e9cision annonc\u00e9e<\/div>\n<div class=\"va-sojcdoyen-card-t\">Molleda d\u00e9clare vouloir limiter ses voyages aux motifs professionnels essentiels, afin de mieux g\u00e9rer les ressources de l&rsquo;\u00e9cole.<\/div>\n<\/p><\/div>\n<\/div>\n<h2>Les enjeux de la transparence<\/h2>\n<p>La question des d\u00e9penses et des voyages des dirigeants universitaires est un sujet d\u00e9licat. Les demandes de transparence, comme celles pr\u00e9sent\u00e9es selon l&rsquo;article par le Daily Emerald, illustrent une qu\u00eate de responsabilit\u00e9 dans l&rsquo;utilisation des fonds publics. Molleda reconna\u00eet, dans sa d\u00e9claration, l&rsquo;importance de communiquer sur ses activit\u00e9s, soutenant l&rsquo;id\u00e9e que la transparence favorise la confiance au sein de l&rsquo;institution.<br \/>\nDans son courriel, il mentionne que la SOJC travaille activement \u00e0 am\u00e9liorer son efficacit\u00e9 et \u00e0 augmenter ses revenus, des enjeux cruciaux pour toute institution acad\u00e9mique. Les efforts de r\u00e9accr\u00e9ditation de l&rsquo;\u00e9cole, qui ont eu lieu en janvier, t\u00e9moignent selon lui de l&rsquo;engagement de l&rsquo;administration \u00e0 se conformer aux normes \u00e9tablies par le Conseil d&rsquo;accr\u00e9ditation en journalisme et communications de masse.<\/p>\n<div class=\"va-sojcdoyen-note\">Pr\u00e9sentation neutre : les \u00e9l\u00e9ments rapport\u00e9s ici sont attribu\u00e9s \u00e0 la d\u00e9claration du doyen et \u00e0 l&rsquo;article d&rsquo;origine. Aucune appr\u00e9ciation ne pr\u00e9juge des faits ; la bonne foi des parties est pr\u00e9sum\u00e9e.<\/div>\n<h2>Un avenir limit\u00e9 pour les voyages<\/h2>\n<p>Molleda indique qu&rsquo;il va d\u00e9sormais limiter ses voyages \u00e0 des engagements professionnels significatifs. Cette d\u00e9cision s&rsquo;inscrit, selon sa d\u00e9claration, dans un cadre plus large visant \u00e0 r\u00e9duire un d\u00e9ficit financier et \u00e0 optimiser les ressources de l&rsquo;\u00e9cole. Il souligne que chaque d\u00e9placement doit servir des objectifs clairs et b\u00e9n\u00e9fiques pour la communaut\u00e9 acad\u00e9mique.<br \/>\nDans sa d\u00e9claration, il affirme : <\/p>\n<blockquote class=\"va-sojcdoyen-native\"><p>\u201cJe suis honor\u00e9 de repr\u00e9senter l&rsquo;\u00e9cole et l&rsquo;universit\u00e9 lors d&rsquo;\u00e9v\u00e9nements cl\u00e9s dans le domaine de la communication, o\u00f9 je m&rsquo;efforce d&rsquo;am\u00e9liorer le profil de l&rsquo;universit\u00e9.\u201d<\/p><\/blockquote>\n<div class=\"va-sojcdoyen-pull\">\n<div class=\"va-sojcdoyen-pull-glyph\">\u00ab<\/div>\n<blockquote><p>Je suis honor\u00e9 de repr\u00e9senter l&rsquo;\u00e9cole et l&rsquo;universit\u00e9 lors d&rsquo;\u00e9v\u00e9nements cl\u00e9s dans le domaine de la communication.<\/p><\/blockquote>\n<div class=\"va-sojcdoyen-pull-cite\">\u2014 Juan-Carlos Molleda, doyen de la SOJC<\/div>\n<\/div>\n<p>Cette r\u00e9flexion traduit, d&rsquo;apr\u00e8s l&rsquo;article, sa volont\u00e9 d&rsquo;\u00e9quilibrer ses obligations professionnelles avec une gestion qu&rsquo;il pr\u00e9sente comme responsable des ressources.<\/p>\n<ul>\n<li>R\u00e9duction des voyages \u00e0 des motifs professionnels<\/li>\n<li>Engagement envers la transparence et la responsabilit\u00e9<\/li>\n<li>Accent sur l&rsquo;am\u00e9lioration des revenus de l&rsquo;\u00e9cole<\/li>\n<li>R\u00e9accr\u00e9ditation et conformit\u00e9 aux normes nationales<\/li>\n<\/ul>\n<p>Le contexte autour de la d\u00e9claration de Molleda illustre, selon l&rsquo;article, un changement dans la gestion des ressources universitaires. Les pr\u00e9occupations attribu\u00e9es au corps professoral et les demandes d&rsquo;acc\u00e8s aux documents \u00e9manant du Daily Emerald montrent un besoin de responsabilit\u00e9 dans les institutions \u00e9ducatives. Ce changement pourrait \u00e9galement influencer la mani\u00e8re dont d&rsquo;autres doyens et administrateurs abordent leurs propres voyages et d\u00e9penses \u00e0 l&rsquo;avenir.<br \/>\nEn somme, la d\u00e9claration de Juan-Carlos Molleda marque, telle qu&rsquo;elle est rapport\u00e9e, une \u00e9tape dans la discussion sur la transparence au sein de l&rsquo;universit\u00e9. Elle ouvre la voie \u00e0 des \u00e9changes sur la responsabilit\u00e9 financi\u00e8re et l&rsquo;engagement envers les \u00e9tudiants et le corps professoral. La communaut\u00e9 universitaire attend, d&rsquo;apr\u00e8s l&rsquo;article, les prochaines \u00e9tapes de cette initiative, dans l&rsquo;espoir d&rsquo;un climat de confiance et de collaboration.<\/p>\n<div class=\"va-sojcdoyen-retenir\">\n<div class=\"va-sojcdoyen-retenir-kick\">Ce qu&rsquo;il faut retenir<\/div>\n<div class=\"va-sojcdoyen-rlist\">\n<div class=\"va-sojcdoyen-ritem\"><span class=\"va-sojcdoyen-rnum\">1<\/span><span class=\"va-sojcdoyen-rtxt\">En f\u00e9vrier 2025, le doyen Juan-Carlos Molleda s&rsquo;exprime, dans un courriel interne, apr\u00e8s des demandes d&rsquo;acc\u00e8s aux documents sur ses voyages.<\/span><\/div>\n<div class=\"va-sojcdoyen-ritem\"><span class=\"va-sojcdoyen-rnum\">2<\/span><span class=\"va-sojcdoyen-rtxt\">Selon l&rsquo;article, ces demandes \u00e9manent du Daily Emerald, organe \u00e9tudiant souhaitant \u00e9claircir d\u00e9penses et d\u00e9placements.<\/span><\/div>\n<div class=\"va-sojcdoyen-ritem\"><span class=\"va-sojcdoyen-rnum\">3<\/span><span class=\"va-sojcdoyen-rtxt\">Le doyen d\u00e9clare vouloir limiter ses d\u00e9placements aux motifs professionnels essentiels, en lien avec la gestion des ressources de l&rsquo;\u00e9cole.<\/span><\/div>\n<div class=\"va-sojcdoyen-ritem\"><span class=\"va-sojcdoyen-rnum\">4<\/span><span class=\"va-sojcdoyen-rtxt\">Il \u00e9voque les efforts d&rsquo;efficacit\u00e9, de revenus et la r\u00e9accr\u00e9ditation de janvier comme cadre de cette d\u00e9cision.<\/span><\/div>\n<\/p><\/div>\n<\/div>\n<\/div>\n","protected":false},"excerpt":{"rendered":"","protected":false},"author":34,"featured_media":11873,"comment_status":"open","ping_status":"open","sticky":false,"template":"","format":"standard","meta":{"_acf_changed":false,"manual_indexmenow":false,"indexmenow_id_project":0,"footnotes":""},"categories":[1],"tags":[4797,5986,5985,5987,4809],"class_list":["post-11719","post","type-post","status-publish","format-standard","has-post-thumbnail","hentry","category-a-la-une","tag-communication","tag-engagement-professionnel","tag-gestion-des-ressources","tag-responsabilite-financiere","tag-transparence","generate-columns","tablet-grid-50","mobile-grid-100","grid-parent","grid-25"],"acf":[],"yoast_head":"<!-- This site is optimized with the Yoast SEO Premium plugin v21.3 (Yoast SEO v25.1) - https:\/\/yoast.com\/wordpress\/plugins\/seo\/ -->\n<title>le doyen de sojc s&#039;exprime sur ses voyages apr\u00e8s des<\/title>\n<meta name=\"description\" content=\"Selon l&#039;article, le doyen de l&#039;\u00c9cole de journalisme et de communication (SOJC), Juan-Carlos Molleda, a pris la parole en f\u00e9vrier 2025 pour r\u00e9pondre \u00e0 des\" \/>\n<meta name=\"robots\" content=\"index, follow, max-snippet:-1, max-image-preview:large, max-video-preview:-1\" \/>\n<link rel=\"canonical\" href=\"https:\/\/voyage-aventure.com\/blog\/a-la-une\/le-doyen-de-sojc-sexprime-sur-ses-voyages-apres-des-demandes-de-transparence\/\" \/>\n<meta property=\"og:locale\" content=\"fr_FR\" \/>\n<meta property=\"og:type\" content=\"article\" \/>\n<meta property=\"og:title\" content=\"le doyen de sojc s&#039;exprime sur ses voyages apr\u00e8s des\" \/>\n<meta property=\"og:description\" content=\"Selon l&#039;article, le doyen de l&#039;\u00c9cole de journalisme et de communication (SOJC), Juan-Carlos Molleda, a pris la parole en f\u00e9vrier 2025 pour r\u00e9pondre \u00e0 des\" \/>\n<meta property=\"og:url\" content=\"https:\/\/voyage-aventure.com\/blog\/a-la-une\/le-doyen-de-sojc-sexprime-sur-ses-voyages-apres-des-demandes-de-transparence\/\" \/>\n<meta property=\"og:site_name\" content=\"voyage-aventure\" \/>\n<meta property=\"og:image\" content=\"https:\/\/voyage-aventure.com\/blog\/wp-content\/uploads\/2025\/02\/sdxl-cb2dd7aec5e2bc00d4ba028d508deea2.png\" \/>\n\t<meta property=\"og:image:width\" content=\"1536\" \/>\n\t<meta property=\"og:image:height\" content=\"640\" \/>\n\t<meta property=\"og:image:type\" content=\"image\/png\" \/>\n<meta name=\"author\" content=\"Camille Rouvray\" \/>\n<meta name=\"twitter:card\" content=\"summary_large_image\" \/>\n<script type=\"application\/ld+json\" class=\"yoast-schema-graph\">{\"@context\":\"https:\/\/schema.org\",\"@graph\":[{\"@type\":\"NewsArticle\",\"@id\":\"https:\/\/voyage-aventure.com\/blog\/a-la-une\/le-doyen-de-sojc-sexprime-sur-ses-voyages-apres-des-demandes-de-transparence\/#article\",\"isPartOf\":{\"@id\":\"https:\/\/voyage-aventure.com\/blog\/a-la-une\/le-doyen-de-sojc-sexprime-sur-ses-voyages-apres-des-demandes-de-transparence\/\"},\"author\":{\"name\":\"Camille Rouvray\",\"@id\":\"https:\/\/voyage-aventure.com\/blog\/#\/schema\/person\/3c864cdc320801e3db34b663e7e3f816\"},\"headline\":\"le doyen de sojc s&rsquo;exprime sur ses voyages apr\u00e8s des demandes de transparence\",\"datePublished\":\"2026-06-16T14:45:50+00:00\",\"mainEntityOfPage\":{\"@id\":\"https:\/\/voyage-aventure.com\/blog\/a-la-une\/le-doyen-de-sojc-sexprime-sur-ses-voyages-apres-des-demandes-de-transparence\/\"},\"wordCount\":1032,\"commentCount\":30,\"publisher\":{\"@id\":\"https:\/\/voyage-aventure.com\/blog\/#organization\"},\"image\":{\"@id\":\"https:\/\/voyage-aventure.com\/blog\/a-la-une\/le-doyen-de-sojc-sexprime-sur-ses-voyages-apres-des-demandes-de-transparence\/#primaryimage\"},\"thumbnailUrl\":\"https:\/\/voyage-aventure.com\/blog\/wp-content\/uploads\/2025\/02\/sdxl-cb2dd7aec5e2bc00d4ba028d508deea2.png\",\"keywords\":[\"Communication\",\"Engagement Professionnel\",\"Gestion des Ressources\",\"Responsabilit\u00e9 Financi\u00e8re\",\"Transparence\"],\"articleSection\":[\"\u00c0 la une\"],\"inLanguage\":\"fr-FR\",\"potentialAction\":[{\"@type\":\"CommentAction\",\"name\":\"Comment\",\"target\":[\"https:\/\/voyage-aventure.com\/blog\/a-la-une\/le-doyen-de-sojc-sexprime-sur-ses-voyages-apres-des-demandes-de-transparence\/#respond\"]}]},{\"@type\":\"WebPage\",\"@id\":\"https:\/\/voyage-aventure.com\/blog\/a-la-une\/le-doyen-de-sojc-sexprime-sur-ses-voyages-apres-des-demandes-de-transparence\/\",\"url\":\"https:\/\/voyage-aventure.com\/blog\/a-la-une\/le-doyen-de-sojc-sexprime-sur-ses-voyages-apres-des-demandes-de-transparence\/\",\"name\":\"le doyen de sojc s'exprime sur ses voyages apr\u00e8s des\",\"isPartOf\":{\"@id\":\"https:\/\/voyage-aventure.com\/blog\/#website\"},\"primaryImageOfPage\":{\"@id\":\"https:\/\/voyage-aventure.com\/blog\/a-la-une\/le-doyen-de-sojc-sexprime-sur-ses-voyages-apres-des-demandes-de-transparence\/#primaryimage\"},\"image\":{\"@id\":\"https:\/\/voyage-aventure.com\/blog\/a-la-une\/le-doyen-de-sojc-sexprime-sur-ses-voyages-apres-des-demandes-de-transparence\/#primaryimage\"},\"thumbnailUrl\":\"https:\/\/voyage-aventure.com\/blog\/wp-content\/uploads\/2025\/02\/sdxl-cb2dd7aec5e2bc00d4ba028d508deea2.png\",\"datePublished\":\"2026-06-16T14:45:50+00:00\",\"description\":\"Selon l'article, le doyen de l'\u00c9cole de journalisme et de communication (SOJC), Juan-Carlos Molleda, a pris la parole en f\u00e9vrier 2025 pour r\u00e9pondre \u00e0 des\",\"inLanguage\":\"fr-FR\",\"potentialAction\":[{\"@type\":\"ReadAction\",\"target\":[\"https:\/\/voyage-aventure.com\/blog\/a-la-une\/le-doyen-de-sojc-sexprime-sur-ses-voyages-apres-des-demandes-de-transparence\/\"]}]},{\"@type\":\"ImageObject\",\"inLanguage\":\"fr-FR\",\"@id\":\"https:\/\/voyage-aventure.com\/blog\/a-la-une\/le-doyen-de-sojc-sexprime-sur-ses-voyages-apres-des-demandes-de-transparence\/#primaryimage\",\"url\":\"https:\/\/voyage-aventure.com\/blog\/wp-content\/uploads\/2025\/02\/sdxl-cb2dd7aec5e2bc00d4ba028d508deea2.png\",\"contentUrl\":\"https:\/\/voyage-aventure.com\/blog\/wp-content\/uploads\/2025\/02\/sdxl-cb2dd7aec5e2bc00d4ba028d508deea2.png\",\"width\":1536,\"height\":640},{\"@type\":\"WebSite\",\"@id\":\"https:\/\/voyage-aventure.com\/blog\/#website\",\"url\":\"https:\/\/voyage-aventure.com\/blog\/\",\"name\":\"voyage-aventure.com\",\"description\":\"Votre passeport pour l\u2019inattendu.\",\"publisher\":{\"@id\":\"https:\/\/voyage-aventure.com\/blog\/#organization\"},\"alternateName\":\"Votre passeport pour l\u2019inattendu.\",\"potentialAction\":[{\"@type\":\"SearchAction\",\"target\":{\"@type\":\"EntryPoint\",\"urlTemplate\":\"https:\/\/voyage-aventure.com\/blog\/?s={search_term_string}\"},\"query-input\":{\"@type\":\"PropertyValueSpecification\",\"valueRequired\":true,\"valueName\":\"search_term_string\"}}],\"inLanguage\":\"fr-FR\"},{\"@type\":\"Organization\",\"@id\":\"https:\/\/voyage-aventure.com\/blog\/#organization\",\"name\":\"Foretsensations.fr\",\"url\":\"https:\/\/voyage-aventure.com\/blog\/\",\"logo\":{\"@type\":\"ImageObject\",\"inLanguage\":\"fr-FR\",\"@id\":\"https:\/\/voyage-aventure.com\/blog\/#\/schema\/logo\/image\/\",\"url\":\"https:\/\/voyage-aventure.com\/blog\/wp-content\/uploads\/2024\/12\/19.png\",\"contentUrl\":\"https:\/\/voyage-aventure.com\/blog\/wp-content\/uploads\/2024\/12\/19.png\",\"width\":512,\"height\":512,\"caption\":\"Foretsensations.fr\"},\"image\":{\"@id\":\"https:\/\/voyage-aventure.com\/blog\/#\/schema\/logo\/image\/\"}},{\"@type\":\"Person\",\"@id\":\"https:\/\/voyage-aventure.com\/blog\/#\/schema\/person\/3c864cdc320801e3db34b663e7e3f816\",\"name\":\"Camille Rouvray\",\"image\":{\"@type\":\"ImageObject\",\"inLanguage\":\"fr-FR\",\"@id\":\"https:\/\/voyage-aventure.com\/blog\/#\/schema\/person\/image\/\",\"url\":\"https:\/\/voyage-aventure.com\/blog\/wp-content\/uploads\/2026\/06\/persona_camille-r-96x96.jpg\",\"contentUrl\":\"https:\/\/voyage-aventure.com\/blog\/wp-content\/uploads\/2026\/06\/persona_camille-r-96x96.jpg\",\"caption\":\"Camille Rouvray\"},\"description\":\"Je voyage et j'\u00e9cris sur le voyage depuis une douzaine d'ann\u00e9es, d'abord en tant que routarde au long cours, puis comme r\u00e9dactrice sp\u00e9cialis\u00e9e. Mon terrain de pr\u00e9dilection, ce sont les circuits organis\u00e9s et l'art de bien pr\u00e9parer un itin\u00e9raire : choix de la saison, dur\u00e9e r\u00e9aliste des \u00e9tapes, budget jour par jour, logement et transport sur place. J'aime aussi raconter les p\u00e9pites urbaines, ces adresses qu'on ne trouve pas dans les guides classiques. Avant de publier un dossier destination, je croise toujours plusieurs sources, je v\u00e9rifie les tarifs et les formalit\u00e9s d'entr\u00e9e \u00e0 jour, et je teste moi-m\u00eame quand je le peux. Mon angle reste pratique avant tout : aider le lecteur \u00e0 partir l'esprit tranquille, sans mauvaise surprise une fois sur place. Je m'attache \u00e0 distinguer le coup de c\u0153ur sinc\u00e8re du simple argument marketing.\",\"sameAs\":[\"https:\/\/camillerouvray.fr\/\"],\"url\":\"https:\/\/voyage-aventure.com\/blog\/auteur\/noname\/\"}]}<\/script>\n<!-- \/ Yoast SEO Premium plugin. -->","yoast_head_json":{"title":"le doyen de sojc s'exprime sur ses voyages apr\u00e8s des","description":"Selon l'article, le doyen de l'\u00c9cole de journalisme et de communication (SOJC), Juan-Carlos Molleda, a pris la parole en f\u00e9vrier 2025 pour r\u00e9pondre \u00e0 des","robots":{"index":"index","follow":"follow","max-snippet":"max-snippet:-1","max-image-preview":"max-image-preview:large","max-video-preview":"max-video-preview:-1"},"canonical":"https:\/\/voyage-aventure.com\/blog\/a-la-une\/le-doyen-de-sojc-sexprime-sur-ses-voyages-apres-des-demandes-de-transparence\/","og_locale":"fr_FR","og_type":"article","og_title":"le doyen de sojc s'exprime sur ses voyages apr\u00e8s des","og_description":"Selon l'article, le doyen de l'\u00c9cole de journalisme et de communication (SOJC), Juan-Carlos Molleda, a pris la parole en f\u00e9vrier 2025 pour r\u00e9pondre \u00e0 des","og_url":"https:\/\/voyage-aventure.com\/blog\/a-la-une\/le-doyen-de-sojc-sexprime-sur-ses-voyages-apres-des-demandes-de-transparence\/","og_site_name":"voyage-aventure","og_image":[{"width":1536,"height":640,"url":"https:\/\/voyage-aventure.com\/blog\/wp-content\/uploads\/2025\/02\/sdxl-cb2dd7aec5e2bc00d4ba028d508deea2.png","type":"image\/png"}],"author":"Camille Rouvray","twitter_card":"summary_large_image","schema":{"@context":"https:\/\/schema.org","@graph":[{"@type":"NewsArticle","@id":"https:\/\/voyage-aventure.com\/blog\/a-la-une\/le-doyen-de-sojc-sexprime-sur-ses-voyages-apres-des-demandes-de-transparence\/#article","isPartOf":{"@id":"https:\/\/voyage-aventure.com\/blog\/a-la-une\/le-doyen-de-sojc-sexprime-sur-ses-voyages-apres-des-demandes-de-transparence\/"},"author":{"name":"Camille Rouvray","@id":"https:\/\/voyage-aventure.com\/blog\/#\/schema\/person\/3c864cdc320801e3db34b663e7e3f816"},"headline":"le doyen de sojc s&rsquo;exprime sur ses voyages apr\u00e8s des demandes de transparence","datePublished":"2026-06-16T14:45:50+00:00","mainEntityOfPage":{"@id":"https:\/\/voyage-aventure.com\/blog\/a-la-une\/le-doyen-de-sojc-sexprime-sur-ses-voyages-apres-des-demandes-de-transparence\/"},"wordCount":1032,"commentCount":30,"publisher":{"@id":"https:\/\/voyage-aventure.com\/blog\/#organization"},"image":{"@id":"https:\/\/voyage-aventure.com\/blog\/a-la-une\/le-doyen-de-sojc-sexprime-sur-ses-voyages-apres-des-demandes-de-transparence\/#primaryimage"},"thumbnailUrl":"https:\/\/voyage-aventure.com\/blog\/wp-content\/uploads\/2025\/02\/sdxl-cb2dd7aec5e2bc00d4ba028d508deea2.png","keywords":["Communication","Engagement Professionnel","Gestion des Ressources","Responsabilit\u00e9 Financi\u00e8re","Transparence"],"articleSection":["\u00c0 la une"],"inLanguage":"fr-FR","potentialAction":[{"@type":"CommentAction","name":"Comment","target":["https:\/\/voyage-aventure.com\/blog\/a-la-une\/le-doyen-de-sojc-sexprime-sur-ses-voyages-apres-des-demandes-de-transparence\/#respond"]}]},{"@type":"WebPage","@id":"https:\/\/voyage-aventure.com\/blog\/a-la-une\/le-doyen-de-sojc-sexprime-sur-ses-voyages-apres-des-demandes-de-transparence\/","url":"https:\/\/voyage-aventure.com\/blog\/a-la-une\/le-doyen-de-sojc-sexprime-sur-ses-voyages-apres-des-demandes-de-transparence\/","name":"le doyen de sojc s'exprime sur ses voyages apr\u00e8s des","isPartOf":{"@id":"https:\/\/voyage-aventure.com\/blog\/#website"},"primaryImageOfPage":{"@id":"https:\/\/voyage-aventure.com\/blog\/a-la-une\/le-doyen-de-sojc-sexprime-sur-ses-voyages-apres-des-demandes-de-transparence\/#primaryimage"},"image":{"@id":"https:\/\/voyage-aventure.com\/blog\/a-la-une\/le-doyen-de-sojc-sexprime-sur-ses-voyages-apres-des-demandes-de-transparence\/#primaryimage"},"thumbnailUrl":"https:\/\/voyage-aventure.com\/blog\/wp-content\/uploads\/2025\/02\/sdxl-cb2dd7aec5e2bc00d4ba028d508deea2.png","datePublished":"2026-06-16T14:45:50+00:00","description":"Selon l'article, le doyen de l'\u00c9cole de journalisme et de communication (SOJC), Juan-Carlos Molleda, a pris la parole en f\u00e9vrier 2025 pour r\u00e9pondre \u00e0 des","inLanguage":"fr-FR","potentialAction":[{"@type":"ReadAction","target":["https:\/\/voyage-aventure.com\/blog\/a-la-une\/le-doyen-de-sojc-sexprime-sur-ses-voyages-apres-des-demandes-de-transparence\/"]}]},{"@type":"ImageObject","inLanguage":"fr-FR","@id":"https:\/\/voyage-aventure.com\/blog\/a-la-une\/le-doyen-de-sojc-sexprime-sur-ses-voyages-apres-des-demandes-de-transparence\/#primaryimage","url":"https:\/\/voyage-aventure.com\/blog\/wp-content\/uploads\/2025\/02\/sdxl-cb2dd7aec5e2bc00d4ba028d508deea2.png","contentUrl":"https:\/\/voyage-aventure.com\/blog\/wp-content\/uploads\/2025\/02\/sdxl-cb2dd7aec5e2bc00d4ba028d508deea2.png","width":1536,"height":640},{"@type":"WebSite","@id":"https:\/\/voyage-aventure.com\/blog\/#website","url":"https:\/\/voyage-aventure.com\/blog\/","name":"voyage-aventure.com","description":"Votre passeport pour l\u2019inattendu.","publisher":{"@id":"https:\/\/voyage-aventure.com\/blog\/#organization"},"alternateName":"Votre passeport pour l\u2019inattendu.","potentialAction":[{"@type":"SearchAction","target":{"@type":"EntryPoint","urlTemplate":"https:\/\/voyage-aventure.com\/blog\/?s={search_term_string}"},"query-input":{"@type":"PropertyValueSpecification","valueRequired":true,"valueName":"search_term_string"}}],"inLanguage":"fr-FR"},{"@type":"Organization","@id":"https:\/\/voyage-aventure.com\/blog\/#organization","name":"Foretsensations.fr","url":"https:\/\/voyage-aventure.com\/blog\/","logo":{"@type":"ImageObject","inLanguage":"fr-FR","@id":"https:\/\/voyage-aventure.com\/blog\/#\/schema\/logo\/image\/","url":"https:\/\/voyage-aventure.com\/blog\/wp-content\/uploads\/2024\/12\/19.png","contentUrl":"https:\/\/voyage-aventure.com\/blog\/wp-content\/uploads\/2024\/12\/19.png","width":512,"height":512,"caption":"Foretsensations.fr"},"image":{"@id":"https:\/\/voyage-aventure.com\/blog\/#\/schema\/logo\/image\/"}},{"@type":"Person","@id":"https:\/\/voyage-aventure.com\/blog\/#\/schema\/person\/3c864cdc320801e3db34b663e7e3f816","name":"Camille Rouvray","image":{"@type":"ImageObject","inLanguage":"fr-FR","@id":"https:\/\/voyage-aventure.com\/blog\/#\/schema\/person\/image\/","url":"https:\/\/voyage-aventure.com\/blog\/wp-content\/uploads\/2026\/06\/persona_camille-r-96x96.jpg","contentUrl":"https:\/\/voyage-aventure.com\/blog\/wp-content\/uploads\/2026\/06\/persona_camille-r-96x96.jpg","caption":"Camille Rouvray"},"description":"Je voyage et j'\u00e9cris sur le voyage depuis une douzaine d'ann\u00e9es, d'abord en tant que routarde au long cours, puis comme r\u00e9dactrice sp\u00e9cialis\u00e9e. Mon terrain de pr\u00e9dilection, ce sont les circuits organis\u00e9s et l'art de bien pr\u00e9parer un itin\u00e9raire : choix de la saison, dur\u00e9e r\u00e9aliste des \u00e9tapes, budget jour par jour, logement et transport sur place. J'aime aussi raconter les p\u00e9pites urbaines, ces adresses qu'on ne trouve pas dans les guides classiques. Avant de publier un dossier destination, je croise toujours plusieurs sources, je v\u00e9rifie les tarifs et les formalit\u00e9s d'entr\u00e9e \u00e0 jour, et je teste moi-m\u00eame quand je le peux. Mon angle reste pratique avant tout : aider le lecteur \u00e0 partir l'esprit tranquille, sans mauvaise surprise une fois sur place. Je m'attache \u00e0 distinguer le coup de c\u0153ur sinc\u00e8re du simple argument marketing.","sameAs":["https:\/\/camillerouvray.fr\/"],"url":"https:\/\/voyage-aventure.com\/blog\/auteur\/noname\/"}]}},"_links":{"self":[{"href":"https:\/\/voyage-aventure.com\/blog\/wp-json\/wp\/v2\/posts\/11719","targetHints":{"allow":["GET"]}}],"collection":[{"href":"https:\/\/voyage-aventure.com\/blog\/wp-json\/wp\/v2\/posts"}],"about":[{"href":"https:\/\/voyage-aventure.com\/blog\/wp-json\/wp\/v2\/types\/post"}],"author":[{"embeddable":true,"href":"https:\/\/voyage-aventure.com\/blog\/wp-json\/wp\/v2\/users\/34"}],"replies":[{"embeddable":true,"href":"https:\/\/voyage-aventure.com\/blog\/wp-json\/wp\/v2\/comments?post=11719"}],"version-history":[{"count":3,"href":"https:\/\/voyage-aventure.com\/blog\/wp-json\/wp\/v2\/posts\/11719\/revisions"}],"predecessor-version":[{"id":22635,"href":"https:\/\/voyage-aventure.com\/blog\/wp-json\/wp\/v2\/posts\/11719\/revisions\/22635"}],"wp:featuredmedia":[{"embeddable":true,"href":"https:\/\/voyage-aventure.com\/blog\/wp-json\/wp\/v2\/media\/11873"}],"wp:attachment":[{"href":"https:\/\/voyage-aventure.com\/blog\/wp-json\/wp\/v2\/media?parent=11719"}],"wp:term":[{"taxonomy":"category","embeddable":true,"href":"https:\/\/voyage-aventure.com\/blog\/wp-json\/wp\/v2\/categories?post=11719"},{"taxonomy":"post_tag","embeddable":true,"href":"https:\/\/voyage-aventure.com\/blog\/wp-json\/wp\/v2\/tags?post=11719"}],"curies":[{"name":"wp","href":"https:\/\/api.w.org\/{rel}","templated":true}]}}