{"id":11715,"date":"2025-02-22T04:30:50","date_gmt":"2025-02-22T03:30:50","guid":{"rendered":"https:\/\/voyage-aventure.com\/blog\/?p=11715"},"modified":"2025-02-22T02:54:06","modified_gmt":"2025-02-22T01:54:06","slug":"une-exposition-sur-le-green-book-histoires-de-voyages-et-de-luttes-des-afro-americains","status":"publish","type":"post","link":"https:\/\/voyage-aventure.com\/blog\/a-la-une\/une-exposition-sur-le-green-book-histoires-de-voyages-et-de-luttes-des-afro-americains\/","title":{"rendered":"une exposition sur le Green Book : histoires de voyages et de luttes des Afro-Am\u00e9ricains"},"content":{"rendered":"<h2>Le Green Book : une histoire de r\u00e9silience<\/h2>\n<p>\u00c0 une \u00e9poque o\u00f9 le voyage offrait des promesses d&rsquo;aventure, il se r\u00e9v\u00e9lait aussi dangereux en raison de la s\u00e9gr\u00e9gation raciale. Ce guide a permis \u00e0 de nombreuses personnes de trouver des lieux s\u00fbrs o\u00f9 s\u00e9journer, se restaurer et se reposer.<\/p>\n<p>Aujourd&rsquo;hui, une exposition \u00e0 la Biblioth\u00e8que Martin Luther King Jr. \u00e0 Washington D.C. met en lumi\u00e8re l&rsquo;importance historique de ce guide. Organis\u00e9e avec le soutien du Smithsonian Institution, l&rsquo;exposition retrace les luttes et triomphes des voyageurs afro-am\u00e9ricains, \u00e0 travers des r\u00e9cits personnels et des objets d&rsquo;\u00e9poque.<\/p>\n<p><iframe loading=\"lazy\" title=\"Conf\u00e9rence \u00ab Comment les comics ont lutt\u00e9 contre les discriminations raciales \u00bb\" width=\"1200\" height=\"675\" src=\"https:\/\/www.youtube.com\/embed\/dc0PVP7qi7s?feature=oembed\" frameborder=\"0\" allow=\"accelerometer; autoplay; clipboard-write; encrypted-media; gyroscope; picture-in-picture; web-share\" referrerpolicy=\"strict-origin-when-cross-origin\" allowfullscreen><\/iframe><\/p>\n<h2>Les dangers du voyage \u00e0 l&rsquo;\u00e9poque de la s\u00e9gr\u00e9gation<\/h2>\n<p>Pour les Afro-Am\u00e9ricains, voyager sans rep\u00e8res pouvait \u00eatre une question de vie ou de mort. Des territoires appel\u00e9s \u00ab\u00a0sundown towns\u00a0\u00bb interdisaient l&rsquo;acc\u00e8s aux non-Blancs apr\u00e8s la tomb\u00e9e de la nuit, rendant chaque d\u00e9placement risqu\u00e9. Candacy Taylor, l&rsquo;auteure de \u00ab\u00a0Overground Railroad\u00a0\u00bb, souligne que ces villes avaient des r\u00e8gles strictes, souvent appliqu\u00e9es par la violence.<\/p>\n<p>Ces dangers faisaient que le Green Book \u00e9tait bien plus qu&rsquo;un simple guide. C&rsquo;\u00e9tait un v\u00e9ritable passeport vers la s\u00e9curit\u00e9, permettant de naviguer dans un pays o\u00f9 le racisme \u00e9tait omnipr\u00e9sent. Les voyageurs pouvaient ainsi \u00e9viter des situations potentiellement mortelles en se r\u00e9f\u00e9rant aux conseils contenus dans le livre.<\/p>\n<h2>Une exposition qui c\u00e9l\u00e8bre l&rsquo;h\u00e9ritage du Green Book<\/h2>\n<p>L&rsquo;exposition pr\u00e9sente des histoires poignantes de familles qui ont utilis\u00e9 le Green Book pour trouver refuge. Des r\u00e9cits de femmes courageuses qui ont ouvert des entreprises pour accueillir les voyageurs sont particuli\u00e8rement mis en avant. Ces femmes, souvent veuves, ont su faire preuve d&rsquo;ing\u00e9niosit\u00e9 et de r\u00e9silience dans un monde hostile.<\/p>\n<p>Une citation marquante de Candacy Taylor r\u00e9sume l&rsquo;esprit de cette exposition : <\/p>\n<blockquote><p>\u00ab\u00a0Nous voulions montrer des personnes qui vivaient leur meilleure vie malgr\u00e9 les d\u00e9fis qui les entouraient.\u00a0\u00bb<\/p><\/blockquote>\n<p> L&rsquo;exposition invite les visiteurs \u00e0 r\u00e9fl\u00e9chir sur le chemin parcouru et les luttes qui persistent encore aujourd&rsquo;hui.<\/p>\n<ul>\n<li>Le Green Book a \u00e9t\u00e9 publi\u00e9 annuellement jusqu&rsquo;en 1967.<\/li>\n<li>Il a permis aux voyageurs afro-am\u00e9ricains de trouver des lieux s\u00fbrs.<\/li>\n<li>Des milliers de familles ont \u00e9t\u00e9 impliqu\u00e9es dans l&rsquo;ouverture de commerces r\u00e9pertori\u00e9s dans le livre.<\/li>\n<li>Le livre a aid\u00e9 \u00e0 cartographier des espaces de s\u00e9curit\u00e9 dans un environnement hostile.<\/li>\n<li>Il est un symbole de la lutte pour la justice et l&rsquo;\u00e9galit\u00e9 raciale.<\/li>\n<\/ul>\n<p>Les histoires et les luttes des voyageurs afro-am\u00e9ricains sont donc au c\u0153ur de cette exposition. \u00c0 travers des objets, des photographies et des t\u00e9moignages, elle montre comment le Green Book a servi de guide pour des g\u00e9n\u00e9rations de familles. Bien que cette \u00e9poque soit r\u00e9volue, les d\u00e9fis de la justice sociale et de l&rsquo;\u00e9galit\u00e9 persistent, et l&rsquo;h\u00e9ritage du Green Book continue d&rsquo;inspirer ceux qui se battent pour un avenir meilleur.<\/p>\n","protected":false},"excerpt":{"rendered":"","protected":false},"author":34,"featured_media":12400,"comment_status":"open","ping_status":"open","sticky":false,"template":"","format":"standard","meta":{"_acf_changed":false,"manual_indexmenow":false,"indexmenow_id_project":0,"footnotes":""},"categories":[1],"tags":[4221,4527,4625,3170,4635],"class_list":["post-11715","post","type-post","status-publish","format-standard","has-post-thumbnail","hentry","category-a-la-une","tag-culture","tag-decouverte-culturelle","tag-passion-du-voyage","tag-securite","tag-voyage","generate-columns","tablet-grid-50","mobile-grid-100","grid-parent","grid-25"],"acf":[],"yoast_head":"<!-- This site is optimized with the Yoast SEO Premium plugin v21.3 (Yoast SEO v25.1) - https:\/\/yoast.com\/wordpress\/plugins\/seo\/ -->\n<title>une exposition sur le Green Book : histoires de voyages et<\/title>\n<meta name=\"description\" content=\"\u00c0 une \u00e9poque o\u00f9 le voyage offrait des promesses d&#039;aventure, il se r\u00e9v\u00e9lait aussi dangereux en raison de la s\u00e9gr\u00e9gation raciale. Ce guide a permis \u00e0 de\" \/>\n<meta name=\"robots\" content=\"index, follow, max-snippet:-1, max-image-preview:large, max-video-preview:-1\" \/>\n<link rel=\"canonical\" href=\"https:\/\/voyage-aventure.com\/blog\/a-la-une\/une-exposition-sur-le-green-book-histoires-de-voyages-et-de-luttes-des-afro-americains\/\" \/>\n<meta property=\"og:locale\" content=\"fr_FR\" \/>\n<meta property=\"og:type\" content=\"article\" \/>\n<meta property=\"og:title\" content=\"une exposition sur le Green Book : histoires de voyages et\" \/>\n<meta property=\"og:description\" content=\"\u00c0 une \u00e9poque o\u00f9 le voyage offrait des promesses d&#039;aventure, il se r\u00e9v\u00e9lait aussi dangereux en raison de la s\u00e9gr\u00e9gation raciale. Ce guide a permis \u00e0 de\" \/>\n<meta property=\"og:url\" content=\"https:\/\/voyage-aventure.com\/blog\/a-la-une\/une-exposition-sur-le-green-book-histoires-de-voyages-et-de-luttes-des-afro-americains\/\" \/>\n<meta property=\"og:site_name\" content=\"voyage-aventure\" \/>\n<meta property=\"og:image\" content=\"https:\/\/voyage-aventure.com\/blog\/wp-content\/uploads\/2025\/02\/sdxl-a56ea9e3b40d8661eb57acf4bae8cb31.png\" \/>\n\t<meta property=\"og:image:width\" content=\"1536\" \/>\n\t<meta property=\"og:image:height\" content=\"640\" \/>\n\t<meta property=\"og:image:type\" content=\"image\/png\" \/>\n<meta name=\"author\" content=\"Camille Rouvray\" \/>\n<meta name=\"twitter:card\" content=\"summary_large_image\" \/>\n<script type=\"application\/ld+json\" class=\"yoast-schema-graph\">{\"@context\":\"https:\/\/schema.org\",\"@graph\":[{\"@type\":\"NewsArticle\",\"@id\":\"https:\/\/voyage-aventure.com\/blog\/a-la-une\/une-exposition-sur-le-green-book-histoires-de-voyages-et-de-luttes-des-afro-americains\/#article\",\"isPartOf\":{\"@id\":\"https:\/\/voyage-aventure.com\/blog\/a-la-une\/une-exposition-sur-le-green-book-histoires-de-voyages-et-de-luttes-des-afro-americains\/\"},\"author\":{\"name\":\"Camille Rouvray\",\"@id\":\"https:\/\/voyage-aventure.com\/blog\/#\/schema\/person\/3c864cdc320801e3db34b663e7e3f816\"},\"headline\":\"une exposition sur le Green Book : histoires de voyages et de luttes des Afro-Am\u00e9ricains\",\"datePublished\":\"2025-02-22T03:30:50+00:00\",\"mainEntityOfPage\":{\"@id\":\"https:\/\/voyage-aventure.com\/blog\/a-la-une\/une-exposition-sur-le-green-book-histoires-de-voyages-et-de-luttes-des-afro-americains\/\"},\"wordCount\":529,\"commentCount\":23,\"publisher\":{\"@id\":\"https:\/\/voyage-aventure.com\/blog\/#organization\"},\"image\":{\"@id\":\"https:\/\/voyage-aventure.com\/blog\/a-la-une\/une-exposition-sur-le-green-book-histoires-de-voyages-et-de-luttes-des-afro-americains\/#primaryimage\"},\"thumbnailUrl\":\"https:\/\/voyage-aventure.com\/blog\/wp-content\/uploads\/2025\/02\/sdxl-a56ea9e3b40d8661eb57acf4bae8cb31.png\",\"keywords\":[\"Culture\",\"D\u00e9couverte Culturelle\",\"Passion Du Voyage\",\"S\u00e9curit\u00e9\",\"Voyage\"],\"articleSection\":[\"\u00c0 la une\"],\"inLanguage\":\"fr-FR\",\"potentialAction\":[{\"@type\":\"CommentAction\",\"name\":\"Comment\",\"target\":[\"https:\/\/voyage-aventure.com\/blog\/a-la-une\/une-exposition-sur-le-green-book-histoires-de-voyages-et-de-luttes-des-afro-americains\/#respond\"]}]},{\"@type\":\"WebPage\",\"@id\":\"https:\/\/voyage-aventure.com\/blog\/a-la-une\/une-exposition-sur-le-green-book-histoires-de-voyages-et-de-luttes-des-afro-americains\/\",\"url\":\"https:\/\/voyage-aventure.com\/blog\/a-la-une\/une-exposition-sur-le-green-book-histoires-de-voyages-et-de-luttes-des-afro-americains\/\",\"name\":\"une exposition sur le Green Book : histoires de voyages et\",\"isPartOf\":{\"@id\":\"https:\/\/voyage-aventure.com\/blog\/#website\"},\"primaryImageOfPage\":{\"@id\":\"https:\/\/voyage-aventure.com\/blog\/a-la-une\/une-exposition-sur-le-green-book-histoires-de-voyages-et-de-luttes-des-afro-americains\/#primaryimage\"},\"image\":{\"@id\":\"https:\/\/voyage-aventure.com\/blog\/a-la-une\/une-exposition-sur-le-green-book-histoires-de-voyages-et-de-luttes-des-afro-americains\/#primaryimage\"},\"thumbnailUrl\":\"https:\/\/voyage-aventure.com\/blog\/wp-content\/uploads\/2025\/02\/sdxl-a56ea9e3b40d8661eb57acf4bae8cb31.png\",\"datePublished\":\"2025-02-22T03:30:50+00:00\",\"description\":\"\u00c0 une \u00e9poque o\u00f9 le voyage offrait des promesses d'aventure, il se r\u00e9v\u00e9lait aussi dangereux en raison de la s\u00e9gr\u00e9gation raciale. Ce guide a permis \u00e0 de\",\"inLanguage\":\"fr-FR\",\"potentialAction\":[{\"@type\":\"ReadAction\",\"target\":[\"https:\/\/voyage-aventure.com\/blog\/a-la-une\/une-exposition-sur-le-green-book-histoires-de-voyages-et-de-luttes-des-afro-americains\/\"]}]},{\"@type\":\"ImageObject\",\"inLanguage\":\"fr-FR\",\"@id\":\"https:\/\/voyage-aventure.com\/blog\/a-la-une\/une-exposition-sur-le-green-book-histoires-de-voyages-et-de-luttes-des-afro-americains\/#primaryimage\",\"url\":\"https:\/\/voyage-aventure.com\/blog\/wp-content\/uploads\/2025\/02\/sdxl-a56ea9e3b40d8661eb57acf4bae8cb31.png\",\"contentUrl\":\"https:\/\/voyage-aventure.com\/blog\/wp-content\/uploads\/2025\/02\/sdxl-a56ea9e3b40d8661eb57acf4bae8cb31.png\",\"width\":1536,\"height\":640},{\"@type\":\"WebSite\",\"@id\":\"https:\/\/voyage-aventure.com\/blog\/#website\",\"url\":\"https:\/\/voyage-aventure.com\/blog\/\",\"name\":\"voyage-aventure.com\",\"description\":\"Votre passeport pour l\u2019inattendu.\",\"publisher\":{\"@id\":\"https:\/\/voyage-aventure.com\/blog\/#organization\"},\"alternateName\":\"Votre passeport pour l\u2019inattendu.\",\"potentialAction\":[{\"@type\":\"SearchAction\",\"target\":{\"@type\":\"EntryPoint\",\"urlTemplate\":\"https:\/\/voyage-aventure.com\/blog\/?s={search_term_string}\"},\"query-input\":{\"@type\":\"PropertyValueSpecification\",\"valueRequired\":true,\"valueName\":\"search_term_string\"}}],\"inLanguage\":\"fr-FR\"},{\"@type\":\"Organization\",\"@id\":\"https:\/\/voyage-aventure.com\/blog\/#organization\",\"name\":\"Foretsensations.fr\",\"url\":\"https:\/\/voyage-aventure.com\/blog\/\",\"logo\":{\"@type\":\"ImageObject\",\"inLanguage\":\"fr-FR\",\"@id\":\"https:\/\/voyage-aventure.com\/blog\/#\/schema\/logo\/image\/\",\"url\":\"https:\/\/voyage-aventure.com\/blog\/wp-content\/uploads\/2024\/12\/19.png\",\"contentUrl\":\"https:\/\/voyage-aventure.com\/blog\/wp-content\/uploads\/2024\/12\/19.png\",\"width\":512,\"height\":512,\"caption\":\"Foretsensations.fr\"},\"image\":{\"@id\":\"https:\/\/voyage-aventure.com\/blog\/#\/schema\/logo\/image\/\"}},{\"@type\":\"Person\",\"@id\":\"https:\/\/voyage-aventure.com\/blog\/#\/schema\/person\/3c864cdc320801e3db34b663e7e3f816\",\"name\":\"Camille Rouvray\",\"image\":{\"@type\":\"ImageObject\",\"inLanguage\":\"fr-FR\",\"@id\":\"https:\/\/voyage-aventure.com\/blog\/#\/schema\/person\/image\/\",\"url\":\"https:\/\/voyage-aventure.com\/blog\/wp-content\/uploads\/2026\/06\/persona_camille-r-96x96.jpg\",\"contentUrl\":\"https:\/\/voyage-aventure.com\/blog\/wp-content\/uploads\/2026\/06\/persona_camille-r-96x96.jpg\",\"caption\":\"Camille Rouvray\"},\"description\":\"Je voyage et j'\u00e9cris sur le voyage depuis une douzaine d'ann\u00e9es, d'abord en tant que routarde au long cours, puis comme r\u00e9dactrice sp\u00e9cialis\u00e9e. Mon terrain de pr\u00e9dilection, ce sont les circuits organis\u00e9s et l'art de bien pr\u00e9parer un itin\u00e9raire : choix de la saison, dur\u00e9e r\u00e9aliste des \u00e9tapes, budget jour par jour, logement et transport sur place. J'aime aussi raconter les p\u00e9pites urbaines, ces adresses qu'on ne trouve pas dans les guides classiques. Avant de publier un dossier destination, je croise toujours plusieurs sources, je v\u00e9rifie les tarifs et les formalit\u00e9s d'entr\u00e9e \u00e0 jour, et je teste moi-m\u00eame quand je le peux. Mon angle reste pratique avant tout : aider le lecteur \u00e0 partir l'esprit tranquille, sans mauvaise surprise une fois sur place. Je m'attache \u00e0 distinguer le coup de c\u0153ur sinc\u00e8re du simple argument marketing.\",\"sameAs\":[\"https:\/\/camillerouvray.fr\/\"],\"url\":\"https:\/\/voyage-aventure.com\/blog\/auteur\/noname\/\"}]}<\/script>\n<!-- \/ Yoast SEO Premium plugin. -->","yoast_head_json":{"title":"une exposition sur le Green Book : histoires de voyages et","description":"\u00c0 une \u00e9poque o\u00f9 le voyage offrait des promesses d'aventure, il se r\u00e9v\u00e9lait aussi dangereux en raison de la s\u00e9gr\u00e9gation raciale. Ce guide a permis \u00e0 de","robots":{"index":"index","follow":"follow","max-snippet":"max-snippet:-1","max-image-preview":"max-image-preview:large","max-video-preview":"max-video-preview:-1"},"canonical":"https:\/\/voyage-aventure.com\/blog\/a-la-une\/une-exposition-sur-le-green-book-histoires-de-voyages-et-de-luttes-des-afro-americains\/","og_locale":"fr_FR","og_type":"article","og_title":"une exposition sur le Green Book : histoires de voyages et","og_description":"\u00c0 une \u00e9poque o\u00f9 le voyage offrait des promesses d'aventure, il se r\u00e9v\u00e9lait aussi dangereux en raison de la s\u00e9gr\u00e9gation raciale. Ce guide a permis \u00e0 de","og_url":"https:\/\/voyage-aventure.com\/blog\/a-la-une\/une-exposition-sur-le-green-book-histoires-de-voyages-et-de-luttes-des-afro-americains\/","og_site_name":"voyage-aventure","og_image":[{"width":1536,"height":640,"url":"https:\/\/voyage-aventure.com\/blog\/wp-content\/uploads\/2025\/02\/sdxl-a56ea9e3b40d8661eb57acf4bae8cb31.png","type":"image\/png"}],"author":"Camille Rouvray","twitter_card":"summary_large_image","schema":{"@context":"https:\/\/schema.org","@graph":[{"@type":"NewsArticle","@id":"https:\/\/voyage-aventure.com\/blog\/a-la-une\/une-exposition-sur-le-green-book-histoires-de-voyages-et-de-luttes-des-afro-americains\/#article","isPartOf":{"@id":"https:\/\/voyage-aventure.com\/blog\/a-la-une\/une-exposition-sur-le-green-book-histoires-de-voyages-et-de-luttes-des-afro-americains\/"},"author":{"name":"Camille Rouvray","@id":"https:\/\/voyage-aventure.com\/blog\/#\/schema\/person\/3c864cdc320801e3db34b663e7e3f816"},"headline":"une exposition sur le Green Book : histoires de voyages et de luttes des Afro-Am\u00e9ricains","datePublished":"2025-02-22T03:30:50+00:00","mainEntityOfPage":{"@id":"https:\/\/voyage-aventure.com\/blog\/a-la-une\/une-exposition-sur-le-green-book-histoires-de-voyages-et-de-luttes-des-afro-americains\/"},"wordCount":529,"commentCount":23,"publisher":{"@id":"https:\/\/voyage-aventure.com\/blog\/#organization"},"image":{"@id":"https:\/\/voyage-aventure.com\/blog\/a-la-une\/une-exposition-sur-le-green-book-histoires-de-voyages-et-de-luttes-des-afro-americains\/#primaryimage"},"thumbnailUrl":"https:\/\/voyage-aventure.com\/blog\/wp-content\/uploads\/2025\/02\/sdxl-a56ea9e3b40d8661eb57acf4bae8cb31.png","keywords":["Culture","D\u00e9couverte Culturelle","Passion Du Voyage","S\u00e9curit\u00e9","Voyage"],"articleSection":["\u00c0 la une"],"inLanguage":"fr-FR","potentialAction":[{"@type":"CommentAction","name":"Comment","target":["https:\/\/voyage-aventure.com\/blog\/a-la-une\/une-exposition-sur-le-green-book-histoires-de-voyages-et-de-luttes-des-afro-americains\/#respond"]}]},{"@type":"WebPage","@id":"https:\/\/voyage-aventure.com\/blog\/a-la-une\/une-exposition-sur-le-green-book-histoires-de-voyages-et-de-luttes-des-afro-americains\/","url":"https:\/\/voyage-aventure.com\/blog\/a-la-une\/une-exposition-sur-le-green-book-histoires-de-voyages-et-de-luttes-des-afro-americains\/","name":"une exposition sur le Green Book : histoires de voyages et","isPartOf":{"@id":"https:\/\/voyage-aventure.com\/blog\/#website"},"primaryImageOfPage":{"@id":"https:\/\/voyage-aventure.com\/blog\/a-la-une\/une-exposition-sur-le-green-book-histoires-de-voyages-et-de-luttes-des-afro-americains\/#primaryimage"},"image":{"@id":"https:\/\/voyage-aventure.com\/blog\/a-la-une\/une-exposition-sur-le-green-book-histoires-de-voyages-et-de-luttes-des-afro-americains\/#primaryimage"},"thumbnailUrl":"https:\/\/voyage-aventure.com\/blog\/wp-content\/uploads\/2025\/02\/sdxl-a56ea9e3b40d8661eb57acf4bae8cb31.png","datePublished":"2025-02-22T03:30:50+00:00","description":"\u00c0 une \u00e9poque o\u00f9 le voyage offrait des promesses d'aventure, il se r\u00e9v\u00e9lait aussi dangereux en raison de la s\u00e9gr\u00e9gation raciale. Ce guide a permis \u00e0 de","inLanguage":"fr-FR","potentialAction":[{"@type":"ReadAction","target":["https:\/\/voyage-aventure.com\/blog\/a-la-une\/une-exposition-sur-le-green-book-histoires-de-voyages-et-de-luttes-des-afro-americains\/"]}]},{"@type":"ImageObject","inLanguage":"fr-FR","@id":"https:\/\/voyage-aventure.com\/blog\/a-la-une\/une-exposition-sur-le-green-book-histoires-de-voyages-et-de-luttes-des-afro-americains\/#primaryimage","url":"https:\/\/voyage-aventure.com\/blog\/wp-content\/uploads\/2025\/02\/sdxl-a56ea9e3b40d8661eb57acf4bae8cb31.png","contentUrl":"https:\/\/voyage-aventure.com\/blog\/wp-content\/uploads\/2025\/02\/sdxl-a56ea9e3b40d8661eb57acf4bae8cb31.png","width":1536,"height":640},{"@type":"WebSite","@id":"https:\/\/voyage-aventure.com\/blog\/#website","url":"https:\/\/voyage-aventure.com\/blog\/","name":"voyage-aventure.com","description":"Votre passeport pour l\u2019inattendu.","publisher":{"@id":"https:\/\/voyage-aventure.com\/blog\/#organization"},"alternateName":"Votre passeport pour l\u2019inattendu.","potentialAction":[{"@type":"SearchAction","target":{"@type":"EntryPoint","urlTemplate":"https:\/\/voyage-aventure.com\/blog\/?s={search_term_string}"},"query-input":{"@type":"PropertyValueSpecification","valueRequired":true,"valueName":"search_term_string"}}],"inLanguage":"fr-FR"},{"@type":"Organization","@id":"https:\/\/voyage-aventure.com\/blog\/#organization","name":"Foretsensations.fr","url":"https:\/\/voyage-aventure.com\/blog\/","logo":{"@type":"ImageObject","inLanguage":"fr-FR","@id":"https:\/\/voyage-aventure.com\/blog\/#\/schema\/logo\/image\/","url":"https:\/\/voyage-aventure.com\/blog\/wp-content\/uploads\/2024\/12\/19.png","contentUrl":"https:\/\/voyage-aventure.com\/blog\/wp-content\/uploads\/2024\/12\/19.png","width":512,"height":512,"caption":"Foretsensations.fr"},"image":{"@id":"https:\/\/voyage-aventure.com\/blog\/#\/schema\/logo\/image\/"}},{"@type":"Person","@id":"https:\/\/voyage-aventure.com\/blog\/#\/schema\/person\/3c864cdc320801e3db34b663e7e3f816","name":"Camille Rouvray","image":{"@type":"ImageObject","inLanguage":"fr-FR","@id":"https:\/\/voyage-aventure.com\/blog\/#\/schema\/person\/image\/","url":"https:\/\/voyage-aventure.com\/blog\/wp-content\/uploads\/2026\/06\/persona_camille-r-96x96.jpg","contentUrl":"https:\/\/voyage-aventure.com\/blog\/wp-content\/uploads\/2026\/06\/persona_camille-r-96x96.jpg","caption":"Camille Rouvray"},"description":"Je voyage et j'\u00e9cris sur le voyage depuis une douzaine d'ann\u00e9es, d'abord en tant que routarde au long cours, puis comme r\u00e9dactrice sp\u00e9cialis\u00e9e. Mon terrain de pr\u00e9dilection, ce sont les circuits organis\u00e9s et l'art de bien pr\u00e9parer un itin\u00e9raire : choix de la saison, dur\u00e9e r\u00e9aliste des \u00e9tapes, budget jour par jour, logement et transport sur place. J'aime aussi raconter les p\u00e9pites urbaines, ces adresses qu'on ne trouve pas dans les guides classiques. Avant de publier un dossier destination, je croise toujours plusieurs sources, je v\u00e9rifie les tarifs et les formalit\u00e9s d'entr\u00e9e \u00e0 jour, et je teste moi-m\u00eame quand je le peux. Mon angle reste pratique avant tout : aider le lecteur \u00e0 partir l'esprit tranquille, sans mauvaise surprise une fois sur place. Je m'attache \u00e0 distinguer le coup de c\u0153ur sinc\u00e8re du simple argument marketing.","sameAs":["https:\/\/camillerouvray.fr\/"],"url":"https:\/\/voyage-aventure.com\/blog\/auteur\/noname\/"}]}},"_links":{"self":[{"href":"https:\/\/voyage-aventure.com\/blog\/wp-json\/wp\/v2\/posts\/11715","targetHints":{"allow":["GET"]}}],"collection":[{"href":"https:\/\/voyage-aventure.com\/blog\/wp-json\/wp\/v2\/posts"}],"about":[{"href":"https:\/\/voyage-aventure.com\/blog\/wp-json\/wp\/v2\/types\/post"}],"author":[{"embeddable":true,"href":"https:\/\/voyage-aventure.com\/blog\/wp-json\/wp\/v2\/users\/34"}],"replies":[{"embeddable":true,"href":"https:\/\/voyage-aventure.com\/blog\/wp-json\/wp\/v2\/comments?post=11715"}],"version-history":[{"count":1,"href":"https:\/\/voyage-aventure.com\/blog\/wp-json\/wp\/v2\/posts\/11715\/revisions"}],"predecessor-version":[{"id":11720,"href":"https:\/\/voyage-aventure.com\/blog\/wp-json\/wp\/v2\/posts\/11715\/revisions\/11720"}],"wp:featuredmedia":[{"embeddable":true,"href":"https:\/\/voyage-aventure.com\/blog\/wp-json\/wp\/v2\/media\/12400"}],"wp:attachment":[{"href":"https:\/\/voyage-aventure.com\/blog\/wp-json\/wp\/v2\/media?parent=11715"}],"wp:term":[{"taxonomy":"category","embeddable":true,"href":"https:\/\/voyage-aventure.com\/blog\/wp-json\/wp\/v2\/categories?post=11715"},{"taxonomy":"post_tag","embeddable":true,"href":"https:\/\/voyage-aventure.com\/blog\/wp-json\/wp\/v2\/tags?post=11715"}],"curies":[{"name":"wp","href":"https:\/\/api.w.org\/{rel}","templated":true}]}}