{"id":11683,"date":"2025-02-23T02:14:29","date_gmt":"2025-02-23T01:14:29","guid":{"rendered":"https:\/\/voyage-aventure.com\/blog\/?p=11683"},"modified":"2025-02-21T21:26:25","modified_gmt":"2025-02-21T20:26:25","slug":"les-vols-canadiens-vers-la-floride-en-baisse-une-reponse-a-trump","status":"publish","type":"post","link":"https:\/\/voyage-aventure.com\/blog\/a-la-une\/les-vols-canadiens-vers-la-floride-en-baisse-une-reponse-a-trump\/","title":{"rendered":"les vols canadiens vers la floride en baisse : une r\u00e9ponse \u00e0 trump"},"content":{"rendered":"<h2>Une r\u00e9action canadienne face aux tensions politiques<\/h2>\n<p>Les Canadiens, frustr\u00e9s par les menaces de nouveaux tarifs douaniers et les remarques d\u00e9sobligeantes du pr\u00e9sident, envisagent de boycotter leurs voyages vers le sud. Air Canada a d&rsquo;ores et d\u00e9j\u00e0 annonc\u00e9 une r\u00e9duction des vols vers la Floride, ce qui pourrait avoir un impact significatif sur le secteur touristique floridien.<\/p>\n<p>Ce boycott ne concerne pas seulement le tourisme, mais il repr\u00e9sente \u00e9galement une forme de protestation contre un climat politique devenu hostile. Les Canadiens se sentent attaqu\u00e9s et cherchent \u00e0 manifester leur m\u00e9contentement en choisissant de ne pas d\u00e9penser leur argent en Floride. Par cette action, ils esp\u00e8rent faire comprendre \u00e0 l&rsquo;administration am\u00e9ricaine qu&rsquo;ils ne tol\u00e9reront pas ces abus.<\/p>\n<p>https:\/\/youtu.be\/0LSCjGQcVMg<\/p>\n<h2>Les implications \u00e9conomiques pour la Floride<\/h2>\n<p>Le tourisme est un pilier de l&rsquo;\u00e9conomie floridienne, et le retrait des Canadiens pourrait engendrer des pertes financi\u00e8res consid\u00e9rables. En effet, les visiteurs canadiens repr\u00e9sentent une part importante des recettes touristiques, notamment durant les mois d&rsquo;hiver. Leur absence se fera sentir non seulement dans les h\u00f4tels et restaurants, mais aussi dans les activit\u00e9s de loisirs et les \u00e9v\u00e9nements sportifs.<\/p>\n<p>La Floride, d\u00e9j\u00e0 soumise \u00e0 des d\u00e9fis environnementaux, pourrait voir sa situation se d\u00e9t\u00e9riorer davantage. Les plages, souvent fr\u00e9quent\u00e9es par les Canadiens, sont actuellement touch\u00e9es par une mar\u00e9e rouge qui nuit \u00e0 l&rsquo;image de l&rsquo;\u00c9tat. Ce contexte pourrait inciter les Floridiens \u00e0 r\u00e9fl\u00e9chir sur les r\u00e9percussions des relations tendues avec leurs voisins du nord.<\/p>\n<h2>Une relation historique mise \u00e0 l&rsquo;\u00e9preuve<\/h2>\n<p>Historiquement, les relations entre le Canada et les \u00c9tats-Unis ont \u00e9t\u00e9 marqu\u00e9es par des \u00e9changes culturels et \u00e9conomiques fructueux. Cependant, les r\u00e9cents \u00e9v\u00e9nements ont mis \u00e0 mal cette fraternit\u00e9, avec des d\u00e9clarations qui ressemblent \u00e0 des provocations. Les Canadiens, qui ont souvent \u00e9t\u00e9 accueillis avec chaleur en Floride, ressentent d\u00e9sormais une certaine hostilit\u00e9.<\/p>\n<p>Il est crucial que les deux pays trouvent un moyen de r\u00e9tablir un dialogue constructif. Comme l&rsquo;a soulign\u00e9 un observateur, <\/p>\n<blockquote><p>\u00ab La proximit\u00e9 g\u00e9ographique ne devrait pas conduire \u00e0 des tensions politiques, mais plut\u00f4t \u00e0 une coop\u00e9ration mutuellement b\u00e9n\u00e9fique. \u00bb<\/p><\/blockquote>\n<p> Les gouvernements doivent travailler ensemble pour apaiser les tensions et restaurer la confiance entre les peuples.<\/p>\n<ul>\n<li>Les Canadiens constituent une part essentielle du tourisme en Floride.<\/li>\n<li>Les tensions politiques peuvent avoir des cons\u00e9quences \u00e9conomiques graves.<\/li>\n<li>Le climat de boycott repr\u00e9sente une forme de protestation significative.<\/li>\n<li>R\u00e9tablir un dialogue est crucial pour l&rsquo;avenir des relations bilat\u00e9rales.<\/li>\n<li>La Floride doit faire face \u00e0 des d\u00e9fis environnementaux ind\u00e9pendamment de ces tensions.<\/li>\n<\/ul>\n<p>En somme, la situation actuelle n\u00e9cessite une attention particuli\u00e8re et un engagement \u00e0 r\u00e9soudre les probl\u00e8mes. Les Canadiens et les Am\u00e9ricains partagent une histoire riche et des int\u00e9r\u00eats communs, et il est imp\u00e9ratif de ne pas laisser des diff\u00e9rends politiques ternir cette relation. La Floride et le Canada doivent trouver des moyens de collaborer pour surmonter cette crise, en mettant de c\u00f4t\u00e9 les ranc\u0153urs pour se concentrer sur un avenir positif.<\/p>\n","protected":false},"excerpt":{"rendered":"","protected":false},"author":34,"featured_media":12965,"comment_status":"open","ping_status":"open","sticky":false,"template":"","format":"standard","meta":{"_acf_changed":false,"manual_indexmenow":false,"indexmenow_id_project":0,"footnotes":""},"categories":[1],"tags":[4639,4452,5688,5008,4635],"class_list":["post-11683","post","type-post","status-publish","format-standard","has-post-thumbnail","hentry","category-a-la-une","tag-aventure","tag-economies","tag-relations-internationales","tag-tourisme","tag-voyage","generate-columns","tablet-grid-50","mobile-grid-100","grid-parent","grid-25"],"acf":[],"yoast_head":"<!-- This site is optimized with the Yoast SEO Premium plugin v21.3 (Yoast SEO v25.1) - https:\/\/yoast.com\/wordpress\/plugins\/seo\/ -->\n<title>les vols canadiens vers la floride en baisse : une r\u00e9ponse<\/title>\n<meta name=\"description\" content=\"Une r\u00e9action canadienne face aux tensions politiques Les Canadiens, frustr\u00e9s par les menaces de nouveaux tarifs douaniers et les remarques d\u00e9sobligeantes\" \/>\n<meta name=\"robots\" content=\"index, follow, max-snippet:-1, max-image-preview:large, max-video-preview:-1\" \/>\n<link rel=\"canonical\" href=\"https:\/\/voyage-aventure.com\/blog\/a-la-une\/les-vols-canadiens-vers-la-floride-en-baisse-une-reponse-a-trump\/\" \/>\n<meta property=\"og:locale\" content=\"fr_FR\" \/>\n<meta property=\"og:type\" content=\"article\" \/>\n<meta property=\"og:title\" content=\"les vols canadiens vers la floride en baisse : une r\u00e9ponse\" \/>\n<meta property=\"og:description\" content=\"Une r\u00e9action canadienne face aux tensions politiques Les Canadiens, frustr\u00e9s par les menaces de nouveaux tarifs douaniers et les remarques d\u00e9sobligeantes\" \/>\n<meta property=\"og:url\" content=\"https:\/\/voyage-aventure.com\/blog\/a-la-une\/les-vols-canadiens-vers-la-floride-en-baisse-une-reponse-a-trump\/\" \/>\n<meta property=\"og:site_name\" content=\"voyage-aventure\" \/>\n<meta property=\"og:image\" content=\"https:\/\/voyage-aventure.com\/blog\/wp-content\/uploads\/2025\/02\/sdxl-3163256c0270976ca707faf08dbd6c71.png\" \/>\n\t<meta property=\"og:image:width\" content=\"1536\" \/>\n\t<meta property=\"og:image:height\" content=\"640\" \/>\n\t<meta property=\"og:image:type\" content=\"image\/png\" \/>\n<meta name=\"author\" content=\"Camille Rouvray\" \/>\n<meta name=\"twitter:card\" content=\"summary_large_image\" \/>\n<script type=\"application\/ld+json\" class=\"yoast-schema-graph\">{\"@context\":\"https:\/\/schema.org\",\"@graph\":[{\"@type\":\"NewsArticle\",\"@id\":\"https:\/\/voyage-aventure.com\/blog\/a-la-une\/les-vols-canadiens-vers-la-floride-en-baisse-une-reponse-a-trump\/#article\",\"isPartOf\":{\"@id\":\"https:\/\/voyage-aventure.com\/blog\/a-la-une\/les-vols-canadiens-vers-la-floride-en-baisse-une-reponse-a-trump\/\"},\"author\":{\"name\":\"Camille Rouvray\",\"@id\":\"https:\/\/voyage-aventure.com\/blog\/#\/schema\/person\/3c864cdc320801e3db34b663e7e3f816\"},\"headline\":\"les vols canadiens vers la floride en baisse : une r\u00e9ponse \u00e0 trump\",\"datePublished\":\"2025-02-23T01:14:29+00:00\",\"mainEntityOfPage\":{\"@id\":\"https:\/\/voyage-aventure.com\/blog\/a-la-une\/les-vols-canadiens-vers-la-floride-en-baisse-une-reponse-a-trump\/\"},\"wordCount\":543,\"commentCount\":27,\"publisher\":{\"@id\":\"https:\/\/voyage-aventure.com\/blog\/#organization\"},\"image\":{\"@id\":\"https:\/\/voyage-aventure.com\/blog\/a-la-une\/les-vols-canadiens-vers-la-floride-en-baisse-une-reponse-a-trump\/#primaryimage\"},\"thumbnailUrl\":\"https:\/\/voyage-aventure.com\/blog\/wp-content\/uploads\/2025\/02\/sdxl-3163256c0270976ca707faf08dbd6c71.png\",\"keywords\":[\"Aventure\",\"\u00c9conomies\",\"Relations Internationales\",\"Tourisme\",\"Voyage\"],\"articleSection\":[\"\u00c0 la une\"],\"inLanguage\":\"fr-FR\",\"potentialAction\":[{\"@type\":\"CommentAction\",\"name\":\"Comment\",\"target\":[\"https:\/\/voyage-aventure.com\/blog\/a-la-une\/les-vols-canadiens-vers-la-floride-en-baisse-une-reponse-a-trump\/#respond\"]}]},{\"@type\":\"WebPage\",\"@id\":\"https:\/\/voyage-aventure.com\/blog\/a-la-une\/les-vols-canadiens-vers-la-floride-en-baisse-une-reponse-a-trump\/\",\"url\":\"https:\/\/voyage-aventure.com\/blog\/a-la-une\/les-vols-canadiens-vers-la-floride-en-baisse-une-reponse-a-trump\/\",\"name\":\"les vols canadiens vers la floride en baisse : une r\u00e9ponse\",\"isPartOf\":{\"@id\":\"https:\/\/voyage-aventure.com\/blog\/#website\"},\"primaryImageOfPage\":{\"@id\":\"https:\/\/voyage-aventure.com\/blog\/a-la-une\/les-vols-canadiens-vers-la-floride-en-baisse-une-reponse-a-trump\/#primaryimage\"},\"image\":{\"@id\":\"https:\/\/voyage-aventure.com\/blog\/a-la-une\/les-vols-canadiens-vers-la-floride-en-baisse-une-reponse-a-trump\/#primaryimage\"},\"thumbnailUrl\":\"https:\/\/voyage-aventure.com\/blog\/wp-content\/uploads\/2025\/02\/sdxl-3163256c0270976ca707faf08dbd6c71.png\",\"datePublished\":\"2025-02-23T01:14:29+00:00\",\"description\":\"Une r\u00e9action canadienne face aux tensions politiques Les Canadiens, frustr\u00e9s par les menaces de nouveaux tarifs douaniers et les remarques d\u00e9sobligeantes\",\"inLanguage\":\"fr-FR\",\"potentialAction\":[{\"@type\":\"ReadAction\",\"target\":[\"https:\/\/voyage-aventure.com\/blog\/a-la-une\/les-vols-canadiens-vers-la-floride-en-baisse-une-reponse-a-trump\/\"]}]},{\"@type\":\"ImageObject\",\"inLanguage\":\"fr-FR\",\"@id\":\"https:\/\/voyage-aventure.com\/blog\/a-la-une\/les-vols-canadiens-vers-la-floride-en-baisse-une-reponse-a-trump\/#primaryimage\",\"url\":\"https:\/\/voyage-aventure.com\/blog\/wp-content\/uploads\/2025\/02\/sdxl-3163256c0270976ca707faf08dbd6c71.png\",\"contentUrl\":\"https:\/\/voyage-aventure.com\/blog\/wp-content\/uploads\/2025\/02\/sdxl-3163256c0270976ca707faf08dbd6c71.png\",\"width\":1536,\"height\":640},{\"@type\":\"WebSite\",\"@id\":\"https:\/\/voyage-aventure.com\/blog\/#website\",\"url\":\"https:\/\/voyage-aventure.com\/blog\/\",\"name\":\"voyage-aventure.com\",\"description\":\"Votre passeport pour l\u2019inattendu.\",\"publisher\":{\"@id\":\"https:\/\/voyage-aventure.com\/blog\/#organization\"},\"alternateName\":\"Votre passeport pour l\u2019inattendu.\",\"potentialAction\":[{\"@type\":\"SearchAction\",\"target\":{\"@type\":\"EntryPoint\",\"urlTemplate\":\"https:\/\/voyage-aventure.com\/blog\/?s={search_term_string}\"},\"query-input\":{\"@type\":\"PropertyValueSpecification\",\"valueRequired\":true,\"valueName\":\"search_term_string\"}}],\"inLanguage\":\"fr-FR\"},{\"@type\":\"Organization\",\"@id\":\"https:\/\/voyage-aventure.com\/blog\/#organization\",\"name\":\"Foretsensations.fr\",\"url\":\"https:\/\/voyage-aventure.com\/blog\/\",\"logo\":{\"@type\":\"ImageObject\",\"inLanguage\":\"fr-FR\",\"@id\":\"https:\/\/voyage-aventure.com\/blog\/#\/schema\/logo\/image\/\",\"url\":\"https:\/\/voyage-aventure.com\/blog\/wp-content\/uploads\/2024\/12\/19.png\",\"contentUrl\":\"https:\/\/voyage-aventure.com\/blog\/wp-content\/uploads\/2024\/12\/19.png\",\"width\":512,\"height\":512,\"caption\":\"Foretsensations.fr\"},\"image\":{\"@id\":\"https:\/\/voyage-aventure.com\/blog\/#\/schema\/logo\/image\/\"}},{\"@type\":\"Person\",\"@id\":\"https:\/\/voyage-aventure.com\/blog\/#\/schema\/person\/3c864cdc320801e3db34b663e7e3f816\",\"name\":\"Camille Rouvray\",\"image\":{\"@type\":\"ImageObject\",\"inLanguage\":\"fr-FR\",\"@id\":\"https:\/\/voyage-aventure.com\/blog\/#\/schema\/person\/image\/\",\"url\":\"https:\/\/voyage-aventure.com\/blog\/wp-content\/uploads\/2026\/06\/persona_camille-r-96x96.jpg\",\"contentUrl\":\"https:\/\/voyage-aventure.com\/blog\/wp-content\/uploads\/2026\/06\/persona_camille-r-96x96.jpg\",\"caption\":\"Camille Rouvray\"},\"description\":\"Je voyage et j'\u00e9cris sur le voyage depuis une douzaine d'ann\u00e9es, d'abord en tant que routarde au long cours, puis comme r\u00e9dactrice sp\u00e9cialis\u00e9e. Mon terrain de pr\u00e9dilection, ce sont les circuits organis\u00e9s et l'art de bien pr\u00e9parer un itin\u00e9raire : choix de la saison, dur\u00e9e r\u00e9aliste des \u00e9tapes, budget jour par jour, logement et transport sur place. J'aime aussi raconter les p\u00e9pites urbaines, ces adresses qu'on ne trouve pas dans les guides classiques. Avant de publier un dossier destination, je croise toujours plusieurs sources, je v\u00e9rifie les tarifs et les formalit\u00e9s d'entr\u00e9e \u00e0 jour, et je teste moi-m\u00eame quand je le peux. Mon angle reste pratique avant tout : aider le lecteur \u00e0 partir l'esprit tranquille, sans mauvaise surprise une fois sur place. Je m'attache \u00e0 distinguer le coup de c\u0153ur sinc\u00e8re du simple argument marketing.\",\"sameAs\":[\"https:\/\/camillerouvray.fr\/\"],\"url\":\"https:\/\/voyage-aventure.com\/blog\/auteur\/noname\/\"}]}<\/script>\n<!-- \/ Yoast SEO Premium plugin. -->","yoast_head_json":{"title":"les vols canadiens vers la floride en baisse : une r\u00e9ponse","description":"Une r\u00e9action canadienne face aux tensions politiques Les Canadiens, frustr\u00e9s par les menaces de nouveaux tarifs douaniers et les remarques d\u00e9sobligeantes","robots":{"index":"index","follow":"follow","max-snippet":"max-snippet:-1","max-image-preview":"max-image-preview:large","max-video-preview":"max-video-preview:-1"},"canonical":"https:\/\/voyage-aventure.com\/blog\/a-la-une\/les-vols-canadiens-vers-la-floride-en-baisse-une-reponse-a-trump\/","og_locale":"fr_FR","og_type":"article","og_title":"les vols canadiens vers la floride en baisse : une r\u00e9ponse","og_description":"Une r\u00e9action canadienne face aux tensions politiques Les Canadiens, frustr\u00e9s par les menaces de nouveaux tarifs douaniers et les remarques d\u00e9sobligeantes","og_url":"https:\/\/voyage-aventure.com\/blog\/a-la-une\/les-vols-canadiens-vers-la-floride-en-baisse-une-reponse-a-trump\/","og_site_name":"voyage-aventure","og_image":[{"width":1536,"height":640,"url":"https:\/\/voyage-aventure.com\/blog\/wp-content\/uploads\/2025\/02\/sdxl-3163256c0270976ca707faf08dbd6c71.png","type":"image\/png"}],"author":"Camille Rouvray","twitter_card":"summary_large_image","schema":{"@context":"https:\/\/schema.org","@graph":[{"@type":"NewsArticle","@id":"https:\/\/voyage-aventure.com\/blog\/a-la-une\/les-vols-canadiens-vers-la-floride-en-baisse-une-reponse-a-trump\/#article","isPartOf":{"@id":"https:\/\/voyage-aventure.com\/blog\/a-la-une\/les-vols-canadiens-vers-la-floride-en-baisse-une-reponse-a-trump\/"},"author":{"name":"Camille Rouvray","@id":"https:\/\/voyage-aventure.com\/blog\/#\/schema\/person\/3c864cdc320801e3db34b663e7e3f816"},"headline":"les vols canadiens vers la floride en baisse : une r\u00e9ponse \u00e0 trump","datePublished":"2025-02-23T01:14:29+00:00","mainEntityOfPage":{"@id":"https:\/\/voyage-aventure.com\/blog\/a-la-une\/les-vols-canadiens-vers-la-floride-en-baisse-une-reponse-a-trump\/"},"wordCount":543,"commentCount":27,"publisher":{"@id":"https:\/\/voyage-aventure.com\/blog\/#organization"},"image":{"@id":"https:\/\/voyage-aventure.com\/blog\/a-la-une\/les-vols-canadiens-vers-la-floride-en-baisse-une-reponse-a-trump\/#primaryimage"},"thumbnailUrl":"https:\/\/voyage-aventure.com\/blog\/wp-content\/uploads\/2025\/02\/sdxl-3163256c0270976ca707faf08dbd6c71.png","keywords":["Aventure","\u00c9conomies","Relations Internationales","Tourisme","Voyage"],"articleSection":["\u00c0 la une"],"inLanguage":"fr-FR","potentialAction":[{"@type":"CommentAction","name":"Comment","target":["https:\/\/voyage-aventure.com\/blog\/a-la-une\/les-vols-canadiens-vers-la-floride-en-baisse-une-reponse-a-trump\/#respond"]}]},{"@type":"WebPage","@id":"https:\/\/voyage-aventure.com\/blog\/a-la-une\/les-vols-canadiens-vers-la-floride-en-baisse-une-reponse-a-trump\/","url":"https:\/\/voyage-aventure.com\/blog\/a-la-une\/les-vols-canadiens-vers-la-floride-en-baisse-une-reponse-a-trump\/","name":"les vols canadiens vers la floride en baisse : une r\u00e9ponse","isPartOf":{"@id":"https:\/\/voyage-aventure.com\/blog\/#website"},"primaryImageOfPage":{"@id":"https:\/\/voyage-aventure.com\/blog\/a-la-une\/les-vols-canadiens-vers-la-floride-en-baisse-une-reponse-a-trump\/#primaryimage"},"image":{"@id":"https:\/\/voyage-aventure.com\/blog\/a-la-une\/les-vols-canadiens-vers-la-floride-en-baisse-une-reponse-a-trump\/#primaryimage"},"thumbnailUrl":"https:\/\/voyage-aventure.com\/blog\/wp-content\/uploads\/2025\/02\/sdxl-3163256c0270976ca707faf08dbd6c71.png","datePublished":"2025-02-23T01:14:29+00:00","description":"Une r\u00e9action canadienne face aux tensions politiques Les Canadiens, frustr\u00e9s par les menaces de nouveaux tarifs douaniers et les remarques d\u00e9sobligeantes","inLanguage":"fr-FR","potentialAction":[{"@type":"ReadAction","target":["https:\/\/voyage-aventure.com\/blog\/a-la-une\/les-vols-canadiens-vers-la-floride-en-baisse-une-reponse-a-trump\/"]}]},{"@type":"ImageObject","inLanguage":"fr-FR","@id":"https:\/\/voyage-aventure.com\/blog\/a-la-une\/les-vols-canadiens-vers-la-floride-en-baisse-une-reponse-a-trump\/#primaryimage","url":"https:\/\/voyage-aventure.com\/blog\/wp-content\/uploads\/2025\/02\/sdxl-3163256c0270976ca707faf08dbd6c71.png","contentUrl":"https:\/\/voyage-aventure.com\/blog\/wp-content\/uploads\/2025\/02\/sdxl-3163256c0270976ca707faf08dbd6c71.png","width":1536,"height":640},{"@type":"WebSite","@id":"https:\/\/voyage-aventure.com\/blog\/#website","url":"https:\/\/voyage-aventure.com\/blog\/","name":"voyage-aventure.com","description":"Votre passeport pour l\u2019inattendu.","publisher":{"@id":"https:\/\/voyage-aventure.com\/blog\/#organization"},"alternateName":"Votre passeport pour l\u2019inattendu.","potentialAction":[{"@type":"SearchAction","target":{"@type":"EntryPoint","urlTemplate":"https:\/\/voyage-aventure.com\/blog\/?s={search_term_string}"},"query-input":{"@type":"PropertyValueSpecification","valueRequired":true,"valueName":"search_term_string"}}],"inLanguage":"fr-FR"},{"@type":"Organization","@id":"https:\/\/voyage-aventure.com\/blog\/#organization","name":"Foretsensations.fr","url":"https:\/\/voyage-aventure.com\/blog\/","logo":{"@type":"ImageObject","inLanguage":"fr-FR","@id":"https:\/\/voyage-aventure.com\/blog\/#\/schema\/logo\/image\/","url":"https:\/\/voyage-aventure.com\/blog\/wp-content\/uploads\/2024\/12\/19.png","contentUrl":"https:\/\/voyage-aventure.com\/blog\/wp-content\/uploads\/2024\/12\/19.png","width":512,"height":512,"caption":"Foretsensations.fr"},"image":{"@id":"https:\/\/voyage-aventure.com\/blog\/#\/schema\/logo\/image\/"}},{"@type":"Person","@id":"https:\/\/voyage-aventure.com\/blog\/#\/schema\/person\/3c864cdc320801e3db34b663e7e3f816","name":"Camille Rouvray","image":{"@type":"ImageObject","inLanguage":"fr-FR","@id":"https:\/\/voyage-aventure.com\/blog\/#\/schema\/person\/image\/","url":"https:\/\/voyage-aventure.com\/blog\/wp-content\/uploads\/2026\/06\/persona_camille-r-96x96.jpg","contentUrl":"https:\/\/voyage-aventure.com\/blog\/wp-content\/uploads\/2026\/06\/persona_camille-r-96x96.jpg","caption":"Camille Rouvray"},"description":"Je voyage et j'\u00e9cris sur le voyage depuis une douzaine d'ann\u00e9es, d'abord en tant que routarde au long cours, puis comme r\u00e9dactrice sp\u00e9cialis\u00e9e. Mon terrain de pr\u00e9dilection, ce sont les circuits organis\u00e9s et l'art de bien pr\u00e9parer un itin\u00e9raire : choix de la saison, dur\u00e9e r\u00e9aliste des \u00e9tapes, budget jour par jour, logement et transport sur place. J'aime aussi raconter les p\u00e9pites urbaines, ces adresses qu'on ne trouve pas dans les guides classiques. Avant de publier un dossier destination, je croise toujours plusieurs sources, je v\u00e9rifie les tarifs et les formalit\u00e9s d'entr\u00e9e \u00e0 jour, et je teste moi-m\u00eame quand je le peux. Mon angle reste pratique avant tout : aider le lecteur \u00e0 partir l'esprit tranquille, sans mauvaise surprise une fois sur place. Je m'attache \u00e0 distinguer le coup de c\u0153ur sinc\u00e8re du simple argument marketing.","sameAs":["https:\/\/camillerouvray.fr\/"],"url":"https:\/\/voyage-aventure.com\/blog\/auteur\/noname\/"}]}},"_links":{"self":[{"href":"https:\/\/voyage-aventure.com\/blog\/wp-json\/wp\/v2\/posts\/11683","targetHints":{"allow":["GET"]}}],"collection":[{"href":"https:\/\/voyage-aventure.com\/blog\/wp-json\/wp\/v2\/posts"}],"about":[{"href":"https:\/\/voyage-aventure.com\/blog\/wp-json\/wp\/v2\/types\/post"}],"author":[{"embeddable":true,"href":"https:\/\/voyage-aventure.com\/blog\/wp-json\/wp\/v2\/users\/34"}],"replies":[{"embeddable":true,"href":"https:\/\/voyage-aventure.com\/blog\/wp-json\/wp\/v2\/comments?post=11683"}],"version-history":[{"count":1,"href":"https:\/\/voyage-aventure.com\/blog\/wp-json\/wp\/v2\/posts\/11683\/revisions"}],"predecessor-version":[{"id":12118,"href":"https:\/\/voyage-aventure.com\/blog\/wp-json\/wp\/v2\/posts\/11683\/revisions\/12118"}],"wp:featuredmedia":[{"embeddable":true,"href":"https:\/\/voyage-aventure.com\/blog\/wp-json\/wp\/v2\/media\/12965"}],"wp:attachment":[{"href":"https:\/\/voyage-aventure.com\/blog\/wp-json\/wp\/v2\/media?parent=11683"}],"wp:term":[{"taxonomy":"category","embeddable":true,"href":"https:\/\/voyage-aventure.com\/blog\/wp-json\/wp\/v2\/categories?post=11683"},{"taxonomy":"post_tag","embeddable":true,"href":"https:\/\/voyage-aventure.com\/blog\/wp-json\/wp\/v2\/tags?post=11683"}],"curies":[{"name":"wp","href":"https:\/\/api.w.org\/{rel}","templated":true}]}}