{"id":11633,"date":"2025-02-22T00:28:58","date_gmt":"2025-02-21T23:28:58","guid":{"rendered":"https:\/\/voyage-aventure.com\/blog\/?p=11633"},"modified":"2025-02-21T17:20:50","modified_gmt":"2025-02-21T16:20:50","slug":"un-vendredi-inspirant-decouvrez-mes-projets-et-mes-voyages-a-venir","status":"publish","type":"post","link":"https:\/\/voyage-aventure.com\/blog\/a-la-une\/un-vendredi-inspirant-decouvrez-mes-projets-et-mes-voyages-a-venir\/","title":{"rendered":"Un vendredi inspirant : d\u00e9couvrez mes projets et mes voyages \u00e0 venir"},"content":{"rendered":"<h2>Un vendredi rempli de projets<\/h2>\n<p>Cette semaine a \u00e9t\u00e9 particuli\u00e8rement longue, mais j&rsquo;ai re\u00e7u tant de messages chaleureux sur les r\u00e9seaux sociaux que cela m&rsquo;a vraiment motiv\u00e9 \u00e0 partager mes projets en cours. J&rsquo;ai plusieurs histoires passionnantes sur lesquelles je travaille, notamment un projet collaboratif avec des chefs pour une publication culinaire.<\/p>\n<p>Je suis ravi de vous annoncer que je pr\u00e9pare une s\u00e9rie d&rsquo;articles sur les tendances culinaires du sud des \u00c9tats-Unis. Ces r\u00e9cits ne se limitent pas \u00e0 des recettes, mais englobent des exp\u00e9riences et des histoires personnelles qui rendent chaque plat unique. Je suis convaincu que ces articles offriront une perspective nouvelle et enrichissante sur la gastronomie du sud.<\/p>\n<p><iframe loading=\"lazy\" title=\"\u2764\ufe0f KANGUKA - @KANGUKA - Message de Dieu pour Aujourd&#039;hui VENDREDI .\" width=\"1200\" height=\"675\" src=\"https:\/\/www.youtube.com\/embed\/RNdc19zPfw0?feature=oembed\" frameborder=\"0\" allow=\"accelerometer; autoplay; clipboard-write; encrypted-media; gyroscope; picture-in-picture; web-share\" referrerpolicy=\"strict-origin-when-cross-origin\" allowfullscreen><\/iframe><\/p>\n<h2>Prochaines \u00e9tapes et voyages<\/h2>\n<p>En parlant de projets, je suis ravi de confirmer que je serai \u00e0 Los Angeles pour quelques jours \u00e0 la mi-mars. Bien que mon emploi du temps soit charg\u00e9, je pr\u00e9vois de d\u00e9gager un peu de temps pour rencontrer certains d&rsquo;entre vous. C&rsquo;est toujours un plaisir de renouer avec des amis et des coll\u00e8gues que je n&rsquo;ai pas vus depuis un certain temps.<\/p>\n<p>Cette visite \u00e0 LA s&rsquo;accompagne de nombreuses attentes, notamment de d\u00e9couvrir de nouveaux restaurants et de renouer avec la sc\u00e8ne culinaire dynamique de la ville. Je suis impatient de partager ces exp\u00e9riences avec vous, que ce soit \u00e0 travers des photos sur mes r\u00e9seaux sociaux ou des articles d\u00e9taill\u00e9s. Si vous avez des recommandations sur des lieux \u00e0 visiter, n&rsquo;h\u00e9sitez pas \u00e0 me le faire savoir !<img decoding=\"async\" width=\"1024\" height=\"576\" src=\"https:\/\/voyage-aventure.com\/blog\/wp-content\/uploads\/2025\/02\/stability-un-vendredi-inspirant-decouvrez-mes-projets-et-mes-voyages-a-venir-1.png\" class=\"aligncenter\" alt=\"Illustration d\u00e9taill\u00e9e sur Un vendredi inspirant : d\u00e9couvrez mes projets et mes voyages \u00e0 venir\" title=\"Un vendredi inspirant : d\u00e9couvrez mes projets et mes voyages \u00e0 venir\" loading=\"lazy\" \/><\/p>\n<h2>\u00c9v\u00e9nements \u00e0 ne pas manquer<\/h2>\n<p>Je suis \u00e9galement ravi d&rsquo;annoncer un \u00e9v\u00e9nement sp\u00e9cial que j&rsquo;organise avec une amie, Alice Dubin. Nous tiendrons un webinaire sur Zoom le 27 f\u00e9vrier \u00e0 11h30 PT \/ 14h30 ET, centr\u00e9 sur les cadeaux pour la f\u00eate des m\u00e8res. Cet \u00e9v\u00e9nement, qui attire toujours beaucoup de participants, est r\u00e9serv\u00e9 aux abonn\u00e9s payants de nos newsletters, et nous r\u00e9pondrons \u00e0 toutes vos questions \u00e0 ce sujet.<\/p>\n<p>Pour vous inscrire, il suffit de remplir le formulaire \u00e0 la fin de cet article. J&rsquo;encourage tous ceux qui souhaitent en savoir plus \u00e0 participer, car cela pourrait \u00eatre une excellente occasion d&rsquo;\u00e9changer des id\u00e9es et des conseils sur le sujet. Je suis impatient de vous y voir et de partager nos exp\u00e9riences !<\/p>\n<blockquote><p>\n  \u00ab\u00a0La gastronomie est une mani\u00e8re de voyager sans quitter sa cuisine.\u00a0\u00bb\n<\/p><\/blockquote>\n<h2>\u00c0 la recherche de contributions<\/h2>\n<p>Je suis toujours \u00e0 l&rsquo;aff\u00fbt de nouvelles histoires et id\u00e9es, et j&rsquo;aimerais vous inviter \u00e0 partager votre expertise. Si vous \u00eates un chef ou un restaurateur, j&rsquo;aimerais conna\u00eetre vos plats ou cocktails sp\u00e9ciaux pour Mardi Gras. Que vous proposiez un plat traditionnel ou une cr\u00e9ation unique, chaque contribution est la bienvenue.<\/p>\n<p>De plus, je rassemblerai des id\u00e9es pour des en-cas et des boissons certifi\u00e9es casher pour Pessah. Si vous avez des suggestions, n&rsquo;h\u00e9sitez pas \u00e0 m&rsquo;envoyer un email avec les d\u00e9tails. Votre participation rendra ces articles encore plus riches et vari\u00e9s.<\/p>\n<ul>\n<li>Webinaire sur la f\u00eate des m\u00e8res &#8211; 27 f\u00e9vrier \u00e0 11h30 PT \/ 14h30 ET<\/li>\n<li>Recherche de plats pour Mardi Gras<\/li>\n<li>Appel \u00e0 contributions pour des en-cas pour Pessah<\/li>\n<\/ul>\n<p>Merci \u00e0 tous ceux qui participent et soutiennent mes projets. Votre engagement fait une r\u00e9elle diff\u00e9rence et enrichit ma d\u00e9marche cr\u00e9ative. Restez connect\u00e9s pour d\u00e9couvrir les prochaines histoires et \u00e9v\u00e9nements passionnants que je partagerai avec vous !<\/p>\n","protected":false},"excerpt":{"rendered":"","protected":false},"author":34,"featured_media":11634,"comment_status":"open","ping_status":"open","sticky":false,"template":"","format":"standard","meta":{"_acf_changed":false,"manual_indexmenow":false,"indexmenow_id_project":0,"footnotes":""},"categories":[1],"tags":[4538,4527,4655,4535,4625],"class_list":["post-11633","post","type-post","status-publish","format-standard","has-post-thumbnail","hentry","category-a-la-une","tag-activites-variees","tag-decouverte-culturelle","tag-evenements","tag-gastronomie-locale","tag-passion-du-voyage","generate-columns","tablet-grid-50","mobile-grid-100","grid-parent","grid-25"],"acf":[],"yoast_head":"<!-- This site is optimized with the Yoast SEO Premium plugin v21.3 (Yoast SEO v25.1) - https:\/\/yoast.com\/wordpress\/plugins\/seo\/ -->\n<title>Un vendredi inspirant : d\u00e9couvrez mes projets et mes<\/title>\n<meta name=\"description\" content=\"Cette semaine a \u00e9t\u00e9 particuli\u00e8rement longue, mais j&#039;ai re\u00e7u tant de messages chaleureux sur les r\u00e9seaux sociaux que cela m&#039;a vraiment motiv\u00e9 \u00e0 partager\" \/>\n<meta name=\"robots\" content=\"index, follow, max-snippet:-1, max-image-preview:large, max-video-preview:-1\" \/>\n<link rel=\"canonical\" href=\"https:\/\/voyage-aventure.com\/blog\/a-la-une\/un-vendredi-inspirant-decouvrez-mes-projets-et-mes-voyages-a-venir\/\" \/>\n<meta property=\"og:locale\" content=\"fr_FR\" \/>\n<meta property=\"og:type\" content=\"article\" \/>\n<meta property=\"og:title\" content=\"Un vendredi inspirant : d\u00e9couvrez mes projets et mes\" \/>\n<meta property=\"og:description\" content=\"Cette semaine a \u00e9t\u00e9 particuli\u00e8rement longue, mais j&#039;ai re\u00e7u tant de messages chaleureux sur les r\u00e9seaux sociaux que cela m&#039;a vraiment motiv\u00e9 \u00e0 partager\" \/>\n<meta property=\"og:url\" content=\"https:\/\/voyage-aventure.com\/blog\/a-la-une\/un-vendredi-inspirant-decouvrez-mes-projets-et-mes-voyages-a-venir\/\" \/>\n<meta property=\"og:site_name\" content=\"voyage-aventure\" \/>\n<meta property=\"og:image\" content=\"https:\/\/voyage-aventure.com\/blog\/wp-content\/uploads\/2025\/02\/stability-un-vendredi-inspirant-decouvrez-mes-projets-et-mes-voyages-a-venir.png\" \/>\n\t<meta property=\"og:image:width\" content=\"1024\" \/>\n\t<meta property=\"og:image:height\" content=\"576\" \/>\n\t<meta property=\"og:image:type\" content=\"image\/png\" \/>\n<meta name=\"author\" content=\"Camille Rouvray\" \/>\n<meta name=\"twitter:card\" content=\"summary_large_image\" \/>\n<script type=\"application\/ld+json\" class=\"yoast-schema-graph\">{\"@context\":\"https:\/\/schema.org\",\"@graph\":[{\"@type\":\"NewsArticle\",\"@id\":\"https:\/\/voyage-aventure.com\/blog\/a-la-une\/un-vendredi-inspirant-decouvrez-mes-projets-et-mes-voyages-a-venir\/#article\",\"isPartOf\":{\"@id\":\"https:\/\/voyage-aventure.com\/blog\/a-la-une\/un-vendredi-inspirant-decouvrez-mes-projets-et-mes-voyages-a-venir\/\"},\"author\":{\"name\":\"Camille Rouvray\",\"@id\":\"https:\/\/voyage-aventure.com\/blog\/#\/schema\/person\/3c864cdc320801e3db34b663e7e3f816\"},\"headline\":\"Un vendredi inspirant : d\u00e9couvrez mes projets et mes voyages \u00e0 venir\",\"datePublished\":\"2025-02-21T23:28:58+00:00\",\"mainEntityOfPage\":{\"@id\":\"https:\/\/voyage-aventure.com\/blog\/a-la-une\/un-vendredi-inspirant-decouvrez-mes-projets-et-mes-voyages-a-venir\/\"},\"wordCount\":598,\"commentCount\":20,\"publisher\":{\"@id\":\"https:\/\/voyage-aventure.com\/blog\/#organization\"},\"image\":{\"@id\":\"https:\/\/voyage-aventure.com\/blog\/a-la-une\/un-vendredi-inspirant-decouvrez-mes-projets-et-mes-voyages-a-venir\/#primaryimage\"},\"thumbnailUrl\":\"https:\/\/voyage-aventure.com\/blog\/wp-content\/uploads\/2025\/02\/stability-un-vendredi-inspirant-decouvrez-mes-projets-et-mes-voyages-a-venir.png\",\"keywords\":[\"Activit\u00e9s Vari\u00e9es\",\"D\u00e9couverte Culturelle\",\"\u00c9v\u00e9nements\",\"Gastronomie Locale\",\"Passion Du Voyage\"],\"articleSection\":[\"\u00c0 la une\"],\"inLanguage\":\"fr-FR\",\"potentialAction\":[{\"@type\":\"CommentAction\",\"name\":\"Comment\",\"target\":[\"https:\/\/voyage-aventure.com\/blog\/a-la-une\/un-vendredi-inspirant-decouvrez-mes-projets-et-mes-voyages-a-venir\/#respond\"]}]},{\"@type\":\"WebPage\",\"@id\":\"https:\/\/voyage-aventure.com\/blog\/a-la-une\/un-vendredi-inspirant-decouvrez-mes-projets-et-mes-voyages-a-venir\/\",\"url\":\"https:\/\/voyage-aventure.com\/blog\/a-la-une\/un-vendredi-inspirant-decouvrez-mes-projets-et-mes-voyages-a-venir\/\",\"name\":\"Un vendredi inspirant : d\u00e9couvrez mes projets et mes\",\"isPartOf\":{\"@id\":\"https:\/\/voyage-aventure.com\/blog\/#website\"},\"primaryImageOfPage\":{\"@id\":\"https:\/\/voyage-aventure.com\/blog\/a-la-une\/un-vendredi-inspirant-decouvrez-mes-projets-et-mes-voyages-a-venir\/#primaryimage\"},\"image\":{\"@id\":\"https:\/\/voyage-aventure.com\/blog\/a-la-une\/un-vendredi-inspirant-decouvrez-mes-projets-et-mes-voyages-a-venir\/#primaryimage\"},\"thumbnailUrl\":\"https:\/\/voyage-aventure.com\/blog\/wp-content\/uploads\/2025\/02\/stability-un-vendredi-inspirant-decouvrez-mes-projets-et-mes-voyages-a-venir.png\",\"datePublished\":\"2025-02-21T23:28:58+00:00\",\"description\":\"Cette semaine a \u00e9t\u00e9 particuli\u00e8rement longue, mais j'ai re\u00e7u tant de messages chaleureux sur les r\u00e9seaux sociaux que cela m'a vraiment motiv\u00e9 \u00e0 partager\",\"inLanguage\":\"fr-FR\",\"potentialAction\":[{\"@type\":\"ReadAction\",\"target\":[\"https:\/\/voyage-aventure.com\/blog\/a-la-une\/un-vendredi-inspirant-decouvrez-mes-projets-et-mes-voyages-a-venir\/\"]}]},{\"@type\":\"ImageObject\",\"inLanguage\":\"fr-FR\",\"@id\":\"https:\/\/voyage-aventure.com\/blog\/a-la-une\/un-vendredi-inspirant-decouvrez-mes-projets-et-mes-voyages-a-venir\/#primaryimage\",\"url\":\"https:\/\/voyage-aventure.com\/blog\/wp-content\/uploads\/2025\/02\/stability-un-vendredi-inspirant-decouvrez-mes-projets-et-mes-voyages-a-venir.png\",\"contentUrl\":\"https:\/\/voyage-aventure.com\/blog\/wp-content\/uploads\/2025\/02\/stability-un-vendredi-inspirant-decouvrez-mes-projets-et-mes-voyages-a-venir.png\",\"width\":1024,\"height\":576},{\"@type\":\"WebSite\",\"@id\":\"https:\/\/voyage-aventure.com\/blog\/#website\",\"url\":\"https:\/\/voyage-aventure.com\/blog\/\",\"name\":\"voyage-aventure.com\",\"description\":\"Votre passeport pour l\u2019inattendu.\",\"publisher\":{\"@id\":\"https:\/\/voyage-aventure.com\/blog\/#organization\"},\"alternateName\":\"Votre passeport pour l\u2019inattendu.\",\"potentialAction\":[{\"@type\":\"SearchAction\",\"target\":{\"@type\":\"EntryPoint\",\"urlTemplate\":\"https:\/\/voyage-aventure.com\/blog\/?s={search_term_string}\"},\"query-input\":{\"@type\":\"PropertyValueSpecification\",\"valueRequired\":true,\"valueName\":\"search_term_string\"}}],\"inLanguage\":\"fr-FR\"},{\"@type\":\"Organization\",\"@id\":\"https:\/\/voyage-aventure.com\/blog\/#organization\",\"name\":\"Foretsensations.fr\",\"url\":\"https:\/\/voyage-aventure.com\/blog\/\",\"logo\":{\"@type\":\"ImageObject\",\"inLanguage\":\"fr-FR\",\"@id\":\"https:\/\/voyage-aventure.com\/blog\/#\/schema\/logo\/image\/\",\"url\":\"https:\/\/voyage-aventure.com\/blog\/wp-content\/uploads\/2024\/12\/19.png\",\"contentUrl\":\"https:\/\/voyage-aventure.com\/blog\/wp-content\/uploads\/2024\/12\/19.png\",\"width\":512,\"height\":512,\"caption\":\"Foretsensations.fr\"},\"image\":{\"@id\":\"https:\/\/voyage-aventure.com\/blog\/#\/schema\/logo\/image\/\"}},{\"@type\":\"Person\",\"@id\":\"https:\/\/voyage-aventure.com\/blog\/#\/schema\/person\/3c864cdc320801e3db34b663e7e3f816\",\"name\":\"Camille Rouvray\",\"image\":{\"@type\":\"ImageObject\",\"inLanguage\":\"fr-FR\",\"@id\":\"https:\/\/voyage-aventure.com\/blog\/#\/schema\/person\/image\/\",\"url\":\"https:\/\/voyage-aventure.com\/blog\/wp-content\/uploads\/2026\/06\/persona_camille-r-96x96.jpg\",\"contentUrl\":\"https:\/\/voyage-aventure.com\/blog\/wp-content\/uploads\/2026\/06\/persona_camille-r-96x96.jpg\",\"caption\":\"Camille Rouvray\"},\"description\":\"Je voyage et j'\u00e9cris sur le voyage depuis une douzaine d'ann\u00e9es, d'abord en tant que routarde au long cours, puis comme r\u00e9dactrice sp\u00e9cialis\u00e9e. Mon terrain de pr\u00e9dilection, ce sont les circuits organis\u00e9s et l'art de bien pr\u00e9parer un itin\u00e9raire : choix de la saison, dur\u00e9e r\u00e9aliste des \u00e9tapes, budget jour par jour, logement et transport sur place. J'aime aussi raconter les p\u00e9pites urbaines, ces adresses qu'on ne trouve pas dans les guides classiques. Avant de publier un dossier destination, je croise toujours plusieurs sources, je v\u00e9rifie les tarifs et les formalit\u00e9s d'entr\u00e9e \u00e0 jour, et je teste moi-m\u00eame quand je le peux. Mon angle reste pratique avant tout : aider le lecteur \u00e0 partir l'esprit tranquille, sans mauvaise surprise une fois sur place. Je m'attache \u00e0 distinguer le coup de c\u0153ur sinc\u00e8re du simple argument marketing.\",\"sameAs\":[\"https:\/\/camillerouvray.fr\/\"],\"url\":\"https:\/\/voyage-aventure.com\/blog\/auteur\/noname\/\"}]}<\/script>\n<!-- \/ Yoast SEO Premium plugin. -->","yoast_head_json":{"title":"Un vendredi inspirant : d\u00e9couvrez mes projets et mes","description":"Cette semaine a \u00e9t\u00e9 particuli\u00e8rement longue, mais j'ai re\u00e7u tant de messages chaleureux sur les r\u00e9seaux sociaux que cela m'a vraiment motiv\u00e9 \u00e0 partager","robots":{"index":"index","follow":"follow","max-snippet":"max-snippet:-1","max-image-preview":"max-image-preview:large","max-video-preview":"max-video-preview:-1"},"canonical":"https:\/\/voyage-aventure.com\/blog\/a-la-une\/un-vendredi-inspirant-decouvrez-mes-projets-et-mes-voyages-a-venir\/","og_locale":"fr_FR","og_type":"article","og_title":"Un vendredi inspirant : d\u00e9couvrez mes projets et mes","og_description":"Cette semaine a \u00e9t\u00e9 particuli\u00e8rement longue, mais j'ai re\u00e7u tant de messages chaleureux sur les r\u00e9seaux sociaux que cela m'a vraiment motiv\u00e9 \u00e0 partager","og_url":"https:\/\/voyage-aventure.com\/blog\/a-la-une\/un-vendredi-inspirant-decouvrez-mes-projets-et-mes-voyages-a-venir\/","og_site_name":"voyage-aventure","og_image":[{"width":1024,"height":576,"url":"https:\/\/voyage-aventure.com\/blog\/wp-content\/uploads\/2025\/02\/stability-un-vendredi-inspirant-decouvrez-mes-projets-et-mes-voyages-a-venir.png","type":"image\/png"}],"author":"Camille Rouvray","twitter_card":"summary_large_image","schema":{"@context":"https:\/\/schema.org","@graph":[{"@type":"NewsArticle","@id":"https:\/\/voyage-aventure.com\/blog\/a-la-une\/un-vendredi-inspirant-decouvrez-mes-projets-et-mes-voyages-a-venir\/#article","isPartOf":{"@id":"https:\/\/voyage-aventure.com\/blog\/a-la-une\/un-vendredi-inspirant-decouvrez-mes-projets-et-mes-voyages-a-venir\/"},"author":{"name":"Camille Rouvray","@id":"https:\/\/voyage-aventure.com\/blog\/#\/schema\/person\/3c864cdc320801e3db34b663e7e3f816"},"headline":"Un vendredi inspirant : d\u00e9couvrez mes projets et mes voyages \u00e0 venir","datePublished":"2025-02-21T23:28:58+00:00","mainEntityOfPage":{"@id":"https:\/\/voyage-aventure.com\/blog\/a-la-une\/un-vendredi-inspirant-decouvrez-mes-projets-et-mes-voyages-a-venir\/"},"wordCount":598,"commentCount":20,"publisher":{"@id":"https:\/\/voyage-aventure.com\/blog\/#organization"},"image":{"@id":"https:\/\/voyage-aventure.com\/blog\/a-la-une\/un-vendredi-inspirant-decouvrez-mes-projets-et-mes-voyages-a-venir\/#primaryimage"},"thumbnailUrl":"https:\/\/voyage-aventure.com\/blog\/wp-content\/uploads\/2025\/02\/stability-un-vendredi-inspirant-decouvrez-mes-projets-et-mes-voyages-a-venir.png","keywords":["Activit\u00e9s Vari\u00e9es","D\u00e9couverte Culturelle","\u00c9v\u00e9nements","Gastronomie Locale","Passion Du Voyage"],"articleSection":["\u00c0 la une"],"inLanguage":"fr-FR","potentialAction":[{"@type":"CommentAction","name":"Comment","target":["https:\/\/voyage-aventure.com\/blog\/a-la-une\/un-vendredi-inspirant-decouvrez-mes-projets-et-mes-voyages-a-venir\/#respond"]}]},{"@type":"WebPage","@id":"https:\/\/voyage-aventure.com\/blog\/a-la-une\/un-vendredi-inspirant-decouvrez-mes-projets-et-mes-voyages-a-venir\/","url":"https:\/\/voyage-aventure.com\/blog\/a-la-une\/un-vendredi-inspirant-decouvrez-mes-projets-et-mes-voyages-a-venir\/","name":"Un vendredi inspirant : d\u00e9couvrez mes projets et mes","isPartOf":{"@id":"https:\/\/voyage-aventure.com\/blog\/#website"},"primaryImageOfPage":{"@id":"https:\/\/voyage-aventure.com\/blog\/a-la-une\/un-vendredi-inspirant-decouvrez-mes-projets-et-mes-voyages-a-venir\/#primaryimage"},"image":{"@id":"https:\/\/voyage-aventure.com\/blog\/a-la-une\/un-vendredi-inspirant-decouvrez-mes-projets-et-mes-voyages-a-venir\/#primaryimage"},"thumbnailUrl":"https:\/\/voyage-aventure.com\/blog\/wp-content\/uploads\/2025\/02\/stability-un-vendredi-inspirant-decouvrez-mes-projets-et-mes-voyages-a-venir.png","datePublished":"2025-02-21T23:28:58+00:00","description":"Cette semaine a \u00e9t\u00e9 particuli\u00e8rement longue, mais j'ai re\u00e7u tant de messages chaleureux sur les r\u00e9seaux sociaux que cela m'a vraiment motiv\u00e9 \u00e0 partager","inLanguage":"fr-FR","potentialAction":[{"@type":"ReadAction","target":["https:\/\/voyage-aventure.com\/blog\/a-la-une\/un-vendredi-inspirant-decouvrez-mes-projets-et-mes-voyages-a-venir\/"]}]},{"@type":"ImageObject","inLanguage":"fr-FR","@id":"https:\/\/voyage-aventure.com\/blog\/a-la-une\/un-vendredi-inspirant-decouvrez-mes-projets-et-mes-voyages-a-venir\/#primaryimage","url":"https:\/\/voyage-aventure.com\/blog\/wp-content\/uploads\/2025\/02\/stability-un-vendredi-inspirant-decouvrez-mes-projets-et-mes-voyages-a-venir.png","contentUrl":"https:\/\/voyage-aventure.com\/blog\/wp-content\/uploads\/2025\/02\/stability-un-vendredi-inspirant-decouvrez-mes-projets-et-mes-voyages-a-venir.png","width":1024,"height":576},{"@type":"WebSite","@id":"https:\/\/voyage-aventure.com\/blog\/#website","url":"https:\/\/voyage-aventure.com\/blog\/","name":"voyage-aventure.com","description":"Votre passeport pour l\u2019inattendu.","publisher":{"@id":"https:\/\/voyage-aventure.com\/blog\/#organization"},"alternateName":"Votre passeport pour l\u2019inattendu.","potentialAction":[{"@type":"SearchAction","target":{"@type":"EntryPoint","urlTemplate":"https:\/\/voyage-aventure.com\/blog\/?s={search_term_string}"},"query-input":{"@type":"PropertyValueSpecification","valueRequired":true,"valueName":"search_term_string"}}],"inLanguage":"fr-FR"},{"@type":"Organization","@id":"https:\/\/voyage-aventure.com\/blog\/#organization","name":"Foretsensations.fr","url":"https:\/\/voyage-aventure.com\/blog\/","logo":{"@type":"ImageObject","inLanguage":"fr-FR","@id":"https:\/\/voyage-aventure.com\/blog\/#\/schema\/logo\/image\/","url":"https:\/\/voyage-aventure.com\/blog\/wp-content\/uploads\/2024\/12\/19.png","contentUrl":"https:\/\/voyage-aventure.com\/blog\/wp-content\/uploads\/2024\/12\/19.png","width":512,"height":512,"caption":"Foretsensations.fr"},"image":{"@id":"https:\/\/voyage-aventure.com\/blog\/#\/schema\/logo\/image\/"}},{"@type":"Person","@id":"https:\/\/voyage-aventure.com\/blog\/#\/schema\/person\/3c864cdc320801e3db34b663e7e3f816","name":"Camille Rouvray","image":{"@type":"ImageObject","inLanguage":"fr-FR","@id":"https:\/\/voyage-aventure.com\/blog\/#\/schema\/person\/image\/","url":"https:\/\/voyage-aventure.com\/blog\/wp-content\/uploads\/2026\/06\/persona_camille-r-96x96.jpg","contentUrl":"https:\/\/voyage-aventure.com\/blog\/wp-content\/uploads\/2026\/06\/persona_camille-r-96x96.jpg","caption":"Camille Rouvray"},"description":"Je voyage et j'\u00e9cris sur le voyage depuis une douzaine d'ann\u00e9es, d'abord en tant que routarde au long cours, puis comme r\u00e9dactrice sp\u00e9cialis\u00e9e. Mon terrain de pr\u00e9dilection, ce sont les circuits organis\u00e9s et l'art de bien pr\u00e9parer un itin\u00e9raire : choix de la saison, dur\u00e9e r\u00e9aliste des \u00e9tapes, budget jour par jour, logement et transport sur place. J'aime aussi raconter les p\u00e9pites urbaines, ces adresses qu'on ne trouve pas dans les guides classiques. Avant de publier un dossier destination, je croise toujours plusieurs sources, je v\u00e9rifie les tarifs et les formalit\u00e9s d'entr\u00e9e \u00e0 jour, et je teste moi-m\u00eame quand je le peux. Mon angle reste pratique avant tout : aider le lecteur \u00e0 partir l'esprit tranquille, sans mauvaise surprise une fois sur place. Je m'attache \u00e0 distinguer le coup de c\u0153ur sinc\u00e8re du simple argument marketing.","sameAs":["https:\/\/camillerouvray.fr\/"],"url":"https:\/\/voyage-aventure.com\/blog\/auteur\/noname\/"}]}},"_links":{"self":[{"href":"https:\/\/voyage-aventure.com\/blog\/wp-json\/wp\/v2\/posts\/11633","targetHints":{"allow":["GET"]}}],"collection":[{"href":"https:\/\/voyage-aventure.com\/blog\/wp-json\/wp\/v2\/posts"}],"about":[{"href":"https:\/\/voyage-aventure.com\/blog\/wp-json\/wp\/v2\/types\/post"}],"author":[{"embeddable":true,"href":"https:\/\/voyage-aventure.com\/blog\/wp-json\/wp\/v2\/users\/34"}],"replies":[{"embeddable":true,"href":"https:\/\/voyage-aventure.com\/blog\/wp-json\/wp\/v2\/comments?post=11633"}],"version-history":[{"count":2,"href":"https:\/\/voyage-aventure.com\/blog\/wp-json\/wp\/v2\/posts\/11633\/revisions"}],"predecessor-version":[{"id":11703,"href":"https:\/\/voyage-aventure.com\/blog\/wp-json\/wp\/v2\/posts\/11633\/revisions\/11703"}],"wp:featuredmedia":[{"embeddable":true,"href":"https:\/\/voyage-aventure.com\/blog\/wp-json\/wp\/v2\/media\/11634"}],"wp:attachment":[{"href":"https:\/\/voyage-aventure.com\/blog\/wp-json\/wp\/v2\/media?parent=11633"}],"wp:term":[{"taxonomy":"category","embeddable":true,"href":"https:\/\/voyage-aventure.com\/blog\/wp-json\/wp\/v2\/categories?post=11633"},{"taxonomy":"post_tag","embeddable":true,"href":"https:\/\/voyage-aventure.com\/blog\/wp-json\/wp\/v2\/tags?post=11633"}],"curies":[{"name":"wp","href":"https:\/\/api.w.org\/{rel}","templated":true}]}}